{"id":3642,"date":"2016-05-09T16:17:07","date_gmt":"2016-05-09T15:17:07","guid":{"rendered":"https:\/\/www.buhl.de\/finanzblick\/?p=3642"},"modified":"2016-05-09T16:17:07","modified_gmt":"2016-05-09T15:17:07","slug":"aktuell-ist-kein-zugriff-auf-volksbanken-des-gad-rechenzentrum-moeglich","status":"publish","type":"post","link":"https:\/\/www.buhl.de\/finanzblick\/aktuell-ist-kein-zugriff-auf-volksbanken-des-gad-rechenzentrum-moeglich\/","title":{"rendered":"Aktuell ist kein Zugriff auf Volksbanken des GAD Rechenzentrum m\u00f6glich"},"content":{"rendered":"<p>Aktuell sind Zugriffe auf Volksbanken des GAD Rechenzentrum stark eingeschr\u00e4nkt, beziehungsweise nicht m\u00f6glich. Das Rechenzentrum arbeitet mit Hochdruck an einer L\u00f6sung. Bitte f\u00fchrt eure\u00a0Transaktionen zu einem sp\u00e4teren Zeitpunkt durch oder \u00fcber die Webseite der Bank.<\/p>\n","protected":false},"excerpt":{"rendered":"<p>Aktuell sind Zugriffe auf Volksbanken des GAD Rechenzentrum stark eingeschr\u00e4nkt, beziehungsweise nicht m\u00f6glich. Das Rechenzentrum arbeitet mit Hochdruck an einer L\u00f6sung. Bitte f\u00fchrt eure\u00a0Transaktionen zu einem sp\u00e4teren Zeitpunkt durch oder \u00fcber die Webseite der Bank.<\/p>\n","protected":false},"author":27,"featured_media":7340,"comment_status":"closed","ping_status":"open","sticky":false,"template":"","format":"standard","meta":{"_acf_changed":false,"inline_featured_image":false,"footnotes":""},"categories":[2],"tags":[],"class_list":["post-3642","post","type-post","status-publish","format-standard","has-post-thumbnail","hentry","category-blog"],"yoast_head":"<!-- This site is optimized with the Yoast SEO Premium plugin v27.4 (Yoast SEO v27.5) - https:\/\/yoast.com\/product\/yoast-seo-premium-wordpress\/ -->\n<title>Aktuell ist kein Zugriff auf Volksbanken des GAD Rechenzentrum m\u00f6glich<\/title>\n<meta name=\"description\" content=\"Aktuell sind Zugriffe auf Volksbanken des GAD Rechenzentrum stark eingeschr\u00e4nkt, beziehungsweise nicht m\u00f6glich.\" \/>\n<meta name=\"robots\" content=\"noindex, nofollow\" \/>\n<meta property=\"og:locale\" content=\"de_DE\" \/>\n<meta property=\"og:type\" content=\"article\" \/>\n<meta property=\"og:title\" content=\"Aktuell ist kein Zugriff auf Volksbanken des GAD Rechenzentrum m\u00f6glich\" \/>\n<meta property=\"og:description\" content=\"Aktuell sind Zugriffe auf Volksbanken des GAD Rechenzentrum stark eingeschr\u00e4nkt, beziehungsweise nicht m\u00f6glich.\" \/>\n<meta property=\"og:url\" content=\"https:\/\/www.buhl.de\/finanzblick\/aktuell-ist-kein-zugriff-auf-volksbanken-des-gad-rechenzentrum-moeglich\/\" \/>\n<meta property=\"og:site_name\" content=\"Finanzblick\" \/>\n<meta property=\"article:published_time\" content=\"2016-05-09T15:17:07+00:00\" \/>\n<meta name=\"author\" content=\"Administrator\" \/>\n<meta name=\"twitter:card\" content=\"summary_large_image\" \/>\n<meta name=\"twitter:label1\" content=\"Verfasst von\" \/>\n\t<meta name=\"twitter:data1\" content=\"Administrator\" \/>\n\t<meta name=\"twitter:label2\" content=\"Gesch\u00e4tzte Lesezeit\" \/>\n\t<meta name=\"twitter:data2\" content=\"1\u00a0Minute\" \/>\n<script type=\"application\/ld+json\" class=\"yoast-schema-graph\">{\"@context\":\"https:\\\/\\\/schema.org\",\"@graph\":[{\"@type\":\"Article\",\"@id\":\"https:\\\/\\\/www.buhl.de\\\/finanzblick\\\/aktuell-ist-kein-zugriff-auf-volksbanken-des-gad-rechenzentrum-moeglich\\\/#article\",\"isPartOf\":{\"@id\":\"https:\\\/\\\/www.buhl.de\\\/finanzblick\\\/aktuell-ist-kein-zugriff-auf-volksbanken-des-gad-rechenzentrum-moeglich\\\/\"},\"author\":{\"name\":\"Administrator\",\"@id\":\"https:\\\/\\\/www.buhl.de\\\/finanzblick\\\/#\\\/schema\\\/person\\\/deebd79a7012357e72fd58c674f8f40f\"},\"headline\":\"Aktuell ist kein Zugriff auf Volksbanken des GAD Rechenzentrum m\u00f6glich\",\"datePublished\":\"2016-05-09T15:17:07+00:00\",\"mainEntityOfPage\":{\"@id\":\"https:\\\/\\\/www.buhl.de\\\/finanzblick\\\/aktuell-ist-kein-zugriff-auf-volksbanken-des-gad-rechenzentrum-moeglich\\\/\"},\"wordCount\":52,\"image\":{\"@id\":\"https:\\\/\\\/www.buhl.de\\\/finanzblick\\\/aktuell-ist-kein-zugriff-auf-volksbanken-des-gad-rechenzentrum-moeglich\\\/#primaryimage\"},\"thumbnailUrl\":\"\",\"articleSection\":[\"Blog\"],\"inLanguage\":\"de\"},{\"@type\":\"WebPage\",\"@id\":\"https:\\\/\\\/www.buhl.de\\\/finanzblick\\\/aktuell-ist-kein-zugriff-auf-volksbanken-des-gad-rechenzentrum-moeglich\\\/\",\"url\":\"https:\\\/\\\/www.buhl.de\\\/finanzblick\\\/aktuell-ist-kein-zugriff-auf-volksbanken-des-gad-rechenzentrum-moeglich\\\/\",\"name\":\"Aktuell ist kein Zugriff auf Volksbanken des GAD Rechenzentrum m\u00f6glich\",\"isPartOf\":{\"@id\":\"https:\\\/\\\/www.buhl.de\\\/finanzblick\\\/#website\"},\"primaryImageOfPage\":{\"@id\":\"https:\\\/\\\/www.buhl.de\\\/finanzblick\\\/aktuell-ist-kein-zugriff-auf-volksbanken-des-gad-rechenzentrum-moeglich\\\/#primaryimage\"},\"image\":{\"@id\":\"https:\\\/\\\/www.buhl.de\\\/finanzblick\\\/aktuell-ist-kein-zugriff-auf-volksbanken-des-gad-rechenzentrum-moeglich\\\/#primaryimage\"},\"thumbnailUrl\":\"\",\"datePublished\":\"2016-05-09T15:17:07+00:00\",\"author\":{\"@id\":\"https:\\\/\\\/www.buhl.de\\\/finanzblick\\\/#\\\/schema\\\/person\\\/deebd79a7012357e72fd58c674f8f40f\"},\"description\":\"Aktuell sind Zugriffe auf Volksbanken des GAD Rechenzentrum stark eingeschr\u00e4nkt, beziehungsweise nicht m\u00f6glich.\",\"breadcrumb\":{\"@id\":\"https:\\\/\\\/www.buhl.de\\\/finanzblick\\\/aktuell-ist-kein-zugriff-auf-volksbanken-des-gad-rechenzentrum-moeglich\\\/#breadcrumb\"},\"inLanguage\":\"de\",\"potentialAction\":[{\"@type\":\"ReadAction\",\"target\":[\"https:\\\/\\\/www.buhl.de\\\/finanzblick\\\/aktuell-ist-kein-zugriff-auf-volksbanken-des-gad-rechenzentrum-moeglich\\\/\"]}]},{\"@type\":\"ImageObject\",\"inLanguage\":\"de\",\"@id\":\"https:\\\/\\\/www.buhl.de\\\/finanzblick\\\/aktuell-ist-kein-zugriff-auf-volksbanken-des-gad-rechenzentrum-moeglich\\\/#primaryimage\",\"url\":\"\",\"contentUrl\":\"\"},{\"@type\":\"BreadcrumbList\",\"@id\":\"https:\\\/\\\/www.buhl.de\\\/finanzblick\\\/aktuell-ist-kein-zugriff-auf-volksbanken-des-gad-rechenzentrum-moeglich\\\/#breadcrumb\",\"itemListElement\":[{\"@type\":\"ListItem\",\"position\":1,\"name\":\"Startseite\",\"item\":\"https:\\\/\\\/www.buhl.de\\\/finanzblick\\\/\"},{\"@type\":\"ListItem\",\"position\":2,\"name\":\"Aktuell ist kein Zugriff auf Volksbanken des GAD Rechenzentrum m\u00f6glich\"}]},{\"@type\":\"WebSite\",\"@id\":\"https:\\\/\\\/www.buhl.de\\\/finanzblick\\\/#website\",\"url\":\"https:\\\/\\\/www.buhl.de\\\/finanzblick\\\/\",\"name\":\"Finanzblick\",\"description\":\"\",\"potentialAction\":[{\"@type\":\"SearchAction\",\"target\":{\"@type\":\"EntryPoint\",\"urlTemplate\":\"https:\\\/\\\/www.buhl.de\\\/finanzblick\\\/?s={search_term_string}\"},\"query-input\":{\"@type\":\"PropertyValueSpecification\",\"valueRequired\":true,\"valueName\":\"search_term_string\"}}],\"inLanguage\":\"de\"},{\"@type\":\"Person\",\"@id\":\"https:\\\/\\\/www.buhl.de\\\/finanzblick\\\/#\\\/schema\\\/person\\\/deebd79a7012357e72fd58c674f8f40f\",\"name\":\"Administrator\",\"image\":{\"@type\":\"ImageObject\",\"inLanguage\":\"de\",\"@id\":\"https:\\\/\\\/secure.gravatar.com\\\/avatar\\\/f5b194f3cbb98f416ca451c47c032e9a2dd4cfae3832a299c8b7848dd0115837?s=96&d=mm&r=g\",\"url\":\"https:\\\/\\\/secure.gravatar.com\\\/avatar\\\/f5b194f3cbb98f416ca451c47c032e9a2dd4cfae3832a299c8b7848dd0115837?s=96&d=mm&r=g\",\"contentUrl\":\"https:\\\/\\\/secure.gravatar.com\\\/avatar\\\/f5b194f3cbb98f416ca451c47c032e9a2dd4cfae3832a299c8b7848dd0115837?s=96&d=mm&r=g\",\"caption\":\"Administrator\"},\"url\":\"https:\\\/\\\/www.buhl.de\\\/finanzblick\\\/author\\\/administrator\\\/\"}]}<\/script>\n<!-- \/ Yoast SEO Premium plugin. -->","yoast_head_json":{"title":"Aktuell ist kein Zugriff auf Volksbanken des GAD Rechenzentrum m\u00f6glich","description":"Aktuell sind Zugriffe auf Volksbanken des GAD Rechenzentrum stark eingeschr\u00e4nkt, beziehungsweise nicht m\u00f6glich.","robots":{"index":"noindex","follow":"nofollow"},"og_locale":"de_DE","og_type":"article","og_title":"Aktuell ist kein Zugriff auf Volksbanken des GAD Rechenzentrum m\u00f6glich","og_description":"Aktuell sind Zugriffe auf Volksbanken des GAD Rechenzentrum stark eingeschr\u00e4nkt, beziehungsweise nicht m\u00f6glich.","og_url":"https:\/\/www.buhl.de\/finanzblick\/aktuell-ist-kein-zugriff-auf-volksbanken-des-gad-rechenzentrum-moeglich\/","og_site_name":"Finanzblick","article_published_time":"2016-05-09T15:17:07+00:00","author":"Administrator","twitter_card":"summary_large_image","twitter_misc":{"Verfasst von":"Administrator","Gesch\u00e4tzte Lesezeit":"1\u00a0Minute"},"schema":{"@context":"https:\/\/schema.org","@graph":[{"@type":"Article","@id":"https:\/\/www.buhl.de\/finanzblick\/aktuell-ist-kein-zugriff-auf-volksbanken-des-gad-rechenzentrum-moeglich\/#article","isPartOf":{"@id":"https:\/\/www.buhl.de\/finanzblick\/aktuell-ist-kein-zugriff-auf-volksbanken-des-gad-rechenzentrum-moeglich\/"},"author":{"name":"Administrator","@id":"https:\/\/www.buhl.de\/finanzblick\/#\/schema\/person\/deebd79a7012357e72fd58c674f8f40f"},"headline":"Aktuell ist kein Zugriff auf Volksbanken des GAD Rechenzentrum m\u00f6glich","datePublished":"2016-05-09T15:17:07+00:00","mainEntityOfPage":{"@id":"https:\/\/www.buhl.de\/finanzblick\/aktuell-ist-kein-zugriff-auf-volksbanken-des-gad-rechenzentrum-moeglich\/"},"wordCount":52,"image":{"@id":"https:\/\/www.buhl.de\/finanzblick\/aktuell-ist-kein-zugriff-auf-volksbanken-des-gad-rechenzentrum-moeglich\/#primaryimage"},"thumbnailUrl":"","articleSection":["Blog"],"inLanguage":"de"},{"@type":"WebPage","@id":"https:\/\/www.buhl.de\/finanzblick\/aktuell-ist-kein-zugriff-auf-volksbanken-des-gad-rechenzentrum-moeglich\/","url":"https:\/\/www.buhl.de\/finanzblick\/aktuell-ist-kein-zugriff-auf-volksbanken-des-gad-rechenzentrum-moeglich\/","name":"Aktuell ist kein Zugriff auf Volksbanken des GAD Rechenzentrum m\u00f6glich","isPartOf":{"@id":"https:\/\/www.buhl.de\/finanzblick\/#website"},"primaryImageOfPage":{"@id":"https:\/\/www.buhl.de\/finanzblick\/aktuell-ist-kein-zugriff-auf-volksbanken-des-gad-rechenzentrum-moeglich\/#primaryimage"},"image":{"@id":"https:\/\/www.buhl.de\/finanzblick\/aktuell-ist-kein-zugriff-auf-volksbanken-des-gad-rechenzentrum-moeglich\/#primaryimage"},"thumbnailUrl":"","datePublished":"2016-05-09T15:17:07+00:00","author":{"@id":"https:\/\/www.buhl.de\/finanzblick\/#\/schema\/person\/deebd79a7012357e72fd58c674f8f40f"},"description":"Aktuell sind Zugriffe auf Volksbanken des GAD Rechenzentrum stark eingeschr\u00e4nkt, beziehungsweise nicht m\u00f6glich.","breadcrumb":{"@id":"https:\/\/www.buhl.de\/finanzblick\/aktuell-ist-kein-zugriff-auf-volksbanken-des-gad-rechenzentrum-moeglich\/#breadcrumb"},"inLanguage":"de","potentialAction":[{"@type":"ReadAction","target":["https:\/\/www.buhl.de\/finanzblick\/aktuell-ist-kein-zugriff-auf-volksbanken-des-gad-rechenzentrum-moeglich\/"]}]},{"@type":"ImageObject","inLanguage":"de","@id":"https:\/\/www.buhl.de\/finanzblick\/aktuell-ist-kein-zugriff-auf-volksbanken-des-gad-rechenzentrum-moeglich\/#primaryimage","url":"","contentUrl":""},{"@type":"BreadcrumbList","@id":"https:\/\/www.buhl.de\/finanzblick\/aktuell-ist-kein-zugriff-auf-volksbanken-des-gad-rechenzentrum-moeglich\/#breadcrumb","itemListElement":[{"@type":"ListItem","position":1,"name":"Startseite","item":"https:\/\/www.buhl.de\/finanzblick\/"},{"@type":"ListItem","position":2,"name":"Aktuell ist kein Zugriff auf Volksbanken des GAD Rechenzentrum m\u00f6glich"}]},{"@type":"WebSite","@id":"https:\/\/www.buhl.de\/finanzblick\/#website","url":"https:\/\/www.buhl.de\/finanzblick\/","name":"Finanzblick","description":"","potentialAction":[{"@type":"SearchAction","target":{"@type":"EntryPoint","urlTemplate":"https:\/\/www.buhl.de\/finanzblick\/?s={search_term_string}"},"query-input":{"@type":"PropertyValueSpecification","valueRequired":true,"valueName":"search_term_string"}}],"inLanguage":"de"},{"@type":"Person","@id":"https:\/\/www.buhl.de\/finanzblick\/#\/schema\/person\/deebd79a7012357e72fd58c674f8f40f","name":"Administrator","image":{"@type":"ImageObject","inLanguage":"de","@id":"https:\/\/secure.gravatar.com\/avatar\/f5b194f3cbb98f416ca451c47c032e9a2dd4cfae3832a299c8b7848dd0115837?s=96&d=mm&r=g","url":"https:\/\/secure.gravatar.com\/avatar\/f5b194f3cbb98f416ca451c47c032e9a2dd4cfae3832a299c8b7848dd0115837?s=96&d=mm&r=g","contentUrl":"https:\/\/secure.gravatar.com\/avatar\/f5b194f3cbb98f416ca451c47c032e9a2dd4cfae3832a299c8b7848dd0115837?s=96&d=mm&r=g","caption":"Administrator"},"url":"https:\/\/www.buhl.de\/finanzblick\/author\/administrator\/"}]}},"acf":[],"_links":{"self":[{"href":"https:\/\/www.buhl.de\/finanzblick\/wp-json\/wp\/v2\/posts\/3642","targetHints":{"allow":["GET"]}}],"collection":[{"href":"https:\/\/www.buhl.de\/finanzblick\/wp-json\/wp\/v2\/posts"}],"about":[{"href":"https:\/\/www.buhl.de\/finanzblick\/wp-json\/wp\/v2\/types\/post"}],"author":[{"embeddable":true,"href":"https:\/\/www.buhl.de\/finanzblick\/wp-json\/wp\/v2\/users\/27"}],"replies":[{"embeddable":true,"href":"https:\/\/www.buhl.de\/finanzblick\/wp-json\/wp\/v2\/comments?post=3642"}],"version-history":[{"count":0,"href":"https:\/\/www.buhl.de\/finanzblick\/wp-json\/wp\/v2\/posts\/3642\/revisions"}],"wp:featuredmedia":[{"embeddable":true,"href":"https:\/\/www.buhl.de\/finanzblick\/wp-json\/"}],"wp:attachment":[{"href":"https:\/\/www.buhl.de\/finanzblick\/wp-json\/wp\/v2\/media?parent=3642"}],"wp:term":[{"taxonomy":"category","embeddable":true,"href":"https:\/\/www.buhl.de\/finanzblick\/wp-json\/wp\/v2\/categories?post=3642"},{"taxonomy":"post_tag","embeddable":true,"href":"https:\/\/www.buhl.de\/finanzblick\/wp-json\/wp\/v2\/tags?post=3642"}],"curies":[{"name":"wp","href":"https:\/\/api.w.org\/{rel}","templated":true}]}}