{"id":58619,"date":"2024-03-21T09:57:02","date_gmt":"2024-03-21T09:57:02","guid":{"rendered":"https:\/\/www.buhl.de\/karriere\/ausbildung-fachinformatiker-anwendungsentwicklung-ausbildungsstart-2026-mw-in-neunkirchen"},"modified":"2026-04-27T20:20:02","modified_gmt":"2026-04-27T20:20:02","slug":"ausbildung-fachinformatiker-anwendungsentwicklung-mw-in-neunkirchen","status":"publish","type":"post","link":"https:\/\/www.buhl.de\/karriere\/ausbildung-fachinformatiker-anwendungsentwicklung-mw-in-neunkirchen\/","title":{"rendered":"Ausbildung Fachinformatiker Anwendungsentwicklung (Ausbildungsstart 2026) (m\/w)"},"content":{"rendered":"<header class=\"kr-header-stellen\" role=\"banner\" style=\"background-image: url(https:\/\/www.buhl.de\/karriere\/wp-content\/themes\/buhl2017-karriere\/img\/stellenanzeige.jpg); background-size: cover\">\n<div class=\"kr-header-thecontent-stellen\" style=\"padding-top: 125px;\">\n            <span class=\"font-bold position\"> DEINE NEUE<br \/>POSITION<\/span><\/p>\n<div class=\"jetzt-bewerben\" style=\"position: absolute;  bottom: 50px !important;\" >\n\t\t\t\t\t<a href=\"https:\/\/buhl-data-service-gmbh.jobs.personio.de\/job\/1474422#apply\" class=\"buhl-button weiterleitung\" id=\"Ausbildung Fachinformatiker Anwendungsentwicklung (m\/w)\" data-job-id=\"1474422\">Jetzt bewerben<\/a>\n\t\t\t\t<\/div>\n<\/p><\/div>\n<\/header>\n<div class=\"clear\"><\/div>\n<div id=\"heder-nav-extension\">\n<nav id=\"site-navigation-extension\" role=\"navigation\" aria-label=\"\">\n<ul id=\"menu-header-menu-extension\" class=\"menu\">\n<li id=\"menu-item-1638\" class=\"home-icon menu-item menu-item-type-custom menu-item-object-custom menu-item-1638\"><a href=\"https:\/\/www.buhl.de\/karriere\/offenestellen\/\">Home<\/a><\/li>\n<li id=\"menu-item-2060\" class=\"menu-item menu-item-type-post_type menu-item-object-page menu-item-2060\"><a href=\"https:\/\/www.buhl.de\/karriere\/mitarbeitervorteile\/\">Deine Vorteile<\/a><\/li>\n<li id=\"menu-item-2059\" class=\"menu-item menu-item-type-post_type menu-item-object-page menu-item-2059\"><a href=\"https:\/\/www.buhl.de\/karriere\/bewerbungsprozess\/\">Bewerbungsprozess<\/a><\/li>\n<\/ul>\n<\/nav><\/div>\n<div class=\"clear\"><\/div>\n<p><main role=\"main\" class=\"kr-open-position buhl_page_wrapper buhl-color\"><\/p>\n<div class=\"back-to-top\">Nach oben<\/div>\n<div class=\"weiterleitung-overlay\">\n<div class=\"weiterleitung-content\">\n<div class=\"weiterleitung-close\"><\/div>\n<p>Sehr geehrte\/r Bewerber\/in,<\/p>\n<p>der Schutz Ihrer Daten ist uns sehr wichtig. Mit der Software unseres Partnerunternehmens Personio wird dieser Schutz gew\u00e4hrleistet.<\/p>\n<p>                <a href=\"\" class=\"weiterleitung-button\" target=\"_blank\"><\/p>\n<div class=\"buhl-button bewerbung\">Zum Bewerbungsformular<\/div>\n<p>                <\/a><a href=\"https:\/\/buhl-data-service-gmbh.jobs.personio.de\/privacy-policy?language=de\" target=\"_blank\" class=\"weiterleitung-policy\">Zu den Personio-Datenschutzbestimmungen<\/a>\n            <\/div>\n<\/p><\/div>\n<div class=\"initiativ-bewerbung overlay\"><\/div>\n<div class=\"initiativ-bewerbung the-title\">\n\t\t\t<span class=\"initiativ-bewerbung title\">Initiativ-Bewerbung<\/span><\/p>\n<div class=\"initiativ-bewerbung icon\"><\/div>\n<\/p><\/div>\n<div class=\"initiativ-bewerbung content\">\n<div class=\"initiativ-bewerbung close\"><\/div>\n<h3>Initiativ-Bewerbung<\/h3>\n<p>Gerne k\u00f6nnen Sie sich auch initiativ bewerben.<br \/>Unter folgendem Link gelangen Sie zu unserem <br \/>\n       \t\t\t<a class=\"weiterleitung\" href=\"https:\/\/buhl-data-service-gmbh.jobs.personio.de\/job\/452711#apply\" id=\"initiativ-bewerbung\">Bewerbungsformular<\/a>\n    \t\t<\/p>\n<\/p><\/div>\n<h1 class=\"job-titel \">Ausbildung Fachinformatiker Anwendungsentwicklung (m\/w)<\/h1>\n<h2 style=\"margin-bottom: 50px;\"><\/h2>\n<div class=\"stellenbeschreibung\">\n<p><p class=\"stellenbeschreibung-unternehmen\">Buhl entwickelt und vermarktet innovative Apps und Services rund um die Themen Finanzen und B\u00fcro. \u00dcber eine Millionen private und gewerbliche Anwender nutzen unsere Software, um Geld zu sparen und effizienter zu arbeiten. An 13 Standorten arbeiten wir daran, unseren Kunden die besten L\u00f6sungen zu bieten.<\/p>\n<p>Ab sofort suchen wir dich am Standort Neunkirchen als:<\/p>\n<p><b><\/p>\n<p class=\"stellenbeschreibung-name\">Ausbildung Fachinformatiker Anwendungsentwicklung (m\/w)<\/p>\n<p><\/b><\/p>\n<p class=\"spacer\">&nbsp;<\/p>\n<\/p>\n<div class=\"stellenbeschreibung-box\">\n<div class=\"stellenbeschreibung-aufgaben\">\n<p class=\"stellenbeschreibung-header\"><span style=\"font-size: 15px;\"><strong>SO SIEHT DEIN AUFGABENBEREICH AUS:<\/strong><\/span><\/p>\n<ul>\n<li>Du unterst\u00fctzt uns bei der Programmierung von kundenspezifischer B2B oder B2C Software<\/li>\n<li>Du lernst u.a. s\u00e4mtliche Methoden der Softwareentwicklung kennen und erwirbst dadurch die F\u00e4higkeit diverse Programmiersprachen sowie die dazugeh\u00f6rigen Werkzeuge und Tools zu nutzen<\/li>\n<li>Des Weiteren zeigen wir dir, wie du Fehler mit Hilfe von bestimmten Systemen beheben kannst<\/li>\n<li>Du entwickelst Softwarel\u00f6sungen und Bedienoberfl\u00e4chen, f\u00fchrst anschlie\u00dfend Tests durch und passt daraufhin bestehende Anwendungen an<\/li>\n<li>In der Softwareentwicklung arbeiten wir mit verschiedenen Programmiersprachen und -umgebungen, wie C#, C++, PHP, C, Java, JavaScript, XSLT, CSS und HTML<\/li>\n<li>Eine volle Integration in die Entwicklungsteams sowie zu Internet-Anwendern und -Kunden runden deine neue T\u00e4tigkeit ab<\/li>\n<\/ul><\/div>\n<div class=\"stellenbeschreibung-entry \">\n<p class=\"stellenbeschreibung-header\"><span style=\"font-size: 15px;\"><strong>DEIN PROFIL:<\/strong><\/span><\/p>\n<ul>\n<li>Du verf\u00fcgst idealerweise \u00fcber eine Fachhochschulreife oder Abitur (gerne auch Studienabbrecher der Fachrichtung Informatik) und hast ein hohes mathematisches, bzw. technisches Verst\u00e4ndnis<\/li>\n<li>Dar\u00fcber hinaus konntest du bereits erste Programmiererfahrungen mit C#, C++, Java, PHP oder HTML sammeln<\/li>\n<li>Du hast einen hohen Qualit\u00e4tsanspruch an deine zuk\u00fcnftige Arbeit und an Deine eigenen Leistungen<\/li>\n<li>Du bist flexibel und f\u00fchlst dich in einem dynamischen Umfeld wohl<\/li>\n<li>Gute Englischkenntnisse sowie eine sorgf\u00e4ltige und verantwortungsbewusste Arbeitsweise runden dein Profil ab<\/li>\n<\/ul>\n<p><strong>Du hast beim Lesen dieser Stellenanzeige mehrmals innerlich genickt? Dann klicke jetzt auf den \u201eJetzt bewerben&#8220;-Button!<\/strong><\/p>\n<p><span style=\"font-size:14px;\"><strong><em>Zur besseren Lesbarkeit verwenden wir das generische Maskulinum &#8211; diese Stellenausschreibung richtet sich explizit an alle Personen.<\/em><\/strong><\/span>\n            <\/div>\n<div class=\"stellenbeschreibung-entry \">\n<p class=\"stellenbeschreibung-header\"><span style=\"font-size: 15px;\"><strong>DAS BIETEN WIR DIR:<\/strong><\/span><\/p>\n<ul>\n<li>spannende Aufgaben und hervorragende Entwicklungsperspektiven<\/li>\n<li>Mitarbeit an ambitionierten, innovativen Projekten in einem dynamischen Team<\/li>\n<li>M\u00f6glichkeit auf Home Office und flexible Arbeitszeiten<\/li>\n<li>durch unsere Zusammenarbeit mit Corporate Benefits bieten wir hochwertige Sonderkonditionen bei namhaften Herstellern und Marken<\/li>\n<li>modernste Technik und B\u00fcroausstattung, offene und dynamische Strukturen<\/li>\n<\/ul>\n<p><strong>Du hast beim Lesen dieser Stellenanzeige mehrmals innerlich genickt? Dann klicke auf den \u201eJetzt bewerben&#8220;-Button!<\/p>\n<p><em>Zur besseren Lesbarkeit verwenden wir das generische Maskulinum \u2013 diese Stellenausschreibung richtet sich explizit an alle Personen.<\/em><\/strong>\n            <\/div>\n<p>&nbsp;<\/p>\n<\/p>\n<\/div>\n<div class=\"happyaboutyou\">\n<p><strong>Wir freuen uns auf deine Bewerbung!<\/strong><\/p>\n<p><a href=\"https:\/\/buhl-data-service-gmbh.jobs.personio.de\/job\/1474422#apply\" class=\"buhl-button weiterleitung\" id=\"Ausbildung Fachinformatiker Anwendungsentwicklung (m\/w)\" data-job-id=\"1474422\">Jetzt bewerben<\/a>\n\t\t\t<\/div>\n<div class=\"shariff shariff-align-center shariff-widget-align-flex-start\" data-services=\"facebook\" data-url=\"https%3A%2F%2Fwww.buhl.de%2Fkarriere%2Fausbildung-fachinformatiker-anwendungsentwicklung-mw-in-neunkirchen%2F\" data-timestamp=\"1777321202\" data-hidezero=\"1\" data-backendurl=\"https:\/\/www.buhl.de\/karriere\/wp-json\/shariff\/v1\/share_counts?\"><ul class=\"shariff-buttons theme-default orientation-horizontal buttonsize-medium\"><li class=\"shariff-button xing shariff-nocustomcolor\" style=\"background-color:#29888a\"><a href=\"https:\/\/www.xing.com\/spi\/shares\/new?url=https%3A%2F%2Fwww.buhl.de%2Fkarriere%2Fausbildung-fachinformatiker-anwendungsentwicklung-mw-in-neunkirchen%2F\" title=\"Bei XING teilen\" aria-label=\"Bei XING teilen\" role=\"button\" rel=\"noopener nofollow\" class=\"shariff-link\" style=\"; background-color:#126567; color:#fff\" target=\"_blank\"><span class=\"shariff-icon\" style=\"\"><svg width=\"32px\" height=\"20px\" xmlns=\"http:\/\/www.w3.org\/2000\/svg\" viewBox=\"0 0 25 32\"><path fill=\"#126567\" d=\"M10.7 11.9q-0.2 0.3-4.6 8.2-0.5 0.8-1.2 0.8h-4.3q-0.4 0-0.5-0.3t0-0.6l4.5-8q0 0 0 0l-2.9-5q-0.2-0.4 0-0.7 0.2-0.3 0.5-0.3h4.3q0.7 0 1.2 0.8zM25.1 0.4q0.2 0.3 0 0.7l-9.4 16.7 6 11q0.2 0.4 0 0.6-0.2 0.3-0.6 0.3h-4.3q-0.7 0-1.2-0.8l-6-11.1q0.3-0.6 9.5-16.8 0.4-0.8 1.2-0.8h4.3q0.4 0 0.5 0.3z\"\/><\/svg><\/span><span class=\"shariff-text\">teilen<\/span>&nbsp;<\/a><\/li><li class=\"shariff-button linkedin shariff-nocustomcolor\" style=\"background-color:#1488bf\"><a href=\"https:\/\/www.linkedin.com\/sharing\/share-offsite\/?url=https%3A%2F%2Fwww.buhl.de%2Fkarriere%2Fausbildung-fachinformatiker-anwendungsentwicklung-mw-in-neunkirchen%2F\" title=\"Bei LinkedIn teilen\" aria-label=\"Bei LinkedIn teilen\" role=\"button\" rel=\"noopener nofollow\" class=\"shariff-link\" style=\"; background-color:#0077b5; color:#fff\" target=\"_blank\"><span class=\"shariff-icon\" style=\"\"><svg width=\"32px\" height=\"20px\" xmlns=\"http:\/\/www.w3.org\/2000\/svg\" viewBox=\"0 0 27 32\"><path fill=\"#0077b5\" d=\"M6.2 11.2v17.7h-5.9v-17.7h5.9zM6.6 5.7q0 1.3-0.9 2.2t-2.4 0.9h0q-1.5 0-2.4-0.9t-0.9-2.2 0.9-2.2 2.4-0.9 2.4 0.9 0.9 2.2zM27.4 18.7v10.1h-5.9v-9.5q0-1.9-0.7-2.9t-2.3-1.1q-1.1 0-1.9 0.6t-1.2 1.5q-0.2 0.5-0.2 1.4v9.9h-5.9q0-7.1 0-11.6t0-5.3l0-0.9h5.9v2.6h0q0.4-0.6 0.7-1t1-0.9 1.6-0.8 2-0.3q3 0 4.9 2t1.9 6z\"\/><\/svg><\/span><span class=\"shariff-text\">teilen<\/span>&nbsp;<\/a><\/li><li class=\"shariff-button facebook shariff-nocustomcolor\" style=\"background-color:#4273c8\"><a href=\"https:\/\/www.facebook.com\/sharer\/sharer.php?u=https%3A%2F%2Fwww.buhl.de%2Fkarriere%2Fausbildung-fachinformatiker-anwendungsentwicklung-mw-in-neunkirchen%2F\" title=\"Bei Facebook teilen\" aria-label=\"Bei Facebook teilen\" role=\"button\" rel=\"nofollow\" class=\"shariff-link\" style=\"; background-color:#3b5998; color:#fff\" target=\"_blank\"><span class=\"shariff-icon\" style=\"\"><svg width=\"32px\" height=\"20px\" xmlns=\"http:\/\/www.w3.org\/2000\/svg\" viewBox=\"0 0 18 32\"><path fill=\"#3b5998\" d=\"M17.1 0.2v4.7h-2.8q-1.5 0-2.1 0.6t-0.5 1.9v3.4h5.2l-0.7 5.3h-4.5v13.6h-5.5v-13.6h-4.5v-5.3h4.5v-3.9q0-3.3 1.9-5.2t5-1.8q2.6 0 4.1 0.2z\"\/><\/svg><\/span><span class=\"shariff-text\">teilen<\/span>&nbsp;<span data-service=\"facebook\" style=\"color:#3b5998\" class=\"shariff-count shariff-hidezero\"><\/span>&nbsp;<\/a><\/li><li class=\"shariff-button twitter shariff-nocustomcolor\" style=\"background-color:#595959\"><a href=\"https:\/\/twitter.com\/share?url=https%3A%2F%2Fwww.buhl.de%2Fkarriere%2Fausbildung-fachinformatiker-anwendungsentwicklung-mw-in-neunkirchen%2F&text=Buhl.de%20-\" title=\"Bei X teilen\" aria-label=\"Bei X teilen\" role=\"button\" rel=\"noopener nofollow\" class=\"shariff-link\" style=\"; background-color:#000; color:#fff\" target=\"_blank\"><span class=\"shariff-icon\" style=\"\"><svg width=\"32px\" height=\"20px\" xmlns=\"http:\/\/www.w3.org\/2000\/svg\" viewBox=\"0 0 24 24\"><path fill=\"#000\" d=\"M14.258 10.152L23.176 0h-2.113l-7.747 8.813L7.133 0H0l9.352 13.328L0 23.973h2.113l8.176-9.309 6.531 9.309h7.133zm-2.895 3.293l-.949-1.328L2.875 1.56h3.246l6.086 8.523.945 1.328 7.91 11.078h-3.246zm0 0\"\/><\/svg><\/span><span class=\"shariff-text\">teilen<\/span>&nbsp;<\/a><\/li><\/ul><\/div>\n<\/p><\/div>\n<p>\t<\/main><\/p>\n<div class=\"clear\"><\/div>\n<div class=\"stellen-pre-footer\">\n<div class=\"arbeitsatmosphaere\"><div class='buhl-youtube '><div class=\"lyte-wrapper\" style=\"width:1280px;max-width:100%;margin:5px;\"><div class=\"lyMe\" id=\"WYL_-onHEWmqpcQ\"><div id=\"lyte_-onHEWmqpcQ\" data-src=\"\/\/i.ytimg.com\/vi\/-onHEWmqpcQ\/hqdefault.jpg\" class=\"pL\"><div class=\"tC\"><div class=\"tT\"><\/div><\/div><div class=\"play\"><\/div><div class=\"ctrl\"><div class=\"Lctrl\"><\/div><div class=\"Rctrl\"><\/div><\/div><\/div><noscript><a href=\"https:\/\/youtu.be\/-onHEWmqpcQ\" rel=\"nofollow\"><img loading=\"lazy\" decoding=\"async\" src=\"https:\/\/i.ytimg.com\/vi\/-onHEWmqpcQ\/0.jpg\" alt=\"YouTube-Video-Vorschaubild\" width=\"1280\" height=\"700\" \/><br \/>Dieses Video auf YouTube ansehen<\/a><\/noscript><\/div><\/div><div class=\"lL\" style=\"max-width:100%;width:1280px;margin:5px;\"><\/div><\/div>\n<p>\t\t\t\t\t<a href=\"\/karriere\/mitarbeitervorteile\/\"><\/p>\n<div class=\"benefits\" style=\"background-image: url(https:\/\/www.buhl.de\/karriere\/wp-content\/uploads\/sites\/5\/2017\/07\/Benefits-Vorteile-bei-Buhl-Data.jpg); background-position: center;\">\n<h2>Deine Vorteile<\/h2>\n<\/div>\n<p><\/a><div class='buhl-youtube second-ytv'><div class=\"lyte-wrapper\" style=\"width:1280px;max-width:100%;margin:5px;\"><div class=\"lyMe\" id=\"WYL_L0027gCkZxk\"><div id=\"lyte_L0027gCkZxk\" data-src=\"\/\/i.ytimg.com\/vi\/L0027gCkZxk\/hqdefault.jpg\" class=\"pL\"><div class=\"tC\"><div class=\"tT\"><\/div><\/div><div class=\"play\"><\/div><div class=\"ctrl\"><div class=\"Lctrl\"><\/div><div class=\"Rctrl\"><\/div><\/div><\/div><noscript><a href=\"https:\/\/youtu.be\/L0027gCkZxk\" rel=\"nofollow\"><img loading=\"lazy\" decoding=\"async\" src=\"https:\/\/i.ytimg.com\/vi\/L0027gCkZxk\/0.jpg\" alt=\"YouTube-Video-Vorschaubild\" width=\"1280\" height=\"700\" \/><br \/>Dieses Video auf YouTube ansehen<\/a><\/noscript><\/div><\/div><div class=\"lL\" style=\"max-width:100%;width:1280px;margin:5px;\"><\/div><\/div>\n\t\t<\/div>\n<div class=\"clear\"><\/div>\n<div class=\"buhl_page_wrapper\">\n<div class=\"socialmedia\">\n<h4 style=\"text-align: center;\">Hier erf\u00e4hrst du mehr \u00fcber uns im Social Web:<\/h4>\n<ul>\n<li><a href=\"https:\/\/www.xing.com\/companies\/buhldataservicegmbh\" target=\"_blank\" rel=\"noopener\"><img decoding=\"async\" class=\"alignnone wp-image-1175\" src=\"https:\/\/www.buhl.de\/karriere\/wp-content\/uploads\/sites\/5\/2017\/07\/social-media-icon-xing.png\" alt=\"\"><\/a><\/li>\n<li><a href=\"https:\/\/www.linkedin.com\/company\/buhl-data-service-gmbh\" target=\"_blank\" rel=\"noopener\"><img decoding=\"async\" class=\"alignnone wp-image-1176\" src=\"https:\/\/www.buhl.de\/karriere\/wp-content\/uploads\/sites\/5\/2017\/07\/social-media-icon-linkedin.png\" alt=\"\"><\/a><\/li>\n<li><a href=\"https:\/\/de-de.facebook.com\/BuhlDataService\/\" target=\"_blank\" rel=\"noopener\"><img decoding=\"async\" class=\"alignnone wp-image-1177\" src=\"https:\/\/www.buhl.de\/karriere\/wp-content\/uploads\/sites\/5\/2017\/07\/social-media-icon-facebook.png\" alt=\"\"><\/a><\/li>\n<li><a href=\"https:\/\/twitter.com\/buhldata?lang=de\" target=\"_blank\" rel=\"noopener\"><img decoding=\"async\" class=\"alignnone wp-image-1178\" src=\"https:\/\/www.buhl.de\/karriere\/wp-content\/uploads\/sites\/5\/2017\/07\/social-media-icon-twitter.png\" alt=\"\"><\/a><\/li>\n<\/ul><\/div>\n<\/div>\n<\/div>\n","protected":false},"excerpt":{"rendered":"1474422","protected":false},"author":1,"featured_media":0,"comment_status":"open","ping_status":"open","sticky":false,"template":"","format":"standard","meta":{"footnotes":""},"categories":[],"tags":[],"class_list":["post-58619","post","type-post","status-publish","format-standard","hentry"],"yoast_head":"<!-- This site is optimized with the Yoast SEO Premium plugin v27.0 (Yoast SEO v27.0) - https:\/\/yoast.com\/product\/yoast-seo-premium-wordpress\/ -->\n<title>Ausbildung Fachinformatiker Anwendungsentwicklung (Ausbildungsstart 2026) (m\/w) - Karriere in der Buhl-Unternehmensgruppe<\/title>\n<meta name=\"robots\" content=\"noindex, follow\" \/>\n<meta name=\"twitter:card\" content=\"summary_large_image\" \/>\n<meta name=\"twitter:title\" content=\"Ausbildung Fachinformatiker Anwendungsentwicklung (Ausbildungsstart 2026) (m\/w) - Karriere in der Buhl-Unternehmensgruppe\" \/>\n<meta name=\"twitter:description\" content=\"1474422\" \/>\n<meta name=\"twitter:label1\" content=\"Verfasst von\" \/>\n\t<meta name=\"twitter:data1\" content=\"\" \/>\n\t<meta name=\"twitter:label2\" content=\"Gesch\u00e4tzte Lesezeit\" \/>\n\t<meta name=\"twitter:data2\" content=\"2\u00a0Minuten\" \/>\n<script type=\"application\/ld+json\" class=\"yoast-schema-graph\">{\"@context\":\"https:\/\/schema.org\",\"@graph\":[{\"@type\":\"Article\",\"@id\":\"https:\/\/www.buhl.de\/karriere\/ausbildung-fachinformatiker-anwendungsentwicklung-ausbildungsstart-2026-mw-in-neunkirchen\/#article\",\"isPartOf\":{\"@id\":\"https:\/\/www.buhl.de\/karriere\/ausbildung-fachinformatiker-anwendungsentwicklung-ausbildungsstart-2026-mw-in-neunkirchen\/\"},\"author\":{\"name\":\"\",\"@id\":\"\"},\"headline\":\"Ausbildung Fachinformatiker Anwendungsentwicklung (Ausbildungsstart 2026) (m\/w)\",\"datePublished\":\"2024-03-21T09:57:02+00:00\",\"dateModified\":\"2026-04-27T20:20:02+00:00\",\"mainEntityOfPage\":{\"@id\":\"https:\/\/www.buhl.de\/karriere\/ausbildung-fachinformatiker-anwendungsentwicklung-ausbildungsstart-2026-mw-in-neunkirchen\/\"},\"wordCount\":495,\"commentCount\":0,\"image\":{\"@id\":\"https:\/\/www.buhl.de\/karriere\/ausbildung-fachinformatiker-anwendungsentwicklung-ausbildungsstart-2026-mw-in-neunkirchen\/#primaryimage\"},\"thumbnailUrl\":\"https:\/\/www.buhl.de\/karriere\/wp-content\/uploads\/sites\/5\/2017\/07\/social-media-icon-xing.png\",\"inLanguage\":\"de\",\"potentialAction\":[{\"@type\":\"CommentAction\",\"name\":\"Comment\",\"target\":[\"https:\/\/www.buhl.de\/karriere\/ausbildung-fachinformatiker-anwendungsentwicklung-ausbildungsstart-2026-mw-in-neunkirchen\/#respond\"]}]},{\"@type\":\"WebPage\",\"@id\":\"https:\/\/www.buhl.de\/karriere\/ausbildung-fachinformatiker-anwendungsentwicklung-ausbildungsstart-2026-mw-in-neunkirchen\/\",\"url\":\"https:\/\/www.buhl.de\/karriere\/ausbildung-fachinformatiker-anwendungsentwicklung-ausbildungsstart-2026-mw-in-neunkirchen\/\",\"name\":\"Ausbildung Fachinformatiker Anwendungsentwicklung (Ausbildungsstart 2026) (m\/w) - Karriere in der Buhl-Unternehmensgruppe\",\"isPartOf\":{\"@id\":\"https:\/\/www.buhl.de\/karriere\/#website\"},\"primaryImageOfPage\":{\"@id\":\"https:\/\/www.buhl.de\/karriere\/ausbildung-fachinformatiker-anwendungsentwicklung-ausbildungsstart-2026-mw-in-neunkirchen\/#primaryimage\"},\"image\":{\"@id\":\"https:\/\/www.buhl.de\/karriere\/ausbildung-fachinformatiker-anwendungsentwicklung-ausbildungsstart-2026-mw-in-neunkirchen\/#primaryimage\"},\"thumbnailUrl\":\"https:\/\/www.buhl.de\/karriere\/wp-content\/uploads\/sites\/5\/2017\/07\/social-media-icon-xing.png\",\"datePublished\":\"2024-03-21T09:57:02+00:00\",\"dateModified\":\"2026-04-27T20:20:02+00:00\",\"author\":{\"@id\":\"\"},\"breadcrumb\":{\"@id\":\"https:\/\/www.buhl.de\/karriere\/ausbildung-fachinformatiker-anwendungsentwicklung-ausbildungsstart-2026-mw-in-neunkirchen\/#breadcrumb\"},\"inLanguage\":\"de\",\"potentialAction\":[{\"@type\":\"ReadAction\",\"target\":[\"https:\/\/www.buhl.de\/karriere\/ausbildung-fachinformatiker-anwendungsentwicklung-ausbildungsstart-2026-mw-in-neunkirchen\/\"]}]},{\"@type\":\"ImageObject\",\"inLanguage\":\"de\",\"@id\":\"https:\/\/www.buhl.de\/karriere\/ausbildung-fachinformatiker-anwendungsentwicklung-ausbildungsstart-2026-mw-in-neunkirchen\/#primaryimage\",\"url\":\"https:\/\/www.buhl.de\/karriere\/wp-content\/uploads\/sites\/5\/2017\/07\/social-media-icon-xing.png\",\"contentUrl\":\"https:\/\/www.buhl.de\/karriere\/wp-content\/uploads\/sites\/5\/2017\/07\/social-media-icon-xing.png\"},{\"@type\":\"BreadcrumbList\",\"@id\":\"https:\/\/www.buhl.de\/karriere\/ausbildung-fachinformatiker-anwendungsentwicklung-ausbildungsstart-2026-mw-in-neunkirchen\/#breadcrumb\",\"itemListElement\":[{\"@type\":\"ListItem\",\"position\":1,\"name\":\"Home\",\"item\":\"https:\/\/www.buhl.de\/karriere\/\"},{\"@type\":\"ListItem\",\"position\":2,\"name\":\"Ausbildung Fachinformatiker Anwendungsentwicklung (Ausbildungsstart 2026) (m\/w)\"}]},{\"@type\":\"WebSite\",\"@id\":\"https:\/\/www.buhl.de\/karriere\/#website\",\"url\":\"https:\/\/www.buhl.de\/karriere\/\",\"name\":\"Karriere in der Buhl-Unternehmensgruppe\",\"description\":\"\",\"potentialAction\":[{\"@type\":\"SearchAction\",\"target\":{\"@type\":\"EntryPoint\",\"urlTemplate\":\"https:\/\/www.buhl.de\/karriere\/?s={search_term_string}\"},\"query-input\":{\"@type\":\"PropertyValueSpecification\",\"valueRequired\":true,\"valueName\":\"search_term_string\"}}],\"inLanguage\":\"de\"},{\"@type\":\"Person\",\"@id\":\"\"}]}<\/script>\n<!-- \/ Yoast SEO Premium plugin. -->","yoast_head_json":{"title":"Ausbildung Fachinformatiker Anwendungsentwicklung (Ausbildungsstart 2026) (m\/w) - Karriere in der Buhl-Unternehmensgruppe","robots":{"index":"noindex","follow":"follow"},"twitter_card":"summary_large_image","twitter_title":"Ausbildung Fachinformatiker Anwendungsentwicklung (Ausbildungsstart 2026) (m\/w) - Karriere in der Buhl-Unternehmensgruppe","twitter_description":"1474422","twitter_misc":{"Verfasst von":"","Gesch\u00e4tzte Lesezeit":"2\u00a0Minuten"},"schema":{"@context":"https:\/\/schema.org","@graph":[{"@type":"Article","@id":"https:\/\/www.buhl.de\/karriere\/ausbildung-fachinformatiker-anwendungsentwicklung-ausbildungsstart-2026-mw-in-neunkirchen\/#article","isPartOf":{"@id":"https:\/\/www.buhl.de\/karriere\/ausbildung-fachinformatiker-anwendungsentwicklung-ausbildungsstart-2026-mw-in-neunkirchen\/"},"author":{"name":"","@id":""},"headline":"Ausbildung Fachinformatiker Anwendungsentwicklung (Ausbildungsstart 2026) (m\/w)","datePublished":"2024-03-21T09:57:02+00:00","dateModified":"2026-04-27T20:20:02+00:00","mainEntityOfPage":{"@id":"https:\/\/www.buhl.de\/karriere\/ausbildung-fachinformatiker-anwendungsentwicklung-ausbildungsstart-2026-mw-in-neunkirchen\/"},"wordCount":495,"commentCount":0,"image":{"@id":"https:\/\/www.buhl.de\/karriere\/ausbildung-fachinformatiker-anwendungsentwicklung-ausbildungsstart-2026-mw-in-neunkirchen\/#primaryimage"},"thumbnailUrl":"https:\/\/www.buhl.de\/karriere\/wp-content\/uploads\/sites\/5\/2017\/07\/social-media-icon-xing.png","inLanguage":"de","potentialAction":[{"@type":"CommentAction","name":"Comment","target":["https:\/\/www.buhl.de\/karriere\/ausbildung-fachinformatiker-anwendungsentwicklung-ausbildungsstart-2026-mw-in-neunkirchen\/#respond"]}]},{"@type":"WebPage","@id":"https:\/\/www.buhl.de\/karriere\/ausbildung-fachinformatiker-anwendungsentwicklung-ausbildungsstart-2026-mw-in-neunkirchen\/","url":"https:\/\/www.buhl.de\/karriere\/ausbildung-fachinformatiker-anwendungsentwicklung-ausbildungsstart-2026-mw-in-neunkirchen\/","name":"Ausbildung Fachinformatiker Anwendungsentwicklung (Ausbildungsstart 2026) (m\/w) - Karriere in der Buhl-Unternehmensgruppe","isPartOf":{"@id":"https:\/\/www.buhl.de\/karriere\/#website"},"primaryImageOfPage":{"@id":"https:\/\/www.buhl.de\/karriere\/ausbildung-fachinformatiker-anwendungsentwicklung-ausbildungsstart-2026-mw-in-neunkirchen\/#primaryimage"},"image":{"@id":"https:\/\/www.buhl.de\/karriere\/ausbildung-fachinformatiker-anwendungsentwicklung-ausbildungsstart-2026-mw-in-neunkirchen\/#primaryimage"},"thumbnailUrl":"https:\/\/www.buhl.de\/karriere\/wp-content\/uploads\/sites\/5\/2017\/07\/social-media-icon-xing.png","datePublished":"2024-03-21T09:57:02+00:00","dateModified":"2026-04-27T20:20:02+00:00","author":{"@id":""},"breadcrumb":{"@id":"https:\/\/www.buhl.de\/karriere\/ausbildung-fachinformatiker-anwendungsentwicklung-ausbildungsstart-2026-mw-in-neunkirchen\/#breadcrumb"},"inLanguage":"de","potentialAction":[{"@type":"ReadAction","target":["https:\/\/www.buhl.de\/karriere\/ausbildung-fachinformatiker-anwendungsentwicklung-ausbildungsstart-2026-mw-in-neunkirchen\/"]}]},{"@type":"ImageObject","inLanguage":"de","@id":"https:\/\/www.buhl.de\/karriere\/ausbildung-fachinformatiker-anwendungsentwicklung-ausbildungsstart-2026-mw-in-neunkirchen\/#primaryimage","url":"https:\/\/www.buhl.de\/karriere\/wp-content\/uploads\/sites\/5\/2017\/07\/social-media-icon-xing.png","contentUrl":"https:\/\/www.buhl.de\/karriere\/wp-content\/uploads\/sites\/5\/2017\/07\/social-media-icon-xing.png"},{"@type":"BreadcrumbList","@id":"https:\/\/www.buhl.de\/karriere\/ausbildung-fachinformatiker-anwendungsentwicklung-ausbildungsstart-2026-mw-in-neunkirchen\/#breadcrumb","itemListElement":[{"@type":"ListItem","position":1,"name":"Home","item":"https:\/\/www.buhl.de\/karriere\/"},{"@type":"ListItem","position":2,"name":"Ausbildung Fachinformatiker Anwendungsentwicklung (Ausbildungsstart 2026) (m\/w)"}]},{"@type":"WebSite","@id":"https:\/\/www.buhl.de\/karriere\/#website","url":"https:\/\/www.buhl.de\/karriere\/","name":"Karriere in der Buhl-Unternehmensgruppe","description":"","potentialAction":[{"@type":"SearchAction","target":{"@type":"EntryPoint","urlTemplate":"https:\/\/www.buhl.de\/karriere\/?s={search_term_string}"},"query-input":{"@type":"PropertyValueSpecification","valueRequired":true,"valueName":"search_term_string"}}],"inLanguage":"de"},{"@type":"Person","@id":""}]}},"wps_subtitle":"","_links":{"self":[{"href":"https:\/\/www.buhl.de\/karriere\/wp-json\/wp\/v2\/posts\/58619","targetHints":{"allow":["GET"]}}],"collection":[{"href":"https:\/\/www.buhl.de\/karriere\/wp-json\/wp\/v2\/posts"}],"about":[{"href":"https:\/\/www.buhl.de\/karriere\/wp-json\/wp\/v2\/types\/post"}],"author":[{"embeddable":true,"href":"https:\/\/www.buhl.de\/karriere\/wp-json\/wp\/v2\/users\/1"}],"replies":[{"embeddable":true,"href":"https:\/\/www.buhl.de\/karriere\/wp-json\/wp\/v2\/comments?post=58619"}],"version-history":[{"count":0,"href":"https:\/\/www.buhl.de\/karriere\/wp-json\/wp\/v2\/posts\/58619\/revisions"}],"wp:attachment":[{"href":"https:\/\/www.buhl.de\/karriere\/wp-json\/wp\/v2\/media?parent=58619"}],"wp:term":[{"taxonomy":"category","embeddable":true,"href":"https:\/\/www.buhl.de\/karriere\/wp-json\/wp\/v2\/categories?post=58619"},{"taxonomy":"post_tag","embeddable":true,"href":"https:\/\/www.buhl.de\/karriere\/wp-json\/wp\/v2\/tags?post=58619"}],"curies":[{"name":"wp","href":"https:\/\/api.w.org\/{rel}","templated":true}]}}