{"id":1215,"date":"2023-02-22T10:00:00","date_gmt":"2023-02-22T09:00:00","guid":{"rendered":"https:\/\/www.buhl.de\/presse\/?p=1215"},"modified":"2023-09-19T12:54:12","modified_gmt":"2023-09-19T10:54:12","slug":"so-reagieren-die-bundeslaender-auf-fehlende-grundsteuererklaerungen","status":"publish","type":"post","link":"https:\/\/www.buhl.de\/presse\/so-reagieren-die-bundeslaender-auf-fehlende-grundsteuererklaerungen\/","title":{"rendered":"So reagieren die Bundesl\u00e4nder auf fehlende Grundsteuererkl\u00e4rungen"},"content":{"rendered":"\n<p><em>Die Frist zur Abgabe der Grundsteuererkl\u00e4rung ist am 31. Januar 2023 abgelaufen. Noch immer fehlt bundesweit jede vierte Erkl\u00e4rung. Wie viele Erkl\u00e4rungen wurden bisher jeweils in den Bundesl\u00e4ndern abgegeben? Wie gehen die einzelnen Bundesl\u00e4nder mit den Nachz\u00fcglern um? Wo drohen welche Strafen?<\/em><\/p>\n\n\n\n<p>Das Team von WISO Steuer, zu dem auch die Online-Anwendung WISO Grundsteuer geh\u00f6rt, hat die Reaktionen aller 16 Bundesl\u00e4nder zusammengetragen. Peter Schmitz, Gesch\u00e4ftsf\u00fchrer von <a href=\"https:\/\/www.buhl.de\/steuer\/\">WISO Steuer<\/a>, fasst das Ergebnis zusammen: &#8222;Die Finanzbeh\u00f6rden agieren zwar entschlossen, aber fair. Das h\u00e4tte auch ganz anders laufen k\u00f6nnen. Harte Konsequenzen haben die B\u00fcrger zun\u00e4chst nicht zu bef\u00fcrchten. Das kann sich aber schon bald \u00e4ndern.&#8220;<\/p>\n\n\n\n<p>Hier die wichtigsten Erkenntnisse:<\/p>\n\n\n\n<p><strong>Bundesl\u00e4nder zeigen sich zun\u00e4chst kulant<\/strong><\/p>\n\n\n\n<p>Bis auf Bayern, das die Frist zur Abgabe der Grundsteuererkl\u00e4rung auf Ende April 2023 verschoben hat, werden alle Bundesl\u00e4nder innerhalb der kommenden Wochen ein Erinnerungsschreiben an diejenigen verschicken, die bisher noch keine Erkl\u00e4rung abgegeben haben. Damit zeigen sich die Finanzbeh\u00f6rden im ersten Schritt noch kulant, denn eigentlich k\u00f6nnten schon die ersten Bu\u00dfgelder warten.<\/p>\n\n\n\n<p><strong>S\u00e4umniszuschl\u00e4<\/strong><strong>ge, Bu\u00dfgelder und Sch\u00e4tzungen als m<\/strong><strong>\u00f6gliche Konsequenz<\/strong><\/p>\n\n\n\n<p>Die meisten Bundesl\u00e4nder kommunizieren auf ihren Internetseiten und via Pressemitteilungen, dass sie bei erneuter Verweigerung der Abgabe die Bemessungsgrundlagen sch\u00e4tzen werden beziehungsweise dies zumindest andenken.<\/p>\n\n\n\n<p>Die Bundesl\u00e4nder Hamburg, Berlin, das Saarland, Mecklenburg-Vorpommern, Schleswig-Holstein, Sachsen-Anhalt sowie Niedersachsen behalten sich dar\u00fcber hinaus vor, f\u00fcr versp\u00e4tet abgegebene Erkl\u00e4rungen einen Versp\u00e4tungszuschlag zu erheben. In den meisten F\u00e4llen betr\u00e4gt dieser 25 Euro pro angebrochenem Monat.<\/p>\n\n\n\n<p>Einige Bundesl\u00e4nder gehen sogar noch einen Schritt weiter, beziehungsweise drohen dies an. So halten es sich Hamburg, Berlin, das Saarland, Schleswig-Holstein sowie Sachsen vor, auch Bu\u00df- oder Zwangsgelder in H\u00f6he von teilweise bis zu 25.000 Euro festzusetzen, sollte die Erkl\u00e4rung nach erneuter Erinnerung nicht abgegeben werden.<\/p>\n\n\n\n<p><strong>Verl\u00e4ngerung der Frist im Einzelfall m<\/strong><strong>\u00f6glich<\/strong> Rheinland-Pfalz und Schleswig-Holstein kommunizieren aktiv, dass eine Verl\u00e4ngerung der Abgabefrist im begr\u00fcndeten Einzelfall m\u00f6glich ist.<\/p>\n","protected":false},"excerpt":{"rendered":"<p>Die Frist zur Abgabe der Grundsteuererkl\u00e4rung ist am 31. Januar 2023 abgelaufen. Noch immer fehlt bundesweit jede vierte Erkl\u00e4rung. Wie viele Erkl\u00e4rungen wurden bisher jeweils in den Bundesl\u00e4ndern abgegeben? Wie gehen die einzelnen Bundesl\u00e4nder mit den Nachz\u00fcglern um? Wo drohen welche Strafen? Das Team von WISO Steuer, zu dem auch die Online-Anwendung WISO Grundsteuer geh\u00f6rt, &hellip; <a href=\"https:\/\/www.buhl.de\/presse\/so-reagieren-die-bundeslaender-auf-fehlende-grundsteuererklaerungen\/\" class=\"more-link\"><span class=\"screen-reader-text\">So reagieren die Bundesl\u00e4nder auf fehlende Grundsteuererkl\u00e4rungen<\/span> weiterlesen <span class=\"meta-nav\">&rarr;<\/span><\/a><\/p>\n","protected":false},"author":18,"featured_media":0,"comment_status":"closed","ping_status":"open","sticky":false,"template":"","format":"standard","meta":{"footnotes":""},"categories":[8],"tags":[],"class_list":["post-1215","post","type-post","status-publish","format-standard","hentry","category-steuern"],"yoast_head":"<!-- This site is optimized with the Yoast SEO Premium plugin v27.4 (Yoast SEO v27.5) - https:\/\/yoast.com\/product\/yoast-seo-premium-wordpress\/ -->\n<title>So reagieren die Bundesl\u00e4nder auf fehlende Grundsteuererkl\u00e4rungen - Presseinformationen<\/title>\n<meta name=\"robots\" content=\"noindex, follow\" \/>\n<meta property=\"og:locale\" content=\"de_DE\" \/>\n<meta property=\"og:type\" content=\"article\" \/>\n<meta property=\"og:title\" content=\"So reagieren die Bundesl\u00e4nder auf fehlende Grundsteuererkl\u00e4rungen\" \/>\n<meta property=\"og:description\" content=\"Die Frist zur Abgabe der Grundsteuererkl\u00e4rung ist am 31. Januar 2023 abgelaufen. Noch immer fehlt bundesweit jede vierte Erkl\u00e4rung. Wie viele Erkl\u00e4rungen wurden bisher jeweils in den Bundesl\u00e4ndern abgegeben? Wie gehen die einzelnen Bundesl\u00e4nder mit den Nachz\u00fcglern um? Wo drohen welche Strafen? Das Team von WISO Steuer, zu dem auch die Online-Anwendung WISO Grundsteuer geh\u00f6rt, &hellip; So reagieren die Bundesl\u00e4nder auf fehlende Grundsteuererkl\u00e4rungen weiterlesen &rarr;\" \/>\n<meta property=\"og:url\" content=\"https:\/\/www.buhl.de\/presse\/so-reagieren-die-bundeslaender-auf-fehlende-grundsteuererklaerungen\/\" \/>\n<meta property=\"og:site_name\" content=\"Presseinformationen\" \/>\n<meta property=\"article:published_time\" content=\"2023-02-22T09:00:00+00:00\" \/>\n<meta property=\"article:modified_time\" content=\"2023-09-19T10:54:12+00:00\" \/>\n<meta name=\"author\" content=\"Thomas Matena\" \/>\n<meta name=\"twitter:card\" content=\"summary_large_image\" \/>\n<meta name=\"twitter:label1\" content=\"Verfasst von\" \/>\n\t<meta name=\"twitter:data1\" content=\"Thomas Matena\" \/>\n\t<meta name=\"twitter:label2\" content=\"Gesch\u00e4tzte Lesezeit\" \/>\n\t<meta name=\"twitter:data2\" content=\"2\u00a0Minuten\" \/>\n<script type=\"application\/ld+json\" class=\"yoast-schema-graph\">{\"@context\":\"https:\\\/\\\/schema.org\",\"@graph\":[{\"@type\":\"Article\",\"@id\":\"https:\\\/\\\/www.buhl.de\\\/presse\\\/so-reagieren-die-bundeslaender-auf-fehlende-grundsteuererklaerungen\\\/#article\",\"isPartOf\":{\"@id\":\"https:\\\/\\\/www.buhl.de\\\/presse\\\/so-reagieren-die-bundeslaender-auf-fehlende-grundsteuererklaerungen\\\/\"},\"author\":{\"name\":\"Thomas Matena\",\"@id\":\"https:\\\/\\\/www.buhl.de\\\/presse\\\/#\\\/schema\\\/person\\\/bb1f653d0be9121eaf44bae0bdd05483\"},\"headline\":\"So reagieren die Bundesl\u00e4nder auf fehlende Grundsteuererkl\u00e4rungen\",\"datePublished\":\"2023-02-22T09:00:00+00:00\",\"dateModified\":\"2023-09-19T10:54:12+00:00\",\"mainEntityOfPage\":{\"@id\":\"https:\\\/\\\/www.buhl.de\\\/presse\\\/so-reagieren-die-bundeslaender-auf-fehlende-grundsteuererklaerungen\\\/\"},\"wordCount\":349,\"articleSection\":[\"Steuern\"],\"inLanguage\":\"de\"},{\"@type\":\"WebPage\",\"@id\":\"https:\\\/\\\/www.buhl.de\\\/presse\\\/so-reagieren-die-bundeslaender-auf-fehlende-grundsteuererklaerungen\\\/\",\"url\":\"https:\\\/\\\/www.buhl.de\\\/presse\\\/so-reagieren-die-bundeslaender-auf-fehlende-grundsteuererklaerungen\\\/\",\"name\":\"So reagieren die Bundesl\u00e4nder auf fehlende Grundsteuererkl\u00e4rungen - Presseinformationen\",\"isPartOf\":{\"@id\":\"https:\\\/\\\/www.buhl.de\\\/presse\\\/#website\"},\"datePublished\":\"2023-02-22T09:00:00+00:00\",\"dateModified\":\"2023-09-19T10:54:12+00:00\",\"author\":{\"@id\":\"https:\\\/\\\/www.buhl.de\\\/presse\\\/#\\\/schema\\\/person\\\/bb1f653d0be9121eaf44bae0bdd05483\"},\"breadcrumb\":{\"@id\":\"https:\\\/\\\/www.buhl.de\\\/presse\\\/so-reagieren-die-bundeslaender-auf-fehlende-grundsteuererklaerungen\\\/#breadcrumb\"},\"inLanguage\":\"de\",\"potentialAction\":[{\"@type\":\"ReadAction\",\"target\":[\"https:\\\/\\\/www.buhl.de\\\/presse\\\/so-reagieren-die-bundeslaender-auf-fehlende-grundsteuererklaerungen\\\/\"]}]},{\"@type\":\"BreadcrumbList\",\"@id\":\"https:\\\/\\\/www.buhl.de\\\/presse\\\/so-reagieren-die-bundeslaender-auf-fehlende-grundsteuererklaerungen\\\/#breadcrumb\",\"itemListElement\":[{\"@type\":\"ListItem\",\"position\":1,\"name\":\"Home\",\"item\":\"https:\\\/\\\/www.buhl.de\\\/presse\\\/\"},{\"@type\":\"ListItem\",\"position\":2,\"name\":\"So reagieren die Bundesl\u00e4nder auf fehlende Grundsteuererkl\u00e4rungen\"}]},{\"@type\":\"WebSite\",\"@id\":\"https:\\\/\\\/www.buhl.de\\\/presse\\\/#website\",\"url\":\"https:\\\/\\\/www.buhl.de\\\/presse\\\/\",\"name\":\"Presseinformationen\",\"description\":\"der Buhl-Gruppe\",\"potentialAction\":[{\"@type\":\"SearchAction\",\"target\":{\"@type\":\"EntryPoint\",\"urlTemplate\":\"https:\\\/\\\/www.buhl.de\\\/presse\\\/?s={search_term_string}\"},\"query-input\":{\"@type\":\"PropertyValueSpecification\",\"valueRequired\":true,\"valueName\":\"search_term_string\"}}],\"inLanguage\":\"de\"},{\"@type\":\"Person\",\"@id\":\"https:\\\/\\\/www.buhl.de\\\/presse\\\/#\\\/schema\\\/person\\\/bb1f653d0be9121eaf44bae0bdd05483\",\"name\":\"Thomas Matena\",\"url\":\"https:\\\/\\\/www.buhl.de\\\/presse\\\/author\\\/tmatema\\\/\"}]}<\/script>\n<!-- \/ Yoast SEO Premium plugin. -->","yoast_head_json":{"title":"So reagieren die Bundesl\u00e4nder auf fehlende Grundsteuererkl\u00e4rungen - Presseinformationen","robots":{"index":"noindex","follow":"follow"},"og_locale":"de_DE","og_type":"article","og_title":"So reagieren die Bundesl\u00e4nder auf fehlende Grundsteuererkl\u00e4rungen","og_description":"Die Frist zur Abgabe der Grundsteuererkl\u00e4rung ist am 31. Januar 2023 abgelaufen. Noch immer fehlt bundesweit jede vierte Erkl\u00e4rung. Wie viele Erkl\u00e4rungen wurden bisher jeweils in den Bundesl\u00e4ndern abgegeben? Wie gehen die einzelnen Bundesl\u00e4nder mit den Nachz\u00fcglern um? Wo drohen welche Strafen? Das Team von WISO Steuer, zu dem auch die Online-Anwendung WISO Grundsteuer geh\u00f6rt, &hellip; So reagieren die Bundesl\u00e4nder auf fehlende Grundsteuererkl\u00e4rungen weiterlesen &rarr;","og_url":"https:\/\/www.buhl.de\/presse\/so-reagieren-die-bundeslaender-auf-fehlende-grundsteuererklaerungen\/","og_site_name":"Presseinformationen","article_published_time":"2023-02-22T09:00:00+00:00","article_modified_time":"2023-09-19T10:54:12+00:00","author":"Thomas Matena","twitter_card":"summary_large_image","twitter_misc":{"Verfasst von":"Thomas Matena","Gesch\u00e4tzte Lesezeit":"2\u00a0Minuten"},"schema":{"@context":"https:\/\/schema.org","@graph":[{"@type":"Article","@id":"https:\/\/www.buhl.de\/presse\/so-reagieren-die-bundeslaender-auf-fehlende-grundsteuererklaerungen\/#article","isPartOf":{"@id":"https:\/\/www.buhl.de\/presse\/so-reagieren-die-bundeslaender-auf-fehlende-grundsteuererklaerungen\/"},"author":{"name":"Thomas Matena","@id":"https:\/\/www.buhl.de\/presse\/#\/schema\/person\/bb1f653d0be9121eaf44bae0bdd05483"},"headline":"So reagieren die Bundesl\u00e4nder auf fehlende Grundsteuererkl\u00e4rungen","datePublished":"2023-02-22T09:00:00+00:00","dateModified":"2023-09-19T10:54:12+00:00","mainEntityOfPage":{"@id":"https:\/\/www.buhl.de\/presse\/so-reagieren-die-bundeslaender-auf-fehlende-grundsteuererklaerungen\/"},"wordCount":349,"articleSection":["Steuern"],"inLanguage":"de"},{"@type":"WebPage","@id":"https:\/\/www.buhl.de\/presse\/so-reagieren-die-bundeslaender-auf-fehlende-grundsteuererklaerungen\/","url":"https:\/\/www.buhl.de\/presse\/so-reagieren-die-bundeslaender-auf-fehlende-grundsteuererklaerungen\/","name":"So reagieren die Bundesl\u00e4nder auf fehlende Grundsteuererkl\u00e4rungen - Presseinformationen","isPartOf":{"@id":"https:\/\/www.buhl.de\/presse\/#website"},"datePublished":"2023-02-22T09:00:00+00:00","dateModified":"2023-09-19T10:54:12+00:00","author":{"@id":"https:\/\/www.buhl.de\/presse\/#\/schema\/person\/bb1f653d0be9121eaf44bae0bdd05483"},"breadcrumb":{"@id":"https:\/\/www.buhl.de\/presse\/so-reagieren-die-bundeslaender-auf-fehlende-grundsteuererklaerungen\/#breadcrumb"},"inLanguage":"de","potentialAction":[{"@type":"ReadAction","target":["https:\/\/www.buhl.de\/presse\/so-reagieren-die-bundeslaender-auf-fehlende-grundsteuererklaerungen\/"]}]},{"@type":"BreadcrumbList","@id":"https:\/\/www.buhl.de\/presse\/so-reagieren-die-bundeslaender-auf-fehlende-grundsteuererklaerungen\/#breadcrumb","itemListElement":[{"@type":"ListItem","position":1,"name":"Home","item":"https:\/\/www.buhl.de\/presse\/"},{"@type":"ListItem","position":2,"name":"So reagieren die Bundesl\u00e4nder auf fehlende Grundsteuererkl\u00e4rungen"}]},{"@type":"WebSite","@id":"https:\/\/www.buhl.de\/presse\/#website","url":"https:\/\/www.buhl.de\/presse\/","name":"Presseinformationen","description":"der Buhl-Gruppe","potentialAction":[{"@type":"SearchAction","target":{"@type":"EntryPoint","urlTemplate":"https:\/\/www.buhl.de\/presse\/?s={search_term_string}"},"query-input":{"@type":"PropertyValueSpecification","valueRequired":true,"valueName":"search_term_string"}}],"inLanguage":"de"},{"@type":"Person","@id":"https:\/\/www.buhl.de\/presse\/#\/schema\/person\/bb1f653d0be9121eaf44bae0bdd05483","name":"Thomas Matena","url":"https:\/\/www.buhl.de\/presse\/author\/tmatema\/"}]}},"_links":{"self":[{"href":"https:\/\/www.buhl.de\/presse\/wp-json\/wp\/v2\/posts\/1215","targetHints":{"allow":["GET"]}}],"collection":[{"href":"https:\/\/www.buhl.de\/presse\/wp-json\/wp\/v2\/posts"}],"about":[{"href":"https:\/\/www.buhl.de\/presse\/wp-json\/wp\/v2\/types\/post"}],"author":[{"embeddable":true,"href":"https:\/\/www.buhl.de\/presse\/wp-json\/wp\/v2\/users\/18"}],"replies":[{"embeddable":true,"href":"https:\/\/www.buhl.de\/presse\/wp-json\/wp\/v2\/comments?post=1215"}],"version-history":[{"count":1,"href":"https:\/\/www.buhl.de\/presse\/wp-json\/wp\/v2\/posts\/1215\/revisions"}],"predecessor-version":[{"id":1216,"href":"https:\/\/www.buhl.de\/presse\/wp-json\/wp\/v2\/posts\/1215\/revisions\/1216"}],"wp:attachment":[{"href":"https:\/\/www.buhl.de\/presse\/wp-json\/wp\/v2\/media?parent=1215"}],"wp:term":[{"taxonomy":"category","embeddable":true,"href":"https:\/\/www.buhl.de\/presse\/wp-json\/wp\/v2\/categories?post=1215"},{"taxonomy":"post_tag","embeddable":true,"href":"https:\/\/www.buhl.de\/presse\/wp-json\/wp\/v2\/tags?post=1215"}],"curies":[{"name":"wp","href":"https:\/\/api.w.org\/{rel}","templated":true}]}}