{"id":157,"date":"2009-06-01T14:45:41","date_gmt":"2009-06-01T12:45:41","guid":{"rendered":"http:\/\/presse.buhl.de\/?p=157"},"modified":"2009-06-01T14:45:41","modified_gmt":"2009-06-01T12:45:41","slug":"buhl-data-unterstutzt-afb-arbeit-fur-menschen-mit-behinderungen","status":"publish","type":"post","link":"https:\/\/www.buhl.de\/presse\/buhl-data-unterstutzt-afb-arbeit-fur-menschen-mit-behinderungen\/","title":{"rendered":"Buhl Data unterst\u00fctzt AfB &#8211; Arbeit f\u00fcr Menschen mit Behinderungen"},"content":{"rendered":"<p><em>Menschen mit Behinderungen leben oft mit starken Einschr\u00e4nkungen &#8211; privat, in der \u00d6ffentlichkeit und auch im Beruf. Vielfach wird jedoch nicht die Behinderung als st\u00f6rend empfunden, sondern fehlende Aufgaben, um dem Leben eine sinnvolle Perspektive zu geben. Buhl Data Service unterst\u00fctzt deshalb gemeinsam mit der AfB gGmbH (Arbeit f\u00fcr Menschen mit Behinderungen) die Integration behinderter Menschen in die Berufswelt.<\/em><\/p>\n<p>Die AfB gGmbH hat in mehreren Musterbetrieben zahlreiche Arbeitspl\u00e4tze f\u00fcr behinderte Menschen geschaffen. Buhl Data Service kooperiert mit dem AfB-Standort K\u00f6ln, an dem gebrauchte IT-Hardware durch Menschen mit Behinderungen aufbereitet und weiterverkauft wird. Dazu stellt Buhl Data funktionsf\u00e4hige PC-Systeme sowie Peripherie-Ger\u00e4te inklusive PC-Zubeh\u00f6r zu Verf\u00fcgung, die nicht mehr ben\u00f6tigt werden. Die aufbereiteten Ger\u00e4te werden dann im AfB-Lagerverkauf zu attraktiven Preisen angeboten.<\/p>\n<p>Weitere Informationen: <a href=\"http:\/\/www.afb24.com\" target=\"_blank\">www.afb24.com<\/a><\/p>\n","protected":false},"excerpt":{"rendered":"<p>Menschen mit Behinderungen leben oft mit starken Einschr\u00e4nkungen &#8211; privat, in der \u00d6ffentlichkeit und auch im Beruf. Vielfach wird jedoch nicht die Behinderung als st\u00f6rend empfunden, sondern fehlende Aufgaben, um dem Leben eine sinnvolle Perspektive zu geben. Buhl Data Service unterst\u00fctzt deshalb gemeinsam mit der AfB gGmbH (Arbeit f\u00fcr Menschen mit Behinderungen) die Integration behinderter &hellip; <a href=\"https:\/\/www.buhl.de\/presse\/buhl-data-unterstutzt-afb-arbeit-fur-menschen-mit-behinderungen\/\" class=\"more-link\"><span class=\"screen-reader-text\">Buhl Data unterst\u00fctzt AfB &#8211; Arbeit f\u00fcr Menschen mit Behinderungen<\/span> weiterlesen <span class=\"meta-nav\">&rarr;<\/span><\/a><\/p>\n","protected":false},"author":18,"featured_media":0,"comment_status":"open","ping_status":"open","sticky":false,"template":"","format":"standard","meta":{"footnotes":""},"categories":[1],"tags":[],"class_list":["post-157","post","type-post","status-publish","format-standard","hentry","category-allgemein"],"yoast_head":"<!-- This site is optimized with the Yoast SEO Premium plugin v27.4 (Yoast SEO v27.5) - https:\/\/yoast.com\/product\/yoast-seo-premium-wordpress\/ -->\n<title>Buhl Data unterst\u00fctzt AfB - Arbeit f\u00fcr Menschen mit Behinderungen - Presseinformationen<\/title>\n<meta name=\"robots\" content=\"noindex, follow\" \/>\n<meta property=\"og:locale\" content=\"de_DE\" \/>\n<meta property=\"og:type\" content=\"article\" \/>\n<meta property=\"og:title\" content=\"Buhl Data unterst\u00fctzt AfB - Arbeit f\u00fcr Menschen mit Behinderungen\" \/>\n<meta property=\"og:description\" content=\"Menschen mit Behinderungen leben oft mit starken Einschr\u00e4nkungen &#8211; privat, in der \u00d6ffentlichkeit und auch im Beruf. Vielfach wird jedoch nicht die Behinderung als st\u00f6rend empfunden, sondern fehlende Aufgaben, um dem Leben eine sinnvolle Perspektive zu geben. Buhl Data Service unterst\u00fctzt deshalb gemeinsam mit der AfB gGmbH (Arbeit f\u00fcr Menschen mit Behinderungen) die Integration behinderter &hellip; Buhl Data unterst\u00fctzt AfB &#8211; Arbeit f\u00fcr Menschen mit Behinderungen weiterlesen &rarr;\" \/>\n<meta property=\"og:url\" content=\"https:\/\/www.buhl.de\/presse\/buhl-data-unterstutzt-afb-arbeit-fur-menschen-mit-behinderungen\/\" \/>\n<meta property=\"og:site_name\" content=\"Presseinformationen\" \/>\n<meta property=\"article:published_time\" content=\"2009-06-01T12:45:41+00:00\" \/>\n<meta name=\"author\" content=\"Thomas Matena\" \/>\n<meta name=\"twitter:card\" content=\"summary_large_image\" \/>\n<meta name=\"twitter:label1\" content=\"Verfasst von\" \/>\n\t<meta name=\"twitter:data1\" content=\"Thomas Matena\" \/>\n\t<meta name=\"twitter:label2\" content=\"Gesch\u00e4tzte Lesezeit\" \/>\n\t<meta name=\"twitter:data2\" content=\"1\u00a0Minute\" \/>\n<script type=\"application\/ld+json\" class=\"yoast-schema-graph\">{\"@context\":\"https:\\\/\\\/schema.org\",\"@graph\":[{\"@type\":\"Article\",\"@id\":\"https:\\\/\\\/www.buhl.de\\\/presse\\\/buhl-data-unterstutzt-afb-arbeit-fur-menschen-mit-behinderungen\\\/#article\",\"isPartOf\":{\"@id\":\"https:\\\/\\\/www.buhl.de\\\/presse\\\/buhl-data-unterstutzt-afb-arbeit-fur-menschen-mit-behinderungen\\\/\"},\"author\":{\"name\":\"Thomas Matena\",\"@id\":\"https:\\\/\\\/www.buhl.de\\\/presse\\\/#\\\/schema\\\/person\\\/bb1f653d0be9121eaf44bae0bdd05483\"},\"headline\":\"Buhl Data unterst\u00fctzt AfB &#8211; Arbeit f\u00fcr Menschen mit Behinderungen\",\"datePublished\":\"2009-06-01T12:45:41+00:00\",\"mainEntityOfPage\":{\"@id\":\"https:\\\/\\\/www.buhl.de\\\/presse\\\/buhl-data-unterstutzt-afb-arbeit-fur-menschen-mit-behinderungen\\\/\"},\"wordCount\":150,\"commentCount\":0,\"inLanguage\":\"de\",\"potentialAction\":[{\"@type\":\"CommentAction\",\"name\":\"Comment\",\"target\":[\"https:\\\/\\\/www.buhl.de\\\/presse\\\/buhl-data-unterstutzt-afb-arbeit-fur-menschen-mit-behinderungen\\\/#respond\"]}]},{\"@type\":\"WebPage\",\"@id\":\"https:\\\/\\\/www.buhl.de\\\/presse\\\/buhl-data-unterstutzt-afb-arbeit-fur-menschen-mit-behinderungen\\\/\",\"url\":\"https:\\\/\\\/www.buhl.de\\\/presse\\\/buhl-data-unterstutzt-afb-arbeit-fur-menschen-mit-behinderungen\\\/\",\"name\":\"Buhl Data unterst\u00fctzt AfB - Arbeit f\u00fcr Menschen mit Behinderungen - Presseinformationen\",\"isPartOf\":{\"@id\":\"https:\\\/\\\/www.buhl.de\\\/presse\\\/#website\"},\"datePublished\":\"2009-06-01T12:45:41+00:00\",\"author\":{\"@id\":\"https:\\\/\\\/www.buhl.de\\\/presse\\\/#\\\/schema\\\/person\\\/bb1f653d0be9121eaf44bae0bdd05483\"},\"breadcrumb\":{\"@id\":\"https:\\\/\\\/www.buhl.de\\\/presse\\\/buhl-data-unterstutzt-afb-arbeit-fur-menschen-mit-behinderungen\\\/#breadcrumb\"},\"inLanguage\":\"de\",\"potentialAction\":[{\"@type\":\"ReadAction\",\"target\":[\"https:\\\/\\\/www.buhl.de\\\/presse\\\/buhl-data-unterstutzt-afb-arbeit-fur-menschen-mit-behinderungen\\\/\"]}]},{\"@type\":\"BreadcrumbList\",\"@id\":\"https:\\\/\\\/www.buhl.de\\\/presse\\\/buhl-data-unterstutzt-afb-arbeit-fur-menschen-mit-behinderungen\\\/#breadcrumb\",\"itemListElement\":[{\"@type\":\"ListItem\",\"position\":1,\"name\":\"Home\",\"item\":\"https:\\\/\\\/www.buhl.de\\\/presse\\\/\"},{\"@type\":\"ListItem\",\"position\":2,\"name\":\"Buhl Data unterst\u00fctzt AfB &#8211; Arbeit f\u00fcr Menschen mit Behinderungen\"}]},{\"@type\":\"WebSite\",\"@id\":\"https:\\\/\\\/www.buhl.de\\\/presse\\\/#website\",\"url\":\"https:\\\/\\\/www.buhl.de\\\/presse\\\/\",\"name\":\"Presseinformationen\",\"description\":\"der Buhl-Gruppe\",\"potentialAction\":[{\"@type\":\"SearchAction\",\"target\":{\"@type\":\"EntryPoint\",\"urlTemplate\":\"https:\\\/\\\/www.buhl.de\\\/presse\\\/?s={search_term_string}\"},\"query-input\":{\"@type\":\"PropertyValueSpecification\",\"valueRequired\":true,\"valueName\":\"search_term_string\"}}],\"inLanguage\":\"de\"},{\"@type\":\"Person\",\"@id\":\"https:\\\/\\\/www.buhl.de\\\/presse\\\/#\\\/schema\\\/person\\\/bb1f653d0be9121eaf44bae0bdd05483\",\"name\":\"Thomas Matena\",\"url\":\"https:\\\/\\\/www.buhl.de\\\/presse\\\/author\\\/tmatema\\\/\"}]}<\/script>\n<!-- \/ Yoast SEO Premium plugin. -->","yoast_head_json":{"title":"Buhl Data unterst\u00fctzt AfB - Arbeit f\u00fcr Menschen mit Behinderungen - Presseinformationen","robots":{"index":"noindex","follow":"follow"},"og_locale":"de_DE","og_type":"article","og_title":"Buhl Data unterst\u00fctzt AfB - Arbeit f\u00fcr Menschen mit Behinderungen","og_description":"Menschen mit Behinderungen leben oft mit starken Einschr\u00e4nkungen &#8211; privat, in der \u00d6ffentlichkeit und auch im Beruf. Vielfach wird jedoch nicht die Behinderung als st\u00f6rend empfunden, sondern fehlende Aufgaben, um dem Leben eine sinnvolle Perspektive zu geben. Buhl Data Service unterst\u00fctzt deshalb gemeinsam mit der AfB gGmbH (Arbeit f\u00fcr Menschen mit Behinderungen) die Integration behinderter &hellip; Buhl Data unterst\u00fctzt AfB &#8211; Arbeit f\u00fcr Menschen mit Behinderungen weiterlesen &rarr;","og_url":"https:\/\/www.buhl.de\/presse\/buhl-data-unterstutzt-afb-arbeit-fur-menschen-mit-behinderungen\/","og_site_name":"Presseinformationen","article_published_time":"2009-06-01T12:45:41+00:00","author":"Thomas Matena","twitter_card":"summary_large_image","twitter_misc":{"Verfasst von":"Thomas Matena","Gesch\u00e4tzte Lesezeit":"1\u00a0Minute"},"schema":{"@context":"https:\/\/schema.org","@graph":[{"@type":"Article","@id":"https:\/\/www.buhl.de\/presse\/buhl-data-unterstutzt-afb-arbeit-fur-menschen-mit-behinderungen\/#article","isPartOf":{"@id":"https:\/\/www.buhl.de\/presse\/buhl-data-unterstutzt-afb-arbeit-fur-menschen-mit-behinderungen\/"},"author":{"name":"Thomas Matena","@id":"https:\/\/www.buhl.de\/presse\/#\/schema\/person\/bb1f653d0be9121eaf44bae0bdd05483"},"headline":"Buhl Data unterst\u00fctzt AfB &#8211; Arbeit f\u00fcr Menschen mit Behinderungen","datePublished":"2009-06-01T12:45:41+00:00","mainEntityOfPage":{"@id":"https:\/\/www.buhl.de\/presse\/buhl-data-unterstutzt-afb-arbeit-fur-menschen-mit-behinderungen\/"},"wordCount":150,"commentCount":0,"inLanguage":"de","potentialAction":[{"@type":"CommentAction","name":"Comment","target":["https:\/\/www.buhl.de\/presse\/buhl-data-unterstutzt-afb-arbeit-fur-menschen-mit-behinderungen\/#respond"]}]},{"@type":"WebPage","@id":"https:\/\/www.buhl.de\/presse\/buhl-data-unterstutzt-afb-arbeit-fur-menschen-mit-behinderungen\/","url":"https:\/\/www.buhl.de\/presse\/buhl-data-unterstutzt-afb-arbeit-fur-menschen-mit-behinderungen\/","name":"Buhl Data unterst\u00fctzt AfB - Arbeit f\u00fcr Menschen mit Behinderungen - Presseinformationen","isPartOf":{"@id":"https:\/\/www.buhl.de\/presse\/#website"},"datePublished":"2009-06-01T12:45:41+00:00","author":{"@id":"https:\/\/www.buhl.de\/presse\/#\/schema\/person\/bb1f653d0be9121eaf44bae0bdd05483"},"breadcrumb":{"@id":"https:\/\/www.buhl.de\/presse\/buhl-data-unterstutzt-afb-arbeit-fur-menschen-mit-behinderungen\/#breadcrumb"},"inLanguage":"de","potentialAction":[{"@type":"ReadAction","target":["https:\/\/www.buhl.de\/presse\/buhl-data-unterstutzt-afb-arbeit-fur-menschen-mit-behinderungen\/"]}]},{"@type":"BreadcrumbList","@id":"https:\/\/www.buhl.de\/presse\/buhl-data-unterstutzt-afb-arbeit-fur-menschen-mit-behinderungen\/#breadcrumb","itemListElement":[{"@type":"ListItem","position":1,"name":"Home","item":"https:\/\/www.buhl.de\/presse\/"},{"@type":"ListItem","position":2,"name":"Buhl Data unterst\u00fctzt AfB &#8211; Arbeit f\u00fcr Menschen mit Behinderungen"}]},{"@type":"WebSite","@id":"https:\/\/www.buhl.de\/presse\/#website","url":"https:\/\/www.buhl.de\/presse\/","name":"Presseinformationen","description":"der Buhl-Gruppe","potentialAction":[{"@type":"SearchAction","target":{"@type":"EntryPoint","urlTemplate":"https:\/\/www.buhl.de\/presse\/?s={search_term_string}"},"query-input":{"@type":"PropertyValueSpecification","valueRequired":true,"valueName":"search_term_string"}}],"inLanguage":"de"},{"@type":"Person","@id":"https:\/\/www.buhl.de\/presse\/#\/schema\/person\/bb1f653d0be9121eaf44bae0bdd05483","name":"Thomas Matena","url":"https:\/\/www.buhl.de\/presse\/author\/tmatema\/"}]}},"_links":{"self":[{"href":"https:\/\/www.buhl.de\/presse\/wp-json\/wp\/v2\/posts\/157","targetHints":{"allow":["GET"]}}],"collection":[{"href":"https:\/\/www.buhl.de\/presse\/wp-json\/wp\/v2\/posts"}],"about":[{"href":"https:\/\/www.buhl.de\/presse\/wp-json\/wp\/v2\/types\/post"}],"author":[{"embeddable":true,"href":"https:\/\/www.buhl.de\/presse\/wp-json\/wp\/v2\/users\/18"}],"replies":[{"embeddable":true,"href":"https:\/\/www.buhl.de\/presse\/wp-json\/wp\/v2\/comments?post=157"}],"version-history":[{"count":0,"href":"https:\/\/www.buhl.de\/presse\/wp-json\/wp\/v2\/posts\/157\/revisions"}],"wp:attachment":[{"href":"https:\/\/www.buhl.de\/presse\/wp-json\/wp\/v2\/media?parent=157"}],"wp:term":[{"taxonomy":"category","embeddable":true,"href":"https:\/\/www.buhl.de\/presse\/wp-json\/wp\/v2\/categories?post=157"},{"taxonomy":"post_tag","embeddable":true,"href":"https:\/\/www.buhl.de\/presse\/wp-json\/wp\/v2\/tags?post=157"}],"curies":[{"name":"wp","href":"https:\/\/api.w.org\/{rel}","templated":true}]}}