{"id":248,"date":"2010-11-22T14:25:24","date_gmt":"2010-11-22T12:25:24","guid":{"rendered":"http:\/\/presse.buhl.de\/?p=248"},"modified":"2010-11-22T14:25:24","modified_gmt":"2010-11-22T12:25:24","slug":"nebenkosten-richtig-abrechnen","status":"publish","type":"post","link":"https:\/\/www.buhl.de\/presse\/nebenkosten-richtig-abrechnen\/","title":{"rendered":"Nebenkosten richtig abrechnen"},"content":{"rendered":"<p><em>Geht es nach den Meteorologen, h\u00e4lt diese Woche der Winter Einzug in Deutschland. Was liegt da n\u00e4her, als die Heizung ein wenig h\u00f6her zu drehen? Doch Heizkosten sind die teuersten Nebenkosten. Daher lohnt es sich, die Nebenkostenabrechnung genau zu pr\u00fcfen. hausblick.de liefert ein kostenloses Muster f\u00fcr eine korrekte Abrechnung.<\/em><\/p>\n<p>Der Winter kehrt ein, die Temperaturen fallen und drinnen hat man es gerne kuschelig warm. Doch w\u00e4hrend der Mieter die Heizung aufdreht, tr\u00e4gt der Vermieter das Risiko: Er muss in Vorleistung gehen und sich dann darum k\u00fcmmern, die Mehrkosten von seinen Mietern erstattet zu bekommen.<\/p>\n<p>Grund genug, bei der Nebenkostenabrechnung alles richtig zu machen. Denn schon der kleinste Formfehler f\u00fchrt dazu, dass die gesamte Abrechnung ung\u00fcltig ist. Im schlimmsten Fall bleibt der Vermieter sogar ganz auf seinen Kosten sitzen.<strong><\/strong><\/p>\n<p>Hier hilft die Musterabrechnung von hausblick: Sie zeigt, wie eine korrekte Nebenkostenabrechnung\u00a0aussehen muss und was Vermieter und Mieter beachten sollten.<\/p>\n<p>Kostenloser Download als PDF: <a title=\"Nebenkostenabrechnung Muster\" href=\"http:\/\/www.hausblick.de\/nebenkostenabrechnung-muster-kostenlos\">www.hausblick.de\/nebenkostenabrechnung-muster-kostenlos<\/a><\/p>\n","protected":false},"excerpt":{"rendered":"<p>Geht es nach den Meteorologen, h\u00e4lt diese Woche der Winter Einzug in Deutschland. Was liegt da n\u00e4her, als die Heizung ein wenig h\u00f6her zu drehen? Doch Heizkosten sind die teuersten Nebenkosten. Daher lohnt es sich, die Nebenkostenabrechnung genau zu pr\u00fcfen. hausblick.de liefert ein kostenloses Muster f\u00fcr eine korrekte Abrechnung. Der Winter kehrt ein, die Temperaturen &hellip; <a href=\"https:\/\/www.buhl.de\/presse\/nebenkosten-richtig-abrechnen\/\" class=\"more-link\"><span class=\"screen-reader-text\">Nebenkosten richtig abrechnen<\/span> weiterlesen <span class=\"meta-nav\">&rarr;<\/span><\/a><\/p>\n","protected":false},"author":18,"featured_media":0,"comment_status":"open","ping_status":"open","sticky":false,"template":"","format":"standard","meta":{"footnotes":""},"categories":[1],"tags":[],"class_list":["post-248","post","type-post","status-publish","format-standard","hentry","category-allgemein"],"yoast_head":"<!-- This site is optimized with the Yoast SEO Premium plugin v27.4 (Yoast SEO v27.5) - https:\/\/yoast.com\/product\/yoast-seo-premium-wordpress\/ -->\n<title>Nebenkosten richtig abrechnen - Presseinformationen<\/title>\n<meta name=\"robots\" content=\"noindex, follow\" \/>\n<meta property=\"og:locale\" content=\"de_DE\" \/>\n<meta property=\"og:type\" content=\"article\" \/>\n<meta property=\"og:title\" content=\"Nebenkosten richtig abrechnen\" \/>\n<meta property=\"og:description\" content=\"Geht es nach den Meteorologen, h\u00e4lt diese Woche der Winter Einzug in Deutschland. Was liegt da n\u00e4her, als die Heizung ein wenig h\u00f6her zu drehen? Doch Heizkosten sind die teuersten Nebenkosten. Daher lohnt es sich, die Nebenkostenabrechnung genau zu pr\u00fcfen. hausblick.de liefert ein kostenloses Muster f\u00fcr eine korrekte Abrechnung. Der Winter kehrt ein, die Temperaturen &hellip; Nebenkosten richtig abrechnen weiterlesen &rarr;\" \/>\n<meta property=\"og:url\" content=\"https:\/\/www.buhl.de\/presse\/nebenkosten-richtig-abrechnen\/\" \/>\n<meta property=\"og:site_name\" content=\"Presseinformationen\" \/>\n<meta property=\"article:published_time\" content=\"2010-11-22T12:25:24+00:00\" \/>\n<meta name=\"author\" content=\"Thomas Matena\" \/>\n<meta name=\"twitter:card\" content=\"summary_large_image\" \/>\n<meta name=\"twitter:label1\" content=\"Verfasst von\" \/>\n\t<meta name=\"twitter:data1\" content=\"Thomas Matena\" \/>\n\t<meta name=\"twitter:label2\" content=\"Gesch\u00e4tzte Lesezeit\" \/>\n\t<meta name=\"twitter:data2\" content=\"1\u00a0Minute\" \/>\n<script type=\"application\/ld+json\" class=\"yoast-schema-graph\">{\"@context\":\"https:\\\/\\\/schema.org\",\"@graph\":[{\"@type\":\"Article\",\"@id\":\"https:\\\/\\\/www.buhl.de\\\/presse\\\/nebenkosten-richtig-abrechnen\\\/#article\",\"isPartOf\":{\"@id\":\"https:\\\/\\\/www.buhl.de\\\/presse\\\/nebenkosten-richtig-abrechnen\\\/\"},\"author\":{\"name\":\"Thomas Matena\",\"@id\":\"https:\\\/\\\/www.buhl.de\\\/presse\\\/#\\\/schema\\\/person\\\/bb1f653d0be9121eaf44bae0bdd05483\"},\"headline\":\"Nebenkosten richtig abrechnen\",\"datePublished\":\"2010-11-22T12:25:24+00:00\",\"mainEntityOfPage\":{\"@id\":\"https:\\\/\\\/www.buhl.de\\\/presse\\\/nebenkosten-richtig-abrechnen\\\/\"},\"wordCount\":171,\"commentCount\":0,\"inLanguage\":\"de\",\"potentialAction\":[{\"@type\":\"CommentAction\",\"name\":\"Comment\",\"target\":[\"https:\\\/\\\/www.buhl.de\\\/presse\\\/nebenkosten-richtig-abrechnen\\\/#respond\"]}]},{\"@type\":\"WebPage\",\"@id\":\"https:\\\/\\\/www.buhl.de\\\/presse\\\/nebenkosten-richtig-abrechnen\\\/\",\"url\":\"https:\\\/\\\/www.buhl.de\\\/presse\\\/nebenkosten-richtig-abrechnen\\\/\",\"name\":\"Nebenkosten richtig abrechnen - Presseinformationen\",\"isPartOf\":{\"@id\":\"https:\\\/\\\/www.buhl.de\\\/presse\\\/#website\"},\"datePublished\":\"2010-11-22T12:25:24+00:00\",\"author\":{\"@id\":\"https:\\\/\\\/www.buhl.de\\\/presse\\\/#\\\/schema\\\/person\\\/bb1f653d0be9121eaf44bae0bdd05483\"},\"breadcrumb\":{\"@id\":\"https:\\\/\\\/www.buhl.de\\\/presse\\\/nebenkosten-richtig-abrechnen\\\/#breadcrumb\"},\"inLanguage\":\"de\",\"potentialAction\":[{\"@type\":\"ReadAction\",\"target\":[\"https:\\\/\\\/www.buhl.de\\\/presse\\\/nebenkosten-richtig-abrechnen\\\/\"]}]},{\"@type\":\"BreadcrumbList\",\"@id\":\"https:\\\/\\\/www.buhl.de\\\/presse\\\/nebenkosten-richtig-abrechnen\\\/#breadcrumb\",\"itemListElement\":[{\"@type\":\"ListItem\",\"position\":1,\"name\":\"Home\",\"item\":\"https:\\\/\\\/www.buhl.de\\\/presse\\\/\"},{\"@type\":\"ListItem\",\"position\":2,\"name\":\"Nebenkosten richtig abrechnen\"}]},{\"@type\":\"WebSite\",\"@id\":\"https:\\\/\\\/www.buhl.de\\\/presse\\\/#website\",\"url\":\"https:\\\/\\\/www.buhl.de\\\/presse\\\/\",\"name\":\"Presseinformationen\",\"description\":\"der Buhl-Gruppe\",\"potentialAction\":[{\"@type\":\"SearchAction\",\"target\":{\"@type\":\"EntryPoint\",\"urlTemplate\":\"https:\\\/\\\/www.buhl.de\\\/presse\\\/?s={search_term_string}\"},\"query-input\":{\"@type\":\"PropertyValueSpecification\",\"valueRequired\":true,\"valueName\":\"search_term_string\"}}],\"inLanguage\":\"de\"},{\"@type\":\"Person\",\"@id\":\"https:\\\/\\\/www.buhl.de\\\/presse\\\/#\\\/schema\\\/person\\\/bb1f653d0be9121eaf44bae0bdd05483\",\"name\":\"Thomas Matena\",\"url\":\"https:\\\/\\\/www.buhl.de\\\/presse\\\/author\\\/tmatema\\\/\"}]}<\/script>\n<!-- \/ Yoast SEO Premium plugin. -->","yoast_head_json":{"title":"Nebenkosten richtig abrechnen - Presseinformationen","robots":{"index":"noindex","follow":"follow"},"og_locale":"de_DE","og_type":"article","og_title":"Nebenkosten richtig abrechnen","og_description":"Geht es nach den Meteorologen, h\u00e4lt diese Woche der Winter Einzug in Deutschland. Was liegt da n\u00e4her, als die Heizung ein wenig h\u00f6her zu drehen? Doch Heizkosten sind die teuersten Nebenkosten. Daher lohnt es sich, die Nebenkostenabrechnung genau zu pr\u00fcfen. hausblick.de liefert ein kostenloses Muster f\u00fcr eine korrekte Abrechnung. Der Winter kehrt ein, die Temperaturen &hellip; Nebenkosten richtig abrechnen weiterlesen &rarr;","og_url":"https:\/\/www.buhl.de\/presse\/nebenkosten-richtig-abrechnen\/","og_site_name":"Presseinformationen","article_published_time":"2010-11-22T12:25:24+00:00","author":"Thomas Matena","twitter_card":"summary_large_image","twitter_misc":{"Verfasst von":"Thomas Matena","Gesch\u00e4tzte Lesezeit":"1\u00a0Minute"},"schema":{"@context":"https:\/\/schema.org","@graph":[{"@type":"Article","@id":"https:\/\/www.buhl.de\/presse\/nebenkosten-richtig-abrechnen\/#article","isPartOf":{"@id":"https:\/\/www.buhl.de\/presse\/nebenkosten-richtig-abrechnen\/"},"author":{"name":"Thomas Matena","@id":"https:\/\/www.buhl.de\/presse\/#\/schema\/person\/bb1f653d0be9121eaf44bae0bdd05483"},"headline":"Nebenkosten richtig abrechnen","datePublished":"2010-11-22T12:25:24+00:00","mainEntityOfPage":{"@id":"https:\/\/www.buhl.de\/presse\/nebenkosten-richtig-abrechnen\/"},"wordCount":171,"commentCount":0,"inLanguage":"de","potentialAction":[{"@type":"CommentAction","name":"Comment","target":["https:\/\/www.buhl.de\/presse\/nebenkosten-richtig-abrechnen\/#respond"]}]},{"@type":"WebPage","@id":"https:\/\/www.buhl.de\/presse\/nebenkosten-richtig-abrechnen\/","url":"https:\/\/www.buhl.de\/presse\/nebenkosten-richtig-abrechnen\/","name":"Nebenkosten richtig abrechnen - Presseinformationen","isPartOf":{"@id":"https:\/\/www.buhl.de\/presse\/#website"},"datePublished":"2010-11-22T12:25:24+00:00","author":{"@id":"https:\/\/www.buhl.de\/presse\/#\/schema\/person\/bb1f653d0be9121eaf44bae0bdd05483"},"breadcrumb":{"@id":"https:\/\/www.buhl.de\/presse\/nebenkosten-richtig-abrechnen\/#breadcrumb"},"inLanguage":"de","potentialAction":[{"@type":"ReadAction","target":["https:\/\/www.buhl.de\/presse\/nebenkosten-richtig-abrechnen\/"]}]},{"@type":"BreadcrumbList","@id":"https:\/\/www.buhl.de\/presse\/nebenkosten-richtig-abrechnen\/#breadcrumb","itemListElement":[{"@type":"ListItem","position":1,"name":"Home","item":"https:\/\/www.buhl.de\/presse\/"},{"@type":"ListItem","position":2,"name":"Nebenkosten richtig abrechnen"}]},{"@type":"WebSite","@id":"https:\/\/www.buhl.de\/presse\/#website","url":"https:\/\/www.buhl.de\/presse\/","name":"Presseinformationen","description":"der Buhl-Gruppe","potentialAction":[{"@type":"SearchAction","target":{"@type":"EntryPoint","urlTemplate":"https:\/\/www.buhl.de\/presse\/?s={search_term_string}"},"query-input":{"@type":"PropertyValueSpecification","valueRequired":true,"valueName":"search_term_string"}}],"inLanguage":"de"},{"@type":"Person","@id":"https:\/\/www.buhl.de\/presse\/#\/schema\/person\/bb1f653d0be9121eaf44bae0bdd05483","name":"Thomas Matena","url":"https:\/\/www.buhl.de\/presse\/author\/tmatema\/"}]}},"_links":{"self":[{"href":"https:\/\/www.buhl.de\/presse\/wp-json\/wp\/v2\/posts\/248","targetHints":{"allow":["GET"]}}],"collection":[{"href":"https:\/\/www.buhl.de\/presse\/wp-json\/wp\/v2\/posts"}],"about":[{"href":"https:\/\/www.buhl.de\/presse\/wp-json\/wp\/v2\/types\/post"}],"author":[{"embeddable":true,"href":"https:\/\/www.buhl.de\/presse\/wp-json\/wp\/v2\/users\/18"}],"replies":[{"embeddable":true,"href":"https:\/\/www.buhl.de\/presse\/wp-json\/wp\/v2\/comments?post=248"}],"version-history":[{"count":0,"href":"https:\/\/www.buhl.de\/presse\/wp-json\/wp\/v2\/posts\/248\/revisions"}],"wp:attachment":[{"href":"https:\/\/www.buhl.de\/presse\/wp-json\/wp\/v2\/media?parent=248"}],"wp:term":[{"taxonomy":"category","embeddable":true,"href":"https:\/\/www.buhl.de\/presse\/wp-json\/wp\/v2\/categories?post=248"},{"taxonomy":"post_tag","embeddable":true,"href":"https:\/\/www.buhl.de\/presse\/wp-json\/wp\/v2\/tags?post=248"}],"curies":[{"name":"wp","href":"https:\/\/api.w.org\/{rel}","templated":true}]}}