{"id":289,"date":"2011-09-22T13:30:10","date_gmt":"2011-09-22T11:30:10","guid":{"rendered":"http:\/\/presse.buhl.de\/?p=289"},"modified":"2011-09-22T13:30:10","modified_gmt":"2011-09-22T11:30:10","slug":"endlich-steuern-sparen-mit-dem-mac","status":"publish","type":"post","link":"https:\/\/www.buhl.de\/presse\/endlich-steuern-sparen-mit-dem-mac\/","title":{"rendered":"Endlich: Steuern sparen mit dem Mac"},"content":{"rendered":"<p><em>F\u00fcr Millionen PC-Nutzer ist sie l\u00e4ngst Gewohnheit: Die selbst erstellte Steuererkl\u00e4rung am Computer. Leider war Software f\u00fcr die Steuererkl\u00e4rung bisher Windows-Nutzern vorbehalten. Aber damit ist jetzt Schluss: Mitte November ver\u00f6ffentlicht Buhl Data mit \u201eWISO steuer:Mac 2012\u201c die erste WISO Steuersoftware f\u00fcr Mac OS X.<\/em><\/p>\n<p>Eine gute Nachricht f\u00fcr alle Mac-Anwender: Bei der kommenden Steuererkl\u00e4rung f\u00fcr 2011 k\u00f6nnen sie mit ihrem Mac richtig Steuern sparen. \u201eWISO steuer:Mac 2012\u201c bringt die Erfahrung der vielfach ausgezeichneten WISO Steuersoftware endlich auch auf iMac, MacBook &amp; Co.<\/p>\n<p>WISO steuer:Mac ist eine native Mac OS-Anwendung f\u00fcr Apple Rechner ab OS X Version 10.6, l\u00e4uft also unter Snow Leopard und Lion. Beim Leistungsumfang macht WISO steuer:Mac 2012 keine Kompromisse: Alle Formulare f\u00fcr die Einkommensteuererkl\u00e4rung 2011 sind enthalten, auch Sonderf\u00e4lle werden abgedeckt. Komplett mit Umsatz- und Gewerbesteuererkl\u00e4rung sowie Umsatzsteuervoranmeldung f\u00fcr Selbstst\u00e4ndige.<\/p>\n<p>\u201eIn den letzten Jahren entscheiden sich immer mehr Anwender f\u00fcr einen Mac. Damit war es Zeit f\u00fcr die n\u00e4chste Innovation aus dem Hause Buhl\u201c, so Peter Schmitz, Gesch\u00e4ftsf\u00fchrer der Buhl Tax Service GmbH, die auch die WISO Steuer-Software entwickelt. \u201eMit WISO steuer:Mac profitiert endlich auch die gro\u00dfe Zahl der Mac-Anwender bei der Steuererkl\u00e4rung von der Kompetenz und Qualit\u00e4t von WISO. Und das mit dem typischen Mac-Feeling bei Ergonomie und Funktionalit\u00e4t. \u201c<\/p>\n<p>Sehr bequem: Wer bisher schon mit der WISO Steuersoftware gearbeitet hat, \u00fcbernimmt seine Vorjahresdaten aus den Windows-Programmen WISO Steuer-Sparbuch 2011 und WISO Steuer 2011. Auch Anwender, die bisher den Onlinedienst WISO InternetSparbuch genutzt haben, k\u00f6nnen ihre Daten einfach auf den Mac \u00fcbernehmen.<\/p>\n<p>WISO steuer:Mac 2012 ist ab Mitte November verf\u00fcgbar. Wer noch rechtzeitig bis zum Jahresende sein komplettes Steuer-Spar-Potential nutzen m\u00f6chte, kann die Software schon jetzt unter<a title=\"WISO Steuersoftware f\u00fcr Mac OS X\" href=\"http:\/\/www.wiso-steuer-mac.de\"> www.wiso-steuer-mac.de<\/a> vorbestellen. Die Mac-Software kostet EUR 49,95 (unverbindliche Preisempfehlung).<\/p>\n<p><a title=\"Pressemappe WISO steuer:Mac 2012 (PDF)\" href=\"http:\/\/update.buhl-finance.com\/Presse\/Downloads\/Pressemappe_WISO_steuerMac.pdf\">Pressemappe herunterladen (PDF, 2 MB) &gt;&gt;<\/a><\/p>\n<p><a title=\"Produktbilder WISO steuer:Mac 2012\" href=\"http:\/\/update.buhl-finance.com\/Presse\/Packshots\/wiso_steuermac_2012.zip\">Produktbilder herunterladen (JPEG\/TIFF im ZIP-Archiv, 2 MB) &gt;&gt;<\/a><\/p>\n","protected":false},"excerpt":{"rendered":"<p>F\u00fcr Millionen PC-Nutzer ist sie l\u00e4ngst Gewohnheit: Die selbst erstellte Steuererkl\u00e4rung am Computer. Leider war Software f\u00fcr die Steuererkl\u00e4rung bisher Windows-Nutzern vorbehalten. Aber damit ist jetzt Schluss: Mitte November ver\u00f6ffentlicht Buhl Data mit \u201eWISO steuer:Mac 2012\u201c die erste WISO Steuersoftware f\u00fcr Mac OS X. Eine gute Nachricht f\u00fcr alle Mac-Anwender: Bei der kommenden Steuererkl\u00e4rung f\u00fcr &hellip; <a href=\"https:\/\/www.buhl.de\/presse\/endlich-steuern-sparen-mit-dem-mac\/\" class=\"more-link\"><span class=\"screen-reader-text\">Endlich: Steuern sparen mit dem Mac<\/span> weiterlesen <span class=\"meta-nav\">&rarr;<\/span><\/a><\/p>\n","protected":false},"author":18,"featured_media":0,"comment_status":"open","ping_status":"open","sticky":false,"template":"","format":"standard","meta":{"footnotes":""},"categories":[1,7,8],"tags":[],"class_list":["post-289","post","type-post","status-publish","format-standard","hentry","category-allgemein","category-software","category-steuern"],"yoast_head":"<!-- This site is optimized with the Yoast SEO Premium plugin v27.4 (Yoast SEO v27.5) - https:\/\/yoast.com\/product\/yoast-seo-premium-wordpress\/ -->\n<title>Endlich: Steuern sparen mit dem Mac - Presseinformationen<\/title>\n<meta name=\"robots\" content=\"noindex, follow\" \/>\n<meta property=\"og:locale\" content=\"de_DE\" \/>\n<meta property=\"og:type\" content=\"article\" \/>\n<meta property=\"og:title\" content=\"Endlich: Steuern sparen mit dem Mac\" \/>\n<meta property=\"og:description\" content=\"F\u00fcr Millionen PC-Nutzer ist sie l\u00e4ngst Gewohnheit: Die selbst erstellte Steuererkl\u00e4rung am Computer. Leider war Software f\u00fcr die Steuererkl\u00e4rung bisher Windows-Nutzern vorbehalten. Aber damit ist jetzt Schluss: Mitte November ver\u00f6ffentlicht Buhl Data mit \u201eWISO steuer:Mac 2012\u201c die erste WISO Steuersoftware f\u00fcr Mac OS X. Eine gute Nachricht f\u00fcr alle Mac-Anwender: Bei der kommenden Steuererkl\u00e4rung f\u00fcr &hellip; Endlich: Steuern sparen mit dem Mac weiterlesen &rarr;\" \/>\n<meta property=\"og:url\" content=\"https:\/\/www.buhl.de\/presse\/endlich-steuern-sparen-mit-dem-mac\/\" \/>\n<meta property=\"og:site_name\" content=\"Presseinformationen\" \/>\n<meta property=\"article:published_time\" content=\"2011-09-22T11:30:10+00:00\" \/>\n<meta name=\"author\" content=\"Thomas Matena\" \/>\n<meta name=\"twitter:card\" content=\"summary_large_image\" \/>\n<meta name=\"twitter:label1\" content=\"Verfasst von\" \/>\n\t<meta name=\"twitter:data1\" content=\"Thomas Matena\" \/>\n\t<meta name=\"twitter:label2\" content=\"Gesch\u00e4tzte Lesezeit\" \/>\n\t<meta name=\"twitter:data2\" content=\"2\u00a0Minuten\" \/>\n<script type=\"application\/ld+json\" class=\"yoast-schema-graph\">{\"@context\":\"https:\\\/\\\/schema.org\",\"@graph\":[{\"@type\":\"Article\",\"@id\":\"https:\\\/\\\/www.buhl.de\\\/presse\\\/endlich-steuern-sparen-mit-dem-mac\\\/#article\",\"isPartOf\":{\"@id\":\"https:\\\/\\\/www.buhl.de\\\/presse\\\/endlich-steuern-sparen-mit-dem-mac\\\/\"},\"author\":{\"name\":\"Thomas Matena\",\"@id\":\"https:\\\/\\\/www.buhl.de\\\/presse\\\/#\\\/schema\\\/person\\\/bb1f653d0be9121eaf44bae0bdd05483\"},\"headline\":\"Endlich: Steuern sparen mit dem Mac\",\"datePublished\":\"2011-09-22T11:30:10+00:00\",\"mainEntityOfPage\":{\"@id\":\"https:\\\/\\\/www.buhl.de\\\/presse\\\/endlich-steuern-sparen-mit-dem-mac\\\/\"},\"wordCount\":329,\"commentCount\":0,\"articleSection\":{\"1\":\"Software\",\"2\":\"Steuern\"},\"inLanguage\":\"de\",\"potentialAction\":[{\"@type\":\"CommentAction\",\"name\":\"Comment\",\"target\":[\"https:\\\/\\\/www.buhl.de\\\/presse\\\/endlich-steuern-sparen-mit-dem-mac\\\/#respond\"]}]},{\"@type\":\"WebPage\",\"@id\":\"https:\\\/\\\/www.buhl.de\\\/presse\\\/endlich-steuern-sparen-mit-dem-mac\\\/\",\"url\":\"https:\\\/\\\/www.buhl.de\\\/presse\\\/endlich-steuern-sparen-mit-dem-mac\\\/\",\"name\":\"Endlich: Steuern sparen mit dem Mac - Presseinformationen\",\"isPartOf\":{\"@id\":\"https:\\\/\\\/www.buhl.de\\\/presse\\\/#website\"},\"datePublished\":\"2011-09-22T11:30:10+00:00\",\"author\":{\"@id\":\"https:\\\/\\\/www.buhl.de\\\/presse\\\/#\\\/schema\\\/person\\\/bb1f653d0be9121eaf44bae0bdd05483\"},\"breadcrumb\":{\"@id\":\"https:\\\/\\\/www.buhl.de\\\/presse\\\/endlich-steuern-sparen-mit-dem-mac\\\/#breadcrumb\"},\"inLanguage\":\"de\",\"potentialAction\":[{\"@type\":\"ReadAction\",\"target\":[\"https:\\\/\\\/www.buhl.de\\\/presse\\\/endlich-steuern-sparen-mit-dem-mac\\\/\"]}]},{\"@type\":\"BreadcrumbList\",\"@id\":\"https:\\\/\\\/www.buhl.de\\\/presse\\\/endlich-steuern-sparen-mit-dem-mac\\\/#breadcrumb\",\"itemListElement\":[{\"@type\":\"ListItem\",\"position\":1,\"name\":\"Home\",\"item\":\"https:\\\/\\\/www.buhl.de\\\/presse\\\/\"},{\"@type\":\"ListItem\",\"position\":2,\"name\":\"Endlich: Steuern sparen mit dem Mac\"}]},{\"@type\":\"WebSite\",\"@id\":\"https:\\\/\\\/www.buhl.de\\\/presse\\\/#website\",\"url\":\"https:\\\/\\\/www.buhl.de\\\/presse\\\/\",\"name\":\"Presseinformationen\",\"description\":\"der Buhl-Gruppe\",\"potentialAction\":[{\"@type\":\"SearchAction\",\"target\":{\"@type\":\"EntryPoint\",\"urlTemplate\":\"https:\\\/\\\/www.buhl.de\\\/presse\\\/?s={search_term_string}\"},\"query-input\":{\"@type\":\"PropertyValueSpecification\",\"valueRequired\":true,\"valueName\":\"search_term_string\"}}],\"inLanguage\":\"de\"},{\"@type\":\"Person\",\"@id\":\"https:\\\/\\\/www.buhl.de\\\/presse\\\/#\\\/schema\\\/person\\\/bb1f653d0be9121eaf44bae0bdd05483\",\"name\":\"Thomas Matena\",\"url\":\"https:\\\/\\\/www.buhl.de\\\/presse\\\/author\\\/tmatema\\\/\"}]}<\/script>\n<!-- \/ Yoast SEO Premium plugin. -->","yoast_head_json":{"title":"Endlich: Steuern sparen mit dem Mac - Presseinformationen","robots":{"index":"noindex","follow":"follow"},"og_locale":"de_DE","og_type":"article","og_title":"Endlich: Steuern sparen mit dem Mac","og_description":"F\u00fcr Millionen PC-Nutzer ist sie l\u00e4ngst Gewohnheit: Die selbst erstellte Steuererkl\u00e4rung am Computer. Leider war Software f\u00fcr die Steuererkl\u00e4rung bisher Windows-Nutzern vorbehalten. Aber damit ist jetzt Schluss: Mitte November ver\u00f6ffentlicht Buhl Data mit \u201eWISO steuer:Mac 2012\u201c die erste WISO Steuersoftware f\u00fcr Mac OS X. Eine gute Nachricht f\u00fcr alle Mac-Anwender: Bei der kommenden Steuererkl\u00e4rung f\u00fcr &hellip; Endlich: Steuern sparen mit dem Mac weiterlesen &rarr;","og_url":"https:\/\/www.buhl.de\/presse\/endlich-steuern-sparen-mit-dem-mac\/","og_site_name":"Presseinformationen","article_published_time":"2011-09-22T11:30:10+00:00","author":"Thomas Matena","twitter_card":"summary_large_image","twitter_misc":{"Verfasst von":"Thomas Matena","Gesch\u00e4tzte Lesezeit":"2\u00a0Minuten"},"schema":{"@context":"https:\/\/schema.org","@graph":[{"@type":"Article","@id":"https:\/\/www.buhl.de\/presse\/endlich-steuern-sparen-mit-dem-mac\/#article","isPartOf":{"@id":"https:\/\/www.buhl.de\/presse\/endlich-steuern-sparen-mit-dem-mac\/"},"author":{"name":"Thomas Matena","@id":"https:\/\/www.buhl.de\/presse\/#\/schema\/person\/bb1f653d0be9121eaf44bae0bdd05483"},"headline":"Endlich: Steuern sparen mit dem Mac","datePublished":"2011-09-22T11:30:10+00:00","mainEntityOfPage":{"@id":"https:\/\/www.buhl.de\/presse\/endlich-steuern-sparen-mit-dem-mac\/"},"wordCount":329,"commentCount":0,"articleSection":{"1":"Software","2":"Steuern"},"inLanguage":"de","potentialAction":[{"@type":"CommentAction","name":"Comment","target":["https:\/\/www.buhl.de\/presse\/endlich-steuern-sparen-mit-dem-mac\/#respond"]}]},{"@type":"WebPage","@id":"https:\/\/www.buhl.de\/presse\/endlich-steuern-sparen-mit-dem-mac\/","url":"https:\/\/www.buhl.de\/presse\/endlich-steuern-sparen-mit-dem-mac\/","name":"Endlich: Steuern sparen mit dem Mac - Presseinformationen","isPartOf":{"@id":"https:\/\/www.buhl.de\/presse\/#website"},"datePublished":"2011-09-22T11:30:10+00:00","author":{"@id":"https:\/\/www.buhl.de\/presse\/#\/schema\/person\/bb1f653d0be9121eaf44bae0bdd05483"},"breadcrumb":{"@id":"https:\/\/www.buhl.de\/presse\/endlich-steuern-sparen-mit-dem-mac\/#breadcrumb"},"inLanguage":"de","potentialAction":[{"@type":"ReadAction","target":["https:\/\/www.buhl.de\/presse\/endlich-steuern-sparen-mit-dem-mac\/"]}]},{"@type":"BreadcrumbList","@id":"https:\/\/www.buhl.de\/presse\/endlich-steuern-sparen-mit-dem-mac\/#breadcrumb","itemListElement":[{"@type":"ListItem","position":1,"name":"Home","item":"https:\/\/www.buhl.de\/presse\/"},{"@type":"ListItem","position":2,"name":"Endlich: Steuern sparen mit dem Mac"}]},{"@type":"WebSite","@id":"https:\/\/www.buhl.de\/presse\/#website","url":"https:\/\/www.buhl.de\/presse\/","name":"Presseinformationen","description":"der Buhl-Gruppe","potentialAction":[{"@type":"SearchAction","target":{"@type":"EntryPoint","urlTemplate":"https:\/\/www.buhl.de\/presse\/?s={search_term_string}"},"query-input":{"@type":"PropertyValueSpecification","valueRequired":true,"valueName":"search_term_string"}}],"inLanguage":"de"},{"@type":"Person","@id":"https:\/\/www.buhl.de\/presse\/#\/schema\/person\/bb1f653d0be9121eaf44bae0bdd05483","name":"Thomas Matena","url":"https:\/\/www.buhl.de\/presse\/author\/tmatema\/"}]}},"_links":{"self":[{"href":"https:\/\/www.buhl.de\/presse\/wp-json\/wp\/v2\/posts\/289","targetHints":{"allow":["GET"]}}],"collection":[{"href":"https:\/\/www.buhl.de\/presse\/wp-json\/wp\/v2\/posts"}],"about":[{"href":"https:\/\/www.buhl.de\/presse\/wp-json\/wp\/v2\/types\/post"}],"author":[{"embeddable":true,"href":"https:\/\/www.buhl.de\/presse\/wp-json\/wp\/v2\/users\/18"}],"replies":[{"embeddable":true,"href":"https:\/\/www.buhl.de\/presse\/wp-json\/wp\/v2\/comments?post=289"}],"version-history":[{"count":0,"href":"https:\/\/www.buhl.de\/presse\/wp-json\/wp\/v2\/posts\/289\/revisions"}],"wp:attachment":[{"href":"https:\/\/www.buhl.de\/presse\/wp-json\/wp\/v2\/media?parent=289"}],"wp:term":[{"taxonomy":"category","embeddable":true,"href":"https:\/\/www.buhl.de\/presse\/wp-json\/wp\/v2\/categories?post=289"},{"taxonomy":"post_tag","embeddable":true,"href":"https:\/\/www.buhl.de\/presse\/wp-json\/wp\/v2\/tags?post=289"}],"curies":[{"name":"wp","href":"https:\/\/api.w.org\/{rel}","templated":true}]}}