{"id":331,"date":"2011-11-25T16:00:50","date_gmt":"2011-11-25T14:00:50","guid":{"rendered":"http:\/\/presse.buhl.de\/?p=331"},"modified":"2011-11-25T16:00:50","modified_gmt":"2011-11-25T14:00:50","slug":"software-des-jahres-die-beste-software-kommt-von-buhl","status":"publish","type":"post","link":"https:\/\/www.buhl.de\/presse\/software-des-jahres-die-beste-software-kommt-von-buhl\/","title":{"rendered":"Software des Jahres: Die beste Software kommt von Buhl"},"content":{"rendered":"<p><em>softwareload, das Download-Portal der Deutschen Telekom, hat die &#8222;Oscar-Gewinner&#8220;\u00a0 der Software-Branche bekanntgegeben. Ganz oben auf dem Siegerpodest: Buhl Data. In den Kategorien \u201eSteuern\u201c und \u201eFinanzen\u201c belegt die Buhl-Software jeweils die beiden ersten Pl\u00e4tze.<\/em><\/p>\n<p>Mit den beiden Pr\u00e4dikaten in &#8222;Gold&#8220; und &#8222;Silber&#8220; in den Kategorien &#8222;Steuern&#8220; und &#8222;Finanzen&#8220; ist damit der &#8222;doppelte Doppelerfolg&#8220; f\u00fcr die Software von Buhl Data perfekt. Sowohl das WISO Steuer-Sparbuch als auch WISO Mein Geld konnten ihren Titel erfolgreich verteidigen.<\/p>\n<p><strong>Doppel-Seriensieger: WISO Steuer-Sparbuch und WISO Mein Geld<br \/>\n<\/strong>In 12 Kategorien stellten sich insgesamt 105 Software-Anwendungen dem Urteil der Anwender. Ergebnis: Die beste Steuer-Software und Finanz-Software kommen von Buhl. Das &#8222;WISO Steuer-Sparbuch&#8220; und &#8222;WISO Mein Geld&#8220; sicherten sich jeweils den 1. Platz in ihrer Produktkategorie und damit die Auszeichnungen in Gold.<\/p>\n<p>Ein echter Seriensieger ist das <a href=\"http:\/\/www.wiso-steuer-sparbuch.de\">WISO Steuer-Sparbuch<\/a>: Es wurde bereits zum f\u00fcnften Mal in Folge zur besten Software f\u00fcr die Steuererkl\u00e4rung gew\u00e4hlt. Das gelang sonst noch keiner Software.<\/p>\n<p>Auch <a href=\"http:\/\/www.wiso-meingeld.de\">WISO Mein Geld<\/a> schickt sich an, die hohe Kundenzufriedenheit dauerhaft mit dem Pr\u00e4dikat &#8222;Software des Jahres&#8220; zu unterstreichen: Nach dem 1. Platz in Gold im Jahr 2010 holte sich die popul\u00e4re Finanzsoftware diesen Titel schon zum 2. Mal in Gold.<\/p>\n<p><strong>Auszeichnungen f\u00fcr t@x und WISO Mein B\u00fcro<br \/>\n<\/strong>Ebenfalls auf das Siegerpodest gew\u00e4hlt wurden das Einkommensteuerprogramm <a href=\"http:\/\/www.tax-steuersoftware.de\">t@x<\/a> und die B\u00fcrosoftware <a href=\"http:\/\/www.wiso-meinbuero.de\">WISO Mein B\u00fcro<\/a>. Beide Produkte aus dem Hause Buhl belegten in ihrer Produktkategorie jeweils den 2. Platz und sicherten sich die Auszeichnung &#8222;Software des Jahres&#8220; in Silber.<\/p>\n","protected":false},"excerpt":{"rendered":"<p>softwareload, das Download-Portal der Deutschen Telekom, hat die &#8222;Oscar-Gewinner&#8220;\u00a0 der Software-Branche bekanntgegeben. Ganz oben auf dem Siegerpodest: Buhl Data. In den Kategorien \u201eSteuern\u201c und \u201eFinanzen\u201c belegt die Buhl-Software jeweils die beiden ersten Pl\u00e4tze. Mit den beiden Pr\u00e4dikaten in &#8222;Gold&#8220; und &#8222;Silber&#8220; in den Kategorien &#8222;Steuern&#8220; und &#8222;Finanzen&#8220; ist damit der &#8222;doppelte Doppelerfolg&#8220; f\u00fcr die Software &hellip; <a href=\"https:\/\/www.buhl.de\/presse\/software-des-jahres-die-beste-software-kommt-von-buhl\/\" class=\"more-link\"><span class=\"screen-reader-text\">Software des Jahres: Die beste Software kommt von Buhl<\/span> weiterlesen <span class=\"meta-nav\">&rarr;<\/span><\/a><\/p>\n","protected":false},"author":18,"featured_media":0,"comment_status":"open","ping_status":"open","sticky":false,"template":"","format":"standard","meta":{"footnotes":""},"categories":[1],"tags":[],"class_list":["post-331","post","type-post","status-publish","format-standard","hentry","category-allgemein"],"yoast_head":"<!-- This site is optimized with the Yoast SEO Premium plugin v27.4 (Yoast SEO v27.5) - https:\/\/yoast.com\/product\/yoast-seo-premium-wordpress\/ -->\n<title>Software des Jahres: Die beste Software kommt von Buhl - Presseinformationen<\/title>\n<meta name=\"robots\" content=\"noindex, follow\" \/>\n<meta property=\"og:locale\" content=\"de_DE\" \/>\n<meta property=\"og:type\" content=\"article\" \/>\n<meta property=\"og:title\" content=\"Software des Jahres: Die beste Software kommt von Buhl\" \/>\n<meta property=\"og:description\" content=\"softwareload, das Download-Portal der Deutschen Telekom, hat die &#8222;Oscar-Gewinner&#8220;\u00a0 der Software-Branche bekanntgegeben. Ganz oben auf dem Siegerpodest: Buhl Data. In den Kategorien \u201eSteuern\u201c und \u201eFinanzen\u201c belegt die Buhl-Software jeweils die beiden ersten Pl\u00e4tze. Mit den beiden Pr\u00e4dikaten in &#8222;Gold&#8220; und &#8222;Silber&#8220; in den Kategorien &#8222;Steuern&#8220; und &#8222;Finanzen&#8220; ist damit der &#8222;doppelte Doppelerfolg&#8220; f\u00fcr die Software &hellip; Software des Jahres: Die beste Software kommt von Buhl weiterlesen &rarr;\" \/>\n<meta property=\"og:url\" content=\"https:\/\/www.buhl.de\/presse\/software-des-jahres-die-beste-software-kommt-von-buhl\/\" \/>\n<meta property=\"og:site_name\" content=\"Presseinformationen\" \/>\n<meta property=\"article:published_time\" content=\"2011-11-25T14:00:50+00:00\" \/>\n<meta name=\"author\" content=\"Thomas Matena\" \/>\n<meta name=\"twitter:card\" content=\"summary_large_image\" \/>\n<meta name=\"twitter:label1\" content=\"Verfasst von\" \/>\n\t<meta name=\"twitter:data1\" content=\"Thomas Matena\" \/>\n\t<meta name=\"twitter:label2\" content=\"Gesch\u00e4tzte Lesezeit\" \/>\n\t<meta name=\"twitter:data2\" content=\"1\u00a0Minute\" \/>\n<script type=\"application\/ld+json\" class=\"yoast-schema-graph\">{\"@context\":\"https:\\\/\\\/schema.org\",\"@graph\":[{\"@type\":\"Article\",\"@id\":\"https:\\\/\\\/www.buhl.de\\\/presse\\\/software-des-jahres-die-beste-software-kommt-von-buhl\\\/#article\",\"isPartOf\":{\"@id\":\"https:\\\/\\\/www.buhl.de\\\/presse\\\/software-des-jahres-die-beste-software-kommt-von-buhl\\\/\"},\"author\":{\"name\":\"Thomas Matena\",\"@id\":\"https:\\\/\\\/www.buhl.de\\\/presse\\\/#\\\/schema\\\/person\\\/bb1f653d0be9121eaf44bae0bdd05483\"},\"headline\":\"Software des Jahres: Die beste Software kommt von Buhl\",\"datePublished\":\"2011-11-25T14:00:50+00:00\",\"mainEntityOfPage\":{\"@id\":\"https:\\\/\\\/www.buhl.de\\\/presse\\\/software-des-jahres-die-beste-software-kommt-von-buhl\\\/\"},\"wordCount\":256,\"commentCount\":0,\"inLanguage\":\"de\",\"potentialAction\":[{\"@type\":\"CommentAction\",\"name\":\"Comment\",\"target\":[\"https:\\\/\\\/www.buhl.de\\\/presse\\\/software-des-jahres-die-beste-software-kommt-von-buhl\\\/#respond\"]}]},{\"@type\":\"WebPage\",\"@id\":\"https:\\\/\\\/www.buhl.de\\\/presse\\\/software-des-jahres-die-beste-software-kommt-von-buhl\\\/\",\"url\":\"https:\\\/\\\/www.buhl.de\\\/presse\\\/software-des-jahres-die-beste-software-kommt-von-buhl\\\/\",\"name\":\"Software des Jahres: Die beste Software kommt von Buhl - Presseinformationen\",\"isPartOf\":{\"@id\":\"https:\\\/\\\/www.buhl.de\\\/presse\\\/#website\"},\"datePublished\":\"2011-11-25T14:00:50+00:00\",\"author\":{\"@id\":\"https:\\\/\\\/www.buhl.de\\\/presse\\\/#\\\/schema\\\/person\\\/bb1f653d0be9121eaf44bae0bdd05483\"},\"breadcrumb\":{\"@id\":\"https:\\\/\\\/www.buhl.de\\\/presse\\\/software-des-jahres-die-beste-software-kommt-von-buhl\\\/#breadcrumb\"},\"inLanguage\":\"de\",\"potentialAction\":[{\"@type\":\"ReadAction\",\"target\":[\"https:\\\/\\\/www.buhl.de\\\/presse\\\/software-des-jahres-die-beste-software-kommt-von-buhl\\\/\"]}]},{\"@type\":\"BreadcrumbList\",\"@id\":\"https:\\\/\\\/www.buhl.de\\\/presse\\\/software-des-jahres-die-beste-software-kommt-von-buhl\\\/#breadcrumb\",\"itemListElement\":[{\"@type\":\"ListItem\",\"position\":1,\"name\":\"Home\",\"item\":\"https:\\\/\\\/www.buhl.de\\\/presse\\\/\"},{\"@type\":\"ListItem\",\"position\":2,\"name\":\"Software des Jahres: Die beste Software kommt von Buhl\"}]},{\"@type\":\"WebSite\",\"@id\":\"https:\\\/\\\/www.buhl.de\\\/presse\\\/#website\",\"url\":\"https:\\\/\\\/www.buhl.de\\\/presse\\\/\",\"name\":\"Presseinformationen\",\"description\":\"der Buhl-Gruppe\",\"potentialAction\":[{\"@type\":\"SearchAction\",\"target\":{\"@type\":\"EntryPoint\",\"urlTemplate\":\"https:\\\/\\\/www.buhl.de\\\/presse\\\/?s={search_term_string}\"},\"query-input\":{\"@type\":\"PropertyValueSpecification\",\"valueRequired\":true,\"valueName\":\"search_term_string\"}}],\"inLanguage\":\"de\"},{\"@type\":\"Person\",\"@id\":\"https:\\\/\\\/www.buhl.de\\\/presse\\\/#\\\/schema\\\/person\\\/bb1f653d0be9121eaf44bae0bdd05483\",\"name\":\"Thomas Matena\",\"url\":\"https:\\\/\\\/www.buhl.de\\\/presse\\\/author\\\/tmatema\\\/\"}]}<\/script>\n<!-- \/ Yoast SEO Premium plugin. -->","yoast_head_json":{"title":"Software des Jahres: Die beste Software kommt von Buhl - Presseinformationen","robots":{"index":"noindex","follow":"follow"},"og_locale":"de_DE","og_type":"article","og_title":"Software des Jahres: Die beste Software kommt von Buhl","og_description":"softwareload, das Download-Portal der Deutschen Telekom, hat die &#8222;Oscar-Gewinner&#8220;\u00a0 der Software-Branche bekanntgegeben. Ganz oben auf dem Siegerpodest: Buhl Data. In den Kategorien \u201eSteuern\u201c und \u201eFinanzen\u201c belegt die Buhl-Software jeweils die beiden ersten Pl\u00e4tze. Mit den beiden Pr\u00e4dikaten in &#8222;Gold&#8220; und &#8222;Silber&#8220; in den Kategorien &#8222;Steuern&#8220; und &#8222;Finanzen&#8220; ist damit der &#8222;doppelte Doppelerfolg&#8220; f\u00fcr die Software &hellip; Software des Jahres: Die beste Software kommt von Buhl weiterlesen &rarr;","og_url":"https:\/\/www.buhl.de\/presse\/software-des-jahres-die-beste-software-kommt-von-buhl\/","og_site_name":"Presseinformationen","article_published_time":"2011-11-25T14:00:50+00:00","author":"Thomas Matena","twitter_card":"summary_large_image","twitter_misc":{"Verfasst von":"Thomas Matena","Gesch\u00e4tzte Lesezeit":"1\u00a0Minute"},"schema":{"@context":"https:\/\/schema.org","@graph":[{"@type":"Article","@id":"https:\/\/www.buhl.de\/presse\/software-des-jahres-die-beste-software-kommt-von-buhl\/#article","isPartOf":{"@id":"https:\/\/www.buhl.de\/presse\/software-des-jahres-die-beste-software-kommt-von-buhl\/"},"author":{"name":"Thomas Matena","@id":"https:\/\/www.buhl.de\/presse\/#\/schema\/person\/bb1f653d0be9121eaf44bae0bdd05483"},"headline":"Software des Jahres: Die beste Software kommt von Buhl","datePublished":"2011-11-25T14:00:50+00:00","mainEntityOfPage":{"@id":"https:\/\/www.buhl.de\/presse\/software-des-jahres-die-beste-software-kommt-von-buhl\/"},"wordCount":256,"commentCount":0,"inLanguage":"de","potentialAction":[{"@type":"CommentAction","name":"Comment","target":["https:\/\/www.buhl.de\/presse\/software-des-jahres-die-beste-software-kommt-von-buhl\/#respond"]}]},{"@type":"WebPage","@id":"https:\/\/www.buhl.de\/presse\/software-des-jahres-die-beste-software-kommt-von-buhl\/","url":"https:\/\/www.buhl.de\/presse\/software-des-jahres-die-beste-software-kommt-von-buhl\/","name":"Software des Jahres: Die beste Software kommt von Buhl - Presseinformationen","isPartOf":{"@id":"https:\/\/www.buhl.de\/presse\/#website"},"datePublished":"2011-11-25T14:00:50+00:00","author":{"@id":"https:\/\/www.buhl.de\/presse\/#\/schema\/person\/bb1f653d0be9121eaf44bae0bdd05483"},"breadcrumb":{"@id":"https:\/\/www.buhl.de\/presse\/software-des-jahres-die-beste-software-kommt-von-buhl\/#breadcrumb"},"inLanguage":"de","potentialAction":[{"@type":"ReadAction","target":["https:\/\/www.buhl.de\/presse\/software-des-jahres-die-beste-software-kommt-von-buhl\/"]}]},{"@type":"BreadcrumbList","@id":"https:\/\/www.buhl.de\/presse\/software-des-jahres-die-beste-software-kommt-von-buhl\/#breadcrumb","itemListElement":[{"@type":"ListItem","position":1,"name":"Home","item":"https:\/\/www.buhl.de\/presse\/"},{"@type":"ListItem","position":2,"name":"Software des Jahres: Die beste Software kommt von Buhl"}]},{"@type":"WebSite","@id":"https:\/\/www.buhl.de\/presse\/#website","url":"https:\/\/www.buhl.de\/presse\/","name":"Presseinformationen","description":"der Buhl-Gruppe","potentialAction":[{"@type":"SearchAction","target":{"@type":"EntryPoint","urlTemplate":"https:\/\/www.buhl.de\/presse\/?s={search_term_string}"},"query-input":{"@type":"PropertyValueSpecification","valueRequired":true,"valueName":"search_term_string"}}],"inLanguage":"de"},{"@type":"Person","@id":"https:\/\/www.buhl.de\/presse\/#\/schema\/person\/bb1f653d0be9121eaf44bae0bdd05483","name":"Thomas Matena","url":"https:\/\/www.buhl.de\/presse\/author\/tmatema\/"}]}},"_links":{"self":[{"href":"https:\/\/www.buhl.de\/presse\/wp-json\/wp\/v2\/posts\/331","targetHints":{"allow":["GET"]}}],"collection":[{"href":"https:\/\/www.buhl.de\/presse\/wp-json\/wp\/v2\/posts"}],"about":[{"href":"https:\/\/www.buhl.de\/presse\/wp-json\/wp\/v2\/types\/post"}],"author":[{"embeddable":true,"href":"https:\/\/www.buhl.de\/presse\/wp-json\/wp\/v2\/users\/18"}],"replies":[{"embeddable":true,"href":"https:\/\/www.buhl.de\/presse\/wp-json\/wp\/v2\/comments?post=331"}],"version-history":[{"count":0,"href":"https:\/\/www.buhl.de\/presse\/wp-json\/wp\/v2\/posts\/331\/revisions"}],"wp:attachment":[{"href":"https:\/\/www.buhl.de\/presse\/wp-json\/wp\/v2\/media?parent=331"}],"wp:term":[{"taxonomy":"category","embeddable":true,"href":"https:\/\/www.buhl.de\/presse\/wp-json\/wp\/v2\/categories?post=331"},{"taxonomy":"post_tag","embeddable":true,"href":"https:\/\/www.buhl.de\/presse\/wp-json\/wp\/v2\/tags?post=331"}],"curies":[{"name":"wp","href":"https:\/\/api.w.org\/{rel}","templated":true}]}}