{"id":38,"date":"2006-12-18T12:00:25","date_gmt":"2006-12-18T10:00:25","guid":{"rendered":"http:\/\/presse.buhl.de\/?p=38"},"modified":"2015-11-13T09:47:18","modified_gmt":"2015-11-13T08:47:18","slug":"das-schweizer-messer-fur-selbststandige","status":"publish","type":"post","link":"https:\/\/www.buhl.de\/presse\/das-schweizer-messer-fur-selbststandige\/","title":{"rendered":"Das Schweizer Messer f\u00fcr Selbstst\u00e4ndige"},"content":{"rendered":"<p><em>Angebote, Rechnungen, Mahnungen &#8211; selbst in einem kleinen Betrieb f\u00e4llt eine Menge B\u00fcroarbeit an. Hinzu kommen die steuerlichen Pflichten: monatlich die Voranmeldung der Umsatzsteuer, j\u00e4hrlich die Gewinnermittlung per Einnahme-\u00dcberschuss-Rechnung. Gerade f\u00fcr kleine Betriebe, Selbstst\u00e4ndige und Freiberufler bedeutet das entweder einen hohen Aufwand oder zus\u00e4tzliche Kosten f\u00fcr den Steuerberater. Doch mit beidem ist jetzt Schluss: WISO Mein B\u00fcro 2007 bietet ab sofort eine kaufm\u00e4nnische L\u00f6sung f\u00fcr Nicht-Kaufleute.<\/em><\/p>\n<p>Mehr als 30.000 Anwender haben die Preview-Version von Mein B\u00fcro w\u00e4hrend der Beta-Phase getestet. Das Feedback ist positiv: WISO Mein B\u00fcro &#8222;kann auch von kaufm\u00e4nnisch unerfahrenen Anwendern eingesetzt werden&#8220;, schreibt das Fach-Portal \u201aakademie.de&#8216;. Und auch die Anwender sind zufrieden &#8211; endlich gibt es eine kaufm\u00e4nnische Software, mit der auch Nicht-Kaufleute problemlos zurechtkommen. Jetzt ist die finale Version von WISO Mein B\u00fcro 2007 verf\u00fcgbar.<\/p>\n<p>WISO Mein B\u00fcro 2007 ist eine kaufm\u00e4nnische L\u00f6sung f\u00fcr Einsteiger, die inklusive Steuer und Online-Banking alles bietet, was Unternehmer, Freiberufler und GBRs f\u00fcr die B\u00fcroarbeit ben\u00f6tigen. Ob Angebot, Rechnung, Lieferschein, Mahnung, Bestellung oder allgemeine Gesch\u00e4ftskorrespondenz &#8211; alle Dokumente lassen sich mit Mein B\u00fcro so einfach erstellen wie mit einem g\u00e4ngigen Office-Programm. Rechnungen werden z.B. direkt im Formular geschrieben.<\/p>\n<p>Gegen\u00fcber Word und Excel bietet das einen entscheidenden Vorteil: WISO Mein B\u00fcro stellt die eingegebenen Daten nicht nur dar, sondern bereitet die Eingaben im Hintergrund automatisch korrekt f\u00fcr die Buchhaltung auf. So kommen auch Einsteiger ohne kaufm\u00e4nnische Vorkenntnisse problemlos zur ordentlichen Buchf\u00fchrung.<\/p>\n<p>Ein weiterer Pluspunkt ist das in WISO Mein B\u00fcro integrierte Online-Banking. Das Programm zeigt sofort, welche Kunden bezahlt haben und welche Posten noch offen sind. Die Kontoausz\u00fcge werden direkt mit den offenen Posten abgeglichen und bef\u00fcllen so automatisch die Einnahme-\u00dcberschuss-Rechnung. F\u00fcr den Jahresabschluss als Einnahme-\u00dcberschuss-Rechnung wird das Steuer-Formular E\u00dcR direkt aus den vorhandenen Daten erstellt.<\/p>\n<p>Nicht nur die steuerlichen Anforderungen werden so problemlos und schnell abgearbeitet, wer WISO Mein B\u00fcro nutzt, bekommt auch einen besseren \u00dcberblick \u00fcber sein Unternehmen. Verschiedene kaufm\u00e4nnische und steuerliche Auswertungen geben detaillierte Auskunft \u00fcber den Gesch\u00e4ftsverlauf. So l\u00e4sst sich besser planen &#8211; und das Unternehmen kann sicherer gef\u00fchrt werden.<\/p>\n<p>&#8222;Mit WISO Mein B\u00fcro 2007 hat man die wichtigsten Kennzahlen jederzeit im Blick&#8220;, erl\u00e4utert Produktmanager Markus Neuroth. &#8222;Der automatische Statusbericht &#8218;Mein B\u00fcro heute&#8216; zeigt jeden Tag, was zu tun ist, um mehr Umsatz zu machen, indem z.B. offene Angebote auf Wiedervorlage gelegt werden. Zusammen mit der automatischen Buchung im Hintergrund ist Mein B\u00fcro das Schweizer Messer f\u00fcr die B\u00fcroarbeit und besonders geeignet f\u00fcr alle Nicht-Kaufleute, die eine einfache kaufm\u00e4nnische L\u00f6sung ben\u00f6tigen.&#8220;<\/p>\n<p>WISO Mein B\u00fcro 2007 ist ab sofort im Fach- und Buchhandel sowie direkt beim Hersteller unter <a title=\"WISO Mein B\u00fcro\" href=\"http:\/\/www.meinbuero.de\/\">http:\/\/office.buhl.de<\/a> erh\u00e4ltlich.<\/p>\n","protected":false},"excerpt":{"rendered":"<p>Angebote, Rechnungen, Mahnungen &#8211; selbst in einem kleinen Betrieb f\u00e4llt eine Menge B\u00fcroarbeit an. Hinzu kommen die steuerlichen Pflichten: monatlich die Voranmeldung der Umsatzsteuer, j\u00e4hrlich die Gewinnermittlung per Einnahme-\u00dcberschuss-Rechnung. Gerade f\u00fcr kleine Betriebe, Selbstst\u00e4ndige und Freiberufler bedeutet das entweder einen hohen Aufwand oder zus\u00e4tzliche Kosten f\u00fcr den Steuerberater. Doch mit beidem ist jetzt Schluss: WISO &hellip; <a href=\"https:\/\/www.buhl.de\/presse\/das-schweizer-messer-fur-selbststandige\/\" class=\"more-link\"><span class=\"screen-reader-text\">Das Schweizer Messer f\u00fcr Selbstst\u00e4ndige<\/span> weiterlesen <span class=\"meta-nav\">&rarr;<\/span><\/a><\/p>\n","protected":false},"author":18,"featured_media":0,"comment_status":"open","ping_status":"open","sticky":false,"template":"","format":"standard","meta":{"footnotes":""},"categories":[3,7],"tags":[],"class_list":["post-38","post","type-post","status-publish","format-standard","hentry","category-buro","category-software"],"yoast_head":"<!-- This site is optimized with the Yoast SEO Premium plugin v27.4 (Yoast SEO v27.5) - https:\/\/yoast.com\/product\/yoast-seo-premium-wordpress\/ -->\n<title>Das Schweizer Messer f\u00fcr Selbstst\u00e4ndige - Presseinformationen<\/title>\n<meta name=\"robots\" content=\"noindex, follow\" \/>\n<meta property=\"og:locale\" content=\"de_DE\" \/>\n<meta property=\"og:type\" content=\"article\" \/>\n<meta property=\"og:title\" content=\"Das Schweizer Messer f\u00fcr Selbstst\u00e4ndige\" \/>\n<meta property=\"og:description\" content=\"Angebote, Rechnungen, Mahnungen &#8211; selbst in einem kleinen Betrieb f\u00e4llt eine Menge B\u00fcroarbeit an. Hinzu kommen die steuerlichen Pflichten: monatlich die Voranmeldung der Umsatzsteuer, j\u00e4hrlich die Gewinnermittlung per Einnahme-\u00dcberschuss-Rechnung. Gerade f\u00fcr kleine Betriebe, Selbstst\u00e4ndige und Freiberufler bedeutet das entweder einen hohen Aufwand oder zus\u00e4tzliche Kosten f\u00fcr den Steuerberater. Doch mit beidem ist jetzt Schluss: WISO &hellip; Das Schweizer Messer f\u00fcr Selbstst\u00e4ndige weiterlesen &rarr;\" \/>\n<meta property=\"og:url\" content=\"https:\/\/www.buhl.de\/presse\/das-schweizer-messer-fur-selbststandige\/\" \/>\n<meta property=\"og:site_name\" content=\"Presseinformationen\" \/>\n<meta property=\"article:published_time\" content=\"2006-12-18T10:00:25+00:00\" \/>\n<meta property=\"article:modified_time\" content=\"2015-11-13T08:47:18+00:00\" \/>\n<meta name=\"author\" content=\"Thomas Matena\" \/>\n<meta name=\"twitter:card\" content=\"summary_large_image\" \/>\n<meta name=\"twitter:label1\" content=\"Verfasst von\" \/>\n\t<meta name=\"twitter:data1\" content=\"Thomas Matena\" \/>\n\t<meta name=\"twitter:label2\" content=\"Gesch\u00e4tzte Lesezeit\" \/>\n\t<meta name=\"twitter:data2\" content=\"2\u00a0Minuten\" \/>\n<script type=\"application\/ld+json\" class=\"yoast-schema-graph\">{\"@context\":\"https:\\\/\\\/schema.org\",\"@graph\":[{\"@type\":\"Article\",\"@id\":\"https:\\\/\\\/www.buhl.de\\\/presse\\\/das-schweizer-messer-fur-selbststandige\\\/#article\",\"isPartOf\":{\"@id\":\"https:\\\/\\\/www.buhl.de\\\/presse\\\/das-schweizer-messer-fur-selbststandige\\\/\"},\"author\":{\"name\":\"Thomas Matena\",\"@id\":\"https:\\\/\\\/www.buhl.de\\\/presse\\\/#\\\/schema\\\/person\\\/bb1f653d0be9121eaf44bae0bdd05483\"},\"headline\":\"Das Schweizer Messer f\u00fcr Selbstst\u00e4ndige\",\"datePublished\":\"2006-12-18T10:00:25+00:00\",\"dateModified\":\"2015-11-13T08:47:18+00:00\",\"mainEntityOfPage\":{\"@id\":\"https:\\\/\\\/www.buhl.de\\\/presse\\\/das-schweizer-messer-fur-selbststandige\\\/\"},\"wordCount\":486,\"commentCount\":0,\"articleSection\":[\"B\u00fcro\",\"Software\"],\"inLanguage\":\"de\",\"potentialAction\":[{\"@type\":\"CommentAction\",\"name\":\"Comment\",\"target\":[\"https:\\\/\\\/www.buhl.de\\\/presse\\\/das-schweizer-messer-fur-selbststandige\\\/#respond\"]}]},{\"@type\":\"WebPage\",\"@id\":\"https:\\\/\\\/www.buhl.de\\\/presse\\\/das-schweizer-messer-fur-selbststandige\\\/\",\"url\":\"https:\\\/\\\/www.buhl.de\\\/presse\\\/das-schweizer-messer-fur-selbststandige\\\/\",\"name\":\"Das Schweizer Messer f\u00fcr Selbstst\u00e4ndige - Presseinformationen\",\"isPartOf\":{\"@id\":\"https:\\\/\\\/www.buhl.de\\\/presse\\\/#website\"},\"datePublished\":\"2006-12-18T10:00:25+00:00\",\"dateModified\":\"2015-11-13T08:47:18+00:00\",\"author\":{\"@id\":\"https:\\\/\\\/www.buhl.de\\\/presse\\\/#\\\/schema\\\/person\\\/bb1f653d0be9121eaf44bae0bdd05483\"},\"breadcrumb\":{\"@id\":\"https:\\\/\\\/www.buhl.de\\\/presse\\\/das-schweizer-messer-fur-selbststandige\\\/#breadcrumb\"},\"inLanguage\":\"de\",\"potentialAction\":[{\"@type\":\"ReadAction\",\"target\":[\"https:\\\/\\\/www.buhl.de\\\/presse\\\/das-schweizer-messer-fur-selbststandige\\\/\"]}]},{\"@type\":\"BreadcrumbList\",\"@id\":\"https:\\\/\\\/www.buhl.de\\\/presse\\\/das-schweizer-messer-fur-selbststandige\\\/#breadcrumb\",\"itemListElement\":[{\"@type\":\"ListItem\",\"position\":1,\"name\":\"Home\",\"item\":\"https:\\\/\\\/www.buhl.de\\\/presse\\\/\"},{\"@type\":\"ListItem\",\"position\":2,\"name\":\"Das Schweizer Messer f\u00fcr Selbstst\u00e4ndige\"}]},{\"@type\":\"WebSite\",\"@id\":\"https:\\\/\\\/www.buhl.de\\\/presse\\\/#website\",\"url\":\"https:\\\/\\\/www.buhl.de\\\/presse\\\/\",\"name\":\"Presseinformationen\",\"description\":\"der Buhl-Gruppe\",\"potentialAction\":[{\"@type\":\"SearchAction\",\"target\":{\"@type\":\"EntryPoint\",\"urlTemplate\":\"https:\\\/\\\/www.buhl.de\\\/presse\\\/?s={search_term_string}\"},\"query-input\":{\"@type\":\"PropertyValueSpecification\",\"valueRequired\":true,\"valueName\":\"search_term_string\"}}],\"inLanguage\":\"de\"},{\"@type\":\"Person\",\"@id\":\"https:\\\/\\\/www.buhl.de\\\/presse\\\/#\\\/schema\\\/person\\\/bb1f653d0be9121eaf44bae0bdd05483\",\"name\":\"Thomas Matena\",\"url\":\"https:\\\/\\\/www.buhl.de\\\/presse\\\/author\\\/tmatema\\\/\"}]}<\/script>\n<!-- \/ Yoast SEO Premium plugin. -->","yoast_head_json":{"title":"Das Schweizer Messer f\u00fcr Selbstst\u00e4ndige - Presseinformationen","robots":{"index":"noindex","follow":"follow"},"og_locale":"de_DE","og_type":"article","og_title":"Das Schweizer Messer f\u00fcr Selbstst\u00e4ndige","og_description":"Angebote, Rechnungen, Mahnungen &#8211; selbst in einem kleinen Betrieb f\u00e4llt eine Menge B\u00fcroarbeit an. Hinzu kommen die steuerlichen Pflichten: monatlich die Voranmeldung der Umsatzsteuer, j\u00e4hrlich die Gewinnermittlung per Einnahme-\u00dcberschuss-Rechnung. Gerade f\u00fcr kleine Betriebe, Selbstst\u00e4ndige und Freiberufler bedeutet das entweder einen hohen Aufwand oder zus\u00e4tzliche Kosten f\u00fcr den Steuerberater. Doch mit beidem ist jetzt Schluss: WISO &hellip; Das Schweizer Messer f\u00fcr Selbstst\u00e4ndige weiterlesen &rarr;","og_url":"https:\/\/www.buhl.de\/presse\/das-schweizer-messer-fur-selbststandige\/","og_site_name":"Presseinformationen","article_published_time":"2006-12-18T10:00:25+00:00","article_modified_time":"2015-11-13T08:47:18+00:00","author":"Thomas Matena","twitter_card":"summary_large_image","twitter_misc":{"Verfasst von":"Thomas Matena","Gesch\u00e4tzte Lesezeit":"2\u00a0Minuten"},"schema":{"@context":"https:\/\/schema.org","@graph":[{"@type":"Article","@id":"https:\/\/www.buhl.de\/presse\/das-schweizer-messer-fur-selbststandige\/#article","isPartOf":{"@id":"https:\/\/www.buhl.de\/presse\/das-schweizer-messer-fur-selbststandige\/"},"author":{"name":"Thomas Matena","@id":"https:\/\/www.buhl.de\/presse\/#\/schema\/person\/bb1f653d0be9121eaf44bae0bdd05483"},"headline":"Das Schweizer Messer f\u00fcr Selbstst\u00e4ndige","datePublished":"2006-12-18T10:00:25+00:00","dateModified":"2015-11-13T08:47:18+00:00","mainEntityOfPage":{"@id":"https:\/\/www.buhl.de\/presse\/das-schweizer-messer-fur-selbststandige\/"},"wordCount":486,"commentCount":0,"articleSection":["B\u00fcro","Software"],"inLanguage":"de","potentialAction":[{"@type":"CommentAction","name":"Comment","target":["https:\/\/www.buhl.de\/presse\/das-schweizer-messer-fur-selbststandige\/#respond"]}]},{"@type":"WebPage","@id":"https:\/\/www.buhl.de\/presse\/das-schweizer-messer-fur-selbststandige\/","url":"https:\/\/www.buhl.de\/presse\/das-schweizer-messer-fur-selbststandige\/","name":"Das Schweizer Messer f\u00fcr Selbstst\u00e4ndige - Presseinformationen","isPartOf":{"@id":"https:\/\/www.buhl.de\/presse\/#website"},"datePublished":"2006-12-18T10:00:25+00:00","dateModified":"2015-11-13T08:47:18+00:00","author":{"@id":"https:\/\/www.buhl.de\/presse\/#\/schema\/person\/bb1f653d0be9121eaf44bae0bdd05483"},"breadcrumb":{"@id":"https:\/\/www.buhl.de\/presse\/das-schweizer-messer-fur-selbststandige\/#breadcrumb"},"inLanguage":"de","potentialAction":[{"@type":"ReadAction","target":["https:\/\/www.buhl.de\/presse\/das-schweizer-messer-fur-selbststandige\/"]}]},{"@type":"BreadcrumbList","@id":"https:\/\/www.buhl.de\/presse\/das-schweizer-messer-fur-selbststandige\/#breadcrumb","itemListElement":[{"@type":"ListItem","position":1,"name":"Home","item":"https:\/\/www.buhl.de\/presse\/"},{"@type":"ListItem","position":2,"name":"Das Schweizer Messer f\u00fcr Selbstst\u00e4ndige"}]},{"@type":"WebSite","@id":"https:\/\/www.buhl.de\/presse\/#website","url":"https:\/\/www.buhl.de\/presse\/","name":"Presseinformationen","description":"der Buhl-Gruppe","potentialAction":[{"@type":"SearchAction","target":{"@type":"EntryPoint","urlTemplate":"https:\/\/www.buhl.de\/presse\/?s={search_term_string}"},"query-input":{"@type":"PropertyValueSpecification","valueRequired":true,"valueName":"search_term_string"}}],"inLanguage":"de"},{"@type":"Person","@id":"https:\/\/www.buhl.de\/presse\/#\/schema\/person\/bb1f653d0be9121eaf44bae0bdd05483","name":"Thomas Matena","url":"https:\/\/www.buhl.de\/presse\/author\/tmatema\/"}]}},"_links":{"self":[{"href":"https:\/\/www.buhl.de\/presse\/wp-json\/wp\/v2\/posts\/38","targetHints":{"allow":["GET"]}}],"collection":[{"href":"https:\/\/www.buhl.de\/presse\/wp-json\/wp\/v2\/posts"}],"about":[{"href":"https:\/\/www.buhl.de\/presse\/wp-json\/wp\/v2\/types\/post"}],"author":[{"embeddable":true,"href":"https:\/\/www.buhl.de\/presse\/wp-json\/wp\/v2\/users\/18"}],"replies":[{"embeddable":true,"href":"https:\/\/www.buhl.de\/presse\/wp-json\/wp\/v2\/comments?post=38"}],"version-history":[{"count":1,"href":"https:\/\/www.buhl.de\/presse\/wp-json\/wp\/v2\/posts\/38\/revisions"}],"predecessor-version":[{"id":749,"href":"https:\/\/www.buhl.de\/presse\/wp-json\/wp\/v2\/posts\/38\/revisions\/749"}],"wp:attachment":[{"href":"https:\/\/www.buhl.de\/presse\/wp-json\/wp\/v2\/media?parent=38"}],"wp:term":[{"taxonomy":"category","embeddable":true,"href":"https:\/\/www.buhl.de\/presse\/wp-json\/wp\/v2\/categories?post=38"},{"taxonomy":"post_tag","embeddable":true,"href":"https:\/\/www.buhl.de\/presse\/wp-json\/wp\/v2\/tags?post=38"}],"curies":[{"name":"wp","href":"https:\/\/api.w.org\/{rel}","templated":true}]}}