{"id":381,"date":"2012-06-11T09:30:39","date_gmt":"2012-06-11T07:30:39","guid":{"rendered":"http:\/\/presse.buhl.de\/?p=381"},"modified":"2012-06-11T09:30:39","modified_gmt":"2012-06-11T07:30:39","slug":"finanzblick-business-alle-geschaftskonten-auf-einen-blick","status":"publish","type":"post","link":"https:\/\/www.buhl.de\/presse\/finanzblick-business-alle-geschaftskonten-auf-einen-blick\/","title":{"rendered":"finanzblick business &#8211; Alle Gesch\u00e4ftskonten auf einen Blick"},"content":{"rendered":"<p><em>Ab sofort gibt es die beliebte App &#8222;finanzblick&#8220; von Buhl Data auch als professionelle L\u00f6sung f\u00fcr den Einsatz im Gesch\u00e4ft. &#8222;finanzblick business HD&#8220; f\u00fcr das iPad und &#8222;finanzblick Business&#8220; f\u00fcr das iPhone sind ab sofort im Appstore erh\u00e4ltlich.<\/em><\/p>\n<p>&#8222;finanzblick business&#8220; wurde speziell f\u00fcr die Auswertung von Gesch\u00e4ftskonten entwickelt. Die App orientiert sich daf\u00fcr am Standardkontenrahmen der DATEV f\u00fcr nicht bilanzierungspflichtige Unternehmen und liefert eine Vielzahl interessanter Auswertungen f\u00fcr Selbstst\u00e4ndige, Unternehmer und Gewerbetreibende.<\/p>\n<p>Wer z.B. wissen m\u00f6chte, wie hoch die Werbekosten im letzten Quartal waren oder wie viel Geld im letzten Jahr f\u00fcr den Wareneinkauf ausgegeben wurde, bekommt mit einem Klick die passende Auswertung. Das funktioniert ganz automatisch, denn finanzblick business ist in der Lage, die Ums\u00e4tze der Konten zu analysieren und vollautomatisch zu kategorisieren.<\/p>\n<p>Ohne Aufwand erh\u00e4lt der Nutzer sofort ein umfassendes Bild seiner Gesch\u00e4ftskonten &#8211; auch, wenn mehrere Konten bei unterschiedlichen Banken genutzt werden. finanzblick business unterst\u00fctzt beliebig viele Konten bei mehr als 4.000 deutschen Banken.<\/p>\n<p>Neben den Auswertungsfunktionen bietet die App auch sicheres Mobile Banking. Dabei werden alle g\u00e4ngigen TAN-Verfahren unterst\u00fctzt.<\/p>\n<p>finanzblick business ist ab sofort im Apple Appstore verf\u00fcgbar. Die iPad-App &#8222;finanzblick business HD&#8220; kostet 4,99 Euro, &#8222;finanzblick business&#8220; f\u00fcr das iPhone ist f\u00fcr 0,79 Euro erh\u00e4ltlich. Updates erhalten die Anwender kostenfrei.<\/p>\n<p>Weitere Informationen: <a title=\"finanzblick Business\" href=\"http:\/\/www.finanzblick.de\">www.finanzblick.de<\/a><\/p>\n","protected":false},"excerpt":{"rendered":"<p>Ab sofort gibt es die beliebte App &#8222;finanzblick&#8220; von Buhl Data auch als professionelle L\u00f6sung f\u00fcr den Einsatz im Gesch\u00e4ft. &#8222;finanzblick business HD&#8220; f\u00fcr das iPad und &#8222;finanzblick Business&#8220; f\u00fcr das iPhone sind ab sofort im Appstore erh\u00e4ltlich. &#8222;finanzblick business&#8220; wurde speziell f\u00fcr die Auswertung von Gesch\u00e4ftskonten entwickelt. Die App orientiert sich daf\u00fcr am Standardkontenrahmen &hellip; <a href=\"https:\/\/www.buhl.de\/presse\/finanzblick-business-alle-geschaftskonten-auf-einen-blick\/\" class=\"more-link\"><span class=\"screen-reader-text\">finanzblick business &#8211; Alle Gesch\u00e4ftskonten auf einen Blick<\/span> weiterlesen <span class=\"meta-nav\">&rarr;<\/span><\/a><\/p>\n","protected":false},"author":18,"featured_media":0,"comment_status":"open","ping_status":"open","sticky":false,"template":"","format":"standard","meta":{"footnotes":""},"categories":[1,2,4],"tags":[],"class_list":["post-381","post","type-post","status-publish","format-standard","hentry","category-allgemein","category-apps","category-finanzen"],"yoast_head":"<!-- This site is optimized with the Yoast SEO Premium plugin v27.4 (Yoast SEO v27.5) - https:\/\/yoast.com\/product\/yoast-seo-premium-wordpress\/ -->\n<title>finanzblick business - Alle Gesch\u00e4ftskonten auf einen Blick - Presseinformationen<\/title>\n<meta name=\"robots\" content=\"noindex, follow\" \/>\n<meta property=\"og:locale\" content=\"de_DE\" \/>\n<meta property=\"og:type\" content=\"article\" \/>\n<meta property=\"og:title\" content=\"finanzblick business - Alle Gesch\u00e4ftskonten auf einen Blick\" \/>\n<meta property=\"og:description\" content=\"Ab sofort gibt es die beliebte App &#8222;finanzblick&#8220; von Buhl Data auch als professionelle L\u00f6sung f\u00fcr den Einsatz im Gesch\u00e4ft. &#8222;finanzblick business HD&#8220; f\u00fcr das iPad und &#8222;finanzblick Business&#8220; f\u00fcr das iPhone sind ab sofort im Appstore erh\u00e4ltlich. &#8222;finanzblick business&#8220; wurde speziell f\u00fcr die Auswertung von Gesch\u00e4ftskonten entwickelt. Die App orientiert sich daf\u00fcr am Standardkontenrahmen &hellip; finanzblick business &#8211; Alle Gesch\u00e4ftskonten auf einen Blick weiterlesen &rarr;\" \/>\n<meta property=\"og:url\" content=\"https:\/\/www.buhl.de\/presse\/finanzblick-business-alle-geschaftskonten-auf-einen-blick\/\" \/>\n<meta property=\"og:site_name\" content=\"Presseinformationen\" \/>\n<meta property=\"article:published_time\" content=\"2012-06-11T07:30:39+00:00\" \/>\n<meta name=\"author\" content=\"Thomas Matena\" \/>\n<meta name=\"twitter:card\" content=\"summary_large_image\" \/>\n<meta name=\"twitter:label1\" content=\"Verfasst von\" \/>\n\t<meta name=\"twitter:data1\" content=\"Thomas Matena\" \/>\n\t<meta name=\"twitter:label2\" content=\"Gesch\u00e4tzte Lesezeit\" \/>\n\t<meta name=\"twitter:data2\" content=\"1\u00a0Minute\" \/>\n<script type=\"application\/ld+json\" class=\"yoast-schema-graph\">{\"@context\":\"https:\\\/\\\/schema.org\",\"@graph\":[{\"@type\":\"Article\",\"@id\":\"https:\\\/\\\/www.buhl.de\\\/presse\\\/finanzblick-business-alle-geschaftskonten-auf-einen-blick\\\/#article\",\"isPartOf\":{\"@id\":\"https:\\\/\\\/www.buhl.de\\\/presse\\\/finanzblick-business-alle-geschaftskonten-auf-einen-blick\\\/\"},\"author\":{\"name\":\"Thomas Matena\",\"@id\":\"https:\\\/\\\/www.buhl.de\\\/presse\\\/#\\\/schema\\\/person\\\/bb1f653d0be9121eaf44bae0bdd05483\"},\"headline\":\"finanzblick business &#8211; Alle Gesch\u00e4ftskonten auf einen Blick\",\"datePublished\":\"2012-06-11T07:30:39+00:00\",\"mainEntityOfPage\":{\"@id\":\"https:\\\/\\\/www.buhl.de\\\/presse\\\/finanzblick-business-alle-geschaftskonten-auf-einen-blick\\\/\"},\"wordCount\":241,\"commentCount\":0,\"articleSection\":{\"1\":\"Apps\",\"2\":\"Finanzen\"},\"inLanguage\":\"de\",\"potentialAction\":[{\"@type\":\"CommentAction\",\"name\":\"Comment\",\"target\":[\"https:\\\/\\\/www.buhl.de\\\/presse\\\/finanzblick-business-alle-geschaftskonten-auf-einen-blick\\\/#respond\"]}]},{\"@type\":\"WebPage\",\"@id\":\"https:\\\/\\\/www.buhl.de\\\/presse\\\/finanzblick-business-alle-geschaftskonten-auf-einen-blick\\\/\",\"url\":\"https:\\\/\\\/www.buhl.de\\\/presse\\\/finanzblick-business-alle-geschaftskonten-auf-einen-blick\\\/\",\"name\":\"finanzblick business - Alle Gesch\u00e4ftskonten auf einen Blick - Presseinformationen\",\"isPartOf\":{\"@id\":\"https:\\\/\\\/www.buhl.de\\\/presse\\\/#website\"},\"datePublished\":\"2012-06-11T07:30:39+00:00\",\"author\":{\"@id\":\"https:\\\/\\\/www.buhl.de\\\/presse\\\/#\\\/schema\\\/person\\\/bb1f653d0be9121eaf44bae0bdd05483\"},\"breadcrumb\":{\"@id\":\"https:\\\/\\\/www.buhl.de\\\/presse\\\/finanzblick-business-alle-geschaftskonten-auf-einen-blick\\\/#breadcrumb\"},\"inLanguage\":\"de\",\"potentialAction\":[{\"@type\":\"ReadAction\",\"target\":[\"https:\\\/\\\/www.buhl.de\\\/presse\\\/finanzblick-business-alle-geschaftskonten-auf-einen-blick\\\/\"]}]},{\"@type\":\"BreadcrumbList\",\"@id\":\"https:\\\/\\\/www.buhl.de\\\/presse\\\/finanzblick-business-alle-geschaftskonten-auf-einen-blick\\\/#breadcrumb\",\"itemListElement\":[{\"@type\":\"ListItem\",\"position\":1,\"name\":\"Home\",\"item\":\"https:\\\/\\\/www.buhl.de\\\/presse\\\/\"},{\"@type\":\"ListItem\",\"position\":2,\"name\":\"finanzblick business &#8211; Alle Gesch\u00e4ftskonten auf einen Blick\"}]},{\"@type\":\"WebSite\",\"@id\":\"https:\\\/\\\/www.buhl.de\\\/presse\\\/#website\",\"url\":\"https:\\\/\\\/www.buhl.de\\\/presse\\\/\",\"name\":\"Presseinformationen\",\"description\":\"der Buhl-Gruppe\",\"potentialAction\":[{\"@type\":\"SearchAction\",\"target\":{\"@type\":\"EntryPoint\",\"urlTemplate\":\"https:\\\/\\\/www.buhl.de\\\/presse\\\/?s={search_term_string}\"},\"query-input\":{\"@type\":\"PropertyValueSpecification\",\"valueRequired\":true,\"valueName\":\"search_term_string\"}}],\"inLanguage\":\"de\"},{\"@type\":\"Person\",\"@id\":\"https:\\\/\\\/www.buhl.de\\\/presse\\\/#\\\/schema\\\/person\\\/bb1f653d0be9121eaf44bae0bdd05483\",\"name\":\"Thomas Matena\",\"url\":\"https:\\\/\\\/www.buhl.de\\\/presse\\\/author\\\/tmatema\\\/\"}]}<\/script>\n<!-- \/ Yoast SEO Premium plugin. -->","yoast_head_json":{"title":"finanzblick business - Alle Gesch\u00e4ftskonten auf einen Blick - Presseinformationen","robots":{"index":"noindex","follow":"follow"},"og_locale":"de_DE","og_type":"article","og_title":"finanzblick business - Alle Gesch\u00e4ftskonten auf einen Blick","og_description":"Ab sofort gibt es die beliebte App &#8222;finanzblick&#8220; von Buhl Data auch als professionelle L\u00f6sung f\u00fcr den Einsatz im Gesch\u00e4ft. &#8222;finanzblick business HD&#8220; f\u00fcr das iPad und &#8222;finanzblick Business&#8220; f\u00fcr das iPhone sind ab sofort im Appstore erh\u00e4ltlich. &#8222;finanzblick business&#8220; wurde speziell f\u00fcr die Auswertung von Gesch\u00e4ftskonten entwickelt. Die App orientiert sich daf\u00fcr am Standardkontenrahmen &hellip; finanzblick business &#8211; Alle Gesch\u00e4ftskonten auf einen Blick weiterlesen &rarr;","og_url":"https:\/\/www.buhl.de\/presse\/finanzblick-business-alle-geschaftskonten-auf-einen-blick\/","og_site_name":"Presseinformationen","article_published_time":"2012-06-11T07:30:39+00:00","author":"Thomas Matena","twitter_card":"summary_large_image","twitter_misc":{"Verfasst von":"Thomas Matena","Gesch\u00e4tzte Lesezeit":"1\u00a0Minute"},"schema":{"@context":"https:\/\/schema.org","@graph":[{"@type":"Article","@id":"https:\/\/www.buhl.de\/presse\/finanzblick-business-alle-geschaftskonten-auf-einen-blick\/#article","isPartOf":{"@id":"https:\/\/www.buhl.de\/presse\/finanzblick-business-alle-geschaftskonten-auf-einen-blick\/"},"author":{"name":"Thomas Matena","@id":"https:\/\/www.buhl.de\/presse\/#\/schema\/person\/bb1f653d0be9121eaf44bae0bdd05483"},"headline":"finanzblick business &#8211; Alle Gesch\u00e4ftskonten auf einen Blick","datePublished":"2012-06-11T07:30:39+00:00","mainEntityOfPage":{"@id":"https:\/\/www.buhl.de\/presse\/finanzblick-business-alle-geschaftskonten-auf-einen-blick\/"},"wordCount":241,"commentCount":0,"articleSection":{"1":"Apps","2":"Finanzen"},"inLanguage":"de","potentialAction":[{"@type":"CommentAction","name":"Comment","target":["https:\/\/www.buhl.de\/presse\/finanzblick-business-alle-geschaftskonten-auf-einen-blick\/#respond"]}]},{"@type":"WebPage","@id":"https:\/\/www.buhl.de\/presse\/finanzblick-business-alle-geschaftskonten-auf-einen-blick\/","url":"https:\/\/www.buhl.de\/presse\/finanzblick-business-alle-geschaftskonten-auf-einen-blick\/","name":"finanzblick business - Alle Gesch\u00e4ftskonten auf einen Blick - Presseinformationen","isPartOf":{"@id":"https:\/\/www.buhl.de\/presse\/#website"},"datePublished":"2012-06-11T07:30:39+00:00","author":{"@id":"https:\/\/www.buhl.de\/presse\/#\/schema\/person\/bb1f653d0be9121eaf44bae0bdd05483"},"breadcrumb":{"@id":"https:\/\/www.buhl.de\/presse\/finanzblick-business-alle-geschaftskonten-auf-einen-blick\/#breadcrumb"},"inLanguage":"de","potentialAction":[{"@type":"ReadAction","target":["https:\/\/www.buhl.de\/presse\/finanzblick-business-alle-geschaftskonten-auf-einen-blick\/"]}]},{"@type":"BreadcrumbList","@id":"https:\/\/www.buhl.de\/presse\/finanzblick-business-alle-geschaftskonten-auf-einen-blick\/#breadcrumb","itemListElement":[{"@type":"ListItem","position":1,"name":"Home","item":"https:\/\/www.buhl.de\/presse\/"},{"@type":"ListItem","position":2,"name":"finanzblick business &#8211; Alle Gesch\u00e4ftskonten auf einen Blick"}]},{"@type":"WebSite","@id":"https:\/\/www.buhl.de\/presse\/#website","url":"https:\/\/www.buhl.de\/presse\/","name":"Presseinformationen","description":"der Buhl-Gruppe","potentialAction":[{"@type":"SearchAction","target":{"@type":"EntryPoint","urlTemplate":"https:\/\/www.buhl.de\/presse\/?s={search_term_string}"},"query-input":{"@type":"PropertyValueSpecification","valueRequired":true,"valueName":"search_term_string"}}],"inLanguage":"de"},{"@type":"Person","@id":"https:\/\/www.buhl.de\/presse\/#\/schema\/person\/bb1f653d0be9121eaf44bae0bdd05483","name":"Thomas Matena","url":"https:\/\/www.buhl.de\/presse\/author\/tmatema\/"}]}},"_links":{"self":[{"href":"https:\/\/www.buhl.de\/presse\/wp-json\/wp\/v2\/posts\/381","targetHints":{"allow":["GET"]}}],"collection":[{"href":"https:\/\/www.buhl.de\/presse\/wp-json\/wp\/v2\/posts"}],"about":[{"href":"https:\/\/www.buhl.de\/presse\/wp-json\/wp\/v2\/types\/post"}],"author":[{"embeddable":true,"href":"https:\/\/www.buhl.de\/presse\/wp-json\/wp\/v2\/users\/18"}],"replies":[{"embeddable":true,"href":"https:\/\/www.buhl.de\/presse\/wp-json\/wp\/v2\/comments?post=381"}],"version-history":[{"count":0,"href":"https:\/\/www.buhl.de\/presse\/wp-json\/wp\/v2\/posts\/381\/revisions"}],"wp:attachment":[{"href":"https:\/\/www.buhl.de\/presse\/wp-json\/wp\/v2\/media?parent=381"}],"wp:term":[{"taxonomy":"category","embeddable":true,"href":"https:\/\/www.buhl.de\/presse\/wp-json\/wp\/v2\/categories?post=381"},{"taxonomy":"post_tag","embeddable":true,"href":"https:\/\/www.buhl.de\/presse\/wp-json\/wp\/v2\/tags?post=381"}],"curies":[{"name":"wp","href":"https:\/\/api.w.org\/{rel}","templated":true}]}}