{"id":439,"date":"2013-02-01T09:30:11","date_gmt":"2013-02-01T07:30:11","guid":{"rendered":"http:\/\/presse.buhl.de\/?p=439"},"modified":"2013-02-01T09:30:11","modified_gmt":"2013-02-01T07:30:11","slug":"ab-sofort-am-kiosk-das-steuer-spar-magazin-2013","status":"publish","type":"post","link":"https:\/\/www.buhl.de\/presse\/ab-sofort-am-kiosk-das-steuer-spar-magazin-2013\/","title":{"rendered":"Ab sofort am Kiosk: Das Steuer-Spar-Magazin 2013"},"content":{"rendered":"<p><em>Zum Start ins neue Jahr ist es auch wieder Zeit f\u00fcr die Steuererkl\u00e4rung. Passende Tipps daf\u00fcr liefert das neue Steuer-Spar-Magazin 2013, das ab sofort am Kiosk erh\u00e4ltlich ist. Besonders praktisch: Mit der beiliegenden Heft-CD rechnet man kostenlos aus, wie hoch die pers\u00f6nliche Erstattung f\u00fcr 2012 ist.<\/em><\/p>\n<p>Auf 132 Seiten bietet das neue Steuer-Spar-Magazin viele geldwerte Tipps und Spar-Ideen f\u00fcr Arbeitnehmer, Familien, Rentner und Selbstst\u00e4ndige. Themen sind u.a. Steuer-Sparm\u00f6glichkeiten f\u00fcr Eltern und die erste erfolgreiche Steuererkl\u00e4rung im Ruhestand. Ein Schwerpunkt liegt auf dem richtigen Umgang mit fehlerhaften Steuerbescheiden. Sch\u00e4tzungen zufolge ist jeder zweite Bescheid falsch \u2013 gut wenn man wei\u00df, wie man zu seinem Recht kommt.<\/p>\n<p>\u201eWir bieten dem Leser eine breite Palette an Spartipps, die sich einfach umsetzen lassen\u201c, so Peter Schmitz, Leiter des Portals www.steuernsparen.de und Gesch\u00e4ftsf\u00fchrer der Buhl Tax Service GmbH, die das Steuer-Spar-Magazin herausgibt. \u201eAlles leicht verst\u00e4ndlich erkl\u00e4rt und mit hohem Nutzwert, damit jeder Leser von Heft profitiert.\u201c<\/p>\n<p>Mit der beiliegenden Heft-CD ist die Steuererkl\u00e4rung dann auch schnell vom Tisch. Das PC-Programm \u201et@x 2013\u201c rechnet kostenlos aus wie viel das Finanzamt f\u00fcr 2012 zur\u00fcckzahlt. Damit kann jeder seine pers\u00f6nliche Erstattung mit den Tipps aus dem Heft weiter optimieren und noch mehr rausholen.<\/p>\n<p>Das Steuer-Spar-Magazin 2013 ist f\u00fcr 4,90 Euro im Zeitschriftenhandel oder direkt auf <a href=\"http:\/\/www.buhl.de\/\">www.buhl.de<\/a> erh\u00e4ltlich. Wer seine Steuererkl\u00e4rung mit der \u00a0t@x-Steuersoftware im Heft erledigt \u00a0f\u00fcr den hat sich der Kauf des Heftes schon gerechnet: Bei der Freischaltung spart man 5 Euro.<\/p>\n<p>&nbsp;<\/p>\n","protected":false},"excerpt":{"rendered":"<p>Zum Start ins neue Jahr ist es auch wieder Zeit f\u00fcr die Steuererkl\u00e4rung. Passende Tipps daf\u00fcr liefert das neue Steuer-Spar-Magazin 2013, das ab sofort am Kiosk erh\u00e4ltlich ist. Besonders praktisch: Mit der beiliegenden Heft-CD rechnet man kostenlos aus, wie hoch die pers\u00f6nliche Erstattung f\u00fcr 2012 ist. Auf 132 Seiten bietet das neue Steuer-Spar-Magazin viele geldwerte &hellip; <a href=\"https:\/\/www.buhl.de\/presse\/ab-sofort-am-kiosk-das-steuer-spar-magazin-2013\/\" class=\"more-link\"><span class=\"screen-reader-text\">Ab sofort am Kiosk: Das Steuer-Spar-Magazin 2013<\/span> weiterlesen <span class=\"meta-nav\">&rarr;<\/span><\/a><\/p>\n","protected":false},"author":18,"featured_media":0,"comment_status":"open","ping_status":"open","sticky":false,"template":"","format":"standard","meta":{"footnotes":""},"categories":[1,8,9],"tags":[],"class_list":["post-439","post","type-post","status-publish","format-standard","hentry","category-allgemein","category-steuern","category-tipps"],"yoast_head":"<!-- This site is optimized with the Yoast SEO Premium plugin v27.4 (Yoast SEO v27.5) - https:\/\/yoast.com\/product\/yoast-seo-premium-wordpress\/ -->\n<title>Ab sofort am Kiosk: Das Steuer-Spar-Magazin 2013 - Presseinformationen<\/title>\n<meta name=\"robots\" content=\"noindex, follow\" \/>\n<meta property=\"og:locale\" content=\"de_DE\" \/>\n<meta property=\"og:type\" content=\"article\" \/>\n<meta property=\"og:title\" content=\"Ab sofort am Kiosk: Das Steuer-Spar-Magazin 2013\" \/>\n<meta property=\"og:description\" content=\"Zum Start ins neue Jahr ist es auch wieder Zeit f\u00fcr die Steuererkl\u00e4rung. Passende Tipps daf\u00fcr liefert das neue Steuer-Spar-Magazin 2013, das ab sofort am Kiosk erh\u00e4ltlich ist. Besonders praktisch: Mit der beiliegenden Heft-CD rechnet man kostenlos aus, wie hoch die pers\u00f6nliche Erstattung f\u00fcr 2012 ist. Auf 132 Seiten bietet das neue Steuer-Spar-Magazin viele geldwerte &hellip; Ab sofort am Kiosk: Das Steuer-Spar-Magazin 2013 weiterlesen &rarr;\" \/>\n<meta property=\"og:url\" content=\"https:\/\/www.buhl.de\/presse\/ab-sofort-am-kiosk-das-steuer-spar-magazin-2013\/\" \/>\n<meta property=\"og:site_name\" content=\"Presseinformationen\" \/>\n<meta property=\"article:published_time\" content=\"2013-02-01T07:30:11+00:00\" \/>\n<meta name=\"author\" content=\"Thomas Matena\" \/>\n<meta name=\"twitter:card\" content=\"summary_large_image\" \/>\n<meta name=\"twitter:label1\" content=\"Verfasst von\" \/>\n\t<meta name=\"twitter:data1\" content=\"Thomas Matena\" \/>\n\t<meta name=\"twitter:label2\" content=\"Gesch\u00e4tzte Lesezeit\" \/>\n\t<meta name=\"twitter:data2\" content=\"1\u00a0Minute\" \/>\n<script type=\"application\/ld+json\" class=\"yoast-schema-graph\">{\"@context\":\"https:\\\/\\\/schema.org\",\"@graph\":[{\"@type\":\"Article\",\"@id\":\"https:\\\/\\\/www.buhl.de\\\/presse\\\/ab-sofort-am-kiosk-das-steuer-spar-magazin-2013\\\/#article\",\"isPartOf\":{\"@id\":\"https:\\\/\\\/www.buhl.de\\\/presse\\\/ab-sofort-am-kiosk-das-steuer-spar-magazin-2013\\\/\"},\"author\":{\"name\":\"Thomas Matena\",\"@id\":\"https:\\\/\\\/www.buhl.de\\\/presse\\\/#\\\/schema\\\/person\\\/bb1f653d0be9121eaf44bae0bdd05483\"},\"headline\":\"Ab sofort am Kiosk: Das Steuer-Spar-Magazin 2013\",\"datePublished\":\"2013-02-01T07:30:11+00:00\",\"mainEntityOfPage\":{\"@id\":\"https:\\\/\\\/www.buhl.de\\\/presse\\\/ab-sofort-am-kiosk-das-steuer-spar-magazin-2013\\\/\"},\"wordCount\":264,\"commentCount\":1,\"articleSection\":{\"1\":\"Steuern\",\"2\":\"Tipps\"},\"inLanguage\":\"de\",\"potentialAction\":[{\"@type\":\"CommentAction\",\"name\":\"Comment\",\"target\":[\"https:\\\/\\\/www.buhl.de\\\/presse\\\/ab-sofort-am-kiosk-das-steuer-spar-magazin-2013\\\/#respond\"]}]},{\"@type\":\"WebPage\",\"@id\":\"https:\\\/\\\/www.buhl.de\\\/presse\\\/ab-sofort-am-kiosk-das-steuer-spar-magazin-2013\\\/\",\"url\":\"https:\\\/\\\/www.buhl.de\\\/presse\\\/ab-sofort-am-kiosk-das-steuer-spar-magazin-2013\\\/\",\"name\":\"Ab sofort am Kiosk: Das Steuer-Spar-Magazin 2013 - Presseinformationen\",\"isPartOf\":{\"@id\":\"https:\\\/\\\/www.buhl.de\\\/presse\\\/#website\"},\"datePublished\":\"2013-02-01T07:30:11+00:00\",\"author\":{\"@id\":\"https:\\\/\\\/www.buhl.de\\\/presse\\\/#\\\/schema\\\/person\\\/bb1f653d0be9121eaf44bae0bdd05483\"},\"breadcrumb\":{\"@id\":\"https:\\\/\\\/www.buhl.de\\\/presse\\\/ab-sofort-am-kiosk-das-steuer-spar-magazin-2013\\\/#breadcrumb\"},\"inLanguage\":\"de\",\"potentialAction\":[{\"@type\":\"ReadAction\",\"target\":[\"https:\\\/\\\/www.buhl.de\\\/presse\\\/ab-sofort-am-kiosk-das-steuer-spar-magazin-2013\\\/\"]}]},{\"@type\":\"BreadcrumbList\",\"@id\":\"https:\\\/\\\/www.buhl.de\\\/presse\\\/ab-sofort-am-kiosk-das-steuer-spar-magazin-2013\\\/#breadcrumb\",\"itemListElement\":[{\"@type\":\"ListItem\",\"position\":1,\"name\":\"Home\",\"item\":\"https:\\\/\\\/www.buhl.de\\\/presse\\\/\"},{\"@type\":\"ListItem\",\"position\":2,\"name\":\"Ab sofort am Kiosk: Das Steuer-Spar-Magazin 2013\"}]},{\"@type\":\"WebSite\",\"@id\":\"https:\\\/\\\/www.buhl.de\\\/presse\\\/#website\",\"url\":\"https:\\\/\\\/www.buhl.de\\\/presse\\\/\",\"name\":\"Presseinformationen\",\"description\":\"der Buhl-Gruppe\",\"potentialAction\":[{\"@type\":\"SearchAction\",\"target\":{\"@type\":\"EntryPoint\",\"urlTemplate\":\"https:\\\/\\\/www.buhl.de\\\/presse\\\/?s={search_term_string}\"},\"query-input\":{\"@type\":\"PropertyValueSpecification\",\"valueRequired\":true,\"valueName\":\"search_term_string\"}}],\"inLanguage\":\"de\"},{\"@type\":\"Person\",\"@id\":\"https:\\\/\\\/www.buhl.de\\\/presse\\\/#\\\/schema\\\/person\\\/bb1f653d0be9121eaf44bae0bdd05483\",\"name\":\"Thomas Matena\",\"url\":\"https:\\\/\\\/www.buhl.de\\\/presse\\\/author\\\/tmatema\\\/\"}]}<\/script>\n<!-- \/ Yoast SEO Premium plugin. -->","yoast_head_json":{"title":"Ab sofort am Kiosk: Das Steuer-Spar-Magazin 2013 - Presseinformationen","robots":{"index":"noindex","follow":"follow"},"og_locale":"de_DE","og_type":"article","og_title":"Ab sofort am Kiosk: Das Steuer-Spar-Magazin 2013","og_description":"Zum Start ins neue Jahr ist es auch wieder Zeit f\u00fcr die Steuererkl\u00e4rung. Passende Tipps daf\u00fcr liefert das neue Steuer-Spar-Magazin 2013, das ab sofort am Kiosk erh\u00e4ltlich ist. Besonders praktisch: Mit der beiliegenden Heft-CD rechnet man kostenlos aus, wie hoch die pers\u00f6nliche Erstattung f\u00fcr 2012 ist. Auf 132 Seiten bietet das neue Steuer-Spar-Magazin viele geldwerte &hellip; Ab sofort am Kiosk: Das Steuer-Spar-Magazin 2013 weiterlesen &rarr;","og_url":"https:\/\/www.buhl.de\/presse\/ab-sofort-am-kiosk-das-steuer-spar-magazin-2013\/","og_site_name":"Presseinformationen","article_published_time":"2013-02-01T07:30:11+00:00","author":"Thomas Matena","twitter_card":"summary_large_image","twitter_misc":{"Verfasst von":"Thomas Matena","Gesch\u00e4tzte Lesezeit":"1\u00a0Minute"},"schema":{"@context":"https:\/\/schema.org","@graph":[{"@type":"Article","@id":"https:\/\/www.buhl.de\/presse\/ab-sofort-am-kiosk-das-steuer-spar-magazin-2013\/#article","isPartOf":{"@id":"https:\/\/www.buhl.de\/presse\/ab-sofort-am-kiosk-das-steuer-spar-magazin-2013\/"},"author":{"name":"Thomas Matena","@id":"https:\/\/www.buhl.de\/presse\/#\/schema\/person\/bb1f653d0be9121eaf44bae0bdd05483"},"headline":"Ab sofort am Kiosk: Das Steuer-Spar-Magazin 2013","datePublished":"2013-02-01T07:30:11+00:00","mainEntityOfPage":{"@id":"https:\/\/www.buhl.de\/presse\/ab-sofort-am-kiosk-das-steuer-spar-magazin-2013\/"},"wordCount":264,"commentCount":1,"articleSection":{"1":"Steuern","2":"Tipps"},"inLanguage":"de","potentialAction":[{"@type":"CommentAction","name":"Comment","target":["https:\/\/www.buhl.de\/presse\/ab-sofort-am-kiosk-das-steuer-spar-magazin-2013\/#respond"]}]},{"@type":"WebPage","@id":"https:\/\/www.buhl.de\/presse\/ab-sofort-am-kiosk-das-steuer-spar-magazin-2013\/","url":"https:\/\/www.buhl.de\/presse\/ab-sofort-am-kiosk-das-steuer-spar-magazin-2013\/","name":"Ab sofort am Kiosk: Das Steuer-Spar-Magazin 2013 - Presseinformationen","isPartOf":{"@id":"https:\/\/www.buhl.de\/presse\/#website"},"datePublished":"2013-02-01T07:30:11+00:00","author":{"@id":"https:\/\/www.buhl.de\/presse\/#\/schema\/person\/bb1f653d0be9121eaf44bae0bdd05483"},"breadcrumb":{"@id":"https:\/\/www.buhl.de\/presse\/ab-sofort-am-kiosk-das-steuer-spar-magazin-2013\/#breadcrumb"},"inLanguage":"de","potentialAction":[{"@type":"ReadAction","target":["https:\/\/www.buhl.de\/presse\/ab-sofort-am-kiosk-das-steuer-spar-magazin-2013\/"]}]},{"@type":"BreadcrumbList","@id":"https:\/\/www.buhl.de\/presse\/ab-sofort-am-kiosk-das-steuer-spar-magazin-2013\/#breadcrumb","itemListElement":[{"@type":"ListItem","position":1,"name":"Home","item":"https:\/\/www.buhl.de\/presse\/"},{"@type":"ListItem","position":2,"name":"Ab sofort am Kiosk: Das Steuer-Spar-Magazin 2013"}]},{"@type":"WebSite","@id":"https:\/\/www.buhl.de\/presse\/#website","url":"https:\/\/www.buhl.de\/presse\/","name":"Presseinformationen","description":"der Buhl-Gruppe","potentialAction":[{"@type":"SearchAction","target":{"@type":"EntryPoint","urlTemplate":"https:\/\/www.buhl.de\/presse\/?s={search_term_string}"},"query-input":{"@type":"PropertyValueSpecification","valueRequired":true,"valueName":"search_term_string"}}],"inLanguage":"de"},{"@type":"Person","@id":"https:\/\/www.buhl.de\/presse\/#\/schema\/person\/bb1f653d0be9121eaf44bae0bdd05483","name":"Thomas Matena","url":"https:\/\/www.buhl.de\/presse\/author\/tmatema\/"}]}},"_links":{"self":[{"href":"https:\/\/www.buhl.de\/presse\/wp-json\/wp\/v2\/posts\/439","targetHints":{"allow":["GET"]}}],"collection":[{"href":"https:\/\/www.buhl.de\/presse\/wp-json\/wp\/v2\/posts"}],"about":[{"href":"https:\/\/www.buhl.de\/presse\/wp-json\/wp\/v2\/types\/post"}],"author":[{"embeddable":true,"href":"https:\/\/www.buhl.de\/presse\/wp-json\/wp\/v2\/users\/18"}],"replies":[{"embeddable":true,"href":"https:\/\/www.buhl.de\/presse\/wp-json\/wp\/v2\/comments?post=439"}],"version-history":[{"count":0,"href":"https:\/\/www.buhl.de\/presse\/wp-json\/wp\/v2\/posts\/439\/revisions"}],"wp:attachment":[{"href":"https:\/\/www.buhl.de\/presse\/wp-json\/wp\/v2\/media?parent=439"}],"wp:term":[{"taxonomy":"category","embeddable":true,"href":"https:\/\/www.buhl.de\/presse\/wp-json\/wp\/v2\/categories?post=439"},{"taxonomy":"post_tag","embeddable":true,"href":"https:\/\/www.buhl.de\/presse\/wp-json\/wp\/v2\/tags?post=439"}],"curies":[{"name":"wp","href":"https:\/\/api.w.org\/{rel}","templated":true}]}}