{"id":501,"date":"2014-01-08T13:00:44","date_gmt":"2014-01-08T11:00:44","guid":{"rendered":"http:\/\/presse.buhl.de\/?p=501"},"modified":"2014-01-08T13:00:44","modified_gmt":"2014-01-08T11:00:44","slug":"steuererklarung-2013-vorteile-der-vorausgefullten-erklarung-richtig-nutzen","status":"publish","type":"post","link":"https:\/\/www.buhl.de\/presse\/steuererklarung-2013-vorteile-der-vorausgefullten-erklarung-richtig-nutzen\/","title":{"rendered":"Steuererkl\u00e4rung 2013: Vorteile der vorausgef\u00fcllten Erkl\u00e4rung richtig nutzen"},"content":{"rendered":"<p><i>P\u00fcnktlich zum neuen Jahr 2014 haben die Finanz\u00e4mter die \u201evorausgef\u00fcllte Steuererkl\u00e4rung\u201c gestartet. F\u00fcr clevere B\u00fcrger bietet der neue Service viele Vorteile \u2013 wenn man ihn richtig nutzt. Optimale Unterst\u00fctzung hierzu bietet die neue WISO Steuer-Software 2014.<\/i><\/p>\n<p>F\u00fcr viele Steuerzahler klingt es wie ein Traum: eine Steuererkl\u00e4rung, die sich selbst ausf\u00fcllt. Doch ganz so weit ist die Technik noch nicht. \u201eBei der vorausgef\u00fcllten Steuererkl\u00e4rung handelt es sich eher um einen Daten- und Belegabruf\u201c, wei\u00df Diplom-Finanzwirt Peter Schmitz, bei der Buhl Tax Service GmbH verantwortlich f\u00fcr die Entwicklung der WISO Steuer-Software. \u201eDoch auch das bietet dem Steuerzahler schon viele Vorteile. Und er kann jetzt zum ersten Mal sehen, was sein Finanzamt wirklich \u00fcber ihn wei\u00df.\u201c<\/p>\n<p>So funktioniert\u2019s: Nachdem man sich f\u00fcr den Datenabruf per ELSTER registriert hat, kann man neben seinen Stammdaten zum Beispiel die Lohnsteuerdaten des Arbeitgebers sowie Angaben zu Versicherungen, Riester, R\u00fcrup oder zu Rentenbez\u00fcgen vom Server des Finanzamts laden. Das schafft Transparenz \u2013 und spart Arbeit. Sp\u00e4testens Ende Februar liegen die Daten f\u00fcr 2013 beim Finanzamt vor. Zeit genug also, noch schnell ein ELSTER-Zertifikat f\u00fcr den Abruf zu beantragen.<\/p>\n<p>\u201eMit einer passenden Software wie dem WISO Steuer-Sparbuch 2014 \u00fcbernimmt man die Daten vom Finanzamt einfach per Mausklick in seine Steuererkl\u00e4rung\u201c, so Schmitz. \u201eDas spart das l\u00e4stige Abtippen vieler Belege und die Erkl\u00e4rung ist schneller fertig. Ein weiterer Pluspunkt f\u00fcr den B\u00fcrger.\u201c<\/p>\n<p>Wer die WISO Steuer-Software f\u00fcr PC oder Mac nutzt, muss sich auch keine Sorgen machen, trotz vorausgef\u00fcllter Daten etwas zu verschenken. \u201eSteuern sparen kann die vorausgef\u00fcllte Steuererkl\u00e4rung vom Finanzamt nat\u00fcrlich nicht. Doch das ist die St\u00e4rke der WISO Steuer-Software: Sie f\u00fchrt automatisch zu den individuellen Spartipps\u201c, erkl\u00e4rt Schmitz. \u201eSo nutzt man die Vorteile des Datenabrufs beim Finanzamt, spart Zeit &#8211; und spart vor allem Steuern.\u201c<\/p>\n<p>Und noch einen Vorteil hat Peter Schmitz ausgemacht: \u201eWer schon mal mit dem Gedanken gespielt hat, seine Steuersoftware zu wechseln, konnte das noch nie so einfach wie jetzt. Denn mit dem Daten- und Belegabruf kann man schon viele Daten automatisch in die Software \u00fcbernehmen. Das d\u00fcrfte viele Anwender freuen, die bisher den zeitraubenden Wechsel zu einem anderen Programm gescheut haben.\u201c<\/p>\n<p>Die Softwarepakete WISO Steuer-Sparbuch und WISO steuer:Mac f\u00fcr die Steuererkl\u00e4rung 2013 sind schon ab rund 30 Euro \u00fcberall im Handel und online beim Hersteller unter <a href=\"http:\/\/www.buhl.de\/\">www.buhl.de<\/a> erh\u00e4ltlich.<\/p>\n<p>Dar\u00fcber hinaus bietet das WISO InternetSparbuch (<a href=\"http:\/\/www.internet-sparbuch.de\/\">www.internet-sparbuch.de<\/a>) als einzige Online-Steuererkl\u00e4rung volle Unterst\u00fctzung f\u00fcr alle Vorteile der vorausgef\u00fcllten Steuererkl\u00e4rung.<\/p>\n","protected":false},"excerpt":{"rendered":"<p>P\u00fcnktlich zum neuen Jahr 2014 haben die Finanz\u00e4mter die \u201evorausgef\u00fcllte Steuererkl\u00e4rung\u201c gestartet. F\u00fcr clevere B\u00fcrger bietet der neue Service viele Vorteile \u2013 wenn man ihn richtig nutzt. Optimale Unterst\u00fctzung hierzu bietet die neue WISO Steuer-Software 2014. F\u00fcr viele Steuerzahler klingt es wie ein Traum: eine Steuererkl\u00e4rung, die sich selbst ausf\u00fcllt. Doch ganz so weit ist &hellip; <a href=\"https:\/\/www.buhl.de\/presse\/steuererklarung-2013-vorteile-der-vorausgefullten-erklarung-richtig-nutzen\/\" class=\"more-link\"><span class=\"screen-reader-text\">Steuererkl\u00e4rung 2013: Vorteile der vorausgef\u00fcllten Erkl\u00e4rung richtig nutzen<\/span> weiterlesen <span class=\"meta-nav\">&rarr;<\/span><\/a><\/p>\n","protected":false},"author":18,"featured_media":0,"comment_status":"open","ping_status":"open","sticky":false,"template":"","format":"standard","meta":{"footnotes":""},"categories":[8,9],"tags":[],"class_list":["post-501","post","type-post","status-publish","format-standard","hentry","category-steuern","category-tipps"],"yoast_head":"<!-- This site is optimized with the Yoast SEO Premium plugin v27.0 (Yoast SEO v27.0) - https:\/\/yoast.com\/product\/yoast-seo-premium-wordpress\/ -->\n<title>Steuererkl\u00e4rung 2013: Vorteile der vorausgef\u00fcllten Erkl\u00e4rung richtig nutzen - Presseinformationen<\/title>\n<meta name=\"robots\" content=\"noindex, follow\" \/>\n<meta property=\"og:locale\" content=\"de_DE\" \/>\n<meta property=\"og:type\" content=\"article\" \/>\n<meta property=\"og:title\" content=\"Steuererkl\u00e4rung 2013: Vorteile der vorausgef\u00fcllten Erkl\u00e4rung richtig nutzen\" \/>\n<meta property=\"og:description\" content=\"P\u00fcnktlich zum neuen Jahr 2014 haben die Finanz\u00e4mter die \u201evorausgef\u00fcllte Steuererkl\u00e4rung\u201c gestartet. F\u00fcr clevere B\u00fcrger bietet der neue Service viele Vorteile \u2013 wenn man ihn richtig nutzt. Optimale Unterst\u00fctzung hierzu bietet die neue WISO Steuer-Software 2014. F\u00fcr viele Steuerzahler klingt es wie ein Traum: eine Steuererkl\u00e4rung, die sich selbst ausf\u00fcllt. Doch ganz so weit ist &hellip; Steuererkl\u00e4rung 2013: Vorteile der vorausgef\u00fcllten Erkl\u00e4rung richtig nutzen weiterlesen &rarr;\" \/>\n<meta property=\"og:url\" content=\"https:\/\/www.buhl.de\/presse\/steuererklarung-2013-vorteile-der-vorausgefullten-erklarung-richtig-nutzen\/\" \/>\n<meta property=\"og:site_name\" content=\"Presseinformationen\" \/>\n<meta property=\"article:published_time\" content=\"2014-01-08T11:00:44+00:00\" \/>\n<meta name=\"author\" content=\"Thomas Matena\" \/>\n<meta name=\"twitter:card\" content=\"summary_large_image\" \/>\n<meta name=\"twitter:label1\" content=\"Verfasst von\" \/>\n\t<meta name=\"twitter:data1\" content=\"Thomas Matena\" \/>\n\t<meta name=\"twitter:label2\" content=\"Gesch\u00e4tzte Lesezeit\" \/>\n\t<meta name=\"twitter:data2\" content=\"2\u00a0Minuten\" \/>\n<script type=\"application\/ld+json\" class=\"yoast-schema-graph\">{\"@context\":\"https:\/\/schema.org\",\"@graph\":[{\"@type\":\"Article\",\"@id\":\"https:\/\/www.buhl.de\/presse\/steuererklarung-2013-vorteile-der-vorausgefullten-erklarung-richtig-nutzen\/#article\",\"isPartOf\":{\"@id\":\"https:\/\/www.buhl.de\/presse\/steuererklarung-2013-vorteile-der-vorausgefullten-erklarung-richtig-nutzen\/\"},\"author\":{\"name\":\"Thomas Matena\",\"@id\":\"https:\/\/www.buhl.de\/presse\/#\/schema\/person\/bb1f653d0be9121eaf44bae0bdd05483\"},\"headline\":\"Steuererkl\u00e4rung 2013: Vorteile der vorausgef\u00fcllten Erkl\u00e4rung richtig nutzen\",\"datePublished\":\"2014-01-08T11:00:44+00:00\",\"mainEntityOfPage\":{\"@id\":\"https:\/\/www.buhl.de\/presse\/steuererklarung-2013-vorteile-der-vorausgefullten-erklarung-richtig-nutzen\/\"},\"wordCount\":442,\"commentCount\":0,\"articleSection\":[\"Steuern\",\"Tipps\"],\"inLanguage\":\"de\",\"potentialAction\":[{\"@type\":\"CommentAction\",\"name\":\"Comment\",\"target\":[\"https:\/\/www.buhl.de\/presse\/steuererklarung-2013-vorteile-der-vorausgefullten-erklarung-richtig-nutzen\/#respond\"]}]},{\"@type\":\"WebPage\",\"@id\":\"https:\/\/www.buhl.de\/presse\/steuererklarung-2013-vorteile-der-vorausgefullten-erklarung-richtig-nutzen\/\",\"url\":\"https:\/\/www.buhl.de\/presse\/steuererklarung-2013-vorteile-der-vorausgefullten-erklarung-richtig-nutzen\/\",\"name\":\"Steuererkl\u00e4rung 2013: Vorteile der vorausgef\u00fcllten Erkl\u00e4rung richtig nutzen - Presseinformationen\",\"isPartOf\":{\"@id\":\"https:\/\/www.buhl.de\/presse\/#website\"},\"datePublished\":\"2014-01-08T11:00:44+00:00\",\"author\":{\"@id\":\"https:\/\/www.buhl.de\/presse\/#\/schema\/person\/bb1f653d0be9121eaf44bae0bdd05483\"},\"breadcrumb\":{\"@id\":\"https:\/\/www.buhl.de\/presse\/steuererklarung-2013-vorteile-der-vorausgefullten-erklarung-richtig-nutzen\/#breadcrumb\"},\"inLanguage\":\"de\",\"potentialAction\":[{\"@type\":\"ReadAction\",\"target\":[\"https:\/\/www.buhl.de\/presse\/steuererklarung-2013-vorteile-der-vorausgefullten-erklarung-richtig-nutzen\/\"]}]},{\"@type\":\"BreadcrumbList\",\"@id\":\"https:\/\/www.buhl.de\/presse\/steuererklarung-2013-vorteile-der-vorausgefullten-erklarung-richtig-nutzen\/#breadcrumb\",\"itemListElement\":[{\"@type\":\"ListItem\",\"position\":1,\"name\":\"Home\",\"item\":\"https:\/\/www.buhl.de\/presse\/\"},{\"@type\":\"ListItem\",\"position\":2,\"name\":\"Steuererkl\u00e4rung 2013: Vorteile der vorausgef\u00fcllten Erkl\u00e4rung richtig nutzen\"}]},{\"@type\":\"WebSite\",\"@id\":\"https:\/\/www.buhl.de\/presse\/#website\",\"url\":\"https:\/\/www.buhl.de\/presse\/\",\"name\":\"Presseinformationen\",\"description\":\"der Buhl-Gruppe\",\"potentialAction\":[{\"@type\":\"SearchAction\",\"target\":{\"@type\":\"EntryPoint\",\"urlTemplate\":\"https:\/\/www.buhl.de\/presse\/?s={search_term_string}\"},\"query-input\":{\"@type\":\"PropertyValueSpecification\",\"valueRequired\":true,\"valueName\":\"search_term_string\"}}],\"inLanguage\":\"de\"},{\"@type\":\"Person\",\"@id\":\"https:\/\/www.buhl.de\/presse\/#\/schema\/person\/bb1f653d0be9121eaf44bae0bdd05483\",\"name\":\"Thomas Matena\",\"url\":\"https:\/\/www.buhl.de\/presse\/author\/tmatema\/\"}]}<\/script>\n<!-- \/ Yoast SEO Premium plugin. -->","yoast_head_json":{"title":"Steuererkl\u00e4rung 2013: Vorteile der vorausgef\u00fcllten Erkl\u00e4rung richtig nutzen - Presseinformationen","robots":{"index":"noindex","follow":"follow"},"og_locale":"de_DE","og_type":"article","og_title":"Steuererkl\u00e4rung 2013: Vorteile der vorausgef\u00fcllten Erkl\u00e4rung richtig nutzen","og_description":"P\u00fcnktlich zum neuen Jahr 2014 haben die Finanz\u00e4mter die \u201evorausgef\u00fcllte Steuererkl\u00e4rung\u201c gestartet. F\u00fcr clevere B\u00fcrger bietet der neue Service viele Vorteile \u2013 wenn man ihn richtig nutzt. Optimale Unterst\u00fctzung hierzu bietet die neue WISO Steuer-Software 2014. F\u00fcr viele Steuerzahler klingt es wie ein Traum: eine Steuererkl\u00e4rung, die sich selbst ausf\u00fcllt. Doch ganz so weit ist &hellip; Steuererkl\u00e4rung 2013: Vorteile der vorausgef\u00fcllten Erkl\u00e4rung richtig nutzen weiterlesen &rarr;","og_url":"https:\/\/www.buhl.de\/presse\/steuererklarung-2013-vorteile-der-vorausgefullten-erklarung-richtig-nutzen\/","og_site_name":"Presseinformationen","article_published_time":"2014-01-08T11:00:44+00:00","author":"Thomas Matena","twitter_card":"summary_large_image","twitter_misc":{"Verfasst von":"Thomas Matena","Gesch\u00e4tzte Lesezeit":"2\u00a0Minuten"},"schema":{"@context":"https:\/\/schema.org","@graph":[{"@type":"Article","@id":"https:\/\/www.buhl.de\/presse\/steuererklarung-2013-vorteile-der-vorausgefullten-erklarung-richtig-nutzen\/#article","isPartOf":{"@id":"https:\/\/www.buhl.de\/presse\/steuererklarung-2013-vorteile-der-vorausgefullten-erklarung-richtig-nutzen\/"},"author":{"name":"Thomas Matena","@id":"https:\/\/www.buhl.de\/presse\/#\/schema\/person\/bb1f653d0be9121eaf44bae0bdd05483"},"headline":"Steuererkl\u00e4rung 2013: Vorteile der vorausgef\u00fcllten Erkl\u00e4rung richtig nutzen","datePublished":"2014-01-08T11:00:44+00:00","mainEntityOfPage":{"@id":"https:\/\/www.buhl.de\/presse\/steuererklarung-2013-vorteile-der-vorausgefullten-erklarung-richtig-nutzen\/"},"wordCount":442,"commentCount":0,"articleSection":["Steuern","Tipps"],"inLanguage":"de","potentialAction":[{"@type":"CommentAction","name":"Comment","target":["https:\/\/www.buhl.de\/presse\/steuererklarung-2013-vorteile-der-vorausgefullten-erklarung-richtig-nutzen\/#respond"]}]},{"@type":"WebPage","@id":"https:\/\/www.buhl.de\/presse\/steuererklarung-2013-vorteile-der-vorausgefullten-erklarung-richtig-nutzen\/","url":"https:\/\/www.buhl.de\/presse\/steuererklarung-2013-vorteile-der-vorausgefullten-erklarung-richtig-nutzen\/","name":"Steuererkl\u00e4rung 2013: Vorteile der vorausgef\u00fcllten Erkl\u00e4rung richtig nutzen - Presseinformationen","isPartOf":{"@id":"https:\/\/www.buhl.de\/presse\/#website"},"datePublished":"2014-01-08T11:00:44+00:00","author":{"@id":"https:\/\/www.buhl.de\/presse\/#\/schema\/person\/bb1f653d0be9121eaf44bae0bdd05483"},"breadcrumb":{"@id":"https:\/\/www.buhl.de\/presse\/steuererklarung-2013-vorteile-der-vorausgefullten-erklarung-richtig-nutzen\/#breadcrumb"},"inLanguage":"de","potentialAction":[{"@type":"ReadAction","target":["https:\/\/www.buhl.de\/presse\/steuererklarung-2013-vorteile-der-vorausgefullten-erklarung-richtig-nutzen\/"]}]},{"@type":"BreadcrumbList","@id":"https:\/\/www.buhl.de\/presse\/steuererklarung-2013-vorteile-der-vorausgefullten-erklarung-richtig-nutzen\/#breadcrumb","itemListElement":[{"@type":"ListItem","position":1,"name":"Home","item":"https:\/\/www.buhl.de\/presse\/"},{"@type":"ListItem","position":2,"name":"Steuererkl\u00e4rung 2013: Vorteile der vorausgef\u00fcllten Erkl\u00e4rung richtig nutzen"}]},{"@type":"WebSite","@id":"https:\/\/www.buhl.de\/presse\/#website","url":"https:\/\/www.buhl.de\/presse\/","name":"Presseinformationen","description":"der Buhl-Gruppe","potentialAction":[{"@type":"SearchAction","target":{"@type":"EntryPoint","urlTemplate":"https:\/\/www.buhl.de\/presse\/?s={search_term_string}"},"query-input":{"@type":"PropertyValueSpecification","valueRequired":true,"valueName":"search_term_string"}}],"inLanguage":"de"},{"@type":"Person","@id":"https:\/\/www.buhl.de\/presse\/#\/schema\/person\/bb1f653d0be9121eaf44bae0bdd05483","name":"Thomas Matena","url":"https:\/\/www.buhl.de\/presse\/author\/tmatema\/"}]}},"_links":{"self":[{"href":"https:\/\/www.buhl.de\/presse\/wp-json\/wp\/v2\/posts\/501","targetHints":{"allow":["GET"]}}],"collection":[{"href":"https:\/\/www.buhl.de\/presse\/wp-json\/wp\/v2\/posts"}],"about":[{"href":"https:\/\/www.buhl.de\/presse\/wp-json\/wp\/v2\/types\/post"}],"author":[{"embeddable":true,"href":"https:\/\/www.buhl.de\/presse\/wp-json\/wp\/v2\/users\/18"}],"replies":[{"embeddable":true,"href":"https:\/\/www.buhl.de\/presse\/wp-json\/wp\/v2\/comments?post=501"}],"version-history":[{"count":0,"href":"https:\/\/www.buhl.de\/presse\/wp-json\/wp\/v2\/posts\/501\/revisions"}],"wp:attachment":[{"href":"https:\/\/www.buhl.de\/presse\/wp-json\/wp\/v2\/media?parent=501"}],"wp:term":[{"taxonomy":"category","embeddable":true,"href":"https:\/\/www.buhl.de\/presse\/wp-json\/wp\/v2\/categories?post=501"},{"taxonomy":"post_tag","embeddable":true,"href":"https:\/\/www.buhl.de\/presse\/wp-json\/wp\/v2\/tags?post=501"}],"curies":[{"name":"wp","href":"https:\/\/api.w.org\/{rel}","templated":true}]}}