{"id":560,"date":"2015-02-17T16:34:16","date_gmt":"2015-02-17T14:34:16","guid":{"rendered":"http:\/\/presse.buhl.de\/?p=560"},"modified":"2015-02-17T16:34:16","modified_gmt":"2015-02-17T14:34:16","slug":"buhl-spendet-neueste-computertechnik","status":"publish","type":"post","link":"https:\/\/www.buhl.de\/presse\/buhl-spendet-neueste-computertechnik\/","title":{"rendered":"Buhl spendet neueste Computertechnik"},"content":{"rendered":"<p><em>Als \u201evorbildliches und gro\u00dfartiges Engagement f\u00fcr unsere Bildung\u201c bezeichnet Jochen Haardt, der Schulleiter des Dietrich-Bonhoeffer-Gymnasiums, die gro\u00dfz\u00fcgige Unterst\u00fctzung der Buhl Data Service GmbH. Und auch Neunkirchens B\u00fcrgermeister Bernhard Baumann ist voll des Lobes dar\u00fcber, dass sich das zukunftsorientierte Gymnasium nun auch im Fachbereich Informatik wieder auf dem neuesten technischen Stand befindet. Der Grund f\u00fcr die Freude: Die Buhl Data Service GmbH hat der Einrichtung 30 moderne PC-Arbeitspl\u00e4tze, 10 Tablets und zwei neue Drucker f\u00fcr den Informatikunterricht und schulische Projekte zur Verf\u00fcgung gestellt. Auch die Server-Struktur der Schule wurde seitens des Unternehmens modernisiert.<\/em><\/p>\n<p>Im September des vergangenen Jahres war in der Fachschaft Informatik \u00fcberlegt worden, beim \u201eWeltmarktf\u00fchrer vor Ort\u201c um Hilfe bei der Modernisierung der Computertechnik zu bitten. Dass die Spende der Buhl Data Service GmbH derart umfassend ausfallen w\u00fcrde, hatte man zu jenem Zeitpunkt nicht erwartet. Doch halbe Sachen kamen f\u00fcr das ortsans\u00e4ssige Unternehmen nicht infrage.<\/p>\n<p>\u201eHeutzutage wird in fast jedem Berufszweig Fachwissen auf dem Informationssektor verlangt, dies kann nur gelingen, wenn Sch\u00fcler w\u00e4hrend ihrer Schulausbildung eine gute Infrastruktur vorfinden\u201c, wei\u00df Thomas Matena, Pressesprecher des Unternehmens. Entsprechend bezeichnet Jochen Haardt die Investition im f\u00fcnfstelligen Bereich als eine \u201eGeldanlage in die Jugend.\u201c<\/p>\n<p>Ein ehemaliger Klassenraum sowie der Informatikraum wurden mit der entsprechenden Hard- und Software ausgestattet. Hell und freundlich sind die neuen modernen Arbeitspl\u00e4tze, die jetzt offiziell eingeweiht wurden. W\u00e4hrend Buhl Data einen Mitarbeiter zur Verf\u00fcgung stellte, der sich mit der Konfiguration der Computer und deren Anbindung ans Netzwerk besch\u00e4ftigte, wurde die Verkabelung vorwiegend von Sch\u00fclern durchgef\u00fchrt.<\/p>\n<p>So ist im Laufe der vergangenen Monate eine intensive Kooperation zwischen Schule und Unternehmen entstanden, die Thomas Matena als klassische Win-Win-Situation sieht. W\u00e4hrend das Unternehmen von motivierten Praktikanten mit frischen Ideen profitiere, biete Buhl Data ihnen interessante Einblicke in ein gro\u00dfes Unternehmen. \u201eUnser Beispiel sollte Schule machen\u201c, ist sich der Diplom-Medienwirt sicher: \u201eUm das Bildungssystem zu st\u00e4rken sollten mehr Unternehmen einen entsprechenden Beitrag leisten.\u201c<\/p>\n<p>B\u00fcrgermeister Bernhard Baumann geht noch einen Schritt weiter. Er sieht die gute Zusammenarbeit, wie sie in Neunkirchen zwischen Wirtschaft, Verwaltung und Schule bestehe als gro\u00dfe Chance bei der Nachwuchsf\u00f6rderung und der Suche nach Fachkr\u00e4ften. \u201eWer heute positive Erfahrungen bei einem Unternehmen vor Ort macht, wird nach der Schule oder dem Studium m\u00f6glicherweise zur\u00fcckkehren\u201c.<\/p>\n","protected":false},"excerpt":{"rendered":"<p>Als \u201evorbildliches und gro\u00dfartiges Engagement f\u00fcr unsere Bildung\u201c bezeichnet Jochen Haardt, der Schulleiter des Dietrich-Bonhoeffer-Gymnasiums, die gro\u00dfz\u00fcgige Unterst\u00fctzung der Buhl Data Service GmbH. Und auch Neunkirchens B\u00fcrgermeister Bernhard Baumann ist voll des Lobes dar\u00fcber, dass sich das zukunftsorientierte Gymnasium nun auch im Fachbereich Informatik wieder auf dem neuesten technischen Stand befindet. Der Grund f\u00fcr die &hellip; <a href=\"https:\/\/www.buhl.de\/presse\/buhl-spendet-neueste-computertechnik\/\" class=\"more-link\"><span class=\"screen-reader-text\">Buhl spendet neueste Computertechnik<\/span> weiterlesen <span class=\"meta-nav\">&rarr;<\/span><\/a><\/p>\n","protected":false},"author":18,"featured_media":0,"comment_status":"open","ping_status":"open","sticky":false,"template":"","format":"standard","meta":{"footnotes":""},"categories":[1],"tags":[],"class_list":["post-560","post","type-post","status-publish","format-standard","hentry","category-allgemein"],"yoast_head":"<!-- This site is optimized with the Yoast SEO Premium plugin v27.4 (Yoast SEO v27.5) - https:\/\/yoast.com\/product\/yoast-seo-premium-wordpress\/ -->\n<title>Buhl spendet neueste Computertechnik - Presseinformationen<\/title>\n<meta name=\"robots\" content=\"noindex, follow\" \/>\n<meta property=\"og:locale\" content=\"de_DE\" \/>\n<meta property=\"og:type\" content=\"article\" \/>\n<meta property=\"og:title\" content=\"Buhl spendet neueste Computertechnik\" \/>\n<meta property=\"og:description\" content=\"Als \u201evorbildliches und gro\u00dfartiges Engagement f\u00fcr unsere Bildung\u201c bezeichnet Jochen Haardt, der Schulleiter des Dietrich-Bonhoeffer-Gymnasiums, die gro\u00dfz\u00fcgige Unterst\u00fctzung der Buhl Data Service GmbH. Und auch Neunkirchens B\u00fcrgermeister Bernhard Baumann ist voll des Lobes dar\u00fcber, dass sich das zukunftsorientierte Gymnasium nun auch im Fachbereich Informatik wieder auf dem neuesten technischen Stand befindet. Der Grund f\u00fcr die &hellip; Buhl spendet neueste Computertechnik weiterlesen &rarr;\" \/>\n<meta property=\"og:url\" content=\"https:\/\/www.buhl.de\/presse\/buhl-spendet-neueste-computertechnik\/\" \/>\n<meta property=\"og:site_name\" content=\"Presseinformationen\" \/>\n<meta property=\"article:published_time\" content=\"2015-02-17T14:34:16+00:00\" \/>\n<meta name=\"author\" content=\"Thomas Matena\" \/>\n<meta name=\"twitter:card\" content=\"summary_large_image\" \/>\n<meta name=\"twitter:label1\" content=\"Verfasst von\" \/>\n\t<meta name=\"twitter:data1\" content=\"Thomas Matena\" \/>\n\t<meta name=\"twitter:label2\" content=\"Gesch\u00e4tzte Lesezeit\" \/>\n\t<meta name=\"twitter:data2\" content=\"2\u00a0Minuten\" \/>\n<script type=\"application\/ld+json\" class=\"yoast-schema-graph\">{\"@context\":\"https:\\\/\\\/schema.org\",\"@graph\":[{\"@type\":\"Article\",\"@id\":\"https:\\\/\\\/www.buhl.de\\\/presse\\\/buhl-spendet-neueste-computertechnik\\\/#article\",\"isPartOf\":{\"@id\":\"https:\\\/\\\/www.buhl.de\\\/presse\\\/buhl-spendet-neueste-computertechnik\\\/\"},\"author\":{\"name\":\"Thomas Matena\",\"@id\":\"https:\\\/\\\/www.buhl.de\\\/presse\\\/#\\\/schema\\\/person\\\/bb1f653d0be9121eaf44bae0bdd05483\"},\"headline\":\"Buhl spendet neueste Computertechnik\",\"datePublished\":\"2015-02-17T14:34:16+00:00\",\"mainEntityOfPage\":{\"@id\":\"https:\\\/\\\/www.buhl.de\\\/presse\\\/buhl-spendet-neueste-computertechnik\\\/\"},\"wordCount\":398,\"commentCount\":0,\"inLanguage\":\"de\",\"potentialAction\":[{\"@type\":\"CommentAction\",\"name\":\"Comment\",\"target\":[\"https:\\\/\\\/www.buhl.de\\\/presse\\\/buhl-spendet-neueste-computertechnik\\\/#respond\"]}]},{\"@type\":\"WebPage\",\"@id\":\"https:\\\/\\\/www.buhl.de\\\/presse\\\/buhl-spendet-neueste-computertechnik\\\/\",\"url\":\"https:\\\/\\\/www.buhl.de\\\/presse\\\/buhl-spendet-neueste-computertechnik\\\/\",\"name\":\"Buhl spendet neueste Computertechnik - Presseinformationen\",\"isPartOf\":{\"@id\":\"https:\\\/\\\/www.buhl.de\\\/presse\\\/#website\"},\"datePublished\":\"2015-02-17T14:34:16+00:00\",\"author\":{\"@id\":\"https:\\\/\\\/www.buhl.de\\\/presse\\\/#\\\/schema\\\/person\\\/bb1f653d0be9121eaf44bae0bdd05483\"},\"breadcrumb\":{\"@id\":\"https:\\\/\\\/www.buhl.de\\\/presse\\\/buhl-spendet-neueste-computertechnik\\\/#breadcrumb\"},\"inLanguage\":\"de\",\"potentialAction\":[{\"@type\":\"ReadAction\",\"target\":[\"https:\\\/\\\/www.buhl.de\\\/presse\\\/buhl-spendet-neueste-computertechnik\\\/\"]}]},{\"@type\":\"BreadcrumbList\",\"@id\":\"https:\\\/\\\/www.buhl.de\\\/presse\\\/buhl-spendet-neueste-computertechnik\\\/#breadcrumb\",\"itemListElement\":[{\"@type\":\"ListItem\",\"position\":1,\"name\":\"Home\",\"item\":\"https:\\\/\\\/www.buhl.de\\\/presse\\\/\"},{\"@type\":\"ListItem\",\"position\":2,\"name\":\"Buhl spendet neueste Computertechnik\"}]},{\"@type\":\"WebSite\",\"@id\":\"https:\\\/\\\/www.buhl.de\\\/presse\\\/#website\",\"url\":\"https:\\\/\\\/www.buhl.de\\\/presse\\\/\",\"name\":\"Presseinformationen\",\"description\":\"der Buhl-Gruppe\",\"potentialAction\":[{\"@type\":\"SearchAction\",\"target\":{\"@type\":\"EntryPoint\",\"urlTemplate\":\"https:\\\/\\\/www.buhl.de\\\/presse\\\/?s={search_term_string}\"},\"query-input\":{\"@type\":\"PropertyValueSpecification\",\"valueRequired\":true,\"valueName\":\"search_term_string\"}}],\"inLanguage\":\"de\"},{\"@type\":\"Person\",\"@id\":\"https:\\\/\\\/www.buhl.de\\\/presse\\\/#\\\/schema\\\/person\\\/bb1f653d0be9121eaf44bae0bdd05483\",\"name\":\"Thomas Matena\",\"url\":\"https:\\\/\\\/www.buhl.de\\\/presse\\\/author\\\/tmatema\\\/\"}]}<\/script>\n<!-- \/ Yoast SEO Premium plugin. -->","yoast_head_json":{"title":"Buhl spendet neueste Computertechnik - Presseinformationen","robots":{"index":"noindex","follow":"follow"},"og_locale":"de_DE","og_type":"article","og_title":"Buhl spendet neueste Computertechnik","og_description":"Als \u201evorbildliches und gro\u00dfartiges Engagement f\u00fcr unsere Bildung\u201c bezeichnet Jochen Haardt, der Schulleiter des Dietrich-Bonhoeffer-Gymnasiums, die gro\u00dfz\u00fcgige Unterst\u00fctzung der Buhl Data Service GmbH. Und auch Neunkirchens B\u00fcrgermeister Bernhard Baumann ist voll des Lobes dar\u00fcber, dass sich das zukunftsorientierte Gymnasium nun auch im Fachbereich Informatik wieder auf dem neuesten technischen Stand befindet. Der Grund f\u00fcr die &hellip; Buhl spendet neueste Computertechnik weiterlesen &rarr;","og_url":"https:\/\/www.buhl.de\/presse\/buhl-spendet-neueste-computertechnik\/","og_site_name":"Presseinformationen","article_published_time":"2015-02-17T14:34:16+00:00","author":"Thomas Matena","twitter_card":"summary_large_image","twitter_misc":{"Verfasst von":"Thomas Matena","Gesch\u00e4tzte Lesezeit":"2\u00a0Minuten"},"schema":{"@context":"https:\/\/schema.org","@graph":[{"@type":"Article","@id":"https:\/\/www.buhl.de\/presse\/buhl-spendet-neueste-computertechnik\/#article","isPartOf":{"@id":"https:\/\/www.buhl.de\/presse\/buhl-spendet-neueste-computertechnik\/"},"author":{"name":"Thomas Matena","@id":"https:\/\/www.buhl.de\/presse\/#\/schema\/person\/bb1f653d0be9121eaf44bae0bdd05483"},"headline":"Buhl spendet neueste Computertechnik","datePublished":"2015-02-17T14:34:16+00:00","mainEntityOfPage":{"@id":"https:\/\/www.buhl.de\/presse\/buhl-spendet-neueste-computertechnik\/"},"wordCount":398,"commentCount":0,"inLanguage":"de","potentialAction":[{"@type":"CommentAction","name":"Comment","target":["https:\/\/www.buhl.de\/presse\/buhl-spendet-neueste-computertechnik\/#respond"]}]},{"@type":"WebPage","@id":"https:\/\/www.buhl.de\/presse\/buhl-spendet-neueste-computertechnik\/","url":"https:\/\/www.buhl.de\/presse\/buhl-spendet-neueste-computertechnik\/","name":"Buhl spendet neueste Computertechnik - Presseinformationen","isPartOf":{"@id":"https:\/\/www.buhl.de\/presse\/#website"},"datePublished":"2015-02-17T14:34:16+00:00","author":{"@id":"https:\/\/www.buhl.de\/presse\/#\/schema\/person\/bb1f653d0be9121eaf44bae0bdd05483"},"breadcrumb":{"@id":"https:\/\/www.buhl.de\/presse\/buhl-spendet-neueste-computertechnik\/#breadcrumb"},"inLanguage":"de","potentialAction":[{"@type":"ReadAction","target":["https:\/\/www.buhl.de\/presse\/buhl-spendet-neueste-computertechnik\/"]}]},{"@type":"BreadcrumbList","@id":"https:\/\/www.buhl.de\/presse\/buhl-spendet-neueste-computertechnik\/#breadcrumb","itemListElement":[{"@type":"ListItem","position":1,"name":"Home","item":"https:\/\/www.buhl.de\/presse\/"},{"@type":"ListItem","position":2,"name":"Buhl spendet neueste Computertechnik"}]},{"@type":"WebSite","@id":"https:\/\/www.buhl.de\/presse\/#website","url":"https:\/\/www.buhl.de\/presse\/","name":"Presseinformationen","description":"der Buhl-Gruppe","potentialAction":[{"@type":"SearchAction","target":{"@type":"EntryPoint","urlTemplate":"https:\/\/www.buhl.de\/presse\/?s={search_term_string}"},"query-input":{"@type":"PropertyValueSpecification","valueRequired":true,"valueName":"search_term_string"}}],"inLanguage":"de"},{"@type":"Person","@id":"https:\/\/www.buhl.de\/presse\/#\/schema\/person\/bb1f653d0be9121eaf44bae0bdd05483","name":"Thomas Matena","url":"https:\/\/www.buhl.de\/presse\/author\/tmatema\/"}]}},"_links":{"self":[{"href":"https:\/\/www.buhl.de\/presse\/wp-json\/wp\/v2\/posts\/560","targetHints":{"allow":["GET"]}}],"collection":[{"href":"https:\/\/www.buhl.de\/presse\/wp-json\/wp\/v2\/posts"}],"about":[{"href":"https:\/\/www.buhl.de\/presse\/wp-json\/wp\/v2\/types\/post"}],"author":[{"embeddable":true,"href":"https:\/\/www.buhl.de\/presse\/wp-json\/wp\/v2\/users\/18"}],"replies":[{"embeddable":true,"href":"https:\/\/www.buhl.de\/presse\/wp-json\/wp\/v2\/comments?post=560"}],"version-history":[{"count":0,"href":"https:\/\/www.buhl.de\/presse\/wp-json\/wp\/v2\/posts\/560\/revisions"}],"wp:attachment":[{"href":"https:\/\/www.buhl.de\/presse\/wp-json\/wp\/v2\/media?parent=560"}],"wp:term":[{"taxonomy":"category","embeddable":true,"href":"https:\/\/www.buhl.de\/presse\/wp-json\/wp\/v2\/categories?post=560"},{"taxonomy":"post_tag","embeddable":true,"href":"https:\/\/www.buhl.de\/presse\/wp-json\/wp\/v2\/tags?post=560"}],"curies":[{"name":"wp","href":"https:\/\/api.w.org\/{rel}","templated":true}]}}