{"id":574,"date":"2015-08-19T13:30:11","date_gmt":"2015-08-19T11:30:11","guid":{"rendered":"http:\/\/presse.buhl.de\/?p=574"},"modified":"2015-08-19T13:30:11","modified_gmt":"2015-08-19T11:30:11","slug":"wscad-setzt-mit-michael-gerst-als-neuen-vertriebsleiter-weiterhin-konsequent-auf-kundenorientierung","status":"publish","type":"post","link":"https:\/\/www.buhl.de\/presse\/wscad-setzt-mit-michael-gerst-als-neuen-vertriebsleiter-weiterhin-konsequent-auf-kundenorientierung\/","title":{"rendered":"WSCAD setzt mit Michael Gerst als neuen Vertriebsleiter weiterhin  konsequent auf Kundenorientierung"},"content":{"rendered":"<p><em>BERGKIRCHEN. Michael Gerst verantwortet seit 1. Juli 2015 den weltweiten Vertrieb bei der WSCAD electronic GmbH. Der erfahrene Maschinenbau-Ingenieur blickt auf mehr als zehn Jahre beruflicher T\u00e4tigkeit in den Branchen Automatisierungstechnik, Maschinen- und Anlagenbau zur\u00fcck und verf\u00fcgt \u00fcber ein weitverzweigtes Netzwerk. Vor seinem Wechsel zu WSCAD betreute und akquirierte Gerst elf Jahre lang kleine bis sehr gro\u00dfe Projekte im Bereich E-CAD-L\u00f6sungen bei E-Plan. Zu seinen Kunden z\u00e4hlten Ein-Mann-Ingenieurb\u00fcros ebenso wie namhafte Mittelstandsunternehmen und internationale Konzerne.<\/em><\/p>\n<p>&#8222;Michael Gerst hat bewiesen, dass er sich in die Prozesse und das Umfeld seiner Kunden hineindenken und optimale L\u00f6sungen f\u00fcr sie entwickeln kann. Wir sind stolz, einen Vertriebsprofi dieses Kalibers an Bord zu haben&#8220;, sagt Axel Zein, Gesch\u00e4ftsf\u00fchrer der WSCAD electronic GmbH.<\/p>\n<p>&#8222;Erfolg ist, wenn unsere Kunden Erfolg haben&#8220;, beschreibt Michael Gerst sein Credo als Vertriebsleiter und freut sich auf die Aufgaben, die er mit seinem hoch motivierten Team bei WSCAD angehen wird. &#8222;Schneller planen, on time, on budget &#8211; so lautet nicht nur der Leitspruch von WSCAD, das sind auch die Anforderungen unserer Kunden. Sicher ben\u00f6tigen nicht alle immer die gesamte Bandbreite der Software&#8220;, meint Michael Gerst. &#8222;Deshalb ist es gut, dass die E-CAD-L\u00f6sung von WSCAD exakt auf die tats\u00e4chlichen Bed\u00fcrfnisse der Anwender abgestimmt werden kann.&#8220; Als Vertriebsargumente kommen die im Vergleich zum Markt attraktiven Beschaffungs- und Wartungskosten dazu sowie die Erweiterung der E-CAD-L\u00f6sung in Richtung System- und Fertigungsintegration. Neue Dienstleistungen im Bereich Prozessoptimierung, der professionelle Umstieg von einer alten WSCAD-Lizenz oder einem fremden E-CAD-System auf die neue WSCAD SUITE 2015 und neue Konvertierungs-Services von Papier- und fremden E-CAD-Formaten nach WSCAD machen das Angebot f\u00fcr viele Unternehmen interessant. &#8222;All diese Pluspunkte zum Nutzen der Unternehmen in den Markt zu tragen ist eine spannende Aufgabe f\u00fcr mich und meine Kollegen&#8220;, so Michael Gerst.<\/p>\n<p><em>\u00dcber WSCAD<\/em><br \/>\nDie WSCAD electronic GmbH mit Sitz in Bergkirchen bei M\u00fcnchen ist ein Tochterunternehmen der Buhl Unternehmensgruppe und bietet Unternehmen und Selbstst\u00e4ndigen schnelle und zuverl\u00e4ssige E-CAD L\u00f6sungen mit \u00fcberlegenem Preis-Leistungsverh\u00e4ltnis f\u00fcr die gesamte elektrotechnische Planung und Dokumentation. Mit der modularen und skalierbaren WSCAD SUITE haben Anwender aus den Bereichen Elektrotechnik, Schaltschrankbau, P&amp;ID, Fluid-Technik, Geb\u00e4udeautomation und Elektroinstallation alle Werkzeuge an der Hand, die sie f\u00fcr die Planung, Projektierung und Entwicklung elektrischer Anlagen und Ger\u00e4te ben\u00f6tigen.\u00a0Weitere Informationen unter <a href=\"http:\/\/www.wscad.com\/\">www.wscad.com<\/a><\/p>\n","protected":false},"excerpt":{"rendered":"<p>BERGKIRCHEN. Michael Gerst verantwortet seit 1. Juli 2015 den weltweiten Vertrieb bei der WSCAD electronic GmbH. Der erfahrene Maschinenbau-Ingenieur blickt auf mehr als zehn Jahre beruflicher T\u00e4tigkeit in den Branchen Automatisierungstechnik, Maschinen- und Anlagenbau zur\u00fcck und verf\u00fcgt \u00fcber ein weitverzweigtes Netzwerk. Vor seinem Wechsel zu WSCAD betreute und akquirierte Gerst elf Jahre lang kleine bis &hellip; <a href=\"https:\/\/www.buhl.de\/presse\/wscad-setzt-mit-michael-gerst-als-neuen-vertriebsleiter-weiterhin-konsequent-auf-kundenorientierung\/\" class=\"more-link\"><span class=\"screen-reader-text\">WSCAD setzt mit Michael Gerst als neuen Vertriebsleiter weiterhin  konsequent auf Kundenorientierung<\/span> weiterlesen <span class=\"meta-nav\">&rarr;<\/span><\/a><\/p>\n","protected":false},"author":18,"featured_media":0,"comment_status":"open","ping_status":"open","sticky":false,"template":"","format":"standard","meta":{"footnotes":""},"categories":[11],"tags":[],"class_list":["post-574","post","type-post","status-publish","format-standard","hentry","category-wscad"],"yoast_head":"<!-- This site is optimized with the Yoast SEO Premium plugin v27.4 (Yoast SEO v27.5) - https:\/\/yoast.com\/product\/yoast-seo-premium-wordpress\/ -->\n<title>WSCAD setzt mit Michael Gerst als neuen Vertriebsleiter weiterhin konsequent auf Kundenorientierung - Presseinformationen<\/title>\n<meta name=\"robots\" content=\"noindex, follow\" \/>\n<meta property=\"og:locale\" content=\"de_DE\" \/>\n<meta property=\"og:type\" content=\"article\" \/>\n<meta property=\"og:title\" content=\"WSCAD setzt mit Michael Gerst als neuen Vertriebsleiter weiterhin konsequent auf Kundenorientierung\" \/>\n<meta property=\"og:description\" content=\"BERGKIRCHEN. Michael Gerst verantwortet seit 1. Juli 2015 den weltweiten Vertrieb bei der WSCAD electronic GmbH. Der erfahrene Maschinenbau-Ingenieur blickt auf mehr als zehn Jahre beruflicher T\u00e4tigkeit in den Branchen Automatisierungstechnik, Maschinen- und Anlagenbau zur\u00fcck und verf\u00fcgt \u00fcber ein weitverzweigtes Netzwerk. Vor seinem Wechsel zu WSCAD betreute und akquirierte Gerst elf Jahre lang kleine bis &hellip; WSCAD setzt mit Michael Gerst als neuen Vertriebsleiter weiterhin konsequent auf Kundenorientierung weiterlesen &rarr;\" \/>\n<meta property=\"og:url\" content=\"https:\/\/www.buhl.de\/presse\/wscad-setzt-mit-michael-gerst-als-neuen-vertriebsleiter-weiterhin-konsequent-auf-kundenorientierung\/\" \/>\n<meta property=\"og:site_name\" content=\"Presseinformationen\" \/>\n<meta property=\"article:published_time\" content=\"2015-08-19T11:30:11+00:00\" \/>\n<meta name=\"author\" content=\"Thomas Matena\" \/>\n<meta name=\"twitter:card\" content=\"summary_large_image\" \/>\n<meta name=\"twitter:label1\" content=\"Verfasst von\" \/>\n\t<meta name=\"twitter:data1\" content=\"Thomas Matena\" \/>\n\t<meta name=\"twitter:label2\" content=\"Gesch\u00e4tzte Lesezeit\" \/>\n\t<meta name=\"twitter:data2\" content=\"2\u00a0Minuten\" \/>\n<script type=\"application\/ld+json\" class=\"yoast-schema-graph\">{\"@context\":\"https:\\\/\\\/schema.org\",\"@graph\":[{\"@type\":\"Article\",\"@id\":\"https:\\\/\\\/www.buhl.de\\\/presse\\\/wscad-setzt-mit-michael-gerst-als-neuen-vertriebsleiter-weiterhin-konsequent-auf-kundenorientierung\\\/#article\",\"isPartOf\":{\"@id\":\"https:\\\/\\\/www.buhl.de\\\/presse\\\/wscad-setzt-mit-michael-gerst-als-neuen-vertriebsleiter-weiterhin-konsequent-auf-kundenorientierung\\\/\"},\"author\":{\"name\":\"Thomas Matena\",\"@id\":\"https:\\\/\\\/www.buhl.de\\\/presse\\\/#\\\/schema\\\/person\\\/bb1f653d0be9121eaf44bae0bdd05483\"},\"headline\":\"WSCAD setzt mit Michael Gerst als neuen Vertriebsleiter weiterhin konsequent auf Kundenorientierung\",\"datePublished\":\"2015-08-19T11:30:11+00:00\",\"mainEntityOfPage\":{\"@id\":\"https:\\\/\\\/www.buhl.de\\\/presse\\\/wscad-setzt-mit-michael-gerst-als-neuen-vertriebsleiter-weiterhin-konsequent-auf-kundenorientierung\\\/\"},\"wordCount\":408,\"commentCount\":0,\"articleSection\":[\"WSCAD\"],\"inLanguage\":\"de\",\"potentialAction\":[{\"@type\":\"CommentAction\",\"name\":\"Comment\",\"target\":[\"https:\\\/\\\/www.buhl.de\\\/presse\\\/wscad-setzt-mit-michael-gerst-als-neuen-vertriebsleiter-weiterhin-konsequent-auf-kundenorientierung\\\/#respond\"]}]},{\"@type\":\"WebPage\",\"@id\":\"https:\\\/\\\/www.buhl.de\\\/presse\\\/wscad-setzt-mit-michael-gerst-als-neuen-vertriebsleiter-weiterhin-konsequent-auf-kundenorientierung\\\/\",\"url\":\"https:\\\/\\\/www.buhl.de\\\/presse\\\/wscad-setzt-mit-michael-gerst-als-neuen-vertriebsleiter-weiterhin-konsequent-auf-kundenorientierung\\\/\",\"name\":\"WSCAD setzt mit Michael Gerst als neuen Vertriebsleiter weiterhin konsequent auf Kundenorientierung - Presseinformationen\",\"isPartOf\":{\"@id\":\"https:\\\/\\\/www.buhl.de\\\/presse\\\/#website\"},\"datePublished\":\"2015-08-19T11:30:11+00:00\",\"author\":{\"@id\":\"https:\\\/\\\/www.buhl.de\\\/presse\\\/#\\\/schema\\\/person\\\/bb1f653d0be9121eaf44bae0bdd05483\"},\"breadcrumb\":{\"@id\":\"https:\\\/\\\/www.buhl.de\\\/presse\\\/wscad-setzt-mit-michael-gerst-als-neuen-vertriebsleiter-weiterhin-konsequent-auf-kundenorientierung\\\/#breadcrumb\"},\"inLanguage\":\"de\",\"potentialAction\":[{\"@type\":\"ReadAction\",\"target\":[\"https:\\\/\\\/www.buhl.de\\\/presse\\\/wscad-setzt-mit-michael-gerst-als-neuen-vertriebsleiter-weiterhin-konsequent-auf-kundenorientierung\\\/\"]}]},{\"@type\":\"BreadcrumbList\",\"@id\":\"https:\\\/\\\/www.buhl.de\\\/presse\\\/wscad-setzt-mit-michael-gerst-als-neuen-vertriebsleiter-weiterhin-konsequent-auf-kundenorientierung\\\/#breadcrumb\",\"itemListElement\":[{\"@type\":\"ListItem\",\"position\":1,\"name\":\"Home\",\"item\":\"https:\\\/\\\/www.buhl.de\\\/presse\\\/\"},{\"@type\":\"ListItem\",\"position\":2,\"name\":\"WSCAD setzt mit Michael Gerst als neuen Vertriebsleiter weiterhin konsequent auf Kundenorientierung\"}]},{\"@type\":\"WebSite\",\"@id\":\"https:\\\/\\\/www.buhl.de\\\/presse\\\/#website\",\"url\":\"https:\\\/\\\/www.buhl.de\\\/presse\\\/\",\"name\":\"Presseinformationen\",\"description\":\"der Buhl-Gruppe\",\"potentialAction\":[{\"@type\":\"SearchAction\",\"target\":{\"@type\":\"EntryPoint\",\"urlTemplate\":\"https:\\\/\\\/www.buhl.de\\\/presse\\\/?s={search_term_string}\"},\"query-input\":{\"@type\":\"PropertyValueSpecification\",\"valueRequired\":true,\"valueName\":\"search_term_string\"}}],\"inLanguage\":\"de\"},{\"@type\":\"Person\",\"@id\":\"https:\\\/\\\/www.buhl.de\\\/presse\\\/#\\\/schema\\\/person\\\/bb1f653d0be9121eaf44bae0bdd05483\",\"name\":\"Thomas Matena\",\"url\":\"https:\\\/\\\/www.buhl.de\\\/presse\\\/author\\\/tmatema\\\/\"}]}<\/script>\n<!-- \/ Yoast SEO Premium plugin. -->","yoast_head_json":{"title":"WSCAD setzt mit Michael Gerst als neuen Vertriebsleiter weiterhin konsequent auf Kundenorientierung - Presseinformationen","robots":{"index":"noindex","follow":"follow"},"og_locale":"de_DE","og_type":"article","og_title":"WSCAD setzt mit Michael Gerst als neuen Vertriebsleiter weiterhin konsequent auf Kundenorientierung","og_description":"BERGKIRCHEN. Michael Gerst verantwortet seit 1. Juli 2015 den weltweiten Vertrieb bei der WSCAD electronic GmbH. Der erfahrene Maschinenbau-Ingenieur blickt auf mehr als zehn Jahre beruflicher T\u00e4tigkeit in den Branchen Automatisierungstechnik, Maschinen- und Anlagenbau zur\u00fcck und verf\u00fcgt \u00fcber ein weitverzweigtes Netzwerk. Vor seinem Wechsel zu WSCAD betreute und akquirierte Gerst elf Jahre lang kleine bis &hellip; WSCAD setzt mit Michael Gerst als neuen Vertriebsleiter weiterhin konsequent auf Kundenorientierung weiterlesen &rarr;","og_url":"https:\/\/www.buhl.de\/presse\/wscad-setzt-mit-michael-gerst-als-neuen-vertriebsleiter-weiterhin-konsequent-auf-kundenorientierung\/","og_site_name":"Presseinformationen","article_published_time":"2015-08-19T11:30:11+00:00","author":"Thomas Matena","twitter_card":"summary_large_image","twitter_misc":{"Verfasst von":"Thomas Matena","Gesch\u00e4tzte Lesezeit":"2\u00a0Minuten"},"schema":{"@context":"https:\/\/schema.org","@graph":[{"@type":"Article","@id":"https:\/\/www.buhl.de\/presse\/wscad-setzt-mit-michael-gerst-als-neuen-vertriebsleiter-weiterhin-konsequent-auf-kundenorientierung\/#article","isPartOf":{"@id":"https:\/\/www.buhl.de\/presse\/wscad-setzt-mit-michael-gerst-als-neuen-vertriebsleiter-weiterhin-konsequent-auf-kundenorientierung\/"},"author":{"name":"Thomas Matena","@id":"https:\/\/www.buhl.de\/presse\/#\/schema\/person\/bb1f653d0be9121eaf44bae0bdd05483"},"headline":"WSCAD setzt mit Michael Gerst als neuen Vertriebsleiter weiterhin konsequent auf Kundenorientierung","datePublished":"2015-08-19T11:30:11+00:00","mainEntityOfPage":{"@id":"https:\/\/www.buhl.de\/presse\/wscad-setzt-mit-michael-gerst-als-neuen-vertriebsleiter-weiterhin-konsequent-auf-kundenorientierung\/"},"wordCount":408,"commentCount":0,"articleSection":["WSCAD"],"inLanguage":"de","potentialAction":[{"@type":"CommentAction","name":"Comment","target":["https:\/\/www.buhl.de\/presse\/wscad-setzt-mit-michael-gerst-als-neuen-vertriebsleiter-weiterhin-konsequent-auf-kundenorientierung\/#respond"]}]},{"@type":"WebPage","@id":"https:\/\/www.buhl.de\/presse\/wscad-setzt-mit-michael-gerst-als-neuen-vertriebsleiter-weiterhin-konsequent-auf-kundenorientierung\/","url":"https:\/\/www.buhl.de\/presse\/wscad-setzt-mit-michael-gerst-als-neuen-vertriebsleiter-weiterhin-konsequent-auf-kundenorientierung\/","name":"WSCAD setzt mit Michael Gerst als neuen Vertriebsleiter weiterhin konsequent auf Kundenorientierung - Presseinformationen","isPartOf":{"@id":"https:\/\/www.buhl.de\/presse\/#website"},"datePublished":"2015-08-19T11:30:11+00:00","author":{"@id":"https:\/\/www.buhl.de\/presse\/#\/schema\/person\/bb1f653d0be9121eaf44bae0bdd05483"},"breadcrumb":{"@id":"https:\/\/www.buhl.de\/presse\/wscad-setzt-mit-michael-gerst-als-neuen-vertriebsleiter-weiterhin-konsequent-auf-kundenorientierung\/#breadcrumb"},"inLanguage":"de","potentialAction":[{"@type":"ReadAction","target":["https:\/\/www.buhl.de\/presse\/wscad-setzt-mit-michael-gerst-als-neuen-vertriebsleiter-weiterhin-konsequent-auf-kundenorientierung\/"]}]},{"@type":"BreadcrumbList","@id":"https:\/\/www.buhl.de\/presse\/wscad-setzt-mit-michael-gerst-als-neuen-vertriebsleiter-weiterhin-konsequent-auf-kundenorientierung\/#breadcrumb","itemListElement":[{"@type":"ListItem","position":1,"name":"Home","item":"https:\/\/www.buhl.de\/presse\/"},{"@type":"ListItem","position":2,"name":"WSCAD setzt mit Michael Gerst als neuen Vertriebsleiter weiterhin konsequent auf Kundenorientierung"}]},{"@type":"WebSite","@id":"https:\/\/www.buhl.de\/presse\/#website","url":"https:\/\/www.buhl.de\/presse\/","name":"Presseinformationen","description":"der Buhl-Gruppe","potentialAction":[{"@type":"SearchAction","target":{"@type":"EntryPoint","urlTemplate":"https:\/\/www.buhl.de\/presse\/?s={search_term_string}"},"query-input":{"@type":"PropertyValueSpecification","valueRequired":true,"valueName":"search_term_string"}}],"inLanguage":"de"},{"@type":"Person","@id":"https:\/\/www.buhl.de\/presse\/#\/schema\/person\/bb1f653d0be9121eaf44bae0bdd05483","name":"Thomas Matena","url":"https:\/\/www.buhl.de\/presse\/author\/tmatema\/"}]}},"_links":{"self":[{"href":"https:\/\/www.buhl.de\/presse\/wp-json\/wp\/v2\/posts\/574","targetHints":{"allow":["GET"]}}],"collection":[{"href":"https:\/\/www.buhl.de\/presse\/wp-json\/wp\/v2\/posts"}],"about":[{"href":"https:\/\/www.buhl.de\/presse\/wp-json\/wp\/v2\/types\/post"}],"author":[{"embeddable":true,"href":"https:\/\/www.buhl.de\/presse\/wp-json\/wp\/v2\/users\/18"}],"replies":[{"embeddable":true,"href":"https:\/\/www.buhl.de\/presse\/wp-json\/wp\/v2\/comments?post=574"}],"version-history":[{"count":0,"href":"https:\/\/www.buhl.de\/presse\/wp-json\/wp\/v2\/posts\/574\/revisions"}],"wp:attachment":[{"href":"https:\/\/www.buhl.de\/presse\/wp-json\/wp\/v2\/media?parent=574"}],"wp:term":[{"taxonomy":"category","embeddable":true,"href":"https:\/\/www.buhl.de\/presse\/wp-json\/wp\/v2\/categories?post=574"},{"taxonomy":"post_tag","embeddable":true,"href":"https:\/\/www.buhl.de\/presse\/wp-json\/wp\/v2\/tags?post=574"}],"curies":[{"name":"wp","href":"https:\/\/api.w.org\/{rel}","templated":true}]}}