{"id":47027,"date":"2021-12-13T14:45:26","date_gmt":"2021-12-13T13:45:26","guid":{"rendered":"https:\/\/wptest.buhl.de\/steuer\/?p=47027"},"modified":"2024-12-20T14:55:50","modified_gmt":"2024-12-20T13:55:50","slug":"arbeitskleidung-absetzen","status":"publish","type":"post","link":"https:\/\/www.buhl.de\/steuer\/ratgeber\/arbeitskleidung-absetzen\/","title":{"rendered":"Arbeitskleidung von der Steuer absetzen"},"content":{"rendered":"<p>Unter bestimmten Voraussetzungen k\u00f6nnen die Kosten f\u00fcr Arbeitskleidung\u00a0von der Steuer abgesetzt werden. Wie genau sich Steuern sparen lassen, zeigen wir in diesem Beitrag.<\/p>\n<p><!--more--><\/p>\n<h2>Kurz &amp; knapp<\/h2>\n<ul>\n<li>Tr\u00e4gst du die Kleidung nur w\u00e4hrend der Arbeitszeit, kannst du die Kosten absetzen<\/li>\n<li>Anerkannt werden der Ankauf von Berufskleidung, die Reparatur und das Waschen<\/li>\n<li><a title=\"WISO Steuer: Steuerprogramm von Buhl\" href=\"https:\/\/www.buhl.de\/steuer\/\">WISO Steuer<\/a> kennt alle Pauschalen und hilft dir bei der Berechnung der absetzbaren Kosten<\/li>\n<\/ul>\n<h2>Diese Kosten kannst du absetzen<\/h2>\n<p>Wichtige Voraussetzung f\u00fcr das Absetzen der Berufskleidung ist, dass die Kleidung tats\u00e4chlich nur w\u00e4hrend der Arbeitszeit getragen werden kann und nicht f\u00fcr die private Nutzung geeignet ist (BFH-Urteil vom 18. April 1991, IV R 13\/90). Das ist zum Beispiel der Fall, wenn das Logo des Arbeitgebers deutlich sichtbar aufgedruckt ist.<\/p>\n<p>Als Arbeitskleidung gilt beispielsweise:<\/p>\n<ul class=\"sw-blog-icon sw-blog-icon-1\">\n<li>Schutzkleidung in Industrie und Handwerk (wie Labormantel, Sicherheitsschuhe, Arbeitshandschuhe)<\/li>\n<li>Amtstrachten von Richtern und Anw\u00e4lten<\/li>\n<li>Uniformen und Dienstkleidung mit Dienstabzeichen<\/li>\n<li>Farblich vorgeschriebene Anz\u00fcge und Kost\u00fcme bei Mitarbeitern einer Fluggesellschaft<\/li>\n<li>B\u00fchnenkleidung bei K\u00fcnstlern<\/li>\n<\/ul>\n<p>Unter diesen Umst\u00e4nden geh\u00f6rt Berufskleidung zu den <a title=\"Arbeitsmittel: Was z\u00e4hlt dazu?\" href=\"https:\/\/www.buhl.de\/steuer\/ratgeber\/arbeitsmittel-absetzen\/\">Arbeitsmitteln<\/a> und du kannst deine Ausgaben im Rahmen der <a title=\"Was sind Werbungskosten?\" href=\"https:\/\/www.buhl.de\/steuer\/ratgeber\/werbungskosten\/\">Werbungskosten<\/a> absetzen.<\/p>\n<h3>Wie sieht es mit Alltagskleidung aus?<\/h3>\n<p>Unter bestimmten Voraussetzung kannst du auch mit privater Kleidung Steuern sparen. Wird die normale Alltagskleidung, die du am Arbeitsplatz tr\u00e4gst, durch einen konkreten beruflichen Vorfall besch\u00e4digt, sind die Kosten f\u00fcr die Reparatur abziehbar.<\/p>\n<p>Ist deine Kleidung so stark besch\u00e4digt, dass du sie nicht mehr tragen kannst, kannst du den Restwert geltend machen. Problematisch dabei ist nachzuweisen, dass das Kleidungsst\u00fcck tats\u00e4chlich bei der Arbeit besch\u00e4digt wurde.<\/p>\n<p>Mehr dazu erf\u00e4hrst du in unserem Video:<\/p>\n\r\n        <div class=\"spacing-modul  \">\r\n            <div class=\"container spacing-modul\">\r\n               <div class=\"row\">\r\n                   <div id=\"\" class=\"anchor\"><\/div>\r\n                   <div class=\"col-12 modul-spacing-blog-c\"><\/div>\r\n                   <div class=\"col-12 modul-spacing-blog-c\"><\/div>\r\n               <\/div>\r\n            <\/div>\r\n        <\/div>\r\n    \r\n        <div class=\"white-background\">\r\n                <div class=\"video-d\">\r\n                    <div class=\"white-background\">\r\n                        <div class=\"container\">                       \r\n                            <div class=\"row justify-content-center\">\r\n                                <div class=\"text-center text-lg-left col-12 col-lg-6 col-xl-4 col-xl-offset-1 d-flex flex-column justify-content-center align-items-center align-items-lg-start\">\r\n                            <p class=\"font-cairo-10 blue-font headline-spacing-30 fw700\">Video: Reinigung privater Kleidung absetzen?<\/p>                     <p class=\"font-source-sans-pro-1 blue-font mobile-text-spacing-blog-30\">Kann ich die Reinigung meiner privaten Kleidung absetzen? Das erf\u00e4hrst du im Video.<\/p>                               \r\n                                <\/div>\r\n                                \r\n                                <div class=\"col-12 col-lg-6 col-xl-4 col-xl-offset-1 d-flex justify-content-center align-items-center\">\r\n                                    <div class=\"d-flex justify-content-center\">\r\n                                        <a role=\"button\"\r\n                                           class=\"blue-font position-relative font-cairo-2 fw700\" href=\"#\" data-toggle=\"modal\"\r\n                                           data-target=\"#xR5zeIUnr2N4\">\r\n                                             <div class=\"video-player-button\">\r\n                                                    <span class=\"video-player-button-icon\"><\/span>                                             \r\n                                             <\/div>\r\n                                            <img decoding=\"async\" loading=\"lazy\" class=\"img-fluid\"\r\n                                                title=\"Video ansehen\" \r\n                                                alt=\"Video ansehen Vorschaubild\"\r\n                                                src=\"https:\/\/www.buhl.de\/steuer\/wp-content\/themes\/steuer-web\/buhl-steuer\/assets\/video\/steuer-web\/video-blog.webp\">\r\n                                        <\/a>\r\n                                        <div class=\"modal fade videoModal\" id=\"xR5zeIUnr2N4\">\r\n                                            <div class=\"modal-dialog modal-xl modal-dialog-centered\">\r\n                                                <div class=\"modal-content\">\r\n                                                    <!-- Modal Header -->\r\n                                                    <div class=\"modal-header\">\r\n                                                        <button type=\"button\" class=\"close\" data-dismiss=\"modal\">\r\n                                                             <span class=\"navbar-toggler-icon\"><\/span>\r\n                                                        <\/button>\r\n                                                    <\/div>\r\n                                                    <!-- Modal body -->                                                                                                    \r\n                                                <div class=\"modal-body\" id=\"yt-player\">\r\n                                                      <div class=\"lyte-wrapper\" style=\"width:1280px;max-width:100%;margin:5px;\"><div class=\"lyMe hidef\" id=\"WYL_R5zeIUnr2N4\"><div id=\"lyte_R5zeIUnr2N4\" data-src=\"https:\/\/www.buhl.de\/steuer\/wp-content\/plugins\/wp-youtube-lyte\/lyteCache.php?origThumbUrl=%2F%2Fi.ytimg.com%2Fvi%2FR5zeIUnr2N4%2Fmaxresdefault.jpg\" class=\"pL\"><div class=\"tC\"><div class=\"tT\"><\/div><\/div><div class=\"play\"><\/div><div class=\"ctrl\"><div class=\"Lctrl\"><\/div><div class=\"Rctrl\"><\/div><\/div><\/div><noscript><a href=\"https:\/\/youtu.be\/R5zeIUnr2N4\" rel=\"nofollow\"><img loading=\"lazy\" decoding=\"async\" src=\"https:\/\/www.buhl.de\/steuer\/wp-content\/plugins\/wp-youtube-lyte\/lyteCache.php?origThumbUrl=https%3A%2F%2Fi.ytimg.com%2Fvi%2FR5zeIUnr2N4%2F0.jpg\" alt=\"YouTube-Video-Vorschaubild\" width=\"1280\" height=\"700\" \/><br \/>Dieses Video auf YouTube ansehen<\/a><\/noscript><\/div><\/div><div class=\"lL\" style=\"max-width:100%;width:1280px;margin:5px;\"><\/div>                                                                            \r\n                                                 <\/div>                                                              \r\n                                                <\/div>\r\n                                            <\/div>\r\n                                        <\/div>\r\n                                    <\/div>\r\n                                <\/div>                  \r\n                            <\/div>\r\n                        <\/div>                       \r\n                    <\/div>\r\n                <\/div>\r\n            <\/div>\r\n    \r\n        <div class=\"spacing-modul  \">\r\n            <div class=\"container spacing-modul\">\r\n               <div class=\"row\">\r\n                   <div id=\"\" class=\"anchor\"><\/div>\r\n                   <div class=\"col-12 modul-spacing-default-b\"><\/div>\r\n                   <div class=\"col-12 modul-spacing-default-b\"><\/div>\r\n               <\/div>\r\n            <\/div>\r\n        <\/div>\r\n    \n<h2>1. Kaufpreis zur\u00fcckbekommen<\/h2>\n<p>Erf\u00fcllt die Kleidung die Voraussetzungen, kannst du den <strong>Kaufpreis in voller H\u00f6he absetzen<\/strong>. Auch wenn du mehrmals im Jahr Arbeitskleidung gekauft hast, weil du zum Beispiel die Kleidung oft wechseln oder besch\u00e4digte Kleidung ersetzen musstest, kannst du die gesamten Kosten in der Steuererkl\u00e4rung eintragen.<\/p>\n<h3>Kauf von Arbeitskleidung in die Steuererkl\u00e4rung eintragen<\/h3>\n<p>Die Angaben rund um den Neukauf geh\u00f6ren in die <a title=\"Anlage N richtig ausf\u00fcllen\" href=\"https:\/\/www.buhl.de\/steuer\/ratgeber\/anlage-n\/\">Anlage N<\/a> der <a title=\"Steuererkl\u00e4rung: Schritt-f\u00fcr-Schritt Anleitung\" href=\"https:\/\/www.buhl.de\/steuer\/ratgeber\/steuererklaerung-machen\/\">Steuererkl\u00e4rung<\/a>. Bei WISO Steuer ist das der Themenbereich <em>Arbeitnehmer &gt; Ausgaben (Werbungskosten) &gt; Arbeitsmittel (B\u00fcromaterial, Computer, Kleidung, B\u00fccher &#8230;) &gt; Berufskleidung<\/em>.<\/p>\n\r\n        <div class=\"spacing-modul  \">\r\n            <div class=\"container spacing-modul\">\r\n               <div class=\"row\">\r\n                   <div id=\"\" class=\"anchor\"><\/div>\r\n                   <div class=\"col-12 modul-spacing-blog-c\"><\/div>\r\n                   <div class=\"col-12 modul-spacing-blog-c\"><\/div>\r\n               <\/div>\r\n            <\/div>\r\n        <\/div>\r\n    \r\n        <div class=\"white-background d-none d-lg-block\">\r\n            <div class=\"container blog-image\">\r\n            \t<div class=\"row\">\r\n       <p class=\"col-12 font-source-sans-pro-1 blue-font\">\n<\/p>\r\n                <div class=\"d-flex col-12 align-items-center justify-content-center\">\r\n                         \r\n                            <a id=\"\" target=\"_self\" title=\"\" href=\"\">\r\n                         \r\n                      <picture class=\"img-fluid\">\r\n                             <img decoding=\"async\" loading=\"lazy\"\r\n                              alt=\"Eingabemaske f\u00fcr Arbeitskleidungskauf in WISO Steuer\" \r\n                              title=\"\"\r\n                              src=\"https:\/\/www.buhl.de\/steuer\/wp-content\/uploads\/sites\/31\/2024\/12\/arbeitskleidung-kauf-eintragen-steueerklaerung.png\" >\r\n                      <\/picture>     \r\n                      \t\r\n                        \t<\/a>\r\n                    \t                      \r\n\t\t\t\t\t<\/div>  \r\n\t\t\t\t<\/div>                       \r\n            <\/div>\r\n        <\/div>                  \r\n    \n\r\n        <div class=\"white-background  d-lg-none\">\r\n            <div class=\"container blog-image\">\r\n            \t<div class=\"row\">\r\n       <p class=\"col-12 font-source-sans-pro-1 blue-font\">\n<\/p>\r\n                <div class=\"d-flex col-12 align-items-center justify-content-center\">\r\n                         \r\n                            <a id=\"\" target=\"_self\" title=\"\" href=\"\">\r\n                         \r\n                      <picture class=\"img-fluid\">\r\n                             <img decoding=\"async\" loading=\"lazy\"\r\n                              alt=\"Eingabemaske f\u00fcr Arbeitskleidungskauf in der App WISO Steuer\" \r\n                              title=\"\"\r\n                              src=\"https:\/\/www.buhl.de\/steuer\/wp-content\/uploads\/sites\/31\/2024\/12\/arbeitskleidung-kauf-eintragen-steuer-app.png\" >\r\n                      <\/picture>     \r\n                      \t\r\n                        \t<\/a>\r\n                    \t                      \r\n\t\t\t\t\t<\/div>  \r\n\t\t\t\t<\/div>                       \r\n            <\/div>\r\n        <\/div>                  \r\n    \n\r\n        <div role=\"region\" aria-label=\"\" class=\"white-background\">\r\n            <div class=\"container\">\r\n                <div class=\"row\">\r\n                    <div class=\"col-12 d-flex justify-content-center align-items-center flex-column flex-lg-row\">\r\n                    \r\n\r\n                    \r\n                        <a class=\"secondary w-230 d-none d-md-flex justify-content-center align-items-center font-cairo-2 fw700 action-anonymous\"\r\n                            role=\"button\"\r\n                            href=\"https:\/\/www.buhl.de\/mein-buhlkonto\/?buhlparam=2100101\"\r\n                            title=\"Kostenlos testen\"\r\n                            target=\"_self\"\r\n                            id=\"arbeitskleidungskauf-eintragen\"\r\n                            onclick=\"dataLayer.push({'event': 'ButtonClick SW','sw-button': 'click-testen'});\">\r\n                            Kostenlos testen\r\n                        <\/a>\r\n\r\n                        <a class=\"secondary w-230 d-flex d-md-none justify-content-center align-items-center font-cairo-2 fw700 action-anonymous\"\r\n                            role=\"button\"\r\n                            href=\"https:\/\/www.buhl.de\/mein-buhlkonto\/?buhlparam=2100101\"\r\n                            title=\"Kostenlos testen\"\r\n                            target=\"_self\"\r\n                            id=\"arbeitskleidungskauf-eintragen-m\"\r\n                            onclick=\"dataLayer.push({'event': 'ButtonClick SW','sw-button': 'click-mobile-starten'});\">\r\n                            Kostenlos testen\r\n                        <\/a>\r\n                    \r\n                    <\/div>\r\n                <\/div>\r\n            <\/div>\r\n        <\/div>\r\n    \r\n        <div class=\"spacing-modul  \">\r\n            <div class=\"container spacing-modul\">\r\n               <div class=\"row\">\r\n                   <div id=\"\" class=\"anchor\"><\/div>\r\n                   <div class=\"col-12 modul-spacing-default-b\"><\/div>\r\n                   <div class=\"col-12 modul-spacing-default-b\"><\/div>\r\n               <\/div>\r\n            <\/div>\r\n        <\/div>\r\n    \n<h2>2. Reparatur und Reinigung angeben<\/h2>\n<p>Erfreulicherweise ist nicht nur der tats\u00e4chliche Einkaufspreis steuerlich absetzbar. Auch die Kosten f\u00fcr Reparatur und Reinigung kannst du in deiner Steuererkl\u00e4rung angeben. Bei der Reinigung der Berufskleidung spielt es dabei keine Rolle, ob du diese in die Reinigung geben oder selbst gewaschen hast.<\/p>\n<h3>Tabelle f\u00fcr Waschkosten: Richtwerte zur Berechnung<\/h3>\n<p>Hast du deine Arbeitskleidung in der Reinigung s\u00e4ubern lassen, kannst du die vollen Kosten aus der Rechnung angeben. Hast du selbst gewaschen, ist etwas mehr Rechenaufwand n\u00f6tig:<\/p>\n\r\n        <div class=\"spacing-modul  \">\r\n            <div class=\"container spacing-modul\">\r\n               <div class=\"row\">\r\n                   <div id=\"\" class=\"anchor\"><\/div>\r\n                   <div class=\"col-12 modul-spacing-blog-c\"><\/div>\r\n                   <div class=\"col-12 modul-spacing-blog-c\"><\/div>\r\n               <\/div>\r\n            <\/div>\r\n        <\/div>\r\n    <div class=\"tablepress-wrapper\"> \n<table id=\"tablepress-47\" class=\"tablepress tablepress-id-47\">\n<thead>\n<tr class=\"row-1\">\n\t<td class=\"column-1\"><\/td><th class=\"column-2\">1-Personen-Haushalt<\/th><th class=\"column-3\">2-Personen-Haushalt<\/th><th class=\"column-4\">3-Personen-Haushalt<\/th><th class=\"column-5\">ab 4-Personen-Haushalt<\/th>\n<\/tr>\n<\/thead>\n<tbody class=\"row-striping row-hover\">\n<tr class=\"row-2\">\n\t<td class=\"column-1\"><strong>W\u00e4sche waschen:<\/strong><\/td><td class=\"column-2\"><\/td><td class=\"column-3\"><\/td><td class=\"column-4\"><\/td><td class=\"column-5\"><\/td>\n<\/tr>\n<tr class=\"row-3\">\n\t<td class=\"column-1\">Kochw\u00e4sche 95 \u00b0C<\/td><td class=\"column-2\">0,77 \u20ac<\/td><td class=\"column-3\">0,50 \u20ac<\/td><td class=\"column-4\">0,43 \u20ac<\/td><td class=\"column-5\">0,37 \u20ac<\/td>\n<\/tr>\n<tr class=\"row-4\">\n\t<td class=\"column-1\">Buntw\u00e4sche 60 \u00b0C<\/td><td class=\"column-2\">0,76 \u20ac<\/td><td class=\"column-3\">0,48 \u20ac<\/td><td class=\"column-4\">0,41 \u20ac<\/td><td class=\"column-5\">0,35 \u20ac<\/td>\n<\/tr>\n<tr class=\"row-5\">\n\t<td class=\"column-1\">Pflegeleicht-W\u00e4sche<\/td><td class=\"column-2\">0,88 \u20ac<\/td><td class=\"column-3\">0,60 \u20ac<\/td><td class=\"column-4\">0,53 \u20ac<\/td><td class=\"column-5\">0,47 \u20ac<\/td>\n<\/tr>\n<tr class=\"row-6\">\n\t<td class=\"column-1\"><strong>W\u00e4sche trocknen:<\/strong><\/td><td class=\"column-2\"><\/td><td class=\"column-3\"><\/td><td class=\"column-4\"><\/td><td class=\"column-5\"><\/td>\n<\/tr>\n<tr class=\"row-7\">\n\t<td class=\"column-1\">Ablufttrockner<\/td><td class=\"column-2\">0,41 \u20ac<\/td><td class=\"column-3\">0,26 \u20ac<\/td><td class=\"column-4\">0,23 \u20ac<\/td><td class=\"column-5\">0,19 \u20ac<\/td>\n<\/tr>\n<tr class=\"row-8\">\n\t<td class=\"column-1\">Kondenstrockner<\/td><td class=\"column-2\">0,55 \u20ac<\/td><td class=\"column-3\">0,34 \u20ac<\/td><td class=\"column-4\">0,29 \u20ac<\/td><td class=\"column-5\">0,24 \u20ac<\/td>\n<\/tr>\n<tr class=\"row-9\">\n\t<td class=\"column-1\"><strong>B\u00fcgeln:<\/strong><\/td><td class=\"column-2\"><\/td><td class=\"column-3\"><\/td><td class=\"column-4\"><\/td><td class=\"column-5\"><\/td>\n<\/tr>\n<tr class=\"row-10\">\n\t<td class=\"column-1\">B\u00fcgeleisen<\/td><td class=\"column-2\">0,07 \u20ac<\/td><td class=\"column-3\">0,05 \u20ac<\/td><td class=\"column-4\">0,05 \u20ac<\/td><td class=\"column-5\">0,05 \u20ac<\/td>\n<\/tr>\n<\/tbody>\n<\/table>\n <\/div><!-- #tablepress-47 from cache -->\r\n        <div class=\"spacing-modul  \">\r\n            <div class=\"container spacing-modul\">\r\n               <div class=\"row\">\r\n                   <div id=\"\" class=\"anchor\"><\/div>\r\n                   <div class=\"col-12 modul-spacing-blog-c\"><\/div>\r\n                   <div class=\"col-12 modul-spacing-blog-c\"><\/div>\r\n               <\/div>\r\n            <\/div>\r\n        <\/div>\r\n    \n<p>Um die absetzbaren Kosten zu ermitteln, musst du den jeweiligen Betrag aus der Tabelle mit der Anzahl der W\u00e4schen im Jahr multiplizieren. In der Durchschnittsberechnung wurden der Anschaffungspreis der Waschmaschine, eine Instandhaltungspauschale sowie Betriebskosten wie Strom, Wasser und Waschmittel ber\u00fccksichtigt. Der Ansatz einer Jahrespauschale f\u00fcr Reinigungskosten ist laut BFH nicht zul\u00e4ssig. Du musst alles detailliert ausrechnen.<\/p>\n<h3>Reinigung der Arbeitskleidung in die Steuererkl\u00e4rung eintragen<\/h3>\n<p>WISO Steuer hilft dir beim Berechnen anhand der oben genannten Richtwerte. Gehe dazu einfach in den Abschnitt\u00a0<em>Arbeitnehmer &gt; Ausgaben (Werbungskosten) &gt; Arbeitsmittel (B\u00fcromaterial, Computer, Kleidung, B\u00fccher &#8230;) &gt; Berufskleidung<\/em>:<\/p>\n\r\n        <div class=\"spacing-modul  \">\r\n            <div class=\"container spacing-modul\">\r\n               <div class=\"row\">\r\n                   <div id=\"\" class=\"anchor\"><\/div>\r\n                   <div class=\"col-12 modul-spacing-blog-c\"><\/div>\r\n                   <div class=\"col-12 modul-spacing-blog-c\"><\/div>\r\n               <\/div>\r\n            <\/div>\r\n        <\/div>\r\n    \r\n        <div class=\"white-background d-none d-lg-block\">\r\n            <div class=\"container blog-image\">\r\n            \t<div class=\"row\">\r\n       <p class=\"col-12 font-source-sans-pro-1 blue-font\">\n<\/p>\r\n                <div class=\"d-flex col-12 align-items-center justify-content-center\">\r\n                         \r\n                            <a id=\"\" target=\"_self\" title=\"\" href=\"\">\r\n                         \r\n                      <picture class=\"img-fluid\">\r\n                             <img decoding=\"async\" loading=\"lazy\"\r\n                              alt=\"Eingabemaske f\u00fcr Arbeitskleidungsw\u00e4sche in WISO Steuer\" \r\n                              title=\"\"\r\n                              src=\"https:\/\/www.buhl.de\/steuer\/wp-content\/uploads\/sites\/31\/2024\/12\/arbeitskleidung-waesche-eintragen-steuererklaerung.png\" >\r\n                      <\/picture>     \r\n                      \t\r\n                        \t<\/a>\r\n                    \t                      \r\n\t\t\t\t\t<\/div>  \r\n\t\t\t\t<\/div>                       \r\n            <\/div>\r\n        <\/div>                  \r\n    \n\r\n        <div class=\"white-background  d-lg-none\">\r\n            <div class=\"container blog-image\">\r\n            \t<div class=\"row\">\r\n       <p class=\"col-12 font-source-sans-pro-1 blue-font\">\n<\/p>\r\n                <div class=\"d-flex col-12 align-items-center justify-content-center\">\r\n                         \r\n                            <a id=\"\" target=\"_self\" title=\"\" href=\"\">\r\n                         \r\n                      <picture class=\"img-fluid\">\r\n                             <img decoding=\"async\" loading=\"lazy\"\r\n                              alt=\"Eingabemaske f\u00fcr Arbeitskleidungsw\u00e4sche in der App WISO Steuer\" \r\n                              title=\"\"\r\n                              src=\"https:\/\/www.buhl.de\/steuer\/wp-content\/uploads\/sites\/31\/2024\/12\/arbeitskleidung-waesche-eintragen-steuer-app.png\" >\r\n                      <\/picture>     \r\n                      \t\r\n                        \t<\/a>\r\n                    \t                      \r\n\t\t\t\t\t<\/div>  \r\n\t\t\t\t<\/div>                       \r\n            <\/div>\r\n        <\/div>                  \r\n    \n\r\n        <div role=\"region\" aria-label=\"\" class=\"white-background\">\r\n            <div class=\"container\">\r\n                <div class=\"row\">\r\n                    <div class=\"col-12 d-flex justify-content-center align-items-center flex-column flex-lg-row\">\r\n                    \r\n\r\n                    \r\n                        <a class=\"secondary w-230 d-none d-md-flex justify-content-center align-items-center font-cairo-2 fw700 action-anonymous\"\r\n                            role=\"button\"\r\n                            href=\"https:\/\/www.buhl.de\/mein-buhlkonto\/?buhlparam=2100101\"\r\n                            title=\"Kostenlos testen\"\r\n                            target=\"_self\"\r\n                            id=\"arbeitskleidungsreinigung-eintragen\"\r\n                            onclick=\"dataLayer.push({'event': 'ButtonClick SW','sw-button': 'click-testen'});\">\r\n                            Kostenlos testen\r\n                        <\/a>\r\n\r\n                        <a class=\"secondary w-230 d-flex d-md-none justify-content-center align-items-center font-cairo-2 fw700 action-anonymous\"\r\n                            role=\"button\"\r\n                            href=\"https:\/\/www.buhl.de\/mein-buhlkonto\/?buhlparam=2100101\"\r\n                            title=\"Kostenlos testen\"\r\n                            target=\"_self\"\r\n                            id=\"arbeitskleidungsreinigung-eintragen-m\"\r\n                            onclick=\"dataLayer.push({'event': 'ButtonClick SW','sw-button': 'click-mobile-starten'});\">\r\n                            Kostenlos testen\r\n                        <\/a>\r\n                    \r\n                    <\/div>\r\n                <\/div>\r\n            <\/div>\r\n        <\/div>\r\n    \r\n        <div class=\"spacing-modul  \">\r\n            <div class=\"container spacing-modul\">\r\n               <div class=\"row\">\r\n                   <div id=\"\" class=\"anchor\"><\/div>\r\n                   <div class=\"col-12 modul-spacing-default-b\"><\/div>\r\n                   <div class=\"col-12 modul-spacing-default-b\"><\/div>\r\n               <\/div>\r\n            <\/div>\r\n        <\/div>\r\n    \n<h2>Werbungskosten vs. Pauschale<\/h2>\n<p>Du kannst die Kosten f\u00fcr Berufskleidung einzeln nachweisen oder alternativ auch die <strong>\u201eArbeitsmittel-Pauschale\u201c von 110 Euro<\/strong> nutzen. Der Vorteil der <a title=\"Die wichtigsten Pauschalen f\u00fcr die Steuer\" href=\"https:\/\/www.buhl.de\/steuer\/ratgeber\/pauschalen-pauschbetrag\/\">Pauschale<\/a> besteht darin, dass du keine Rechnung vorlegen musst und auch \u00fcber die Kosten der Reinigung musst du dir keine Gedanken machen.<\/p>\n<p>Allerdings muss glaubhaft sein, dass du Berufskleidung tr\u00e4gst. Sonst erkennt das Finanzamt die Pauschale nicht an. Zudem kannst du dann auch keine zus\u00e4tzlichen Kosten mehr ansetzen, denn es gilt: Pauschale oder tats\u00e4chliche Kosten.<\/p>\n\r\n        <div class=\"spacing-modul  \">\r\n            <div class=\"container spacing-modul\">\r\n               <div class=\"row\">\r\n                   <div id=\"\" class=\"anchor\"><\/div>\r\n                   <div class=\"col-12 modul-spacing-default-b\"><\/div>\r\n                   <div class=\"col-12 modul-spacing-default-b\"><\/div>\r\n               <\/div>\r\n            <\/div>\r\n        <\/div>\r\n    \r\n    <div class=\"white-background store-notification \">\r\n        <div class=\"yellow-background\">\r\n            <div class=\"container\">\r\n                <div class=\"row justify-content-center justify-content-md-start justify-content-lg-center\">\r\n                    <div class=\"col-12 inner-modul-spacing-default\"><\/div>\r\n\r\n                    <div class=\"col-12\">\r\n                        <div class=\"row\">\r\n                            <div class=\"offset-lg-1 col-12 col-md-5 col-lg-4 text-center text-md-right d-flex flex-column justify-content-center align-items-center align-items-lg-end mb-0  \">\r\n                                <p class=\"font-cairo-1 fw700 blue-font headline-spacing-50 blue-font headline-spacing-30 sm-only\">Du m\u00f6chtest WISO&nbsp;Steuer ausprobieren?<\/p>\r\n                                <p class=\"font-source-sans-pro-1 blue-font headline-spacing-50\">Starte jetzt einfach deinen kostenlosen Test. Anonym, ohne Verpflichtungen und so lange du m\u00f6chtest. Erst bei der Abgabe an das Finanzamt fallen Geb\u00fchren an.<br\/>Das hei\u00dft: Null Risiko f\u00fcr dich.<\/p>\r\n                                \r\n                                \r\n                                    <a class=\"d-none d-lg-flex font-cairo-2 fw700 justify-content-center align-items-center w-230 headline-spacing-50 secondary \"\r\n                                        role=\"button\"\r\n                                        id=\"testen-ausprobieren\"\r\n                                        href=\"https:\/\/www.buhl.de\/mein-buhlkonto\/?buhlparam=2100101\"\r\n                                        target=\"_self\"\r\n                                        title=\"Kostenlos & unverbindlich testen\"\r\n                                        onclick=\"dataLayer.push({'event': 'ButtonClick SW','sw-button': 'click-testen'});\">\r\n                                        Kostenlos testen\r\n                                    <\/a>                                    \r\n                                \r\n                                \r\n                                \r\n                                    <a class=\"d-flex d-lg-none font-cairo-2 fw700 justify-content-center align-items-center w-230 headline-spacing-50 secondary \"\r\n                                        role=\"button\"\r\n                                        id=\"testen-ausprobieren\"\r\n                                        href=\"https:\/\/www.buhl.de\/mein-buhlkonto\/?buhlparam=2100101\"\r\n                                        target=\"_self\"\r\n                                        title=\"Kostenlos & unverbindlich testen\"\r\n                                        onclick=\"dataLayer.push({'event': 'ButtonClick SW','sw-button': 'click-mobile-starten'});\">\r\n                                        Kostenlos testen\r\n                                    <\/a>         \r\n                                \r\n                                \r\n                                \r\n                            <\/div>\r\n                            \r\n                            \r\n\r\n\r\n\t\t   \t\t\t\t\t \r\n\t\t\t\t\t\t\t<div class=\"d-flex offset-md-1 col-12 col-md-5 justify-content-center justify-content-lg-start align-items-center \"> \r\n\t\t\t\t\t\t\t\t<picture class=\"picture-spacing  \">\r\n\t\t\t\t\t\t\t\t\t<source media=\"(min-width: 992px)\" srcset=\"https:\/\/www.buhl.de\/steuer\/wp-content\/themes\/steuer-web\/buhl-steuer\/assets\/store-notification\/test-it\/wiso-steuer-abruf-kostenlos-testen.svg\">\r\n\t\t\t\t\t\t\t\t\t<source media=\"(min-width: 768px)\" srcset=\"https:\/\/www.buhl.de\/steuer\/wp-content\/themes\/steuer-web\/buhl-steuer\/assets\/store-notification\/test-it\/wiso-steuer-abruf-kostenlos-testen.svg\">\r\n\t\t\t\t\t\t\t\t\t<source media=\"(min-width: 1px)\" srcset=\"https:\/\/www.buhl.de\/steuer\/wp-content\/themes\/steuer-web\/buhl-steuer\/assets\/store-notification\/test-it\/wiso-steuer-abruf-kostenlos-testen.svg\">\r\n\t\t\t\t\t\t\t\t\t<img loading=\"lazy\" class=\" img-fluid\"\r\n\t\t\t\t\t\t\t\t\t\t\talt=\"Steuer-App Beispiel\" \r\n\t\t\t\t\t\t\t\t\t\t\ttitle=\"Steuer-App herunterladen\"\r\n\t\t\t\t\t\t\t\t\t\t\tsrc=\"https:\/\/www.buhl.de\/steuer\/wp-content\/themes\/steuer-web\/buhl-steuer\/assets\/store-notification\/test-it\/wiso-steuer-abruf-kostenlos-testen.svg\" >\r\n\t\t\t\t\t\t\t\t<\/picture>\r\n                            <\/div>\r\n                            \r\n                        <\/div>\r\n                    <\/div>\r\n                <\/div>\r\n            <\/div>\r\n        <\/div>\r\n    <\/div>\r\n\n","protected":false},"excerpt":{"rendered":"<p>Unter bestimmten Voraussetzungen k\u00f6nnen die Kosten f\u00fcr Arbeitskleidung\u00a0von der Steuer abgesetzt werden. Wie genau sich Steuern sparen lassen, zeigen wir in diesem Beitrag.<\/p>\n","protected":false},"author":104,"featured_media":47836,"comment_status":"open","ping_status":"open","sticky":false,"template":"","format":"standard","meta":{"_acf_changed":false,"footnotes":""},"categories":[2841,2808],"tags":[],"class_list":["post-47027","post","type-post","status-publish","format-standard","has-post-thumbnail","hentry","category-alle","category-arbeit"],"yoast_head":"<!-- This site is optimized with the Yoast SEO Premium plugin v27.4 (Yoast SEO v27.5) - https:\/\/yoast.com\/product\/yoast-seo-premium-wordpress\/ -->\n<title>Arbeitskleidung von der Steuer absetzen: So geht\u2019s<\/title>\n<meta name=\"description\" content=\"Kann ich Kleidung von der Steuer absetzen\u2753 Berufskleidung bzw. Arbeitskleidung in der Steuererkl\u00e4rung angeben und Geld bekommen \ud83d\udc49 So geht\u2019s!\" \/>\n<meta name=\"robots\" content=\"index, follow, max-snippet:-1, max-image-preview:large, max-video-preview:-1\" \/>\n<link rel=\"canonical\" href=\"https:\/\/www.buhl.de\/steuer\/ratgeber\/arbeitskleidung-absetzen\/\" \/>\n<meta property=\"og:locale\" content=\"de_DE\" \/>\n<meta property=\"og:type\" content=\"article\" \/>\n<meta property=\"og:title\" content=\"Arbeitskleidung von der Steuer absetzen\" \/>\n<meta property=\"og:description\" content=\"Kann ich Kleidung von der Steuer absetzen\u2753 Berufskleidung bzw. Arbeitskleidung in der Steuererkl\u00e4rung angeben und Geld bekommen \ud83d\udc49 So geht\u2019s!\" \/>\n<meta property=\"og:url\" content=\"https:\/\/www.buhl.de\/steuer\/ratgeber\/arbeitskleidung-absetzen\/\" \/>\n<meta property=\"og:site_name\" content=\"WISO Steuer: Nr.1 App f\u00fcr die Steuererkl\u00e4rung\" \/>\n<meta property=\"article:published_time\" content=\"2021-12-13T13:45:26+00:00\" \/>\n<meta property=\"article:modified_time\" content=\"2024-12-20T13:55:50+00:00\" \/>\n<meta property=\"og:image\" content=\"https:\/\/www.buhl.de\/steuer\/wp-content\/uploads\/sites\/31\/2021\/12\/arbeitskleidung-absetzen-steuer-title.jpg\" \/>\n\t<meta property=\"og:image:width\" content=\"976\" \/>\n\t<meta property=\"og:image:height\" content=\"400\" \/>\n\t<meta property=\"og:image:type\" content=\"image\/jpeg\" \/>\n<meta name=\"author\" content=\"Olesja Hess\" \/>\n<meta name=\"twitter:card\" content=\"summary_large_image\" \/>\n<meta name=\"twitter:label1\" content=\"Verfasst von\" \/>\n\t<meta name=\"twitter:data1\" content=\"Olesja Hess\" \/>\n\t<meta name=\"twitter:label2\" content=\"Gesch\u00e4tzte Lesezeit\" \/>\n\t<meta name=\"twitter:data2\" content=\"4\u00a0Minuten\" \/>\n<script type=\"application\/ld+json\" class=\"yoast-schema-graph\">{\"@context\":\"https:\\\/\\\/schema.org\",\"@graph\":[{\"@type\":\"Article\",\"@id\":\"https:\\\/\\\/www.buhl.de\\\/steuer\\\/ratgeber\\\/arbeitskleidung-absetzen\\\/#article\",\"isPartOf\":{\"@id\":\"https:\\\/\\\/www.buhl.de\\\/steuer\\\/ratgeber\\\/arbeitskleidung-absetzen\\\/\"},\"author\":{\"name\":\"Olesja Hess\",\"@id\":\"https:\\\/\\\/www.buhl.de\\\/steuer\\\/#\\\/schema\\\/person\\\/e25d76546852380c601f99020b73fcf6\"},\"headline\":\"Arbeitskleidung von der Steuer absetzen\",\"datePublished\":\"2021-12-13T13:45:26+00:00\",\"dateModified\":\"2024-12-20T13:55:50+00:00\",\"mainEntityOfPage\":{\"@id\":\"https:\\\/\\\/www.buhl.de\\\/steuer\\\/ratgeber\\\/arbeitskleidung-absetzen\\\/\"},\"wordCount\":787,\"commentCount\":0,\"publisher\":{\"@id\":\"https:\\\/\\\/www.buhl.de\\\/steuer\\\/#organization\"},\"image\":{\"@id\":\"https:\\\/\\\/www.buhl.de\\\/steuer\\\/ratgeber\\\/arbeitskleidung-absetzen\\\/#primaryimage\"},\"thumbnailUrl\":\"https:\\\/\\\/www.buhl.de\\\/steuer\\\/wp-content\\\/uploads\\\/sites\\\/31\\\/2021\\\/12\\\/arbeitskleidung-absetzen-steuer-title.jpg\",\"articleSection\":[\"Neueste Beitr\u00e4ge\",\"Ratgeber: Steuern &amp; Gehalt\"],\"inLanguage\":\"de\",\"potentialAction\":[{\"@type\":\"CommentAction\",\"name\":\"Comment\",\"target\":[\"https:\\\/\\\/www.buhl.de\\\/steuer\\\/ratgeber\\\/arbeitskleidung-absetzen\\\/#respond\"]}]},{\"@type\":\"WebPage\",\"@id\":\"https:\\\/\\\/www.buhl.de\\\/steuer\\\/ratgeber\\\/arbeitskleidung-absetzen\\\/\",\"url\":\"https:\\\/\\\/www.buhl.de\\\/steuer\\\/ratgeber\\\/arbeitskleidung-absetzen\\\/\",\"name\":\"Arbeitskleidung von der Steuer absetzen: So geht\u2019s\",\"isPartOf\":{\"@id\":\"https:\\\/\\\/www.buhl.de\\\/steuer\\\/#website\"},\"primaryImageOfPage\":{\"@id\":\"https:\\\/\\\/www.buhl.de\\\/steuer\\\/ratgeber\\\/arbeitskleidung-absetzen\\\/#primaryimage\"},\"image\":{\"@id\":\"https:\\\/\\\/www.buhl.de\\\/steuer\\\/ratgeber\\\/arbeitskleidung-absetzen\\\/#primaryimage\"},\"thumbnailUrl\":\"https:\\\/\\\/www.buhl.de\\\/steuer\\\/wp-content\\\/uploads\\\/sites\\\/31\\\/2021\\\/12\\\/arbeitskleidung-absetzen-steuer-title.jpg\",\"datePublished\":\"2021-12-13T13:45:26+00:00\",\"dateModified\":\"2024-12-20T13:55:50+00:00\",\"description\":\"Kann ich Kleidung von der Steuer absetzen\u2753 Berufskleidung bzw. Arbeitskleidung in der Steuererkl\u00e4rung angeben und Geld bekommen \ud83d\udc49 So geht\u2019s!\",\"breadcrumb\":{\"@id\":\"https:\\\/\\\/www.buhl.de\\\/steuer\\\/ratgeber\\\/arbeitskleidung-absetzen\\\/#breadcrumb\"},\"inLanguage\":\"de\",\"potentialAction\":[{\"@type\":\"ReadAction\",\"target\":[\"https:\\\/\\\/www.buhl.de\\\/steuer\\\/ratgeber\\\/arbeitskleidung-absetzen\\\/\"]}]},{\"@type\":\"ImageObject\",\"inLanguage\":\"de\",\"@id\":\"https:\\\/\\\/www.buhl.de\\\/steuer\\\/ratgeber\\\/arbeitskleidung-absetzen\\\/#primaryimage\",\"url\":\"https:\\\/\\\/www.buhl.de\\\/steuer\\\/wp-content\\\/uploads\\\/sites\\\/31\\\/2021\\\/12\\\/arbeitskleidung-absetzen-steuer-title.jpg\",\"contentUrl\":\"https:\\\/\\\/www.buhl.de\\\/steuer\\\/wp-content\\\/uploads\\\/sites\\\/31\\\/2021\\\/12\\\/arbeitskleidung-absetzen-steuer-title.jpg\",\"width\":976,\"height\":400,\"caption\":\"Arbeitskleidung von der Steuer absetzen\"},{\"@type\":\"BreadcrumbList\",\"@id\":\"https:\\\/\\\/www.buhl.de\\\/steuer\\\/ratgeber\\\/arbeitskleidung-absetzen\\\/#breadcrumb\",\"itemListElement\":[{\"@type\":\"ListItem\",\"position\":1,\"name\":\"Steuererkl\u00e4rung\",\"item\":\"https:\\\/\\\/www.buhl.de\\\/steuer\\\/\"},{\"@type\":\"ListItem\",\"position\":2,\"name\":\"Arbeitskleidung von der Steuer absetzen\"}]},{\"@type\":\"WebSite\",\"@id\":\"https:\\\/\\\/www.buhl.de\\\/steuer\\\/#website\",\"url\":\"https:\\\/\\\/www.buhl.de\\\/steuer\\\/\",\"name\":\"WISO Steuer: Nr. 1 Steuer-App\",\"description\":\"\",\"publisher\":{\"@id\":\"https:\\\/\\\/www.buhl.de\\\/steuer\\\/#organization\"},\"potentialAction\":[{\"@type\":\"SearchAction\",\"target\":{\"@type\":\"EntryPoint\",\"urlTemplate\":\"https:\\\/\\\/www.buhl.de\\\/steuer\\\/?s={search_term_string}\"},\"query-input\":{\"@type\":\"PropertyValueSpecification\",\"valueRequired\":true,\"valueName\":\"search_term_string\"}}],\"inLanguage\":\"de\"},{\"@type\":\"Organization\",\"@id\":\"https:\\\/\\\/www.buhl.de\\\/steuer\\\/#organization\",\"name\":\"WISO Steuer | Buhl Data Service GmbH\",\"url\":\"https:\\\/\\\/www.buhl.de\\\/steuer\\\/\",\"logo\":{\"@type\":\"ImageObject\",\"inLanguage\":\"de\",\"@id\":\"https:\\\/\\\/www.buhl.de\\\/steuer\\\/#\\\/schema\\\/logo\\\/image\\\/\",\"url\":\"https:\\\/\\\/www.buhl.de\\\/steuer\\\/wp-content\\\/uploads\\\/sites\\\/31\\\/2026\\\/02\\\/logo-wiso-steuer-app.svg\",\"contentUrl\":\"https:\\\/\\\/www.buhl.de\\\/steuer\\\/wp-content\\\/uploads\\\/sites\\\/31\\\/2026\\\/02\\\/logo-wiso-steuer-app.svg\",\"width\":375,\"height\":72,\"caption\":\"WISO Steuer | Buhl Data Service GmbH\"},\"image\":{\"@id\":\"https:\\\/\\\/www.buhl.de\\\/steuer\\\/#\\\/schema\\\/logo\\\/image\\\/\"}},{\"@type\":\"Person\",\"@id\":\"https:\\\/\\\/www.buhl.de\\\/steuer\\\/#\\\/schema\\\/person\\\/e25d76546852380c601f99020b73fcf6\",\"name\":\"Olesja Hess\",\"image\":{\"@type\":\"ImageObject\",\"inLanguage\":\"de\",\"@id\":\"https:\\\/\\\/www.buhl.de\\\/steuer\\\/wp-content\\\/uploads\\\/sites\\\/31\\\/2024\\\/07\\\/olesja.png\",\"url\":\"https:\\\/\\\/www.buhl.de\\\/steuer\\\/wp-content\\\/uploads\\\/sites\\\/31\\\/2024\\\/07\\\/olesja.png\",\"contentUrl\":\"https:\\\/\\\/www.buhl.de\\\/steuer\\\/wp-content\\\/uploads\\\/sites\\\/31\\\/2024\\\/07\\\/olesja.png\",\"caption\":\"Olesja Hess\"},\"sameAs\":[\"https:\\\/\\\/www.buhl.de\\\/steuer\\\/autoren\\\/olesja-hess\\\/\"]}]}<\/script>\n<!-- \/ Yoast SEO Premium plugin. -->","yoast_head_json":{"title":"Arbeitskleidung von der Steuer absetzen: So geht\u2019s","description":"Kann ich Kleidung von der Steuer absetzen\u2753 Berufskleidung bzw. Arbeitskleidung in der Steuererkl\u00e4rung angeben und Geld bekommen \ud83d\udc49 So geht\u2019s!","robots":{"index":"index","follow":"follow","max-snippet":"max-snippet:-1","max-image-preview":"max-image-preview:large","max-video-preview":"max-video-preview:-1"},"canonical":"https:\/\/www.buhl.de\/steuer\/ratgeber\/arbeitskleidung-absetzen\/","og_locale":"de_DE","og_type":"article","og_title":"Arbeitskleidung von der Steuer absetzen","og_description":"Kann ich Kleidung von der Steuer absetzen\u2753 Berufskleidung bzw. Arbeitskleidung in der Steuererkl\u00e4rung angeben und Geld bekommen \ud83d\udc49 So geht\u2019s!","og_url":"https:\/\/www.buhl.de\/steuer\/ratgeber\/arbeitskleidung-absetzen\/","og_site_name":"WISO Steuer: Nr.1 App f\u00fcr die Steuererkl\u00e4rung","article_published_time":"2021-12-13T13:45:26+00:00","article_modified_time":"2024-12-20T13:55:50+00:00","og_image":[{"width":976,"height":400,"url":"https:\/\/www.buhl.de\/steuer\/wp-content\/uploads\/sites\/31\/2021\/12\/arbeitskleidung-absetzen-steuer-title.jpg","type":"image\/jpeg"}],"author":"Olesja Hess","twitter_card":"summary_large_image","twitter_misc":{"Verfasst von":"Olesja Hess","Gesch\u00e4tzte Lesezeit":"4\u00a0Minuten"},"schema":{"@context":"https:\/\/schema.org","@graph":[{"@type":"Article","@id":"https:\/\/www.buhl.de\/steuer\/ratgeber\/arbeitskleidung-absetzen\/#article","isPartOf":{"@id":"https:\/\/www.buhl.de\/steuer\/ratgeber\/arbeitskleidung-absetzen\/"},"author":{"name":"Olesja Hess","@id":"https:\/\/www.buhl.de\/steuer\/#\/schema\/person\/e25d76546852380c601f99020b73fcf6"},"headline":"Arbeitskleidung von der Steuer absetzen","datePublished":"2021-12-13T13:45:26+00:00","dateModified":"2024-12-20T13:55:50+00:00","mainEntityOfPage":{"@id":"https:\/\/www.buhl.de\/steuer\/ratgeber\/arbeitskleidung-absetzen\/"},"wordCount":787,"commentCount":0,"publisher":{"@id":"https:\/\/www.buhl.de\/steuer\/#organization"},"image":{"@id":"https:\/\/www.buhl.de\/steuer\/ratgeber\/arbeitskleidung-absetzen\/#primaryimage"},"thumbnailUrl":"https:\/\/www.buhl.de\/steuer\/wp-content\/uploads\/sites\/31\/2021\/12\/arbeitskleidung-absetzen-steuer-title.jpg","articleSection":["Neueste Beitr\u00e4ge","Ratgeber: Steuern &amp; Gehalt"],"inLanguage":"de","potentialAction":[{"@type":"CommentAction","name":"Comment","target":["https:\/\/www.buhl.de\/steuer\/ratgeber\/arbeitskleidung-absetzen\/#respond"]}]},{"@type":"WebPage","@id":"https:\/\/www.buhl.de\/steuer\/ratgeber\/arbeitskleidung-absetzen\/","url":"https:\/\/www.buhl.de\/steuer\/ratgeber\/arbeitskleidung-absetzen\/","name":"Arbeitskleidung von der Steuer absetzen: So geht\u2019s","isPartOf":{"@id":"https:\/\/www.buhl.de\/steuer\/#website"},"primaryImageOfPage":{"@id":"https:\/\/www.buhl.de\/steuer\/ratgeber\/arbeitskleidung-absetzen\/#primaryimage"},"image":{"@id":"https:\/\/www.buhl.de\/steuer\/ratgeber\/arbeitskleidung-absetzen\/#primaryimage"},"thumbnailUrl":"https:\/\/www.buhl.de\/steuer\/wp-content\/uploads\/sites\/31\/2021\/12\/arbeitskleidung-absetzen-steuer-title.jpg","datePublished":"2021-12-13T13:45:26+00:00","dateModified":"2024-12-20T13:55:50+00:00","description":"Kann ich Kleidung von der Steuer absetzen\u2753 Berufskleidung bzw. Arbeitskleidung in der Steuererkl\u00e4rung angeben und Geld bekommen \ud83d\udc49 So geht\u2019s!","breadcrumb":{"@id":"https:\/\/www.buhl.de\/steuer\/ratgeber\/arbeitskleidung-absetzen\/#breadcrumb"},"inLanguage":"de","potentialAction":[{"@type":"ReadAction","target":["https:\/\/www.buhl.de\/steuer\/ratgeber\/arbeitskleidung-absetzen\/"]}]},{"@type":"ImageObject","inLanguage":"de","@id":"https:\/\/www.buhl.de\/steuer\/ratgeber\/arbeitskleidung-absetzen\/#primaryimage","url":"https:\/\/www.buhl.de\/steuer\/wp-content\/uploads\/sites\/31\/2021\/12\/arbeitskleidung-absetzen-steuer-title.jpg","contentUrl":"https:\/\/www.buhl.de\/steuer\/wp-content\/uploads\/sites\/31\/2021\/12\/arbeitskleidung-absetzen-steuer-title.jpg","width":976,"height":400,"caption":"Arbeitskleidung von der Steuer absetzen"},{"@type":"BreadcrumbList","@id":"https:\/\/www.buhl.de\/steuer\/ratgeber\/arbeitskleidung-absetzen\/#breadcrumb","itemListElement":[{"@type":"ListItem","position":1,"name":"Steuererkl\u00e4rung","item":"https:\/\/www.buhl.de\/steuer\/"},{"@type":"ListItem","position":2,"name":"Arbeitskleidung von der Steuer absetzen"}]},{"@type":"WebSite","@id":"https:\/\/www.buhl.de\/steuer\/#website","url":"https:\/\/www.buhl.de\/steuer\/","name":"WISO Steuer: Nr. 1 Steuer-App","description":"","publisher":{"@id":"https:\/\/www.buhl.de\/steuer\/#organization"},"potentialAction":[{"@type":"SearchAction","target":{"@type":"EntryPoint","urlTemplate":"https:\/\/www.buhl.de\/steuer\/?s={search_term_string}"},"query-input":{"@type":"PropertyValueSpecification","valueRequired":true,"valueName":"search_term_string"}}],"inLanguage":"de"},{"@type":"Organization","@id":"https:\/\/www.buhl.de\/steuer\/#organization","name":"WISO Steuer | Buhl Data Service GmbH","url":"https:\/\/www.buhl.de\/steuer\/","logo":{"@type":"ImageObject","inLanguage":"de","@id":"https:\/\/www.buhl.de\/steuer\/#\/schema\/logo\/image\/","url":"https:\/\/www.buhl.de\/steuer\/wp-content\/uploads\/sites\/31\/2026\/02\/logo-wiso-steuer-app.svg","contentUrl":"https:\/\/www.buhl.de\/steuer\/wp-content\/uploads\/sites\/31\/2026\/02\/logo-wiso-steuer-app.svg","width":375,"height":72,"caption":"WISO Steuer | Buhl Data Service GmbH"},"image":{"@id":"https:\/\/www.buhl.de\/steuer\/#\/schema\/logo\/image\/"}},{"@type":"Person","@id":"https:\/\/www.buhl.de\/steuer\/#\/schema\/person\/e25d76546852380c601f99020b73fcf6","name":"Olesja Hess","image":{"@type":"ImageObject","inLanguage":"de","@id":"https:\/\/www.buhl.de\/steuer\/wp-content\/uploads\/sites\/31\/2024\/07\/olesja.png","url":"https:\/\/www.buhl.de\/steuer\/wp-content\/uploads\/sites\/31\/2024\/07\/olesja.png","contentUrl":"https:\/\/www.buhl.de\/steuer\/wp-content\/uploads\/sites\/31\/2024\/07\/olesja.png","caption":"Olesja Hess"},"sameAs":["https:\/\/www.buhl.de\/steuer\/autoren\/olesja-hess\/"]}]}},"acf":[],"wps_subtitle":"Alles rund um Kauf, Reparatur und Waschen","_links":{"self":[{"href":"https:\/\/www.buhl.de\/steuer\/wp-json\/wp\/v2\/posts\/47027","targetHints":{"allow":["GET"]}}],"collection":[{"href":"https:\/\/www.buhl.de\/steuer\/wp-json\/wp\/v2\/posts"}],"about":[{"href":"https:\/\/www.buhl.de\/steuer\/wp-json\/wp\/v2\/types\/post"}],"author":[{"embeddable":true,"href":"https:\/\/www.buhl.de\/steuer\/wp-json\/wp\/v2\/users\/104"}],"replies":[{"embeddable":true,"href":"https:\/\/www.buhl.de\/steuer\/wp-json\/wp\/v2\/comments?post=47027"}],"version-history":[{"count":13,"href":"https:\/\/www.buhl.de\/steuer\/wp-json\/wp\/v2\/posts\/47027\/revisions"}],"predecessor-version":[{"id":69141,"href":"https:\/\/www.buhl.de\/steuer\/wp-json\/wp\/v2\/posts\/47027\/revisions\/69141"}],"wp:featuredmedia":[{"embeddable":true,"href":"https:\/\/www.buhl.de\/steuer\/wp-json\/wp\/v2\/media\/47836"}],"wp:attachment":[{"href":"https:\/\/www.buhl.de\/steuer\/wp-json\/wp\/v2\/media?parent=47027"}],"wp:term":[{"taxonomy":"category","embeddable":true,"href":"https:\/\/www.buhl.de\/steuer\/wp-json\/wp\/v2\/categories?post=47027"},{"taxonomy":"post_tag","embeddable":true,"href":"https:\/\/www.buhl.de\/steuer\/wp-json\/wp\/v2\/tags?post=47027"}],"curies":[{"name":"wp","href":"https:\/\/api.w.org\/{rel}","templated":true}]}}