{"id":47121,"date":"2024-06-04T15:46:09","date_gmt":"2024-06-04T13:46:09","guid":{"rendered":"https:\/\/wptest.buhl.de\/steuer\/?p=47121"},"modified":"2025-12-09T10:52:20","modified_gmt":"2025-12-09T09:52:20","slug":"behindertenpauschbetrag","status":"publish","type":"post","link":"https:\/\/www.buhl.de\/steuer\/ratgeber\/behindertenpauschbetrag\/","title":{"rendered":"Behindertenpauschbetrag: So gibt&#8217;s bis zu 7.400 Euro"},"content":{"rendered":"<p>Menschen mit Behinderung m\u00fcssen im Alltag h\u00f6here Kosten schultern und k\u00f6nnen daher in ihrer Steuererkl\u00e4rung einen Freibetrag beantragen: den Behindertenpauschbetrag. Damit m\u00fcssen sie weniger Steuern zahlen. Unter bestimmten Voraussetzungen k\u00f6nnen sie auch noch weitere Kosten absetzen und zus\u00e4tzliche Pauschalen f\u00fcr Fahrtkosten erhalten.<!--more--><\/p>\n<h2>Kurz &amp; knapp<\/h2>\n<ul>\n<li>Bereits ab einem Grad der Behinderung von 20 gibt es einen Behindertenpauschbetrag<\/li>\n<li>Einige Kosten kannst du zus\u00e4tzlich als au\u00dfergew\u00f6hnliche Belastungen absetzen<\/li>\n<li>Eltern k\u00f6nnen den Behindertenpauschbetrag ihres Kindes auf sich \u00fcbertragen lassen<\/li>\n<li><a title=\"WISO Steuer: Steuerprogramm von Buhl\" href=\"https:\/\/www.buhl.de\/steuer\/\">WISO Steuer<\/a> hilft dir beim j\u00e4hrlichen Antrag mit der Steuererkl\u00e4rung<\/li>\n<\/ul>\n\r\n        <div class=\"spacing-modul  \">\r\n            <div class=\"container spacing-modul\">\r\n               <div class=\"row\">\r\n                   <div id=\"\" class=\"anchor\"><\/div>\r\n                   <div class=\"col-12 modul-spacing-blog-c\"><\/div>\r\n                   <div class=\"col-12 modul-spacing-blog-c\"><\/div>\r\n               <\/div>\r\n            <\/div>\r\n        <\/div>\r\n    \r\n        <div class=\"white-background\">\r\n                <div class=\"video-d\">\r\n                    <div class=\"white-background\">\r\n                        <div class=\"container\">                       \r\n                            <div class=\"row justify-content-center\">\r\n                                <div class=\"text-center text-lg-left col-12 col-lg-6 col-xl-4 col-xl-offset-1 d-flex flex-column justify-content-center align-items-center align-items-lg-start\">\r\n                            <p class=\"font-cairo-10 blue-font headline-spacing-30 fw700\">Video: Angaben bei Behinderung<\/p>                     <p class=\"font-source-sans-pro-1 blue-font mobile-text-spacing-blog-30\">Liegt ein Grad der Behinderung vor, winken einige Steuervorteile. Angefangen beim Pauschbetrag bis zur Fahrtkostenpauschale \u2013 wir erkl\u00e4ren dir alles Wichtige in diesem Video.<\/p>                               \r\n                                <\/div>\r\n                                \r\n                                <div class=\"col-12 col-lg-6 col-xl-4 col-xl-offset-1 d-flex justify-content-center align-items-center\">\r\n                                    <div class=\"d-flex justify-content-center\">\r\n                                        <a role=\"button\"\r\n                                           class=\"blue-font position-relative font-cairo-2 fw700\" href=\"#\" data-toggle=\"modal\"\r\n                                           data-target=\"#xXbEPdRj8L1A\">\r\n                                             <div class=\"video-player-button\">\r\n                                                    <span class=\"video-player-button-icon\"><\/span>                                             \r\n                                             <\/div>\r\n                                            <img decoding=\"async\" loading=\"lazy\" class=\"img-fluid\"\r\n                                                title=\"Video ansehen\" \r\n                                                alt=\"Video ansehen Vorschaubild\"\r\n                                                src=\"https:\/\/www.buhl.de\/steuer\/wp-content\/themes\/steuer-web\/buhl-steuer\/assets\/video\/steuer-web\/video-blog.webp\">\r\n                                        <\/a>\r\n                                        <div class=\"modal fade videoModal\" id=\"xXbEPdRj8L1A\">\r\n                                            <div class=\"modal-dialog modal-xl modal-dialog-centered\">\r\n                                                <div class=\"modal-content\">\r\n                                                    <!-- Modal Header -->\r\n                                                    <div class=\"modal-header\">\r\n                                                        <button type=\"button\" class=\"close\" data-dismiss=\"modal\">\r\n                                                             <span class=\"navbar-toggler-icon\"><\/span>\r\n                                                        <\/button>\r\n                                                    <\/div>\r\n                                                    <!-- Modal body -->                                                                                                    \r\n                                                <div class=\"modal-body\" id=\"yt-player\">\r\n                                                      <div class=\"lyte-wrapper\" style=\"width:1280px;max-width:100%;margin:5px;\"><div class=\"lyMe hidef\" id=\"WYL_XbEPdRj8L1A\"><div id=\"lyte_XbEPdRj8L1A\" data-src=\"https:\/\/www.buhl.de\/steuer\/wp-content\/plugins\/wp-youtube-lyte\/lyteCache.php?origThumbUrl=%2F%2Fi.ytimg.com%2Fvi%2FXbEPdRj8L1A%2Fmaxresdefault.jpg\" class=\"pL\"><div class=\"tC\"><div class=\"tT\"><\/div><\/div><div class=\"play\"><\/div><div class=\"ctrl\"><div class=\"Lctrl\"><\/div><div class=\"Rctrl\"><\/div><\/div><\/div><noscript><a href=\"https:\/\/youtu.be\/XbEPdRj8L1A\" rel=\"nofollow\"><img loading=\"lazy\" decoding=\"async\" src=\"https:\/\/www.buhl.de\/steuer\/wp-content\/plugins\/wp-youtube-lyte\/lyteCache.php?origThumbUrl=https%3A%2F%2Fi.ytimg.com%2Fvi%2FXbEPdRj8L1A%2F0.jpg\" alt=\"YouTube-Video-Vorschaubild\" width=\"1280\" height=\"700\" \/><br \/>Dieses Video auf YouTube ansehen<\/a><\/noscript><\/div><\/div><div class=\"lL\" style=\"max-width:100%;width:1280px;margin:5px;\"><\/div>                                                                            \r\n                                                 <\/div>                                                              \r\n                                                <\/div>\r\n                                            <\/div>\r\n                                        <\/div>\r\n                                    <\/div>\r\n                                <\/div>                  \r\n                            <\/div>\r\n                        <\/div>                       \r\n                    <\/div>\r\n                <\/div>\r\n            <\/div>\r\n    \r\n        <div class=\"spacing-modul  \">\r\n            <div class=\"container spacing-modul\">\r\n               <div class=\"row\">\r\n                   <div id=\"\" class=\"anchor\"><\/div>\r\n                   <div class=\"col-12 modul-spacing-default-b\"><\/div>\r\n                   <div class=\"col-12 modul-spacing-default-b\"><\/div>\r\n               <\/div>\r\n            <\/div>\r\n        <\/div>\r\n    \n<h2>Mit dem Behindertenpauschbetrag Geld zur\u00fcckbekommen<\/h2>\n<p>Wenn das Versorgungsamt mit einem \u00e4rztlichen Gutachten bei dir einen <strong>Grad der Behinderung (GdB)<\/strong> ab 20 feststellt, steht dir ein Steuerfreibetrag zu: der <strong>Behindertenpauschbetrag<\/strong> (manchmal auch Behindertenfreibetrag genannt). Steuerlich spielt es keine Rolle, ob die Behinderung aus k\u00f6rperlichen, psychischen oder altersbedingten Gr\u00fcnden besteht.<\/p>\n<p>Er ist ein Ausgleich f\u00fcr deine <strong>gew\u00f6hnlichen Kosten<\/strong>, die durch die Behinderung laufend entstehen. Dazu geh\u00f6ren beispielsweise:<\/p>\n<ul>\n<li>Pflegekosten (zum Beispiel ambulante Pflegekraft, Pflegedienst, Kurzzeit-, Tages- und Nachtpflege)<\/li>\n<li>Heimkosten (zum Beispiel Pflege, Verpflegung und Unterkunft)<\/li>\n<li>Aufwendungen f\u00fcr Hilfe bei den gew\u00f6hnlichen und wiederkehrenden Verrichtungen des t\u00e4glichen Lebens (zum Beispiel K\u00f6rperpflege, Mobilit\u00e4t und Ern\u00e4hrung)<\/li>\n<li>Kosten f\u00fcr erh\u00f6hten W\u00e4schebedarf und Hygieneartikel<\/li>\n<li>Assistenztier, etwa ein Blindenhund (zum Beispiel Futter und Pflegekosten)<\/li>\n<\/ul>\n<p>Allgemeine <a title=\"Was sind au\u00dfergew\u00f6hnliche Belastungen?\" href=\"https:\/\/www.buhl.de\/steuer\/ratgeber\/aussergewoehnliche-belastungen\/\">au\u00dfergew\u00f6hnliche Belastungen<\/a> wie Krankheitskosten reduzieren erst dann deine Steuern, wenn die Kosten deine individuelle zumutbare Belastung \u00fcberschreiten. Bis zu diesem Eigenanteil wirken sie sich nicht aus.<\/p>\n<p>Der Behindertenpauschbetrag geh\u00f6rt hingegen steuerlich zu den <strong>besonderen au\u00dfergew\u00f6hnlichen Belastungen<\/strong>. Hier spielt die zumutbare Belastung keine Rolle. Die Pauschale wird <strong>direkt von deinem zu versteuernden Einkommen abgezogen<\/strong> und senkt deine Steuern.<\/p>\n<p>Zus\u00e4tzlich zu der Pauschale kannst du einmalige oder unregelm\u00e4\u00dfig anfallende Kosten absetzen, die wegen deiner Behinderung entstanden sind. Beispielsweise f\u00fcr den Umbau deiner Wohnung. Au\u00dferdem gibt es unter bestimmten Voraussetzungen extra eine Pauschale f\u00fcr Fahrtkosten.<\/p>\n<p><strong>Wichtig: <\/strong>Den Behindertenpauschbetrag kannst du bekommen, wenn das Versorgungsamt einen Grad der Behinderung (GdB) festgestellt hat. <strong>Ab<\/strong> <strong>2026<\/strong> verlangt das Finanzamt bei <strong>Neufeststellungen und \u00c4nderungen<\/strong>, dass das Versorgungsamt diesen Nachweis einer Behinderung zwingend <strong>elektronisch<\/strong> ans Finanzamt \u00fcbermitteln muss. Ausweise oder Bescheide in Papierform, die vor dem 1. Januar 2026 ausgestellt wurden und noch g\u00fcltig sind, ber\u00fccksichtigt das Finanzamt weiterhin. Das kann ein Feststellungsbescheid oder ein Schwerbehindertenausweis des Versorgungsamts sein.<\/p>\n<h3>Wie hoch ist der Behindertenpauschbetrag?<\/h3>\n<p>Die H\u00f6he des j\u00e4hrlichen Pauschbetrags h\u00e4ngt von dem Grad der Behinderung (GdB) ab. Es handelt sich immer um <strong>Jahresbetr\u00e4ge<\/strong>. Das gilt auch dann, wenn die Behinderung nur einen Teil des Jahres bestanden hat. Du musst keine monatliche Aufteilung machen. \u00c4ndert sich der GdB im Laufe des Jahres, profitierst du f\u00fcr das gesamte Jahr von dem h\u00f6heren Pauschalbetrag. Vorteil der <a title=\"Die wichtigsten Pauschalen f\u00fcr die Steuer\" href=\"https:\/\/www.buhl.de\/steuer\/ratgeber\/pauschalen-pauschbetrag\/\">Pauschale<\/a>: Du musst keine Aufwendungen nachweisen.<\/p>\n<p><strong>Seit 2021<\/strong> gelten deutlich erh\u00f6hte Behindertenpauschbetr\u00e4ge. Die Voraussetzungen wurden gelockert und die Pauschalen verdoppelt. M\u00f6glicherweise kannst auch du davon profitieren:<\/p>\n\r\n        <div class=\"spacing-modul  \">\r\n            <div class=\"container spacing-modul\">\r\n               <div class=\"row\">\r\n                   <div id=\"\" class=\"anchor\"><\/div>\r\n                   <div class=\"col-12 modul-spacing-blog-c\"><\/div>\r\n                   <div class=\"col-12 modul-spacing-blog-c\"><\/div>\r\n               <\/div>\r\n            <\/div>\r\n        <\/div>\r\n    <div class=\"tablepress-wrapper\"> \n<table id=\"tablepress-90\" class=\"tablepress tablepress-id-90\">\n<thead>\n<tr class=\"row-1\">\n\t<th class=\"column-1\">Grad der Behinderung<\/th><th class=\"column-2\">Behindertenpauschbetrag (seit 2021)<\/th>\n<\/tr>\n<\/thead>\n<tbody class=\"row-striping row-hover\">\n<tr class=\"row-2\">\n\t<td class=\"column-1\">20 <\/td><td class=\"column-2\">384 \u20ac<\/td>\n<\/tr>\n<tr class=\"row-3\">\n\t<td class=\"column-1\">30 <\/td><td class=\"column-2\">620 \u20ac<\/td>\n<\/tr>\n<tr class=\"row-4\">\n\t<td class=\"column-1\">40 <\/td><td class=\"column-2\">860 \u20ac<\/td>\n<\/tr>\n<tr class=\"row-5\">\n\t<td class=\"column-1\">50 <\/td><td class=\"column-2\">1.140 \u20ac<\/td>\n<\/tr>\n<tr class=\"row-6\">\n\t<td class=\"column-1\">60 <\/td><td class=\"column-2\">1.440 \u20ac<\/td>\n<\/tr>\n<tr class=\"row-7\">\n\t<td class=\"column-1\">70 <\/td><td class=\"column-2\">1.780 \u20ac<\/td>\n<\/tr>\n<tr class=\"row-8\">\n\t<td class=\"column-1\">80 <\/td><td class=\"column-2\">2.120 \u20ac<\/td>\n<\/tr>\n<tr class=\"row-9\">\n\t<td class=\"column-1\">90 <\/td><td class=\"column-2\">2.460 \u20ac<\/td>\n<\/tr>\n<tr class=\"row-10\">\n\t<td class=\"column-1\">100 <\/td><td class=\"column-2\">2.840 \u20ac<\/td>\n<\/tr>\n<tr class=\"row-11\">\n\t<td class=\"column-1\">Merkzeichen \u201eBl\u201c oder \u201eH\u201c, Pflegegrad 4 oder 5<\/td><td class=\"column-2\">7.400 \u20ac<\/td>\n<\/tr>\n<\/tbody>\n<\/table>\n <\/div><!-- #tablepress-90 from cache -->\r\n        <div class=\"spacing-modul  \">\r\n            <div class=\"container spacing-modul\">\r\n               <div class=\"row\">\r\n                   <div id=\"\" class=\"anchor\"><\/div>\r\n                   <div class=\"col-12 modul-spacing-blog-c\"><\/div>\r\n                   <div class=\"col-12 modul-spacing-blog-c\"><\/div>\r\n               <\/div>\r\n            <\/div>\r\n        <\/div>\r\n    \n<p>Seit 2021 gibt es einen Behindertenpauschbetrag bereits ab einem GdB 20.<\/p>\n<p>Eine auf 7.400 Euro erh\u00f6hte Pauschale bekommen Menschen, die sowohl pflegebed\u00fcrftig als auch hilflos sind. Hierzu z\u00e4hlen hilflose, blinde und taubblinde Personen (mit dem Merkmal \u201eH\u201c, \u201eBl\u201c oder \u201eTBl\u201c im Schwerbehindertenausweis) sowie Menschen mit Pflegegrad 4 oder 5 (schwerstpflegebed\u00fcrftig).<\/p>\n<p><strong>Bis 2020<\/strong> galten noch diese Betr\u00e4ge:<\/p>\n\r\n        <div class=\"spacing-modul  \">\r\n            <div class=\"container spacing-modul\">\r\n               <div class=\"row\">\r\n                   <div id=\"\" class=\"anchor\"><\/div>\r\n                   <div class=\"col-12 modul-spacing-blog-c\"><\/div>\r\n                   <div class=\"col-12 modul-spacing-blog-c\"><\/div>\r\n               <\/div>\r\n            <\/div>\r\n        <\/div>\r\n    <div class=\"tablepress-wrapper\"> \n<table id=\"tablepress-164\" class=\"tablepress tablepress-id-164\">\n<thead>\n<tr class=\"row-1\">\n\t<th class=\"column-1\">Grad der Behinderung<\/th><th class=\"column-2\">Behindertenpauschbetrag (bis 2020)<\/th>\n<\/tr>\n<\/thead>\n<tbody class=\"row-striping row-hover\">\n<tr class=\"row-2\">\n\t<td class=\"column-1\">25-30<\/td><td class=\"column-2\">310 \u20ac<\/td>\n<\/tr>\n<tr class=\"row-3\">\n\t<td class=\"column-1\">35-40<\/td><td class=\"column-2\">430 \u20ac<\/td>\n<\/tr>\n<tr class=\"row-4\">\n\t<td class=\"column-1\">45-50<\/td><td class=\"column-2\">570 \u20ac<\/td>\n<\/tr>\n<tr class=\"row-5\">\n\t<td class=\"column-1\">55-60<\/td><td class=\"column-2\">720 \u20ac<\/td>\n<\/tr>\n<tr class=\"row-6\">\n\t<td class=\"column-1\">65-70<\/td><td class=\"column-2\">890 \u20ac<\/td>\n<\/tr>\n<tr class=\"row-7\">\n\t<td class=\"column-1\">75-80<\/td><td class=\"column-2\">1.060 \u20ac<\/td>\n<\/tr>\n<tr class=\"row-8\">\n\t<td class=\"column-1\">85-90<\/td><td class=\"column-2\">1.230 \u20ac<\/td>\n<\/tr>\n<tr class=\"row-9\">\n\t<td class=\"column-1\">95-100<\/td><td class=\"column-2\">1.420 \u20ac<\/td>\n<\/tr>\n<tr class=\"row-10\">\n\t<td class=\"column-1\">Merkzeichen \u201eBl\u201c oder \u201eH\u201c, Pflegegrad 4 oder 5<\/td><td class=\"column-2\">3.700 \u20ac<\/td>\n<\/tr>\n<\/tbody>\n<\/table>\n <\/div><!-- #tablepress-164 from cache -->\r\n        <div class=\"spacing-modul  \">\r\n            <div class=\"container spacing-modul\">\r\n               <div class=\"row\">\r\n                   <div id=\"\" class=\"anchor\"><\/div>\r\n                   <div class=\"col-12 modul-spacing-blog-c\"><\/div>\r\n                   <div class=\"col-12 modul-spacing-blog-c\"><\/div>\r\n               <\/div>\r\n            <\/div>\r\n        <\/div>\r\n    \n<p>Menschen mit einem <strong>GdB unter 50<\/strong> mussten <strong>bis 2020<\/strong> f\u00fcr einen Behindertenfreibetrag noch zus\u00e4tzlich eine der folgenden <strong>Voraussetzungen nachweisen<\/strong>:<\/p>\n<ul class=\"sw-blog-icon sw-blog-icon-1\">\n<li>Die Behinderung hat zu einer dauernden Einbu\u00dfe der k\u00f6rperlichen Beweglichkeit gef\u00fchrt. Dies musste im Bescheid des Versorgungsamts ausdr\u00fccklich erw\u00e4hnt werden.<\/li>\n<li>Oder: Die Behinderung beruht auf einer typischen Berufskrankheit.<\/li>\n<li>Oder: Aufgrund der Behinderung muss ein gesetzlicher Anspruch auf Rente bestehen (zum Beispiel Unfallrente).<\/li>\n<\/ul>\n<p>Diese Bedingung ist ab dem Steuerjahr 2021 weggefallen.<\/p>\n<h3>Merkzeichen bei einer Behinderung<\/h3>\n<p>Bestimmte <strong>Merkzeichen im Schwerbehindertenausweis<\/strong> beschreiben die Art einer Behinderung und k\u00f6nnen zum GdB hinzukommen. Folgende Merkzeichen gibt es:<\/p>\n<ul>\n<li>aG: au\u00dfergew\u00f6hnlich gehbehindert<\/li>\n<li>G: erheblich gehbehindert<\/li>\n<li>Bl: blind<\/li>\n<li>TBl: taubblind<\/li>\n<li>H: st\u00e4ndig hilflos<\/li>\n<li>Gl: geh\u00f6rlos<\/li>\n<li>B: ben\u00f6tigt Begleitperson bei der Benutzung von \u00f6ffentlichen Verkehrsmitteln<\/li>\n<\/ul>\n<p>F\u00fcr einige weitere Steuervorteile kommt es darauf an, dass die betroffene Person einen bestimmten GdB mit einem Merkzeichen hat. Hierzu gibt es weiter unten mehr Informationen.<\/p>\n<h2>So beantragst du den Behindertenpauschbetrag<\/h2>\n<p>Beantragen musst du den Behindertenpauschbetrag jedes Jahr in deiner <a title=\"Steuererkl\u00e4rung: So erstellst du sie selbst\" href=\"https:\/\/www.buhl.de\/steuer\/ratgeber\/steuererklaerung-machen\/\">Steuererkl\u00e4rung<\/a>. Die Angaben geh\u00f6ren in die <strong>Anlage Au\u00dfergew\u00f6hnliche Belastungen<\/strong>.<\/p>\n<p>Besonders einfach ist das mit WISO Steuer. Die Angaben machst du im Abschnitt <em>Pers\u00f6nliches<\/em>:<\/p>\n\r\n        <div class=\"spacing-modul  \">\r\n            <div class=\"container spacing-modul\">\r\n               <div class=\"row\">\r\n                   <div id=\"\" class=\"anchor\"><\/div>\r\n                   <div class=\"col-12 modul-spacing-blog-c\"><\/div>\r\n                   <div class=\"col-12 modul-spacing-blog-c\"><\/div>\r\n               <\/div>\r\n            <\/div>\r\n        <\/div>\r\n    \r\n        <div class=\"white-background d-none d-lg-block\">\r\n            <div class=\"container blog-image\">\r\n            \t<div class=\"row\">\r\n       \r\n                <div class=\"d-flex col-12 align-items-center justify-content-center\">\r\n                         \r\n                            <a id=\"\" target=\"_self\" title=\"\" href=\"\">\r\n                         \r\n                      <picture class=\"img-fluid\">\r\n                             <img decoding=\"async\" loading=\"lazy\"\r\n                              alt=\"Vorschau aus WISO Steuer zur Berechnung des Behindertenpauschbetrags\" \r\n                              title=\"\"\r\n                              src=\"https:\/\/www.buhl.de\/steuer\/wp-content\/uploads\/sites\/31\/2024\/10\/behindertenpauschbetrag-beantragen-steuererklaerung.png\" >\r\n                      <\/picture>     \r\n                      \t\r\n                        \t<\/a>\r\n                    \t                      \r\n\t\t\t\t\t<\/div>  \r\n\t\t\t\t<\/div>                       \r\n            <\/div>\r\n        <\/div>                  \r\n    \n\r\n        <div class=\"white-background  d-lg-none\">\r\n            <div class=\"container blog-image\">\r\n            \t<div class=\"row\">\r\n       \r\n                <div class=\"d-flex col-12 align-items-center justify-content-center\">\r\n                         \r\n                            <a id=\"\" target=\"_self\" title=\"\" href=\"\">\r\n                         \r\n                      <picture class=\"img-fluid\">\r\n                             <img decoding=\"async\" loading=\"lazy\"\r\n                              alt=\"Vorschau aus der App WISO Steuer zur Berechnung des Behindertenpauschbetrags\" \r\n                              title=\"\"\r\n                              src=\"https:\/\/www.buhl.de\/steuer\/wp-content\/uploads\/sites\/31\/2024\/10\/behindertenpauschbetrag-beantragen-steuer-app.png\" >\r\n                      <\/picture>     \r\n                      \t\r\n                        \t<\/a>\r\n                    \t                      \r\n\t\t\t\t\t<\/div>  \r\n\t\t\t\t<\/div>                       \r\n            <\/div>\r\n        <\/div>                  \r\n    \n\r\n        <div role=\"region\" aria-label=\"\" class=\"white-background\">\r\n            <div class=\"container\">\r\n                <div class=\"row\">\r\n                    <div class=\"col-12 d-flex justify-content-center align-items-center flex-column flex-lg-row\">\r\n                    \r\n\r\n                    \r\n                        <a class=\"secondary w-230 d-none d-md-flex justify-content-center align-items-center font-cairo-2 fw700 action-anonymous\"\r\n                            role=\"button\"\r\n                            href=\"https:\/\/www.buhl.de\/mein-buhlkonto\/?buhlparam=2100101\"\r\n                            title=\"Kostenlos testen\"\r\n                            target=\"_self\"\r\n                            id=\"\"\r\n                            onclick=\"dataLayer.push({'event': 'ButtonClick SW','sw-button': 'click-testen'});\">\r\n                            Kostenlos testen\r\n                        <\/a>\r\n\r\n                        <a class=\"secondary w-230 d-flex d-md-none justify-content-center align-items-center font-cairo-2 fw700 action-anonymous\"\r\n                            role=\"button\"\r\n                            href=\"https:\/\/www.buhl.de\/mein-buhlkonto\/?buhlparam=2100101\"\r\n                            title=\"Kostenlos testen\"\r\n                            target=\"_self\"\r\n                            id=\"-m\"\r\n                            onclick=\"dataLayer.push({'event': 'ButtonClick SW','sw-button': 'click-mobile-starten'});\">\r\n                            Kostenlos testen\r\n                        <\/a>\r\n                    \r\n                    <\/div>\r\n                <\/div>\r\n            <\/div>\r\n        <\/div>\r\n    \r\n        <div class=\"spacing-modul  \">\r\n            <div class=\"container spacing-modul\">\r\n               <div class=\"row\">\r\n                   <div id=\"\" class=\"anchor\"><\/div>\r\n                   <div class=\"col-12 modul-spacing-blog-c\"><\/div>\r\n                   <div class=\"col-12 modul-spacing-blog-c\"><\/div>\r\n               <\/div>\r\n            <\/div>\r\n        <\/div>\r\n    \n<p>Wenn du erstmals den Antrag beim Finanzamt stellst, solltest du den <strong>Nachweis \u00fcber deine Behinderung<\/strong> (zum Beispiel Bescheid des Versorgungsamts oder eine Kopie vom Schwerbehindertenausweis) mitschicken. Im Programm geht das auch elektronisch.<\/p>\n<p>In den Folgejahren ist das nicht mehr erforderlich. Nur wenn sich der GdB \u00e4ndert oder ein Merkzeichen hinzukommt. \u00c4ndert sich nichts, kannst du als Nutzer von WISO Steuer einfach die Vorjahresdaten \u00fcbernehmen. Schon ist alles automatisch erledigt.<\/p>\n<h3>Tats\u00e4chliche Kosten statt der Pauschale absetzen<\/h3>\n<p>Der Pauschbetrag soll deine wiederkehrenden Kosten rund um die Behinderung abdecken. Sind deine <strong>Ausgaben\u00a0deutlich h\u00f6her<\/strong>, kannst du auf die Pauschale verzichten und alle Rechnungen als allgemeine <a title=\"Was sind au\u00dfergew\u00f6hnliche Belastungen?\" href=\"https:\/\/www.buhl.de\/steuer\/ratgeber\/aussergewoehnliche-belastungen\/\">au\u00dfergew\u00f6hnliche Belastung<\/a> in deine Steuererkl\u00e4rung eintragen. Hier musst du deine Ausgaben nachweisen k\u00f6nnen und es wird eine zumutbare Belastung angerechnet. Das kann sich bei hohen angefallenen Kosten ausnahmsweise lohnen.<\/p>\n<p>Zwischen den beiden Optionen &#8211; Behindertenpauschbetrag oder tats\u00e4chliche Kosten &#8211; kannst du dich jedes Jahr neu entscheiden.<\/p>\n<h2>Weitere Steuervorteile bei einer Behinderung<\/h2>\n<p>Folgende Kosten kannst du unter bestimmten Voraussetzungen <strong>zus\u00e4tzlich zum Behindertenpauschbetrag<\/strong> in deiner Steuererkl\u00e4rung eintragen:<\/p>\n<h3>Entfernungspauschale oder Reisekosten f\u00fcr den Arbeitsweg<\/h3>\n<p>Bei einem GdB von mindestens <strong>70 oder 50 plus Merkzeichen \u201eG\u201c oder \u201eaG\u201c<\/strong> im Schwerbehindertenausweis k\u00f6nnen Menschen mit einer Behinderung h\u00f6here Kosten f\u00fcr das Pendeln zum Arbeitsplatz absetzen. F\u00fcr sie gilt ein Wahlrecht, das sie j\u00e4hrlich neu aus\u00fcben k\u00f6nnen.<\/p>\n<p>Statt der <a title=\"Entfernungspauschale: Berufliche Fahrtkosten\" href=\"https:\/\/www.buhl.de\/steuer\/ratgeber\/pendlerpauschale\/\">Entfernungspauschale<\/a> kannst du deine tats\u00e4chlichen Kosten nach Reisekostengrunds\u00e4tzen ansetzen. Wenn du dein eigenes Fahrzeug nutzt, kannst du deine Fahrtkosten ohne Nachweis pauschal mit <strong>0,30 Euro je gefahrenen Kilometer<\/strong> abrechnen. Du kannst dann sowohl den Hin- als auch den R\u00fcckweg f\u00fcr die Fahrten zur Arbeit absetzen.<\/p>\n<p>Willst du noch h\u00f6here Kosten absetzen, musst du deine tats\u00e4chlichen Aufwendungen ermitteln oder ben\u00f6tigst Nachweise wie zum Beispiel Zugtickets.<\/p>\n<h3>Pauschale f\u00fcr Privatfahrten<\/h3>\n<p>Unter bestimmten Voraussetzungen k\u00f6nnen Menschen mit Behinderung eine <strong>behinderungsbedingte Fahrtkostenpauschale<\/strong> bekommen. Diese gilt f\u00fcr Privatfahrten. Vorteil: Nachweise sind nicht erforderlich.<\/p>\n<p>Die Pauschale wirkt sich aber nur aus, wenn sie zusammen mit anderen allgemeinen au\u00dfergew\u00f6hnlichen Belastungen die zumutbare Belastung \u00fcbersteigt. Wenn aber aufgrund einer anderen Krankheit Fahrtkosten zum Arzt oder einer Klinik erforderlich sind, sind diese zus\u00e4tzlich absetzbar.<\/p>\n<p>Die behinderungsbedingte Fahrtkostenpauschale betr\u00e4gt <strong>900 Euro pro Jahr<\/strong>, wenn du<\/p>\n<ul class=\"sw-blog-icon sw-blog-icon-1\">\n<li>einen GdB von mindestens 80 oder<\/li>\n<li>als Gehbehinderter (Merkzeichen \u201eG\u201c) einen GdB von 70 hast<\/li>\n<\/ul>\n<p>Das entspricht Fahrten von 3.000 Kilometern. Keine Rolle spielt, mit welchem Fahrzeug du die Privatfahrten machst.<\/p>\n<p>Eine Fahrtkostenpauschale von sogar <strong>4.500 Euro pro Jahr<\/strong> bekommst du:<\/p>\n<ul class=\"sw-blog-icon sw-blog-icon-1\">\n<li>mit dem Merkzeichen \u201eaG, \u201eBl\u201c, \u201eTBl\u201c oder \u201eH\u201c<\/li>\n<li>mit dem Pflegegrad 4 oder 5<\/li>\n<\/ul>\n<p>Der Jahresbetrag wird nicht zeitanteilig gek\u00fcrzt. Es muss keine Kilometerleistung nachgewiesen werden.<\/p>\n<p>Die zus\u00e4tzliche Fahrtkostenpauschale beantragt WISO Steuer automatisch f\u00fcr dich \u00fcber deine Angaben zum Grad der Behinderung. Diese tr\u00e4gst du unter <em>Pers\u00f6nliches<\/em> ein. In den Steuerformularen findest du die Fahrtkostenpauschale in der <strong>Anlage Au\u00dfergew\u00f6hnliche Belastungen<\/strong>.<\/p>\n<p>Bei einem GdB unter 50 gibt es keine Fahrtkostenpauschale. In dem Fall musst du die mit deiner Behinderung zusammenh\u00e4ngenden Fahrten dem Finanzamt nachweisen k\u00f6nnen.<\/p>\n<h3>Umr\u00fcstung eines Autos<\/h3>\n<p>Wenn du dein Auto <strong>behindertengerecht umr\u00fcsten<\/strong> l\u00e4sst, kannst du die Aufwendungen daf\u00fcr zus\u00e4tzlich bei den allgemeinen au\u00dfergew\u00f6hnlichen Belastungen ansetzen. Du kannst sie <strong>im Jahr der Zahlung komplett absetzen<\/strong>. Allerdings gilt auch hier die zumutbare Eigenbelastung.<\/p>\n<h3>Behindertengerechter Umbau<\/h3>\n<p>War es f\u00fcr dich unvermeidbar, die eigenen 4 W\u00e4nde <strong>barrierefrei umzubauen<\/strong>, kannst du die Kosten in der Steuererkl\u00e4rung angeben. Diese Kosten k\u00f6nnen dir einen Steuervorteil bringen:<\/p>\n<ul class=\"sw-blog-icon sw-blog-icon-1\">\n<li>Barrierefreie Umbauma\u00dfnahmen in der Wohnung<\/li>\n<li>Einbau eines Treppenlifts<\/li>\n<li>Einbau eines Aufzugs<\/li>\n<li>Bau einer Rollstuhlrampe<\/li>\n<li>Umbau des Badezimmers usw.<\/li>\n<\/ul>\n<p>Die Umbaukosten kannst du nur <strong>im Jahr der Zahlung absetzen<\/strong>. Eine Verteilung auf mehrere Jahre l\u00e4sst weder das Finanzamt noch der Bundesfinanzhof zu. Deshalb kann der Steuervorteil in manchen F\u00e4llen zum gro\u00dfen Teil ins Leere laufen. Und zwar dann, wenn die au\u00dfergew\u00f6hnlichen Belastungen h\u00f6her sind als dein Einkommen, von dem sie abgezogen werden sollen.<\/p>\n<p>Bekommst du einen Zuschuss (zum Beispiel von der Pflegekasse) f\u00fcr den behindertengerechten Umbau, musst du diesen von den Kosten abziehen.<\/p>\n<p>Gute Chancen f\u00fcr eine steuerliche Ber\u00fccksichtigung hast du, wenn du als Nachweis eine Empfehlung f\u00fcr einen behindertengerechten Umbau vorlegen kannst. Das k\u00f6nnte ein Gutachten des Medizinischen Dienstes der Krankenversicherung (MDK), des Sozialmedizinischen Dienstes oder der Medicproof Gesellschaft f\u00fcr Medizinische Gutachten mbH sein.<\/p>\n<p>Wenn du darauf verzichtest die Kosten bei den au\u00dfergew\u00f6hnlichen Belastungen anzugeben, kannst du stattdessen die Steuererm\u00e4\u00dfigung f\u00fcr <a title=\"Handwerkerleistungen: Bis zu 1.200 \u20ac zur\u00fcck\" href=\"https:\/\/www.buhl.de\/steuer\/ratgeber\/handwerkerleistung-steuer-absetzen\">Handwerkerleistungen<\/a> beantragen. 20 Prozent der Arbeitskosten, die in der Rechnung ausgewiesen sind, kannst du als Steuererstattung bekommen.<\/p>\n<h3>Krankheitskosten, Heilkuren &amp; Co.<\/h3>\n<p>Au\u00dferordentliche Krankheitskosten, die <strong>durch einen akuten Anlass verursacht<\/strong> werden, darfst du zus\u00e4tzlich zum Behindertenfreibetrag absetzen. Dazu geh\u00f6ren beispielsweise:<\/p>\n<ul class=\"sw-blog-icon sw-blog-icon-1\">\n<li>Kosten einer Operation<\/li>\n<li>Zuzahlungen zum Krankenhausaufenthalt<\/li>\n<li>Behandlungskosten<\/li>\n<li>Arztkosten<\/li>\n<li>Kosten f\u00fcr Medikamente und Hilfsmittel<\/li>\n<li>Ausgaben f\u00fcr eine Heilkur<\/li>\n<\/ul>\n<p>Vor Antritt der Kur ben\u00f6tigst du ein amts\u00e4rztliches Attest, dass die Heilkur notwendig ist. Alternativ kann das der MDK bescheinigen.<\/p>\n<p>Musst du wegen deiner Behinderung in ein <strong>Pflegeheim umziehen<\/strong>, musst du dich entscheiden: Entweder du nutzt den Behindertenpauschbetrag oder du setzt deine tats\u00e4chlichen <a title=\"Heimkosten absetzen\" href=\"https:\/\/www.buhl.de\/steuer\/ratgeber\/heimkosten-absetzen\/\">Heimkosten<\/a> als allgemeine au\u00dfergew\u00f6hnliche Belastungen ab. Beides zusammen geht nicht. Bei den tats\u00e4chlichen Heimkosten zieht das Finanzamt nicht nur die zumutbare Belastung, sondern auch eine Haushaltsersparnis ab.<\/p>\n<p>WISO Steuer hilft dir dabei, das beste Ergebnis aus deiner Steuererkl\u00e4rung herauszuholen. Es vergleicht automatisch deine tats\u00e4chlichen Kosten auf Grund der Behinderung mit dem m\u00f6glichen Behindertenfreibetrag. Der f\u00fcr dich h\u00f6here Betrag wird dann automatisch bei der Steuererkl\u00e4rung angesetzt.<\/p>\n<h3>Technische Hilfsmittel wie Blindencomputer<\/h3>\n<p>Blinden steht ein auf 7.400 Euro erh\u00f6hter Behindertenpauschbetrag zu. Kaufen sie einen Blindencomputer mit Vorlesefunktion, sind die Kosten zus\u00e4tzlich absetzbar. <strong>Einmalige Kosten<\/strong> werden von der Pauschale nicht mitabgedeckt.<\/p>\n<h3>Reisebegleitung<\/h3>\n<p>Wer als Behinderten auf einer Urlaubsreise auf eine fremde Begleitperson angewiesen ist und dadurch Mehrkosten hat, kann diese gegebenenfalls als au\u00dfergew\u00f6hnliche Belastungen absetzen. Das funktioniert aber <strong>nicht f\u00fcr den Ehe- oder Lebenspartner als Begleitperson<\/strong>.<\/p>\n<p>Der Bundesfinanzhof hat in einem Fall entschieden, dass f\u00fcr die Reisebegleitung Unterkunfts-, Verpflegungs- und Fahrtkosten <strong>bis zu 767 Euro im Jahr<\/strong> steuerlich anzuerkennen sind (Urteil vom 4. Juli 2002, III R 58\/98). Die Notwendigkeit einer st\u00e4ndigen Begleitung muss durch ein amts\u00e4rztliches Gutachten, durch den MDK oder den Schwerbehindertenausweis nachgewiesen werden. Dann k\u00f6nnen die Aufwendungen neben der Pauschale angesetzt werden.<\/p>\n<h2>Behindertenpauschbetrag auf die Eltern \u00fcbertragen<\/h2>\n<p><strong>Kinder mit Behinderungen<\/strong> haben ebenfalls Anspruch auf die Behindertenpauschale. Die H\u00f6he und die Voraussetzungen sind dabei genauso wie bei Erwachsenen.<\/p>\n<p>Da sie aber in der Regel kein eigenes Einkommen haben, w\u00fcrde der Steuervorteil der Pauschale verpuffen. Deshalb kannst du ihn <strong>auf dich \u00fcbertragen lassen<\/strong>. Zumindest dann, wenn du noch Anspruch auf Kindergeld oder die steuerlichen <a title=\"Bis zu 4.656 \u20ac mit dem Kinderfreibetrag\" href=\"https:\/\/www.buhl.de\/steuer\/ratgeber\/kinderfreibetrag\/\">Kinderfreibetr\u00e4ge<\/a> hast. Geben du und der andere Elternteil jeweils eine eigene Steuererkl\u00e4rung ab, kann jeder 50 Prozent des Behindertenpauschbetrags f\u00fcr sein Kind nutzen.<\/p>\n<p>Gleiches <strong>gilt auch f\u00fcr die Fahrtkostenpauschale f\u00fcr Privatfahrten<\/strong> in H\u00f6he von 900 beziehungsweise 4.500 Euro. Die \u00dcbertragung der Pauschbetr\u00e4ge von deinem Kind beantragst du in WISO Steuer unter: <em>Pers\u00f6nliches &gt; Kinder &gt; Behinderungen und Hinterbliebenenbez\u00fcge<\/em>. Das musst du in jedem Steuerjahr neu beantragen.<\/p>\n<p>Wichtig: Gibt dein vollj\u00e4hriges Kind eine eigene Erkl\u00e4rung ab und beantragt darin die Pauschale, kannst du sie nicht gleichzeitig erhalten.<\/p>\n<h3>Zus\u00e4tzlich den Pflegepauschbetrag bekommen<\/h3>\n<p>Pflegst du dein behindertes Kind oder den Partner zu Hause, ist au\u00dferdem noch der <a title=\"Pflegekosten absetzen &amp; Pflegepauschbetrag bekommen\" href=\"https:\/\/www.buhl.de\/steuer\/ratgeber\/pflegekosten-pflege-pauschbetrag\/\">Pflegepauschbetrag<\/a> drin. Diese Pauschale ist daf\u00fcr gedacht, dass du andere Angeh\u00f6rige oder Personen mit einem Pflegegrad <strong>unentgeltlich pflegst<\/strong>. Du musst hierf\u00fcr keine Kosten nachweisen.<\/p>\n<p>Je nach amtlich festgestelltem Pflegegrad gibt es <strong>zwischen 600 Euro<\/strong> (Pflegegrad 2) <strong>und 1.800 Euro<\/strong> (ab Pflegegrad 4) oben drauf. Sogar dann, wenn du f\u00fcr dein Kind Geld von der Pflegeversicherung bekommst.<\/p>\n<h3>Diese Kosten kannst du von der Steuer absetzen<\/h3>\n<p>Au\u00dfer den beschriebenen M\u00f6glichkeiten bei den au\u00dfergew\u00f6hnlichen Belastungen gibt es noch weitere M\u00f6glichkeiten, Aufwendungen rund um die Pflege in der Steuererkl\u00e4rung einzutragen.<\/p>\n<p>L\u00e4sst du dich zum Beispiel von <strong>ambulanten Pflegern<\/strong> bei der h\u00e4uslichen Pflege eines Angeh\u00f6rigen unterst\u00fctzen, kannst du die Kosten als <a title=\"Mit haushaltsnahen Dienstleistungen bis zu 4.000 \u20ac zur\u00fcckbekommen\" href=\"https:\/\/www.buhl.de\/steuer\/ratgeber\/haushaltsnahe-dienstleistungen\/\">haushaltsnahe Dienstleistung<\/a> absetzen. In dieser Kategorie kannst du in jedem Jahr Arbeitskosten bis zu 20.000 Euro ber\u00fccksichtigen lassen und dadurch eine Steuererm\u00e4\u00dfigung <strong>bis zu 4.000 Euro<\/strong> bekommen.<\/p>\n<p>F\u00fcr <strong>Kinder unter 14 Jahren<\/strong> kannst du <a title=\"Kinderbetreuungskosten absetzen\" href=\"https:\/\/www.buhl.de\/steuer\/ratgeber\/kinderbetreuung-kosten-absetzen\/\">Kinderbetreuungskosten<\/a> ansetzen. Das Finanzamt erkennt zwei Drittel der Kosten an, sodass pro Kind und Jahr <strong>bis zu 4.000 Euro<\/strong> absetzbar sind. Hierbei z\u00e4hlen unter anderem die Geb\u00fchren f\u00fcr den Kindergarten oder die Tagesmutter.<\/p>\n<h3>Kindergeld trotz Behindertenpauschbetrag<\/h3>\n<p>Neben dem Behindertenpauschbetrag erh\u00e4ltst du zus\u00e4tzlich auch Kindergeld beziehungsweise die Kinderfreibetr\u00e4ge f\u00fcr dein Kind. Die H\u00f6he und die Voraussetzungen \u00e4ndern sich grunds\u00e4tzlich nicht durch die Behinderung.<\/p>\n<p>Einen entscheidenden Unterschied gibt es aber: In bestimmten F\u00e4llen erh\u00e4ltst du das Kindergeld zeitlich unbefristet weiter \u2013 also auch noch nach dem 25. Geburtstag deines Kindes. Und zwar, wenn diese beiden Punkte zutreffen:<\/p>\n<ul class=\"sw-blog-icon sw-blog-icon-1\">\n<li>Die Behinderung ist bei deinem Kind noch vor dem 25. Geburtstag aufgetreten.<\/li>\n<li>Dein Kind ist wegen der Behinderung nicht imstande, seinen eigenen Lebensunterhalt zu bestreiten.<\/li>\n<\/ul>\n<h2>FAQ: Steuererkl\u00e4rung f\u00fcr Menschen mit Behinderung<\/h2>\n\r\n        <div class=\"white-background\">\r\n            <div class=\"container faq-module blog-download buhl-ap\">\r\n                <div class=\"row\">\r\n                <div class=\"col-12 p-lg-0\">\r\n                \r\n                    <div class=\"accordion accordionFaq\" id=\"accordionFaq\">\n<div class=\"card\">\n<div class=\"d-flex card-header border-0 collapsed\" id=\"heading1\" data-toggle=\"collapse\" data-target=\"#collapse1\"\r\n                    aria-expanded=\"false\" aria-controls=\"collapse1\">                                            \r\n                    <h3 class=\"font-source-sans-pro-1 blue-font no-margin\">Wie hoch ist der Behindertenpauschbetrag?<\/h3>\r\n                <\/div>\r\n\n\r\n        <div id=\"collapse1\" class=\"collapse\" aria-labelledby=\"heading1\" data-parent=\"#accordionFaq\">\r\n            <div class=\"card-body\">\r\n                Ab einem Grad der Behinderung (GdB) gibt es einen Behindertenfreibetrag. Dieser betr\u00e4gt zwischen 384 Euro und 7.400 Euro. Dabei gilt: Je h\u00f6her der GdB, desto h\u00f6her die Pauschale.                \r\n            <\/div>\r\n        <\/div>\r\n\n<\/div>\n<div class=\"card\">\n<div class=\"d-flex card-header border-0 collapsed\" id=\"heading2\" data-toggle=\"collapse\" data-target=\"#collapse2\"\r\n                    aria-expanded=\"false\" aria-controls=\"collapse2\">                                            \r\n                    <h3 class=\"font-source-sans-pro-1 blue-font no-margin\">Wie bekomme ich den Behindertenpauschbetrag?<\/h3>\r\n                <\/div>\r\n\n\r\n        <div id=\"collapse2\" class=\"collapse\" aria-labelledby=\"heading2\" data-parent=\"#accordionFaq\">\r\n            <div class=\"card-body\">\r\n                Die Pauschale musst du jedes Jahr mit deiner Steuererkl\u00e4rung beantragen. Mit WISO Steuer geht das ganz einfach: Du tr\u00e4gst unter <em>Pers\u00f6nliches<\/em> den Grad deiner Behinderung ein \u2013 den Rest \u00fcbernimmt das Programm.                \r\n            <\/div>\r\n        <\/div>\r\n\n<\/div>\n<div class=\"card\">\n<div class=\"d-flex card-header border-0 collapsed\" id=\"heading3\" data-toggle=\"collapse\" data-target=\"#collapse3\"\r\n                    aria-expanded=\"false\" aria-controls=\"collapse3\">                                            \r\n                    <h3 class=\"font-source-sans-pro-1 blue-font no-margin\">K\u00f6nnen beide Ehepartner einen Behindertenpauschbetrag bekommen?<\/h3>\r\n                <\/div>\r\n\n\r\n        <div id=\"collapse3\" class=\"collapse\" aria-labelledby=\"heading3\" data-parent=\"#accordionFaq\">\r\n            <div class=\"card-body\">\r\n                Bei einer gemeinsamen Steuererkl\u00e4rung kann jeder Ehepartner seinen eigenen Pauschbetrag ansetzen. Haben also beide einen Grad der Behinderung, werden beide Betr\u00e4ge ber\u00fccksichtigt.                \r\n            <\/div>\r\n        <\/div>\r\n\n<\/div>\n<div class=\"card\">\n<div class=\"d-flex card-header border-0 collapsed\" id=\"heading4\" data-toggle=\"collapse\" data-target=\"#collapse4\"\r\n                    aria-expanded=\"false\" aria-controls=\"collapse4\">                                            \r\n                    <h3 class=\"font-source-sans-pro-1 blue-font no-margin\">Wie wirkt sich der Behindertenpauschbetrag auf die Steuer aus?<\/h3>\r\n                <\/div>\r\n\n\r\n        <div id=\"collapse4\" class=\"collapse\" aria-labelledby=\"heading4\" data-parent=\"#accordionFaq\">\r\n            <div class=\"card-body\">\r\n                Der Pauschbetrag z\u00e4hlt zu den besonderen au\u00dfergew\u00f6hnlichen Belastungen. Ohne dass eine zumutbare Belastung angerechnet wird, mindert die Pauschale dein zu versteuerndes Einkommen. Dadurch musst du weniger Steuern zahlen.                 \r\n            <\/div>\r\n        <\/div>\r\n\n<\/div>\n<div class=\"card\">\n<div class=\"d-flex card-header border-0 collapsed\" id=\"heading5\" data-toggle=\"collapse\" data-target=\"#collapse5\"\r\n                    aria-expanded=\"false\" aria-controls=\"collapse5\">                                            \r\n                    <h3 class=\"font-source-sans-pro-1 blue-font no-margin\">Wer hat Anspruch auf die Pauschale?<\/h3>\r\n                <\/div>\r\n\n\r\n        <div id=\"collapse5\" class=\"collapse\" aria-labelledby=\"heading5\" data-parent=\"#accordionFaq\">\r\n            <div class=\"card-body\">\r\n                Behinderte ab einem Grad der Behinderung (GdB) von 20 haben Anspruch auf den Behindertenpauschbetrag. Den GdB stellt nach einem Antrag das zust\u00e4ndige Versorgungsamt mit einem \u00e4rztlichen Gutachten fest. Die Pauschale musst du dann jedes Jahr aufs Neue mit der Steuererkl\u00e4rung beantragen.                \r\n            <\/div>\r\n        <\/div>\r\n\n<\/div>\n<div class=\"card\">\n<div class=\"d-flex card-header border-0 collapsed\" id=\"heading6\" data-toggle=\"collapse\" data-target=\"#collapse6\"\r\n                    aria-expanded=\"false\" aria-controls=\"collapse6\">                                            \r\n                    <h3 class=\"font-source-sans-pro-1 blue-font no-margin\">Bekommen auch Rentner den Behindertenpauschbetrag?<\/h3>\r\n                <\/div>\r\n\n\r\n        <div id=\"collapse6\" class=\"collapse\" aria-labelledby=\"heading6\" data-parent=\"#accordionFaq\">\r\n            <div class=\"card-body\">\r\n                Auch ein Rentner bekommt den Pauschbetrag, wenn eine entsprechende Einstufung durch einen Behindertenausweis vorliegt.                \r\n            <\/div>\r\n        <\/div>\r\n\n<\/div>\n<div class=\"card\">\n<div class=\"d-flex card-header border-0 collapsed\" id=\"heading7\" data-toggle=\"collapse\" data-target=\"#collapse7\"\r\n                    aria-expanded=\"false\" aria-controls=\"collapse7\">                                            \r\n                    <h3 class=\"font-source-sans-pro-1 blue-font no-margin\">Kann der Pauschbetrag auf Eltern \u00fcbertragen werden, die sich um ein behindertes Kind k\u00fcmmern?<\/h3>\r\n                <\/div>\r\n\n\r\n        <div id=\"collapse7\" class=\"collapse\" aria-labelledby=\"heading7\" data-parent=\"#accordionFaq\">\r\n            <div class=\"card-body\">\r\n                Ja, Eltern k\u00f6nnen in ihrer Steuererkl\u00e4rung den Behindertenpauschbetrag f\u00fcr ihr Kind auf sich selbst \u00fcbertragen lassen. Dazu m\u00fcssen sie in der Anlage Kind einen entsprechenden Antrag stellen. Das geht zum Beispiel mit WISO Steuer.                \r\n            <\/div>\r\n        <\/div>\r\n\n<\/div>\n<div class=\"card\">\n<div class=\"d-flex card-header border-0 collapsed\" id=\"heading8\" data-toggle=\"collapse\" data-target=\"#collapse8\"\r\n                    aria-expanded=\"false\" aria-controls=\"collapse8\">                                            \r\n                    <h3 class=\"font-source-sans-pro-1 blue-font no-margin\">Kann ich auf die Pauschale verzichten und stattdessen meine tats\u00e4chlichen Kosten absetzen?<\/h3>\r\n                <\/div>\r\n\n\r\n        <div id=\"collapse8\" class=\"collapse\" aria-labelledby=\"heading8\" data-parent=\"#accordionFaq\">\r\n            <div class=\"card-body\">\r\n                Ja. Jedes Jahr kannst du neu entscheiden: Behindertenpauschbetrag oder tats\u00e4chliche Kosten. Allerdings rechnet das Finanzamt bei den tats\u00e4chlichen Kosten deine individuelle zumutbare Belastung an. Nur die Kosten, die diesen Grenzbetrag \u00fcberschreiten, kannst du als au\u00dfergew\u00f6hnliche Belastungen absetzen.                \r\n            <\/div>\r\n        <\/div>\r\n\n<\/div>\n<div class=\"card\">\n<div class=\"d-flex card-header border-0 collapsed\" id=\"heading9\" data-toggle=\"collapse\" data-target=\"#collapse9\"\r\n                    aria-expanded=\"false\" aria-controls=\"collapse9\">                                            \r\n                    <h3 class=\"font-source-sans-pro-1 blue-font no-margin\">Was kann man als Behinderter steuerlich absetzen?<\/h3>\r\n                <\/div>\r\n\n\r\n        <div id=\"collapse9\" class=\"collapse\" aria-labelledby=\"heading9\" data-parent=\"#accordionFaq\">\r\n            <div class=\"card-body\">\r\n                Nutzt du den Behindertenpauschbetrag, sind die typischen Kosten der Behinderung damit abgedeckt. Zus\u00e4tzlich kannst du einmalige und unregelm\u00e4\u00dfige Kosten, die aufgrund der Behinderung anfallen, ansetzen (beispielsweise Fahrtkostenpauschale f\u00fcr Privatfahrten, au\u00dferordentliche Krankheitskosten und behinderungsbedingte Umbaukosten der Wohnung).                \r\n            <\/div>\r\n        <\/div>\r\n\n<\/div>\n<div class=\"card\">\n<div class=\"d-flex card-header border-0 collapsed\" id=\"heading10\" data-toggle=\"collapse\" data-target=\"#collapse10\"\r\n                    aria-expanded=\"false\" aria-controls=\"collapse10\">                                            \r\n                    <h3 class=\"font-source-sans-pro-1 blue-font no-margin\">Wann muss ich dem Finanzamt meinen Behindertenausweis vorlegen?<\/h3>\r\n                <\/div>\r\n\n\r\n        <div id=\"collapse10\" class=\"collapse\" aria-labelledby=\"heading10\" data-parent=\"#accordionFaq\">\r\n            <div class=\"card-body\">\r\n                Nur wenn du erstmals einen Behindertenpauschbetrag beantragst, verlangt das Finanzamt einen Nachweis. Das kann der Bescheid des Versorgungsamts oder ein Schwerbehindertenausweis (ab einem GdB von 50) sein.                \r\n            <\/div>\r\n        <\/div>\r\n\n<\/div>\n<div class=\"card\">\n<div class=\"d-flex card-header border-0 collapsed\" id=\"heading11\" data-toggle=\"collapse\" data-target=\"#collapse11\"\r\n                    aria-expanded=\"false\" aria-controls=\"collapse11\">                                            \r\n                    <h3 class=\"font-source-sans-pro-1 blue-font no-margin\">Ab wann gelten die h\u00f6heren Behindertenpauschbetr\u00e4ge?<\/h3>\r\n                <\/div>\r\n\n\r\n        <div id=\"collapse11\" class=\"collapse\" aria-labelledby=\"heading11\" data-parent=\"#accordionFaq\">\r\n            <div class=\"card-body\">\r\n                Seit 2021 profitierst du von h\u00f6heren Pauschbetr\u00e4gen. Sie sind doppelt so hoch wie in den Vorjahren.                \r\n            <\/div>\r\n        <\/div>\r\n\n<\/div>\n<div class=\"card\">\n<div class=\"d-flex card-header border-0 collapsed\" id=\"heading12\" data-toggle=\"collapse\" data-target=\"#collapse12\"\r\n                    aria-expanded=\"false\" aria-controls=\"collapse12\">                                            \r\n                    <h3 class=\"font-source-sans-pro-1 blue-font no-margin\">Kann ich den Behindertenfreibetrag auch nachtr\u00e4glich bekommen?<\/h3>\r\n                <\/div>\r\n\n\r\n        <div id=\"collapse12\" class=\"collapse\" aria-labelledby=\"heading12\" data-parent=\"#accordionFaq\">\r\n            <div class=\"card-body\">\r\n                Ja, das ist m\u00f6glich. Oft dauert die Bearbeitung und Bescheinigung von deinem Grad der Behinderung l\u00e4nger. Sobald dir der Ausweis oder ein anderer Nachweis vorliegt, solltest du ihn beim Finanzamt einreichen. Denn ab dem Jahr des Ausstellungsdatums steht dir der Behindertenpauschbetrag zu. Das Finanzamt \u00e4ndert dann sogar alte Steuerbescheide zu deinem Vorteil.                \r\n            <\/div>\r\n        <\/div>\r\n\n<\/div>\n<\/div>\r\n                 <\/div>\r\n              <\/div>\r\n            <\/div>\r\n        <\/div>\r\n        <div class=\"spacing-modul  \">\r\n            <div class=\"container spacing-modul\">\r\n               <div class=\"row\">\r\n                   <div id=\"\" class=\"anchor\"><\/div>\r\n                   <div class=\"col-12 modul-spacing-default-b\"><\/div>\r\n                   <div class=\"col-12 modul-spacing-default-b\"><\/div>\r\n               <\/div>\r\n            <\/div>\r\n        <\/div>\r\n    \n\r\n        <div class=\"white-background\">\r\n            <div class=\"full-width-text\">\r\n                <div class=\"inner-spacing blog-ad1-wrapper silver-background\">\r\n                    <div class=\"container blog-ad1\">\r\n                        <div class=\"row\">\r\n                        \r\n                            \r\n                            <div class=\"col-12\">\r\n                                \r\n                                    <div class=\"d-flex headline-spacing-30 justify-content-center\">\r\n                                        \r\n                                            <img decoding=\"async\" loading=\"lazy\" height=\"auto\" style=\"max-width:100%;\" alt=\"WISO&nbsp;Steuer\" title=\"WISO&nbsp;Steuer\" \r\n                                                class=\"d-none d-md-block \" src=\"https:\/\/www.buhl.de\/steuer\/wp-content\/themes\/steuer-web\/buhl-steuer\/assets\/full-width-text\/ad1\/logo-wiso-steuer.svg\" \/>\r\n                                        \r\n                                        \r\n                                                \r\n                                        \r\n                                            <img decoding=\"async\" loading=\"lazy\" alt=\"WISO&nbsp;Steuer\" title=\"WISO&nbsp;Steuer\" \r\n                                                class=\"mx-auto d-md-none mobile \" src=\"https:\/\/www.buhl.de\/steuer\/wp-content\/themes\/steuer-web\/buhl-steuer\/assets\/full-width-text\/ad1\/logo-wiso-steuer.svg\" \/>\r\n                                        \r\n                                    <\/div>\r\n                                \r\n                            \r\n                                \r\n                                    <p class=\"font-cairo-10 fw700 blue-font headline-spacing-30 text-center justify-content-center\">Hol dir dein Geld zur\u00fcck<\/p>\r\n                                \r\n                    \r\n                                <div class=\"font-source-sans-pro-1 mt-30 mb-30 blue-font subline-width text-center 1\">Lass deine Steuererkl\u00e4rung automatisch ausf\u00fcllen, gib sie digital ab und hol dir im Schnitt 1.674 \u20ac R\u00fcckerstattung vom Finanzamt.<br\/>Ganz einfach mit WISO&nbsp;Steuer.<\/div>\r\n                                \r\n                                \r\n\r\n                                <div class=\"d-flex flex-column flex-md-row align-items-center align-items-md-start justify-content-center\">\r\n                                    \r\n                                    <a class=\"font-cairo-2 fw700 intro-button primary w-230 d-none d-md-flex mr-md-25 justify-content-center align-items-center\"\r\n                                       role=\"button\"\r\n                                       href=\"https:\/\/www.buhl.de\/shop\/wisosteuer\/auswahl?2025=agv&wkz=STWEBMARKETINGSEITE&src=WEB\"\r\n                                       target=\"_self\"\r\n                                       title=\"WISO&nbsp;Steuer Lizenz kaufen\"\r\n                                       id=\"ad-1-testencta\"\r\n                                       onclick=\"dataLayer.push({'event': 'ButtonClick SW','sw-button': 'click-preise'});\">\r\n                                       Jetzt kaufen\r\n                                    <\/a>\r\n                                    \r\n                                    \r\n                                    \r\n                                    <a class=\"d-flex justify-content-center align-items-center d-md-none font-cairo-2 fw700 intro-button primary w-230\"\r\n                                       role=\"button\"\r\n                                       href=\"https:\/\/www.buhl.de\/shop\/wisosteuer\/auswahl?2025=agv&wkz=STWEBMARKETINGSEITE&src=WEB\"\r\n                                       target=\"_self\"\r\n                                       title=\"WISO&nbsp;Steuer Lizenz kaufen\"\r\n                                       id=\"adpapierkramkauf\"\r\n                                       onclick=\"dataLayer.push({'event': 'ButtonClick SW','sw-button': 'click-preise'});\">\r\n                                       Jetzt kaufen\r\n                                    <\/a>\r\n                                    \r\n                                    \r\n                                    \r\n                                    <a class=\"font-cairo-2 fw700 intro-button secondary w-230 d-none d-md-flex  justify-content-center align-items-center\"\r\n                                       role=\"button\"\r\n                                       href=\"https:\/\/www.buhl.de\/mein-buhlkonto\/?buhlparam=2100101\"\r\n                                       target=\"_self\"\r\n                                       title=\"Hier unverbindlich ausprobieren\"\r\n                                       id=\"ad1-testen\"\r\n                                       onclick=\"dataLayer.push({'event': 'ButtonClick SW','sw-button': 'click-testen'});\">\r\n                                       Kostenlos testen\r\n                                    <\/a>\r\n                                    \r\n                                    \r\n                                    \r\n                                    <a class=\"font-cairo-2 fw700 intro-button secondary w-230 d-flex d-md-none justify-content-center align-items-center mt-30\"\r\n                                       role=\"button\"\r\n                                       href=\"https:\/\/www.buhl.de\/mein-buhlkonto\/?buhlparam=2100101\"\r\n                                       target=\"_self\"\r\n                                       title=\"Hier unverbindlich ausprobieren\"\r\n                                       id=\"ad1-testen\"\r\n                                       onclick=\"dataLayer.push({'event': 'ButtonClick SW','sw-button': 'click-mobile-starten'});\">\r\n                                       Kostenlos testen\r\n                                    <\/a>\r\n                                    \r\n                                <\/div>\r\n                                \r\n                                \r\n                            <\/div>\r\n                        <\/div>\r\n                    <\/div>\r\n                <\/div>\r\n            <\/div>\r\n        <\/div>\r\n    \r\n        <div class=\"spacing-modul  \">\r\n            <div class=\"container spacing-modul\">\r\n               <div class=\"row\">\r\n                   <div id=\"\" class=\"anchor\"><\/div>\r\n                   <div class=\"col-12 modul-spacing-blog-c\"><\/div>\r\n                   <div class=\"col-12 modul-spacing-blog-c\"><\/div>\r\n               <\/div>\r\n            <\/div>\r\n        <\/div>\r\n    \n<p>Quelle:<a title=\"Gesetzestext lesen\" href=\"https:\/\/www.gesetze-im-internet.de\/estg\/__33b.html\" target=\"_blank\" rel=\"noopener\"> \u00a7 33b EStG<\/a> (Einkommensteuergesetz)<\/p>\n","protected":false},"excerpt":{"rendered":"<p>Menschen mit Behinderung m\u00fcssen im Alltag h\u00f6here Kosten schultern und k\u00f6nnen daher in ihrer Steuererkl\u00e4rung einen Freibetrag beantragen: den Behindertenpauschbetrag. Damit m\u00fcssen sie weniger Steuern zahlen. Unter bestimmten Voraussetzungen k\u00f6nnen sie auch noch weitere Kosten absetzen und zus\u00e4tzliche Pauschalen f\u00fcr Fahrtkosten erhalten.<\/p>\n","protected":false},"author":220,"featured_media":47557,"comment_status":"open","ping_status":"open","sticky":false,"template":"","format":"standard","meta":{"_acf_changed":false,"footnotes":""},"categories":[2841,2815,2812,2809],"tags":[],"class_list":["post-47121","post","type-post","status-publish","format-standard","has-post-thumbnail","hentry","category-alle","category-familie","category-gesund","category-rente"],"yoast_head":"<!-- This site is optimized with the Yoast SEO Premium plugin v27.0 (Yoast SEO v27.0) - https:\/\/yoast.com\/product\/yoast-seo-premium-wordpress\/ -->\n<title>Behindertenpauschbetrag: Bis zu 7.400 \u20ac bekommen<\/title>\n<meta name=\"description\" content=\"Mehr Geld mit dem Behindertenpauschbetrag bekommen \ud83c\udfcb\ufe0f\u200d\u2642\ufe0f Was kann ich bei Behinderung zus\u00e4tzlich von der Steuer absetzen? \u27a1\ufe0f Jetzt lesen.\" \/>\n<meta name=\"robots\" content=\"index, follow, max-snippet:-1, max-image-preview:large, max-video-preview:-1\" \/>\n<link rel=\"canonical\" href=\"https:\/\/www.buhl.de\/steuer\/ratgeber\/behindertenpauschbetrag\/\" \/>\n<meta property=\"og:locale\" content=\"de_DE\" \/>\n<meta property=\"og:type\" content=\"article\" \/>\n<meta property=\"og:title\" content=\"Behindertenpauschbetrag: So gibt&#039;s bis zu 7.400 Euro\" \/>\n<meta property=\"og:description\" content=\"Mehr Geld mit dem Behindertenpauschbetrag bekommen \ud83c\udfcb\ufe0f\u200d\u2642\ufe0f Was kann ich bei Behinderung zus\u00e4tzlich von der Steuer absetzen? \u27a1\ufe0f Jetzt lesen.\" \/>\n<meta property=\"og:url\" content=\"https:\/\/www.buhl.de\/steuer\/ratgeber\/behindertenpauschbetrag\/\" \/>\n<meta property=\"og:site_name\" content=\"WISO Steuer: Nr.1 App f\u00fcr die Steuererkl\u00e4rung\" \/>\n<meta property=\"article:published_time\" content=\"2024-06-04T13:46:09+00:00\" \/>\n<meta property=\"article:modified_time\" content=\"2025-12-09T09:52:20+00:00\" \/>\n<meta property=\"og:image\" content=\"https:\/\/www.buhl.de\/steuer\/wp-content\/uploads\/sites\/31\/2022\/01\/behinderten-pauschbetrag-frau-title.jpg\" \/>\n\t<meta property=\"og:image:width\" content=\"976\" \/>\n\t<meta property=\"og:image:height\" content=\"400\" \/>\n\t<meta property=\"og:image:type\" content=\"image\/jpeg\" \/>\n<meta name=\"author\" content=\"Udo Reu\u00df\" \/>\n<meta name=\"twitter:card\" content=\"summary_large_image\" \/>\n<meta name=\"twitter:label1\" content=\"Verfasst von\" \/>\n\t<meta name=\"twitter:data1\" content=\"Udo Reu\u00df\" \/>\n\t<meta name=\"twitter:label2\" content=\"Gesch\u00e4tzte Lesezeit\" \/>\n\t<meta name=\"twitter:data2\" content=\"16\u00a0Minuten\" \/>\n<script type=\"application\/ld+json\" class=\"yoast-schema-graph\">{\"@context\":\"https:\/\/schema.org\",\"@graph\":[{\"@type\":\"Article\",\"@id\":\"https:\/\/www.buhl.de\/steuer\/ratgeber\/behindertenpauschbetrag\/#article\",\"isPartOf\":{\"@id\":\"https:\/\/www.buhl.de\/steuer\/ratgeber\/behindertenpauschbetrag\/\"},\"author\":{\"name\":\"Udo Reu\u00df\",\"@id\":\"https:\/\/www.buhl.de\/steuer\/#\/schema\/person\/03b5508d4c85dc193be95cb4e2d78423\"},\"headline\":\"Behindertenpauschbetrag: So gibt&#8217;s bis zu 7.400 Euro\",\"datePublished\":\"2024-06-04T13:46:09+00:00\",\"dateModified\":\"2025-12-09T09:52:20+00:00\",\"mainEntityOfPage\":{\"@id\":\"https:\/\/www.buhl.de\/steuer\/ratgeber\/behindertenpauschbetrag\/\"},\"wordCount\":2972,\"commentCount\":0,\"publisher\":{\"@id\":\"https:\/\/www.buhl.de\/steuer\/#organization\"},\"image\":{\"@id\":\"https:\/\/www.buhl.de\/steuer\/ratgeber\/behindertenpauschbetrag\/#primaryimage\"},\"thumbnailUrl\":\"https:\/\/www.buhl.de\/steuer\/wp-content\/uploads\/sites\/31\/2022\/01\/behinderten-pauschbetrag-frau-title.jpg\",\"articleSection\":[\"Neueste Beitr\u00e4ge\",\"Ratgeber: Familie &amp; Steuer\",\"Ratgeber: Gesundheit &amp; Steuern\",\"Ratgeber: Rentenbesteuerung\"],\"inLanguage\":\"de\",\"potentialAction\":[{\"@type\":\"CommentAction\",\"name\":\"Comment\",\"target\":[\"https:\/\/www.buhl.de\/steuer\/ratgeber\/behindertenpauschbetrag\/#respond\"]}]},{\"@type\":\"WebPage\",\"@id\":\"https:\/\/www.buhl.de\/steuer\/ratgeber\/behindertenpauschbetrag\/\",\"url\":\"https:\/\/www.buhl.de\/steuer\/ratgeber\/behindertenpauschbetrag\/\",\"name\":\"Behindertenpauschbetrag: Bis zu 7.400 \u20ac bekommen\",\"isPartOf\":{\"@id\":\"https:\/\/www.buhl.de\/steuer\/#website\"},\"primaryImageOfPage\":{\"@id\":\"https:\/\/www.buhl.de\/steuer\/ratgeber\/behindertenpauschbetrag\/#primaryimage\"},\"image\":{\"@id\":\"https:\/\/www.buhl.de\/steuer\/ratgeber\/behindertenpauschbetrag\/#primaryimage\"},\"thumbnailUrl\":\"https:\/\/www.buhl.de\/steuer\/wp-content\/uploads\/sites\/31\/2022\/01\/behinderten-pauschbetrag-frau-title.jpg\",\"datePublished\":\"2024-06-04T13:46:09+00:00\",\"dateModified\":\"2025-12-09T09:52:20+00:00\",\"description\":\"Mehr Geld mit dem Behindertenpauschbetrag bekommen \ud83c\udfcb\ufe0f\u200d\u2642\ufe0f Was kann ich bei Behinderung zus\u00e4tzlich von der Steuer absetzen? \u27a1\ufe0f Jetzt lesen.\",\"breadcrumb\":{\"@id\":\"https:\/\/www.buhl.de\/steuer\/ratgeber\/behindertenpauschbetrag\/#breadcrumb\"},\"inLanguage\":\"de\",\"potentialAction\":[{\"@type\":\"ReadAction\",\"target\":[\"https:\/\/www.buhl.de\/steuer\/ratgeber\/behindertenpauschbetrag\/\"]}]},{\"@type\":\"ImageObject\",\"inLanguage\":\"de\",\"@id\":\"https:\/\/www.buhl.de\/steuer\/ratgeber\/behindertenpauschbetrag\/#primaryimage\",\"url\":\"https:\/\/www.buhl.de\/steuer\/wp-content\/uploads\/sites\/31\/2022\/01\/behinderten-pauschbetrag-frau-title.jpg\",\"contentUrl\":\"https:\/\/www.buhl.de\/steuer\/wp-content\/uploads\/sites\/31\/2022\/01\/behinderten-pauschbetrag-frau-title.jpg\",\"width\":976,\"height\":400,\"caption\":\"Behinderten-Pauschbetrag\"},{\"@type\":\"BreadcrumbList\",\"@id\":\"https:\/\/www.buhl.de\/steuer\/ratgeber\/behindertenpauschbetrag\/#breadcrumb\",\"itemListElement\":[{\"@type\":\"ListItem\",\"position\":1,\"name\":\"Steuererkl\u00e4rung\",\"item\":\"https:\/\/www.buhl.de\/steuer\/\"},{\"@type\":\"ListItem\",\"position\":2,\"name\":\"Behindertenpauschbetrag: So gibt's bis zu 7.400 Euro\"}]},{\"@type\":\"WebSite\",\"@id\":\"https:\/\/www.buhl.de\/steuer\/#website\",\"url\":\"https:\/\/www.buhl.de\/steuer\/\",\"name\":\"WISO Steuer: Nr. 1 Steuer-App\",\"description\":\"\",\"publisher\":{\"@id\":\"https:\/\/www.buhl.de\/steuer\/#organization\"},\"potentialAction\":[{\"@type\":\"SearchAction\",\"target\":{\"@type\":\"EntryPoint\",\"urlTemplate\":\"https:\/\/www.buhl.de\/steuer\/?s={search_term_string}\"},\"query-input\":{\"@type\":\"PropertyValueSpecification\",\"valueRequired\":true,\"valueName\":\"search_term_string\"}}],\"inLanguage\":\"de\"},{\"@type\":\"Organization\",\"@id\":\"https:\/\/www.buhl.de\/steuer\/#organization\",\"name\":\"WISO Steuer | Buhl Data Service GmbH\",\"url\":\"https:\/\/www.buhl.de\/steuer\/\",\"logo\":{\"@type\":\"ImageObject\",\"inLanguage\":\"de\",\"@id\":\"https:\/\/www.buhl.de\/steuer\/#\/schema\/logo\/image\/\",\"url\":\"https:\/\/www.buhl.de\/steuer\/wp-content\/uploads\/sites\/31\/2026\/02\/logo-wiso-steuer-app.svg\",\"contentUrl\":\"https:\/\/www.buhl.de\/steuer\/wp-content\/uploads\/sites\/31\/2026\/02\/logo-wiso-steuer-app.svg\",\"width\":375,\"height\":72,\"caption\":\"WISO Steuer | Buhl Data Service GmbH\"},\"image\":{\"@id\":\"https:\/\/www.buhl.de\/steuer\/#\/schema\/logo\/image\/\"}},{\"@type\":\"Person\",\"@id\":\"https:\/\/www.buhl.de\/steuer\/#\/schema\/person\/03b5508d4c85dc193be95cb4e2d78423\",\"name\":\"Udo Reu\u00df\",\"image\":{\"@type\":\"ImageObject\",\"inLanguage\":\"de\",\"@id\":\"https:\/\/www.buhl.de\/steuer\/#\/schema\/person\/image\/\",\"url\":\"https:\/\/www.buhl.de\/steuer\/wp-content\/uploads\/sites\/31\/2024\/07\/udo.png\",\"contentUrl\":\"https:\/\/www.buhl.de\/steuer\/wp-content\/uploads\/sites\/31\/2024\/07\/udo.png\",\"caption\":\"Udo Reu\u00df\"},\"sameAs\":[\"https:\/\/www.buhl.de\/steuer\/autoren\/udo-reuss\/\"]}]}<\/script>\n<!-- \/ Yoast SEO Premium plugin. -->","yoast_head_json":{"title":"Behindertenpauschbetrag: Bis zu 7.400 \u20ac bekommen","description":"Mehr Geld mit dem Behindertenpauschbetrag bekommen \ud83c\udfcb\ufe0f\u200d\u2642\ufe0f Was kann ich bei Behinderung zus\u00e4tzlich von der Steuer absetzen? \u27a1\ufe0f Jetzt lesen.","robots":{"index":"index","follow":"follow","max-snippet":"max-snippet:-1","max-image-preview":"max-image-preview:large","max-video-preview":"max-video-preview:-1"},"canonical":"https:\/\/www.buhl.de\/steuer\/ratgeber\/behindertenpauschbetrag\/","og_locale":"de_DE","og_type":"article","og_title":"Behindertenpauschbetrag: So gibt's bis zu 7.400 Euro","og_description":"Mehr Geld mit dem Behindertenpauschbetrag bekommen \ud83c\udfcb\ufe0f\u200d\u2642\ufe0f Was kann ich bei Behinderung zus\u00e4tzlich von der Steuer absetzen? \u27a1\ufe0f Jetzt lesen.","og_url":"https:\/\/www.buhl.de\/steuer\/ratgeber\/behindertenpauschbetrag\/","og_site_name":"WISO Steuer: Nr.1 App f\u00fcr die Steuererkl\u00e4rung","article_published_time":"2024-06-04T13:46:09+00:00","article_modified_time":"2025-12-09T09:52:20+00:00","og_image":[{"width":976,"height":400,"url":"https:\/\/www.buhl.de\/steuer\/wp-content\/uploads\/sites\/31\/2022\/01\/behinderten-pauschbetrag-frau-title.jpg","type":"image\/jpeg"}],"author":"Udo Reu\u00df","twitter_card":"summary_large_image","twitter_misc":{"Verfasst von":"Udo Reu\u00df","Gesch\u00e4tzte Lesezeit":"16\u00a0Minuten"},"schema":{"@context":"https:\/\/schema.org","@graph":[{"@type":"Article","@id":"https:\/\/www.buhl.de\/steuer\/ratgeber\/behindertenpauschbetrag\/#article","isPartOf":{"@id":"https:\/\/www.buhl.de\/steuer\/ratgeber\/behindertenpauschbetrag\/"},"author":{"name":"Udo Reu\u00df","@id":"https:\/\/www.buhl.de\/steuer\/#\/schema\/person\/03b5508d4c85dc193be95cb4e2d78423"},"headline":"Behindertenpauschbetrag: So gibt&#8217;s bis zu 7.400 Euro","datePublished":"2024-06-04T13:46:09+00:00","dateModified":"2025-12-09T09:52:20+00:00","mainEntityOfPage":{"@id":"https:\/\/www.buhl.de\/steuer\/ratgeber\/behindertenpauschbetrag\/"},"wordCount":2972,"commentCount":0,"publisher":{"@id":"https:\/\/www.buhl.de\/steuer\/#organization"},"image":{"@id":"https:\/\/www.buhl.de\/steuer\/ratgeber\/behindertenpauschbetrag\/#primaryimage"},"thumbnailUrl":"https:\/\/www.buhl.de\/steuer\/wp-content\/uploads\/sites\/31\/2022\/01\/behinderten-pauschbetrag-frau-title.jpg","articleSection":["Neueste Beitr\u00e4ge","Ratgeber: Familie &amp; Steuer","Ratgeber: Gesundheit &amp; Steuern","Ratgeber: Rentenbesteuerung"],"inLanguage":"de","potentialAction":[{"@type":"CommentAction","name":"Comment","target":["https:\/\/www.buhl.de\/steuer\/ratgeber\/behindertenpauschbetrag\/#respond"]}]},{"@type":"WebPage","@id":"https:\/\/www.buhl.de\/steuer\/ratgeber\/behindertenpauschbetrag\/","url":"https:\/\/www.buhl.de\/steuer\/ratgeber\/behindertenpauschbetrag\/","name":"Behindertenpauschbetrag: Bis zu 7.400 \u20ac bekommen","isPartOf":{"@id":"https:\/\/www.buhl.de\/steuer\/#website"},"primaryImageOfPage":{"@id":"https:\/\/www.buhl.de\/steuer\/ratgeber\/behindertenpauschbetrag\/#primaryimage"},"image":{"@id":"https:\/\/www.buhl.de\/steuer\/ratgeber\/behindertenpauschbetrag\/#primaryimage"},"thumbnailUrl":"https:\/\/www.buhl.de\/steuer\/wp-content\/uploads\/sites\/31\/2022\/01\/behinderten-pauschbetrag-frau-title.jpg","datePublished":"2024-06-04T13:46:09+00:00","dateModified":"2025-12-09T09:52:20+00:00","description":"Mehr Geld mit dem Behindertenpauschbetrag bekommen \ud83c\udfcb\ufe0f\u200d\u2642\ufe0f Was kann ich bei Behinderung zus\u00e4tzlich von der Steuer absetzen? \u27a1\ufe0f Jetzt lesen.","breadcrumb":{"@id":"https:\/\/www.buhl.de\/steuer\/ratgeber\/behindertenpauschbetrag\/#breadcrumb"},"inLanguage":"de","potentialAction":[{"@type":"ReadAction","target":["https:\/\/www.buhl.de\/steuer\/ratgeber\/behindertenpauschbetrag\/"]}]},{"@type":"ImageObject","inLanguage":"de","@id":"https:\/\/www.buhl.de\/steuer\/ratgeber\/behindertenpauschbetrag\/#primaryimage","url":"https:\/\/www.buhl.de\/steuer\/wp-content\/uploads\/sites\/31\/2022\/01\/behinderten-pauschbetrag-frau-title.jpg","contentUrl":"https:\/\/www.buhl.de\/steuer\/wp-content\/uploads\/sites\/31\/2022\/01\/behinderten-pauschbetrag-frau-title.jpg","width":976,"height":400,"caption":"Behinderten-Pauschbetrag"},{"@type":"BreadcrumbList","@id":"https:\/\/www.buhl.de\/steuer\/ratgeber\/behindertenpauschbetrag\/#breadcrumb","itemListElement":[{"@type":"ListItem","position":1,"name":"Steuererkl\u00e4rung","item":"https:\/\/www.buhl.de\/steuer\/"},{"@type":"ListItem","position":2,"name":"Behindertenpauschbetrag: So gibt's bis zu 7.400 Euro"}]},{"@type":"WebSite","@id":"https:\/\/www.buhl.de\/steuer\/#website","url":"https:\/\/www.buhl.de\/steuer\/","name":"WISO Steuer: Nr. 1 Steuer-App","description":"","publisher":{"@id":"https:\/\/www.buhl.de\/steuer\/#organization"},"potentialAction":[{"@type":"SearchAction","target":{"@type":"EntryPoint","urlTemplate":"https:\/\/www.buhl.de\/steuer\/?s={search_term_string}"},"query-input":{"@type":"PropertyValueSpecification","valueRequired":true,"valueName":"search_term_string"}}],"inLanguage":"de"},{"@type":"Organization","@id":"https:\/\/www.buhl.de\/steuer\/#organization","name":"WISO Steuer | Buhl Data Service GmbH","url":"https:\/\/www.buhl.de\/steuer\/","logo":{"@type":"ImageObject","inLanguage":"de","@id":"https:\/\/www.buhl.de\/steuer\/#\/schema\/logo\/image\/","url":"https:\/\/www.buhl.de\/steuer\/wp-content\/uploads\/sites\/31\/2026\/02\/logo-wiso-steuer-app.svg","contentUrl":"https:\/\/www.buhl.de\/steuer\/wp-content\/uploads\/sites\/31\/2026\/02\/logo-wiso-steuer-app.svg","width":375,"height":72,"caption":"WISO Steuer | Buhl Data Service GmbH"},"image":{"@id":"https:\/\/www.buhl.de\/steuer\/#\/schema\/logo\/image\/"}},{"@type":"Person","@id":"https:\/\/www.buhl.de\/steuer\/#\/schema\/person\/03b5508d4c85dc193be95cb4e2d78423","name":"Udo Reu\u00df","image":{"@type":"ImageObject","inLanguage":"de","@id":"https:\/\/www.buhl.de\/steuer\/#\/schema\/person\/image\/","url":"https:\/\/www.buhl.de\/steuer\/wp-content\/uploads\/sites\/31\/2024\/07\/udo.png","contentUrl":"https:\/\/www.buhl.de\/steuer\/wp-content\/uploads\/sites\/31\/2024\/07\/udo.png","caption":"Udo Reu\u00df"},"sameAs":["https:\/\/www.buhl.de\/steuer\/autoren\/udo-reuss\/"]}]}},"acf":[],"wps_subtitle":"Alles rund um die Steuererkl\u00e4rung f\u00fcr Behinderte","_links":{"self":[{"href":"https:\/\/www.buhl.de\/steuer\/wp-json\/wp\/v2\/posts\/47121","targetHints":{"allow":["GET"]}}],"collection":[{"href":"https:\/\/www.buhl.de\/steuer\/wp-json\/wp\/v2\/posts"}],"about":[{"href":"https:\/\/www.buhl.de\/steuer\/wp-json\/wp\/v2\/types\/post"}],"author":[{"embeddable":true,"href":"https:\/\/www.buhl.de\/steuer\/wp-json\/wp\/v2\/users\/220"}],"replies":[{"embeddable":true,"href":"https:\/\/www.buhl.de\/steuer\/wp-json\/wp\/v2\/comments?post=47121"}],"version-history":[{"count":31,"href":"https:\/\/www.buhl.de\/steuer\/wp-json\/wp\/v2\/posts\/47121\/revisions"}],"predecessor-version":[{"id":74865,"href":"https:\/\/www.buhl.de\/steuer\/wp-json\/wp\/v2\/posts\/47121\/revisions\/74865"}],"wp:featuredmedia":[{"embeddable":true,"href":"https:\/\/www.buhl.de\/steuer\/wp-json\/wp\/v2\/media\/47557"}],"wp:attachment":[{"href":"https:\/\/www.buhl.de\/steuer\/wp-json\/wp\/v2\/media?parent=47121"}],"wp:term":[{"taxonomy":"category","embeddable":true,"href":"https:\/\/www.buhl.de\/steuer\/wp-json\/wp\/v2\/categories?post=47121"},{"taxonomy":"post_tag","embeddable":true,"href":"https:\/\/www.buhl.de\/steuer\/wp-json\/wp\/v2\/tags?post=47121"}],"curies":[{"name":"wp","href":"https:\/\/api.w.org\/{rel}","templated":true}]}}