{"id":47253,"date":"2023-07-18T09:00:00","date_gmt":"2023-07-18T07:00:00","guid":{"rendered":"https:\/\/wptest.buhl.de\/steuer\/?p=47253"},"modified":"2025-03-17T13:02:24","modified_gmt":"2025-03-17T12:02:24","slug":"grundsteuer-umlegen","status":"publish","type":"post","link":"https:\/\/www.buhl.de\/steuer\/ratgeber\/grundsteuer-umlegen\/","title":{"rendered":"Grundsteuer auf Mieter umlegen oder absetzen"},"content":{"rendered":"<p>Eigent\u00fcmer m\u00fcssen Grundsteuer f\u00fcr ihre Immobilie zahlen. Vermieter k\u00f6nnen sie jedoch auf ihre Mieter umlegen. In diesem Fall k\u00f6nnen sie zwar die Grundsteuer absetzen, m\u00fcssen sie aber zugleich als Einnahme erfassen. Was dabei in der Steuererkl\u00e4rung zu beachten ist, zeigen wir in diesem Beitrag.<br \/>\n<!--more--><\/p>\n<h2>Kurz &amp; knapp<\/h2>\n<ul>\n<li>Der Immobilieneigent\u00fcmer zahlt die Grundsteuer an die Gemeinde, auch wenn sie vermietet ist<\/li>\n<li>Vermieter d\u00fcrfen die Grundsteuer als Betriebskosten auf die Mieter umlegen<\/li>\n<li>Die Mieter zahlen sie im Regelfall \u00fcber die Nebenkostenabrechnung<\/li>\n<li>Vermieter tragen die Grundsteuer in WISO Steuer als Werbungskosten und als Einnahme ein<\/li>\n<\/ul>\n<h2>Steuer auf die Mieter umlegen: So geht\u2019s<\/h2>\n<p>Grunds\u00e4tzlich bist du als Eigent\u00fcmer verpflichtet, die <a title=\"Alle Infos zur Grundsteuer\" href=\"https:\/\/www.buhl.de\/steuer\/grundsteuer\/\">Grundsteuer<\/a> an die Gemeinde zu zahlen \u2013 und zwar egal, ob du deinen Grundbesitz selbst nutzt oder vermietest. Der <a title=\"Das steht in den Grundsteuerbescheiden\" href=\"https:\/\/www.buhl.de\/steuer\/ratgeber\/grundsteuer-einspruch\/\">Grundsteuerbescheid<\/a> der Gemeinde richtet sich immer an dich als Eigent\u00fcmer.<\/p>\n<p>Du bist also auch als Vermieter gegen\u00fcber der Gemeinde der Schuldner der Grundsteuer, nie dein Mieter. In der Regel zahlst du als Vermieter die Grundsteuer viertelj\u00e4hrlich an die Kommune.<\/p>\n<p>Die Grundsteuer z\u00e4hlt zu den <strong>umlagef\u00e4higen Nebenkosten<\/strong>. Geregelt ist das in der Betriebskostenverordnung. Das bedeutet, als <a title=\"Steuererkl\u00e4rung f\u00fcr Vermieter\" href=\"https:\/\/www.buhl.de\/steuer\/steuererklaerung-vermieter\/\">Vermieter<\/a> kannst du deine Mieter an den Kosten der Steuer beteiligen. Du kannst als Vermieter die Grundsteuer auf den Mieter umlegen, musst aber nicht.<\/p>\n<h2>Umlage der Grundsteuer im Mietvertrag festhalten<\/h2>\n<p>Wenn du die Grundsteuer umlegen willst, musst du das auf jeden Fall <strong>im Mietvertrag mit deinem Mieter vereinbaren<\/strong>. Dann kannst du mit der j\u00e4hrlichen <a title=\"Nebenkostenabrechnung &amp; Steuern\" href=\"https:\/\/www.buhl.de\/steuer\/ratgeber\/nebenkosten-abrechnung-absetzen\/\">Nebenkostenabrechnung<\/a> die Grundsteuer in Rechnung stellen. Bereits in den monatlichen Nebenkostenzahlungen, die der Mieter als Abschlag leistet, ist die Grundsteuer in vielen F\u00e4llen enthalten. Der Mieter zahlt dann letzten Endes die Grundsteuer. Absetzen kann er sie jedoch nicht.<\/p>\n<ul>\n<li><strong>Vollst\u00e4ndige Umlage<\/strong>: Wird die Immobilie zu 100 Prozent vermietet, kannst du dem Mieter die gesamte Grundsteuer in Rechnung stellen.<\/li>\n<li><strong>Anteilige Umlage<\/strong>: Das gilt, wenn mehrere Mietparteien ein Haus bewohnen oder du mit im Haus wohnst. In diesem Fall wird die Umlage der Grundsteuer anhand der anteiligen Wohnfl\u00e4che berechnet, sodass Mieter mit mehr Wohnfl\u00e4che einen h\u00f6heren Grundsteueranteil zahlen als Mieter mit weniger Wohnfl\u00e4che.<\/li>\n<\/ul>\n<p>Bei gemischter Nutzung eines Hauses (private und gewerbliche Vermietung) musst du die Umlage getrennt berechnen. Der Grund: Vermieter k\u00f6nnen mit Gewerbefl\u00e4chen in der Regel h\u00f6here Mieten erzielen. Das wirkt sich auf den Grundsteuerwert und damit auf die H\u00f6he der Grundsteuer aus.<\/p>\n<p>Die h\u00f6here Grundsteuer bei Gewerbeimmobilien darf aber nicht zulasten der privaten Mieter gehen. Vermieter m\u00fcssen daher eine getrennte Abrechnung zwischen Gewerbefl\u00e4chen und Wohnfl\u00e4chen erstellen.<\/p>\n<h3>Leerstehende Wohnungen: Was ist zu tun?<\/h3>\n<p>Leerstehende Wohnungen musst du bei der Aufteilung immer mit einbeziehen \u2013 auch, wenn du ein Haus nur zum Teil vermietest. Was nicht erlaubt ist: Die Grundsteuer, die auf leerstehende Wohnungen entf\u00e4llt, darfst du <strong>nicht den vermieteten Wohnungen zuschlagen<\/strong>. Mieter zahlen immer nur einen anteiligen Beitrag. Dieser wird anhand der Wohnfl\u00e4che berechnet.<\/p>\n<p>Unter bestimmten Voraussetzungen kannst du bei unverschuldetem Leerstand einen Antrag auf <a title=\"Erlass der Grundsteuer beantragen\" href=\"https:\/\/www.buhl.de\/steuer\/ratgeber\/grundsteuer-erlass\/\">Grundsteuer-Erlass<\/a> stellen. Dieser muss bis sp\u00e4testens zum 31. M\u00e4rz des Folgejahres bei der zust\u00e4ndigen Gemeinde sein.<\/p>\n<h3>Was gilt bei unbebauten Grundst\u00fccken?<\/h3>\n<p>F\u00fcr unbebaute Grundst\u00fccke musst du ebenfalls Grundsteuer zahlen. Da es hier keine Mieter gibt, auf die du die Grundsteuer umlegen kannst, tr\u00e4gst du die Grundsteuer selbst.<\/p>\n\r\n        <div class=\"spacing-modul  \">\r\n            <div class=\"container spacing-modul\">\r\n               <div class=\"row\">\r\n                   <div id=\"\" class=\"anchor\"><\/div>\r\n                   <div class=\"col-12 modul-spacing-blog-c\"><\/div>\r\n                   <div class=\"col-12 modul-spacing-blog-c\"><\/div>\r\n               <\/div>\r\n            <\/div>\r\n        <\/div>\r\n    \r\n        <div class=\"white-background\">\r\n            <div class=\"container\">\r\n                <div class=\"blog-example\">\r\n                    <div class=\"row\">\r\n                        <div class=\"col-12 offset-lg-2 col-lg-8 text-center text-lg-left\">\r\n                            <div class=\"d-flex flex-column align-items-center\">\r\n                                <img decoding=\"async\" loading=\"lazy\" class=\"img-fluid circle-image\" src=\"https:\/\/www.buhl.de\/steuer\/wp-content\/themes\/steuer-web\/buhl-steuer\/assets\/blog\/blog-example\/immobilien-beispiel.svg\" alt=\"Beispiel Immobilien\" title=\"Beispiel\" \/>\r\n                                <h3 class=\"font-source-sans-pro-10 fw700 blue-font headline\">Beispiel: Grundsteuer auf Mieter umlegen<\/h3>\r\n                            <\/div><div class=\"font-source-sans-pro-1 blue-font\">Du hast ein Mehrfamilienhaus mit 3 Wohnungen. Davon sind 2 Wohnungen vermietet, eine steht derzeit leer. Die gesamte Wohnfl\u00e4che umfasst 200 m\u00b2:<\/p>\n<ul>\n<li>Wohnung 1 hat 80 m\u00b2<\/li>\n<li>Wohnung 2 ebenfalls 80 m\u00b2<\/li>\n<li>die leerstehende Wohnung 3 hat 40 m\u00b2<\/li>\n<\/ul>\n<p>Die Grundsteuer betr\u00e4gt 600 Euro. So wird aufgeteilt:<\/p>\n<p>Wohnung 1 und 2 haben einen Anteil an der Gesamtwohnfl\u00e4che von jeweils 40 Prozent. Somit darfst du jeweils 240 Euro Grundsteuer auf diese Wohnungen umlegen.<\/p>\n<p>Wohnung 3 hat einen Anteil an der Gesamtwohnfl\u00e4che von 20 Prozent. Umlagef\u00e4hig w\u00e4ren also 120 Euro. Da die Wohnung derzeit leer steht, tr\u00e4gst du diesen Betrag selbst. Du darfst ihn nicht auf die Mieter der Wohnungen 1 und 2 verteilen.<\/div><\/div>\r\n                    <\/div>\r\n                <\/div>\r\n            <\/div>\r\n        <\/div>\r\n    \r\n        <div class=\"spacing-modul  \">\r\n            <div class=\"container spacing-modul\">\r\n               <div class=\"row\">\r\n                   <div id=\"\" class=\"anchor\"><\/div>\r\n                   <div class=\"col-12 modul-spacing-default-b\"><\/div>\r\n                   <div class=\"col-12 modul-spacing-default-b\"><\/div>\r\n               <\/div>\r\n            <\/div>\r\n        <\/div>\r\n    \n<h2>Grundsteuer absetzen<\/h2>\n<p>Wenn du als Vermieter die Grundsteuer nicht umlegen kannst oder wegen Leerstands auf den Kosten sitzen bleibst, tr\u00e4gst du sie selbst. Immerhin kannst du sie als <a title=\"Was z\u00e4hlt zu den Werbungskosten?\" href=\"https:\/\/www.buhl.de\/steuer\/ratgeber\/werbungskosten\/\">Werbungkosten<\/a> von den Vermietungseinnahmen absetzen. In WISO Steuer machst du das hier:<\/p>\n<p><em>Sparer und Vermieter &gt; Vermietung von eigenem Wohnraum und anderen R\u00e4umen &gt; Ausgaben (Werbungskosten) &gt; Laufende Betriebskosten<\/em><\/p>\n\r\n        <div class=\"spacing-modul  \">\r\n            <div class=\"container spacing-modul\">\r\n               <div class=\"row\">\r\n                   <div id=\"\" class=\"anchor\"><\/div>\r\n                   <div class=\"col-12 modul-spacing-blog-c\"><\/div>\r\n                   <div class=\"col-12 modul-spacing-blog-c\"><\/div>\r\n               <\/div>\r\n            <\/div>\r\n        <\/div>\r\n    \r\n        <div class=\"white-background d-none d-lg-block\">\r\n            <div class=\"container blog-image\">\r\n            \t<div class=\"row\">\r\n       \r\n                <div class=\"d-flex col-12 align-items-center justify-content-center\">\r\n                         \r\n                            <a id=\"\" target=\"_self\" title=\"\" href=\"\">\r\n                         \r\n                      <picture class=\"img-fluid\">\r\n                             <img decoding=\"async\" loading=\"lazy\"\r\n                              alt=\"Eingabemaske f\u00fcr Grundsteuer in WISO Steuer\" \r\n                              title=\"\"\r\n                              src=\"https:\/\/www.buhl.de\/steuer\/wp-content\/uploads\/sites\/31\/2024\/10\/grundsteuer-absetzen-steuererklaerung.png\" >\r\n                      <\/picture>     \r\n                      \t\r\n                        \t<\/a>\r\n                    \t                      \r\n\t\t\t\t\t<\/div>  \r\n\t\t\t\t<\/div>                       \r\n            <\/div>\r\n        <\/div>                  \r\n    \n\r\n        <div class=\"white-background  d-lg-none\">\r\n            <div class=\"container blog-image\">\r\n            \t<div class=\"row\">\r\n       \r\n                <div class=\"d-flex col-12 align-items-center justify-content-center\">\r\n                         \r\n                            <a id=\"\" target=\"_self\" title=\"\" href=\"\">\r\n                         \r\n                      <picture class=\"img-fluid\">\r\n                             <img decoding=\"async\" loading=\"lazy\"\r\n                              alt=\"Eingabemaske f\u00fcr Grundsteuer in der App WISO Steuer\" \r\n                              title=\"\"\r\n                              src=\"https:\/\/www.buhl.de\/steuer\/wp-content\/uploads\/sites\/31\/2024\/10\/grundsteuer-absetzen-steuer-app.png\" >\r\n                      <\/picture>     \r\n                      \t\r\n                        \t<\/a>\r\n                    \t                      \r\n\t\t\t\t\t<\/div>  \r\n\t\t\t\t<\/div>                       \r\n            <\/div>\r\n        <\/div>                  \r\n    \n\r\n        <div role=\"region\" aria-label=\"\" class=\"white-background\">\r\n            <div class=\"container\">\r\n                <div class=\"row\">\r\n                    <div class=\"col-12 d-flex justify-content-center align-items-center flex-column flex-lg-row\">\r\n                    \r\n\r\n                    \r\n                        <a class=\"secondary w-230 d-none d-md-flex justify-content-center align-items-center font-cairo-2 fw700 action-anonymous\"\r\n                            role=\"button\"\r\n                            href=\"https:\/\/www.buhl.de\/mein-buhlkonto\/?buhlparam=2100101\"\r\n                            title=\"Kostenlos testen\"\r\n                            target=\"_self\"\r\n                            id=\"grundsteuer-eintragen\"\r\n                            onclick=\"dataLayer.push({'event': 'ButtonClick SW','sw-button': 'click-testen'});\">\r\n                            Kostenlos testen\r\n                        <\/a>\r\n\r\n                        <a class=\"secondary w-230 d-flex d-md-none justify-content-center align-items-center font-cairo-2 fw700 action-anonymous\"\r\n                            role=\"button\"\r\n                            href=\"https:\/\/www.buhl.de\/mein-buhlkonto\/?buhlparam=2100101\"\r\n                            title=\"Kostenlos testen\"\r\n                            target=\"_self\"\r\n                            id=\"grundsteuer-eintragen-m\"\r\n                            onclick=\"dataLayer.push({'event': 'ButtonClick SW','sw-button': 'click-mobile-starten'});\">\r\n                            Kostenlos testen\r\n                        <\/a>\r\n                    \r\n                    <\/div>\r\n                <\/div>\r\n            <\/div>\r\n        <\/div>\r\n    \r\n        <div class=\"spacing-modul  \">\r\n            <div class=\"container spacing-modul\">\r\n               <div class=\"row\">\r\n                   <div id=\"\" class=\"anchor\"><\/div>\r\n                   <div class=\"col-12 modul-spacing-default-b\"><\/div>\r\n                   <div class=\"col-12 modul-spacing-default-b\"><\/div>\r\n               <\/div>\r\n            <\/div>\r\n        <\/div>\r\n    \n<h3>Umgelegte Grundsteuer geh\u00f6rt zu den Mieteinnahmen<\/h3>\n<p>Wenn du die Grundsteuer auf deinen Mieter umgelegt hast, dann musst du zus\u00e4tzlich zum Werbungskostenabzug auch die Zahlungen des Mieters bei den Neben-\/Betriebskosten als Mieteinnahmen eintragen. Die Grundsteuer wird dadurch sowohl als Einnahme als auch als Ausgabe eingetragen. Unterm Strich ist sie dann steuerneutral.<\/p>\n<p>Das geht hier:<\/p>\n<p><em>Sparer und Vermieter &gt; Vermietung von eigenem Wohnraum und anderen R\u00e4umen &gt; Mieteinnahmen &gt; Einnahmen aus Nebenkosten\/Betriebskosten<\/em><\/p>\n\r\n        <div class=\"spacing-modul  \">\r\n            <div class=\"container spacing-modul\">\r\n               <div class=\"row\">\r\n                   <div id=\"\" class=\"anchor\"><\/div>\r\n                   <div class=\"col-12 modul-spacing-blog-c\"><\/div>\r\n                   <div class=\"col-12 modul-spacing-blog-c\"><\/div>\r\n               <\/div>\r\n            <\/div>\r\n        <\/div>\r\n    \r\n        <div class=\"white-background d-none d-lg-block\">\r\n            <div class=\"container blog-image\">\r\n            \t<div class=\"row\">\r\n       \r\n                <div class=\"d-flex col-12 align-items-center justify-content-center\">\r\n                         \r\n                            <a id=\"\" target=\"_self\" title=\"\" href=\"\">\r\n                         \r\n                      <picture class=\"img-fluid\">\r\n                             <img decoding=\"async\" loading=\"lazy\"\r\n                              alt=\"Eingabemaske f\u00fcr umgelegte Grundsteuer in WISO Steuer\" \r\n                              title=\"\"\r\n                              src=\"https:\/\/www.buhl.de\/steuer\/wp-content\/uploads\/sites\/31\/2024\/10\/grundsteuer-mieteinnahme-steuererklaerung.png\" >\r\n                      <\/picture>     \r\n                      \t\r\n                        \t<\/a>\r\n                    \t                      \r\n\t\t\t\t\t<\/div>  \r\n\t\t\t\t<\/div>                       \r\n            <\/div>\r\n        <\/div>                  \r\n    \n\r\n        <div class=\"white-background  d-lg-none\">\r\n            <div class=\"container blog-image\">\r\n            \t<div class=\"row\">\r\n       \r\n                <div class=\"d-flex col-12 align-items-center justify-content-center\">\r\n                         \r\n                            <a id=\"\" target=\"_self\" title=\"\" href=\"\">\r\n                         \r\n                      <picture class=\"img-fluid\">\r\n                             <img decoding=\"async\" loading=\"lazy\"\r\n                              alt=\"Eingabemaske f\u00fcr umgelegte Grundsteuer in der App WISO Steuer\" \r\n                              title=\"\"\r\n                              src=\"https:\/\/www.buhl.de\/steuer\/wp-content\/uploads\/sites\/31\/2024\/10\/grundsteuer-mieteinnahme-steuer-app.png\" >\r\n                      <\/picture>     \r\n                      \t\r\n                        \t<\/a>\r\n                    \t                      \r\n\t\t\t\t\t<\/div>  \r\n\t\t\t\t<\/div>                       \r\n            <\/div>\r\n        <\/div>                  \r\n    \n\r\n        <div role=\"region\" aria-label=\"\" class=\"white-background\">\r\n            <div class=\"container\">\r\n                <div class=\"row\">\r\n                    <div class=\"col-12 d-flex justify-content-center align-items-center flex-column flex-lg-row\">\r\n                    \r\n\r\n                    \r\n                        <a class=\"secondary w-230 d-none d-md-flex justify-content-center align-items-center font-cairo-2 fw700 action-anonymous\"\r\n                            role=\"button\"\r\n                            href=\"https:\/\/www.buhl.de\/mein-buhlkonto\/?buhlparam=2100101\"\r\n                            title=\"Kostenlos testen\"\r\n                            target=\"_self\"\r\n                            id=\"umgelegte-grundsteuer-eintragen\"\r\n                            onclick=\"dataLayer.push({'event': 'ButtonClick SW','sw-button': 'click-testen'});\">\r\n                            Kostenlos testen\r\n                        <\/a>\r\n\r\n                        <a class=\"secondary w-230 d-flex d-md-none justify-content-center align-items-center font-cairo-2 fw700 action-anonymous\"\r\n                            role=\"button\"\r\n                            href=\"https:\/\/www.buhl.de\/mein-buhlkonto\/?buhlparam=2100101\"\r\n                            title=\"Kostenlos testen\"\r\n                            target=\"_self\"\r\n                            id=\"umgelegte-grundsteuer-eintragen-m\"\r\n                            onclick=\"dataLayer.push({'event': 'ButtonClick SW','sw-button': 'click-mobile-starten'});\">\r\n                            Kostenlos testen\r\n                        <\/a>\r\n                    \r\n                    <\/div>\r\n                <\/div>\r\n            <\/div>\r\n        <\/div>\r\n    \r\n        <div class=\"spacing-modul  \">\r\n            <div class=\"container spacing-modul\">\r\n               <div class=\"row\">\r\n                   <div id=\"\" class=\"anchor\"><\/div>\r\n                   <div class=\"col-12 modul-spacing-default-b\"><\/div>\r\n                   <div class=\"col-12 modul-spacing-default-b\"><\/div>\r\n               <\/div>\r\n            <\/div>\r\n        <\/div>\r\n    \n<h3>Das gilt beim Arbeitszimmer<\/h3>\n<p>Die Grundsteuer f\u00fcr die <strong>selbst bewohnte Immobilie<\/strong> kannst du grunds\u00e4tzlich nicht absetzen. Es gibt aber eine Ausnahme: Hast du ein steuerlich anerkanntes <a title=\"Arbeitszimmer absetzen mit und ohne Homeoffice-Pauschale\" href=\"https:\/\/www.buhl.de\/steuer\/ratgeber\/homeoffice-arbeitszimmer\/\">Arbeitszimmer<\/a>, kannst du einen Teil der Grundsteuer als Werbungskosten oder Betriebsausgaben absetzen. Und zwar die Grundsteuer, die auf die Fl\u00e4che des Arbeitszimmers entf\u00e4llt.<\/p>\n<p>Beispiel: Als Arbeitnehmer ist der Mittelpunkt deiner beruflichen T\u00e4tigkeit dein Arbeitszimmer. Die gesamte Wohnung ist 100 qm gro\u00df, davon 20 qm f\u00fcr das Arbeitszimmer. Die Grundsteuer betr\u00e4gt 300 Euro. Dementsprechend entf\u00e4llt aufs Arbeitszimmer ein F\u00fcnftel, also 60 Euro. Diese anteilige Grundsteuer tr\u00e4gst du in WISO Steuer ein unter:<\/p>\n<p><em>Arbeitnehmer, Betriebsrentner und Pension\u00e4re &gt; Ausgaben (Werbungskosten) &gt; Arbeitszimmer &gt; Miete, Nebenkosten und sonstige Aufwendungen<\/em><\/p>\n<p>Selbstst\u00e4ndige mit Arbeitszimmer tragen die Kosten f\u00fcr das Arbeitszimmer (inklusive Grundsteuer) bei ihren Betriebsausgaben ein.<\/p>\n<h2>Neue Berechnung der Grundsteuer ab 2025<\/h2>\n<p>Ab 2025 gilt die neu berechnete Grundsteuer. Deshalb mussten alle Eigent\u00fcmer f\u00fcr jedes Grundst\u00fcck und jede Immobilie im Zeitraum vom 1. Juli 2022 bis 31. Januar 2023 eine eigene Grundsteuererkl\u00e4rung abgeben. Weitere Infos in unserem Beitrag: <a title=\"Alle Infos zur Grundsteuerreform\" href=\"https:\/\/www.buhl.de\/steuer\/ratgeber\/grundsteuerreform\/\">Grundsteuer-Reform<\/a><\/p>\n\r\n        <div class=\"spacing-modul  \">\r\n            <div class=\"container spacing-modul\">\r\n               <div class=\"row\">\r\n                   <div id=\"\" class=\"anchor\"><\/div>\r\n                   <div class=\"col-12 modul-spacing-blog-c\"><\/div>\r\n                   <div class=\"col-12 modul-spacing-blog-c\"><\/div>\r\n               <\/div>\r\n            <\/div>\r\n        <\/div>\r\n    \r\n        <div class=\"white-background\">\r\n                <div class=\"video-d\">\r\n                    <div class=\"white-background\">\r\n                        <div class=\"container\">                       \r\n                            <div class=\"row justify-content-center\">\r\n                                <div class=\"text-center text-lg-left col-12 col-lg-6 col-xl-4 col-xl-offset-1 d-flex flex-column justify-content-center align-items-center align-items-lg-start\">\r\n                            <p class=\"font-cairo-10 blue-font headline-spacing-30 fw700\">Video: Grundsteuer f\u00fcr Vermieter<\/p>                     <p class=\"font-source-sans-pro-1 blue-font mobile-text-spacing-blog-30\">F\u00fcr die Neuberechnung der Grundsteuer setzt das Finanzamt auf die Mitarbeit von Vermietern. Mehr dazu im Video.<\/p>                               \r\n                                <\/div>\r\n                                \r\n                                <div class=\"col-12 col-lg-6 col-xl-4 col-xl-offset-1 d-flex justify-content-center align-items-center\">\r\n                                    <div class=\"d-flex justify-content-center\">\r\n                                        <a role=\"button\"\r\n                                           class=\"blue-font position-relative font-cairo-2 fw700\" href=\"#\" data-toggle=\"modal\"\r\n                                           data-target=\"#xrcHFAub_-Qk\">\r\n                                             <div class=\"video-player-button\">\r\n                                                    <span class=\"video-player-button-icon\"><\/span>                                             \r\n                                             <\/div>\r\n                                            <img decoding=\"async\" loading=\"lazy\" class=\"img-fluid\"\r\n                                                title=\"Video ansehen\" \r\n                                                alt=\"Video ansehen Vorschaubild\"\r\n                                                src=\"https:\/\/www.buhl.de\/steuer\/wp-content\/themes\/steuer-web\/buhl-steuer\/assets\/video\/steuer-web\/video-blog.webp\">\r\n                                        <\/a>\r\n                                        <div class=\"modal fade videoModal\" id=\"xrcHFAub_-Qk\">\r\n                                            <div class=\"modal-dialog modal-xl modal-dialog-centered\">\r\n                                                <div class=\"modal-content\">\r\n                                                    <!-- Modal Header -->\r\n                                                    <div class=\"modal-header\">\r\n                                                        <button type=\"button\" class=\"close\" data-dismiss=\"modal\">\r\n                                                             <span class=\"navbar-toggler-icon\"><\/span>\r\n                                                        <\/button>\r\n                                                    <\/div>\r\n                                                    <!-- Modal body -->                                                                                                    \r\n                                                <div class=\"modal-body\" id=\"yt-player\">\r\n                                                      <div class=\"lyte-wrapper\" style=\"width:1280px;max-width:100%;margin:5px;\"><div class=\"lyMe hidef\" id=\"WYL_rcHFAub_-Qk\"><div id=\"lyte_rcHFAub_-Qk\" data-src=\"https:\/\/www.buhl.de\/steuer\/wp-content\/plugins\/wp-youtube-lyte\/lyteCache.php?origThumbUrl=%2F%2Fi.ytimg.com%2Fvi%2FrcHFAub_-Qk%2Fmaxresdefault.jpg\" class=\"pL\"><div class=\"tC\"><div class=\"tT\"><\/div><\/div><div class=\"play\"><\/div><div class=\"ctrl\"><div class=\"Lctrl\"><\/div><div class=\"Rctrl\"><\/div><\/div><\/div><noscript><a href=\"https:\/\/youtu.be\/rcHFAub_-Qk\" rel=\"nofollow\"><img loading=\"lazy\" decoding=\"async\" src=\"https:\/\/www.buhl.de\/steuer\/wp-content\/plugins\/wp-youtube-lyte\/lyteCache.php?origThumbUrl=https%3A%2F%2Fi.ytimg.com%2Fvi%2FrcHFAub_-Qk%2F0.jpg\" alt=\"YouTube-Video-Vorschaubild\" width=\"1280\" height=\"700\" \/><br \/>Dieses Video auf YouTube ansehen<\/a><\/noscript><\/div><\/div><div class=\"lL\" style=\"max-width:100%;width:1280px;margin:5px;\"><\/div>                                                                            \r\n                                                 <\/div>                                                              \r\n                                                <\/div>\r\n                                            <\/div>\r\n                                        <\/div>\r\n                                    <\/div>\r\n                                <\/div>                  \r\n                            <\/div>\r\n                        <\/div>                       \r\n                    <\/div>\r\n                <\/div>\r\n            <\/div>\r\n    \r\n        <div class=\"spacing-modul  \">\r\n            <div class=\"container spacing-modul\">\r\n               <div class=\"row\">\r\n                   <div id=\"\" class=\"anchor\"><\/div>\r\n                   <div class=\"col-12 modul-spacing-default-b\"><\/div>\r\n                   <div class=\"col-12 modul-spacing-default-b\"><\/div>\r\n               <\/div>\r\n            <\/div>\r\n        <\/div>\r\n    \n\r\n        <div class=\"white-background\">\r\n            <div class=\"full-width-text\">\r\n                <div class=\"inner-spacing blog-ad1-wrapper silver-background\">\r\n                    <div class=\"container blog-ad1\">\r\n                        <div class=\"row\">\r\n                        \r\n                            <div class=\"col-12 col-md-6 d-none d-md-flex align-content-center\">\r\n                                \r\n                            <\/div>\r\n                        \r\n                            \r\n                            <div class=\"col-12 col-md-6\">\r\n                                \r\n                                    <div class=\"d-flex headline-spacing-30 justify-content-start\">\r\n                                        \r\n                                            <img decoding=\"async\" loading=\"lazy\" height=\"auto\" style=\"max-width:100%;\" alt=\"WISO Grundsteuer Vorteile\" title=\"WISO Grundsteuer Logo\" \r\n                                                class=\"d-none d-md-block \" src=\"https:\/\/www.buhl.de\/steuer\/wp-content\/themes\/steuer-web\/buhl-steuer\/assets\/blog\/blog-ad1\/grundsteuer\/logo-wiso-grundsteuer.svg\" \/>\r\n                                        \r\n                                        \r\n                                                \r\n                                        \r\n                                            <img decoding=\"async\" loading=\"lazy\" alt=\"WISO Grundsteuer Vorteile\" title=\"WISO Grundsteuer Logo\" \r\n                                                class=\"mx-auto d-md-none mobile \" src=\"https:\/\/www.buhl.de\/steuer\/wp-content\/themes\/steuer-web\/buhl-steuer\/assets\/blog\/blog-ad1\/grundsteuer\/logo-wiso-grundsteuer.svg\" \/>\r\n                                        \r\n                                    <\/div>\r\n                                \r\n                            \r\n                                \r\n                                    <p class=\"font-cairo-10 fw700 blue-font headline-spacing-30 text-center justify-content-start text-md-left\">Mit WISO Grundsteuer bequem erledigen<\/p>\r\n                                \r\n                    \r\n                                <div class=\"font-source-sans-pro-1 mt-30 mb-30 blue-font subline-width text-center text-md-left\">Deine Grundsteuer-Erkl\u00e4rung f\u00fcllst du mit WISO&nbsp;Grundsteuer einfach online aus. Und sendest die Erkl\u00e4rung mit einem Klick ans Finanzamt. Einfacher geht\u2019s nicht.<\/div>\r\n                                \r\n                                \r\n\r\n                                <div class=\"d-flex flex-column flex-md-row align-items-center align-items-md-start justify-content-start\">\r\n                                    \r\n                                    <a class=\"font-cairo-2 fw700 intro-button primary d-none d-md-flex mr-md-25 justify-content-center align-items-center\"\r\n                                       role=\"button\"\r\n                                       href=\"https:\/\/www.buhl.de\/steuer\/grundsteuer\/grst-kaufen\/\"\r\n                                       target=\"_self\"\r\n                                       title=\"Hier kaufen\"\r\n                                       id=\"adgrst\"\r\n                                       onclick=\"dataLayer.push({'event': 'ButtonClick SW','sw-button': 'click-gst'});\">\r\n                                       Jetzt kaufen\r\n                                    <\/a>\r\n                                    \r\n                                    \r\n                                    \r\n                                    <a class=\"d-flex justify-content-center align-items-center d-md-none font-cairo-2 fw700 intro-button primary\"\r\n                                       role=\"button\"\r\n                                       href=\"https:\/\/www.buhl.de\/steuer\/grundsteuer\/grst-kaufen\/\"\r\n                                       target=\"_self\"\r\n                                       title=\"Hier kaufen\"\r\n                                       id=\"adgrst\"\r\n                                       onclick=\"dataLayer.push({'event': 'ButtonClick SW','sw-button': 'click-gst'});\">\r\n                                       Jetzt kaufen\r\n                                    <\/a>\r\n                                    \r\n                                    \r\n                                    \r\n                                    \r\n                                    \r\n                                <\/div>\r\n                                \r\n                                \r\n                            <\/div>\r\n                        <\/div>\r\n                    <\/div>\r\n                <\/div>\r\n            <\/div>\r\n        <\/div>\r\n    \n","protected":false},"excerpt":{"rendered":"<p>Eigent\u00fcmer m\u00fcssen Grundsteuer f\u00fcr ihre Immobilie zahlen. Vermieter k\u00f6nnen sie jedoch auf ihre Mieter umlegen. In diesem Fall k\u00f6nnen sie zwar die Grundsteuer absetzen, m\u00fcssen sie aber zugleich als Einnahme erfassen. Was dabei in der Steuererkl\u00e4rung zu beachten ist, zeigen wir in diesem Beitrag.<\/p>\n","protected":false},"author":220,"featured_media":47293,"comment_status":"open","ping_status":"open","sticky":false,"template":"","format":"standard","meta":{"_acf_changed":false,"footnotes":""},"categories":[2851,2841,2810],"tags":[],"class_list":["post-47253","post","type-post","status-publish","format-standard","has-post-thumbnail","hentry","category-grundsteuer","category-alle","category-haus"],"yoast_head":"<!-- This site is optimized with the Yoast SEO Premium plugin v27.0 (Yoast SEO v27.0) - https:\/\/yoast.com\/product\/yoast-seo-premium-wordpress\/ -->\n<title>Steuererkl\u00e4rung: Grundsteuer auf Mieter umlegen<\/title>\n<meta name=\"description\" content=\"Grundsteuer auf Mieter umlegen: Geht das \u2753 Mehr Infos zur Umlage und wie man die Grundsteuer in der Steuererkl\u00e4rung angibt. \ud83d\udc49 Hier lesen.\" \/>\n<meta name=\"robots\" content=\"index, follow, max-snippet:-1, max-image-preview:large, max-video-preview:-1\" \/>\n<link rel=\"canonical\" href=\"https:\/\/www.buhl.de\/steuer\/ratgeber\/grundsteuer-umlegen\/\" \/>\n<meta property=\"og:locale\" content=\"de_DE\" \/>\n<meta property=\"og:type\" content=\"article\" \/>\n<meta property=\"og:title\" content=\"Grundsteuer auf Mieter umlegen oder absetzen\" \/>\n<meta property=\"og:description\" content=\"Grundsteuer auf Mieter umlegen: Geht das \u2753 Mehr Infos zur Umlage und wie man die Grundsteuer in der Steuererkl\u00e4rung angibt. \ud83d\udc49 Hier lesen.\" \/>\n<meta property=\"og:url\" content=\"https:\/\/www.buhl.de\/steuer\/ratgeber\/grundsteuer-umlegen\/\" \/>\n<meta property=\"og:site_name\" content=\"WISO Steuer: Nr.1 App f\u00fcr die Steuererkl\u00e4rung\" \/>\n<meta property=\"article:published_time\" content=\"2023-07-18T07:00:00+00:00\" \/>\n<meta property=\"article:modified_time\" content=\"2025-03-17T12:02:24+00:00\" \/>\n<meta property=\"og:image\" content=\"https:\/\/www.buhl.de\/steuer\/wp-content\/uploads\/sites\/31\/2022\/01\/grundsteuer-auf-mieter-umlegen.jpg\" \/>\n\t<meta property=\"og:image:width\" content=\"976\" \/>\n\t<meta property=\"og:image:height\" content=\"400\" \/>\n\t<meta property=\"og:image:type\" content=\"image\/jpeg\" \/>\n<meta name=\"author\" content=\"Udo Reu\u00df\" \/>\n<meta name=\"twitter:card\" content=\"summary_large_image\" \/>\n<meta name=\"twitter:label1\" content=\"Verfasst von\" \/>\n\t<meta name=\"twitter:data1\" content=\"Udo Reu\u00df\" \/>\n\t<meta name=\"twitter:label2\" content=\"Gesch\u00e4tzte Lesezeit\" \/>\n\t<meta name=\"twitter:data2\" content=\"6\u00a0Minuten\" \/>\n<script type=\"application\/ld+json\" class=\"yoast-schema-graph\">{\"@context\":\"https:\/\/schema.org\",\"@graph\":[{\"@type\":\"Article\",\"@id\":\"https:\/\/www.buhl.de\/steuer\/ratgeber\/grundsteuer-umlegen\/#article\",\"isPartOf\":{\"@id\":\"https:\/\/www.buhl.de\/steuer\/ratgeber\/grundsteuer-umlegen\/\"},\"author\":{\"name\":\"Udo Reu\u00df\",\"@id\":\"https:\/\/www.buhl.de\/steuer\/#\/schema\/person\/03b5508d4c85dc193be95cb4e2d78423\"},\"headline\":\"Grundsteuer auf Mieter umlegen oder absetzen\",\"datePublished\":\"2023-07-18T07:00:00+00:00\",\"dateModified\":\"2025-03-17T12:02:24+00:00\",\"mainEntityOfPage\":{\"@id\":\"https:\/\/www.buhl.de\/steuer\/ratgeber\/grundsteuer-umlegen\/\"},\"wordCount\":1130,\"commentCount\":0,\"publisher\":{\"@id\":\"https:\/\/www.buhl.de\/steuer\/#organization\"},\"image\":{\"@id\":\"https:\/\/www.buhl.de\/steuer\/ratgeber\/grundsteuer-umlegen\/#primaryimage\"},\"thumbnailUrl\":\"https:\/\/www.buhl.de\/steuer\/wp-content\/uploads\/sites\/31\/2022\/01\/grundsteuer-auf-mieter-umlegen.jpg\",\"articleSection\":[\"Grundsteuer\",\"Neueste Beitr\u00e4ge\",\"Ratgeber: Immobilien &amp; Steuern\"],\"inLanguage\":\"de\",\"potentialAction\":[{\"@type\":\"CommentAction\",\"name\":\"Comment\",\"target\":[\"https:\/\/www.buhl.de\/steuer\/ratgeber\/grundsteuer-umlegen\/#respond\"]}]},{\"@type\":\"WebPage\",\"@id\":\"https:\/\/www.buhl.de\/steuer\/ratgeber\/grundsteuer-umlegen\/\",\"url\":\"https:\/\/www.buhl.de\/steuer\/ratgeber\/grundsteuer-umlegen\/\",\"name\":\"Steuererkl\u00e4rung: Grundsteuer auf Mieter umlegen\",\"isPartOf\":{\"@id\":\"https:\/\/www.buhl.de\/steuer\/#website\"},\"primaryImageOfPage\":{\"@id\":\"https:\/\/www.buhl.de\/steuer\/ratgeber\/grundsteuer-umlegen\/#primaryimage\"},\"image\":{\"@id\":\"https:\/\/www.buhl.de\/steuer\/ratgeber\/grundsteuer-umlegen\/#primaryimage\"},\"thumbnailUrl\":\"https:\/\/www.buhl.de\/steuer\/wp-content\/uploads\/sites\/31\/2022\/01\/grundsteuer-auf-mieter-umlegen.jpg\",\"datePublished\":\"2023-07-18T07:00:00+00:00\",\"dateModified\":\"2025-03-17T12:02:24+00:00\",\"description\":\"Grundsteuer auf Mieter umlegen: Geht das \u2753 Mehr Infos zur Umlage und wie man die Grundsteuer in der Steuererkl\u00e4rung angibt. \ud83d\udc49 Hier lesen.\",\"breadcrumb\":{\"@id\":\"https:\/\/www.buhl.de\/steuer\/ratgeber\/grundsteuer-umlegen\/#breadcrumb\"},\"inLanguage\":\"de\",\"potentialAction\":[{\"@type\":\"ReadAction\",\"target\":[\"https:\/\/www.buhl.de\/steuer\/ratgeber\/grundsteuer-umlegen\/\"]}]},{\"@type\":\"ImageObject\",\"inLanguage\":\"de\",\"@id\":\"https:\/\/www.buhl.de\/steuer\/ratgeber\/grundsteuer-umlegen\/#primaryimage\",\"url\":\"https:\/\/www.buhl.de\/steuer\/wp-content\/uploads\/sites\/31\/2022\/01\/grundsteuer-auf-mieter-umlegen.jpg\",\"contentUrl\":\"https:\/\/www.buhl.de\/steuer\/wp-content\/uploads\/sites\/31\/2022\/01\/grundsteuer-auf-mieter-umlegen.jpg\",\"width\":976,\"height\":400},{\"@type\":\"BreadcrumbList\",\"@id\":\"https:\/\/www.buhl.de\/steuer\/ratgeber\/grundsteuer-umlegen\/#breadcrumb\",\"itemListElement\":[{\"@type\":\"ListItem\",\"position\":1,\"name\":\"Steuererkl\u00e4rung\",\"item\":\"https:\/\/www.buhl.de\/steuer\/\"},{\"@type\":\"ListItem\",\"position\":2,\"name\":\"Grundsteuer auf Mieter umlegen oder absetzen\"}]},{\"@type\":\"WebSite\",\"@id\":\"https:\/\/www.buhl.de\/steuer\/#website\",\"url\":\"https:\/\/www.buhl.de\/steuer\/\",\"name\":\"WISO Steuer: Nr. 1 Steuer-App\",\"description\":\"\",\"publisher\":{\"@id\":\"https:\/\/www.buhl.de\/steuer\/#organization\"},\"potentialAction\":[{\"@type\":\"SearchAction\",\"target\":{\"@type\":\"EntryPoint\",\"urlTemplate\":\"https:\/\/www.buhl.de\/steuer\/?s={search_term_string}\"},\"query-input\":{\"@type\":\"PropertyValueSpecification\",\"valueRequired\":true,\"valueName\":\"search_term_string\"}}],\"inLanguage\":\"de\"},{\"@type\":\"Organization\",\"@id\":\"https:\/\/www.buhl.de\/steuer\/#organization\",\"name\":\"WISO Steuer | Buhl Data Service GmbH\",\"url\":\"https:\/\/www.buhl.de\/steuer\/\",\"logo\":{\"@type\":\"ImageObject\",\"inLanguage\":\"de\",\"@id\":\"https:\/\/www.buhl.de\/steuer\/#\/schema\/logo\/image\/\",\"url\":\"https:\/\/www.buhl.de\/steuer\/wp-content\/uploads\/sites\/31\/2026\/02\/logo-wiso-steuer-app.svg\",\"contentUrl\":\"https:\/\/www.buhl.de\/steuer\/wp-content\/uploads\/sites\/31\/2026\/02\/logo-wiso-steuer-app.svg\",\"width\":375,\"height\":72,\"caption\":\"WISO Steuer | Buhl Data Service GmbH\"},\"image\":{\"@id\":\"https:\/\/www.buhl.de\/steuer\/#\/schema\/logo\/image\/\"}},{\"@type\":\"Person\",\"@id\":\"https:\/\/www.buhl.de\/steuer\/#\/schema\/person\/03b5508d4c85dc193be95cb4e2d78423\",\"name\":\"Udo Reu\u00df\",\"image\":{\"@type\":\"ImageObject\",\"inLanguage\":\"de\",\"@id\":\"https:\/\/www.buhl.de\/steuer\/#\/schema\/person\/image\/\",\"url\":\"https:\/\/www.buhl.de\/steuer\/wp-content\/uploads\/sites\/31\/2024\/07\/udo.png\",\"contentUrl\":\"https:\/\/www.buhl.de\/steuer\/wp-content\/uploads\/sites\/31\/2024\/07\/udo.png\",\"caption\":\"Udo Reu\u00df\"},\"sameAs\":[\"https:\/\/www.buhl.de\/steuer\/autoren\/udo-reuss\/\"]}]}<\/script>\n<!-- \/ Yoast SEO Premium plugin. -->","yoast_head_json":{"title":"Steuererkl\u00e4rung: Grundsteuer auf Mieter umlegen","description":"Grundsteuer auf Mieter umlegen: Geht das \u2753 Mehr Infos zur Umlage und wie man die Grundsteuer in der Steuererkl\u00e4rung angibt. \ud83d\udc49 Hier lesen.","robots":{"index":"index","follow":"follow","max-snippet":"max-snippet:-1","max-image-preview":"max-image-preview:large","max-video-preview":"max-video-preview:-1"},"canonical":"https:\/\/www.buhl.de\/steuer\/ratgeber\/grundsteuer-umlegen\/","og_locale":"de_DE","og_type":"article","og_title":"Grundsteuer auf Mieter umlegen oder absetzen","og_description":"Grundsteuer auf Mieter umlegen: Geht das \u2753 Mehr Infos zur Umlage und wie man die Grundsteuer in der Steuererkl\u00e4rung angibt. \ud83d\udc49 Hier lesen.","og_url":"https:\/\/www.buhl.de\/steuer\/ratgeber\/grundsteuer-umlegen\/","og_site_name":"WISO Steuer: Nr.1 App f\u00fcr die Steuererkl\u00e4rung","article_published_time":"2023-07-18T07:00:00+00:00","article_modified_time":"2025-03-17T12:02:24+00:00","og_image":[{"width":976,"height":400,"url":"https:\/\/www.buhl.de\/steuer\/wp-content\/uploads\/sites\/31\/2022\/01\/grundsteuer-auf-mieter-umlegen.jpg","type":"image\/jpeg"}],"author":"Udo Reu\u00df","twitter_card":"summary_large_image","twitter_misc":{"Verfasst von":"Udo Reu\u00df","Gesch\u00e4tzte Lesezeit":"6\u00a0Minuten"},"schema":{"@context":"https:\/\/schema.org","@graph":[{"@type":"Article","@id":"https:\/\/www.buhl.de\/steuer\/ratgeber\/grundsteuer-umlegen\/#article","isPartOf":{"@id":"https:\/\/www.buhl.de\/steuer\/ratgeber\/grundsteuer-umlegen\/"},"author":{"name":"Udo Reu\u00df","@id":"https:\/\/www.buhl.de\/steuer\/#\/schema\/person\/03b5508d4c85dc193be95cb4e2d78423"},"headline":"Grundsteuer auf Mieter umlegen oder absetzen","datePublished":"2023-07-18T07:00:00+00:00","dateModified":"2025-03-17T12:02:24+00:00","mainEntityOfPage":{"@id":"https:\/\/www.buhl.de\/steuer\/ratgeber\/grundsteuer-umlegen\/"},"wordCount":1130,"commentCount":0,"publisher":{"@id":"https:\/\/www.buhl.de\/steuer\/#organization"},"image":{"@id":"https:\/\/www.buhl.de\/steuer\/ratgeber\/grundsteuer-umlegen\/#primaryimage"},"thumbnailUrl":"https:\/\/www.buhl.de\/steuer\/wp-content\/uploads\/sites\/31\/2022\/01\/grundsteuer-auf-mieter-umlegen.jpg","articleSection":["Grundsteuer","Neueste Beitr\u00e4ge","Ratgeber: Immobilien &amp; Steuern"],"inLanguage":"de","potentialAction":[{"@type":"CommentAction","name":"Comment","target":["https:\/\/www.buhl.de\/steuer\/ratgeber\/grundsteuer-umlegen\/#respond"]}]},{"@type":"WebPage","@id":"https:\/\/www.buhl.de\/steuer\/ratgeber\/grundsteuer-umlegen\/","url":"https:\/\/www.buhl.de\/steuer\/ratgeber\/grundsteuer-umlegen\/","name":"Steuererkl\u00e4rung: Grundsteuer auf Mieter umlegen","isPartOf":{"@id":"https:\/\/www.buhl.de\/steuer\/#website"},"primaryImageOfPage":{"@id":"https:\/\/www.buhl.de\/steuer\/ratgeber\/grundsteuer-umlegen\/#primaryimage"},"image":{"@id":"https:\/\/www.buhl.de\/steuer\/ratgeber\/grundsteuer-umlegen\/#primaryimage"},"thumbnailUrl":"https:\/\/www.buhl.de\/steuer\/wp-content\/uploads\/sites\/31\/2022\/01\/grundsteuer-auf-mieter-umlegen.jpg","datePublished":"2023-07-18T07:00:00+00:00","dateModified":"2025-03-17T12:02:24+00:00","description":"Grundsteuer auf Mieter umlegen: Geht das \u2753 Mehr Infos zur Umlage und wie man die Grundsteuer in der Steuererkl\u00e4rung angibt. \ud83d\udc49 Hier lesen.","breadcrumb":{"@id":"https:\/\/www.buhl.de\/steuer\/ratgeber\/grundsteuer-umlegen\/#breadcrumb"},"inLanguage":"de","potentialAction":[{"@type":"ReadAction","target":["https:\/\/www.buhl.de\/steuer\/ratgeber\/grundsteuer-umlegen\/"]}]},{"@type":"ImageObject","inLanguage":"de","@id":"https:\/\/www.buhl.de\/steuer\/ratgeber\/grundsteuer-umlegen\/#primaryimage","url":"https:\/\/www.buhl.de\/steuer\/wp-content\/uploads\/sites\/31\/2022\/01\/grundsteuer-auf-mieter-umlegen.jpg","contentUrl":"https:\/\/www.buhl.de\/steuer\/wp-content\/uploads\/sites\/31\/2022\/01\/grundsteuer-auf-mieter-umlegen.jpg","width":976,"height":400},{"@type":"BreadcrumbList","@id":"https:\/\/www.buhl.de\/steuer\/ratgeber\/grundsteuer-umlegen\/#breadcrumb","itemListElement":[{"@type":"ListItem","position":1,"name":"Steuererkl\u00e4rung","item":"https:\/\/www.buhl.de\/steuer\/"},{"@type":"ListItem","position":2,"name":"Grundsteuer auf Mieter umlegen oder absetzen"}]},{"@type":"WebSite","@id":"https:\/\/www.buhl.de\/steuer\/#website","url":"https:\/\/www.buhl.de\/steuer\/","name":"WISO Steuer: Nr. 1 Steuer-App","description":"","publisher":{"@id":"https:\/\/www.buhl.de\/steuer\/#organization"},"potentialAction":[{"@type":"SearchAction","target":{"@type":"EntryPoint","urlTemplate":"https:\/\/www.buhl.de\/steuer\/?s={search_term_string}"},"query-input":{"@type":"PropertyValueSpecification","valueRequired":true,"valueName":"search_term_string"}}],"inLanguage":"de"},{"@type":"Organization","@id":"https:\/\/www.buhl.de\/steuer\/#organization","name":"WISO Steuer | Buhl Data Service GmbH","url":"https:\/\/www.buhl.de\/steuer\/","logo":{"@type":"ImageObject","inLanguage":"de","@id":"https:\/\/www.buhl.de\/steuer\/#\/schema\/logo\/image\/","url":"https:\/\/www.buhl.de\/steuer\/wp-content\/uploads\/sites\/31\/2026\/02\/logo-wiso-steuer-app.svg","contentUrl":"https:\/\/www.buhl.de\/steuer\/wp-content\/uploads\/sites\/31\/2026\/02\/logo-wiso-steuer-app.svg","width":375,"height":72,"caption":"WISO Steuer | Buhl Data Service GmbH"},"image":{"@id":"https:\/\/www.buhl.de\/steuer\/#\/schema\/logo\/image\/"}},{"@type":"Person","@id":"https:\/\/www.buhl.de\/steuer\/#\/schema\/person\/03b5508d4c85dc193be95cb4e2d78423","name":"Udo Reu\u00df","image":{"@type":"ImageObject","inLanguage":"de","@id":"https:\/\/www.buhl.de\/steuer\/#\/schema\/person\/image\/","url":"https:\/\/www.buhl.de\/steuer\/wp-content\/uploads\/sites\/31\/2024\/07\/udo.png","contentUrl":"https:\/\/www.buhl.de\/steuer\/wp-content\/uploads\/sites\/31\/2024\/07\/udo.png","caption":"Udo Reu\u00df"},"sameAs":["https:\/\/www.buhl.de\/steuer\/autoren\/udo-reuss\/"]}]}},"acf":[],"wps_subtitle":"So gibst du die Grundsteuer in der Steuererkl\u00e4rung an","_links":{"self":[{"href":"https:\/\/www.buhl.de\/steuer\/wp-json\/wp\/v2\/posts\/47253","targetHints":{"allow":["GET"]}}],"collection":[{"href":"https:\/\/www.buhl.de\/steuer\/wp-json\/wp\/v2\/posts"}],"about":[{"href":"https:\/\/www.buhl.de\/steuer\/wp-json\/wp\/v2\/types\/post"}],"author":[{"embeddable":true,"href":"https:\/\/www.buhl.de\/steuer\/wp-json\/wp\/v2\/users\/220"}],"replies":[{"embeddable":true,"href":"https:\/\/www.buhl.de\/steuer\/wp-json\/wp\/v2\/comments?post=47253"}],"version-history":[{"count":45,"href":"https:\/\/www.buhl.de\/steuer\/wp-json\/wp\/v2\/posts\/47253\/revisions"}],"predecessor-version":[{"id":70350,"href":"https:\/\/www.buhl.de\/steuer\/wp-json\/wp\/v2\/posts\/47253\/revisions\/70350"}],"wp:featuredmedia":[{"embeddable":true,"href":"https:\/\/www.buhl.de\/steuer\/wp-json\/wp\/v2\/media\/47293"}],"wp:attachment":[{"href":"https:\/\/www.buhl.de\/steuer\/wp-json\/wp\/v2\/media?parent=47253"}],"wp:term":[{"taxonomy":"category","embeddable":true,"href":"https:\/\/www.buhl.de\/steuer\/wp-json\/wp\/v2\/categories?post=47253"},{"taxonomy":"post_tag","embeddable":true,"href":"https:\/\/www.buhl.de\/steuer\/wp-json\/wp\/v2\/tags?post=47253"}],"curies":[{"name":"wp","href":"https:\/\/api.w.org\/{rel}","templated":true}]}}