{"id":48360,"date":"2025-07-18T09:57:42","date_gmt":"2025-07-18T07:57:42","guid":{"rendered":"https:\/\/www.buhl.de\/steuer\/?p=48360"},"modified":"2026-04-16T13:19:04","modified_gmt":"2026-04-16T11:19:04","slug":"arbeitsmittel-absetzen","status":"publish","type":"post","link":"https:\/\/www.buhl.de\/steuer\/ratgeber\/arbeitsmittel-absetzen\/","title":{"rendered":"Arbeitsmittel absetzen \u2013 so holst du deine Jobkosten zur\u00fcck"},"content":{"rendered":"<p>Arbeitsmittel sind Gegenst\u00e4nde, die f\u00fcr den Job genutzt werden. Die Ausgaben daf\u00fcr sind absetzbare Werbungskosten. Welche Arbeitsmittel in die Steuererkl\u00e4rung geh\u00f6ren und was bei privaten Anschaffungen zu beachten ist, zeigen wir hier. <!--more--><\/p>\n<h2>Kurz &amp; knapp<\/h2>\n<ul>\n<li>Arbeitsmittel geh\u00f6ren zu den Werbungskosten und sind unbegrenzt absetzbar<\/li>\n<li>Nutzt du den Gegenstand zu mindestens 90 Prozent beruflich, kannst du ihn zu 100 Prozent ansetzen<\/li>\n<li>F\u00fcr Arbeitszimmer, Fortbildung oder Zweitausbildung ben\u00f6tigte Arbeitsmittel sind auch Werbungskosten<\/li>\n<li>Kosten Arbeitsmittel mehr als 952 Euro, muss die Nutzungsdauer auf mehrere Jahre verteilt abgeschrieben werden<\/li>\n<\/ul>\n<p>WISO Steuer pr\u00fcft deine Ausgaben, schl\u00e4gt Pauschalen vor und hilft dir Schritt f\u00fcr Schritt zur maximalen Erstattung. Finde heraus wie hoch sie ist:<\/p>\n\r\n        <div role=\"region\" aria-label=\"\" class=\"white-background\">\r\n            <div class=\"container\">\r\n                <div class=\"row\">\r\n                    <div class=\"col-12 d-flex justify-content-center align-items-center flex-column flex-lg-row\">\r\n                    \r\n\r\n                    \r\n                        <a class=\"secondary w-230 d-none d-md-flex justify-content-center align-items-center font-cairo-2 fw700 action-anonymous\"\r\n                            role=\"button\"\r\n                            href=\"https:\/\/www.buhl.de\/mein-buhlkonto\/?buhlparam=2100101\"\r\n                            title=\"Kostenlos testen\"\r\n                            target=\"_self\"\r\n                            id=\"arbeitsmittel-absetzen-einstieg\"\r\n                            onclick=\"dataLayer.push({'event': 'ButtonClick SW','sw-button': 'click-testen'});\">\r\n                            Kostenlos testen\r\n                        <\/a>\r\n\r\n                        <a class=\"secondary w-230 d-flex d-md-none justify-content-center align-items-center font-cairo-2 fw700 action-anonymous\"\r\n                            role=\"button\"\r\n                            href=\"https:\/\/www.buhl.de\/mein-buhlkonto\/?buhlparam=2100101\"\r\n                            title=\"Kostenlos testen\"\r\n                            target=\"_self\"\r\n                            id=\"arbeitsmittel-absetzen-einstieg-m\"\r\n                            onclick=\"dataLayer.push({'event': 'ButtonClick SW','sw-button': 'click-mobile-starten'});\">\r\n                            Kostenlos testen\r\n                        <\/a>\r\n                    \r\n                    <\/div>\r\n                <\/div>\r\n            <\/div>\r\n        <\/div>\r\n    \r\n        <div class=\"spacing-modul  \">\r\n            <div class=\"container spacing-modul\">\r\n               <div class=\"row\">\r\n                   <div id=\"\" class=\"anchor\"><\/div>\r\n                   <div class=\"col-12 modul-spacing-blog-c\"><\/div>\r\n                   <div class=\"col-12 modul-spacing-blog-c\"><\/div>\r\n               <\/div>\r\n            <\/div>\r\n        <\/div>\r\n    \n<h2>Was sind Arbeitsmittel?<\/h2>\n<p>Alles, was du brauchst, um deinen Job zu machen \u2013 zum Beispiel Laptop, Werkzeug, Fachliteratur oder B\u00fcromaterial \u2013 gilt als sogenanntes <strong>Arbeitsmittel<\/strong>. Kaufst du solche Dinge, kannst du die Kosten in deiner Steuererkl\u00e4rung als <a title=\"Was z\u00e4hlt zu den Werbungskosten?\" href=\"https:\/\/www.buhl.de\/steuer\/ratgeber\/werbungskosten\/\">Werbungskosten<\/a> angeben.<\/p>\n<p>Das gilt nicht nur f\u00fcr den Kaufpreis selbst, sondern auch f\u00fcr alles, was drumherum anf\u00e4llt: Zum Beispiel Versandkosten, Verpackung oder die Fahrt zum Gesch\u00e4ft. Auch sp\u00e4tere Ausgaben f\u00fcr Reparatur, Reinigung oder Wartung senken deine Steuern \u2013 und bringen oft eine Erstattung vom Finanzamt.<\/p>\n<p>Fast alle Arbeitnehmer k\u00f6nnen Ausgaben f\u00fcr Arbeitsmittel absetzen. Doch die Regel gilt nicht nur f\u00fcr klassische Angestelltenjobs \u2013 auch bei anderen T\u00e4tigkeiten erkennt das Finanzamt entsprechende Kosten an. Zum Beispiel bei:<\/p>\n<ul class=\"sw-blog-icon sw-blog-icon-1\">\n<li>Selbstst\u00e4ndigen und Gewerbetreibenden<\/li>\n<li>Studenten<\/li>\n<li>Vermietern<\/li>\n<\/ul>\n<h3>Beispiele f\u00fcr Arbeitsmittel<\/h3>\n<p>Bei der Steuer ansetzen kannst du die Dinge, die du <strong>selbst angeschafft<\/strong> hast und f\u00fcr deine berufliche T\u00e4tigkeit verwendest. F\u00fcr Angestellte, die B\u00fcrot\u00e4tigkeiten aus\u00fcben, sind das zum Beispiel:<\/p>\n<ul>\n<li>B\u00fcroausstattung: Schreibtisch, B\u00fcrostuhl, Papierkorb und Schreibtischlampe<\/li>\n<li>Schreibwaren: Schreibbl\u00f6cke, Stifte, Ordner, Notizzettel und B\u00fcroklammern<\/li>\n<li><a title=\"Fachliteratur absetzen\" href=\"https:\/\/www.buhl.de\/steuer\/ratgeber\/fachliteratur-absetzen\/\">Fachliteratur<\/a>: B\u00fccher oder Zeitschriften<\/li>\n<li>IT-Ausr\u00fcstung: Privater Computer, Headset, USB-Netzteile, externe Festplatten oder ein Cloud-Abonnement<\/li>\n<\/ul>\n<p>Wer etwas Handfestes arbeitet, kann Werkzeug wie Schraubschl\u00fcssel, Hammer oder Kantenschleifer absetzen. Auch typische <a title=\"Arbeitskleidung absetzen\" href=\"https:\/\/www.buhl.de\/steuer\/ratgeber\/arbeitskleidung-absetzen\/\">Arbeitskleidung<\/a> geh\u00f6rt in die Steuererkl\u00e4rung: Kochkittel, Blaumann, Labormantel oder Sicherheitsschuhe.<\/p>\n<h4>Berufsbezug muss erkennbar sein<\/h4>\n<p>Damit das Finanzamt ein Kleidungsst\u00fcck als Arbeitsmittel anerkennt, muss es klar und eindeutig zum Beruf geh\u00f6ren. Typische Arbeitskleidung \u2013 wie Sicherheitsschuhe, Arztkittel oder Uniformen \u2013 l\u00e4sst sich problemlos absetzen.<\/p>\n<p>Sobald ein Kleidungsst\u00fcck aber beruflich und privat getragen werden kann, ist der Steuerabzug ausgeschlossen. Ein einfaches wei\u00dfes T-Shirt z\u00e4hlt also nicht, selbst wenn es bei der Arbeit getragen wird \u2013 wie etwa von einer Arzthelferin. Tr\u00e4gt das T-Shirt hingegen das Logo des Arbeitgebers, sieht das Finanzamt darin ein deutliches Zeichen f\u00fcr berufliche Nutzung. In diesem Fall darf der Kauf als Werbungskosten angesetzt werden.<\/p>\n\r\n        <div class=\"spacing-modul  \">\r\n            <div class=\"container spacing-modul\">\r\n               <div class=\"row\">\r\n                   <div id=\"\" class=\"anchor\"><\/div>\r\n                   <div class=\"col-12 modul-spacing-blog-c\"><\/div>\r\n                   <div class=\"col-12 modul-spacing-blog-c\"><\/div>\r\n               <\/div>\r\n            <\/div>\r\n        <\/div>\r\n    \r\n        <div class=\"white-background\">\r\n            <div class=\"container\">\r\n                <div class=\"content info-blog-modul blog-wrapper\">\r\n                    <div class=\"row\">\r\n                        <div class=\"d-flex align-items-center text-center text-lg-left align-items-xl-start flex-column flex-xl-row col-12 offset-lg-2 col-lg-8 offset-xl-1 col-xl-9\">\r\n                            <img decoding=\"async\" loading=\"lazy\" class=\"img-fluid\" src=\"https:\/\/www.buhl.de\/steuer\/wp-content\/themes\/steuer-web\/buhl-steuer\/assets\/blog\/blog-module\/info-icon.svg\" alt=\"Information zum Thema\" title=\"Information zum Thema\" \/>\r\n                            <div class=\"d-flex flex-column\">\r\n                                <h3 class=\"font-source-sans-pro-10 fw700 blue-font headline\">Dekoration z\u00e4hlt nicht dazu<\/h3><div class=\"font-source-sans-pro-1 blue-font\"> Eine sch\u00f6ne Designer-Vase auf dem Schreibtisch mag den Arbeitsplatz aufwerten \u2013 steuerlich bringt sie jedoch nichts. Alles, was rein dekorativen Zwecken dient und nicht zur Berufsaus\u00fcbung n\u00f6tig ist, gilt nicht als Arbeitsmittel.<\/div><\/div>\r\n                        <\/div>\r\n                    <\/div>\r\n                <\/div>\r\n            <\/div>\r\n        <\/div>\r\n    \r\n        <div class=\"spacing-modul  \">\r\n            <div class=\"container spacing-modul\">\r\n               <div class=\"row\">\r\n                   <div id=\"\" class=\"anchor\"><\/div>\r\n                   <div class=\"col-12 modul-spacing-blog-c\"><\/div>\r\n                   <div class=\"col-12 modul-spacing-blog-c\"><\/div>\r\n               <\/div>\r\n            <\/div>\r\n        <\/div>\r\n    \n<h2>So gibst du die Kosten richtig an<\/h2>\n<p>Hast du ein Arbeitsmittel f\u00fcr den Job gekauft, kannst du dieses je nach H\u00f6he des Kaufpreises entweder sofort \u2013 also im selben Jahr, in dem du es gekauft hast \u2013 oder \u00fcber mehrere Jahre verteilt angeben (= <a title=\"Abschreibung: So funktionieren AfA und GWG\" href=\"https:\/\/www.buhl.de\/steuer\/ratgeber\/afa-gwg\/\">abschreiben<\/a>):<\/p>\n<h3>Bis zu 952 Euro<\/h3>\n<p>Liegt der Kaufpreis bei maximal 800\u202fEuro netto (das sind 952\u202fEuro brutto mit Mehrwertsteuer), handelt es sich um ein sogenanntes geringwertiges Wirtschaftsgut (GWG). Die gute Nachricht:<br \/>\n\u27a1\ufe0f Du darfst den kompletten Betrag <strong>sofort im Jahr der Anschaffung<\/strong> absetzen.<\/p>\n<p>Achtung: Das geht nur, wenn das Ger\u00e4t \u201ef\u00fcr sich allein\u201c nutzbar ist. Ist das Arbeitsmittel nicht eigenst\u00e4ndig nutzbar, z\u00e4hlt es nicht als GWG. Dann musst du es zusammen mit dem Hauptger\u00e4t abschreiben \u2013 also \u00fcber mehrere Jahre verteilen. Dabei spielt es keine Rolle, wie hoch der Kaufpreis war.<\/p>\n<p>Beispiel: Ein Schreibtisch ist f\u00fcr sich allein nutzbar, ein Kameraobjektiv dagegen nicht. Du kannst es nur zusammen mit der Kamera abschreiben \u2013 auch wenn es unter 952\u202fEuro gekostet hat.<\/p>\n\r\n        <div class=\"spacing-modul  \">\r\n            <div class=\"container spacing-modul\">\r\n               <div class=\"row\">\r\n                   <div id=\"\" class=\"anchor\"><\/div>\r\n                   <div class=\"col-12 modul-spacing-blog-c\"><\/div>\r\n                   <div class=\"col-12 modul-spacing-blog-c\"><\/div>\r\n               <\/div>\r\n            <\/div>\r\n        <\/div>\r\n    \r\n        <div class=\"white-background\">\r\n            <div class=\"container\">\r\n                <div class=\"content info-blog-modul blog-wrapper\">\r\n                    <div class=\"row\">\r\n                        <div class=\"d-flex align-items-center text-center text-lg-left align-items-xl-start flex-column flex-xl-row col-12 offset-lg-2 col-lg-8 offset-xl-1 col-xl-9\">\r\n                            <img decoding=\"async\" loading=\"lazy\" class=\"img-fluid\" src=\"https:\/\/www.buhl.de\/steuer\/wp-content\/themes\/steuer-web\/buhl-steuer\/assets\/blog\/blog-module\/info-icon.svg\" alt=\"Information zum Thema\" title=\"Information zum Thema\" \/>\r\n                            <div class=\"d-flex flex-column\">\r\n                                <h3 class=\"font-source-sans-pro-10 fw700 blue-font headline\">Computer, Computer-Zubeh\u00f6r und Software<\/h3><div class=\"font-source-sans-pro-1 blue-font\">Computer, Drucker, Software &amp; Co. d\u00fcrfen seit 2021 sofort im Jahr des Kaufs vollst\u00e4ndig abgesetzt werden \u2013 egal, wie teuer sie sind. Selbst wenn du den Laptop erst im Dezember gekauft hast, kannst du die vollen Kosten noch im selben Jahr absetzen.<\/p>\n<p>\ud83d\udc49 Weitere Informationen gibt es hier: <a title=\"Computer &amp; Laptop absetzen\" href=\"https:\/\/www.buhl.de\/steuer\/ratgeber\/computer-steuer-absetzen\/\">Computer absetzen<\/a><\/div><\/div>\r\n                        <\/div>\r\n                    <\/div>\r\n                <\/div>\r\n            <\/div>\r\n        <\/div>\r\n    \r\n        <div class=\"spacing-modul  \">\r\n            <div class=\"container spacing-modul\">\r\n               <div class=\"row\">\r\n                   <div id=\"\" class=\"anchor\"><\/div>\r\n                   <div class=\"col-12 modul-spacing-blog-c\"><\/div>\r\n                   <div class=\"col-12 modul-spacing-blog-c\"><\/div>\r\n               <\/div>\r\n            <\/div>\r\n        <\/div>\r\n    \n<h3>Mehr als 952 Euro<\/h3>\n<p>Liegt der Kaufpreis deines Arbeitsmittels \u00fcber 952\u202fEuro (brutto) bzw. 800\u202fEuro (netto), musst du den <strong>Kaufpreis auf mehrere Jahre verteilen<\/strong> \u2013 also abschreiben. Wie viele Jahre das sind, h\u00e4ngt davon ab, wie lange das Arbeitsmittel in der Regel genutzt wird. Diese sogenannte Nutzungsdauer ist amtlich festgelegt.<\/p>\n<h4>Nutzungsdauer: Den richtigen Zeitraum automatisch ermitteln<\/h4>\n<p>ie Suche in komplizierten AfA-Tabellen nach der richtigen Abschreibungsdauer kannst du dir sparen. Ob Aktenschrank, Smartphone oder Spezialwerkzeug \u2013 WISO Steuer kennt die aktuellen gesetzlichen Vorgaben f\u00fcr tausende Arbeitsmittel und ermittelt anhand deiner Angaben automatisch die passende Nutzungsdauer.<br \/>\nDu musst kein Steuerexperte sein: Das Programm f\u00fchrt dich sicher durch die Erfassung und setzt den rechtlich vorgesehenen Zeitraum f\u00fcr dich an.<br \/>\nBesonders komfortabel: Mit der <a title=\"Steuer-App von WISO Steuer\" href=\"https:\/\/www.buhl.de\/steuer\/app\/\">WISO Steuer App<\/a> kannst du Belege f\u00fcr deine Arbeitsmittel direkt nach dem Kauf abfotografieren und erfassen. Die Software k\u00fcmmert sich im Hintergrund um die korrekte Verteilung der Kosten \u00fcber die Jahre, sodass du immer das optimale Ergebnis erzielst.<\/p>\n<h4>K\u00e4ufe mitten im Jahr<\/h4>\n<p>Die Abschreibung beginnt ab dem Monat, in dem du das Arbeitsmittel kaufst \u2013 selbst wenn das mitten im Jahr ist. Wird der Schreibtisch zum Beispiel im Juni 2024 f\u00fcr 1.000\u202fEuro gekauft und haupts\u00e4chlich beruflich genutzt, muss der Betrag \u00fcber mehrere Jahre verteilt werden. Laut den amtlichen AfA-Tabellen betr\u00e4gt die Nutzungsdauer f\u00fcr einen Schreibtisch 13 Jahre. Das bedeutet: Jedes Jahr d\u00fcrfen rund 76,92\u202fEuro von der Steuer abgesetzt werden.<\/p>\n<p style=\"font-weight: 400\">Da der Kauf jedoch mitten im Jahr erfolgt, beginnt die Abschreibung anteilig ab Juni. Im ersten Jahr d\u00fcrfen daher nur 7\/12 des Jahresbetrags angesetzt werden \u2013 das sind aufgerundet 45\u202fEuro f\u00fcr das Steuerjahr 2024. Ab dem Folgejahr sind es dann jeweils 77\u202fEuro pro Jahr, bis der gesamte Betrag abgeschrieben ist.<\/p>\n<h3>Das gilt f\u00fcr gebrauchte Arbeitsmittel<\/h3>\n<p>Auch wenn du gebrauchte Gegenst\u00e4nde f\u00fcr den Job kaufst \u2013 zum Beispiel einen gebrauchten B\u00fcrostuhl oder Monitor \u2013, kannst du den bezahlten Preis ebenso absetzen. Wichtig: Kaufbeleg gut aufbewahren! Auch hier gilt die gleiche Regel wie bei neugekauften Gegenst\u00e4nden:<\/p>\n<ul>\n<li>Unter 800\u202fEuro netto (952\u202fEuro brutto): sofort absetzen<\/li>\n<li>\u00dcber 800\u202fEuro netto: \u00fcber mehrere Jahre abschreiben<\/li>\n<\/ul>\n<p>Das Gute aber: Da das Arbeitsmittel bereits gebraucht ist, darfst du <strong>f\u00fcr die AfA einen k\u00fcrzeren Zeitraum<\/strong>\u00a0w\u00e4hlen als bei einem neuen Produkt.<\/p>\n<p>Ist die von den amtlichen AfA-Tabellen festgelegte Nutzungsdauer bereits bei Kauf abgelaufen? Dann musst du die Abschreibungszeit selbst realistisch sch\u00e4tzen \u2013 zum Beispiel nach Zustand, Alter und voraussichtlicher Restnutzung.<\/p>\n\r\n        <div class=\"spacing-modul  \">\r\n            <div class=\"container spacing-modul\">\r\n               <div class=\"row\">\r\n                   <div id=\"\" class=\"anchor\"><\/div>\r\n                   <div class=\"col-12 modul-spacing-blog-c\"><\/div>\r\n                   <div class=\"col-12 modul-spacing-blog-c\"><\/div>\r\n               <\/div>\r\n            <\/div>\r\n        <\/div>\r\n    \r\n        <div class=\"white-background\">\r\n            <div class=\"full-width-text\">\r\n                <div class=\"blog-wrapper silver-background\">\r\n                    <div class=\"container blog-ad1\">\r\n                        <div class=\"row\">\r\n                            <div class=\"col-12 col-lg-6 d-flex justify-content-center flex-column\">\r\n                                <!--<div class=\"\">-->\r\n                                    \r\n                                        <h3 class=\"font-cairo-10 fw700 blue-font headline-spacing-30 text-left\">Arbeitsmittel abschreiben leicht gemacht<\/h3>\r\n                                    \r\n                                    \r\n                                    \r\n                                        <div class=\"font-source-sans-pro-1 mt-30 mb-30 blue-font subline-width text-left\">Keine Sorge, du musst die Tabellen nicht selbst heraussuchen: WISO Steuer berechnet die Abschreibung automatisch \u2013 auf Basis der offiziellen AfA-Tabellen (AfA = Absetzung f\u00fcr Abnutzung). Probiere es gleich heute aus:<\/div>\r\n                                    \r\n                                    \r\n                                    \r\n                                    <div class=\"d-flex flex-column flex-md-row align-items-start\">\r\n                                        \r\n                                        <a class=\"font-cairo-2 fw700 intro-button secondary w-230 d-none d-md-flex mr-md-25 justify-content-center align-items-center\"\r\n                                           role=\"button\"\r\n                                           href=\"https:\/\/www.buhl.de\/mein-buhlkonto\/?buhlparam=2100101\"\r\n                                           target=\"_self\"\r\n                                           title=\"Hier kostenlos starten\"\r\n                                           id=\"ad-custom\"\r\n                                           onclick=\"dataLayer.push({'event': 'ButtonClick SW','sw-button': 'click-testen'});\">\r\n                                           Kostenlos testen\r\n                                        <\/a>\r\n                                        \r\n                                        \r\n                                        \r\n                                        <a class=\"d-flex justify-content-center align-items-center d-md-none font-cairo-2 fw700 intro-button secondary w-230\"\r\n                                           role=\"button\"\r\n                                           href=\"https:\/\/www.buhl.de\/mein-buhlkonto\/?buhlparam=2100101\"\r\n                                           target=\"_self\"\r\n                                           title=\"Hier kostenlos starten\"\r\n                                           id=\"ad-custom-m\"\r\n                                           onclick=\"dataLayer.push({'event': 'ButtonClick SW','sw-button': 'click-mobile-starten'});\">\r\n                                           Kostenlos testen\r\n                                        <\/a>\r\n                                        \r\n                                        \r\n                                        \r\n                                        \r\n                                        \r\n                                    <\/div>\r\n                                    \r\n                                <!--<\/div>-->\r\n                            <\/div>\r\n\r\n                            <div class=\"col-12 col-lg-6 tablet-image-spacing d-flex align-content-center\">\r\n                                <div class=\"d-flex justify-content-start tablet-no-spacing\">\r\n                                    \r\n                                        <img decoding=\"async\" loading=\"lazy\" height=\"40\" alt=\"WISO&nbsp;Steuer Vorteile\" title=\"WISO&nbsp;Steuer Buhl Logo\" \r\n                                            class=\"d-none d-md-block \" src=\"https:\/\/www.buhl.de\/steuer\/wp-content\/themes\/steuer-web\/buhl-steuer\/assets\/blog\/blog-custom-ad\/wiso-steuer-werbung.svg\" \/>\r\n                                    \r\n                                    \r\n                                            \r\n                                    \r\n                                        <img decoding=\"async\" loading=\"lazy\" alt=\"WISO&nbsp;Steuer Vorteile\" title=\"WISO&nbsp;Steuer Buhl Logo\" \r\n                                            class=\"mx-auto d-md-none mobile \" src=\"https:\/\/www.buhl.de\/steuer\/wp-content\/themes\/steuer-web\/buhl-steuer\/assets\/blog\/blog-custom-ad\/wiso-steuer-werbung.svg\" \/>\r\n                                    \r\n                                <\/div>\r\n                            <\/div>\r\n                        <\/div>\r\n                    <\/div>\r\n                <\/div>\r\n            <\/div>\r\n        <\/div>\r\n    \r\n        <div class=\"spacing-modul  \">\r\n            <div class=\"container spacing-modul\">\r\n               <div class=\"row\">\r\n                   <div id=\"\" class=\"anchor\"><\/div>\r\n                   <div class=\"col-12 modul-spacing-blog-c\"><\/div>\r\n                   <div class=\"col-12 modul-spacing-blog-c\"><\/div>\r\n               <\/div>\r\n            <\/div>\r\n        <\/div>\r\n    \n<h2>Das musst du bei privat genutzten Sachen beachten<\/h2>\n<p style=\"font-weight: 400\">Viele Arbeitsmittel werden nicht nur beruflich, sondern auch privat genutzt \u2013 etwa ein Laptop, ein B\u00fccherschrank oder ein Drucker. Grunds\u00e4tzlich gilt: Nur der berufliche Anteil ist steuerlich absetzbar.<\/p>\n<p>Wenn du dem Finanzamt glaubhaft machen kannst, dass du ein Ger\u00e4t oder M\u00f6belst\u00fcck f\u00fcr den Job brauchst, darfst du es anteilig oder sogar vollst\u00e4ndig absetzen.<\/p>\n<h3>\u00dcberwiegend private Nutzung<\/h3>\n<p>Nutzt du das Arbeitsmittel weniger als 10 Prozent beruflich, darfst du keine Kosten daf\u00fcr in der Steuererkl\u00e4rung angeben. Diese geh\u00f6ren dann zu den Kosten der privaten Lebensf\u00fchrung.<\/p>\n<h3>\u00dcberwiegend berufliche Nutzung<\/h3>\n<p>Nutzt du das Arbeitsmittel fast ausschlie\u00dflich beruflich \u2013 zu mindestens 90 Prozent \u2013 darfst du aufrunden. Die Kosten kannst du dann zu 100 Prozent als Werbungskosten in der Steuererkl\u00e4rung ansetzen.<\/p>\n<h3>Gemischte Nutzung<\/h3>\n<p>Liegt die berufliche Nutzung zwischen 10\u202fProzent und 90\u202fProzent, musst du die Kosten aufteilen \u2013 in beruflich (Werbungskosten) und privat. Die Aufteilung sollte objektiv nachvollziehbar sein, zum Beispiel nach Zeit oder Fl\u00e4che. Beispiele:<\/p>\n<ul>\n<li>B\u00fccherschrank: Darin stehen zu 70 Prozent Fachb\u00fccher und -zeitschriften und rund 30 Prozent der Fl\u00e4che ist mit privaten B\u00fcchern belegt. Dann kannst du 70 Prozent der Aufwendungen f\u00fcr den B\u00fccherschrank als Werbungskosten ansetzen.<\/li>\n<li>Laptop: Wird der Laptop zur H\u00e4lfte beruflich genutzt (f\u00fcr E-Mails, Pr\u00e4sentationen, Recherchen), kannst du die berufliche Nutzung auf 50 Prozent sch\u00e4tzen und angeben. Kaufst du einen neuen Laptop, den du rein beruflich nutzt, kannst du die Kosten auch zu 100 Prozent ansetzen.<\/li>\n<\/ul>\n<p>Doch was gilt, wenn die Kostenaufteilung nach objektiven Kriterien nicht m\u00f6glich ist? Die Antwort ist kurz: In diesem Fall kannst du die Kosten f\u00fcr Arbeitsmittel nicht als Werbungskosten absetzen.<\/p>\n<p>\u00dcbrigens: Bei Computern wird von den Finanz\u00e4mtern meist ein Anteil von 50 Prozent der Kosten anerkannt, sofern die berufliche Nutzung glaubhaft ist. Wer mehr bei der Steuer ansetzen will, muss sich auf eventuelle Nachfragen des Finanzamts einstellen.<\/p>\n\r\n        <div class=\"spacing-modul  \">\r\n            <div class=\"container spacing-modul\">\r\n               <div class=\"row\">\r\n                   <div id=\"\" class=\"anchor\"><\/div>\r\n                   <div class=\"col-12 modul-spacing-blog-c\"><\/div>\r\n                   <div class=\"col-12 modul-spacing-blog-c\"><\/div>\r\n               <\/div>\r\n            <\/div>\r\n        <\/div>\r\n    \r\n        <div class=\"white-background\">\r\n            <div class=\"container\">\r\n                <div class=\"content info-blog-modul blog-wrapper\">\r\n                    <div class=\"row\">\r\n                        <div class=\"d-flex align-items-center text-center text-lg-left align-items-xl-start flex-column flex-xl-row col-12 offset-lg-2 col-lg-8 offset-xl-1 col-xl-9\">\r\n                            <img decoding=\"async\" loading=\"lazy\" class=\"img-fluid\" src=\"https:\/\/www.buhl.de\/steuer\/wp-content\/themes\/steuer-web\/buhl-steuer\/assets\/blog\/blog-module\/info-icon.svg\" alt=\"Information zum Thema\" title=\"Information zum Thema\" \/>\r\n                            <div class=\"d-flex flex-column\">\r\n                                <h3 class=\"font-source-sans-pro-10 fw700 blue-font headline\">Private Gegenst\u00e4nde pl\u00f6tzlich f\u00fcr den Job nutzen<\/h3><div class=\"font-source-sans-pro-1 blue-font\">Falls f\u00fcr den Gegenstand noch die amtlich vorgesehene Abschreibungszeit gilt, setze einfach den restlichen Wert bei der Steuer an, eventuell sogar \u00fcber mehrere Jahre. Ist der Gegenstand schon au\u00dferhalb dieser vorgesehenen Abschreibungszeiten, kann der Restwert \u00fcber einen Vergleich mit dem Gebrauchtmarkt gesch\u00e4tzt werden.<\/div><\/div>\r\n                        <\/div>\r\n                    <\/div>\r\n                <\/div>\r\n            <\/div>\r\n        <\/div>\r\n    \r\n        <div class=\"spacing-modul  \">\r\n            <div class=\"container spacing-modul\">\r\n               <div class=\"row\">\r\n                   <div id=\"\" class=\"anchor\"><\/div>\r\n                   <div class=\"col-12 modul-spacing-blog-c\"><\/div>\r\n                   <div class=\"col-12 modul-spacing-blog-c\"><\/div>\r\n               <\/div>\r\n            <\/div>\r\n        <\/div>\r\n    \n<h2>Arbeitsmittel-Pauschale: Gibt es das?<\/h2>\n<p>Wer ein paar kleinere Ausgaben f\u00fcr Arbeitsmittel im Jahr hatte, muss nicht alles einzeln aufschreiben. In diesem Fall kannst du einfach die \u201eNichtbeanstandungsgrenze\u201c nutzen: Viele Finanz\u00e4mter erkennen Arbeitsmittel <strong>bis zu 110 Euro ohne Nachweise<\/strong> an. Das hei\u00dft, du musst keine Rechnungen abgeben und dir bleibt die Zettelwirtschaft erspart.<\/p>\n<p>Einen Rechtsanspruch auf diese sogenannte Arbeitsmittel-Pauschale ohne Belege hast du nicht, da es sich um keine echte <a title=\"Diese Pauschalen solltest du kennen\" href=\"https:\/\/www.buhl.de\/steuer\/ratgeber\/pauschalen-pauschbetrag\/\">Pauschale<\/a> handelt. Schreibe daher am besten in deiner Steuererkl\u00e4rung rein, wof\u00fcr du Geld ausgegeben hast, zum Beispiel f\u00fcr Schreibwaren, Taschenrechner und Druckerpapier.<\/p>\n<h2>Arbeitsmittel in die Steuererkl\u00e4rung eintragen<\/h2>\n<p>Mit <a title=\"WISO Steuer: Steuerprogramm von Buhl\" href=\"https:\/\/www.buhl.de\/steuer\/\">WISO Steuer<\/a> musst du dich nicht erst auf die Suche nach den Tabellen f\u00fcr die Nutzungsdauer machen, denn es rechnet die Abschreibung automatisch f\u00fcr dich aus. Und findet dabei den Weg, der dir die meiste R\u00fcckerstattung verspricht.<\/p>\n<p>Gib die Anschaffungskosten f\u00fcr die Arbeitsmittel ganz einfach unter <em>Arbeitnehmer, Betriebsrentner und Pension\u00e4re &gt; Ausgaben (Werbungskosten)<\/em> in deiner <a title=\"Steuererk\u00e4rung: Schritt-f\u00fcr-Schritt Anleitung\" href=\"https:\/\/www.buhl.de\/steuer\/ratgeber\/steuererklaerung-machen\/\">Steuererkl\u00e4rung<\/a> an. Nutzt du die Gegenst\u00e4nde f\u00fcr mehrere Einkunftsarten, tr\u00e4gst du diese ebenfalls dort ein.<\/p>\n\r\n        <div class=\"spacing-modul  \">\r\n            <div class=\"container spacing-modul\">\r\n               <div class=\"row\">\r\n                   <div id=\"\" class=\"anchor\"><\/div>\r\n                   <div class=\"col-12 modul-spacing-blog-c\"><\/div>\r\n                   <div class=\"col-12 modul-spacing-blog-c\"><\/div>\r\n               <\/div>\r\n            <\/div>\r\n        <\/div>\r\n    \r\n        <div class=\"white-background d-none d-lg-block\">\r\n            <div class=\"container blog-image\">\r\n            \t<div class=\"row\">\r\n       <p class=\"col-12 font-source-sans-pro-1 blue-font\">\n<\/p>\r\n                <div class=\"d-flex col-12 align-items-center justify-content-center\">\r\n                         \r\n                            <a id=\"\" target=\"_self\" title=\"\" href=\"\">\r\n                         \r\n                      <picture class=\"img-fluid\">\r\n                             <img decoding=\"async\" loading=\"lazy\"\r\n                              alt=\"Eingabemaske f\u00fcr Arbeitsmittel in WISO Steuer\" \r\n                              title=\"\"\r\n                              src=\"https:\/\/www.buhl.de\/steuer\/wp-content\/uploads\/sites\/31\/2024\/10\/arbeitsmittel-absetzen-steuererklaerung.png\" >\r\n                      <\/picture>     \r\n                      \t\r\n                        \t<\/a>\r\n                    \t                      \r\n\t\t\t\t\t<\/div>  \r\n\t\t\t\t<\/div>                       \r\n            <\/div>\r\n        <\/div>                  \r\n    \n\r\n        <div class=\"white-background  d-lg-none\">\r\n            <div class=\"container blog-image\">\r\n            \t<div class=\"row\">\r\n       <p class=\"col-12 font-source-sans-pro-1 blue-font\">\n<\/p>\r\n                <div class=\"d-flex col-12 align-items-center justify-content-center\">\r\n                         \r\n                            <a id=\"\" target=\"_self\" title=\"\" href=\"\">\r\n                         \r\n                      <picture class=\"img-fluid\">\r\n                             <img decoding=\"async\" loading=\"lazy\"\r\n                              alt=\"Eingabemaske f\u00fcr Arbeitsmittel in der App WISO Steuer\" \r\n                              title=\"\"\r\n                              src=\"https:\/\/www.buhl.de\/steuer\/wp-content\/uploads\/sites\/31\/2024\/10\/arbeitsmittel-absetzen-steuer-app.png\" >\r\n                      <\/picture>     \r\n                      \t\r\n                        \t<\/a>\r\n                    \t                      \r\n\t\t\t\t\t<\/div>  \r\n\t\t\t\t<\/div>                       \r\n            <\/div>\r\n        <\/div>                  \r\n    \n\r\n        <div role=\"region\" aria-label=\"\" class=\"white-background\">\r\n            <div class=\"container\">\r\n                <div class=\"row\">\r\n                    <div class=\"col-12 d-flex justify-content-center align-items-center flex-column flex-lg-row\">\r\n                    \r\n\r\n                    \r\n                        <a class=\"secondary w-230 d-none d-md-flex justify-content-center align-items-center font-cairo-2 fw700 action-anonymous\"\r\n                            role=\"button\"\r\n                            href=\"https:\/\/www.buhl.de\/mein-buhlkonto\/?buhlparam=2100101\"\r\n                            title=\"Kostenlos testen\"\r\n                            target=\"_self\"\r\n                            id=\"arbeitsmittel-eintragen\"\r\n                            onclick=\"dataLayer.push({'event': 'ButtonClick SW','sw-button': 'click-testen'});\">\r\n                            Kostenlos testen\r\n                        <\/a>\r\n\r\n                        <a class=\"secondary w-230 d-flex d-md-none justify-content-center align-items-center font-cairo-2 fw700 action-anonymous\"\r\n                            role=\"button\"\r\n                            href=\"https:\/\/www.buhl.de\/mein-buhlkonto\/?buhlparam=2100101\"\r\n                            title=\"Kostenlos testen\"\r\n                            target=\"_self\"\r\n                            id=\"arbeitsmittel-eintragen-m\"\r\n                            onclick=\"dataLayer.push({'event': 'ButtonClick SW','sw-button': 'click-mobile-starten'});\">\r\n                            Kostenlos testen\r\n                        <\/a>\r\n                    \r\n                    <\/div>\r\n                <\/div>\r\n            <\/div>\r\n        <\/div>\r\n    \r\n        <div class=\"spacing-modul  \">\r\n            <div class=\"container spacing-modul\">\r\n               <div class=\"row\">\r\n                   <div id=\"\" class=\"anchor\"><\/div>\r\n                   <div class=\"col-12 modul-spacing-default-b\"><\/div>\r\n                   <div class=\"col-12 modul-spacing-default-b\"><\/div>\r\n               <\/div>\r\n            <\/div>\r\n        <\/div>\r\n    \n<h2>FAQ: Arbeitsmittel absetzen<\/h2>\n\r\n        <div class=\"white-background\">\r\n            <div class=\"container faq-module blog-download buhl-ap\">\r\n                <div class=\"row\">\r\n                <div class=\"col-12 p-lg-0\">\r\n                \r\n                    <div class=\"accordion accordionFaq\" id=\"accordionFaq\">\n<div class=\"card\">\n<div class=\"d-flex card-header border-0 collapsed\" id=\"heading1\" data-toggle=\"collapse\" data-target=\"#collapse1\"\r\n                    aria-expanded=\"false\" aria-controls=\"collapse1\">                                            \r\n                    <h3 class=\"font-source-sans-pro-1 blue-font no-margin\">Was sind Arbeitsmittel?<\/h3>\r\n                <\/div>\r\n\n\r\n        <div id=\"collapse1\" class=\"collapse\" aria-labelledby=\"heading1\" data-parent=\"#accordionFaq\">\r\n            <div class=\"card-body\">\r\n                Arbeitsmittel sind Gegenst\u00e4nde oder Kosten, die du beruflich nutzt und die notwendig sind, um deine Arbeit auszuf\u00fchren. Dazu z\u00e4hlen beispielsweise:<\/p>\n<ul>\n<li>Computer<\/li>\n<li>Schreibtische<\/li>\n<li>B\u00fcromaterial<\/li>\n<li>Fachliteratur<\/li>\n<\/ul>\n                \r\n            <\/div>\r\n        <\/div>\r\n\n<\/div>\n<div class=\"card\">\n<div class=\"d-flex card-header border-0 collapsed\" id=\"heading2\" data-toggle=\"collapse\" data-target=\"#collapse2\"\r\n                    aria-expanded=\"false\" aria-controls=\"collapse2\">                                            \r\n                    <h3 class=\"font-source-sans-pro-1 blue-font no-margin\">Warum kann ich Arbeitsmittel absetzen?<\/h3>\r\n                <\/div>\r\n\n\r\n        <div id=\"collapse2\" class=\"collapse\" aria-labelledby=\"heading2\" data-parent=\"#accordionFaq\">\r\n            <div class=\"card-body\">\r\n                Sie geh\u00f6ren zu deinen Werbungskosten, welche dir helfen, deine Steuerlast zu senken.                \r\n            <\/div>\r\n        <\/div>\r\n\n<\/div>\n<div class=\"card\">\n<div class=\"d-flex card-header border-0 collapsed\" id=\"heading3\" data-toggle=\"collapse\" data-target=\"#collapse3\"\r\n                    aria-expanded=\"false\" aria-controls=\"collapse3\">                                            \r\n                    <h3 class=\"font-source-sans-pro-1 blue-font no-margin\">Welche Voraussetzungen m\u00fcssen erf\u00fcllt sein?<\/h3>\r\n                <\/div>\r\n\n\r\n        <div id=\"collapse3\" class=\"collapse\" aria-labelledby=\"heading3\" data-parent=\"#accordionFaq\">\r\n            <div class=\"card-body\">\r\n                Es muss eine berufliche Nutzung vorliegen. Bei gemischter beruflicher und privater Nutzung muss ein beruflicher Nutzungsanteil nachgewiesen oder gesch\u00e4tzt werden. Ist die Kostenaufteilung nach objektiven Kriterien nicht m\u00f6glich, ist der Werbungskostenabzug nicht erlaubt.                \r\n            <\/div>\r\n        <\/div>\r\n\n<\/div>\n<div class=\"card\">\n<div class=\"d-flex card-header border-0 collapsed\" id=\"heading4\" data-toggle=\"collapse\" data-target=\"#collapse4\"\r\n                    aria-expanded=\"false\" aria-controls=\"collapse4\">                                            \r\n                    <h3 class=\"font-source-sans-pro-1 blue-font no-margin\">Wie trage ich Arbeitsmittel in WISO Steuer ein?<\/h3>\r\n                <\/div>\r\n\n\r\n        <div id=\"collapse4\" class=\"collapse\" aria-labelledby=\"heading4\" data-parent=\"#accordionFaq\">\r\n            <div class=\"card-body\">\r\n                \n<ol>\n<li>Tippe auf den Bereich <em>Arbeitnehmer, Betriebsrentner und Pension\u00e4re &gt; Ausgaben (Werbungskosten) &gt; Arbeitsmittel<\/em>.<\/li>\n<li>Trage den Rechnungsbetrag ein.<\/li>\n<li>Lass dich von WISO Steuer Schritt-f\u00fcr-Schritt f\u00fchren.<\/li>\n<\/ol>\n                \r\n            <\/div>\r\n        <\/div>\r\n\n<\/div>\n<div class=\"card\">\n<div class=\"d-flex card-header border-0 collapsed\" id=\"heading5\" data-toggle=\"collapse\" data-target=\"#collapse5\"\r\n                    aria-expanded=\"false\" aria-controls=\"collapse5\">                                            \r\n                    <h3 class=\"font-source-sans-pro-1 blue-font no-margin\">Gibt es eine Pauschale f\u00fcr Arbeitsmittel?<\/h3>\r\n                <\/div>\r\n\n\r\n        <div id=\"collapse5\" class=\"collapse\" aria-labelledby=\"heading5\" data-parent=\"#accordionFaq\">\r\n            <div class=\"card-body\">\r\n                F\u00fcr kleinere Anschaffungen gibt es eine Nichtbeanstandungsgrenze bis zu 110 Euro im Jahr. Viele Finanz\u00e4mter akzeptieren diese, doch du hast keinen Rechtsanspruch darauf.                \r\n            <\/div>\r\n        <\/div>\r\n\n<\/div>\n<div class=\"card\">\n<div class=\"d-flex card-header border-0 collapsed\" id=\"heading6\" data-toggle=\"collapse\" data-target=\"#collapse6\"\r\n                    aria-expanded=\"false\" aria-controls=\"collapse6\">                                            \r\n                    <h3 class=\"font-source-sans-pro-1 blue-font no-margin\">Kann ich teurere Anschaffungen vollst\u00e4ndig absetzen?<\/h3>\r\n                <\/div>\r\n\n\r\n        <div id=\"collapse6\" class=\"collapse\" aria-labelledby=\"heading6\" data-parent=\"#accordionFaq\">\r\n            <div class=\"card-body\">\r\n                Ja, Arbeitsmittel mit Anschaffungskosten bis 800 Euro netto (952 Euro brutto) k\u00f6nnen sofort in voller H\u00f6he abgesetzt werden. Teurere Arbeitsmittel musst du \u00fcber die Nutzungsdauer abschreiben. Nur Computer kannst du immer bereits im Jahr des Kaufs vollst\u00e4ndig absetzen.                \r\n            <\/div>\r\n        <\/div>\r\n\n<\/div>\n<div class=\"card\">\n<div class=\"d-flex card-header border-0 collapsed\" id=\"heading7\" data-toggle=\"collapse\" data-target=\"#collapse7\"\r\n                    aria-expanded=\"false\" aria-controls=\"collapse7\">                                            \r\n                    <h3 class=\"font-source-sans-pro-1 blue-font no-margin\">Muss ich Belege f\u00fcr meine Arbeitsmittel aufbewahren?<\/h3>\r\n                <\/div>\r\n\n\r\n        <div id=\"collapse7\" class=\"collapse\" aria-labelledby=\"heading7\" data-parent=\"#accordionFaq\">\r\n            <div class=\"card-body\">\r\n                Ja, auch wenn du die <a title=\"Belege elektronisch nachreichen\" href=\"https:\/\/www.buhl.de\/steuer\/ratgeber\/belege\/\">Belege<\/a> nicht sofort bei der Steuererkl\u00e4rung einreichen musst, solltest du diese mindestens so lange aufbewahren, bis das Arbeitsmittel steuerlich vollst\u00e4ndig abgeschrieben ist. Das Finanzamt kann jederzeit Belege anfordern, um die geltend gemachten Arbeitsmittel zu \u00fcberpr\u00fcfen.                \r\n            <\/div>\r\n        <\/div>\r\n\n<\/div>\n<div class=\"card\">\n<div class=\"d-flex card-header border-0 collapsed\" id=\"heading8\" data-toggle=\"collapse\" data-target=\"#collapse8\"\r\n                    aria-expanded=\"false\" aria-controls=\"collapse8\">                                            \r\n                    <h3 class=\"font-source-sans-pro-1 blue-font no-margin\">Kann ich bei privater Nutzung auch anteilig absetzen?<\/h3>\r\n                <\/div>\r\n\n\r\n        <div id=\"collapse8\" class=\"collapse\" aria-labelledby=\"heading8\" data-parent=\"#accordionFaq\">\r\n            <div class=\"card-body\">\r\n                Ja, bei gemischt genutzten Arbeitsmitteln kannst du den beruflichen Anteil absetzen. Du musst diesen Anteil realistisch sch\u00e4tzen und angeben. Bei einem Computer akzeptiert das Finanzamt in der Regel eine h\u00e4lftige berufliche Nutzung ohne weitere Nachweise. Ist bei einem Arbeitsmittel die Kostenaufteilung nach objektiven Kriterien nicht m\u00f6glich, ist der Werbungskostenabzug nicht erlaubt.                \r\n            <\/div>\r\n        <\/div>\r\n\n<\/div>\n<\/div>\r\n                 <\/div>\r\n              <\/div>\r\n            <\/div>\r\n        <\/div>\r\n        <div class=\"spacing-modul  \">\r\n            <div class=\"container spacing-modul\">\r\n               <div class=\"row\">\r\n                   <div id=\"\" class=\"anchor\"><\/div>\r\n                   <div class=\"col-12 modul-spacing-blog-c\"><\/div>\r\n                   <div class=\"col-12 modul-spacing-blog-c\"><\/div>\r\n               <\/div>\r\n            <\/div>\r\n        <\/div>\r\n    \n\r\n    <div class=\"white-background store-notification \">\r\n        <div class=\"yellow-background\">\r\n            <div class=\"container\">\r\n                <div class=\"row justify-content-center justify-content-md-start justify-content-lg-center\">\r\n                    <div class=\"col-12 inner-modul-spacing-default\"><\/div>\r\n\r\n                    <div class=\"col-12\">\r\n                        <div class=\"row\">\r\n                            <div class=\"offset-lg-1 col-12 col-md-5 col-lg-4 text-center text-md-right d-flex flex-column justify-content-center align-items-center align-items-lg-end mb-0  \">\r\n                                <p class=\"font-cairo-1 fw700 blue-font headline-spacing-50 blue-font headline-spacing-30 sm-only\">Du m\u00f6chtest WISO&nbsp;Steuer ausprobieren?<\/p>\r\n                                <p class=\"font-source-sans-pro-1 blue-font headline-spacing-50\">Starte jetzt einfach deinen kostenlosen Test. Anonym, ohne Verpflichtungen und so lange du m\u00f6chtest. Erst bei der Abgabe an das Finanzamt fallen Geb\u00fchren an.<br\/>Das hei\u00dft: Null Risiko f\u00fcr dich.<\/p>\r\n                                \r\n                                \r\n                                    <a class=\"d-none d-lg-flex font-cairo-2 fw700 justify-content-center align-items-center w-230 headline-spacing-50 secondary \"\r\n                                        role=\"button\"\r\n                                        id=\"testen-ausprobieren\"\r\n                                        href=\"https:\/\/www.buhl.de\/mein-buhlkonto\/?buhlparam=2100101\"\r\n                                        target=\"_self\"\r\n                                        title=\"Kostenlos & unverbindlich testen\"\r\n                                        onclick=\"dataLayer.push({'event': 'ButtonClick SW','sw-button': 'click-testen'});\">\r\n                                        Kostenlos testen\r\n                                    <\/a>                                    \r\n                                \r\n                                \r\n                                \r\n                                    <a class=\"d-flex d-lg-none font-cairo-2 fw700 justify-content-center align-items-center w-230 headline-spacing-50 secondary \"\r\n                                        role=\"button\"\r\n                                        id=\"testen-ausprobieren\"\r\n                                        href=\"https:\/\/www.buhl.de\/mein-buhlkonto\/?buhlparam=2100101\"\r\n                                        target=\"_self\"\r\n                                        title=\"Kostenlos & unverbindlich testen\"\r\n                                        onclick=\"dataLayer.push({'event': 'ButtonClick SW','sw-button': 'click-mobile-starten'});\">\r\n                                        Kostenlos testen\r\n                                    <\/a>         \r\n                                \r\n                                \r\n                                \r\n                            <\/div>\r\n                            \r\n                            \r\n\r\n\r\n\t\t   \t\t\t\t\t \r\n\t\t\t\t\t\t\t<div class=\"d-flex offset-md-1 col-12 col-md-5 justify-content-center justify-content-lg-start align-items-center \"> \r\n\t\t\t\t\t\t\t\t<picture class=\"picture-spacing  \">\r\n\t\t\t\t\t\t\t\t\t<source media=\"(min-width: 992px)\" srcset=\"https:\/\/www.buhl.de\/steuer\/wp-content\/themes\/steuer-web\/buhl-steuer\/assets\/store-notification\/test-it\/wiso-steuer-abruf-kostenlos-testen.svg\">\r\n\t\t\t\t\t\t\t\t\t<source media=\"(min-width: 768px)\" srcset=\"https:\/\/www.buhl.de\/steuer\/wp-content\/themes\/steuer-web\/buhl-steuer\/assets\/store-notification\/test-it\/wiso-steuer-abruf-kostenlos-testen.svg\">\r\n\t\t\t\t\t\t\t\t\t<source media=\"(min-width: 1px)\" srcset=\"https:\/\/www.buhl.de\/steuer\/wp-content\/themes\/steuer-web\/buhl-steuer\/assets\/store-notification\/test-it\/wiso-steuer-abruf-kostenlos-testen.svg\">\r\n\t\t\t\t\t\t\t\t\t<img loading=\"lazy\" class=\" img-fluid\"\r\n\t\t\t\t\t\t\t\t\t\t\talt=\"Steuer-App Beispiel\" \r\n\t\t\t\t\t\t\t\t\t\t\ttitle=\"Steuer-App herunterladen\"\r\n\t\t\t\t\t\t\t\t\t\t\tsrc=\"https:\/\/www.buhl.de\/steuer\/wp-content\/themes\/steuer-web\/buhl-steuer\/assets\/store-notification\/test-it\/wiso-steuer-abruf-kostenlos-testen.svg\" >\r\n\t\t\t\t\t\t\t\t<\/picture>\r\n                            <\/div>\r\n                            \r\n                        <\/div>\r\n                    <\/div>\r\n                <\/div>\r\n            <\/div>\r\n        <\/div>\r\n    <\/div>\r\n\n","protected":false},"excerpt":{"rendered":"<p>Arbeitsmittel sind Gegenst\u00e4nde, die f\u00fcr den Job genutzt werden. Die Ausgaben daf\u00fcr sind absetzbare Werbungskosten. Welche Arbeitsmittel in die Steuererkl\u00e4rung geh\u00f6ren und was bei privaten Anschaffungen zu beachten ist, zeigen wir hier.<\/p>\n","protected":false},"author":220,"featured_media":48369,"comment_status":"closed","ping_status":"open","sticky":false,"template":"","format":"standard","meta":{"_acf_changed":false,"footnotes":""},"categories":[2841,2811,2808,2807],"tags":[],"class_list":["post-48360","post","type-post","status-publish","format-standard","has-post-thumbnail","hentry","category-alle","category-ausbildung","category-arbeit","category-studi"],"yoast_head":"<!-- This site is optimized with the Yoast SEO Premium plugin v27.4 (Yoast SEO v27.5) - https:\/\/yoast.com\/product\/yoast-seo-premium-wordpress\/ -->\n<title>Arbeitsmittel absetzen: So gibt&#039;s Geld f\u00fcr B\u00fcrokram zur\u00fcck<\/title>\n<meta name=\"description\" content=\"Arbeitsmittel richtig von der Steuer absetzen \u2705 Welche Arbeitsmittel einen Steuervorteil bringen? \ud83d\udc49 Hier lesen.\" \/>\n<meta name=\"robots\" content=\"index, follow, max-snippet:-1, max-image-preview:large, max-video-preview:-1\" \/>\n<link rel=\"canonical\" href=\"https:\/\/www.buhl.de\/steuer\/ratgeber\/arbeitsmittel-absetzen\/\" \/>\n<meta property=\"og:locale\" content=\"de_DE\" \/>\n<meta property=\"og:type\" content=\"article\" \/>\n<meta property=\"og:title\" content=\"Arbeitsmittel absetzen \u2013 so holst du deine Jobkosten zur\u00fcck\" \/>\n<meta property=\"og:description\" content=\"Arbeitsmittel richtig von der Steuer absetzen \u2705 Welche Arbeitsmittel einen Steuervorteil bringen? \ud83d\udc49 Hier lesen.\" \/>\n<meta property=\"og:url\" content=\"https:\/\/www.buhl.de\/steuer\/ratgeber\/arbeitsmittel-absetzen\/\" \/>\n<meta property=\"og:site_name\" content=\"WISO Steuer: Nr.1 App f\u00fcr die Steuererkl\u00e4rung\" \/>\n<meta property=\"article:published_time\" content=\"2025-07-18T07:57:42+00:00\" \/>\n<meta property=\"article:modified_time\" content=\"2026-04-16T11:19:04+00:00\" \/>\n<meta property=\"og:image\" content=\"https:\/\/www.buhl.de\/steuer\/wp-content\/uploads\/sites\/31\/2022\/02\/arbeitsmittel-absetzen-steuer-title-buero.jpg\" \/>\n\t<meta property=\"og:image:width\" content=\"976\" \/>\n\t<meta property=\"og:image:height\" content=\"400\" \/>\n\t<meta property=\"og:image:type\" content=\"image\/jpeg\" \/>\n<meta name=\"author\" content=\"Udo Reu\u00df\" \/>\n<meta name=\"twitter:card\" content=\"summary_large_image\" \/>\n<meta name=\"twitter:label1\" content=\"Verfasst von\" \/>\n\t<meta name=\"twitter:data1\" content=\"Udo Reu\u00df\" \/>\n\t<meta name=\"twitter:label2\" content=\"Gesch\u00e4tzte Lesezeit\" \/>\n\t<meta name=\"twitter:data2\" content=\"12\u00a0Minuten\" \/>\n<script type=\"application\/ld+json\" class=\"yoast-schema-graph\">{\"@context\":\"https:\\\/\\\/schema.org\",\"@graph\":[{\"@type\":\"Article\",\"@id\":\"https:\\\/\\\/www.buhl.de\\\/steuer\\\/ratgeber\\\/arbeitsmittel-absetzen\\\/#article\",\"isPartOf\":{\"@id\":\"https:\\\/\\\/www.buhl.de\\\/steuer\\\/ratgeber\\\/arbeitsmittel-absetzen\\\/\"},\"author\":{\"name\":\"Udo Reu\u00df\",\"@id\":\"https:\\\/\\\/www.buhl.de\\\/steuer\\\/#\\\/schema\\\/person\\\/03b5508d4c85dc193be95cb4e2d78423\"},\"headline\":\"Arbeitsmittel absetzen \u2013 so holst du deine Jobkosten zur\u00fcck\",\"datePublished\":\"2025-07-18T07:57:42+00:00\",\"dateModified\":\"2026-04-16T11:19:04+00:00\",\"mainEntityOfPage\":{\"@id\":\"https:\\\/\\\/www.buhl.de\\\/steuer\\\/ratgeber\\\/arbeitsmittel-absetzen\\\/\"},\"wordCount\":2170,\"publisher\":{\"@id\":\"https:\\\/\\\/www.buhl.de\\\/steuer\\\/#organization\"},\"image\":{\"@id\":\"https:\\\/\\\/www.buhl.de\\\/steuer\\\/ratgeber\\\/arbeitsmittel-absetzen\\\/#primaryimage\"},\"thumbnailUrl\":\"https:\\\/\\\/www.buhl.de\\\/steuer\\\/wp-content\\\/uploads\\\/sites\\\/31\\\/2022\\\/02\\\/arbeitsmittel-absetzen-steuer-title-buero.jpg\",\"articleSection\":[\"Neueste Beitr\u00e4ge\",\"Ratgeber: Ausbildung &amp; Steuern\",\"Ratgeber: Steuern &amp; Gehalt\",\"Ratgeber:\u00a0Studium &amp; Steuern\"],\"inLanguage\":\"de\"},{\"@type\":\"WebPage\",\"@id\":\"https:\\\/\\\/www.buhl.de\\\/steuer\\\/ratgeber\\\/arbeitsmittel-absetzen\\\/\",\"url\":\"https:\\\/\\\/www.buhl.de\\\/steuer\\\/ratgeber\\\/arbeitsmittel-absetzen\\\/\",\"name\":\"Arbeitsmittel absetzen: So gibt's Geld f\u00fcr B\u00fcrokram zur\u00fcck\",\"isPartOf\":{\"@id\":\"https:\\\/\\\/www.buhl.de\\\/steuer\\\/#website\"},\"primaryImageOfPage\":{\"@id\":\"https:\\\/\\\/www.buhl.de\\\/steuer\\\/ratgeber\\\/arbeitsmittel-absetzen\\\/#primaryimage\"},\"image\":{\"@id\":\"https:\\\/\\\/www.buhl.de\\\/steuer\\\/ratgeber\\\/arbeitsmittel-absetzen\\\/#primaryimage\"},\"thumbnailUrl\":\"https:\\\/\\\/www.buhl.de\\\/steuer\\\/wp-content\\\/uploads\\\/sites\\\/31\\\/2022\\\/02\\\/arbeitsmittel-absetzen-steuer-title-buero.jpg\",\"datePublished\":\"2025-07-18T07:57:42+00:00\",\"dateModified\":\"2026-04-16T11:19:04+00:00\",\"description\":\"Arbeitsmittel richtig von der Steuer absetzen \u2705 Welche Arbeitsmittel einen Steuervorteil bringen? \ud83d\udc49 Hier lesen.\",\"breadcrumb\":{\"@id\":\"https:\\\/\\\/www.buhl.de\\\/steuer\\\/ratgeber\\\/arbeitsmittel-absetzen\\\/#breadcrumb\"},\"inLanguage\":\"de\",\"potentialAction\":[{\"@type\":\"ReadAction\",\"target\":[\"https:\\\/\\\/www.buhl.de\\\/steuer\\\/ratgeber\\\/arbeitsmittel-absetzen\\\/\"]}]},{\"@type\":\"ImageObject\",\"inLanguage\":\"de\",\"@id\":\"https:\\\/\\\/www.buhl.de\\\/steuer\\\/ratgeber\\\/arbeitsmittel-absetzen\\\/#primaryimage\",\"url\":\"https:\\\/\\\/www.buhl.de\\\/steuer\\\/wp-content\\\/uploads\\\/sites\\\/31\\\/2022\\\/02\\\/arbeitsmittel-absetzen-steuer-title-buero.jpg\",\"contentUrl\":\"https:\\\/\\\/www.buhl.de\\\/steuer\\\/wp-content\\\/uploads\\\/sites\\\/31\\\/2022\\\/02\\\/arbeitsmittel-absetzen-steuer-title-buero.jpg\",\"width\":976,\"height\":400},{\"@type\":\"BreadcrumbList\",\"@id\":\"https:\\\/\\\/www.buhl.de\\\/steuer\\\/ratgeber\\\/arbeitsmittel-absetzen\\\/#breadcrumb\",\"itemListElement\":[{\"@type\":\"ListItem\",\"position\":1,\"name\":\"Steuererkl\u00e4rung\",\"item\":\"https:\\\/\\\/www.buhl.de\\\/steuer\\\/\"},{\"@type\":\"ListItem\",\"position\":2,\"name\":\"Arbeitsmittel absetzen \u2013 so holst du deine Jobkosten zur\u00fcck\"}]},{\"@type\":\"WebSite\",\"@id\":\"https:\\\/\\\/www.buhl.de\\\/steuer\\\/#website\",\"url\":\"https:\\\/\\\/www.buhl.de\\\/steuer\\\/\",\"name\":\"WISO Steuer: Nr. 1 Steuer-App\",\"description\":\"\",\"publisher\":{\"@id\":\"https:\\\/\\\/www.buhl.de\\\/steuer\\\/#organization\"},\"potentialAction\":[{\"@type\":\"SearchAction\",\"target\":{\"@type\":\"EntryPoint\",\"urlTemplate\":\"https:\\\/\\\/www.buhl.de\\\/steuer\\\/?s={search_term_string}\"},\"query-input\":{\"@type\":\"PropertyValueSpecification\",\"valueRequired\":true,\"valueName\":\"search_term_string\"}}],\"inLanguage\":\"de\"},{\"@type\":\"Organization\",\"@id\":\"https:\\\/\\\/www.buhl.de\\\/steuer\\\/#organization\",\"name\":\"WISO Steuer | Buhl Data Service GmbH\",\"url\":\"https:\\\/\\\/www.buhl.de\\\/steuer\\\/\",\"logo\":{\"@type\":\"ImageObject\",\"inLanguage\":\"de\",\"@id\":\"https:\\\/\\\/www.buhl.de\\\/steuer\\\/#\\\/schema\\\/logo\\\/image\\\/\",\"url\":\"https:\\\/\\\/www.buhl.de\\\/steuer\\\/wp-content\\\/uploads\\\/sites\\\/31\\\/2026\\\/02\\\/logo-wiso-steuer-app.svg\",\"contentUrl\":\"https:\\\/\\\/www.buhl.de\\\/steuer\\\/wp-content\\\/uploads\\\/sites\\\/31\\\/2026\\\/02\\\/logo-wiso-steuer-app.svg\",\"width\":375,\"height\":72,\"caption\":\"WISO Steuer | Buhl Data Service GmbH\"},\"image\":{\"@id\":\"https:\\\/\\\/www.buhl.de\\\/steuer\\\/#\\\/schema\\\/logo\\\/image\\\/\"}},{\"@type\":\"Person\",\"@id\":\"https:\\\/\\\/www.buhl.de\\\/steuer\\\/#\\\/schema\\\/person\\\/03b5508d4c85dc193be95cb4e2d78423\",\"name\":\"Udo Reu\u00df\",\"image\":{\"@type\":\"ImageObject\",\"inLanguage\":\"de\",\"@id\":\"https:\\\/\\\/www.buhl.de\\\/steuer\\\/wp-content\\\/uploads\\\/sites\\\/31\\\/2024\\\/07\\\/udo.png\",\"url\":\"https:\\\/\\\/www.buhl.de\\\/steuer\\\/wp-content\\\/uploads\\\/sites\\\/31\\\/2024\\\/07\\\/udo.png\",\"contentUrl\":\"https:\\\/\\\/www.buhl.de\\\/steuer\\\/wp-content\\\/uploads\\\/sites\\\/31\\\/2024\\\/07\\\/udo.png\",\"caption\":\"Udo Reu\u00df\"},\"sameAs\":[\"https:\\\/\\\/www.buhl.de\\\/steuer\\\/autoren\\\/udo-reuss\\\/\"]}]}<\/script>\n<!-- \/ Yoast SEO Premium plugin. -->","yoast_head_json":{"title":"Arbeitsmittel absetzen: So gibt's Geld f\u00fcr B\u00fcrokram zur\u00fcck","description":"Arbeitsmittel richtig von der Steuer absetzen \u2705 Welche Arbeitsmittel einen Steuervorteil bringen? \ud83d\udc49 Hier lesen.","robots":{"index":"index","follow":"follow","max-snippet":"max-snippet:-1","max-image-preview":"max-image-preview:large","max-video-preview":"max-video-preview:-1"},"canonical":"https:\/\/www.buhl.de\/steuer\/ratgeber\/arbeitsmittel-absetzen\/","og_locale":"de_DE","og_type":"article","og_title":"Arbeitsmittel absetzen \u2013 so holst du deine Jobkosten zur\u00fcck","og_description":"Arbeitsmittel richtig von der Steuer absetzen \u2705 Welche Arbeitsmittel einen Steuervorteil bringen? \ud83d\udc49 Hier lesen.","og_url":"https:\/\/www.buhl.de\/steuer\/ratgeber\/arbeitsmittel-absetzen\/","og_site_name":"WISO Steuer: Nr.1 App f\u00fcr die Steuererkl\u00e4rung","article_published_time":"2025-07-18T07:57:42+00:00","article_modified_time":"2026-04-16T11:19:04+00:00","og_image":[{"width":976,"height":400,"url":"https:\/\/www.buhl.de\/steuer\/wp-content\/uploads\/sites\/31\/2022\/02\/arbeitsmittel-absetzen-steuer-title-buero.jpg","type":"image\/jpeg"}],"author":"Udo Reu\u00df","twitter_card":"summary_large_image","twitter_misc":{"Verfasst von":"Udo Reu\u00df","Gesch\u00e4tzte Lesezeit":"12\u00a0Minuten"},"schema":{"@context":"https:\/\/schema.org","@graph":[{"@type":"Article","@id":"https:\/\/www.buhl.de\/steuer\/ratgeber\/arbeitsmittel-absetzen\/#article","isPartOf":{"@id":"https:\/\/www.buhl.de\/steuer\/ratgeber\/arbeitsmittel-absetzen\/"},"author":{"name":"Udo Reu\u00df","@id":"https:\/\/www.buhl.de\/steuer\/#\/schema\/person\/03b5508d4c85dc193be95cb4e2d78423"},"headline":"Arbeitsmittel absetzen \u2013 so holst du deine Jobkosten zur\u00fcck","datePublished":"2025-07-18T07:57:42+00:00","dateModified":"2026-04-16T11:19:04+00:00","mainEntityOfPage":{"@id":"https:\/\/www.buhl.de\/steuer\/ratgeber\/arbeitsmittel-absetzen\/"},"wordCount":2170,"publisher":{"@id":"https:\/\/www.buhl.de\/steuer\/#organization"},"image":{"@id":"https:\/\/www.buhl.de\/steuer\/ratgeber\/arbeitsmittel-absetzen\/#primaryimage"},"thumbnailUrl":"https:\/\/www.buhl.de\/steuer\/wp-content\/uploads\/sites\/31\/2022\/02\/arbeitsmittel-absetzen-steuer-title-buero.jpg","articleSection":["Neueste Beitr\u00e4ge","Ratgeber: Ausbildung &amp; Steuern","Ratgeber: Steuern &amp; Gehalt","Ratgeber:\u00a0Studium &amp; Steuern"],"inLanguage":"de"},{"@type":"WebPage","@id":"https:\/\/www.buhl.de\/steuer\/ratgeber\/arbeitsmittel-absetzen\/","url":"https:\/\/www.buhl.de\/steuer\/ratgeber\/arbeitsmittel-absetzen\/","name":"Arbeitsmittel absetzen: So gibt's Geld f\u00fcr B\u00fcrokram zur\u00fcck","isPartOf":{"@id":"https:\/\/www.buhl.de\/steuer\/#website"},"primaryImageOfPage":{"@id":"https:\/\/www.buhl.de\/steuer\/ratgeber\/arbeitsmittel-absetzen\/#primaryimage"},"image":{"@id":"https:\/\/www.buhl.de\/steuer\/ratgeber\/arbeitsmittel-absetzen\/#primaryimage"},"thumbnailUrl":"https:\/\/www.buhl.de\/steuer\/wp-content\/uploads\/sites\/31\/2022\/02\/arbeitsmittel-absetzen-steuer-title-buero.jpg","datePublished":"2025-07-18T07:57:42+00:00","dateModified":"2026-04-16T11:19:04+00:00","description":"Arbeitsmittel richtig von der Steuer absetzen \u2705 Welche Arbeitsmittel einen Steuervorteil bringen? \ud83d\udc49 Hier lesen.","breadcrumb":{"@id":"https:\/\/www.buhl.de\/steuer\/ratgeber\/arbeitsmittel-absetzen\/#breadcrumb"},"inLanguage":"de","potentialAction":[{"@type":"ReadAction","target":["https:\/\/www.buhl.de\/steuer\/ratgeber\/arbeitsmittel-absetzen\/"]}]},{"@type":"ImageObject","inLanguage":"de","@id":"https:\/\/www.buhl.de\/steuer\/ratgeber\/arbeitsmittel-absetzen\/#primaryimage","url":"https:\/\/www.buhl.de\/steuer\/wp-content\/uploads\/sites\/31\/2022\/02\/arbeitsmittel-absetzen-steuer-title-buero.jpg","contentUrl":"https:\/\/www.buhl.de\/steuer\/wp-content\/uploads\/sites\/31\/2022\/02\/arbeitsmittel-absetzen-steuer-title-buero.jpg","width":976,"height":400},{"@type":"BreadcrumbList","@id":"https:\/\/www.buhl.de\/steuer\/ratgeber\/arbeitsmittel-absetzen\/#breadcrumb","itemListElement":[{"@type":"ListItem","position":1,"name":"Steuererkl\u00e4rung","item":"https:\/\/www.buhl.de\/steuer\/"},{"@type":"ListItem","position":2,"name":"Arbeitsmittel absetzen \u2013 so holst du deine Jobkosten zur\u00fcck"}]},{"@type":"WebSite","@id":"https:\/\/www.buhl.de\/steuer\/#website","url":"https:\/\/www.buhl.de\/steuer\/","name":"WISO Steuer: Nr. 1 Steuer-App","description":"","publisher":{"@id":"https:\/\/www.buhl.de\/steuer\/#organization"},"potentialAction":[{"@type":"SearchAction","target":{"@type":"EntryPoint","urlTemplate":"https:\/\/www.buhl.de\/steuer\/?s={search_term_string}"},"query-input":{"@type":"PropertyValueSpecification","valueRequired":true,"valueName":"search_term_string"}}],"inLanguage":"de"},{"@type":"Organization","@id":"https:\/\/www.buhl.de\/steuer\/#organization","name":"WISO Steuer | Buhl Data Service GmbH","url":"https:\/\/www.buhl.de\/steuer\/","logo":{"@type":"ImageObject","inLanguage":"de","@id":"https:\/\/www.buhl.de\/steuer\/#\/schema\/logo\/image\/","url":"https:\/\/www.buhl.de\/steuer\/wp-content\/uploads\/sites\/31\/2026\/02\/logo-wiso-steuer-app.svg","contentUrl":"https:\/\/www.buhl.de\/steuer\/wp-content\/uploads\/sites\/31\/2026\/02\/logo-wiso-steuer-app.svg","width":375,"height":72,"caption":"WISO Steuer | Buhl Data Service GmbH"},"image":{"@id":"https:\/\/www.buhl.de\/steuer\/#\/schema\/logo\/image\/"}},{"@type":"Person","@id":"https:\/\/www.buhl.de\/steuer\/#\/schema\/person\/03b5508d4c85dc193be95cb4e2d78423","name":"Udo Reu\u00df","image":{"@type":"ImageObject","inLanguage":"de","@id":"https:\/\/www.buhl.de\/steuer\/wp-content\/uploads\/sites\/31\/2024\/07\/udo.png","url":"https:\/\/www.buhl.de\/steuer\/wp-content\/uploads\/sites\/31\/2024\/07\/udo.png","contentUrl":"https:\/\/www.buhl.de\/steuer\/wp-content\/uploads\/sites\/31\/2024\/07\/udo.png","caption":"Udo Reu\u00df"},"sameAs":["https:\/\/www.buhl.de\/steuer\/autoren\/udo-reuss\/"]}]}},"acf":[],"wps_subtitle":"Mit Computer, B\u00fcrostuhl &amp; Co. Steuern sparen","_links":{"self":[{"href":"https:\/\/www.buhl.de\/steuer\/wp-json\/wp\/v2\/posts\/48360","targetHints":{"allow":["GET"]}}],"collection":[{"href":"https:\/\/www.buhl.de\/steuer\/wp-json\/wp\/v2\/posts"}],"about":[{"href":"https:\/\/www.buhl.de\/steuer\/wp-json\/wp\/v2\/types\/post"}],"author":[{"embeddable":true,"href":"https:\/\/www.buhl.de\/steuer\/wp-json\/wp\/v2\/users\/220"}],"replies":[{"embeddable":true,"href":"https:\/\/www.buhl.de\/steuer\/wp-json\/wp\/v2\/comments?post=48360"}],"version-history":[{"count":29,"href":"https:\/\/www.buhl.de\/steuer\/wp-json\/wp\/v2\/posts\/48360\/revisions"}],"predecessor-version":[{"id":83432,"href":"https:\/\/www.buhl.de\/steuer\/wp-json\/wp\/v2\/posts\/48360\/revisions\/83432"}],"wp:featuredmedia":[{"embeddable":true,"href":"https:\/\/www.buhl.de\/steuer\/wp-json\/wp\/v2\/media\/48369"}],"wp:attachment":[{"href":"https:\/\/www.buhl.de\/steuer\/wp-json\/wp\/v2\/media?parent=48360"}],"wp:term":[{"taxonomy":"category","embeddable":true,"href":"https:\/\/www.buhl.de\/steuer\/wp-json\/wp\/v2\/categories?post=48360"},{"taxonomy":"post_tag","embeddable":true,"href":"https:\/\/www.buhl.de\/steuer\/wp-json\/wp\/v2\/tags?post=48360"}],"curies":[{"name":"wp","href":"https:\/\/api.w.org\/{rel}","templated":true}]}}