{"id":49227,"date":"2025-07-03T07:39:38","date_gmt":"2025-07-03T05:39:38","guid":{"rendered":"https:\/\/www.buhl.de\/steuer\/?p=49227"},"modified":"2026-04-22T11:08:00","modified_gmt":"2026-04-22T09:08:00","slug":"kinderbetreuung-kosten-absetzen","status":"publish","type":"post","link":"https:\/\/www.buhl.de\/steuer\/ratgeber\/kinderbetreuung-kosten-absetzen\/","title":{"rendered":"Kinderbetreuung: Kosten einfach von der Steuer absetzen"},"content":{"rendered":"<p>Job und Familie unter einen Hut zu bringen, ist gar nicht so einfach. Deswegen gibt es einige M\u00f6glichkeiten, wie das Kind in Abwesenheit der Eltern betreut werden kann. Sogar das Finanzamt greift bei Ausgaben rund um Kindergarten, Kita und Co. unter die Arme. Wie Eltern <strong>Kinderbetreuungskosten von der Steuer absetzen<\/strong> k\u00f6nnen, zeigen wir hier.<!--more--><\/p>\n<h2>Kurz &amp; knapp<\/h2>\n<ul>\n<li>Die Ausgaben zur Kinderbetreuung rechnet das Finanzamt dir bis zu 4.800 Euro pro Kind und Jahr an<\/li>\n<li>Es gilt eine Altersgrenze von 14 Jahren f\u00fcr dein Kind<\/li>\n<li>Du brauchst einen Nachweis (Rechnung, \u00dcberweisungsbeleg, Arbeitsvertrag)<\/li>\n<li><a title=\"WISO Steuer: Steuerprogramm von Buhl\" href=\"https:\/\/www.buhl.de\/steuer\/\">WISO Steuer<\/a> hilft dir dabei, deine Kinderbetreuungskosten zu erfassen<\/li>\n<\/ul>\n<h2>Kinderbetreuungskosten absetzen: So geht&#8217;s<\/h2>\n<p>Kinderbetreuungskosten sind alle Kosten, die du f\u00fcr die Betreuung des Kindes bezahlst.\u00a0<strong>80 Prozent deiner Rechnungsbetr\u00e4ge<\/strong>\u00a0werden vom Finanzamt als\u00a0<a href=\"https:\/\/www.buhl.de\/steuer\/ratgeber\/sonderausgaben\/\">Sonderausgaben<\/a>\u00a0anerkannt, insgesamt jedoch\u00a0<strong>maximal 4.800 Euro pro Kind und Jahr<\/strong>. Bis 2024 sind 2\/3 der Rechnungsbetr\u00e4ge, maximal 4.000 Euro absetzbar.<\/p>\n<p>Es spielt keine Rolle, wo die Betreuung stattfindet:<\/p>\n<ul class=\"sw-blog-icon sw-blog-icon-1\">\n<li>im Kindergarten<\/li>\n<li>in der Kindertagesst\u00e4tte<\/li>\n<li>im Heim, Hort oder Krippe<\/li>\n<li>bei der Tagesmutter<\/li>\n<li>zu Hause<\/li>\n<\/ul>\n<p>Das Finanzamt akzeptiert nur Kosten, bei denen die <strong>reine F\u00fcrsorge im Vordergrund steht<\/strong>. Daher z\u00e4hlen Kosten f\u00fcr Verpflegung, sportliche Aktivit\u00e4ten oder etwa Nachhilfeunterricht nicht zu den Betreuungskosten.<\/p>\n<p>Ausnahme: Die \u201ep\u00e4dagogisch sinnvolle Gestaltung\u201c im Rahmen der Kinderbetreuung. Dazu z\u00e4hlt zum Beispiel der spielerisch vermittelte Fremdsprachenunterricht im Kindergarten. Die Kosten hierf\u00fcr kannst du absetzen (BFH, <a title=\"Urteil lesen\" href=\"https:\/\/www.bundesfinanzhof.de\/de\/entscheidung\/entscheidungen-online\/detail\/STRE201210231\/\" target=\"_blank\" rel=\"noopener\">III R 29\/11<\/a>).<\/p>\n\r\n        <div class=\"spacing-modul  \">\r\n            <div class=\"container spacing-modul\">\r\n               <div class=\"row\">\r\n                   <div id=\"\" class=\"anchor\"><\/div>\r\n                   <div class=\"col-12 modul-spacing-blog-c\"><\/div>\r\n                   <div class=\"col-12 modul-spacing-blog-c\"><\/div>\r\n               <\/div>\r\n            <\/div>\r\n        <\/div>\r\n    \r\n        <div class=\"white-background\">\r\n            <div class=\"container\">\r\n                <div class=\"content expert-blog-module blog-wrapper\">\r\n                    <div class=\"row\">\r\n                        <div class=\"d-flex align-items-center text-center text-lg-left align-items-xl-start flex-column flex-xl-row col-12 offset-lg-2 col-lg-8 offset-xl-1 col-xl-9\">\r\n                            <img decoding=\"async\" loading=\"lazy\" class=\"img-fluid\" src=\"https:\/\/www.buhl.de\/steuer\/wp-content\/themes\/steuer-web\/buhl-steuer\/assets\/blog\/blog-module\/experten-tipp-icon.svg\" alt=\"Experten Tipp\" title=\"Experten Tipp\" \/>\r\n                            <div class=\"d-flex flex-column\">\r\n                                <h3 class=\"font-source-sans-pro-10 fw700 blue-font headline\">Kosten aufteilen bringt Vorteile<\/h3><div class=\"font-source-sans-pro-1 blue-font\">Bringt die Tagesmutter deinem Kind auch noch das Geigenspielen bei, musst du sch\u00e4tzen, wie hoch der Anteil f\u00fcr die Betreuung ist. Nur diesen kannst du dann absetzen.<\/p>\n<p>Gleiches gilt f\u00fcr die Nachmittagsbetreuung mit Nachhilfeunterricht in der Schule. Mit einer vertraglichen Vereinbarung oder Aufteilung der Kosten bist du daher gut bedient. Der Anteil f\u00fcr den Nachhilfeunterricht kann n\u00e4mlich nicht angesetzt werden.<\/div><\/div>\r\n                        <\/div>\r\n                    <\/div>\r\n                <\/div>\r\n            <\/div>\r\n        <\/div>\r\n    \r\n        <div class=\"spacing-modul  \">\r\n            <div class=\"container spacing-modul\">\r\n               <div class=\"row\">\r\n                   <div id=\"\" class=\"anchor\"><\/div>\r\n                   <div class=\"col-12 modul-spacing-default-b\"><\/div>\r\n                   <div class=\"col-12 modul-spacing-default-b\"><\/div>\r\n               <\/div>\r\n            <\/div>\r\n        <\/div>\r\n    \n<h3>Kinderbetreuungskosten in die Steuererkl\u00e4rung eintragen<\/h3>\n\r\n         <div role=\"region\" aria-label=\"Schnellcheck - Lohnt die Abgabe?\" class=\"white-background\">\r\n            <div class=\"schnellcheck blog-schnellcheck\">\r\n            \t<div class=\"container\">\r\n                <div class=\"row\">\r\n                    <div class=\"col-12 col-lg-6 yellow-background schnellcheck-box\">\r\n                        <p class=\"schnellcheck-title blue-font fw700 text-center text-lg-left\">Lohnt es sich?<\/p>\r\n                        <p class=\"schnellcheck-text d-lg-none blue-font mx-auto ml-lg-0 text-center text-lg-left\">Finde heraus, ob sich die Steuererkl\u00e4rung f\u00fcr dich lohnt. Beantworte daf\u00fcr einfach diese Fragen: Hast du\u2026<\/p>\r\n                        <p class=\"schnellcheck-text d-none d-lg-block blue-font mx-auto ml-lg-0 text-center text-lg-left\">Finde heraus, ob sich die Steuererkl\u00e4rung f\u00fcr dich lohnt. Beantworte daf\u00fcr einfach diese Fragen:<br> Hast du\u2026<\/p>\r\n                        <div class=\"schnellcheck-container\">\r\n       \r\n                                <div class=\"d-flex schnellcheck-element justify-content-between align-items-center\">    \r\n                                 <p class=\"schnellcheck-frage font-source-sans-pro-1 blue-font\">einen Laptop oder ein Handy gekauft?<\/p>                           \r\n                                   <div class=\"d-flex switch-group\">\r\n                                       <button class=\"switch-toggle switch-toggle-yes switch-toggle-question1\">\r\n                                            <span class=\"switch-toggle-content\">Ja<\/span>\r\n                                       <\/button>\r\n                                       <button class=\"switch-toggle switch-toggle-no switch-toggle-question1 selected\">\r\n                                            <span class=\"switch-toggle-content\">Nein<\/span>\r\n                                       <\/button>\r\n                                   <\/div>                           \r\n                                <\/div>     \r\n                              \r\n                                <div class=\"d-flex schnellcheck-element justify-content-between align-items-center\">    \r\n                                 <p class=\"schnellcheck-frage font-source-sans-pro-1 blue-font\">einen Handwerker beauftragt?<\/p>                           \r\n                                   <div class=\"d-flex switch-group\">\r\n                                       <button class=\"switch-toggle switch-toggle-yes switch-toggle-question2\">\r\n                                            <span class=\"switch-toggle-content\">Ja<\/span>\r\n                                       <\/button>\r\n                                       <button class=\"switch-toggle switch-toggle-no switch-toggle-question2 selected\">\r\n                                            <span class=\"switch-toggle-content\">Nein<\/span>\r\n                                       <\/button>\r\n                                   <\/div>                           \r\n                                <\/div>     \r\n                              \r\n                                <div class=\"d-flex schnellcheck-element justify-content-between align-items-center\">    \r\n                                 <p class=\"schnellcheck-frage font-source-sans-pro-1 blue-font\">mehr als 18 km Arbeitsweg?<\/p>                           \r\n                                   <div class=\"d-flex switch-group\">\r\n                                       <button class=\"switch-toggle switch-toggle-yes switch-toggle-question3\">\r\n                                            <span class=\"switch-toggle-content\">Ja<\/span>\r\n                                       <\/button>\r\n                                       <button class=\"switch-toggle switch-toggle-no switch-toggle-question3 selected\">\r\n                                            <span class=\"switch-toggle-content\">Nein<\/span>\r\n                                       <\/button>\r\n                                   <\/div>                           \r\n                                <\/div>     \r\n                              \r\n                                <div class=\"d-flex schnellcheck-element justify-content-between align-items-center\">    \r\n                                 <p class=\"schnellcheck-frage font-source-sans-pro-1 blue-font\">im Homeoffice gearbeitet?<\/p>                           \r\n                                   <div class=\"d-flex switch-group\">\r\n                                       <button class=\"switch-toggle switch-toggle-yes switch-toggle-question4\">\r\n                                            <span class=\"switch-toggle-content\">Ja<\/span>\r\n                                       <\/button>\r\n                                       <button class=\"switch-toggle switch-toggle-no switch-toggle-question4 selected\">\r\n                                            <span class=\"switch-toggle-content\">Nein<\/span>\r\n                                       <\/button>\r\n                                   <\/div>                           \r\n                                <\/div>     \r\n                              \r\n                                <div class=\"d-flex schnellcheck-element justify-content-between align-items-center\">    \r\n                                 <p class=\"schnellcheck-frage font-source-sans-pro-1 blue-font\">Kinderbetreuung bezahlt?<\/p>                           \r\n                                   <div class=\"d-flex switch-group\">\r\n                                       <button class=\"switch-toggle switch-toggle-yes switch-toggle-question5\">\r\n                                            <span class=\"switch-toggle-content\">Ja<\/span>\r\n                                       <\/button>\r\n                                       <button class=\"switch-toggle switch-toggle-no switch-toggle-question5 selected\">\r\n                                            <span class=\"switch-toggle-content\">Nein<\/span>\r\n                                       <\/button>\r\n                                   <\/div>                           \r\n                                <\/div>     \r\n                             \r\n                        <\/div>\r\n                    <\/div>\r\n                    <div class=\"d-flex col-12 schnellcheck-image offset-lg-1 col-lg-5 justify-content-center align-items-center\">\r\n                        <div id=\"schnellcheck-image1\">\r\n                            <picture class=\"picture-spacing\">\r\n                                        <source media=\"(min-width: 992px)\" srcset=\"https:\/\/www.buhl.de\/steuer\/wp-content\/themes\/steuer-web\/buhl-steuer\/assets\/schnellcheck\/wiso-steuer-schnellcheck.svg\">\r\n                                        <source media=\"(min-width: 768px)\" srcset=\"https:\/\/www.buhl.de\/steuer\/wp-content\/themes\/steuer-web\/buhl-steuer\/assets\/schnellcheck\/wiso-steuer-schnellcheck.svg\">\r\n                                        <source media=\"(min-width: 1px)\" srcset=\"https:\/\/www.buhl.de\/steuer\/wp-content\/themes\/steuer-web\/buhl-steuer\/assets\/schnellcheck\/wiso-steuer-schnellcheck.svg\">\r\n                                        <img decoding=\"async\" loading=\"lazy\" class=\"img-fluid\"\r\n                                                alt=\"Steuererkl\u00e4rung lohnt sich Check\" \r\n                                                title=\"Steuererkl\u00e4rung lohnt sich\"\r\n                                                src=\"https:\/\/www.buhl.de\/steuer\/wp-content\/themes\/steuer-web\/buhl-steuer\/assets\/schnellcheck\/wiso-steuer-schnellcheck.svg\" >\r\n                            <\/picture>\r\n                        <\/div>\r\n                        <div id=\"schnellcheck-image2\" class=\"text-center\">\r\n                            <picture class=\"picture-spacing\">\r\n                                        <source media=\"(min-width: 992px)\" srcset=\"https:\/\/www.buhl.de\/steuer\/wp-content\/themes\/steuer-web\/buhl-steuer\/assets\/schnellcheck\/wiso-steuer-lohnt-sich.svg\">\r\n                                        <source media=\"(min-width: 768px)\" srcset=\"https:\/\/www.buhl.de\/steuer\/wp-content\/themes\/steuer-web\/buhl-steuer\/assets\/schnellcheck\/wiso-steuer-lohnt-sich.svg\">\r\n                                        <source media=\"(min-width: 1px)\" srcset=\"https:\/\/www.buhl.de\/steuer\/wp-content\/themes\/steuer-web\/buhl-steuer\/assets\/schnellcheck\/wiso-steuer-lohnt-sich.svg\">\r\n                                        <img decoding=\"async\" loading=\"lazy\" class=\"img-fluid\"\r\n                                                alt=\"Steuererkl\u00e4rung lohnt sich Check\" \r\n                                                title=\"Steuererkl\u00e4rung lohnt sich\"\r\n                                                src=\"https:\/\/www.buhl.de\/steuer\/wp-content\/themes\/steuer-web\/buhl-steuer\/assets\/schnellcheck\/wiso-steuer-lohnt-sich.svg\" >\r\n                            <\/picture>\r\n                            <div>\r\n                                    <p class=\"font-source-sans-pro-schnellcheck fw700 blue-font\">Es lohnt sich!<\/p>\r\n                                    <p class=\"schnellcheck-image-text blue-font\">Du wirst sehr wahrscheinlich eine R\u00fcckerstattung bekommen. Starte jetzt direkt mit WISO&nbsp;Steuer:<\/p>\r\n                                    <div class=\"d-flex d-lg-none flex-column align-items-center schnellcheck-buttons\">\r\n                                        <a role=\"button\"\r\n                                            href=\"https:\/\/www.buhl.de\/shop\/wisosteuer\/auswahl?2025=agv&wkz=STWEBMARKETINGSEITE&src=WEB\"\r\n                                            class=\"d-flex justify-content-center align-items-center primary font-cairo-2 fw700 intro-button\"\r\n                                            target=\"_self\"\r\n                                            title=\"WISO&nbsp;Steuer Lizenz kaufen\"\r\n                                            class=\"d-flex align-items-center justify-content-center mb-3\"\r\n                                            id=\"jetztkaufen-schnellcheck\"\r\n                                            onclick=\"dataLayer.push({'event': 'ButtonClick SW','sw-button': 'click-preise'});\">\r\n                                            Jetzt kaufen\r\n                                        <\/a>\r\n                                        <a role=\"button\"\r\n                                            href=\"https:\/\/www.buhl.de\/mein-buhlkonto\/?buhlparam=2100101\"\r\n                                            class=\"d-flex schnellcheck-buttons justify-content-center align-items-center secondary font-cairo-2 fw700 intro-button\"\r\n                                            target=\"_self\"\r\n                                            title=\"Kostenlos & unverbindlich testen\"\r\n                                            id=\"testen-schnellcheck\"\r\n                                            onclick=\"dataLayer.push({'event': 'ButtonClick SW','sw-button': 'click-mobile-starten'});\">\r\n                                            Kostenlos testen\r\n                                        <\/a>\r\n                                    <\/div>\r\n                                    <div class=\"d-none d-lg-flex mobile-100 intro-button justify-content-center schnellcheck-buttons\">                                    \r\n                                        <a role=\"button\"\r\n                                           href=\"https:\/\/www.buhl.de\/shop\/wisosteuer\/auswahl?2025=agv&wkz=STWEBMARKETINGSEITE&src=WEB\"\r\n                                           target=\"_self\"\r\n                                           title=\"WISO&nbsp;Steuer Lizenz kaufen\"\r\n                                           class=\"d-flex justify-content-center align-items-center primary font-cairo-2 fw700 intro-button mr-3\"\r\n                                           id=\"jetztkaufen-schnellcheck\"\r\n                                           onclick=\"dataLayer.push({'event': 'ButtonClick SW','sw-button': 'click-preise'});\">\r\n                                           Jetzt kaufen\r\n                                        <\/a>\r\n                                        <a role=\"button\"\r\n                                           class=\"d-flex justify-content-center align-items-center secondary font-cairo-2 fw700 intro-button\"\r\n                                           href=\"https:\/\/www.buhl.de\/mein-buhlkonto\/?buhlparam=2100101\"\r\n                                           target=\"_self\"\r\n                                           title=\"Kostenlos & unverbindlich testen\"\r\n                                           id=\"testen-schnellcheck\"\r\n                                           onclick=\"dataLayer.push({'event': 'ButtonClick SW','sw-button': 'click-testen'});\">\r\n                                           Kostenlos testen\r\n                                        <\/a>\r\n                                    <\/div>\r\n                                <\/div>\r\n                          <\/div>\r\n                    <\/div>\r\n                <\/div>\r\n                <\/div>\r\n            <\/div>\r\n        <\/div>        \r\n    \r\n        <div class=\"spacing-modul  \">\r\n            <div class=\"container spacing-modul\">\r\n               <div class=\"row\">\r\n                   <div id=\"\" class=\"anchor\"><\/div>\r\n                   <div class=\"col-12 modul-spacing-blog-c\"><\/div>\r\n                   <div class=\"col-12 modul-spacing-blog-c\"><\/div>\r\n               <\/div>\r\n            <\/div>\r\n        <\/div>\r\n    \n<p>Deine Kinderbetreuungskosten geh\u00f6ren in die <a title=\"Anlage Kind richtig ausf\u00fcllen\" href=\"https:\/\/www.buhl.de\/steuer\/ratgeber\/anlage-kind\/\">Anlage Kind<\/a> der <a title=\"Steuererkl\u00e4rung: Schritt-f\u00fcr-Schritt Anleitung\" href=\"https:\/\/www.buhl.de\/steuer\/ratgeber\/steuererklaerung-machen\/\">Steuererkl\u00e4rung<\/a>. Bei WISO Steuer ist das der Bereich <em>Pers\u00f6nliches &gt; Kinder<\/em>:<\/p>\n\r\n        <div class=\"spacing-modul  \">\r\n            <div class=\"container spacing-modul\">\r\n               <div class=\"row\">\r\n                   <div id=\"\" class=\"anchor\"><\/div>\r\n                   <div class=\"col-12 modul-spacing-blog-c\"><\/div>\r\n                   <div class=\"col-12 modul-spacing-blog-c\"><\/div>\r\n               <\/div>\r\n            <\/div>\r\n        <\/div>\r\n    \r\n        <div class=\"white-background d-none d-lg-block\">\r\n            <div class=\"container blog-image\">\r\n            \t<div class=\"row\">\r\n       \r\n                <div class=\"d-flex col-12 align-items-center justify-content-center\">\r\n                         \r\n                            <a id=\"\" target=\"_self\" title=\"\" href=\"\">\r\n                         \r\n                      <picture class=\"img-fluid\">\r\n                             <img decoding=\"async\" loading=\"lazy\"\r\n                              alt=\"Eingabemaske f\u00fcr Kinderbetreuungskosten in WISO Steuer\" \r\n                              title=\"\"\r\n                              src=\"https:\/\/www.buhl.de\/steuer\/wp-content\/uploads\/sites\/31\/2024\/12\/kinderbetreuungskosten-eintragen-steuererklaerung.png\" >\r\n                      <\/picture>     \r\n                      \t\r\n                        \t<\/a>\r\n                    \t                      \r\n\t\t\t\t\t<\/div>  \r\n\t\t\t\t<\/div>                       \r\n            <\/div>\r\n        <\/div>                  \r\n    \n\r\n        <div class=\"white-background  d-lg-none\">\r\n            <div class=\"container blog-image\">\r\n            \t<div class=\"row\">\r\n       \r\n                <div class=\"d-flex col-12 align-items-center justify-content-center\">\r\n                         \r\n                            <a id=\"\" target=\"_self\" title=\"\" href=\"\">\r\n                         \r\n                      <picture class=\"img-fluid\">\r\n                             <img decoding=\"async\" loading=\"lazy\"\r\n                              alt=\"Eingabemaske f\u00fcr Kinderbetreuungskosten in der App WISO Steuer\" \r\n                              title=\"\"\r\n                              src=\"https:\/\/www.buhl.de\/steuer\/wp-content\/uploads\/sites\/31\/2024\/12\/kinderbetreuungskosten-eintragen-steuer-app.png\" >\r\n                      <\/picture>     \r\n                      \t\r\n                        \t<\/a>\r\n                    \t                      \r\n\t\t\t\t\t<\/div>  \r\n\t\t\t\t<\/div>                       \r\n            <\/div>\r\n        <\/div>                  \r\n    \n\r\n        <div role=\"region\" aria-label=\"\" class=\"white-background\">\r\n            <div class=\"container\">\r\n                <div class=\"row\">\r\n                    <div class=\"col-12 d-flex justify-content-center align-items-center flex-column flex-lg-row\">\r\n                    \r\n\r\n                    \r\n                        <a class=\"secondary w-230 d-none d-md-flex justify-content-center align-items-center font-cairo-2 fw700 action-anonymous\"\r\n                            role=\"button\"\r\n                            href=\"https:\/\/www.buhl.de\/mein-buhlkonto\/?buhlparam=2100101\"\r\n                            title=\"Kostenlos testen\"\r\n                            target=\"_self\"\r\n                            id=\"kinderbetreuung-eintragen\"\r\n                            onclick=\"dataLayer.push({'event': 'ButtonClick SW','sw-button': 'click-testen'});\">\r\n                            Kostenlos testen\r\n                        <\/a>\r\n\r\n                        <a class=\"secondary w-230 d-flex d-md-none justify-content-center align-items-center font-cairo-2 fw700 action-anonymous\"\r\n                            role=\"button\"\r\n                            href=\"https:\/\/www.buhl.de\/mein-buhlkonto\/?buhlparam=2100101\"\r\n                            title=\"Kostenlos testen\"\r\n                            target=\"_self\"\r\n                            id=\"kinderbetreuung-eintragen-m\"\r\n                            onclick=\"dataLayer.push({'event': 'ButtonClick SW','sw-button': 'click-mobile-starten'});\">\r\n                            Kostenlos testen\r\n                        <\/a>\r\n                    \r\n                    <\/div>\r\n                <\/div>\r\n            <\/div>\r\n        <\/div>\r\n    \r\n        <div class=\"spacing-modul  \">\r\n            <div class=\"container spacing-modul\">\r\n               <div class=\"row\">\r\n                   <div id=\"\" class=\"anchor\"><\/div>\r\n                   <div class=\"col-12 modul-spacing-blog-c\"><\/div>\r\n                   <div class=\"col-12 modul-spacing-blog-c\"><\/div>\r\n               <\/div>\r\n            <\/div>\r\n        <\/div>\r\n    \n<h2>Diese Voraussetzungen gibt es<\/h2>\n<ul class=\"sw-blog-icon sw-blog-icon-1\">\n<li>Dein Kind ist noch <strong>unter 14 Jahre alt<\/strong><\/li>\n<li>Es handelt sich um dein <strong>leibliches oder Pflegekind<\/strong><\/li>\n<li>Das Kind lebt <strong>in deinem Haushalt<\/strong><\/li>\n<\/ul>\n<p>Auch wenn die Voraussetzungen nicht das ganze Jahr erf\u00fcllt wurden, gilt der H\u00f6chstbetrag in voller H\u00f6he (zum Beispiel weil dein Kind in der Mitte des Jahres geboren wurde).<\/p>\n\r\n        <div class=\"spacing-modul  \">\r\n            <div class=\"container spacing-modul\">\r\n               <div class=\"row\">\r\n                   <div id=\"\" class=\"anchor\"><\/div>\r\n                   <div class=\"col-12 modul-spacing-blog-c\"><\/div>\r\n                   <div class=\"col-12 modul-spacing-blog-c\"><\/div>\r\n               <\/div>\r\n            <\/div>\r\n        <\/div>\r\n    \r\n        <div class=\"white-background\">\r\n            <div class=\"container\">\r\n                <div class=\"content expert-blog-module blog-wrapper\">\r\n                    <div class=\"row\">\r\n                        <div class=\"d-flex align-items-center text-center text-lg-left align-items-xl-start flex-column flex-xl-row col-12 offset-lg-2 col-lg-8 offset-xl-1 col-xl-9\">\r\n                            <img decoding=\"async\" loading=\"lazy\" class=\"img-fluid\" src=\"https:\/\/www.buhl.de\/steuer\/wp-content\/themes\/steuer-web\/buhl-steuer\/assets\/blog\/blog-module\/experten-tipp-icon.svg\" alt=\"Experten Tipp\" title=\"Experten Tipp\" \/>\r\n                            <div class=\"d-flex flex-column\">\r\n                                <h3 class=\"font-source-sans-pro-10 fw700 blue-font headline\">Nur per \u00dcberweisung zahlen<\/h3><div class=\"font-source-sans-pro-1 blue-font\">Um die Kosten absetzen zu k\u00f6nnen, <strong>musst du eine Rechnung haben und den Betrag \u00fcberweisen<\/strong>. Barzahlungen akzeptiert das Finanzamt leider nicht.<\/p>\n<p>Wichtig ist auch, dass du eine Rechnung von der betreuenden Person bekommst. Eine einfache Quittung des Empf\u00e4ngers reicht nicht! Diese Nachweise sind empfehlenswert:<\/p>\n<ul class=\"sw-blog-icon sw-blog-icon-1\">\n<li><strong>Betreuung im Kindergarten oder -hort<\/strong>: Hier reicht ein Bescheid der Einrichtung, in dem die Kosten f\u00fcr die Betreuung festgehalten sind. Einen \u00dcberweisungsbeleg brauchst du aber auch hier.<\/li>\n<li><strong>Betreuung in den eigenen 4 W\u00e4nden<\/strong>: Eine Anstellung ist im Rahmen eines Minijobs oder einer sozialversicherungspflichtigen Besch\u00e4ftigung m\u00f6glich. In diesem Fall solltest du einen Arbeitsvertrag abschlie\u00dfen.<\/li>\n<\/ul>\n<p>Diese Dokumente musst du allerdings erst auf Nachfrage des Finanzamts <a title=\"Belege nachreichen: So geht's\" href=\"https:\/\/www.buhl.de\/steuer\/ratgeber\/belege\/\">nachreichen<\/a>.<\/p>\n<\/div><\/div>\r\n                        <\/div>\r\n                    <\/div>\r\n                <\/div>\r\n            <\/div>\r\n        <\/div>\r\n    \r\n        <div class=\"spacing-modul  \">\r\n            <div class=\"container spacing-modul\">\r\n               <div class=\"row\">\r\n                   <div id=\"\" class=\"anchor\"><\/div>\r\n                   <div class=\"col-12 modul-spacing-default-b\"><\/div>\r\n                   <div class=\"col-12 modul-spacing-default-b\"><\/div>\r\n               <\/div>\r\n            <\/div>\r\n        <\/div>\r\n    \n<h2>Wer darf die Kinderbetreuungskosten absetzen?<\/h2>\n<p>Grunds\u00e4tzlich gilt: Die Kosten darf nur derjenige absetzen, der sie auch tats\u00e4chlich gezahlt hat. Hast du dir die Rechnung mit dem anderen Elternteil geteilt, k\u00f6nnt ihr beide einen Teil absetzen. Der anteilige H\u00f6chstbetrag f\u00fcr jeden Elternteil liegt grunds\u00e4tzlich bei <strong>2.400 Euro pro Kind und Jahr<\/strong>. Du kannst jedoch einvernehmlich eine andere Aufteilung des H\u00f6chstbetrages beantragen.<\/p>\n<ul>\n<li><strong>Zusammenveranlagung<\/strong>: Geben die Eltern eine gemeinsame Steuererkl\u00e4rung ab, ist es egal, wer die Kosten \u00fcbernommen hat. Diese werden bei beiden Elternteilen gemeinsam in einer Summe abgezogen.<\/li>\n<li><strong>Einzelveranlagung<\/strong>: Bei einer Einzelveranlagung werden sie auf gemeinsamen Antrag jeweils zur H\u00e4lfte beim den Elternteilen ber\u00fccksichtigt. Haben beide Kosten \u00fcbernommen, darf jeder seine zu 80 Prozent bis zum H\u00f6chstbetrag von 2.400 Euro pro Elternteil absetzen.<\/li>\n<\/ul>\n<p>Hat bei einer nichtehelichen Lebensgemeinschaft nur ein Elternteil den Betreuungsvertrag abgeschlossen und die Kosten gezahlt, kann der andere Elternteil keine Kinderbetreuungskosten absetzen.<\/p>\n\r\n        <div class=\"spacing-modul  \">\r\n            <div class=\"container spacing-modul\">\r\n               <div class=\"row\">\r\n                   <div id=\"\" class=\"anchor\"><\/div>\r\n                   <div class=\"col-12 modul-spacing-blog-c\"><\/div>\r\n                   <div class=\"col-12 modul-spacing-blog-c\"><\/div>\r\n               <\/div>\r\n            <\/div>\r\n        <\/div>\r\n    \r\n        <div class=\"white-background\">\r\n            <div class=\"full-width-text\">\r\n                <div class=\"blog-wrapper silver-background\">\r\n                    <div class=\"container blog-ad1\">\r\n                        <div class=\"row\">\r\n                            <div class=\"col-12 col-lg-6 d-flex justify-content-center flex-column\">\r\n                                <!--<div class=\"\">-->\r\n                                    \r\n                                        <h3 class=\"font-cairo-10 fw700 blue-font headline-spacing-30 text-left\">Kein Rechnen notwendig<\/h3>\r\n                                    \r\n                                    \r\n                                    \r\n                                        <div class=\"font-source-sans-pro-1 mt-30 mb-30 blue-font subline-width text-left\">Wie viel der Kinderbetreuungskosten darfst du bei der Steuererkl\u00e4rung angeben? Darum musst du dir keine Sorgen machen: Trage einfach den Rechnungsbetrag der Betreuungseinrichtung ein \u2013 den Rest \u00fcbernimmt WISO Steuer f\u00fcr dich.<\/div>\r\n                                    \r\n                                    \r\n                                    \r\n                                    <div class=\"d-flex flex-column flex-md-row align-items-start\">\r\n                                        \r\n                                        <a class=\"font-cairo-2 fw700 intro-button secondary w-230 d-none d-md-flex mr-md-25 justify-content-center align-items-center\"\r\n                                           role=\"button\"\r\n                                           href=\"https:\/\/www.buhl.de\/mein-buhlkonto\/?buhlparam=2100101\"\r\n                                           target=\"_self\"\r\n                                           title=\"Hier kostenlos starten\"\r\n                                           id=\"ad-custom\"\r\n                                           onclick=\"dataLayer.push({'event': 'ButtonClick SW','sw-button': 'click-testen'});\">\r\n                                           Kostenlos testen\r\n                                        <\/a>\r\n                                        \r\n                                        \r\n                                        \r\n                                        <a class=\"d-flex justify-content-center align-items-center d-md-none font-cairo-2 fw700 intro-button secondary w-230\"\r\n                                           role=\"button\"\r\n                                           href=\"https:\/\/www.buhl.de\/mein-buhlkonto\/?buhlparam=2100101\"\r\n                                           target=\"_self\"\r\n                                           title=\"Hier kostenlos starten\"\r\n                                           id=\"ad-custom-m\"\r\n                                           onclick=\"dataLayer.push({'event': 'ButtonClick SW','sw-button': 'click-mobile-starten'});\">\r\n                                           Kostenlos testen\r\n                                        <\/a>\r\n                                        \r\n                                        \r\n                                        \r\n                                        \r\n                                        \r\n                                    <\/div>\r\n                                    \r\n                                <!--<\/div>-->\r\n                            <\/div>\r\n\r\n                            <div class=\"col-12 col-lg-6 tablet-image-spacing d-flex align-content-center\">\r\n                                <div class=\"d-flex justify-content-start tablet-no-spacing\">\r\n                                    \r\n                                        <img decoding=\"async\" loading=\"lazy\" height=\"40\" alt=\"WISO&nbsp;Steuer Vorteile\" title=\"WISO&nbsp;Steuer Buhl Logo\" \r\n                                            class=\"d-none d-md-block \" src=\"https:\/\/www.buhl.de\/steuer\/wp-content\/themes\/steuer-web\/buhl-steuer\/assets\/blog\/blog-custom-ad\/wiso-steuer-werbung.svg\" \/>\r\n                                    \r\n                                    \r\n                                            \r\n                                    \r\n                                        <img decoding=\"async\" loading=\"lazy\" alt=\"WISO&nbsp;Steuer Vorteile\" title=\"WISO&nbsp;Steuer Buhl Logo\" \r\n                                            class=\"mx-auto d-md-none mobile \" src=\"https:\/\/www.buhl.de\/steuer\/wp-content\/themes\/steuer-web\/buhl-steuer\/assets\/blog\/blog-custom-ad\/wiso-steuer-werbung.svg\" \/>\r\n                                    \r\n                                <\/div>\r\n                            <\/div>\r\n                        <\/div>\r\n                    <\/div>\r\n                <\/div>\r\n            <\/div>\r\n        <\/div>\r\n    \r\n        <div class=\"spacing-modul  \">\r\n            <div class=\"container spacing-modul\">\r\n               <div class=\"row\">\r\n                   <div id=\"\" class=\"anchor\"><\/div>\r\n                   <div class=\"col-12 modul-spacing-default-b\"><\/div>\r\n                   <div class=\"col-12 modul-spacing-default-b\"><\/div>\r\n               <\/div>\r\n            <\/div>\r\n        <\/div>\r\n    \n<h2>Betreuung durch Oma und Opa<\/h2>\n<p>Grunds\u00e4tzlich ist es egal, ob der Opa oder andere Verwandte f\u00fcr die Betreuung einspringen. \u00dcber das\u00a0<a title=\"Haushaltsscheckverfahren hilft Steuern zu sparen\" href=\"https:\/\/www.buhl.de\/steuer\/ratgeber\/haushaltsscheckverfahren\/\">Haushaltsscheckverfahren<\/a> kannst du die Gro\u00dfeltern als Minijobber anstellen. Steuern werden dann pauschal bezahlt und die Gro\u00dfeltern sind in der gesetzlichen Unfallversicherung versichert. Als Eltern k\u00f6nnt ihr jetzt die Kosten komplett als Kinderbetreuungskosten absetzen.<\/p>\n<p>Erstattest du den Gro\u00dfeltern die Fahrtkosten, kannst du diese auch in der Steuererkl\u00e4rung angeben.<\/p>\n<p>Das ist bei der Betreuung durch die Gro\u00dfeltern wichtig:<\/p>\n<ul class=\"sw-blog-icon sw-blog-icon-1\">\n<li><strong>Vereinbarung<\/strong>: Du brauchst eine schriftliche Vereinbarung mit den Gro\u00dfeltern. Auch, wenn die eigentliche Betreuung kostenlos ist und du nur Fahrtkosten absetzen willst, ist eine Vereinbarung wichtig. In dieser wird festgehalten, dass die Gro\u00dfeltern regelm\u00e4\u00dfig auf die Kinder aufpassen und du ihnen die Fahrtkosten daf\u00fcr erstattest.<\/li>\n<li><strong>Nachweis<\/strong>: Die tats\u00e4chlich erstatteten Fahrten musst du auch nachweisen k\u00f6nnen. Das geht am besten am besten als Auflistung mit Entfernung, Datum, und Adresse. F\u00fcr die Kostenberechnung gilt: 30 Cent pro gefahrenen Kilometer oder auch der Ersatz einer Tankf\u00fcllung. Halte dazu Tankquittungen oder Fahrkarten parat.<\/li>\n<li><strong>\u00dcberweisung<\/strong>: Zahle unbedingt per \u00dcberweisung. Barzahlungen akzeptiert das Finanzamt nicht.<\/li>\n<\/ul>\n<p>\u00dcbrigens: Da die Steuern pauschal bezahlt wurden, m\u00fcssen Oma und Opa keine Angaben bei der Steuer machen. F\u00fcr sie ist es dann <strong>steuerfrei<\/strong>.<\/p>\n<h3>Verdienst \u00fcber 410 Euro<\/h3>\n<p>Verdient ein Angestellter durch die Betreuung pro Jahr mehr als 410 Euro, ist das steuerpflichtig. Sind die Gro\u00dfeltern bereits in Rente und bleiben insgesamt unter dem Grundfreibetrag, m\u00fcssen keine Steuern bezahlt werden. Achte also auf den Gesamtbetrag der Zahlungen.<\/p>\n<h3>Oma als Minijobber<\/h3>\n<p>Eine andere M\u00f6glichkeit w\u00e4re es, die Gro\u00dfeltern \u00fcber das <a title=\"Haushaltsscheckverfahren hilft Steuern zu sparen\" href=\"https:\/\/www.buhl.de\/steuer\/ratgeber\/haushaltsscheckverfahren\/\">Haushaltsscheckverfahren<\/a> als Minijobber anzustellen. Dies geht problemlos online.<\/p>\n<p>Der Vorteil: Steuern werden pauschal bezahlt und die Betreuungsperson ist auch in der gesetzlichen Unfallversicherung versichert. Die Kosten aus dem Haushaltsscheckverfahren k\u00f6nnen die Eltern komplett als Kinderbetreuungskosten angeben. Mehr dazu erf\u00e4hrst du auf der Website der <a title=\"Weitere Informationen lesen\" href=\"https:\/\/www.minijob-zentrale.de\/DE\/fuer-haushalte\/fuer-haushalte_node.html\" target=\"_blank\" rel=\"noopener\">Minijob-Zentrale<\/a>.<\/p>\n<h3>Kein Steuervorteil bei Betreuung im engeren Familienkreis<\/h3>\n<p>Du kannst keine Betreuungskosten absetzen, wenn enge Familienmitglieder die Kinder betreuen. Das sind Menschen, die Kindergeld erhalten oder Anspruch auf Kinderfreibetr\u00e4ge bei der Steuererkl\u00e4rung haben \u2013 also Eltern oder auch der Lebenspartner der Mutter. Zahlt der eine Partner dem anderen f\u00fcr die Betreuung einen Geldbetrag, so wird dieser nicht ber\u00fccksichtigt. Auch erkennt das Finanzamt keine Kosten an, die f\u00fcr eigene Fahrten zum Bringen und Abholen des Kindes anfallen.<\/p>\n<h2>Keine Betreuungsm\u00f6glichkeit: Was muss ich steuerlich beachten?<\/h2>\n<p>Ist die Kita oder Schule geschlossen oder eingeschr\u00e4nkt ge\u00f6ffnet, haben viele Eltern ein Problem. Wenn du keine alternative Kinderbetreuung organisieren kannst, hast du folgende M\u00f6glichkeiten:<\/p>\n<h3>Kinderkrankengeld<\/h3>\n<p>Du hast Anspruch auf <a title=\"Kinderkrankengeld &amp; Steuern\" href=\"https:\/\/www.buhl.de\/steuer\/ratgeber\/kinderkrankentage-kinderkrankengeld\/\">Kinderkrankengeld<\/a> \u2013 auch dann, wenn das Kind gar nicht krank ist und du es lediglich auf Empfehlung zu Hause betreust. Das sind insgesamt 90 Prozent deines Nettoeinkommens. Diese Regelung gilt f\u00fcr alle Eltern mit Kindern unter 12 Jahren.<\/p>\n\r\n        <div class=\"spacing-modul  \">\r\n            <div class=\"container spacing-modul\">\r\n               <div class=\"row\">\r\n                   <div id=\"\" class=\"anchor\"><\/div>\r\n                   <div class=\"col-12 modul-spacing-blog-c\"><\/div>\r\n                   <div class=\"col-12 modul-spacing-blog-c\"><\/div>\r\n               <\/div>\r\n            <\/div>\r\n        <\/div>\r\n    \r\n        <div class=\"white-background\">\r\n            <div class=\"container\">\r\n                <div class=\"content info-blog-modul blog-wrapper\">\r\n                    <div class=\"row\">\r\n                        <div class=\"d-flex align-items-center text-center text-lg-left align-items-xl-start flex-column flex-xl-row col-12 offset-lg-2 col-lg-8 offset-xl-1 col-xl-9\">\r\n                            <img decoding=\"async\" loading=\"lazy\" class=\"img-fluid\" src=\"https:\/\/www.buhl.de\/steuer\/wp-content\/themes\/steuer-web\/buhl-steuer\/assets\/blog\/blog-module\/info-icon.svg\" alt=\"Information zum Thema\" title=\"Information zum Thema\" \/>\r\n                            <div class=\"d-flex flex-column\">\r\n                                <h3 class=\"font-source-sans-pro-10 fw700 blue-font headline\">Kinderkrankengeld und Entsch\u00e4digung sind steuerfrei<\/h3><div class=\"font-source-sans-pro-1 blue-font\">Allerdings handelt es sich bei beiden Zahlungen um eine Lohnersatzleistung. Das bedeutet, dass du eine <a title=\"Steuererkl\u00e4ung online machen\" href=\"https:\/\/www.buhl.de\/steuer\/ratgeber\/steuererklaerung-machen\/\">Steuererkl\u00e4rung<\/a> abgeben <strong>musst<\/strong>, wenn du eine dieser Leistungen erhalten hast.<\/p>\n<p>Zudem unterliegen Lohnersatzleistungen dem <a title=\"Progressionsvorbehalt: Was ist das?\" href=\"https:\/\/www.buhl.de\/steuer\/ratgeber\/progressionsvorbehalt\/\">Progressionsvorbehalt<\/a>. Das bedeutet, f\u00fcr das gesamte Einkommen gilt dann ein h\u00f6herer Steuersatz. Folge: Eine <a href=\"https:\/\/www.buhl.de\/steuer\/ratgeber\/steuernachzahlung\/\">Steuernachzahlung<\/a> ist nicht ausgeschlossen.<\/div><\/div>\r\n                        <\/div>\r\n                    <\/div>\r\n                <\/div>\r\n            <\/div>\r\n        <\/div>\r\n    \r\n        <div class=\"spacing-modul  \">\r\n            <div class=\"container spacing-modul\">\r\n               <div class=\"row\">\r\n                   <div id=\"\" class=\"anchor\"><\/div>\r\n                   <div class=\"col-12 modul-spacing-default-b\"><\/div>\r\n                   <div class=\"col-12 modul-spacing-default-b\"><\/div>\r\n               <\/div>\r\n            <\/div>\r\n        <\/div>\r\n    03<\/p>\n<h2>FAQ: Kinderbetreuung von der Steuer absetzen<\/h2>\n\r\n        <div class=\"white-background\">\r\n            <div class=\"container faq-module blog-download buhl-ap\">\r\n                <div class=\"row\">\r\n                <div class=\"col-12 p-lg-0\">\r\n                \r\n                    <div class=\"accordion accordionFaq\" id=\"accordionFaq\">\n<div class=\"card\">\n<div class=\"d-flex card-header border-0 collapsed\" id=\"heading1\" data-toggle=\"collapse\" data-target=\"#collapse1\"\r\n                    aria-expanded=\"false\" aria-controls=\"collapse1\">                                            \r\n                    <h3 class=\"font-source-sans-pro-1 blue-font no-margin\">Gibt es eine Altersgrenze zum Absetzen der Kinderbetreuungskosten?<\/h3>\r\n                <\/div>\r\n\n\r\n        <div id=\"collapse1\" class=\"collapse\" aria-labelledby=\"heading1\" data-parent=\"#accordionFaq\">\r\n            <div class=\"card-body\">\r\n                Ja. F\u00fcr Kinder ab 14 Jahren gilt der Steuerabzug nicht mehr.                 \r\n            <\/div>\r\n        <\/div>\r\n\n<\/div>\n<div class=\"card\">\n<div class=\"d-flex card-header border-0 collapsed\" id=\"heading2\" data-toggle=\"collapse\" data-target=\"#collapse2\"\r\n                    aria-expanded=\"false\" aria-controls=\"collapse2\">                                            \r\n                    <h3 class=\"font-source-sans-pro-1 blue-font no-margin\">Kann ich Essensgeld im Kindergarten von der Steuer absetzen?<\/h3>\r\n                <\/div>\r\n\n\r\n        <div id=\"collapse2\" class=\"collapse\" aria-labelledby=\"heading2\" data-parent=\"#accordionFaq\">\r\n            <div class=\"card-body\">\r\n                Nein, das Essensgeld geh\u00f6rt nicht zu den Kinderbetreuungskosten. Deswegen kannst du es nicht von der Steuer absetzen.                \r\n            <\/div>\r\n        <\/div>\r\n\n<\/div>\n<div class=\"card\">\n<div class=\"d-flex card-header border-0 collapsed\" id=\"heading3\" data-toggle=\"collapse\" data-target=\"#collapse3\"\r\n                    aria-expanded=\"false\" aria-controls=\"collapse3\">                                            \r\n                    <h3 class=\"font-source-sans-pro-1 blue-font no-margin\">Wie viel von den Kinderbetreuungskosten bekomme ich zur\u00fcck?<\/h3>\r\n                <\/div>\r\n\n\r\n        <div id=\"collapse3\" class=\"collapse\" aria-labelledby=\"heading3\" data-parent=\"#accordionFaq\">\r\n            <div class=\"card-body\">\r\n                Das Finanzamt rechnet dir 80 Prozent deiner Kinderbetreuungskosten an. Aber: Es gilt ein Maximalbetrag von 4.800 Euro pro Kind und Jahr. Bis 2024 kannst du 2\/3 der Kosten, maximal 4.000 Euro absetzen.                \r\n            <\/div>\r\n        <\/div>\r\n\n<\/div>\n<div class=\"card\">\n<div class=\"d-flex card-header border-0 collapsed\" id=\"heading4\" data-toggle=\"collapse\" data-target=\"#collapse4\"\r\n                    aria-expanded=\"false\" aria-controls=\"collapse4\">                                            \r\n                    <h3 class=\"font-source-sans-pro-1 blue-font no-margin\">Wie weise ich Kinderbetreuungskosten nach?<\/h3>\r\n                <\/div>\r\n\n\r\n        <div id=\"collapse4\" class=\"collapse\" aria-labelledby=\"heading4\" data-parent=\"#accordionFaq\">\r\n            <div class=\"card-body\">\r\n                Daf\u00fcr brauchst du eine Rechnung und einen Zahlungsnachweis. Zum Beispiel in Form eines \u00dcberweisungstr\u00e4gers oder Kontoauszugs.                \r\n            <\/div>\r\n        <\/div>\r\n\n<\/div>\n<div class=\"card\">\n<div class=\"d-flex card-header border-0 collapsed\" id=\"heading5\" data-toggle=\"collapse\" data-target=\"#collapse5\"\r\n                    aria-expanded=\"false\" aria-controls=\"collapse5\">                                            \r\n                    <h3 class=\"font-source-sans-pro-1 blue-font no-margin\">K\u00f6nnen beide Elternteile Kinderbetreuungskosten von der Steuer absetzen?<\/h3>\r\n                <\/div>\r\n\n\r\n        <div id=\"collapse5\" class=\"collapse\" aria-labelledby=\"heading5\" data-parent=\"#accordionFaq\">\r\n            <div class=\"card-body\">\r\n                Das kommt darauf an, wer die Kosten \u00fcbernommen hat. Wenn es beide Elternteile waren, muss der Maximalbetrag aufgeteilt werden. Das hei\u00dft, f\u00fcr jeden Elternteil gibt es einen Steuervorteil von bis zu 2.400 Euro (bis 2024: 2.000 Euro).                \r\n            <\/div>\r\n        <\/div>\r\n\n<\/div>\n<\/div>\r\n                 <\/div>\r\n              <\/div>\r\n            <\/div>\r\n        <\/div>\r\n        <div class=\"spacing-modul  \">\r\n            <div class=\"container spacing-modul\">\r\n               <div class=\"row\">\r\n                   <div id=\"\" class=\"anchor\"><\/div>\r\n                   <div class=\"col-12 modul-spacing-default-b\"><\/div>\r\n                   <div class=\"col-12 modul-spacing-default-b\"><\/div>\r\n               <\/div>\r\n            <\/div>\r\n        <\/div>\r\n    \n\r\n        <div class=\"white-background\">\r\n            <div class=\"full-width-text\">\r\n                <div class=\"inner-spacing blog-ad1-wrapper yellow-background\">\r\n                    <div class=\"container blog-ad1\">\r\n                        <div class=\"row\">\r\n                        \r\n                            <div class=\"col-12 col-md-6 d-none d-md-flex align-content-center\">\r\n                                \r\n                                    <img decoding=\"async\" loading=\"lazy\" height=\"auto\" style=\"max-width:100%;\" alt=\"Steuer-Abruf Logo\" title=\"\" \r\n                                        class=\"mx-auto d-none d-md-block \" src=\"https:\/\/www.buhl.de\/steuer\/wp-content\/themes\/steuer-web\/buhl-steuer\/assets\/blog\/blog-ad1\/abruf\/blog-automatisch_ausfuellen.svg\" \/>\r\n                                \r\n                            <\/div>\r\n                        \r\n                            \r\n                            <div class=\"col-12 col-md-6\">\r\n                                \r\n                                    <div class=\"d-flex headline-spacing-30 justify-content-start\">\r\n                                        \r\n                                            <img decoding=\"async\" loading=\"lazy\" height=\"auto\" style=\"max-width:100%;\" alt=\"Steuer-Abruf Logo\" title=\"Steuer-Abruf\" \r\n                                                class=\"d-none d-md-block \" src=\"https:\/\/www.buhl.de\/steuer\/wp-content\/themes\/steuer-web\/buhl-steuer\/assets\/blog\/blog-ad1\/abruf\/steuer-abruf-logo-icon.svg\" \/>\r\n                                        \r\n                                        \r\n                                                \r\n                                        \r\n                                            <img decoding=\"async\" loading=\"lazy\" alt=\"Steuer-Abruf Logo\" title=\"Steuer-Abruf\" \r\n                                                class=\"mx-auto d-md-none mobile \" src=\"https:\/\/www.buhl.de\/steuer\/wp-content\/themes\/steuer-web\/buhl-steuer\/assets\/blog\/blog-ad1\/abruf\/steuer-abruf-logo-icon.svg\" \/>\r\n                                        \r\n                                    <\/div>\r\n                                \r\n                            \r\n                                \r\n                                    <p class=\"font-cairo-10 fw700 blue-font headline-spacing-30 text-center justify-content-start text-md-left\">Lass deine Steuer automatisch ausf\u00fcllen<\/p>\r\n                                \r\n                    \r\n                                <div class=\"font-source-sans-pro-1 mt-30 mb-30 blue-font subline-width text-center text-md-left\">Spar dir Zeit und l\u00e4stiges Abtippen: WISO&nbsp;Steuer f\u00fcllt deine Erkl\u00e4rung automatisch aus. Und das Beste: Du kannst den Service kostenlos nutzen. Probiere es gleich heute aus!<\/div>\r\n                                \r\n                                \r\n\r\n                                <div class=\"d-flex flex-column flex-md-row align-items-center align-items-md-start justify-content-start\">\r\n                                    \r\n                                    <a class=\"font-cairo-2 fw700 intro-button primary w-230 d-none d-md-flex mr-md-25 justify-content-center align-items-center\"\r\n                                       role=\"button\"\r\n                                       href=\"https:\/\/www.buhl.de\/shop\/wisosteuer\/auswahl?2025=agv&wkz=STWEBMARKETINGSEITE&src=WEB\"\r\n                                       target=\"_self\"\r\n                                       title=\"WISO&nbsp;Steuer Lizenz kaufen\"\r\n                                       id=\"steuerabrufad\"\r\n                                       onclick=\"dataLayer.push({'event': 'ButtonClick SW','sw-button': 'click-preise'});\">\r\n                                       Jetzt kaufen\r\n                                    <\/a>\r\n                                    \r\n                                    \r\n                                    \r\n                                    <a class=\"d-flex justify-content-center align-items-center d-md-none font-cairo-2 fw700 intro-button primary w-230\"\r\n                                       role=\"button\"\r\n                                       href=\"https:\/\/www.buhl.de\/shop\/wisosteuer\/auswahl?2025=agv&wkz=STWEBMARKETINGSEITE&src=WEB\"\r\n                                       target=\"_self\"\r\n                                       title=\"WISO&nbsp;Steuer Lizenz kaufen\"\r\n                                       id=\"steuerabrufad\"\r\n                                       onclick=\"dataLayer.push({'event': 'ButtonClick SW','sw-button': 'click-preise'});\">\r\n                                       Jetzt kaufen\r\n                                    <\/a>\r\n                                    \r\n                                    \r\n                                    \r\n                                    \r\n                                    \r\n                                <\/div>\r\n                                \r\n                                \r\n                                    <div class=\"d-flex d-md-none align-content-center mobile-image-spacing\">\r\n                                        \r\n                                            <img decoding=\"async\" loading=\"lazy\" height=\"auto\" style=\"max-width:100%;\" alt=\"Steuer-Abruf Logo\" title=\"\" \r\n                                                class=\"\" src=\"https:\/\/www.buhl.de\/steuer\/wp-content\/themes\/steuer-web\/buhl-steuer\/assets\/blog\/blog-ad1\/abruf\/blog-automatisch_ausfuellen.svg\" \/>\r\n                                        \r\n                                    <\/div>\r\n                                \r\n                            <\/div>\r\n                        <\/div>\r\n                    <\/div>\r\n                <\/div>\r\n            <\/div>\r\n        <\/div>\r\n    \n","protected":false},"excerpt":{"rendered":"<p>Job und Familie unter einen Hut zu bringen, ist gar nicht so einfach. Deswegen gibt es einige M\u00f6glichkeiten, wie das Kind in Abwesenheit der Eltern betreut werden kann. Sogar das Finanzamt greift bei Ausgaben rund um Kindergarten, Kita und Co. unter die Arme. Wie Eltern Kinderbetreuungskosten von der Steuer absetzen k\u00f6nnen, zeigen wir hier.<\/p>\n","protected":false},"author":158,"featured_media":49243,"comment_status":"closed","ping_status":"open","sticky":false,"template":"","format":"standard","meta":{"_acf_changed":false,"footnotes":""},"categories":[2841,2815],"tags":[],"class_list":["post-49227","post","type-post","status-publish","format-standard","has-post-thumbnail","hentry","category-alle","category-familie"],"yoast_head":"<!-- This site is optimized with the Yoast SEO Premium plugin v27.0 (Yoast SEO v27.0) - https:\/\/yoast.com\/product\/yoast-seo-premium-wordpress\/ -->\n<title>Kinderbetreuung: Kosten absetzen \u2714\ufe0f so geht&#039;s<\/title>\n<meta name=\"description\" content=\"Kindergarten, Babysitter oder Tagesmutter \u2705 So einfach holst du dir die Kosten f\u00fcr Kinderbetreuung zur\u00fcck \ud83d\udc49\ud83c\udffb Einfach von der Steuer absetzen\" \/>\n<meta name=\"robots\" content=\"index, follow, max-snippet:-1, max-image-preview:large, max-video-preview:-1\" \/>\n<link rel=\"canonical\" href=\"https:\/\/www.buhl.de\/steuer\/ratgeber\/kinderbetreuung-kosten-absetzen\/\" \/>\n<meta property=\"og:locale\" content=\"de_DE\" \/>\n<meta property=\"og:type\" content=\"article\" \/>\n<meta property=\"og:title\" content=\"Kinderbetreuung: Kosten einfach von der Steuer absetzen\" \/>\n<meta property=\"og:description\" content=\"Kindergarten, Babysitter oder Tagesmutter \u2705 So einfach holst du dir die Kosten f\u00fcr Kinderbetreuung zur\u00fcck \ud83d\udc49\ud83c\udffb Einfach von der Steuer absetzen\" \/>\n<meta property=\"og:url\" content=\"https:\/\/www.buhl.de\/steuer\/ratgeber\/kinderbetreuung-kosten-absetzen\/\" \/>\n<meta property=\"og:site_name\" content=\"WISO Steuer: Nr.1 App f\u00fcr die Steuererkl\u00e4rung\" \/>\n<meta property=\"article:published_time\" content=\"2025-07-03T05:39:38+00:00\" \/>\n<meta property=\"article:modified_time\" content=\"2026-04-22T09:08:00+00:00\" \/>\n<meta property=\"og:image\" content=\"https:\/\/www.buhl.de\/steuer\/wp-content\/uploads\/sites\/31\/2022\/01\/kind-betreuung-steuer-absetzen-title.jpg\" \/>\n\t<meta property=\"og:image:width\" content=\"976\" \/>\n\t<meta property=\"og:image:height\" content=\"400\" \/>\n\t<meta property=\"og:image:type\" content=\"image\/jpeg\" \/>\n<meta name=\"author\" content=\"Melanie Holz\" \/>\n<meta name=\"twitter:card\" content=\"summary_large_image\" \/>\n<meta name=\"twitter:label1\" content=\"Verfasst von\" \/>\n\t<meta name=\"twitter:data1\" content=\"Melanie Holz\" \/>\n\t<meta name=\"twitter:label2\" content=\"Gesch\u00e4tzte Lesezeit\" \/>\n\t<meta name=\"twitter:data2\" content=\"8\u00a0Minuten\" \/>\n<script type=\"application\/ld+json\" class=\"yoast-schema-graph\">{\"@context\":\"https:\/\/schema.org\",\"@graph\":[{\"@type\":\"Article\",\"@id\":\"https:\/\/www.buhl.de\/steuer\/ratgeber\/kinderbetreuung-kosten-absetzen\/#article\",\"isPartOf\":{\"@id\":\"https:\/\/www.buhl.de\/steuer\/ratgeber\/kinderbetreuung-kosten-absetzen\/\"},\"author\":{\"name\":\"Melanie Holz\",\"@id\":\"https:\/\/www.buhl.de\/steuer\/#\/schema\/person\/bdc3546e32ec6fea6ff8e85e9a87fd47\"},\"headline\":\"Kinderbetreuung: Kosten einfach von der Steuer absetzen\",\"datePublished\":\"2025-07-03T05:39:38+00:00\",\"dateModified\":\"2026-04-22T09:08:00+00:00\",\"mainEntityOfPage\":{\"@id\":\"https:\/\/www.buhl.de\/steuer\/ratgeber\/kinderbetreuung-kosten-absetzen\/\"},\"wordCount\":1521,\"publisher\":{\"@id\":\"https:\/\/www.buhl.de\/steuer\/#organization\"},\"image\":{\"@id\":\"https:\/\/www.buhl.de\/steuer\/ratgeber\/kinderbetreuung-kosten-absetzen\/#primaryimage\"},\"thumbnailUrl\":\"https:\/\/www.buhl.de\/steuer\/wp-content\/uploads\/sites\/31\/2022\/01\/kind-betreuung-steuer-absetzen-title.jpg\",\"articleSection\":[\"Neueste Beitr\u00e4ge\",\"Ratgeber: Familie &amp; Steuer\"],\"inLanguage\":\"de\"},{\"@type\":\"WebPage\",\"@id\":\"https:\/\/www.buhl.de\/steuer\/ratgeber\/kinderbetreuung-kosten-absetzen\/\",\"url\":\"https:\/\/www.buhl.de\/steuer\/ratgeber\/kinderbetreuung-kosten-absetzen\/\",\"name\":\"Kinderbetreuung: Kosten absetzen \u2714\ufe0f so geht's\",\"isPartOf\":{\"@id\":\"https:\/\/www.buhl.de\/steuer\/#website\"},\"primaryImageOfPage\":{\"@id\":\"https:\/\/www.buhl.de\/steuer\/ratgeber\/kinderbetreuung-kosten-absetzen\/#primaryimage\"},\"image\":{\"@id\":\"https:\/\/www.buhl.de\/steuer\/ratgeber\/kinderbetreuung-kosten-absetzen\/#primaryimage\"},\"thumbnailUrl\":\"https:\/\/www.buhl.de\/steuer\/wp-content\/uploads\/sites\/31\/2022\/01\/kind-betreuung-steuer-absetzen-title.jpg\",\"datePublished\":\"2025-07-03T05:39:38+00:00\",\"dateModified\":\"2026-04-22T09:08:00+00:00\",\"description\":\"Kindergarten, Babysitter oder Tagesmutter \u2705 So einfach holst du dir die Kosten f\u00fcr Kinderbetreuung zur\u00fcck \ud83d\udc49\ud83c\udffb Einfach von der Steuer absetzen\",\"breadcrumb\":{\"@id\":\"https:\/\/www.buhl.de\/steuer\/ratgeber\/kinderbetreuung-kosten-absetzen\/#breadcrumb\"},\"inLanguage\":\"de\",\"potentialAction\":[{\"@type\":\"ReadAction\",\"target\":[\"https:\/\/www.buhl.de\/steuer\/ratgeber\/kinderbetreuung-kosten-absetzen\/\"]}]},{\"@type\":\"ImageObject\",\"inLanguage\":\"de\",\"@id\":\"https:\/\/www.buhl.de\/steuer\/ratgeber\/kinderbetreuung-kosten-absetzen\/#primaryimage\",\"url\":\"https:\/\/www.buhl.de\/steuer\/wp-content\/uploads\/sites\/31\/2022\/01\/kind-betreuung-steuer-absetzen-title.jpg\",\"contentUrl\":\"https:\/\/www.buhl.de\/steuer\/wp-content\/uploads\/sites\/31\/2022\/01\/kind-betreuung-steuer-absetzen-title.jpg\",\"width\":976,\"height\":400,\"caption\":\"Kosten f\u00fcr die Kinderbetreuung von der Steuer absetzen\"},{\"@type\":\"BreadcrumbList\",\"@id\":\"https:\/\/www.buhl.de\/steuer\/ratgeber\/kinderbetreuung-kosten-absetzen\/#breadcrumb\",\"itemListElement\":[{\"@type\":\"ListItem\",\"position\":1,\"name\":\"Steuererkl\u00e4rung\",\"item\":\"https:\/\/www.buhl.de\/steuer\/\"},{\"@type\":\"ListItem\",\"position\":2,\"name\":\"Kinderbetreuung: Kosten einfach von der Steuer absetzen\"}]},{\"@type\":\"WebSite\",\"@id\":\"https:\/\/www.buhl.de\/steuer\/#website\",\"url\":\"https:\/\/www.buhl.de\/steuer\/\",\"name\":\"WISO Steuer: Nr. 1 Steuer-App\",\"description\":\"\",\"publisher\":{\"@id\":\"https:\/\/www.buhl.de\/steuer\/#organization\"},\"potentialAction\":[{\"@type\":\"SearchAction\",\"target\":{\"@type\":\"EntryPoint\",\"urlTemplate\":\"https:\/\/www.buhl.de\/steuer\/?s={search_term_string}\"},\"query-input\":{\"@type\":\"PropertyValueSpecification\",\"valueRequired\":true,\"valueName\":\"search_term_string\"}}],\"inLanguage\":\"de\"},{\"@type\":\"Organization\",\"@id\":\"https:\/\/www.buhl.de\/steuer\/#organization\",\"name\":\"WISO Steuer | Buhl Data Service GmbH\",\"url\":\"https:\/\/www.buhl.de\/steuer\/\",\"logo\":{\"@type\":\"ImageObject\",\"inLanguage\":\"de\",\"@id\":\"https:\/\/www.buhl.de\/steuer\/#\/schema\/logo\/image\/\",\"url\":\"https:\/\/www.buhl.de\/steuer\/wp-content\/uploads\/sites\/31\/2026\/02\/logo-wiso-steuer-app.svg\",\"contentUrl\":\"https:\/\/www.buhl.de\/steuer\/wp-content\/uploads\/sites\/31\/2026\/02\/logo-wiso-steuer-app.svg\",\"width\":375,\"height\":72,\"caption\":\"WISO Steuer | Buhl Data Service GmbH\"},\"image\":{\"@id\":\"https:\/\/www.buhl.de\/steuer\/#\/schema\/logo\/image\/\"}},{\"@type\":\"Person\",\"@id\":\"https:\/\/www.buhl.de\/steuer\/#\/schema\/person\/bdc3546e32ec6fea6ff8e85e9a87fd47\",\"name\":\"Melanie Holz\",\"image\":{\"@type\":\"ImageObject\",\"inLanguage\":\"de\",\"@id\":\"https:\/\/www.buhl.de\/steuer\/#\/schema\/person\/image\/\",\"url\":\"https:\/\/www.buhl.de\/steuer\/wp-content\/uploads\/sites\/31\/2024\/07\/melanie.png\",\"contentUrl\":\"https:\/\/www.buhl.de\/steuer\/wp-content\/uploads\/sites\/31\/2024\/07\/melanie.png\",\"caption\":\"Melanie Holz\"},\"sameAs\":[\"https:\/\/www.buhl.de\/steuer\/autoren\/melanie-holz\/\"]}]}<\/script>\n<!-- \/ Yoast SEO Premium plugin. -->","yoast_head_json":{"title":"Kinderbetreuung: Kosten absetzen \u2714\ufe0f so geht's","description":"Kindergarten, Babysitter oder Tagesmutter \u2705 So einfach holst du dir die Kosten f\u00fcr Kinderbetreuung zur\u00fcck \ud83d\udc49\ud83c\udffb Einfach von der Steuer absetzen","robots":{"index":"index","follow":"follow","max-snippet":"max-snippet:-1","max-image-preview":"max-image-preview:large","max-video-preview":"max-video-preview:-1"},"canonical":"https:\/\/www.buhl.de\/steuer\/ratgeber\/kinderbetreuung-kosten-absetzen\/","og_locale":"de_DE","og_type":"article","og_title":"Kinderbetreuung: Kosten einfach von der Steuer absetzen","og_description":"Kindergarten, Babysitter oder Tagesmutter \u2705 So einfach holst du dir die Kosten f\u00fcr Kinderbetreuung zur\u00fcck \ud83d\udc49\ud83c\udffb Einfach von der Steuer absetzen","og_url":"https:\/\/www.buhl.de\/steuer\/ratgeber\/kinderbetreuung-kosten-absetzen\/","og_site_name":"WISO Steuer: Nr.1 App f\u00fcr die Steuererkl\u00e4rung","article_published_time":"2025-07-03T05:39:38+00:00","article_modified_time":"2026-04-22T09:08:00+00:00","og_image":[{"width":976,"height":400,"url":"https:\/\/www.buhl.de\/steuer\/wp-content\/uploads\/sites\/31\/2022\/01\/kind-betreuung-steuer-absetzen-title.jpg","type":"image\/jpeg"}],"author":"Melanie Holz","twitter_card":"summary_large_image","twitter_misc":{"Verfasst von":"Melanie Holz","Gesch\u00e4tzte Lesezeit":"8\u00a0Minuten"},"schema":{"@context":"https:\/\/schema.org","@graph":[{"@type":"Article","@id":"https:\/\/www.buhl.de\/steuer\/ratgeber\/kinderbetreuung-kosten-absetzen\/#article","isPartOf":{"@id":"https:\/\/www.buhl.de\/steuer\/ratgeber\/kinderbetreuung-kosten-absetzen\/"},"author":{"name":"Melanie Holz","@id":"https:\/\/www.buhl.de\/steuer\/#\/schema\/person\/bdc3546e32ec6fea6ff8e85e9a87fd47"},"headline":"Kinderbetreuung: Kosten einfach von der Steuer absetzen","datePublished":"2025-07-03T05:39:38+00:00","dateModified":"2026-04-22T09:08:00+00:00","mainEntityOfPage":{"@id":"https:\/\/www.buhl.de\/steuer\/ratgeber\/kinderbetreuung-kosten-absetzen\/"},"wordCount":1521,"publisher":{"@id":"https:\/\/www.buhl.de\/steuer\/#organization"},"image":{"@id":"https:\/\/www.buhl.de\/steuer\/ratgeber\/kinderbetreuung-kosten-absetzen\/#primaryimage"},"thumbnailUrl":"https:\/\/www.buhl.de\/steuer\/wp-content\/uploads\/sites\/31\/2022\/01\/kind-betreuung-steuer-absetzen-title.jpg","articleSection":["Neueste Beitr\u00e4ge","Ratgeber: Familie &amp; Steuer"],"inLanguage":"de"},{"@type":"WebPage","@id":"https:\/\/www.buhl.de\/steuer\/ratgeber\/kinderbetreuung-kosten-absetzen\/","url":"https:\/\/www.buhl.de\/steuer\/ratgeber\/kinderbetreuung-kosten-absetzen\/","name":"Kinderbetreuung: Kosten absetzen \u2714\ufe0f so geht's","isPartOf":{"@id":"https:\/\/www.buhl.de\/steuer\/#website"},"primaryImageOfPage":{"@id":"https:\/\/www.buhl.de\/steuer\/ratgeber\/kinderbetreuung-kosten-absetzen\/#primaryimage"},"image":{"@id":"https:\/\/www.buhl.de\/steuer\/ratgeber\/kinderbetreuung-kosten-absetzen\/#primaryimage"},"thumbnailUrl":"https:\/\/www.buhl.de\/steuer\/wp-content\/uploads\/sites\/31\/2022\/01\/kind-betreuung-steuer-absetzen-title.jpg","datePublished":"2025-07-03T05:39:38+00:00","dateModified":"2026-04-22T09:08:00+00:00","description":"Kindergarten, Babysitter oder Tagesmutter \u2705 So einfach holst du dir die Kosten f\u00fcr Kinderbetreuung zur\u00fcck \ud83d\udc49\ud83c\udffb Einfach von der Steuer absetzen","breadcrumb":{"@id":"https:\/\/www.buhl.de\/steuer\/ratgeber\/kinderbetreuung-kosten-absetzen\/#breadcrumb"},"inLanguage":"de","potentialAction":[{"@type":"ReadAction","target":["https:\/\/www.buhl.de\/steuer\/ratgeber\/kinderbetreuung-kosten-absetzen\/"]}]},{"@type":"ImageObject","inLanguage":"de","@id":"https:\/\/www.buhl.de\/steuer\/ratgeber\/kinderbetreuung-kosten-absetzen\/#primaryimage","url":"https:\/\/www.buhl.de\/steuer\/wp-content\/uploads\/sites\/31\/2022\/01\/kind-betreuung-steuer-absetzen-title.jpg","contentUrl":"https:\/\/www.buhl.de\/steuer\/wp-content\/uploads\/sites\/31\/2022\/01\/kind-betreuung-steuer-absetzen-title.jpg","width":976,"height":400,"caption":"Kosten f\u00fcr die Kinderbetreuung von der Steuer absetzen"},{"@type":"BreadcrumbList","@id":"https:\/\/www.buhl.de\/steuer\/ratgeber\/kinderbetreuung-kosten-absetzen\/#breadcrumb","itemListElement":[{"@type":"ListItem","position":1,"name":"Steuererkl\u00e4rung","item":"https:\/\/www.buhl.de\/steuer\/"},{"@type":"ListItem","position":2,"name":"Kinderbetreuung: Kosten einfach von der Steuer absetzen"}]},{"@type":"WebSite","@id":"https:\/\/www.buhl.de\/steuer\/#website","url":"https:\/\/www.buhl.de\/steuer\/","name":"WISO Steuer: Nr. 1 Steuer-App","description":"","publisher":{"@id":"https:\/\/www.buhl.de\/steuer\/#organization"},"potentialAction":[{"@type":"SearchAction","target":{"@type":"EntryPoint","urlTemplate":"https:\/\/www.buhl.de\/steuer\/?s={search_term_string}"},"query-input":{"@type":"PropertyValueSpecification","valueRequired":true,"valueName":"search_term_string"}}],"inLanguage":"de"},{"@type":"Organization","@id":"https:\/\/www.buhl.de\/steuer\/#organization","name":"WISO Steuer | Buhl Data Service GmbH","url":"https:\/\/www.buhl.de\/steuer\/","logo":{"@type":"ImageObject","inLanguage":"de","@id":"https:\/\/www.buhl.de\/steuer\/#\/schema\/logo\/image\/","url":"https:\/\/www.buhl.de\/steuer\/wp-content\/uploads\/sites\/31\/2026\/02\/logo-wiso-steuer-app.svg","contentUrl":"https:\/\/www.buhl.de\/steuer\/wp-content\/uploads\/sites\/31\/2026\/02\/logo-wiso-steuer-app.svg","width":375,"height":72,"caption":"WISO Steuer | Buhl Data Service GmbH"},"image":{"@id":"https:\/\/www.buhl.de\/steuer\/#\/schema\/logo\/image\/"}},{"@type":"Person","@id":"https:\/\/www.buhl.de\/steuer\/#\/schema\/person\/bdc3546e32ec6fea6ff8e85e9a87fd47","name":"Melanie Holz","image":{"@type":"ImageObject","inLanguage":"de","@id":"https:\/\/www.buhl.de\/steuer\/#\/schema\/person\/image\/","url":"https:\/\/www.buhl.de\/steuer\/wp-content\/uploads\/sites\/31\/2024\/07\/melanie.png","contentUrl":"https:\/\/www.buhl.de\/steuer\/wp-content\/uploads\/sites\/31\/2024\/07\/melanie.png","caption":"Melanie Holz"},"sameAs":["https:\/\/www.buhl.de\/steuer\/autoren\/melanie-holz\/"]}]}},"acf":[],"wps_subtitle":"Was Eltern f\u00fcr ihre Steuererkl\u00e4rung wissen m\u00fcssen","_links":{"self":[{"href":"https:\/\/www.buhl.de\/steuer\/wp-json\/wp\/v2\/posts\/49227","targetHints":{"allow":["GET"]}}],"collection":[{"href":"https:\/\/www.buhl.de\/steuer\/wp-json\/wp\/v2\/posts"}],"about":[{"href":"https:\/\/www.buhl.de\/steuer\/wp-json\/wp\/v2\/types\/post"}],"author":[{"embeddable":true,"href":"https:\/\/www.buhl.de\/steuer\/wp-json\/wp\/v2\/users\/158"}],"replies":[{"embeddable":true,"href":"https:\/\/www.buhl.de\/steuer\/wp-json\/wp\/v2\/comments?post=49227"}],"version-history":[{"count":43,"href":"https:\/\/www.buhl.de\/steuer\/wp-json\/wp\/v2\/posts\/49227\/revisions"}],"predecessor-version":[{"id":83740,"href":"https:\/\/www.buhl.de\/steuer\/wp-json\/wp\/v2\/posts\/49227\/revisions\/83740"}],"wp:featuredmedia":[{"embeddable":true,"href":"https:\/\/www.buhl.de\/steuer\/wp-json\/wp\/v2\/media\/49243"}],"wp:attachment":[{"href":"https:\/\/www.buhl.de\/steuer\/wp-json\/wp\/v2\/media?parent=49227"}],"wp:term":[{"taxonomy":"category","embeddable":true,"href":"https:\/\/www.buhl.de\/steuer\/wp-json\/wp\/v2\/categories?post=49227"},{"taxonomy":"post_tag","embeddable":true,"href":"https:\/\/www.buhl.de\/steuer\/wp-json\/wp\/v2\/tags?post=49227"}],"curies":[{"name":"wp","href":"https:\/\/api.w.org\/{rel}","templated":true}]}}