{"id":49427,"date":"2022-02-17T09:58:53","date_gmt":"2022-02-17T08:58:53","guid":{"rendered":"https:\/\/www.buhl.de\/steuer\/?p=49427"},"modified":"2025-07-18T09:11:27","modified_gmt":"2025-07-18T07:11:27","slug":"sozialversicherungsnummer","status":"publish","type":"post","link":"https:\/\/www.buhl.de\/steuer\/ratgeber\/sozialversicherungsnummer\/","title":{"rendered":"Was ist die Sozialversicherungsnummer?"},"content":{"rendered":"<p>Jeder, der in Deutschland einen Job antritt, braucht sie \u2013 die individuelle und einmalige <strong>Sozialversicherungsnummer<\/strong>. Damit werden Personen in der Sozialversicherung eindeutig identifiziert. Wo die 12-stellige Nummer zu finden ist und ob die Kombination aus Buchstaben und Ziffern eine Bedeutung hat, kl\u00e4ren wir in diesem Beitrag.<\/p>\n<p><!--more--><\/p>\n<h2><span id=\"Kurz_knapp\">Kurz &amp; knapp<\/span><\/h2>\n<ul>\n<li>Die Sozialversicherungsnummer ist identisch mit der Rentenversicherungsnummer<\/li>\n<li>Du findest sie in deinem Sozialversicherungsausweis oder auf deiner Lohnabrechnung<\/li>\n<li>Jeder hat nur eine Sozialversicherungsnummer, die ein Leben lang g\u00fcltig ist<\/li>\n<\/ul>\n<h2><span id=\"Was_ist_die_Sozialversicherungsnummer\">Was ist die Sozialversicherungsnummer?<\/span><\/h2>\n<p>Worum handelt es sich \u00fcberhaupt? Die Nummer dient dazu, dich im Rentenversicherungssystem einzuordnen. Deshalb wird sie auch <strong>Rentenversicherungsnummer<\/strong> genannt. Mit dieser Nummer kann dich die Deutsche Rentenversicherung eindeutig identifizieren.<\/p>\n<p>Entsprechend wird die Sozialversicherungsnummer immer dann wichtig, wenn du einen neuen Job antrittst. Dein Chef zahlt \u2013 sofern es sich nicht um einen Minijob mit Versicherungsfreiheit handelt \u2013 von deinem Gehalt monatlich Beitr\u00e4ge in die Rentenversicherung ein. Damit diese Beitr\u00e4ge auch wirklich \u201eauf deinem Rentenkonto\u201c landen, teile sie dem neuen Arbeitgeber schon gleich zu Beginn die Sozialversicherungsnummer mit.<\/p>\n\r\n        <div class=\"white-background\">\r\n            <div class=\"container\">\r\n                <div class=\"content info-blog-modul blog-wrapper\">\r\n                    <div class=\"row\">\r\n                        <div class=\"d-flex align-items-center text-center text-lg-left align-items-xl-start flex-column flex-xl-row col-12 offset-lg-2 col-lg-8 offset-xl-1 col-xl-9\">\r\n                            <img decoding=\"async\" loading=\"lazy\" class=\"img-fluid\" src=\"https:\/\/www.buhl.de\/steuer\/wp-content\/themes\/steuer-web\/buhl-steuer\/assets\/blog\/blog-module\/info-icon.svg\" alt=\"Information zum Thema\" title=\"Information zum Thema\" \/>\r\n                            <div class=\"d-flex flex-column\">\r\n                                <h3 class=\"font-source-sans-pro-10 fw700 blue-font headline\">Wer braucht die Nummer?<\/h3><div class=\"font-source-sans-pro-1 blue-font\">Doch nicht nur, wer einen Job beginnt, muss zur Sozialversicherungsnummer greifen. Auch, wer sich arbeitslos meldet, Altersteilzeit,\u00a0Erwerbsminderungsrente\u00a0oder Hinterbliebenenrente beantragt, ben\u00f6tigt die Nummer.<\/div><\/div>\r\n                        <\/div>\r\n                    <\/div>\r\n                <\/div>\r\n            <\/div>\r\n        <\/div>\r\n    \r\n        <div class=\"spacing-modul  \">\r\n            <div class=\"container spacing-modul\">\r\n               <div class=\"row\">\r\n                   <div id=\"\" class=\"anchor\"><\/div>\r\n                   <div class=\"col-12 modul-spacing-default-b\"><\/div>\r\n                   <div class=\"col-12 modul-spacing-default-b\"><\/div>\r\n               <\/div>\r\n            <\/div>\r\n        <\/div>\r\n    \n<h3>Wie lang ist die Sozialversicherungsnummer und wie setzt sie sich zusammen?<\/h3>\n<p>Das Besondere an der Sozialversicherungsnummer ist, dass sie wie ein Code gelesen werden kann. Jede der 12 Stellen der Nummer hat eine ganz individuelle Bedeutung. Und den Gro\u00dfteil kennst du sogar selbst:<\/p>\n<p>1-2: Bereichsnummer des Rentenversicherungstr\u00e4gers<br \/>\n3-4: Dein Geburtstag<br \/>\n5-6: Dein Geburtsmonat<br \/>\n7-8: Dein Geburtsjahr<br \/>\n9: Anfangsbuchstabe deines Geburtsnamens<br \/>\n10-11: Seriennummer (M\u00e4nner: 00-49, Frauen und Personen mit unbestimmtem Geschlecht: 50-99)<br \/>\n12: Interne Pr\u00fcfziffer<\/p>\n\r\n        <div class=\"white-background\">\r\n            <div class=\"container\">\r\n                <div class=\"blog-example\">\r\n                    <div class=\"row\">\r\n                        <div class=\"col-12 offset-lg-2 col-lg-8 text-center text-lg-left\">\r\n                            <div class=\"d-flex flex-column align-items-center\">\r\n                                <img decoding=\"async\" loading=\"lazy\" class=\"img-fluid circle-image\" src=\"https:\/\/www.buhl.de\/steuer\/wp-content\/themes\/steuer-web\/buhl-steuer\/assets\/blog\/blog-example\/arbeitnehmer-beispiel.svg\" alt=\"Beispiel Arbeitnehmer\" title=\"Beispiel\" \/>\r\n                                <h3 class=\"font-source-sans-pro-10 fw700 blue-font headline\">Wie lese ich meine Sozialversicherungsnummer?<\/h3>\r\n                            <\/div><div class=\"font-source-sans-pro-1 blue-font\">Stefanies Sozialversicherungsnummer lautet 14 230460 S 534. Aus der Nummer l\u00e4sst sich also herauslesen, dass Stefanie am 23.04.1960 geboren ist. Au\u00dferdem wird daraus klar, dass ihr Geburtsname mit S beginnt.<\/div><\/div>\r\n                    <\/div>\r\n                <\/div>\r\n            <\/div>\r\n        <\/div>\r\n    \r\n        <div class=\"spacing-modul  \">\r\n            <div class=\"container spacing-modul\">\r\n               <div class=\"row\">\r\n                   <div id=\"\" class=\"anchor\"><\/div>\r\n                   <div class=\"col-12 modul-spacing-default-b\"><\/div>\r\n                   <div class=\"col-12 modul-spacing-default-b\"><\/div>\r\n               <\/div>\r\n            <\/div>\r\n        <\/div>\r\n    \n<h2>Wie lange ist die Sozialversicherungsnummer g\u00fcltig?<\/h2>\n<p>Die Deutsche Rentenversicherung vergibt die Sozialversicherungsnummer nur einmalig pro Person. Damit gilt sie \u2013 \u00e4hnlich wie die Identifikationsnummer \u2013\u00a0<strong>ein Leben lang<\/strong>.<\/p>\n<h2><span id=\"Wo_steht_die_Sozialversicherungsnummer\">Wo steht die Sozialversicherungsnummer?<\/span><\/h2>\n<p>Die Nummer findest du auf deinem Sozialversicherungsausweis beziehungsweise Rentenversicherungsausweis. Diesen erhalten deutsche Staatsb\u00fcrger seit dem Jahr 2005 bereits mit der Geburt. Fr\u00fcher stellte die Deutsche Rentenversicherung diesen Ausweis mit dem ersten sozialversicherungspflichtigen Job aus. Wenn du den Ausweis vor dir hast, findest du die Nummer auf der rechten Seite.<\/p>\n\r\n        <div class=\"white-background\">\r\n            <div class=\"container\">\r\n                <div class=\"content info-blog-modul blog-wrapper\">\r\n                    <div class=\"row\">\r\n                        <div class=\"d-flex align-items-center text-center text-lg-left align-items-xl-start flex-column flex-xl-row col-12 offset-lg-2 col-lg-8 offset-xl-1 col-xl-9\">\r\n                            <img decoding=\"async\" loading=\"lazy\" class=\"img-fluid\" src=\"https:\/\/www.buhl.de\/steuer\/wp-content\/themes\/steuer-web\/buhl-steuer\/assets\/blog\/blog-module\/info-icon.svg\" alt=\"Information zum Thema\" title=\"Information zum Thema\" \/>\r\n                            <div class=\"d-flex flex-column\">\r\n                                <h3 class=\"font-source-sans-pro-10 fw700 blue-font headline\">Wie sieht der Ausweis aus?<\/h3><div class=\"font-source-sans-pro-1 blue-font\">W\u00e4hrend der Sozialversicherungsausweis fr\u00fcher tats\u00e4chlich Ausweischarakter hatte, handelt es sich heutzutage meistens um einen DIN A4 Ausdruck.<\/div><\/div>\r\n                        <\/div>\r\n                    <\/div>\r\n                <\/div>\r\n            <\/div>\r\n        <\/div>\r\n    \r\n        <div class=\"spacing-modul  \">\r\n            <div class=\"container spacing-modul\">\r\n               <div class=\"row\">\r\n                   <div id=\"\" class=\"anchor\"><\/div>\r\n                   <div class=\"col-12 modul-spacing-default-b\"><\/div>\r\n                   <div class=\"col-12 modul-spacing-default-b\"><\/div>\r\n               <\/div>\r\n            <\/div>\r\n        <\/div>\r\n    \n<p>Du hast den Sozialversicherungsausweis nicht zur Hand? Vielleicht hilft dir dann der j\u00e4hrliche Rentenversicherungsbescheid weiter. Auf diesem findest du ebenso deine Sozialversicherungsnummer.<\/p>\n<p>So sieht der Sozialversicherungsausweis aus:<\/p>\n<p><img loading=\"lazy\" decoding=\"async\" class=\"aligncenter wp-image-49438 size-full\" title=\"So sieht der Sozialversicherungsausweis der Deutschen Rentenversicherung aus\" src=\"https:\/\/www.buhl.de\/steuer\/wp-content\/uploads\/sites\/31\/2022\/03\/sozialversicherungsnummer-ausweis-e1647506719384.png\" alt=\"Sozialversicherungsausweis - Muster der Deutschen Rentenversicherung\" width=\"950\" height=\"390\" srcset=\"https:\/\/www.buhl.de\/steuer\/wp-content\/uploads\/sites\/31\/2022\/03\/sozialversicherungsnummer-ausweis-e1647506719384.png 950w, https:\/\/www.buhl.de\/steuer\/wp-content\/uploads\/sites\/31\/2022\/03\/sozialversicherungsnummer-ausweis-e1647506719384-300x123.png 300w, https:\/\/www.buhl.de\/steuer\/wp-content\/uploads\/sites\/31\/2022\/03\/sozialversicherungsnummer-ausweis-e1647506719384-768x315.png 768w, https:\/\/www.buhl.de\/steuer\/wp-content\/uploads\/sites\/31\/2022\/03\/sozialversicherungsnummer-ausweis-e1647506719384-150x62.png 150w\" sizes=\"auto, (max-width: 709px) 85vw, (max-width: 909px) 67vw, (max-width: 1362px) 62vw, 840px\" \/> Quelle:\u00a0<a href=\"https:\/\/www.deutsche-rentenversicherung.de\/DRV\/DE\/Rente\/Allgemeine-Informationen\/Sozialversicherungsausweis\/Sozialversicherungsausweis.html\" target=\"_blank\" rel=\"noopener noreferrer\">Deutsche Rentenversicherung<\/a><\/p>\n<h3><span id=\"Steht_die_Sozialversicherungsnummer_auf_der_Lohnabrechnung\">Steht die Sozialversicherungsnummer auf der Lohnabrechnung?<\/span><\/h3>\n<p>Auch auf deiner Lohnabrechnung findest du die Sozialversicherungsnummer:<\/p>\n<p><img loading=\"lazy\" decoding=\"async\" class=\"aligncenter wp-image-49439 size-full\" title=\"Hier steht die Sozialversicherungsnummer auf der Lohnabrechnung\" src=\"https:\/\/www.buhl.de\/steuer\/wp-content\/uploads\/sites\/31\/2022\/03\/sozialversicherungsnummer-finden-lohnabrechnung.png\" alt=\"Sozialversicherungsnummer finden Lohnabrechnung - Infografik\" width=\"723\" height=\"664\" \/><\/p>\n<h3>Muss ich den Sozialversicherungsausweis bei mir haben?<\/h3>\n<p>Normalerweise nicht. Nur bei besonderen T\u00e4tigkeiten besteht auch f\u00fcr den Sozialversicherungsausweis die Pflicht, ihn bei sich zu haben und vorzuzeigen. Und zwar, wenn du in einem der folgenden Gewerbe arbeitest:<\/p>\n<ul>\n<li>Bau<\/li>\n<li>Fleischwirtschaft<\/li>\n<li>Gastst\u00e4tten- und Beherbergung<\/li>\n<li>Geb\u00e4udereinigung<\/li>\n<li>Personenbef\u00f6rderung<\/li>\n<li>Prostitution<\/li>\n<li>Schausteller<\/li>\n<li>Spedition, Transport und Logistik<\/li>\n<li>Forstwirtschaft<\/li>\n<li>Auf- und Abbau von Messen und Ausstellungen<\/li>\n<\/ul>\n<h2><span id=\"Ich_kann_die_Sozialversicherungsnummer_nicht_finden_was_tun\">Ich kann die Sozialversicherungsnummer nicht finden \u2013 was tun?<\/span><\/h2>\n<p>Es kann vorkommen, dass man die Sozialversicherungsnummer nicht auf Anhieb findet \u2014 schlie\u00dflich braucht man sie auch nicht so oft. Dann kannst du Folgendes tun:<\/p>\n<ol>\n<li>Die Nummer kannst du jederzeit bei der Deutschen Rentenversicherung erfragen. Das geht am einfachsten \u00fcber die <a title=\"Weitere Informationen lesen\" href=\"https:\/\/www.deutsche-rentenversicherung.de\/DRV\/DE\/Online-Services\/online-services_node.html\" target=\"_blank\" rel=\"noopener noreferrer\">Homepage<\/a> oder unter der Telefonnummer: 0200-1000-4800. Der Service ist kostenfrei. Auf eine rasche Antwort per Mail oder Telefon darfst du jedoch nicht hoffen: Aus Datenschutzgr\u00fcnden w\u00e4hlt die Rentenversicherung den Postweg.<\/li>\n<li>Auch deine Krankenkasse kann dir weiterhelfen. Hierf\u00fcr gehst du einfach in eine Filiale der Krankenkasse.<\/li>\n<\/ol>\n\r\n        <div class=\"white-background\">\r\n            <div class=\"container\">\r\n                <div class=\"content blog-wrapper\">\r\n                    <div class=\"row\">\r\n                        <div class=\"d-flex align-items-center text-center text-lg-left align-items-xl-start flex-column flex-xl-row col-12 offset-lg-2 col-lg-8 offset-xl-1 col-xl-9\">\r\n                            <img decoding=\"async\" loading=\"lazy\" class=\"img-fluid\" src=\"https:\/\/www.buhl.de\/steuer\/wp-content\/themes\/steuer-web\/buhl-steuer\/assets\/blog\/blog-module\/achtung-icon.svg\" alt=\"Achtung Icon\" title=\"Achtung\" \/>\r\n                            <div class=\"d-flex flex-column\">\r\n                                <h3 class=\"font-source-sans-pro-10 fw700 blue-font headline\">Wichtig<\/h3><div class=\"font-source-sans-pro-1 blue-font\">Bei deiner Krankenkasse musst du dich unbedingt mit deinem Personalausweis ausweisen k\u00f6nnen.<\/div><\/div>\r\n                        <\/div>\r\n                    <\/div>\r\n                <\/div>\r\n            <\/div>\r\n        <\/div>\r\n    \r\n        <div class=\"spacing-modul  \">\r\n            <div class=\"container spacing-modul\">\r\n               <div class=\"row\">\r\n                   <div id=\"\" class=\"anchor\"><\/div>\r\n                   <div class=\"col-12 modul-spacing-default-b\"><\/div>\r\n                   <div class=\"col-12 modul-spacing-default-b\"><\/div>\r\n               <\/div>\r\n            <\/div>\r\n        <\/div>\r\n    \n<h2><span id=\"Ist_die_Krankenversichertennummer_identisch\">Ist die Krankenversichertennummer identisch?<\/span><\/h2>\n<p>Nein. Zwar handelt es sich in beiden F\u00e4llen um Versicherungen. Und fr\u00fcher wurden auch f\u00fcr beide Versicherungen dieselben Nummern gef\u00fchrt. Doch seit 1989 gibt es eine separate Krankenversichertennummer. Diese leitet sich zwar aus der Sozialversicherungsnummer ab. Doch R\u00fcckschl\u00fcsse auf diese kann niemand anhand deiner Krankenversichertennummer ziehen. Das ist aus datenschutzrechtlichen Gr\u00fcnden sehr wichtig.<\/p>\n<h2><span id=\"Kann_sich_die_Sozialversicherungsnummer_aendern\">Kann sich die Sozialversicherungsnummer \u00e4ndern?<\/span><\/h2>\n<p>Die Sozialversicherungsnummer besteht aus einer bestimmten Zahlen-Buchstaben-Kombination. Eine \u00c4nderung der Nummer k\u00e4me also nur dann in Betracht, wenn sich eines dieser Merkmale \u00e4ndert. Beim Geburtsdatum sowie dem Geburtsnamen ist das ausgeschlossen. Denn sie bleiben unver\u00e4ndert. Auch bei nachtr\u00e4glicher Namens\u00e4nderung wird die Nummer nicht angepasst.<\/p>\n<p>Allerdings kann sich das Geschlechtsmerkmal \u00e4ndern \u2013 und damit auch die Sozialversicherungsnummer. Denn die Seriennummer bestimmt sich nach dem Geschlecht. Bei \u00c4nderung muss die Anpassung der Krankenversicherten- und Sozialversicherungsnummer beantragt werden. Das geht entweder bei der Krankenkasse f\u00fcr beide Nummern oder beim Rentenversicherungstr\u00e4ger f\u00fcr die Sozialversicherungsnummer.<\/p>\n\r\n        <div class=\"white-background\">\r\n            <div class=\"container\">\r\n                <div class=\"content blog-wrapper\">\r\n                    <div class=\"row\">\r\n                        <div class=\"d-flex align-items-center text-center text-lg-left align-items-xl-start flex-column flex-xl-row col-12 offset-lg-2 col-lg-8 offset-xl-1 col-xl-9\">\r\n                            <img decoding=\"async\" loading=\"lazy\" class=\"img-fluid\" src=\"https:\/\/www.buhl.de\/steuer\/wp-content\/themes\/steuer-web\/buhl-steuer\/assets\/blog\/blog-module\/achtung-icon.svg\" alt=\"Achtung Icon\" title=\"Achtung\" \/>\r\n                            <div class=\"d-flex flex-column\">\r\n                                <h3 class=\"font-source-sans-pro-10 fw700 blue-font headline\">Achtung bei neuer Nummer<\/h3><div class=\"font-source-sans-pro-1 blue-font\"> Sobald du eine neue Nummer hast, verliert die alte ihre G\u00fcltigkeit und kann nicht mehr verwendet werden.<\/div><\/div>\r\n                        <\/div>\r\n                    <\/div>\r\n                <\/div>\r\n            <\/div>\r\n        <\/div>\r\n    \r\n        <div class=\"spacing-modul  \">\r\n            <div class=\"container spacing-modul\">\r\n               <div class=\"row\">\r\n                   <div id=\"\" class=\"anchor\"><\/div>\r\n                   <div class=\"col-12 modul-spacing-default-b\"><\/div>\r\n                   <div class=\"col-12 modul-spacing-default-b\"><\/div>\r\n               <\/div>\r\n            <\/div>\r\n        <\/div>\r\n    \n<h2><span id=\"Brauche_ich_die_Sozialversicherungsnummer_fuer_die_Steuererklaerung\">Brauche ich die Sozialversicherungsnummer f\u00fcr die Steuererkl\u00e4rung?<\/span><\/h2>\n<p>F\u00fcr die\u00a0<a title=\"Steuererkl\u00e4runf online machen: So geht's\" href=\"https:\/\/www.buhl.de\/steuer\/ratgeber\/steuererklaerung-machen\/\">Steuererkl\u00e4rung<\/a> ist vor allem deine Identifikationsnummer und <a title=\"Wo finde ich meine Steuernummer?\" href=\"https:\/\/www.buhl.de\/steuer\/ratgeber\/wo-steuernummer-finden\/\">Steuernummer<\/a> wichtig. Die Sozialversicherungsnummer wird nicht abgefragt \u2014 also ein Beleg weniger, den du heraussuchen musst. Wusstest du schon, dass du dir noch weiteres Abtippen sparen kannst? Und zwar mit dem <a title=\"Steuer-Abruf: Automatischer Datenabruf beim Finanzamt\" href=\"https:\/\/www.buhl.de\/steuer\/steuer-abruf\/\">Steuer-Abruf<\/a>\u00a0von WISO Steuer!<\/p>\n<p>Viele Daten, wie zum Beispiel die Lohnsteuerbescheinigung, liegen dem Finanzamt schon vor. Denn Arbeitgeber sind dazu verpflichtet, diese Daten zu \u00fcbermitteln. Der Steuer-Abruf ruft diese Daten bei deinem Finanzamt ab und tr\u00e4gt sie automatisch in deine Steuererkl\u00e4rung ein!<\/p>\n\r\n        <div class=\"white-background\">\r\n            <div class=\"full-width-text\">\r\n                <div class=\"inner-spacing blog-ad1-wrapper silver-background\">\r\n                    <div class=\"container blog-ad1\">\r\n                        <div class=\"row\">\r\n                        \r\n                            <div class=\"col-12 col-md-6 d-none d-md-flex align-content-center\">\r\n                                \r\n                                    <img decoding=\"async\" loading=\"lazy\" height=\"auto\" style=\"max-width:100%;\" alt=\"Steuer-Abruf Logo\" title=\"\" \r\n                                        class=\"mx-auto d-none d-md-block \" src=\"https:\/\/www.buhl.de\/steuer\/wp-content\/themes\/steuer-web\/buhl-steuer\/assets\/blog\/blog-ad1\/jeder-steuer\/blog-jeder-steuer.svg\" \/>\r\n                                \r\n                            <\/div>\r\n                        \r\n                            \r\n                            <div class=\"col-12 col-md-6\">\r\n                                \r\n                                    <div class=\"d-flex headline-spacing-30 justify-content-start\">\r\n                                        \r\n                                            <img decoding=\"async\" loading=\"lazy\" height=\"auto\" style=\"max-width:100%;\" alt=\"WISO&nbsp;Steuer Vorteile\" title=\"WISO&nbsp;Steuer Buhl Logo\" \r\n                                                class=\"d-none d-md-block \" src=\"https:\/\/www.buhl.de\/steuer\/wp-content\/themes\/steuer-web\/buhl-steuer\/assets\/full-width-text\/ad1\/logo-wiso-steuer.svg\" \/>\r\n                                        \r\n                                        \r\n                                                \r\n                                        \r\n                                            <img decoding=\"async\" loading=\"lazy\" alt=\"WISO&nbsp;Steuer Vorteile\" title=\"WISO&nbsp;Steuer Buhl Logo\" \r\n                                                class=\"mx-auto d-md-none mobile \" src=\"https:\/\/www.buhl.de\/steuer\/wp-content\/themes\/steuer-web\/buhl-steuer\/assets\/full-width-text\/ad1\/logo-wiso-steuer.svg\" \/>\r\n                                        \r\n                                    <\/div>\r\n                                \r\n                            \r\n                                \r\n                                    <p class=\"font-cairo-10 fw700 blue-font headline-spacing-30 text-center justify-content-start text-md-left\">Hier schafft jeder die Steuer<\/p>\r\n                                \r\n                    \r\n                                <div class=\"font-source-sans-pro-1 mt-30 mb-30 blue-font subline-width text-center text-md-left\">Mit WISO&nbsp;Steuer holst du das Maximum aus deiner Steuererkl\u00e4rung heraus. Lass dich Schritt f\u00fcr Schritt durch die Steuererkl\u00e4rung f\u00fchren und hol dir alle Tipps f\u00fcr noch mehr Steuerr\u00fcckerstattung.<\/div>\r\n                                \r\n                                \r\n\r\n                                <div class=\"d-flex flex-column flex-md-row align-items-center align-items-md-start justify-content-start\">\r\n                                    \r\n                                    <a class=\"font-cairo-2 fw700 intro-button primary w-230 d-none d-md-flex mr-md-25 justify-content-center align-items-center\"\r\n                                       role=\"button\"\r\n                                       href=\"https:\/\/www.buhl.de\/shop\/wisosteuer\/auswahl?2025=agv&wkz=STWEBMARKETINGSEITE&src=WEB\"\r\n                                       target=\"_self\"\r\n                                       title=\"WISO&nbsp;Steuer Lizenz kaufen\"\r\n                                       id=\"adsiegelkauf\"\r\n                                       onclick=\"dataLayer.push({'event': 'ButtonClick SW','sw-button': 'click-preise'});\">\r\n                                       Jetzt kaufen\r\n                                    <\/a>\r\n                                    \r\n                                    \r\n                                    \r\n                                    <a class=\"d-flex justify-content-center align-items-center d-md-none font-cairo-2 fw700 intro-button primary w-230\"\r\n                                       role=\"button\"\r\n                                       href=\"https:\/\/www.buhl.de\/shop\/wisosteuer\/auswahl?2025=agv&wkz=STWEBMARKETINGSEITE&src=WEB\"\r\n                                       target=\"_self\"\r\n                                       title=\"WISO&nbsp;Steuer Lizenz kaufen\"\r\n                                       id=\"adsiegelkauf\"\r\n                                       onclick=\"dataLayer.push({'event': 'ButtonClick SW','sw-button': 'click-mobile-starten'});\">\r\n                                       Jetzt kaufen\r\n                                    <\/a>\r\n                                    \r\n                                    \r\n                                    \r\n                                    <a class=\"font-cairo-2 fw700 intro-button secondary w-230 d-none d-md-flex  justify-content-center align-items-center\"\r\n                                       role=\"button\"\r\n                                       href=\"https:\/\/www.buhl.de\/mein-buhlkonto\/?buhlparam=2100101\"\r\n                                       target=\"_self\"\r\n                                       title=\"Hier kostenlos starten\"\r\n                                       id=\"adsiegeltest\"\r\n                                       onclick=\"dataLayer.push({'event': 'ButtonClick SW','sw-button': 'click-testen'});\">\r\n                                       Kostenlos testen\r\n                                    <\/a>\r\n                                    \r\n                                    \r\n                                    \r\n                                    <a class=\"font-cairo-2 fw700 intro-button secondary w-230 d-flex d-md-none justify-content-center align-items-center mt-30\"\r\n                                       role=\"button\"\r\n                                       href=\"https:\/\/www.buhl.de\/mein-buhlkonto\/?buhlparam=2100101\"\r\n                                       target=\"_self\"\r\n                                       title=\"Hier kostenlos starten\"\r\n                                       id=\"adsiegeltest\"\r\n                                       onclick=\"dataLayer.push({'event': 'ButtonClick SW','sw-button': 'click-mobile-starten'});\">\r\n                                       Kostenlos testen\r\n                                    <\/a>\r\n                                    \r\n                                <\/div>\r\n                                \r\n                                \r\n                                    <div class=\"d-flex d-md-none align-content-center mobile-image-spacing\">\r\n                                        \r\n                                            <img decoding=\"async\" loading=\"lazy\" height=\"auto\" style=\"max-width:100%;\" alt=\"Steuer-Abruf Logo\" title=\"\" \r\n                                                class=\"\" src=\"https:\/\/www.buhl.de\/steuer\/wp-content\/themes\/steuer-web\/buhl-steuer\/assets\/blog\/blog-ad1\/jeder-steuer\/blog-jeder-steuer.svg\" \/>\r\n                                        \r\n                                    <\/div>\r\n                                \r\n                            <\/div>\r\n                        <\/div>\r\n                    <\/div>\r\n                <\/div>\r\n            <\/div>\r\n        <\/div>\r\n    \n","protected":false},"excerpt":{"rendered":"<p>Jeder, der in Deutschland einen Job antritt, braucht sie \u2013 die individuelle und einmalige Sozialversicherungsnummer. Damit werden Personen in der Sozialversicherung eindeutig identifiziert. Wo die 12-stellige Nummer zu finden ist und ob die Kombination aus Buchstaben und Ziffern eine Bedeutung hat, kl\u00e4ren wir in diesem Beitrag.<\/p>\n","protected":false},"author":158,"featured_media":49432,"comment_status":"closed","ping_status":"open","sticky":false,"template":"","format":"standard","meta":{"_acf_changed":false,"footnotes":""},"categories":[2841,2816,2805],"tags":[],"class_list":["post-49427","post","type-post","status-publish","format-standard","has-post-thumbnail","hentry","category-alle","category-finanzamt","category-tipps"],"yoast_head":"<!-- This site is optimized with the Yoast SEO Premium plugin v27.0 (Yoast SEO v27.0) - https:\/\/yoast.com\/product\/yoast-seo-premium-wordpress\/ -->\n<title>Sozialversicherungsnummer \u2013 Was ist das? Und wo steht sie?<\/title>\n<meta name=\"description\" content=\"Die Sozialversicherungsnummer \u2013 selten ben\u00f6tigt, aber jedes Mal gesucht\ud83e\udd2c? Wir erkl\u00e4ren, wo du die Nummer findest \ud83e\udd18 Hier!\" \/>\n<meta name=\"robots\" content=\"index, follow, max-snippet:-1, max-image-preview:large, max-video-preview:-1\" \/>\n<link rel=\"canonical\" href=\"https:\/\/www.buhl.de\/steuer\/ratgeber\/sozialversicherungsnummer\/\" \/>\n<meta property=\"og:locale\" content=\"de_DE\" \/>\n<meta property=\"og:type\" content=\"article\" \/>\n<meta property=\"og:title\" content=\"Was ist die Sozialversicherungsnummer?\" \/>\n<meta property=\"og:description\" content=\"Die Sozialversicherungsnummer \u2013 selten ben\u00f6tigt, aber jedes Mal gesucht\ud83e\udd2c? Wir erkl\u00e4ren, wo du die Nummer findest \ud83e\udd18 Hier!\" \/>\n<meta property=\"og:url\" content=\"https:\/\/www.buhl.de\/steuer\/ratgeber\/sozialversicherungsnummer\/\" \/>\n<meta property=\"og:site_name\" content=\"WISO Steuer: Nr.1 App f\u00fcr die Steuererkl\u00e4rung\" \/>\n<meta property=\"article:published_time\" content=\"2022-02-17T08:58:53+00:00\" \/>\n<meta property=\"article:modified_time\" content=\"2025-07-18T07:11:27+00:00\" \/>\n<meta property=\"og:image\" content=\"https:\/\/www.buhl.de\/steuer\/wp-content\/uploads\/sites\/31\/2022\/03\/sozialversicherungsnummer_title.jpg\" \/>\n\t<meta property=\"og:image:width\" content=\"976\" \/>\n\t<meta property=\"og:image:height\" content=\"400\" \/>\n\t<meta property=\"og:image:type\" content=\"image\/jpeg\" \/>\n<meta name=\"author\" content=\"Melanie Holz\" \/>\n<meta name=\"twitter:card\" content=\"summary_large_image\" \/>\n<meta name=\"twitter:label1\" content=\"Verfasst von\" \/>\n\t<meta name=\"twitter:data1\" content=\"Melanie Holz\" \/>\n\t<meta name=\"twitter:label2\" content=\"Gesch\u00e4tzte Lesezeit\" \/>\n\t<meta name=\"twitter:data2\" content=\"6\u00a0Minuten\" \/>\n<script type=\"application\/ld+json\" class=\"yoast-schema-graph\">{\"@context\":\"https:\/\/schema.org\",\"@graph\":[{\"@type\":\"Article\",\"@id\":\"https:\/\/www.buhl.de\/steuer\/ratgeber\/sozialversicherungsnummer\/#article\",\"isPartOf\":{\"@id\":\"https:\/\/www.buhl.de\/steuer\/ratgeber\/sozialversicherungsnummer\/\"},\"author\":{\"name\":\"Melanie Holz\",\"@id\":\"https:\/\/www.buhl.de\/steuer\/#\/schema\/person\/bdc3546e32ec6fea6ff8e85e9a87fd47\"},\"headline\":\"Was ist die Sozialversicherungsnummer?\",\"datePublished\":\"2022-02-17T08:58:53+00:00\",\"dateModified\":\"2025-07-18T07:11:27+00:00\",\"mainEntityOfPage\":{\"@id\":\"https:\/\/www.buhl.de\/steuer\/ratgeber\/sozialversicherungsnummer\/\"},\"wordCount\":941,\"publisher\":{\"@id\":\"https:\/\/www.buhl.de\/steuer\/#organization\"},\"image\":{\"@id\":\"https:\/\/www.buhl.de\/steuer\/ratgeber\/sozialversicherungsnummer\/#primaryimage\"},\"thumbnailUrl\":\"https:\/\/www.buhl.de\/steuer\/wp-content\/uploads\/sites\/31\/2022\/03\/sozialversicherungsnummer_title.jpg\",\"articleSection\":[\"Neueste Beitr\u00e4ge\",\"Ratgeber: Finanzamt &amp; Steuern\",\"Steuern aktuell: Steuer-Tipps zum Sparen\"],\"inLanguage\":\"de\"},{\"@type\":\"WebPage\",\"@id\":\"https:\/\/www.buhl.de\/steuer\/ratgeber\/sozialversicherungsnummer\/\",\"url\":\"https:\/\/www.buhl.de\/steuer\/ratgeber\/sozialversicherungsnummer\/\",\"name\":\"Sozialversicherungsnummer \u2013 Was ist das? Und wo steht sie?\",\"isPartOf\":{\"@id\":\"https:\/\/www.buhl.de\/steuer\/#website\"},\"primaryImageOfPage\":{\"@id\":\"https:\/\/www.buhl.de\/steuer\/ratgeber\/sozialversicherungsnummer\/#primaryimage\"},\"image\":{\"@id\":\"https:\/\/www.buhl.de\/steuer\/ratgeber\/sozialversicherungsnummer\/#primaryimage\"},\"thumbnailUrl\":\"https:\/\/www.buhl.de\/steuer\/wp-content\/uploads\/sites\/31\/2022\/03\/sozialversicherungsnummer_title.jpg\",\"datePublished\":\"2022-02-17T08:58:53+00:00\",\"dateModified\":\"2025-07-18T07:11:27+00:00\",\"description\":\"Die Sozialversicherungsnummer \u2013 selten ben\u00f6tigt, aber jedes Mal gesucht\ud83e\udd2c? Wir erkl\u00e4ren, wo du die Nummer findest \ud83e\udd18 Hier!\",\"breadcrumb\":{\"@id\":\"https:\/\/www.buhl.de\/steuer\/ratgeber\/sozialversicherungsnummer\/#breadcrumb\"},\"inLanguage\":\"de\",\"potentialAction\":[{\"@type\":\"ReadAction\",\"target\":[\"https:\/\/www.buhl.de\/steuer\/ratgeber\/sozialversicherungsnummer\/\"]}]},{\"@type\":\"ImageObject\",\"inLanguage\":\"de\",\"@id\":\"https:\/\/www.buhl.de\/steuer\/ratgeber\/sozialversicherungsnummer\/#primaryimage\",\"url\":\"https:\/\/www.buhl.de\/steuer\/wp-content\/uploads\/sites\/31\/2022\/03\/sozialversicherungsnummer_title.jpg\",\"contentUrl\":\"https:\/\/www.buhl.de\/steuer\/wp-content\/uploads\/sites\/31\/2022\/03\/sozialversicherungsnummer_title.jpg\",\"width\":976,\"height\":400},{\"@type\":\"BreadcrumbList\",\"@id\":\"https:\/\/www.buhl.de\/steuer\/ratgeber\/sozialversicherungsnummer\/#breadcrumb\",\"itemListElement\":[{\"@type\":\"ListItem\",\"position\":1,\"name\":\"Steuererkl\u00e4rung\",\"item\":\"https:\/\/www.buhl.de\/steuer\/\"},{\"@type\":\"ListItem\",\"position\":2,\"name\":\"Was ist die Sozialversicherungsnummer?\"}]},{\"@type\":\"WebSite\",\"@id\":\"https:\/\/www.buhl.de\/steuer\/#website\",\"url\":\"https:\/\/www.buhl.de\/steuer\/\",\"name\":\"WISO Steuer: Nr. 1 Steuer-App\",\"description\":\"\",\"publisher\":{\"@id\":\"https:\/\/www.buhl.de\/steuer\/#organization\"},\"potentialAction\":[{\"@type\":\"SearchAction\",\"target\":{\"@type\":\"EntryPoint\",\"urlTemplate\":\"https:\/\/www.buhl.de\/steuer\/?s={search_term_string}\"},\"query-input\":{\"@type\":\"PropertyValueSpecification\",\"valueRequired\":true,\"valueName\":\"search_term_string\"}}],\"inLanguage\":\"de\"},{\"@type\":\"Organization\",\"@id\":\"https:\/\/www.buhl.de\/steuer\/#organization\",\"name\":\"WISO Steuer | Buhl Data Service GmbH\",\"url\":\"https:\/\/www.buhl.de\/steuer\/\",\"logo\":{\"@type\":\"ImageObject\",\"inLanguage\":\"de\",\"@id\":\"https:\/\/www.buhl.de\/steuer\/#\/schema\/logo\/image\/\",\"url\":\"https:\/\/www.buhl.de\/steuer\/wp-content\/uploads\/sites\/31\/2026\/02\/logo-wiso-steuer-app.svg\",\"contentUrl\":\"https:\/\/www.buhl.de\/steuer\/wp-content\/uploads\/sites\/31\/2026\/02\/logo-wiso-steuer-app.svg\",\"width\":375,\"height\":72,\"caption\":\"WISO Steuer | Buhl Data Service GmbH\"},\"image\":{\"@id\":\"https:\/\/www.buhl.de\/steuer\/#\/schema\/logo\/image\/\"}},{\"@type\":\"Person\",\"@id\":\"https:\/\/www.buhl.de\/steuer\/#\/schema\/person\/bdc3546e32ec6fea6ff8e85e9a87fd47\",\"name\":\"Melanie Holz\",\"image\":{\"@type\":\"ImageObject\",\"inLanguage\":\"de\",\"@id\":\"https:\/\/www.buhl.de\/steuer\/#\/schema\/person\/image\/\",\"url\":\"https:\/\/www.buhl.de\/steuer\/wp-content\/uploads\/sites\/31\/2024\/07\/melanie.png\",\"contentUrl\":\"https:\/\/www.buhl.de\/steuer\/wp-content\/uploads\/sites\/31\/2024\/07\/melanie.png\",\"caption\":\"Melanie Holz\"},\"sameAs\":[\"https:\/\/www.buhl.de\/steuer\/autoren\/melanie-holz\/\"]}]}<\/script>\n<!-- \/ Yoast SEO Premium plugin. -->","yoast_head_json":{"title":"Sozialversicherungsnummer \u2013 Was ist das? Und wo steht sie?","description":"Die Sozialversicherungsnummer \u2013 selten ben\u00f6tigt, aber jedes Mal gesucht\ud83e\udd2c? Wir erkl\u00e4ren, wo du die Nummer findest \ud83e\udd18 Hier!","robots":{"index":"index","follow":"follow","max-snippet":"max-snippet:-1","max-image-preview":"max-image-preview:large","max-video-preview":"max-video-preview:-1"},"canonical":"https:\/\/www.buhl.de\/steuer\/ratgeber\/sozialversicherungsnummer\/","og_locale":"de_DE","og_type":"article","og_title":"Was ist die Sozialversicherungsnummer?","og_description":"Die Sozialversicherungsnummer \u2013 selten ben\u00f6tigt, aber jedes Mal gesucht\ud83e\udd2c? Wir erkl\u00e4ren, wo du die Nummer findest \ud83e\udd18 Hier!","og_url":"https:\/\/www.buhl.de\/steuer\/ratgeber\/sozialversicherungsnummer\/","og_site_name":"WISO Steuer: Nr.1 App f\u00fcr die Steuererkl\u00e4rung","article_published_time":"2022-02-17T08:58:53+00:00","article_modified_time":"2025-07-18T07:11:27+00:00","og_image":[{"width":976,"height":400,"url":"https:\/\/www.buhl.de\/steuer\/wp-content\/uploads\/sites\/31\/2022\/03\/sozialversicherungsnummer_title.jpg","type":"image\/jpeg"}],"author":"Melanie Holz","twitter_card":"summary_large_image","twitter_misc":{"Verfasst von":"Melanie Holz","Gesch\u00e4tzte Lesezeit":"6\u00a0Minuten"},"schema":{"@context":"https:\/\/schema.org","@graph":[{"@type":"Article","@id":"https:\/\/www.buhl.de\/steuer\/ratgeber\/sozialversicherungsnummer\/#article","isPartOf":{"@id":"https:\/\/www.buhl.de\/steuer\/ratgeber\/sozialversicherungsnummer\/"},"author":{"name":"Melanie Holz","@id":"https:\/\/www.buhl.de\/steuer\/#\/schema\/person\/bdc3546e32ec6fea6ff8e85e9a87fd47"},"headline":"Was ist die Sozialversicherungsnummer?","datePublished":"2022-02-17T08:58:53+00:00","dateModified":"2025-07-18T07:11:27+00:00","mainEntityOfPage":{"@id":"https:\/\/www.buhl.de\/steuer\/ratgeber\/sozialversicherungsnummer\/"},"wordCount":941,"publisher":{"@id":"https:\/\/www.buhl.de\/steuer\/#organization"},"image":{"@id":"https:\/\/www.buhl.de\/steuer\/ratgeber\/sozialversicherungsnummer\/#primaryimage"},"thumbnailUrl":"https:\/\/www.buhl.de\/steuer\/wp-content\/uploads\/sites\/31\/2022\/03\/sozialversicherungsnummer_title.jpg","articleSection":["Neueste Beitr\u00e4ge","Ratgeber: Finanzamt &amp; Steuern","Steuern aktuell: Steuer-Tipps zum Sparen"],"inLanguage":"de"},{"@type":"WebPage","@id":"https:\/\/www.buhl.de\/steuer\/ratgeber\/sozialversicherungsnummer\/","url":"https:\/\/www.buhl.de\/steuer\/ratgeber\/sozialversicherungsnummer\/","name":"Sozialversicherungsnummer \u2013 Was ist das? Und wo steht sie?","isPartOf":{"@id":"https:\/\/www.buhl.de\/steuer\/#website"},"primaryImageOfPage":{"@id":"https:\/\/www.buhl.de\/steuer\/ratgeber\/sozialversicherungsnummer\/#primaryimage"},"image":{"@id":"https:\/\/www.buhl.de\/steuer\/ratgeber\/sozialversicherungsnummer\/#primaryimage"},"thumbnailUrl":"https:\/\/www.buhl.de\/steuer\/wp-content\/uploads\/sites\/31\/2022\/03\/sozialversicherungsnummer_title.jpg","datePublished":"2022-02-17T08:58:53+00:00","dateModified":"2025-07-18T07:11:27+00:00","description":"Die Sozialversicherungsnummer \u2013 selten ben\u00f6tigt, aber jedes Mal gesucht\ud83e\udd2c? Wir erkl\u00e4ren, wo du die Nummer findest \ud83e\udd18 Hier!","breadcrumb":{"@id":"https:\/\/www.buhl.de\/steuer\/ratgeber\/sozialversicherungsnummer\/#breadcrumb"},"inLanguage":"de","potentialAction":[{"@type":"ReadAction","target":["https:\/\/www.buhl.de\/steuer\/ratgeber\/sozialversicherungsnummer\/"]}]},{"@type":"ImageObject","inLanguage":"de","@id":"https:\/\/www.buhl.de\/steuer\/ratgeber\/sozialversicherungsnummer\/#primaryimage","url":"https:\/\/www.buhl.de\/steuer\/wp-content\/uploads\/sites\/31\/2022\/03\/sozialversicherungsnummer_title.jpg","contentUrl":"https:\/\/www.buhl.de\/steuer\/wp-content\/uploads\/sites\/31\/2022\/03\/sozialversicherungsnummer_title.jpg","width":976,"height":400},{"@type":"BreadcrumbList","@id":"https:\/\/www.buhl.de\/steuer\/ratgeber\/sozialversicherungsnummer\/#breadcrumb","itemListElement":[{"@type":"ListItem","position":1,"name":"Steuererkl\u00e4rung","item":"https:\/\/www.buhl.de\/steuer\/"},{"@type":"ListItem","position":2,"name":"Was ist die Sozialversicherungsnummer?"}]},{"@type":"WebSite","@id":"https:\/\/www.buhl.de\/steuer\/#website","url":"https:\/\/www.buhl.de\/steuer\/","name":"WISO Steuer: Nr. 1 Steuer-App","description":"","publisher":{"@id":"https:\/\/www.buhl.de\/steuer\/#organization"},"potentialAction":[{"@type":"SearchAction","target":{"@type":"EntryPoint","urlTemplate":"https:\/\/www.buhl.de\/steuer\/?s={search_term_string}"},"query-input":{"@type":"PropertyValueSpecification","valueRequired":true,"valueName":"search_term_string"}}],"inLanguage":"de"},{"@type":"Organization","@id":"https:\/\/www.buhl.de\/steuer\/#organization","name":"WISO Steuer | Buhl Data Service GmbH","url":"https:\/\/www.buhl.de\/steuer\/","logo":{"@type":"ImageObject","inLanguage":"de","@id":"https:\/\/www.buhl.de\/steuer\/#\/schema\/logo\/image\/","url":"https:\/\/www.buhl.de\/steuer\/wp-content\/uploads\/sites\/31\/2026\/02\/logo-wiso-steuer-app.svg","contentUrl":"https:\/\/www.buhl.de\/steuer\/wp-content\/uploads\/sites\/31\/2026\/02\/logo-wiso-steuer-app.svg","width":375,"height":72,"caption":"WISO Steuer | Buhl Data Service GmbH"},"image":{"@id":"https:\/\/www.buhl.de\/steuer\/#\/schema\/logo\/image\/"}},{"@type":"Person","@id":"https:\/\/www.buhl.de\/steuer\/#\/schema\/person\/bdc3546e32ec6fea6ff8e85e9a87fd47","name":"Melanie Holz","image":{"@type":"ImageObject","inLanguage":"de","@id":"https:\/\/www.buhl.de\/steuer\/#\/schema\/person\/image\/","url":"https:\/\/www.buhl.de\/steuer\/wp-content\/uploads\/sites\/31\/2024\/07\/melanie.png","contentUrl":"https:\/\/www.buhl.de\/steuer\/wp-content\/uploads\/sites\/31\/2024\/07\/melanie.png","caption":"Melanie Holz"},"sameAs":["https:\/\/www.buhl.de\/steuer\/autoren\/melanie-holz\/"]}]}},"acf":[],"wps_subtitle":"Die wichtigsten Fakten","_links":{"self":[{"href":"https:\/\/www.buhl.de\/steuer\/wp-json\/wp\/v2\/posts\/49427","targetHints":{"allow":["GET"]}}],"collection":[{"href":"https:\/\/www.buhl.de\/steuer\/wp-json\/wp\/v2\/posts"}],"about":[{"href":"https:\/\/www.buhl.de\/steuer\/wp-json\/wp\/v2\/types\/post"}],"author":[{"embeddable":true,"href":"https:\/\/www.buhl.de\/steuer\/wp-json\/wp\/v2\/users\/158"}],"replies":[{"embeddable":true,"href":"https:\/\/www.buhl.de\/steuer\/wp-json\/wp\/v2\/comments?post=49427"}],"version-history":[{"count":24,"href":"https:\/\/www.buhl.de\/steuer\/wp-json\/wp\/v2\/posts\/49427\/revisions"}],"predecessor-version":[{"id":72410,"href":"https:\/\/www.buhl.de\/steuer\/wp-json\/wp\/v2\/posts\/49427\/revisions\/72410"}],"wp:featuredmedia":[{"embeddable":true,"href":"https:\/\/www.buhl.de\/steuer\/wp-json\/wp\/v2\/media\/49432"}],"wp:attachment":[{"href":"https:\/\/www.buhl.de\/steuer\/wp-json\/wp\/v2\/media?parent=49427"}],"wp:term":[{"taxonomy":"category","embeddable":true,"href":"https:\/\/www.buhl.de\/steuer\/wp-json\/wp\/v2\/categories?post=49427"},{"taxonomy":"post_tag","embeddable":true,"href":"https:\/\/www.buhl.de\/steuer\/wp-json\/wp\/v2\/tags?post=49427"}],"curies":[{"name":"wp","href":"https:\/\/api.w.org\/{rel}","templated":true}]}}