{"id":49536,"date":"2025-07-11T08:25:16","date_gmt":"2025-07-11T06:25:16","guid":{"rendered":"https:\/\/www.buhl.de\/steuer\/?p=49536"},"modified":"2025-07-11T10:36:18","modified_gmt":"2025-07-11T08:36:18","slug":"bewerbungskosten-absetzen","status":"publish","type":"post","link":"https:\/\/www.buhl.de\/steuer\/ratgeber\/bewerbungskosten-absetzen\/","title":{"rendered":"Bewerbungskosten absetzen: So einfach geht&#8217;s"},"content":{"rendered":"<p>Auf der Suche nach einem neuen Arbeitsplatz? Dann ist unser Tipp: Alle Rechnungen, die mit der Jobsuche zu tun haben, sammeln. Denn Bewerbungskosten kann man von der Steuer absetzen.<\/p>\n<p><!--more--><\/p>\n<h2>Kurz &amp; knapp<\/h2>\n<ul>\n<li>Du kannst Kosten rund um den Bewerbungsprozess von der Steuer absetzen<\/li>\n<li>Es spielt keine Rolle, ob du den Job hinterher bekommen hast<\/li>\n<li>Nutze die Tipps von <a title=\"WISO Steuer: Steuerprogramm von Buhl\" href=\"https:\/\/www.buhl.de\/steuer\/\">WISO Steuer<\/a> hilft dir mit Tipps und teste, wie hoch deine Steuererstattung ausf\u00e4llt<\/li>\n<\/ul>\n\r\n        <div role=\"region\" aria-label=\"\" class=\"white-background\">\r\n            <div class=\"container\">\r\n                <div class=\"row\">\r\n                    <div class=\"col-12 d-flex justify-content-center align-items-center flex-column flex-lg-row\">\r\n                    \r\n\r\n                    \r\n                        <a class=\"secondary w-230 d-none d-md-flex justify-content-center align-items-center font-cairo-2 fw700 action-anonymous\"\r\n                            role=\"button\"\r\n                            href=\"https:\/\/www.buhl.de\/mein-buhlkonto\/?buhlparam=2100101\"\r\n                            title=\"Kostenlos testen\"\r\n                            target=\"_self\"\r\n                            id=\"bewerbungskosten-einstieg\"\r\n                            onclick=\"dataLayer.push({'event': 'ButtonClick SW','sw-button': 'click-testen'});\">\r\n                            Kostenlos testen\r\n                        <\/a>\r\n\r\n                        <a class=\"secondary w-230 d-flex d-md-none justify-content-center align-items-center font-cairo-2 fw700 action-anonymous\"\r\n                            role=\"button\"\r\n                            href=\"https:\/\/www.buhl.de\/mein-buhlkonto\/?buhlparam=2100101\"\r\n                            title=\"Kostenlos testen\"\r\n                            target=\"_self\"\r\n                            id=\"bewerbungskosten-einstieg-m\"\r\n                            onclick=\"dataLayer.push({'event': 'ButtonClick SW','sw-button': 'click-mobile-starten'});\">\r\n                            Kostenlos testen\r\n                        <\/a>\r\n                    \r\n                    <\/div>\r\n                <\/div>\r\n            <\/div>\r\n        <\/div>\r\n    \r\n        <div class=\"spacing-modul  \">\r\n            <div class=\"container spacing-modul\">\r\n               <div class=\"row\">\r\n                   <div id=\"\" class=\"anchor\"><\/div>\r\n                   <div class=\"col-12 modul-spacing-default-b\"><\/div>\r\n                   <div class=\"col-12 modul-spacing-default-b\"><\/div>\r\n               <\/div>\r\n            <\/div>\r\n        <\/div>\r\n    \n\r\n        <div class=\"spacing-modul  \">\r\n            <div class=\"container spacing-modul\">\r\n               <div class=\"row\">\r\n                   <div id=\"\" class=\"anchor\"><\/div>\r\n                   <div class=\"col-12 modul-spacing-blog-c\"><\/div>\r\n                   <div class=\"col-12 modul-spacing-blog-c\"><\/div>\r\n               <\/div>\r\n            <\/div>\r\n        <\/div>\r\n    \r\n        <div class=\"white-background\">\r\n                <div class=\"video-d\">\r\n                    <div class=\"white-background\">\r\n                        <div class=\"container\">                       \r\n                            <div class=\"row justify-content-center\">\r\n                                <div class=\"text-center text-lg-left col-12 col-lg-6 col-xl-4 col-xl-offset-1 d-flex flex-column justify-content-center align-items-center align-items-lg-start\">\r\n                            <p class=\"font-cairo-10 blue-font headline-spacing-30 fw700\">Video: Bewerbungskosten absetzen<\/p>                     <p class=\"font-source-sans-pro-1 blue-font mobile-text-spacing-blog-30\">Neuer Job in Sicht? Bewerbungskosten, Anfahrten, Online-Portale \u2013 vieles l\u00e4sst sich von der Steuer absetzen. Dieses Video zeigt, wie du Geld zur\u00fcckbekommst!<\/p>                               \r\n                                <\/div>\r\n                                \r\n                                <div class=\"col-12 col-lg-6 col-xl-4 col-xl-offset-1 d-flex justify-content-center align-items-center\">\r\n                                    <div class=\"d-flex justify-content-center\">\r\n                                        <a role=\"button\"\r\n                                           class=\"blue-font position-relative font-cairo-2 fw700\" href=\"#\" data-toggle=\"modal\"\r\n                                           data-target=\"#xbFwOUt5w0yE\">\r\n                                             <div class=\"video-player-button\">\r\n                                                    <span class=\"video-player-button-icon\"><\/span>                                             \r\n                                             <\/div>\r\n                                            <img decoding=\"async\" loading=\"lazy\" class=\"img-fluid\"\r\n                                                title=\"Video ansehen\" \r\n                                                alt=\"Video ansehen Vorschaubild\"\r\n                                                src=\"https:\/\/www.buhl.de\/steuer\/wp-content\/themes\/steuer-web\/buhl-steuer\/assets\/video\/steuer-web\/video-blog.webp\">\r\n                                        <\/a>\r\n                                        <div class=\"modal fade videoModal\" id=\"xbFwOUt5w0yE\">\r\n                                            <div class=\"modal-dialog modal-xl modal-dialog-centered\">\r\n                                                <div class=\"modal-content\">\r\n                                                    <!-- Modal Header -->\r\n                                                    <div class=\"modal-header\">\r\n                                                        <button type=\"button\" class=\"close\" data-dismiss=\"modal\">\r\n                                                             <span class=\"navbar-toggler-icon\"><\/span>\r\n                                                        <\/button>\r\n                                                    <\/div>\r\n                                                    <!-- Modal body -->                                                                                                    \r\n                                                <div class=\"modal-body\" id=\"yt-player\">\r\n                                                      <div class=\"lyte-wrapper\" style=\"width:1280px;max-width:100%;margin:5px;\"><div class=\"lyMe hidef\" id=\"WYL_bFwOUt5w0yE\"><div id=\"lyte_bFwOUt5w0yE\" data-src=\"https:\/\/www.buhl.de\/steuer\/wp-content\/plugins\/wp-youtube-lyte\/lyteCache.php?origThumbUrl=%2F%2Fi.ytimg.com%2Fvi%2FbFwOUt5w0yE%2Fmaxresdefault.jpg\" class=\"pL\"><div class=\"tC\"><div class=\"tT\"><\/div><\/div><div class=\"play\"><\/div><div class=\"ctrl\"><div class=\"Lctrl\"><\/div><div class=\"Rctrl\"><\/div><\/div><\/div><noscript><a href=\"https:\/\/youtu.be\/bFwOUt5w0yE\" rel=\"nofollow\"><img loading=\"lazy\" decoding=\"async\" src=\"https:\/\/www.buhl.de\/steuer\/wp-content\/plugins\/wp-youtube-lyte\/lyteCache.php?origThumbUrl=https%3A%2F%2Fi.ytimg.com%2Fvi%2FbFwOUt5w0yE%2F0.jpg\" alt=\"YouTube-Video-Vorschaubild\" width=\"1280\" height=\"700\" \/><br \/>Dieses Video auf YouTube ansehen<\/a><\/noscript><\/div><\/div><div class=\"lL\" style=\"max-width:100%;width:1280px;margin:5px;\"><\/div>                                                                            \r\n                                                 <\/div>                                                              \r\n                                                <\/div>\r\n                                            <\/div>\r\n                                        <\/div>\r\n                                    <\/div>\r\n                                <\/div>                  \r\n                            <\/div>\r\n                        <\/div>                       \r\n                    <\/div>\r\n                <\/div>\r\n            <\/div>\r\n    \r\n        <div class=\"spacing-modul  \">\r\n            <div class=\"container spacing-modul\">\r\n               <div class=\"row\">\r\n                   <div id=\"\" class=\"anchor\"><\/div>\r\n                   <div class=\"col-12 modul-spacing-default-b\"><\/div>\r\n                   <div class=\"col-12 modul-spacing-default-b\"><\/div>\r\n               <\/div>\r\n            <\/div>\r\n        <\/div>\r\n    \n<h2>So kannst du Bewerbungskosten absetzen<\/h2>\n<p><strong>Bewerbungskosten<\/strong> geh\u00f6ren zu den sogenannten <a title=\"Was z\u00e4hlt zu den Werbungskosten?\" href=\"https:\/\/www.buhl.de\/steuer\/ratgeber\/werbungskosten\/\">Werbungskosten<\/a>. Auch wenn die Jobsuche zun\u00e4chst erfolglos geblieben ist, kannst du die Kosten absetzen. Wichtig ist: <strong>Zusch\u00fcsse und Erstattungen musst du abziehen<\/strong>, denn nur die von dir \u00fcbernommenen Ausgaben werden vom Finanzamt anerkannt. Dazu z\u00e4hlen:<\/p>\n<ul>\n<li>Zusch\u00fcsse von der Bundesagentur f\u00fcr Arbeit<\/li>\n<li>Reisekostenerstattung eines potenziellen Arbeitgebers, bei dem du zum Vorstellungsgespr\u00e4ch erschienen bist<\/li>\n<\/ul>\n<p>\u00dcbrigens: \u00dcbernimmt der Arbeitgeber nach deiner K\u00fcndigung die Kosten f\u00fcr eine Outplacementberatung und rechnet diese als steuerpflichtigen Arbeitslohn ab, kannst du die Geb\u00fchren in deiner Steuererkl\u00e4rung\u00a0als Werbungskosten absetzen (<a title=\"Urteil lesen\" href=\"https:\/\/dejure.org\/dienste\/vernetzung\/rechtsprechung?Text=4%20K%20280\/06\" target=\"_blank\" rel=\"noopener\">FG Baden-W\u00fcrttemberg, 4 K 280\/06<\/a>).<\/p>\n<h2>Welche Bewerbungskosten kann ich absetzen?<\/h2>\n<p>Zu den Bewerbungskosten z\u00e4hlen:<\/p>\n<ul class=\"sw-blog-icon sw-blog-icon-1\">\n<li><strong>Jobsuche<\/strong>:\u00a0anteilige Internetkosten f\u00fcr die Suche im Internet, Zeitungen mit Jobinseraten<\/li>\n<li><strong>Bewerbungsvorbereitung<\/strong>: B\u00fccher und Fachzeitschriften mit Tipps zum Thema Bewerbung, Kursgeb\u00fchren<\/li>\n<li><strong>Bewerbungsmappen<\/strong> (digital und in Papierform): Dazu geh\u00f6ren der Ausdruck, Passfotos und der Versand<\/li>\n<li><strong>Beglaubigungen und \u00dcbersetzungen<\/strong><\/li>\n<li><strong>Telefonate<\/strong>: Absetzbar sind die anteiligen Telefonkosten<\/li>\n<li><strong>Vorstellungsgespr\u00e4che und Auswahlverfahren vor Ort<\/strong>: Fahrtkosten, \u00dcbernachtungskosten und Mehrkosten f\u00fcr Verpflegung (bei mehr als 8 Stunden Abwesenheit von Zuhause)<\/li>\n<\/ul>\n<h3>Diese pauschalen Bewerbungskosten gibt es<\/h3>\n<p>Dir fehlen Kaufbelege, um deine real entstandenen Kosten nachzuweisen? In einigen F\u00e4llen gibt es auch <a title=\"Die wichtigsten Pauschalen f\u00fcr die Steuer\" href=\"https:\/\/www.buhl.de\/steuer\/ratgeber\/pauschalen-pauschbetrag\/\">Pauschalen<\/a>, die du nutzen kannst. Das sind:<\/p>\n<ul class=\"sw-blog-icon sw-blog-icon-3\">\n<li><strong>8,50 Euro<\/strong> f\u00fcr jede physische Bewerbungsmappe<\/li>\n<li><strong>2,50 Euro<\/strong> f\u00fcr Online-Bewerbungen<\/li>\n<li><strong>0,30 Euro<\/strong> pro Kilometer Fahrtweg zum Vorstellungsgespr\u00e4ch (<a title=\"Kilometerpauschale f\u00fcr Fahrtkosten\" href=\"https:\/\/www.buhl.de\/steuer\/ratgeber\/pendlerpauschale\/\">Kilometerpauschale<\/a>)<\/li>\n<li><strong>bis zu 28 Euro<\/strong> pro Tag f\u00fcr <a title=\"Verpflegungsmehraufwand: Bis zu 28 \u20ac pro Tag\" href=\"https:\/\/www.buhl.de\/steuer\/ratgeber\/verpflegungsmehraufwand-abwesenheitspauschale\/\">Verpflegungsmehraufwendungen<\/a><\/li>\n<\/ul>\n<h2>Wo trage ich Bewerbungskosten in der Steuererkl\u00e4rung ein?<\/h2>\n<p>In deiner <a title=\"Steuererkl\u00e4rung: Schritt-f\u00fcr-Schritt Anleitung\" href=\"https:\/\/www.buhl.de\/steuer\/ratgeber\/steuererklaerung-machen\/\">Steuererkl\u00e4rung<\/a> geh\u00f6ren die Bewerbungskosten in diesen Bereich: <em>Daten erfassen &gt; Berufliche Ausgaben (Werbungskosten) &gt; Bewerbungskosten<\/em><\/p>\n\r\n        <div class=\"spacing-modul  \">\r\n            <div class=\"container spacing-modul\">\r\n               <div class=\"row\">\r\n                   <div id=\"\" class=\"anchor\"><\/div>\r\n                   <div class=\"col-12 modul-spacing-blog-c\"><\/div>\r\n                   <div class=\"col-12 modul-spacing-blog-c\"><\/div>\r\n               <\/div>\r\n            <\/div>\r\n        <\/div>\r\n    \r\n        <div class=\"white-background d-none d-lg-block\">\r\n            <div class=\"container blog-image\">\r\n            \t<div class=\"row\">\r\n       <p class=\"col-12 font-source-sans-pro-1 blue-font\">\n<\/p>\r\n                <div class=\"d-flex col-12 align-items-center justify-content-center\">\r\n                         \r\n                            <a id=\"\" target=\"_self\" title=\"\" href=\"\">\r\n                         \r\n                      <picture class=\"img-fluid\">\r\n                             <img decoding=\"async\" loading=\"lazy\"\r\n                              alt=\"Eingabemaske f\u00fcr Bewerbungskosten in WISO Steuer\" \r\n                              title=\"\"\r\n                              src=\"https:\/\/www.buhl.de\/steuer\/wp-content\/uploads\/sites\/31\/2024\/10\/bewerbungskosten-absetzen-steuererklaerung.png\" >\r\n                      <\/picture>     \r\n                      \t\r\n                        \t<\/a>\r\n                    \t                      \r\n\t\t\t\t\t<\/div>  \r\n\t\t\t\t<\/div>                       \r\n            <\/div>\r\n        <\/div>                  \r\n    \n\r\n        <div class=\"white-background  d-lg-none\">\r\n            <div class=\"container blog-image\">\r\n            \t<div class=\"row\">\r\n       <p class=\"col-12 font-source-sans-pro-1 blue-font\">\n<\/p>\r\n                <div class=\"d-flex col-12 align-items-center justify-content-center\">\r\n                         \r\n                            <a id=\"\" target=\"_self\" title=\"\" href=\"\">\r\n                         \r\n                      <picture class=\"img-fluid\">\r\n                             <img decoding=\"async\" loading=\"lazy\"\r\n                              alt=\"Eingabemaske f\u00fcr Bewerbungskosten in der App WISO Steuer\" \r\n                              title=\"\"\r\n                              src=\"https:\/\/www.buhl.de\/steuer\/wp-content\/uploads\/sites\/31\/2024\/10\/bewerbungskosten-absetezen-steuer-app.png\" >\r\n                      <\/picture>     \r\n                      \t\r\n                        \t<\/a>\r\n                    \t                      \r\n\t\t\t\t\t<\/div>  \r\n\t\t\t\t<\/div>                       \r\n            <\/div>\r\n        <\/div>                  \r\n    \n\r\n        <div role=\"region\" aria-label=\"\" class=\"white-background\">\r\n            <div class=\"container\">\r\n                <div class=\"row\">\r\n                    <div class=\"col-12 d-flex justify-content-center align-items-center flex-column flex-lg-row\">\r\n                    \r\n\r\n                    \r\n                        <a class=\"secondary w-230 d-none d-md-flex justify-content-center align-items-center font-cairo-2 fw700 action-anonymous\"\r\n                            role=\"button\"\r\n                            href=\"https:\/\/www.buhl.de\/mein-buhlkonto\/?buhlparam=2100101\"\r\n                            title=\"Kostenlos testen\"\r\n                            target=\"_self\"\r\n                            id=\"bewerbungskosten-eintragen\"\r\n                            onclick=\"dataLayer.push({'event': 'ButtonClick SW','sw-button': 'click-testen'});\">\r\n                            Kostenlos testen\r\n                        <\/a>\r\n\r\n                        <a class=\"secondary w-230 d-flex d-md-none justify-content-center align-items-center font-cairo-2 fw700 action-anonymous\"\r\n                            role=\"button\"\r\n                            href=\"https:\/\/www.buhl.de\/mein-buhlkonto\/?buhlparam=2100101\"\r\n                            title=\"Kostenlos testen\"\r\n                            target=\"_self\"\r\n                            id=\"bewerbungskosten-eintragen-m\"\r\n                            onclick=\"dataLayer.push({'event': 'ButtonClick SW','sw-button': 'click-mobile-starten'});\">\r\n                            Kostenlos testen\r\n                        <\/a>\r\n                    \r\n                    <\/div>\r\n                <\/div>\r\n            <\/div>\r\n        <\/div>\r\n    \r\n        <div class=\"spacing-modul  \">\r\n            <div class=\"container spacing-modul\">\r\n               <div class=\"row\">\r\n                   <div id=\"\" class=\"anchor\"><\/div>\r\n                   <div class=\"col-12 modul-spacing-default-b\"><\/div>\r\n                   <div class=\"col-12 modul-spacing-default-b\"><\/div>\r\n               <\/div>\r\n            <\/div>\r\n        <\/div>\r\n    \n<h2>FAQ: Bewerbungskosten absetzen<\/h2>\n\r\n        <div class=\"white-background\">\r\n            <div class=\"container faq-module blog-download buhl-ap\">\r\n                <div class=\"row\">\r\n                <div class=\"col-12 p-lg-0\">\r\n                \r\n                    <div class=\"accordion accordionFaq\" id=\"accordionFaq\">\n<div class=\"card\">\n<div class=\"d-flex card-header border-0 collapsed\" id=\"heading1\" data-toggle=\"collapse\" data-target=\"#collapse1\"\r\n                    aria-expanded=\"false\" aria-controls=\"collapse1\">                                            \r\n                    <h3 class=\"font-source-sans-pro-1 blue-font no-margin\">Kann ich Kosten f\u00fcr die Bewerbung absetzen?<\/h3>\r\n                <\/div>\r\n\n\r\n        <div id=\"collapse1\" class=\"collapse\" aria-labelledby=\"heading1\" data-parent=\"#accordionFaq\">\r\n            <div class=\"card-body\">\r\n                Ja, denn sie z\u00e4hlen zu deinen beruflichen Ausgaben (<a title=\"Was z\u00e4hlt zu den Werbungskosten?\" href=\"https:\/\/www.buhl.de\/steuer\/ratgeber\/werbungskosten\/\">Werbungskosten<\/a>) und diese erkennt das Finanzamt an. Voraussetzung: Du hast die Kosten aus eigener Tasche bezahlt.                \r\n            <\/div>\r\n        <\/div>\r\n\n<\/div>\n<div class=\"card\">\n<div class=\"d-flex card-header border-0 collapsed\" id=\"heading2\" data-toggle=\"collapse\" data-target=\"#collapse2\"\r\n                    aria-expanded=\"false\" aria-controls=\"collapse2\">                                            \r\n                    <h3 class=\"font-source-sans-pro-1 blue-font no-margin\">Was z\u00e4hlt zu den Bewerbungskosten?<\/h3>\r\n                <\/div>\r\n\n\r\n        <div id=\"collapse2\" class=\"collapse\" aria-labelledby=\"heading2\" data-parent=\"#accordionFaq\">\r\n            <div class=\"card-body\">\r\n                Das sind alle Ausgaben, die dir im Rahmen des Bewerbungsprozesses entstanden sind. Somit ist nicht nur das Bewerbungsgespr\u00e4ch gemeint, sondern auch das vorherige Training, die Erstellung der Bewerbungsmappe und mehr.                \r\n            <\/div>\r\n        <\/div>\r\n\n<\/div>\n<div class=\"card\">\n<div class=\"d-flex card-header border-0 collapsed\" id=\"heading3\" data-toggle=\"collapse\" data-target=\"#collapse3\"\r\n                    aria-expanded=\"false\" aria-controls=\"collapse3\">                                            \r\n                    <h3 class=\"font-source-sans-pro-1 blue-font no-margin\">Wo trage ich Bewerbungskosten ein?<\/h3>\r\n                <\/div>\r\n\n\r\n        <div id=\"collapse3\" class=\"collapse\" aria-labelledby=\"heading3\" data-parent=\"#accordionFaq\">\r\n            <div class=\"card-body\">\r\n                Die Angaben geh\u00f6ren in die <a title=\"Anlage N richtig ausf\u00fcllen\" href=\"https:\/\/www.buhl.de\/steuer\/ratgeber\/anlage-n\/\">Anlage N<\/a>. Bei WISO Steuer ist das der Bereich <em>Arbeitnehmer, Betriebsrentner und Pension\u00e4re &gt; Ausgaben (Werbungskosten) &gt; Bewerbungskosten<\/em>.                \r\n            <\/div>\r\n        <\/div>\r\n\n<\/div>\n<div class=\"card\">\n<div class=\"d-flex card-header border-0 collapsed\" id=\"heading4\" data-toggle=\"collapse\" data-target=\"#collapse4\"\r\n                    aria-expanded=\"false\" aria-controls=\"collapse4\">                                            \r\n                    <h3 class=\"font-source-sans-pro-1 blue-font no-margin\">Wie viel Bewerbungskosten kann ich ohne Nachweis absetzen?<\/h3>\r\n                <\/div>\r\n\n\r\n        <div id=\"collapse4\" class=\"collapse\" aria-labelledby=\"heading4\" data-parent=\"#accordionFaq\">\r\n            <div class=\"card-body\">\r\n                \n<ul>\n<li>F\u00fcr jede Bewerbungsmappe sind 8,50 Euro m\u00f6glich<\/li>\n<li>F\u00fcr jede Online-Bewerbung 2,50 Euro<\/li>\n<li>F\u00fcr jeden gefahrenen Kilometer zum Vorstellungsgespr\u00e4ch sind 0,30 Euro drin<\/li>\n<li>Je nach Abwesenheit von deinem Zuhause kannst du bis zu 28 Euro pro Tag f\u00fcr Essen und Trinken angeben<\/li>\n<\/ul>\n                \r\n            <\/div>\r\n        <\/div>\r\n\n<\/div>\n<div class=\"card\">\n<div class=\"d-flex card-header border-0 collapsed\" id=\"heading5\" data-toggle=\"collapse\" data-target=\"#collapse5\"\r\n                    aria-expanded=\"false\" aria-controls=\"collapse5\">                                            \r\n                    <h3 class=\"font-source-sans-pro-1 blue-font no-margin\">Kann ich Fahrten zum Bewerbungsgespr\u00e4ch absetzen?<\/h3>\r\n                <\/div>\r\n\n\r\n        <div id=\"collapse5\" class=\"collapse\" aria-labelledby=\"heading5\" data-parent=\"#accordionFaq\">\r\n            <div class=\"card-body\">\r\n                Ja. Dank der Kilometerpauschale kannst du pro gefahrenen Kilometer 0,30 Euro angeben. Dabei spielt es keine Rolle, ob du mit dem eigenen Pkw oder mit \u00f6ffentlichen Verkehrsmitteln gefahren bist.                \r\n            <\/div>\r\n        <\/div>\r\n\n<\/div>\n<div class=\"card\">\n<div class=\"d-flex card-header border-0 collapsed\" id=\"heading6\" data-toggle=\"collapse\" data-target=\"#collapse6\"\r\n                    aria-expanded=\"false\" aria-controls=\"collapse6\">                                            \r\n                    <h3 class=\"font-source-sans-pro-1 blue-font no-margin\">Weitere Fragen<\/h3>\r\n                <\/div>\r\n\n\r\n        <div id=\"collapse6\" class=\"collapse\" aria-labelledby=\"heading6\" data-parent=\"#accordionFaq\">\r\n            <div class=\"card-body\">\r\n                Deine Frage war nicht dabei? Stell sie einfach an SteuerGPT, unserer Steuer-KI. Tippe daf\u00fcr unten rechts in der Ecke auf die Sprechblase \u2013 schon kann\u2019s losgehen!                \r\n            <\/div>\r\n        <\/div>\r\n\n<\/div>\n<\/div>\r\n                 <\/div>\r\n              <\/div>\r\n            <\/div>\r\n        <\/div>\r\n        <div class=\"spacing-modul  \">\r\n            <div class=\"container spacing-modul\">\r\n               <div class=\"row\">\r\n                   <div id=\"\" class=\"anchor\"><\/div>\r\n                   <div class=\"col-12 modul-spacing-default-b\"><\/div>\r\n                   <div class=\"col-12 modul-spacing-default-b\"><\/div>\r\n               <\/div>\r\n            <\/div>\r\n        <\/div>\r\n    \n\r\n        <div class=\"white-background\">\r\n            <div class=\"full-width-text\">\r\n                <div class=\"inner-spacing blog-ad1-wrapper silver-background\">\r\n                    <div class=\"container blog-ad1\">\r\n                        <div class=\"row\">\r\n                        \r\n                            \r\n                            <div class=\"col-12\">\r\n                                \r\n                                    <div class=\"d-flex headline-spacing-30 justify-content-center\">\r\n                                        \r\n                                            <img decoding=\"async\" loading=\"lazy\" height=\"auto\" style=\"max-width:100%;\" alt=\"WISO&nbsp;Steuer Vorteile\" title=\"WISO&nbsp;Steuer Buhl Logo\" \r\n                                                class=\"d-none d-md-block \" src=\"https:\/\/www.buhl.de\/steuer\/wp-content\/themes\/steuer-web\/buhl-steuer\/assets\/full-width-text\/ad1\/logo-wiso-steuer.svg\" \/>\r\n                                        \r\n                                        \r\n                                                \r\n                                        \r\n                                            <img decoding=\"async\" loading=\"lazy\" alt=\"WISO&nbsp;Steuer Vorteile\" title=\"WISO&nbsp;Steuer Buhl Logo\" \r\n                                                class=\"mx-auto d-md-none mobile \" src=\"https:\/\/www.buhl.de\/steuer\/wp-content\/themes\/steuer-web\/buhl-steuer\/assets\/full-width-text\/ad1\/logo-wiso-steuer.svg\" \/>\r\n                                        \r\n                                    <\/div>\r\n                                \r\n                            \r\n                                \r\n                                    <p class=\"font-cairo-10 fw700 blue-font headline-spacing-30 text-center justify-content-center\">Hier schafft jeder die Steuer<\/p>\r\n                                \r\n                    \r\n                                <div class=\"font-source-sans-pro-1 mt-30 mb-30 blue-font subline-width text-center text-md-left\"><\/div>\r\n                                \r\n                                \r\n\r\n                                <div class=\"d-flex flex-column flex-md-row align-items-center align-items-md-start justify-content-center\">\r\n                                    \r\n                                    <a class=\"font-cairo-2 fw700 intro-button primary w-230 d-none d-md-flex mr-md-25 justify-content-center align-items-center\"\r\n                                       role=\"button\"\r\n                                       href=\"https:\/\/www.buhl.de\/shop\/wisosteuer\/auswahl?2025=agv&wkz=STWEBMARKETINGSEITE&src=WEB\"\r\n                                       target=\"_self\"\r\n                                       title=\"WISO&nbsp;Steuer Lizenz kaufen\"\r\n                                       id=\"adsiegelkauf\"\r\n                                       onclick=\"dataLayer.push({'event': 'ButtonClick SW','sw-button': 'click-preise'});\">\r\n                                       Jetzt kaufen\r\n                                    <\/a>\r\n                                    \r\n                                    \r\n                                    \r\n                                    <a class=\"d-flex justify-content-center align-items-center d-md-none font-cairo-2 fw700 intro-button primary w-230\"\r\n                                       role=\"button\"\r\n                                       href=\"https:\/\/www.buhl.de\/shop\/wisosteuer\/auswahl?2025=agv&wkz=STWEBMARKETINGSEITE&src=WEB\"\r\n                                       target=\"_self\"\r\n                                       title=\"WISO&nbsp;Steuer Lizenz kaufen\"\r\n                                       id=\"adsiegelkauf\"\r\n                                       onclick=\"dataLayer.push({'event': 'ButtonClick SW','sw-button': 'click-preise'});\">\r\n                                       Jetzt kaufen\r\n                                    <\/a>\r\n                                    \r\n                                    \r\n                                    \r\n                                    <a class=\"font-cairo-2 fw700 intro-button secondary w-230 d-none d-md-flex  justify-content-center align-items-center\"\r\n                                       role=\"button\"\r\n                                       href=\"https:\/\/www.buhl.de\/mein-buhlkonto\/?buhlparam=2100101\"\r\n                                       target=\"_self\"\r\n                                       title=\"Kostenlos & unverbindlich testen\"\r\n                                       id=\"adsiegeltest\"\r\n                                       onclick=\"dataLayer.push({'event': 'ButtonClick SW','sw-button': 'click-preise'});\">\r\n                                       Kostenlos testen\r\n                                    <\/a>\r\n                                    \r\n                                    \r\n                                    \r\n                                    <a class=\"font-cairo-2 fw700 intro-button secondary w-230 d-flex d-md-none justify-content-center align-items-center mt-30\"\r\n                                       role=\"button\"\r\n                                       href=\"https:\/\/www.buhl.de\/mein-buhlkonto\/?buhlparam=2100101\"\r\n                                       target=\"_self\"\r\n                                       title=\"Kostenlos & unverbindlich testen\"\r\n                                       id=\"adsiegeltest\"\r\n                                       onclick=\"dataLayer.push({'event': 'ButtonClick SW','sw-button': 'click-mobile-starten'});\">\r\n                                       Kostenlos testen\r\n                                    <\/a>\r\n                                    \r\n                                <\/div>\r\n                                \r\n                                \r\n                            <\/div>\r\n                        <\/div><div class=\"mt-60\">\r\n       <div role=\"region\" aria-label=\"Testsiege des Programms\" class=\"container\">\r\n            <div class=\"row carousel-splide carousel-splide-a\">\r\n                <div class=\"col-12 offset-md-3 col-md-9 carousel-splide-wrapper\">\r\n                    <section aria-roledescription=\"carousel\" class=\"splide splideInline\" data-splide='{\"type\":\"loop\",\"perPage\":2,\"focus\":0,\"gap\":\"30px\",\"mediaQuery\":\"min\",\"breakpoints\":{\"768\":{\"perPage\":3,\"padding\":0},\"992\":{\"perPage\":4,\"padding\":0},\"1200\":{\"perPage\":5}}}'>\r\n                           <div class=\"splide__track\">                          \r\n                                <ul class=\"splide__list\">                                                          \r\n             \r\n                <li class=\"splide__slide \"> \r\n                    <img decoding=\"async\" loading=\"lazy\" height=\"200\" width=\"200\" src=\"https:\/\/www.buhl.de\/steuer\/wp-content\/themes\/steuer-web\/buhl-steuer\/assets\/carousel\/siegel\/euro-phone.svg\" class=\"img-fluid\" title=\"Alle Testergebnisse ansehen\" alt=\"Euro Magazin Auszeichnung 2026\">\r\n                <\/li>\r\n             \r\n                <li class=\"splide__slide \"> \r\n                    <img decoding=\"async\" loading=\"lazy\" height=\"200\" width=\"200\" src=\"https:\/\/www.buhl.de\/steuer\/wp-content\/themes\/steuer-web\/buhl-steuer\/assets\/carousel\/siegel\/focus-money-software.svg\" class=\"img-fluid\" title=\"Alle Testergebnisse ansehen\" alt=\"Siegel Focus Money Testsieger 2026\">\r\n                <\/li>\r\n             \r\n                <li class=\"splide__slide \"> \r\n                    <img decoding=\"async\" loading=\"lazy\" height=\"200\" width=\"200\" src=\"https:\/\/www.buhl.de\/steuer\/wp-content\/themes\/steuer-web\/buhl-steuer\/assets\/carousel\/siegel\/finanzfluss.svg\" class=\"img-fluid\" title=\"Alle Testergebnisse ansehen\" alt=\"Finanzfluss vergibt 4,9 aus 5 Punkten\">\r\n                <\/li>\r\n             \r\n                <li class=\"splide__slide \"> \r\n                    <img decoding=\"async\" loading=\"lazy\" height=\"200\" width=\"200\" src=\"https:\/\/www.buhl.de\/steuer\/wp-content\/themes\/steuer-web\/buhl-steuer\/assets\/carousel\/siegel\/wirtschaftswoche.svg\" class=\"img-fluid\" title=\"Alle Testergebnisse ansehen\" alt=\"Beste Steuersoftware\">\r\n                <\/li>\r\n             \r\n                <li class=\"splide__slide \"> \r\n                    <img decoding=\"async\" loading=\"lazy\" height=\"200\" width=\"200\" src=\"https:\/\/www.buhl.de\/steuer\/wp-content\/themes\/steuer-web\/buhl-steuer\/assets\/carousel\/siegel\/netzwelt.svg\" class=\"img-fluid\" title=\"Alle Testergebnisse ansehen\" alt=\"Netzwelt Testsieger\">\r\n                <\/li>\r\n             \r\n                <li class=\"splide__slide \"> \r\n                    <img decoding=\"async\" loading=\"lazy\" height=\"200\" width=\"200\" src=\"https:\/\/www.buhl.de\/steuer\/wp-content\/themes\/steuer-web\/buhl-steuer\/assets\/carousel\/siegel\/chip.svg\" class=\"img-fluid\" title=\"Alle Testergebnisse ansehen\" alt=\"Chip Testsieger 2025\">\r\n                <\/li>\r\n             \r\n                <li class=\"splide__slide \"> \r\n                    <img decoding=\"async\" loading=\"lazy\" height=\"200\" width=\"200\" src=\"https:\/\/www.buhl.de\/steuer\/wp-content\/themes\/steuer-web\/buhl-steuer\/assets\/carousel\/siegel\/finanztip.svg\" class=\"img-fluid\" title=\"Alle Testergebnisse ansehen\" alt=\"Finanztip Siegel\">\r\n                <\/li>\r\n             \r\n                <li class=\"splide__slide \"> \r\n                    <img decoding=\"async\" loading=\"lazy\" height=\"200\" width=\"200\" src=\"https:\/\/www.buhl.de\/steuer\/wp-content\/themes\/steuer-web\/buhl-steuer\/assets\/carousel\/siegel\/computer-bild.svg\" class=\"img-fluid\" title=\"Alle Testergebnisse ansehen\" alt=\"Computerbild Siegel\">\r\n                <\/li>\r\n             \r\n                <li class=\"splide__slide \"> \r\n                    <img decoding=\"async\" loading=\"lazy\" height=\"200\" width=\"200\" src=\"https:\/\/www.buhl.de\/steuer\/wp-content\/themes\/steuer-web\/buhl-steuer\/assets\/carousel\/siegel\/tuev.svg\" class=\"img-fluid\" title=\"Alle Testergebnisse ansehen\" alt=\"T\u00dcV S\u00fcd Siegel\">\r\n                <\/li>\r\n    \r\n                           <\/ul>                                                                \r\n                       <\/div> \r\n                    <div class=\"splide__arrows\">\r\n                       <button class=\"splide__arrow splide__arrow--prev\" type=\"button\" aria-label=\"Previous slide\" aria-controls=\"splide01-track\">\r\n                        <\/button>\r\n                       <button class=\"splide__arrow splide__arrow--next\" type=\"button\" aria-label=\"Next slide\" aria-controls=\"splide01-track\">\r\n                        <\/button>\r\n                    <\/div>\r\n                    <div class=\"carousel-background\"><\/div>\r\n                  <\/section> \r\n                <\/div>               \r\n             <\/div>\r\n              <div class=\"row carousel-splide carousel-splide-link\">\r\n                  <div class=\"col-12 text-center\">\r\n                     <a class=\"font-source-sans-pro-1 blue-font splide__link\" role=\"button\" href=\"https:\/\/www.buhl.de\/steuer\/test-ergebnisse\/\">Unsere Testberichte in der \u00dcbersicht<\/a>\r\n                  <\/div>      \r\n              <\/div>   \r\n       <\/div> <\/div>\r\n                    <\/div>\r\n                <\/div>\r\n            <\/div>\r\n        <\/div>\r\n    \n","protected":false},"excerpt":{"rendered":"<p>Auf der Suche nach einem neuen Arbeitsplatz? Dann ist unser Tipp: Alle Rechnungen, die mit der Jobsuche zu tun haben, sammeln. Denn Bewerbungskosten kann man von der Steuer absetzen.<\/p>\n","protected":false},"author":158,"featured_media":49545,"comment_status":"closed","ping_status":"open","sticky":false,"template":"","format":"standard","meta":{"_acf_changed":false,"footnotes":""},"categories":[2841,2811,2808],"tags":[],"class_list":["post-49536","post","type-post","status-publish","format-standard","has-post-thumbnail","hentry","category-alle","category-ausbildung","category-arbeit"],"yoast_head":"<!-- This site is optimized with the Yoast SEO Premium plugin v27.0 (Yoast SEO v27.0) - https:\/\/yoast.com\/product\/yoast-seo-premium-wordpress\/ -->\n<title>Bewerbungskosten von der Steuer absetzen: So geht&#039;s<\/title>\n<meta name=\"description\" content=\"Bewerbungskosten von der Steuer absetzen \u2705 So holst du dir Geld vom Finanzamt zur\u00fcck \ud83d\udc49 Hier Steuer-Tipps vom Experten lesen.\" \/>\n<meta name=\"robots\" content=\"index, follow, max-snippet:-1, max-image-preview:large, max-video-preview:-1\" \/>\n<link rel=\"canonical\" href=\"https:\/\/www.buhl.de\/steuer\/ratgeber\/bewerbungskosten-absetzen\/\" \/>\n<meta property=\"og:locale\" content=\"de_DE\" \/>\n<meta property=\"og:type\" content=\"article\" \/>\n<meta property=\"og:title\" content=\"Bewerbungskosten absetzen: So einfach geht&#039;s\" \/>\n<meta property=\"og:description\" content=\"Bewerbungskosten von der Steuer absetzen \u2705 So holst du dir Geld vom Finanzamt zur\u00fcck \ud83d\udc49 Hier Steuer-Tipps vom Experten lesen.\" \/>\n<meta property=\"og:url\" content=\"https:\/\/www.buhl.de\/steuer\/ratgeber\/bewerbungskosten-absetzen\/\" \/>\n<meta property=\"og:site_name\" content=\"WISO Steuer: Nr.1 App f\u00fcr die Steuererkl\u00e4rung\" \/>\n<meta property=\"article:published_time\" content=\"2025-07-11T06:25:16+00:00\" \/>\n<meta property=\"article:modified_time\" content=\"2025-07-11T08:36:18+00:00\" \/>\n<meta property=\"og:image\" content=\"https:\/\/www.buhl.de\/steuer\/wp-content\/uploads\/sites\/31\/2022\/02\/bewerbung-kosten-absetzen-steuer-title.jpg\" \/>\n\t<meta property=\"og:image:width\" content=\"976\" \/>\n\t<meta property=\"og:image:height\" content=\"400\" \/>\n\t<meta property=\"og:image:type\" content=\"image\/jpeg\" \/>\n<meta name=\"author\" content=\"Melanie Holz\" \/>\n<meta name=\"twitter:card\" content=\"summary_large_image\" \/>\n<meta name=\"twitter:label1\" content=\"Verfasst von\" \/>\n\t<meta name=\"twitter:data1\" content=\"Melanie Holz\" \/>\n\t<meta name=\"twitter:label2\" content=\"Gesch\u00e4tzte Lesezeit\" \/>\n\t<meta name=\"twitter:data2\" content=\"4\u00a0Minuten\" \/>\n<script type=\"application\/ld+json\" class=\"yoast-schema-graph\">{\"@context\":\"https:\/\/schema.org\",\"@graph\":[{\"@type\":\"Article\",\"@id\":\"https:\/\/www.buhl.de\/steuer\/ratgeber\/bewerbungskosten-absetzen\/#article\",\"isPartOf\":{\"@id\":\"https:\/\/www.buhl.de\/steuer\/ratgeber\/bewerbungskosten-absetzen\/\"},\"author\":{\"name\":\"Melanie Holz\",\"@id\":\"https:\/\/www.buhl.de\/steuer\/#\/schema\/person\/bdc3546e32ec6fea6ff8e85e9a87fd47\"},\"headline\":\"Bewerbungskosten absetzen: So einfach geht&#8217;s\",\"datePublished\":\"2025-07-11T06:25:16+00:00\",\"dateModified\":\"2025-07-11T08:36:18+00:00\",\"mainEntityOfPage\":{\"@id\":\"https:\/\/www.buhl.de\/steuer\/ratgeber\/bewerbungskosten-absetzen\/\"},\"wordCount\":717,\"publisher\":{\"@id\":\"https:\/\/www.buhl.de\/steuer\/#organization\"},\"image\":{\"@id\":\"https:\/\/www.buhl.de\/steuer\/ratgeber\/bewerbungskosten-absetzen\/#primaryimage\"},\"thumbnailUrl\":\"https:\/\/www.buhl.de\/steuer\/wp-content\/uploads\/sites\/31\/2022\/02\/bewerbung-kosten-absetzen-steuer-title.jpg\",\"articleSection\":[\"Neueste Beitr\u00e4ge\",\"Ratgeber: Ausbildung &amp; Steuern\",\"Ratgeber: Steuern &amp; Gehalt\"],\"inLanguage\":\"de\"},{\"@type\":\"WebPage\",\"@id\":\"https:\/\/www.buhl.de\/steuer\/ratgeber\/bewerbungskosten-absetzen\/\",\"url\":\"https:\/\/www.buhl.de\/steuer\/ratgeber\/bewerbungskosten-absetzen\/\",\"name\":\"Bewerbungskosten von der Steuer absetzen: So geht's\",\"isPartOf\":{\"@id\":\"https:\/\/www.buhl.de\/steuer\/#website\"},\"primaryImageOfPage\":{\"@id\":\"https:\/\/www.buhl.de\/steuer\/ratgeber\/bewerbungskosten-absetzen\/#primaryimage\"},\"image\":{\"@id\":\"https:\/\/www.buhl.de\/steuer\/ratgeber\/bewerbungskosten-absetzen\/#primaryimage\"},\"thumbnailUrl\":\"https:\/\/www.buhl.de\/steuer\/wp-content\/uploads\/sites\/31\/2022\/02\/bewerbung-kosten-absetzen-steuer-title.jpg\",\"datePublished\":\"2025-07-11T06:25:16+00:00\",\"dateModified\":\"2025-07-11T08:36:18+00:00\",\"description\":\"Bewerbungskosten von der Steuer absetzen \u2705 So holst du dir Geld vom Finanzamt zur\u00fcck \ud83d\udc49 Hier Steuer-Tipps vom Experten lesen.\",\"breadcrumb\":{\"@id\":\"https:\/\/www.buhl.de\/steuer\/ratgeber\/bewerbungskosten-absetzen\/#breadcrumb\"},\"inLanguage\":\"de\",\"potentialAction\":[{\"@type\":\"ReadAction\",\"target\":[\"https:\/\/www.buhl.de\/steuer\/ratgeber\/bewerbungskosten-absetzen\/\"]}]},{\"@type\":\"ImageObject\",\"inLanguage\":\"de\",\"@id\":\"https:\/\/www.buhl.de\/steuer\/ratgeber\/bewerbungskosten-absetzen\/#primaryimage\",\"url\":\"https:\/\/www.buhl.de\/steuer\/wp-content\/uploads\/sites\/31\/2022\/02\/bewerbung-kosten-absetzen-steuer-title.jpg\",\"contentUrl\":\"https:\/\/www.buhl.de\/steuer\/wp-content\/uploads\/sites\/31\/2022\/02\/bewerbung-kosten-absetzen-steuer-title.jpg\",\"width\":976,\"height\":400},{\"@type\":\"BreadcrumbList\",\"@id\":\"https:\/\/www.buhl.de\/steuer\/ratgeber\/bewerbungskosten-absetzen\/#breadcrumb\",\"itemListElement\":[{\"@type\":\"ListItem\",\"position\":1,\"name\":\"Steuererkl\u00e4rung\",\"item\":\"https:\/\/www.buhl.de\/steuer\/\"},{\"@type\":\"ListItem\",\"position\":2,\"name\":\"Bewerbungskosten absetzen: So einfach geht's\"}]},{\"@type\":\"WebSite\",\"@id\":\"https:\/\/www.buhl.de\/steuer\/#website\",\"url\":\"https:\/\/www.buhl.de\/steuer\/\",\"name\":\"WISO Steuer: Nr. 1 Steuer-App\",\"description\":\"\",\"publisher\":{\"@id\":\"https:\/\/www.buhl.de\/steuer\/#organization\"},\"potentialAction\":[{\"@type\":\"SearchAction\",\"target\":{\"@type\":\"EntryPoint\",\"urlTemplate\":\"https:\/\/www.buhl.de\/steuer\/?s={search_term_string}\"},\"query-input\":{\"@type\":\"PropertyValueSpecification\",\"valueRequired\":true,\"valueName\":\"search_term_string\"}}],\"inLanguage\":\"de\"},{\"@type\":\"Organization\",\"@id\":\"https:\/\/www.buhl.de\/steuer\/#organization\",\"name\":\"WISO Steuer | Buhl Data Service GmbH\",\"url\":\"https:\/\/www.buhl.de\/steuer\/\",\"logo\":{\"@type\":\"ImageObject\",\"inLanguage\":\"de\",\"@id\":\"https:\/\/www.buhl.de\/steuer\/#\/schema\/logo\/image\/\",\"url\":\"https:\/\/www.buhl.de\/steuer\/wp-content\/uploads\/sites\/31\/2026\/02\/logo-wiso-steuer-app.svg\",\"contentUrl\":\"https:\/\/www.buhl.de\/steuer\/wp-content\/uploads\/sites\/31\/2026\/02\/logo-wiso-steuer-app.svg\",\"width\":375,\"height\":72,\"caption\":\"WISO Steuer | Buhl Data Service GmbH\"},\"image\":{\"@id\":\"https:\/\/www.buhl.de\/steuer\/#\/schema\/logo\/image\/\"}},{\"@type\":\"Person\",\"@id\":\"https:\/\/www.buhl.de\/steuer\/#\/schema\/person\/bdc3546e32ec6fea6ff8e85e9a87fd47\",\"name\":\"Melanie Holz\",\"image\":{\"@type\":\"ImageObject\",\"inLanguage\":\"de\",\"@id\":\"https:\/\/www.buhl.de\/steuer\/#\/schema\/person\/image\/\",\"url\":\"https:\/\/www.buhl.de\/steuer\/wp-content\/uploads\/sites\/31\/2024\/07\/melanie.png\",\"contentUrl\":\"https:\/\/www.buhl.de\/steuer\/wp-content\/uploads\/sites\/31\/2024\/07\/melanie.png\",\"caption\":\"Melanie Holz\"},\"sameAs\":[\"https:\/\/www.buhl.de\/steuer\/autoren\/melanie-holz\/\"]}]}<\/script>\n<!-- \/ Yoast SEO Premium plugin. -->","yoast_head_json":{"title":"Bewerbungskosten von der Steuer absetzen: So geht's","description":"Bewerbungskosten von der Steuer absetzen \u2705 So holst du dir Geld vom Finanzamt zur\u00fcck \ud83d\udc49 Hier Steuer-Tipps vom Experten lesen.","robots":{"index":"index","follow":"follow","max-snippet":"max-snippet:-1","max-image-preview":"max-image-preview:large","max-video-preview":"max-video-preview:-1"},"canonical":"https:\/\/www.buhl.de\/steuer\/ratgeber\/bewerbungskosten-absetzen\/","og_locale":"de_DE","og_type":"article","og_title":"Bewerbungskosten absetzen: So einfach geht's","og_description":"Bewerbungskosten von der Steuer absetzen \u2705 So holst du dir Geld vom Finanzamt zur\u00fcck \ud83d\udc49 Hier Steuer-Tipps vom Experten lesen.","og_url":"https:\/\/www.buhl.de\/steuer\/ratgeber\/bewerbungskosten-absetzen\/","og_site_name":"WISO Steuer: Nr.1 App f\u00fcr die Steuererkl\u00e4rung","article_published_time":"2025-07-11T06:25:16+00:00","article_modified_time":"2025-07-11T08:36:18+00:00","og_image":[{"width":976,"height":400,"url":"https:\/\/www.buhl.de\/steuer\/wp-content\/uploads\/sites\/31\/2022\/02\/bewerbung-kosten-absetzen-steuer-title.jpg","type":"image\/jpeg"}],"author":"Melanie Holz","twitter_card":"summary_large_image","twitter_misc":{"Verfasst von":"Melanie Holz","Gesch\u00e4tzte Lesezeit":"4\u00a0Minuten"},"schema":{"@context":"https:\/\/schema.org","@graph":[{"@type":"Article","@id":"https:\/\/www.buhl.de\/steuer\/ratgeber\/bewerbungskosten-absetzen\/#article","isPartOf":{"@id":"https:\/\/www.buhl.de\/steuer\/ratgeber\/bewerbungskosten-absetzen\/"},"author":{"name":"Melanie Holz","@id":"https:\/\/www.buhl.de\/steuer\/#\/schema\/person\/bdc3546e32ec6fea6ff8e85e9a87fd47"},"headline":"Bewerbungskosten absetzen: So einfach geht&#8217;s","datePublished":"2025-07-11T06:25:16+00:00","dateModified":"2025-07-11T08:36:18+00:00","mainEntityOfPage":{"@id":"https:\/\/www.buhl.de\/steuer\/ratgeber\/bewerbungskosten-absetzen\/"},"wordCount":717,"publisher":{"@id":"https:\/\/www.buhl.de\/steuer\/#organization"},"image":{"@id":"https:\/\/www.buhl.de\/steuer\/ratgeber\/bewerbungskosten-absetzen\/#primaryimage"},"thumbnailUrl":"https:\/\/www.buhl.de\/steuer\/wp-content\/uploads\/sites\/31\/2022\/02\/bewerbung-kosten-absetzen-steuer-title.jpg","articleSection":["Neueste Beitr\u00e4ge","Ratgeber: Ausbildung &amp; Steuern","Ratgeber: Steuern &amp; Gehalt"],"inLanguage":"de"},{"@type":"WebPage","@id":"https:\/\/www.buhl.de\/steuer\/ratgeber\/bewerbungskosten-absetzen\/","url":"https:\/\/www.buhl.de\/steuer\/ratgeber\/bewerbungskosten-absetzen\/","name":"Bewerbungskosten von der Steuer absetzen: So geht's","isPartOf":{"@id":"https:\/\/www.buhl.de\/steuer\/#website"},"primaryImageOfPage":{"@id":"https:\/\/www.buhl.de\/steuer\/ratgeber\/bewerbungskosten-absetzen\/#primaryimage"},"image":{"@id":"https:\/\/www.buhl.de\/steuer\/ratgeber\/bewerbungskosten-absetzen\/#primaryimage"},"thumbnailUrl":"https:\/\/www.buhl.de\/steuer\/wp-content\/uploads\/sites\/31\/2022\/02\/bewerbung-kosten-absetzen-steuer-title.jpg","datePublished":"2025-07-11T06:25:16+00:00","dateModified":"2025-07-11T08:36:18+00:00","description":"Bewerbungskosten von der Steuer absetzen \u2705 So holst du dir Geld vom Finanzamt zur\u00fcck \ud83d\udc49 Hier Steuer-Tipps vom Experten lesen.","breadcrumb":{"@id":"https:\/\/www.buhl.de\/steuer\/ratgeber\/bewerbungskosten-absetzen\/#breadcrumb"},"inLanguage":"de","potentialAction":[{"@type":"ReadAction","target":["https:\/\/www.buhl.de\/steuer\/ratgeber\/bewerbungskosten-absetzen\/"]}]},{"@type":"ImageObject","inLanguage":"de","@id":"https:\/\/www.buhl.de\/steuer\/ratgeber\/bewerbungskosten-absetzen\/#primaryimage","url":"https:\/\/www.buhl.de\/steuer\/wp-content\/uploads\/sites\/31\/2022\/02\/bewerbung-kosten-absetzen-steuer-title.jpg","contentUrl":"https:\/\/www.buhl.de\/steuer\/wp-content\/uploads\/sites\/31\/2022\/02\/bewerbung-kosten-absetzen-steuer-title.jpg","width":976,"height":400},{"@type":"BreadcrumbList","@id":"https:\/\/www.buhl.de\/steuer\/ratgeber\/bewerbungskosten-absetzen\/#breadcrumb","itemListElement":[{"@type":"ListItem","position":1,"name":"Steuererkl\u00e4rung","item":"https:\/\/www.buhl.de\/steuer\/"},{"@type":"ListItem","position":2,"name":"Bewerbungskosten absetzen: So einfach geht's"}]},{"@type":"WebSite","@id":"https:\/\/www.buhl.de\/steuer\/#website","url":"https:\/\/www.buhl.de\/steuer\/","name":"WISO Steuer: Nr. 1 Steuer-App","description":"","publisher":{"@id":"https:\/\/www.buhl.de\/steuer\/#organization"},"potentialAction":[{"@type":"SearchAction","target":{"@type":"EntryPoint","urlTemplate":"https:\/\/www.buhl.de\/steuer\/?s={search_term_string}"},"query-input":{"@type":"PropertyValueSpecification","valueRequired":true,"valueName":"search_term_string"}}],"inLanguage":"de"},{"@type":"Organization","@id":"https:\/\/www.buhl.de\/steuer\/#organization","name":"WISO Steuer | Buhl Data Service GmbH","url":"https:\/\/www.buhl.de\/steuer\/","logo":{"@type":"ImageObject","inLanguage":"de","@id":"https:\/\/www.buhl.de\/steuer\/#\/schema\/logo\/image\/","url":"https:\/\/www.buhl.de\/steuer\/wp-content\/uploads\/sites\/31\/2026\/02\/logo-wiso-steuer-app.svg","contentUrl":"https:\/\/www.buhl.de\/steuer\/wp-content\/uploads\/sites\/31\/2026\/02\/logo-wiso-steuer-app.svg","width":375,"height":72,"caption":"WISO Steuer | Buhl Data Service GmbH"},"image":{"@id":"https:\/\/www.buhl.de\/steuer\/#\/schema\/logo\/image\/"}},{"@type":"Person","@id":"https:\/\/www.buhl.de\/steuer\/#\/schema\/person\/bdc3546e32ec6fea6ff8e85e9a87fd47","name":"Melanie Holz","image":{"@type":"ImageObject","inLanguage":"de","@id":"https:\/\/www.buhl.de\/steuer\/#\/schema\/person\/image\/","url":"https:\/\/www.buhl.de\/steuer\/wp-content\/uploads\/sites\/31\/2024\/07\/melanie.png","contentUrl":"https:\/\/www.buhl.de\/steuer\/wp-content\/uploads\/sites\/31\/2024\/07\/melanie.png","caption":"Melanie Holz"},"sameAs":["https:\/\/www.buhl.de\/steuer\/autoren\/melanie-holz\/"]}]}},"acf":[],"wps_subtitle":"Geld zur\u00fcck f\u00fcr Bewerbungsunterlagen, Vorstellungsgespr\u00e4ch &amp; Co.","_links":{"self":[{"href":"https:\/\/www.buhl.de\/steuer\/wp-json\/wp\/v2\/posts\/49536","targetHints":{"allow":["GET"]}}],"collection":[{"href":"https:\/\/www.buhl.de\/steuer\/wp-json\/wp\/v2\/posts"}],"about":[{"href":"https:\/\/www.buhl.de\/steuer\/wp-json\/wp\/v2\/types\/post"}],"author":[{"embeddable":true,"href":"https:\/\/www.buhl.de\/steuer\/wp-json\/wp\/v2\/users\/158"}],"replies":[{"embeddable":true,"href":"https:\/\/www.buhl.de\/steuer\/wp-json\/wp\/v2\/comments?post=49536"}],"version-history":[{"count":14,"href":"https:\/\/www.buhl.de\/steuer\/wp-json\/wp\/v2\/posts\/49536\/revisions"}],"predecessor-version":[{"id":72384,"href":"https:\/\/www.buhl.de\/steuer\/wp-json\/wp\/v2\/posts\/49536\/revisions\/72384"}],"wp:featuredmedia":[{"embeddable":true,"href":"https:\/\/www.buhl.de\/steuer\/wp-json\/wp\/v2\/media\/49545"}],"wp:attachment":[{"href":"https:\/\/www.buhl.de\/steuer\/wp-json\/wp\/v2\/media?parent=49536"}],"wp:term":[{"taxonomy":"category","embeddable":true,"href":"https:\/\/www.buhl.de\/steuer\/wp-json\/wp\/v2\/categories?post=49536"},{"taxonomy":"post_tag","embeddable":true,"href":"https:\/\/www.buhl.de\/steuer\/wp-json\/wp\/v2\/tags?post=49536"}],"curies":[{"name":"wp","href":"https:\/\/api.w.org\/{rel}","templated":true}]}}