{"id":49905,"date":"2025-04-02T08:40:24","date_gmt":"2025-04-02T06:40:24","guid":{"rendered":"https:\/\/www.buhl.de\/steuer\/?p=49905"},"modified":"2026-04-24T15:13:32","modified_gmt":"2026-04-24T13:13:32","slug":"solidaritaetszuschlag","status":"publish","type":"post","link":"https:\/\/www.buhl.de\/steuer\/ratgeber\/solidaritaetszuschlag\/","title":{"rendered":"Solidarit\u00e4tszuschlag"},"content":{"rendered":"<p>Seit 2021 m\u00fcssen deutlich weniger Menschen den Solidarit\u00e4tszuschlag zahlen. Besserverdienende, Anleger und Kapitalgesellschaften zahlen den Soli aber weiterhin. Wer genau, erkl\u00e4ren wir hier. <!--more--><\/p>\n<h2>Kurz &amp; knapp<\/h2>\n<ul>\n<li>Der Solidarit\u00e4tszuschlag ist ein Zuschlag auf die Einkommensteuer<\/li>\n<li>Seit 2021 gelten hohe Freigrenzen, sodass nur rund 10 Prozent den Soli zahlen m\u00fcssen<\/li>\n<li>Nach \u00dcberschreiten der Freigrenze gibt es einen Bereich, in dem der Soli mit einem niedrigeren Satz als 5,5 Prozent festgesetzt wird<\/li>\n<li>Ob und wie viel Soli du zahlen musst, kannst du mit <a title=\"WISO Steuer: Steuerprogramm von Buhl\" href=\"https:\/\/www.buhl.de\/steuer\/\">WISO Steuer<\/a> berechnen<\/li>\n<\/ul>\n<h2>FAQ: Solidarit\u00e4tszuschlag<\/h2>\n\r\n        <div class=\"white-background\">\r\n            <div class=\"container faq-module blog-download buhl-ap\">\r\n                <div class=\"row\">\r\n                <div class=\"col-12 p-lg-0\">\r\n                \r\n                    <div class=\"accordion accordionFaq\" id=\"accordionFaq\">\n<div class=\"card\">\n<div class=\"d-flex card-header border-0 collapsed\" id=\"heading1\" data-toggle=\"collapse\" data-target=\"#collapse1\"\r\n                    aria-expanded=\"false\" aria-controls=\"collapse1\">                                            \r\n                    <h3 class=\"font-source-sans-pro-1 blue-font no-margin\">Wann f\u00e4llt Solidarit\u00e4tszuschlag an?<\/h3>\r\n                <\/div>\r\n\n\r\n        <div id=\"collapse1\" class=\"collapse\" aria-labelledby=\"heading1\" data-parent=\"#accordionFaq\">\r\n            <div class=\"card-body\">\r\n                Die meisten m\u00fcssen den Soli nicht mehr zahlen. 2025 liegt die Freigrenze eines Alleinstehenden bei 19.950 Euro beziehungsweise 39.900 Euro bei Zusammenveranlagten. Liegt die Einkommensteuer dar\u00fcber, ist darauf auch Soli zu zahlen.                \r\n            <\/div>\r\n        <\/div>\r\n\n<\/div>\n<div class=\"card\">\n<div class=\"d-flex card-header border-0 collapsed\" id=\"heading2\" data-toggle=\"collapse\" data-target=\"#collapse2\"\r\n                    aria-expanded=\"false\" aria-controls=\"collapse2\">                                            \r\n                    <h3 class=\"font-source-sans-pro-1 blue-font no-margin\">Wie viel Prozent betr\u00e4gt der Soli?<\/h3>\r\n                <\/div>\r\n\n\r\n        <div id=\"collapse2\" class=\"collapse\" aria-labelledby=\"heading2\" data-parent=\"#accordionFaq\">\r\n            <div class=\"card-body\">\r\n                Der Solidarit\u00e4tszuschlag betr\u00e4gt 5,5 Prozent von der berechneten Einkommensteuer. Allerdings gibt es nach \u00dcberschreiten der Freigrenze eine Milderungszone, in der der Soli gleitend bis zum vollen Satz ansteigt. Bei pauschalen Steuers\u00e4tzen betr\u00e4gt der Soli immer 5,5 Prozent, so auch bei der Abgeltungssteuer.                \r\n            <\/div>\r\n        <\/div>\r\n\n<\/div>\n<div class=\"card\">\n<div class=\"d-flex card-header border-0 collapsed\" id=\"heading3\" data-toggle=\"collapse\" data-target=\"#collapse3\"\r\n                    aria-expanded=\"false\" aria-controls=\"collapse3\">                                            \r\n                    <h3 class=\"font-source-sans-pro-1 blue-font no-margin\">Wie hoch ist der Solidarit\u00e4tszuschlag 2025?<\/h3>\r\n                <\/div>\r\n\n\r\n        <div id=\"collapse3\" class=\"collapse\" aria-labelledby=\"heading3\" data-parent=\"#accordionFaq\">\r\n            <div class=\"card-body\">\r\n                Im Steuerjahr 2025 f\u00e4llt bei einer Einkommensteuer bis 19.950 Euro (Alleinstehender) \u00fcberhaupt kein Soli an. Das entspricht einem zu versteuerndem Einkommen von rund 73.500 Euro. Bis zur Einkommensteuer von 33.760 Euro steigt der Zuschlag gleitend auf bis zu 5,5 Prozent an. Bei einem h\u00f6heren Wert ist der volle Satz f\u00e4llig.                \r\n            <\/div>\r\n        <\/div>\r\n\n<\/div>\n<div class=\"card\">\n<div class=\"d-flex card-header border-0 collapsed\" id=\"heading3\" data-toggle=\"collapse\" data-target=\"#collapse3\"\r\n                    aria-expanded=\"false\" aria-controls=\"collapse3\">                                            \r\n                    <h3 class=\"font-source-sans-pro-1 blue-font no-margin\">Wie hoch ist der Solidarit\u00e4tszuschlag 2024?<\/h3>\r\n                <\/div>\r\n\n\r\n        <div id=\"collapse3\" class=\"collapse\" aria-labelledby=\"heading3\" data-parent=\"#accordionFaq\">\r\n            <div class=\"card-body\">\r\n                Im Steuerjahr 2024 f\u00e4llt bei einer Einkommensteuer bis 18.130 Euro (Lediger) \u00fcberhaupt kein Soli an. Das entspricht einem zu versteuernden Einkommen von 68.410 Euro. Bis zu einem zu versteuernden Einkommen von rund 105.500 Euro steigt der Zuschlag gleitend auf bis zu 5,5 Prozent an. Bei einem h\u00f6heren Wert ist der volle Satz f\u00e4llig.                \r\n            <\/div>\r\n        <\/div>\r\n\n<\/div>\n<div class=\"card\">\n<div class=\"d-flex card-header border-0 collapsed\" id=\"heading3\" data-toggle=\"collapse\" data-target=\"#collapse3\"\r\n                    aria-expanded=\"false\" aria-controls=\"collapse3\">                                            \r\n                    <h3 class=\"font-source-sans-pro-1 blue-font no-margin\">Wie hoch ist der Solidarit\u00e4tszuschlag 2023?<\/h3>\r\n                <\/div>\r\n\n\r\n        <div id=\"collapse3\" class=\"collapse\" aria-labelledby=\"heading3\" data-parent=\"#accordionFaq\">\r\n            <div class=\"card-body\">\r\n                Im Steuerjahr 2023 f\u00e4llt bei einer Einkommensteuer bis 17.543 Euro (Lediger) \u00fcberhaupt kein Soli an. Bis zur Einkommensteuer von 32.619 Euro steigt der Zuschlag gleitend auf bis zu 5,5 Prozent an. Bei einem h\u00f6heren Wert ist der volle Satz f\u00e4llig.                \r\n            <\/div>\r\n        <\/div>\r\n\n<\/div>\n<div class=\"card\">\n<div class=\"d-flex card-header border-0 collapsed\" id=\"heading4\" data-toggle=\"collapse\" data-target=\"#collapse4\"\r\n                    aria-expanded=\"false\" aria-controls=\"collapse4\">                                            \r\n                    <h3 class=\"font-source-sans-pro-1 blue-font no-margin\">Wie hoch ist der Soli 2022?<\/h3>\r\n                <\/div>\r\n\n\r\n        <div id=\"collapse4\" class=\"collapse\" aria-labelledby=\"heading4\" data-parent=\"#accordionFaq\">\r\n            <div class=\"card-body\">\r\n                Im Steuerjahr 2022 f\u00e4llt bei einer Einkommensteuer bis 16.956 Euro (Lediger) \u00fcberhaupt kein Soli an. Bis zur Einkommensteuer von 31.528 Euro steigt der Zuschlag gleitend auf bis zu 5,5 Prozent an. Bei einem h\u00f6heren Betrag ist der volle Satz zu zahlen.                \r\n            <\/div>\r\n        <\/div>\r\n\n<\/div>\n<div class=\"card\">\n<div class=\"d-flex card-header border-0 collapsed\" id=\"heading5\" data-toggle=\"collapse\" data-target=\"#collapse5\"\r\n                    aria-expanded=\"false\" aria-controls=\"collapse5\">                                            \r\n                    <h3 class=\"font-source-sans-pro-1 blue-font no-margin\">Wann muss ich keinen Solidarit\u00e4tszuschlag zahlen?<\/h3>\r\n                <\/div>\r\n\n\r\n        <div id=\"collapse5\" class=\"collapse\" aria-labelledby=\"heading5\" data-parent=\"#accordionFaq\">\r\n            <div class=\"card-body\">\r\n                Seit 2021 gibt es hohe Soli-Freigrenzen. F\u00fcr 2024 gilt: Bis zu einer Einkommensteuer von 18.130 Euro musst du als Lediger keinen Soli zahlen. Bei einer Zusammenveranlagung liegt die Freigrenze bei 36.260 Euro. F\u00fcr 2025 wurden die Freigrenzen auf 19.950 Euro bzw. 39.900 Euro erh\u00f6ht.<br \/>\n                \r\n            <\/div>\r\n        <\/div>\r\n\n<\/div>\n<div class=\"card\">\n<div class=\"d-flex card-header border-0 collapsed\" id=\"heading6\" data-toggle=\"collapse\" data-target=\"#collapse6\"\r\n                    aria-expanded=\"false\" aria-controls=\"collapse6\">                                            \r\n                    <h3 class=\"font-source-sans-pro-1 blue-font no-margin\">Was ist die Bemessungsgrundlage f\u00fcr den Soli?<\/h3>\r\n                <\/div>\r\n\n\r\n        <div id=\"collapse6\" class=\"collapse\" aria-labelledby=\"heading6\" data-parent=\"#accordionFaq\">\r\n            <div class=\"card-body\">\r\n                Basis bei der Berechnung des Solidarit\u00e4tszuschlags ist das zu versteuernde Einkommen nach Abzug der Kinderfreibetr\u00e4ge. Die so ermittelte Einkommensteuer ist die Bemessungsgrundlage f\u00fcr den Soli. Der betr\u00e4gt dann grunds\u00e4tzlich 5,5 Prozent von der festgesetzten Einkommensteuer.                \r\n            <\/div>\r\n        <\/div>\r\n\n<\/div>\n<\/div>\r\n                 <\/div>\r\n              <\/div>\r\n            <\/div>\r\n        <\/div>\r\n        <div class=\"spacing-modul  \">\r\n            <div class=\"container spacing-modul\">\r\n               <div class=\"row\">\r\n                   <div id=\"\" class=\"anchor\"><\/div>\r\n                   <div class=\"col-12 modul-spacing-blog-c\"><\/div>\r\n                   <div class=\"col-12 modul-spacing-blog-c\"><\/div>\r\n               <\/div>\r\n            <\/div>\r\n        <\/div>\r\n    \n<h2>Wer muss Solidarit\u00e4tszuschlag zahlen?<\/h2>\n<p>Der <strong>Solidarit\u00e4tszuschlag<\/strong> ist eine <strong>Erg\u00e4nzungsabgabe<\/strong>. Das hei\u00dft: Er wird als Zuschlag auf die Einkommen- und <a title=\"K\u00f6rperschaftsteuer im \u00dcberblick\" href=\"https:\/\/www.buhl.de\/steuer\/ratgeber\/koerperschaftsteuer\/\">K\u00f6rperschaftsteuer<\/a> berechnet. Wie hoch der Soli ist, ist von der zu zahlenden Steuer abh\u00e4ngig. Grunds\u00e4tzlich betr\u00e4gt er 5,5 Prozent.<\/p>\n<p>Seit 2021 gilt jedoch eine sehr hohe Freigrenze. Das Ergebnis: <strong>Nur rund jeder zehnte<\/strong> Einkommensteuerzahler muss den Solidarit\u00e4tszuschlag zahlen.<\/p>\n<p>In diesen F\u00e4llen geht der Soli automatisch an das Finanzamt:<\/p>\n<ul class=\"sw-blog-icon sw-blog-icon-1\">\n<li><strong>Bei pauschaler Lohnsteuer: <\/strong>5,5 Prozent Soli sind immer f\u00e4llig, wenn dein Arbeitgeber eine pauschale <a title=\"Lohnsteuerbescheinigung: \u00dcbersicht deiner Lohnsteuer\" href=\"https:\/\/www.buhl.de\/steuer\/ratgeber\/lohnsteuerbescheinigung-elstam\/\">Lohnsteuer<\/a> von 15 oder 25 Prozent abf\u00fchrt. Beispiel: Du erh\u00e4ltst f\u00fcr deine Fahrten zum Arbeitsplatz einen Arbeitgeberzuschuss. Dieser kann mit 15 Prozent pauschal besteuert werden. Hinzu kommt der Soli-Zuschlag von 5,5 Prozent und die pauschale Kirchensteuer. Durch die Pauschalversteuerung ist die Steuer beglichen.<\/li>\n<\/ul>\n<ul class=\"sw-blog-icon sw-blog-icon-1\">\n<li><strong>Bei Kapitalertr\u00e4gen: <\/strong>Soli und gegebenenfalls Kirchensteuer kommen auch noch auf die pauschale <a title=\"Kapitalertragsteuer: Abgeltungssteuer auf Kapitalertr\u00e4ge\" href=\"https:\/\/www.buhl.de\/steuer\/ratgeber\/abgeltungssteuer\/\">Kapitalertragsteuer<\/a> (Abgeltungssteuer) von 25 Prozent. Viele erfolgreiche Anleger zahlen daher weiterhin Soli. Die Bank beh\u00e4lt ihn von den Kapitaleintr\u00e4gen ein und f\u00fchrt die Steuer ans Finanzamt ab. Hast du bei der Bank wegen deines <a title=\"Sparer-Pauschbetrag: 1.000 \u20ac bei Geldanlagen sparen\" href=\"https:\/\/www.buhl.de\/steuer\/ratgeber\/sparer-pauschbetrag\/\">Sparer-Pauschbetrags<\/a> von 1.000 Euro einen Freistellungsauftrag eingerichtet, dann beh\u00e4lt sie f\u00fcr die Ertr\u00e4ge bis zum freigestellten Betrag keine Steuern ein.<\/li>\n<\/ul>\n<ul class=\"sw-blog-icon sw-blog-icon-1\">\n<li><strong>Bei Kapitalgesellschaften und Vereinen: <\/strong>Auch Kapitalgesellschaften, wie zum Beispiel GmbHs, m\u00fcssen auf 15 Prozent <a title=\"K\u00f6rperschaftssteuer im \u00dcberblick\" href=\"https:\/\/www.buhl.de\/steuer\/ratgeber\/koerperschaftsteuer\/\">K\u00f6rperschaftsteuer<\/a> zus\u00e4tzlich den Soli zahlen. Das gilt auch f\u00fcr Vereine und andere K\u00f6rperschaften.<\/li>\n<\/ul>\n<h3>Kein Vorl\u00e4ufigkeitsvermerk bei Soli-Zahlungen<\/h3>\n<p>Das Finanzamt setzte den Soli jahrelang wegen einiger Klagen vor dem Bundesverfassungsgericht <strong>seit dem Veranlagungszeitraum 2005 nur<\/strong> <strong>vorl\u00e4ufig<\/strong> fest. Das gilt auch f\u00fcr Zahlungen ab dem Steuerjahr <a title=\"Alle Infos zur Steuer 2020\" href=\"https:\/\/www.buhl.de\/steuer\/jahr\/steuer-2020\/\">2020<\/a>.<\/p>\n<p>Allerdings hat das Bundesverfassungsgericht in seinem Urteil vom 26. M\u00e4rz 2025 (2 BvR 1505\/20) entschieden, dass der Soli verfassungsgem\u00e4\u00df ist. Deshalb hat das Bundesfinanzministerium in seinem Schreiben vom 26. Mai 2025 den Vorl\u00e4ufigkeitsvermerk gestrichen. Neue Steuerbescheide werden diesen nicht mehr enthalten. Ein festgesetzter Soli muss bezahlt werden.<\/p>\n<h3>Regeln vor 2021<\/h3>\n<p>Weil bis 2020 die Freigrenze bei einer Einkommensteuer von <strong>972 Euro<\/strong> lag, mussten die meisten Soli bezahlen. Das hat sich seit 2021 deutlich ge\u00e4ndert: Das Bundesfinanzministerium geht davon aus, dass jetzt 90 Prozent \u00fcberhaupt keinen Soli mehr zahlen. F\u00fcr 6,5 Prozent soll die Belastung geringer ausfallen und nur 3,5 Prozent zahlen weiterhin den vollen Satz von 5,5 Prozent.<\/p>\n<h2>Berechnung des Solidarit\u00e4tszuschlags<\/h2>\n<p>Im <a title=\"Steuerbescheid richtig lesen\" href=\"https:\/\/www.buhl.de\/steuer\/ratgeber\/einkommen-steuerbescheid\/\">Steuerbescheid<\/a> wird der Solidarit\u00e4tszuschlag in einem eigenen Abschnitt berechnet. Eltern profitieren davon, dass in einem ersten Schritt vom <a title=\"Was ist das zu versteuernde Einkommen (zvE)?\" href=\"https:\/\/www.buhl.de\/steuer\/ratgeber\/zu-versteuerndes-einkommen\/\">zu versteuernden Einkommen<\/a> zus\u00e4tzlich die Freibetr\u00e4ge f\u00fcr Kinder abgezogen werden. Das gilt auch dann, wenn bei der Berechnung der Einkommensteuer der <a title=\"Kinderfreibetrag &amp; Steuern\" href=\"https:\/\/www.buhl.de\/steuer\/ratgeber\/kinderfreibetrag\">Kinderfreibetrag<\/a> nicht ber\u00fccksichtigt wurde, weil das Kindergeld f\u00fcr die Eltern g\u00fcnstiger ist.<\/p>\n<p>Auf dieser Basis ermittelt das Finanzamt im zweiten Schritt die Einkommensteuer als Bemessungsgrundlage f\u00fcr den Soli. Bei den meisten liegt dieser Wert unter dem freibleibenden Betrag (Freigrenze). Wenn das auch bei dir der Fall ist, dann steht in deinem Bescheid beim Soli 0 Euro.<\/p>\n<h3>Ab wann muss ich Solidarit\u00e4tszuschlag zahlen?<\/h3>\n<p>F\u00fcr das Jahr 2024 betr\u00e4gt die Freigrenze bei einem Ledigen <strong>18.130 Euro<\/strong>. Bei Paaren, die die Steuer gemeinsam machen, wird der Betrag verdoppelt (also 36.260 Euro). Das ist die sogenannte <strong>Nullzone<\/strong>. Nur wenn deine <strong>Einkommensteuer<\/strong> diese Freigrenze \u00fcbersteigt, musst du \u00fcberhaupt Soli zahlen.<\/p>\n<p>F\u00fcr 2025 wurde die Freigrenze auf 19.950 Euro (Alleinstehender) bzw. 39.900 Euro (Paare) erh\u00f6ht. Bis zu einem zu versteuerndem Einkommen von knapp 73.500 Euro ist also kein Soli f\u00e4llig. 2026 betr\u00e4gt die Freigrenze 20.350 Euro bzw. 40.700 Euro Einkommensteuer.<\/p>\n\r\n        <div class=\"spacing-modul  \">\r\n            <div class=\"container spacing-modul\">\r\n               <div class=\"row\">\r\n                   <div id=\"\" class=\"anchor\"><\/div>\r\n                   <div class=\"col-12 modul-spacing-blog-c\"><\/div>\r\n                   <div class=\"col-12 modul-spacing-blog-c\"><\/div>\r\n               <\/div>\r\n            <\/div>\r\n        <\/div>\r\n    <div class=\"tablepress-wrapper\"> \n<table id=\"tablepress-166\" class=\"tablepress tablepress-id-166\">\n<thead>\n<tr class=\"row-1\">\n\t<th class=\"column-1\">Jahr<\/th><th class=\"column-2\">Ledige<\/th><th class=\"column-3\">Ehepaare<\/th>\n<\/tr>\n<\/thead>\n<tbody class=\"row-striping row-hover\">\n<tr class=\"row-2\">\n\t<td class=\"column-1\">Bis 2020<\/td><td class=\"column-2\">972 \u20ac<\/td><td class=\"column-3\">1.944 \u20ac<\/td>\n<\/tr>\n<tr class=\"row-3\">\n\t<td class=\"column-1\">2021\/2022<\/td><td class=\"column-2\">16.956 \u20ac<\/td><td class=\"column-3\">33.912 \u20ac<\/td>\n<\/tr>\n<tr class=\"row-4\">\n\t<td class=\"column-1\">2023<\/td><td class=\"column-2\">17.543 \u20ac<\/td><td class=\"column-3\">35.086 \u20ac<\/td>\n<\/tr>\n<tr class=\"row-5\">\n\t<td class=\"column-1\">2024<\/td><td class=\"column-2\">18.130 \u20ac<\/td><td class=\"column-3\">36.260 \u20ac<\/td>\n<\/tr>\n<tr class=\"row-6\">\n\t<td class=\"column-1\">2025<\/td><td class=\"column-2\">19.950 \u20ac<\/td><td class=\"column-3\">39.900 \u20ac<\/td>\n<\/tr>\n<tr class=\"row-7\">\n\t<td class=\"column-1\">2026<\/td><td class=\"column-2\">20.350 \u20ac<\/td><td class=\"column-3\">40.700 \u20ac<\/td>\n<\/tr>\n<\/tbody>\n<\/table>\n <\/div><!-- #tablepress-166 from cache -->\r\n        <div class=\"spacing-modul  \">\r\n            <div class=\"container spacing-modul\">\r\n               <div class=\"row\">\r\n                   <div id=\"\" class=\"anchor\"><\/div>\r\n                   <div class=\"col-12 modul-spacing-blog-c\"><\/div>\r\n                   <div class=\"col-12 modul-spacing-blog-c\"><\/div>\r\n               <\/div>\r\n            <\/div>\r\n        <\/div>\r\n    \n<h3>Milderungszone f\u00fchrt zu geringerem Soli<\/h3>\n<p>Nur weil deine Einkommensteuer die Soli-Freigrenze \u00fcberschreitet, werden nicht gleich die vollen 5,5 Prozent als Solidarit\u00e4tszuschlag berechnet. Stattdessen gibt es in der sogenannten <strong>Milderungszone<\/strong> einen gleitenden \u00dcbergang. Wenn du nur knapp \u00fcber der Freigrenze liegst, zahlst du nur wenige Euro Soli.<\/p>\n<p>Mit steigendem Einkommen erh\u00f6ht sich auch der Soli. Die vollen<strong> 5,5 Prozent<\/strong> Solidarit\u00e4tszuschlag m\u00fcssen aber nur rund 3,5 Prozent der Einkommensteuerzahler zahlen. Im Jahr 2025 ist das der Fall ab einer Einkommensteuer von 33.760 Euro (bei Zusammenveranlagung ab 67.520 Euro). Das entspricht einem zu versteuerndem Einkommen von 114.300 Euro. Hier eine \u00dcbersicht der letzten Jahre:<\/p>\n\r\n        <div class=\"spacing-modul  \">\r\n            <div class=\"container spacing-modul\">\r\n               <div class=\"row\">\r\n                   <div id=\"\" class=\"anchor\"><\/div>\r\n                   <div class=\"col-12 modul-spacing-blog-c\"><\/div>\r\n                   <div class=\"col-12 modul-spacing-blog-c\"><\/div>\r\n               <\/div>\r\n            <\/div>\r\n        <\/div>\r\n    <div class=\"tablepress-wrapper\"> \n<table id=\"tablepress-167\" class=\"tablepress tablepress-id-167\">\n<thead>\n<tr class=\"row-1\">\n\t<th class=\"column-1\">Steuerliche Veranlagung<\/th><th class=\"column-2\">2021\/2022<\/th><th class=\"column-3\">2023<\/th><th class=\"column-4\">2024<\/th><th class=\"column-5\">2025<\/th>\n<\/tr>\n<\/thead>\n<tbody class=\"row-striping row-hover\">\n<tr class=\"row-2\">\n\t<td class=\"column-1\">Einzelveranlagung<\/td><td class=\"column-2\">31.527,56 \u20ac<\/td><td class=\"column-3\">32.619,02 \u20ac<\/td><td class=\"column-4\">33.710,47 \u20ac<\/td><td class=\"column-5\">33.760 \u20ac<\/td>\n<\/tr>\n<tr class=\"row-3\">\n\t<td class=\"column-1\">Zusammenveranlagung<\/td><td class=\"column-2\">63.055,13 \u20ac<\/td><td class=\"column-3\">65.238,03 \u20ac<\/td><td class=\"column-4\">67.420,94 \u20ac<\/td><td class=\"column-5\">67.520 \u20ac<\/td>\n<\/tr>\n<\/tbody>\n<\/table>\n <\/div><!-- #tablepress-167 from cache -->\r\n        <div class=\"spacing-modul  \">\r\n            <div class=\"container spacing-modul\">\r\n               <div class=\"row\">\r\n                   <div id=\"\" class=\"anchor\"><\/div>\r\n                   <div class=\"col-12 modul-spacing-blog-c\"><\/div>\r\n                   <div class=\"col-12 modul-spacing-blog-c\"><\/div>\r\n               <\/div>\r\n            <\/div>\r\n        <\/div>\r\n    \n\r\n        <div class=\"white-background\">\r\n            <div class=\"full-width-text\">\r\n                <div class=\"blog-wrapper silver-background\">\r\n                    <div class=\"container blog-ad1\">\r\n                        <div class=\"row\">\r\n                            <div class=\"col-12 col-lg-6 d-flex justify-content-center flex-column\">\r\n                                <!--<div class=\"\">-->\r\n                                    \r\n                                        <h3 class=\"font-cairo-10 fw700 blue-font headline-spacing-30 text-left\">Solidarit\u00e4tszuschlag mit WISO Steuer berechnen<\/h3>\r\n                                    \r\n                                    \r\n                                    \r\n                                        <div class=\"font-source-sans-pro-1 mt-30 mb-30 blue-font subline-width text-left\">Du bist unsicher, ob du Soli zahlen musst? Mach einfach den Test mit WISO Steuer \u2013 und zwar kostenlos. Das Programm berechnet im ersten Schritt deine Einkommensteuer und pr\u00fcft, ob du darauf Solidarit\u00e4tszuschlag zahlen musst.<\/div>\r\n                                    \r\n                                    \r\n                                    \r\n                                    <div class=\"d-flex flex-column flex-md-row align-items-start\">\r\n                                        \r\n                                        <a class=\"font-cairo-2 fw700 intro-button secondary w-230 d-none d-md-flex mr-md-25 justify-content-center align-items-center\"\r\n                                           role=\"button\"\r\n                                           href=\"https:\/\/www.buhl.de\/mein-buhlkonto\/?buhlparam=2100101\"\r\n                                           target=\"_self\"\r\n                                           title=\"Hier kostenlos starten\"\r\n                                           id=\"ad-custom\"\r\n                                           onclick=\"dataLayer.push({'event': 'ButtonClick SW','sw-button': 'click-testen'});\">\r\n                                           Kostenlos testen\r\n                                        <\/a>\r\n                                        \r\n                                        \r\n                                        \r\n                                        <a class=\"d-flex justify-content-center align-items-center d-md-none font-cairo-2 fw700 intro-button secondary w-230\"\r\n                                           role=\"button\"\r\n                                           href=\"https:\/\/www.buhl.de\/mein-buhlkonto\/?buhlparam=2100101\"\r\n                                           target=\"_self\"\r\n                                           title=\"Hier kostenlos starten\"\r\n                                           id=\"ad-custom-m\"\r\n                                           onclick=\"dataLayer.push({'event': 'ButtonClick SW','sw-button': 'click-mobile-starten'});\">\r\n                                           Kostenlos testen\r\n                                        <\/a>\r\n                                        \r\n                                        \r\n                                        \r\n                                        \r\n                                        \r\n                                    <\/div>\r\n                                    \r\n                                <!--<\/div>-->\r\n                            <\/div>\r\n\r\n                            <div class=\"col-12 col-lg-6 tablet-image-spacing d-flex align-content-center\">\r\n                                <div class=\"d-flex justify-content-start tablet-no-spacing\">\r\n                                    \r\n                                        <img decoding=\"async\" loading=\"lazy\" height=\"40\" alt=\"WISO&nbsp;Steuer Vorteile\" title=\"WISO&nbsp;Steuer Buhl Logo\" \r\n                                            class=\"d-none d-md-block \" src=\"https:\/\/www.buhl.de\/steuer\/wp-content\/themes\/steuer-web\/buhl-steuer\/assets\/blog\/blog-custom-ad\/wiso-steuer-werbung.svg\" \/>\r\n                                    \r\n                                    \r\n                                            \r\n                                    \r\n                                        <img decoding=\"async\" loading=\"lazy\" alt=\"WISO&nbsp;Steuer Vorteile\" title=\"WISO&nbsp;Steuer Buhl Logo\" \r\n                                            class=\"mx-auto d-md-none mobile \" src=\"https:\/\/www.buhl.de\/steuer\/wp-content\/themes\/steuer-web\/buhl-steuer\/assets\/blog\/blog-custom-ad\/wiso-steuer-werbung.svg\" \/>\r\n                                    \r\n                                <\/div>\r\n                            <\/div>\r\n                        <\/div>\r\n                    <\/div>\r\n                <\/div>\r\n            <\/div>\r\n        <\/div>\r\n    \r\n        <div class=\"spacing-modul  \">\r\n            <div class=\"container spacing-modul\">\r\n               <div class=\"row\">\r\n                   <div id=\"\" class=\"anchor\"><\/div>\r\n                   <div class=\"col-12 modul-spacing-blog-c\"><\/div>\r\n                   <div class=\"col-12 modul-spacing-blog-c\"><\/div>\r\n               <\/div>\r\n            <\/div>\r\n        <\/div>\r\n    \n<h2>Solidarit\u00e4tszuschlag in die Steuererkl\u00e4rung eintragen<\/h2>\n<p>Hat dein Arbeitgeber bereits von deinem Lohn neben der Einkommensteuer auch Soli einbehalten, findest du diese Abz\u00fcge in der <strong>Lohnsteuerbescheinigung<\/strong>. Mit WISO Steuer \u00fcbernimmst du diese Daten automatisch in deine <a title=\"Steuererkl\u00e4rung: Schritt-f\u00fcr-Schritt Anleitung\" href=\"https:\/\/www.buhl.de\/steuer\/ratgeber\/steuererklaerung-machen\/\">Steuererkl\u00e4rung<\/a>. Du musst deine Bescheinigung nicht mehr heraussuchen und Zeile f\u00fcr Zeile abtippen.<\/p>\n<p>Der Soli wird \u00e4hnlich wie die Kirchensteuer auf Basis der Einkommensteuer ermittelt. W\u00e4hrend die Kirchensteuer als <a title=\"Was sind Sonderausgaben?\" href=\"https:\/\/www.buhl.de\/steuer\/ratgeber\/sonderausgaben\/\">Sonderausgabe<\/a> abgezogen werden darf, gilt das aber f\u00fcr den Soli nicht.<\/p>\n\r\n        <div class=\"spacing-modul  \">\r\n            <div class=\"container spacing-modul\">\r\n               <div class=\"row\">\r\n                   <div id=\"\" class=\"anchor\"><\/div>\r\n                   <div class=\"col-12 modul-spacing-blog-c\"><\/div>\r\n                   <div class=\"col-12 modul-spacing-blog-c\"><\/div>\r\n               <\/div>\r\n            <\/div>\r\n        <\/div>\r\n    \r\n        <div class=\"white-background d-none d-lg-block\">\r\n            <div class=\"container blog-image\">\r\n            \t<div class=\"row\">\r\n       <p class=\"col-12 font-source-sans-pro-1 blue-font\">\n<\/p>\r\n                <div class=\"d-flex col-12 align-items-center justify-content-center\">\r\n                         \r\n                            <a id=\"\" target=\"_self\" title=\"\" href=\"\">\r\n                         \r\n                      <picture class=\"img-fluid\">\r\n                             <img decoding=\"async\" loading=\"lazy\"\r\n                              alt=\"Beispiel wie der Solidarit\u00e4tszuschlag in WISO Steuer berechnet wird\" \r\n                              title=\"\"\r\n                              src=\"https:\/\/www.buhl.de\/steuer\/wp-content\/uploads\/sites\/31\/2024\/09\/solidaritaetszuschlag-berechnen.png\" >\r\n                      <\/picture>     \r\n                      \t\r\n                        \t<\/a>\r\n                    \t                      \r\n\t\t\t\t\t<\/div>  \r\n\t\t\t\t<\/div>                       \r\n            <\/div>\r\n        <\/div>                  \r\n    \n\r\n        <div class=\"white-background  d-lg-none\">\r\n            <div class=\"container blog-image\">\r\n            \t<div class=\"row\">\r\n       <p class=\"col-12 font-source-sans-pro-1 blue-font\">\n<\/p>\r\n                <div class=\"d-flex col-12 align-items-center justify-content-center\">\r\n                         \r\n                            <a id=\"\" target=\"_self\" title=\"\" href=\"\">\r\n                         \r\n                      <picture class=\"img-fluid\">\r\n                             <img decoding=\"async\" loading=\"lazy\"\r\n                              alt=\"Beispiel Berechnung des Solidarit\u00e4tszuschlags in der App WISO Steuer\" \r\n                              title=\"\"\r\n                              src=\"https:\/\/www.buhl.de\/steuer\/wp-content\/uploads\/sites\/31\/2024\/09\/solidaritaetszuschlag-berechnung.png\" >\r\n                      <\/picture>     \r\n                      \t\r\n                        \t<\/a>\r\n                    \t                      \r\n\t\t\t\t\t<\/div>  \r\n\t\t\t\t<\/div>                       \r\n            <\/div>\r\n        <\/div>                  \r\n    \n\r\n        <div role=\"region\" aria-label=\"\" class=\"white-background\">\r\n            <div class=\"container\">\r\n                <div class=\"row\">\r\n                    <div class=\"col-12 d-flex justify-content-center align-items-center flex-column flex-lg-row\">\r\n                    \r\n\r\n                    \r\n                        <a class=\"secondary w-230 d-none d-md-flex justify-content-center align-items-center font-cairo-2 fw700 action-anonymous\"\r\n                            role=\"button\"\r\n                            href=\"https:\/\/www.buhl.de\/mein-buhlkonto\/?buhlparam=2100101\"\r\n                            title=\"Kostenlos testen\"\r\n                            target=\"_self\"\r\n                            id=\"\"\r\n                            onclick=\"dataLayer.push({'event': 'ButtonClick SW','sw-button': 'click-testen'});\">\r\n                            Kostenlos testen\r\n                        <\/a>\r\n\r\n                        <a class=\"secondary w-230 d-flex d-md-none justify-content-center align-items-center font-cairo-2 fw700 action-anonymous\"\r\n                            role=\"button\"\r\n                            href=\"https:\/\/www.buhl.de\/mein-buhlkonto\/?buhlparam=2100101\"\r\n                            title=\"Kostenlos testen\"\r\n                            target=\"_self\"\r\n                            id=\"-m\"\r\n                            onclick=\"dataLayer.push({'event': 'ButtonClick SW','sw-button': 'click-mobile-starten'});\">\r\n                            Kostenlos testen\r\n                        <\/a>\r\n                    \r\n                    <\/div>\r\n                <\/div>\r\n            <\/div>\r\n        <\/div>\r\n    \r\n        <div class=\"spacing-modul  \">\r\n            <div class=\"container spacing-modul\">\r\n               <div class=\"row\">\r\n                   <div id=\"\" class=\"anchor\"><\/div>\r\n                   <div class=\"col-12 modul-spacing-blog-c\"><\/div>\r\n                   <div class=\"col-12 modul-spacing-blog-c\"><\/div>\r\n               <\/div>\r\n            <\/div>\r\n        <\/div>\r\n    \n<h2>Erfolglose Verfassungsbeschwerde<\/h2>\n<p>Der Solidarit\u00e4tszuschlag wurde 1991 zun\u00e4chst nur f\u00fcr ein Jahr eingef\u00fchrt, um einmalige staatliche Zusatzausgaben zu finanzieren. Seit 1995 erhebt ihn der Staat aufgrund der Lasten f\u00fcr die <strong>Wiedervereinigung Deutschlands<\/strong> als <strong>unbefristeten Steuerzuschlag<\/strong>. Der Soli flie\u00dft ausschlie\u00dflich in den Bundeshaushalt.<\/p>\n<p>Bis 2020 kassierte der Bund rund 20 Milliarden Euro j\u00e4hrlich. Seit 2021 hat er die Freigrenze so stark erh\u00f6ht, dass rund 90 Prozent der Zahler der veranlagten Einkommensteuer nicht mehr mit dem Soli belastet sind. Aktuell nimmt er mit dem Soli noch knapp <strong>13 Milliarden Euro<\/strong> pro Jahr ein.<\/p>\n<p>Kritiker des Soli weisen darauf hin, dass er als Erg\u00e4nzungsabgabe nicht dauerhaft erhoben werden darf. Der Solidarit\u00e4tszuschlag sollte nur vor\u00fcbergehende Bedarfsspitzen decken.<\/p>\n<p>Damit argumentierten 6 Bundestagsabgeordnete in einer Verfassungsbeschwerde. Sie wollten erreichen, dass der Soli entf\u00e4llt, weil es keinen besonderen Finanzbedarf mehr f\u00fcr die Wiedervereinigung g\u00e4be. Au\u00dferdem kritisierten sie die Ungleichbehandlung von verschiedenen Einkommensbeziehern ab 2021. Die Klage bezog sich auf die Jahre 2020 und 2021.<\/p>\n<p>Das Bundesverfassungsgericht hat aber die Verfassungsbeschwerde zur\u00fcckgewiesen (Urteil vom 26. M\u00e4rz 2025, <a title=\"Entscheidung ansehen\" href=\"https:\/\/www.bundesverfassungsgericht.de\/SharedDocs\/Pressemitteilungen\/DE\/2025\/bvg25-030.html\">2 BvR 1505\/20<\/a>). Das Gericht stellte fest, dass f\u00fcr eine Erg\u00e4nzungsabgabe ein aufgabenbezogener finanzieller Mehrbedarf des Bundes erforderlich ist. Diesen m\u00fcsse der Gesetzgeber aber nur in seinen Grundz\u00fcgen umrei\u00dfen. Der Soli soll den wiedervereinigungsbedingten Mehrbedarf finanzieren. Ein offensichtlicher Wegfall des Mehrbedarfs k\u00f6nnte dazu f\u00fchren, dass die Abgabe verfassungswidrig werden k\u00f6nnte. Insofern treffe den Gesetzgeber eine Beobachtungsobliegenheit. Das Gericht stellte aber fest, dass es auch nach 2020 noch Kosten gebe, die im Zusammenhang mit der Wiedervereinigung stehen. Deshalb kommt das Bundesverfassungsgericht zum Schluss: Eine Verpflichtung des Gesetzgebers zur Aufhebung des Solidarit\u00e4tszuschlags ab dem Jahr 2020 bestand und besteht nicht.<\/p>\n<p><strong>Folge:<\/strong> Solange der Bund einen finanziellen Mehrbedarf f\u00fcr die Wiedervereinigung hat, darf er den Soli weiter erheben. Das kann noch einige Jahre andauern. Allerdings muss der Gesetzgeber die Ausgestaltung und die wiedervereinigungsbedingten Kosten regelm\u00e4\u00dfig \u00fcberpr\u00fcfen.<\/p>\n<p>Zuvor hat sich in dieser Angelegenheit der Bundesfinanzhof (BFH) positioniert. Er h\u00e4lt die Erhebung des Soli in den Jahren 2020 und 2021 noch f\u00fcr <strong>verfassungsgem\u00e4\u00df<\/strong> (<a title=\"Urteil lesen\" href=\"https:\/\/www.bundesfinanzhof.de\/de\/entscheidung\/entscheidungen-online\/detail\/STRE202310029\/\" target=\"_blank\" rel=\"noopener\">IX R 15\/20<\/a>, Urteil vom 17.1.2023). Allerdings sei die Finanzierung der Wiedervereinigung eine Aufgabe f\u00fcr 30 Jahre. Aus Sicht der BFH-Richter best\u00fcnden nach dieser Argumentation <strong>ab 2025<\/strong> verfassungsrechtliche Zweifel am Fortbestand des Solis.<\/p>\n\r\n        <div class=\"spacing-modul  \">\r\n            <div class=\"container spacing-modul\">\r\n               <div class=\"row\">\r\n                   <div id=\"\" class=\"anchor\"><\/div>\r\n                   <div class=\"col-12 modul-spacing-default-b\"><\/div>\r\n                   <div class=\"col-12 modul-spacing-default-b\"><\/div>\r\n               <\/div>\r\n            <\/div>\r\n        <\/div>\r\n    \r\n    <div class=\"white-background store-notification \">\r\n        <div class=\"yellow-background\">\r\n            <div class=\"container\">\r\n                <div class=\"row justify-content-center justify-content-md-start justify-content-lg-center\">\r\n                    <div class=\"col-12 inner-modul-spacing-default\"><\/div>\r\n\r\n                    <div class=\"col-12\">\r\n                        <div class=\"row\">\r\n                            <div class=\"offset-lg-1 col-12 col-md-5 col-lg-4 text-center text-md-right d-flex flex-column justify-content-center align-items-center align-items-lg-end mb-0  \">\r\n                                <p class=\"font-cairo-1 fw700 blue-font headline-spacing-50 blue-font headline-spacing-30 sm-only\">Du m\u00f6chtest WISO&nbsp;Steuer ausprobieren?<\/p>\r\n                                <p class=\"font-source-sans-pro-1 blue-font headline-spacing-50\">Starte jetzt einfach deinen kostenlosen Test. Anonym, ohne Verpflichtungen und so lange du m\u00f6chtest. Erst bei der Abgabe an das Finanzamt fallen Geb\u00fchren an.<br\/>Das hei\u00dft: Null Risiko f\u00fcr dich.<\/p>\r\n                                \r\n                                \r\n                                    <a class=\"d-none d-lg-flex font-cairo-2 fw700 justify-content-center align-items-center w-230 headline-spacing-50 secondary \"\r\n                                        role=\"button\"\r\n                                        id=\"testen-ausprobieren\"\r\n                                        href=\"https:\/\/www.buhl.de\/mein-buhlkonto\/?buhlparam=2100101\"\r\n                                        target=\"_self\"\r\n                                        title=\"Kostenlos & unverbindlich testen\"\r\n                                        onclick=\"dataLayer.push({'event': 'ButtonClick SW','sw-button': 'click-testen'});\">\r\n                                        Kostenlos testen\r\n                                    <\/a>                                    \r\n                                \r\n                                \r\n                                \r\n                                    <a class=\"d-flex d-lg-none font-cairo-2 fw700 justify-content-center align-items-center w-230 headline-spacing-50 secondary \"\r\n                                        role=\"button\"\r\n                                        id=\"testen-ausprobieren\"\r\n                                        href=\"https:\/\/www.buhl.de\/mein-buhlkonto\/?buhlparam=2100101\"\r\n                                        target=\"_self\"\r\n                                        title=\"Kostenlos & unverbindlich testen\"\r\n                                        onclick=\"dataLayer.push({'event': 'ButtonClick SW','sw-button': 'click-mobile-starten'});\">\r\n                                        Kostenlos testen\r\n                                    <\/a>         \r\n                                \r\n                                \r\n                                \r\n                            <\/div>\r\n                            \r\n                            \r\n\r\n\r\n\t\t   \t\t\t\t\t \r\n\t\t\t\t\t\t\t<div class=\"d-flex offset-md-1 col-12 col-md-5 justify-content-center justify-content-lg-start align-items-center \"> \r\n\t\t\t\t\t\t\t\t<picture class=\"picture-spacing  \">\r\n\t\t\t\t\t\t\t\t\t<source media=\"(min-width: 992px)\" srcset=\"https:\/\/www.buhl.de\/steuer\/wp-content\/themes\/steuer-web\/buhl-steuer\/assets\/store-notification\/test-it\/wiso-steuer-abruf-kostenlos-testen.svg\">\r\n\t\t\t\t\t\t\t\t\t<source media=\"(min-width: 768px)\" srcset=\"https:\/\/www.buhl.de\/steuer\/wp-content\/themes\/steuer-web\/buhl-steuer\/assets\/store-notification\/test-it\/wiso-steuer-abruf-kostenlos-testen.svg\">\r\n\t\t\t\t\t\t\t\t\t<source media=\"(min-width: 1px)\" srcset=\"https:\/\/www.buhl.de\/steuer\/wp-content\/themes\/steuer-web\/buhl-steuer\/assets\/store-notification\/test-it\/wiso-steuer-abruf-kostenlos-testen.svg\">\r\n\t\t\t\t\t\t\t\t\t<img loading=\"lazy\" class=\" img-fluid\"\r\n\t\t\t\t\t\t\t\t\t\t\talt=\"Steuer-App Beispiel\" \r\n\t\t\t\t\t\t\t\t\t\t\ttitle=\"Steuer-App herunterladen\"\r\n\t\t\t\t\t\t\t\t\t\t\tsrc=\"https:\/\/www.buhl.de\/steuer\/wp-content\/themes\/steuer-web\/buhl-steuer\/assets\/store-notification\/test-it\/wiso-steuer-abruf-kostenlos-testen.svg\" >\r\n\t\t\t\t\t\t\t\t<\/picture>\r\n                            <\/div>\r\n                            \r\n                        <\/div>\r\n                    <\/div>\r\n                <\/div>\r\n            <\/div>\r\n        <\/div>\r\n    <\/div>\r\n\r\n        <div class=\"spacing-modul  \">\r\n            <div class=\"container spacing-modul\">\r\n               <div class=\"row\">\r\n                   <div id=\"\" class=\"anchor\"><\/div>\r\n                   <div class=\"col-12 modul-spacing-blog-c\"><\/div>\r\n                   <div class=\"col-12 modul-spacing-blog-c\"><\/div>\r\n               <\/div>\r\n            <\/div>\r\n        <\/div>\r\n    \n<p>Quelle: Solidarit\u00e4tszuschlaggesetz 1995 (<a title=\"Gesetzestext lesen\" href=\"https:\/\/www.gesetze-im-internet.de\/solzg_1995\/BJNR097500993.html\">BMJ<\/a>)<\/p>\n","protected":false},"excerpt":{"rendered":"<p>Seit 2021 m\u00fcssen deutlich weniger Menschen den Solidarit\u00e4tszuschlag zahlen. Besserverdienende, Anleger und Kapitalgesellschaften zahlen den Soli aber weiterhin. Wer genau, erkl\u00e4ren wir hier.<\/p>\n","protected":false},"author":220,"featured_media":63427,"comment_status":"closed","ping_status":"open","sticky":false,"template":"","format":"standard","meta":{"_acf_changed":false,"footnotes":""},"categories":[2841,2816,2818,2808],"tags":[],"class_list":["post-49905","post","type-post","status-publish","format-standard","has-post-thumbnail","hentry","category-alle","category-finanzamt","category-selbst","category-arbeit"],"yoast_head":"<!-- This site is optimized with the Yoast SEO Premium plugin v27.0 (Yoast SEO v27.0) - https:\/\/yoast.com\/product\/yoast-seo-premium-wordpress\/ -->\n<title>Solidarit\u00e4tszuschlag: Wer muss ihn 2026 zahlen?<\/title>\n<meta name=\"description\" content=\"Muss ich den Solidarit\u00e4tszuschlag noch zahlen? Was \u00e4ndert sich 2024? Und was passiert bei hohem Einkommen? \u2705 Jetzt alle Infos lesen.\" \/>\n<meta name=\"robots\" content=\"index, follow, max-snippet:-1, max-image-preview:large, max-video-preview:-1\" \/>\n<link rel=\"canonical\" href=\"https:\/\/www.buhl.de\/steuer\/ratgeber\/solidaritaetszuschlag\/\" \/>\n<meta property=\"og:locale\" content=\"de_DE\" \/>\n<meta property=\"og:type\" content=\"article\" \/>\n<meta property=\"og:title\" content=\"Solidarit\u00e4tszuschlag\" \/>\n<meta property=\"og:description\" content=\"Muss ich den Solidarit\u00e4tszuschlag noch zahlen? Was \u00e4ndert sich 2024? Und was passiert bei hohem Einkommen? \u2705 Jetzt alle Infos lesen.\" \/>\n<meta property=\"og:url\" content=\"https:\/\/www.buhl.de\/steuer\/ratgeber\/solidaritaetszuschlag\/\" \/>\n<meta property=\"og:site_name\" content=\"WISO Steuer: Nr.1 App f\u00fcr die Steuererkl\u00e4rung\" \/>\n<meta property=\"article:published_time\" content=\"2025-04-02T06:40:24+00:00\" \/>\n<meta property=\"article:modified_time\" content=\"2026-04-24T13:13:32+00:00\" \/>\n<meta property=\"og:image\" content=\"https:\/\/www.buhl.de\/steuer\/wp-content\/uploads\/sites\/31\/2024\/01\/solidaritaetszuschlag-soli-title.jpg\" \/>\n\t<meta property=\"og:image:width\" content=\"976\" \/>\n\t<meta property=\"og:image:height\" content=\"400\" \/>\n\t<meta property=\"og:image:type\" content=\"image\/jpeg\" \/>\n<meta name=\"author\" content=\"Udo Reu\u00df\" \/>\n<meta name=\"twitter:card\" content=\"summary_large_image\" \/>\n<meta name=\"twitter:label1\" content=\"Verfasst von\" \/>\n\t<meta name=\"twitter:data1\" content=\"Udo Reu\u00df\" \/>\n\t<meta name=\"twitter:label2\" content=\"Gesch\u00e4tzte Lesezeit\" \/>\n\t<meta name=\"twitter:data2\" content=\"10\u00a0Minuten\" \/>\n<script type=\"application\/ld+json\" class=\"yoast-schema-graph\">{\"@context\":\"https:\/\/schema.org\",\"@graph\":[{\"@type\":\"Article\",\"@id\":\"https:\/\/www.buhl.de\/steuer\/ratgeber\/solidaritaetszuschlag\/#article\",\"isPartOf\":{\"@id\":\"https:\/\/www.buhl.de\/steuer\/ratgeber\/solidaritaetszuschlag\/\"},\"author\":{\"name\":\"Udo Reu\u00df\",\"@id\":\"https:\/\/www.buhl.de\/steuer\/#\/schema\/person\/03b5508d4c85dc193be95cb4e2d78423\"},\"headline\":\"Solidarit\u00e4tszuschlag\",\"datePublished\":\"2025-04-02T06:40:24+00:00\",\"dateModified\":\"2026-04-24T13:13:32+00:00\",\"mainEntityOfPage\":{\"@id\":\"https:\/\/www.buhl.de\/steuer\/ratgeber\/solidaritaetszuschlag\/\"},\"wordCount\":1775,\"publisher\":{\"@id\":\"https:\/\/www.buhl.de\/steuer\/#organization\"},\"image\":{\"@id\":\"https:\/\/www.buhl.de\/steuer\/ratgeber\/solidaritaetszuschlag\/#primaryimage\"},\"thumbnailUrl\":\"https:\/\/www.buhl.de\/steuer\/wp-content\/uploads\/sites\/31\/2024\/01\/solidaritaetszuschlag-soli-title.jpg\",\"articleSection\":[\"Neueste Beitr\u00e4ge\",\"Ratgeber: Finanzamt &amp; Steuern\",\"Ratgeber:\u00a0Selbstst\u00e4ndigkeit &amp; Steuern\",\"Ratgeber: Steuern &amp; Gehalt\"],\"inLanguage\":\"de\"},{\"@type\":\"WebPage\",\"@id\":\"https:\/\/www.buhl.de\/steuer\/ratgeber\/solidaritaetszuschlag\/\",\"url\":\"https:\/\/www.buhl.de\/steuer\/ratgeber\/solidaritaetszuschlag\/\",\"name\":\"Solidarit\u00e4tszuschlag: Wer muss ihn 2026 zahlen?\",\"isPartOf\":{\"@id\":\"https:\/\/www.buhl.de\/steuer\/#website\"},\"primaryImageOfPage\":{\"@id\":\"https:\/\/www.buhl.de\/steuer\/ratgeber\/solidaritaetszuschlag\/#primaryimage\"},\"image\":{\"@id\":\"https:\/\/www.buhl.de\/steuer\/ratgeber\/solidaritaetszuschlag\/#primaryimage\"},\"thumbnailUrl\":\"https:\/\/www.buhl.de\/steuer\/wp-content\/uploads\/sites\/31\/2024\/01\/solidaritaetszuschlag-soli-title.jpg\",\"datePublished\":\"2025-04-02T06:40:24+00:00\",\"dateModified\":\"2026-04-24T13:13:32+00:00\",\"description\":\"Muss ich den Solidarit\u00e4tszuschlag noch zahlen? Was \u00e4ndert sich 2024? Und was passiert bei hohem Einkommen? \u2705 Jetzt alle Infos lesen.\",\"breadcrumb\":{\"@id\":\"https:\/\/www.buhl.de\/steuer\/ratgeber\/solidaritaetszuschlag\/#breadcrumb\"},\"inLanguage\":\"de\",\"potentialAction\":[{\"@type\":\"ReadAction\",\"target\":[\"https:\/\/www.buhl.de\/steuer\/ratgeber\/solidaritaetszuschlag\/\"]}]},{\"@type\":\"ImageObject\",\"inLanguage\":\"de\",\"@id\":\"https:\/\/www.buhl.de\/steuer\/ratgeber\/solidaritaetszuschlag\/#primaryimage\",\"url\":\"https:\/\/www.buhl.de\/steuer\/wp-content\/uploads\/sites\/31\/2024\/01\/solidaritaetszuschlag-soli-title.jpg\",\"contentUrl\":\"https:\/\/www.buhl.de\/steuer\/wp-content\/uploads\/sites\/31\/2024\/01\/solidaritaetszuschlag-soli-title.jpg\",\"width\":976,\"height\":400},{\"@type\":\"BreadcrumbList\",\"@id\":\"https:\/\/www.buhl.de\/steuer\/ratgeber\/solidaritaetszuschlag\/#breadcrumb\",\"itemListElement\":[{\"@type\":\"ListItem\",\"position\":1,\"name\":\"Steuererkl\u00e4rung\",\"item\":\"https:\/\/www.buhl.de\/steuer\/\"},{\"@type\":\"ListItem\",\"position\":2,\"name\":\"Solidarit\u00e4tszuschlag\"}]},{\"@type\":\"WebSite\",\"@id\":\"https:\/\/www.buhl.de\/steuer\/#website\",\"url\":\"https:\/\/www.buhl.de\/steuer\/\",\"name\":\"WISO Steuer: Nr. 1 Steuer-App\",\"description\":\"\",\"publisher\":{\"@id\":\"https:\/\/www.buhl.de\/steuer\/#organization\"},\"potentialAction\":[{\"@type\":\"SearchAction\",\"target\":{\"@type\":\"EntryPoint\",\"urlTemplate\":\"https:\/\/www.buhl.de\/steuer\/?s={search_term_string}\"},\"query-input\":{\"@type\":\"PropertyValueSpecification\",\"valueRequired\":true,\"valueName\":\"search_term_string\"}}],\"inLanguage\":\"de\"},{\"@type\":\"Organization\",\"@id\":\"https:\/\/www.buhl.de\/steuer\/#organization\",\"name\":\"WISO Steuer | Buhl Data Service GmbH\",\"url\":\"https:\/\/www.buhl.de\/steuer\/\",\"logo\":{\"@type\":\"ImageObject\",\"inLanguage\":\"de\",\"@id\":\"https:\/\/www.buhl.de\/steuer\/#\/schema\/logo\/image\/\",\"url\":\"https:\/\/www.buhl.de\/steuer\/wp-content\/uploads\/sites\/31\/2026\/02\/logo-wiso-steuer-app.svg\",\"contentUrl\":\"https:\/\/www.buhl.de\/steuer\/wp-content\/uploads\/sites\/31\/2026\/02\/logo-wiso-steuer-app.svg\",\"width\":375,\"height\":72,\"caption\":\"WISO Steuer | Buhl Data Service GmbH\"},\"image\":{\"@id\":\"https:\/\/www.buhl.de\/steuer\/#\/schema\/logo\/image\/\"}},{\"@type\":\"Person\",\"@id\":\"https:\/\/www.buhl.de\/steuer\/#\/schema\/person\/03b5508d4c85dc193be95cb4e2d78423\",\"name\":\"Udo Reu\u00df\",\"image\":{\"@type\":\"ImageObject\",\"inLanguage\":\"de\",\"@id\":\"https:\/\/www.buhl.de\/steuer\/#\/schema\/person\/image\/\",\"url\":\"https:\/\/www.buhl.de\/steuer\/wp-content\/uploads\/sites\/31\/2024\/07\/udo.png\",\"contentUrl\":\"https:\/\/www.buhl.de\/steuer\/wp-content\/uploads\/sites\/31\/2024\/07\/udo.png\",\"caption\":\"Udo Reu\u00df\"},\"sameAs\":[\"https:\/\/www.buhl.de\/steuer\/autoren\/udo-reuss\/\"]}]}<\/script>\n<!-- \/ Yoast SEO Premium plugin. -->","yoast_head_json":{"title":"Solidarit\u00e4tszuschlag: Wer muss ihn 2026 zahlen?","description":"Muss ich den Solidarit\u00e4tszuschlag noch zahlen? Was \u00e4ndert sich 2024? Und was passiert bei hohem Einkommen? \u2705 Jetzt alle Infos lesen.","robots":{"index":"index","follow":"follow","max-snippet":"max-snippet:-1","max-image-preview":"max-image-preview:large","max-video-preview":"max-video-preview:-1"},"canonical":"https:\/\/www.buhl.de\/steuer\/ratgeber\/solidaritaetszuschlag\/","og_locale":"de_DE","og_type":"article","og_title":"Solidarit\u00e4tszuschlag","og_description":"Muss ich den Solidarit\u00e4tszuschlag noch zahlen? Was \u00e4ndert sich 2024? Und was passiert bei hohem Einkommen? \u2705 Jetzt alle Infos lesen.","og_url":"https:\/\/www.buhl.de\/steuer\/ratgeber\/solidaritaetszuschlag\/","og_site_name":"WISO Steuer: Nr.1 App f\u00fcr die Steuererkl\u00e4rung","article_published_time":"2025-04-02T06:40:24+00:00","article_modified_time":"2026-04-24T13:13:32+00:00","og_image":[{"width":976,"height":400,"url":"https:\/\/www.buhl.de\/steuer\/wp-content\/uploads\/sites\/31\/2024\/01\/solidaritaetszuschlag-soli-title.jpg","type":"image\/jpeg"}],"author":"Udo Reu\u00df","twitter_card":"summary_large_image","twitter_misc":{"Verfasst von":"Udo Reu\u00df","Gesch\u00e4tzte Lesezeit":"10\u00a0Minuten"},"schema":{"@context":"https:\/\/schema.org","@graph":[{"@type":"Article","@id":"https:\/\/www.buhl.de\/steuer\/ratgeber\/solidaritaetszuschlag\/#article","isPartOf":{"@id":"https:\/\/www.buhl.de\/steuer\/ratgeber\/solidaritaetszuschlag\/"},"author":{"name":"Udo Reu\u00df","@id":"https:\/\/www.buhl.de\/steuer\/#\/schema\/person\/03b5508d4c85dc193be95cb4e2d78423"},"headline":"Solidarit\u00e4tszuschlag","datePublished":"2025-04-02T06:40:24+00:00","dateModified":"2026-04-24T13:13:32+00:00","mainEntityOfPage":{"@id":"https:\/\/www.buhl.de\/steuer\/ratgeber\/solidaritaetszuschlag\/"},"wordCount":1775,"publisher":{"@id":"https:\/\/www.buhl.de\/steuer\/#organization"},"image":{"@id":"https:\/\/www.buhl.de\/steuer\/ratgeber\/solidaritaetszuschlag\/#primaryimage"},"thumbnailUrl":"https:\/\/www.buhl.de\/steuer\/wp-content\/uploads\/sites\/31\/2024\/01\/solidaritaetszuschlag-soli-title.jpg","articleSection":["Neueste Beitr\u00e4ge","Ratgeber: Finanzamt &amp; Steuern","Ratgeber:\u00a0Selbstst\u00e4ndigkeit &amp; Steuern","Ratgeber: Steuern &amp; Gehalt"],"inLanguage":"de"},{"@type":"WebPage","@id":"https:\/\/www.buhl.de\/steuer\/ratgeber\/solidaritaetszuschlag\/","url":"https:\/\/www.buhl.de\/steuer\/ratgeber\/solidaritaetszuschlag\/","name":"Solidarit\u00e4tszuschlag: Wer muss ihn 2026 zahlen?","isPartOf":{"@id":"https:\/\/www.buhl.de\/steuer\/#website"},"primaryImageOfPage":{"@id":"https:\/\/www.buhl.de\/steuer\/ratgeber\/solidaritaetszuschlag\/#primaryimage"},"image":{"@id":"https:\/\/www.buhl.de\/steuer\/ratgeber\/solidaritaetszuschlag\/#primaryimage"},"thumbnailUrl":"https:\/\/www.buhl.de\/steuer\/wp-content\/uploads\/sites\/31\/2024\/01\/solidaritaetszuschlag-soli-title.jpg","datePublished":"2025-04-02T06:40:24+00:00","dateModified":"2026-04-24T13:13:32+00:00","description":"Muss ich den Solidarit\u00e4tszuschlag noch zahlen? Was \u00e4ndert sich 2024? Und was passiert bei hohem Einkommen? \u2705 Jetzt alle Infos lesen.","breadcrumb":{"@id":"https:\/\/www.buhl.de\/steuer\/ratgeber\/solidaritaetszuschlag\/#breadcrumb"},"inLanguage":"de","potentialAction":[{"@type":"ReadAction","target":["https:\/\/www.buhl.de\/steuer\/ratgeber\/solidaritaetszuschlag\/"]}]},{"@type":"ImageObject","inLanguage":"de","@id":"https:\/\/www.buhl.de\/steuer\/ratgeber\/solidaritaetszuschlag\/#primaryimage","url":"https:\/\/www.buhl.de\/steuer\/wp-content\/uploads\/sites\/31\/2024\/01\/solidaritaetszuschlag-soli-title.jpg","contentUrl":"https:\/\/www.buhl.de\/steuer\/wp-content\/uploads\/sites\/31\/2024\/01\/solidaritaetszuschlag-soli-title.jpg","width":976,"height":400},{"@type":"BreadcrumbList","@id":"https:\/\/www.buhl.de\/steuer\/ratgeber\/solidaritaetszuschlag\/#breadcrumb","itemListElement":[{"@type":"ListItem","position":1,"name":"Steuererkl\u00e4rung","item":"https:\/\/www.buhl.de\/steuer\/"},{"@type":"ListItem","position":2,"name":"Solidarit\u00e4tszuschlag"}]},{"@type":"WebSite","@id":"https:\/\/www.buhl.de\/steuer\/#website","url":"https:\/\/www.buhl.de\/steuer\/","name":"WISO Steuer: Nr. 1 Steuer-App","description":"","publisher":{"@id":"https:\/\/www.buhl.de\/steuer\/#organization"},"potentialAction":[{"@type":"SearchAction","target":{"@type":"EntryPoint","urlTemplate":"https:\/\/www.buhl.de\/steuer\/?s={search_term_string}"},"query-input":{"@type":"PropertyValueSpecification","valueRequired":true,"valueName":"search_term_string"}}],"inLanguage":"de"},{"@type":"Organization","@id":"https:\/\/www.buhl.de\/steuer\/#organization","name":"WISO Steuer | Buhl Data Service GmbH","url":"https:\/\/www.buhl.de\/steuer\/","logo":{"@type":"ImageObject","inLanguage":"de","@id":"https:\/\/www.buhl.de\/steuer\/#\/schema\/logo\/image\/","url":"https:\/\/www.buhl.de\/steuer\/wp-content\/uploads\/sites\/31\/2026\/02\/logo-wiso-steuer-app.svg","contentUrl":"https:\/\/www.buhl.de\/steuer\/wp-content\/uploads\/sites\/31\/2026\/02\/logo-wiso-steuer-app.svg","width":375,"height":72,"caption":"WISO Steuer | Buhl Data Service GmbH"},"image":{"@id":"https:\/\/www.buhl.de\/steuer\/#\/schema\/logo\/image\/"}},{"@type":"Person","@id":"https:\/\/www.buhl.de\/steuer\/#\/schema\/person\/03b5508d4c85dc193be95cb4e2d78423","name":"Udo Reu\u00df","image":{"@type":"ImageObject","inLanguage":"de","@id":"https:\/\/www.buhl.de\/steuer\/#\/schema\/person\/image\/","url":"https:\/\/www.buhl.de\/steuer\/wp-content\/uploads\/sites\/31\/2024\/07\/udo.png","contentUrl":"https:\/\/www.buhl.de\/steuer\/wp-content\/uploads\/sites\/31\/2024\/07\/udo.png","caption":"Udo Reu\u00df"},"sameAs":["https:\/\/www.buhl.de\/steuer\/autoren\/udo-reuss\/"]}]}},"acf":[],"wps_subtitle":"Wer muss noch Soli zahlen?","_links":{"self":[{"href":"https:\/\/www.buhl.de\/steuer\/wp-json\/wp\/v2\/posts\/49905","targetHints":{"allow":["GET"]}}],"collection":[{"href":"https:\/\/www.buhl.de\/steuer\/wp-json\/wp\/v2\/posts"}],"about":[{"href":"https:\/\/www.buhl.de\/steuer\/wp-json\/wp\/v2\/types\/post"}],"author":[{"embeddable":true,"href":"https:\/\/www.buhl.de\/steuer\/wp-json\/wp\/v2\/users\/220"}],"replies":[{"embeddable":true,"href":"https:\/\/www.buhl.de\/steuer\/wp-json\/wp\/v2\/comments?post=49905"}],"version-history":[{"count":34,"href":"https:\/\/www.buhl.de\/steuer\/wp-json\/wp\/v2\/posts\/49905\/revisions"}],"predecessor-version":[{"id":71961,"href":"https:\/\/www.buhl.de\/steuer\/wp-json\/wp\/v2\/posts\/49905\/revisions\/71961"}],"wp:featuredmedia":[{"embeddable":true,"href":"https:\/\/www.buhl.de\/steuer\/wp-json\/wp\/v2\/media\/63427"}],"wp:attachment":[{"href":"https:\/\/www.buhl.de\/steuer\/wp-json\/wp\/v2\/media?parent=49905"}],"wp:term":[{"taxonomy":"category","embeddable":true,"href":"https:\/\/www.buhl.de\/steuer\/wp-json\/wp\/v2\/categories?post=49905"},{"taxonomy":"post_tag","embeddable":true,"href":"https:\/\/www.buhl.de\/steuer\/wp-json\/wp\/v2\/tags?post=49905"}],"curies":[{"name":"wp","href":"https:\/\/api.w.org\/{rel}","templated":true}]}}