{"id":50335,"date":"2024-10-24T09:00:12","date_gmt":"2024-10-24T07:00:12","guid":{"rendered":"https:\/\/www.buhl.de\/steuer\/?p=50335"},"modified":"2024-10-24T10:17:13","modified_gmt":"2024-10-24T08:17:13","slug":"krankengeld","status":"publish","type":"post","link":"https:\/\/www.buhl.de\/steuer\/ratgeber\/krankengeld\/","title":{"rendered":"Muss ich Krankengeld versteuern?"},"content":{"rendered":"<p>Krankengeld wird bei l\u00e4ngerem krankheitsbedingten Ausfall auf der Arbeit gezahlt. Was bedeutet das f\u00fcr die Steuer? Was, wenn das eigene Kind krank ist und Betreuung braucht? Wir kl\u00e4ren auf.<!--more--><\/p>\n<h2>Kurz &amp; knapp<\/h2>\n<ul>\n<li>Krankengeld ist steuerfrei, aber\u00a0unterliegt dem Progressionsvorbehalt<\/li>\n<li>Hast du in einem Jahr mehr als 410 Euro erhalten, musst du eine Steuererkl\u00e4rung abgeben<\/li>\n<li><a title=\"WISO Steuer: Steuerprogramm von Buhl\" href=\"https:\/\/www.buhl.de\/steuer\/\">WISO Steuer<\/a> tr\u00e4gt die Daten automatisch f\u00fcr dich ein<\/li>\n<\/ul>\n<h2>Wann gibt&#8217;s Krankengeld?<\/h2>\n<p><strong>Krankengeld<\/strong> wird nicht gezahlt, sobald du einen Tag krank bist. Erst bei l\u00e4ngerer Krankschreibung gibt es die <a title=\"Lohnersatzleistungen versteuern\" href=\"https:\/\/www.buhl.de\/steuer\/ratgeber\/lohnersatzleistungen\/\">Lohnersatzleistung<\/a>. Die Zahlungen erfolgen r\u00fcckwirkend bis zu dem Datum, an dem die aktuellste Krankmeldung vom Arzt ausgestellt wurde. Es kommt also nicht darauf an, bis wann dich der Arzt krankschreibt.<\/p>\n<p>F\u00fcr die ersten <strong>6 Wochen zahlt dein Arbeitgeber <\/strong>den vollen Arbeitslohn weiter. Im besten Fall bist du bis dahin wieder gesund und gehst wie gewohnt wieder zur Arbeit. Nun erh\u00e4ltst du deinen Lohn.<\/p>\n<p>Bist du gesetzlich krankenversichert, springt <strong>ab der 7. Woche die Krankenkasse<\/strong> ein und du erh\u00e4ltst Krankengeld anstatt Arbeitslohn. Der <strong>Anspruch besteht tageweise f\u00fcr die Dauer der Arbeitsunf\u00e4higkeit<\/strong>. F\u00fcr einen vollen Monat werden 30 Tage berechnet. Allerdings wird es innerhalb von 3 Jahren, l\u00e4ngstens 78 Wochen gezahlt.<\/p>\n<p>Wer privat krankenversichert ist, erh\u00e4lt unter Umst\u00e4nden kein Krankengeld. Denn das ist nicht automatisch in der privaten Versicherung enthalten. In der Regel vereinbarst du eine Krankengeld-Zahlung zus\u00e4tzlich zu deinem \u201enormalen\u201c Vertrag.<\/p>\n\r\n        <div class=\"spacing-modul  \">\r\n            <div class=\"container spacing-modul\">\r\n               <div class=\"row\">\r\n                   <div id=\"\" class=\"anchor\"><\/div>\r\n                   <div class=\"col-12 modul-spacing-blog-c\"><\/div>\r\n                   <div class=\"col-12 modul-spacing-blog-c\"><\/div>\r\n               <\/div>\r\n            <\/div>\r\n        <\/div>\r\n    \r\n        <div class=\"white-background\">\r\n            <div class=\"container\">\r\n                <div class=\"content info-blog-modul blog-wrapper\">\r\n                    <div class=\"row\">\r\n                        <div class=\"d-flex align-items-center text-center text-lg-left align-items-xl-start flex-column flex-xl-row col-12 offset-lg-2 col-lg-8 offset-xl-1 col-xl-9\">\r\n                            <img decoding=\"async\" loading=\"lazy\" class=\"img-fluid\" src=\"https:\/\/www.buhl.de\/steuer\/wp-content\/themes\/steuer-web\/buhl-steuer\/assets\/blog\/blog-module\/info-icon.svg\" alt=\"Information zum Thema\" title=\"Information zum Thema\" \/>\r\n                            <div class=\"d-flex flex-column\">\r\n                                <h3 class=\"font-source-sans-pro-10 fw700 blue-font headline\">Arbeitslohn &amp; Krankengeld?<\/h3><div class=\"font-source-sans-pro-1 blue-font\">Dein Anspruch auf die Lohnersatzleistung besteht eigentlich bereits vom 1. Tag an. Hat dein Chef in den ersten 6 Wochen weiter Lohn gezahlt, bekommst du in dieser Zeit nicht noch zus\u00e4tzlich Krankengeld.<\/p>\n<p>Die Krankenkasse zieht diese 6 Wochen von den 78 Wochen maximal Zeit ab. F\u00fcr das Krankengeld bleiben in der Regel also noch 72 Wochen \u00fcbrig.<\/div><\/div>\r\n                        <\/div>\r\n                    <\/div>\r\n                <\/div>\r\n            <\/div>\r\n        <\/div>\r\n    \r\n        <div class=\"spacing-modul  \">\r\n            <div class=\"container spacing-modul\">\r\n               <div class=\"row\">\r\n                   <div id=\"\" class=\"anchor\"><\/div>\r\n                   <div class=\"col-12 modul-spacing-default-b\"><\/div>\r\n                   <div class=\"col-12 modul-spacing-default-b\"><\/div>\r\n               <\/div>\r\n            <\/div>\r\n        <\/div>\r\n    \n<h3>Voraussetzungen f\u00fcr das Krankengeld<\/h3>\n<ul class=\"sw-blog-icon sw-blog-icon-1\">\n<li>Du bist Mitglied in einer gesetzlichen Krankenkasse<br \/>\n(privat meist nicht per se inkludiert)<\/li>\n<li>Ein Arzt bescheinigt die Arbeitsunf\u00e4higkeit l\u00fcckenlos<\/li>\n<li>Du musst die Krankschreibung innerhalb von 1 Woche bei deiner Krankenkasse einreichen<\/li>\n<\/ul>\n<h3>H\u00f6he des Krankengelds<\/h3>\n<p>F\u00fcr die Berechnung der Leistung ist die H\u00f6he deines Arbeitslohns wichtig. Einmalzahlungen in den letzten 12 Monaten werden ebenfalls ber\u00fccksichtigt (zum Beispiel Weihnachts- oder Urlaubsgeld).<\/p>\n<p>Das Krankengeld betr\u00e4gt:<\/p>\n<ul>\n<li><strong>70 Prozent<\/strong> deines letzten Bruttolohns<\/li>\n<li>Maximal 90 Prozent deines Nettogehalts<\/li>\n<li>Maximal <strong>120,75 Euro pro Tag<\/strong> (2024)<\/li>\n<\/ul>\n<p>Das so errechnete Krankengeld ist ein <strong>Bruttowert<\/strong>. Das hei\u00dft, dass wie bei deinem Arbeitslohn noch die Sozialversicherungsbeitr\u00e4ge abgezogen werden (also gesetzliche Renten-, Pflege- und Arbeitslosenversicherung). Die H\u00e4lfte dieser Beitr\u00e4ge sowie die gesamte Krankenversicherung \u00fcbernimmt die Krankenkasse. Du zahlst also nur die andere H\u00e4lfte.<\/p>\n<p>Den Betrag, der danach \u00fcbrig bleibt, erh\u00e4ltst du als Krankengeld netto auf dein Bankkonto \u00fcberwiesen.<\/p>\n\r\n        <div class=\"spacing-modul  \">\r\n            <div class=\"container spacing-modul\">\r\n               <div class=\"row\">\r\n                   <div id=\"\" class=\"anchor\"><\/div>\r\n                   <div class=\"col-12 modul-spacing-blog-c\"><\/div>\r\n                   <div class=\"col-12 modul-spacing-blog-c\"><\/div>\r\n               <\/div>\r\n            <\/div>\r\n        <\/div>\r\n    \r\n        <div class=\"white-background\">\r\n            <div class=\"container\">\r\n                <div class=\"blog-example\">\r\n                    <div class=\"row\">\r\n                        <div class=\"col-12 offset-lg-2 col-lg-8 text-center text-lg-left\">\r\n                            <div class=\"d-flex flex-column align-items-center\">\r\n                                <img decoding=\"async\" loading=\"lazy\" class=\"img-fluid circle-image\" src=\"https:\/\/www.buhl.de\/steuer\/wp-content\/themes\/steuer-web\/buhl-steuer\/assets\/blog\/blog-example\/selbststaendige.svg\" alt=\"Beispiel Selbstst\u00e4ndige\" title=\"Beispiel\" \/>\r\n                                <h3 class=\"font-source-sans-pro-10 fw700 blue-font headline\">Beispiel: Berechnung des Krankengelds<\/h3>\r\n                            <\/div><div class=\"font-source-sans-pro-1 blue-font\">Stefan ist kinderlos und \u00fcber 23 Jahre alt. Sein monatlicher Arbeitslohn betr\u00e4gt brutto 3.000 Euro und netto 1.970 Euro.<\/p>\n<p>Bis zur 6. Woche zahlt Stefans Arbeitgeber ganz normal den Lohn weiter (1.970 Euro netto). Ab der 7. Woche hat er Anspruch auf Krankengeld. Das berechnet sich dann wie folgt:<\/p>\n<p>Bruttolohn 3.000 Euro x 70 Prozent = 2.100 Euro<br \/>\nNettolohn 1.970 Euro x 90 Prozent = 1.773 Euro<\/p>\n<p>Ergebnis: Monatlich erh\u00e4lt Stefan 1.773 Euro brutto.\u00a0Nach Abzug der Sozialversicherung bekommt er f\u00fcr einen vollen Monat 1.554 Euro netto \u00fcberwiesen. Tageweise sind das 51,80 Euro.<\/div><\/div>\r\n                    <\/div>\r\n                <\/div>\r\n            <\/div>\r\n        <\/div>\r\n    \r\n        <div class=\"spacing-modul  \">\r\n            <div class=\"container spacing-modul\">\r\n               <div class=\"row\">\r\n                   <div id=\"\" class=\"anchor\"><\/div>\r\n                   <div class=\"col-12 modul-spacing-default-b\"><\/div>\r\n                   <div class=\"col-12 modul-spacing-default-b\"><\/div>\r\n               <\/div>\r\n            <\/div>\r\n        <\/div>\r\n    \n<h2>Krankengeld versteuern<\/h2>\n<p>Gute Nachrichten: Krankengeld ist <strong>steuerfrei<\/strong>. Trotzdem bist du <strong>verpflichtet, eine Steuererkl\u00e4rung abzugeben<\/strong>. Grund daf\u00fcr ist der sogenannte <a title=\"Progressionsvorbehalt: Was ist das?\" href=\"https:\/\/www.buhl.de\/steuer\/ratgeber\/progressionsvorbehalt\/\">Progressionsvorbehalt<\/a>.<\/p>\n<p>Das Krankengeld wird dabei zu deinem restlichen Einkommen dazugerechnet und f\u00fcr die Gesamtsumme dein pers\u00f6nlicher Steuersatz bestimmt. Dadurch musst du mehr Steuern auf deine \u00fcbrigen Einnahmen zahlen.<\/p>\n<h3>Wo trage ich Krankengeld in die Steuererkl\u00e4rung ein?<\/h3>\n<p>F\u00fcr die <a title=\"Steuererkl\u00e4rung: Schritt-f\u00fcr-Schritt Anleitung\" href=\"https:\/\/www.buhl.de\/steuer\/ratgeber\/steuererklaerung-machen\/\">Steuererkl\u00e4rung<\/a> ist all das Krankengeld relevant, was du in dem entsprechenden Jahr erhalten hast. Diese Summe tr\u00e4gst du hier ein:<\/p>\n<p><em>Thema hinzuf\u00fcgen &gt; Ersatz f\u00fcr Einkommen &gt; Erhaltene Leistungen<\/em><\/p>\n\r\n        <div class=\"spacing-modul  \">\r\n            <div class=\"container spacing-modul\">\r\n               <div class=\"row\">\r\n                   <div id=\"\" class=\"anchor\"><\/div>\r\n                   <div class=\"col-12 modul-spacing-blog-c\"><\/div>\r\n                   <div class=\"col-12 modul-spacing-blog-c\"><\/div>\r\n               <\/div>\r\n            <\/div>\r\n        <\/div>\r\n    \r\n        <div class=\"white-background d-none d-lg-block\">\r\n            <div class=\"container blog-image\">\r\n            \t<div class=\"row\">\r\n       <p class=\"col-12 font-source-sans-pro-1 blue-font\">\n<\/p>\r\n                <div class=\"d-flex col-12 align-items-center justify-content-center\">\r\n                         \r\n                            <a id=\"\" target=\"_self\" title=\"\" href=\"\">\r\n                         \r\n                      <picture class=\"img-fluid\">\r\n                             <img decoding=\"async\" loading=\"lazy\"\r\n                              alt=\"Eingabemaske f\u00fcr Krankengeld in der App WISO Steuer\" \r\n                              title=\"\"\r\n                              src=\"https:\/\/www.buhl.de\/steuer\/wp-content\/uploads\/sites\/31\/2024\/10\/krankengeld-eintragen-steuererklaerung.png\" >\r\n                      <\/picture>     \r\n                      \t\r\n                        \t<\/a>\r\n                    \t                      \r\n\t\t\t\t\t<\/div>  \r\n\t\t\t\t<\/div>                       \r\n            <\/div>\r\n        <\/div>                  \r\n    \n\r\n        <div class=\"white-background  d-lg-none\">\r\n            <div class=\"container blog-image\">\r\n            \t<div class=\"row\">\r\n       <p class=\"col-12 font-source-sans-pro-1 blue-font\">\n<\/p>\r\n                <div class=\"d-flex col-12 align-items-center justify-content-center\">\r\n                         \r\n                            <a id=\"\" target=\"_self\" title=\"\" href=\"\">\r\n                         \r\n                      <picture class=\"img-fluid\">\r\n                             <img decoding=\"async\" loading=\"lazy\"\r\n                              alt=\"Eingabemaske f\u00fcr Krankengeld in der App WISO Steuer\" \r\n                              title=\"\"\r\n                              src=\"https:\/\/www.buhl.de\/steuer\/wp-content\/uploads\/sites\/31\/2024\/10\/krankengeld-eintragen-steuer-app.png\" >\r\n                      <\/picture>     \r\n                      \t\r\n                        \t<\/a>\r\n                    \t                      \r\n\t\t\t\t\t<\/div>  \r\n\t\t\t\t<\/div>                       \r\n            <\/div>\r\n        <\/div>                  \r\n    \n\r\n        <div role=\"region\" aria-label=\"\" class=\"white-background\">\r\n            <div class=\"container\">\r\n                <div class=\"row\">\r\n                    <div class=\"col-12 d-flex justify-content-center align-items-center flex-column flex-lg-row\">\r\n                    \r\n\r\n                    \r\n                        <a class=\"secondary w-230 d-none d-md-flex justify-content-center align-items-center font-cairo-2 fw700 action-anonymous\"\r\n                            role=\"button\"\r\n                            href=\"https:\/\/www.buhl.de\/mein-buhlkonto\/?buhlparam=2100101\"\r\n                            title=\"Kostenlos testen\"\r\n                            target=\"_self\"\r\n                            id=\"krankengeld-eintragen\"\r\n                            onclick=\"dataLayer.push({'event': 'ButtonClick SW','sw-button': 'click-testen'});\">\r\n                            Kostenlos testen\r\n                        <\/a>\r\n\r\n                        <a class=\"secondary w-230 d-flex d-md-none justify-content-center align-items-center font-cairo-2 fw700 action-anonymous\"\r\n                            role=\"button\"\r\n                            href=\"https:\/\/www.buhl.de\/mein-buhlkonto\/?buhlparam=2100101\"\r\n                            title=\"Kostenlos testen\"\r\n                            target=\"_self\"\r\n                            id=\"krankengeld-eintragen-m\"\r\n                            onclick=\"dataLayer.push({'event': 'ButtonClick SW','sw-button': 'click-mobile-starten'});\">\r\n                            Kostenlos testen\r\n                        <\/a>\r\n                    \r\n                    <\/div>\r\n                <\/div>\r\n            <\/div>\r\n        <\/div>\r\n    \r\n        <div class=\"spacing-modul  \">\r\n            <div class=\"container spacing-modul\">\r\n               <div class=\"row\">\r\n                   <div id=\"\" class=\"anchor\"><\/div>\r\n                   <div class=\"col-12 modul-spacing-blog-c\"><\/div>\r\n                   <div class=\"col-12 modul-spacing-blog-c\"><\/div>\r\n               <\/div>\r\n            <\/div>\r\n        <\/div>\r\n    \n\r\n        <div class=\"white-background\">\r\n            <div class=\"full-width-text\">\r\n                <div class=\"blog-wrapper silver-background\">\r\n                    <div class=\"container blog-ad1\">\r\n                        <div class=\"row\">\r\n                            <div class=\"col-12 col-lg-6 d-flex justify-content-center flex-column\">\r\n                                <!--<div class=\"\">-->\r\n                                    \r\n                                        <h3 class=\"font-cairo-10 fw700 blue-font headline-spacing-30 text-left\">Krankengeld automatisch eintragen lassen<\/h3>\r\n                                    \r\n                                    \r\n                                    \r\n                                        <div class=\"font-source-sans-pro-1 mt-30 mb-30 blue-font subline-width text-left\">Warum selbst tippen, wenn WISO Steuer das f\u00fcr dich \u00fcbernehmen kann? Nutze den cleveren Steuer-Abruf, damit viele Daten automatisch an der richtigen Stelle landen.<\/div>\r\n                                    \r\n                                    \r\n                                    \r\n                                    <div class=\"d-flex flex-column flex-md-row align-items-start\">\r\n                                        \r\n                                        <a class=\"font-cairo-2 fw700 intro-button secondary w-230 d-none d-md-flex mr-md-25 justify-content-center align-items-center\"\r\n                                           role=\"button\"\r\n                                           href=\"https:\/\/www.buhl.de\/mein-buhlkonto\/?buhlparam=2100101\"\r\n                                           target=\"_self\"\r\n                                           title=\"Hier kostenlos starten\"\r\n                                           id=\"ad-custom\"\r\n                                           onclick=\"dataLayer.push({'event': 'ButtonClick SW','sw-button': 'click-testen'});\">\r\n                                           Kostenlos testen\r\n                                        <\/a>\r\n                                        \r\n                                        \r\n                                        \r\n                                        <a class=\"d-flex justify-content-center align-items-center d-md-none font-cairo-2 fw700 intro-button secondary w-230\"\r\n                                           role=\"button\"\r\n                                           href=\"https:\/\/www.buhl.de\/mein-buhlkonto\/?buhlparam=2100101\"\r\n                                           target=\"_self\"\r\n                                           title=\"Hier kostenlos starten\"\r\n                                           id=\"ad-custom-m\"\r\n                                           onclick=\"dataLayer.push({'event': 'ButtonClick SW','sw-button': 'click-mobile-starten'});\">\r\n                                           Kostenlos testen\r\n                                        <\/a>\r\n                                        \r\n                                        \r\n                                        \r\n                                        \r\n                                        \r\n                                    <\/div>\r\n                                    \r\n                                <!--<\/div>-->\r\n                            <\/div>\r\n\r\n                            <div class=\"col-12 col-lg-6 tablet-image-spacing d-flex align-content-center\">\r\n                                <div class=\"d-flex justify-content-start tablet-no-spacing\">\r\n                                    \r\n                                        <img decoding=\"async\" loading=\"lazy\" height=\"40\" alt=\"WISO&nbsp;Steuer Vorteile\" title=\"WISO&nbsp;Steuer Buhl Logo\" \r\n                                            class=\"d-none d-md-block \" src=\"https:\/\/www.buhl.de\/steuer\/wp-content\/themes\/steuer-web\/buhl-steuer\/assets\/blog\/blog-custom-ad\/wiso-steuer-werbung.svg\" \/>\r\n                                    \r\n                                    \r\n                                            \r\n                                    \r\n                                        <img decoding=\"async\" loading=\"lazy\" alt=\"WISO&nbsp;Steuer Vorteile\" title=\"WISO&nbsp;Steuer Buhl Logo\" \r\n                                            class=\"mx-auto d-md-none mobile \" src=\"https:\/\/www.buhl.de\/steuer\/wp-content\/themes\/steuer-web\/buhl-steuer\/assets\/blog\/blog-custom-ad\/wiso-steuer-werbung.svg\" \/>\r\n                                    \r\n                                <\/div>\r\n                            <\/div>\r\n                        <\/div>\r\n                    <\/div>\r\n                <\/div>\r\n            <\/div>\r\n        <\/div>\r\n    \r\n        <div class=\"spacing-modul  \">\r\n            <div class=\"container spacing-modul\">\r\n               <div class=\"row\">\r\n                   <div id=\"\" class=\"anchor\"><\/div>\r\n                   <div class=\"col-12 modul-spacing-default-b\"><\/div>\r\n                   <div class=\"col-12 modul-spacing-default-b\"><\/div>\r\n               <\/div>\r\n            <\/div>\r\n        <\/div>\r\n    \n<h2>Kinderkrankentage und Kinderkrankengeld<\/h2>\n<p>Dein Kind ist krank und <strong>unter 12 Jahre alt<\/strong>? Berufst\u00e4tige Eltern von Kindern haben Anspruch auf Kinderkrankentage. Zahlt dein Arbeitgeber in dieser Zeit dein Gehalt nicht weiter, springt die gesetzliche Krankenkasse ein. Das Kinderkrankengeld betr\u00e4gt <strong>90 Prozent des ausgefallenen Nettogehalts<\/strong>.<\/p>\n<p>Wichtig: Privatversicherte haben keinen Anspruch auf Kinderkrankengeld.<\/p>\n<h3>Voraussetzungen<\/h3>\n<ul class=\"sw-blog-icon sw-blog-icon-1\">\n<li>Du und dein Kind seid gesetzlich krankenversichert.<\/li>\n<li>Dein Kind ist unter 12 Jahre alt.<\/li>\n<li>Ein \u00e4rztliches Attest liegt vor.<\/li>\n<li>Niemand anderes im Haushalt kann die Betreuung \u00fcbernehmen.<\/li>\n<\/ul>\n<h3>Dein Anspruch f\u00fcr die Jahre 2024 und 2025<\/h3>\n<ul>\n<li>Pro Elternteil und Kind: 15 Tage, maximal 35 Tage bei mehreren Kindern.<\/li>\n<li>Alleinerziehende: 30 Tage pro Kind, maximal 70 Tage bei mehreren Kindern.<\/li>\n<\/ul>\n<h3>Kinderkrankentage auf den Partner \u00fcbertragen \u2013 geht das?<\/h3>\n<p>Ja, eine \u00dcbertragung der Kinderkrankentage auf deinen Partner ist m\u00f6glich, wenn deine Tage aufgebraucht sind. Dein Arbeitgeber muss allerdings zustimmen, dass du l\u00e4nger zu Hause bleiben kannst. F\u00fcr Details wende dich an deine Krankenkasse.<\/p>\n\r\n        <div class=\"spacing-modul  \">\r\n            <div class=\"container spacing-modul\">\r\n               <div class=\"row\">\r\n                   <div id=\"\" class=\"anchor\"><\/div>\r\n                   <div class=\"col-12 modul-spacing-blog-c\"><\/div>\r\n                   <div class=\"col-12 modul-spacing-blog-c\"><\/div>\r\n               <\/div>\r\n            <\/div>\r\n        <\/div>\r\n    \r\n        <div class=\"white-background\">\r\n            <div class=\"container\">\r\n                <div class=\"content info-blog-modul blog-wrapper\">\r\n                    <div class=\"row\">\r\n                        <div class=\"d-flex align-items-center text-center text-lg-left align-items-xl-start flex-column flex-xl-row col-12 offset-lg-2 col-lg-8 offset-xl-1 col-xl-9\">\r\n                            <img decoding=\"async\" loading=\"lazy\" class=\"img-fluid\" src=\"https:\/\/www.buhl.de\/steuer\/wp-content\/themes\/steuer-web\/buhl-steuer\/assets\/blog\/blog-module\/info-icon.svg\" alt=\"Information zum Thema\" title=\"Information zum Thema\" \/>\r\n                            <div class=\"d-flex flex-column\">\r\n                                <h3 class=\"font-source-sans-pro-10 fw700 blue-font headline\">So beantragst du Kinderkrankengeld<\/h3><div class=\"font-source-sans-pro-1 blue-font\">Das geht direkt bei deiner Krankenkasse \u2013 oft sogar bequem online. Alles, was du brauchst, ist ein \u00e4rztliches Attest.<\/div><\/div>\r\n                        <\/div>\r\n                    <\/div>\r\n                <\/div>\r\n            <\/div>\r\n        <\/div>\r\n    \r\n        <div class=\"spacing-modul  \">\r\n            <div class=\"container spacing-modul\">\r\n               <div class=\"row\">\r\n                   <div id=\"\" class=\"anchor\"><\/div>\r\n                   <div class=\"col-12 modul-spacing-default-b\"><\/div>\r\n                   <div class=\"col-12 modul-spacing-default-b\"><\/div>\r\n               <\/div>\r\n            <\/div>\r\n        <\/div>\r\n    \n<h2>Kinderkrankengeld und Steuern<\/h2>\n<p>Das Kinderkrankengeld ist <strong>steuerfrei, unterliegt aber dem Progressionsvorbehalt<\/strong>, da es eine sogenannte Lohnersatzleistung ist. Auch in diesem Fall kann es also passieren, dass du mehr Steuern auf dein restliches Einkommen zahlen musst.<\/p>\n<p>Hast du im Jahr <strong>mehr als 410 Euro<\/strong> an Kinderkrankengeld und anderen Lohnersatzleistungen erhalten? Dann musst du eine <strong>Steuererkl\u00e4rung abgeben<\/strong> \u2013 am besten einfach mit WISO Steuer. Gib das erhaltene Kinderkrankengeld unter <em>Ersatz f\u00fcr Einkommen&gt; Erhaltene Leistungen<\/em>\u202fbei den Einkommensersatzleistungen an.<\/p>\n\r\n        <div class=\"spacing-modul  \">\r\n            <div class=\"container spacing-modul\">\r\n               <div class=\"row\">\r\n                   <div id=\"\" class=\"anchor\"><\/div>\r\n                   <div class=\"col-12 modul-spacing-blog-c\"><\/div>\r\n                   <div class=\"col-12 modul-spacing-blog-c\"><\/div>\r\n               <\/div>\r\n            <\/div>\r\n        <\/div>\r\n    \r\n        <div class=\"white-background\">\r\n            <div class=\"container\">\r\n                <div class=\"content expert-blog-module blog-wrapper\">\r\n                    <div class=\"row\">\r\n                        <div class=\"d-flex align-items-center text-center text-lg-left align-items-xl-start flex-column flex-xl-row col-12 offset-lg-2 col-lg-8 offset-xl-1 col-xl-9\">\r\n                            <img decoding=\"async\" loading=\"lazy\" class=\"img-fluid\" src=\"https:\/\/www.buhl.de\/steuer\/wp-content\/themes\/steuer-web\/buhl-steuer\/assets\/blog\/blog-module\/experten-tipp-icon.svg\" alt=\"Experten Tipp\" title=\"Experten Tipp\" \/>\r\n                            <div class=\"d-flex flex-column\">\r\n                                <h3 class=\"font-source-sans-pro-10 fw700 blue-font headline\">Spar dir das Abtippen<\/h3><div class=\"font-source-sans-pro-1 blue-font\">Der\u202f<a href=\"https:\/\/www.buhl.de\/steuer\/steuer-abruf\/\">Steuer-Abruf<\/a>\u202fzieht automatisch alle Lohnersatzleistungen f\u00fcr deine Steuererkl\u00e4rung \u2013 und tr\u00e4gt sie direkt an der passenden Stelle ein. Probier&#8217;s einfach mal aus.<\/div><\/div>\r\n                        <\/div>\r\n                    <\/div>\r\n                <\/div>\r\n            <\/div>\r\n        <\/div>\r\n    \r\n        <div class=\"spacing-modul  \">\r\n            <div class=\"container spacing-modul\">\r\n               <div class=\"row\">\r\n                   <div id=\"\" class=\"anchor\"><\/div>\r\n                   <div class=\"col-12 modul-spacing-default-b\"><\/div>\r\n                   <div class=\"col-12 modul-spacing-default-b\"><\/div>\r\n               <\/div>\r\n            <\/div>\r\n        <\/div>\r\n    \n\r\n        <div class=\"white-background\">\r\n            <div class=\"full-width-text\">\r\n                <div class=\"inner-spacing blog-ad1-wrapper silver-background\">\r\n                    <div class=\"container blog-ad1\">\r\n                        <div class=\"row\">\r\n                        \r\n                            <div class=\"col-12 col-md-6 d-none d-md-flex align-content-center\">\r\n                                \r\n                                    <img decoding=\"async\" loading=\"lazy\" height=\"auto\" style=\"max-width:100%;\" alt=\"Steuer-Abruf Logo\" title=\"\" \r\n                                        class=\"mx-auto d-none d-md-block \" src=\"https:\/\/www.buhl.de\/steuer\/wp-content\/themes\/steuer-web\/buhl-steuer\/assets\/blog\/blog-ad1\/jeder-steuer\/blog-jeder-steuer.svg\" \/>\r\n                                \r\n                            <\/div>\r\n                        \r\n                            \r\n                            <div class=\"col-12 col-md-6\">\r\n                                \r\n                                    <div class=\"d-flex headline-spacing-30 justify-content-start\">\r\n                                        \r\n                                            <img decoding=\"async\" loading=\"lazy\" height=\"auto\" style=\"max-width:100%;\" alt=\"WISO&nbsp;Steuer Vorteile\" title=\"WISO&nbsp;Steuer Buhl Logo\" \r\n                                                class=\"d-none d-md-block \" src=\"https:\/\/www.buhl.de\/steuer\/wp-content\/themes\/steuer-web\/buhl-steuer\/assets\/full-width-text\/ad1\/logo-wiso-steuer.svg\" \/>\r\n                                        \r\n                                        \r\n                                                \r\n                                        \r\n                                            <img decoding=\"async\" loading=\"lazy\" alt=\"WISO&nbsp;Steuer Vorteile\" title=\"WISO&nbsp;Steuer Buhl Logo\" \r\n                                                class=\"mx-auto d-md-none mobile \" src=\"https:\/\/www.buhl.de\/steuer\/wp-content\/themes\/steuer-web\/buhl-steuer\/assets\/full-width-text\/ad1\/logo-wiso-steuer.svg\" \/>\r\n                                        \r\n                                    <\/div>\r\n                                \r\n                            \r\n                                \r\n                                    <p class=\"font-cairo-10 fw700 blue-font headline-spacing-30 text-center justify-content-start text-md-left\">Hier schafft jeder die Steuer<\/p>\r\n                                \r\n                    \r\n                                <div class=\"font-source-sans-pro-1 mt-30 mb-30 blue-font subline-width text-center text-md-left\">Mit WISO&nbsp;Steuer holst du das Maximum aus deiner Steuererkl\u00e4rung heraus. Lass dich Schritt f\u00fcr Schritt durch die Steuererkl\u00e4rung f\u00fchren und hol dir alle Tipps f\u00fcr noch mehr Steuerr\u00fcckerstattung.<\/div>\r\n                                \r\n                                \r\n\r\n                                <div class=\"d-flex flex-column flex-md-row align-items-center align-items-md-start justify-content-start\">\r\n                                    \r\n                                    <a class=\"font-cairo-2 fw700 intro-button primary w-230 d-none d-md-flex mr-md-25 justify-content-center align-items-center\"\r\n                                       role=\"button\"\r\n                                       href=\"https:\/\/www.buhl.de\/shop\/wisosteuer\/auswahl?2025=agv&wkz=STWEBMARKETINGSEITE&src=WEB\"\r\n                                       target=\"_self\"\r\n                                       title=\"WISO&nbsp;Steuer Lizenz kaufen\"\r\n                                       id=\"adsiegelkauf\"\r\n                                       onclick=\"dataLayer.push({'event': 'ButtonClick SW','sw-button': 'click-preise'});\">\r\n                                       Jetzt kaufen\r\n                                    <\/a>\r\n                                    \r\n                                    \r\n                                    \r\n                                    <a class=\"d-flex justify-content-center align-items-center d-md-none font-cairo-2 fw700 intro-button primary w-230\"\r\n                                       role=\"button\"\r\n                                       href=\"https:\/\/www.buhl.de\/shop\/wisosteuer\/auswahl?2025=agv&wkz=STWEBMARKETINGSEITE&src=WEB\"\r\n                                       target=\"_self\"\r\n                                       title=\"WISO&nbsp;Steuer Lizenz kaufen\"\r\n                                       id=\"adsiegelkauf\"\r\n                                       onclick=\"dataLayer.push({'event': 'ButtonClick SW','sw-button': 'click-mobile-starten'});\">\r\n                                       Jetzt kaufen\r\n                                    <\/a>\r\n                                    \r\n                                    \r\n                                    \r\n                                    <a class=\"font-cairo-2 fw700 intro-button secondary w-230 d-none d-md-flex  justify-content-center align-items-center\"\r\n                                       role=\"button\"\r\n                                       href=\"https:\/\/www.buhl.de\/mein-buhlkonto\/?buhlparam=2100101\"\r\n                                       target=\"_self\"\r\n                                       title=\"Hier kostenlos starten\"\r\n                                       id=\"adsiegeltest\"\r\n                                       onclick=\"dataLayer.push({'event': 'ButtonClick SW','sw-button': 'click-testen'});\">\r\n                                       Kostenlos testen\r\n                                    <\/a>\r\n                                    \r\n                                    \r\n                                    \r\n                                    <a class=\"font-cairo-2 fw700 intro-button secondary w-230 d-flex d-md-none justify-content-center align-items-center mt-30\"\r\n                                       role=\"button\"\r\n                                       href=\"https:\/\/www.buhl.de\/mein-buhlkonto\/?buhlparam=2100101\"\r\n                                       target=\"_self\"\r\n                                       title=\"Hier kostenlos starten\"\r\n                                       id=\"adsiegeltest\"\r\n                                       onclick=\"dataLayer.push({'event': 'ButtonClick SW','sw-button': 'click-mobile-starten'});\">\r\n                                       Kostenlos testen\r\n                                    <\/a>\r\n                                    \r\n                                <\/div>\r\n                                \r\n                                \r\n                                    <div class=\"d-flex d-md-none align-content-center mobile-image-spacing\">\r\n                                        \r\n                                            <img decoding=\"async\" loading=\"lazy\" height=\"auto\" style=\"max-width:100%;\" alt=\"Steuer-Abruf Logo\" title=\"\" \r\n                                                class=\"\" src=\"https:\/\/www.buhl.de\/steuer\/wp-content\/themes\/steuer-web\/buhl-steuer\/assets\/blog\/blog-ad1\/jeder-steuer\/blog-jeder-steuer.svg\" \/>\r\n                                        \r\n                                    <\/div>\r\n                                \r\n                            <\/div>\r\n                        <\/div>\r\n                    <\/div>\r\n                <\/div>\r\n            <\/div>\r\n        <\/div>\r\n    \n","protected":false},"excerpt":{"rendered":"<p>Krankengeld wird bei l\u00e4ngerem krankheitsbedingten Ausfall auf der Arbeit gezahlt. Was bedeutet das f\u00fcr die Steuer? Was, wenn das eigene Kind krank ist und Betreuung braucht? Wir kl\u00e4ren auf.<\/p>\n","protected":false},"author":158,"featured_media":50340,"comment_status":"closed","ping_status":"open","sticky":false,"template":"","format":"standard","meta":{"_acf_changed":false,"footnotes":""},"categories":[2841,2812],"tags":[],"class_list":["post-50335","post","type-post","status-publish","format-standard","has-post-thumbnail","hentry","category-alle","category-gesund"],"yoast_head":"<!-- This site is optimized with the Yoast SEO Premium plugin v27.0 (Yoast SEO v27.0) - https:\/\/yoast.com\/product\/yoast-seo-premium-wordpress\/ -->\n<title>Steuererkl\u00e4rung bei Krankengeld: Ab 410 \u20ac Pflicht!<\/title>\n<meta name=\"description\" content=\"Muss Krankengeld in die Steuererkl\u00e4rung\u2753 Erfahre hier alles, was du zum Thema Krankheit &amp; Steuer wissen musst \u27a1\ufe0f Jetzt lesen.\" \/>\n<meta name=\"robots\" content=\"index, follow, max-snippet:-1, max-image-preview:large, max-video-preview:-1\" \/>\n<link rel=\"canonical\" href=\"https:\/\/www.buhl.de\/steuer\/ratgeber\/krankengeld\/\" \/>\n<meta property=\"og:locale\" content=\"de_DE\" \/>\n<meta property=\"og:type\" content=\"article\" \/>\n<meta property=\"og:title\" content=\"Muss ich Krankengeld versteuern?\" \/>\n<meta property=\"og:description\" content=\"Muss Krankengeld in die Steuererkl\u00e4rung\u2753 Erfahre hier alles, was du zum Thema Krankheit &amp; Steuer wissen musst \u27a1\ufe0f Jetzt lesen.\" \/>\n<meta property=\"og:url\" content=\"https:\/\/www.buhl.de\/steuer\/ratgeber\/krankengeld\/\" \/>\n<meta property=\"og:site_name\" content=\"WISO Steuer: Nr.1 App f\u00fcr die Steuererkl\u00e4rung\" \/>\n<meta property=\"article:published_time\" content=\"2024-10-24T07:00:12+00:00\" \/>\n<meta property=\"article:modified_time\" content=\"2024-10-24T08:17:13+00:00\" \/>\n<meta property=\"og:image\" content=\"https:\/\/www.buhl.de\/steuer\/wp-content\/uploads\/sites\/31\/2022\/04\/krankengeld-steuer-title.jpg\" \/>\n\t<meta property=\"og:image:width\" content=\"976\" \/>\n\t<meta property=\"og:image:height\" content=\"400\" \/>\n\t<meta property=\"og:image:type\" content=\"image\/jpeg\" \/>\n<meta name=\"author\" content=\"Melanie Holz\" \/>\n<meta name=\"twitter:card\" content=\"summary_large_image\" \/>\n<meta name=\"twitter:label1\" content=\"Verfasst von\" \/>\n\t<meta name=\"twitter:data1\" content=\"Melanie Holz\" \/>\n\t<meta name=\"twitter:label2\" content=\"Gesch\u00e4tzte Lesezeit\" \/>\n\t<meta name=\"twitter:data2\" content=\"6\u00a0Minuten\" \/>\n<script type=\"application\/ld+json\" class=\"yoast-schema-graph\">{\"@context\":\"https:\/\/schema.org\",\"@graph\":[{\"@type\":\"Article\",\"@id\":\"https:\/\/www.buhl.de\/steuer\/ratgeber\/krankengeld\/#article\",\"isPartOf\":{\"@id\":\"https:\/\/www.buhl.de\/steuer\/ratgeber\/krankengeld\/\"},\"author\":{\"name\":\"Melanie Holz\",\"@id\":\"https:\/\/www.buhl.de\/steuer\/#\/schema\/person\/bdc3546e32ec6fea6ff8e85e9a87fd47\"},\"headline\":\"Muss ich Krankengeld versteuern?\",\"datePublished\":\"2024-10-24T07:00:12+00:00\",\"dateModified\":\"2024-10-24T08:17:13+00:00\",\"mainEntityOfPage\":{\"@id\":\"https:\/\/www.buhl.de\/steuer\/ratgeber\/krankengeld\/\"},\"wordCount\":1023,\"publisher\":{\"@id\":\"https:\/\/www.buhl.de\/steuer\/#organization\"},\"image\":{\"@id\":\"https:\/\/www.buhl.de\/steuer\/ratgeber\/krankengeld\/#primaryimage\"},\"thumbnailUrl\":\"https:\/\/www.buhl.de\/steuer\/wp-content\/uploads\/sites\/31\/2022\/04\/krankengeld-steuer-title.jpg\",\"articleSection\":[\"Neueste Beitr\u00e4ge\",\"Ratgeber: Gesundheit &amp; Steuern\"],\"inLanguage\":\"de\"},{\"@type\":\"WebPage\",\"@id\":\"https:\/\/www.buhl.de\/steuer\/ratgeber\/krankengeld\/\",\"url\":\"https:\/\/www.buhl.de\/steuer\/ratgeber\/krankengeld\/\",\"name\":\"Steuererkl\u00e4rung bei Krankengeld: Ab 410 \u20ac Pflicht!\",\"isPartOf\":{\"@id\":\"https:\/\/www.buhl.de\/steuer\/#website\"},\"primaryImageOfPage\":{\"@id\":\"https:\/\/www.buhl.de\/steuer\/ratgeber\/krankengeld\/#primaryimage\"},\"image\":{\"@id\":\"https:\/\/www.buhl.de\/steuer\/ratgeber\/krankengeld\/#primaryimage\"},\"thumbnailUrl\":\"https:\/\/www.buhl.de\/steuer\/wp-content\/uploads\/sites\/31\/2022\/04\/krankengeld-steuer-title.jpg\",\"datePublished\":\"2024-10-24T07:00:12+00:00\",\"dateModified\":\"2024-10-24T08:17:13+00:00\",\"description\":\"Muss Krankengeld in die Steuererkl\u00e4rung\u2753 Erfahre hier alles, was du zum Thema Krankheit & Steuer wissen musst \u27a1\ufe0f Jetzt lesen.\",\"breadcrumb\":{\"@id\":\"https:\/\/www.buhl.de\/steuer\/ratgeber\/krankengeld\/#breadcrumb\"},\"inLanguage\":\"de\",\"potentialAction\":[{\"@type\":\"ReadAction\",\"target\":[\"https:\/\/www.buhl.de\/steuer\/ratgeber\/krankengeld\/\"]}]},{\"@type\":\"ImageObject\",\"inLanguage\":\"de\",\"@id\":\"https:\/\/www.buhl.de\/steuer\/ratgeber\/krankengeld\/#primaryimage\",\"url\":\"https:\/\/www.buhl.de\/steuer\/wp-content\/uploads\/sites\/31\/2022\/04\/krankengeld-steuer-title.jpg\",\"contentUrl\":\"https:\/\/www.buhl.de\/steuer\/wp-content\/uploads\/sites\/31\/2022\/04\/krankengeld-steuer-title.jpg\",\"width\":976,\"height\":400,\"caption\":\"Krankengeld: Was muss ich bei der Steuererkl\u00e4rung beachten?\"},{\"@type\":\"BreadcrumbList\",\"@id\":\"https:\/\/www.buhl.de\/steuer\/ratgeber\/krankengeld\/#breadcrumb\",\"itemListElement\":[{\"@type\":\"ListItem\",\"position\":1,\"name\":\"Steuererkl\u00e4rung\",\"item\":\"https:\/\/www.buhl.de\/steuer\/\"},{\"@type\":\"ListItem\",\"position\":2,\"name\":\"Muss ich Krankengeld versteuern?\"}]},{\"@type\":\"WebSite\",\"@id\":\"https:\/\/www.buhl.de\/steuer\/#website\",\"url\":\"https:\/\/www.buhl.de\/steuer\/\",\"name\":\"WISO Steuer: Nr. 1 Steuer-App\",\"description\":\"\",\"publisher\":{\"@id\":\"https:\/\/www.buhl.de\/steuer\/#organization\"},\"potentialAction\":[{\"@type\":\"SearchAction\",\"target\":{\"@type\":\"EntryPoint\",\"urlTemplate\":\"https:\/\/www.buhl.de\/steuer\/?s={search_term_string}\"},\"query-input\":{\"@type\":\"PropertyValueSpecification\",\"valueRequired\":true,\"valueName\":\"search_term_string\"}}],\"inLanguage\":\"de\"},{\"@type\":\"Organization\",\"@id\":\"https:\/\/www.buhl.de\/steuer\/#organization\",\"name\":\"WISO Steuer | Buhl Data Service GmbH\",\"url\":\"https:\/\/www.buhl.de\/steuer\/\",\"logo\":{\"@type\":\"ImageObject\",\"inLanguage\":\"de\",\"@id\":\"https:\/\/www.buhl.de\/steuer\/#\/schema\/logo\/image\/\",\"url\":\"https:\/\/www.buhl.de\/steuer\/wp-content\/uploads\/sites\/31\/2026\/02\/logo-wiso-steuer-app.svg\",\"contentUrl\":\"https:\/\/www.buhl.de\/steuer\/wp-content\/uploads\/sites\/31\/2026\/02\/logo-wiso-steuer-app.svg\",\"width\":375,\"height\":72,\"caption\":\"WISO Steuer | Buhl Data Service GmbH\"},\"image\":{\"@id\":\"https:\/\/www.buhl.de\/steuer\/#\/schema\/logo\/image\/\"}},{\"@type\":\"Person\",\"@id\":\"https:\/\/www.buhl.de\/steuer\/#\/schema\/person\/bdc3546e32ec6fea6ff8e85e9a87fd47\",\"name\":\"Melanie Holz\",\"image\":{\"@type\":\"ImageObject\",\"inLanguage\":\"de\",\"@id\":\"https:\/\/www.buhl.de\/steuer\/#\/schema\/person\/image\/\",\"url\":\"https:\/\/www.buhl.de\/steuer\/wp-content\/uploads\/sites\/31\/2024\/07\/melanie.png\",\"contentUrl\":\"https:\/\/www.buhl.de\/steuer\/wp-content\/uploads\/sites\/31\/2024\/07\/melanie.png\",\"caption\":\"Melanie Holz\"},\"sameAs\":[\"https:\/\/www.buhl.de\/steuer\/autoren\/melanie-holz\/\"]}]}<\/script>\n<!-- \/ Yoast SEO Premium plugin. -->","yoast_head_json":{"title":"Steuererkl\u00e4rung bei Krankengeld: Ab 410 \u20ac Pflicht!","description":"Muss Krankengeld in die Steuererkl\u00e4rung\u2753 Erfahre hier alles, was du zum Thema Krankheit & Steuer wissen musst \u27a1\ufe0f Jetzt lesen.","robots":{"index":"index","follow":"follow","max-snippet":"max-snippet:-1","max-image-preview":"max-image-preview:large","max-video-preview":"max-video-preview:-1"},"canonical":"https:\/\/www.buhl.de\/steuer\/ratgeber\/krankengeld\/","og_locale":"de_DE","og_type":"article","og_title":"Muss ich Krankengeld versteuern?","og_description":"Muss Krankengeld in die Steuererkl\u00e4rung\u2753 Erfahre hier alles, was du zum Thema Krankheit & Steuer wissen musst \u27a1\ufe0f Jetzt lesen.","og_url":"https:\/\/www.buhl.de\/steuer\/ratgeber\/krankengeld\/","og_site_name":"WISO Steuer: Nr.1 App f\u00fcr die Steuererkl\u00e4rung","article_published_time":"2024-10-24T07:00:12+00:00","article_modified_time":"2024-10-24T08:17:13+00:00","og_image":[{"width":976,"height":400,"url":"https:\/\/www.buhl.de\/steuer\/wp-content\/uploads\/sites\/31\/2022\/04\/krankengeld-steuer-title.jpg","type":"image\/jpeg"}],"author":"Melanie Holz","twitter_card":"summary_large_image","twitter_misc":{"Verfasst von":"Melanie Holz","Gesch\u00e4tzte Lesezeit":"6\u00a0Minuten"},"schema":{"@context":"https:\/\/schema.org","@graph":[{"@type":"Article","@id":"https:\/\/www.buhl.de\/steuer\/ratgeber\/krankengeld\/#article","isPartOf":{"@id":"https:\/\/www.buhl.de\/steuer\/ratgeber\/krankengeld\/"},"author":{"name":"Melanie Holz","@id":"https:\/\/www.buhl.de\/steuer\/#\/schema\/person\/bdc3546e32ec6fea6ff8e85e9a87fd47"},"headline":"Muss ich Krankengeld versteuern?","datePublished":"2024-10-24T07:00:12+00:00","dateModified":"2024-10-24T08:17:13+00:00","mainEntityOfPage":{"@id":"https:\/\/www.buhl.de\/steuer\/ratgeber\/krankengeld\/"},"wordCount":1023,"publisher":{"@id":"https:\/\/www.buhl.de\/steuer\/#organization"},"image":{"@id":"https:\/\/www.buhl.de\/steuer\/ratgeber\/krankengeld\/#primaryimage"},"thumbnailUrl":"https:\/\/www.buhl.de\/steuer\/wp-content\/uploads\/sites\/31\/2022\/04\/krankengeld-steuer-title.jpg","articleSection":["Neueste Beitr\u00e4ge","Ratgeber: Gesundheit &amp; Steuern"],"inLanguage":"de"},{"@type":"WebPage","@id":"https:\/\/www.buhl.de\/steuer\/ratgeber\/krankengeld\/","url":"https:\/\/www.buhl.de\/steuer\/ratgeber\/krankengeld\/","name":"Steuererkl\u00e4rung bei Krankengeld: Ab 410 \u20ac Pflicht!","isPartOf":{"@id":"https:\/\/www.buhl.de\/steuer\/#website"},"primaryImageOfPage":{"@id":"https:\/\/www.buhl.de\/steuer\/ratgeber\/krankengeld\/#primaryimage"},"image":{"@id":"https:\/\/www.buhl.de\/steuer\/ratgeber\/krankengeld\/#primaryimage"},"thumbnailUrl":"https:\/\/www.buhl.de\/steuer\/wp-content\/uploads\/sites\/31\/2022\/04\/krankengeld-steuer-title.jpg","datePublished":"2024-10-24T07:00:12+00:00","dateModified":"2024-10-24T08:17:13+00:00","description":"Muss Krankengeld in die Steuererkl\u00e4rung\u2753 Erfahre hier alles, was du zum Thema Krankheit & Steuer wissen musst \u27a1\ufe0f Jetzt lesen.","breadcrumb":{"@id":"https:\/\/www.buhl.de\/steuer\/ratgeber\/krankengeld\/#breadcrumb"},"inLanguage":"de","potentialAction":[{"@type":"ReadAction","target":["https:\/\/www.buhl.de\/steuer\/ratgeber\/krankengeld\/"]}]},{"@type":"ImageObject","inLanguage":"de","@id":"https:\/\/www.buhl.de\/steuer\/ratgeber\/krankengeld\/#primaryimage","url":"https:\/\/www.buhl.de\/steuer\/wp-content\/uploads\/sites\/31\/2022\/04\/krankengeld-steuer-title.jpg","contentUrl":"https:\/\/www.buhl.de\/steuer\/wp-content\/uploads\/sites\/31\/2022\/04\/krankengeld-steuer-title.jpg","width":976,"height":400,"caption":"Krankengeld: Was muss ich bei der Steuererkl\u00e4rung beachten?"},{"@type":"BreadcrumbList","@id":"https:\/\/www.buhl.de\/steuer\/ratgeber\/krankengeld\/#breadcrumb","itemListElement":[{"@type":"ListItem","position":1,"name":"Steuererkl\u00e4rung","item":"https:\/\/www.buhl.de\/steuer\/"},{"@type":"ListItem","position":2,"name":"Muss ich Krankengeld versteuern?"}]},{"@type":"WebSite","@id":"https:\/\/www.buhl.de\/steuer\/#website","url":"https:\/\/www.buhl.de\/steuer\/","name":"WISO Steuer: Nr. 1 Steuer-App","description":"","publisher":{"@id":"https:\/\/www.buhl.de\/steuer\/#organization"},"potentialAction":[{"@type":"SearchAction","target":{"@type":"EntryPoint","urlTemplate":"https:\/\/www.buhl.de\/steuer\/?s={search_term_string}"},"query-input":{"@type":"PropertyValueSpecification","valueRequired":true,"valueName":"search_term_string"}}],"inLanguage":"de"},{"@type":"Organization","@id":"https:\/\/www.buhl.de\/steuer\/#organization","name":"WISO Steuer | Buhl Data Service GmbH","url":"https:\/\/www.buhl.de\/steuer\/","logo":{"@type":"ImageObject","inLanguage":"de","@id":"https:\/\/www.buhl.de\/steuer\/#\/schema\/logo\/image\/","url":"https:\/\/www.buhl.de\/steuer\/wp-content\/uploads\/sites\/31\/2026\/02\/logo-wiso-steuer-app.svg","contentUrl":"https:\/\/www.buhl.de\/steuer\/wp-content\/uploads\/sites\/31\/2026\/02\/logo-wiso-steuer-app.svg","width":375,"height":72,"caption":"WISO Steuer | Buhl Data Service GmbH"},"image":{"@id":"https:\/\/www.buhl.de\/steuer\/#\/schema\/logo\/image\/"}},{"@type":"Person","@id":"https:\/\/www.buhl.de\/steuer\/#\/schema\/person\/bdc3546e32ec6fea6ff8e85e9a87fd47","name":"Melanie Holz","image":{"@type":"ImageObject","inLanguage":"de","@id":"https:\/\/www.buhl.de\/steuer\/#\/schema\/person\/image\/","url":"https:\/\/www.buhl.de\/steuer\/wp-content\/uploads\/sites\/31\/2024\/07\/melanie.png","contentUrl":"https:\/\/www.buhl.de\/steuer\/wp-content\/uploads\/sites\/31\/2024\/07\/melanie.png","caption":"Melanie Holz"},"sameAs":["https:\/\/www.buhl.de\/steuer\/autoren\/melanie-holz\/"]}]}},"acf":[],"wps_subtitle":"Das haben Krankengeld und Steuererkl\u00e4rung miteinander zu tun","_links":{"self":[{"href":"https:\/\/www.buhl.de\/steuer\/wp-json\/wp\/v2\/posts\/50335","targetHints":{"allow":["GET"]}}],"collection":[{"href":"https:\/\/www.buhl.de\/steuer\/wp-json\/wp\/v2\/posts"}],"about":[{"href":"https:\/\/www.buhl.de\/steuer\/wp-json\/wp\/v2\/types\/post"}],"author":[{"embeddable":true,"href":"https:\/\/www.buhl.de\/steuer\/wp-json\/wp\/v2\/users\/158"}],"replies":[{"embeddable":true,"href":"https:\/\/www.buhl.de\/steuer\/wp-json\/wp\/v2\/comments?post=50335"}],"version-history":[{"count":12,"href":"https:\/\/www.buhl.de\/steuer\/wp-json\/wp\/v2\/posts\/50335\/revisions"}],"predecessor-version":[{"id":68562,"href":"https:\/\/www.buhl.de\/steuer\/wp-json\/wp\/v2\/posts\/50335\/revisions\/68562"}],"wp:featuredmedia":[{"embeddable":true,"href":"https:\/\/www.buhl.de\/steuer\/wp-json\/wp\/v2\/media\/50340"}],"wp:attachment":[{"href":"https:\/\/www.buhl.de\/steuer\/wp-json\/wp\/v2\/media?parent=50335"}],"wp:term":[{"taxonomy":"category","embeddable":true,"href":"https:\/\/www.buhl.de\/steuer\/wp-json\/wp\/v2\/categories?post=50335"},{"taxonomy":"post_tag","embeddable":true,"href":"https:\/\/www.buhl.de\/steuer\/wp-json\/wp\/v2\/tags?post=50335"}],"curies":[{"name":"wp","href":"https:\/\/api.w.org\/{rel}","templated":true}]}}