{"id":51101,"date":"2022-02-15T07:46:32","date_gmt":"2022-02-15T06:46:32","guid":{"rendered":"https:\/\/www.buhl.de\/steuer\/?p=51101"},"modified":"2024-10-10T11:45:28","modified_gmt":"2024-10-10T09:45:28","slug":"fachliteratur-absetzen","status":"publish","type":"post","link":"https:\/\/www.buhl.de\/steuer\/ratgeber\/fachliteratur-absetzen\/","title":{"rendered":"Fachliteratur absetzen"},"content":{"rendered":"<p>Lebenslange Weiterbildung \u2013 in den meisten Berufen unabdingbar. Um immer auf dem Laufenden zu sein, bilden sich viele Arbeitnehmer mit <strong>Fachliteratur<\/strong> fort. Die Kosten hierf\u00fcr sind als <a title=\"Werbungskosten absetzen\" href=\"https:\/\/www.buhl.de\/steuer\/ratgeber\/werbungskosten\/\">Werbungskosten<\/a> von der Steuer absetzbar. Was die Voraussetzungen daf\u00fcr sind, zeigen wir in diesem Beitrag.<\/p>\n<p><!--more--><\/p>\n<h2>Kurz &amp; knapp<\/h2>\n<ul>\n<li>Kosten f\u00fcr B\u00fccher, die du f\u00fcr deinen Beruf ben\u00f6tigst, kannst du als Werbungskosten absetzen<\/li>\n<li>Bis zu einem Betrag von 110 Euro fordert das Finanzamt keine Nachweise<\/li>\n<li>Auch Fachb\u00fccher f\u00fcr das Studium oder die Fortbildung k\u00f6nnen abgesetzt werden<\/li>\n<\/ul>\n\r\n        <div class=\"spacing-modul  \">\r\n            <div class=\"container spacing-modul\">\r\n               <div class=\"row\">\r\n                   <div id=\"\" class=\"anchor\"><\/div>\r\n                   <div class=\"col-12 modul-spacing-blog-c\"><\/div>\r\n                   <div class=\"col-12 modul-spacing-blog-c\"><\/div>\r\n               <\/div>\r\n            <\/div>\r\n        <\/div>\r\n    \r\n        <div class=\"white-background\">\r\n                <div class=\"video-d\">\r\n                    <div class=\"white-background\">\r\n                        <div class=\"container\">                       \r\n                            <div class=\"row justify-content-center\">\r\n                                <div class=\"text-center text-lg-left col-12 col-lg-6 col-xl-4 col-xl-offset-1 d-flex flex-column justify-content-center align-items-center align-items-lg-start\">\r\n                            <p class=\"font-cairo-10 blue-font headline-spacing-30 fw700\">Fachliteratur richtig absetzen<\/p>                     <p class=\"font-source-sans-pro-1 blue-font mobile-text-spacing-blog-30\">Wer Fachb\u00fccher f\u00fcr den Job kauft, kann damit Steuern sparen. Im Video zeigen wir, was f\u00fcr die Steuererkl\u00e4rung wichtig ist.<\/p>                               \r\n                                <\/div>\r\n                                \r\n                                <div class=\"col-12 col-lg-6 col-xl-4 col-xl-offset-1 d-flex justify-content-center align-items-center\">\r\n                                    <div class=\"d-flex justify-content-center\">\r\n                                        <a role=\"button\"\r\n                                           class=\"blue-font position-relative font-cairo-2 fw700\" href=\"#\" data-toggle=\"modal\"\r\n                                           data-target=\"#x3uraslr5N_A\">\r\n                                             <div class=\"video-player-button\">\r\n                                                    <span class=\"video-player-button-icon\"><\/span>                                             \r\n                                             <\/div>\r\n                                            <img decoding=\"async\" loading=\"lazy\" class=\"img-fluid\"\r\n                                                title=\"Video ansehen\" \r\n                                                alt=\"Video ansehen Vorschaubild\"\r\n                                                src=\"https:\/\/www.buhl.de\/steuer\/wp-content\/themes\/steuer-web\/buhl-steuer\/assets\/video\/steuer-web\/video-blog.webp\">\r\n                                        <\/a>\r\n                                        <div class=\"modal fade videoModal\" id=\"x3uraslr5N_A\">\r\n                                            <div class=\"modal-dialog modal-xl modal-dialog-centered\">\r\n                                                <div class=\"modal-content\">\r\n                                                    <!-- Modal Header -->\r\n                                                    <div class=\"modal-header\">\r\n                                                        <button type=\"button\" class=\"close\" data-dismiss=\"modal\">\r\n                                                             <span class=\"navbar-toggler-icon\"><\/span>\r\n                                                        <\/button>\r\n                                                    <\/div>\r\n                                                    <!-- Modal body -->                                                                                                    \r\n                                                <div class=\"modal-body\" id=\"yt-player\">\r\n                                                      <div class=\"lyte-wrapper\" style=\"width:1280px;max-width:100%;margin:5px;\"><div class=\"lyMe hidef\" id=\"WYL_3uraslr5N_A\"><div id=\"lyte_3uraslr5N_A\" data-src=\"https:\/\/www.buhl.de\/steuer\/wp-content\/plugins\/wp-youtube-lyte\/lyteCache.php?origThumbUrl=%2F%2Fi.ytimg.com%2Fvi%2F3uraslr5N_A%2Fmaxresdefault.jpg\" class=\"pL\"><div class=\"tC\"><div class=\"tT\"><\/div><\/div><div class=\"play\"><\/div><div class=\"ctrl\"><div class=\"Lctrl\"><\/div><div class=\"Rctrl\"><\/div><\/div><\/div><noscript><a href=\"https:\/\/youtu.be\/3uraslr5N_A\" rel=\"nofollow\"><img loading=\"lazy\" decoding=\"async\" src=\"https:\/\/www.buhl.de\/steuer\/wp-content\/plugins\/wp-youtube-lyte\/lyteCache.php?origThumbUrl=https%3A%2F%2Fi.ytimg.com%2Fvi%2F3uraslr5N_A%2F0.jpg\" alt=\"YouTube-Video-Vorschaubild\" width=\"1280\" height=\"700\" \/><br \/>Dieses Video auf YouTube ansehen<\/a><\/noscript><\/div><\/div><div class=\"lL\" style=\"max-width:100%;width:1280px;margin:5px;\"><\/div>                                                                            \r\n                                                 <\/div>                                                              \r\n                                                <\/div>\r\n                                            <\/div>\r\n                                        <\/div>\r\n                                    <\/div>\r\n                                <\/div>                  \r\n                            <\/div>\r\n                        <\/div>                       \r\n                    <\/div>\r\n                <\/div>\r\n            <\/div>\r\n    \r\n        <div class=\"spacing-modul  \">\r\n            <div class=\"container spacing-modul\">\r\n               <div class=\"row\">\r\n                   <div id=\"\" class=\"anchor\"><\/div>\r\n                   <div class=\"col-12 modul-spacing-default-b\"><\/div>\r\n                   <div class=\"col-12 modul-spacing-default-b\"><\/div>\r\n               <\/div>\r\n            <\/div>\r\n        <\/div>\r\n    \n<h2>Was kann ich als Fachliteratur absetzen?<\/h2>\n<p>Als Fachliteratur kannst du nur Medien absetzen, die im Zusammenhang mit dem ausge\u00fcbten T\u00e4tigkeit stehen. Als Fachliteratur erkennt das Finanzamt an:<\/p>\n<ul>\n<li>Fachb\u00fccher mit rein fachlichen Informationen<\/li>\n<li>Nachschlagewerke mit fachlichem Bezug<\/li>\n<li>Fachzeitschriften<\/li>\n<li>Fachzeitungen<\/li>\n<li>Loseblattsammlungen<\/li>\n<li>Elektronische Medien (zum Beispiel E-Books oder Online-Zeitschriften)<\/li>\n<\/ul>\n\r\n        <div class=\"spacing-modul  \">\r\n            <div class=\"container spacing-modul\">\r\n               <div class=\"row\">\r\n                   <div id=\"\" class=\"anchor\"><\/div>\r\n                   <div class=\"col-12 modul-spacing-blog-c\"><\/div>\r\n                   <div class=\"col-12 modul-spacing-blog-c\"><\/div>\r\n               <\/div>\r\n            <\/div>\r\n        <\/div>\r\n    \r\n        <div class=\"white-background\">\r\n            <div class=\"container\">\r\n                <div class=\"content expert-blog-module blog-wrapper\">\r\n                    <div class=\"row\">\r\n                        <div class=\"d-flex align-items-center text-center text-lg-left align-items-xl-start flex-column flex-xl-row col-12 offset-lg-2 col-lg-8 offset-xl-1 col-xl-9\">\r\n                            <img decoding=\"async\" loading=\"lazy\" class=\"img-fluid\" src=\"https:\/\/www.buhl.de\/steuer\/wp-content\/themes\/steuer-web\/buhl-steuer\/assets\/blog\/blog-module\/experten-tipp-icon.svg\" alt=\"Experten Tipp\" title=\"Experten Tipp\" \/>\r\n                            <div class=\"d-flex flex-column\">\r\n                                <h3 class=\"font-source-sans-pro-10 fw700 blue-font headline\">Fahrtkosten nicht vergessen<\/h3><div class=\"font-source-sans-pro-1 blue-font\">Auch die Fahrtkosten zum Kauf von Fachliteratur kannst du abziehen \u2013 mit 30 Cent je Kilometer.<\/div><\/div>\r\n                        <\/div>\r\n                    <\/div>\r\n                <\/div>\r\n            <\/div>\r\n        <\/div>\r\n    \r\n        <div class=\"spacing-modul  \">\r\n            <div class=\"container spacing-modul\">\r\n               <div class=\"row\">\r\n                   <div id=\"\" class=\"anchor\"><\/div>\r\n                   <div class=\"col-12 modul-spacing-default-b\"><\/div>\r\n                   <div class=\"col-12 modul-spacing-default-b\"><\/div>\r\n               <\/div>\r\n            <\/div>\r\n        <\/div>\r\n    \n<h3>Wann ist ein Buch ein Fachbuch?<\/h3>\n<p>Fachbuch ist nicht gleich Fachbuch. Denn auch wenn die Bezeichnung Fachbuch auf dem Beleg steht, reicht das dem Finanzamt noch lange nicht als Nachweis. Denn die Literatur muss sich eindeutig auf ein berufliches Aufgabengebiet spezialisieren \u2013 und damit rein fachliche Informationen enthalten. Meist ist das am Titel des Buches, sp\u00e4testens aber mit Blick auf das Inhaltsverzeichnis erkennbar.<\/p>\n<p>\u00dcberzeuge das Finanzamt davon, dass du die Literatur nahezu ausschlie\u00dflich beruflich verwendest. Erkl\u00e4re beispielsweise, wie du das Buch nutzt oder warum du gerade dieses Buch f\u00fcr deinen Beruf brauchst.<\/p>\n<h4>Das ist nicht absetzbar<\/h4>\n<p>Allgemeinbildende Literatur und unterhaltende Medien z\u00e4hlen in der Regel nicht zur Fachliteratur. Auch Tageszeitungen oder Magazine wie \u201eDer Spiegel\u201c oder \u201eCapital\u201c kannst du nicht absetzen.<\/p>\n<p>Allgemeinbildende Literatur ist nur in Ausnahmef\u00e4llen absetzbar, wenn diese ausschlie\u00dflich oder \u00fcberwiegend beruflich eingesetzt werden. Bei Lehrern ist das h\u00e4ufig klar: Sie ben\u00f6tigen diese f\u00fcr Unterricht sowie f\u00fcr dessen Vor- und Nachbereitung. Im Zweifelsfall sind die Kosten mit dem beruflichen Anteil aufzuteilen.<\/p>\n<p>Zeitschriften decken oft ein weites Themenfeld ab. Erhalten diese nicht nur berufsbezogene Informationen, erkennt das Finanzamt die Kosten oft nicht an. Mach hier die berufliche Nutzung klar, in dem du den Artikel ankreuzt, welcher f\u00fcr dich beruflich wichtig war. Dann bist du auf der sicheren Seite, falls das Finanzamt nachfragt.<\/p>\n<p>Lexika sind nur dann abzugsf\u00e4hig, wenn die darin stehenden Informationen fachspezifisch sind. Ein Brockhaus senkt deine Steuer somit nicht.<\/p>\n<h2>Brauche ich Nachweise f\u00fcr die Fachliteratur?<\/h2>\n<p>Ja, bewahre Belege f\u00fcr gekaufte Fachliteratur immer auf. Mit der <a title=\"Steuererkl\u00e4rung: Alle Infos im \u00dcberblick\" href=\"https:\/\/www.buhl.de\/steuer\/ratgeber\/steuererklaerung-machen\/\">Steuererkl\u00e4rung<\/a> musst du sie nicht mitschicken, auf Nachfrage solltest du die Ausgaben aber gegen\u00fcber dem Finanzamt nachweisen k\u00f6nnen. Achte darauf, dass Titel, Autor, Verlag oder Sachgebiet auf dem Beleg stehen. Am besten machst du mit der Steuer-Scan App ein Foto. Die App l\u00e4dt dann alles direkt in deine Steuererkl\u00e4rung. So geht nichts verloren und du hast deine Belege gleich parat.<\/p>\n\r\n        <div class=\"spacing-modul  \">\r\n            <div class=\"container spacing-modul\">\r\n               <div class=\"row\">\r\n                   <div id=\"\" class=\"anchor\"><\/div>\r\n                   <div class=\"col-12 modul-spacing-blog-c\"><\/div>\r\n                   <div class=\"col-12 modul-spacing-blog-c\"><\/div>\r\n               <\/div>\r\n            <\/div>\r\n        <\/div>\r\n    \r\n        <div class=\"white-background\">\r\n            <div class=\"full-width-text\">\r\n                <div class=\"inner-spacing blog-ad1-wrapper silver-background\">\r\n                    <div class=\"container blog-ad1\">\r\n                        <div class=\"row\">\r\n                        \r\n                            <div class=\"col-12 col-md-6 d-none d-md-flex align-content-center\">\r\n                                \r\n                                    <img decoding=\"async\" loading=\"lazy\" height=\"auto\" style=\"max-width:100%;\" alt=\"Steuer-Abruf Logo\" title=\"\" \r\n                                        class=\"mx-auto d-none d-md-block \" src=\"https:\/\/www.buhl.de\/steuer\/wp-content\/themes\/steuer-web\/buhl-steuer\/assets\/blog\/blog-ad1\/per-foto\/blog-rechnungen-foto-einfuegen.svg\" \/>\r\n                                \r\n                            <\/div>\r\n                        \r\n                            \r\n                            <div class=\"col-12 col-md-6\">\r\n                                \r\n                                    <div class=\"d-flex headline-spacing-30 justify-content-start\">\r\n                                        \r\n                                            <img decoding=\"async\" loading=\"lazy\" height=\"auto\" style=\"max-width:100%;\" alt=\"WISO&nbsp;Steuer Vorteile\" title=\"WISO&nbsp;Steuer Buhl Logo\" \r\n                                                class=\"d-none d-md-block \" src=\"https:\/\/www.buhl.de\/steuer\/wp-content\/themes\/steuer-web\/buhl-steuer\/assets\/full-width-text\/ad1\/logo-wiso-steuer.svg\" \/>\r\n                                        \r\n                                        \r\n                                                \r\n                                        \r\n                                            <img decoding=\"async\" loading=\"lazy\" alt=\"WISO&nbsp;Steuer Vorteile\" title=\"WISO&nbsp;Steuer Buhl Logo\" \r\n                                                class=\"mx-auto d-md-none mobile \" src=\"https:\/\/www.buhl.de\/steuer\/wp-content\/themes\/steuer-web\/buhl-steuer\/assets\/full-width-text\/ad1\/logo-wiso-steuer.svg\" \/>\r\n                                        \r\n                                    <\/div>\r\n                                \r\n                            \r\n                                \r\n                                    <p class=\"font-cairo-10 fw700 blue-font headline-spacing-30 text-center justify-content-start text-md-left\">Rechnungen einfach per Foto in die Steuer einf\u00fcgen<\/p>\r\n                                \r\n                    \r\n                                <div class=\"font-source-sans-pro-1 mt-30 mb-30 blue-font subline-width text-center text-md-left\">Sobald du eine Rechnung bekommst, machst du einfach ein Foto mit dem Smartphone und die App liest das Dokument automatisch als PDF f\u00fcr deine Steuererkl\u00e4rung ein. Wie ein Scanner, nur viel schlauer!<\/div>\r\n                                \r\n                                \r\n\r\n                                <div class=\"d-flex flex-column flex-md-row align-items-center align-items-md-start justify-content-start\">\r\n                                    \r\n                                    <a class=\"font-cairo-2 fw700 intro-button primary w-230 d-none d-md-flex mr-md-25 justify-content-center align-items-center\"\r\n                                       role=\"button\"\r\n                                       href=\"https:\/\/www.buhl.de\/shop\/wisosteuer\/auswahl?2025=agv&wkz=STWEBMARKETINGSEITE&src=WEB\"\r\n                                       target=\"_self\"\r\n                                       title=\"WISO&nbsp;Steuer Lizenz kaufen\"\r\n                                       id=\"steuerscanKauf\"\r\n                                       onclick=\"dataLayer.push({'event': 'ButtonClick SW','sw-button': 'click-preise'});\">\r\n                                       Jetzt kaufen\r\n                                    <\/a>\r\n                                    \r\n                                    \r\n                                    \r\n                                    <a class=\"d-flex justify-content-center align-items-center d-md-none font-cairo-2 fw700 intro-button primary w-230\"\r\n                                       role=\"button\"\r\n                                       href=\"https:\/\/www.buhl.de\/shop\/wisosteuer\/auswahl?2025=agv&wkz=STWEBMARKETINGSEITE&src=WEB\"\r\n                                       target=\"_self\"\r\n                                       title=\"WISO&nbsp;Steuer Lizenz kaufen\"\r\n                                       id=\"steuerscanKaufMobile\"\r\n                                       onclick=\"dataLayer.push({'event': 'ButtonClick SW','sw-button': 'click-preise'});\">\r\n                                       Jetzt kaufen\r\n                                    <\/a>\r\n                                    \r\n                                    \r\n                                    \r\n                                    \r\n                                    \r\n                                <\/div>\r\n                                \r\n                                \r\n                                    <div class=\"d-flex d-md-none align-content-center mobile-image-spacing\">\r\n                                        \r\n                                            <img decoding=\"async\" loading=\"lazy\" height=\"auto\" style=\"max-width:100%;\" alt=\"Steuer-Abruf Logo\" title=\"\" \r\n                                                class=\"\" src=\"https:\/\/www.buhl.de\/steuer\/wp-content\/themes\/steuer-web\/buhl-steuer\/assets\/blog\/blog-ad1\/per-foto\/blog-rechnungen-foto-einfuegen.svg\" \/>\r\n                                        \r\n                                    <\/div>\r\n                                \r\n                            <\/div>\r\n                        <\/div>\r\n                    <\/div>\r\n                <\/div>\r\n            <\/div>\r\n        <\/div>\r\n    \r\n        <div class=\"spacing-modul  \">\r\n            <div class=\"container spacing-modul\">\r\n               <div class=\"row\">\r\n                   <div id=\"\" class=\"anchor\"><\/div>\r\n                   <div class=\"col-12 modul-spacing-default-b\"><\/div>\r\n                   <div class=\"col-12 modul-spacing-default-b\"><\/div>\r\n               <\/div>\r\n            <\/div>\r\n        <\/div>\r\n    \n<h3>Was passiert, wenn ich keine Nachweise habe?<\/h3>\n<p>Du hast keine Belege mehr \u00fcber den Kauf der Fachliteratur? Kein Problem. Denn es wird ein bestimmter Betrag deiner Ausgaben auch ohne Nachweis akzeptiert. Das ist die sogenannte Nichtbeanstandungsgrenze. Sie ist aber kein gesetzlich geregelter Pauschbetrag, einen rechtlichen Anspruch darauf hast du daher nicht.<\/p>\n\r\n        <div class=\"spacing-modul  \">\r\n            <div class=\"container spacing-modul\">\r\n               <div class=\"row\">\r\n                   <div id=\"\" class=\"anchor\"><\/div>\r\n                   <div class=\"col-12 modul-spacing-blog-c\"><\/div>\r\n                   <div class=\"col-12 modul-spacing-blog-c\"><\/div>\r\n               <\/div>\r\n            <\/div>\r\n        <\/div>\r\n    \r\n        <div class=\"white-background\">\r\n            <div class=\"container\">\r\n                <div class=\"content info-blog-modul blog-wrapper\">\r\n                    <div class=\"row\">\r\n                        <div class=\"d-flex align-items-center text-center text-lg-left align-items-xl-start flex-column flex-xl-row col-12 offset-lg-2 col-lg-8 offset-xl-1 col-xl-9\">\r\n                            <img decoding=\"async\" loading=\"lazy\" class=\"img-fluid\" src=\"https:\/\/www.buhl.de\/steuer\/wp-content\/themes\/steuer-web\/buhl-steuer\/assets\/blog\/blog-module\/info-icon.svg\" alt=\"Information zum Thema\" title=\"Information zum Thema\" \/>\r\n                            <div class=\"d-flex flex-column\">\r\n                                <h3 class=\"font-source-sans-pro-10 fw700 blue-font headline\">So viel ist ohne Nachweis absetzbar<\/h3><div class=\"font-source-sans-pro-1 blue-font\">Die meisten Finanz\u00e4mter akzeptieren dabei bis zu 103 Euro bei den Werbungskosten in der <a title=\"Steuererkl\u00e4rung: Alle Infos im \u00dcberblick\" href=\"https:\/\/www.buhl.de\/steuer\/ratgeber\/steuererklaerung-machen\/\">Steuererkl\u00e4rung<\/a>. In Baden-W\u00fcrttemberg liegt die Grenze sogar bei 110 Euro. In Sachsen hingegen werden gar keine Kosten ohne Belege anerkannt.<\/div><\/div>\r\n                        <\/div>\r\n                    <\/div>\r\n                <\/div>\r\n            <\/div>\r\n        <\/div>\r\n    \r\n        <div class=\"spacing-modul  \">\r\n            <div class=\"container spacing-modul\">\r\n               <div class=\"row\">\r\n                   <div id=\"\" class=\"anchor\"><\/div>\r\n                   <div class=\"col-12 modul-spacing-default-b\"><\/div>\r\n                   <div class=\"col-12 modul-spacing-default-b\"><\/div>\r\n               <\/div>\r\n            <\/div>\r\n        <\/div>\r\n    \n<p>Auch gilt diese Grenze f\u00fcr Arbeitsmittel im Allgemeinen. Hast du die 103 Euro bereits bei anderen Arbeitsmitteln genutzt? Dann solltest du die Kosten f\u00fcr deine Fachliteratur auf Nachfrage belegen k\u00f6nnen.<\/p>\n<h2>Wie trage ich Fachliteratur in die Steuererkl\u00e4rung ein?<\/h2>\n<p>Die Kosten f\u00fcr Fachliteratur kannst du als <a title=\"Arbeitsmittel absetzen\" href=\"https:\/\/www.buhl.de\/steuer\/ratgeber\/arbeitsmittel-absetzen\/\">Arbeitsmittel absetzen<\/a>. Am besten erledigst du das mit WISO Steuer, denn die Software unterst\u00fctzt dich mit vielen Tipps. \u00dcbrigens: WISO Steuer tr\u00e4gt f\u00fcr dich automatisch die 103 Euro ein, die das Finanzamt ohne Nachweis akzeptiert.<\/p>\n<p>In WISO Steuer gibst du deine Ausgaben einfach unter: <em>Arbeitnehmer, Betriebsrentner und Pension\u00e4re Ausgaben (Werbungskosten) &gt; Sonstiges &gt; Fachliteratur<\/em><\/p>\n\r\n        <div class=\"spacing-modul  \">\r\n            <div class=\"container spacing-modul\">\r\n               <div class=\"row\">\r\n                   <div id=\"\" class=\"anchor\"><\/div>\r\n                   <div class=\"col-12 modul-spacing-blog-c\"><\/div>\r\n                   <div class=\"col-12 modul-spacing-blog-c\"><\/div>\r\n               <\/div>\r\n            <\/div>\r\n        <\/div>\r\n    \r\n        <div class=\"white-background d-none d-lg-block\">\r\n            <div class=\"container blog-image\">\r\n            \t<div class=\"row\">\r\n       <p class=\"col-12 font-source-sans-pro-1 blue-font\">\n<\/p>\r\n                <div class=\"d-flex col-12 align-items-center justify-content-center\">\r\n                         \r\n                            <a id=\"\" target=\"_self\" title=\"\" href=\"\">\r\n                         \r\n                      <picture class=\"img-fluid\">\r\n                             <img decoding=\"async\" loading=\"lazy\"\r\n                              alt=\"Eingabemaske f\u00fcr Fachliteratur in WISO Steuer\" \r\n                              title=\"\"\r\n                              src=\"https:\/\/www.buhl.de\/steuer\/wp-content\/uploads\/sites\/31\/2024\/10\/fachliteratur-absetzen-steuererklaerung.png\" >\r\n                      <\/picture>     \r\n                      \t\r\n                        \t<\/a>\r\n                    \t                      \r\n\t\t\t\t\t<\/div>  \r\n\t\t\t\t<\/div>                       \r\n            <\/div>\r\n        <\/div>                  \r\n    \n\r\n        <div class=\"white-background  d-lg-none\">\r\n            <div class=\"container blog-image\">\r\n            \t<div class=\"row\">\r\n       <p class=\"col-12 font-source-sans-pro-1 blue-font\">\n<\/p>\r\n                <div class=\"d-flex col-12 align-items-center justify-content-center\">\r\n                         \r\n                            <a id=\"\" target=\"_self\" title=\"\" href=\"\">\r\n                         \r\n                      <picture class=\"img-fluid\">\r\n                             <img decoding=\"async\" loading=\"lazy\"\r\n                              alt=\"Eingabemaske f\u00fcr Fachliteratur in der App WISO Steuer\" \r\n                              title=\"\"\r\n                              src=\"https:\/\/www.buhl.de\/steuer\/wp-content\/uploads\/sites\/31\/2024\/10\/fachliteratur-absetzen-steuer-app.png\" >\r\n                      <\/picture>     \r\n                      \t\r\n                        \t<\/a>\r\n                    \t                      \r\n\t\t\t\t\t<\/div>  \r\n\t\t\t\t<\/div>                       \r\n            <\/div>\r\n        <\/div>                  \r\n    \n\r\n        <div role=\"region\" aria-label=\"\" class=\"white-background\">\r\n            <div class=\"container\">\r\n                <div class=\"row\">\r\n                    <div class=\"col-12 d-flex justify-content-center align-items-center flex-column flex-lg-row\">\r\n                    \r\n\r\n                    \r\n                        <a class=\"secondary w-230 d-none d-md-flex justify-content-center align-items-center font-cairo-2 fw700 action-anonymous\"\r\n                            role=\"button\"\r\n                            href=\"https:\/\/www.buhl.de\/mein-buhlkonto\/?buhlparam=2100101\"\r\n                            title=\"Kostenlos testen\"\r\n                            target=\"_self\"\r\n                            id=\"fachliteratur-eintragen\"\r\n                            onclick=\"dataLayer.push({'event': 'ButtonClick SW','sw-button': 'click-testen'});\">\r\n                            Kostenlos testen\r\n                        <\/a>\r\n\r\n                        <a class=\"secondary w-230 d-flex d-md-none justify-content-center align-items-center font-cairo-2 fw700 action-anonymous\"\r\n                            role=\"button\"\r\n                            href=\"https:\/\/www.buhl.de\/mein-buhlkonto\/?buhlparam=2100101\"\r\n                            title=\"Kostenlos testen\"\r\n                            target=\"_self\"\r\n                            id=\"fachliteratur-eintragen-m\"\r\n                            onclick=\"dataLayer.push({'event': 'ButtonClick SW','sw-button': 'click-mobile-starten'});\">\r\n                            Kostenlos testen\r\n                        <\/a>\r\n                    \r\n                    <\/div>\r\n                <\/div>\r\n            <\/div>\r\n        <\/div>\r\n    \r\n        <div class=\"spacing-modul  \">\r\n            <div class=\"container spacing-modul\">\r\n               <div class=\"row\">\r\n                   <div id=\"\" class=\"anchor\"><\/div>\r\n                   <div class=\"col-12 modul-spacing-default-b\"><\/div>\r\n                   <div class=\"col-12 modul-spacing-default-b\"><\/div>\r\n               <\/div>\r\n            <\/div>\r\n        <\/div>\r\n    \n<h2>Kann ich Fachliteratur auch im Studium absetzen?<\/h2>\n<p>Ja. Die <a title=\"Steuern sparen als Student\" href=\"https:\/\/www.buhl.de\/steuer\/steuererklaerung-studenten\/\">Steuererkl\u00e4rung f\u00fcr Studenten<\/a> lohnt sich. Denn sie k\u00f6nnen Ausgaben rund um Fachliteratur absetzen \u2013 und davon haben sie ja meist nicht gerade wenig. Sammle daher alle Belege rund um Fachliteratur f\u00fcr dein Studium. So setzt du das in der Steuererkl\u00e4rung ab:<\/p>\n<ul>\n<li>Im Erststudium: als <a title=\"Sonderausgaben absetzen\" href=\"https:\/\/www.buhl.de\/steuer\/ratgeber\/sonderausgaben\/\">Sonderausgaben <\/a><\/li>\n<li>Im Zweitstudium: als <a title=\"Werbungskosten absetzen\" href=\"https:\/\/www.buhl.de\/steuer\/ratgeber\/werbungskosten\/\">Werbungskosten <\/a><\/li>\n<\/ul>\n<p>\u00dcber Werbungskosten kannst du deutlich mehr von deinen <a title=\"Studienkosten absetzen\" href=\"https:\/\/www.buhl.de\/steuer\/ratgeber\/studienkosten-absetzen\/\">Studienkosten absetzen<\/a>. Hier ist auch der <a title=\"Mit dem Verlustvortrag Steuern sparen\" href=\"https:\/\/www.buhl.de\/steuer\/ratgeber\/verlustvortrag\/\">Verlustvortrag<\/a> m\u00f6glich.<\/p>\n<p>Hast du aktuell keine Besch\u00e4ftigung, kannst du trotzdem deine Fachliteratur absetzen. H\u00e4ltst du dich beruflich auf dem Laufenden, kannst du deine Kosten als vorab entstandene Werbungskosten in der Steuererkl\u00e4rung angeben.<\/p>\n<h2>Schulb\u00fccher der Kinder absetzen \u2013 geht das?<\/h2>\n<p>Jedes Schuljahr werden sie erneut f\u00e4llig: neue Schulb\u00fccher f\u00fcr die Kleinen. Da w\u00e4re es doch praktisch, wenn man die Kosten auch von der Steuer absetzen k\u00f6nnte! Doch das geht leider nicht. Denn die Ausgaben stellen sogenannte Kosten der privaten Lebensf\u00fchrung dar \u2013 und sind damit steuerlich nicht relevant. Gleiches gilt f\u00fcr weitere Schulausgaben wie M\u00e4ppchen, Ranzen, Hefte und Stifte.<\/p>\n\r\n        <div class=\"white-background small-module\">\r\n            <div class=\"container\">\r\n                <div class=\"row\">\r\n                    <div class=\"col-12\">\r\n                        <div class=\"content blog-read-more\">\r\n                <a role=\"button\" onclick=\"dataLayer.push({'event': 'ButtonClick SW','sw-button': 'read-more-click-intext'});\" class=\"d-flex flex-column flex-md-row\" href=\"https:\/\/www.buhl.de\/steuer\/ratgeber\/homeschooling-steuerlich-absetzbar\/\">\r\n                    <div class=\"img-size\">\r\n                        <img decoding=\"async\" loading=\"lazy\" alt=\"\" title=\"Sind Ausgaben f\u00fcr Homeschooling steuerlich absetzbar?\" src=\"https:\/\/www.buhl.de\/steuer\/wp-content\/uploads\/sites\/31\/2022\/04\/homeschooling-steuerlich-absetzbar.jpg\" \/>\r\n                    <\/div>\r\n                    <div class=\"w-100 d-flex flex-column justify-content-center\">\r\n                        <div class=\"font-cairo-7 fw700 ellipsis-two-row blue-font\">Sind Ausgaben f\u00fcr Homeschooling steuerlich absetzbar?<\/div>\r\n                        <div class=\"font-source-sans-pro-1 ellipsis-two-row blue-font headline-spacing-10\"><p>Was Eltern in die Steuererkl\u00e4rung eintragen k\u00f6nnen<\/div>\r\n                        <div class=\"font-source-sans-pro-1 position-relative orange-font\">weiterlesen <span class=\"arrow-right-orange\"><\/span><\/div>\r\n                    <\/div>\r\n                <\/a>\r\n                        <\/div>\r\n                    <\/div>\r\n                <\/div>\r\n            <\/div>\r\n        <\/div>\r\n    \r\n        <div class=\"spacing-modul  \">\r\n            <div class=\"container spacing-modul\">\r\n               <div class=\"row\">\r\n                   <div id=\"\" class=\"anchor\"><\/div>\r\n                   <div class=\"col-12 modul-spacing-default-b\"><\/div>\r\n                   <div class=\"col-12 modul-spacing-default-b\"><\/div>\r\n               <\/div>\r\n            <\/div>\r\n        <\/div>\r\n    \n\r\n    <div class=\"white-background store-notification \">\r\n        <div class=\"yellow-background\">\r\n            <div class=\"container\">\r\n                <div class=\"row justify-content-center justify-content-md-start justify-content-lg-center\">\r\n                    <div class=\"col-12 inner-modul-spacing-default\"><\/div>\r\n\r\n                    <div class=\"col-12\">\r\n                        <div class=\"row\">\r\n                            <div class=\"offset-lg-1 col-12 col-md-5 col-lg-4 text-center text-md-right d-flex flex-column justify-content-center align-items-center align-items-lg-end mb-0  \">\r\n                                <p class=\"font-cairo-1 fw700 blue-font headline-spacing-50 blue-font headline-spacing-30 sm-only\">Du m\u00f6chtest WISO&nbsp;Steuer ausprobieren?<\/p>\r\n                                <p class=\"font-source-sans-pro-1 blue-font headline-spacing-50\">Starte jetzt einfach deinen kostenlosen Test. Anonym, ohne Verpflichtungen und so lange du m\u00f6chtest. Erst bei der Abgabe an das Finanzamt fallen Geb\u00fchren an.<br\/>Das hei\u00dft: Null Risiko f\u00fcr dich.<\/p>\r\n                                \r\n                                \r\n                                    <a class=\"d-none d-lg-flex font-cairo-2 fw700 justify-content-center align-items-center w-230 headline-spacing-50 secondary \"\r\n                                        role=\"button\"\r\n                                        id=\"testen-ausprobieren\"\r\n                                        href=\"https:\/\/www.buhl.de\/mein-buhlkonto\/?buhlparam=2100101\"\r\n                                        target=\"_self\"\r\n                                        title=\"Kostenlos & unverbindlich testen\"\r\n                                        onclick=\"dataLayer.push({'event': 'ButtonClick SW','sw-button': 'click-testen'});\">\r\n                                        Kostenlos testen\r\n                                    <\/a>                                    \r\n                                \r\n                                \r\n                                \r\n                                    <a class=\"d-flex d-lg-none font-cairo-2 fw700 justify-content-center align-items-center w-230 headline-spacing-50 secondary \"\r\n                                        role=\"button\"\r\n                                        id=\"testen-ausprobieren\"\r\n                                        href=\"https:\/\/www.buhl.de\/mein-buhlkonto\/?buhlparam=2100101\"\r\n                                        target=\"_self\"\r\n                                        title=\"Kostenlos & unverbindlich testen\"\r\n                                        onclick=\"dataLayer.push({'event': 'ButtonClick SW','sw-button': 'click-mobile-starten'});\">\r\n                                        Kostenlos testen\r\n                                    <\/a>         \r\n                                \r\n                                \r\n                                \r\n                            <\/div>\r\n                            \r\n                            \r\n\r\n\r\n\t\t   \t\t\t\t\t \r\n\t\t\t\t\t\t\t<div class=\"d-flex offset-md-1 col-12 col-md-5 justify-content-center justify-content-lg-start align-items-center \"> \r\n\t\t\t\t\t\t\t\t<picture class=\"picture-spacing  \">\r\n\t\t\t\t\t\t\t\t\t<source media=\"(min-width: 992px)\" srcset=\"https:\/\/www.buhl.de\/steuer\/wp-content\/themes\/steuer-web\/buhl-steuer\/assets\/store-notification\/test-it\/wiso-steuer-abruf-kostenlos-testen.svg\">\r\n\t\t\t\t\t\t\t\t\t<source media=\"(min-width: 768px)\" srcset=\"https:\/\/www.buhl.de\/steuer\/wp-content\/themes\/steuer-web\/buhl-steuer\/assets\/store-notification\/test-it\/wiso-steuer-abruf-kostenlos-testen.svg\">\r\n\t\t\t\t\t\t\t\t\t<source media=\"(min-width: 1px)\" srcset=\"https:\/\/www.buhl.de\/steuer\/wp-content\/themes\/steuer-web\/buhl-steuer\/assets\/store-notification\/test-it\/wiso-steuer-abruf-kostenlos-testen.svg\">\r\n\t\t\t\t\t\t\t\t\t<img loading=\"lazy\" class=\" img-fluid\"\r\n\t\t\t\t\t\t\t\t\t\t\talt=\"Steuer-App Beispiel\" \r\n\t\t\t\t\t\t\t\t\t\t\ttitle=\"Steuer-App herunterladen\"\r\n\t\t\t\t\t\t\t\t\t\t\tsrc=\"https:\/\/www.buhl.de\/steuer\/wp-content\/themes\/steuer-web\/buhl-steuer\/assets\/store-notification\/test-it\/wiso-steuer-abruf-kostenlos-testen.svg\" >\r\n\t\t\t\t\t\t\t\t<\/picture>\r\n                            <\/div>\r\n                            \r\n                        <\/div>\r\n                    <\/div>\r\n                <\/div>\r\n            <\/div>\r\n        <\/div>\r\n    <\/div>\r\n\n","protected":false},"excerpt":{"rendered":"<p>Lebenslange Weiterbildung \u2013 in den meisten Berufen unabdingbar. Um immer auf dem Laufenden zu sein, bilden sich viele Arbeitnehmer mit Fachliteratur fort. Die Kosten hierf\u00fcr sind als Werbungskosten von der Steuer absetzbar. Was die Voraussetzungen daf\u00fcr sind, zeigen wir in diesem Beitrag.<\/p>\n","protected":false},"author":104,"featured_media":51121,"comment_status":"closed","ping_status":"open","sticky":false,"template":"","format":"standard","meta":{"_acf_changed":false,"footnotes":""},"categories":[2841,2811],"tags":[],"class_list":["post-51101","post","type-post","status-publish","format-standard","has-post-thumbnail","hentry","category-alle","category-ausbildung"],"yoast_head":"<!-- This site is optimized with the Yoast SEO Premium plugin v27.0 (Yoast SEO v27.0) - https:\/\/yoast.com\/product\/yoast-seo-premium-wordpress\/ -->\n<title>Fachliteratur \ud83e\udd13 Welche Kosten sind steuerlich absetzbar?<\/title>\n<meta name=\"description\" content=\"Lesen bildet. \u261d Und Fachb\u00fccher und Co. helfen sogar noch beim Steuernsparen \ud83e\udd11 Hier klicken und Anleitung lesen.\" \/>\n<meta name=\"robots\" content=\"index, follow, max-snippet:-1, max-image-preview:large, max-video-preview:-1\" \/>\n<link rel=\"canonical\" href=\"https:\/\/www.buhl.de\/steuer\/ratgeber\/fachliteratur-absetzen\/\" \/>\n<meta property=\"og:locale\" content=\"de_DE\" \/>\n<meta property=\"og:type\" content=\"article\" \/>\n<meta property=\"og:title\" content=\"Fachliteratur absetzen\" \/>\n<meta property=\"og:description\" content=\"Lesen bildet. \u261d Und Fachb\u00fccher und Co. helfen sogar noch beim Steuernsparen \ud83e\udd11 Hier klicken und Anleitung lesen.\" \/>\n<meta property=\"og:url\" content=\"https:\/\/www.buhl.de\/steuer\/ratgeber\/fachliteratur-absetzen\/\" \/>\n<meta property=\"og:site_name\" content=\"WISO Steuer: Nr.1 App f\u00fcr die Steuererkl\u00e4rung\" \/>\n<meta property=\"article:published_time\" content=\"2022-02-15T06:46:32+00:00\" \/>\n<meta property=\"article:modified_time\" content=\"2024-10-10T09:45:28+00:00\" \/>\n<meta property=\"og:image\" content=\"https:\/\/www.buhl.de\/steuer\/wp-content\/uploads\/sites\/31\/2022\/06\/fachliteratur-absetzen-title.jpg\" \/>\n\t<meta property=\"og:image:width\" content=\"976\" \/>\n\t<meta property=\"og:image:height\" content=\"400\" \/>\n\t<meta property=\"og:image:type\" content=\"image\/jpeg\" \/>\n<meta name=\"author\" content=\"Olesja Hess\" \/>\n<meta name=\"twitter:card\" content=\"summary_large_image\" \/>\n<meta name=\"twitter:label1\" content=\"Verfasst von\" \/>\n\t<meta name=\"twitter:data1\" content=\"Olesja Hess\" \/>\n\t<meta name=\"twitter:label2\" content=\"Gesch\u00e4tzte Lesezeit\" \/>\n\t<meta name=\"twitter:data2\" content=\"6\u00a0Minuten\" \/>\n<script type=\"application\/ld+json\" class=\"yoast-schema-graph\">{\"@context\":\"https:\/\/schema.org\",\"@graph\":[{\"@type\":\"Article\",\"@id\":\"https:\/\/www.buhl.de\/steuer\/ratgeber\/fachliteratur-absetzen\/#article\",\"isPartOf\":{\"@id\":\"https:\/\/www.buhl.de\/steuer\/ratgeber\/fachliteratur-absetzen\/\"},\"author\":{\"name\":\"Olesja Hess\",\"@id\":\"https:\/\/www.buhl.de\/steuer\/#\/schema\/person\/e25d76546852380c601f99020b73fcf6\"},\"headline\":\"Fachliteratur absetzen\",\"datePublished\":\"2022-02-15T06:46:32+00:00\",\"dateModified\":\"2024-10-10T09:45:28+00:00\",\"mainEntityOfPage\":{\"@id\":\"https:\/\/www.buhl.de\/steuer\/ratgeber\/fachliteratur-absetzen\/\"},\"wordCount\":981,\"publisher\":{\"@id\":\"https:\/\/www.buhl.de\/steuer\/#organization\"},\"image\":{\"@id\":\"https:\/\/www.buhl.de\/steuer\/ratgeber\/fachliteratur-absetzen\/#primaryimage\"},\"thumbnailUrl\":\"https:\/\/www.buhl.de\/steuer\/wp-content\/uploads\/sites\/31\/2022\/06\/fachliteratur-absetzen-title.jpg\",\"articleSection\":[\"Neueste Beitr\u00e4ge\",\"Ratgeber: Ausbildung &amp; Steuern\"],\"inLanguage\":\"de\"},{\"@type\":\"WebPage\",\"@id\":\"https:\/\/www.buhl.de\/steuer\/ratgeber\/fachliteratur-absetzen\/\",\"url\":\"https:\/\/www.buhl.de\/steuer\/ratgeber\/fachliteratur-absetzen\/\",\"name\":\"Fachliteratur \ud83e\udd13 Welche Kosten sind steuerlich absetzbar?\",\"isPartOf\":{\"@id\":\"https:\/\/www.buhl.de\/steuer\/#website\"},\"primaryImageOfPage\":{\"@id\":\"https:\/\/www.buhl.de\/steuer\/ratgeber\/fachliteratur-absetzen\/#primaryimage\"},\"image\":{\"@id\":\"https:\/\/www.buhl.de\/steuer\/ratgeber\/fachliteratur-absetzen\/#primaryimage\"},\"thumbnailUrl\":\"https:\/\/www.buhl.de\/steuer\/wp-content\/uploads\/sites\/31\/2022\/06\/fachliteratur-absetzen-title.jpg\",\"datePublished\":\"2022-02-15T06:46:32+00:00\",\"dateModified\":\"2024-10-10T09:45:28+00:00\",\"description\":\"Lesen bildet. \u261d Und Fachb\u00fccher und Co. helfen sogar noch beim Steuernsparen \ud83e\udd11 Hier klicken und Anleitung lesen.\",\"breadcrumb\":{\"@id\":\"https:\/\/www.buhl.de\/steuer\/ratgeber\/fachliteratur-absetzen\/#breadcrumb\"},\"inLanguage\":\"de\",\"potentialAction\":[{\"@type\":\"ReadAction\",\"target\":[\"https:\/\/www.buhl.de\/steuer\/ratgeber\/fachliteratur-absetzen\/\"]}]},{\"@type\":\"ImageObject\",\"inLanguage\":\"de\",\"@id\":\"https:\/\/www.buhl.de\/steuer\/ratgeber\/fachliteratur-absetzen\/#primaryimage\",\"url\":\"https:\/\/www.buhl.de\/steuer\/wp-content\/uploads\/sites\/31\/2022\/06\/fachliteratur-absetzen-title.jpg\",\"contentUrl\":\"https:\/\/www.buhl.de\/steuer\/wp-content\/uploads\/sites\/31\/2022\/06\/fachliteratur-absetzen-title.jpg\",\"width\":976,\"height\":400},{\"@type\":\"BreadcrumbList\",\"@id\":\"https:\/\/www.buhl.de\/steuer\/ratgeber\/fachliteratur-absetzen\/#breadcrumb\",\"itemListElement\":[{\"@type\":\"ListItem\",\"position\":1,\"name\":\"Steuererkl\u00e4rung\",\"item\":\"https:\/\/www.buhl.de\/steuer\/\"},{\"@type\":\"ListItem\",\"position\":2,\"name\":\"Fachliteratur absetzen\"}]},{\"@type\":\"WebSite\",\"@id\":\"https:\/\/www.buhl.de\/steuer\/#website\",\"url\":\"https:\/\/www.buhl.de\/steuer\/\",\"name\":\"WISO Steuer: Nr. 1 Steuer-App\",\"description\":\"\",\"publisher\":{\"@id\":\"https:\/\/www.buhl.de\/steuer\/#organization\"},\"potentialAction\":[{\"@type\":\"SearchAction\",\"target\":{\"@type\":\"EntryPoint\",\"urlTemplate\":\"https:\/\/www.buhl.de\/steuer\/?s={search_term_string}\"},\"query-input\":{\"@type\":\"PropertyValueSpecification\",\"valueRequired\":true,\"valueName\":\"search_term_string\"}}],\"inLanguage\":\"de\"},{\"@type\":\"Organization\",\"@id\":\"https:\/\/www.buhl.de\/steuer\/#organization\",\"name\":\"WISO Steuer | Buhl Data Service GmbH\",\"url\":\"https:\/\/www.buhl.de\/steuer\/\",\"logo\":{\"@type\":\"ImageObject\",\"inLanguage\":\"de\",\"@id\":\"https:\/\/www.buhl.de\/steuer\/#\/schema\/logo\/image\/\",\"url\":\"https:\/\/www.buhl.de\/steuer\/wp-content\/uploads\/sites\/31\/2026\/02\/logo-wiso-steuer-app.svg\",\"contentUrl\":\"https:\/\/www.buhl.de\/steuer\/wp-content\/uploads\/sites\/31\/2026\/02\/logo-wiso-steuer-app.svg\",\"width\":375,\"height\":72,\"caption\":\"WISO Steuer | Buhl Data Service GmbH\"},\"image\":{\"@id\":\"https:\/\/www.buhl.de\/steuer\/#\/schema\/logo\/image\/\"}},{\"@type\":\"Person\",\"@id\":\"https:\/\/www.buhl.de\/steuer\/#\/schema\/person\/e25d76546852380c601f99020b73fcf6\",\"name\":\"Olesja Hess\",\"image\":{\"@type\":\"ImageObject\",\"inLanguage\":\"de\",\"@id\":\"https:\/\/www.buhl.de\/steuer\/#\/schema\/person\/image\/\",\"url\":\"https:\/\/www.buhl.de\/steuer\/wp-content\/uploads\/sites\/31\/2024\/07\/olesja.png\",\"contentUrl\":\"https:\/\/www.buhl.de\/steuer\/wp-content\/uploads\/sites\/31\/2024\/07\/olesja.png\",\"caption\":\"Olesja Hess\"},\"sameAs\":[\"https:\/\/www.buhl.de\/steuer\/autoren\/olesja-hess\/\"]}]}<\/script>\n<!-- \/ Yoast SEO Premium plugin. -->","yoast_head_json":{"title":"Fachliteratur \ud83e\udd13 Welche Kosten sind steuerlich absetzbar?","description":"Lesen bildet. \u261d Und Fachb\u00fccher und Co. helfen sogar noch beim Steuernsparen \ud83e\udd11 Hier klicken und Anleitung lesen.","robots":{"index":"index","follow":"follow","max-snippet":"max-snippet:-1","max-image-preview":"max-image-preview:large","max-video-preview":"max-video-preview:-1"},"canonical":"https:\/\/www.buhl.de\/steuer\/ratgeber\/fachliteratur-absetzen\/","og_locale":"de_DE","og_type":"article","og_title":"Fachliteratur absetzen","og_description":"Lesen bildet. \u261d Und Fachb\u00fccher und Co. helfen sogar noch beim Steuernsparen \ud83e\udd11 Hier klicken und Anleitung lesen.","og_url":"https:\/\/www.buhl.de\/steuer\/ratgeber\/fachliteratur-absetzen\/","og_site_name":"WISO Steuer: Nr.1 App f\u00fcr die Steuererkl\u00e4rung","article_published_time":"2022-02-15T06:46:32+00:00","article_modified_time":"2024-10-10T09:45:28+00:00","og_image":[{"width":976,"height":400,"url":"https:\/\/www.buhl.de\/steuer\/wp-content\/uploads\/sites\/31\/2022\/06\/fachliteratur-absetzen-title.jpg","type":"image\/jpeg"}],"author":"Olesja Hess","twitter_card":"summary_large_image","twitter_misc":{"Verfasst von":"Olesja Hess","Gesch\u00e4tzte Lesezeit":"6\u00a0Minuten"},"schema":{"@context":"https:\/\/schema.org","@graph":[{"@type":"Article","@id":"https:\/\/www.buhl.de\/steuer\/ratgeber\/fachliteratur-absetzen\/#article","isPartOf":{"@id":"https:\/\/www.buhl.de\/steuer\/ratgeber\/fachliteratur-absetzen\/"},"author":{"name":"Olesja Hess","@id":"https:\/\/www.buhl.de\/steuer\/#\/schema\/person\/e25d76546852380c601f99020b73fcf6"},"headline":"Fachliteratur absetzen","datePublished":"2022-02-15T06:46:32+00:00","dateModified":"2024-10-10T09:45:28+00:00","mainEntityOfPage":{"@id":"https:\/\/www.buhl.de\/steuer\/ratgeber\/fachliteratur-absetzen\/"},"wordCount":981,"publisher":{"@id":"https:\/\/www.buhl.de\/steuer\/#organization"},"image":{"@id":"https:\/\/www.buhl.de\/steuer\/ratgeber\/fachliteratur-absetzen\/#primaryimage"},"thumbnailUrl":"https:\/\/www.buhl.de\/steuer\/wp-content\/uploads\/sites\/31\/2022\/06\/fachliteratur-absetzen-title.jpg","articleSection":["Neueste Beitr\u00e4ge","Ratgeber: Ausbildung &amp; Steuern"],"inLanguage":"de"},{"@type":"WebPage","@id":"https:\/\/www.buhl.de\/steuer\/ratgeber\/fachliteratur-absetzen\/","url":"https:\/\/www.buhl.de\/steuer\/ratgeber\/fachliteratur-absetzen\/","name":"Fachliteratur \ud83e\udd13 Welche Kosten sind steuerlich absetzbar?","isPartOf":{"@id":"https:\/\/www.buhl.de\/steuer\/#website"},"primaryImageOfPage":{"@id":"https:\/\/www.buhl.de\/steuer\/ratgeber\/fachliteratur-absetzen\/#primaryimage"},"image":{"@id":"https:\/\/www.buhl.de\/steuer\/ratgeber\/fachliteratur-absetzen\/#primaryimage"},"thumbnailUrl":"https:\/\/www.buhl.de\/steuer\/wp-content\/uploads\/sites\/31\/2022\/06\/fachliteratur-absetzen-title.jpg","datePublished":"2022-02-15T06:46:32+00:00","dateModified":"2024-10-10T09:45:28+00:00","description":"Lesen bildet. \u261d Und Fachb\u00fccher und Co. helfen sogar noch beim Steuernsparen \ud83e\udd11 Hier klicken und Anleitung lesen.","breadcrumb":{"@id":"https:\/\/www.buhl.de\/steuer\/ratgeber\/fachliteratur-absetzen\/#breadcrumb"},"inLanguage":"de","potentialAction":[{"@type":"ReadAction","target":["https:\/\/www.buhl.de\/steuer\/ratgeber\/fachliteratur-absetzen\/"]}]},{"@type":"ImageObject","inLanguage":"de","@id":"https:\/\/www.buhl.de\/steuer\/ratgeber\/fachliteratur-absetzen\/#primaryimage","url":"https:\/\/www.buhl.de\/steuer\/wp-content\/uploads\/sites\/31\/2022\/06\/fachliteratur-absetzen-title.jpg","contentUrl":"https:\/\/www.buhl.de\/steuer\/wp-content\/uploads\/sites\/31\/2022\/06\/fachliteratur-absetzen-title.jpg","width":976,"height":400},{"@type":"BreadcrumbList","@id":"https:\/\/www.buhl.de\/steuer\/ratgeber\/fachliteratur-absetzen\/#breadcrumb","itemListElement":[{"@type":"ListItem","position":1,"name":"Steuererkl\u00e4rung","item":"https:\/\/www.buhl.de\/steuer\/"},{"@type":"ListItem","position":2,"name":"Fachliteratur absetzen"}]},{"@type":"WebSite","@id":"https:\/\/www.buhl.de\/steuer\/#website","url":"https:\/\/www.buhl.de\/steuer\/","name":"WISO Steuer: Nr. 1 Steuer-App","description":"","publisher":{"@id":"https:\/\/www.buhl.de\/steuer\/#organization"},"potentialAction":[{"@type":"SearchAction","target":{"@type":"EntryPoint","urlTemplate":"https:\/\/www.buhl.de\/steuer\/?s={search_term_string}"},"query-input":{"@type":"PropertyValueSpecification","valueRequired":true,"valueName":"search_term_string"}}],"inLanguage":"de"},{"@type":"Organization","@id":"https:\/\/www.buhl.de\/steuer\/#organization","name":"WISO Steuer | Buhl Data Service GmbH","url":"https:\/\/www.buhl.de\/steuer\/","logo":{"@type":"ImageObject","inLanguage":"de","@id":"https:\/\/www.buhl.de\/steuer\/#\/schema\/logo\/image\/","url":"https:\/\/www.buhl.de\/steuer\/wp-content\/uploads\/sites\/31\/2026\/02\/logo-wiso-steuer-app.svg","contentUrl":"https:\/\/www.buhl.de\/steuer\/wp-content\/uploads\/sites\/31\/2026\/02\/logo-wiso-steuer-app.svg","width":375,"height":72,"caption":"WISO Steuer | Buhl Data Service GmbH"},"image":{"@id":"https:\/\/www.buhl.de\/steuer\/#\/schema\/logo\/image\/"}},{"@type":"Person","@id":"https:\/\/www.buhl.de\/steuer\/#\/schema\/person\/e25d76546852380c601f99020b73fcf6","name":"Olesja Hess","image":{"@type":"ImageObject","inLanguage":"de","@id":"https:\/\/www.buhl.de\/steuer\/#\/schema\/person\/image\/","url":"https:\/\/www.buhl.de\/steuer\/wp-content\/uploads\/sites\/31\/2024\/07\/olesja.png","contentUrl":"https:\/\/www.buhl.de\/steuer\/wp-content\/uploads\/sites\/31\/2024\/07\/olesja.png","caption":"Olesja Hess"},"sameAs":["https:\/\/www.buhl.de\/steuer\/autoren\/olesja-hess\/"]}]}},"acf":[],"wps_subtitle":"Wann sind die Kosten f\u00fcr Fachliteratur steuerlich absetzbar?","_links":{"self":[{"href":"https:\/\/www.buhl.de\/steuer\/wp-json\/wp\/v2\/posts\/51101","targetHints":{"allow":["GET"]}}],"collection":[{"href":"https:\/\/www.buhl.de\/steuer\/wp-json\/wp\/v2\/posts"}],"about":[{"href":"https:\/\/www.buhl.de\/steuer\/wp-json\/wp\/v2\/types\/post"}],"author":[{"embeddable":true,"href":"https:\/\/www.buhl.de\/steuer\/wp-json\/wp\/v2\/users\/104"}],"replies":[{"embeddable":true,"href":"https:\/\/www.buhl.de\/steuer\/wp-json\/wp\/v2\/comments?post=51101"}],"version-history":[{"count":29,"href":"https:\/\/www.buhl.de\/steuer\/wp-json\/wp\/v2\/posts\/51101\/revisions"}],"predecessor-version":[{"id":68250,"href":"https:\/\/www.buhl.de\/steuer\/wp-json\/wp\/v2\/posts\/51101\/revisions\/68250"}],"wp:featuredmedia":[{"embeddable":true,"href":"https:\/\/www.buhl.de\/steuer\/wp-json\/wp\/v2\/media\/51121"}],"wp:attachment":[{"href":"https:\/\/www.buhl.de\/steuer\/wp-json\/wp\/v2\/media?parent=51101"}],"wp:term":[{"taxonomy":"category","embeddable":true,"href":"https:\/\/www.buhl.de\/steuer\/wp-json\/wp\/v2\/categories?post=51101"},{"taxonomy":"post_tag","embeddable":true,"href":"https:\/\/www.buhl.de\/steuer\/wp-json\/wp\/v2\/tags?post=51101"}],"curies":[{"name":"wp","href":"https:\/\/api.w.org\/{rel}","templated":true}]}}