{"id":51634,"date":"2025-01-16T07:41:36","date_gmt":"2025-01-16T06:41:36","guid":{"rendered":"https:\/\/www.buhl.de\/steuer\/?p=51634"},"modified":"2026-04-16T13:30:34","modified_gmt":"2026-04-16T11:30:34","slug":"firmenwagen-versteuern","status":"publish","type":"post","link":"https:\/\/www.buhl.de\/steuer\/ratgeber\/firmenwagen-versteuern\/","title":{"rendered":"Dienstwagen versteuern: So geht&#8217;s"},"content":{"rendered":"<p>Keine Anschaffungskosten, keine Wartungs- und Reparaturkosten \u2013 die finanziellen Vorteile eines Dienstwagens sind enorm. Doch ganz kostenlos bleibt er leider nicht. Denn: Wer mit dem\u202fFirmenwagen\u202fauch zum Supermarkt oder in den Urlaub f\u00e4hrt, muss daf\u00fcr Steuern zahlen.\u202fWir erkl\u00e4ren, worauf es dabei ankommt und wie man mit einem Elektroauto als Dienstwagen richtig Steuern spart.<\/p>\n<p><!--more--><\/p>\n<h2>Kurz &amp; knapp<\/h2>\n<ul>\n<li>Nutzt du deinen Firmenwagen auch privat, musst du darauf Steuern zahlen<\/li>\n<li>Das geht mit der 1-Prozent-Regel oder dem Fahrtenbuch<\/li>\n<li>F\u00fcr E-Firmenwagen gibt es steuerliche Vorteile<\/li>\n<li><a title=\"WISO Steuer: Steuerprogramm von Buhl\" href=\"https:\/\/www.buhl.de\/steuer\/\">WISO Steuer<\/a> hilft dir dabei, selbst \u00fcbernommene Kosten beim Firmenwagen abzusetzen<\/li>\n<\/ul>\n<h2>Firmenwagen bei privater Nutzung versteuern<\/h2>\n<p>Beim Dienstwagen gilt: <strong>Sobald du ihn auch privat oder f\u00fcr den Arbeitsweg nutzen kannst<\/strong>, entsteht f\u00fcr dich ein deutlicher finanzieller Vorteil. Immerhin sparst du dir teures Geld f\u00fcr Anschaffung und Haltung eines privaten Autos. Du erh\u00e4ltst durch den Firmenwagen einen sogenannten <a title=\"Was ist ein geldwerter Vorteil?\" href=\"https:\/\/www.buhl.de\/steuer\/ratgeber\/geldwerter-vorteil\/\"><strong>geldwerten Vorteil<\/strong><\/a> (Nutzungswert), den du versteuern musst.<\/p>\n<p>Um den geldwerten Vorteil zu ermitteln, hast du diese M\u00f6glichkeiten:<\/p>\n<ul class=\"sw-blog-icon sw-blog-icon-1\">\n<li>Ein <a title=\"Fahrtenbuch f\u00fchren\" href=\"https:\/\/www.buhl.de\/steuer\/ratgeber\/fahrtenbuch\/\">Fahrtenbuch<\/a> f\u00fchren<\/li>\n<li>Pauschal 1 Prozent des Bruttolistenpreises pro Monat versteuern<\/li>\n<\/ul>\n<p>Welche Methode angewendet werden soll, kannst du in Absprache mit deinem Arbeitgeber bestimmen. Hast du dich f\u00fcr eine Methode entschieden, musst du sie <strong>f\u00fcr das gesamte Kalenderjahr anwenden<\/strong>.<\/p>\n<p><strong>Wichtig:<\/strong> In den meisten F\u00e4llen \u00fcbernimmt dein Arbeitgeber den geldwerten Vorteil bereits in der Lohnabrechnung. Er erscheint dann auf deiner Lohnsteuerbescheinigung. In der Steuererkl\u00e4rung musst du ihn normalerweise nicht noch einmal extra eintragen.<\/p>\n<h3>Fahrtenbuch vs. Prozentberechnung: Was ist besser?<\/h3>\n<p>Grunds\u00e4tzlich gilt: <strong>Je mehr du mit deinem Firmenfahrzeug privat unterwegs bist, desto eher lohnt sich die 1-Prozent-Regelung<\/strong>. Nutzt du deinen Dienstwagen selten privat, ist das Fahrtenbuch meist die bessere Methode. Nat\u00fcrlich kannst du das mit WISO Steuer auch vergleichen und dir so f\u00fcr die Zukunft die beste Methode ausrechnen. Eine grobe \u00dcbersicht haben wir dir hier erstellt:<\/p>\n\r\n        <div class=\"spacing-modul  \">\r\n            <div class=\"container spacing-modul\">\r\n               <div class=\"row\">\r\n                   <div id=\"\" class=\"anchor\"><\/div>\r\n                   <div class=\"col-12 modul-spacing-blog-c\"><\/div>\r\n                   <div class=\"col-12 modul-spacing-blog-c\"><\/div>\r\n               <\/div>\r\n            <\/div>\r\n        <\/div>\r\n    <div class=\"tablepress-wrapper\"> \n<table id=\"tablepress-200\" class=\"tablepress tablepress-id-200\">\n<thead>\n<tr class=\"row-1\">\n\t<td class=\"column-1\"><\/td><th class=\"column-2\">Fahrtenbuch-Methode<\/th><th class=\"column-3\">Pauschale Prozent-Methode<\/th>\n<\/tr>\n<\/thead>\n<tbody class=\"row-striping row-hover\">\n<tr class=\"row-2\">\n\t<td class=\"column-1\">Einfache Handhabung<\/td><td class=\"column-2\">\u274c<\/td><td class=\"column-3\">\u2714\ufe0f<\/td>\n<\/tr>\n<tr class=\"row-3\">\n\t<td class=\"column-1\">Hoher Bruttolistenpreis (Verbrenner)<\/td><td class=\"column-2\">\u2714\ufe0f<\/td><td class=\"column-3\">\u274c<\/td>\n<\/tr>\n<tr class=\"row-4\">\n\t<td class=\"column-1\">Viele Privatfahrten<\/td><td class=\"column-2\">\u274c<\/td><td class=\"column-3\">\u2714\ufe0f<\/td>\n<\/tr>\n<tr class=\"row-5\">\n\t<td class=\"column-1\">Klare Kostentrennung privat\/beruflich<\/td><td class=\"column-2\">\u2714\ufe0f<\/td><td class=\"column-3\">\u274c<\/td>\n<\/tr>\n<tr class=\"row-6\">\n\t<td class=\"column-1\">Geringe Fehleranf\u00e4lligkeit<\/td><td class=\"column-2\">\u274c<\/td><td class=\"column-3\">\u2714\ufe0f<\/td>\n<\/tr>\n<\/tbody>\n<\/table>\n <\/div><!-- #tablepress-200 from cache -->\r\n        <div class=\"spacing-modul  \">\r\n            <div class=\"container spacing-modul\">\r\n               <div class=\"row\">\r\n                   <div id=\"\" class=\"anchor\"><\/div>\r\n                   <div class=\"col-12 modul-spacing-blog-c\"><\/div>\r\n                   <div class=\"col-12 modul-spacing-blog-c\"><\/div>\r\n               <\/div>\r\n            <\/div>\r\n        <\/div>\r\n    \n<p>Die pr\u00e4zise M\u00f6glichkeit deinen Dienstwagen zu versteuern, ist ein <a title=\"Fahrtenbuch f\u00fchren\" href=\"https:\/\/www.buhl.de\/steuer\/ratgeber\/fahrtenbuch\/\"><strong>Fahrtenbuch<\/strong><\/a>. Darin dokumentierst du alle privaten und beruflichen Fahrten mit dem Dienstwagen. Au\u00dferdem sammelst du \u00fcbers Jahr alle Kostenbelege, damit du bei der sogenannten <strong>Nachweismethode<\/strong> die Gesamtkosten berechnen kannst. Auf diese Weise kannst du den Kostenanteil f\u00fcr die privaten Fahrten ermitteln. Und nur diesen musst du dann als geldwerten Vorteil versteuern.<\/p>\n<p>Die Kosten setzen sich aus Leasingraten oder Abschreibung sowie den laufenden Kosten wie Treibstoff, Wartung, Reparaturen, Versicherungen und Kfz-Steuer zusammen.<\/p>\n<p><strong>Nutzungsdauer: Den richtigen Zeitraum automatisch ermitteln<\/strong><br \/>\nBei der Ermittlung der Gesamtkosten f\u00fcr die Fahrtenbuchmethode spielt die Abschreibung des Fahrzeugs eine zentrale Rolle. Die rechtlich korrekte Nutzungsdauer bestimmt hierbei, \u00fcber welchen Zeitraum die Anschaffungskosten verteilt werden m\u00fcssen. WISO Steuer verf\u00fcgt \u00fcber eine integrierte Datenbank der aktuellen gesetzlichen Vorgaben und weist deinem Firmenwagen auf Basis der Fahrzeugdaten automatisch die passende Nutzungsdauer zu.<br \/>\nDas Programm f\u00fchrt dich durch die Erfassung der Fahrzeugkosten und setzt den rechtlich vorgesehenen Abschreibungszeitraum an. Diese Funktion steht dir zudem vollumf\u00e4nglich in der WISO Steuer App zur Verf\u00fcgung, sodass die Nutzungsdauer auch bei der mobilen Datenerfassung automatisch ermittelt wird.<br \/>\nEin Fahrtenbuch zu f\u00fchren ist aufw\u00e4ndig. F\u00fcr alle Gesch\u00e4ftsfahrten musst du detaillierte Angaben machen. Es lohnt sich vor allem dann, wenn du wenige private Fahrten machst. In der Praxis kommt es relativ oft vor, dass das Finanzamt M\u00e4ngel beim F\u00fchren des Fahrtenbuchs moniert. Es kann dann passieren, dass es das Fahrtenbuch nicht anerkennt und du den geldwerten Vorteil mit der 1-Prozent-Regelung versteuern musst.<\/p>\n<p>Meist unproblematisch ist hingegen die 1-Prozent-Regelung. Dabei kannst du einfach pauschal 1 Prozent des Bruttolistenpreises monatlich als geldwerten Vorteil ansetzen. Das bedeutet: Du musst monatlich auf diese 1 Prozent Steuern und Sozialversicherungsbeitr\u00e4ge zahlen.<\/p>\n\r\n        <div class=\"spacing-modul  \">\r\n            <div class=\"container spacing-modul\">\r\n               <div class=\"row\">\r\n                   <div id=\"\" class=\"anchor\"><\/div>\r\n                   <div class=\"col-12 modul-spacing-blog-c\"><\/div>\r\n                   <div class=\"col-12 modul-spacing-blog-c\"><\/div>\r\n               <\/div>\r\n            <\/div>\r\n        <\/div>\r\n    \r\n        <div class=\"white-background\">\r\n            <div class=\"container\">\r\n                <div class=\"content expert-blog-module blog-wrapper\">\r\n                    <div class=\"row\">\r\n                        <div class=\"d-flex align-items-center text-center text-lg-left align-items-xl-start flex-column flex-xl-row col-12 offset-lg-2 col-lg-8 offset-xl-1 col-xl-9\">\r\n                            <img decoding=\"async\" loading=\"lazy\" class=\"img-fluid\" src=\"https:\/\/www.buhl.de\/steuer\/wp-content\/themes\/steuer-web\/buhl-steuer\/assets\/blog\/blog-module\/experten-tipp-icon.svg\" alt=\"Experten Tipp\" title=\"Experten Tipp\" \/>\r\n                            <div class=\"d-flex flex-column\">\r\n                                <h3 class=\"font-source-sans-pro-10 fw700 blue-font headline\">Elektronisches Fahrtenbuch f\u00fchren<\/h3><div class=\"font-source-sans-pro-1 blue-font\">F\u00fcr ein ordnungsgem\u00e4\u00dfes, elektronisches Fahrtenbuch kannst du die kostenpflichtige Software <strong>WISO Fahrtenbuch<\/strong> verwenden \u2013 auch als App erh\u00e4ltlich. \u00c4nderungen werden dokumentiert und protokolliert, um den Anforderungen des Finanzamts zu entsprechen. Die erfassten Daten kannst du anschlie\u00dfend problemlos in WISO Steuer \u00fcbertragen.<\/p>\n<p>&nbsp;<\/p>\n<p>Alternativ kannst du auch direkt in WISO Steuer ein elektronisches Fahrtenbuch f\u00fchren. Du musst alle Fahrten vollst\u00e4ndig und korrekt erfassen. F\u00fcr Privatfahrten gen\u00fcgt die Angabe des Datums und der Kilometerangabe. Auch m\u00f6glich: Du f\u00fchrst ein manuelles Fahrtenbuch und tr\u00e4gst die Daten sp\u00e4ter in WISO Steuer ein.<\/div><\/div>\r\n                        <\/div>\r\n                    <\/div>\r\n                <\/div>\r\n            <\/div>\r\n        <\/div>\r\n    \r\n        <div class=\"spacing-modul  \">\r\n            <div class=\"container spacing-modul\">\r\n               <div class=\"row\">\r\n                   <div id=\"\" class=\"anchor\"><\/div>\r\n                   <div class=\"col-12 modul-spacing-default-b\"><\/div>\r\n                   <div class=\"col-12 modul-spacing-default-b\"><\/div>\r\n               <\/div>\r\n            <\/div>\r\n        <\/div>\r\n    \n<h2>So funktioniert die 1-Prozent-Regelung<\/h2>\n<p>Bei der 1-Prozent-Regelung wird <strong>pro Monat 1 Prozent des Bruttolistenpreises (BLP) deines Firmenwagens zu deinem Bruttoeinkommen dazu addiert<\/strong>. Der Bruttolistenpreis ist nicht der Kaufpreis des Autos, sondern die unverbindliche Preisempfehlung des Herstellers inklusive Umsatzsteuer zum Zeitpunkt der Erstzulassung. Kosten f\u00fcr eine Sonderausstattung m\u00fcssen hinzugerechnet werden.<\/p>\n<p>Die Folge: Durch die 1 Prozent des BLP steigt dein monatliches Bruttoeinkommen. Deine Lohnsteuer wird entsprechend auf das h\u00f6here Einkommen berechnet \u2013 f\u00e4llt durch den Firmenwagen also h\u00f6her aus. Wie hoch? Das h\u00e4ngt von deinem Steuersatz ab.<\/p>\n<h3>0,5 Prozent f\u00fcr Hybride<\/h3>\n<p>Die gute Nachricht: Wer ein E-Auto oder Plug-in-Hybrid als Dienstwagen nutzt, kann sich \u00fcber Steuererleichterungen freuen. Die Regelungen gelten aktuell f\u00fcr <strong>Erstzulassungen zwischen dem 1. Januar 2019 und dem 31. Dezember 2030<\/strong>.<\/p>\n<p>Mit einem Plug-in-Hybrid kannst du die H\u00e4lfte gegen\u00fcber einem Verbrenner sparen: Plug-in-Hybride werden <strong>monatlich mit 0,5 Prozent des Bruttolistenpreises versteuert<\/strong>. Genau genommen gilt auch hier die 1-Prozent-Regelung, aber es wird nur der halbe BLP angesetzt. Allerdings ist das nur m\u00f6glich, wenn mindestens eine der beiden folgenden Voraussetzungen erf\u00fcllt ist:<\/p>\n<p><strong>1. CO2-Aussto\u00df<\/strong><\/p>\n<p>Der Steuerbonus gilt nur f\u00fcr Plug-In-Hybride mit einem Kohlenstoffdioxid-Aussto\u00df von maximal 50 Gramm je gefahrenen Kilometer oder einer<\/p>\n<p><strong>2. Elektrische Mindestreichweite<\/strong><\/p>\n<p>Der Hybrid muss abh\u00e4ngig vom \u00dcberlassungszeitpunkt eine bestimmte Fahrstrecke rein elektrisch bew\u00e4ltigen k\u00f6nnen:<\/p>\n<ul>\n<li>\u00dcberlassungszeitraum 2019 bis 2021: 40 Kilometer<\/li>\n<li>2022 bis 2024: mindestens 60 Kilometer<\/li>\n<li>Ab 2025: 80 Kilometer<\/li>\n<\/ul>\n<p>Die ab 2025 erh\u00f6hte Mindestreichweite gilt auch in dem Fall, in dem der Plug-in-Hybrid bereits im Jahr 2024 bestellt wurde, aber erst im Jahr 2025 ausgeliefert wird.<\/p>\n<h3>0,25 Prozent f\u00fcr Elektroautos<\/h3>\n<p>Mit einem <a title=\"Elektroauto &amp; Steuern\" href=\"https:\/\/www.buhl.de\/steuer\/ratgeber\/elektroauto-steuern\/\">E-Dienstwagen<\/a> kannst du drei Viertel der Steuern sparen. Genau genommen gilt auch hier die 1-Prozent-Regelung, wobei aber nur ein Viertel des Bruttolistenpreises angesetzt wird. Die <strong>0,25-Prozent-Versteuerung gilt f\u00fcr Autos ohne Kohlendioxidaussto\u00df, also reine Elektroautos und Brennstoffzellen-Fahrzeuge<\/strong>.<\/p>\n<p>Hierf\u00fcr gibt es aber eine <strong>Preisobergrenze <\/strong>f\u00fcr den BLP. Diese wurde mehrmals erh\u00f6ht. Entscheidend ist, wann das Elektrofahrzeug angeschafft wurde:<\/p>\n<ul style=\"list-style-type: circle\">\n<li>1.1.2019 bis 31.12.2023: 60.000 Euro<\/li>\n<li>1.1.2024 bis 30.6.2025: 70.000 Euro<\/li>\n<li>Ab 1.7.2025: <strong>100.000 Euro<br \/>\n<\/strong>\u00a0Wenn das Auto teurer ist, dann ist es mit 0,5 Prozent zu versteuern.<\/li>\n<\/ul>\n\r\n        <div class=\"spacing-modul  \">\r\n            <div class=\"container spacing-modul\">\r\n               <div class=\"row\">\r\n                   <div id=\"\" class=\"anchor\"><\/div>\r\n                   <div class=\"col-12 modul-spacing-blog-c\"><\/div>\r\n                   <div class=\"col-12 modul-spacing-blog-c\"><\/div>\r\n               <\/div>\r\n            <\/div>\r\n        <\/div>\r\n    \r\n        <div class=\"white-background\">\r\n            <div class=\"container\">\r\n                <div class=\"content info-blog-modul blog-wrapper\">\r\n                    <div class=\"row\">\r\n                        <div class=\"d-flex align-items-center text-center text-lg-left align-items-xl-start flex-column flex-xl-row col-12 offset-lg-2 col-lg-8 offset-xl-1 col-xl-9\">\r\n                            <img decoding=\"async\" loading=\"lazy\" class=\"img-fluid\" src=\"https:\/\/www.buhl.de\/steuer\/wp-content\/themes\/steuer-web\/buhl-steuer\/assets\/blog\/blog-module\/info-icon.svg\" alt=\"Information zum Thema\" title=\"Information zum Thema\" \/>\r\n                            <div class=\"d-flex flex-column\">\r\n                                <h3 class=\"font-source-sans-pro-10 fw700 blue-font headline\">E-Dienstwagen laden: Steuerfreie Erstattung m\u00f6glich<\/h3><div class=\"font-source-sans-pro-1 blue-font\">Nutzt du die Ladeinfrastruktur beim Arbeitgeber, ist der Strom aus der betrieblichen Zapfs\u00e4ule f\u00fcr dich komplett steuerfrei.<\/p>\n<p>Tankst du deinen E-Dienstwagen zu Hause mit dem eigenen Strom, kann dein Arbeitgeber dir die Kosten steuerfrei erstatten. Bis Ende 2025 konnte hierf\u00fcr eine einfache Pauschale zwischen 15 Euro und 70 Euro pro Monat genutzt werden. Das Bundesfinanzministerium (BMF) hat die Details in einem <a title=\"Dokument ansehen\" href=\"https:\/\/lsth.bundesfinanzministerium.de\/lsth\/2021\/B-Anhaenge\/Anhang-24\/VIII\/inhalt.html\" target=\"_blank\" rel=\"noopener\">Schreiben vom 29. September 2020<\/a> dargestellt.<\/p>\n<p>Ab <strong>2026<\/strong> entfallen aber diese Pauschalen. Du musst jetzt deinen privat geladenen Strom messen. F\u00fcr den steuerfreien Stromkostenersatz gibt es dann zwei M\u00f6glichkeiten:<\/p>\n<ul>\n<li>Entweder du weist deine tats\u00e4chlichen Kosten anhand deines individuellen Strompreises nach oder<\/li>\n<li>du verwendest die Strompreispauschale. Das ist der vom Statistischen Bundesamt ver\u00f6ffentlichte Durchschnittsstrompreis. F\u00fcr das Jahr 2026 betr\u00e4gt dieser 34 Cent.<br \/>\nDie Einzelheiten stehen im <a title=\"Schreiben ansehen\" href=\"https:\/\/www.bundesfinanzministerium.de\/Content\/DE\/Downloads\/BMF_Schreiben\/Steuerarten\/Lohnsteuer\/2025-11-11-selbst-getragenen-stromkosten.pdf?__blob=publicationFile&amp;v=4\">BMF-Schreiben vom 11.11.2025<\/a>.<\/div><\/div>\r\n                        <\/div>\r\n                    <\/div>\r\n                <\/div>\r\n            <\/div>\r\n        <\/div>\r\n    \r\n        <div class=\"spacing-modul  \">\r\n            <div class=\"container spacing-modul\">\r\n               <div class=\"row\">\r\n                   <div id=\"\" class=\"anchor\"><\/div>\r\n                   <div class=\"col-12 modul-spacing-default-b\"><\/div>\r\n                   <div class=\"col-12 modul-spacing-default-b\"><\/div>\r\n               <\/div>\r\n            <\/div>\r\n        <\/div>\r\n    <\/li>\n<\/ul>\n<h2>Das gilt f\u00fcr Fahrten zur Arbeit mit dem Dienstwagen<\/h2>\n<p><strong>Bei der 1-Prozent-Regelung<\/strong> zahlst du zus\u00e4tzlich einen Zuschlag f\u00fcr die Fahrten zwischen Wohnung und Arbeitsplatz: <strong>f\u00fcr jeden Monat pro Entfernungskilometer 0,03 Prozent des Listenpreises<\/strong>.<\/p>\n<p>Trostpflaster: Daf\u00fcr kannst du die Fahrten zur Arbeit in der Steuererkl\u00e4rung als\u202f<a title=\"Pendlerpauschale: Fahrtkosten absetzen\" href=\"https:\/\/www.buhl.de\/steuer\/tipps\/fahrtkosten\/\">Entfernungspauschale<\/a> bei den Werbungskosten\u202fwieder abziehen.<\/p>\n<h3>Beispielrechnung<\/h3>\n<p>Du verdienst pro Monat 4.000 Euro brutto und f\u00e4hrst einen Firmenwagen mit einem Bruttolistenpreis von 30.000 Euro. Zwischen deiner Wohnung und der 1. T\u00e4tigkeitsst\u00e4tte liegen 12 Kilometer. Du rechnest folgenderma\u00dfen:<\/p>\n<ul class=\"sw-blog-icon sw-blog-icon-3\">\n<li>1-Prozent-Regelung f\u00fcr Privatnutzung: 30.000 Euro x 1 Prozent = 300 Euro<\/li>\n<li>Zuschlag f\u00fcr den Arbeitsweg: 30.000 Euro x 0,03 Prozent x 12 Kilometer = 108 Euro<\/li>\n<li>\u201eNeuer\u201c monatlicher Bruttolohn: 4.000 Euro + 300 Euro + 108 Euro = 4.408 Euro<\/li>\n<\/ul>\n<p>Ergebnis: Deine Lohnabz\u00fcge werden wegen des Dienstwagens auf Basis von 4.408 Euro berechnet. Daher musst du f\u00fcr den Dienstwagen jeden Monat 216 Euro Abz\u00fcge (Lohnsteuer und Sozialversicherung) zahlen.<\/p>\n<h3>Pauschalversteuerung durch Arbeitgeber m\u00f6glich<\/h3>\n<p>Durch den Zuschlag f\u00fcr die Fahrten zur Arbeit hast du einen h\u00f6heren Bruttolohn, auf den du mehr Lohnsteuer und Sozialversicherungsbeitr\u00e4ge zahlst. Wie viel das ist, h\u00e4ngt von deinem pers\u00f6nlichen Steuersatz ab.<\/p>\n<p>Hierzu gibt es eine Alternative: Dein Arbeitgeber kann die Versteuerung f\u00fcr Fahrten zum Arbeitsplatz stattdessen <strong>pauschal mit 15 Prozent erheben<\/strong>. Hinzu kommen <strong>5,5 Prozent Solidarit\u00e4tszuschlag <\/strong>und gegebenenfalls die<strong> pauschale Kirchenlohnsteuer <\/strong>(8 oder 9 Prozent).\u00a0Meistens \u00fcbernimmt der Arbeitgeber diese Pauschalsteuer. Er darf sie dir aber auch vom Lohn abziehen. Sozialabgaben sind hierf\u00fcr nicht zu zahlen.<\/p>\n<p>In der Regel berechnet der Arbeitgeber die 15 Prozent aus der Entfernungspauschale, also dem Betrag, den du sonst als Werbungskosten absetzen k\u00f6nntest.<\/p>\n<p>Es gibt hierzu auch eine <strong>Vereinfachungsregel<\/strong>: Wenn du typischerweise an 5 Tagen in der Woche am Arbeitsplatz t\u00e4tig bist, kann der Arbeitgeber die pauschale Versteuerung f\u00fcr Fahrten an 15 Tagen im Monat ansetzen.<\/p>\n<p>Dieser pauschal versteuerte Betrag ist nicht im Bruttolohn enthalten und wird daher in der Lohnsteuerbescheinigung gesondert ausgewiesen.<strong> Wichtig:<\/strong> Den pauschal versteuerten Betrag musst du von deiner absetzbaren Entfernungspauschale abziehen.<\/p>\n<p>Die Pauschalversteuerung der Fahrten zur Arbeit kann sich f\u00fcr dich lohnen, wenn du mit deinen Werbungskosten unterhalb des Arbeitnehmer-Pauschbetrags von 1.230 Euro liegst. Du kannst sie sowohl bei der 1-Prozent-Regelung als auch bei der Fahrtenbuchmethode nutzen.<\/p>\n\r\n        <div class=\"spacing-modul  \">\r\n            <div class=\"container spacing-modul\">\r\n               <div class=\"row\">\r\n                   <div id=\"\" class=\"anchor\"><\/div>\r\n                   <div class=\"col-12 modul-spacing-blog-c\"><\/div>\r\n                   <div class=\"col-12 modul-spacing-blog-c\"><\/div>\r\n               <\/div>\r\n            <\/div>\r\n        <\/div>\r\n    \r\n        <div class=\"white-background\">\r\n            <div class=\"container\">\r\n                <div class=\"blog-example\">\r\n                    <div class=\"row\">\r\n                        <div class=\"col-12 offset-lg-2 col-lg-8 text-center text-lg-left\">\r\n                            <div class=\"d-flex flex-column align-items-center\">\r\n                                <img decoding=\"async\" loading=\"lazy\" class=\"img-fluid circle-image\" src=\"https:\/\/www.buhl.de\/steuer\/wp-content\/themes\/steuer-web\/buhl-steuer\/assets\/blog\/blog-example\/arbeitnehmer-beispiel.svg\" alt=\"Beispiel Arbeitnehmer\" title=\"Beispiel\" \/>\r\n                                <h3 class=\"font-source-sans-pro-10 fw700 blue-font headline\">Beispiel: Pauschale Versteuerung der Fahrtkosten durch den Arbeitgeber<\/h3>\r\n                            <\/div><div class=\"font-source-sans-pro-1 blue-font\">Du nutzt im Jahr 2026 deinen Dienstwagen auch f\u00fcr private Fahrten und versteuerst ihn mit der 1-Prozent-Regel. Der Bruttolistenpreis betr\u00e4gt 36.000 Euro. Die Entfernung zu deinem B\u00fcro betr\u00e4gt 25 Kilometer. Wir gehen von 15 Fahrten pro Monat aus.<\/p>\n<p>So berechnest du deine Steuer:<\/p>\n<ul class=\"sw-blog-icon sw-blog-icon-3\">\n<li>1 Prozent von 36.000 Euro = 360 Euro<\/li>\n<li>Hinzu kommen f\u00fcr die Fahrten zum B\u00fcro:<br \/>\n0,03 Prozent von 36.000 Euro x 25 km = 270 Euro<\/li>\n<\/ul>\n<p>In diesem Fall erh\u00f6ht sich also dein steuerpflichtiger Bruttolohn monatlich um den geldwerten Vorteil von 630 Euro.<\/p>\n<p>Dieses Ergebnis kann jedoch optimiert werden: Dein Arbeitgeber kann den geldwerten Vorteil f\u00fcr die Fahrten zum Arbeitsplatz pauschal mit 15 Prozent versteuern.<\/p>\n<ul class=\"sw-blog-icon sw-blog-icon-3\">\n<li>15 Tage x 25 km x 0,38 Euro = 142,50 Euro<br \/>\nDer pauschalierungsf\u00e4hige Betrag ist auf den Betrag begrenzt, den der Arbeitnehmer als Entfernungspauschale absetzen k\u00f6nnte.<\/li>\n<\/ul>\n<p>Darauf f\u00e4llig sind dann in jedem Monat nur:<\/p>\n<ul style=\"list-style-type: disc\">\n<li>15 Prozent pauschale Lohnsteuer: 21,38 Euro<\/li>\n<li>zuz\u00fcglich 5,5 Prozent Solidarit\u00e4tszuschlag: 1,18 Euro<\/li>\n<li>und ggf. z. B. 9 Prozent Kirchenlohnsteuer: 1,92 Euro<\/li>\n<li>Das sind insgesamt: 24,48 Euro Pauschalsteuern monatlich<br \/>\nDer pauschal versteuerte Betrag ist sozialversicherungsfrei. Er mindert aber deinen Werbungskostenabzug in der Einkommensteuererkl\u00e4rung.<strong>Steuerliche Behandlung:<\/strong><\/li>\n<li><strong>Privatnutzung (1\u202f-Prozent-Regel):<\/strong> 360,00\u202fEuro werden individuell nach den Lohnsteuerabzugsmerkmalen versteuert.<\/li>\n<li><strong>Fahrten Wohnung zur ersten T\u00e4tigkeitsst\u00e4tte:<br \/>\n<\/strong>142,50\u202fEuro werden pauschal mit 15\u202fProzent Lohnsteuer (zuz\u00fcglich Solidarit\u00e4tszuschlag und ggf. pauschaler Kirchensteuer) versteuert. Dieser Betrag ist sozialversicherungsfrei.<br \/>\n127,50\u202fEuro werden individuell versteuert und sind beitragspflichtig zur Sozialversicherung.Der pauschal versteuerte Betrag (142,50\u202fEuro) ist auf die Entfernungspauschale anzurechnen. Dieser entspricht hier der Entfernungspauschale. Folglich bleibt f\u00fcr die Steuererkl\u00e4rung im Ergebnis kein abziehbarer Betrag mehr \u00fcbrig.<\/div><\/div>\r\n                    <\/div>\r\n                <\/div>\r\n            <\/div>\r\n        <\/div>\r\n    \r\n        <div class=\"spacing-modul  \">\r\n            <div class=\"container spacing-modul\">\r\n               <div class=\"row\">\r\n                   <div id=\"\" class=\"anchor\"><\/div>\r\n                   <div class=\"col-12 modul-spacing-default-b\"><\/div>\r\n                   <div class=\"col-12 modul-spacing-default-b\"><\/div>\r\n               <\/div>\r\n            <\/div>\r\n        <\/div>\r\n    <\/li>\n<\/ul>\n<h3>Einzelbewertung bei Fahrten an h\u00f6chstens 180 Tagen im Jahr<\/h3>\n<p>Die 0,03-Prozent-Regelung geht von 15 Tagen monatlich aus, also 180 Tagen im Jahr. <strong>F\u00e4hrst du weniger als 180 Tage im Jahr ins B\u00fcro<\/strong>, kannst du auf eine Einzelbewertung der tats\u00e4chlich durchgef\u00fchrten Fahrten umsteigen. Diese werden nur <strong>mit 0,002 Prozent versteuert<\/strong>.<\/p>\n<p>Bei einer Einzelbewertung notierst du dir die tats\u00e4chlichen Fahrten zur Arbeit. Daf\u00fcr gibst du die Tage an, an denen du mit dem Dienstwagen zum Arbeitsplatz gefahren bist (unter Angabe des Kalenderdatums). Die Aufzeichnungen nimmt dein Arbeitgeber dann als Beleg zum Lohnkonto. Die tats\u00e4chlich gefahrenen Kilometer werden in diesem Fall nicht mit 0,03 Prozent, sondern mit 0,002 Prozent des Bruttolistenpreises multipliziert \u2013 und das kann eine deutlich geringere Steuer ergeben.<\/p>\n<p>Wenn du dich f\u00fcr den 0,002-Prozent-Ansatz entscheidest, <strong>gilt das f\u00fcr das gesamte Kalenderjahr<\/strong>. Wurde die Einzelbewertung noch nicht beim monatlichen Lohnsteuerabzug ber\u00fccksichtigt, kannst du das in deiner Steuererkl\u00e4rung korrigieren.<\/p>\n<h3>Bruttolohn mit der Steuererkl\u00e4rung korrigieren<\/h3>\n<p>Um deine Besteuerung f\u00fcr Privatfahrten oder Wege zur Arbeit zu \u00fcberpr\u00fcfen oder zu korrigieren, tr\u00e4gst du sie bei den Angaben zur\u202fLohnsteuerbescheinigung\u202fin deiner Steuererkl\u00e4rung ein.<\/p>\n<p>In WISO Steuer machst du deine Angaben unter\u202f<em>Arbeitnehmer, Betriebsrentner und Pension\u00e4re &gt; Lohnsteuerbescheinigungen &gt; Besteuerung von Dienstwagen<\/em>:<\/p>\n\r\n        <div class=\"spacing-modul  \">\r\n            <div class=\"container spacing-modul\">\r\n               <div class=\"row\">\r\n                   <div id=\"\" class=\"anchor\"><\/div>\r\n                   <div class=\"col-12 modul-spacing-blog-c\"><\/div>\r\n                   <div class=\"col-12 modul-spacing-blog-c\"><\/div>\r\n               <\/div>\r\n            <\/div>\r\n        <\/div>\r\n    \r\n        <div class=\"white-background d-none d-lg-block\">\r\n            <div class=\"container blog-image\">\r\n            \t<div class=\"row\">\r\n       <p class=\"col-12 font-source-sans-pro-1 blue-font\">\n<\/p>\r\n                <div class=\"d-flex col-12 align-items-center justify-content-center\">\r\n                         \r\n                            <a id=\"\" target=\"_self\" title=\"\" href=\"\">\r\n                         \r\n                      <picture class=\"img-fluid\">\r\n                             <img decoding=\"async\" loading=\"lazy\"\r\n                              alt=\"Korrekturbetrag f\u00fcr Firmenwagenfahrten zur Arbeit mit WISO Steuer berechnen\" \r\n                              title=\"\"\r\n                              src=\"https:\/\/www.buhl.de\/steuer\/wp-content\/uploads\/sites\/31\/2025\/01\/firmenwagen-einzelbewertung-fahrten-steuererklaerung.png\" >\r\n                      <\/picture>     \r\n                      \t\r\n                        \t<\/a>\r\n                    \t                      \r\n\t\t\t\t\t<\/div>  \r\n\t\t\t\t<\/div>                       \r\n            <\/div>\r\n        <\/div>                  \r\n    \n\r\n        <div class=\"white-background  d-lg-none\">\r\n            <div class=\"container blog-image\">\r\n            \t<div class=\"row\">\r\n       <p class=\"col-12 font-source-sans-pro-1 blue-font\">\n<\/p>\r\n                <div class=\"d-flex col-12 align-items-center justify-content-center\">\r\n                         \r\n                            <a id=\"\" target=\"_self\" title=\"\" href=\"\">\r\n                         \r\n                      <picture class=\"img-fluid\">\r\n                             <img decoding=\"async\" loading=\"lazy\"\r\n                              alt=\"Korrekturbetrag f\u00fcr Firmenwagenfahrten zur Arbeit mit der App WISO Steuer berechnen\" \r\n                              title=\"\"\r\n                              src=\"https:\/\/www.buhl.de\/steuer\/wp-content\/uploads\/sites\/31\/2025\/01\/firmenwagen-einzelbewertung-fahrten-steuer-app.png\" >\r\n                      <\/picture>     \r\n                      \t\r\n                        \t<\/a>\r\n                    \t                      \r\n\t\t\t\t\t<\/div>  \r\n\t\t\t\t<\/div>                       \r\n            <\/div>\r\n        <\/div>                  \r\n    \n\r\n        <div role=\"region\" aria-label=\"\" class=\"white-background\">\r\n            <div class=\"container\">\r\n                <div class=\"row\">\r\n                    <div class=\"col-12 d-flex justify-content-center align-items-center flex-column flex-lg-row\">\r\n                    \r\n\r\n                    \r\n                        <a class=\"secondary w-230 d-none d-md-flex justify-content-center align-items-center font-cairo-2 fw700 action-anonymous\"\r\n                            role=\"button\"\r\n                            href=\"https:\/\/www.buhl.de\/mein-buhlkonto\/?buhlparam=2100101\"\r\n                            title=\"Kostenlos testen\"\r\n                            target=\"_self\"\r\n                            id=\"firmenwagenfahrten-eintragen\"\r\n                            onclick=\"dataLayer.push({'event': 'ButtonClick SW','sw-button': 'click-testen'});\">\r\n                            Kostenlos testen\r\n                        <\/a>\r\n\r\n                        <a class=\"secondary w-230 d-flex d-md-none justify-content-center align-items-center font-cairo-2 fw700 action-anonymous\"\r\n                            role=\"button\"\r\n                            href=\"https:\/\/www.buhl.de\/mein-buhlkonto\/?buhlparam=2100101\"\r\n                            title=\"Kostenlos testen\"\r\n                            target=\"_self\"\r\n                            id=\"firmenwagenfahrten-eintragen-m\"\r\n                            onclick=\"dataLayer.push({'event': 'ButtonClick SW','sw-button': 'click-mobile-starten'});\">\r\n                            Kostenlos testen\r\n                        <\/a>\r\n                    \r\n                    <\/div>\r\n                <\/div>\r\n            <\/div>\r\n        <\/div>\r\n    \r\n        <div class=\"spacing-modul  \">\r\n            <div class=\"container spacing-modul\">\r\n               <div class=\"row\">\r\n                   <div id=\"\" class=\"anchor\"><\/div>\r\n                   <div class=\"col-12 modul-spacing-default-b\"><\/div>\r\n                   <div class=\"col-12 modul-spacing-default-b\"><\/div>\r\n               <\/div>\r\n            <\/div>\r\n        <\/div>\r\n    \n<h2>Arbeitnehmer: Firmenwagen von der Steuer absetzen<\/h2>\n<p>Ist <strong>arbeitsrechtlich vereinbart<\/strong> worden, dass du bestimmte Kosten f\u00fcr den Dienstwagen \u00fcbernehmen musst, <strong>senken sie deinen geldwerten Vorteil<\/strong> und damit die Steuer. Du kannst also daf\u00fcr eine Erstattung vom Finanzamt bekommen \u2013 unabh\u00e4ngig davon, ob du die 1-Prozent-Regelung oder die Fahrtenbuchmethode nutzt.<\/p>\n<p>Beispielsweise k\u00f6nnen folgende Kosten rund um den Firmenwagen als Nutzungsentgelt den geldwerten Vorteil reduzieren:<\/p>\n<ul class=\"sw-blog-icon sw-blog-icon-1\">\n<li>Zuzahlungen zu den Anschaffungs- oder Leasingkosten<\/li>\n<li>Betriebskosten wie zum Beispiel Treibstoff<\/li>\n<li>Wartung (\u00d6lwechsel etc.)<\/li>\n<li>Reparaturen<\/li>\n<li>Kfz-Versicherung<\/li>\n<li>Autow\u00e4sche<\/li>\n<li>Garagenmiete<\/li>\n<\/ul>\n\r\n        <div class=\"spacing-modul  \">\r\n            <div class=\"container spacing-modul\">\r\n               <div class=\"row\">\r\n                   <div id=\"\" class=\"anchor\"><\/div>\r\n                   <div class=\"col-12 modul-spacing-blog-c\"><\/div>\r\n                   <div class=\"col-12 modul-spacing-blog-c\"><\/div>\r\n               <\/div>\r\n            <\/div>\r\n        <\/div>\r\n    \r\n        <div class=\"white-background\">\r\n                <div class=\"video-d\">\r\n                    <div class=\"white-background\">\r\n                        <div class=\"container\">                       \r\n                            <div class=\"row justify-content-center\">\r\n                                <div class=\"text-center text-lg-left col-12 col-lg-6 col-xl-4 col-xl-offset-1 d-flex flex-column justify-content-center align-items-center align-items-lg-start\">\r\n                            <p class=\"font-cairo-10 blue-font headline-spacing-30 fw700\">Video: Benzin zahlen und Steuern sparen<\/p>                     <p class=\"font-source-sans-pro-1 blue-font mobile-text-spacing-blog-30\">Gute Nachricht: Selbst getragene Kosten mindern deinen steuerpflichtigen geldwerten Vorteil. Insoweit das bei der Gehaltsabrechnung noch nicht ber\u00fccksichtigt wurde, kannst du das in deiner Steuererkl\u00e4rung nachholen. Wie die Besteuerung des Dienstwagens funktioniert, zeigen wir in diesem Video.\u202f<\/p>                               \r\n                                <\/div>\r\n                                \r\n                                <div class=\"col-12 col-lg-6 col-xl-4 col-xl-offset-1 d-flex justify-content-center align-items-center\">\r\n                                    <div class=\"d-flex justify-content-center\">\r\n                                        <a role=\"button\"\r\n                                           class=\"blue-font position-relative font-cairo-2 fw700\" href=\"#\" data-toggle=\"modal\"\r\n                                           data-target=\"#xviK7zsZ1XYk\">\r\n                                             <div class=\"video-player-button\">\r\n                                                    <span class=\"video-player-button-icon\"><\/span>                                             \r\n                                             <\/div>\r\n                                            <img decoding=\"async\" loading=\"lazy\" class=\"img-fluid\"\r\n                                                title=\"Video ansehen\" \r\n                                                alt=\"Video ansehen Vorschaubild\"\r\n                                                src=\"https:\/\/www.buhl.de\/steuer\/wp-content\/themes\/steuer-web\/buhl-steuer\/assets\/video\/steuer-web\/video-blog.webp\">\r\n                                        <\/a>\r\n                                        <div class=\"modal fade videoModal\" id=\"xviK7zsZ1XYk\">\r\n                                            <div class=\"modal-dialog modal-xl modal-dialog-centered\">\r\n                                                <div class=\"modal-content\">\r\n                                                    <!-- Modal Header -->\r\n                                                    <div class=\"modal-header\">\r\n                                                        <button type=\"button\" class=\"close\" data-dismiss=\"modal\">\r\n                                                             <span class=\"navbar-toggler-icon\"><\/span>\r\n                                                        <\/button>\r\n                                                    <\/div>\r\n                                                    <!-- Modal body -->                                                                                                    \r\n                                                <div class=\"modal-body\" id=\"yt-player\">\r\n                                                      <div class=\"lyte-wrapper\" style=\"width:1280px;max-width:100%;margin:5px;\"><div class=\"lyMe hidef\" id=\"WYL_viK7zsZ1XYk\"><div id=\"lyte_viK7zsZ1XYk\" data-src=\"https:\/\/www.buhl.de\/steuer\/wp-content\/plugins\/wp-youtube-lyte\/lyteCache.php?origThumbUrl=%2F%2Fi.ytimg.com%2Fvi%2FviK7zsZ1XYk%2Fmaxresdefault.jpg\" class=\"pL\"><div class=\"tC\"><div class=\"tT\"><\/div><\/div><div class=\"play\"><\/div><div class=\"ctrl\"><div class=\"Lctrl\"><\/div><div class=\"Rctrl\"><\/div><\/div><\/div><noscript><a href=\"https:\/\/youtu.be\/viK7zsZ1XYk\" rel=\"nofollow\"><img loading=\"lazy\" decoding=\"async\" src=\"https:\/\/www.buhl.de\/steuer\/wp-content\/plugins\/wp-youtube-lyte\/lyteCache.php?origThumbUrl=https%3A%2F%2Fi.ytimg.com%2Fvi%2FviK7zsZ1XYk%2F0.jpg\" alt=\"YouTube-Video-Vorschaubild\" width=\"1280\" height=\"700\" \/><br \/>Dieses Video auf YouTube ansehen<\/a><\/noscript><\/div><\/div><div class=\"lL\" style=\"max-width:100%;width:1280px;margin:5px;\"><\/div>                                                                            \r\n                                                 <\/div>                                                              \r\n                                                <\/div>\r\n                                            <\/div>\r\n                                        <\/div>\r\n                                    <\/div>\r\n                                <\/div>                  \r\n                            <\/div>\r\n                        <\/div>                       \r\n                    <\/div>\r\n                <\/div>\r\n            <\/div>\r\n    \r\n        <div class=\"spacing-modul  \">\r\n            <div class=\"container spacing-modul\">\r\n               <div class=\"row\">\r\n                   <div id=\"\" class=\"anchor\"><\/div>\r\n                   <div class=\"col-12 modul-spacing-blog-c\"><\/div>\r\n                   <div class=\"col-12 modul-spacing-blog-c\"><\/div>\r\n               <\/div>\r\n            <\/div>\r\n        <\/div>\r\n    \n<p>Die selbst getragenen Kosten reduzieren deinen Bruttoarbeitslohn. Dazu tr\u00e4gst du sie bei den Angaben zur\u202f<a href=\"https:\/\/www.buhl.de\/steuer\/ratgeber\/lohnsteuerbescheinigung-elstam\/\">Lohnsteuerbescheinigung<\/a>\u202fin deiner <a title=\"Steuererkl\u00e4rung: Schritt-f\u00fcr-Schritt Anleitung\" href=\"https:\/\/www.buhl.de\/steuer\/ratgeber\/steuererklaerung-machen\/\">Steuererkl\u00e4rung<\/a> ein. In WISO Steuer ist das der Bereich \u202f<em>Arbeitnehmer, Betriebsrentner und Pension\u00e4re &gt; Lohnsteuerbescheinigungen<\/em>.<\/p>\n<p>Zus\u00e4tzlicher Vorteil mit WISO Steuer: Das Programm gibt dir Tipps, was du noch angeben kannst, um dein Sparpotenzial voll auszunutzen. So bekommst du die maximale Steuererstattung.<\/p>\n\r\n        <div class=\"spacing-modul  \">\r\n            <div class=\"container spacing-modul\">\r\n               <div class=\"row\">\r\n                   <div id=\"\" class=\"anchor\"><\/div>\r\n                   <div class=\"col-12 modul-spacing-blog-c\"><\/div>\r\n                   <div class=\"col-12 modul-spacing-blog-c\"><\/div>\r\n               <\/div>\r\n            <\/div>\r\n        <\/div>\r\n    \r\n        <div class=\"white-background d-none d-lg-block\">\r\n            <div class=\"container blog-image\">\r\n            \t<div class=\"row\">\r\n       <p class=\"col-12 font-source-sans-pro-1 blue-font\">\n<\/p>\r\n                <div class=\"d-flex col-12 align-items-center justify-content-center\">\r\n                         \r\n                            <a id=\"\" target=\"_self\" title=\"\" href=\"\">\r\n                         \r\n                      <picture class=\"img-fluid\">\r\n                             <img decoding=\"async\" loading=\"lazy\"\r\n                              alt=\"Ausgaben f\u00fcr Firmenwagen in WISO Steuer eintragen\" \r\n                              title=\"\"\r\n                              src=\"https:\/\/www.buhl.de\/steuer\/wp-content\/uploads\/sites\/31\/2025\/01\/firmenwagen-kosten-steuererklaerung.png\" >\r\n                      <\/picture>     \r\n                      \t\r\n                        \t<\/a>\r\n                    \t                      \r\n\t\t\t\t\t<\/div>  \r\n\t\t\t\t<\/div>                       \r\n            <\/div>\r\n        <\/div>                  \r\n    \n\r\n        <div class=\"white-background  d-lg-none\">\r\n            <div class=\"container blog-image\">\r\n            \t<div class=\"row\">\r\n       <p class=\"col-12 font-source-sans-pro-1 blue-font\">\n<\/p>\r\n                <div class=\"d-flex col-12 align-items-center justify-content-center\">\r\n                         \r\n                            <a id=\"\" target=\"_self\" title=\"\" href=\"\">\r\n                         \r\n                      <picture class=\"img-fluid\">\r\n                             <img decoding=\"async\" loading=\"lazy\"\r\n                              alt=\"Ausgaben f\u00fcr Firmenwagen in der App WISO Steuer eintragen\" \r\n                              title=\"\"\r\n                              src=\"https:\/\/www.buhl.de\/steuer\/wp-content\/uploads\/sites\/31\/2025\/01\/firmenwagen-kosten-steuer-app.png\" >\r\n                      <\/picture>     \r\n                      \t\r\n                        \t<\/a>\r\n                    \t                      \r\n\t\t\t\t\t<\/div>  \r\n\t\t\t\t<\/div>                       \r\n            <\/div>\r\n        <\/div>                  \r\n    \n\r\n        <div role=\"region\" aria-label=\"\" class=\"white-background\">\r\n            <div class=\"container\">\r\n                <div class=\"row\">\r\n                    <div class=\"col-12 d-flex justify-content-center align-items-center flex-column flex-lg-row\">\r\n                    \r\n\r\n                    \r\n                        <a class=\"secondary w-230 d-none d-md-flex justify-content-center align-items-center font-cairo-2 fw700 action-anonymous\"\r\n                            role=\"button\"\r\n                            href=\"https:\/\/www.buhl.de\/mein-buhlkonto\/?buhlparam=2100101\"\r\n                            title=\"Kostenlos testen\"\r\n                            target=\"_self\"\r\n                            id=\"firmenwagenkosten-eintragen\"\r\n                            onclick=\"dataLayer.push({'event': 'ButtonClick SW','sw-button': 'click-testen'});\">\r\n                            Kostenlos testen\r\n                        <\/a>\r\n\r\n                        <a class=\"secondary w-230 d-flex d-md-none justify-content-center align-items-center font-cairo-2 fw700 action-anonymous\"\r\n                            role=\"button\"\r\n                            href=\"https:\/\/www.buhl.de\/mein-buhlkonto\/?buhlparam=2100101\"\r\n                            title=\"Kostenlos testen\"\r\n                            target=\"_self\"\r\n                            id=\"firmenwagenkosten-eintragen-m\"\r\n                            onclick=\"dataLayer.push({'event': 'ButtonClick SW','sw-button': 'click-mobile-starten'});\">\r\n                            Kostenlos testen\r\n                        <\/a>\r\n                    \r\n                    <\/div>\r\n                <\/div>\r\n            <\/div>\r\n        <\/div>\r\n    \r\n        <div class=\"spacing-modul  \">\r\n            <div class=\"container spacing-modul\">\r\n               <div class=\"row\">\r\n                   <div id=\"\" class=\"anchor\"><\/div>\r\n                   <div class=\"col-12 modul-spacing-default-b\"><\/div>\r\n                   <div class=\"col-12 modul-spacing-default-b\"><\/div>\r\n               <\/div>\r\n            <\/div>\r\n        <\/div>\r\n    \n<h2>FAQ: Firmenwagen versteuern<\/h2>\n\r\n        <div class=\"white-background\">\r\n            <div class=\"container faq-module blog-download buhl-ap\">\r\n                <div class=\"row\">\r\n                <div class=\"col-12 p-lg-0\">\r\n                \r\n                    <div class=\"accordion accordionFaq\" id=\"accordionFaq\">\n<div class=\"card\">\n<div class=\"d-flex card-header border-0 collapsed\" id=\"heading1\" data-toggle=\"collapse\" data-target=\"#collapse1\"\r\n                    aria-expanded=\"false\" aria-controls=\"collapse1\">                                            \r\n                    <h3 class=\"font-source-sans-pro-1 blue-font no-margin\">Wie wirkt sich ein Firmenwagen auf das Gehalt aus?<\/h3>\r\n                <\/div>\r\n\n\r\n        <div id=\"collapse1\" class=\"collapse\" aria-labelledby=\"heading1\" data-parent=\"#accordionFaq\">\r\n            <div class=\"card-body\">\r\n                Nutzt du deinen Firmenwagen auch privat, entsteht f\u00fcr dich ein geldwerter Vorteil, den du versteuern musst. Bei der 1-Prozent-Regelung wird daf\u00fcr pro Monat 1 Prozent des Bruttolistenpreises deines Firmenwagens zu deinem Bruttoeinkommen dazugez\u00e4hlt.\u202fF\u00fcr die Fahrten von der Wohnung zum Arbeitsplatz kommt noch ein Zuschlag hinzu.<\/p>\n<p>Das ergibt ein h\u00f6heres steuerpflichtiges Bruttoeinkommen. Durch das h\u00f6here Einkommen steigt der Steuersatz und entsprechend auch die Einkommensteuer.                \r\n            <\/div>\r\n        <\/div>\r\n\n<\/div>\n<div class=\"card\">\n<div class=\"d-flex card-header border-0 collapsed\" id=\"heading2\" data-toggle=\"collapse\" data-target=\"#collapse2\"\r\n                    aria-expanded=\"false\" aria-controls=\"collapse2\">                                            \r\n                    <h3 class=\"font-source-sans-pro-1 blue-font no-margin\">Wie wird der Dienstwagen versteuert?<\/h3>\r\n                <\/div>\r\n\n\r\n        <div id=\"collapse2\" class=\"collapse\" aria-labelledby=\"heading2\" data-parent=\"#accordionFaq\">\r\n            <div class=\"card-body\">\r\n                In Absprache mit deinem Arbeitgeber kannst du bestimmen, wie der geldwerte Vorteil ermittelt wird. Dazu hast du 2 M\u00f6glichkeiten:<\/p>\n<ol>\n<li>Fahrtenbuchmethode<\/li>\n<li>Pauschale 1-Prozent-Methode<\/li>\n<\/ol>\n                \r\n            <\/div>\r\n        <\/div>\r\n\n<\/div>\n<div class=\"card\">\n<div class=\"d-flex card-header border-0 collapsed\" id=\"heading3\" data-toggle=\"collapse\" data-target=\"#collapse3\"\r\n                    aria-expanded=\"false\" aria-controls=\"collapse3\">                                            \r\n                    <h3 class=\"font-source-sans-pro-1 blue-font no-margin\">Wann muss ich f\u00fcr meinen Firmenwagen keine Steuern zahlen?<\/h3>\r\n                <\/div>\r\n\n\r\n        <div id=\"collapse3\" class=\"collapse\" aria-labelledby=\"heading3\" data-parent=\"#accordionFaq\">\r\n            <div class=\"card-body\">\r\n                Die rein berufliche Nutzung wird nicht versteuert. Falls dein Arbeitgeber Privatfahrten vollst\u00e4ndig verbietet (inklusive Fahrten zwischen Wohnung und Arbeitsplatz), musst du keine Steuern zahlen.                \r\n            <\/div>\r\n        <\/div>\r\n\n<\/div>\n<div class=\"card\">\n<div class=\"d-flex card-header border-0 collapsed\" id=\"heading4\" data-toggle=\"collapse\" data-target=\"#collapse4\"\r\n                    aria-expanded=\"false\" aria-controls=\"collapse4\">                                            \r\n                    <h3 class=\"font-source-sans-pro-1 blue-font no-margin\">Was ist die 1-Prozent-Regelung?<\/h3>\r\n                <\/div>\r\n\n\r\n        <div id=\"collapse4\" class=\"collapse\" aria-labelledby=\"heading4\" data-parent=\"#accordionFaq\">\r\n            <div class=\"card-body\">\r\n                Die 1-Prozent-Regelung ist eine pauschale und einfache Methode, um den geldwerten Vorteil f\u00fcr die private Nutzung eines Dienstwagens zu berechnen.<\/p>\n<p>Nach der Ermittlung des geldwerten Vorteils steigt dein monatliches Bruttoeinkommen um 1 Prozent des Bruttolistenpreises deines Firmenwagens. Hinzu kommt ein Zuschlag f\u00fcr die Fahrten von der Wohnung zur T\u00e4tigkeitsst\u00e4tte.                \r\n            <\/div>\r\n        <\/div>\r\n\n<\/div>\n<div class=\"card\">\n<div class=\"d-flex card-header border-0 collapsed\" id=\"heading5\" data-toggle=\"collapse\" data-target=\"#collapse5\"\r\n                    aria-expanded=\"false\" aria-controls=\"collapse5\">                                            \r\n                    <h3 class=\"font-source-sans-pro-1 blue-font no-margin\">Wann lohnt sich die 1-Prozent-Regelung?<\/h3>\r\n                <\/div>\r\n\n\r\n        <div id=\"collapse5\" class=\"collapse\" aria-labelledby=\"heading5\" data-parent=\"#accordionFaq\">\r\n            <div class=\"card-body\">\r\n                \n<ul>\n<li>Bei g\u00fcnstigen Autos, da der Bruttolistenpreis bei dieser Methode entscheidend ist<\/li>\n<li>Wenn du den Dienstwagen viel privat nutzt<\/li>\n<\/ul>\n                \r\n            <\/div>\r\n        <\/div>\r\n\n<\/div>\n<div class=\"card\">\n<div class=\"d-flex card-header border-0 collapsed\" id=\"heading6\" data-toggle=\"collapse\" data-target=\"#collapse6\"\r\n                    aria-expanded=\"false\" aria-controls=\"collapse6\">                                            \r\n                    <h3 class=\"font-source-sans-pro-1 blue-font no-margin\">Was kann ich tun, wenn mein Arbeitgeber den Firmenwagen falsch versteuert hat?<\/h3>\r\n                <\/div>\r\n\n\r\n        <div id=\"collapse6\" class=\"collapse\" aria-labelledby=\"heading6\" data-parent=\"#accordionFaq\">\r\n            <div class=\"card-body\">\r\n                Schau dir deine Gehaltsabrechnungen und Steuerdokumente genau an und trage die Angaben in deiner Steuererkl\u00e4rung ein. Das geht mit einer Steuersoftware wie <a title=\"WISO Steuer: Steuerprogramm von Buhl\" href=\"https:\/\/www.buhl.de\/steuer\/\">WISO Steuer<\/a> ganz einfach. Das Finanzamt kann dann den Fehler korrigieren und du bekommst eine R\u00fcckerstattung.                \r\n            <\/div>\r\n        <\/div>\r\n\n<\/div>\n<div class=\"card\">\n<div class=\"d-flex card-header border-0 collapsed\" id=\"heading7\" data-toggle=\"collapse\" data-target=\"#collapse7\"\r\n                    aria-expanded=\"false\" aria-controls=\"collapse7\">                                            \r\n                    <h3 class=\"font-source-sans-pro-1 blue-font no-margin\">Welche Kosten meines Dienstwagens kann ich absetzen?<\/h3>\r\n                <\/div>\r\n\n\r\n        <div id=\"collapse7\" class=\"collapse\" aria-labelledby=\"heading7\" data-parent=\"#accordionFaq\">\r\n            <div class=\"card-body\">\r\n                Hast du mit deinem Arbeitgeber vereinbart, dass du bestimmte Kosten f\u00fcr den Dienstwagen selbst zahlen musst, k\u00f6nnen diese vom steuerpflichtigen geldwerten Vorteil abgezogen werden.<\/p>\n<p>Hierzu k\u00f6nnen folgende Kosten z\u00e4hlen:<\/p>\n<ul>\n<li>Zuzahlungen zu den Anschaffungs- oder Leasingkosten<\/li>\n<li>Betriebskosten wie zum Beispiel Sprit<\/li>\n<li>Wartung (\u00d6lwechsel etc.)<\/li>\n<li>Reparaturen<\/li>\n<li>Kfz-Versicherung<\/li>\n<li>Autow\u00e4sche<\/li>\n<li>Garagenmiete<\/li>\n<\/ul>\n                \r\n            <\/div>\r\n        <\/div>\r\n\n<\/div>\n<\/div>\r\n                 <\/div>\r\n              <\/div>\r\n            <\/div>\r\n        <\/div>\r\n        <div class=\"spacing-modul  \">\r\n            <div class=\"container spacing-modul\">\r\n               <div class=\"row\">\r\n                   <div id=\"\" class=\"anchor\"><\/div>\r\n                   <div class=\"col-12 modul-spacing-default-b\"><\/div>\r\n                   <div class=\"col-12 modul-spacing-default-b\"><\/div>\r\n               <\/div>\r\n            <\/div>\r\n        <\/div>\r\n    \n\r\n        <div class=\"white-background\">\r\n            <div class=\"full-width-text\">\r\n                <div class=\"inner-spacing blog-ad1-wrapper yellow-background\">\r\n                    <div class=\"container blog-ad1\">\r\n                        <div class=\"row\">\r\n                        \r\n                            \r\n                            <div class=\"col-12\">\r\n                                \r\n                                    <div class=\"d-flex headline-spacing-30 justify-content-center\">\r\n                                        \r\n                                            <img decoding=\"async\" loading=\"lazy\" height=\"auto\" style=\"max-width:100%;\" alt=\"WISO&nbsp;Steuer\" title=\"WISO&nbsp;Steuer\" \r\n                                                class=\"d-none d-md-block \" src=\"https:\/\/www.buhl.de\/steuer\/wp-content\/themes\/steuer-web\/buhl-steuer\/assets\/full-width-text\/ad1\/logo-wiso-steuer.svg\" \/>\r\n                                        \r\n                                        \r\n                                                \r\n                                        \r\n                                            <img decoding=\"async\" loading=\"lazy\" alt=\"WISO&nbsp;Steuer\" title=\"WISO&nbsp;Steuer\" \r\n                                                class=\"mx-auto d-md-none mobile \" src=\"https:\/\/www.buhl.de\/steuer\/wp-content\/themes\/steuer-web\/buhl-steuer\/assets\/full-width-text\/ad1\/logo-wiso-steuer.svg\" \/>\r\n                                        \r\n                                    <\/div>\r\n                                \r\n                            \r\n                                \r\n                                    <p class=\"font-cairo-10 fw700 blue-font headline-spacing-30 text-center justify-content-center\">Hol dir dein Geld zur\u00fcck<\/p>\r\n                                \r\n                    \r\n                                <div class=\"font-source-sans-pro-1 mt-30 mb-30 blue-font subline-width text-center 1\">Lass deine Steuererkl\u00e4rung automatisch ausf\u00fcllen, gib sie digital ab und hol dir im Schnitt 1.674 \u20ac R\u00fcckerstattung vom Finanzamt.<br\/>Ganz einfach mit WISO&nbsp;Steuer.<\/div>\r\n                                \r\n                                \r\n\r\n                                <div class=\"d-flex flex-column flex-md-row align-items-center align-items-md-start justify-content-center\">\r\n                                    \r\n                                    <a class=\"font-cairo-2 fw700 intro-button primary w-230 d-none d-md-flex mr-md-25 justify-content-center align-items-center\"\r\n                                       role=\"button\"\r\n                                       href=\"https:\/\/www.buhl.de\/shop\/wisosteuer\/auswahl?2025=agv&wkz=STWEBMARKETINGSEITE&src=WEB\"\r\n                                       target=\"_self\"\r\n                                       title=\"WISO&nbsp;Steuer Lizenz kaufen\"\r\n                                       id=\"ad-1-testencta\"\r\n                                       onclick=\"dataLayer.push({'event': 'ButtonClick SW','sw-button': 'click-preise'});\">\r\n                                       Jetzt kaufen\r\n                                    <\/a>\r\n                                    \r\n                                    \r\n                                    \r\n                                    <a class=\"d-flex justify-content-center align-items-center d-md-none font-cairo-2 fw700 intro-button primary w-230\"\r\n                                       role=\"button\"\r\n                                       href=\"https:\/\/www.buhl.de\/shop\/wisosteuer\/auswahl?2025=agv&wkz=STWEBMARKETINGSEITE&src=WEB\"\r\n                                       target=\"_self\"\r\n                                       title=\"WISO&nbsp;Steuer Lizenz kaufen\"\r\n                                       id=\"adpapierkramkauf\"\r\n                                       onclick=\"dataLayer.push({'event': 'ButtonClick SW','sw-button': 'click-preise'});\">\r\n                                       Jetzt kaufen\r\n                                    <\/a>\r\n                                    \r\n                                    \r\n                                    \r\n                                    <a class=\"font-cairo-2 fw700 intro-button secondary w-230 d-none d-md-flex  justify-content-center align-items-center\"\r\n                                       role=\"button\"\r\n                                       href=\"https:\/\/www.buhl.de\/mein-buhlkonto\/?buhlparam=2100101\"\r\n                                       target=\"_self\"\r\n                                       title=\"Hier unverbindlich ausprobieren\"\r\n                                       id=\"ad1-testen\"\r\n                                       onclick=\"dataLayer.push({'event': 'ButtonClick SW','sw-button': 'click-testen'});\">\r\n                                       Kostenlos testen\r\n                                    <\/a>\r\n                                    \r\n                                    \r\n                                    \r\n                                    <a class=\"font-cairo-2 fw700 intro-button secondary w-230 d-flex d-md-none justify-content-center align-items-center mt-30\"\r\n                                       role=\"button\"\r\n                                       href=\"https:\/\/www.buhl.de\/mein-buhlkonto\/?buhlparam=2100101\"\r\n                                       target=\"_self\"\r\n                                       title=\"Hier unverbindlich ausprobieren\"\r\n                                       id=\"ad1-testen\"\r\n                                       onclick=\"dataLayer.push({'event': 'ButtonClick SW','sw-button': 'click-mobile-starten'});\">\r\n                                       Kostenlos testen\r\n                                    <\/a>\r\n                                    \r\n                                <\/div>\r\n                                \r\n                                \r\n                            <\/div>\r\n                        <\/div>\r\n                    <\/div>\r\n                <\/div>\r\n            <\/div>\r\n        <\/div>\r\n    \n","protected":false},"excerpt":{"rendered":"<p>Keine Anschaffungskosten, keine Wartungs- und Reparaturkosten \u2013 die finanziellen Vorteile eines Dienstwagens sind enorm. Doch ganz kostenlos bleibt er leider nicht. Denn: Wer mit dem\u202fFirmenwagen\u202fauch zum Supermarkt oder in den Urlaub f\u00e4hrt, muss daf\u00fcr Steuern zahlen.\u202fWir erkl\u00e4ren, worauf es dabei ankommt und wie man mit einem Elektroauto als Dienstwagen richtig Steuern spart.<\/p>\n","protected":false},"author":220,"featured_media":69192,"comment_status":"closed","ping_status":"open","sticky":false,"template":"","format":"standard","meta":{"_acf_changed":false,"footnotes":""},"categories":[2841,2818,2808],"tags":[],"class_list":["post-51634","post","type-post","status-publish","format-standard","has-post-thumbnail","hentry","category-alle","category-selbst","category-arbeit"],"yoast_head":"<!-- This site is optimized with the Yoast SEO Premium plugin v27.4 (Yoast SEO v27.5) - https:\/\/yoast.com\/product\/yoast-seo-premium-wordpress\/ -->\n<title>Firmenwagen versteuern: 1-Prozent-Methode und Alternativen<\/title>\n<meta name=\"description\" content=\"Wie wird ein Firmenwagen versteuert?1-Prozent-Regelung, g\u00fcnstige Alternativen f\u00fcr E-Autos, Wenigfahrer &amp; Co.\u27a1\ufe0fJetzt lesen.\" \/>\n<meta name=\"robots\" content=\"index, follow, max-snippet:-1, max-image-preview:large, max-video-preview:-1\" \/>\n<link rel=\"canonical\" href=\"https:\/\/www.buhl.de\/steuer\/ratgeber\/firmenwagen-versteuern\/\" \/>\n<meta property=\"og:locale\" content=\"de_DE\" \/>\n<meta property=\"og:type\" content=\"article\" \/>\n<meta property=\"og:title\" content=\"Dienstwagen versteuern: So geht&#039;s\" \/>\n<meta property=\"og:description\" content=\"Wie wird ein Firmenwagen versteuert?1-Prozent-Regelung, g\u00fcnstige Alternativen f\u00fcr E-Autos, Wenigfahrer &amp; Co.\u27a1\ufe0fJetzt lesen.\" \/>\n<meta property=\"og:url\" content=\"https:\/\/www.buhl.de\/steuer\/ratgeber\/firmenwagen-versteuern\/\" \/>\n<meta property=\"og:site_name\" content=\"WISO Steuer: Nr.1 App f\u00fcr die Steuererkl\u00e4rung\" \/>\n<meta property=\"article:published_time\" content=\"2025-01-16T06:41:36+00:00\" \/>\n<meta property=\"article:modified_time\" content=\"2026-04-16T11:30:34+00:00\" \/>\n<meta property=\"og:image\" content=\"https:\/\/www.buhl.de\/steuer\/wp-content\/uploads\/sites\/31\/2025\/01\/dienstwagen-1-prozent-regelung.jpg\" \/>\n\t<meta property=\"og:image:width\" content=\"976\" \/>\n\t<meta property=\"og:image:height\" content=\"400\" \/>\n\t<meta property=\"og:image:type\" content=\"image\/jpeg\" \/>\n<meta name=\"author\" content=\"Udo Reu\u00df\" \/>\n<meta name=\"twitter:card\" content=\"summary_large_image\" \/>\n<meta name=\"twitter:label1\" content=\"Verfasst von\" \/>\n\t<meta name=\"twitter:data1\" content=\"Udo Reu\u00df\" \/>\n\t<meta name=\"twitter:label2\" content=\"Gesch\u00e4tzte Lesezeit\" \/>\n\t<meta name=\"twitter:data2\" content=\"15\u00a0Minuten\" \/>\n<script type=\"application\/ld+json\" class=\"yoast-schema-graph\">{\"@context\":\"https:\\\/\\\/schema.org\",\"@graph\":[{\"@type\":\"Article\",\"@id\":\"https:\\\/\\\/www.buhl.de\\\/steuer\\\/ratgeber\\\/firmenwagen-versteuern\\\/#article\",\"isPartOf\":{\"@id\":\"https:\\\/\\\/www.buhl.de\\\/steuer\\\/ratgeber\\\/firmenwagen-versteuern\\\/\"},\"author\":{\"name\":\"Udo Reu\u00df\",\"@id\":\"https:\\\/\\\/www.buhl.de\\\/steuer\\\/#\\\/schema\\\/person\\\/03b5508d4c85dc193be95cb4e2d78423\"},\"headline\":\"Dienstwagen versteuern: So geht&#8217;s\",\"datePublished\":\"2025-01-16T06:41:36+00:00\",\"dateModified\":\"2026-04-16T11:30:34+00:00\",\"mainEntityOfPage\":{\"@id\":\"https:\\\/\\\/www.buhl.de\\\/steuer\\\/ratgeber\\\/firmenwagen-versteuern\\\/\"},\"wordCount\":2730,\"publisher\":{\"@id\":\"https:\\\/\\\/www.buhl.de\\\/steuer\\\/#organization\"},\"image\":{\"@id\":\"https:\\\/\\\/www.buhl.de\\\/steuer\\\/ratgeber\\\/firmenwagen-versteuern\\\/#primaryimage\"},\"thumbnailUrl\":\"https:\\\/\\\/www.buhl.de\\\/steuer\\\/wp-content\\\/uploads\\\/sites\\\/31\\\/2025\\\/01\\\/dienstwagen-1-prozent-regelung.jpg\",\"articleSection\":[\"Neueste Beitr\u00e4ge\",\"Ratgeber:\u00a0Selbstst\u00e4ndigkeit &amp; Steuern\",\"Ratgeber: Steuern &amp; Gehalt\"],\"inLanguage\":\"de\"},{\"@type\":\"WebPage\",\"@id\":\"https:\\\/\\\/www.buhl.de\\\/steuer\\\/ratgeber\\\/firmenwagen-versteuern\\\/\",\"url\":\"https:\\\/\\\/www.buhl.de\\\/steuer\\\/ratgeber\\\/firmenwagen-versteuern\\\/\",\"name\":\"Firmenwagen versteuern: 1-Prozent-Methode und Alternativen\",\"isPartOf\":{\"@id\":\"https:\\\/\\\/www.buhl.de\\\/steuer\\\/#website\"},\"primaryImageOfPage\":{\"@id\":\"https:\\\/\\\/www.buhl.de\\\/steuer\\\/ratgeber\\\/firmenwagen-versteuern\\\/#primaryimage\"},\"image\":{\"@id\":\"https:\\\/\\\/www.buhl.de\\\/steuer\\\/ratgeber\\\/firmenwagen-versteuern\\\/#primaryimage\"},\"thumbnailUrl\":\"https:\\\/\\\/www.buhl.de\\\/steuer\\\/wp-content\\\/uploads\\\/sites\\\/31\\\/2025\\\/01\\\/dienstwagen-1-prozent-regelung.jpg\",\"datePublished\":\"2025-01-16T06:41:36+00:00\",\"dateModified\":\"2026-04-16T11:30:34+00:00\",\"description\":\"Wie wird ein Firmenwagen versteuert?1-Prozent-Regelung, g\u00fcnstige Alternativen f\u00fcr E-Autos, Wenigfahrer & Co.\u27a1\ufe0fJetzt lesen.\",\"breadcrumb\":{\"@id\":\"https:\\\/\\\/www.buhl.de\\\/steuer\\\/ratgeber\\\/firmenwagen-versteuern\\\/#breadcrumb\"},\"inLanguage\":\"de\",\"potentialAction\":[{\"@type\":\"ReadAction\",\"target\":[\"https:\\\/\\\/www.buhl.de\\\/steuer\\\/ratgeber\\\/firmenwagen-versteuern\\\/\"]}]},{\"@type\":\"ImageObject\",\"inLanguage\":\"de\",\"@id\":\"https:\\\/\\\/www.buhl.de\\\/steuer\\\/ratgeber\\\/firmenwagen-versteuern\\\/#primaryimage\",\"url\":\"https:\\\/\\\/www.buhl.de\\\/steuer\\\/wp-content\\\/uploads\\\/sites\\\/31\\\/2025\\\/01\\\/dienstwagen-1-prozent-regelung.jpg\",\"contentUrl\":\"https:\\\/\\\/www.buhl.de\\\/steuer\\\/wp-content\\\/uploads\\\/sites\\\/31\\\/2025\\\/01\\\/dienstwagen-1-prozent-regelung.jpg\",\"width\":976,\"height\":400},{\"@type\":\"BreadcrumbList\",\"@id\":\"https:\\\/\\\/www.buhl.de\\\/steuer\\\/ratgeber\\\/firmenwagen-versteuern\\\/#breadcrumb\",\"itemListElement\":[{\"@type\":\"ListItem\",\"position\":1,\"name\":\"Steuererkl\u00e4rung\",\"item\":\"https:\\\/\\\/www.buhl.de\\\/steuer\\\/\"},{\"@type\":\"ListItem\",\"position\":2,\"name\":\"Dienstwagen versteuern: So geht's\"}]},{\"@type\":\"WebSite\",\"@id\":\"https:\\\/\\\/www.buhl.de\\\/steuer\\\/#website\",\"url\":\"https:\\\/\\\/www.buhl.de\\\/steuer\\\/\",\"name\":\"WISO Steuer: Nr. 1 Steuer-App\",\"description\":\"\",\"publisher\":{\"@id\":\"https:\\\/\\\/www.buhl.de\\\/steuer\\\/#organization\"},\"potentialAction\":[{\"@type\":\"SearchAction\",\"target\":{\"@type\":\"EntryPoint\",\"urlTemplate\":\"https:\\\/\\\/www.buhl.de\\\/steuer\\\/?s={search_term_string}\"},\"query-input\":{\"@type\":\"PropertyValueSpecification\",\"valueRequired\":true,\"valueName\":\"search_term_string\"}}],\"inLanguage\":\"de\"},{\"@type\":\"Organization\",\"@id\":\"https:\\\/\\\/www.buhl.de\\\/steuer\\\/#organization\",\"name\":\"WISO Steuer | Buhl Data Service GmbH\",\"url\":\"https:\\\/\\\/www.buhl.de\\\/steuer\\\/\",\"logo\":{\"@type\":\"ImageObject\",\"inLanguage\":\"de\",\"@id\":\"https:\\\/\\\/www.buhl.de\\\/steuer\\\/#\\\/schema\\\/logo\\\/image\\\/\",\"url\":\"https:\\\/\\\/www.buhl.de\\\/steuer\\\/wp-content\\\/uploads\\\/sites\\\/31\\\/2026\\\/02\\\/logo-wiso-steuer-app.svg\",\"contentUrl\":\"https:\\\/\\\/www.buhl.de\\\/steuer\\\/wp-content\\\/uploads\\\/sites\\\/31\\\/2026\\\/02\\\/logo-wiso-steuer-app.svg\",\"width\":375,\"height\":72,\"caption\":\"WISO Steuer | Buhl Data Service GmbH\"},\"image\":{\"@id\":\"https:\\\/\\\/www.buhl.de\\\/steuer\\\/#\\\/schema\\\/logo\\\/image\\\/\"}},{\"@type\":\"Person\",\"@id\":\"https:\\\/\\\/www.buhl.de\\\/steuer\\\/#\\\/schema\\\/person\\\/03b5508d4c85dc193be95cb4e2d78423\",\"name\":\"Udo Reu\u00df\",\"image\":{\"@type\":\"ImageObject\",\"inLanguage\":\"de\",\"@id\":\"https:\\\/\\\/www.buhl.de\\\/steuer\\\/wp-content\\\/uploads\\\/sites\\\/31\\\/2024\\\/07\\\/udo.png\",\"url\":\"https:\\\/\\\/www.buhl.de\\\/steuer\\\/wp-content\\\/uploads\\\/sites\\\/31\\\/2024\\\/07\\\/udo.png\",\"contentUrl\":\"https:\\\/\\\/www.buhl.de\\\/steuer\\\/wp-content\\\/uploads\\\/sites\\\/31\\\/2024\\\/07\\\/udo.png\",\"caption\":\"Udo Reu\u00df\"},\"sameAs\":[\"https:\\\/\\\/www.buhl.de\\\/steuer\\\/autoren\\\/udo-reuss\\\/\"]}]}<\/script>\n<!-- \/ Yoast SEO Premium plugin. -->","yoast_head_json":{"title":"Firmenwagen versteuern: 1-Prozent-Methode und Alternativen","description":"Wie wird ein Firmenwagen versteuert?1-Prozent-Regelung, g\u00fcnstige Alternativen f\u00fcr E-Autos, Wenigfahrer & Co.\u27a1\ufe0fJetzt lesen.","robots":{"index":"index","follow":"follow","max-snippet":"max-snippet:-1","max-image-preview":"max-image-preview:large","max-video-preview":"max-video-preview:-1"},"canonical":"https:\/\/www.buhl.de\/steuer\/ratgeber\/firmenwagen-versteuern\/","og_locale":"de_DE","og_type":"article","og_title":"Dienstwagen versteuern: So geht's","og_description":"Wie wird ein Firmenwagen versteuert?1-Prozent-Regelung, g\u00fcnstige Alternativen f\u00fcr E-Autos, Wenigfahrer & Co.\u27a1\ufe0fJetzt lesen.","og_url":"https:\/\/www.buhl.de\/steuer\/ratgeber\/firmenwagen-versteuern\/","og_site_name":"WISO Steuer: Nr.1 App f\u00fcr die Steuererkl\u00e4rung","article_published_time":"2025-01-16T06:41:36+00:00","article_modified_time":"2026-04-16T11:30:34+00:00","og_image":[{"width":976,"height":400,"url":"https:\/\/www.buhl.de\/steuer\/wp-content\/uploads\/sites\/31\/2025\/01\/dienstwagen-1-prozent-regelung.jpg","type":"image\/jpeg"}],"author":"Udo Reu\u00df","twitter_card":"summary_large_image","twitter_misc":{"Verfasst von":"Udo Reu\u00df","Gesch\u00e4tzte Lesezeit":"15\u00a0Minuten"},"schema":{"@context":"https:\/\/schema.org","@graph":[{"@type":"Article","@id":"https:\/\/www.buhl.de\/steuer\/ratgeber\/firmenwagen-versteuern\/#article","isPartOf":{"@id":"https:\/\/www.buhl.de\/steuer\/ratgeber\/firmenwagen-versteuern\/"},"author":{"name":"Udo Reu\u00df","@id":"https:\/\/www.buhl.de\/steuer\/#\/schema\/person\/03b5508d4c85dc193be95cb4e2d78423"},"headline":"Dienstwagen versteuern: So geht&#8217;s","datePublished":"2025-01-16T06:41:36+00:00","dateModified":"2026-04-16T11:30:34+00:00","mainEntityOfPage":{"@id":"https:\/\/www.buhl.de\/steuer\/ratgeber\/firmenwagen-versteuern\/"},"wordCount":2730,"publisher":{"@id":"https:\/\/www.buhl.de\/steuer\/#organization"},"image":{"@id":"https:\/\/www.buhl.de\/steuer\/ratgeber\/firmenwagen-versteuern\/#primaryimage"},"thumbnailUrl":"https:\/\/www.buhl.de\/steuer\/wp-content\/uploads\/sites\/31\/2025\/01\/dienstwagen-1-prozent-regelung.jpg","articleSection":["Neueste Beitr\u00e4ge","Ratgeber:\u00a0Selbstst\u00e4ndigkeit &amp; Steuern","Ratgeber: Steuern &amp; Gehalt"],"inLanguage":"de"},{"@type":"WebPage","@id":"https:\/\/www.buhl.de\/steuer\/ratgeber\/firmenwagen-versteuern\/","url":"https:\/\/www.buhl.de\/steuer\/ratgeber\/firmenwagen-versteuern\/","name":"Firmenwagen versteuern: 1-Prozent-Methode und Alternativen","isPartOf":{"@id":"https:\/\/www.buhl.de\/steuer\/#website"},"primaryImageOfPage":{"@id":"https:\/\/www.buhl.de\/steuer\/ratgeber\/firmenwagen-versteuern\/#primaryimage"},"image":{"@id":"https:\/\/www.buhl.de\/steuer\/ratgeber\/firmenwagen-versteuern\/#primaryimage"},"thumbnailUrl":"https:\/\/www.buhl.de\/steuer\/wp-content\/uploads\/sites\/31\/2025\/01\/dienstwagen-1-prozent-regelung.jpg","datePublished":"2025-01-16T06:41:36+00:00","dateModified":"2026-04-16T11:30:34+00:00","description":"Wie wird ein Firmenwagen versteuert?1-Prozent-Regelung, g\u00fcnstige Alternativen f\u00fcr E-Autos, Wenigfahrer & Co.\u27a1\ufe0fJetzt lesen.","breadcrumb":{"@id":"https:\/\/www.buhl.de\/steuer\/ratgeber\/firmenwagen-versteuern\/#breadcrumb"},"inLanguage":"de","potentialAction":[{"@type":"ReadAction","target":["https:\/\/www.buhl.de\/steuer\/ratgeber\/firmenwagen-versteuern\/"]}]},{"@type":"ImageObject","inLanguage":"de","@id":"https:\/\/www.buhl.de\/steuer\/ratgeber\/firmenwagen-versteuern\/#primaryimage","url":"https:\/\/www.buhl.de\/steuer\/wp-content\/uploads\/sites\/31\/2025\/01\/dienstwagen-1-prozent-regelung.jpg","contentUrl":"https:\/\/www.buhl.de\/steuer\/wp-content\/uploads\/sites\/31\/2025\/01\/dienstwagen-1-prozent-regelung.jpg","width":976,"height":400},{"@type":"BreadcrumbList","@id":"https:\/\/www.buhl.de\/steuer\/ratgeber\/firmenwagen-versteuern\/#breadcrumb","itemListElement":[{"@type":"ListItem","position":1,"name":"Steuererkl\u00e4rung","item":"https:\/\/www.buhl.de\/steuer\/"},{"@type":"ListItem","position":2,"name":"Dienstwagen versteuern: So geht's"}]},{"@type":"WebSite","@id":"https:\/\/www.buhl.de\/steuer\/#website","url":"https:\/\/www.buhl.de\/steuer\/","name":"WISO Steuer: Nr. 1 Steuer-App","description":"","publisher":{"@id":"https:\/\/www.buhl.de\/steuer\/#organization"},"potentialAction":[{"@type":"SearchAction","target":{"@type":"EntryPoint","urlTemplate":"https:\/\/www.buhl.de\/steuer\/?s={search_term_string}"},"query-input":{"@type":"PropertyValueSpecification","valueRequired":true,"valueName":"search_term_string"}}],"inLanguage":"de"},{"@type":"Organization","@id":"https:\/\/www.buhl.de\/steuer\/#organization","name":"WISO Steuer | Buhl Data Service GmbH","url":"https:\/\/www.buhl.de\/steuer\/","logo":{"@type":"ImageObject","inLanguage":"de","@id":"https:\/\/www.buhl.de\/steuer\/#\/schema\/logo\/image\/","url":"https:\/\/www.buhl.de\/steuer\/wp-content\/uploads\/sites\/31\/2026\/02\/logo-wiso-steuer-app.svg","contentUrl":"https:\/\/www.buhl.de\/steuer\/wp-content\/uploads\/sites\/31\/2026\/02\/logo-wiso-steuer-app.svg","width":375,"height":72,"caption":"WISO Steuer | Buhl Data Service GmbH"},"image":{"@id":"https:\/\/www.buhl.de\/steuer\/#\/schema\/logo\/image\/"}},{"@type":"Person","@id":"https:\/\/www.buhl.de\/steuer\/#\/schema\/person\/03b5508d4c85dc193be95cb4e2d78423","name":"Udo Reu\u00df","image":{"@type":"ImageObject","inLanguage":"de","@id":"https:\/\/www.buhl.de\/steuer\/wp-content\/uploads\/sites\/31\/2024\/07\/udo.png","url":"https:\/\/www.buhl.de\/steuer\/wp-content\/uploads\/sites\/31\/2024\/07\/udo.png","contentUrl":"https:\/\/www.buhl.de\/steuer\/wp-content\/uploads\/sites\/31\/2024\/07\/udo.png","caption":"Udo Reu\u00df"},"sameAs":["https:\/\/www.buhl.de\/steuer\/autoren\/udo-reuss\/"]}]}},"acf":[],"wps_subtitle":"1-Prozent-Regel und Alternativen erkl\u00e4rt","_links":{"self":[{"href":"https:\/\/www.buhl.de\/steuer\/wp-json\/wp\/v2\/posts\/51634","targetHints":{"allow":["GET"]}}],"collection":[{"href":"https:\/\/www.buhl.de\/steuer\/wp-json\/wp\/v2\/posts"}],"about":[{"href":"https:\/\/www.buhl.de\/steuer\/wp-json\/wp\/v2\/types\/post"}],"author":[{"embeddable":true,"href":"https:\/\/www.buhl.de\/steuer\/wp-json\/wp\/v2\/users\/220"}],"replies":[{"embeddable":true,"href":"https:\/\/www.buhl.de\/steuer\/wp-json\/wp\/v2\/comments?post=51634"}],"version-history":[{"count":52,"href":"https:\/\/www.buhl.de\/steuer\/wp-json\/wp\/v2\/posts\/51634\/revisions"}],"predecessor-version":[{"id":83435,"href":"https:\/\/www.buhl.de\/steuer\/wp-json\/wp\/v2\/posts\/51634\/revisions\/83435"}],"wp:featuredmedia":[{"embeddable":true,"href":"https:\/\/www.buhl.de\/steuer\/wp-json\/wp\/v2\/media\/69192"}],"wp:attachment":[{"href":"https:\/\/www.buhl.de\/steuer\/wp-json\/wp\/v2\/media?parent=51634"}],"wp:term":[{"taxonomy":"category","embeddable":true,"href":"https:\/\/www.buhl.de\/steuer\/wp-json\/wp\/v2\/categories?post=51634"},{"taxonomy":"post_tag","embeddable":true,"href":"https:\/\/www.buhl.de\/steuer\/wp-json\/wp\/v2\/tags?post=51634"}],"curies":[{"name":"wp","href":"https:\/\/api.w.org\/{rel}","templated":true}]}}