{"id":51670,"date":"2023-02-07T07:57:23","date_gmt":"2023-02-07T06:57:23","guid":{"rendered":"https:\/\/www.buhl.de\/steuer\/?p=51670"},"modified":"2024-11-05T10:31:20","modified_gmt":"2024-11-05T09:31:20","slug":"autoreparatur-absetzen","status":"publish","type":"post","link":"https:\/\/www.buhl.de\/steuer\/ratgeber\/autoreparatur-absetzen\/","title":{"rendered":"Autoreparatur von der Steuer absetzen"},"content":{"rendered":"<p>Das Auto muss mal wieder in die Werkstatt? Eine <strong>Autoreparatur<\/strong> kann teuer werden. Bisher konnte man sich einen Teil der Kosten mit der Steuererkl\u00e4rung zur\u00fcckholen. Doch geht das auch in Zukunft auch noch?<\/p>\n<p><!--more--><\/p>\n<h2>Kurz &amp; knapp<\/h2>\n<ul>\n<li>Reparaturen am eigenen Pkw sind Privatkosten<\/li>\n<li>Nutzt du dein Auto im Beruf, kannst du die Reparaturkosten von der Steuer zur\u00fcckholen<\/li>\n<li>Als Selbst\u00e4ndiger geh\u00f6ren die Kosten zu deinen Betriebsausgaben<\/li>\n<li><a title=\"WISO Steuer: Steuerprogramm von Buhl\" href=\"https:\/\/www.buhl.de\/steuer\/\">WISO Steuer<\/a> hilft dir dabei, die Unfallkosten richtig anzugeben<\/li>\n<\/ul>\n<h2>Kann ich eine Autoreparatur von der Steuer absetzen?<\/h2>\n<p>Bei Angestellten sind Ausgaben rund um das Auto grunds\u00e4tzlich privat. Nur die sogenannte <a title=\"Pendlerpauschale: Fahrtkosten absetzen\" href=\"https:\/\/www.buhl.de\/steuer\/ratgeber\/pendlerpauschale\/\">Pendlerpauschale<\/a> gibt es als Vorteil bei der Steuer. Mit diesem pauschalen Kilometersatz werden alle Kosten f\u00fcr die t\u00e4gliche Fahrt ins B\u00fcro ausgeglichen.<\/p>\n<p>Daher kannst du Reparaturkosten an deinem Auto auch in der Regel nicht von der Steuer absetzen. Eine Ausnahme gibt es nur, wenn es sich um einen Unfall auf beruflichen Fahrten handelt. Nicht von der Versicherung \u00fcbernommene Kosten kannst du als <a title=\"Werbungskosten: Was geh\u00f6rt dazu?\" href=\"https:\/\/www.buhl.de\/steuer\/ratgeber\/werbungskosten\/\">Werbungskosten<\/a> bei der Steuer angeben.<\/p>\n<p>Zu den beruflichen Fahrten z\u00e4hlen folgende Fahrten:<\/p>\n<ul>\n<li>zwischen Wohnung und Arbeitsplatz<\/li>\n<li>zum Kauf von <a title=\"Arbeitsmittel: Beruflich genutzte Gegenst\u00e4nde absetzen\" href=\"https:\/\/www.buhl.de\/steuer\/ratgeber\/arbeitsmittel-absetzen\/\">Arbeitsmitteln<\/a> (zum Beispiel Fachliteratur, Laptop und Co.)<\/li>\n<li>w\u00e4hrend der <a title=\"Doppelte Haushaltsf\u00fchrung: Zweitwohnung absetzen\" href=\"https:\/\/www.buhl.de\/steuer\/ratgeber\/doppelte-haushaltsfuehrung\/\">doppelten Haushaltsf\u00fchrung<\/a><\/li>\n<li>auf einer Ausw\u00e4rtst\u00e4tigkeit (<a title=\"Reisekosten: Dienstreise von der Steuer absetzen\" href=\"https:\/\/www.buhl.de\/steuer\/ratgeber\/reisekosten\/\">Dienstreise<\/a>, Einsatzwechselt\u00e4tigkeit oder Fahrt\u00e4tigkeit)<\/li>\n<li>zu beruflichen <a title=\"Fortbildungskosten absetzen\" href=\"https:\/\/www.buhl.de\/steuer\/ratgeber\/fortbildungskosten-absetzen\/\">Fortbildungen<\/a><\/li>\n<li>w\u00e4hrend eines beruflich veranlassten <a title=\"Umzugskosten absetzen &amp; Umzugskostepauschale sichern\" href=\"https:\/\/www.buhl.de\/steuer\/ratgeber\/umzugskosten-steuer-absetzen\/\">Umzugs<\/a><\/li>\n<li>zu Vorstellungsgespr\u00e4chen<\/li>\n<li>Umwege, wenn sie beruflich veranlasst sind (beispielsweise zur Abholung von Mitgliedern einer Fahrgemeinschaft oder auf dem Weg zur Tankstelle)<\/li>\n<li>in Ausnahmef\u00e4llen auch Abholfahrten (zum Beispiel bei der Abholung durch den Ehepartner vom Job oder Fahrten zu Haltestellen)<\/li>\n<\/ul>\n<h3>Das gilt f\u00fcr Unternehmer<\/h3>\n<p>Handelt es sich um einen <a title=\"Firmenwagen versteuern\" href=\"https:\/\/www.buhl.de\/steuer\/ratgeber\/firmenwagen-versteuern\/\">Firmenwagen<\/a> und er geh\u00f6rt zum Betriebsverm\u00f6gen, kannst du die Kosten der Reparatur <strong>als Betriebsausgaben absetzen<\/strong>.<\/p>\n<p>Nutzt du den Wagen auch privat, wird die darauf entfallenden Kosten meistens \u00fcber die sogenannte 1-Prozent-Regelung bei der Steuererkl\u00e4rung ber\u00fccksichtigt.<\/p>\n\r\n        <div class=\"spacing-modul  \">\r\n            <div class=\"container spacing-modul\">\r\n               <div class=\"row\">\r\n                   <div id=\"\" class=\"anchor\"><\/div>\r\n                   <div class=\"col-12 modul-spacing-blog-c\"><\/div>\r\n                   <div class=\"col-12 modul-spacing-blog-c\"><\/div>\r\n               <\/div>\r\n            <\/div>\r\n        <\/div>\r\n    \r\n        <div class=\"white-background\">\r\n            <div class=\"full-width-text\">\r\n                <div class=\"blog-wrapper silver-background\">\r\n                    <div class=\"container blog-ad1\">\r\n                        <div class=\"row\">\r\n                            <div class=\"col-12 col-lg-6 d-flex justify-content-center flex-column\">\r\n                                <!--<div class=\"\">-->\r\n                                    \r\n                                        <h3 class=\"font-cairo-10 fw700 blue-font headline-spacing-30 text-left\">Mit Kosten rund ums Auto sparen<\/h3>\r\n                                    \r\n                                    \r\n                                    \r\n                                        <div class=\"font-source-sans-pro-1 mt-30 mb-30 blue-font subline-width text-left\">Ob Firmenwagen oder privater Pkw: WISO Steuer kennt alle Vorteile, die du bei der Steuer f\u00fcr dich nutzen kannst. Starte deinen kostenlosen Test und finde heraus, wie viel Geld du vom Finanzamt zur\u00fcckbekommst.<\/div>\r\n                                    \r\n                                    \r\n                                    \r\n                                    <div class=\"d-flex flex-column flex-md-row align-items-start\">\r\n                                        \r\n                                        <a class=\"font-cairo-2 fw700 intro-button secondary w-230 d-none d-md-flex mr-md-25 justify-content-center align-items-center\"\r\n                                           role=\"button\"\r\n                                           href=\"https:\/\/www.buhl.de\/mein-buhlkonto\/?buhlparam=2100101\"\r\n                                           target=\"_self\"\r\n                                           title=\"Hier kostenlos starten\"\r\n                                           id=\"ad-custom\"\r\n                                           onclick=\"dataLayer.push({'event': 'ButtonClick SW','sw-button': 'click-testen'});\">\r\n                                           Kostenlos testen\r\n                                        <\/a>\r\n                                        \r\n                                        \r\n                                        \r\n                                        <a class=\"d-flex justify-content-center align-items-center d-md-none font-cairo-2 fw700 intro-button secondary w-230\"\r\n                                           role=\"button\"\r\n                                           href=\"https:\/\/www.buhl.de\/mein-buhlkonto\/?buhlparam=2100101\"\r\n                                           target=\"_self\"\r\n                                           title=\"Hier kostenlos starten\"\r\n                                           id=\"ad-custom-m\"\r\n                                           onclick=\"dataLayer.push({'event': 'ButtonClick SW','sw-button': 'click-mobile-starten'});\">\r\n                                           Kostenlos testen\r\n                                        <\/a>\r\n                                        \r\n                                        \r\n                                        \r\n                                        \r\n                                        \r\n                                    <\/div>\r\n                                    \r\n                                <!--<\/div>-->\r\n                            <\/div>\r\n\r\n                            <div class=\"col-12 col-lg-6 tablet-image-spacing d-flex align-content-center\">\r\n                                <div class=\"d-flex justify-content-start tablet-no-spacing\">\r\n                                    \r\n                                        <img decoding=\"async\" loading=\"lazy\" height=\"40\" alt=\"WISO&nbsp;Steuer Vorteile\" title=\"WISO&nbsp;Steuer Buhl Logo\" \r\n                                            class=\"d-none d-md-block \" src=\"https:\/\/www.buhl.de\/steuer\/wp-content\/themes\/steuer-web\/buhl-steuer\/assets\/blog\/blog-custom-ad\/wiso-steuer-werbung.svg\" \/>\r\n                                    \r\n                                    \r\n                                            \r\n                                    \r\n                                        <img decoding=\"async\" loading=\"lazy\" alt=\"WISO&nbsp;Steuer Vorteile\" title=\"WISO&nbsp;Steuer Buhl Logo\" \r\n                                            class=\"mx-auto d-md-none mobile \" src=\"https:\/\/www.buhl.de\/steuer\/wp-content\/themes\/steuer-web\/buhl-steuer\/assets\/blog\/blog-custom-ad\/wiso-steuer-werbung.svg\" \/>\r\n                                    \r\n                                <\/div>\r\n                            <\/div>\r\n                        <\/div>\r\n                    <\/div>\r\n                <\/div>\r\n            <\/div>\r\n        <\/div>\r\n    \r\n        <div class=\"spacing-modul  \">\r\n            <div class=\"container spacing-modul\">\r\n               <div class=\"row\">\r\n                   <div id=\"\" class=\"anchor\"><\/div>\r\n                   <div class=\"col-12 modul-spacing-default-b\"><\/div>\r\n                   <div class=\"col-12 modul-spacing-default-b\"><\/div>\r\n               <\/div>\r\n            <\/div>\r\n        <\/div>\r\n    \n<h2>Diese Unfallkosten sind absetzbar<\/h2>\n<p>Erstattungen von Arbeitgeber, Versicherung, Unfallgegner oder dritter Seite musst du von den Kosten abziehen. Absetzbar sind nur <strong>Kosten, die du tats\u00e4chlich selbst bezahlt hast und dir durch den Unfall entstanden sind<\/strong>. Dazu geh\u00f6ren zum Beispiel:<\/p>\n<ul class=\"sw-blog-icon sw-blog-icon-1\">\n<li>Reparaturkosten an deinem eigenen oder geliehenen Fahrzeug<\/li>\n<li>Geb\u00fchren f\u00fcr einen Leihwagen<\/li>\n<li>Abschleppkosten<\/li>\n<li>Ausgaben f\u00fcr Sachverst\u00e4ndige, Anw\u00e4lte, Gericht<\/li>\n<li>Unfallnebenkosten (Ausgaben f\u00fcr Taxifahrten, Fahrten zur Werkstatt, zum Rechtsanwalt oder zum Gericht, Telefonkosten, Schriftverkehr, Feuerwehr)<\/li>\n<li>Absetzungen f\u00fcr au\u00dfergew\u00f6hnliche Abnutzung, wenn sich die Reparatur nicht mehr lohnt oder die Reparatur nicht im Unfalljahr durchgef\u00fchrt wird<\/li>\n<li>Schadenersatz an den Unfallgegner<\/li>\n<li>Reparatur von besch\u00e4digten Arbeitsmitteln, zum Beispiel Notebook<\/li>\n<li>Selbstbeteiligung bei Vollkasko- und Teilkaskoversicherung<\/li>\n<li>Zinsen f\u00fcr einen Kredit zur Finanzierung der Unfallkosten<\/li>\n<\/ul>\n<p>Steigen nach dem Unfall deine Versicherungsbeitr\u00e4ge? Damit lassen sich leider keine Steuern sparen.<\/p>\n\r\n        <div class=\"spacing-modul  \">\r\n            <div class=\"container spacing-modul\">\r\n               <div class=\"row\">\r\n                   <div id=\"\" class=\"anchor\"><\/div>\r\n                   <div class=\"col-12 modul-spacing-blog-c\"><\/div>\r\n                   <div class=\"col-12 modul-spacing-blog-c\"><\/div>\r\n               <\/div>\r\n            <\/div>\r\n        <\/div>\r\n    \r\n        <div class=\"white-background\">\r\n                <div class=\"video-d\">\r\n                    <div class=\"white-background\">\r\n                        <div class=\"container\">                       \r\n                            <div class=\"row justify-content-center\">\r\n                                <div class=\"text-center text-lg-left col-12 col-lg-6 col-xl-4 col-xl-offset-1 d-flex flex-column justify-content-center align-items-center align-items-lg-start\">\r\n                            <p class=\"font-cairo-10 blue-font headline-spacing-30 fw700\">Video: Unfallkosten absetzen - So kracht's nicht finanziell<\/p>                     <p class=\"font-source-sans-pro-1 blue-font mobile-text-spacing-blog-30\">Es gibt mehrere M\u00f6glichkeiten, die Unfallkosten vom Pkw in der Steuererkl\u00e4rung anzugeben. Mehr dazu erkl\u00e4ren wir dir in diesem Video.<\/p>                               \r\n                                <\/div>\r\n                                \r\n                                <div class=\"col-12 col-lg-6 col-xl-4 col-xl-offset-1 d-flex justify-content-center align-items-center\">\r\n                                    <div class=\"d-flex justify-content-center\">\r\n                                        <a role=\"button\"\r\n                                           class=\"blue-font position-relative font-cairo-2 fw700\" href=\"#\" data-toggle=\"modal\"\r\n                                           data-target=\"#xoE4phPs8l4g\">\r\n                                             <div class=\"video-player-button\">\r\n                                                    <span class=\"video-player-button-icon\"><\/span>                                             \r\n                                             <\/div>\r\n                                            <img decoding=\"async\" loading=\"lazy\" class=\"img-fluid\"\r\n                                                title=\"Video ansehen\" \r\n                                                alt=\"Video ansehen Vorschaubild\"\r\n                                                src=\"https:\/\/www.buhl.de\/steuer\/wp-content\/themes\/steuer-web\/buhl-steuer\/assets\/video\/steuer-web\/video-blog.webp\">\r\n                                        <\/a>\r\n                                        <div class=\"modal fade videoModal\" id=\"xoE4phPs8l4g\">\r\n                                            <div class=\"modal-dialog modal-xl modal-dialog-centered\">\r\n                                                <div class=\"modal-content\">\r\n                                                    <!-- Modal Header -->\r\n                                                    <div class=\"modal-header\">\r\n                                                        <button type=\"button\" class=\"close\" data-dismiss=\"modal\">\r\n                                                             <span class=\"navbar-toggler-icon\"><\/span>\r\n                                                        <\/button>\r\n                                                    <\/div>\r\n                                                    <!-- Modal body -->                                                                                                    \r\n                                                <div class=\"modal-body\" id=\"yt-player\">\r\n                                                      <div class=\"lyte-wrapper\" style=\"width:1280px;max-width:100%;margin:5px;\"><div class=\"lyMe hidef\" id=\"WYL_oE4phPs8l4g\"><div id=\"lyte_oE4phPs8l4g\" data-src=\"https:\/\/www.buhl.de\/steuer\/wp-content\/plugins\/wp-youtube-lyte\/lyteCache.php?origThumbUrl=%2F%2Fi.ytimg.com%2Fvi%2FoE4phPs8l4g%2Fmaxresdefault.jpg\" class=\"pL\"><div class=\"tC\"><div class=\"tT\"><\/div><\/div><div class=\"play\"><\/div><div class=\"ctrl\"><div class=\"Lctrl\"><\/div><div class=\"Rctrl\"><\/div><\/div><\/div><noscript><a href=\"https:\/\/youtu.be\/oE4phPs8l4g\" rel=\"nofollow\"><img loading=\"lazy\" decoding=\"async\" src=\"https:\/\/www.buhl.de\/steuer\/wp-content\/plugins\/wp-youtube-lyte\/lyteCache.php?origThumbUrl=https%3A%2F%2Fi.ytimg.com%2Fvi%2FoE4phPs8l4g%2F0.jpg\" alt=\"YouTube-Video-Vorschaubild\" width=\"1280\" height=\"700\" \/><br \/>Dieses Video auf YouTube ansehen<\/a><\/noscript><\/div><\/div><div class=\"lL\" style=\"max-width:100%;width:1280px;margin:5px;\"><\/div>                                                                            \r\n                                                 <\/div>                                                              \r\n                                                <\/div>\r\n                                            <\/div>\r\n                                        <\/div>\r\n                                    <\/div>\r\n                                <\/div>                  \r\n                            <\/div>\r\n                        <\/div>                       \r\n                    <\/div>\r\n                <\/div>\r\n            <\/div>\r\n    \r\n        <div class=\"spacing-modul  \">\r\n            <div class=\"container spacing-modul\">\r\n               <div class=\"row\">\r\n                   <div id=\"\" class=\"anchor\"><\/div>\r\n                   <div class=\"col-12 modul-spacing-blog-c\"><\/div>\r\n                   <div class=\"col-12 modul-spacing-blog-c\"><\/div>\r\n               <\/div>\r\n            <\/div>\r\n        <\/div>\r\n    \n<h3>Au\u00dferdem sparst du mit folgenden Versicherungen:<\/h3>\n<ul class=\"sw-blog-icon sw-blog-icon-1\">\n<li>Unfallversicherung<\/li>\n<li>Kfz-Versicherung<\/li>\n<\/ul>\n<p>Du nutzt dein Auto als Angestellte nur privat und f\u00fcr Fahrten zur Arbeit? Dann kannst du zumindest deine Kfz-Haftpflichtversicherung von der Steuer absetzen. Mehr dazu liest du hier:\u202f<a title=\"Diese Versicherungen kannst du absetzen\" href=\"https:\/\/www.buhl.de\/steuer\/ratgeber\/welche-versicherungen-kann-man-von-der-steuer-absetzen\/\">Welche Versicherung kann ich absetzen?<\/a><\/p>\n<h2>Autoreparatur in der Steuererkl\u00e4rung eintragen<\/h2>\n<p>Als Arbeitnehmer geh\u00f6ren s\u00e4mtliche Unfallkosten in die Anlage N der Steuererkl\u00e4rung. Bei WISO Steuer ist das der Abschnitt:<\/p>\n<p><em>Arbeitnehmer, Betriebsrentner und Pension\u00e4re &gt; Werbungskosten &gt; Au\u00dfergew\u00f6hnliche Fahrzeugkosten (Unfall, Diebstahl &#8230;)<\/em><\/p>\n\r\n        <div class=\"spacing-modul  \">\r\n            <div class=\"container spacing-modul\">\r\n               <div class=\"row\">\r\n                   <div id=\"\" class=\"anchor\"><\/div>\r\n                   <div class=\"col-12 modul-spacing-blog-c\"><\/div>\r\n                   <div class=\"col-12 modul-spacing-blog-c\"><\/div>\r\n               <\/div>\r\n            <\/div>\r\n        <\/div>\r\n    \r\n        <div class=\"white-background d-none d-lg-block\">\r\n            <div class=\"container blog-image\">\r\n            \t<div class=\"row\">\r\n       \r\n                <div class=\"d-flex col-12 align-items-center justify-content-center\">\r\n                         \r\n                            <a id=\"\" target=\"_self\" title=\"\" href=\"\">\r\n                         \r\n                      <picture class=\"img-fluid\">\r\n                             <img decoding=\"async\" loading=\"lazy\"\r\n                              alt=\"Eingabemaske f\u00fcr Unfallkosten in WISO Steuer\" \r\n                              title=\"\"\r\n                              src=\"https:\/\/www.buhl.de\/steuer\/wp-content\/uploads\/sites\/31\/2024\/11\/autoreparatur-absetzen-steuererklaerung.png\" >\r\n                      <\/picture>     \r\n                      \t\r\n                        \t<\/a>\r\n                    \t                      \r\n\t\t\t\t\t<\/div>  \r\n\t\t\t\t<\/div>                       \r\n            <\/div>\r\n        <\/div>                  \r\n    \n\r\n        <div class=\"white-background  d-lg-none\">\r\n            <div class=\"container blog-image\">\r\n            \t<div class=\"row\">\r\n       \r\n                <div class=\"d-flex col-12 align-items-center justify-content-center\">\r\n                         \r\n                            <a id=\"\" target=\"_self\" title=\"\" href=\"\">\r\n                         \r\n                      <picture class=\"img-fluid\">\r\n                             <img decoding=\"async\" loading=\"lazy\"\r\n                              alt=\"Eingabemaske f\u00fcr Unfallkosten in der App WISO Steuer\" \r\n                              title=\"\"\r\n                              src=\"https:\/\/www.buhl.de\/steuer\/wp-content\/uploads\/sites\/31\/2024\/11\/autoreparatur-absetzen-steuer-app.png\" >\r\n                      <\/picture>     \r\n                      \t\r\n                        \t<\/a>\r\n                    \t                      \r\n\t\t\t\t\t<\/div>  \r\n\t\t\t\t<\/div>                       \r\n            <\/div>\r\n        <\/div>                  \r\n    \n\r\n        <div role=\"region\" aria-label=\"\" class=\"white-background\">\r\n            <div class=\"container\">\r\n                <div class=\"row\">\r\n                    <div class=\"col-12 d-flex justify-content-center align-items-center flex-column flex-lg-row\">\r\n                    \r\n\r\n                    \r\n                        <a class=\"secondary w-230 d-none d-md-flex justify-content-center align-items-center font-cairo-2 fw700 action-anonymous\"\r\n                            role=\"button\"\r\n                            href=\"https:\/\/www.buhl.de\/mein-buhlkonto\/?buhlparam=2100101\"\r\n                            title=\"Kostenlos testen\"\r\n                            target=\"_self\"\r\n                            id=\"autoreparatur-eintragen\"\r\n                            onclick=\"dataLayer.push({'event': 'ButtonClick SW','sw-button': 'click-testen'});\">\r\n                            Kostenlos testen\r\n                        <\/a>\r\n\r\n                        <a class=\"secondary w-230 d-flex d-md-none justify-content-center align-items-center font-cairo-2 fw700 action-anonymous\"\r\n                            role=\"button\"\r\n                            href=\"https:\/\/www.buhl.de\/mein-buhlkonto\/?buhlparam=2100101\"\r\n                            title=\"Kostenlos testen\"\r\n                            target=\"_self\"\r\n                            id=\"autoreparatur-eintragen-m\"\r\n                            onclick=\"dataLayer.push({'event': 'ButtonClick SW','sw-button': 'click-mobile-starten'});\">\r\n                            Kostenlos testen\r\n                        <\/a>\r\n                    \r\n                    <\/div>\r\n                <\/div>\r\n            <\/div>\r\n        <\/div>\r\n    \r\n        <div class=\"spacing-modul  \">\r\n            <div class=\"container spacing-modul\">\r\n               <div class=\"row\">\r\n                   <div id=\"\" class=\"anchor\"><\/div>\r\n                   <div class=\"col-12 modul-spacing-default-b\"><\/div>\r\n                   <div class=\"col-12 modul-spacing-default-b\"><\/div>\r\n               <\/div>\r\n            <\/div>\r\n        <\/div>\r\n    \n<h2>FAQ: Autoreparatur von der Steuer absetzen<\/h2>\n\r\n        <div class=\"white-background\">\r\n            <div class=\"container faq-module blog-download buhl-ap\">\r\n                <div class=\"row\">\r\n                <div class=\"col-12 p-lg-0\">\r\n                \r\n                    <div class=\"accordion accordionFaq\" id=\"accordionFaq\">\n<div class=\"card\">\n<div class=\"d-flex card-header border-0 collapsed\" id=\"heading1\" data-toggle=\"collapse\" data-target=\"#collapse1\"\r\n                    aria-expanded=\"false\" aria-controls=\"collapse1\">                                            \r\n                    <h3 class=\"font-source-sans-pro-1 blue-font no-margin\">Kann ich den ADAC von der Steuer absetzen?<\/h3>\r\n                <\/div>\r\n\n\r\n        <div id=\"collapse1\" class=\"collapse\" aria-labelledby=\"heading1\" data-parent=\"#accordionFaq\">\r\n            <div class=\"card-body\">\r\n                Nein, f\u00fcr deinen j\u00e4hrlichen Mitgliedsbeitrag bei den Gelben Engeln erh\u00e4ltst du keinen Steuervorteil.                \r\n            <\/div>\r\n        <\/div>\r\n\n<\/div>\n<div class=\"card\">\n<div class=\"d-flex card-header border-0 collapsed\" id=\"heading2\" data-toggle=\"collapse\" data-target=\"#collapse2\"\r\n                    aria-expanded=\"false\" aria-controls=\"collapse2\">                                            \r\n                    <h3 class=\"font-source-sans-pro-1 blue-font no-margin\">Kann ich den T\u00dcV von der Steuer absetzen?<\/h3>\r\n                <\/div>\r\n\n\r\n        <div id=\"collapse2\" class=\"collapse\" aria-labelledby=\"heading2\" data-parent=\"#accordionFaq\">\r\n            <div class=\"card-body\">\r\n                Nein, die Kosten f\u00fcr die Hauptuntersuchung kannst du nicht bei der Steuer geltend machen.                \r\n            <\/div>\r\n        <\/div>\r\n\n<\/div>\n<div class=\"card\">\n<div class=\"d-flex card-header border-0 collapsed\" id=\"heading3\" data-toggle=\"collapse\" data-target=\"#collapse3\"\r\n                    aria-expanded=\"false\" aria-controls=\"collapse3\">                                            \r\n                    <h3 class=\"font-source-sans-pro-1 blue-font no-margin\">Sind Autoreparaturen Handwerkerleistungen?<\/h3>\r\n                <\/div>\r\n\n\r\n        <div id=\"collapse3\" class=\"collapse\" aria-labelledby=\"heading3\" data-parent=\"#accordionFaq\">\r\n            <div class=\"card-body\">\r\n                Nein, die Reparatur eines Pkw ist keine haushaltsnahe Handwerkerleistung. Denn das Auto dient nicht dem Wohnen in einem Haushalt, sondern der Fortbewegung vom oder zum Haushalt. Daher k\u00f6nnen die Kosten auch nicht als <a title=\"Handwerkerleistungen absetzen\" href=\"https:\/\/www.buhl.de\/steuer\/ratgeber\/handwerkerleistung-steuer-absetzen\/\">Handwerkerleistungen<\/a> abgesetzt werden.                \r\n            <\/div>\r\n        <\/div>\r\n\n<\/div>\n<div class=\"card\">\n<div class=\"d-flex card-header border-0 collapsed\" id=\"heading4\" data-toggle=\"collapse\" data-target=\"#collapse4\"\r\n                    aria-expanded=\"false\" aria-controls=\"collapse4\">                                            \r\n                    <h3 class=\"font-source-sans-pro-1 blue-font no-margin\">Wie kann ich das Finanzamt noch an Autokosten beteiligen? <\/h3>\r\n                <\/div>\r\n\n\r\n        <div id=\"collapse4\" class=\"collapse\" aria-labelledby=\"heading4\" data-parent=\"#accordionFaq\">\r\n            <div class=\"card-body\">\r\n                Bist du angestellt, gibt es f\u00fcr dich auch oft nur einen Steuervorteil: die <a title=\"Pendlerpauschale berechnen\" href=\"https:\/\/www.buhl.de\/steuer\/ratgeber\/pendlerpauschale\/\">Pendlerpauschale<\/a> f\u00fcr die Fahrten zur Arbeit. Pro gefahrenen Kilometer kannst du 0,30 Euro absetzen. Bei l\u00e4ngeren Strecken ist der Kilometersatz sogar h\u00f6her.                 \r\n            <\/div>\r\n        <\/div>\r\n\n<\/div>\n<\/div>\r\n                 <\/div>\r\n              <\/div>\r\n            <\/div>\r\n        <\/div>\r\n        <div class=\"spacing-modul  \">\r\n            <div class=\"container spacing-modul\">\r\n               <div class=\"row\">\r\n                   <div id=\"\" class=\"anchor\"><\/div>\r\n                   <div class=\"col-12 modul-spacing-default-b\"><\/div>\r\n                   <div class=\"col-12 modul-spacing-default-b\"><\/div>\r\n               <\/div>\r\n            <\/div>\r\n        <\/div>\r\n    \n\r\n        <div class=\"white-background\">\r\n            <div class=\"full-width-text\">\r\n                <div class=\"inner-spacing blog-ad1-wrapper silver-background\">\r\n                    <div class=\"container blog-ad1\">\r\n                        <div class=\"row\">\r\n                        \r\n                            \r\n                            <div class=\"col-12\">\r\n                                \r\n                                    <div class=\"d-flex headline-spacing-30 justify-content-center\">\r\n                                        \r\n                                            <img decoding=\"async\" loading=\"lazy\" height=\"auto\" style=\"max-width:100%;\" alt=\"WISO&nbsp;Steuer\" title=\"WISO&nbsp;Steuer\" \r\n                                                class=\"d-none d-md-block \" src=\"https:\/\/www.buhl.de\/steuer\/wp-content\/themes\/steuer-web\/buhl-steuer\/assets\/full-width-text\/ad1\/logo-wiso-steuer.svg\" \/>\r\n                                        \r\n                                        \r\n                                                \r\n                                        \r\n                                            <img decoding=\"async\" loading=\"lazy\" alt=\"WISO&nbsp;Steuer\" title=\"WISO&nbsp;Steuer\" \r\n                                                class=\"mx-auto d-md-none mobile \" src=\"https:\/\/www.buhl.de\/steuer\/wp-content\/themes\/steuer-web\/buhl-steuer\/assets\/full-width-text\/ad1\/logo-wiso-steuer.svg\" \/>\r\n                                        \r\n                                    <\/div>\r\n                                \r\n                            \r\n                                \r\n                                    <p class=\"font-cairo-10 fw700 blue-font headline-spacing-30 text-center justify-content-center\">Hol dir dein Geld zur\u00fcck<\/p>\r\n                                \r\n                    \r\n                                <div class=\"font-source-sans-pro-1 mt-30 mb-30 blue-font subline-width text-center 1\">Lass deine Steuererkl\u00e4rung automatisch ausf\u00fcllen, gib sie digital ab und hol dir im Schnitt 1.674 \u20ac R\u00fcckerstattung vom Finanzamt.<br\/>Ganz einfach mit WISO&nbsp;Steuer.<\/div>\r\n                                \r\n                                \r\n\r\n                                <div class=\"d-flex flex-column flex-md-row align-items-center align-items-md-start justify-content-center\">\r\n                                    \r\n                                    <a class=\"font-cairo-2 fw700 intro-button primary w-230 d-none d-md-flex mr-md-25 justify-content-center align-items-center\"\r\n                                       role=\"button\"\r\n                                       href=\"https:\/\/www.buhl.de\/shop\/wisosteuer\/auswahl?2025=agv&wkz=STWEBMARKETINGSEITE&src=WEB\"\r\n                                       target=\"_self\"\r\n                                       title=\"WISO&nbsp;Steuer Lizenz kaufen\"\r\n                                       id=\"ad-1-testencta\"\r\n                                       onclick=\"dataLayer.push({'event': 'ButtonClick SW','sw-button': 'click-preise'});\">\r\n                                       Jetzt kaufen\r\n                                    <\/a>\r\n                                    \r\n                                    \r\n                                    \r\n                                    <a class=\"d-flex justify-content-center align-items-center d-md-none font-cairo-2 fw700 intro-button primary w-230\"\r\n                                       role=\"button\"\r\n                                       href=\"https:\/\/www.buhl.de\/shop\/wisosteuer\/auswahl?2025=agv&wkz=STWEBMARKETINGSEITE&src=WEB\"\r\n                                       target=\"_self\"\r\n                                       title=\"WISO&nbsp;Steuer Lizenz kaufen\"\r\n                                       id=\"adpapierkramkauf\"\r\n                                       onclick=\"dataLayer.push({'event': 'ButtonClick SW','sw-button': 'click-preise'});\">\r\n                                       Jetzt kaufen\r\n                                    <\/a>\r\n                                    \r\n                                    \r\n                                    \r\n                                    <a class=\"font-cairo-2 fw700 intro-button secondary w-230 d-none d-md-flex  justify-content-center align-items-center\"\r\n                                       role=\"button\"\r\n                                       href=\"https:\/\/www.buhl.de\/mein-buhlkonto\/?buhlparam=2100101\"\r\n                                       target=\"_self\"\r\n                                       title=\"Hier unverbindlich ausprobieren\"\r\n                                       id=\"ad1-testen\"\r\n                                       onclick=\"dataLayer.push({'event': 'ButtonClick SW','sw-button': 'click-testen'});\">\r\n                                       Kostenlos testen\r\n                                    <\/a>\r\n                                    \r\n                                    \r\n                                    \r\n                                    <a class=\"font-cairo-2 fw700 intro-button secondary w-230 d-flex d-md-none justify-content-center align-items-center mt-30\"\r\n                                       role=\"button\"\r\n                                       href=\"https:\/\/www.buhl.de\/mein-buhlkonto\/?buhlparam=2100101\"\r\n                                       target=\"_self\"\r\n                                       title=\"Hier unverbindlich ausprobieren\"\r\n                                       id=\"ad1-testen\"\r\n                                       onclick=\"dataLayer.push({'event': 'ButtonClick SW','sw-button': 'click-mobile-starten'});\">\r\n                                       Kostenlos testen\r\n                                    <\/a>\r\n                                    \r\n                                <\/div>\r\n                                \r\n                                \r\n                            <\/div>\r\n                        <\/div>\r\n                    <\/div>\r\n                <\/div>\r\n            <\/div>\r\n        <\/div>\r\n    \n","protected":false},"excerpt":{"rendered":"<p>Das Auto muss mal wieder in die Werkstatt? Eine Autoreparatur kann teuer werden. Bisher konnte man sich einen Teil der Kosten mit der Steuererkl\u00e4rung zur\u00fcckholen. Doch geht das auch in Zukunft auch noch?<\/p>\n","protected":false},"author":158,"featured_media":52478,"comment_status":"closed","ping_status":"open","sticky":false,"template":"","format":"standard","meta":{"_acf_changed":false,"footnotes":""},"categories":[2841,2808,2805],"tags":[],"class_list":["post-51670","post","type-post","status-publish","format-standard","has-post-thumbnail","hentry","category-alle","category-arbeit","category-tipps"],"yoast_head":"<!-- This site is optimized with the Yoast SEO Premium plugin v27.4 (Yoast SEO v27.5) - https:\/\/yoast.com\/product\/yoast-seo-premium-wordpress\/ -->\n<title>Autoreparatur von der Steuer absetzen &gt; Geht das?<\/title>\n<meta name=\"description\" content=\"Das Auto muss in die Werkstatt? Autoreparatur wird sicher teuer!\ud83e\udd2f Hol dir einen Teil der Kosten von der Steuer zur\u00fcck. \ud83d\udcb8Wir zeigen wie.\" \/>\n<meta name=\"robots\" content=\"index, follow, max-snippet:-1, max-image-preview:large, max-video-preview:-1\" \/>\n<link rel=\"canonical\" href=\"https:\/\/www.buhl.de\/steuer\/ratgeber\/autoreparatur-absetzen\/\" \/>\n<meta property=\"og:locale\" content=\"de_DE\" \/>\n<meta property=\"og:type\" content=\"article\" \/>\n<meta property=\"og:title\" content=\"Autoreparatur von der Steuer absetzen\" \/>\n<meta property=\"og:description\" content=\"Das Auto muss in die Werkstatt? Autoreparatur wird sicher teuer!\ud83e\udd2f Hol dir einen Teil der Kosten von der Steuer zur\u00fcck. \ud83d\udcb8Wir zeigen wie.\" \/>\n<meta property=\"og:url\" content=\"https:\/\/www.buhl.de\/steuer\/ratgeber\/autoreparatur-absetzen\/\" \/>\n<meta property=\"og:site_name\" content=\"WISO Steuer: Nr.1 App f\u00fcr die Steuererkl\u00e4rung\" \/>\n<meta property=\"article:published_time\" content=\"2023-02-07T06:57:23+00:00\" \/>\n<meta property=\"article:modified_time\" content=\"2024-11-05T09:31:20+00:00\" \/>\n<meta property=\"og:image\" content=\"https:\/\/www.buhl.de\/steuer\/wp-content\/uploads\/sites\/31\/2022\/08\/autoreparatur-steuer-absetzen-title.jpg\" \/>\n\t<meta property=\"og:image:width\" content=\"976\" \/>\n\t<meta property=\"og:image:height\" content=\"400\" \/>\n\t<meta property=\"og:image:type\" content=\"image\/jpeg\" \/>\n<meta name=\"author\" content=\"Melanie Holz\" \/>\n<meta name=\"twitter:card\" content=\"summary_large_image\" \/>\n<meta name=\"twitter:label1\" content=\"Verfasst von\" \/>\n\t<meta name=\"twitter:data1\" content=\"Melanie Holz\" \/>\n\t<meta name=\"twitter:label2\" content=\"Gesch\u00e4tzte Lesezeit\" \/>\n\t<meta name=\"twitter:data2\" content=\"5\u00a0Minuten\" \/>\n<script type=\"application\/ld+json\" class=\"yoast-schema-graph\">{\"@context\":\"https:\\\/\\\/schema.org\",\"@graph\":[{\"@type\":\"Article\",\"@id\":\"https:\\\/\\\/www.buhl.de\\\/steuer\\\/ratgeber\\\/autoreparatur-absetzen\\\/#article\",\"isPartOf\":{\"@id\":\"https:\\\/\\\/www.buhl.de\\\/steuer\\\/ratgeber\\\/autoreparatur-absetzen\\\/\"},\"author\":{\"name\":\"Melanie Holz\",\"@id\":\"https:\\\/\\\/www.buhl.de\\\/steuer\\\/#\\\/schema\\\/person\\\/bdc3546e32ec6fea6ff8e85e9a87fd47\"},\"headline\":\"Autoreparatur von der Steuer absetzen\",\"datePublished\":\"2023-02-07T06:57:23+00:00\",\"dateModified\":\"2024-11-05T09:31:20+00:00\",\"mainEntityOfPage\":{\"@id\":\"https:\\\/\\\/www.buhl.de\\\/steuer\\\/ratgeber\\\/autoreparatur-absetzen\\\/\"},\"wordCount\":871,\"publisher\":{\"@id\":\"https:\\\/\\\/www.buhl.de\\\/steuer\\\/#organization\"},\"image\":{\"@id\":\"https:\\\/\\\/www.buhl.de\\\/steuer\\\/ratgeber\\\/autoreparatur-absetzen\\\/#primaryimage\"},\"thumbnailUrl\":\"https:\\\/\\\/www.buhl.de\\\/steuer\\\/wp-content\\\/uploads\\\/sites\\\/31\\\/2022\\\/08\\\/autoreparatur-steuer-absetzen-title.jpg\",\"articleSection\":[\"Neueste Beitr\u00e4ge\",\"Ratgeber: Steuern &amp; Gehalt\",\"Steuern aktuell: Steuer-Tipps zum Sparen\"],\"inLanguage\":\"de\"},{\"@type\":\"WebPage\",\"@id\":\"https:\\\/\\\/www.buhl.de\\\/steuer\\\/ratgeber\\\/autoreparatur-absetzen\\\/\",\"url\":\"https:\\\/\\\/www.buhl.de\\\/steuer\\\/ratgeber\\\/autoreparatur-absetzen\\\/\",\"name\":\"Autoreparatur von der Steuer absetzen > Geht das?\",\"isPartOf\":{\"@id\":\"https:\\\/\\\/www.buhl.de\\\/steuer\\\/#website\"},\"primaryImageOfPage\":{\"@id\":\"https:\\\/\\\/www.buhl.de\\\/steuer\\\/ratgeber\\\/autoreparatur-absetzen\\\/#primaryimage\"},\"image\":{\"@id\":\"https:\\\/\\\/www.buhl.de\\\/steuer\\\/ratgeber\\\/autoreparatur-absetzen\\\/#primaryimage\"},\"thumbnailUrl\":\"https:\\\/\\\/www.buhl.de\\\/steuer\\\/wp-content\\\/uploads\\\/sites\\\/31\\\/2022\\\/08\\\/autoreparatur-steuer-absetzen-title.jpg\",\"datePublished\":\"2023-02-07T06:57:23+00:00\",\"dateModified\":\"2024-11-05T09:31:20+00:00\",\"description\":\"Das Auto muss in die Werkstatt? Autoreparatur wird sicher teuer!\ud83e\udd2f Hol dir einen Teil der Kosten von der Steuer zur\u00fcck. \ud83d\udcb8Wir zeigen wie.\",\"breadcrumb\":{\"@id\":\"https:\\\/\\\/www.buhl.de\\\/steuer\\\/ratgeber\\\/autoreparatur-absetzen\\\/#breadcrumb\"},\"inLanguage\":\"de\",\"potentialAction\":[{\"@type\":\"ReadAction\",\"target\":[\"https:\\\/\\\/www.buhl.de\\\/steuer\\\/ratgeber\\\/autoreparatur-absetzen\\\/\"]}]},{\"@type\":\"ImageObject\",\"inLanguage\":\"de\",\"@id\":\"https:\\\/\\\/www.buhl.de\\\/steuer\\\/ratgeber\\\/autoreparatur-absetzen\\\/#primaryimage\",\"url\":\"https:\\\/\\\/www.buhl.de\\\/steuer\\\/wp-content\\\/uploads\\\/sites\\\/31\\\/2022\\\/08\\\/autoreparatur-steuer-absetzen-title.jpg\",\"contentUrl\":\"https:\\\/\\\/www.buhl.de\\\/steuer\\\/wp-content\\\/uploads\\\/sites\\\/31\\\/2022\\\/08\\\/autoreparatur-steuer-absetzen-title.jpg\",\"width\":976,\"height\":400},{\"@type\":\"BreadcrumbList\",\"@id\":\"https:\\\/\\\/www.buhl.de\\\/steuer\\\/ratgeber\\\/autoreparatur-absetzen\\\/#breadcrumb\",\"itemListElement\":[{\"@type\":\"ListItem\",\"position\":1,\"name\":\"Steuererkl\u00e4rung\",\"item\":\"https:\\\/\\\/www.buhl.de\\\/steuer\\\/\"},{\"@type\":\"ListItem\",\"position\":2,\"name\":\"Autoreparatur von der Steuer absetzen\"}]},{\"@type\":\"WebSite\",\"@id\":\"https:\\\/\\\/www.buhl.de\\\/steuer\\\/#website\",\"url\":\"https:\\\/\\\/www.buhl.de\\\/steuer\\\/\",\"name\":\"WISO Steuer: Nr. 1 Steuer-App\",\"description\":\"\",\"publisher\":{\"@id\":\"https:\\\/\\\/www.buhl.de\\\/steuer\\\/#organization\"},\"potentialAction\":[{\"@type\":\"SearchAction\",\"target\":{\"@type\":\"EntryPoint\",\"urlTemplate\":\"https:\\\/\\\/www.buhl.de\\\/steuer\\\/?s={search_term_string}\"},\"query-input\":{\"@type\":\"PropertyValueSpecification\",\"valueRequired\":true,\"valueName\":\"search_term_string\"}}],\"inLanguage\":\"de\"},{\"@type\":\"Organization\",\"@id\":\"https:\\\/\\\/www.buhl.de\\\/steuer\\\/#organization\",\"name\":\"WISO Steuer | Buhl Data Service GmbH\",\"url\":\"https:\\\/\\\/www.buhl.de\\\/steuer\\\/\",\"logo\":{\"@type\":\"ImageObject\",\"inLanguage\":\"de\",\"@id\":\"https:\\\/\\\/www.buhl.de\\\/steuer\\\/#\\\/schema\\\/logo\\\/image\\\/\",\"url\":\"https:\\\/\\\/www.buhl.de\\\/steuer\\\/wp-content\\\/uploads\\\/sites\\\/31\\\/2026\\\/02\\\/logo-wiso-steuer-app.svg\",\"contentUrl\":\"https:\\\/\\\/www.buhl.de\\\/steuer\\\/wp-content\\\/uploads\\\/sites\\\/31\\\/2026\\\/02\\\/logo-wiso-steuer-app.svg\",\"width\":375,\"height\":72,\"caption\":\"WISO Steuer | Buhl Data Service GmbH\"},\"image\":{\"@id\":\"https:\\\/\\\/www.buhl.de\\\/steuer\\\/#\\\/schema\\\/logo\\\/image\\\/\"}},{\"@type\":\"Person\",\"@id\":\"https:\\\/\\\/www.buhl.de\\\/steuer\\\/#\\\/schema\\\/person\\\/bdc3546e32ec6fea6ff8e85e9a87fd47\",\"name\":\"Melanie Holz\",\"image\":{\"@type\":\"ImageObject\",\"inLanguage\":\"de\",\"@id\":\"https:\\\/\\\/www.buhl.de\\\/steuer\\\/wp-content\\\/uploads\\\/sites\\\/31\\\/2024\\\/07\\\/melanie.png\",\"url\":\"https:\\\/\\\/www.buhl.de\\\/steuer\\\/wp-content\\\/uploads\\\/sites\\\/31\\\/2024\\\/07\\\/melanie.png\",\"contentUrl\":\"https:\\\/\\\/www.buhl.de\\\/steuer\\\/wp-content\\\/uploads\\\/sites\\\/31\\\/2024\\\/07\\\/melanie.png\",\"caption\":\"Melanie Holz\"},\"sameAs\":[\"https:\\\/\\\/www.buhl.de\\\/steuer\\\/autoren\\\/melanie-holz\\\/\"]}]}<\/script>\n<!-- \/ Yoast SEO Premium plugin. -->","yoast_head_json":{"title":"Autoreparatur von der Steuer absetzen > Geht das?","description":"Das Auto muss in die Werkstatt? Autoreparatur wird sicher teuer!\ud83e\udd2f Hol dir einen Teil der Kosten von der Steuer zur\u00fcck. \ud83d\udcb8Wir zeigen wie.","robots":{"index":"index","follow":"follow","max-snippet":"max-snippet:-1","max-image-preview":"max-image-preview:large","max-video-preview":"max-video-preview:-1"},"canonical":"https:\/\/www.buhl.de\/steuer\/ratgeber\/autoreparatur-absetzen\/","og_locale":"de_DE","og_type":"article","og_title":"Autoreparatur von der Steuer absetzen","og_description":"Das Auto muss in die Werkstatt? Autoreparatur wird sicher teuer!\ud83e\udd2f Hol dir einen Teil der Kosten von der Steuer zur\u00fcck. \ud83d\udcb8Wir zeigen wie.","og_url":"https:\/\/www.buhl.de\/steuer\/ratgeber\/autoreparatur-absetzen\/","og_site_name":"WISO Steuer: Nr.1 App f\u00fcr die Steuererkl\u00e4rung","article_published_time":"2023-02-07T06:57:23+00:00","article_modified_time":"2024-11-05T09:31:20+00:00","og_image":[{"width":976,"height":400,"url":"https:\/\/www.buhl.de\/steuer\/wp-content\/uploads\/sites\/31\/2022\/08\/autoreparatur-steuer-absetzen-title.jpg","type":"image\/jpeg"}],"author":"Melanie Holz","twitter_card":"summary_large_image","twitter_misc":{"Verfasst von":"Melanie Holz","Gesch\u00e4tzte Lesezeit":"5\u00a0Minuten"},"schema":{"@context":"https:\/\/schema.org","@graph":[{"@type":"Article","@id":"https:\/\/www.buhl.de\/steuer\/ratgeber\/autoreparatur-absetzen\/#article","isPartOf":{"@id":"https:\/\/www.buhl.de\/steuer\/ratgeber\/autoreparatur-absetzen\/"},"author":{"name":"Melanie Holz","@id":"https:\/\/www.buhl.de\/steuer\/#\/schema\/person\/bdc3546e32ec6fea6ff8e85e9a87fd47"},"headline":"Autoreparatur von der Steuer absetzen","datePublished":"2023-02-07T06:57:23+00:00","dateModified":"2024-11-05T09:31:20+00:00","mainEntityOfPage":{"@id":"https:\/\/www.buhl.de\/steuer\/ratgeber\/autoreparatur-absetzen\/"},"wordCount":871,"publisher":{"@id":"https:\/\/www.buhl.de\/steuer\/#organization"},"image":{"@id":"https:\/\/www.buhl.de\/steuer\/ratgeber\/autoreparatur-absetzen\/#primaryimage"},"thumbnailUrl":"https:\/\/www.buhl.de\/steuer\/wp-content\/uploads\/sites\/31\/2022\/08\/autoreparatur-steuer-absetzen-title.jpg","articleSection":["Neueste Beitr\u00e4ge","Ratgeber: Steuern &amp; Gehalt","Steuern aktuell: Steuer-Tipps zum Sparen"],"inLanguage":"de"},{"@type":"WebPage","@id":"https:\/\/www.buhl.de\/steuer\/ratgeber\/autoreparatur-absetzen\/","url":"https:\/\/www.buhl.de\/steuer\/ratgeber\/autoreparatur-absetzen\/","name":"Autoreparatur von der Steuer absetzen > Geht das?","isPartOf":{"@id":"https:\/\/www.buhl.de\/steuer\/#website"},"primaryImageOfPage":{"@id":"https:\/\/www.buhl.de\/steuer\/ratgeber\/autoreparatur-absetzen\/#primaryimage"},"image":{"@id":"https:\/\/www.buhl.de\/steuer\/ratgeber\/autoreparatur-absetzen\/#primaryimage"},"thumbnailUrl":"https:\/\/www.buhl.de\/steuer\/wp-content\/uploads\/sites\/31\/2022\/08\/autoreparatur-steuer-absetzen-title.jpg","datePublished":"2023-02-07T06:57:23+00:00","dateModified":"2024-11-05T09:31:20+00:00","description":"Das Auto muss in die Werkstatt? Autoreparatur wird sicher teuer!\ud83e\udd2f Hol dir einen Teil der Kosten von der Steuer zur\u00fcck. \ud83d\udcb8Wir zeigen wie.","breadcrumb":{"@id":"https:\/\/www.buhl.de\/steuer\/ratgeber\/autoreparatur-absetzen\/#breadcrumb"},"inLanguage":"de","potentialAction":[{"@type":"ReadAction","target":["https:\/\/www.buhl.de\/steuer\/ratgeber\/autoreparatur-absetzen\/"]}]},{"@type":"ImageObject","inLanguage":"de","@id":"https:\/\/www.buhl.de\/steuer\/ratgeber\/autoreparatur-absetzen\/#primaryimage","url":"https:\/\/www.buhl.de\/steuer\/wp-content\/uploads\/sites\/31\/2022\/08\/autoreparatur-steuer-absetzen-title.jpg","contentUrl":"https:\/\/www.buhl.de\/steuer\/wp-content\/uploads\/sites\/31\/2022\/08\/autoreparatur-steuer-absetzen-title.jpg","width":976,"height":400},{"@type":"BreadcrumbList","@id":"https:\/\/www.buhl.de\/steuer\/ratgeber\/autoreparatur-absetzen\/#breadcrumb","itemListElement":[{"@type":"ListItem","position":1,"name":"Steuererkl\u00e4rung","item":"https:\/\/www.buhl.de\/steuer\/"},{"@type":"ListItem","position":2,"name":"Autoreparatur von der Steuer absetzen"}]},{"@type":"WebSite","@id":"https:\/\/www.buhl.de\/steuer\/#website","url":"https:\/\/www.buhl.de\/steuer\/","name":"WISO Steuer: Nr. 1 Steuer-App","description":"","publisher":{"@id":"https:\/\/www.buhl.de\/steuer\/#organization"},"potentialAction":[{"@type":"SearchAction","target":{"@type":"EntryPoint","urlTemplate":"https:\/\/www.buhl.de\/steuer\/?s={search_term_string}"},"query-input":{"@type":"PropertyValueSpecification","valueRequired":true,"valueName":"search_term_string"}}],"inLanguage":"de"},{"@type":"Organization","@id":"https:\/\/www.buhl.de\/steuer\/#organization","name":"WISO Steuer | Buhl Data Service GmbH","url":"https:\/\/www.buhl.de\/steuer\/","logo":{"@type":"ImageObject","inLanguage":"de","@id":"https:\/\/www.buhl.de\/steuer\/#\/schema\/logo\/image\/","url":"https:\/\/www.buhl.de\/steuer\/wp-content\/uploads\/sites\/31\/2026\/02\/logo-wiso-steuer-app.svg","contentUrl":"https:\/\/www.buhl.de\/steuer\/wp-content\/uploads\/sites\/31\/2026\/02\/logo-wiso-steuer-app.svg","width":375,"height":72,"caption":"WISO Steuer | Buhl Data Service GmbH"},"image":{"@id":"https:\/\/www.buhl.de\/steuer\/#\/schema\/logo\/image\/"}},{"@type":"Person","@id":"https:\/\/www.buhl.de\/steuer\/#\/schema\/person\/bdc3546e32ec6fea6ff8e85e9a87fd47","name":"Melanie Holz","image":{"@type":"ImageObject","inLanguage":"de","@id":"https:\/\/www.buhl.de\/steuer\/wp-content\/uploads\/sites\/31\/2024\/07\/melanie.png","url":"https:\/\/www.buhl.de\/steuer\/wp-content\/uploads\/sites\/31\/2024\/07\/melanie.png","contentUrl":"https:\/\/www.buhl.de\/steuer\/wp-content\/uploads\/sites\/31\/2024\/07\/melanie.png","caption":"Melanie Holz"},"sameAs":["https:\/\/www.buhl.de\/steuer\/autoren\/melanie-holz\/"]}]}},"acf":[],"wps_subtitle":"Lass dich nicht von Unfallkosten ausbremsen","_links":{"self":[{"href":"https:\/\/www.buhl.de\/steuer\/wp-json\/wp\/v2\/posts\/51670","targetHints":{"allow":["GET"]}}],"collection":[{"href":"https:\/\/www.buhl.de\/steuer\/wp-json\/wp\/v2\/posts"}],"about":[{"href":"https:\/\/www.buhl.de\/steuer\/wp-json\/wp\/v2\/types\/post"}],"author":[{"embeddable":true,"href":"https:\/\/www.buhl.de\/steuer\/wp-json\/wp\/v2\/users\/158"}],"replies":[{"embeddable":true,"href":"https:\/\/www.buhl.de\/steuer\/wp-json\/wp\/v2\/comments?post=51670"}],"version-history":[{"count":15,"href":"https:\/\/www.buhl.de\/steuer\/wp-json\/wp\/v2\/posts\/51670\/revisions"}],"predecessor-version":[{"id":68649,"href":"https:\/\/www.buhl.de\/steuer\/wp-json\/wp\/v2\/posts\/51670\/revisions\/68649"}],"wp:featuredmedia":[{"embeddable":true,"href":"https:\/\/www.buhl.de\/steuer\/wp-json\/wp\/v2\/media\/52478"}],"wp:attachment":[{"href":"https:\/\/www.buhl.de\/steuer\/wp-json\/wp\/v2\/media?parent=51670"}],"wp:term":[{"taxonomy":"category","embeddable":true,"href":"https:\/\/www.buhl.de\/steuer\/wp-json\/wp\/v2\/categories?post=51670"},{"taxonomy":"post_tag","embeddable":true,"href":"https:\/\/www.buhl.de\/steuer\/wp-json\/wp\/v2\/tags?post=51670"}],"curies":[{"name":"wp","href":"https:\/\/api.w.org\/{rel}","templated":true}]}}