{"id":52035,"date":"2022-06-03T13:41:40","date_gmt":"2022-06-03T11:41:40","guid":{"rendered":"https:\/\/www.buhl.de\/steuer\/?p=52035"},"modified":"2025-01-02T14:34:55","modified_gmt":"2025-01-02T13:34:55","slug":"heizkosten-absetzen","status":"publish","type":"post","link":"https:\/\/www.buhl.de\/steuer\/ratgeber\/heizkosten-absetzen\/","title":{"rendered":"Heizkosten absetzen?"},"content":{"rendered":"<p>Energie ist in Deutschland vergleichsweise teuer. Da kommt bei vielen die Frage auf: Kann ich meine Heizkosten von der Steuer absetzen?<!--more--><\/p>\n<h2>Kurz &amp; knapp<\/h2>\n<ul>\n<li>Privatpersonen k\u00f6nnen Verbrauchskosten f\u00fcr \u00d6l und Gas nicht von der Steuer absetzen<\/li>\n<li>Aber: Die Kosten f\u00fcr Heizungsmonteur und viele weitere Dienstleistungen bringen Geld zur\u00fcck<\/li>\n<li>Selbstst\u00e4ndige k\u00f6nnen die Heizkosten f\u00fcr ihre beruflich genutzten R\u00e4ume absetzen<\/li>\n<\/ul>\n<h2>Kann ich Heizkosten von der Steuer absetzen?<\/h2>\n<p>Egal, ob du mit \u00d6l oder Gas heizt: Die Verbrauchskosten lassen sich grunds\u00e4tzlich nicht absetzen. Eine Ausnahme besteht nur f\u00fcr beruflich genutzte R\u00e4ume (zum Beipiel Arbeitszimmer). Andere Kosten rund um die Heizung k\u00f6nnen dir einen gro\u00dfen Steuervorteil bringen.<\/p>\n<h2>Welche Kosten rund um die Heizung kann ich absetzen?<\/h2>\n<h3>Als Privatperson darfst du diese Handwerkerkosten absetzen:<\/h3>\n<ul>\n<li>Wartung oder Optimierung der Heizung<\/li>\n<li>Garantiewartungsgeb\u00fchren<\/li>\n<li>Heizungswartung und Reparatur<\/li>\n<li>Arbeits- und Fahrtkosten bei Einbau einer neuen Heizung<\/li>\n<li>Kosten einer Heizungsoptimierung durch den Handwerker<\/li>\n<li>Arbeitskosten, wenn Handwerker Isolierung erneuern oder neue Fenster einbauen<\/li>\n<li>Kosten f\u00fcr Schornsteinfeger<\/li>\n<\/ul>\n<h3>Als Vermieter darfst du noch diese Kosten zus\u00e4tzlich absetzen:<\/h3>\n<ul>\n<li>Ger\u00e4temiete f\u00fcr Z\u00e4hler<\/li>\n<li>Austausch der Z\u00e4hler nach dem Eichgesetz<\/li>\n<li>Kosten f\u00fcr den Ablesedienst<\/li>\n<li>Kosten f\u00fcr die Erstellung der Abrechnung<\/li>\n<\/ul>\n<p>Was <a href=\"https:\/\/www.buhl.de\/steuer\/steuererklaerung-vermieter\/\">Vermieter<\/a> in ihrer Steuererkl\u00e4rung beachten m\u00fcssen, haben wir in einem eigenen Beitrag zusammengefasst.<\/p>\n<h3>Bist du Mieter und zahlst diese Kosten anteilig?<\/h3>\n<p>Kosten, die dein Vermieter auf dich umgelegt hat, darfst du \u00fcber die <a title=\"Nebenkostenabrechnung absetzen\" href=\"https:\/\/www.buhl.de\/steuer\/ratgeber\/nebenkosten-abrechnung-absetzen\/\">Nebenkostenabrechnung absetzen<\/a>. Au\u00dferdem kannst du neben den Kosten rund um Heizung noch weitere Nebenkosten in die Steuererkl\u00e4rung eintragen.<\/p>\n<p><img loading=\"lazy\" decoding=\"async\" class=\"aligncenter wp-image-52046 size-full\" title=\"Gas &amp; \u00d6l absetzen\" src=\"https:\/\/www.buhl.de\/steuer\/wp-content\/uploads\/sites\/31\/2022\/07\/heizkosten-absetzen-infografik.png\" alt=\"Heizkosten absetzen Infografik\" width=\"976\" height=\"600\" \/><\/p>\n<h2>Du l\u00e4sst eine neue Heizung einbauen<\/h2>\n<p>L\u00e4sst du in deinem Eigenheim eine <a href=\"https:\/\/www.buhl.de\/steuer\/ratgeber\/energetische-sanierung-steuern\/\">energetische Sanierung<\/a> durchf\u00fchren und dabei eine neue Heizung einbauen, kannst du daf\u00fcr einen besonderen Bonus bekommen. Hier z\u00e4hlen sogar die <strong>Materialkosten<\/strong>. Die Steuererm\u00e4\u00dfigung bei einer energetischen Sanierung kann bis zu 40.000 Euro betragen.<\/p>\n\r\n        <div class=\"white-background\">\r\n                <div class=\"video-d\">\r\n                    <div class=\"white-background\">\r\n                        <div class=\"container\">                       \r\n                            <div class=\"row justify-content-center\">\r\n                                <div class=\"text-center text-lg-left col-12 col-lg-6 col-xl-4 col-xl-offset-1 d-flex flex-column justify-content-center align-items-center align-items-lg-start\">\r\n                            <p class=\"font-cairo-10 blue-font headline-spacing-30 fw700\">Eigenheim sanieren und Steuern sparen<\/p>                     <p class=\"font-source-sans-pro-1 blue-font mobile-text-spacing-blog-30\">Energie sparen und Steuern sparen kann man gut kombinieren. Hier erf\u00e4hrst du, was dabei zu beachten ist.<\/p>                               \r\n                                <\/div>\r\n                                \r\n                                <div class=\"col-12 col-lg-6 col-xl-4 col-xl-offset-1 d-flex justify-content-center align-items-center\">\r\n                                    <div class=\"d-flex justify-content-center\">\r\n                                        <a role=\"button\"\r\n                                           class=\"blue-font position-relative font-cairo-2 fw700\" href=\"#\" data-toggle=\"modal\"\r\n                                           data-target=\"#xzaQgwH7yI1k\">\r\n                                             <div class=\"video-player-button\">\r\n                                                    <span class=\"video-player-button-icon\"><\/span>                                             \r\n                                             <\/div>\r\n                                            <img decoding=\"async\" loading=\"lazy\" class=\"img-fluid\"\r\n                                                title=\"Video ansehen\" \r\n                                                alt=\"Video ansehen Vorschaubild\"\r\n                                                src=\"https:\/\/www.buhl.de\/steuer\/wp-content\/themes\/steuer-web\/buhl-steuer\/assets\/video\/steuer-web\/video-blog.webp\">\r\n                                        <\/a>\r\n                                        <div class=\"modal fade videoModal\" id=\"xzaQgwH7yI1k\">\r\n                                            <div class=\"modal-dialog modal-xl modal-dialog-centered\">\r\n                                                <div class=\"modal-content\">\r\n                                                    <!-- Modal Header -->\r\n                                                    <div class=\"modal-header\">\r\n                                                        <button type=\"button\" class=\"close\" data-dismiss=\"modal\">\r\n                                                             <span class=\"navbar-toggler-icon\"><\/span>\r\n                                                        <\/button>\r\n                                                    <\/div>\r\n                                                    <!-- Modal body -->                                                                                                    \r\n                                                <div class=\"modal-body\" id=\"yt-player\">\r\n                                                      <div class=\"lyte-wrapper\" style=\"width:1280px;max-width:100%;margin:5px;\"><div class=\"lyMe hidef\" id=\"WYL_zaQgwH7yI1k\"><div id=\"lyte_zaQgwH7yI1k\" data-src=\"https:\/\/www.buhl.de\/steuer\/wp-content\/plugins\/wp-youtube-lyte\/lyteCache.php?origThumbUrl=%2F%2Fi.ytimg.com%2Fvi%2FzaQgwH7yI1k%2Fmaxresdefault.jpg\" class=\"pL\"><div class=\"tC\"><div class=\"tT\"><\/div><\/div><div class=\"play\"><\/div><div class=\"ctrl\"><div class=\"Lctrl\"><\/div><div class=\"Rctrl\"><\/div><\/div><\/div><noscript><a href=\"https:\/\/youtu.be\/zaQgwH7yI1k\" rel=\"nofollow\"><img loading=\"lazy\" decoding=\"async\" src=\"https:\/\/www.buhl.de\/steuer\/wp-content\/plugins\/wp-youtube-lyte\/lyteCache.php?origThumbUrl=https%3A%2F%2Fi.ytimg.com%2Fvi%2FzaQgwH7yI1k%2F0.jpg\" alt=\"YouTube-Video-Vorschaubild\" width=\"1280\" height=\"700\" \/><br \/>Dieses Video auf YouTube ansehen<\/a><\/noscript><\/div><\/div><div class=\"lL\" style=\"max-width:100%;width:1280px;margin:5px;\"><\/div>                                                                            \r\n                                                 <\/div>                                                              \r\n                                                <\/div>\r\n                                            <\/div>\r\n                                        <\/div>\r\n                                    <\/div>\r\n                                <\/div>                  \r\n                            <\/div>\r\n                        <\/div>                       \r\n                    <\/div>\r\n                <\/div>\r\n            <\/div>\r\n    \r\n        <div class=\"spacing-modul  \">\r\n            <div class=\"container spacing-modul\">\r\n               <div class=\"row\">\r\n                   <div id=\"\" class=\"anchor\"><\/div>\r\n                   <div class=\"col-12 modul-spacing-default-b\"><\/div>\r\n                   <div class=\"col-12 modul-spacing-default-b\"><\/div>\r\n               <\/div>\r\n            <\/div>\r\n        <\/div>\r\n    \n<h3>K\u00f6nnen Selbstst\u00e4ndige Heizkosten absetzen?<\/h3>\n<p>Selbstst\u00e4ndige k\u00f6nnen die Heizkosten f\u00fcr ihre betrieblichen R\u00e4ume \u00fcber die Betriebsausgaben in der <a title=\"So erstellst du eine Steuererkl\u00e4rung\" href=\"https:\/\/www.buhl.de\/steuer\/ratgeber\/steuererklaerung-machen\/\">Steuererkl\u00e4rung<\/a> angeben.\u00a0Auch Stromkosten k\u00f6nnen abgesetzt werden:<\/p>\n\r\n        <div class=\"white-background small-module\">\r\n            <div class=\"container\">\r\n                <div class=\"row\">\r\n                    <div class=\"col-12\">\r\n                        <div class=\"content blog-read-more\">\r\n                <a role=\"button\" onclick=\"dataLayer.push({'event': 'ButtonClick SW','sw-button': 'read-more-click-intext'});\" class=\"d-flex flex-column flex-md-row\" href=\"https:\/\/www.buhl.de\/steuer\/ratgeber\/stromkosten-fuers-gewerbe-absetzen\/\">\r\n                    <div class=\"img-size\">\r\n                        <img decoding=\"async\" loading=\"lazy\" alt=\"\" title=\"Stromkosten f\u00fcrs Gewerbe absetzen\" src=\"https:\/\/www.buhl.de\/steuer\/wp-content\/uploads\/sites\/31\/2022\/03\/stromkosten-gewerbe-absetzen-title.jpg\" \/>\r\n                    <\/div>\r\n                    <div class=\"w-100 d-flex flex-column justify-content-center\">\r\n                        <div class=\"font-cairo-7 fw700 ellipsis-two-row blue-font\">Stromkosten f\u00fcrs Gewerbe absetzen<\/div>\r\n                        <div class=\"font-source-sans-pro-1 ellipsis-two-row blue-font headline-spacing-10\"><p>Stromrechnung in der Steuererkl\u00e4rung<\/div>\r\n                        <div class=\"font-source-sans-pro-1 position-relative orange-font\">weiterlesen <span class=\"arrow-right-orange\"><\/span><\/div>\r\n                    <\/div>\r\n                <\/a>\r\n                        <\/div>\r\n                    <\/div>\r\n                <\/div>\r\n            <\/div>\r\n        <\/div>\r\n    \r\n        <div class=\"spacing-modul  \">\r\n            <div class=\"container spacing-modul\">\r\n               <div class=\"row\">\r\n                   <div id=\"\" class=\"anchor\"><\/div>\r\n                   <div class=\"col-12 modul-spacing-default-b\"><\/div>\r\n                   <div class=\"col-12 modul-spacing-default-b\"><\/div>\r\n               <\/div>\r\n            <\/div>\r\n        <\/div>\r\n    \n<h3>Weitere Tipps zum Steuern sparen<\/h3>\n\r\n        <div class=\"white-background\">\r\n            <div class=\"container\">\r\n                <div class=\"content expert-blog-module blog-wrapper\">\r\n                    <div class=\"row\">\r\n                        <div class=\"d-flex align-items-center text-center text-lg-left align-items-xl-start flex-column flex-xl-row col-12 offset-lg-2 col-lg-8 offset-xl-1 col-xl-9\">\r\n                            <img decoding=\"async\" loading=\"lazy\" class=\"img-fluid\" src=\"https:\/\/www.buhl.de\/steuer\/wp-content\/themes\/steuer-web\/buhl-steuer\/assets\/blog\/blog-module\/experten-tipp-icon.svg\" alt=\"Experten Tipp\" title=\"Experten Tipp\" \/>\r\n                            <div class=\"d-flex flex-column\">\r\n                                <h3 class=\"font-source-sans-pro-10 fw700 blue-font headline\">Weitere Steuervorteile f\u00fcr Kosten rund ums Haus<\/h3><div class=\"font-source-sans-pro-1 blue-font\">\n<p style=\"text-align: left\">Mit diesen Kosten bekommst du noch mehr Geld vom Staat zur\u00fcck:<\/p>\n<ul>\n<li><a title=\"Haushaltsnahe Dienstleistungen absetzen\" href=\"https:\/\/www.buhl.de\/steuer\/ratgeber\/haushaltsnahe-dienstleistungen\/\">Haushaltsnahe Dienstleistungen<\/a>: Hier gibt es Bares f\u00fcr Reinigung, Gartenarbeit oder Winterdienst.<\/li>\n<li><a title=\"Handwerker-Rechnung abstezen\" href=\"https:\/\/www.buhl.de\/steuer\/ratgeber\/handwerkerleistung-steuer-absetzen\/\">Handwerkerrechnung absetzen<\/a> nicht nur f\u00fcr die Heizung: Auch die Modernisierung des Badezimmers oder Rohrreinigung z\u00e4hlt.<\/li>\n<li><a href=\"https:\/\/www.buhl.de\/steuer\/ratgeber\/homeoffice-arbeitszimmer\/\">Arbeitszimmer<\/a> absetzen: Wenn du die Voraussetzungen f\u00fcr ein steuerlich absetzbares Arbeitszimmer erf\u00fcllst, kannst du hierf\u00fcr unter anderem die <strong>anteiligen Heizkosten<\/strong> angeben.<\/li>\n<li><a title=\"Internet und Telefon absetzen\" href=\"https:\/\/www.buhl.de\/steuer\/ratgeber\/internet-telefon-kosten-absetzen\/\">Telefon &amp; Internet<\/a>: 20 Prozent der beruflichen Kosten f\u00fcr Telefon und Internet kannst du pauschal absetzen.<\/li>\n<\/ul>\n<\/div><\/div>\r\n                        <\/div>\r\n                    <\/div>\r\n                <\/div>\r\n            <\/div>\r\n        <\/div>\r\n    \r\n        <div class=\"spacing-modul  \">\r\n            <div class=\"container spacing-modul\">\r\n               <div class=\"row\">\r\n                   <div id=\"\" class=\"anchor\"><\/div>\r\n                   <div class=\"col-12 modul-spacing-default-b\"><\/div>\r\n                   <div class=\"col-12 modul-spacing-default-b\"><\/div>\r\n               <\/div>\r\n            <\/div>\r\n        <\/div>\r\n    \n\r\n        <div class=\"white-background small-module\">\r\n            <div class=\"container\">\r\n                <div class=\"row\">\r\n                    <div class=\"col-12\">\r\n                        <div class=\"content blog-read-more\">\r\n                <a role=\"button\" onclick=\"dataLayer.push({'event': 'ButtonClick SW','sw-button': 'read-more-click-intext'});\" class=\"d-flex flex-column flex-md-row\" href=\"https:\/\/www.buhl.de\/steuer\/ratgeber\/steuern-sparen\/\">\r\n                    <div class=\"img-size\">\r\n                        <img decoding=\"async\" loading=\"lazy\" alt=\"\" title=\"Wie kann ich Steuern sparen?\" src=\"https:\/\/www.buhl.de\/steuer\/wp-content\/uploads\/sites\/31\/2022\/04\/steuern-sparen-tipps.jpg\" \/>\r\n                    <\/div>\r\n                    <div class=\"w-100 d-flex flex-column justify-content-center\">\r\n                        <div class=\"font-cairo-7 fw700 ellipsis-two-row blue-font\">Wie kann ich Steuern sparen?<\/div>\r\n                        <div class=\"font-source-sans-pro-1 ellipsis-two-row blue-font headline-spacing-10\"><p>Alle Steuerspartipps vom Experten<\/div>\r\n                        <div class=\"font-source-sans-pro-1 position-relative orange-font\">weiterlesen <span class=\"arrow-right-orange\"><\/span><\/div>\r\n                    <\/div>\r\n                <\/a>\r\n                        <\/div>\r\n                    <\/div>\r\n                <\/div>\r\n            <\/div>\r\n        <\/div>\r\n    \r\n        <div class=\"spacing-modul  \">\r\n            <div class=\"container spacing-modul\">\r\n               <div class=\"row\">\r\n                   <div id=\"\" class=\"anchor\"><\/div>\r\n                   <div class=\"col-12 modul-spacing-default-b\"><\/div>\r\n                   <div class=\"col-12 modul-spacing-default-b\"><\/div>\r\n               <\/div>\r\n            <\/div>\r\n        <\/div>\r\n    \n\r\n        <div class=\"white-background\">\r\n            <div class=\"full-width-text\">\r\n                <div class=\"inner-spacing blog-ad1-wrapper silver-background\">\r\n                    <div class=\"container blog-ad1\">\r\n                        <div class=\"row\">\r\n                        \r\n                            <div class=\"col-12 col-md-6 d-none d-md-flex align-content-center\">\r\n                                \r\n                                    <img decoding=\"async\" loading=\"lazy\" height=\"auto\" style=\"max-width:100%;\" alt=\"Steuer-Abruf Logo\" title=\"\" \r\n                                        class=\"mx-auto d-none d-md-block \" src=\"https:\/\/www.buhl.de\/steuer\/wp-content\/themes\/steuer-web\/buhl-steuer\/assets\/blog\/blog-ad1\/per-foto\/blog-rechnungen-foto-einfuegen.svg\" \/>\r\n                                \r\n                            <\/div>\r\n                        \r\n                            \r\n                            <div class=\"col-12 col-md-6\">\r\n                                \r\n                                    <div class=\"d-flex headline-spacing-30 justify-content-start\">\r\n                                        \r\n                                            <img decoding=\"async\" loading=\"lazy\" height=\"auto\" style=\"max-width:100%;\" alt=\"WISO&nbsp;Steuer Vorteile\" title=\"WISO&nbsp;Steuer Buhl Logo\" \r\n                                                class=\"d-none d-md-block \" src=\"https:\/\/www.buhl.de\/steuer\/wp-content\/themes\/steuer-web\/buhl-steuer\/assets\/full-width-text\/ad1\/logo-wiso-steuer.svg\" \/>\r\n                                        \r\n                                        \r\n                                                \r\n                                        \r\n                                            <img decoding=\"async\" loading=\"lazy\" alt=\"WISO&nbsp;Steuer Vorteile\" title=\"WISO&nbsp;Steuer Buhl Logo\" \r\n                                                class=\"mx-auto d-md-none mobile \" src=\"https:\/\/www.buhl.de\/steuer\/wp-content\/themes\/steuer-web\/buhl-steuer\/assets\/full-width-text\/ad1\/logo-wiso-steuer.svg\" \/>\r\n                                        \r\n                                    <\/div>\r\n                                \r\n                            \r\n                                \r\n                                    <p class=\"font-cairo-10 fw700 blue-font headline-spacing-30 text-center justify-content-start text-md-left\">Rechnungen einfach per Foto in die Steuer einf\u00fcgen<\/p>\r\n                                \r\n                    \r\n                                <div class=\"font-source-sans-pro-1 mt-30 mb-30 blue-font subline-width text-center text-md-left\">Sobald du eine Rechnung bekommst, machst du einfach ein Foto mit dem Smartphone und die App liest das Dokument automatisch als PDF f\u00fcr deine Steuererkl\u00e4rung ein. Wie ein Scanner, nur viel schlauer!<\/div>\r\n                                \r\n                                \r\n\r\n                                <div class=\"d-flex flex-column flex-md-row align-items-center align-items-md-start justify-content-start\">\r\n                                    \r\n                                    <a class=\"font-cairo-2 fw700 intro-button primary w-230 d-none d-md-flex mr-md-25 justify-content-center align-items-center\"\r\n                                       role=\"button\"\r\n                                       href=\"https:\/\/www.buhl.de\/shop\/wisosteuer\/auswahl?2025=agv&wkz=STWEBMARKETINGSEITE&src=WEB\"\r\n                                       target=\"_self\"\r\n                                       title=\"WISO&nbsp;Steuer Lizenz kaufen\"\r\n                                       id=\"steuerscanKauf\"\r\n                                       onclick=\"dataLayer.push({'event': 'ButtonClick SW','sw-button': 'click-preise'});\">\r\n                                       Jetzt kaufen\r\n                                    <\/a>\r\n                                    \r\n                                    \r\n                                    \r\n                                    <a class=\"d-flex justify-content-center align-items-center d-md-none font-cairo-2 fw700 intro-button primary w-230\"\r\n                                       role=\"button\"\r\n                                       href=\"https:\/\/www.buhl.de\/shop\/wisosteuer\/auswahl?2025=agv&wkz=STWEBMARKETINGSEITE&src=WEB\"\r\n                                       target=\"_self\"\r\n                                       title=\"WISO&nbsp;Steuer Lizenz kaufen\"\r\n                                       id=\"steuerscanKaufMobile\"\r\n                                       onclick=\"dataLayer.push({'event': 'ButtonClick SW','sw-button': 'click-preise'});\">\r\n                                       Jetzt kaufen\r\n                                    <\/a>\r\n                                    \r\n                                    \r\n                                    \r\n                                    \r\n                                    \r\n                                <\/div>\r\n                                \r\n                                \r\n                                    <div class=\"d-flex d-md-none align-content-center mobile-image-spacing\">\r\n                                        \r\n                                            <img decoding=\"async\" loading=\"lazy\" height=\"auto\" style=\"max-width:100%;\" alt=\"Steuer-Abruf Logo\" title=\"\" \r\n                                                class=\"\" src=\"https:\/\/www.buhl.de\/steuer\/wp-content\/themes\/steuer-web\/buhl-steuer\/assets\/blog\/blog-ad1\/per-foto\/blog-rechnungen-foto-einfuegen.svg\" \/>\r\n                                        \r\n                                    <\/div>\r\n                                \r\n                            <\/div>\r\n                        <\/div>\r\n                    <\/div>\r\n                <\/div>\r\n            <\/div>\r\n        <\/div>\r\n    \r\n        <div class=\"spacing-modul  \">\r\n            <div class=\"container spacing-modul\">\r\n               <div class=\"row\">\r\n                   <div id=\"\" class=\"anchor\"><\/div>\r\n                   <div class=\"col-12 modul-spacing-default-b\"><\/div>\r\n                   <div class=\"col-12 modul-spacing-default-b\"><\/div>\r\n               <\/div>\r\n            <\/div>\r\n        <\/div>\r\n    \n<h2>Wo trage ich die Kosten in der Steuererkl\u00e4rung ein?<\/h2>\n<p>Privatpersonen oder Mieter k\u00f6nnen viele Kosten als Handwerkerleistung oder haushaltsnahe Dienstleistungen absetzen und daf\u00fcr eine Steuererm\u00e4\u00dfgung bekommen. Du kannst immer nur die Lohn-, Fahrt- und Maschinenkosten f\u00fcr die Dienstleistung in der Steuererkl\u00e4rung angeben. Kosten f\u00fcr das Material akzeptiert das Finanzamt nicht.<\/p>\n<p>Wichtig ist, dass du eine Rechnung hast. In dieser muss der genaue Anteil der Arbeits- und Fahrkosten stehen. Sollten Arbeits- und Fahrtkosten nicht klar erkennbar sein, frag den Handwerker nach einer neuen Rechnung.<\/p>\n<p>Deine Kosten kannst du in <a href=\"https:\/\/www.buhl.de\/steuer\/\">WISO Steuer<\/a> mit wenigen Klicks eintragen. Noch einfacher wird es, wenn du die Handwerkerrechnung per App einscannst. Dann werden alle Daten automatisch in die Steuererkl\u00e4rung \u00fcbernommen.<\/p>\n<p>Hier gibst du die Kosten ein: <em>Allgemeine Ausgaben &gt; Handwerker, Hilfen und Dienstleistungen im Haushalt<\/em><\/p>\n<p><img loading=\"lazy\" decoding=\"async\" class=\"aligncenter\" title=\"Heizkosten: Kosten rund um Heizung in die Steuererkl\u00e4rung eintragen\" src=\"https:\/\/www.buhl.de\/steuer\/wp-content\/uploads\/sites\/31\/2022\/08\/heizkosten-absetzen-screenshot.png\" alt=\"Heizkosten und Heizung in der Steuererkl\u00e4rung Screenshot\" width=\"976\" height=\"531\" \/><\/p>\n<p>&nbsp;<\/p>\n<h3>Kann ich etwas absetzen, wenn ich mit Strom heize?<\/h3>\n<p>Hier verh\u00e4lt es sich genauso, wie wenn du mit \u00d6l und Gas heizt: Die Stromkosten f\u00fcr die Heizung kannst du nicht absetzen.<\/p>\n\r\n        <div class=\"white-background\">\r\n            <div class=\"full-width-text\">\r\n                <div class=\"inner-spacing blog-ad1-wrapper silver-background\">\r\n                    <div class=\"container blog-ad1\">\r\n                        <div class=\"row\">\r\n                        \r\n                            \r\n                            <div class=\"col-12\">\r\n                                \r\n                                    <div class=\"d-flex headline-spacing-30 justify-content-center\">\r\n                                        \r\n                                            <img decoding=\"async\" loading=\"lazy\" height=\"auto\" style=\"max-width:100%;\" alt=\"WISO&nbsp;Steuer\" title=\"WISO&nbsp;Steuer\" \r\n                                                class=\"d-none d-md-block \" src=\"https:\/\/www.buhl.de\/steuer\/wp-content\/themes\/steuer-web\/buhl-steuer\/assets\/full-width-text\/ad1\/logo-wiso-steuer.svg\" \/>\r\n                                        \r\n                                        \r\n                                                \r\n                                        \r\n                                            <img decoding=\"async\" loading=\"lazy\" alt=\"WISO&nbsp;Steuer\" title=\"WISO&nbsp;Steuer\" \r\n                                                class=\"mx-auto d-md-none mobile \" src=\"https:\/\/www.buhl.de\/steuer\/wp-content\/themes\/steuer-web\/buhl-steuer\/assets\/full-width-text\/ad1\/logo-wiso-steuer.svg\" \/>\r\n                                        \r\n                                    <\/div>\r\n                                \r\n                            \r\n                                \r\n                                    <p class=\"font-cairo-10 fw700 blue-font headline-spacing-30 text-center justify-content-center\">Hol dir dein Geld zur\u00fcck<\/p>\r\n                                \r\n                    \r\n                                <div class=\"font-source-sans-pro-1 mt-30 mb-30 blue-font subline-width text-center 1\">Lass deine Steuererkl\u00e4rung automatisch ausf\u00fcllen, gib sie digital ab und hol dir im Schnitt 1.674 \u20ac R\u00fcckerstattung vom Finanzamt.<br\/>Ganz einfach mit WISO&nbsp;Steuer.<\/div>\r\n                                \r\n                                \r\n\r\n                                <div class=\"d-flex flex-column flex-md-row align-items-center align-items-md-start justify-content-center\">\r\n                                    \r\n                                    <a class=\"font-cairo-2 fw700 intro-button primary w-230 d-none d-md-flex mr-md-25 justify-content-center align-items-center\"\r\n                                       role=\"button\"\r\n                                       href=\"https:\/\/www.buhl.de\/shop\/wisosteuer\/auswahl?2025=agv&wkz=STWEBMARKETINGSEITE&src=WEB\"\r\n                                       target=\"_self\"\r\n                                       title=\"WISO&nbsp;Steuer Lizenz kaufen\"\r\n                                       id=\"ad-1-testencta\"\r\n                                       onclick=\"dataLayer.push({'event': 'ButtonClick SW','sw-button': 'click-preise'});\">\r\n                                       Jetzt kaufen\r\n                                    <\/a>\r\n                                    \r\n                                    \r\n                                    \r\n                                    <a class=\"d-flex justify-content-center align-items-center d-md-none font-cairo-2 fw700 intro-button primary w-230\"\r\n                                       role=\"button\"\r\n                                       href=\"https:\/\/www.buhl.de\/shop\/wisosteuer\/auswahl?2025=agv&wkz=STWEBMARKETINGSEITE&src=WEB\"\r\n                                       target=\"_self\"\r\n                                       title=\"WISO&nbsp;Steuer Lizenz kaufen\"\r\n                                       id=\"adpapierkramkauf\"\r\n                                       onclick=\"dataLayer.push({'event': 'ButtonClick SW','sw-button': 'click-preise'});\">\r\n                                       Jetzt kaufen\r\n                                    <\/a>\r\n                                    \r\n                                    \r\n                                    \r\n                                    <a class=\"font-cairo-2 fw700 intro-button secondary w-230 d-none d-md-flex  justify-content-center align-items-center\"\r\n                                       role=\"button\"\r\n                                       href=\"https:\/\/www.buhl.de\/mein-buhlkonto\/?buhlparam=2100101\"\r\n                                       target=\"_self\"\r\n                                       title=\"Hier unverbindlich ausprobieren\"\r\n                                       id=\"ad1-testen\"\r\n                                       onclick=\"dataLayer.push({'event': 'ButtonClick SW','sw-button': 'click-testen'});\">\r\n                                       Kostenlos testen\r\n                                    <\/a>\r\n                                    \r\n                                    \r\n                                    \r\n                                    <a class=\"font-cairo-2 fw700 intro-button secondary w-230 d-flex d-md-none justify-content-center align-items-center mt-30\"\r\n                                       role=\"button\"\r\n                                       href=\"https:\/\/www.buhl.de\/mein-buhlkonto\/?buhlparam=2100101\"\r\n                                       target=\"_self\"\r\n                                       title=\"Hier unverbindlich ausprobieren\"\r\n                                       id=\"ad1-testen\"\r\n                                       onclick=\"dataLayer.push({'event': 'ButtonClick SW','sw-button': 'click-mobile-starten'});\">\r\n                                       Kostenlos testen\r\n                                    <\/a>\r\n                                    \r\n                                <\/div>\r\n                                \r\n                                \r\n                            <\/div>\r\n                        <\/div>\r\n                    <\/div>\r\n                <\/div>\r\n            <\/div>\r\n        <\/div>\r\n    \n","protected":false},"excerpt":{"rendered":"<p>Energie ist in Deutschland vergleichsweise teuer. Da kommt bei vielen die Frage auf: Kann ich meine Heizkosten von der Steuer absetzen?<\/p>\n","protected":false},"author":220,"featured_media":52041,"comment_status":"closed","ping_status":"open","sticky":false,"template":"","format":"standard","meta":{"_acf_changed":false,"footnotes":""},"categories":[2841,2805],"tags":[],"class_list":["post-52035","post","type-post","status-publish","format-standard","has-post-thumbnail","hentry","category-alle","category-tipps"],"yoast_head":"<!-- This site is optimized with the Yoast SEO Premium plugin v27.0 (Yoast SEO v27.0) - https:\/\/yoast.com\/product\/yoast-seo-premium-wordpress\/ -->\n<title>Heizkosten absetzen \u2714\ufe0f Mit \u00d6l &amp; Gas Steuern sparen?<\/title>\n<meta name=\"description\" content=\"Kann ich \u00d6l &amp; Gas von der Steuer absetzen? \u27a1\ufe0f Wie man mit den Heizkosten Steuern sparen kann: Hier klicken.\" \/>\n<meta name=\"robots\" content=\"index, follow, max-snippet:-1, max-image-preview:large, max-video-preview:-1\" \/>\n<link rel=\"canonical\" href=\"https:\/\/www.buhl.de\/steuer\/ratgeber\/heizkosten-absetzen\/\" \/>\n<meta property=\"og:locale\" content=\"de_DE\" \/>\n<meta property=\"og:type\" content=\"article\" \/>\n<meta property=\"og:title\" content=\"Heizkosten absetzen?\" \/>\n<meta property=\"og:description\" content=\"Kann ich \u00d6l &amp; Gas von der Steuer absetzen? \u27a1\ufe0f Wie man mit den Heizkosten Steuern sparen kann: Hier klicken.\" \/>\n<meta property=\"og:url\" content=\"https:\/\/www.buhl.de\/steuer\/ratgeber\/heizkosten-absetzen\/\" \/>\n<meta property=\"og:site_name\" content=\"WISO Steuer: Nr.1 App f\u00fcr die Steuererkl\u00e4rung\" \/>\n<meta property=\"article:published_time\" content=\"2022-06-03T11:41:40+00:00\" \/>\n<meta property=\"article:modified_time\" content=\"2025-01-02T13:34:55+00:00\" \/>\n<meta property=\"og:image\" content=\"https:\/\/www.buhl.de\/steuer\/wp-content\/uploads\/sites\/31\/2022\/07\/heizkosten-steuer-absetzen.jpg\" \/>\n\t<meta property=\"og:image:width\" content=\"976\" \/>\n\t<meta property=\"og:image:height\" content=\"400\" \/>\n\t<meta property=\"og:image:type\" content=\"image\/jpeg\" \/>\n<meta name=\"author\" content=\"Udo Reu\u00df\" \/>\n<meta name=\"twitter:card\" content=\"summary_large_image\" \/>\n<meta name=\"twitter:label1\" content=\"Verfasst von\" \/>\n\t<meta name=\"twitter:data1\" content=\"Udo Reu\u00df\" \/>\n\t<meta name=\"twitter:label2\" content=\"Gesch\u00e4tzte Lesezeit\" \/>\n\t<meta name=\"twitter:data2\" content=\"4\u00a0Minuten\" \/>\n<script type=\"application\/ld+json\" class=\"yoast-schema-graph\">{\"@context\":\"https:\/\/schema.org\",\"@graph\":[{\"@type\":\"Article\",\"@id\":\"https:\/\/www.buhl.de\/steuer\/ratgeber\/heizkosten-absetzen\/#article\",\"isPartOf\":{\"@id\":\"https:\/\/www.buhl.de\/steuer\/ratgeber\/heizkosten-absetzen\/\"},\"author\":{\"name\":\"Udo Reu\u00df\",\"@id\":\"https:\/\/www.buhl.de\/steuer\/#\/schema\/person\/03b5508d4c85dc193be95cb4e2d78423\"},\"headline\":\"Heizkosten absetzen?\",\"datePublished\":\"2022-06-03T11:41:40+00:00\",\"dateModified\":\"2025-01-02T13:34:55+00:00\",\"mainEntityOfPage\":{\"@id\":\"https:\/\/www.buhl.de\/steuer\/ratgeber\/heizkosten-absetzen\/\"},\"wordCount\":661,\"publisher\":{\"@id\":\"https:\/\/www.buhl.de\/steuer\/#organization\"},\"image\":{\"@id\":\"https:\/\/www.buhl.de\/steuer\/ratgeber\/heizkosten-absetzen\/#primaryimage\"},\"thumbnailUrl\":\"https:\/\/www.buhl.de\/steuer\/wp-content\/uploads\/sites\/31\/2022\/07\/heizkosten-steuer-absetzen.jpg\",\"articleSection\":[\"Neueste Beitr\u00e4ge\",\"Steuern aktuell: Steuer-Tipps zum Sparen\"],\"inLanguage\":\"de\"},{\"@type\":\"WebPage\",\"@id\":\"https:\/\/www.buhl.de\/steuer\/ratgeber\/heizkosten-absetzen\/\",\"url\":\"https:\/\/www.buhl.de\/steuer\/ratgeber\/heizkosten-absetzen\/\",\"name\":\"Heizkosten absetzen \u2714\ufe0f Mit \u00d6l & Gas Steuern sparen?\",\"isPartOf\":{\"@id\":\"https:\/\/www.buhl.de\/steuer\/#website\"},\"primaryImageOfPage\":{\"@id\":\"https:\/\/www.buhl.de\/steuer\/ratgeber\/heizkosten-absetzen\/#primaryimage\"},\"image\":{\"@id\":\"https:\/\/www.buhl.de\/steuer\/ratgeber\/heizkosten-absetzen\/#primaryimage\"},\"thumbnailUrl\":\"https:\/\/www.buhl.de\/steuer\/wp-content\/uploads\/sites\/31\/2022\/07\/heizkosten-steuer-absetzen.jpg\",\"datePublished\":\"2022-06-03T11:41:40+00:00\",\"dateModified\":\"2025-01-02T13:34:55+00:00\",\"description\":\"Kann ich \u00d6l & Gas von der Steuer absetzen? \u27a1\ufe0f Wie man mit den Heizkosten Steuern sparen kann: Hier klicken.\",\"breadcrumb\":{\"@id\":\"https:\/\/www.buhl.de\/steuer\/ratgeber\/heizkosten-absetzen\/#breadcrumb\"},\"inLanguage\":\"de\",\"potentialAction\":[{\"@type\":\"ReadAction\",\"target\":[\"https:\/\/www.buhl.de\/steuer\/ratgeber\/heizkosten-absetzen\/\"]}]},{\"@type\":\"ImageObject\",\"inLanguage\":\"de\",\"@id\":\"https:\/\/www.buhl.de\/steuer\/ratgeber\/heizkosten-absetzen\/#primaryimage\",\"url\":\"https:\/\/www.buhl.de\/steuer\/wp-content\/uploads\/sites\/31\/2022\/07\/heizkosten-steuer-absetzen.jpg\",\"contentUrl\":\"https:\/\/www.buhl.de\/steuer\/wp-content\/uploads\/sites\/31\/2022\/07\/heizkosten-steuer-absetzen.jpg\",\"width\":976,\"height\":400,\"caption\":\"Kann man Gas & \u00d6l absetzen?\"},{\"@type\":\"BreadcrumbList\",\"@id\":\"https:\/\/www.buhl.de\/steuer\/ratgeber\/heizkosten-absetzen\/#breadcrumb\",\"itemListElement\":[{\"@type\":\"ListItem\",\"position\":1,\"name\":\"Steuererkl\u00e4rung\",\"item\":\"https:\/\/www.buhl.de\/steuer\/\"},{\"@type\":\"ListItem\",\"position\":2,\"name\":\"Heizkosten absetzen?\"}]},{\"@type\":\"WebSite\",\"@id\":\"https:\/\/www.buhl.de\/steuer\/#website\",\"url\":\"https:\/\/www.buhl.de\/steuer\/\",\"name\":\"WISO Steuer: Nr. 1 Steuer-App\",\"description\":\"\",\"publisher\":{\"@id\":\"https:\/\/www.buhl.de\/steuer\/#organization\"},\"potentialAction\":[{\"@type\":\"SearchAction\",\"target\":{\"@type\":\"EntryPoint\",\"urlTemplate\":\"https:\/\/www.buhl.de\/steuer\/?s={search_term_string}\"},\"query-input\":{\"@type\":\"PropertyValueSpecification\",\"valueRequired\":true,\"valueName\":\"search_term_string\"}}],\"inLanguage\":\"de\"},{\"@type\":\"Organization\",\"@id\":\"https:\/\/www.buhl.de\/steuer\/#organization\",\"name\":\"WISO Steuer | Buhl Data Service GmbH\",\"url\":\"https:\/\/www.buhl.de\/steuer\/\",\"logo\":{\"@type\":\"ImageObject\",\"inLanguage\":\"de\",\"@id\":\"https:\/\/www.buhl.de\/steuer\/#\/schema\/logo\/image\/\",\"url\":\"https:\/\/www.buhl.de\/steuer\/wp-content\/uploads\/sites\/31\/2026\/02\/logo-wiso-steuer-app.svg\",\"contentUrl\":\"https:\/\/www.buhl.de\/steuer\/wp-content\/uploads\/sites\/31\/2026\/02\/logo-wiso-steuer-app.svg\",\"width\":375,\"height\":72,\"caption\":\"WISO Steuer | Buhl Data Service GmbH\"},\"image\":{\"@id\":\"https:\/\/www.buhl.de\/steuer\/#\/schema\/logo\/image\/\"}},{\"@type\":\"Person\",\"@id\":\"https:\/\/www.buhl.de\/steuer\/#\/schema\/person\/03b5508d4c85dc193be95cb4e2d78423\",\"name\":\"Udo Reu\u00df\",\"image\":{\"@type\":\"ImageObject\",\"inLanguage\":\"de\",\"@id\":\"https:\/\/www.buhl.de\/steuer\/#\/schema\/person\/image\/\",\"url\":\"https:\/\/www.buhl.de\/steuer\/wp-content\/uploads\/sites\/31\/2024\/07\/udo.png\",\"contentUrl\":\"https:\/\/www.buhl.de\/steuer\/wp-content\/uploads\/sites\/31\/2024\/07\/udo.png\",\"caption\":\"Udo Reu\u00df\"},\"sameAs\":[\"https:\/\/www.buhl.de\/steuer\/autoren\/udo-reuss\/\"]}]}<\/script>\n<!-- \/ Yoast SEO Premium plugin. -->","yoast_head_json":{"title":"Heizkosten absetzen \u2714\ufe0f Mit \u00d6l & Gas Steuern sparen?","description":"Kann ich \u00d6l & Gas von der Steuer absetzen? \u27a1\ufe0f Wie man mit den Heizkosten Steuern sparen kann: Hier klicken.","robots":{"index":"index","follow":"follow","max-snippet":"max-snippet:-1","max-image-preview":"max-image-preview:large","max-video-preview":"max-video-preview:-1"},"canonical":"https:\/\/www.buhl.de\/steuer\/ratgeber\/heizkosten-absetzen\/","og_locale":"de_DE","og_type":"article","og_title":"Heizkosten absetzen?","og_description":"Kann ich \u00d6l & Gas von der Steuer absetzen? \u27a1\ufe0f Wie man mit den Heizkosten Steuern sparen kann: Hier klicken.","og_url":"https:\/\/www.buhl.de\/steuer\/ratgeber\/heizkosten-absetzen\/","og_site_name":"WISO Steuer: Nr.1 App f\u00fcr die Steuererkl\u00e4rung","article_published_time":"2022-06-03T11:41:40+00:00","article_modified_time":"2025-01-02T13:34:55+00:00","og_image":[{"width":976,"height":400,"url":"https:\/\/www.buhl.de\/steuer\/wp-content\/uploads\/sites\/31\/2022\/07\/heizkosten-steuer-absetzen.jpg","type":"image\/jpeg"}],"author":"Udo Reu\u00df","twitter_card":"summary_large_image","twitter_misc":{"Verfasst von":"Udo Reu\u00df","Gesch\u00e4tzte Lesezeit":"4\u00a0Minuten"},"schema":{"@context":"https:\/\/schema.org","@graph":[{"@type":"Article","@id":"https:\/\/www.buhl.de\/steuer\/ratgeber\/heizkosten-absetzen\/#article","isPartOf":{"@id":"https:\/\/www.buhl.de\/steuer\/ratgeber\/heizkosten-absetzen\/"},"author":{"name":"Udo Reu\u00df","@id":"https:\/\/www.buhl.de\/steuer\/#\/schema\/person\/03b5508d4c85dc193be95cb4e2d78423"},"headline":"Heizkosten absetzen?","datePublished":"2022-06-03T11:41:40+00:00","dateModified":"2025-01-02T13:34:55+00:00","mainEntityOfPage":{"@id":"https:\/\/www.buhl.de\/steuer\/ratgeber\/heizkosten-absetzen\/"},"wordCount":661,"publisher":{"@id":"https:\/\/www.buhl.de\/steuer\/#organization"},"image":{"@id":"https:\/\/www.buhl.de\/steuer\/ratgeber\/heizkosten-absetzen\/#primaryimage"},"thumbnailUrl":"https:\/\/www.buhl.de\/steuer\/wp-content\/uploads\/sites\/31\/2022\/07\/heizkosten-steuer-absetzen.jpg","articleSection":["Neueste Beitr\u00e4ge","Steuern aktuell: Steuer-Tipps zum Sparen"],"inLanguage":"de"},{"@type":"WebPage","@id":"https:\/\/www.buhl.de\/steuer\/ratgeber\/heizkosten-absetzen\/","url":"https:\/\/www.buhl.de\/steuer\/ratgeber\/heizkosten-absetzen\/","name":"Heizkosten absetzen \u2714\ufe0f Mit \u00d6l & Gas Steuern sparen?","isPartOf":{"@id":"https:\/\/www.buhl.de\/steuer\/#website"},"primaryImageOfPage":{"@id":"https:\/\/www.buhl.de\/steuer\/ratgeber\/heizkosten-absetzen\/#primaryimage"},"image":{"@id":"https:\/\/www.buhl.de\/steuer\/ratgeber\/heizkosten-absetzen\/#primaryimage"},"thumbnailUrl":"https:\/\/www.buhl.de\/steuer\/wp-content\/uploads\/sites\/31\/2022\/07\/heizkosten-steuer-absetzen.jpg","datePublished":"2022-06-03T11:41:40+00:00","dateModified":"2025-01-02T13:34:55+00:00","description":"Kann ich \u00d6l & Gas von der Steuer absetzen? \u27a1\ufe0f Wie man mit den Heizkosten Steuern sparen kann: Hier klicken.","breadcrumb":{"@id":"https:\/\/www.buhl.de\/steuer\/ratgeber\/heizkosten-absetzen\/#breadcrumb"},"inLanguage":"de","potentialAction":[{"@type":"ReadAction","target":["https:\/\/www.buhl.de\/steuer\/ratgeber\/heizkosten-absetzen\/"]}]},{"@type":"ImageObject","inLanguage":"de","@id":"https:\/\/www.buhl.de\/steuer\/ratgeber\/heizkosten-absetzen\/#primaryimage","url":"https:\/\/www.buhl.de\/steuer\/wp-content\/uploads\/sites\/31\/2022\/07\/heizkosten-steuer-absetzen.jpg","contentUrl":"https:\/\/www.buhl.de\/steuer\/wp-content\/uploads\/sites\/31\/2022\/07\/heizkosten-steuer-absetzen.jpg","width":976,"height":400,"caption":"Kann man Gas & \u00d6l absetzen?"},{"@type":"BreadcrumbList","@id":"https:\/\/www.buhl.de\/steuer\/ratgeber\/heizkosten-absetzen\/#breadcrumb","itemListElement":[{"@type":"ListItem","position":1,"name":"Steuererkl\u00e4rung","item":"https:\/\/www.buhl.de\/steuer\/"},{"@type":"ListItem","position":2,"name":"Heizkosten absetzen?"}]},{"@type":"WebSite","@id":"https:\/\/www.buhl.de\/steuer\/#website","url":"https:\/\/www.buhl.de\/steuer\/","name":"WISO Steuer: Nr. 1 Steuer-App","description":"","publisher":{"@id":"https:\/\/www.buhl.de\/steuer\/#organization"},"potentialAction":[{"@type":"SearchAction","target":{"@type":"EntryPoint","urlTemplate":"https:\/\/www.buhl.de\/steuer\/?s={search_term_string}"},"query-input":{"@type":"PropertyValueSpecification","valueRequired":true,"valueName":"search_term_string"}}],"inLanguage":"de"},{"@type":"Organization","@id":"https:\/\/www.buhl.de\/steuer\/#organization","name":"WISO Steuer | Buhl Data Service GmbH","url":"https:\/\/www.buhl.de\/steuer\/","logo":{"@type":"ImageObject","inLanguage":"de","@id":"https:\/\/www.buhl.de\/steuer\/#\/schema\/logo\/image\/","url":"https:\/\/www.buhl.de\/steuer\/wp-content\/uploads\/sites\/31\/2026\/02\/logo-wiso-steuer-app.svg","contentUrl":"https:\/\/www.buhl.de\/steuer\/wp-content\/uploads\/sites\/31\/2026\/02\/logo-wiso-steuer-app.svg","width":375,"height":72,"caption":"WISO Steuer | Buhl Data Service GmbH"},"image":{"@id":"https:\/\/www.buhl.de\/steuer\/#\/schema\/logo\/image\/"}},{"@type":"Person","@id":"https:\/\/www.buhl.de\/steuer\/#\/schema\/person\/03b5508d4c85dc193be95cb4e2d78423","name":"Udo Reu\u00df","image":{"@type":"ImageObject","inLanguage":"de","@id":"https:\/\/www.buhl.de\/steuer\/#\/schema\/person\/image\/","url":"https:\/\/www.buhl.de\/steuer\/wp-content\/uploads\/sites\/31\/2024\/07\/udo.png","contentUrl":"https:\/\/www.buhl.de\/steuer\/wp-content\/uploads\/sites\/31\/2024\/07\/udo.png","caption":"Udo Reu\u00df"},"sameAs":["https:\/\/www.buhl.de\/steuer\/autoren\/udo-reuss\/"]}]}},"acf":[],"wps_subtitle":"Kann ich Gas oder \u00d6l von der Steuer absetzen?","_links":{"self":[{"href":"https:\/\/www.buhl.de\/steuer\/wp-json\/wp\/v2\/posts\/52035","targetHints":{"allow":["GET"]}}],"collection":[{"href":"https:\/\/www.buhl.de\/steuer\/wp-json\/wp\/v2\/posts"}],"about":[{"href":"https:\/\/www.buhl.de\/steuer\/wp-json\/wp\/v2\/types\/post"}],"author":[{"embeddable":true,"href":"https:\/\/www.buhl.de\/steuer\/wp-json\/wp\/v2\/users\/220"}],"replies":[{"embeddable":true,"href":"https:\/\/www.buhl.de\/steuer\/wp-json\/wp\/v2\/comments?post=52035"}],"version-history":[{"count":25,"href":"https:\/\/www.buhl.de\/steuer\/wp-json\/wp\/v2\/posts\/52035\/revisions"}],"predecessor-version":[{"id":69182,"href":"https:\/\/www.buhl.de\/steuer\/wp-json\/wp\/v2\/posts\/52035\/revisions\/69182"}],"wp:featuredmedia":[{"embeddable":true,"href":"https:\/\/www.buhl.de\/steuer\/wp-json\/wp\/v2\/media\/52041"}],"wp:attachment":[{"href":"https:\/\/www.buhl.de\/steuer\/wp-json\/wp\/v2\/media?parent=52035"}],"wp:term":[{"taxonomy":"category","embeddable":true,"href":"https:\/\/www.buhl.de\/steuer\/wp-json\/wp\/v2\/categories?post=52035"},{"taxonomy":"post_tag","embeddable":true,"href":"https:\/\/www.buhl.de\/steuer\/wp-json\/wp\/v2\/tags?post=52035"}],"curies":[{"name":"wp","href":"https:\/\/api.w.org\/{rel}","templated":true}]}}