{"id":52707,"date":"2022-06-15T12:48:50","date_gmt":"2022-06-15T10:48:50","guid":{"rendered":"https:\/\/www.buhl.de\/steuer\/?p=52707"},"modified":"2026-02-11T09:24:18","modified_gmt":"2026-02-11T08:24:18","slug":"gewerbesteuer","status":"publish","type":"post","link":"https:\/\/www.buhl.de\/steuer\/ratgeber\/gewerbesteuer\/","title":{"rendered":"Gewerbesteuer \u2013 auch die Gemeinde will ihren Teil abhaben"},"content":{"rendered":"<p>Wer gewerbliche Eink\u00fcnfte hat, zahlt darauf auf jeden Fall Einkommensteuer \u2013 und eventuell auch Umsatzsteuer. Doch damit nicht genug, auch die Gemeinde m\u00f6chte etwas von dem Kuchen abbekommen. Aber wer muss \u00fcberhaupt <strong>Gewerbesteuer<\/strong> zahlen? Und was hat es mit Messbetrag, Hebesatz und Zerlegung auf sich? Wir helfen durch den Steuer-Dschungel.<\/p>\n<p><!--more--><\/p>\n<h2>Kurz &amp; knapp<\/h2>\n<ul>\n<li>Grunds\u00e4tzlich ist ein Gewerbebetrieb gewerbesteuerpflichtig<\/li>\n<li>Die Gewerbesteuer setzt sich aus der Messzahl und dem Hebesatz der Gemeinde zusammen<\/li>\n<li>F\u00fcr Einzelunternehmen und Personengesellschaften gilt ein Freibetrag in H\u00f6he von 24.500 Euro<\/li>\n<li>Die Gewerbesteuererkl\u00e4rung musst du bis zum 31.7. des Folgejahres abgeben<\/li>\n<\/ul>\n<p>Eine L\u00f6sung f\u00fcr alle F\u00e4lle: WISO Steuer deckt Einkommen-, Umsatz- und Gewerbesteuer in einem Programm ab.<\/p>\n\r\n        <div role=\"region\" aria-label=\"\" class=\"white-background\">\r\n            <div class=\"container\">\r\n                <div class=\"row\">\r\n                    <div class=\"col-12 d-flex justify-content-center align-items-center flex-column flex-lg-row\">\r\n                    \r\n\r\n                    \r\n                        <a class=\"secondary w-230 d-none d-md-flex justify-content-center align-items-center font-cairo-2 fw700 action-anonymous\"\r\n                            role=\"button\"\r\n                            href=\"https:\/\/www.buhl.de\/mein-buhlkonto\/?buhlparam=2100101\"\r\n                            title=\"Kostenlos testen\"\r\n                            target=\"_self\"\r\n                            id=\"gewerbesteuer-einstieg\"\r\n                            onclick=\"dataLayer.push({'event': 'ButtonClick SW','sw-button': 'click-testen'});\">\r\n                            Kostenlos testen\r\n                        <\/a>\r\n\r\n                        <a class=\"secondary w-230 d-flex d-md-none justify-content-center align-items-center font-cairo-2 fw700 action-anonymous\"\r\n                            role=\"button\"\r\n                            href=\"https:\/\/www.buhl.de\/mein-buhlkonto\/?buhlparam=2100101\"\r\n                            title=\"Kostenlos testen\"\r\n                            target=\"_self\"\r\n                            id=\"gewerbesteuer-einstieg-m\"\r\n                            onclick=\"dataLayer.push({'event': 'ButtonClick SW','sw-button': 'click-mobile-starten'});\">\r\n                            Kostenlos testen\r\n                        <\/a>\r\n                    \r\n                    <\/div>\r\n                <\/div>\r\n            <\/div>\r\n        <\/div>\r\n    \r\n        <div class=\"spacing-modul  \">\r\n            <div class=\"container spacing-modul\">\r\n               <div class=\"row\">\r\n                   <div id=\"\" class=\"anchor\"><\/div>\r\n                   <div class=\"col-12 modul-spacing-blog-c\"><\/div>\r\n                   <div class=\"col-12 modul-spacing-blog-c\"><\/div>\r\n               <\/div>\r\n            <\/div>\r\n        <\/div>\r\n    \n<h2>Was ist die Gewerbesteuer?<\/h2>\n<p>Die <strong>Gewerbesteuer<\/strong> ist eine Steuer, die von Gewerbebetrieben verlangt wird. Die Gemeinde, in der sich der Betrieb befindet, darf die Gewerbesteuer kassieren. Es handelt sich um eine <strong>Gemeindesteuer<\/strong>. Die Vorschriften f\u00fcr die Besteuerung findest du im Gewerbesteuergesetz (<a title=\"Gesetzestext lesen\" href=\"https:\/\/www.gesetze-im-internet.de\/gewstg\/\" target=\"_blank\" rel=\"noopener\">GewStG<\/a>).<\/p>\n<h2>Wer muss Gewerbesteuer zahlen?<\/h2>\n<p>Grunds\u00e4tzlich gilt: Steuerpflichtig sind alle <strong>stehenden Gewerbebetriebe<\/strong> im Inland.<\/p>\n<h3>Was ist ein Gewerbebetrieb?<\/h3>\n<p>Als Gewerbebetrieb gilt nach <a title=\"Gesetzestext lesen\" href=\"https:\/\/www.gesetze-im-internet.de\/estg\/__15.html\" target=\"_blank\" rel=\"noopener\">\u00a715 EStG<\/a> jede T\u00e4tigkeit, die die folgenden Merkmale hat:<\/p>\n<ul>\n<li>Selbstst\u00e4ndigkeit: Du tr\u00e4gst das Risiko f\u00fcr das Unternehmen<\/li>\n<li>Nachhaltigkeit: Du f\u00fchrst die T\u00e4tigkeit immer wieder aus<\/li>\n<li>Gewinnerzielungsabsicht: Du willst mit deiner T\u00e4tigkeit Geld verdienen<\/li>\n<li>Beteiligung am allgemeinen wirtschaftlichen Verkehr: Du bietest deine Waren oder Dienstleistungen der \u00d6ffentlichkeit an<\/li>\n<\/ul>\n<p>Gewerblich t\u00e4tige Personengesellschaften (zum Beispiel OHG, KG) und Kapitalgesellschaften (zum Beispiel GmbH, AG) sind immer als gewerbesteuerpflichtiger Gewerbebetrieb anzusehen.<\/p>\n<h3>Welche Ausnahmen gibt es?<\/h3>\n<p>Nicht jede selbstst\u00e4ndige T\u00e4tigkeit gilt automatisch als Gewerbebetrieb. Kein Gewerbe liegt vor bei:<\/p>\n<ul>\n<li>eine selbstst\u00e4ndige T\u00e4tigkeit im Sinne des <a title=\"Gesetzestext lesen\" href=\"https:\/\/www.gesetze-im-internet.de\/estg\/__18.html\" target=\"_blank\" rel=\"noopener\">\u00a718 EStG<\/a>, also Freiberufler wie \u00c4rzte, Steuerberater, Anw\u00e4lte und freie Journalisten<\/li>\n<li>Land- und Forstwirtschaft<\/li>\n<li>reine private Verm\u00f6gensverwaltung<\/li>\n<\/ul>\n<h2>Worauf zahle ich Gewerbesteuer?<\/h2>\n<p>Als Grundlage f\u00fcr die Gewerbesteuer wird der <strong>Gewerbeertrag<\/strong> eines Betriebs genommen. Aber: Beim Gewerbeertrag handelt es sich nicht um den Gewinn, den du bei der Einkommensteuer angibst. Der Gewinn ist nur Ausgangspunkt f\u00fcr die Berechnung des Gewerbeertrags.<\/p>\n<p>Wie kommt man vom Gewinn zum Gewerbeertrag? Hier kommt das Gewerbesteuergesetz ins Spiel. In den Paragraphen 8 und 9 des Gesetzes sind n\u00e4mlich zahlreiche Anpassungen enthalten. Diese sind am einkommensteuerlichen Gewinn vorzunehmen. Es folgen Hinzurechnungen und K\u00fcrzungen.<\/p>\n<h4>Gewinn ermitteln<\/h4>\n<p>Um den Gewinn laut EStG herauszufinden, nutzt man grunds\u00e4tzlich den Betriebsverm\u00f6gensvergleich \u2013 also Bilanzierung. Als vereinfachte Gewinnermittlung d\u00fcrfen viele Gewerbetreibende die <a title=\"Was ist die Einnahmen-\u00dcberschuss-Rechnung?\" href=\"https:\/\/www.buhl.de\/steuer\/kaufen\/euer\/\">Einnahmen-\u00dcberschuss-Rechnung<\/a> anwenden.<\/p>\n<h2>Hinzurechnung oder K\u00fcrzung?<\/h2>\n<p>Wir wissen, dass es nicht beim Gewinn bleibt. Aber was genau sind <strong>Hinzurechnung<\/strong> und <strong>K\u00fcrzung<\/strong>? Es handelt sich bei den zwei Begriffen um spezielle Betriebsausgaben beziehungsweise Betriebseinnahmen. Diese wurden im einkommensteuerlichen Gewinn bereits ber\u00fccksichtigt.<\/p>\n<p>Laut Gewerbesteuergesetz d\u00fcrfen manche Betriebsausgaben den Gewerbeertrag aber gar nicht oder nur im begrenzten Umfang reduzieren. Dann muss hinzugerechnet werden. Bei den Betriebseinnahmen gilt das Gegenteil: Hier muss der Gewinn um bestimmte Betr\u00e4ge gek\u00fcrzt werden. Damit soll haupts\u00e4chlich eine Doppelbesteuerung vermieden werden.<\/p>\n<h3>Was sind Hinzurechnungen?<\/h3>\n<p>Viele Betriebe sind von der Hinzurechnungsvorschrift f\u00fcr Finanzierungsaufwendungen im <a title=\"Gesetzestext lesen\" href=\"https:\/\/www.gesetze-im-internet.de\/gewstg\/__8.html\" target=\"_blank\" rel=\"noopener\">\u00a78 Nr. 1 GewStG<\/a> \u00a0betroffen. Beispiel: 25 Prozent der Entgelte f\u00fcr Schulden. F\u00fcr die Summe dieser Hinzurechnungen gilt aber ein Freibetrag von 200.000 Euro.<\/p>\n<p>Dar\u00fcber hinaus gibt es noch weitere Hinzurechnungen, die zur Ermittlung des Gewerbeertrags in voller H\u00f6he ber\u00fccksichtigt werden: zum Beispiel Verlustanteile aus Mitunternehmerschaften. Wir m\u00f6chten auf diese Punkte jedoch an dieser Stelle nicht weiter eingehen.<\/p>\n<h3>Was sind K\u00fcrzungen?<\/h3>\n<p>Wo hinzugerechnet wird, da darf auch gek\u00fcrzt werden. Alles dazu findest du im <a title=\"Gesetzestext lesen\" href=\"https:\/\/www.gesetze-im-internet.de\/gewstg\/__9.html\" target=\"_blank\" rel=\"noopener\">\u00a79 GewStG<\/a>. Wir schauen uns nur ein paar Beispiele an.<\/p>\n<p>K\u00fcrzungen f\u00fchren dazu, dass die Gewerbesteuer geringer ausf\u00e4llt. Sinn und Zweck der K\u00fcrzungen ist, dass eine Doppelbesteuerung vermieden wird. Grundst\u00fccke, die zum Betriebsverm\u00f6gen geh\u00f6ren.<\/p>\n<p>F\u00fcr die zum Betriebsverm\u00f6gen geh\u00f6renden Grundst\u00fccke muss der Betrieb bereits Grundsteuer zahlen. Die als Betriebsausgabe erfasste Grundsteuer kann daher abgezogen werden. Weitere K\u00fcrzungen sind f\u00fcr Grundst\u00fccksunternehmen, Gewinnanteile an gewerblichen Personengesellschaften und diverse Gewinnaussch\u00fcttungen vorgesehen.<\/p>\n<h4>Betriebst\u00e4tten im Ausland<\/h4>\n<p>Der Gewinn ist um den Anteil zu k\u00fcrzen, der auf die ausl\u00e4ndische Betriebsst\u00e4tte entf\u00e4llt. Denn dieser Gewinnanteil unterliegt nicht der Gewerbesteuer.<\/p>\n<h4>Betriebliche Spenden<\/h4>\n<p>Gutes tun und Steuern sparen? Das klappt auch bei der Gewerbesteuer. Denn zur Berechnung des Gewerbeertrags darfst du betriebliche Spenden vom Gewinn abziehen.<\/p>\n<h2>Gibt es einen Freibetrag f\u00fcr die Gewerbesteuer?<\/h2>\n<p>Ja! Und hier ist der Gesetzgeber sogar gro\u00dfz\u00fcgig. Bis zu einem Gewerbeertrag von 24.500 Euro f\u00e4llt gar keine Steuer an. Davon profitieren vor allem Selbstst\u00e4ndige, Existenzgr\u00fcnder sowie kleine Unternehmen. Der Freibetrag wird bei allen Einzelunternehmen und Personengesellschaften vom Gewerbeertrag abgezogen.<\/p>\n<p><strong>Beispiel<\/strong>: Gewerbesteuer-Freibetrag<\/p>\n<p>Stefan hat einen Gewerbebetrieb. Der Gewerbeertrag betr\u00e4gt 20.000 Euro. Das liegt unterhalb des Freibetrags von 24.500 Euro. Deshalb muss er keine Gewerbesteuer zahlen.<\/p>\n<h2>Wie wird die Gewerbesteuer berechnet?<\/h2>\n<p>Wenn du deinen Gewerbeertrag berechnet hast, kommt die Steuer ins Spiel. Einen festen Gewerbesteuersatz gibt es nicht. Da es sich um eine Gemeindesteuer handelt, haben die Gemeinden ein Mitspracherecht. Sie entscheiden dar\u00fcber, wie teuer es ist, das Gewerbe in \u201eihrem\u201c Hoheitsbereich zu betreiben. So ist es \u00fcblich, dass in Gro\u00dfst\u00e4dten die Steuer relativ hoch ist, in l\u00e4ndlichen Gebieten eher niedrig.<\/p>\n\r\n        <div class=\"spacing-modul  \">\r\n            <div class=\"container spacing-modul\">\r\n               <div class=\"row\">\r\n                   <div id=\"\" class=\"anchor\"><\/div>\r\n                   <div class=\"col-12 modul-spacing-blog-c\"><\/div>\r\n                   <div class=\"col-12 modul-spacing-blog-c\"><\/div>\r\n               <\/div>\r\n            <\/div>\r\n        <\/div>\r\n    \r\n        <div class=\"white-background\">\r\n            <div class=\"container\">\r\n                <div class=\"content info-blog-modul blog-wrapper\">\r\n                    <div class=\"row\">\r\n                        <div class=\"d-flex align-items-center text-center text-lg-left align-items-xl-start flex-column flex-xl-row col-12 offset-lg-2 col-lg-8 offset-xl-1 col-xl-9\">\r\n                            <img decoding=\"async\" loading=\"lazy\" class=\"img-fluid\" src=\"https:\/\/www.buhl.de\/steuer\/wp-content\/themes\/steuer-web\/buhl-steuer\/assets\/blog\/blog-module\/info-icon.svg\" alt=\"Information zum Thema\" title=\"Information zum Thema\" \/>\r\n                            <div class=\"d-flex flex-column\">\r\n                                <h3 class=\"font-source-sans-pro-10 fw700 blue-font headline\">Standortentscheidung<\/h3><div class=\"font-source-sans-pro-1 blue-font\">Die Gewerbesteuer ist f\u00fcr Unternehmen h\u00e4ufig auch ein entscheidendes Kriterium daf\u00fcr, wo das Unternehmen seinen Sitz hat oder Filialen betreibt. Wenn du dich also schonmal gefragt hast, warum sich manche Unternehmen mitten im Nirgendwo statt in der Gro\u00dfstadt ansiedeln: Die Gewerbesteuer k\u00f6nnte eine Antwort darauf sein.<\/div><\/div>\r\n                        <\/div>\r\n                    <\/div>\r\n                <\/div>\r\n            <\/div>\r\n        <\/div>\r\n    \r\n        <div class=\"spacing-modul  \">\r\n            <div class=\"container spacing-modul\">\r\n               <div class=\"row\">\r\n                   <div id=\"\" class=\"anchor\"><\/div>\r\n                   <div class=\"col-12 modul-spacing-default-b\"><\/div>\r\n                   <div class=\"col-12 modul-spacing-default-b\"><\/div>\r\n               <\/div>\r\n            <\/div>\r\n        <\/div>\r\n    \n<h3>Gewerbesteuer-Messbetrag<\/h3>\n<p>Die Messzahl ist gesetzlich festgehalten und betr\u00e4gt f\u00fcr jeden Gewerbebetrieb 3,5 Prozent. Sie wird mit dem Gewerbeertrag multipliziert, um den <strong>Gewerbesteuer-Messbetrag<\/strong> zu erhalten.<\/p>\n<p><strong>Beispiel: Gewerbesteuer-Messbetrag berechnen<\/strong><\/p>\n<p>Stefan hat einen Gewerbeertrag von 74.500 Euro. Nach Abzug des Freibetrags von 24.500 Euro verbleiben 50.000 Euro. Das Finanzamt berechnet den Gewerbesteuer-Messbetrag folgenderma\u00dfen:<\/p>\n<ul>\n<li>50.000 Euro x 3,5 Prozent = 1.750 Euro<\/li>\n<\/ul>\n<h3>Gewerbesteuer-Hebesatz<\/h3>\n<p>Der <strong>Hebesatz<\/strong> wirkt wie ein Hebel f\u00fcr den Messbetrag. Je h\u00f6her der <a title=\"Hebesatz der Gemeinden\" href=\"https:\/\/www.buhl.de\/steuer\/ratgeber\/hebesatz\/\">Hebesatz<\/a>, desto h\u00f6her die Gewerbesteuer. Den Hebesatz k\u00f6nnen die Gemeinden individuell festlegen und auch anpassen. Er muss jedoch mindestens 200 Prozent betragen. Ob und inwieweit es einen H\u00f6chstbetrag f\u00fcr den Hebesatz gibt, d\u00fcrfen die L\u00e4nder entscheiden.<\/p>\n<p><strong>Beispiel: Gewerbesteuer berechnen<\/strong><\/p>\n<p>Der Gewerbesteuer-Hebesatz der Gemeinde von Stefan liegt bei 420 Prozent. Die Gewerbesteuer berechnet die Kommune folgenderma\u00dfen:<\/p>\n<ul>\n<li>1.750 Euro x 420 Prozent = 7.350 Euro<\/li>\n<\/ul>\n<h2>Zerlegung bei mehreren Betriebsst\u00e4tten<\/h2>\n<p>Kompliziert wird es, wenn du mehrere Betriebsst\u00e4tten in unterschiedlichen Gemeinden hast. Denn selbstverst\u00e4ndlich m\u00f6chte jede Gemeinde ein St\u00fcck vom \u201eGewerbesteuer-Kuchen\u201c. Also muss die Gewerbesteuer fair zwischen den einzelnen Gemeinden verteilt werden. Hierf\u00fcr wird der Gewerbesteuer-Messbetrag zwischen den einzelnen Anspruchsparteien aufgeteilt bzw. zerlegt.<\/p>\n<p>Grundlage f\u00fcr die Zerlegung ist die Summe der Arbeitsl\u00f6hne, die in der jeweiligen Betriebsst\u00e4tte gezahlt wurden. Auf den Anteil des Messbetrags, den jede Gemeinde bekommt, wird dann wie gewohnt der Hebesatz angewandt.<\/p>\n<p><strong>Beispiel: Zerlegung der Gewerbesteuer<\/strong><\/p>\n<p>Stefanie hat ein Unternehmen mit 3 Betriebsst\u00e4tten in jeweils unterschiedlichen Gemeinden. Ihr Gewerbesteuer-Messbetrag ist 50.000 Euro.<\/p>\n<ul>\n<li>Betriebsst\u00e4tte A ist in Gemeinde A ans\u00e4ssig (Hebesatz 400 Prozent). Die Summe der Arbeitsl\u00f6hne betr\u00e4gt 200.000 Euro.<\/li>\n<li>Betriebsst\u00e4tte B ist in Gemeinde B ans\u00e4ssig (Hebesatz 300 Prozent). Die Summe der Arbeitsl\u00f6hne betr\u00e4gt 100.000 Euro<\/li>\n<li>Betriebsst\u00e4tte C ist in Gemeinde C ans\u00e4ssig (Hebesatz 350 Prozent). Die Summe der Arbeitsl\u00f6hne betr\u00e4gt 120.000 Euro.<\/li>\n<\/ul>\n<p>Die Gesamtsumme der Arbeitsl\u00f6hne betr\u00e4gt:<\/p>\n<ul>\n<li>200.000 Euro + 100.000 Euro + 120.000 Euro = 420.000 Euro.<\/li>\n<\/ul>\n<p>Ermittlung des Anteils der Arbeitsl\u00f6hne der Betriebsst\u00e4tten am Gewerbesteuermessbetrag:<\/p>\n<ul>\n<li>A: 200.000 Euro \/ 420.000 Euro= ca. 48 Prozent x 50.000 Euro = ca. 23.800 Euro<\/li>\n<li>B: 100.000 Euro \/ 420.000 Euro = ca. 24 Prozent x 50.000 Euro = ca. 11.900 Euro<\/li>\n<li>C: 120.000 Euro \/ 420.000 Euro = ca. 28 Prozent x 50.000 Euro = ca. 14.300 Euro<\/li>\n<\/ul>\n<p>Ermittlung der Gewerbesteuer je Betriebsst\u00e4tte:<\/p>\n<ul>\n<li>A: 23.800 Euro x 400 Prozent = 95.200 Euro<\/li>\n<li>B: 11.900 Euro x 300 Prozent = 35.700 Euro<\/li>\n<li>C: 14.300 Euro x 350 Prozent = 50.050 Euro<\/li>\n<\/ul>\n<h2>Gewerbesteuer anrechnen<\/h2>\n<p>Erst den Gewinn mit Einkommensteuer belasten und dann nochmal mit Gewerbesteuer \u2013 ist das nicht ein bisschen viel? Das sieht auch der Gesetzgeber so und hilft aus. Und zwar kannst du die gezahlte Gewerbesteuer auf die Einkommensteuer anrechnen lassen. Diese Erm\u00e4\u00dfigung ist bis zum 4-fachen (bis 31.12.2019 bis zum 3,8-fachen) des Gewerbesteuer-Messbetrags m\u00f6glich. Das bedeutet: bei einem Hebesatz von 400 Prozent (bis 31.12.2019: 380 Prozent) kannst du die Gewerbesteuer vollst\u00e4ndig auf die Einkommensteuer anrechnen.<\/p>\n<p>Allerdings solltest du damit keinen \u201eGewinn\u201c machen. Du darfst nur das anrechnen, was du auch tats\u00e4chlich an Gewerbesteuer bezahlt hast.<\/p>\n<p><strong>Beispiel: Gewerbesteuer anrechnen<\/strong><\/p>\n<p>F\u00fcr das Jahr 2025 ist der Gewerbesteuer-Messbetrag von Stefan 1.750 Euro. Bei einem Hebesatz von 420 Prozent muss er 7.350 Euro Gewerbesteuer zahlen. Die m\u00f6gliche Anrechnung auf die Einkommensteuer betr\u00e4gt:<\/p>\n<ul>\n<li>1.750 Euro x 4 = 7.000 Euro<\/li>\n<\/ul>\n<p>Abwandlung:<\/p>\n<p>Der Hebesatz betr\u00e4gt statt 420 Prozent nur 300 Prozent. F\u00fcr die Gewerbesteuer ergibt sich nun:<\/p>\n<ul>\n<li>1.750 Euro x 300 Prozent = 5.250 Euro<\/li>\n<\/ul>\n<p>Anrechnung auf die Einkommensteuer:<\/p>\n<ul>\n<li>1.750 Euro x 4 = 7.000 Euro<\/li>\n<\/ul>\n<p>Er darf aber maximal die tats\u00e4chliche Gewerbesteuerlast anrechnen, also nur 5.250 Euro.<\/p>\n<h2>Abgabe der Gewerbesteuererkl\u00e4rung<\/h2>\n<p>Die Gewerbesteuererkl\u00e4rung musst du auf elektronischem Weg abgeben.<\/p>\n<p>Wer neben der Gewerbesteuer auch Einkommen- und Umsatzsteuer im Blick behalten muss, steht schnell vor mehreren Formularen und Fristen. Genau hier wird es sinnvoll, alles geb\u00fcndelt zu erledigen.<\/p>\n<p>Einkommen-, Umsatz- und Gewerbesteuer \u2013 alles in einem Programm:<br \/>\nMit einer Lizenz f\u00fcr <a title=\"WISO Steuer ausprobieren\" href=\"https:\/\/www.buhl.de\/steuer\/\">WISO Steuer<\/a> lassen sich bis zu f\u00fcnf Steuererkl\u00e4rungen pro Jahr ohne zus\u00e4tzliche Kosten abgeben.<\/p>\n<p>Das bedeutet konkret: F\u00fchrst du zum Beispiel zwei Gewerbebetriebe, kannst du f\u00fcr beide jeweils die Umsatz- und Gewerbesteuer-Jahreserkl\u00e4rung erstellen \u2013 zus\u00e4tzlich zur pers\u00f6nlichen Einkommensteuererkl\u00e4rung. Ohne Mehrkosten.<\/p>\n<p>So geht\u2019s:<\/p>\n<ul class=\"sw-blog-icon sw-blog-icon-1\">\n<li>Melde dich bei WISO Steuer an<\/li>\n<li>W\u00e4hle auf der linken Seite\u00a0<em>Gewerbesteuer<\/em>\u00a0aus<\/li>\n<li>Suche dir das Steuerjahr aus, das du bearbeiten willst<\/li>\n<li>Klicke auf die Schaltfl\u00e4che mit <em>Neue Steuererkl\u00e4rung<\/em><\/li>\n<\/ul>\n\r\n        <div class=\"spacing-modul  \">\r\n            <div class=\"container spacing-modul\">\r\n               <div class=\"row\">\r\n                   <div id=\"\" class=\"anchor\"><\/div>\r\n                   <div class=\"col-12 modul-spacing-blog-c\"><\/div>\r\n                   <div class=\"col-12 modul-spacing-blog-c\"><\/div>\r\n               <\/div>\r\n            <\/div>\r\n        <\/div>\r\n    \r\n        <div class=\"white-background d-none d-lg-block\">\r\n            <div class=\"container blog-image\">\r\n            \t<div class=\"row\">\r\n       \r\n                <div class=\"d-flex col-12 align-items-center justify-content-center\">\r\n                         \r\n                            <a id=\"\" target=\"_self\" title=\"\" href=\"\">\r\n                         \r\n                      <picture class=\"img-fluid\">\r\n                             <img decoding=\"async\" loading=\"lazy\"\r\n                              alt=\"Gewerbesteuererkl\u00e4rung mit WISO Steuer\" \r\n                              title=\"Gewerbesteuererkl\u00e4rung mit WISO Steuer\"\r\n                              src=\"https:\/\/www.buhl.de\/steuer\/wp-content\/uploads\/sites\/31\/2026\/01\/gewerbesteuererklaerung-desktop.png\" >\r\n                      <\/picture>     \r\n                      \t\r\n                        \t<\/a>\r\n                    \t                      \r\n\t\t\t\t\t<\/div>  \r\n\t\t\t\t<\/div>                       \r\n            <\/div>\r\n        <\/div>                  \r\n    \n\r\n        <div role=\"region\" aria-label=\"\" class=\"white-background\">\r\n            <div class=\"container\">\r\n                <div class=\"row\">\r\n                    <div class=\"col-12 d-flex justify-content-center align-items-center flex-column flex-lg-row\">\r\n                    \r\n\r\n                    \r\n                        <a class=\"secondary w-230 d-none d-md-flex justify-content-center align-items-center font-cairo-2 fw700 action-anonymous\"\r\n                            role=\"button\"\r\n                            href=\"https:\/\/www.buhl.de\/mein-buhlkonto\/?buhlparam=2100101\"\r\n                            title=\"Kostenlos testen\"\r\n                            target=\"_self\"\r\n                            id=\"Gewerbesteuererkl\u00e4rung-anlegen\"\r\n                            onclick=\"dataLayer.push({'event': 'ButtonClick SW','sw-button': 'click-testen'});\">\r\n                            Kostenlos testen\r\n                        <\/a>\r\n\r\n                        <a class=\"secondary w-230 d-flex d-md-none justify-content-center align-items-center font-cairo-2 fw700 action-anonymous\"\r\n                            role=\"button\"\r\n                            href=\"https:\/\/www.buhl.de\/mein-buhlkonto\/?buhlparam=2100101\"\r\n                            title=\"Kostenlos testen\"\r\n                            target=\"_self\"\r\n                            id=\"Gewerbesteuererkl\u00e4rung-anlegen-m\"\r\n                            onclick=\"dataLayer.push({'event': 'ButtonClick SW','sw-button': 'click-mobile-starten'});\">\r\n                            Kostenlos testen\r\n                        <\/a>\r\n                    \r\n                    <\/div>\r\n                <\/div>\r\n            <\/div>\r\n        <\/div>\r\n    \r\n        <div class=\"spacing-modul  \">\r\n            <div class=\"container spacing-modul\">\r\n               <div class=\"row\">\r\n                   <div id=\"\" class=\"anchor\"><\/div>\r\n                   <div class=\"col-12 modul-spacing-default-b\"><\/div>\r\n                   <div class=\"col-12 modul-spacing-default-b\"><\/div>\r\n               <\/div>\r\n            <\/div>\r\n        <\/div>\r\n    \n<h3>Zust\u00e4ndiges Finanzamt<\/h3>\n<p><span data-contrast=\"auto\">Das Finanzamt erstellt einen Gewerbesteuermessbescheid, der Grundlage ist f\u00fcr den Gewerbesteuerbescheid. <\/span><span data-ccp-props=\"{}\">\u00a0<\/span><\/p>\n<p><span data-contrast=\"auto\">Welches Finanzamt ist f\u00fcr deine Gewerbesteuererkl\u00e4rung zust\u00e4ndig? dein Betriebsfinanzamt. Das ist das Finanzamt, das f\u00fcr den Ort zust\u00e4ndig ist, in dem sich dein Unternehmen befindet. Wohnst du im gleichen Ort, ist das Betriebsfinanzamt wahrscheinlich identisch mit deinem Wohnsitzfinanzamt.<\/span><\/p>\n<p>Ist jedoch ein anderes <a title=\"Welches Finanzamt ist f\u00fcr mich zust\u00e4ndig?\" href=\"https:\/\/www.buhl.de\/steuer\/ratgeber\/zustaendiges-finanzamt\/\">Finanzamt zust\u00e4ndig<\/a>, musst du beim Betriebsfinanzamt zus\u00e4tzlich noch eine gesonderte <a title=\"Feststellungserkl\u00e4rung: Was ist das?\" href=\"https:\/\/www.buhl.de\/steuer\/ratgeber\/feststellungserklaerung\/\">Feststellungserkl\u00e4rung<\/a> abgeben.<\/p>\n<h3>Abgabefristen<\/h3>\n<p>Auch f\u00fcr die Gewerbesteuererkl\u00e4rung gibt es einige Fristen zu beachten. Es kommt immer darauf an, wer die Steuererkl\u00e4rung macht:<\/p>\n<ul>\n<li>Du selbst: Der 31.7. des Folgejahres ist das entscheidende Datum<\/li>\n<li>Ein Steuerberater: Dieser hat bis Ende Februar des \u00fcbern\u00e4chsten Jahres Zeit<\/li>\n<\/ul>\n\r\n        <div class=\"spacing-modul  \">\r\n            <div class=\"container spacing-modul\">\r\n               <div class=\"row\">\r\n                   <div id=\"\" class=\"anchor\"><\/div>\r\n                   <div class=\"col-12 modul-spacing-blog-c\"><\/div>\r\n                   <div class=\"col-12 modul-spacing-blog-c\"><\/div>\r\n               <\/div>\r\n            <\/div>\r\n        <\/div>\r\n    \r\n        <div class=\"white-background\">\r\n            <div class=\"container\">\r\n                <div class=\"content info-blog-modul blog-wrapper\">\r\n                    <div class=\"row\">\r\n                        <div class=\"d-flex align-items-center text-center text-lg-left align-items-xl-start flex-column flex-xl-row col-12 offset-lg-2 col-lg-8 offset-xl-1 col-xl-9\">\r\n                            <img decoding=\"async\" loading=\"lazy\" class=\"img-fluid\" src=\"https:\/\/www.buhl.de\/steuer\/wp-content\/themes\/steuer-web\/buhl-steuer\/assets\/blog\/blog-module\/info-icon.svg\" alt=\"Information zum Thema\" title=\"Information zum Thema\" \/>\r\n                            <div class=\"d-flex flex-column\">\r\n                                <h3 class=\"font-source-sans-pro-10 fw700 blue-font headline\">Steuerbescheid f\u00fcr die Gewerbesteuererkl\u00e4rung<\/h3><div class=\"font-source-sans-pro-1 blue-font\">Den Gewerbesteuerbescheid erh\u00e4ltst du nicht vom Finanzamt, sondern von deiner Gemeinde. Die ist auch f\u00fcr Fragen rund um die Steuerzahlungen zust\u00e4ndig.<\/div><\/div>\r\n                        <\/div>\r\n                    <\/div>\r\n                <\/div>\r\n            <\/div>\r\n        <\/div>\r\n    \r\n        <div class=\"spacing-modul  \">\r\n            <div class=\"container spacing-modul\">\r\n               <div class=\"row\">\r\n                   <div id=\"\" class=\"anchor\"><\/div>\r\n                   <div class=\"col-12 modul-spacing-default-b\"><\/div>\r\n                   <div class=\"col-12 modul-spacing-default-b\"><\/div>\r\n               <\/div>\r\n            <\/div>\r\n        <\/div>\r\n    \n<h2>Gewerbesteuer-Vorauszahlungen<\/h2>\n<p>Ja, auch die gibt es. In der Regel setzt die Gemeinde Vorauszahlungen f\u00fcr die Gewerbesteuer fest. So muss sie nicht bis zur Steuererkl\u00e4rung auf die Zahlung warten. Die Festsetzung erfolgt meistens auf Basis des Gewerbeertrags aus dem Vorjahr. Du bekommst daf\u00fcr einen Vorauszahlungsbescheid. Die festgesetzten Vorauszahlungen musst du normalerweise viertelj\u00e4hrlich zahlen. Die Termine hierf\u00fcr sind der 15.2., 15.5., 15.8. und 15.11. eines Jahres.<\/p>\n\r\n        <div class=\"spacing-modul  \">\r\n            <div class=\"container spacing-modul\">\r\n               <div class=\"row\">\r\n                   <div id=\"\" class=\"anchor\"><\/div>\r\n                   <div class=\"col-12 modul-spacing-blog-c\"><\/div>\r\n                   <div class=\"col-12 modul-spacing-blog-c\"><\/div>\r\n               <\/div>\r\n            <\/div>\r\n        <\/div>\r\n    \r\n        <div class=\"white-background\">\r\n            <div class=\"container\">\r\n                <div class=\"content info-blog-modul blog-wrapper\">\r\n                    <div class=\"row\">\r\n                        <div class=\"d-flex align-items-center text-center text-lg-left align-items-xl-start flex-column flex-xl-row col-12 offset-lg-2 col-lg-8 offset-xl-1 col-xl-9\">\r\n                            <img decoding=\"async\" loading=\"lazy\" class=\"img-fluid\" src=\"https:\/\/www.buhl.de\/steuer\/wp-content\/themes\/steuer-web\/buhl-steuer\/assets\/blog\/blog-module\/info-icon.svg\" alt=\"Information zum Thema\" title=\"Information zum Thema\" \/>\r\n                            <div class=\"d-flex flex-column\">\r\n                                <h3 class=\"font-source-sans-pro-10 fw700 blue-font headline\">Vorauszahlungen pr\u00fcfen<\/h3><div class=\"font-source-sans-pro-1 blue-font\">Es lohnt sich, die Vorauszahlungen regelm\u00e4\u00dfig zu pr\u00fcfen und eventuell anpassen zu lassen. Du kannst auch noch nachtr\u00e4gliche Vorauszahlungen festsetzen lassen. So lassen sich hohe Nachzahlungen zeitlich vorwegnehmen, wenn dein Gewerbeertrag h\u00f6her ausf\u00e4llt als erwartet.<\/div><\/div>\r\n                        <\/div>\r\n                    <\/div>\r\n                <\/div>\r\n            <\/div>\r\n        <\/div>\r\n    \r\n        <div class=\"spacing-modul  \">\r\n            <div class=\"container spacing-modul\">\r\n               <div class=\"row\">\r\n                   <div id=\"\" class=\"anchor\"><\/div>\r\n                   <div class=\"col-12 modul-spacing-default-b\"><\/div>\r\n                   <div class=\"col-12 modul-spacing-default-b\"><\/div>\r\n               <\/div>\r\n            <\/div>\r\n        <\/div>\r\n    \n\r\n        <div class=\"white-background\">\r\n                <div class=\"video-d\">\r\n                    <div class=\"white-background\">\r\n                        <div class=\"container\">                       \r\n                            <div class=\"row justify-content-center\">\r\n                                <div class=\"text-center text-lg-left col-12 col-lg-6 col-xl-4 col-xl-offset-1 d-flex flex-column justify-content-center align-items-center align-items-lg-start\">\r\n                            <p class=\"font-cairo-10 blue-font headline-spacing-30 fw700\">Video: Alles zur Gewerbesteuer-Erkl\u00e4rung<\/p>                     <p class=\"font-source-sans-pro-1 blue-font mobile-text-spacing-blog-30\">Bei dir steht die Abgabe der Gewerbesteuererkl\u00e4rung vor der T\u00fcr? In diesem Video erkl\u00e4ren wir dir alle Grundlagen, damit nichts schief l\u00e4uft.<\/p>                               \r\n                                <\/div>\r\n                                \r\n                                <div class=\"col-12 col-lg-6 col-xl-4 col-xl-offset-1 d-flex justify-content-center align-items-center\">\r\n                                    <div class=\"d-flex justify-content-center\">\r\n                                        <a role=\"button\"\r\n                                           class=\"blue-font position-relative font-cairo-2 fw700\" href=\"#\" data-toggle=\"modal\"\r\n                                           data-target=\"#xatcEYvf8hIM\">\r\n                                             <div class=\"video-player-button\">\r\n                                                    <span class=\"video-player-button-icon\"><\/span>                                             \r\n                                             <\/div>\r\n                                            <img decoding=\"async\" loading=\"lazy\" class=\"img-fluid\"\r\n                                                title=\"Video ansehen\" \r\n                                                alt=\"Video ansehen Vorschaubild\"\r\n                                                src=\"https:\/\/www.buhl.de\/steuer\/wp-content\/themes\/steuer-web\/buhl-steuer\/assets\/video\/steuer-web\/video-blog.webp\">\r\n                                        <\/a>\r\n                                        <div class=\"modal fade videoModal\" id=\"xatcEYvf8hIM\">\r\n                                            <div class=\"modal-dialog modal-xl modal-dialog-centered\">\r\n                                                <div class=\"modal-content\">\r\n                                                    <!-- Modal Header -->\r\n                                                    <div class=\"modal-header\">\r\n                                                        <button type=\"button\" class=\"close\" data-dismiss=\"modal\">\r\n                                                             <span class=\"navbar-toggler-icon\"><\/span>\r\n                                                        <\/button>\r\n                                                    <\/div>\r\n                                                    <!-- Modal body -->                                                                                                    \r\n                                                <div class=\"modal-body\" id=\"yt-player\">\r\n                                                      <div class=\"lyte-wrapper\" style=\"width:1280px;max-width:100%;margin:5px;\"><div class=\"lyMe hidef\" id=\"WYL_atcEYvf8hIM\"><div id=\"lyte_atcEYvf8hIM\" data-src=\"https:\/\/www.buhl.de\/steuer\/wp-content\/plugins\/wp-youtube-lyte\/lyteCache.php?origThumbUrl=%2F%2Fi.ytimg.com%2Fvi%2FatcEYvf8hIM%2Fmaxresdefault.jpg\" class=\"pL\"><div class=\"tC\"><div class=\"tT\"><\/div><\/div><div class=\"play\"><\/div><div class=\"ctrl\"><div class=\"Lctrl\"><\/div><div class=\"Rctrl\"><\/div><\/div><\/div><noscript><a href=\"https:\/\/youtu.be\/atcEYvf8hIM\" rel=\"nofollow\"><img loading=\"lazy\" decoding=\"async\" src=\"https:\/\/www.buhl.de\/steuer\/wp-content\/plugins\/wp-youtube-lyte\/lyteCache.php?origThumbUrl=https%3A%2F%2Fi.ytimg.com%2Fvi%2FatcEYvf8hIM%2F0.jpg\" alt=\"YouTube-Video-Vorschaubild\" width=\"1280\" height=\"700\" \/><br \/>Dieses Video auf YouTube ansehen<\/a><\/noscript><\/div><\/div><div class=\"lL\" style=\"max-width:100%;width:1280px;margin:5px;\"><\/div>                                                                            \r\n                                                 <\/div>                                                              \r\n                                                <\/div>\r\n                                            <\/div>\r\n                                        <\/div>\r\n                                    <\/div>\r\n                                <\/div>                  \r\n                            <\/div>\r\n                        <\/div>                       \r\n                    <\/div>\r\n                <\/div>\r\n            <\/div>\r\n    \r\n        <div class=\"spacing-modul  \">\r\n            <div class=\"container spacing-modul\">\r\n               <div class=\"row\">\r\n                   <div id=\"\" class=\"anchor\"><\/div>\r\n                   <div class=\"col-12 modul-spacing-default-b\"><\/div>\r\n                   <div class=\"col-12 modul-spacing-default-b\"><\/div>\r\n               <\/div>\r\n            <\/div>\r\n        <\/div>\r\n    \n\r\n        <div class=\"spacing-modul  \">\r\n            <div class=\"container spacing-modul\">\r\n               <div class=\"row\">\r\n                   <div id=\"\" class=\"anchor\"><\/div>\r\n                   <div class=\"col-12 modul-spacing-default\"><\/div>\r\n                   <div class=\"col-12 modul-spacing-default-bottom\"><\/div>\r\n               <\/div>\r\n            <\/div>\r\n        <\/div>\r\n    \r\n        <div class=\"white-background\">\r\n            <div class=\"container headlines \">\r\n                <div class=\"row\">              \r\n                    <div class=\"col-12 d-flex justify-content-start  justify-content-lg-center\">\r\n                    \t<div id=\"\" class=\"anchor\"><\/div>\r\n                        <div class=\"\">\r\n                           <h2 class=\"font-cairo-1 fw700 text-left text-lg-center blue-font \">FAQ: Gewerbesteuer<\/h2>                   \r\n                        <\/div>\r\n                    <\/div>\r\n                <\/div>\r\n            <\/div>\r\n        <\/div>\r\n    \n\r\n        <div class=\"white-background\">\r\n            <div class=\"container faq-module blog-download buhl-ap\">\r\n                <div class=\"row\">\r\n                <div class=\"col-12 p-lg-0\">\r\n                \r\n                    <div class=\"accordion accordionFaq\" id=\"accordionFaq\">\n<div class=\"card\">\n<div class=\"d-flex card-header border-0 collapsed\" id=\"heading1\" data-toggle=\"collapse\" data-target=\"#collapse1\"\r\n                    aria-expanded=\"false\" aria-controls=\"collapse1\">                                            \r\n                    <h3 class=\"font-source-sans-pro-1 blue-font no-margin\">Wie hoch ist die Gewerbesteuer?<\/h3>\r\n                <\/div>\r\n\n\r\n        <div id=\"collapse1\" class=\"collapse\" aria-labelledby=\"heading1\" data-parent=\"#accordionFaq\">\r\n            <div class=\"card-body\">\r\n                Da gibt es keinen pauschalen Wert. Die Gewerbesteuer ist von Gemeinde zu Gemeinde unterschiedlich. Die Berechnung l\u00e4uft in drei Schritten ab:<\/p>\n<ul>\n<li>Gewerbeertrag abz\u00fcglich Freibetrag 24.500 Euro<\/li>\n<li>Ergebnis aus Schritt 1 x 3,5 Prozent (Messbetrag)<\/li>\n<li>Ergebnis aus Schritt 2 x Hebesatz deiner Gemeinde = Gewerbesteuer<\/li>\n<\/ul>\n                \r\n            <\/div>\r\n        <\/div>\r\n\n<\/div>\n<div class=\"card\">\n<div class=\"d-flex card-header border-0 collapsed\" id=\"heading2\" data-toggle=\"collapse\" data-target=\"#collapse2\"\r\n                    aria-expanded=\"false\" aria-controls=\"collapse2\">                                            \r\n                    <h3 class=\"font-source-sans-pro-1 blue-font no-margin\">Wann ist Gewerbesteuer zu zahlen?<\/h3>\r\n                <\/div>\r\n\n\r\n        <div id=\"collapse2\" class=\"collapse\" aria-labelledby=\"heading2\" data-parent=\"#accordionFaq\">\r\n            <div class=\"card-body\">\r\n                Grunds\u00e4tzlich musst du als Gewerbetreibender mit einer Betriebsst\u00e4tte in Deutschland Gewerbesteuer zahlen.                 \r\n            <\/div>\r\n        <\/div>\r\n\n<\/div>\n<div class=\"card\">\n<div class=\"d-flex card-header border-0 collapsed\" id=\"heading3\" data-toggle=\"collapse\" data-target=\"#collapse3\"\r\n                    aria-expanded=\"false\" aria-controls=\"collapse3\">                                            \r\n                    <h3 class=\"font-source-sans-pro-1 blue-font no-margin\">Wer muss keine Gewerbesteuer zahlen?<\/h3>\r\n                <\/div>\r\n\n\r\n        <div id=\"collapse3\" class=\"collapse\" aria-labelledby=\"heading3\" data-parent=\"#accordionFaq\">\r\n            <div class=\"card-body\">\r\n                Freiberufler und Gewerbetreibende, die unter dem Gewerbesteuer-Freibetrag (24.500 Euro) liegen, m\u00fcssen keine Gewerbesteuer zahlen.                \r\n            <\/div>\r\n        <\/div>\r\n\n<\/div>\n<div class=\"card\">\n<div class=\"d-flex card-header border-0 collapsed\" id=\"heading4\" data-toggle=\"collapse\" data-target=\"#collapse4\"\r\n                    aria-expanded=\"false\" aria-controls=\"collapse4\">                                            \r\n                    <h3 class=\"font-source-sans-pro-1 blue-font no-margin\">Warum muss man Gewerbesteuer zahlen?<\/h3>\r\n                <\/div>\r\n\n\r\n        <div id=\"collapse4\" class=\"collapse\" aria-labelledby=\"heading4\" data-parent=\"#accordionFaq\">\r\n            <div class=\"card-body\">\r\n                Die Gewerbesteuer musst du zahlen, weil sie eine Gemeindesteuer ist \u2013 das hei\u00dft, sie wird von der Gemeinde erhoben, in der sich dein Gewerbebetrieb befindet. Sie z\u00e4hlt zu den wichtigsten Einnahmequellen der St\u00e4dte und Gemeinden.                \r\n            <\/div>\r\n        <\/div>\r\n\n<\/div>\n<\/div>\r\n                 <\/div>\r\n              <\/div>\r\n            <\/div>\r\n        <\/div>\n\r\n        <div class=\"spacing-modul  \">\r\n            <div class=\"container spacing-modul\">\r\n               <div class=\"row\">\r\n                   <div id=\"\" class=\"anchor\"><\/div>\r\n                   <div class=\"col-12 modul-spacing-default\"><\/div>\r\n                   <div class=\"col-12 modul-spacing-default-bottom\"><\/div>\r\n               <\/div>\r\n            <\/div>\r\n        <\/div>\r\n    \n\r\n        <div class=\"white-background\">\r\n            <div class=\"full-width-text\">\r\n                <div class=\"inner-spacing blog-ad1-wrapper silver-background\">\r\n                    <div class=\"container blog-ad1\">\r\n                        <div class=\"row\">\r\n                        \r\n                            <div class=\"col-12 col-md-6 d-none d-md-flex align-content-center\">\r\n                                \r\n                                    <img decoding=\"async\" loading=\"lazy\" height=\"auto\" style=\"max-width:100%;\" alt=\"\" title=\"\" \r\n                                        class=\"mx-auto d-none d-md-block \" src=\"https:\/\/www.buhl.de\/steuer\/wp-content\/themes\/steuer-web\/buhl-steuer\/assets\/blog\/blog-ad1\/papierkram\/blog-schluss-mit-papierkram.svg\" \/>\r\n                                \r\n                            <\/div>\r\n                        \r\n                            \r\n                            <div class=\"col-12 col-md-6\">\r\n                                \r\n                                    <div class=\"d-flex headline-spacing-30 justify-content-start\">\r\n                                        \r\n                                            <img decoding=\"async\" loading=\"lazy\" height=\"auto\" style=\"max-width:100%;\" alt=\"WISO&nbsp;Steuer Vorteile\" title=\"WISO&nbsp;Steuer Buhl Logo\" \r\n                                                class=\"d-none d-md-block \" src=\"https:\/\/www.buhl.de\/steuer\/wp-content\/themes\/steuer-web\/buhl-steuer\/assets\/full-width-text\/ad1\/logo-wiso-steuer.svg\" \/>\r\n                                        \r\n                                        \r\n                                                \r\n                                        \r\n                                            <img decoding=\"async\" loading=\"lazy\" alt=\"WISO&nbsp;Steuer Vorteile\" title=\"WISO&nbsp;Steuer Buhl Logo\" \r\n                                                class=\"mx-auto d-md-none mobile \" src=\"https:\/\/www.buhl.de\/steuer\/wp-content\/themes\/steuer-web\/buhl-steuer\/assets\/full-width-text\/ad1\/logo-wiso-steuer.svg\" \/>\r\n                                        \r\n                                    <\/div>\r\n                                \r\n                            \r\n                                \r\n                                    <p class=\"font-cairo-10 fw700 blue-font headline-spacing-30 text-center justify-content-start text-md-left\">Macht Schluss mit nervigem Papierkram<\/p>\r\n                                \r\n                    \r\n                                <div class=\"font-source-sans-pro-1 mt-30 mb-30 blue-font subline-width text-center text-md-left\">Mit WISO&nbsp;Steuer l\u00e4sst du deine Steuer automatisch ausf\u00fcllen und sendest sie digital mit einem Klick ans Finanzamt. Probiere es gleich heute aus:<\/div>\r\n                                \r\n                                \r\n\r\n                                <div class=\"d-flex flex-column flex-md-row align-items-center align-items-md-start justify-content-start\">\r\n                                    \r\n                                    <a class=\"font-cairo-2 fw700 intro-button primary w-230 d-none d-md-flex mr-md-25 justify-content-center align-items-center\"\r\n                                       role=\"button\"\r\n                                       href=\"https:\/\/www.buhl.de\/shop\/wisosteuer\/auswahl?2025=agv&wkz=STWEBMARKETINGSEITE&src=WEB\"\r\n                                       target=\"_self\"\r\n                                       title=\"WISO&nbsp;Steuer Lizenz kaufen\"\r\n                                       id=\"adpapierkramkauf\"\r\n                                       onclick=\"dataLayer.push({'event': 'ButtonClick SW','sw-button': 'click-preise'});\">\r\n                                       Jetzt kaufen\r\n                                    <\/a>\r\n                                    \r\n                                    \r\n                                    \r\n                                    <a class=\"d-flex justify-content-center align-items-center d-md-none font-cairo-2 fw700 intro-button primary w-230\"\r\n                                       role=\"button\"\r\n                                       href=\"https:\/\/www.buhl.de\/shop\/wisosteuer\/auswahl?2025=agv&wkz=STWEBMARKETINGSEITE&src=WEB\"\r\n                                       target=\"_self\"\r\n                                       title=\"WISO&nbsp;Steuer Lizenz kaufen\"\r\n                                       id=\"adpapierkramkauf\"\r\n                                       onclick=\"dataLayer.push({'event': 'ButtonClick SW','sw-button': 'click-preise'});\">\r\n                                       Jetzt kaufen\r\n                                    <\/a>\r\n                                    \r\n                                    \r\n                                    \r\n                                    <a class=\"font-cairo-2 fw700 intro-button secondary w-230 d-none d-md-flex  justify-content-center align-items-center\"\r\n                                       role=\"button\"\r\n                                       href=\"https:\/\/www.buhl.de\/mein-buhlkonto\/?buhlparam=2100101\"\r\n                                       target=\"_self\"\r\n                                       title=\"Hier kostenlos starten\"\r\n                                       id=\"adpapierkramtest\"\r\n                                       onclick=\"dataLayer.push({'event': 'ButtonClick SW','sw-button': 'click-testen'});\">\r\n                                       Kostenlos testen\r\n                                    <\/a>\r\n                                    \r\n                                    \r\n                                    \r\n                                    <a class=\"font-cairo-2 fw700 intro-button secondary w-230 d-flex d-md-none justify-content-center align-items-center mt-30\"\r\n                                       role=\"button\"\r\n                                       href=\"https:\/\/www.buhl.de\/mein-buhlkonto\/?buhlparam=2100101\"\r\n                                       target=\"_self\"\r\n                                       title=\"Hier kostenlos starten\"\r\n                                       id=\"adtestenmobile\"\r\n                                       onclick=\"dataLayer.push({'event': 'ButtonClick SW','sw-button': 'click-mobile-starten'});\">\r\n                                       Kostenlos testen\r\n                                    <\/a>\r\n                                    \r\n                                <\/div>\r\n                                \r\n                                \r\n                                    <div class=\"d-flex d-md-none align-content-center mobile-image-spacing\">\r\n                                        \r\n                                            <img decoding=\"async\" loading=\"lazy\" height=\"auto\" style=\"max-width:100%;\" alt=\"\" title=\"\" \r\n                                                class=\"\" src=\"https:\/\/www.buhl.de\/steuer\/wp-content\/themes\/steuer-web\/buhl-steuer\/assets\/blog\/blog-ad1\/papierkram\/blog-schluss-mit-papierkram.svg\" \/>\r\n                                        \r\n                                    <\/div>\r\n                                \r\n                            <\/div>\r\n                        <\/div>\r\n                    <\/div>\r\n                <\/div>\r\n            <\/div>\r\n        <\/div>\r\n    \r\n        <div class=\"spacing-modul  \">\r\n            <div class=\"container spacing-modul\">\r\n               <div class=\"row\">\r\n                   <div id=\"\" class=\"anchor\"><\/div>\r\n                   <div class=\"col-12 modul-spacing-default-b\"><\/div>\r\n                   <div class=\"col-12 modul-spacing-default-b\"><\/div>\r\n               <\/div>\r\n            <\/div>\r\n        <\/div>\r\n    \n","protected":false},"excerpt":{"rendered":"<p>Wer gewerbliche Eink\u00fcnfte hat, zahlt darauf auf jeden Fall Einkommensteuer \u2013 und eventuell auch Umsatzsteuer. Doch damit nicht genug, auch die Gemeinde m\u00f6chte etwas von dem Kuchen abbekommen. Aber wer muss \u00fcberhaupt Gewerbesteuer zahlen? Und was hat es mit Messbetrag, Hebesatz und Zerlegung auf sich? Wir helfen durch den Steuer-Dschungel.<\/p>\n","protected":false},"author":220,"featured_media":52804,"comment_status":"closed","ping_status":"open","sticky":false,"template":"","format":"standard","meta":{"_acf_changed":false,"footnotes":""},"categories":[2841,2818],"tags":[],"class_list":["post-52707","post","type-post","status-publish","format-standard","has-post-thumbnail","hentry","category-alle","category-selbst"],"yoast_head":"<!-- This site is optimized with the Yoast SEO Premium plugin v27.4 (Yoast SEO v27.5) - https:\/\/yoast.com\/product\/yoast-seo-premium-wordpress\/ -->\n<title>Gewerbesteuer: Einnahmequelle f\u00fcr Gemeinden<\/title>\n<meta name=\"description\" content=\"Du hast einen Gewerbebetrieb? \ud83e\udd20 Dann musst du Gewerbesteuer zahlen. Wie wird sie berechnet? Was ist zu beachten? \u27a1\ufe0f Finde es jetzt heraus.\" \/>\n<meta name=\"robots\" content=\"index, follow, max-snippet:-1, max-image-preview:large, max-video-preview:-1\" \/>\n<link rel=\"canonical\" href=\"https:\/\/www.buhl.de\/steuer\/ratgeber\/gewerbesteuer\/\" \/>\n<meta property=\"og:locale\" content=\"de_DE\" \/>\n<meta property=\"og:type\" content=\"article\" \/>\n<meta property=\"og:title\" content=\"Gewerbesteuer \u2013 auch die Gemeinde will ihren Teil abhaben\" \/>\n<meta property=\"og:description\" content=\"Du hast einen Gewerbebetrieb? \ud83e\udd20 Dann musst du Gewerbesteuer zahlen. Wie wird sie berechnet? Was ist zu beachten? \u27a1\ufe0f Finde es jetzt heraus.\" \/>\n<meta property=\"og:url\" content=\"https:\/\/www.buhl.de\/steuer\/ratgeber\/gewerbesteuer\/\" \/>\n<meta property=\"og:site_name\" content=\"WISO Steuer: Nr.1 App f\u00fcr die Steuererkl\u00e4rung\" \/>\n<meta property=\"article:published_time\" content=\"2022-06-15T10:48:50+00:00\" \/>\n<meta property=\"article:modified_time\" content=\"2026-02-11T08:24:18+00:00\" \/>\n<meta property=\"og:image\" content=\"https:\/\/www.buhl.de\/steuer\/wp-content\/uploads\/sites\/31\/2022\/08\/gewerbesteuer-titelbild.jpg\" \/>\n\t<meta property=\"og:image:width\" content=\"976\" \/>\n\t<meta property=\"og:image:height\" content=\"400\" \/>\n\t<meta property=\"og:image:type\" content=\"image\/jpeg\" \/>\n<meta name=\"author\" content=\"Udo Reu\u00df\" \/>\n<meta name=\"twitter:card\" content=\"summary_large_image\" \/>\n<meta name=\"twitter:label1\" content=\"Verfasst von\" \/>\n\t<meta name=\"twitter:data1\" content=\"Udo Reu\u00df\" \/>\n\t<meta name=\"twitter:label2\" content=\"Gesch\u00e4tzte Lesezeit\" \/>\n\t<meta name=\"twitter:data2\" content=\"12\u00a0Minuten\" \/>\n<script type=\"application\/ld+json\" class=\"yoast-schema-graph\">{\"@context\":\"https:\\\/\\\/schema.org\",\"@graph\":[{\"@type\":\"Article\",\"@id\":\"https:\\\/\\\/www.buhl.de\\\/steuer\\\/ratgeber\\\/gewerbesteuer\\\/#article\",\"isPartOf\":{\"@id\":\"https:\\\/\\\/www.buhl.de\\\/steuer\\\/ratgeber\\\/gewerbesteuer\\\/\"},\"author\":{\"name\":\"Udo Reu\u00df\",\"@id\":\"https:\\\/\\\/www.buhl.de\\\/steuer\\\/#\\\/schema\\\/person\\\/03b5508d4c85dc193be95cb4e2d78423\"},\"headline\":\"Gewerbesteuer \u2013 auch die Gemeinde will ihren Teil abhaben\",\"datePublished\":\"2022-06-15T10:48:50+00:00\",\"dateModified\":\"2026-02-11T08:24:18+00:00\",\"mainEntityOfPage\":{\"@id\":\"https:\\\/\\\/www.buhl.de\\\/steuer\\\/ratgeber\\\/gewerbesteuer\\\/\"},\"wordCount\":2123,\"publisher\":{\"@id\":\"https:\\\/\\\/www.buhl.de\\\/steuer\\\/#organization\"},\"image\":{\"@id\":\"https:\\\/\\\/www.buhl.de\\\/steuer\\\/ratgeber\\\/gewerbesteuer\\\/#primaryimage\"},\"thumbnailUrl\":\"https:\\\/\\\/www.buhl.de\\\/steuer\\\/wp-content\\\/uploads\\\/sites\\\/31\\\/2022\\\/08\\\/gewerbesteuer-titelbild.jpg\",\"articleSection\":[\"Neueste Beitr\u00e4ge\",\"Ratgeber:\u00a0Selbstst\u00e4ndigkeit &amp; Steuern\"],\"inLanguage\":\"de\"},{\"@type\":\"WebPage\",\"@id\":\"https:\\\/\\\/www.buhl.de\\\/steuer\\\/ratgeber\\\/gewerbesteuer\\\/\",\"url\":\"https:\\\/\\\/www.buhl.de\\\/steuer\\\/ratgeber\\\/gewerbesteuer\\\/\",\"name\":\"Gewerbesteuer: Einnahmequelle f\u00fcr Gemeinden\",\"isPartOf\":{\"@id\":\"https:\\\/\\\/www.buhl.de\\\/steuer\\\/#website\"},\"primaryImageOfPage\":{\"@id\":\"https:\\\/\\\/www.buhl.de\\\/steuer\\\/ratgeber\\\/gewerbesteuer\\\/#primaryimage\"},\"image\":{\"@id\":\"https:\\\/\\\/www.buhl.de\\\/steuer\\\/ratgeber\\\/gewerbesteuer\\\/#primaryimage\"},\"thumbnailUrl\":\"https:\\\/\\\/www.buhl.de\\\/steuer\\\/wp-content\\\/uploads\\\/sites\\\/31\\\/2022\\\/08\\\/gewerbesteuer-titelbild.jpg\",\"datePublished\":\"2022-06-15T10:48:50+00:00\",\"dateModified\":\"2026-02-11T08:24:18+00:00\",\"description\":\"Du hast einen Gewerbebetrieb? \ud83e\udd20 Dann musst du Gewerbesteuer zahlen. Wie wird sie berechnet? Was ist zu beachten? \u27a1\ufe0f Finde es jetzt heraus.\",\"breadcrumb\":{\"@id\":\"https:\\\/\\\/www.buhl.de\\\/steuer\\\/ratgeber\\\/gewerbesteuer\\\/#breadcrumb\"},\"inLanguage\":\"de\",\"potentialAction\":[{\"@type\":\"ReadAction\",\"target\":[\"https:\\\/\\\/www.buhl.de\\\/steuer\\\/ratgeber\\\/gewerbesteuer\\\/\"]}]},{\"@type\":\"ImageObject\",\"inLanguage\":\"de\",\"@id\":\"https:\\\/\\\/www.buhl.de\\\/steuer\\\/ratgeber\\\/gewerbesteuer\\\/#primaryimage\",\"url\":\"https:\\\/\\\/www.buhl.de\\\/steuer\\\/wp-content\\\/uploads\\\/sites\\\/31\\\/2022\\\/08\\\/gewerbesteuer-titelbild.jpg\",\"contentUrl\":\"https:\\\/\\\/www.buhl.de\\\/steuer\\\/wp-content\\\/uploads\\\/sites\\\/31\\\/2022\\\/08\\\/gewerbesteuer-titelbild.jpg\",\"width\":976,\"height\":400},{\"@type\":\"BreadcrumbList\",\"@id\":\"https:\\\/\\\/www.buhl.de\\\/steuer\\\/ratgeber\\\/gewerbesteuer\\\/#breadcrumb\",\"itemListElement\":[{\"@type\":\"ListItem\",\"position\":1,\"name\":\"Steuererkl\u00e4rung\",\"item\":\"https:\\\/\\\/www.buhl.de\\\/steuer\\\/\"},{\"@type\":\"ListItem\",\"position\":2,\"name\":\"Gewerbesteuer \u2013 auch die Gemeinde will ihren Teil abhaben\"}]},{\"@type\":\"WebSite\",\"@id\":\"https:\\\/\\\/www.buhl.de\\\/steuer\\\/#website\",\"url\":\"https:\\\/\\\/www.buhl.de\\\/steuer\\\/\",\"name\":\"WISO Steuer: Nr. 1 Steuer-App\",\"description\":\"\",\"publisher\":{\"@id\":\"https:\\\/\\\/www.buhl.de\\\/steuer\\\/#organization\"},\"potentialAction\":[{\"@type\":\"SearchAction\",\"target\":{\"@type\":\"EntryPoint\",\"urlTemplate\":\"https:\\\/\\\/www.buhl.de\\\/steuer\\\/?s={search_term_string}\"},\"query-input\":{\"@type\":\"PropertyValueSpecification\",\"valueRequired\":true,\"valueName\":\"search_term_string\"}}],\"inLanguage\":\"de\"},{\"@type\":\"Organization\",\"@id\":\"https:\\\/\\\/www.buhl.de\\\/steuer\\\/#organization\",\"name\":\"WISO Steuer | Buhl Data Service GmbH\",\"url\":\"https:\\\/\\\/www.buhl.de\\\/steuer\\\/\",\"logo\":{\"@type\":\"ImageObject\",\"inLanguage\":\"de\",\"@id\":\"https:\\\/\\\/www.buhl.de\\\/steuer\\\/#\\\/schema\\\/logo\\\/image\\\/\",\"url\":\"https:\\\/\\\/www.buhl.de\\\/steuer\\\/wp-content\\\/uploads\\\/sites\\\/31\\\/2026\\\/02\\\/logo-wiso-steuer-app.svg\",\"contentUrl\":\"https:\\\/\\\/www.buhl.de\\\/steuer\\\/wp-content\\\/uploads\\\/sites\\\/31\\\/2026\\\/02\\\/logo-wiso-steuer-app.svg\",\"width\":375,\"height\":72,\"caption\":\"WISO Steuer | Buhl Data Service GmbH\"},\"image\":{\"@id\":\"https:\\\/\\\/www.buhl.de\\\/steuer\\\/#\\\/schema\\\/logo\\\/image\\\/\"}},{\"@type\":\"Person\",\"@id\":\"https:\\\/\\\/www.buhl.de\\\/steuer\\\/#\\\/schema\\\/person\\\/03b5508d4c85dc193be95cb4e2d78423\",\"name\":\"Udo Reu\u00df\",\"image\":{\"@type\":\"ImageObject\",\"inLanguage\":\"de\",\"@id\":\"https:\\\/\\\/www.buhl.de\\\/steuer\\\/wp-content\\\/uploads\\\/sites\\\/31\\\/2024\\\/07\\\/udo.png\",\"url\":\"https:\\\/\\\/www.buhl.de\\\/steuer\\\/wp-content\\\/uploads\\\/sites\\\/31\\\/2024\\\/07\\\/udo.png\",\"contentUrl\":\"https:\\\/\\\/www.buhl.de\\\/steuer\\\/wp-content\\\/uploads\\\/sites\\\/31\\\/2024\\\/07\\\/udo.png\",\"caption\":\"Udo Reu\u00df\"},\"sameAs\":[\"https:\\\/\\\/www.buhl.de\\\/steuer\\\/autoren\\\/udo-reuss\\\/\"]}]}<\/script>\n<!-- \/ Yoast SEO Premium plugin. -->","yoast_head_json":{"title":"Gewerbesteuer: Einnahmequelle f\u00fcr Gemeinden","description":"Du hast einen Gewerbebetrieb? \ud83e\udd20 Dann musst du Gewerbesteuer zahlen. Wie wird sie berechnet? Was ist zu beachten? \u27a1\ufe0f Finde es jetzt heraus.","robots":{"index":"index","follow":"follow","max-snippet":"max-snippet:-1","max-image-preview":"max-image-preview:large","max-video-preview":"max-video-preview:-1"},"canonical":"https:\/\/www.buhl.de\/steuer\/ratgeber\/gewerbesteuer\/","og_locale":"de_DE","og_type":"article","og_title":"Gewerbesteuer \u2013 auch die Gemeinde will ihren Teil abhaben","og_description":"Du hast einen Gewerbebetrieb? \ud83e\udd20 Dann musst du Gewerbesteuer zahlen. Wie wird sie berechnet? Was ist zu beachten? \u27a1\ufe0f Finde es jetzt heraus.","og_url":"https:\/\/www.buhl.de\/steuer\/ratgeber\/gewerbesteuer\/","og_site_name":"WISO Steuer: Nr.1 App f\u00fcr die Steuererkl\u00e4rung","article_published_time":"2022-06-15T10:48:50+00:00","article_modified_time":"2026-02-11T08:24:18+00:00","og_image":[{"width":976,"height":400,"url":"https:\/\/www.buhl.de\/steuer\/wp-content\/uploads\/sites\/31\/2022\/08\/gewerbesteuer-titelbild.jpg","type":"image\/jpeg"}],"author":"Udo Reu\u00df","twitter_card":"summary_large_image","twitter_misc":{"Verfasst von":"Udo Reu\u00df","Gesch\u00e4tzte Lesezeit":"12\u00a0Minuten"},"schema":{"@context":"https:\/\/schema.org","@graph":[{"@type":"Article","@id":"https:\/\/www.buhl.de\/steuer\/ratgeber\/gewerbesteuer\/#article","isPartOf":{"@id":"https:\/\/www.buhl.de\/steuer\/ratgeber\/gewerbesteuer\/"},"author":{"name":"Udo Reu\u00df","@id":"https:\/\/www.buhl.de\/steuer\/#\/schema\/person\/03b5508d4c85dc193be95cb4e2d78423"},"headline":"Gewerbesteuer \u2013 auch die Gemeinde will ihren Teil abhaben","datePublished":"2022-06-15T10:48:50+00:00","dateModified":"2026-02-11T08:24:18+00:00","mainEntityOfPage":{"@id":"https:\/\/www.buhl.de\/steuer\/ratgeber\/gewerbesteuer\/"},"wordCount":2123,"publisher":{"@id":"https:\/\/www.buhl.de\/steuer\/#organization"},"image":{"@id":"https:\/\/www.buhl.de\/steuer\/ratgeber\/gewerbesteuer\/#primaryimage"},"thumbnailUrl":"https:\/\/www.buhl.de\/steuer\/wp-content\/uploads\/sites\/31\/2022\/08\/gewerbesteuer-titelbild.jpg","articleSection":["Neueste Beitr\u00e4ge","Ratgeber:\u00a0Selbstst\u00e4ndigkeit &amp; Steuern"],"inLanguage":"de"},{"@type":"WebPage","@id":"https:\/\/www.buhl.de\/steuer\/ratgeber\/gewerbesteuer\/","url":"https:\/\/www.buhl.de\/steuer\/ratgeber\/gewerbesteuer\/","name":"Gewerbesteuer: Einnahmequelle f\u00fcr Gemeinden","isPartOf":{"@id":"https:\/\/www.buhl.de\/steuer\/#website"},"primaryImageOfPage":{"@id":"https:\/\/www.buhl.de\/steuer\/ratgeber\/gewerbesteuer\/#primaryimage"},"image":{"@id":"https:\/\/www.buhl.de\/steuer\/ratgeber\/gewerbesteuer\/#primaryimage"},"thumbnailUrl":"https:\/\/www.buhl.de\/steuer\/wp-content\/uploads\/sites\/31\/2022\/08\/gewerbesteuer-titelbild.jpg","datePublished":"2022-06-15T10:48:50+00:00","dateModified":"2026-02-11T08:24:18+00:00","description":"Du hast einen Gewerbebetrieb? \ud83e\udd20 Dann musst du Gewerbesteuer zahlen. Wie wird sie berechnet? Was ist zu beachten? \u27a1\ufe0f Finde es jetzt heraus.","breadcrumb":{"@id":"https:\/\/www.buhl.de\/steuer\/ratgeber\/gewerbesteuer\/#breadcrumb"},"inLanguage":"de","potentialAction":[{"@type":"ReadAction","target":["https:\/\/www.buhl.de\/steuer\/ratgeber\/gewerbesteuer\/"]}]},{"@type":"ImageObject","inLanguage":"de","@id":"https:\/\/www.buhl.de\/steuer\/ratgeber\/gewerbesteuer\/#primaryimage","url":"https:\/\/www.buhl.de\/steuer\/wp-content\/uploads\/sites\/31\/2022\/08\/gewerbesteuer-titelbild.jpg","contentUrl":"https:\/\/www.buhl.de\/steuer\/wp-content\/uploads\/sites\/31\/2022\/08\/gewerbesteuer-titelbild.jpg","width":976,"height":400},{"@type":"BreadcrumbList","@id":"https:\/\/www.buhl.de\/steuer\/ratgeber\/gewerbesteuer\/#breadcrumb","itemListElement":[{"@type":"ListItem","position":1,"name":"Steuererkl\u00e4rung","item":"https:\/\/www.buhl.de\/steuer\/"},{"@type":"ListItem","position":2,"name":"Gewerbesteuer \u2013 auch die Gemeinde will ihren Teil abhaben"}]},{"@type":"WebSite","@id":"https:\/\/www.buhl.de\/steuer\/#website","url":"https:\/\/www.buhl.de\/steuer\/","name":"WISO Steuer: Nr. 1 Steuer-App","description":"","publisher":{"@id":"https:\/\/www.buhl.de\/steuer\/#organization"},"potentialAction":[{"@type":"SearchAction","target":{"@type":"EntryPoint","urlTemplate":"https:\/\/www.buhl.de\/steuer\/?s={search_term_string}"},"query-input":{"@type":"PropertyValueSpecification","valueRequired":true,"valueName":"search_term_string"}}],"inLanguage":"de"},{"@type":"Organization","@id":"https:\/\/www.buhl.de\/steuer\/#organization","name":"WISO Steuer | Buhl Data Service GmbH","url":"https:\/\/www.buhl.de\/steuer\/","logo":{"@type":"ImageObject","inLanguage":"de","@id":"https:\/\/www.buhl.de\/steuer\/#\/schema\/logo\/image\/","url":"https:\/\/www.buhl.de\/steuer\/wp-content\/uploads\/sites\/31\/2026\/02\/logo-wiso-steuer-app.svg","contentUrl":"https:\/\/www.buhl.de\/steuer\/wp-content\/uploads\/sites\/31\/2026\/02\/logo-wiso-steuer-app.svg","width":375,"height":72,"caption":"WISO Steuer | Buhl Data Service GmbH"},"image":{"@id":"https:\/\/www.buhl.de\/steuer\/#\/schema\/logo\/image\/"}},{"@type":"Person","@id":"https:\/\/www.buhl.de\/steuer\/#\/schema\/person\/03b5508d4c85dc193be95cb4e2d78423","name":"Udo Reu\u00df","image":{"@type":"ImageObject","inLanguage":"de","@id":"https:\/\/www.buhl.de\/steuer\/wp-content\/uploads\/sites\/31\/2024\/07\/udo.png","url":"https:\/\/www.buhl.de\/steuer\/wp-content\/uploads\/sites\/31\/2024\/07\/udo.png","contentUrl":"https:\/\/www.buhl.de\/steuer\/wp-content\/uploads\/sites\/31\/2024\/07\/udo.png","caption":"Udo Reu\u00df"},"sameAs":["https:\/\/www.buhl.de\/steuer\/autoren\/udo-reuss\/"]}]}},"acf":[],"wps_subtitle":"Steuer f\u00fcr Gewerbetreibende","_links":{"self":[{"href":"https:\/\/www.buhl.de\/steuer\/wp-json\/wp\/v2\/posts\/52707","targetHints":{"allow":["GET"]}}],"collection":[{"href":"https:\/\/www.buhl.de\/steuer\/wp-json\/wp\/v2\/posts"}],"about":[{"href":"https:\/\/www.buhl.de\/steuer\/wp-json\/wp\/v2\/types\/post"}],"author":[{"embeddable":true,"href":"https:\/\/www.buhl.de\/steuer\/wp-json\/wp\/v2\/users\/220"}],"replies":[{"embeddable":true,"href":"https:\/\/www.buhl.de\/steuer\/wp-json\/wp\/v2\/comments?post=52707"}],"version-history":[{"count":29,"href":"https:\/\/www.buhl.de\/steuer\/wp-json\/wp\/v2\/posts\/52707\/revisions"}],"predecessor-version":[{"id":77644,"href":"https:\/\/www.buhl.de\/steuer\/wp-json\/wp\/v2\/posts\/52707\/revisions\/77644"}],"wp:featuredmedia":[{"embeddable":true,"href":"https:\/\/www.buhl.de\/steuer\/wp-json\/wp\/v2\/media\/52804"}],"wp:attachment":[{"href":"https:\/\/www.buhl.de\/steuer\/wp-json\/wp\/v2\/media?parent=52707"}],"wp:term":[{"taxonomy":"category","embeddable":true,"href":"https:\/\/www.buhl.de\/steuer\/wp-json\/wp\/v2\/categories?post=52707"},{"taxonomy":"post_tag","embeddable":true,"href":"https:\/\/www.buhl.de\/steuer\/wp-json\/wp\/v2\/tags?post=52707"}],"curies":[{"name":"wp","href":"https:\/\/api.w.org\/{rel}","templated":true}]}}