{"id":52907,"date":"2024-04-30T09:40:50","date_gmt":"2024-04-30T07:40:50","guid":{"rendered":"https:\/\/www.buhl.de\/steuer\/?p=52907"},"modified":"2024-12-19T08:57:15","modified_gmt":"2024-12-19T07:57:15","slug":"uebernachtungspauschale-lkw-fahrer","status":"publish","type":"post","link":"https:\/\/www.buhl.de\/steuer\/ratgeber\/uebernachtungspauschale-lkw-fahrer\/","title":{"rendered":"\u00dcbernachtungspauschale f\u00fcr Lkw-Fahrer"},"content":{"rendered":"<p>Stundenlang mit dem Lkw quer durchs Land unterwegs und abends wird an der Rastst\u00e4tte angehalten. Wer im Lkw \u00fcbernachtet, kann daf\u00fcr seit 2020 eine <strong>\u00dcbernachtungspauschale<\/strong> erhalten\u2013 zus\u00e4tzlich zu den \u00fcblichen Essenspauschalen.<\/p>\n<p><!--more--><\/p>\n<h2>Kurz &amp; knapp<\/h2>\n<ul>\n<li>Pro Tag gibt es 9 Euro \u00dcbernachtungspauschale<\/li>\n<li>Es gibt sie zus\u00e4tzlich zum Pauschbetrag f\u00fcr Verpflegung<\/li>\n<li>Du entscheidest dich zwischen der Pauschale oder tats\u00e4chliche Kosten<\/li>\n<li>Die Pauschale gilt f\u00fcr Fahrten im In- und Ausland<\/li>\n<\/ul>\n<h2>Was ist die \u00dcbernachtungspauschale?<\/h2>\n<p>Das eigene Bett \u2013 im Truckerleben leider nicht allzu oft genutzt. Denn auf den tagelangen Touren mit dem Lkw quer durchs Land wird nicht selten die Schlafkabine zum Schlafzimmer. Die gute Nachricht f\u00fcr alle, die in ihrem Fahrzeug \u00fcbernachten: Du kannst f\u00fcr <strong>\u00dcbernachtungskosten<\/strong> eine <a title=\"Die wichtigsten Pauschalen f\u00fcr die Steuer\" href=\"https:\/\/www.buhl.de\/steuer\/ratgeber\/pauschalen-pauschbetrag\/\">Pauschale<\/a> von der Steuer absetzen. Sie betr\u00e4gt:<\/p>\n<ul class=\"sw-blog-icon sw-blog-icon-3\">\n<li>ab 2020: <strong>8 Euro<\/strong> pro Tag<\/li>\n<li>ab 2024: <strong>9 Euro<\/strong> pro Tag<\/li>\n<\/ul>\n<p>Die \u00dcbernachtungspauschale gilt auch bei Fahrten beziehungsweise \u00dcbernachtungen im Ausland. Damit beteiligt sich das Finanzamt an den Kosten rund um deinem n\u00e4chtlichen Stopp an Rastst\u00e4tte und Autohof. Zwar bezahlst du nicht f\u00fcr dein Bett, aber es werden folgende Kosten ausgeglichen:<\/p>\n<ul class=\"sw-blog-icon sw-blog-icon-1\">\n<li>Geb\u00fchren f\u00fcr sanit\u00e4re Anlagen wie Toiletten, Duschen und Waschr\u00e4ume<\/li>\n<li>Parkgeb\u00fchren, Abstellgeb\u00fchren<\/li>\n<li>Reinigung der Bettw\u00e4sche<\/li>\n<li>Reinigung der Schlafkabine<\/li>\n<\/ul>\n<p>In der Regel werden diese Kosten <strong>von deinem Arbeitgeber steuerfrei in kompletter H\u00f6he erstattet<\/strong>. Doch manche Firmen \u00fcbernehmen die Ausgaben leider nicht. Aber gl\u00fccklicherweise kannst du sie in der <a title=\"So erstellst du eine Steuererkl\u00e4rung\" href=\"https:\/\/www.buhl.de\/steuer\/ratgeber\/steuererklaerung-machen\/\">Steuererkl\u00e4rung<\/a> absetzen \u2013 mit der Pauschale.<\/p>\n<p>Du kannst die pauschalen 9 Euro auch dann absetzen, wenn deine tats\u00e4chlich gezahlten Ausgaben niedriger waren. Wichtig ist nur, dass dir auch wirklich Kosten entstanden sind. Die Pauschale gilt nicht f\u00fcr Fahrer im Nahverkehr, da diese meist nicht im Fahrzeug \u00fcbernachten.<\/p>\n\r\n        <div class=\"spacing-modul  \">\r\n            <div class=\"container spacing-modul\">\r\n               <div class=\"row\">\r\n                   <div id=\"\" class=\"anchor\"><\/div>\r\n                   <div class=\"col-12 modul-spacing-blog-c\"><\/div>\r\n                   <div class=\"col-12 modul-spacing-blog-c\"><\/div>\r\n               <\/div>\r\n            <\/div>\r\n        <\/div>\r\n    \r\n        <div class=\"white-background\">\r\n            <div class=\"container\">\r\n                <div class=\"content info-blog-modul blog-wrapper\">\r\n                    <div class=\"row\">\r\n                        <div class=\"d-flex align-items-center text-center text-lg-left align-items-xl-start flex-column flex-xl-row col-12 offset-lg-2 col-lg-8 offset-xl-1 col-xl-9\">\r\n                            <img decoding=\"async\" loading=\"lazy\" class=\"img-fluid\" src=\"https:\/\/www.buhl.de\/steuer\/wp-content\/themes\/steuer-web\/buhl-steuer\/assets\/blog\/blog-module\/info-icon.svg\" alt=\"Information zum Thema\" title=\"Information zum Thema\" \/>\r\n                            <div class=\"d-flex flex-column\">\r\n                                <h3 class=\"font-source-sans-pro-10 fw700 blue-font headline\">\u00dcbernachtungspauschale vom Arbeitgeber<\/h3><div class=\"font-source-sans-pro-1 blue-font\">Dein Arbeitgeber kann dir auch die Pauschale steuerfrei ersetzen. Die Pauschalen solltest du trotzdem stets in der Steuererkl\u00e4rung angeben, ebenso wie Erstattungen vom Chef. Das gilt auch dann, wenn dein Chef nur einen Teil der Pauschalen steuerfrei erstattet hat.<\/div><\/div>\r\n                        <\/div>\r\n                    <\/div>\r\n                <\/div>\r\n            <\/div>\r\n        <\/div>\r\n    \r\n        <div class=\"spacing-modul  \">\r\n            <div class=\"container spacing-modul\">\r\n               <div class=\"row\">\r\n                   <div id=\"\" class=\"anchor\"><\/div>\r\n                   <div class=\"col-12 modul-spacing-blog-c\"><\/div>\r\n                   <div class=\"col-12 modul-spacing-blog-c\"><\/div>\r\n               <\/div>\r\n            <\/div>\r\n        <\/div>\r\n    \n<h3>Fr\u00fcher gab es die \u00dcbernachtungspauschale nicht<\/h3>\n<p>Die \u00dcbernachtungspauschale speziell f\u00fcr Lkw-Fahrer kannst du erstmals mit der <a title=\"Alle Infos zum Steuerjahr 2020\" href=\"https:\/\/www.buhl.de\/steuer\/jahr\/steuer-2020\/\">Steuererkl\u00e4rung 2020<\/a> nutzen. Davor gab es f\u00fcr Lkw-Fahrer \u00fcberhaupt keine Pauschale bei \u00dcbernachtungen in der Kabine. Lediglich 5 Euro bei mehrt\u00e4gigen Fahrten f\u00fcr die \u00dcbernachtung in der Fahrerkabine waren drin, wenn du keine Belege f\u00fcr deine Kosten hattest. So entschied der Bundesfinanzhof (<a title=\"Urteil lesen\" href=\"https:\/\/www.bundesfinanzhof.de\/de\/presse\/pressemeldungen\/detail\/uebernachtungskosten-und-regelmaessige-arbeitsstaette-bei-lkw-fahrern-1\/\" target=\"_blank\" rel=\"noopener\">VI R 48\/11<\/a>). Jetzt ist es also viel einfacher f\u00fcr dich geworden, Geld zur\u00fcckzubekommen.<\/p>\n<h3>Keine Belege notwendig<\/h3>\n<p>Das Sch\u00f6ne an einer Pauschale ist, dass du keinen Nachweis f\u00fcr das Finanzamt brauchst. Falls du die Kassenzettel vom Rastplatz nicht behalten hast, ist das gar kein Problem. Du bekommst die Pauschale trotzdem \u2013 und zwar f\u00fcr jeden Tag, den du auf der Tour in der Fahrerkabine geschlafen hast.<\/p>\n<h2>Was tun bei h\u00f6heren Ausgaben?<\/h2>\n<p>Deine Kosten waren h\u00f6her als die \u00dcbernachtungspauschale? Dann kannst du stattdessen deine <strong>tats\u00e4chlichen Kosten<\/strong> in der Steuererkl\u00e4rung angeben. Allerdings musst du in diesem Fall dem Finanzamt deine Ausgaben auch nachweisen. Hebe also Zettel und <a title=\"Belege elektronisch nachreichen\" href=\"https:\/\/www.buhl.de\/steuer\/ratgeber\/beleg\/\">Belege<\/a> gut auf.<\/p>\n<p>Mit der kostenlosen App <a title=\"Belege abfotografieren mit Steuer-Scan\" href=\"https:\/\/www.buhl.de\/steuer\/steuer-scan-app\/\">Steuer-Scan<\/a> kannst du deine Belege ganz einfach mit dem Smartphone abfotografieren. Anschlie\u00dfend \u00fcbernimmst du sie mit einem Klick in deine Steuererkl\u00e4rung. Oder du reichst deine Belege elektronisch beim Finanzamt ein.<\/p>\n<h3>Pauschale vs. tats\u00e4chliche Kosten<\/h3>\n<p>Was lohnt sich mehr? Das l\u00e4sst sich so pauschal nicht sagen. Eine gute Orientierung bietet dieses Vorgehen: <strong>F\u00fchre drei Monate lang Buch<\/strong> und schreib darin alles auf:<\/p>\n<ul>\n<li>Welche Ausgaben hattest du auf deinen Touren?<\/li>\n<li>Wann und wo sind die Kosten angefallen?<\/li>\n<\/ul>\n<p>Am besten erfasst du alles in einer Tabelle mit Datum, Uhrzeit und Namen der Autobahnrastst\u00e4tte zusammen.<\/p>\n<p>Nach 3 Monaten kannst du dann berechnen, wie hoch deine Kosten im Durchschnitt pro Tag waren. Diesen t\u00e4glichen Durchschnittsbetrag rechnest du auf das Jahr hoch \u2013 und setzt die Summe als Werbungskosten bei deiner Steuererkl\u00e4rung an.<\/p>\n<h2>Erstattungen vom Arbeitgeber<\/h2>\n<p>Hat dein Arbeitgeber dir bereits Ausgaben (teilweise) ersetzt, kannst du diese nicht noch zus\u00e4tzlich in der Steuererkl\u00e4rung eintragen. Du musst die <strong>ausgegebenen und erstatteten Kosten verrechnen<\/strong>. Bleibst du auf Ausgaben sitzen, kannst du sie als Werbungskosten angeben und bekommst so mehr Geld vom Finanzamt zur\u00fcck.<\/p>\n\r\n        <div class=\"spacing-modul  \">\r\n            <div class=\"container spacing-modul\">\r\n               <div class=\"row\">\r\n                   <div id=\"\" class=\"anchor\"><\/div>\r\n                   <div class=\"col-12 modul-spacing-blog-c\"><\/div>\r\n                   <div class=\"col-12 modul-spacing-blog-c\"><\/div>\r\n               <\/div>\r\n            <\/div>\r\n        <\/div>\r\n    \r\n        <div class=\"white-background\">\r\n            <div class=\"container\">\r\n                <div class=\"content info-blog-modul blog-wrapper\">\r\n                    <div class=\"row\">\r\n                        <div class=\"d-flex align-items-center text-center text-lg-left align-items-xl-start flex-column flex-xl-row col-12 offset-lg-2 col-lg-8 offset-xl-1 col-xl-9\">\r\n                            <img decoding=\"async\" loading=\"lazy\" class=\"img-fluid\" src=\"https:\/\/www.buhl.de\/steuer\/wp-content\/themes\/steuer-web\/buhl-steuer\/assets\/blog\/blog-module\/info-icon.svg\" alt=\"Information zum Thema\" title=\"Information zum Thema\" \/>\r\n                            <div class=\"d-flex flex-column\">\r\n                                <h3 class=\"font-source-sans-pro-10 fw700 blue-font headline\">Wertbons<\/h3><div class=\"font-source-sans-pro-1 blue-font\">Wertbons, die du auf Eink\u00e4ufe an der Rastst\u00e4tte anrechnen lassen kannst (zum Beispiel \u201eSanifair\u201c), geh\u00f6ren nicht in deine Steuererkl\u00e4rung.<\/div><\/div>\r\n                        <\/div>\r\n                    <\/div>\r\n                <\/div>\r\n            <\/div>\r\n        <\/div>\r\n    \r\n        <div class=\"spacing-modul  \">\r\n            <div class=\"container spacing-modul\">\r\n               <div class=\"row\">\r\n                   <div id=\"\" class=\"anchor\"><\/div>\r\n                   <div class=\"col-12 modul-spacing-blog-c\"><\/div>\r\n                   <div class=\"col-12 modul-spacing-blog-c\"><\/div>\r\n               <\/div>\r\n            <\/div>\r\n        <\/div>\r\n    \n\r\n        <div class=\"spacing-modul  \">\r\n            <div class=\"container spacing-modul\">\r\n               <div class=\"row\">\r\n                   <div id=\"\" class=\"anchor\"><\/div>\r\n                   <div class=\"col-12 modul-spacing-blog-c\"><\/div>\r\n                   <div class=\"col-12 modul-spacing-blog-c\"><\/div>\r\n               <\/div>\r\n            <\/div>\r\n        <\/div>\r\n    \r\n        <div class=\"white-background\">\r\n            <div class=\"container\">\r\n                <div class=\"blog-example\">\r\n                    <div class=\"row\">\r\n                        <div class=\"col-12 offset-lg-2 col-lg-8 text-center text-lg-left\">\r\n                            <div class=\"d-flex flex-column align-items-center\">\r\n                                <img decoding=\"async\" loading=\"lazy\" class=\"img-fluid circle-image\" src=\"https:\/\/www.buhl.de\/steuer\/wp-content\/themes\/steuer-web\/buhl-steuer\/assets\/blog\/blog-example\/rentner-beispiel.svg\" alt=\"Beispiel Rentner\" title=\"Beispiel\" \/>\r\n                                <h3 class=\"font-source-sans-pro-10 fw700 blue-font headline\">Beispiel: Erstattungen verrechnen<\/h3>\r\n                            <\/div><div class=\"font-source-sans-pro-1 blue-font\">Stefan hat in den ersten 3 Monaten des Jahres 2024 viele Fahrten unternommen und immer in der Fahrerkabine seines Lkws \u00fcbernachtet. Insgesamt waren es 45 \u00dcbernachtungen.<\/p>\n<ul>\n<li>45 x 9 Euro = 405 Euro<\/li>\n<\/ul>\n<p>Sein Chef hat ihm 150 Euro ausgezahlt f\u00fcr die \u00dcbernachtungen.<\/p>\n<ul>\n<li>405 Euro &#8211; 150 Euro = 255 Euro<\/li>\n<\/ul>\n<p>Ergebnis: Stefan kann in der Steuererkl\u00e4rung 255 Euro eintragen.<\/div><\/div>\r\n                    <\/div>\r\n                <\/div>\r\n            <\/div>\r\n        <\/div>\r\n    \r\n        <div class=\"spacing-modul  \">\r\n            <div class=\"container spacing-modul\">\r\n               <div class=\"row\">\r\n                   <div id=\"\" class=\"anchor\"><\/div>\r\n                   <div class=\"col-12 modul-spacing-default-b\"><\/div>\r\n                   <div class=\"col-12 modul-spacing-default-b\"><\/div>\r\n               <\/div>\r\n            <\/div>\r\n        <\/div>\r\n    \n<h2>Welche Kosten k\u00f6nnen Lkw-Fahrer zus\u00e4tzlich angeben?<\/h2>\n<h3>1. Verpflegungskosten<\/h3>\n<p>Wer mehr als 8 Stunden am Tag in Deutschland auf Tour ist, kann neben der \u00dcbernachtungspauschale einen weiteren Pauschbetrag absetzen: die <a title=\"Verpflegungsmehraufwand: Bis zu 28 \u20ac pro Tag\" href=\"https:\/\/www.buhl.de\/steuer\/ratgeber\/verpflegungsmehraufwand-abwesenheitspauschale\/\">Verpflegungspauschale<\/a>. Sie ist abh\u00e4ngig von den Stunden, die du beruflich unterwegs warst \u2013 wo du also weder zu Hause noch beim Firmensitz warst.<\/p>\n\r\n        <div class=\"spacing-modul  \">\r\n            <div class=\"container spacing-modul\">\r\n               <div class=\"row\">\r\n                   <div id=\"\" class=\"anchor\"><\/div>\r\n                   <div class=\"col-12 modul-spacing-blog-c\"><\/div>\r\n                   <div class=\"col-12 modul-spacing-blog-c\"><\/div>\r\n               <\/div>\r\n            <\/div>\r\n        <\/div>\r\n    <div class=\"tablepress-wrapper\"> \n<table id=\"tablepress-54\" class=\"tablepress tablepress-id-54\">\n<thead>\n<tr class=\"row-1\">\n\t<th class=\"column-1\">Abwesenheit<\/th><th class=\"column-2\">Pauschale pro Tag<\/th>\n<\/tr>\n<\/thead>\n<tbody class=\"row-striping row-hover\">\n<tr class=\"row-2\">\n\t<td class=\"column-1\">&lt; 8 Stunden<\/td><td class=\"column-2\">0 \u20ac<\/td>\n<\/tr>\n<tr class=\"row-3\">\n\t<td class=\"column-1\">&gt; 8 Stunden<\/td><td class=\"column-2\">14 \u20ac<\/td>\n<\/tr>\n<tr class=\"row-4\">\n\t<td class=\"column-1\">24 Stunden<\/td><td class=\"column-2\">28 \u20ac<\/td>\n<\/tr>\n<tr class=\"row-5\">\n\t<td class=\"column-1\">An- und Abreisetage<\/td><td class=\"column-2\">14 \u20ac<\/td>\n<\/tr>\n<\/tbody>\n<\/table>\n <\/div><!-- #tablepress-54 from cache -->\r\n        <div class=\"spacing-modul  \">\r\n            <div class=\"container spacing-modul\">\r\n               <div class=\"row\">\r\n                   <div id=\"\" class=\"anchor\"><\/div>\r\n                   <div class=\"col-12 modul-spacing-blog-c\"><\/div>\r\n                   <div class=\"col-12 modul-spacing-blog-c\"><\/div>\r\n               <\/div>\r\n            <\/div>\r\n        <\/div>\r\n    \n<p>Bei Fahrten mit dem Lkw im Ausland gelten wieder andere Verpflegungspauschalen als im Inland. Diese werden j\u00e4hrlich angepasst. Die aktuellen Pauschalen werden vom <a title=\"Mehr Infos vom BMF\" href=\"https:\/\/www.bundesfinanzministerium.de\/Content\/DE\/Downloads\/BMF_Schreiben\/Steuerarten\/Lohnsteuer\/2021-09-27-steuerliche-behandlung-reisekosten-reisekostenverguetungen-2022.pdf?__blob=publicationFile&amp;v=2\" target=\"_blank\" rel=\"noopener\">Bundesministerium der Finanzen<\/a> ver\u00f6ffentlicht.<\/p>\n<p>F\u00fcr jedes Land ist eine Verpflegungspauschale festgesetzt. Diese wird in zwei Kategorien unterteilt: Tage mit Abwesenheiten von mindestens 8 Stunden und Tage mit 24 Stunden Abwesenheit.<\/p>\n<h3>2. \u00dcbernachtungen im Hotel<\/h3>\n<p>Hast du im Hotel, statt in der Fahrerkabine geschlafen? Dann gibst du die <strong>volle H\u00f6he der Rechnung<\/strong> an. Du kannst die Kosten entweder von deinem Arbeitgeber erstatten lassen oder du gibst sie in deiner Steuererkl\u00e4rung an.<\/p>\n<p>Hast du in Deutschland in einem Hotel \u00fcbernachtet, gibst du die tats\u00e4chlichen Kosten daf\u00fcr in der Steuererkl\u00e4rung an. Wichtig ist, dass du die Ausgaben mit einer Rechnung oder einem anderen Beleg nachweisen kannst. Falls du die genauen Kosten nicht mehr beweisen kannst, ist alternativ eine <strong>Pauschale von 20 Euro je \u00dcbernachtung<\/strong> m\u00f6glich. Oder aber dein Chef gibt dir das Geld zur\u00fcck.<\/p>\n<p>Bei \u00dcbernachtungen in einem ausl\u00e4ndischen Hotel kannst du anstelle der tats\u00e4chlichen Kosten auch Pauschalen bei der Steuer ansetzen \u2013 oder du l\u00e4sst sie dir von deinem Chef erstatten. Die H\u00f6he der Pauschale richtet sich wieder nach dem Land, wo du warst.\u00a0 Du findest die Betr\u00e4ge in der oben erw\u00e4hnten Tabelle vom Bundesfinanzministerium.<\/p>\n<p>Dein Arbeitgeber hat dir die Auslands-Pauschale gezahlt, das Hotelzimmer war aber teurer? Dann kannst du die Differenz in der Steuererkl\u00e4rung angeben.<\/p>\n\r\n        <div class=\"spacing-modul  \">\r\n            <div class=\"container spacing-modul\">\r\n               <div class=\"row\">\r\n                   <div id=\"\" class=\"anchor\"><\/div>\r\n                   <div class=\"col-12 modul-spacing-blog-c\"><\/div>\r\n                   <div class=\"col-12 modul-spacing-blog-c\"><\/div>\r\n               <\/div>\r\n            <\/div>\r\n        <\/div>\r\n    \r\n        <div class=\"white-background\">\r\n            <div class=\"container\">\r\n                <div class=\"content blog-wrapper\">\r\n                    <div class=\"row\">\r\n                        <div class=\"d-flex align-items-center text-center text-lg-left align-items-xl-start flex-column flex-xl-row col-12 offset-lg-2 col-lg-8 offset-xl-1 col-xl-9\">\r\n                            <img decoding=\"async\" loading=\"lazy\" class=\"img-fluid\" src=\"https:\/\/www.buhl.de\/steuer\/wp-content\/themes\/steuer-web\/buhl-steuer\/assets\/blog\/blog-module\/achtung-icon.svg\" alt=\"Achtung Icon\" title=\"Achtung\" \/>\r\n                            <div class=\"d-flex flex-column\">\r\n                                <h3 class=\"font-source-sans-pro-10 fw700 blue-font headline\">Nur f\u00fcr Hotel &amp; Co.<\/h3><div class=\"font-source-sans-pro-1 blue-font\">Die \u00dcbernachtungspauschalen in den Tabellen des Bundesministeriums f\u00fcr Finanzen gelten nicht f\u00fcr \u00dcbernachtungen in der Fahrerkabine! Hier kannst du nur die 9 Euro Pauschale nutzen.<\/div><\/div>\r\n                        <\/div>\r\n                    <\/div>\r\n                <\/div>\r\n            <\/div>\r\n        <\/div>\r\n    \r\n        <div class=\"spacing-modul  \">\r\n            <div class=\"container spacing-modul\">\r\n               <div class=\"row\">\r\n                   <div id=\"\" class=\"anchor\"><\/div>\r\n                   <div class=\"col-12 modul-spacing-default-b\"><\/div>\r\n                   <div class=\"col-12 modul-spacing-default-b\"><\/div>\r\n               <\/div>\r\n            <\/div>\r\n        <\/div>\r\n    \n<h2>\u00dcbernachtungskosten in die Steuererkl\u00e4rung eintragen<\/h2>\n<p>Egal, ob es eine Nacht in der Fahrerkabine oder im Hotel war \u2013 alles kannst du mit <a title=\"WISO Steuer: Steuerprogramm von Buhl\" href=\"https:\/\/www.buhl.de\/steuer\/\">WISO Steuer<\/a> abdecken. Und die Verpflegungsmehraufwendungen kommen noch dazu!<\/p>\n<p>Unter <em>Arbeitnehmer, Betriebsrentner und Pension\u00e4re &gt; Ausgaben (Werbungskosten) &gt; Reisekosten f\u00fcr Ausw\u00e4rtst\u00e4tigkeiten<\/em> findest du alle Punkte, die du brauchst.<\/p>\n\r\n        <div class=\"spacing-modul  \">\r\n            <div class=\"container spacing-modul\">\r\n               <div class=\"row\">\r\n                   <div id=\"\" class=\"anchor\"><\/div>\r\n                   <div class=\"col-12 modul-spacing-blog-c\"><\/div>\r\n                   <div class=\"col-12 modul-spacing-blog-c\"><\/div>\r\n               <\/div>\r\n            <\/div>\r\n        <\/div>\r\n    \r\n        <div class=\"white-background d-none d-lg-block\">\r\n            <div class=\"container blog-image\">\r\n            \t<div class=\"row\">\r\n       <p class=\"col-12 font-source-sans-pro-1 blue-font\">\n<\/p>\r\n                <div class=\"d-flex col-12 align-items-center justify-content-center\">\r\n                         \r\n                            <a id=\"\" target=\"_self\" title=\"\" href=\"\">\r\n                         \r\n                      <picture class=\"img-fluid\">\r\n                             <img decoding=\"async\" loading=\"lazy\"\r\n                              alt=\"Eingabemaske f\u00fcr die Lkw-\u00dcbernachtungspauschale in WISO Steuer\" \r\n                              title=\"\"\r\n                              src=\"https:\/\/www.buhl.de\/steuer\/wp-content\/uploads\/sites\/31\/2024\/12\/lkw-uebernachtungspauschale-eintragen-steuererklaerung.png\" >\r\n                      <\/picture>     \r\n                      \t\r\n                        \t<\/a>\r\n                    \t                      \r\n\t\t\t\t\t<\/div>  \r\n\t\t\t\t<\/div>                       \r\n            <\/div>\r\n        <\/div>                  \r\n    \n\r\n        <div class=\"white-background  d-lg-none\">\r\n            <div class=\"container blog-image\">\r\n            \t<div class=\"row\">\r\n       <p class=\"col-12 font-source-sans-pro-1 blue-font\">\n<\/p>\r\n                <div class=\"d-flex col-12 align-items-center justify-content-center\">\r\n                         \r\n                            <a id=\"\" target=\"_self\" title=\"\" href=\"\">\r\n                         \r\n                      <picture class=\"img-fluid\">\r\n                             <img decoding=\"async\" loading=\"lazy\"\r\n                              alt=\"Eingabemaske f\u00fcr die Lkw-\u00dcbernachtungspauschale in der App WISO Steuer\" \r\n                              title=\"\"\r\n                              src=\"https:\/\/www.buhl.de\/steuer\/wp-content\/uploads\/sites\/31\/2024\/12\/lkw-uebernachtungspauschale-eintragen-steuer-app.png\" >\r\n                      <\/picture>     \r\n                      \t\r\n                        \t<\/a>\r\n                    \t                      \r\n\t\t\t\t\t<\/div>  \r\n\t\t\t\t<\/div>                       \r\n            <\/div>\r\n        <\/div>                  \r\n    \n\r\n        <div role=\"region\" aria-label=\"\" class=\"white-background\">\r\n            <div class=\"container\">\r\n                <div class=\"row\">\r\n                    <div class=\"col-12 d-flex justify-content-center align-items-center flex-column flex-lg-row\">\r\n                    \r\n\r\n                    \r\n                        <a class=\"secondary w-230 d-none d-md-flex justify-content-center align-items-center font-cairo-2 fw700 action-anonymous\"\r\n                            role=\"button\"\r\n                            href=\"https:\/\/www.buhl.de\/mein-buhlkonto\/?buhlparam=2100101\"\r\n                            title=\"Kostenlos testen\"\r\n                            target=\"_self\"\r\n                            id=\"lkwuebernachtungspauschale-eintragen\"\r\n                            onclick=\"dataLayer.push({'event': 'ButtonClick SW','sw-button': 'click-testen'});\">\r\n                            Kostenlos testen\r\n                        <\/a>\r\n\r\n                        <a class=\"secondary w-230 d-flex d-md-none justify-content-center align-items-center font-cairo-2 fw700 action-anonymous\"\r\n                            role=\"button\"\r\n                            href=\"https:\/\/www.buhl.de\/mein-buhlkonto\/?buhlparam=2100101\"\r\n                            title=\"Kostenlos testen\"\r\n                            target=\"_self\"\r\n                            id=\"lkwuebernachtungspauschale-eintragen-m\"\r\n                            onclick=\"dataLayer.push({'event': 'ButtonClick SW','sw-button': 'click-mobile-starten'});\">\r\n                            Kostenlos testen\r\n                        <\/a>\r\n                    \r\n                    <\/div>\r\n                <\/div>\r\n            <\/div>\r\n        <\/div>\r\n    \r\n        <div class=\"spacing-modul  \">\r\n            <div class=\"container spacing-modul\">\r\n               <div class=\"row\">\r\n                   <div id=\"\" class=\"anchor\"><\/div>\r\n                   <div class=\"col-12 modul-spacing-default-b\"><\/div>\r\n                   <div class=\"col-12 modul-spacing-default-b\"><\/div>\r\n               <\/div>\r\n            <\/div>\r\n        <\/div>\r\n    \n<h2>FAQ: \u00dcbernachtungspauschale f\u00fcr Lkw-Fahrer<\/h2>\n\r\n        <div class=\"white-background\">\r\n            <div class=\"container faq-module blog-download buhl-ap\">\r\n                <div class=\"row\">\r\n                <div class=\"col-12 p-lg-0\">\r\n                \r\n                    <div class=\"accordion accordionFaq\" id=\"accordionFaq\">\n<div class=\"card\">\n<div class=\"d-flex card-header border-0 collapsed\" id=\"heading1\" data-toggle=\"collapse\" data-target=\"#collapse1\"\r\n                    aria-expanded=\"false\" aria-controls=\"collapse1\">                                            \r\n                    <h3 class=\"font-source-sans-pro-1 blue-font no-margin\">Wie hoch ist die \u00dcbernachtungspauschale f\u00fcr Lkw-Fahrer?<\/h3>\r\n                <\/div>\r\n\n\r\n        <div id=\"collapse1\" class=\"collapse\" aria-labelledby=\"heading1\" data-parent=\"#accordionFaq\">\r\n            <div class=\"card-body\">\r\n                Die \u00dcbernachtungspauschale betr\u00e4gt 8 Euro pro Tag, wenn du in der Fahrerkabine deines Lkw geschlafen hast.                \r\n            <\/div>\r\n        <\/div>\r\n\n<\/div>\n<div class=\"card\">\n<div class=\"d-flex card-header border-0 collapsed\" id=\"heading2\" data-toggle=\"collapse\" data-target=\"#collapse2\"\r\n                    aria-expanded=\"false\" aria-controls=\"collapse2\">                                            \r\n                    <h3 class=\"font-source-sans-pro-1 blue-font no-margin\">Was kann man als Lkw-Fahrer steuerlich absetzen?<\/h3>\r\n                <\/div>\r\n\n\r\n        <div id=\"collapse2\" class=\"collapse\" aria-labelledby=\"heading2\" data-parent=\"#accordionFaq\">\r\n            <div class=\"card-body\">\r\n                Du kannst entweder die \u00dcbernachtungspauschale oder deine tats\u00e4chlichen Kosten eintragen. Au\u00dferdem gibt es noch die Verpflegungspauschale f\u00fcr dich.                \r\n            <\/div>\r\n        <\/div>\r\n\n<\/div>\n<div class=\"card\">\n<div class=\"d-flex card-header border-0 collapsed\" id=\"heading3\" data-toggle=\"collapse\" data-target=\"#collapse3\"\r\n                    aria-expanded=\"false\" aria-controls=\"collapse3\">                                            \r\n                    <h3 class=\"font-source-sans-pro-1 blue-font no-margin\">Wie werden Spesen berechnet?<\/h3>\r\n                <\/div>\r\n\n\r\n        <div id=\"collapse3\" class=\"collapse\" aria-labelledby=\"heading3\" data-parent=\"#accordionFaq\">\r\n            <div class=\"card-body\">\r\n                Je l\u00e4nger du von zu Hause und deiner Arbeitsst\u00e4tte weg warst, desto mehr Geld bekommst du:<\/p>\n<ul>\n<li>Abwesenheit von mehr als 8 Stunden: 14 Euro<\/li>\n<li>An- und Abreisetage bei mehrt\u00e4gigen Touren: 14 Euro<\/li>\n<li>Abwesenheit von 24 Stunden: 28 Euro<br \/>\n                \r\n            <\/div>\r\n        <\/div>\r\n\n<\/div><\/li>\n<\/ul>\n<div class=\"card\">\n<div class=\"d-flex card-header border-0 collapsed\" id=\"heading4\" data-toggle=\"collapse\" data-target=\"#collapse4\"\r\n                    aria-expanded=\"false\" aria-controls=\"collapse4\">                                            \r\n                    <h3 class=\"font-source-sans-pro-1 blue-font no-margin\">Wo trage ich \u00dcbernachtungskosten in der Steuererkl\u00e4rung ein?<\/h3>\r\n                <\/div>\r\n\n\r\n        <div id=\"collapse4\" class=\"collapse\" aria-labelledby=\"heading4\" data-parent=\"#accordionFaq\">\r\n            <div class=\"card-body\">\r\n                Du tr\u00e4gst sie bei deinen Werbungskosten ein. Sie geh\u00f6ren zu deinen Reisekosten.                \r\n            <\/div>\r\n        <\/div>\r\n\n<\/div>\n<div class=\"card\">\n<div class=\"d-flex card-header border-0 collapsed\" id=\"heading5\" data-toggle=\"collapse\" data-target=\"#collapse5\"\r\n                    aria-expanded=\"false\" aria-controls=\"collapse5\">                                            \r\n                    <h3 class=\"font-source-sans-pro-1 blue-font no-margin\">Gilt die \u00dcbernachtungspauschale auch f\u00fcr Selbstst\u00e4ndige?<\/h3>\r\n                <\/div>\r\n\n\r\n        <div id=\"collapse5\" class=\"collapse\" aria-labelledby=\"heading5\" data-parent=\"#accordionFaq\">\r\n            <div class=\"card-body\">\r\n                Auch selbstst\u00e4ndige Berufskraftfahrer k\u00f6nnen diese Pauschale nutzen und als Betriebsausgabe absetzen. Der Vorsteuerabzug bei der Umsatzsteuer ist hier aber nicht m\u00f6glich.                \r\n            <\/div>\r\n        <\/div>\r\n\n<\/div>\n<\/div>\r\n                 <\/div>\r\n              <\/div>\r\n            <\/div>\r\n        <\/div>\r\n        <div class=\"spacing-modul  \">\r\n            <div class=\"container spacing-modul\">\r\n               <div class=\"row\">\r\n                   <div id=\"\" class=\"anchor\"><\/div>\r\n                   <div class=\"col-12 modul-spacing-blog-c\"><\/div>\r\n                   <div class=\"col-12 modul-spacing-blog-c\"><\/div>\r\n               <\/div>\r\n            <\/div>\r\n        <\/div>\r\n    \n\r\n        <div class=\"white-background\">\r\n            <div class=\"full-width-text\">\r\n                <div class=\"inner-spacing blog-ad1-wrapper silver-background\">\r\n                    <div class=\"container blog-ad1\">\r\n                        <div class=\"row\">\r\n                        \r\n                            <div class=\"col-12 col-md-6 d-none d-md-flex align-content-center\">\r\n                                \r\n                                    <img decoding=\"async\" loading=\"lazy\" height=\"auto\" style=\"max-width:100%;\" alt=\"\" title=\"\" \r\n                                        class=\"mx-auto d-none d-md-block \" src=\"https:\/\/www.buhl.de\/steuer\/wp-content\/themes\/steuer-web\/buhl-steuer\/assets\/blog\/blog-ad1\/pauschale\/blog-pauschale.svg\" \/>\r\n                                \r\n                            <\/div>\r\n                        \r\n                            \r\n                            <div class=\"col-12 col-md-6\">\r\n                                \r\n                                    <div class=\"d-flex headline-spacing-30 justify-content-start\">\r\n                                        \r\n                                            <img decoding=\"async\" loading=\"lazy\" height=\"auto\" style=\"max-width:100%;\" alt=\"WISO&nbsp;Steuer Vorteile\" title=\"WISO&nbsp;Steuer Buhl Logo\" \r\n                                                class=\"d-none d-md-block \" src=\"https:\/\/www.buhl.de\/steuer\/wp-content\/themes\/steuer-web\/buhl-steuer\/assets\/full-width-text\/ad1\/logo-wiso-steuer.svg\" \/>\r\n                                        \r\n                                        \r\n                                                \r\n                                        \r\n                                            <img decoding=\"async\" loading=\"lazy\" alt=\"WISO&nbsp;Steuer Vorteile\" title=\"WISO&nbsp;Steuer Buhl Logo\" \r\n                                                class=\"mx-auto d-md-none mobile \" src=\"https:\/\/www.buhl.de\/steuer\/wp-content\/themes\/steuer-web\/buhl-steuer\/assets\/full-width-text\/ad1\/logo-wiso-steuer.svg\" \/>\r\n                                        \r\n                                    <\/div>\r\n                                \r\n                            \r\n                                \r\n                                    <p class=\"font-cairo-10 fw700 blue-font headline-spacing-30 text-center justify-content-start text-md-left\">Keine Pauschale vergessen!<\/p>\r\n                                \r\n                    \r\n                                <div class=\"font-source-sans-pro-1 mt-30 mb-30 blue-font subline-width text-center text-md-left\">Mit WISO&nbsp;Steuer holst du das Maximum aus deiner Steuererkl\u00e4rung heraus. Lass dich Schritt f\u00fcr Schritt durch die Steuererkl\u00e4rung f\u00fchren und hol dir alle Tipps f\u00fcr noch mehr Steuerr\u00fcckerstattung.<\/div>\r\n                                \r\n                                \r\n\r\n                                <div class=\"d-flex flex-column flex-md-row align-items-center align-items-md-start justify-content-start\">\r\n                                    \r\n                                    <a class=\"font-cairo-2 fw700 intro-button primary w-230 d-none d-md-flex mr-md-25 justify-content-center align-items-center\"\r\n                                       role=\"button\"\r\n                                       href=\"https:\/\/www.buhl.de\/shop\/wisosteuer\/auswahl?2025=agv&wkz=STWEBMARKETINGSEITE&src=WEB\"\r\n                                       target=\"_self\"\r\n                                       title=\"WISO&nbsp;Steuer Lizenz kaufen\"\r\n                                       id=\"adpauschalekauf\"\r\n                                       onclick=\"dataLayer.push({'event': 'ButtonClick SW','sw-button': 'click-preise'});\">\r\n                                       Jetzt kaufen\r\n                                    <\/a>\r\n                                    \r\n                                    \r\n                                    \r\n                                    <a class=\"d-flex justify-content-center align-items-center d-md-none font-cairo-2 fw700 intro-button primary w-230\"\r\n                                       role=\"button\"\r\n                                       href=\"https:\/\/www.buhl.de\/shop\/wisosteuer\/auswahl?2025=agv&wkz=STWEBMARKETINGSEITE&src=WEB\"\r\n                                       target=\"_self\"\r\n                                       title=\"WISO&nbsp;Steuer Lizenz kaufen\"\r\n                                       id=\"adpauschalekauf\"\r\n                                       onclick=\"dataLayer.push({'event': 'ButtonClick SW','sw-button': 'click-preise'});\">\r\n                                       Jetzt kaufen\r\n                                    <\/a>\r\n                                    \r\n                                    \r\n                                    \r\n                                    <a class=\"font-cairo-2 fw700 intro-button secondary w-230 d-none d-md-flex  justify-content-center align-items-center\"\r\n                                       role=\"button\"\r\n                                       href=\"https:\/\/www.buhl.de\/mein-buhlkonto\/?buhlparam=2100101\"\r\n                                       target=\"_self\"\r\n                                       title=\"Hier kostenlos starten\"\r\n                                       id=\"adpauschaletest\"\r\n                                       onclick=\"dataLayer.push({'event': 'ButtonClick SW','sw-button': 'click-testen'});\">\r\n                                       Kostenlos testen\r\n                                    <\/a>\r\n                                    \r\n                                    \r\n                                    \r\n                                    <a class=\"font-cairo-2 fw700 intro-button secondary w-230 d-flex d-md-none justify-content-center align-items-center mt-30\"\r\n                                       role=\"button\"\r\n                                       href=\"https:\/\/www.buhl.de\/mein-buhlkonto\/?buhlparam=2100101\"\r\n                                       target=\"_self\"\r\n                                       title=\"Hier kostenlos starten\"\r\n                                       id=\"adpauschaletest\"\r\n                                       onclick=\"dataLayer.push({'event': 'ButtonClick SW','sw-button': 'click-mobile-starten'});\">\r\n                                       Kostenlos testen\r\n                                    <\/a>\r\n                                    \r\n                                <\/div>\r\n                                \r\n                                \r\n                                    <div class=\"d-flex d-md-none align-content-center mobile-image-spacing\">\r\n                                        \r\n                                            <img decoding=\"async\" loading=\"lazy\" height=\"auto\" style=\"max-width:100%;\" alt=\"\" title=\"\" \r\n                                                class=\"\" src=\"https:\/\/www.buhl.de\/steuer\/wp-content\/themes\/steuer-web\/buhl-steuer\/assets\/blog\/blog-ad1\/pauschale\/blog-pauschale.svg\" \/>\r\n                                        \r\n                                    <\/div>\r\n                                \r\n                            <\/div>\r\n                        <\/div>\r\n                    <\/div>\r\n                <\/div>\r\n            <\/div>\r\n        <\/div>\r\n    \r\n        <div class=\"spacing-modul  \">\r\n            <div class=\"container spacing-modul\">\r\n               <div class=\"row\">\r\n                   <div id=\"\" class=\"anchor\"><\/div>\r\n                   <div class=\"col-12 modul-spacing-blog-c\"><\/div>\r\n                   <div class=\"col-12 modul-spacing-blog-c\"><\/div>\r\n               <\/div>\r\n            <\/div>\r\n        <\/div>\r\n    \n<p>Quelle: <a title=\"Mehr Infos vom BMF\" href=\"https:\/\/www.bundesfinanzministerium.de\/Monatsberichte\/2020\/01\/Inhalte\/Kapitel-3-Analysen\/3-1-steueraenderungen-2020.html\" target=\"_blank\" rel=\"noopener\">BMF<\/a> (Bundesfinanzministerium)<\/p>\n","protected":false},"excerpt":{"rendered":"<p>Stundenlang mit dem Lkw quer durchs Land unterwegs und abends wird an der Rastst\u00e4tte angehalten. Wer im Lkw \u00fcbernachtet, kann daf\u00fcr seit 2020 eine \u00dcbernachtungspauschale erhalten\u2013 zus\u00e4tzlich zu den \u00fcblichen Essenspauschalen.<\/p>\n","protected":false},"author":220,"featured_media":52913,"comment_status":"closed","ping_status":"open","sticky":false,"template":"","format":"standard","meta":{"_acf_changed":false,"footnotes":""},"categories":[2808,2805],"tags":[],"class_list":["post-52907","post","type-post","status-publish","format-standard","has-post-thumbnail","hentry","category-arbeit","category-tipps"],"yoast_head":"<!-- This site is optimized with the Yoast SEO Premium plugin v27.0 (Yoast SEO v27.0) - https:\/\/yoast.com\/product\/yoast-seo-premium-wordpress\/ -->\n<title>\u00dcbernachtungspauschale: Geld zur\u00fcck f\u00fcr die Nacht im Lkw<\/title>\n<meta name=\"description\" content=\"Du bist immer im Lkw unterwegs? \u2708\ufe0f Dann kannst du daf\u00fcr Geld vom Finanzamt bekommen. \u23e9 Wir zeigen dir, wie das geht.\" \/>\n<meta name=\"robots\" content=\"index, follow, max-snippet:-1, max-image-preview:large, max-video-preview:-1\" \/>\n<link rel=\"canonical\" href=\"https:\/\/www.buhl.de\/steuer\/ratgeber\/uebernachtungspauschale-lkw-fahrer\/\" \/>\n<meta property=\"og:locale\" content=\"de_DE\" \/>\n<meta property=\"og:type\" content=\"article\" \/>\n<meta property=\"og:title\" content=\"\u00dcbernachtungspauschale f\u00fcr Lkw-Fahrer\" \/>\n<meta property=\"og:description\" content=\"Du bist immer im Lkw unterwegs? \u2708\ufe0f Dann kannst du daf\u00fcr Geld vom Finanzamt bekommen. \u23e9 Wir zeigen dir, wie das geht.\" \/>\n<meta property=\"og:url\" content=\"https:\/\/www.buhl.de\/steuer\/ratgeber\/uebernachtungspauschale-lkw-fahrer\/\" \/>\n<meta property=\"og:site_name\" content=\"WISO Steuer: Nr.1 App f\u00fcr die Steuererkl\u00e4rung\" \/>\n<meta property=\"article:published_time\" content=\"2024-04-30T07:40:50+00:00\" \/>\n<meta property=\"article:modified_time\" content=\"2024-12-19T07:57:15+00:00\" \/>\n<meta property=\"og:image\" content=\"https:\/\/www.buhl.de\/steuer\/wp-content\/uploads\/sites\/31\/2022\/08\/uebernachtungspauschale-lkwfahrer-steuer-titelbild.jpg\" \/>\n\t<meta property=\"og:image:width\" content=\"976\" \/>\n\t<meta property=\"og:image:height\" content=\"400\" \/>\n\t<meta property=\"og:image:type\" content=\"image\/jpeg\" \/>\n<meta name=\"author\" content=\"Udo Reu\u00df\" \/>\n<meta name=\"twitter:card\" content=\"summary_large_image\" \/>\n<meta name=\"twitter:label1\" content=\"Verfasst von\" \/>\n\t<meta name=\"twitter:data1\" content=\"Udo Reu\u00df\" \/>\n\t<meta name=\"twitter:label2\" content=\"Gesch\u00e4tzte Lesezeit\" \/>\n\t<meta name=\"twitter:data2\" content=\"8\u00a0Minuten\" \/>\n<script type=\"application\/ld+json\" class=\"yoast-schema-graph\">{\"@context\":\"https:\/\/schema.org\",\"@graph\":[{\"@type\":\"Article\",\"@id\":\"https:\/\/www.buhl.de\/steuer\/ratgeber\/uebernachtungspauschale-lkw-fahrer\/#article\",\"isPartOf\":{\"@id\":\"https:\/\/www.buhl.de\/steuer\/ratgeber\/uebernachtungspauschale-lkw-fahrer\/\"},\"author\":{\"name\":\"Udo Reu\u00df\",\"@id\":\"https:\/\/www.buhl.de\/steuer\/#\/schema\/person\/03b5508d4c85dc193be95cb4e2d78423\"},\"headline\":\"\u00dcbernachtungspauschale f\u00fcr Lkw-Fahrer\",\"datePublished\":\"2024-04-30T07:40:50+00:00\",\"dateModified\":\"2024-12-19T07:57:15+00:00\",\"mainEntityOfPage\":{\"@id\":\"https:\/\/www.buhl.de\/steuer\/ratgeber\/uebernachtungspauschale-lkw-fahrer\/\"},\"wordCount\":1438,\"publisher\":{\"@id\":\"https:\/\/www.buhl.de\/steuer\/#organization\"},\"image\":{\"@id\":\"https:\/\/www.buhl.de\/steuer\/ratgeber\/uebernachtungspauschale-lkw-fahrer\/#primaryimage\"},\"thumbnailUrl\":\"https:\/\/www.buhl.de\/steuer\/wp-content\/uploads\/sites\/31\/2022\/08\/uebernachtungspauschale-lkwfahrer-steuer-titelbild.jpg\",\"articleSection\":[\"Ratgeber: Steuern &amp; Gehalt\",\"Steuern aktuell: Steuer-Tipps zum Sparen\"],\"inLanguage\":\"de\"},{\"@type\":\"WebPage\",\"@id\":\"https:\/\/www.buhl.de\/steuer\/ratgeber\/uebernachtungspauschale-lkw-fahrer\/\",\"url\":\"https:\/\/www.buhl.de\/steuer\/ratgeber\/uebernachtungspauschale-lkw-fahrer\/\",\"name\":\"\u00dcbernachtungspauschale: Geld zur\u00fcck f\u00fcr die Nacht im Lkw\",\"isPartOf\":{\"@id\":\"https:\/\/www.buhl.de\/steuer\/#website\"},\"primaryImageOfPage\":{\"@id\":\"https:\/\/www.buhl.de\/steuer\/ratgeber\/uebernachtungspauschale-lkw-fahrer\/#primaryimage\"},\"image\":{\"@id\":\"https:\/\/www.buhl.de\/steuer\/ratgeber\/uebernachtungspauschale-lkw-fahrer\/#primaryimage\"},\"thumbnailUrl\":\"https:\/\/www.buhl.de\/steuer\/wp-content\/uploads\/sites\/31\/2022\/08\/uebernachtungspauschale-lkwfahrer-steuer-titelbild.jpg\",\"datePublished\":\"2024-04-30T07:40:50+00:00\",\"dateModified\":\"2024-12-19T07:57:15+00:00\",\"description\":\"Du bist immer im Lkw unterwegs? \u2708\ufe0f Dann kannst du daf\u00fcr Geld vom Finanzamt bekommen. \u23e9 Wir zeigen dir, wie das geht.\",\"breadcrumb\":{\"@id\":\"https:\/\/www.buhl.de\/steuer\/ratgeber\/uebernachtungspauschale-lkw-fahrer\/#breadcrumb\"},\"inLanguage\":\"de\",\"potentialAction\":[{\"@type\":\"ReadAction\",\"target\":[\"https:\/\/www.buhl.de\/steuer\/ratgeber\/uebernachtungspauschale-lkw-fahrer\/\"]}]},{\"@type\":\"ImageObject\",\"inLanguage\":\"de\",\"@id\":\"https:\/\/www.buhl.de\/steuer\/ratgeber\/uebernachtungspauschale-lkw-fahrer\/#primaryimage\",\"url\":\"https:\/\/www.buhl.de\/steuer\/wp-content\/uploads\/sites\/31\/2022\/08\/uebernachtungspauschale-lkwfahrer-steuer-titelbild.jpg\",\"contentUrl\":\"https:\/\/www.buhl.de\/steuer\/wp-content\/uploads\/sites\/31\/2022\/08\/uebernachtungspauschale-lkwfahrer-steuer-titelbild.jpg\",\"width\":976,\"height\":400},{\"@type\":\"BreadcrumbList\",\"@id\":\"https:\/\/www.buhl.de\/steuer\/ratgeber\/uebernachtungspauschale-lkw-fahrer\/#breadcrumb\",\"itemListElement\":[{\"@type\":\"ListItem\",\"position\":1,\"name\":\"Steuererkl\u00e4rung\",\"item\":\"https:\/\/www.buhl.de\/steuer\/\"},{\"@type\":\"ListItem\",\"position\":2,\"name\":\"\u00dcbernachtungspauschale f\u00fcr Lkw-Fahrer\"}]},{\"@type\":\"WebSite\",\"@id\":\"https:\/\/www.buhl.de\/steuer\/#website\",\"url\":\"https:\/\/www.buhl.de\/steuer\/\",\"name\":\"WISO Steuer: Nr. 1 Steuer-App\",\"description\":\"\",\"publisher\":{\"@id\":\"https:\/\/www.buhl.de\/steuer\/#organization\"},\"potentialAction\":[{\"@type\":\"SearchAction\",\"target\":{\"@type\":\"EntryPoint\",\"urlTemplate\":\"https:\/\/www.buhl.de\/steuer\/?s={search_term_string}\"},\"query-input\":{\"@type\":\"PropertyValueSpecification\",\"valueRequired\":true,\"valueName\":\"search_term_string\"}}],\"inLanguage\":\"de\"},{\"@type\":\"Organization\",\"@id\":\"https:\/\/www.buhl.de\/steuer\/#organization\",\"name\":\"WISO Steuer | Buhl Data Service GmbH\",\"url\":\"https:\/\/www.buhl.de\/steuer\/\",\"logo\":{\"@type\":\"ImageObject\",\"inLanguage\":\"de\",\"@id\":\"https:\/\/www.buhl.de\/steuer\/#\/schema\/logo\/image\/\",\"url\":\"https:\/\/www.buhl.de\/steuer\/wp-content\/uploads\/sites\/31\/2026\/02\/logo-wiso-steuer-app.svg\",\"contentUrl\":\"https:\/\/www.buhl.de\/steuer\/wp-content\/uploads\/sites\/31\/2026\/02\/logo-wiso-steuer-app.svg\",\"width\":375,\"height\":72,\"caption\":\"WISO Steuer | Buhl Data Service GmbH\"},\"image\":{\"@id\":\"https:\/\/www.buhl.de\/steuer\/#\/schema\/logo\/image\/\"}},{\"@type\":\"Person\",\"@id\":\"https:\/\/www.buhl.de\/steuer\/#\/schema\/person\/03b5508d4c85dc193be95cb4e2d78423\",\"name\":\"Udo Reu\u00df\",\"image\":{\"@type\":\"ImageObject\",\"inLanguage\":\"de\",\"@id\":\"https:\/\/www.buhl.de\/steuer\/#\/schema\/person\/image\/\",\"url\":\"https:\/\/www.buhl.de\/steuer\/wp-content\/uploads\/sites\/31\/2024\/07\/udo.png\",\"contentUrl\":\"https:\/\/www.buhl.de\/steuer\/wp-content\/uploads\/sites\/31\/2024\/07\/udo.png\",\"caption\":\"Udo Reu\u00df\"},\"sameAs\":[\"https:\/\/www.buhl.de\/steuer\/autoren\/udo-reuss\/\"]}]}<\/script>\n<!-- \/ Yoast SEO Premium plugin. -->","yoast_head_json":{"title":"\u00dcbernachtungspauschale: Geld zur\u00fcck f\u00fcr die Nacht im Lkw","description":"Du bist immer im Lkw unterwegs? \u2708\ufe0f Dann kannst du daf\u00fcr Geld vom Finanzamt bekommen. \u23e9 Wir zeigen dir, wie das geht.","robots":{"index":"index","follow":"follow","max-snippet":"max-snippet:-1","max-image-preview":"max-image-preview:large","max-video-preview":"max-video-preview:-1"},"canonical":"https:\/\/www.buhl.de\/steuer\/ratgeber\/uebernachtungspauschale-lkw-fahrer\/","og_locale":"de_DE","og_type":"article","og_title":"\u00dcbernachtungspauschale f\u00fcr Lkw-Fahrer","og_description":"Du bist immer im Lkw unterwegs? \u2708\ufe0f Dann kannst du daf\u00fcr Geld vom Finanzamt bekommen. \u23e9 Wir zeigen dir, wie das geht.","og_url":"https:\/\/www.buhl.de\/steuer\/ratgeber\/uebernachtungspauschale-lkw-fahrer\/","og_site_name":"WISO Steuer: Nr.1 App f\u00fcr die Steuererkl\u00e4rung","article_published_time":"2024-04-30T07:40:50+00:00","article_modified_time":"2024-12-19T07:57:15+00:00","og_image":[{"width":976,"height":400,"url":"https:\/\/www.buhl.de\/steuer\/wp-content\/uploads\/sites\/31\/2022\/08\/uebernachtungspauschale-lkwfahrer-steuer-titelbild.jpg","type":"image\/jpeg"}],"author":"Udo Reu\u00df","twitter_card":"summary_large_image","twitter_misc":{"Verfasst von":"Udo Reu\u00df","Gesch\u00e4tzte Lesezeit":"8\u00a0Minuten"},"schema":{"@context":"https:\/\/schema.org","@graph":[{"@type":"Article","@id":"https:\/\/www.buhl.de\/steuer\/ratgeber\/uebernachtungspauschale-lkw-fahrer\/#article","isPartOf":{"@id":"https:\/\/www.buhl.de\/steuer\/ratgeber\/uebernachtungspauschale-lkw-fahrer\/"},"author":{"name":"Udo Reu\u00df","@id":"https:\/\/www.buhl.de\/steuer\/#\/schema\/person\/03b5508d4c85dc193be95cb4e2d78423"},"headline":"\u00dcbernachtungspauschale f\u00fcr Lkw-Fahrer","datePublished":"2024-04-30T07:40:50+00:00","dateModified":"2024-12-19T07:57:15+00:00","mainEntityOfPage":{"@id":"https:\/\/www.buhl.de\/steuer\/ratgeber\/uebernachtungspauschale-lkw-fahrer\/"},"wordCount":1438,"publisher":{"@id":"https:\/\/www.buhl.de\/steuer\/#organization"},"image":{"@id":"https:\/\/www.buhl.de\/steuer\/ratgeber\/uebernachtungspauschale-lkw-fahrer\/#primaryimage"},"thumbnailUrl":"https:\/\/www.buhl.de\/steuer\/wp-content\/uploads\/sites\/31\/2022\/08\/uebernachtungspauschale-lkwfahrer-steuer-titelbild.jpg","articleSection":["Ratgeber: Steuern &amp; Gehalt","Steuern aktuell: Steuer-Tipps zum Sparen"],"inLanguage":"de"},{"@type":"WebPage","@id":"https:\/\/www.buhl.de\/steuer\/ratgeber\/uebernachtungspauschale-lkw-fahrer\/","url":"https:\/\/www.buhl.de\/steuer\/ratgeber\/uebernachtungspauschale-lkw-fahrer\/","name":"\u00dcbernachtungspauschale: Geld zur\u00fcck f\u00fcr die Nacht im Lkw","isPartOf":{"@id":"https:\/\/www.buhl.de\/steuer\/#website"},"primaryImageOfPage":{"@id":"https:\/\/www.buhl.de\/steuer\/ratgeber\/uebernachtungspauschale-lkw-fahrer\/#primaryimage"},"image":{"@id":"https:\/\/www.buhl.de\/steuer\/ratgeber\/uebernachtungspauschale-lkw-fahrer\/#primaryimage"},"thumbnailUrl":"https:\/\/www.buhl.de\/steuer\/wp-content\/uploads\/sites\/31\/2022\/08\/uebernachtungspauschale-lkwfahrer-steuer-titelbild.jpg","datePublished":"2024-04-30T07:40:50+00:00","dateModified":"2024-12-19T07:57:15+00:00","description":"Du bist immer im Lkw unterwegs? \u2708\ufe0f Dann kannst du daf\u00fcr Geld vom Finanzamt bekommen. \u23e9 Wir zeigen dir, wie das geht.","breadcrumb":{"@id":"https:\/\/www.buhl.de\/steuer\/ratgeber\/uebernachtungspauschale-lkw-fahrer\/#breadcrumb"},"inLanguage":"de","potentialAction":[{"@type":"ReadAction","target":["https:\/\/www.buhl.de\/steuer\/ratgeber\/uebernachtungspauschale-lkw-fahrer\/"]}]},{"@type":"ImageObject","inLanguage":"de","@id":"https:\/\/www.buhl.de\/steuer\/ratgeber\/uebernachtungspauschale-lkw-fahrer\/#primaryimage","url":"https:\/\/www.buhl.de\/steuer\/wp-content\/uploads\/sites\/31\/2022\/08\/uebernachtungspauschale-lkwfahrer-steuer-titelbild.jpg","contentUrl":"https:\/\/www.buhl.de\/steuer\/wp-content\/uploads\/sites\/31\/2022\/08\/uebernachtungspauschale-lkwfahrer-steuer-titelbild.jpg","width":976,"height":400},{"@type":"BreadcrumbList","@id":"https:\/\/www.buhl.de\/steuer\/ratgeber\/uebernachtungspauschale-lkw-fahrer\/#breadcrumb","itemListElement":[{"@type":"ListItem","position":1,"name":"Steuererkl\u00e4rung","item":"https:\/\/www.buhl.de\/steuer\/"},{"@type":"ListItem","position":2,"name":"\u00dcbernachtungspauschale f\u00fcr Lkw-Fahrer"}]},{"@type":"WebSite","@id":"https:\/\/www.buhl.de\/steuer\/#website","url":"https:\/\/www.buhl.de\/steuer\/","name":"WISO Steuer: Nr. 1 Steuer-App","description":"","publisher":{"@id":"https:\/\/www.buhl.de\/steuer\/#organization"},"potentialAction":[{"@type":"SearchAction","target":{"@type":"EntryPoint","urlTemplate":"https:\/\/www.buhl.de\/steuer\/?s={search_term_string}"},"query-input":{"@type":"PropertyValueSpecification","valueRequired":true,"valueName":"search_term_string"}}],"inLanguage":"de"},{"@type":"Organization","@id":"https:\/\/www.buhl.de\/steuer\/#organization","name":"WISO Steuer | Buhl Data Service GmbH","url":"https:\/\/www.buhl.de\/steuer\/","logo":{"@type":"ImageObject","inLanguage":"de","@id":"https:\/\/www.buhl.de\/steuer\/#\/schema\/logo\/image\/","url":"https:\/\/www.buhl.de\/steuer\/wp-content\/uploads\/sites\/31\/2026\/02\/logo-wiso-steuer-app.svg","contentUrl":"https:\/\/www.buhl.de\/steuer\/wp-content\/uploads\/sites\/31\/2026\/02\/logo-wiso-steuer-app.svg","width":375,"height":72,"caption":"WISO Steuer | Buhl Data Service GmbH"},"image":{"@id":"https:\/\/www.buhl.de\/steuer\/#\/schema\/logo\/image\/"}},{"@type":"Person","@id":"https:\/\/www.buhl.de\/steuer\/#\/schema\/person\/03b5508d4c85dc193be95cb4e2d78423","name":"Udo Reu\u00df","image":{"@type":"ImageObject","inLanguage":"de","@id":"https:\/\/www.buhl.de\/steuer\/#\/schema\/person\/image\/","url":"https:\/\/www.buhl.de\/steuer\/wp-content\/uploads\/sites\/31\/2024\/07\/udo.png","contentUrl":"https:\/\/www.buhl.de\/steuer\/wp-content\/uploads\/sites\/31\/2024\/07\/udo.png","caption":"Udo Reu\u00df"},"sameAs":["https:\/\/www.buhl.de\/steuer\/autoren\/udo-reuss\/"]}]}},"acf":[],"wps_subtitle":"Guter Schlaf und gutes Geld","_links":{"self":[{"href":"https:\/\/www.buhl.de\/steuer\/wp-json\/wp\/v2\/posts\/52907","targetHints":{"allow":["GET"]}}],"collection":[{"href":"https:\/\/www.buhl.de\/steuer\/wp-json\/wp\/v2\/posts"}],"about":[{"href":"https:\/\/www.buhl.de\/steuer\/wp-json\/wp\/v2\/types\/post"}],"author":[{"embeddable":true,"href":"https:\/\/www.buhl.de\/steuer\/wp-json\/wp\/v2\/users\/220"}],"replies":[{"embeddable":true,"href":"https:\/\/www.buhl.de\/steuer\/wp-json\/wp\/v2\/comments?post=52907"}],"version-history":[{"count":20,"href":"https:\/\/www.buhl.de\/steuer\/wp-json\/wp\/v2\/posts\/52907\/revisions"}],"predecessor-version":[{"id":69080,"href":"https:\/\/www.buhl.de\/steuer\/wp-json\/wp\/v2\/posts\/52907\/revisions\/69080"}],"wp:featuredmedia":[{"embeddable":true,"href":"https:\/\/www.buhl.de\/steuer\/wp-json\/wp\/v2\/media\/52913"}],"wp:attachment":[{"href":"https:\/\/www.buhl.de\/steuer\/wp-json\/wp\/v2\/media?parent=52907"}],"wp:term":[{"taxonomy":"category","embeddable":true,"href":"https:\/\/www.buhl.de\/steuer\/wp-json\/wp\/v2\/categories?post=52907"},{"taxonomy":"post_tag","embeddable":true,"href":"https:\/\/www.buhl.de\/steuer\/wp-json\/wp\/v2\/tags?post=52907"}],"curies":[{"name":"wp","href":"https:\/\/api.w.org\/{rel}","templated":true}]}}