{"id":54291,"date":"2022-11-15T09:00:40","date_gmt":"2022-11-15T08:00:40","guid":{"rendered":"https:\/\/www.buhl.de\/steuer\/?p=54291"},"modified":"2024-07-31T10:34:42","modified_gmt":"2024-07-31T08:34:42","slug":"bafoeg","status":"publish","type":"post","link":"https:\/\/www.buhl.de\/steuer\/ratgeber\/bafoeg\/","title":{"rendered":"BAf\u00f6G &amp; Steuern"},"content":{"rendered":"<p>Das Studium kann ganz sch\u00f6n kostspielig werden. Wer keine finanzielle Unterst\u00fctzung durch die Eltern bekommt, kann auf die Hilfe vom Staat zur\u00fcckgreifen. Doch muss die Finanzspritze <strong>BAf\u00f6G<\/strong> in die Steuererkl\u00e4rung eingetragen werden? Welche Auswirkungen hat BAf\u00f6G auf die Steuer?<\/p>\n<p><!--more--><\/p>\n<h2>Kurz &amp; knapp<\/h2>\n<ul>\n<li>BAf\u00f6G gibt es vom Staat, um dein Studium oder deine Ausbildung zu finanzieren<\/li>\n<li>Die Zahlungen sind steuerfrei<\/li>\n<li>Weder die Zahlungen, noch die R\u00fcckzahlungen tr\u00e4gst du in die Steuererkl\u00e4rung ein<\/li>\n<li>Mit WISO Steuer kannst du aber viele andere Ausgaben rund um Studium und Ausbildung absetzen<\/li>\n<\/ul>\n<h2>Was ist BAf\u00f6G?<\/h2>\n<p>BAf\u00f6G steht f\u00fcr <a title=\"Weitere Informationen lesen\" href=\"https:\/\/www.xn--bafg-7qa.de\/bafoeg\/de\/rechtsgrundlagen\/bundesausbildungsfoerderungsgesetz-bafoeg\/bundesausbildungsfoerderungsgesetz-bafoeg.html\" target=\"_blank\" rel=\"noopener\">Bundesausbildungsf\u00f6rderungsgesetz<\/a>. Ziel dieses Gesetzes ist es, jungen Menschen den Zugang zu Bildung zu erm\u00f6glichen \u2013 unabh\u00e4ngig von dem wirtschaftlichen oder sozialen Hintergrund. Wer eine <strong>Erstausbildung<\/strong> macht, bekommt nach Antragszustimmung finanzielle Unterst\u00fctzung vom Staat.<\/p>\n<h3>Voraussetzungen f\u00fcr BAf\u00f6G<\/h3>\n<p>BAf\u00f6G bekommt nicht jeder. Du musst ein Antrag beim zust\u00e4ndigen Amt f\u00fcr Ausbildungsf\u00f6rderung stellen. Die Kriterien bei der Pr\u00fcfung des Antrags sind folgende:<\/p>\n<h4>Ausbildungsst\u00e4tte<\/h4>\n<p>Laut <a title=\"Gesetzestext lesen\" href=\"https:\/\/www.gesetze-im-internet.de\/baf_g\/__2.html\" target=\"_blank\" rel=\"noopener\">\u00a7 2 BAf\u00f6G<\/a> muss die Ausbildung an einem der folgenden Institutionen absolviert werden:<\/p>\n<ul>\n<li>weiterf\u00fchrende allgemeinbildende Schulen ab Klasse 10<\/li>\n<li>Berufsfachschulen<\/li>\n<li>Fach- und Fachoberschulklassen<\/li>\n<li>Abendhauptschulen, Berufsaufbauschulen, Abendrealschulen, Abendgymnasien und Kollegs<\/li>\n<li>H\u00f6heren Fachschulen und Akademien<\/li>\n<li>Hochschulen<\/li>\n<li>private Berufsakademien<\/li>\n<\/ul>\n<h4>Staatsangeh\u00f6rigkeit<\/h4>\n<p>Wer die deutsche Staatsb\u00fcrgerschaft hat, kann BAf\u00f6G bekommen. Aber auch Ausl\u00e4nder werden gef\u00f6rdert, wenn eine Bleibeperspektive in Deutschland gegeben ist und die Person gesellschaftlich integriert ist. Das ist zum Beispiel bei Migranten und Gefl\u00fcchteten der Fall.<\/p>\n<h4>Alter<\/h4>\n<p>Der Antritt deiner Ausbildung muss vor dem Ende des 45. Lebensjahres liegen. Es gibt aber auch einige <a title=\"Weitere Informationen lesen\" href=\"https:\/\/www.xn--bafg-7qa.de\/bafoeg\/de\/das-bafoeg-alle-infos-auf-einen-blick\/einzelfragen-der-foerderung\/gibt-es-eine-altersgrenze\/gibt-es-eine-altersgrenze_node.html\" target=\"_blank\" rel=\"noopener\">Ausnahmen<\/a>. Durch einen Antrag auf Vorabentscheidung beim Amt f\u00fcr Ausbildungsf\u00f6rderung kannst du herausfinden, ob bei dir eine Ausnahme bei der Altersbeschr\u00e4nkung gemacht werden kann.<\/p>\n<h2>Muss BAf\u00f6G in die Steuererkl\u00e4rung eingetragen werden?<\/h2>\n<p>Nein, du musst BAf\u00f6G nicht in deine <a title=\"Steuererkl\u00e4rung einfach online machen\" href=\"https:\/\/www.buhl.de\/steuer\/ratgeber\/steuererklaerung-machen\/\">Steuererkl\u00e4rung<\/a> eintragen. Das liegt daran, dass Bez\u00fcge aus \u00f6ffentlichen Mitteln <strong>steuerfrei<\/strong> sind. So steht es in <a title=\"Gesetzestext lesen\" href=\"https:\/\/www.gesetze-im-internet.de\/estg\/__3.html\" target=\"_blank\" rel=\"noopener\">\u00a7 3 Abs. 11 EStG<\/a> (Einkommensteuergesetz).<\/p>\n<h2>Kann ich BAf\u00f6G-R\u00fcckzahlungen von der Steuer absetzen?<\/h2>\n<p>Auch hier lautet die Antwort: Nein. Grund daf\u00fcr ist, dass du bei Krediten zu Bildungszwecken nicht die Tilgungszahlungen, sondern nur die Zinsen von der Steuer absetzen kannst. BAf\u00f6G muss man in der Regel nur zum Teil zur\u00fcckzahlen. Und dieser Teil ist sogar noch\u00a0zinsfrei, also f\u00e4llt diese Option f\u00fcr dich weg.<\/p>\n\r\n    <div class=\"white-background store-notification \">\r\n        <div class=\"yellow-background\">\r\n            <div class=\"container\">\r\n                <div class=\"row justify-content-center justify-content-md-start justify-content-lg-center\">\r\n                    <div class=\"col-12 inner-modul-spacing-default\"><\/div>\r\n\r\n                    <div class=\"col-12\">\r\n                        <div class=\"row\">\r\n                            <div class=\"offset-lg-1 col-12 col-md-5 col-lg-4 text-center text-md-right d-flex flex-column justify-content-center align-items-center align-items-lg-end mb-0  \">\r\n                                <p class=\"font-cairo-1 fw700 blue-font headline-spacing-50 blue-font headline-spacing-30 sm-only\">Du m\u00f6chtest WISO&nbsp;Steuer ausprobieren?<\/p>\r\n                                <p class=\"font-source-sans-pro-1 blue-font headline-spacing-50\">Starte jetzt einfach deinen kostenlosen Test. Anonym, ohne Verpflichtungen und so lange du m\u00f6chtest. Erst bei der Abgabe an das Finanzamt fallen Geb\u00fchren an.<br\/>Das hei\u00dft: Null Risiko f\u00fcr dich.<\/p>\r\n                                \r\n                                \r\n                                    <a class=\"d-none d-lg-flex font-cairo-2 fw700 justify-content-center align-items-center w-230 headline-spacing-50 secondary \"\r\n                                        role=\"button\"\r\n                                        id=\"testen-ausprobieren\"\r\n                                        href=\"https:\/\/www.buhl.de\/mein-buhlkonto\/?buhlparam=2100101\"\r\n                                        target=\"_self\"\r\n                                        title=\"Kostenlos & unverbindlich testen\"\r\n                                        onclick=\"dataLayer.push({'event': 'ButtonClick SW','sw-button': 'click-testen'});\">\r\n                                        Kostenlos testen\r\n                                    <\/a>                                    \r\n                                \r\n                                \r\n                                \r\n                                    <a class=\"d-flex d-lg-none font-cairo-2 fw700 justify-content-center align-items-center w-230 headline-spacing-50 secondary \"\r\n                                        role=\"button\"\r\n                                        id=\"testen-ausprobieren\"\r\n                                        href=\"https:\/\/www.buhl.de\/mein-buhlkonto\/?buhlparam=2100101\"\r\n                                        target=\"_self\"\r\n                                        title=\"Kostenlos & unverbindlich testen\"\r\n                                        onclick=\"dataLayer.push({'event': 'ButtonClick SW','sw-button': 'click-mobile-starten'});\">\r\n                                        Kostenlos testen\r\n                                    <\/a>         \r\n                                \r\n                                \r\n                                \r\n                            <\/div>\r\n                            \r\n                            \r\n\r\n\r\n\t\t   \t\t\t\t\t \r\n\t\t\t\t\t\t\t<div class=\"d-flex offset-md-1 col-12 col-md-5 justify-content-center justify-content-lg-start align-items-center \"> \r\n\t\t\t\t\t\t\t\t<picture class=\"picture-spacing  \">\r\n\t\t\t\t\t\t\t\t\t<source media=\"(min-width: 992px)\" srcset=\"https:\/\/www.buhl.de\/steuer\/wp-content\/themes\/steuer-web\/buhl-steuer\/assets\/store-notification\/test-it\/wiso-steuer-abruf-kostenlos-testen.svg\">\r\n\t\t\t\t\t\t\t\t\t<source media=\"(min-width: 768px)\" srcset=\"https:\/\/www.buhl.de\/steuer\/wp-content\/themes\/steuer-web\/buhl-steuer\/assets\/store-notification\/test-it\/wiso-steuer-abruf-kostenlos-testen.svg\">\r\n\t\t\t\t\t\t\t\t\t<source media=\"(min-width: 1px)\" srcset=\"https:\/\/www.buhl.de\/steuer\/wp-content\/themes\/steuer-web\/buhl-steuer\/assets\/store-notification\/test-it\/wiso-steuer-abruf-kostenlos-testen.svg\">\r\n\t\t\t\t\t\t\t\t\t<img loading=\"lazy\" class=\" img-fluid\"\r\n\t\t\t\t\t\t\t\t\t\t\talt=\"Steuer-App Beispiel\" \r\n\t\t\t\t\t\t\t\t\t\t\ttitle=\"Steuer-App herunterladen\"\r\n\t\t\t\t\t\t\t\t\t\t\tsrc=\"https:\/\/www.buhl.de\/steuer\/wp-content\/themes\/steuer-web\/buhl-steuer\/assets\/store-notification\/test-it\/wiso-steuer-abruf-kostenlos-testen.svg\" >\r\n\t\t\t\t\t\t\t\t<\/picture>\r\n                            <\/div>\r\n                            \r\n                        <\/div>\r\n                    <\/div>\r\n                <\/div>\r\n            <\/div>\r\n        <\/div>\r\n    <\/div>\r\n\r\n        <div class=\"spacing-modul  \">\r\n            <div class=\"container spacing-modul\">\r\n               <div class=\"row\">\r\n                   <div id=\"\" class=\"anchor\"><\/div>\r\n                   <div class=\"col-12 modul-spacing-default-b\"><\/div>\r\n                   <div class=\"col-12 modul-spacing-default-b\"><\/div>\r\n               <\/div>\r\n            <\/div>\r\n        <\/div>\r\n    \n<h2>Studium und Ausbildung von der Steuer absetzen<\/h2>\n<p>Auch wenn die R\u00fcckzahlungen von BAf\u00f6G nicht in die Steuererkl\u00e4rung geh\u00f6ren, kannst du andere Kosten rund um dein Studium beziehungsweise deine Ausbildung von der Steuer absetzen. Welche Ausgaben sind das?<\/p>\n<h3>Studiengeb\u00fchren &amp; Co.<\/h3>\n<p>Du hast Studiengeb\u00fchren, Semesterbeitr\u00e4ge oder Bibliotheksgeb\u00fchren selbst bezahlt? Dann kannst du sie in deiner Steuererkl\u00e4rung bei den Ausbildungs- beziehungsweise Fortbildungskosten eintragen.<\/p>\n<h3>Fahrtkosten<\/h3>\n<p>Als <a title=\"Steuererkl\u00e4rung f\u00fcr Studenten\" href=\"https:\/\/www.buhl.de\/steuer\/steuererklaerung-studenten\/\">Student<\/a> ist die Universit\u00e4t deine erste T\u00e4tigkeitsst\u00e4tte. Fahrten zu Vorlesungen, Lerngruppen und der Bibliothek kannst du als Fahrtkosten absetzen. <a title=\"Steuererkl\u00e4rung f\u00fcr Azubis\" href=\"https:\/\/www.buhl.de\/steuer\/steuererklaerung-azubi\/\">Auszubildende<\/a> geben den Weg zum Ausbildungsbetrieb oder in die Berufsschule an. Dabei ist es egal, wie oder womit du f\u00e4hrst oder sogar zu Fu\u00df gehst. Es gilt die <a title=\"Pendlerpauschale absetzen\" href=\"https:\/\/www.buhl.de\/steuer\/ratgeber\/pendlerpauschale\/\">Pendlerpauschale<\/a> mit 0,30 Euro pro Kilometer. Ab dem 21. Kilometer gibt\u2019s seit 2022 sogar 0,38 Euro.<\/p>\n<h3>Fachliteratur und B\u00fcromaterial<\/h3>\n<p>Du kannst Schreibutensilien und <a title=\"Fachliteratur absetzen\" href=\"https:\/\/www.buhl.de\/steuer\/ratgeber\/fachliteratur-absetzen\/\">Fachliteratur absetzen<\/a>. In der Steuererkl\u00e4rung tr\u00e4gst du dabei die tats\u00e4chlichen Kosten ein. Daf\u00fcr bewahrst du die Rechnungen und Kassenzettel auf. Die meisten Finanz\u00e4mter akzeptieren auch eine Pauschale f\u00fcr <a title=\"Arbeitsmittel absetzen\" href=\"https:\/\/www.buhl.de\/steuer\/ratgeber\/arbeitsmittel-absetzen\/\">Arbeitsmittel<\/a> in der Steuererkl\u00e4rung. Je nach Bundesland liegt sie bei 103 beziehungsweise 110 Euro.<\/p>\n\r\n        <div class=\"white-background\">\r\n            <div class=\"container\">\r\n                <div class=\"content expert-blog-module blog-wrapper\">\r\n                    <div class=\"row\">\r\n                        <div class=\"d-flex align-items-center text-center text-lg-left align-items-xl-start flex-column flex-xl-row col-12 offset-lg-2 col-lg-8 offset-xl-1 col-xl-9\">\r\n                            <img decoding=\"async\" loading=\"lazy\" class=\"img-fluid\" src=\"https:\/\/www.buhl.de\/steuer\/wp-content\/themes\/steuer-web\/buhl-steuer\/assets\/blog\/blog-module\/experten-tipp-icon.svg\" alt=\"Experten Tipp\" title=\"Experten Tipp\" \/>\r\n                            <div class=\"d-flex flex-column\">\r\n                                <h3 class=\"font-source-sans-pro-10 fw700 blue-font headline\">Ganz ohne M\u00fcll<\/h3><div class=\"font-source-sans-pro-1 blue-font\">Noch einfacher ist es mit dem <a title=\"Belege digital verwalten\" href=\"https:\/\/www.buhl.de\/steuer\/steuer-scan-app\/\">Steuer-Scan<\/a>. Du fotografierst deine Belege mit dem Smartphone ab und sie landen automatisch in deiner Steuererkl\u00e4rung. Und du hast keine Zettelwirtschaft mehr.<\/div><\/div>\r\n                        <\/div>\r\n                    <\/div>\r\n                <\/div>\r\n            <\/div>\r\n        <\/div>\r\n    \r\n        <div class=\"spacing-modul  \">\r\n            <div class=\"container spacing-modul\">\r\n               <div class=\"row\">\r\n                   <div id=\"\" class=\"anchor\"><\/div>\r\n                   <div class=\"col-12 modul-spacing-default-b\"><\/div>\r\n                   <div class=\"col-12 modul-spacing-default-b\"><\/div>\r\n               <\/div>\r\n            <\/div>\r\n        <\/div>\r\n    \n<h3>Laptop, Tablet und Handy<\/h3>\n<p>Du hast dir f\u00fcr das Studium oder die Ausbildung Laptop &amp; Co. angeschafft? Die Kosten kannst du in deiner Steuererkl\u00e4rung angeben. Ab 2021 sogar den gesamten Kaufpreis. Du musst die Anschaffungskosten nicht zwingend auf die Nutzungsdauer aufteilen. Falls du die Ger\u00e4te auch privat nutzt, musst du den prozentualen Anteil der privaten Nutzung von den Kosten abziehen.<\/p>\n\r\n        <div class=\"white-background small-module\">\r\n            <div class=\"container\">\r\n                <div class=\"row\">\r\n                    <div class=\"col-12\">\r\n                        <div class=\"content blog-read-more\">\r\n                <a role=\"button\" onclick=\"dataLayer.push({'event': 'ButtonClick SW','sw-button': 'read-more-click-intext'});\" class=\"d-flex flex-column flex-md-row\" href=\"https:\/\/www.buhl.de\/steuer\/ratgeber\/computer-steuer-absetzen\/\">\r\n                    <div class=\"img-size\">\r\n                        <img decoding=\"async\" loading=\"lazy\" alt=\"\" title=\"Computer &amp; Laptop von der Steuer absetzen\" src=\"https:\/\/www.buhl.de\/steuer\/wp-content\/uploads\/sites\/31\/2021\/12\/computer-steuer-absetzen-titelbild.jpg\" \/>\r\n                    <\/div>\r\n                    <div class=\"w-100 d-flex flex-column justify-content-center\">\r\n                        <div class=\"font-cairo-7 fw700 ellipsis-two-row blue-font\">Computer &amp; Laptop von der Steuer absetzen<\/div>\r\n                        <div class=\"font-source-sans-pro-1 ellipsis-two-row blue-font headline-spacing-10\"><p>Diese Regeln gelten f\u00fcr PC, Laptop, Bildschirm &amp; Co.<\/div>\r\n                        <div class=\"font-source-sans-pro-1 position-relative orange-font\">weiterlesen <span class=\"arrow-right-orange\"><\/span><\/div>\r\n                    <\/div>\r\n                <\/a>\r\n                        <\/div>\r\n                    <\/div>\r\n                <\/div>\r\n            <\/div>\r\n        <\/div>\r\n    \r\n        <div class=\"spacing-modul  \">\r\n            <div class=\"container spacing-modul\">\r\n               <div class=\"row\">\r\n                   <div id=\"\" class=\"anchor\"><\/div>\r\n                   <div class=\"col-12 modul-spacing-default-b\"><\/div>\r\n                   <div class=\"col-12 modul-spacing-default-b\"><\/div>\r\n               <\/div>\r\n            <\/div>\r\n        <\/div>\r\n    \n\r\n        <div class=\"white-background\">\r\n            <div class=\"container\">\r\n                <div class=\"blog-example\">\r\n                    <div class=\"row\">\r\n                        <div class=\"col-12 offset-lg-2 col-lg-8 text-center text-lg-left\">\r\n                            <div class=\"d-flex flex-column align-items-center\">\r\n                                <img decoding=\"async\" loading=\"lazy\" class=\"img-fluid circle-image\" src=\"https:\/\/www.buhl.de\/steuer\/wp-content\/themes\/steuer-web\/buhl-steuer\/assets\/blog\/blog-example\/arbeitnehmer-beispiel.svg\" alt=\"Beispiel Arbeitnehmer\" title=\"Beispiel\" \/>\r\n                                <h3 class=\"font-source-sans-pro-10 fw700 blue-font headline\">Beispiel: Laptop von der Steuer absetzen<\/h3>\r\n                            <\/div><div class=\"font-source-sans-pro-1 blue-font\">Stefan hat sich f\u00fcr sein Studium einen Laptop gekauft. Er hat daf\u00fcr 800 Euro bezahlt. Neben seinem Studium benutzt Stefan den Laptop auch im Privatleben. Etwa 50 Prozent der Nutzung sind f\u00fcr sein Studium, die anderen 50 Prozent f\u00fcr alles andere.<\/p>\n<ul>\n<li>800 Euro x 50 % = 400 Euro<\/li>\n<\/ul>\n<p>Ergebnis: Stefan kann\u00a0 400 Euro f\u00fcr den Laptop in der Steuererkl\u00e4rung angeben.<\/div><\/div>\r\n                    <\/div>\r\n                <\/div>\r\n            <\/div>\r\n        <\/div>\r\n    \r\n        <div class=\"spacing-modul  \">\r\n            <div class=\"container spacing-modul\">\r\n               <div class=\"row\">\r\n                   <div id=\"\" class=\"anchor\"><\/div>\r\n                   <div class=\"col-12 modul-spacing-default-b\"><\/div>\r\n                   <div class=\"col-12 modul-spacing-default-b\"><\/div>\r\n               <\/div>\r\n            <\/div>\r\n        <\/div>\r\n    \n<h3>Internetkosten, Homeoffice-Pauschale<\/h3>\n<p>Corona ging mit vielen Schulschlie\u00dfungen einher. Wenn du von zu Hause aus an Vorlesungen teilgenommen hast, dann kannst du auch die Kosten f\u00fcr Internet ansetzen. Pauschal sind das 20 Prozent deiner Gesamtkosten, h\u00f6chstens aber 20 Euro im Monat. Das sind 480 Euro im Jahr.<\/p>\n<p>Au\u00dferdem ist es m\u00f6glich, die <a title=\"Homeoffice-Pauschale absetzen\" href=\"https:\/\/www.buhl.de\/steuer\/ratgeber\/homeoffice-arbeitszimmer\/\">Homeoffice-Pauschale<\/a> zu nutzen. Daf\u00fcr gibt\u2019s 5 Euro pro Tag, maximal 600 Euro.<\/p>\n\r\n        <div class=\"white-background\">\r\n            <div class=\"container\">\r\n                <div class=\"content info-blog-modul blog-wrapper\">\r\n                    <div class=\"row\">\r\n                        <div class=\"d-flex align-items-center text-center text-lg-left align-items-xl-start flex-column flex-xl-row col-12 offset-lg-2 col-lg-8 offset-xl-1 col-xl-9\">\r\n                            <img decoding=\"async\" loading=\"lazy\" class=\"img-fluid\" src=\"https:\/\/www.buhl.de\/steuer\/wp-content\/themes\/steuer-web\/buhl-steuer\/assets\/blog\/blog-module\/info-icon.svg\" alt=\"Information zum Thema\" title=\"Information zum Thema\" \/>\r\n                            <div class=\"d-flex flex-column\">\r\n                                <h3 class=\"font-source-sans-pro-10 fw700 blue-font headline\">Maximalbetrag erh\u00f6ht sich<\/h3><div class=\"font-source-sans-pro-1 blue-font\">Ab 2023 kannst du sogar bis zu 1.260 Euro f\u00fcr Tage im Homeoffice angeben.<\/div><\/div>\r\n                        <\/div>\r\n                    <\/div>\r\n                <\/div>\r\n            <\/div>\r\n        <\/div>\r\n    \r\n        <div class=\"spacing-modul  \">\r\n            <div class=\"container spacing-modul\">\r\n               <div class=\"row\">\r\n                   <div id=\"\" class=\"anchor\"><\/div>\r\n                   <div class=\"col-12 modul-spacing-default-b\"><\/div>\r\n                   <div class=\"col-12 modul-spacing-default-b\"><\/div>\r\n               <\/div>\r\n            <\/div>\r\n        <\/div>\r\n    \n<h3>Fortbildungen<\/h3>\n<p>Du hast w\u00e4hrend deines Studiums an einem Exkurs oder einer Forschungsreise teilgenommen? Deine Ausgaben, wie zum Beispiel Fahrtkosten oder Eintritt, z\u00e4hlen zu den Fortbildungskosten. Vergiss nicht, den <a title=\"Verpflegungsmehraufwand absetzen\" href=\"https:\/\/www.buhl.de\/steuer\/ratgeber\/verpflegungsmehraufwand-abwesenheitspauschale\/\">Verpflegungsmehraufwand<\/a> anzugeben.<\/p>\n<h3>Umzug<\/h3>\n<p>Bist du wegen der Ausbildung oder wegen des Studiums umgezogen, kannst du die Umzugskosten in deine Steuererkl\u00e4rung eintragen. Daf\u00fcr gibt es auch eine <a title=\"Umzugskosten von der Steuer absetzen\" href=\"https:\/\/www.buhl.de\/steuer\/ratgeber\/umzugskosten-steuer-absetzen\/\">Umzugskostenpauschale<\/a> (bis zu 886 Euro).<\/p>\n<h3>Bewerbung<\/h3>\n<p>Egal ob online oder in Person \u2013 die <a title=\"Bewerbungskosten absetzen\" href=\"https:\/\/www.buhl.de\/steuer\/ratgeber\/bewerbungskosten-absetzen\/\">Bewerbungskosten<\/a> kannst du in deine Steuererkl\u00e4rung eintragen. Daf\u00fcr rechnet dir das Finanzamt 2,50 Euro pro Online-Bewerbung beziehungsweise 8,50 Euro pro Bewerbungsmappe an. Auch Fahrtkosten f\u00fcr Bewerbungsgespr\u00e4che kannst du absetzen.<\/p>\n<h2>Ich habe kein Einkommen \u2013 was nun?<\/h2>\n<p>Geld gibt\u2019s \u00fcber die Steuererkl\u00e4rung nur dann zur\u00fcck, wenn du auch schon Steuern gezahlt hast. Bei Werkstudenten, Azubis &amp; Co. lohnt sich die Abgabe der Steuererkl\u00e4rung also in den meisten F\u00e4llen, wenn vom Gehalt Lohnsteuer einbehalten wurde. Ein Minijob z\u00e4hlt allerdings nicht dazu. Was aber, wenn man neben dem Studium nicht gearbeitet hat?<\/p>\n<p>In diesem Fall kannst du unter bestimmten Voraussetzungen einen <a title=\"Verlustvortrag: Einfach sp\u00e4ter Steuern sparen\" href=\"https:\/\/www.buhl.de\/steuer\/ratgeber\/verlustvortrag\/\">Verlustvortrag<\/a> geltend machen. Du gibst eine Steuererkl\u00e4rung ab, in der deine Ausgaben deine Einnahmen \u00fcbersteigen. Der Verlust wird vom Finanzamt best\u00e4tigt und du kannst ihn einsetzen, wenn du Vollzeit arbeiten gehst. Der Verlust verringert dann das Einkommen, das du versteuern musst. Unterm Strich zahlst du also weniger Steuern.<\/p>\n\r\n        <div class=\"white-background\">\r\n            <div class=\"container\">\r\n                <div class=\"content blog-wrapper\">\r\n                    <div class=\"row\">\r\n                        <div class=\"d-flex align-items-center text-center text-lg-left align-items-xl-start flex-column flex-xl-row col-12 offset-lg-2 col-lg-8 offset-xl-1 col-xl-9\">\r\n                            <img decoding=\"async\" loading=\"lazy\" class=\"img-fluid\" src=\"https:\/\/www.buhl.de\/steuer\/wp-content\/themes\/steuer-web\/buhl-steuer\/assets\/blog\/blog-module\/achtung-icon.svg\" alt=\"Achtung Icon\" title=\"Achtung\" \/>\r\n                            <div class=\"d-flex flex-column\">\r\n                                <h3 class=\"font-source-sans-pro-10 fw700 blue-font headline\">Kein Verlustvortrag beim Bachelor-Studium<\/h3><div class=\"font-source-sans-pro-1 blue-font\">Wenn du im Bachelor-Studium bist, kannst du keinen Verlustvortrag feststellen lassen. Das liegt daran, dass der Bachelor unter die Ausbildungskosten f\u00e4llt und diese beim Verlustvortrag nicht ber\u00fccksichtigt werden.<\/div><\/div>\r\n                        <\/div>\r\n                    <\/div>\r\n                <\/div>\r\n            <\/div>\r\n        <\/div>\r\n    \r\n        <div class=\"spacing-modul  \">\r\n            <div class=\"container spacing-modul\">\r\n               <div class=\"row\">\r\n                   <div id=\"\" class=\"anchor\"><\/div>\r\n                   <div class=\"col-12 modul-spacing-default-b\"><\/div>\r\n                   <div class=\"col-12 modul-spacing-default-b\"><\/div>\r\n               <\/div>\r\n            <\/div>\r\n        <\/div>\r\n    \n<p>&nbsp;<\/p>\n\r\n        <div class=\"white-background\">\r\n            <div class=\"container headlines \">\r\n                <div class=\"row\">              \r\n                    <div class=\"col-12 d-flex justify-content-start  justify-content-lg-center\">\r\n                    \t<div id=\"\" class=\"anchor\"><\/div>\r\n                        <div class=\"\">\r\n                           <h2 class=\"font-cairo-1 fw700 text-left text-lg-center blue-font \">FAQ: BAf\u00f6G &amp; Steuern<\/h2>                   \r\n                        <\/div>\r\n                    <\/div>\r\n                <\/div>\r\n            <\/div>\r\n        <\/div>\r\n    \n\r\n        <div class=\"white-background\">\r\n            <div class=\"container faq-module blog-download buhl-ap\">\r\n                <div class=\"row\">\r\n                <div class=\"col-12 p-lg-0\">\r\n                \r\n                    <div class=\"accordion accordionFaq\" id=\"accordionFaq\">\n<div class=\"card\">\n<div class=\"d-flex card-header border-0 collapsed\" id=\"heading1\" data-toggle=\"collapse\" data-target=\"#collapse1\"\r\n                    aria-expanded=\"false\" aria-controls=\"collapse1\">                                            \r\n                    <h3 class=\"font-source-sans-pro-1 blue-font no-margin\">Wo muss ich BAf\u00f6G in die Steuererkl\u00e4rung eintragen?<\/h3>\r\n                <\/div>\r\n\n\r\n        <div id=\"collapse1\" class=\"collapse\" aria-labelledby=\"heading1\" data-parent=\"#accordionFaq\">\r\n            <div class=\"card-body\">\r\n                BAf\u00f6G tr\u00e4gst du gar nicht in die <a title=\"Steuererkl\u00e4rung erstellen: So geht's\" href=\"https:\/\/www.buhl.de\/steuer\/ratgeber\/steuererklaerung-machen\/\">Steuererkl\u00e4rung<\/a> ein. Weder die Leistungen, die du bekommst, noch die R\u00fcckzahlungen.                \r\n            <\/div>\r\n        <\/div>\r\n\n<\/div>\n<div class=\"card\">\n<div class=\"d-flex card-header border-0 collapsed\" id=\"heading2\" data-toggle=\"collapse\" data-target=\"#collapse2\"\r\n                    aria-expanded=\"false\" aria-controls=\"collapse2\">                                            \r\n                    <h3 class=\"font-source-sans-pro-1 blue-font no-margin\">Ist BAf\u00f6G Einkommen im Sinne des Einkommensteuerrechts?<\/h3>\r\n                <\/div>\r\n\n\r\n        <div id=\"collapse2\" class=\"collapse\" aria-labelledby=\"heading2\" data-parent=\"#accordionFaq\">\r\n            <div class=\"card-body\">\r\n                Nein, BAf\u00f6G ist steuerfreies Einkommen. Daf\u00fcr musst du keine Einkommensteuer zahlen.                \r\n            <\/div>\r\n        <\/div>\r\n\n<\/div>\n<div class=\"card\">\n<div class=\"d-flex card-header border-0 collapsed\" id=\"heading3\" data-toggle=\"collapse\" data-target=\"#collapse3\"\r\n                    aria-expanded=\"false\" aria-controls=\"collapse3\">                                            \r\n                    <h3 class=\"font-source-sans-pro-1 blue-font no-margin\">K\u00f6nnen Eltern BAf\u00f6G von der Steuer absetzen?<\/h3>\r\n                <\/div>\r\n\r\n        <div id=\"collapse3\" class=\"collapse\" aria-labelledby=\"heading3\" data-parent=\"#accordionFaq\">\r\n            <div class=\"card-body\">\r\n                Wie auch die Empf\u00e4nger von BAf\u00f6G (Studenten, Azubis und Co.), k\u00f6nnen Eltern die Zahlungen nicht von der Steuer absetzen.                \r\n            <\/div>\r\n        <\/div>\r\n\n<\/div>\n<div class=\"card\">\n<div class=\"d-flex card-header border-0 collapsed\" id=\"heading4\" data-toggle=\"collapse\" data-target=\"#collapse4\"\r\n                    aria-expanded=\"false\" aria-controls=\"collapse4\">                                            \r\n                    <h3 class=\"font-source-sans-pro-1 blue-font no-margin\">Kann ich das Studium von der Steuer absetzen?<\/h3>\r\n                <\/div>\r\n\n\r\n        <div id=\"collapse4\" class=\"collapse\" aria-labelledby=\"heading4\" data-parent=\"#accordionFaq\">\r\n            <div class=\"card-body\">\r\n                Ja, das ist m\u00f6glich. Das Bachelor-Studium geh\u00f6rt zu den Ausbildungskosten. Das Masterstudium tr\u00e4gst du bei den Fortbildungskosten ein. Weitere Infos: <a title=\"Studienkosten absetzen\" href=\"https:\/\/www.buhl.de\/steuer\/ratgeber\/studienkosten-absetzen\/\">Studienkosten absetzen<\/a>.                \r\n            <\/div>\r\n        <\/div>\r\n\n<\/div><\/div>\r\n                 <\/div>\r\n              <\/div>\r\n            <\/div>\r\n        <\/div>\n\r\n        <div class=\"spacing-modul  \">\r\n            <div class=\"container spacing-modul\">\r\n               <div class=\"row\">\r\n                   <div id=\"\" class=\"anchor\"><\/div>\r\n                   <div class=\"col-12 modul-spacing-default\"><\/div>\r\n                   <div class=\"col-12 modul-spacing-default-bottom\"><\/div>\r\n               <\/div>\r\n            <\/div>\r\n        <\/div>\r\n    \n\r\n        <div class=\"white-background\">\r\n            <div class=\"full-width-text\">\r\n                <div class=\"inner-spacing blog-ad1-wrapper silver-background\">\r\n                    <div class=\"container blog-ad1\">\r\n                        <div class=\"row\">\r\n                        \r\n                            <div class=\"col-12 col-md-6 d-none d-md-flex align-content-center\">\r\n                                \r\n                                    <img decoding=\"async\" loading=\"lazy\" height=\"auto\" style=\"max-width:100%;\" alt=\"Steuer-Abruf Logo\" title=\"\" \r\n                                        class=\"mx-auto d-none d-md-block \" src=\"https:\/\/www.buhl.de\/steuer\/wp-content\/themes\/steuer-web\/buhl-steuer\/assets\/blog\/blog-ad1\/jeder-steuer\/blog-jeder-steuer.svg\" \/>\r\n                                \r\n                            <\/div>\r\n                        \r\n                            \r\n                            <div class=\"col-12 col-md-6\">\r\n                                \r\n                                    <div class=\"d-flex headline-spacing-30 justify-content-start\">\r\n                                        \r\n                                            <img decoding=\"async\" loading=\"lazy\" height=\"auto\" style=\"max-width:100%;\" alt=\"WISO&nbsp;Steuer Vorteile\" title=\"WISO&nbsp;Steuer Buhl Logo\" \r\n                                                class=\"d-none d-md-block \" src=\"https:\/\/www.buhl.de\/steuer\/wp-content\/themes\/steuer-web\/buhl-steuer\/assets\/full-width-text\/ad1\/logo-wiso-steuer.svg\" \/>\r\n                                        \r\n                                        \r\n                                                \r\n                                        \r\n                                            <img decoding=\"async\" loading=\"lazy\" alt=\"WISO&nbsp;Steuer Vorteile\" title=\"WISO&nbsp;Steuer Buhl Logo\" \r\n                                                class=\"mx-auto d-md-none mobile \" src=\"https:\/\/www.buhl.de\/steuer\/wp-content\/themes\/steuer-web\/buhl-steuer\/assets\/full-width-text\/ad1\/logo-wiso-steuer.svg\" \/>\r\n                                        \r\n                                    <\/div>\r\n                                \r\n                            \r\n                                \r\n                                    <p class=\"font-cairo-10 fw700 blue-font headline-spacing-30 text-center justify-content-start text-md-left\">Hier schafft jeder die Steuer<\/p>\r\n                                \r\n                    \r\n                                <div class=\"font-source-sans-pro-1 mt-30 mb-30 blue-font subline-width text-center text-md-left\">Mit WISO&nbsp;Steuer holst du das Maximum aus deiner Steuererkl\u00e4rung heraus. Lass dich Schritt f\u00fcr Schritt durch die Steuererkl\u00e4rung f\u00fchren und hol dir alle Tipps f\u00fcr noch mehr Steuerr\u00fcckerstattung.<\/div>\r\n                                \r\n                                \r\n\r\n                                <div class=\"d-flex flex-column flex-md-row align-items-center align-items-md-start justify-content-start\">\r\n                                    \r\n                                    <a class=\"font-cairo-2 fw700 intro-button primary w-230 d-none d-md-flex mr-md-25 justify-content-center align-items-center\"\r\n                                       role=\"button\"\r\n                                       href=\"https:\/\/www.buhl.de\/shop\/wisosteuer\/auswahl?2025=agv&wkz=STWEBMARKETINGSEITE&src=WEB\"\r\n                                       target=\"_self\"\r\n                                       title=\"WISO&nbsp;Steuer Lizenz kaufen\"\r\n                                       id=\"adsiegelkauf\"\r\n                                       onclick=\"dataLayer.push({'event': 'ButtonClick SW','sw-button': 'click-preise'});\">\r\n                                       Jetzt kaufen\r\n                                    <\/a>\r\n                                    \r\n                                    \r\n                                    \r\n                                    <a class=\"d-flex justify-content-center align-items-center d-md-none font-cairo-2 fw700 intro-button primary w-230\"\r\n                                       role=\"button\"\r\n                                       href=\"https:\/\/www.buhl.de\/shop\/wisosteuer\/auswahl?2025=agv&wkz=STWEBMARKETINGSEITE&src=WEB\"\r\n                                       target=\"_self\"\r\n                                       title=\"WISO&nbsp;Steuer Lizenz kaufen\"\r\n                                       id=\"adsiegelkauf\"\r\n                                       onclick=\"dataLayer.push({'event': 'ButtonClick SW','sw-button': 'click-mobile-starten'});\">\r\n                                       Jetzt kaufen\r\n                                    <\/a>\r\n                                    \r\n                                    \r\n                                    \r\n                                    <a class=\"font-cairo-2 fw700 intro-button secondary w-230 d-none d-md-flex  justify-content-center align-items-center\"\r\n                                       role=\"button\"\r\n                                       href=\"https:\/\/www.buhl.de\/mein-buhlkonto\/?buhlparam=2100101\"\r\n                                       target=\"_self\"\r\n                                       title=\"Hier kostenlos starten\"\r\n                                       id=\"adsiegeltest\"\r\n                                       onclick=\"dataLayer.push({'event': 'ButtonClick SW','sw-button': 'click-testen'});\">\r\n                                       Kostenlos testen\r\n                                    <\/a>\r\n                                    \r\n                                    \r\n                                    \r\n                                    <a class=\"font-cairo-2 fw700 intro-button secondary w-230 d-flex d-md-none justify-content-center align-items-center mt-30\"\r\n                                       role=\"button\"\r\n                                       href=\"https:\/\/www.buhl.de\/mein-buhlkonto\/?buhlparam=2100101\"\r\n                                       target=\"_self\"\r\n                                       title=\"Hier kostenlos starten\"\r\n                                       id=\"adsiegeltest\"\r\n                                       onclick=\"dataLayer.push({'event': 'ButtonClick SW','sw-button': 'click-mobile-starten'});\">\r\n                                       Kostenlos testen\r\n                                    <\/a>\r\n                                    \r\n                                <\/div>\r\n                                \r\n                                \r\n                                    <div class=\"d-flex d-md-none align-content-center mobile-image-spacing\">\r\n                                        \r\n                                            <img decoding=\"async\" loading=\"lazy\" height=\"auto\" style=\"max-width:100%;\" alt=\"Steuer-Abruf Logo\" title=\"\" \r\n                                                class=\"\" src=\"https:\/\/www.buhl.de\/steuer\/wp-content\/themes\/steuer-web\/buhl-steuer\/assets\/blog\/blog-ad1\/jeder-steuer\/blog-jeder-steuer.svg\" \/>\r\n                                        \r\n                                    <\/div>\r\n                                \r\n                            <\/div>\r\n                        <\/div>\r\n                    <\/div>\r\n                <\/div>\r\n            <\/div>\r\n        <\/div>\r\n    \r\n        <div class=\"spacing-modul  \">\r\n            <div class=\"container spacing-modul\">\r\n               <div class=\"row\">\r\n                   <div id=\"\" class=\"anchor\"><\/div>\r\n                   <div class=\"col-12 modul-spacing-default-b\"><\/div>\r\n                   <div class=\"col-12 modul-spacing-default-b\"><\/div>\r\n               <\/div>\r\n            <\/div>\r\n        <\/div>\r\n    \n<p>Quelle: <a title=\"BMBF Informationen lesen\" href=\"https:\/\/www.xn--bafg-7qa.de\/bafoeg\/de\/home\/home_node.html\" target=\"_blank\" rel=\"noopener\">BMBF<\/a><\/p>\n","protected":false},"excerpt":{"rendered":"<p>Das Studium kann ganz sch\u00f6n kostspielig werden. Wer keine finanzielle Unterst\u00fctzung durch die Eltern bekommt, kann auf die Hilfe vom Staat zur\u00fcckgreifen. Doch muss die Finanzspritze BAf\u00f6G in die Steuererkl\u00e4rung eingetragen werden? Welche Auswirkungen hat BAf\u00f6G auf die Steuer?<\/p>\n","protected":false},"author":104,"featured_media":54430,"comment_status":"closed","ping_status":"open","sticky":false,"template":"","format":"standard","meta":{"_acf_changed":false,"footnotes":""},"categories":[2841,2811,2815,2807],"tags":[],"class_list":["post-54291","post","type-post","status-publish","format-standard","has-post-thumbnail","hentry","category-alle","category-ausbildung","category-familie","category-studi"],"yoast_head":"<!-- This site is optimized with the Yoast SEO Premium plugin v27.0 (Yoast SEO v27.0) - https:\/\/yoast.com\/product\/yoast-seo-premium-wordpress\/ -->\n<title>Muss BAf\u00f6G in der Steuererkl\u00e4rung angegeben werden?<\/title>\n<meta name=\"description\" content=\"Du hast BAf\u00f6G bekommen? \ud83e\udd11 Du machst jetzt deine Steuererkl\u00e4rung?\u2757 Was du beachten musst, erkl\u00e4ren wir dir hier.\" \/>\n<meta name=\"robots\" content=\"index, follow, max-snippet:-1, max-image-preview:large, max-video-preview:-1\" \/>\n<link rel=\"canonical\" href=\"https:\/\/www.buhl.de\/steuer\/ratgeber\/bafoeg\/\" \/>\n<meta property=\"og:locale\" content=\"de_DE\" \/>\n<meta property=\"og:type\" content=\"article\" \/>\n<meta property=\"og:title\" content=\"BAf\u00f6G &amp; Steuern\" \/>\n<meta property=\"og:description\" content=\"Du hast BAf\u00f6G bekommen? \ud83e\udd11 Du machst jetzt deine Steuererkl\u00e4rung?\u2757 Was du beachten musst, erkl\u00e4ren wir dir hier.\" \/>\n<meta property=\"og:url\" content=\"https:\/\/www.buhl.de\/steuer\/ratgeber\/bafoeg\/\" \/>\n<meta property=\"og:site_name\" content=\"WISO Steuer: Nr.1 App f\u00fcr die Steuererkl\u00e4rung\" \/>\n<meta property=\"article:published_time\" content=\"2022-11-15T08:00:40+00:00\" \/>\n<meta property=\"article:modified_time\" content=\"2024-07-31T08:34:42+00:00\" \/>\n<meta property=\"og:image\" content=\"https:\/\/www.buhl.de\/steuer\/wp-content\/uploads\/sites\/31\/2022\/10\/bafoeg-steuererklaerung-titelbild.jpg\" \/>\n\t<meta property=\"og:image:width\" content=\"976\" \/>\n\t<meta property=\"og:image:height\" content=\"400\" \/>\n\t<meta property=\"og:image:type\" content=\"image\/jpeg\" \/>\n<meta name=\"author\" content=\"Olesja Hess\" \/>\n<meta name=\"twitter:card\" content=\"summary_large_image\" \/>\n<meta name=\"twitter:label1\" content=\"Verfasst von\" \/>\n\t<meta name=\"twitter:data1\" content=\"Olesja Hess\" \/>\n\t<meta name=\"twitter:label2\" content=\"Gesch\u00e4tzte Lesezeit\" \/>\n\t<meta name=\"twitter:data2\" content=\"7\u00a0Minuten\" \/>\n<script type=\"application\/ld+json\" class=\"yoast-schema-graph\">{\"@context\":\"https:\/\/schema.org\",\"@graph\":[{\"@type\":\"Article\",\"@id\":\"https:\/\/www.buhl.de\/steuer\/ratgeber\/bafoeg\/#article\",\"isPartOf\":{\"@id\":\"https:\/\/www.buhl.de\/steuer\/ratgeber\/bafoeg\/\"},\"author\":{\"name\":\"Olesja Hess\",\"@id\":\"https:\/\/www.buhl.de\/steuer\/#\/schema\/person\/e25d76546852380c601f99020b73fcf6\"},\"headline\":\"BAf\u00f6G &amp; Steuern\",\"datePublished\":\"2022-11-15T08:00:40+00:00\",\"dateModified\":\"2024-07-31T08:34:42+00:00\",\"mainEntityOfPage\":{\"@id\":\"https:\/\/www.buhl.de\/steuer\/ratgeber\/bafoeg\/\"},\"wordCount\":1287,\"publisher\":{\"@id\":\"https:\/\/www.buhl.de\/steuer\/#organization\"},\"image\":{\"@id\":\"https:\/\/www.buhl.de\/steuer\/ratgeber\/bafoeg\/#primaryimage\"},\"thumbnailUrl\":\"https:\/\/www.buhl.de\/steuer\/wp-content\/uploads\/sites\/31\/2022\/10\/bafoeg-steuererklaerung-titelbild.jpg\",\"articleSection\":[\"Neueste Beitr\u00e4ge\",\"Ratgeber: Ausbildung &amp; Steuern\",\"Ratgeber: Familie &amp; Steuer\",\"Ratgeber:\u00a0Studium &amp; Steuern\"],\"inLanguage\":\"de\"},{\"@type\":\"WebPage\",\"@id\":\"https:\/\/www.buhl.de\/steuer\/ratgeber\/bafoeg\/\",\"url\":\"https:\/\/www.buhl.de\/steuer\/ratgeber\/bafoeg\/\",\"name\":\"Muss BAf\u00f6G in der Steuererkl\u00e4rung angegeben werden?\",\"isPartOf\":{\"@id\":\"https:\/\/www.buhl.de\/steuer\/#website\"},\"primaryImageOfPage\":{\"@id\":\"https:\/\/www.buhl.de\/steuer\/ratgeber\/bafoeg\/#primaryimage\"},\"image\":{\"@id\":\"https:\/\/www.buhl.de\/steuer\/ratgeber\/bafoeg\/#primaryimage\"},\"thumbnailUrl\":\"https:\/\/www.buhl.de\/steuer\/wp-content\/uploads\/sites\/31\/2022\/10\/bafoeg-steuererklaerung-titelbild.jpg\",\"datePublished\":\"2022-11-15T08:00:40+00:00\",\"dateModified\":\"2024-07-31T08:34:42+00:00\",\"description\":\"Du hast BAf\u00f6G bekommen? \ud83e\udd11 Du machst jetzt deine Steuererkl\u00e4rung?\u2757 Was du beachten musst, erkl\u00e4ren wir dir hier.\",\"breadcrumb\":{\"@id\":\"https:\/\/www.buhl.de\/steuer\/ratgeber\/bafoeg\/#breadcrumb\"},\"inLanguage\":\"de\",\"potentialAction\":[{\"@type\":\"ReadAction\",\"target\":[\"https:\/\/www.buhl.de\/steuer\/ratgeber\/bafoeg\/\"]}]},{\"@type\":\"ImageObject\",\"inLanguage\":\"de\",\"@id\":\"https:\/\/www.buhl.de\/steuer\/ratgeber\/bafoeg\/#primaryimage\",\"url\":\"https:\/\/www.buhl.de\/steuer\/wp-content\/uploads\/sites\/31\/2022\/10\/bafoeg-steuererklaerung-titelbild.jpg\",\"contentUrl\":\"https:\/\/www.buhl.de\/steuer\/wp-content\/uploads\/sites\/31\/2022\/10\/bafoeg-steuererklaerung-titelbild.jpg\",\"width\":976,\"height\":400},{\"@type\":\"BreadcrumbList\",\"@id\":\"https:\/\/www.buhl.de\/steuer\/ratgeber\/bafoeg\/#breadcrumb\",\"itemListElement\":[{\"@type\":\"ListItem\",\"position\":1,\"name\":\"Steuererkl\u00e4rung\",\"item\":\"https:\/\/www.buhl.de\/steuer\/\"},{\"@type\":\"ListItem\",\"position\":2,\"name\":\"BAf\u00f6G &amp; Steuern\"}]},{\"@type\":\"WebSite\",\"@id\":\"https:\/\/www.buhl.de\/steuer\/#website\",\"url\":\"https:\/\/www.buhl.de\/steuer\/\",\"name\":\"WISO Steuer: Nr. 1 Steuer-App\",\"description\":\"\",\"publisher\":{\"@id\":\"https:\/\/www.buhl.de\/steuer\/#organization\"},\"potentialAction\":[{\"@type\":\"SearchAction\",\"target\":{\"@type\":\"EntryPoint\",\"urlTemplate\":\"https:\/\/www.buhl.de\/steuer\/?s={search_term_string}\"},\"query-input\":{\"@type\":\"PropertyValueSpecification\",\"valueRequired\":true,\"valueName\":\"search_term_string\"}}],\"inLanguage\":\"de\"},{\"@type\":\"Organization\",\"@id\":\"https:\/\/www.buhl.de\/steuer\/#organization\",\"name\":\"WISO Steuer | Buhl Data Service GmbH\",\"url\":\"https:\/\/www.buhl.de\/steuer\/\",\"logo\":{\"@type\":\"ImageObject\",\"inLanguage\":\"de\",\"@id\":\"https:\/\/www.buhl.de\/steuer\/#\/schema\/logo\/image\/\",\"url\":\"https:\/\/www.buhl.de\/steuer\/wp-content\/uploads\/sites\/31\/2026\/02\/logo-wiso-steuer-app.svg\",\"contentUrl\":\"https:\/\/www.buhl.de\/steuer\/wp-content\/uploads\/sites\/31\/2026\/02\/logo-wiso-steuer-app.svg\",\"width\":375,\"height\":72,\"caption\":\"WISO Steuer | Buhl Data Service GmbH\"},\"image\":{\"@id\":\"https:\/\/www.buhl.de\/steuer\/#\/schema\/logo\/image\/\"}},{\"@type\":\"Person\",\"@id\":\"https:\/\/www.buhl.de\/steuer\/#\/schema\/person\/e25d76546852380c601f99020b73fcf6\",\"name\":\"Olesja Hess\",\"image\":{\"@type\":\"ImageObject\",\"inLanguage\":\"de\",\"@id\":\"https:\/\/www.buhl.de\/steuer\/#\/schema\/person\/image\/\",\"url\":\"https:\/\/www.buhl.de\/steuer\/wp-content\/uploads\/sites\/31\/2024\/07\/olesja.png\",\"contentUrl\":\"https:\/\/www.buhl.de\/steuer\/wp-content\/uploads\/sites\/31\/2024\/07\/olesja.png\",\"caption\":\"Olesja Hess\"},\"sameAs\":[\"https:\/\/www.buhl.de\/steuer\/autoren\/olesja-hess\/\"]}]}<\/script>\n<!-- \/ Yoast SEO Premium plugin. -->","yoast_head_json":{"title":"Muss BAf\u00f6G in der Steuererkl\u00e4rung angegeben werden?","description":"Du hast BAf\u00f6G bekommen? \ud83e\udd11 Du machst jetzt deine Steuererkl\u00e4rung?\u2757 Was du beachten musst, erkl\u00e4ren wir dir hier.","robots":{"index":"index","follow":"follow","max-snippet":"max-snippet:-1","max-image-preview":"max-image-preview:large","max-video-preview":"max-video-preview:-1"},"canonical":"https:\/\/www.buhl.de\/steuer\/ratgeber\/bafoeg\/","og_locale":"de_DE","og_type":"article","og_title":"BAf\u00f6G &amp; Steuern","og_description":"Du hast BAf\u00f6G bekommen? \ud83e\udd11 Du machst jetzt deine Steuererkl\u00e4rung?\u2757 Was du beachten musst, erkl\u00e4ren wir dir hier.","og_url":"https:\/\/www.buhl.de\/steuer\/ratgeber\/bafoeg\/","og_site_name":"WISO Steuer: Nr.1 App f\u00fcr die Steuererkl\u00e4rung","article_published_time":"2022-11-15T08:00:40+00:00","article_modified_time":"2024-07-31T08:34:42+00:00","og_image":[{"width":976,"height":400,"url":"https:\/\/www.buhl.de\/steuer\/wp-content\/uploads\/sites\/31\/2022\/10\/bafoeg-steuererklaerung-titelbild.jpg","type":"image\/jpeg"}],"author":"Olesja Hess","twitter_card":"summary_large_image","twitter_misc":{"Verfasst von":"Olesja Hess","Gesch\u00e4tzte Lesezeit":"7\u00a0Minuten"},"schema":{"@context":"https:\/\/schema.org","@graph":[{"@type":"Article","@id":"https:\/\/www.buhl.de\/steuer\/ratgeber\/bafoeg\/#article","isPartOf":{"@id":"https:\/\/www.buhl.de\/steuer\/ratgeber\/bafoeg\/"},"author":{"name":"Olesja Hess","@id":"https:\/\/www.buhl.de\/steuer\/#\/schema\/person\/e25d76546852380c601f99020b73fcf6"},"headline":"BAf\u00f6G &amp; Steuern","datePublished":"2022-11-15T08:00:40+00:00","dateModified":"2024-07-31T08:34:42+00:00","mainEntityOfPage":{"@id":"https:\/\/www.buhl.de\/steuer\/ratgeber\/bafoeg\/"},"wordCount":1287,"publisher":{"@id":"https:\/\/www.buhl.de\/steuer\/#organization"},"image":{"@id":"https:\/\/www.buhl.de\/steuer\/ratgeber\/bafoeg\/#primaryimage"},"thumbnailUrl":"https:\/\/www.buhl.de\/steuer\/wp-content\/uploads\/sites\/31\/2022\/10\/bafoeg-steuererklaerung-titelbild.jpg","articleSection":["Neueste Beitr\u00e4ge","Ratgeber: Ausbildung &amp; Steuern","Ratgeber: Familie &amp; Steuer","Ratgeber:\u00a0Studium &amp; Steuern"],"inLanguage":"de"},{"@type":"WebPage","@id":"https:\/\/www.buhl.de\/steuer\/ratgeber\/bafoeg\/","url":"https:\/\/www.buhl.de\/steuer\/ratgeber\/bafoeg\/","name":"Muss BAf\u00f6G in der Steuererkl\u00e4rung angegeben werden?","isPartOf":{"@id":"https:\/\/www.buhl.de\/steuer\/#website"},"primaryImageOfPage":{"@id":"https:\/\/www.buhl.de\/steuer\/ratgeber\/bafoeg\/#primaryimage"},"image":{"@id":"https:\/\/www.buhl.de\/steuer\/ratgeber\/bafoeg\/#primaryimage"},"thumbnailUrl":"https:\/\/www.buhl.de\/steuer\/wp-content\/uploads\/sites\/31\/2022\/10\/bafoeg-steuererklaerung-titelbild.jpg","datePublished":"2022-11-15T08:00:40+00:00","dateModified":"2024-07-31T08:34:42+00:00","description":"Du hast BAf\u00f6G bekommen? \ud83e\udd11 Du machst jetzt deine Steuererkl\u00e4rung?\u2757 Was du beachten musst, erkl\u00e4ren wir dir hier.","breadcrumb":{"@id":"https:\/\/www.buhl.de\/steuer\/ratgeber\/bafoeg\/#breadcrumb"},"inLanguage":"de","potentialAction":[{"@type":"ReadAction","target":["https:\/\/www.buhl.de\/steuer\/ratgeber\/bafoeg\/"]}]},{"@type":"ImageObject","inLanguage":"de","@id":"https:\/\/www.buhl.de\/steuer\/ratgeber\/bafoeg\/#primaryimage","url":"https:\/\/www.buhl.de\/steuer\/wp-content\/uploads\/sites\/31\/2022\/10\/bafoeg-steuererklaerung-titelbild.jpg","contentUrl":"https:\/\/www.buhl.de\/steuer\/wp-content\/uploads\/sites\/31\/2022\/10\/bafoeg-steuererklaerung-titelbild.jpg","width":976,"height":400},{"@type":"BreadcrumbList","@id":"https:\/\/www.buhl.de\/steuer\/ratgeber\/bafoeg\/#breadcrumb","itemListElement":[{"@type":"ListItem","position":1,"name":"Steuererkl\u00e4rung","item":"https:\/\/www.buhl.de\/steuer\/"},{"@type":"ListItem","position":2,"name":"BAf\u00f6G &amp; Steuern"}]},{"@type":"WebSite","@id":"https:\/\/www.buhl.de\/steuer\/#website","url":"https:\/\/www.buhl.de\/steuer\/","name":"WISO Steuer: Nr. 1 Steuer-App","description":"","publisher":{"@id":"https:\/\/www.buhl.de\/steuer\/#organization"},"potentialAction":[{"@type":"SearchAction","target":{"@type":"EntryPoint","urlTemplate":"https:\/\/www.buhl.de\/steuer\/?s={search_term_string}"},"query-input":{"@type":"PropertyValueSpecification","valueRequired":true,"valueName":"search_term_string"}}],"inLanguage":"de"},{"@type":"Organization","@id":"https:\/\/www.buhl.de\/steuer\/#organization","name":"WISO Steuer | Buhl Data Service GmbH","url":"https:\/\/www.buhl.de\/steuer\/","logo":{"@type":"ImageObject","inLanguage":"de","@id":"https:\/\/www.buhl.de\/steuer\/#\/schema\/logo\/image\/","url":"https:\/\/www.buhl.de\/steuer\/wp-content\/uploads\/sites\/31\/2026\/02\/logo-wiso-steuer-app.svg","contentUrl":"https:\/\/www.buhl.de\/steuer\/wp-content\/uploads\/sites\/31\/2026\/02\/logo-wiso-steuer-app.svg","width":375,"height":72,"caption":"WISO Steuer | Buhl Data Service GmbH"},"image":{"@id":"https:\/\/www.buhl.de\/steuer\/#\/schema\/logo\/image\/"}},{"@type":"Person","@id":"https:\/\/www.buhl.de\/steuer\/#\/schema\/person\/e25d76546852380c601f99020b73fcf6","name":"Olesja Hess","image":{"@type":"ImageObject","inLanguage":"de","@id":"https:\/\/www.buhl.de\/steuer\/#\/schema\/person\/image\/","url":"https:\/\/www.buhl.de\/steuer\/wp-content\/uploads\/sites\/31\/2024\/07\/olesja.png","contentUrl":"https:\/\/www.buhl.de\/steuer\/wp-content\/uploads\/sites\/31\/2024\/07\/olesja.png","caption":"Olesja Hess"},"sameAs":["https:\/\/www.buhl.de\/steuer\/autoren\/olesja-hess\/"]}]}},"acf":[],"wps_subtitle":"Muss BAf\u00f6G in die Steuererkl\u00e4rung eingetragen werden?","_links":{"self":[{"href":"https:\/\/www.buhl.de\/steuer\/wp-json\/wp\/v2\/posts\/54291","targetHints":{"allow":["GET"]}}],"collection":[{"href":"https:\/\/www.buhl.de\/steuer\/wp-json\/wp\/v2\/posts"}],"about":[{"href":"https:\/\/www.buhl.de\/steuer\/wp-json\/wp\/v2\/types\/post"}],"author":[{"embeddable":true,"href":"https:\/\/www.buhl.de\/steuer\/wp-json\/wp\/v2\/users\/104"}],"replies":[{"embeddable":true,"href":"https:\/\/www.buhl.de\/steuer\/wp-json\/wp\/v2\/comments?post=54291"}],"version-history":[{"count":27,"href":"https:\/\/www.buhl.de\/steuer\/wp-json\/wp\/v2\/posts\/54291\/revisions"}],"predecessor-version":[{"id":63485,"href":"https:\/\/www.buhl.de\/steuer\/wp-json\/wp\/v2\/posts\/54291\/revisions\/63485"}],"wp:featuredmedia":[{"embeddable":true,"href":"https:\/\/www.buhl.de\/steuer\/wp-json\/wp\/v2\/media\/54430"}],"wp:attachment":[{"href":"https:\/\/www.buhl.de\/steuer\/wp-json\/wp\/v2\/media?parent=54291"}],"wp:term":[{"taxonomy":"category","embeddable":true,"href":"https:\/\/www.buhl.de\/steuer\/wp-json\/wp\/v2\/categories?post=54291"},{"taxonomy":"post_tag","embeddable":true,"href":"https:\/\/www.buhl.de\/steuer\/wp-json\/wp\/v2\/tags?post=54291"}],"curies":[{"name":"wp","href":"https:\/\/api.w.org\/{rel}","templated":true}]}}