{"id":54401,"date":"2022-10-20T10:54:52","date_gmt":"2022-10-20T08:54:52","guid":{"rendered":"https:\/\/www.buhl.de\/steuer\/?p=54401"},"modified":"2026-01-15T17:39:52","modified_gmt":"2026-01-15T16:39:52","slug":"energiekosten-sparen-steuererklaerung","status":"publish","type":"post","link":"https:\/\/www.buhl.de\/steuer\/ratgeber\/energiekosten-sparen-steuererklaerung\/","title":{"rendered":"Energiekosten sparen"},"content":{"rendered":"<p>Stromkosten, Heizung und die Tankf\u00fcllung rei\u00dfen ein Loch in den Geldbeutel. Doch: Mit der Steuererkl\u00e4rung lassen sich die Folgen der hohen Energiekosten wenigstens etwas abfedern. Wir haben Tipps dazu zusammengestellt, bei welchen <strong>Energiekosten <\/strong>du einen<strong> Steuervorteil <\/strong>nutzen kannst.<\/p>\n<p><!--more--><\/p>\n<h2>Kurz &amp; knapp<\/h2>\n<ul>\n<li>Mit der Geb\u00e4udesanierung und Handwerkerrechnung profitierst du bei der Steuer<\/li>\n<li>Steuern sparen kannst du auch mit Ausgaben rund um den Job<\/li>\n<li>Am besten du erstellst mit <a href=\"https:\/\/www.buhl.de\/steuer\/\">WISO Steuer<\/a> deine Steuererkl\u00e4rung und freust dich wenig sp\u00e4ter \u00fcber die Erstattung<\/li>\n<\/ul>\n<h2>Infografik: Energiekosten sparen mit der Steuererkl\u00e4rung<\/h2>\n<p><img loading=\"lazy\" decoding=\"async\" class=\"aligncenter\" title=\"Energiekosten sparen - Tipps f\u00fcr die Steuererkl\u00e4rung im \u00dcberblick\" src=\"https:\/\/www.buhl.de\/steuer\/wp-content\/uploads\/sites\/31\/2022\/10\/energiekosten-sparen-steuererklaerung.png\" alt=\"Energiekosten sparen Steuererkl\u00e4rung Infografik\" width=\"748\" height=\"795\" \/><\/p>\n<h2>Energieeffiziente Hausmodernisierung<\/h2>\n<p>Neue Fenster, bessere W\u00e4rmeisolation, neue L\u00fcftungssysteme \u2013 du bist Immobilienbesitzer und willst dein Zuhause energieeffizient optimieren? Dabei kannst du auch steuerlich profitieren. Denn das Finanzamt beteiligt sich mit einer Steueranrechnung von 20 Prozent der Sanierungskosten, maximal ist so ein Steuerbonus von 40.000 Euro m\u00f6glich. Hierbei z\u00e4hlen auch Materialkosten.<\/p>\n<p>Mehr dazu in unserem Beitrag:<\/p>\n\r\n        <div class=\"white-background small-module\">\r\n            <div class=\"container\">\r\n                <div class=\"row\">\r\n                    <div class=\"col-12\">\r\n                        <div class=\"content blog-read-more\">\r\n                <a role=\"button\" onclick=\"dataLayer.push({'event': 'ButtonClick SW','sw-button': 'read-more-click-intext'});\" class=\"d-flex flex-column flex-md-row\" href=\"https:\/\/www.buhl.de\/steuer\/ratgeber\/energetische-sanierung-steuern\/\">\r\n                    <div class=\"img-size\">\r\n                        <img decoding=\"async\" loading=\"lazy\" alt=\"\" title=\"Energetische Sanierung: Steuerbonus bis 40.000 Euro smart nutzen\" src=\"https:\/\/www.buhl.de\/steuer\/wp-content\/uploads\/sites\/31\/2023\/04\/energetische-sanierung-steuern-titelbild.jpg\" \/>\r\n                    <\/div>\r\n                    <div class=\"w-100 d-flex flex-column justify-content-center\">\r\n                        <div class=\"font-cairo-7 fw700 ellipsis-two-row blue-font\">Energetische Sanierung: Steuerbonus bis 40.000 Euro smart nutzen<\/div>\r\n                        <div class=\"font-source-sans-pro-1 ellipsis-two-row blue-font headline-spacing-10\"><p>So setzt du Sanierungskosten von der Steuer ab<\/div>\r\n                        <div class=\"font-source-sans-pro-1 position-relative orange-font\">weiterlesen <span class=\"arrow-right-orange\"><\/span><\/div>\r\n                    <\/div>\r\n                <\/a>\r\n                        <\/div>\r\n                    <\/div>\r\n                <\/div>\r\n            <\/div>\r\n        <\/div>\r\n    \r\n        <div class=\"spacing-modul  \">\r\n            <div class=\"container spacing-modul\">\r\n               <div class=\"row\">\r\n                   <div id=\"\" class=\"anchor\"><\/div>\r\n                   <div class=\"col-12 modul-spacing-blog-c\"><\/div>\r\n                   <div class=\"col-12 modul-spacing-blog-c\"><\/div>\r\n               <\/div>\r\n            <\/div>\r\n        <\/div>\r\n    \n<h2>Handwerkerrechnungen<\/h2>\n<p><a title=\"Heizkosen absetzen\" href=\"https:\/\/www.buhl.de\/steuer\/ratgeber\/heizkosten-absetzen\/\">Heizkosten von der Steuer absetzen<\/a>? Privaten Verbrauch von \u00d6l und Gas kann man leider nicht von der Steuer absetzen. Doch <strong>Dienstleistungen vom Handwerker<\/strong> im eigenen Haushalt bringen Geld zur\u00fcck. Wer sich eine <strong>W\u00e4rmepumpe einbauen<\/strong> l\u00e4sst, spart mit der <a title=\"Handwerkerleistung absetzen\" href=\"https:\/\/www.buhl.de\/steuer\/ratgeber\/handwerkerleistung-steuer-absetzen\/\">Handwerkerrechnung<\/a> bei der Steuer. Das gilt zum Beispiel auch f\u00fcr die Rechnung vom <strong>Schornsteinfeger<\/strong>. So lassen sich 20 Prozent der Arbeitskosten des Handwerkers und maximal 1.200 Euro pro Jahr von der Steuer absetzen.<\/p>\n<p>Wichtig ist, dass du eine aufgeschl\u00fcsselte Rechnung vorweisen kannst. Denn Kosten f\u00fcr die W\u00e4rmepumpe selbst, kannst du steuerlich nicht ber\u00fccksichtigen, denn f\u00fcr Materialkosten gibt es hier keinen Steuervorteil. Au\u00dferdem: Bezahle die Rechnung immer per \u00dcberweisung, das Finanzamt erkennt die Kosten sonst nicht an.<\/p>\n<p>Die Belege musst du nicht mitschicken, das Finanzamt meldet sich bei dir, wenn es diese braucht. Allerdings solltest du sie aufbewahren \u2013 zum Beispiel mit Steuer-Scan.<\/p>\n<h2>Photovoltaik-Anlage<\/h2>\n<p>Du willst eine <a title=\"Photovoltaik und Steuern\" href=\"https:\/\/www.buhl.de\/steuer\/ratgeber\/photovoltaik-anlage-steuern\/\">Photovoltaik-Anlage<\/a> installieren und so selbst Strom erzeugen? Auch hier kannst du steuerlich profitieren: Denn speist du den generierten Strom ins Netz, bekommst du daf\u00fcr eine Verg\u00fctung. Ab 2022 zahlst du auf diese Einnahmen keine Steuern mehr. Der Nachteil dabei: Die Kosten rund um die PV-Anlage k\u00f6nnen nicht mehr abgesetzt werden.<\/p>\n<p>Allerdings kommt immerhin die Ber\u00fccksichtigung als <a title=\"Was z\u00e4hlt als haushaltsnahe Dienstleistung?\" href=\"https:\/\/www.buhl.de\/steuer\/ratgeber\/haushaltsnahe-dienstleistungen\/\">Haushaltsnahe Dienstleistung<\/a> \/ <a title=\"Handwerkerleistungen absetzen\" href=\"https:\/\/www.buhl.de\/steuer\/ratgeber\/handwerkerleistung-steuer-absetzen\/\">Handwerkerleistung<\/a> in Betracht \u2013 jedoch nur f\u00fcr die Arbeits- und Fahrtkosten und begrenzt auf einen j\u00e4hrlichen H\u00f6chstbetrag.<\/p>\n<p>F\u00fcr die Umsatzsteuer gilt: Planst du die Anschaffung einer Photovoltaik-Anlage mit einer Leistung bis h\u00f6chstens 30 Kilowatt-Peak (kWp), musst du seit 2023 auch keine Mehrwertsteuer auf Kauf und Installation der Anlage zahlen. Wenn du deine PV-Anlage auf oder in der N\u00e4he von einem\u00a0<strong>Wohngeb\u00e4ude<\/strong> installierst, ist sie auch dann steuerfrei, wenn der Leistungswert \u00fcber 30 kWp liegt.<\/p>\n\r\n        <div class=\"white-background\">\r\n            <div class=\"container\">\r\n                <div class=\"content expert-blog-module blog-wrapper\">\r\n                    <div class=\"row\">\r\n                        <div class=\"d-flex align-items-center text-center text-lg-left align-items-xl-start flex-column flex-xl-row col-12 offset-lg-2 col-lg-8 offset-xl-1 col-xl-9\">\r\n                            <img decoding=\"async\" loading=\"lazy\" class=\"img-fluid\" src=\"https:\/\/www.buhl.de\/steuer\/wp-content\/themes\/steuer-web\/buhl-steuer\/assets\/blog\/blog-module\/experten-tipp-icon.svg\" alt=\"Experten Tipp\" title=\"Experten Tipp\" \/>\r\n                            <div class=\"d-flex flex-column\">\r\n                                <h3 class=\"font-source-sans-pro-10 fw700 blue-font headline\">Zusch\u00fcsse f\u00fcr die Photovoltaik-Anlage<\/h3><div class=\"font-source-sans-pro-1 blue-font\">Auch f\u00fcr Photovoltaik-Anlagen kannst du eine F\u00f6rderung erhalten. Daf\u00fcr gibt es entweder das <a title=\"Hier gehts zur Bafa-F\u00f6rderung\" href=\"https:\/\/www.bafa.de\/DE\/Energie\/Effiziente_Gebaeude\/Foerderprogramm_im_Ueberblick\/foerderprogramm_im_ueberblick_node.html;jsessionid=209D2A2080EDBAD1EA72D8D384E911D8.2_cid387\" target=\"_blank\" rel=\"noopener\">F\u00f6rderprogramm BEG der BAFA<\/a> oder <a title=\"Mehr Infos zum KFW-F\u00f6rderkredit\" href=\"https:\/\/www.kfw.de\/inlandsfoerderung\/Unternehmen\/Energie-Umwelt\/F%C3%B6rderprodukte\/Erneuerbare-Energien-Standard-(270)\/?kfwmc=vt.sea.google.{Kampagne}.{Anzeigengruppe}.{Anzeige}&amp;wt_cc1=umwelt&amp;wt_cc2=unt|energie-umwelt&amp;wt_cc3=41779839058_kwd-13484761715_552116859272&amp;wt_kw=p_41779839058_pv%20anlage%20finanzieren\" target=\"_blank\" rel=\"noopener\">F\u00f6rder-Kredite der KFW-Bank<\/a>.<\/p>\n<\/div><\/div>\r\n                        <\/div>\r\n                    <\/div>\r\n                <\/div>\r\n            <\/div>\r\n        <\/div>\r\n    \r\n        <div class=\"spacing-modul  \">\r\n            <div class=\"container spacing-modul\">\r\n               <div class=\"row\">\r\n                   <div id=\"\" class=\"anchor\"><\/div>\r\n                   <div class=\"col-12 modul-spacing-blog-c\"><\/div>\r\n                   <div class=\"col-12 modul-spacing-blog-c\"><\/div>\r\n               <\/div>\r\n            <\/div>\r\n        <\/div>\r\n    \n<h2>Energiepauschale (EPP)<\/h2>\n<p>Allen Erwerbst\u00e4tigen steht die Energiepreispauschale zu. Als erwerbst\u00e4tig gelten Arbeitnehmer der Lohnsteuerklassen 1 bis 5, Minijobber und Selbstst\u00e4ndige.<\/p>\n<p>Wer zum 1. September 2022 erwerbst\u00e4tig war, erhielt die Pauschale vom Arbeitgeber ausbezahlt. Wenn das nicht der Fall war, kommt das Finanzamt ins Spiel: Mit der Abgabe einer Steuererkl\u00e4rung f\u00fcr das Steuerjahr 2022, kannst du dir die Pauschale doch noch sichern.<\/p>\n<p>Auch Rentner haben Anspruch auf diesen Benefit: Wer zum 1. Dezember 2022 Rente von der gesetzlichen Rentenversicherung erhalten hat, bekam ebenfalls eine einmalige Energiepreispauschale von 300 Euro von der Rentenversicherung ausbezahlt.<\/p>\n<p>Mehr dazu im Beitrag:<\/p>\n\r\n        <div class=\"white-background small-module\">\r\n            <div class=\"container\">\r\n                <div class=\"row\">\r\n                    <div class=\"col-12\">\r\n                        <div class=\"content blog-read-more\">\r\n                <a role=\"button\" onclick=\"dataLayer.push({'event': 'ButtonClick SW','sw-button': 'read-more-click-intext'});\" class=\"d-flex flex-column flex-md-row\" href=\"https:\/\/www.buhl.de\/steuer\/ratgeber\/energiepreispauschale\/\">\r\n                    <div class=\"img-size\">\r\n                        <img decoding=\"async\" loading=\"lazy\" alt=\"\" title=\"Energiepreispauschale: Jetzt noch den Bonus holen\" src=\"https:\/\/www.buhl.de\/steuer\/wp-content\/uploads\/sites\/31\/2022\/08\/energiepreispauschale-title.jpg\" \/>\r\n                    <\/div>\r\n                    <div class=\"w-100 d-flex flex-column justify-content-center\">\r\n                        <div class=\"font-cairo-7 fw700 ellipsis-two-row blue-font\">Energiepreispauschale: Jetzt noch den Bonus holen<\/div>\r\n                        <div class=\"font-source-sans-pro-1 ellipsis-two-row blue-font headline-spacing-10\"><p>Mit der Steuererkl\u00e4rung den Energiepreisen den Kampf ansagen<\/div>\r\n                        <div class=\"font-source-sans-pro-1 position-relative orange-font\">weiterlesen <span class=\"arrow-right-orange\"><\/span><\/div>\r\n                    <\/div>\r\n                <\/a>\r\n                        <\/div>\r\n                    <\/div>\r\n                <\/div>\r\n            <\/div>\r\n        <\/div>\r\n    \r\n        <div class=\"spacing-modul  \">\r\n            <div class=\"container spacing-modul\">\r\n               <div class=\"row\">\r\n                   <div id=\"\" class=\"anchor\"><\/div>\r\n                   <div class=\"col-12 modul-spacing-blog-c\"><\/div>\r\n                   <div class=\"col-12 modul-spacing-blog-c\"><\/div>\r\n               <\/div>\r\n            <\/div>\r\n        <\/div>\r\n    \n<h2>Fahrgemeinschaft zur Arbeit<\/h2>\n<p>Die Spritpreise bleiben hoch \u2013 eine Herausforderung, gerade f\u00fcr Fernpendler. Eine Fahrgemeinschaft k\u00f6nnte hier Abhilfe schaffen: Auch wenn du nicht selber f\u00e4hrst, kannst du die Kosten als Entfernungspauschale (Pendlerpauschale) in der Steuererkl\u00e4rung angeben. Damit kannst du ab dem Jahr 2026 sogar 0,38 Euro bereits ab dem ersten Entfernungskilometer abrechnen. Bis 2025 galt: f\u00fcr die ersten 20 Kilometer 0,30 Euro und ab dem 21. Kilometer 0,38 Euro. Es z\u00e4hlt aber nur die einfache Wegstrecke zum Arbeitsplatz.<\/p>\n<p>Um die Entfernungspauschale zu erhalten, muss es aber nicht zwingend das Auto sein. Auch wenn du die \u00d6ffis nutzt, steht dir die Pauschale zu. Wer es nicht allzu weit zur Arbeit hat, kann sich aufs Fahrrad schwingen oder zu Fu\u00df laufen.<\/p>\n<p>Mehr dazu im Beitrag:<\/p>\n\r\n        <div class=\"white-background small-module\">\r\n            <div class=\"container\">\r\n                <div class=\"row\">\r\n                    <div class=\"col-12\">\r\n                        <div class=\"content blog-read-more\">\r\n                <a role=\"button\" onclick=\"dataLayer.push({'event': 'ButtonClick SW','sw-button': 'read-more-click-intext'});\" class=\"d-flex flex-column flex-md-row\" href=\"https:\/\/www.buhl.de\/steuer\/ratgeber\/pendlerpauschale\/\">\r\n                    <div class=\"img-size\">\r\n                        <img decoding=\"async\" loading=\"lazy\" alt=\"\" title=\"Pendlerpauschale und andere berufliche Fahrtkosten\" src=\"https:\/\/www.buhl.de\/steuer\/wp-content\/uploads\/sites\/31\/2024\/01\/pendlerpauschale-fahrtkosten-title.jpg\" \/>\r\n                    <\/div>\r\n                    <div class=\"w-100 d-flex flex-column justify-content-center\">\r\n                        <div class=\"font-cairo-7 fw700 ellipsis-two-row blue-font\">Pendlerpauschale und andere berufliche Fahrtkosten<\/div>\r\n                        <div class=\"font-source-sans-pro-1 ellipsis-two-row blue-font headline-spacing-10\"><p>Mit jedem Kilometer Steuern sparen<\/div>\r\n                        <div class=\"font-source-sans-pro-1 position-relative orange-font\">weiterlesen <span class=\"arrow-right-orange\"><\/span><\/div>\r\n                    <\/div>\r\n                <\/a>\r\n                        <\/div>\r\n                    <\/div>\r\n                <\/div>\r\n            <\/div>\r\n        <\/div>\r\n    \r\n        <div class=\"spacing-modul  \">\r\n            <div class=\"container spacing-modul\">\r\n               <div class=\"row\">\r\n                   <div id=\"\" class=\"anchor\"><\/div>\r\n                   <div class=\"col-12 modul-spacing-blog-c\"><\/div>\r\n                   <div class=\"col-12 modul-spacing-blog-c\"><\/div>\r\n               <\/div>\r\n            <\/div>\r\n        <\/div>\r\n    \n<h2>Tankgutschein vom Chef<\/h2>\n<p>Auch dein Arbeitgeber kann dir dabei helfen, Energiekosten zu sparen. Frage ihn nach einem Tankgutschein. Manche Arbeitgeber unterst\u00fctzen ihre Mitarbeiter mit einem Gehaltsextra, zum Beispiel einem Tankgutschein. Bei einem Wert des Gutscheins bis h\u00f6chstens 50 Euro im Monat, ist die Zahlung steuer- und versicherungsfrei \u2013 im Gegensatz zum Geldzuschuss \u00fcber den Lohn. Weitere Voraussetzung: Den Gutschein erh\u00e4ltst du on top, also zus\u00e4tzlich zum ohnehin geschuldeten Arbeitslohn.<\/p>\n<p>Mehr dazu:<\/p>\n\r\n        <div class=\"white-background small-module\">\r\n            <div class=\"container\">\r\n                <div class=\"row\">\r\n                    <div class=\"col-12\">\r\n                        <div class=\"content blog-read-more\">\r\n                <a role=\"button\" onclick=\"dataLayer.push({'event': 'ButtonClick SW','sw-button': 'read-more-click-intext'});\" class=\"d-flex flex-column flex-md-row\" href=\"https:\/\/www.buhl.de\/steuer\/ratgeber\/geldwerter-vorteil\/\">\r\n                    <div class=\"img-size\">\r\n                        <img decoding=\"async\" loading=\"lazy\" alt=\"\" title=\"Geldwerte Vorteile versteuern: Das ist wichtig\" src=\"https:\/\/www.buhl.de\/steuer\/wp-content\/uploads\/sites\/31\/2024\/12\/geldwerter-vorteil-steuer.jpg\" \/>\r\n                    <\/div>\r\n                    <div class=\"w-100 d-flex flex-column justify-content-center\">\r\n                        <div class=\"font-cairo-7 fw700 ellipsis-two-row blue-font\">Geldwerte Vorteile versteuern: Das ist wichtig<\/div>\r\n                        <div class=\"font-source-sans-pro-1 ellipsis-two-row blue-font headline-spacing-10\"><p>Sparen beim Jobticket, Diensthandy &amp; anderen Benefits<\/div>\r\n                        <div class=\"font-source-sans-pro-1 position-relative orange-font\">weiterlesen <span class=\"arrow-right-orange\"><\/span><\/div>\r\n                    <\/div>\r\n                <\/a>\r\n                        <\/div>\r\n                    <\/div>\r\n                <\/div>\r\n            <\/div>\r\n        <\/div>\r\n    \r\n        <div class=\"spacing-modul  \">\r\n            <div class=\"container spacing-modul\">\r\n               <div class=\"row\">\r\n                   <div id=\"\" class=\"anchor\"><\/div>\r\n                   <div class=\"col-12 modul-spacing-blog-c\"><\/div>\r\n                   <div class=\"col-12 modul-spacing-blog-c\"><\/div>\r\n               <\/div>\r\n            <\/div>\r\n        <\/div>\r\n    \n<h2>Mobilit\u00e4tspr\u00e4mie<\/h2>\n<p>Wer als Geringverdiener mit seinem Gehalt unter dem steuerfreien <a title=\"Grundfreibetrag und Steuern\" href=\"https:\/\/www.buhl.de\/steuer\/ratgeber\/grundfreibetrag\/\">Grundfreibetrag<\/a> von 12.096 Euro (2025; 2026: 12.348 Euro) liegt, muss zwar keine Steuererkl\u00e4rung abgeben. Lohnenswert ist das aber allemal. Denn wer eine Strecke von mehr als 20 Kilometer zwischen Wohnung und erster T\u00e4tigkeitsst\u00e4tte oder die Fahrtstrecke bei Familienheimfahrten im Rahmen einer doppelten Haushaltsf\u00fchrung zur\u00fccklegt, erh\u00e4lt eine <a title=\"Mobilit\u00e4tspr\u00e4mie vom Finanzamt\" href=\"https:\/\/www.buhl.de\/steuer\/ratgeber\/mobilitaetspraemie\/\">Mobilit\u00e4tspr\u00e4mie<\/a> vom Finanzamt.<\/p>\n\r\n        <div class=\"white-background\">\r\n            <div class=\"container\">\r\n                <div class=\"content expert-blog-module blog-wrapper\">\r\n                    <div class=\"row\">\r\n                        <div class=\"d-flex align-items-center text-center text-lg-left align-items-xl-start flex-column flex-xl-row col-12 offset-lg-2 col-lg-8 offset-xl-1 col-xl-9\">\r\n                            <img decoding=\"async\" loading=\"lazy\" class=\"img-fluid\" src=\"https:\/\/www.buhl.de\/steuer\/wp-content\/themes\/steuer-web\/buhl-steuer\/assets\/blog\/blog-module\/experten-tipp-icon.svg\" alt=\"Experten Tipp\" title=\"Experten Tipp\" \/>\r\n                            <div class=\"d-flex flex-column\">\r\n                                <h3 class=\"font-source-sans-pro-10 fw700 blue-font headline\">Mobilit\u00e4tspr\u00e4mie mit der n\u00e4chsten Steuererkl\u00e4rung<\/h3><div class=\"font-source-sans-pro-1 blue-font\">\nErstmals beantragen kannst du die Pr\u00e4mie f\u00fcr das Steuerjahr 2021. Dazu f\u00fcllst du deine j\u00e4hrliche Steuererkl\u00e4rung aus.<\/p>\n<p>\u00dcbrigens: Das funktioniert einfach mit <a title=\"WISO Steuer: Steuerprogramm von Buhl\" href=\"https:\/\/www.buhl.de\/steuer\/\">WISO Steuer<\/a>: Hier musst du einfach nur die Adresse des Arbeitgebers eingeben und das Programm berechnet alles automatisch.<br \/>\n<\/div><\/div>\r\n                        <\/div>\r\n                    <\/div>\r\n                <\/div>\r\n            <\/div>\r\n        <\/div>\r\n    \r\n        <div class=\"spacing-modul  \">\r\n            <div class=\"container spacing-modul\">\r\n               <div class=\"row\">\r\n                   <div id=\"\" class=\"anchor\"><\/div>\r\n                   <div class=\"col-12 modul-spacing-blog-c\"><\/div>\r\n                   <div class=\"col-12 modul-spacing-blog-c\"><\/div>\r\n               <\/div>\r\n            <\/div>\r\n        <\/div>\r\n    \n<h2>Arbeit von zu Hause absetzen<\/h2>\n<p>Wer statt B\u00fcro aus dem Wohnzimmer arbeitet, spart so Sprit f\u00fcr die Fahrten und kann daf\u00fcr die <a title=\"Homeoffice-Pauschale absetzen\" href=\"https:\/\/www.buhl.de\/steuer\/ratgeber\/homeoffice-arbeitszimmer\/\">Homeoffice-Pauschale<\/a> in der Steuererkl\u00e4rung absetzen: Pro Arbeitstag im Homeoffice lassen sich 6 Euro, maximal 1.260 Euro im Jahr als Werbungskosten ber\u00fccksichtigen.<\/p>\n<p>Wer ein Extra-Zimmer hat, kann bei der Steuer mehr herausholen. Ein Arbeitszimmer kannst du dann absetzen, wenn es den Mittelpunkt deiner beruflichen T\u00e4tigkeit darstellt.<\/p>\n<h3>Gegenst\u00e4nde f\u00fcr den Job angeben<\/h3>\n<p>Auch die f\u00fcr den Job gekauften <a title=\"Arbeitsmittel absetzen\" href=\"https:\/\/www.buhl.de\/steuer\/ratgeber\/arbeitsmittel-absetzen\/\">Arbeitsmittel<\/a> kannst du in der Steuererkl\u00e4rung eintragen. S\u00e4mtliche Kosten \u00a0\u2013 also auch Porto oder Verpackungskosten \u2013 gibst du in deiner Steuererkl\u00e4rung als <a title=\"Werbungskosten absetzen\" href=\"https:\/\/www.buhl.de\/steuer\/ratgeber\/werbungskosten\/\">Werbungskosten <\/a>an. Nutzt du den Gegenstand auch privat, setzt du nur den beruflichen Anteil ab.<\/p>\n<p>Hast du dir f\u00fcr den Job einen <a href=\"https:\/\/www.buhl.de\/steuer\/ratgeber\/computer-steuer-absetzen\/\">Computer<\/a>, Tablet oder Drucker zugelegt? Hier gibt es einen praktischen Vorteil: Du kannst die Kosten im Jahr des Kaufs \u2013 unabh\u00e4ngig vom Preis \u2013 voll absetzen (Aufteilung zwischen privat und beruflich wichtig). Das gilt aber nicht f\u00fcr Smartphones. Sie m\u00fcssen, ebenso wie andere Arbeitsmittel, ab einem Kaufpreis von 952 Euro (800 Euro netto zuz\u00fcglich Umsatzsteuer) \u00fcber mehrere Jahre abgeschrieben werden.<\/p>\n<h3>Internet- &amp; Handykosten<\/h3>\n<p>Nicht vergessen: Berufliche <a title=\"Internet und Telefonkosten absetzen\" href=\"https:\/\/www.buhl.de\/steuer\/ratgeber\/internet-telefon-kosten-absetzen\/\">Internet- und Telefonkosten<\/a> von zu Hause kannst du ebenso in der Steuererkl\u00e4rung angeben: Geb\u00fchren f\u00fcr Internet, Festnetz und Smartphone setzt du f\u00fcr die Zeit im Homeoffice pauschal mit 20 Prozent der Gesamtkosten an. Der H\u00f6chstbetrag liegt bei 20 Euro pro Monat, somit ist ein Steuervorteil von bis zu 240 Euro im Jahr m\u00f6glich.<\/p>\n<h2>Energiekosten sparen mit der Steuererkl\u00e4rung \u2013 wie erstelle ich diese unkompliziert?<\/h2>\n<p><a title=\"Steuererkl\u00e4rung machen: So geht's\" href=\"https:\/\/www.buhl.de\/steuer\/ratgeber\/steuererklaerung-machen\/\">Steuererkl\u00e4rung<\/a> \u2013 ein Buch mit 7 Siegeln? Eigentlich kannst du die Steuererkl\u00e4rung selbst machen. Als praktische Unterst\u00fctzung kannst du dabei <a href=\"https:\/\/www.buhl.de\/steuer\/\">WISO Steuer<\/a> nutzen. Mit dem Programm lassen sich viele Daten automatisch eintragen. Au\u00dferdem werden dir zum Beispiel Pauschalen vorgeschlagen, mit denen du mit wenig Aufwand viel aus der Steuererkl\u00e4rung herausholen kannst.<\/p>\n<p>So funktioniert\u2019s:<\/p>\n<ul class=\"sw-blog-icon sw-blog-icon-1\">\n<li>\u00a0Daten eintragen lassen: Mit dem Feature <a title=\"Steuer-Abruf: Deine Vorteile\" href=\"https:\/\/www.buhl.de\/steuer\/steuer-abruf\/\">Steuer-Abruf<\/a> werden Daten, die dem Finanzamt schon vorliegen, von WISO Steuer in die Steuererkl\u00e4rung eingetragen. Ganz automatisch \u2013 sogar, wenn ein Beleg sich mal \u00e4ndert.<\/li>\n<li>Belege abfotografieren: Belege m\u00fcssen nicht mit der Steuererkl\u00e4rung geschickt werden. Aber du solltest sie f\u00fcr Nachfragen vom Finanzamt aufbewahren. Nutze <a title=\"Belege abfotografieren\" href=\"https:\/\/www.buhl.de\/steuer\/steuer-scan-app\/\">Steuer-Scan<\/a> und mache einfach ein Foto von deinen Quittungen. Die App l\u00e4dt dann alles direkt in deine Steuererkl\u00e4rung. So kann nichts verloren gehen.<\/li>\n<li>Pr\u00fcfen lassen: Du hast noch Fragen? Dann kannst du den <a title=\"ProfiCheck buchen\" href=\"https:\/\/buhl-berater.de\/proficheck\/\" target=\"_blank\" rel=\"noopener\">ProfiCheck<\/a>* nutzen. Unabh\u00e4ngige Experten der Buhl Steuerberatungsgesellschaft mbH* pr\u00fcfen deine Steuererkl\u00e4rung vor der Abgabe und helfen dir bei deinen Fragen.<\/li>\n<li>Papierlos abgeben: Nutze unseren <a title=\"Steuer-Versand: Steuern abgeben mit einem Klick\" href=\"https:\/\/www.buhl.de\/steuer\/versand-an-finanzamt\/\">Steuer-Versand<\/a>. Damit gibst du deine Erkl\u00e4rung mit wenigen Klicks digital beim Finanzamt ab.<\/li>\n<\/ul>\n<p>\u00dcbrigens ist WISO Steuer \u00fcberall f\u00fcr dich da: Du kannst das Programm auf deinem Smartphone, Tablet oder im Browser nutzen.<\/p>\n\r\n        <div class=\"white-background text\">\r\n            <div class=\"container module-a buhl-ap\">\r\n\t\t\t\t<div class=\"row\">\r\n\t\t\t\t\t<div class=\"col-12 col-xl-8 offset-xl-2\">\r\n\t\t\t\t\t\t<div class=\"text-block blue-font\">\r\n\t\t\t\t\t\t\t\r\n\t\t\t\t\t\t\t\t\r\n\t\t\t\t\t\t\t<div class=\"body font-source-sans-pro-1\"><p>*Der ProfiCheck, der ProfiService und der buhl:Berater sind Angebote der Buhl Steuerberatungsgesellschaft mbH, Schillerstr. 7, 57250 Netphen (BST), f\u00fcr die ausschlie\u00dflich deren <a href=\"https:\/\/buhl-berater.de\/nutzungsbedingungen\/\">AGB<\/a> gelten. Die BST ist ein von der Buhl Data Service GmbH, Am Siebertsweiher 3\/5, 57290 Neunkirchen (BDS) unabh\u00e4ngiges Unternehmen. Die BDS ist zur Hilfeleistung in Steuersachen weder befugt noch verpflichtet sie sich zu dieser. Auch entscheidet die BDS nicht \u00fcber die Einschaltung und Auswahl der BST oder deren Ma\u00dfnahmen der Steuerrechtshilfe. Die BDS stellt lediglich die Infrastruktur zur Verf\u00fcgung, \u00fcber die die BST ihre Leistungen eigenverantwortlich anbietet bzw. bewirbt.<\/p><\/div>\r\n\t\t\t\t\t\t<\/div>\r\n\t\t\t\t\t\t\r\n\t\t\t\t\t<\/div>\r\n\t\t\t\t<\/div>\r\n\t\t\t<\/div>\r\n\t\t<\/div>\r\n    \r\n        <div class=\"spacing-modul  \">\r\n            <div class=\"container spacing-modul\">\r\n               <div class=\"row\">\r\n                   <div id=\"\" class=\"anchor\"><\/div>\r\n                   <div class=\"col-12 modul-spacing-blog-c\"><\/div>\r\n                   <div class=\"col-12 modul-spacing-blog-c\"><\/div>\r\n               <\/div>\r\n            <\/div>\r\n        <\/div>\r\n    \n\r\n        <div class=\"white-background\">\r\n            <div class=\"one-product\">\r\n                <div class=\"container\">\r\n                    <div class=\"row\">\r\n                        <div class=\"d-none d-lg-flex col-12 col-lg-6\">\r\n                             \r\n                                <img decoding=\"async\" loading=\"lazy\" class=\" img-fluid\"\r\n                                        alt=\"\" \r\n                                        title=\"\"\r\n                                        src=\"https:\/\/www.buhl.de\/steuer\/wp-content\/themes\/steuer-web\/buhl-steuer\/assets\/product-portfolio\/images\/steuererklaerung-machen-alle-geraete.svg\" \/>\r\n                            \r\n                        <\/div>\r\n\r\n                        <div class=\"col-12 offset-lg-1 col-lg-5 d-flex justify-content-center flex-column\">\r\n                            <h3 class=\"font-cairo-1 fw700 blue-font headline-spacing-20 text-center text-lg-left\">\u00dcberall f\u00fcr dich da<\/h3>\r\n                            <p class=\"font-source-sans-pro-1 blue-font headline-spacing-50 text-center text-lg-left\">Nutze WISO&nbsp;Steuer auf deinem Smartphone, Tablet oder im Browser.<\/p>\r\n                            \r\n                            \r\n                                <img decoding=\"async\" loading=\"lazy\"\r\n                                     class=\"d-flex d-lg-none image-spacing img-fluid\"\r\n                                     alt=\"\" \r\n                                     title=\"\"\r\n                                     src=\"https:\/\/www.buhl.de\/steuer\/wp-content\/themes\/steuer-web\/buhl-steuer\/assets\/product-portfolio\/images\/steuererklaerung-machen-alle-geraete.svg\" >\r\n                            \r\n                            \r\n                            <div class=\"d-none d-lg-flex flex-lg-column flex-xl-row align-items-center align-items-lg-start\">\r\n                                <a class=\"primary w-230 font-cairo-2 fw700 intro-button button-spacing d-flex justify-content-center align-items-center\"\r\n                                   role=\"button\"\r\n                                   href=\"https:\/\/www.buhl.de\/shop\/wisosteuer\/auswahl?2025=agv&wkz=STWEBMARKETINGSEITE&src=WEB\"\r\n                                   target=\"_self\"\r\n                                   title=\"WISO&nbsp;Steuer Lizenz kaufen\"\r\n                                   id=\"oneproduct-kaufen-d\"\r\n                                   onclick=\"dataLayer.push({'event': 'ButtonClick SW','sw-button': 'click-preise'});\">\r\n                                   Jetzt kaufen\r\n                                <\/a>\r\n                                \r\n                                <a class=\"secondary w-230 font-cairo-2 fw700 intro-button d-flex justify-content-center align-items-center\"\r\n                                   role=\"button\"\r\n                                   href=\"https:\/\/www.buhl.de\/mein-buhlkonto\/?buhlparam=2100101\"\r\n                                   target=\"_self\"\r\n                                   title=\"Kostenlos & unverbindlich testen\"\r\n                                   id=\"oneproduct-webtesten-d\"\r\n                                   onclick=\"dataLayer.push({'event': 'ButtonClick SW','sw-button': 'click-testen'});\">\r\n                                   Kostenlos testen\r\n                                <\/a>\r\n                            <\/div>\r\n                            \r\n                            <div class=\"d-flex d-lg-none text-center flex-column flex-md-row justify-content-center\">\r\n                                <a class=\"primary w-270 font-cairo-2 fw700 intro-button d-flex justify-content-center align-items-center button-spacing\"\r\n                                   role=\"button\"\r\n                                   href=\"https:\/\/www.buhl.de\/shop\/wisosteuer\/auswahl?2025=agv&wkz=STWEBMARKETINGSEITE&src=WEB\"\r\n                                   target=\"_self\"\r\n                                   title=\"WISO&nbsp;Steuer Lizenz kaufen\"\r\n                                   id=\"oneproduct-kaufen-m\"\r\n                                   onclick=\"dataLayer.push({'event': 'ButtonClick SW','sw-button': 'click-preise'});\">\r\n                                   Jetzt kaufen\r\n                                <\/a>\r\n                                        \r\n                                <a class=\"secondary w-270 font-cairo-2 fw700 intro-button d-flex justify-content-center align-items-center\"\r\n                                   role=\"button\"\r\n                                   href=\"https:\/\/www.buhl.de\/mein-buhlkonto\/?buhlparam=2100101\"\r\n                                   target=\"_self\"\r\n                                   title=\"Kostenlos & unverbindlich testen\"\r\n                                   id=\"oneproduct-webtesten-m\"\r\n                                   onclick=\"dataLayer.push({'event': 'ButtonClick SW','sw-button': 'click-mobile-starten'});\">\r\n                                   Kostenlos testen\r\n                                <\/a>\r\n                            <\/div>\r\n                        <\/div>\r\n                    <\/div>\r\n                <\/div>\r\n            <\/div>\r\n        <\/div>\r\n        <div class=\"spacing-modul  \">\r\n            <div class=\"container spacing-modul\">\r\n               <div class=\"row\">\r\n                   <div id=\"\" class=\"anchor\"><\/div>\r\n                   <div class=\"col-12 modul-spacing-default-b\"><\/div>\r\n                   <div class=\"col-12 modul-spacing-default-b\"><\/div>\r\n               <\/div>\r\n            <\/div>\r\n        <\/div>\r\n    \n","protected":false},"excerpt":{"rendered":"<p>Stromkosten, Heizung und die Tankf\u00fcllung rei\u00dfen ein Loch in den Geldbeutel. Doch: Mit der Steuererkl\u00e4rung lassen sich die Folgen der hohen Energiekosten wenigstens etwas abfedern. Wir haben Tipps dazu zusammengestellt, bei welchen Energiekosten du einen Steuervorteil nutzen kannst.<\/p>\n","protected":false},"author":220,"featured_media":54459,"comment_status":"closed","ping_status":"open","sticky":false,"template":"","format":"standard","meta":{"_acf_changed":false,"footnotes":""},"categories":[2841,2816],"tags":[],"class_list":["post-54401","post","type-post","status-publish","format-standard","has-post-thumbnail","hentry","category-alle","category-finanzamt"],"yoast_head":"<!-- This site is optimized with the Yoast SEO Premium plugin v27.0 (Yoast SEO v27.0) - https:\/\/yoast.com\/product\/yoast-seo-premium-wordpress\/ -->\n<title>Energiekosten sparen und Steuern zur\u00fcckholen<\/title>\n<meta name=\"description\" content=\"Energiekosten sparen durchs Steuernsparen? \ud83d\udd25 Die Steuererkl\u00e4rung hilft dabei \ud83e\udd13 Jetzt Tipps lesen\" \/>\n<meta name=\"robots\" content=\"noindex, nofollow\" \/>\n<meta property=\"og:locale\" content=\"de_DE\" \/>\n<meta property=\"og:type\" content=\"article\" \/>\n<meta property=\"og:title\" content=\"Energiekosten sparen\" \/>\n<meta property=\"og:description\" content=\"Energiekosten sparen durchs Steuernsparen? \ud83d\udd25 Die Steuererkl\u00e4rung hilft dabei \ud83e\udd13 Jetzt Tipps lesen\" \/>\n<meta property=\"og:url\" content=\"https:\/\/www.buhl.de\/steuer\/ratgeber\/energiekosten-sparen-steuererklaerung\/\" \/>\n<meta property=\"og:site_name\" content=\"WISO Steuer: Nr.1 App f\u00fcr die Steuererkl\u00e4rung\" \/>\n<meta property=\"article:published_time\" content=\"2022-10-20T08:54:52+00:00\" \/>\n<meta property=\"article:modified_time\" content=\"2026-01-15T16:39:52+00:00\" \/>\n<meta property=\"og:image\" content=\"https:\/\/www.buhl.de\/steuer\/wp-content\/uploads\/sites\/31\/2022\/10\/energiekosten-sparen-steuererklaerung-title.jpg\" \/>\n\t<meta property=\"og:image:width\" content=\"976\" \/>\n\t<meta property=\"og:image:height\" content=\"400\" \/>\n\t<meta property=\"og:image:type\" content=\"image\/jpeg\" \/>\n<meta name=\"author\" content=\"Udo Reu\u00df\" \/>\n<meta name=\"twitter:card\" content=\"summary_large_image\" \/>\n<meta name=\"twitter:label1\" content=\"Verfasst von\" \/>\n\t<meta name=\"twitter:data1\" content=\"Udo Reu\u00df\" \/>\n\t<meta name=\"twitter:label2\" content=\"Gesch\u00e4tzte Lesezeit\" \/>\n\t<meta name=\"twitter:data2\" content=\"8\u00a0Minuten\" \/>\n<script type=\"application\/ld+json\" class=\"yoast-schema-graph\">{\"@context\":\"https:\/\/schema.org\",\"@graph\":[{\"@type\":\"Article\",\"@id\":\"https:\/\/www.buhl.de\/steuer\/ratgeber\/energiekosten-sparen-steuererklaerung\/#article\",\"isPartOf\":{\"@id\":\"https:\/\/www.buhl.de\/steuer\/ratgeber\/energiekosten-sparen-steuererklaerung\/\"},\"author\":{\"name\":\"Udo Reu\u00df\",\"@id\":\"https:\/\/www.buhl.de\/steuer\/#\/schema\/person\/03b5508d4c85dc193be95cb4e2d78423\"},\"headline\":\"Energiekosten sparen\",\"datePublished\":\"2022-10-20T08:54:52+00:00\",\"dateModified\":\"2026-01-15T16:39:52+00:00\",\"mainEntityOfPage\":{\"@id\":\"https:\/\/www.buhl.de\/steuer\/ratgeber\/energiekosten-sparen-steuererklaerung\/\"},\"wordCount\":1377,\"publisher\":{\"@id\":\"https:\/\/www.buhl.de\/steuer\/#organization\"},\"image\":{\"@id\":\"https:\/\/www.buhl.de\/steuer\/ratgeber\/energiekosten-sparen-steuererklaerung\/#primaryimage\"},\"thumbnailUrl\":\"https:\/\/www.buhl.de\/steuer\/wp-content\/uploads\/sites\/31\/2022\/10\/energiekosten-sparen-steuererklaerung-title.jpg\",\"articleSection\":[\"Neueste Beitr\u00e4ge\",\"Ratgeber: Finanzamt &amp; Steuern\"],\"inLanguage\":\"de\"},{\"@type\":\"WebPage\",\"@id\":\"https:\/\/www.buhl.de\/steuer\/ratgeber\/energiekosten-sparen-steuererklaerung\/\",\"url\":\"https:\/\/www.buhl.de\/steuer\/ratgeber\/energiekosten-sparen-steuererklaerung\/\",\"name\":\"Energiekosten sparen und Steuern zur\u00fcckholen\",\"isPartOf\":{\"@id\":\"https:\/\/www.buhl.de\/steuer\/#website\"},\"primaryImageOfPage\":{\"@id\":\"https:\/\/www.buhl.de\/steuer\/ratgeber\/energiekosten-sparen-steuererklaerung\/#primaryimage\"},\"image\":{\"@id\":\"https:\/\/www.buhl.de\/steuer\/ratgeber\/energiekosten-sparen-steuererklaerung\/#primaryimage\"},\"thumbnailUrl\":\"https:\/\/www.buhl.de\/steuer\/wp-content\/uploads\/sites\/31\/2022\/10\/energiekosten-sparen-steuererklaerung-title.jpg\",\"datePublished\":\"2022-10-20T08:54:52+00:00\",\"dateModified\":\"2026-01-15T16:39:52+00:00\",\"description\":\"Energiekosten sparen durchs Steuernsparen? \ud83d\udd25 Die Steuererkl\u00e4rung hilft dabei \ud83e\udd13 Jetzt Tipps lesen\",\"breadcrumb\":{\"@id\":\"https:\/\/www.buhl.de\/steuer\/ratgeber\/energiekosten-sparen-steuererklaerung\/#breadcrumb\"},\"inLanguage\":\"de\",\"potentialAction\":[{\"@type\":\"ReadAction\",\"target\":[\"https:\/\/www.buhl.de\/steuer\/ratgeber\/energiekosten-sparen-steuererklaerung\/\"]}]},{\"@type\":\"ImageObject\",\"inLanguage\":\"de\",\"@id\":\"https:\/\/www.buhl.de\/steuer\/ratgeber\/energiekosten-sparen-steuererklaerung\/#primaryimage\",\"url\":\"https:\/\/www.buhl.de\/steuer\/wp-content\/uploads\/sites\/31\/2022\/10\/energiekosten-sparen-steuererklaerung-title.jpg\",\"contentUrl\":\"https:\/\/www.buhl.de\/steuer\/wp-content\/uploads\/sites\/31\/2022\/10\/energiekosten-sparen-steuererklaerung-title.jpg\",\"width\":976,\"height\":400,\"caption\":\"Energiekosten sparen \u2013 Tipps f\u00fcr die Steuererkl\u00e4rung\"},{\"@type\":\"BreadcrumbList\",\"@id\":\"https:\/\/www.buhl.de\/steuer\/ratgeber\/energiekosten-sparen-steuererklaerung\/#breadcrumb\",\"itemListElement\":[{\"@type\":\"ListItem\",\"position\":1,\"name\":\"Steuererkl\u00e4rung\",\"item\":\"https:\/\/www.buhl.de\/steuer\/\"},{\"@type\":\"ListItem\",\"position\":2,\"name\":\"Energiekosten sparen\"}]},{\"@type\":\"WebSite\",\"@id\":\"https:\/\/www.buhl.de\/steuer\/#website\",\"url\":\"https:\/\/www.buhl.de\/steuer\/\",\"name\":\"WISO Steuer: Nr. 1 Steuer-App\",\"description\":\"\",\"publisher\":{\"@id\":\"https:\/\/www.buhl.de\/steuer\/#organization\"},\"potentialAction\":[{\"@type\":\"SearchAction\",\"target\":{\"@type\":\"EntryPoint\",\"urlTemplate\":\"https:\/\/www.buhl.de\/steuer\/?s={search_term_string}\"},\"query-input\":{\"@type\":\"PropertyValueSpecification\",\"valueRequired\":true,\"valueName\":\"search_term_string\"}}],\"inLanguage\":\"de\"},{\"@type\":\"Organization\",\"@id\":\"https:\/\/www.buhl.de\/steuer\/#organization\",\"name\":\"WISO Steuer | Buhl Data Service GmbH\",\"url\":\"https:\/\/www.buhl.de\/steuer\/\",\"logo\":{\"@type\":\"ImageObject\",\"inLanguage\":\"de\",\"@id\":\"https:\/\/www.buhl.de\/steuer\/#\/schema\/logo\/image\/\",\"url\":\"https:\/\/www.buhl.de\/steuer\/wp-content\/uploads\/sites\/31\/2026\/02\/logo-wiso-steuer-app.svg\",\"contentUrl\":\"https:\/\/www.buhl.de\/steuer\/wp-content\/uploads\/sites\/31\/2026\/02\/logo-wiso-steuer-app.svg\",\"width\":375,\"height\":72,\"caption\":\"WISO Steuer | Buhl Data Service GmbH\"},\"image\":{\"@id\":\"https:\/\/www.buhl.de\/steuer\/#\/schema\/logo\/image\/\"}},{\"@type\":\"Person\",\"@id\":\"https:\/\/www.buhl.de\/steuer\/#\/schema\/person\/03b5508d4c85dc193be95cb4e2d78423\",\"name\":\"Udo Reu\u00df\",\"image\":{\"@type\":\"ImageObject\",\"inLanguage\":\"de\",\"@id\":\"https:\/\/www.buhl.de\/steuer\/#\/schema\/person\/image\/\",\"url\":\"https:\/\/www.buhl.de\/steuer\/wp-content\/uploads\/sites\/31\/2024\/07\/udo.png\",\"contentUrl\":\"https:\/\/www.buhl.de\/steuer\/wp-content\/uploads\/sites\/31\/2024\/07\/udo.png\",\"caption\":\"Udo Reu\u00df\"},\"sameAs\":[\"https:\/\/www.buhl.de\/steuer\/autoren\/udo-reuss\/\"]}]}<\/script>\n<!-- \/ Yoast SEO Premium plugin. -->","yoast_head_json":{"title":"Energiekosten sparen und Steuern zur\u00fcckholen","description":"Energiekosten sparen durchs Steuernsparen? \ud83d\udd25 Die Steuererkl\u00e4rung hilft dabei \ud83e\udd13 Jetzt Tipps lesen","robots":{"index":"noindex","follow":"nofollow"},"og_locale":"de_DE","og_type":"article","og_title":"Energiekosten sparen","og_description":"Energiekosten sparen durchs Steuernsparen? \ud83d\udd25 Die Steuererkl\u00e4rung hilft dabei \ud83e\udd13 Jetzt Tipps lesen","og_url":"https:\/\/www.buhl.de\/steuer\/ratgeber\/energiekosten-sparen-steuererklaerung\/","og_site_name":"WISO Steuer: Nr.1 App f\u00fcr die Steuererkl\u00e4rung","article_published_time":"2022-10-20T08:54:52+00:00","article_modified_time":"2026-01-15T16:39:52+00:00","og_image":[{"width":976,"height":400,"url":"https:\/\/www.buhl.de\/steuer\/wp-content\/uploads\/sites\/31\/2022\/10\/energiekosten-sparen-steuererklaerung-title.jpg","type":"image\/jpeg"}],"author":"Udo Reu\u00df","twitter_card":"summary_large_image","twitter_misc":{"Verfasst von":"Udo Reu\u00df","Gesch\u00e4tzte Lesezeit":"8\u00a0Minuten"},"schema":{"@context":"https:\/\/schema.org","@graph":[{"@type":"Article","@id":"https:\/\/www.buhl.de\/steuer\/ratgeber\/energiekosten-sparen-steuererklaerung\/#article","isPartOf":{"@id":"https:\/\/www.buhl.de\/steuer\/ratgeber\/energiekosten-sparen-steuererklaerung\/"},"author":{"name":"Udo Reu\u00df","@id":"https:\/\/www.buhl.de\/steuer\/#\/schema\/person\/03b5508d4c85dc193be95cb4e2d78423"},"headline":"Energiekosten sparen","datePublished":"2022-10-20T08:54:52+00:00","dateModified":"2026-01-15T16:39:52+00:00","mainEntityOfPage":{"@id":"https:\/\/www.buhl.de\/steuer\/ratgeber\/energiekosten-sparen-steuererklaerung\/"},"wordCount":1377,"publisher":{"@id":"https:\/\/www.buhl.de\/steuer\/#organization"},"image":{"@id":"https:\/\/www.buhl.de\/steuer\/ratgeber\/energiekosten-sparen-steuererklaerung\/#primaryimage"},"thumbnailUrl":"https:\/\/www.buhl.de\/steuer\/wp-content\/uploads\/sites\/31\/2022\/10\/energiekosten-sparen-steuererklaerung-title.jpg","articleSection":["Neueste Beitr\u00e4ge","Ratgeber: Finanzamt &amp; Steuern"],"inLanguage":"de"},{"@type":"WebPage","@id":"https:\/\/www.buhl.de\/steuer\/ratgeber\/energiekosten-sparen-steuererklaerung\/","url":"https:\/\/www.buhl.de\/steuer\/ratgeber\/energiekosten-sparen-steuererklaerung\/","name":"Energiekosten sparen und Steuern zur\u00fcckholen","isPartOf":{"@id":"https:\/\/www.buhl.de\/steuer\/#website"},"primaryImageOfPage":{"@id":"https:\/\/www.buhl.de\/steuer\/ratgeber\/energiekosten-sparen-steuererklaerung\/#primaryimage"},"image":{"@id":"https:\/\/www.buhl.de\/steuer\/ratgeber\/energiekosten-sparen-steuererklaerung\/#primaryimage"},"thumbnailUrl":"https:\/\/www.buhl.de\/steuer\/wp-content\/uploads\/sites\/31\/2022\/10\/energiekosten-sparen-steuererklaerung-title.jpg","datePublished":"2022-10-20T08:54:52+00:00","dateModified":"2026-01-15T16:39:52+00:00","description":"Energiekosten sparen durchs Steuernsparen? \ud83d\udd25 Die Steuererkl\u00e4rung hilft dabei \ud83e\udd13 Jetzt Tipps lesen","breadcrumb":{"@id":"https:\/\/www.buhl.de\/steuer\/ratgeber\/energiekosten-sparen-steuererklaerung\/#breadcrumb"},"inLanguage":"de","potentialAction":[{"@type":"ReadAction","target":["https:\/\/www.buhl.de\/steuer\/ratgeber\/energiekosten-sparen-steuererklaerung\/"]}]},{"@type":"ImageObject","inLanguage":"de","@id":"https:\/\/www.buhl.de\/steuer\/ratgeber\/energiekosten-sparen-steuererklaerung\/#primaryimage","url":"https:\/\/www.buhl.de\/steuer\/wp-content\/uploads\/sites\/31\/2022\/10\/energiekosten-sparen-steuererklaerung-title.jpg","contentUrl":"https:\/\/www.buhl.de\/steuer\/wp-content\/uploads\/sites\/31\/2022\/10\/energiekosten-sparen-steuererklaerung-title.jpg","width":976,"height":400,"caption":"Energiekosten sparen \u2013 Tipps f\u00fcr die Steuererkl\u00e4rung"},{"@type":"BreadcrumbList","@id":"https:\/\/www.buhl.de\/steuer\/ratgeber\/energiekosten-sparen-steuererklaerung\/#breadcrumb","itemListElement":[{"@type":"ListItem","position":1,"name":"Steuererkl\u00e4rung","item":"https:\/\/www.buhl.de\/steuer\/"},{"@type":"ListItem","position":2,"name":"Energiekosten sparen"}]},{"@type":"WebSite","@id":"https:\/\/www.buhl.de\/steuer\/#website","url":"https:\/\/www.buhl.de\/steuer\/","name":"WISO Steuer: Nr. 1 Steuer-App","description":"","publisher":{"@id":"https:\/\/www.buhl.de\/steuer\/#organization"},"potentialAction":[{"@type":"SearchAction","target":{"@type":"EntryPoint","urlTemplate":"https:\/\/www.buhl.de\/steuer\/?s={search_term_string}"},"query-input":{"@type":"PropertyValueSpecification","valueRequired":true,"valueName":"search_term_string"}}],"inLanguage":"de"},{"@type":"Organization","@id":"https:\/\/www.buhl.de\/steuer\/#organization","name":"WISO Steuer | Buhl Data Service GmbH","url":"https:\/\/www.buhl.de\/steuer\/","logo":{"@type":"ImageObject","inLanguage":"de","@id":"https:\/\/www.buhl.de\/steuer\/#\/schema\/logo\/image\/","url":"https:\/\/www.buhl.de\/steuer\/wp-content\/uploads\/sites\/31\/2026\/02\/logo-wiso-steuer-app.svg","contentUrl":"https:\/\/www.buhl.de\/steuer\/wp-content\/uploads\/sites\/31\/2026\/02\/logo-wiso-steuer-app.svg","width":375,"height":72,"caption":"WISO Steuer | Buhl Data Service GmbH"},"image":{"@id":"https:\/\/www.buhl.de\/steuer\/#\/schema\/logo\/image\/"}},{"@type":"Person","@id":"https:\/\/www.buhl.de\/steuer\/#\/schema\/person\/03b5508d4c85dc193be95cb4e2d78423","name":"Udo Reu\u00df","image":{"@type":"ImageObject","inLanguage":"de","@id":"https:\/\/www.buhl.de\/steuer\/#\/schema\/person\/image\/","url":"https:\/\/www.buhl.de\/steuer\/wp-content\/uploads\/sites\/31\/2024\/07\/udo.png","contentUrl":"https:\/\/www.buhl.de\/steuer\/wp-content\/uploads\/sites\/31\/2024\/07\/udo.png","caption":"Udo Reu\u00df"},"sameAs":["https:\/\/www.buhl.de\/steuer\/autoren\/udo-reuss\/"]}]}},"acf":[],"wps_subtitle":"Mit cleveren Steuertipps Geld sparen ","_links":{"self":[{"href":"https:\/\/www.buhl.de\/steuer\/wp-json\/wp\/v2\/posts\/54401","targetHints":{"allow":["GET"]}}],"collection":[{"href":"https:\/\/www.buhl.de\/steuer\/wp-json\/wp\/v2\/posts"}],"about":[{"href":"https:\/\/www.buhl.de\/steuer\/wp-json\/wp\/v2\/types\/post"}],"author":[{"embeddable":true,"href":"https:\/\/www.buhl.de\/steuer\/wp-json\/wp\/v2\/users\/220"}],"replies":[{"embeddable":true,"href":"https:\/\/www.buhl.de\/steuer\/wp-json\/wp\/v2\/comments?post=54401"}],"version-history":[{"count":56,"href":"https:\/\/www.buhl.de\/steuer\/wp-json\/wp\/v2\/posts\/54401\/revisions"}],"predecessor-version":[{"id":76479,"href":"https:\/\/www.buhl.de\/steuer\/wp-json\/wp\/v2\/posts\/54401\/revisions\/76479"}],"wp:featuredmedia":[{"embeddable":true,"href":"https:\/\/www.buhl.de\/steuer\/wp-json\/wp\/v2\/media\/54459"}],"wp:attachment":[{"href":"https:\/\/www.buhl.de\/steuer\/wp-json\/wp\/v2\/media?parent=54401"}],"wp:term":[{"taxonomy":"category","embeddable":true,"href":"https:\/\/www.buhl.de\/steuer\/wp-json\/wp\/v2\/categories?post=54401"},{"taxonomy":"post_tag","embeddable":true,"href":"https:\/\/www.buhl.de\/steuer\/wp-json\/wp\/v2\/tags?post=54401"}],"curies":[{"name":"wp","href":"https:\/\/api.w.org\/{rel}","templated":true}]}}