{"id":54794,"date":"2022-03-23T17:01:50","date_gmt":"2022-03-23T16:01:50","guid":{"rendered":"https:\/\/www.buhl.de\/steuer\/?p=54794"},"modified":"2025-03-12T10:17:01","modified_gmt":"2025-03-12T09:17:01","slug":"anhaenger-wohnwagen-steuer","status":"publish","type":"post","link":"https:\/\/www.buhl.de\/steuer\/ratgeber\/anhaenger-wohnwagen-steuer\/","title":{"rendered":"Anh\u00e4nger-Steuer und Wohnwagen-Steuer"},"content":{"rendered":"<p>Leider ist nicht nur das Familienauto von der Steuer betroffen. Auch f\u00fcr Anh\u00e4nger und Wohnwagen muss die Kfz-Steuer gezahlt werden. Wie hoch die <strong>Anh\u00e4nger-Steuer<\/strong> oder <strong>Wohnwagen-Steuer<\/strong> ausf\u00e4llt und man sich davon befreien lassen kann, kl\u00e4ren wir in diesem Beitrag.<\/p>\n<p><!--more--><\/p>\n<h2>Kurz &amp; knapp<\/h2>\n<ul>\n<li>Die Wohnwagen-Steuer und Anh\u00e4nger-Steuer ist eine Kfz-Steuer, die jeder Besitzer zahlen muss<\/li>\n<li>Die H\u00f6he der Steuer h\u00e4ngt von dem Gewicht des Fahrzeugs ab<\/li>\n<li>Besitzer von Anh\u00e4ngern k\u00f6nnen sich in manchen F\u00e4llen von der Steuer befreien lassen<\/li>\n<\/ul>\n<h2>Kfz-Steuer f\u00fcr Anh\u00e4nger: Wie hoch ist die Anh\u00e4nger-Steuer?<\/h2>\n<p>Nicht nur Pkws sind von der Kfz-Steuer betroffen. Auch Besitzer von Anh\u00e4ngern werden zur Kasse gebeten. Die Steuer ist j\u00e4hrlich f\u00e4llig und wird vom Zoll erhoben.<\/p>\n<p>Immerhin: Die Berechnung der Steuerh\u00f6he f\u00fcr Anh\u00e4nger ist deutlich einfacher als bei einem Pkw. Denn hier kommt es nur auf das Gesamtgewicht an. Es gilt: Pro 200 kg Gewicht fallen 7,46 Euro an.<\/p>\n\r\n        <div class=\"white-background\">\r\n            <div class=\"container\">\r\n                <div class=\"blog-example\">\r\n                    <div class=\"row\">\r\n                        <div class=\"col-12 offset-lg-2 col-lg-8 text-center text-lg-left\">\r\n                            <div class=\"d-flex flex-column align-items-center\">\r\n                                <img decoding=\"async\" loading=\"lazy\" class=\"img-fluid circle-image\" src=\"https:\/\/www.buhl.de\/steuer\/wp-content\/themes\/steuer-web\/buhl-steuer\/assets\/blog\/blog-example\/arbeitnehmer-beispiel.svg\" alt=\"Beispiel Arbeitnehmer\" title=\"Beispiel\" \/>\r\n                                <h3 class=\"font-source-sans-pro-10 fw700 blue-font headline\">Beispiel: Anh\u00e4nger-Steuer<\/h3>\r\n                            <\/div><div class=\"font-source-sans-pro-1 blue-font\">\n<p>Stefan kauft sich einen Anh\u00e4nger mit einem Gesamtgewicht von 950 kg. F\u00fcr die Ermittlung der j\u00e4hrlichen Kfz-Steuer rechnet er:<\/p>\n<ul>\n<li>950 kg \/ 200 kg = 4,75 &gt; aufgerundet 5<\/li>\n<li>5 \u00d7 7,46 Euro = 37,30 Euro &gt; abgerundet auf volle Euro = 37 Euro<\/li>\n<\/ul>\n<p>Ergebnis: Stefan muss f\u00fcr seinen Anh\u00e4nger eine j\u00e4hrliche Kfz-Steuer von 37 Euro zahlen.<\/p>\n<\/div><\/div>\r\n                    <\/div>\r\n                <\/div>\r\n            <\/div>\r\n        <\/div>\r\n    \r\n        <div class=\"spacing-modul  \">\r\n            <div class=\"container spacing-modul\">\r\n               <div class=\"row\">\r\n                   <div id=\"\" class=\"anchor\"><\/div>\r\n                   <div class=\"col-12 modul-spacing-blog-c\"><\/div>\r\n                   <div class=\"col-12 modul-spacing-blog-c\"><\/div>\r\n               <\/div>\r\n            <\/div>\r\n        <\/div>\r\n    \n<h3>Infografik: Steuer f\u00fcr Wohnwagen &amp; Anh\u00e4nger<\/h3>\n<p><img loading=\"lazy\" decoding=\"async\" class=\"aligncenter\" title=\"Anh\u00e4nger-Steuer und Wohnwagen-Steuer - alle Infos auf einen Blick\" src=\"https:\/\/www.buhl.de\/steuer\/wp-content\/uploads\/sites\/31\/2022\/11\/anhaenger-steuer-wohnwagen-wohnmobil-infografik.png\" alt=\"Anh\u00e4nger-Steuer Wohnwagen-Steuer\" width=\"976\" height=\"706\" \/><\/p>\n<h3>H\u00f6chstgrenze bei der Steuer<\/h3>\n<p>Die gute Nachricht: Die Kfz-Steuer f\u00fcr Anh\u00e4nger ist begrenzt. Insgesamt darf sie pro Jahr maximal 373,24 Euro betragen. Das entspricht einem Anh\u00e4nger mit einem Gewicht von 10 Tonnen.<\/p>\n<h2>Kann ich mich von der Anh\u00e4nger-Steuer befreien lassen?<\/h2>\n<p>Es gibt tats\u00e4chlich eine M\u00f6glichkeit, sich von der Kfz-Steuer f\u00fcr Anh\u00e4nger befreien zu lassen. Daf\u00fcr muss jedoch auf das Fahrzeug, das den Anh\u00e4nger zieht, ein Anh\u00e4ngerzuschlag erhoben werden.<\/p>\n<p>Diese Alternative ist zwar keine \u201erichtige\u201c Befreiung, weil trotzdem etwas gezahlt werden muss. Sie kann sich aber vor allem dann lohnen, wenn man mehrere Anh\u00e4nger besitzt. Das gilt vor allem f\u00fcr Selbstst\u00e4ndige und Unternehmen, die mehr Anh\u00e4nger besitzen als ziehende Fahrzeuge.<\/p>\n\r\n        <div class=\"white-background\">\r\n            <div class=\"container\">\r\n                <div class=\"content blog-wrapper\">\r\n                    <div class=\"row\">\r\n                        <div class=\"d-flex align-items-center text-center text-lg-left align-items-xl-start flex-column flex-xl-row col-12 offset-lg-2 col-lg-8 offset-xl-1 col-xl-9\">\r\n                            <img decoding=\"async\" loading=\"lazy\" class=\"img-fluid\" src=\"https:\/\/www.buhl.de\/steuer\/wp-content\/themes\/steuer-web\/buhl-steuer\/assets\/blog\/blog-module\/achtung-icon.svg\" alt=\"Achtung Icon\" title=\"Achtung\" \/>\r\n                            <div class=\"d-flex flex-column\">\r\n                                <h3 class=\"font-source-sans-pro-10 fw700 blue-font headline\">Steuer-Befreiung auch f\u00fcr Wohnwagen?<\/h3><div class=\"font-source-sans-pro-1 blue-font\">Wohnwagenanh\u00e4nger k\u00f6nnen leider nicht von der Steuer befreit werden.<\/div><\/div>\r\n                        <\/div>\r\n                    <\/div>\r\n                <\/div>\r\n            <\/div>\r\n        <\/div>\r\n    \r\n        <div class=\"spacing-modul  \">\r\n            <div class=\"container spacing-modul\">\r\n               <div class=\"row\">\r\n                   <div id=\"\" class=\"anchor\"><\/div>\r\n                   <div class=\"col-12 modul-spacing-blog-c\"><\/div>\r\n                   <div class=\"col-12 modul-spacing-blog-c\"><\/div>\r\n               <\/div>\r\n            <\/div>\r\n        <\/div>\r\n    \n<h3>Welche Voraussetzungen gibt es?<\/h3>\n<p>Grunds\u00e4tzlich k\u00f6nnen alle Anh\u00e4nger von der Kfz-Steuer befreit werden. Eine Ausnahme gibt es nur f\u00fcr Wohnwagenanh\u00e4nger. Es gibt jedoch einige Voraussetzungen:<\/p>\n<ul>\n<li>f\u00fcr das ziehende Fahrzeug wird ein Anh\u00e4ngerzuschlag gezahlt oder<\/li>\n<li>das ziehende Fahrzeug ist ebenfalls von der Steuer befreit (gem\u00e4\u00df <a title=\"Gesetzestext lesen\" href=\"https:\/\/www.gesetze-im-internet.de\/kraftstg\/__3.html\" target=\"_blank\" rel=\"noopener\">\u00a7 3 Nr. 9 KraftStG<\/a>)<\/li>\n<li>die Zulassungsbeh\u00f6rde hat f\u00fcr den Anh\u00e4nger ein Kennzeichen mit gr\u00fcner Schrift auf wei\u00dfem Hintergrund vergeben(ein gr\u00fcnes Kennzeichen erh\u00e4lt jedes Fahrzeug, das von der Steuer befreit wurde)<\/li>\n<\/ul>\n<h3>Wie beantrage ich die Steuerverg\u00fcnstigung?<\/h3>\n<p>F\u00fcr die Steuerverg\u00fcnstigung musst du einen schriftlichen Antrag stellen. Daf\u00fcr hast du 2 M\u00f6glichkeiten:<\/p>\n<ul>\n<li>du stellst den Antrag bereits w\u00e4hrend der Zulassung bei der Zulassungsbeh\u00f6rde<\/li>\n<li>du stellst den Antrag zu einem beliebigen sp\u00e4teren Zeitpunkt beim Hauptzollamt (Achtung: Du kannst nicht r\u00fcckwirkend von der Steuer befreit werden)<\/li>\n<\/ul>\n<p>Das Hauptzollamt pr\u00fcft deinen Antrag und teilt dir dann schriftlich mit, ob dein Anh\u00e4nger von der Steuer befreit werden kann.<\/p>\n\r\n        <div class=\"white-background\">\r\n            <div class=\"container\">\r\n                <div class=\"content expert-blog-module blog-wrapper\">\r\n                    <div class=\"row\">\r\n                        <div class=\"d-flex align-items-center text-center text-lg-left align-items-xl-start flex-column flex-xl-row col-12 offset-lg-2 col-lg-8 offset-xl-1 col-xl-9\">\r\n                            <img decoding=\"async\" loading=\"lazy\" class=\"img-fluid\" src=\"https:\/\/www.buhl.de\/steuer\/wp-content\/themes\/steuer-web\/buhl-steuer\/assets\/blog\/blog-module\/experten-tipp-icon.svg\" alt=\"Experten Tipp\" title=\"Experten Tipp\" \/>\r\n                            <div class=\"d-flex flex-column\">\r\n                                <h3 class=\"font-source-sans-pro-10 fw700 blue-font headline\">Download: Kfz-Steuerbefreiung f\u00fcr Anh\u00e4nger<\/h3><div class=\"font-source-sans-pro-1 blue-font\">Lade dir den Antrag auf Kfz-Steuerbefreiung f\u00fcr deinen Anh\u00e4nger herunter: <a title=\"Antrag herunterladen\" href=\"https:\/\/www.buhl.de\/steuer\/wp-content\/uploads\/sites\/31\/2022\/11\/antrag-steuerbefreiung-anhaengersteuer-wiso-steuer.pdf\" target=\"_blank\" rel=\"noopener\">Musterantrag auf Steuerbefreiung f\u00fcr Anh\u00e4nger<\/a> <\/div><\/div>\r\n                        <\/div>\r\n                    <\/div>\r\n                <\/div>\r\n            <\/div>\r\n        <\/div>\r\n    \r\n        <div class=\"spacing-modul  \">\r\n            <div class=\"container spacing-modul\">\r\n               <div class=\"row\">\r\n                   <div id=\"\" class=\"anchor\"><\/div>\r\n                   <div class=\"col-12 modul-spacing-blog-c\"><\/div>\r\n                   <div class=\"col-12 modul-spacing-blog-c\"><\/div>\r\n               <\/div>\r\n            <\/div>\r\n        <\/div>\r\n    \n<h2>Was ist der Anh\u00e4ngerzuschlag?<\/h2>\n<p>M\u00f6chtest du deinen Anh\u00e4nger von der Steuer befreien lassen, musst du stattdessen einen Anh\u00e4ngerzuschlag zahlen. Im Gegensatz zur Kfz-Steuer ist der Zuschlag nicht von Gewicht oder Schadstoffklasse abh\u00e4ngig. Er betr\u00e4gt immer \u00a0373,24 Euro pro Jahr.<\/p>\n<p>Der Zuschlag wird jedoch nicht auf den Anh\u00e4nger selbst, sondern auf das ziehende Fahrzeug erhoben. Das hat den Vorteil, dass du nur f\u00fcr ein Fahrzeug den Zuschlag zahlen musst, daf\u00fcr aber mehrere Anh\u00e4nger von der Steuer befreien lassen kannst. Das lohnt sich das allerdings nur f\u00fcr Unternehmer und Selbstst\u00e4ndige, die mehr Anh\u00e4nger als ziehende Fahrzeuge haben.<\/p>\n<p>Der Anh\u00e4ngerzuschlag wird zur Kfz-Steuer des Fahrzeuges hinzugerechnet und muss zusammen mit der Steuer an den Zoll gezahlt werden.<\/p>\n<h2>Wie beantrage ich den Anh\u00e4ngerzuschlag?<\/h2>\n<p>Um den Anh\u00e4ngerzuschlag zu beantragen, reicht ein formloses Schreiben. Die Antragsstellung ist ebenfalls bereits bei der Erstzulassung des Fahrzeugs m\u00f6glich. Du kannst den Anh\u00e4ngerzuschlag aber auch zu einem sp\u00e4teren Zeitpunkt beim Hauptzollamt beantragen.<\/p>\n<p>Achtung: F\u00fcr Fahrzeuge mit einem Oldtimer-Kennzeichen oder einem roten Kennzeichen kannst du leider keinen Anh\u00e4ngerzuschlag beantragen.<\/p>\n\r\n        <div class=\"white-background\">\r\n            <div class=\"container\">\r\n                <div class=\"content expert-blog-module blog-wrapper\">\r\n                    <div class=\"row\">\r\n                        <div class=\"d-flex align-items-center text-center text-lg-left align-items-xl-start flex-column flex-xl-row col-12 offset-lg-2 col-lg-8 offset-xl-1 col-xl-9\">\r\n                            <img decoding=\"async\" loading=\"lazy\" class=\"img-fluid\" src=\"https:\/\/www.buhl.de\/steuer\/wp-content\/themes\/steuer-web\/buhl-steuer\/assets\/blog\/blog-module\/experten-tipp-icon.svg\" alt=\"Experten Tipp\" title=\"Experten Tipp\" \/>\r\n                            <div class=\"d-flex flex-column\">\r\n                                <h3 class=\"font-source-sans-pro-10 fw700 blue-font headline\">Download: Antrag f\u00fcr Anh\u00e4ngerzuschlag<\/h3><div class=\"font-source-sans-pro-1 blue-font\">Lade dir hier einen Antrag f\u00fcr den Anh\u00e4ngerzuschlag herunter: <a title=\"Antrag herunterladen\" href=\"https:\/\/www.buhl.de\/steuer\/wp-content\/uploads\/sites\/31\/2022\/11\/antrag-anhaengerzuschlag-wiso-steuer.pdf\" target=\"_blank\" rel=\"noopener\">Musterantrag f\u00fcr Anh\u00e4ngerzuschlag<\/a> <\/div><\/div>\r\n                        <\/div>\r\n                    <\/div>\r\n                <\/div>\r\n            <\/div>\r\n        <\/div>\r\n    \r\n        <div class=\"spacing-modul  \">\r\n            <div class=\"container spacing-modul\">\r\n               <div class=\"row\">\r\n                   <div id=\"\" class=\"anchor\"><\/div>\r\n                   <div class=\"col-12 modul-spacing-blog-c\"><\/div>\r\n                   <div class=\"col-12 modul-spacing-blog-c\"><\/div>\r\n               <\/div>\r\n            <\/div>\r\n        <\/div>\r\n    \n<h2>Kfz-Steuer f\u00fcr Wohnwagen<\/h2>\n<p>F\u00fcr die Wohnwagen-Steuer gilt die gleiche Regelung wie f\u00fcr den normalen Anh\u00e4nger. Da der Wohnwagen keinen eigenen Antrieb hat und damit keine Schadstoffe ausst\u00f6\u00dft, gilt f\u00fcr die Berechnung der Steuer nur das Gewicht.<\/p>\n<h2>Wie berechne ich die Wohnwagen-Steuer?<\/h2>\n<p>Auch beim Wohnwagen fallen pro 200 kg Steuern von 7,46 Euro an. Bei der Berechnung gehst du also genauso vor, wie beim klassischen Anh\u00e4nger. Und auch hier gilt f\u00fcr die Steuer der H\u00f6chstbetrag von 373,24 Euro pro Jahr.<\/p>\n\r\n        <div class=\"white-background\">\r\n            <div class=\"container\">\r\n                <div class=\"content info-blog-modul blog-wrapper\">\r\n                    <div class=\"row\">\r\n                        <div class=\"d-flex align-items-center text-center text-lg-left align-items-xl-start flex-column flex-xl-row col-12 offset-lg-2 col-lg-8 offset-xl-1 col-xl-9\">\r\n                            <img decoding=\"async\" loading=\"lazy\" class=\"img-fluid\" src=\"https:\/\/www.buhl.de\/steuer\/wp-content\/themes\/steuer-web\/buhl-steuer\/assets\/blog\/blog-module\/info-icon.svg\" alt=\"Information zum Thema\" title=\"Information zum Thema\" \/>\r\n                            <div class=\"d-flex flex-column\">\r\n                                <h3 class=\"font-source-sans-pro-10 fw700 blue-font headline\">Dein Wohnwagen steht auf deinem Privatgel\u00e4nde?<\/h3><div class=\"font-source-sans-pro-1 blue-font\">\n<p>Dann musst du gar keine Steuer bezahlen. Wichtig ist jedoch, dass der Wohnwagen tats\u00e4chlich nicht auf \u00f6ffentlichen Stra\u00dfen bewegt wird.<\/p>\n<p>Und auch Wenig-Fahrer k\u00f6nnen Steuern sparen. Nutzt du den Wohnwagen nur zu einer bestimmten Jahreszeit, kannst du ein Saisonkennzeichnen beantragen und zahlen somit weniger Kfz-Steuer.<\/p>\n<\/div><\/div>\r\n                        <\/div>\r\n                    <\/div>\r\n                <\/div>\r\n            <\/div>\r\n        <\/div>\r\n    \r\n        <div class=\"spacing-modul  \">\r\n            <div class=\"container spacing-modul\">\r\n               <div class=\"row\">\r\n                   <div id=\"\" class=\"anchor\"><\/div>\r\n                   <div class=\"col-12 modul-spacing-blog-c\"><\/div>\r\n                   <div class=\"col-12 modul-spacing-blog-c\"><\/div>\r\n               <\/div>\r\n            <\/div>\r\n        <\/div>\r\n    \n<h3>Wohnwagen vs. Wohnmobil<\/h3>\n<p>F\u00fcr die Steuer ist es wichtig, zwischen Wohnwagen und Wohnmobilen zu unterscheiden. Denn: Wohnmobile haben einen eigenen Antrieb \u2013 f\u00fcr die Berechnung der Steuer kommt es also nicht nur auf das Gewicht, sondern auch auf die Schadstoffklasse an. Die Folge: Die Steuer f\u00e4llt in der Regel h\u00f6her aus.<\/p>\n<h4>Wie berechne ich die Kfz-Steuer f\u00fcr mein Wohnmobil?<\/h4>\n<p>Auch beim Wohnmobil f\u00e4llt der Steuersatz pro angefangene 200 kg an. Wie hoch der Steuersatz ist, h\u00e4ngt von der jeweiligen Schadstoffklasse ab:<\/p>\n<div class=\"tablepress-wrapper\"> \n<table id=\"tablepress-99\" class=\"tablepress tablepress-id-99\">\n<thead>\n<tr class=\"row-1\">\n\t<th class=\"column-1\">Schadstoffklasse<\/th><th class=\"column-2\">Steuersatz je 200 kg (Wohnmobile bis 2.000 kg)<\/th><th class=\"column-3\">Steuersatz je 200 kg (Wohnmobile \u00fcber 2.000 kg)<\/th><th class=\"column-4\">Steuersatz je 200 kg (Wohnmobile \u00fcber 5.000 kg)<\/th><th class=\"column-5\">Steuersatz je 200 kg (Wohnmobile \u00fcber 12.000 kg)<\/th><th class=\"column-6\">H\u00f6chstbetr\u00e4ge (pro Jahr)<\/th>\n<\/tr>\n<\/thead>\n<tbody class=\"row-striping row-hover\">\n<tr class=\"row-2\">\n\t<td class=\"column-1\">S4 und besser<\/td><td class=\"column-2\">16 \u20ac<\/td><td class=\"column-3\">10 \u20ac<\/td><td class=\"column-4\">-<\/td><td class=\"column-5\">-<\/td><td class=\"column-6\">800 \u20ac<\/td>\n<\/tr>\n<tr class=\"row-3\">\n\t<td class=\"column-1\">S3 und S2<\/td><td class=\"column-2\">24 \u20ac<\/td><td class=\"column-3\">10 \u20ac<\/td><td class=\"column-4\">-<\/td><td class=\"column-5\">-<\/td><td class=\"column-6\">1.000 \u20ac<\/td>\n<\/tr>\n<tr class=\"row-4\">\n\t<td class=\"column-1\">Sonstige<\/td><td class=\"column-2\">40 \u20ac<\/td><td class=\"column-3\">10 \u20ac<\/td><td class=\"column-4\">15 \u20ac<\/td><td class=\"column-5\">25 \u20ac<\/td><td class=\"column-6\">-<\/td>\n<\/tr>\n<\/tbody>\n<\/table>\n <\/div><!-- #tablepress-99 from cache -->\n<p>&nbsp;<\/p>\n\r\n        <div class=\"white-background\">\r\n            <div class=\"container\">\r\n                <div class=\"blog-example\">\r\n                    <div class=\"row\">\r\n                        <div class=\"col-12 offset-lg-2 col-lg-8 text-center text-lg-left\">\r\n                            <div class=\"d-flex flex-column align-items-center\">\r\n                                <img decoding=\"async\" loading=\"lazy\" class=\"img-fluid circle-image\" src=\"https:\/\/www.buhl.de\/steuer\/wp-content\/themes\/steuer-web\/buhl-steuer\/assets\/blog\/blog-example\/arbeitnehmer-beispiel.svg\" alt=\"Beispiel Arbeitnehmer\" title=\"Beispiel\" \/>\r\n                                <h3 class=\"font-source-sans-pro-10 fw700 blue-font headline\">Beispiel:Kfz-Steuer f\u00fcr Wohnmobil<\/h3>\r\n                            <\/div><div class=\"font-source-sans-pro-1 blue-font\">\n<p>Stefan hat sich ein neues Wohnmobil gekauft. Es wiegt 1.800 kg und hat die Schadstoffklasse S5. F\u00fcr die Berechnung der Kfz-Steuer geht er folgenderma\u00dfen vor:<\/p>\n<ul>\n<li>1.800 kg \/ 200 kg = 9<\/li>\n<li>9 x 16 Euro = 144 Euro<\/li>\n<\/ul>\n<p>Ergebnis:\u00a0 Stefan muss j\u00e4hrlich 144 Euro Kfz-Steuer zahlen.<\/p>\n<\/div><\/div>\r\n                    <\/div>\r\n                <\/div>\r\n            <\/div>\r\n        <\/div>\r\n    \r\n        <div class=\"spacing-modul  \">\r\n            <div class=\"container spacing-modul\">\r\n               <div class=\"row\">\r\n                   <div id=\"\" class=\"anchor\"><\/div>\r\n                   <div class=\"col-12 modul-spacing-blog-c\"><\/div>\r\n                   <div class=\"col-12 modul-spacing-blog-c\"><\/div>\r\n               <\/div>\r\n            <\/div>\r\n        <\/div>\r\n    \n<h2>Kann ich die Kfz-Steuer absetzen?<\/h2>\n<p>Wie so oft im Steuerrecht hei\u00dft es: Es kommt darauf an! Und zwar darauf, ob du Arbeitnehmer oder selbstst\u00e4ndig bist. Im Klartext hei\u00dft das:<\/p>\n<h3>Arbeitnehmer<\/h3>\n<p>Ob Anh\u00e4nger-Steuer, Wohnwagen-Steuer oder Kfz-Steuer f\u00fcr den Pkw: Arbeitnehmer k\u00f6nnen leider keine Kfz-Steuer absetzen. Und zwar auch dann nicht, wenn das Fahrzeug ausschlie\u00dflich f\u00fcr den Job verwendet wird. Denn: Kosten f\u00fcr die Fahrt zur Arbeit werden mit der Pendlerpauschale abgedeckt.<\/p>\n<p>Du kannst zwar die Kfz-Steuer nicht von der Steuer absetzen \u2013 daf\u00fcr aber die Kfz-Haftpflichtversicherung.<\/p>\n<h3>Selbstst\u00e4ndige<\/h3>\n<p>Selbstst\u00e4ndige k\u00f6nnen f\u00fcr die eigenen Firmenwagen bzw. das betrieblich genutzte Fahrzeug Kfz-Steuer absetzen. In diesem Fall gilt sie n\u00e4mlich als Betriebsausgabe. Aber Achtung: Als Nachweis, dass das Fahrzeug tats\u00e4chlich betrieblich genutzt wird, muss ein Fahrtenbuch gef\u00fchrt werden.<\/p>\n\r\n    <div class=\"white-background short-facts\">\r\n        <div class=\"yellow-background\">\r\n            <div class=\"container\">\r\n                <div class=\"inner-spacing\">\r\n                    <div class=\"row\">\r\n                        <div class=\"col-12 text-center\">\r\n                            <p class=\"font-cairo-1 fw700 blue-font headline-spacing-50 text-center\">Deine Steuererkl\u00e4rung automatisch gemacht<\/p>\r\n                        <\/div>\r\n                    <\/div>\r\n                    \r\n                    <div class=\"row inner-modul-spacing-default-10\">\r\n\t\t\t\t\t\t\t\t<div class=\"col-12 col-md-6 col-lg-4 mb-5 text-center equal-height\">\r\n                                    <img decoding=\"async\" loading=\"lazy\"\r\n                                         class=\"img-fluid mb-1 \"\r\n                                         width=\"70\" height=\"70\"\r\n                                         alt=\"Leg einfach los\"\r\n                                         title=\"Leg einfach los\"\r\n                                         src=\"https:\/\/www.buhl.de\/steuer\/wp-content\/themes\/steuer-web\/buhl-steuer\/assets\/shortFacts\/icons\/leglos.svg\">\r\n\t\t\t\t\t\t\t\t\t<p class=\"d-flex align-items-center justify-content-center blue-font font-cairo-7 fw600 \">\r\n\t\t\t\t\t\t\t\t\t\tLeg los \r\n\t\t\t\t\t\t\t\t\t\t\r\n\t\t\t\t\t\t\t\t\t<\/p>\r\n\t\t\t\t\t\t\t\t\t<p class=\"blue-font font-source-sans-pro-1 inner-modul-spacing-default-10\">Noch nie die Steuer gemacht? Perfekt! Mit WISO&nbsp;Steuer schafft jeder die Erkl\u00e4rung.<\/p>\r\n                                <\/div>\r\n\t\t\t\t\t\t\t\r\n\t\t\t\t\t\t\t\t<div class=\"col-12 col-md-6 col-lg-4 mb-5 text-center equal-height\">\r\n                                    <img decoding=\"async\" loading=\"lazy\"\r\n                                         class=\"img-fluid mb-1 \"\r\n                                         width=\"70\" height=\"70\"\r\n                                         alt=\"Steuer pr\u00fcfen lassen\"\r\n                                         title=\"Steuer pr\u00fcfen lassen\"\r\n                                         src=\"https:\/\/www.buhl.de\/steuer\/wp-content\/themes\/steuer-web\/buhl-steuer\/assets\/shortFacts\/icons\/steuer-pruefung-icon.svg\">\r\n\t\t\t\t\t\t\t\t\t<p class=\"d-flex align-items-center justify-content-center blue-font font-cairo-7 fw600 \">\r\n\t\t\t\t\t\t\t\t\t\tTippe weniger \r\n\t\t\t\t\t\t\t\t\t\t\r\n\t\t\t\t\t\t\t\t\t<\/p>\r\n\t\t\t\t\t\t\t\t\t<p class=\"blue-font font-source-sans-pro-1 inner-modul-spacing-default-10\">Die clevere Steuer-Automatik f\u00fcllt den Gro\u00dfteil der Erkl\u00e4rung automatisch f\u00fcr dich aus.<\/p>\r\n                                <\/div>\r\n\t\t\t\t\t\t\t\r\n\t\t\t\t\t\t\t\t<div class=\"col-12 col-md-6 col-lg-4 mb-5 text-center equal-height\">\r\n                                    <img decoding=\"async\" loading=\"lazy\"\r\n                                         class=\"img-fluid mb-1 \"\r\n                                         width=\"70\" height=\"70\"\r\n                                         alt=\"Mehr Geld R\u00fcckerstattung Icon\"\r\n                                         title=\"Mehr Geld R\u00fcckerstattung Icon\"\r\n                                         src=\"https:\/\/www.buhl.de\/steuer\/wp-content\/themes\/steuer-web\/buhl-steuer\/assets\/shortFacts\/icons\/mehrgeld.svg\">\r\n\t\t\t\t\t\t\t\t\t<p class=\"d-flex align-items-center justify-content-center blue-font font-cairo-7 fw600 \">\r\n\t\t\t\t\t\t\t\t\t\tHol dir mehr Geld \r\n\t\t\t\t\t\t\t\t\t\t\r\n\t\t\t\t\t\t\t\t\t\t<span data-toggle=\"popover-icon\" data-placement=\"bottom\" class=\"info-icon-blue\"><\/span>\r\n\t\t\t\t\t\t\t\t\t\t\r\n\t\t\t\t\t\t\t\t\t<\/p>\r\n\t\t\t\t\t\t\t\t\t<p class=\"blue-font font-source-sans-pro-1 inner-modul-spacing-default-10\">WISO&nbsp;Steuer holt im Schnitt \u00fcber 600&nbsp;\u20ac mehr vom Finanzamt zur\u00fcck.<\/p>\r\n\t\t\t\t\t\t\t\t\t<div id=\"popover-content-icon\" class=\"d-none\">\r\n\t\t\t\t\t\t\t\t\t\t<div class=\"d-flex popover-header fw700\">\r\n                                         Im Bundesdurchschnitt werden 1.063&nbsp;\u20ac vom Finanzamt zur\u00fcckbezahlt. Mit WISO&nbsp;Steuer sind es im Durchschnitt 1.674&nbsp;\u20ac - also \u00fcber 600&nbsp;\u20ac mehr.\r\n\t\t\t\t\t\t\t\t\t\t\t<img decoding=\"async\" loading=\"lazy\"\r\n\t\t\t\t\t\t\t\t\t\t\t\t class=\"img-fluid popup-close d-none d-lg-flex\"\r\n\t\t\t\t\t\t\t\t\t\t\t\t alt=\"Schlie\u00dfen Icon\"\r\n\t\t\t\t\t\t\t\t\t\t\t\t title=\"Schlie\u00dfen\"\r\n\t\t\t\t\t\t\t\t\t\t\t\t src=\"https:\/\/www.buhl.de\/steuer\/wp-content\/themes\/steuer-web\/buhl-steuer\/assets\/popover\/close.svg\" \/>\r\n                                            <img decoding=\"async\" loading=\"lazy\"\r\n\t\t\t\t\t\t\t\t\t\t\t\t class=\"img-fluid popup-close d-flex d-lg-none\"\r\n\t\t\t\t\t\t\t\t\t\t\t\t alt=\"Schlie\u00dfen Icon\"\r\n\t\t\t\t\t\t\t\t\t\t\t\t title=\"Schlie\u00dfen\"\r\n\t\t\t\t\t\t\t\t\t\t\t\t src=\"https:\/\/www.buhl.de\/steuer\/wp-content\/themes\/steuer-web\/buhl-steuer\/assets\/popover\/close-mobile.svg\" \/>\r\n\t\t\t\t\t\t\t\t\t\t<\/div>\r\n\t\t\t\t\t\t\t\t\t\t\r\n\t\t\t\t\t\t\t\t\t\t<p class=\"blue-font\">Quelle:<\/p>\r\n\t\t\t\t\t\t\t\t\t\t<ul class=\"list-group custom-popover\">\r\n\t\t\t\t\t\t\t\t\t\r\n\t\t\t\t\t\t\t\t\t\t\t\t\t<li class=\"list-group-item blue-font\">\r\n\t\t\t\t\t\t\t\t\t\t\t\t\t\t<a class=\"\"\r\n\t\t\t\t\t\t\t\t\t\t\t\t\t\t    role=\"button\"\r\n\t\t\t\t\t\t\t\t\t\t\t\t\t\t    id=\"\"\r\n\t\t\t\t\t\t\t\t\t\t\t\t\t\t\thref=\"https:\/\/www.destatis.de\/DE\/Themen\/Staat\/Steuern\/Lohnsteuer-Einkommensteuer\/im-fokus-steuererklaerung.html\"\r\n\t\t\t\t\t\t\t\t\t\t\t\t\t\t\ttarget=\"_blank\"\r\n\t\t\t\t\t\t\t\t\t\t\t\t\t\t\ttitle=\"\"\r\n\t\t\t\t\t\t\t\t\t\t\t\t\t\t\t>\r\n\t\t\t\t\t\t\t\t\t\t\t\t\t\t   https:\/\/www.destatis.de\/DE\/Themen\/Staat\/Steuern\/Lohnsteuer-Einkommensteuer\/im-fokus-steuererklaerung.html\r\n\t\t\t\t\t\t\t\t\t\t\t\t\t   <\/a>\r\n\t\t\t\t\t\t\t\t\t\t\t\t\t<\/li>\t\t\r\n\t\t\t\t\t\t\t\t\t\t<\/ul>\r\n\t\t\t\t\t\t\t\t\t<\/div>\r\n\t\t\t\t\t\t\t\t\t\r\n                                <\/div>\r\n\t\t\t\t\t\t\t\r\n\t\t\t\t\t\t\t\t<div class=\"col-12 col-md-6 col-lg-4 mb-5 text-center equal-height\">\r\n                                    <img decoding=\"async\" loading=\"lazy\"\r\n                                         class=\"img-fluid mb-1 \"\r\n                                         width=\"70\" height=\"70\"\r\n                                         alt=\"Steuererkl\u00e4rung f\u00fcr alle F\u00e4lle\"\r\n                                         title=\"Steuererkl\u00e4rung f\u00fcr alle F\u00e4lle\"\r\n                                         src=\"https:\/\/www.buhl.de\/steuer\/wp-content\/themes\/steuer-web\/buhl-steuer\/assets\/shortFacts\/icons\/steuererklaerung-alle-icon.svg\">\r\n\t\t\t\t\t\t\t\t\t<p class=\"d-flex align-items-center justify-content-center blue-font font-cairo-7 fw600 \">\r\n\t\t\t\t\t\t\t\t\t\tGeh auf Nummer sicher \r\n\t\t\t\t\t\t\t\t\t\t\r\n\t\t\t\t\t\t\t\t\t<\/p>\r\n\t\t\t\t\t\t\t\t\t<p class=\"blue-font font-source-sans-pro-1 inner-modul-spacing-default-10\">WISO&nbsp;Steuer erledigt jede Steuererkl\u00e4rung. Auch deine.<\/p>\r\n                                <\/div>\r\n\t\t\t\t\t\t\t\r\n\t\t\t\t\t\t\t\t<div class=\"col-12 col-md-6 col-lg-4 mb-5 text-center equal-height\">\r\n                                    <img decoding=\"async\" loading=\"lazy\"\r\n                                         class=\"img-fluid mb-1 \"\r\n                                         width=\"70\" height=\"70\"\r\n                                         alt=\"Steuer automatisch ausf\u00fcllen Icon\"\r\n                                         title=\"Steuer automatisch ausf\u00fcllen\"\r\n                                         src=\"https:\/\/www.buhl.de\/steuer\/wp-content\/themes\/steuer-web\/buhl-steuer\/assets\/shortFacts\/icons\/steuererklaerung-automatisch-ausfuellen.svg\">\r\n\t\t\t\t\t\t\t\t\t<p class=\"d-flex align-items-center justify-content-center blue-font font-cairo-7 fw600 \">\r\n\t\t\t\t\t\t\t\t\t\tSpare Zeit \r\n\t\t\t\t\t\t\t\t\t\t\r\n\t\t\t\t\t\t\t\t\t<\/p>\r\n\t\t\t\t\t\t\t\t\t<p class=\"blue-font font-source-sans-pro-1 inner-modul-spacing-default-10\">Kein Papier, keine Formulare, kein Weg zur Post. Gib digital ab \u2013 mit einem Klick!<\/p>\r\n                                <\/div>\r\n\t\t\t\t\t\t\t\r\n\t\t\t\t\t\t\t\t<div class=\"col-12 col-md-6 col-lg-4 mb-5 text-center equal-height\">\r\n                                    <img decoding=\"async\" loading=\"lazy\"\r\n                                         class=\"img-fluid mb-1 \"\r\n                                         width=\"70\" height=\"70\"\r\n                                         alt=\"Entscheidung Marktf\u00fchrer Icon\"\r\n                                         title=\"Entscheide dich f\u00fcr den Marktf\u00fchrer\"\r\n                                         src=\"https:\/\/www.buhl.de\/steuer\/wp-content\/themes\/steuer-web\/buhl-steuer\/assets\/shortFacts\/icons\/entscheidedich.svg\">\r\n\t\t\t\t\t\t\t\t\t<p class=\"d-flex align-items-center justify-content-center blue-font font-cairo-7 fw600 \">\r\n\t\t\t\t\t\t\t\t\t\tEntscheide dich einfach \r\n\t\t\t\t\t\t\t\t\t\t\r\n\t\t\t\t\t\t\t\t\t<\/p>\r\n\t\t\t\t\t\t\t\t\t<p class=\"blue-font font-source-sans-pro-1 inner-modul-spacing-default-10\">\u00dcber 4 Millionen erfolgreiche Erkl\u00e4rungen jedes Jahr machen Buhl zur Nummer 1.<\/p>\r\n                                <\/div>\r\n\t\t\t\t\t\t\t\r\n                            <div class=\"col-12 d-flex justify-content-center\">\r\n\t\t\t\t\t\t\t\t<a class=\"font-cairo-2 fw700 w-230 d-none d-md-flex justify-content-center align-items-center secondary\"\r\n                                    role=\"button\"\r\n                                    id=\"ad-automatik-testencta\"\r\n                                    href=\"https:\/\/www.buhl.de\/mein-buhlkonto\/?buhlparam=2100101\"\r\n                                    target=\"_self\"\r\n                                    title=\"Hier unverbindlich ausprobieren\"\r\n                                    onclick=\"dataLayer.push({'event': 'ButtonClick SW','sw-button': 'click-testen'});\">\r\n\t\t\t\t\t\t\t\t\tKostenlos testen\r\n\t\t\t\t\t\t\t\t<\/a>\r\n\t\t\t\t\t\t\t\t\r\n\t\t\t\t\t\t\t\t<a class=\"font-cairo-2 fw700 w-270 d-flex d-md-none justify-content-center align-items-center secondary\"\r\n                                    role=\"button\"\r\n                                    id=\"ad-automatik-testencta\"\r\n                                    href=\"hhttps:\/\/www.buhl.de\/mein-buhlkonto\/?buhlparam=2100101\"\r\n                                    target=\"_blank\"\r\n                                    title=\"Hier unverbindlich ausprobieren\"\r\n                                    onclick=\"dataLayer.push({'event': 'ButtonClick SW','sw-button': 'click-mobile-starten'});\">\r\n\t\t\t\t\t\t\t\t\tKostenlos testen\r\n\t\t\t\t\t\t\t\t<\/a>\t\r\n                            <\/div>\r\n                        <\/div>\r\n                    <\/div>\r\n                <\/div>\r\n            <\/div>\r\n        <\/div>\r\n    <\/div>\r\n    \r\n        <div class=\"spacing-modul  \">\r\n            <div class=\"container spacing-modul\">\r\n               <div class=\"row\">\r\n                   <div id=\"\" class=\"anchor\"><\/div>\r\n                   <div class=\"col-12 modul-spacing-blog-c\"><\/div>\r\n                   <div class=\"col-12 modul-spacing-blog-c\"><\/div>\r\n               <\/div>\r\n            <\/div>\r\n        <\/div>\r\n    \n<p>Quelle: <a title=\"Mehr Informationen bekommen\" href=\"https:\/\/www.zoll.de\/DE\/Fachthemen\/Steuern\/Verkehrsteuern\/Kraftfahrzeugsteuer\/Steuerverguenstigung\/Kraftfahrzeuganhaenger\/kraftfahrzeuganhaenger.html\" target=\"_blank\" rel=\"noopener\">Zoll<\/a><\/p>\n","protected":false},"excerpt":{"rendered":"<p>Leider ist nicht nur das Familienauto von der Steuer betroffen. Auch f\u00fcr Anh\u00e4nger und Wohnwagen muss die Kfz-Steuer gezahlt werden. Wie hoch die Anh\u00e4nger-Steuer oder Wohnwagen-Steuer ausf\u00e4llt und man sich davon befreien lassen kann, kl\u00e4ren wir in diesem Beitrag.<\/p>\n","protected":false},"author":220,"featured_media":55409,"comment_status":"closed","ping_status":"open","sticky":false,"template":"","format":"standard","meta":{"_acf_changed":false,"footnotes":""},"categories":[2841,2810],"tags":[],"class_list":["post-54794","post","type-post","status-publish","format-standard","has-post-thumbnail","hentry","category-alle","category-haus"],"yoast_head":"<!-- This site is optimized with the Yoast SEO Premium plugin v27.0 (Yoast SEO v27.0) - https:\/\/yoast.com\/product\/yoast-seo-premium-wordpress\/ -->\n<title>Wohnwagen-Steuer &amp; Anh\u00e4nger-Steuer \u2013 jetzt berechnen!<\/title>\n<meta name=\"description\" content=\"Wohnwagen-Steuer und Anh\u00e4nger-Steuer: Muss ich das zahlen? \ud83e\udd13 Hier mehr erfahren und Steuer-H\u00f6he berechnen \ud83e\udd11 oder sogar ganz befreien lassen!\" \/>\n<meta name=\"robots\" content=\"index, follow, max-snippet:-1, max-image-preview:large, max-video-preview:-1\" \/>\n<link rel=\"canonical\" href=\"https:\/\/www.buhl.de\/steuer\/ratgeber\/anhaenger-wohnwagen-steuer\/\" \/>\n<meta property=\"og:locale\" content=\"de_DE\" \/>\n<meta property=\"og:type\" content=\"article\" \/>\n<meta property=\"og:title\" content=\"Anh\u00e4nger-Steuer und Wohnwagen-Steuer\" \/>\n<meta property=\"og:description\" content=\"Wohnwagen-Steuer und Anh\u00e4nger-Steuer: Muss ich das zahlen? \ud83e\udd13 Hier mehr erfahren und Steuer-H\u00f6he berechnen \ud83e\udd11 oder sogar ganz befreien lassen!\" \/>\n<meta property=\"og:url\" content=\"https:\/\/www.buhl.de\/steuer\/ratgeber\/anhaenger-wohnwagen-steuer\/\" \/>\n<meta property=\"og:site_name\" content=\"WISO Steuer: Nr.1 App f\u00fcr die Steuererkl\u00e4rung\" \/>\n<meta property=\"article:published_time\" content=\"2022-03-23T16:01:50+00:00\" \/>\n<meta property=\"article:modified_time\" content=\"2025-03-12T09:17:01+00:00\" \/>\n<meta property=\"og:image\" content=\"https:\/\/www.buhl.de\/steuer\/wp-content\/uploads\/sites\/31\/2022\/11\/anhaenger-steuer-wohnwagen-steuer-title.jpg\" \/>\n\t<meta property=\"og:image:width\" content=\"976\" \/>\n\t<meta property=\"og:image:height\" content=\"400\" \/>\n\t<meta property=\"og:image:type\" content=\"image\/jpeg\" \/>\n<meta name=\"author\" content=\"Udo Reu\u00df\" \/>\n<meta name=\"twitter:card\" content=\"summary_large_image\" \/>\n<meta name=\"twitter:label1\" content=\"Verfasst von\" \/>\n\t<meta name=\"twitter:data1\" content=\"Udo Reu\u00df\" \/>\n\t<meta name=\"twitter:label2\" content=\"Gesch\u00e4tzte Lesezeit\" \/>\n\t<meta name=\"twitter:data2\" content=\"7\u00a0Minuten\" \/>\n<script type=\"application\/ld+json\" class=\"yoast-schema-graph\">{\"@context\":\"https:\/\/schema.org\",\"@graph\":[{\"@type\":\"Article\",\"@id\":\"https:\/\/www.buhl.de\/steuer\/ratgeber\/anhaenger-wohnwagen-steuer\/#article\",\"isPartOf\":{\"@id\":\"https:\/\/www.buhl.de\/steuer\/ratgeber\/anhaenger-wohnwagen-steuer\/\"},\"author\":{\"name\":\"Udo Reu\u00df\",\"@id\":\"https:\/\/www.buhl.de\/steuer\/#\/schema\/person\/03b5508d4c85dc193be95cb4e2d78423\"},\"headline\":\"Anh\u00e4nger-Steuer und Wohnwagen-Steuer\",\"datePublished\":\"2022-03-23T16:01:50+00:00\",\"dateModified\":\"2025-03-12T09:17:01+00:00\",\"mainEntityOfPage\":{\"@id\":\"https:\/\/www.buhl.de\/steuer\/ratgeber\/anhaenger-wohnwagen-steuer\/\"},\"wordCount\":1208,\"publisher\":{\"@id\":\"https:\/\/www.buhl.de\/steuer\/#organization\"},\"image\":{\"@id\":\"https:\/\/www.buhl.de\/steuer\/ratgeber\/anhaenger-wohnwagen-steuer\/#primaryimage\"},\"thumbnailUrl\":\"https:\/\/www.buhl.de\/steuer\/wp-content\/uploads\/sites\/31\/2022\/11\/anhaenger-steuer-wohnwagen-steuer-title.jpg\",\"articleSection\":[\"Neueste Beitr\u00e4ge\",\"Ratgeber: Immobilien &amp; Steuern\"],\"inLanguage\":\"de\"},{\"@type\":\"WebPage\",\"@id\":\"https:\/\/www.buhl.de\/steuer\/ratgeber\/anhaenger-wohnwagen-steuer\/\",\"url\":\"https:\/\/www.buhl.de\/steuer\/ratgeber\/anhaenger-wohnwagen-steuer\/\",\"name\":\"Wohnwagen-Steuer & Anh\u00e4nger-Steuer \u2013 jetzt berechnen!\",\"isPartOf\":{\"@id\":\"https:\/\/www.buhl.de\/steuer\/#website\"},\"primaryImageOfPage\":{\"@id\":\"https:\/\/www.buhl.de\/steuer\/ratgeber\/anhaenger-wohnwagen-steuer\/#primaryimage\"},\"image\":{\"@id\":\"https:\/\/www.buhl.de\/steuer\/ratgeber\/anhaenger-wohnwagen-steuer\/#primaryimage\"},\"thumbnailUrl\":\"https:\/\/www.buhl.de\/steuer\/wp-content\/uploads\/sites\/31\/2022\/11\/anhaenger-steuer-wohnwagen-steuer-title.jpg\",\"datePublished\":\"2022-03-23T16:01:50+00:00\",\"dateModified\":\"2025-03-12T09:17:01+00:00\",\"description\":\"Wohnwagen-Steuer und Anh\u00e4nger-Steuer: Muss ich das zahlen? \ud83e\udd13 Hier mehr erfahren und Steuer-H\u00f6he berechnen \ud83e\udd11 oder sogar ganz befreien lassen!\",\"breadcrumb\":{\"@id\":\"https:\/\/www.buhl.de\/steuer\/ratgeber\/anhaenger-wohnwagen-steuer\/#breadcrumb\"},\"inLanguage\":\"de\",\"potentialAction\":[{\"@type\":\"ReadAction\",\"target\":[\"https:\/\/www.buhl.de\/steuer\/ratgeber\/anhaenger-wohnwagen-steuer\/\"]}]},{\"@type\":\"ImageObject\",\"inLanguage\":\"de\",\"@id\":\"https:\/\/www.buhl.de\/steuer\/ratgeber\/anhaenger-wohnwagen-steuer\/#primaryimage\",\"url\":\"https:\/\/www.buhl.de\/steuer\/wp-content\/uploads\/sites\/31\/2022\/11\/anhaenger-steuer-wohnwagen-steuer-title.jpg\",\"contentUrl\":\"https:\/\/www.buhl.de\/steuer\/wp-content\/uploads\/sites\/31\/2022\/11\/anhaenger-steuer-wohnwagen-steuer-title.jpg\",\"width\":976,\"height\":400},{\"@type\":\"BreadcrumbList\",\"@id\":\"https:\/\/www.buhl.de\/steuer\/ratgeber\/anhaenger-wohnwagen-steuer\/#breadcrumb\",\"itemListElement\":[{\"@type\":\"ListItem\",\"position\":1,\"name\":\"Steuererkl\u00e4rung\",\"item\":\"https:\/\/www.buhl.de\/steuer\/\"},{\"@type\":\"ListItem\",\"position\":2,\"name\":\"Anh\u00e4nger-Steuer und Wohnwagen-Steuer\"}]},{\"@type\":\"WebSite\",\"@id\":\"https:\/\/www.buhl.de\/steuer\/#website\",\"url\":\"https:\/\/www.buhl.de\/steuer\/\",\"name\":\"WISO Steuer: Nr. 1 Steuer-App\",\"description\":\"\",\"publisher\":{\"@id\":\"https:\/\/www.buhl.de\/steuer\/#organization\"},\"potentialAction\":[{\"@type\":\"SearchAction\",\"target\":{\"@type\":\"EntryPoint\",\"urlTemplate\":\"https:\/\/www.buhl.de\/steuer\/?s={search_term_string}\"},\"query-input\":{\"@type\":\"PropertyValueSpecification\",\"valueRequired\":true,\"valueName\":\"search_term_string\"}}],\"inLanguage\":\"de\"},{\"@type\":\"Organization\",\"@id\":\"https:\/\/www.buhl.de\/steuer\/#organization\",\"name\":\"WISO Steuer | Buhl Data Service GmbH\",\"url\":\"https:\/\/www.buhl.de\/steuer\/\",\"logo\":{\"@type\":\"ImageObject\",\"inLanguage\":\"de\",\"@id\":\"https:\/\/www.buhl.de\/steuer\/#\/schema\/logo\/image\/\",\"url\":\"https:\/\/www.buhl.de\/steuer\/wp-content\/uploads\/sites\/31\/2026\/02\/logo-wiso-steuer-app.svg\",\"contentUrl\":\"https:\/\/www.buhl.de\/steuer\/wp-content\/uploads\/sites\/31\/2026\/02\/logo-wiso-steuer-app.svg\",\"width\":375,\"height\":72,\"caption\":\"WISO Steuer | Buhl Data Service GmbH\"},\"image\":{\"@id\":\"https:\/\/www.buhl.de\/steuer\/#\/schema\/logo\/image\/\"}},{\"@type\":\"Person\",\"@id\":\"https:\/\/www.buhl.de\/steuer\/#\/schema\/person\/03b5508d4c85dc193be95cb4e2d78423\",\"name\":\"Udo Reu\u00df\",\"image\":{\"@type\":\"ImageObject\",\"inLanguage\":\"de\",\"@id\":\"https:\/\/www.buhl.de\/steuer\/#\/schema\/person\/image\/\",\"url\":\"https:\/\/www.buhl.de\/steuer\/wp-content\/uploads\/sites\/31\/2024\/07\/udo.png\",\"contentUrl\":\"https:\/\/www.buhl.de\/steuer\/wp-content\/uploads\/sites\/31\/2024\/07\/udo.png\",\"caption\":\"Udo Reu\u00df\"},\"sameAs\":[\"https:\/\/www.buhl.de\/steuer\/autoren\/udo-reuss\/\"]}]}<\/script>\n<!-- \/ Yoast SEO Premium plugin. -->","yoast_head_json":{"title":"Wohnwagen-Steuer & Anh\u00e4nger-Steuer \u2013 jetzt berechnen!","description":"Wohnwagen-Steuer und Anh\u00e4nger-Steuer: Muss ich das zahlen? \ud83e\udd13 Hier mehr erfahren und Steuer-H\u00f6he berechnen \ud83e\udd11 oder sogar ganz befreien lassen!","robots":{"index":"index","follow":"follow","max-snippet":"max-snippet:-1","max-image-preview":"max-image-preview:large","max-video-preview":"max-video-preview:-1"},"canonical":"https:\/\/www.buhl.de\/steuer\/ratgeber\/anhaenger-wohnwagen-steuer\/","og_locale":"de_DE","og_type":"article","og_title":"Anh\u00e4nger-Steuer und Wohnwagen-Steuer","og_description":"Wohnwagen-Steuer und Anh\u00e4nger-Steuer: Muss ich das zahlen? \ud83e\udd13 Hier mehr erfahren und Steuer-H\u00f6he berechnen \ud83e\udd11 oder sogar ganz befreien lassen!","og_url":"https:\/\/www.buhl.de\/steuer\/ratgeber\/anhaenger-wohnwagen-steuer\/","og_site_name":"WISO Steuer: Nr.1 App f\u00fcr die Steuererkl\u00e4rung","article_published_time":"2022-03-23T16:01:50+00:00","article_modified_time":"2025-03-12T09:17:01+00:00","og_image":[{"width":976,"height":400,"url":"https:\/\/www.buhl.de\/steuer\/wp-content\/uploads\/sites\/31\/2022\/11\/anhaenger-steuer-wohnwagen-steuer-title.jpg","type":"image\/jpeg"}],"author":"Udo Reu\u00df","twitter_card":"summary_large_image","twitter_misc":{"Verfasst von":"Udo Reu\u00df","Gesch\u00e4tzte Lesezeit":"7\u00a0Minuten"},"schema":{"@context":"https:\/\/schema.org","@graph":[{"@type":"Article","@id":"https:\/\/www.buhl.de\/steuer\/ratgeber\/anhaenger-wohnwagen-steuer\/#article","isPartOf":{"@id":"https:\/\/www.buhl.de\/steuer\/ratgeber\/anhaenger-wohnwagen-steuer\/"},"author":{"name":"Udo Reu\u00df","@id":"https:\/\/www.buhl.de\/steuer\/#\/schema\/person\/03b5508d4c85dc193be95cb4e2d78423"},"headline":"Anh\u00e4nger-Steuer und Wohnwagen-Steuer","datePublished":"2022-03-23T16:01:50+00:00","dateModified":"2025-03-12T09:17:01+00:00","mainEntityOfPage":{"@id":"https:\/\/www.buhl.de\/steuer\/ratgeber\/anhaenger-wohnwagen-steuer\/"},"wordCount":1208,"publisher":{"@id":"https:\/\/www.buhl.de\/steuer\/#organization"},"image":{"@id":"https:\/\/www.buhl.de\/steuer\/ratgeber\/anhaenger-wohnwagen-steuer\/#primaryimage"},"thumbnailUrl":"https:\/\/www.buhl.de\/steuer\/wp-content\/uploads\/sites\/31\/2022\/11\/anhaenger-steuer-wohnwagen-steuer-title.jpg","articleSection":["Neueste Beitr\u00e4ge","Ratgeber: Immobilien &amp; Steuern"],"inLanguage":"de"},{"@type":"WebPage","@id":"https:\/\/www.buhl.de\/steuer\/ratgeber\/anhaenger-wohnwagen-steuer\/","url":"https:\/\/www.buhl.de\/steuer\/ratgeber\/anhaenger-wohnwagen-steuer\/","name":"Wohnwagen-Steuer & Anh\u00e4nger-Steuer \u2013 jetzt berechnen!","isPartOf":{"@id":"https:\/\/www.buhl.de\/steuer\/#website"},"primaryImageOfPage":{"@id":"https:\/\/www.buhl.de\/steuer\/ratgeber\/anhaenger-wohnwagen-steuer\/#primaryimage"},"image":{"@id":"https:\/\/www.buhl.de\/steuer\/ratgeber\/anhaenger-wohnwagen-steuer\/#primaryimage"},"thumbnailUrl":"https:\/\/www.buhl.de\/steuer\/wp-content\/uploads\/sites\/31\/2022\/11\/anhaenger-steuer-wohnwagen-steuer-title.jpg","datePublished":"2022-03-23T16:01:50+00:00","dateModified":"2025-03-12T09:17:01+00:00","description":"Wohnwagen-Steuer und Anh\u00e4nger-Steuer: Muss ich das zahlen? \ud83e\udd13 Hier mehr erfahren und Steuer-H\u00f6he berechnen \ud83e\udd11 oder sogar ganz befreien lassen!","breadcrumb":{"@id":"https:\/\/www.buhl.de\/steuer\/ratgeber\/anhaenger-wohnwagen-steuer\/#breadcrumb"},"inLanguage":"de","potentialAction":[{"@type":"ReadAction","target":["https:\/\/www.buhl.de\/steuer\/ratgeber\/anhaenger-wohnwagen-steuer\/"]}]},{"@type":"ImageObject","inLanguage":"de","@id":"https:\/\/www.buhl.de\/steuer\/ratgeber\/anhaenger-wohnwagen-steuer\/#primaryimage","url":"https:\/\/www.buhl.de\/steuer\/wp-content\/uploads\/sites\/31\/2022\/11\/anhaenger-steuer-wohnwagen-steuer-title.jpg","contentUrl":"https:\/\/www.buhl.de\/steuer\/wp-content\/uploads\/sites\/31\/2022\/11\/anhaenger-steuer-wohnwagen-steuer-title.jpg","width":976,"height":400},{"@type":"BreadcrumbList","@id":"https:\/\/www.buhl.de\/steuer\/ratgeber\/anhaenger-wohnwagen-steuer\/#breadcrumb","itemListElement":[{"@type":"ListItem","position":1,"name":"Steuererkl\u00e4rung","item":"https:\/\/www.buhl.de\/steuer\/"},{"@type":"ListItem","position":2,"name":"Anh\u00e4nger-Steuer und Wohnwagen-Steuer"}]},{"@type":"WebSite","@id":"https:\/\/www.buhl.de\/steuer\/#website","url":"https:\/\/www.buhl.de\/steuer\/","name":"WISO Steuer: Nr. 1 Steuer-App","description":"","publisher":{"@id":"https:\/\/www.buhl.de\/steuer\/#organization"},"potentialAction":[{"@type":"SearchAction","target":{"@type":"EntryPoint","urlTemplate":"https:\/\/www.buhl.de\/steuer\/?s={search_term_string}"},"query-input":{"@type":"PropertyValueSpecification","valueRequired":true,"valueName":"search_term_string"}}],"inLanguage":"de"},{"@type":"Organization","@id":"https:\/\/www.buhl.de\/steuer\/#organization","name":"WISO Steuer | Buhl Data Service GmbH","url":"https:\/\/www.buhl.de\/steuer\/","logo":{"@type":"ImageObject","inLanguage":"de","@id":"https:\/\/www.buhl.de\/steuer\/#\/schema\/logo\/image\/","url":"https:\/\/www.buhl.de\/steuer\/wp-content\/uploads\/sites\/31\/2026\/02\/logo-wiso-steuer-app.svg","contentUrl":"https:\/\/www.buhl.de\/steuer\/wp-content\/uploads\/sites\/31\/2026\/02\/logo-wiso-steuer-app.svg","width":375,"height":72,"caption":"WISO Steuer | Buhl Data Service GmbH"},"image":{"@id":"https:\/\/www.buhl.de\/steuer\/#\/schema\/logo\/image\/"}},{"@type":"Person","@id":"https:\/\/www.buhl.de\/steuer\/#\/schema\/person\/03b5508d4c85dc193be95cb4e2d78423","name":"Udo Reu\u00df","image":{"@type":"ImageObject","inLanguage":"de","@id":"https:\/\/www.buhl.de\/steuer\/#\/schema\/person\/image\/","url":"https:\/\/www.buhl.de\/steuer\/wp-content\/uploads\/sites\/31\/2024\/07\/udo.png","contentUrl":"https:\/\/www.buhl.de\/steuer\/wp-content\/uploads\/sites\/31\/2024\/07\/udo.png","caption":"Udo Reu\u00df"},"sameAs":["https:\/\/www.buhl.de\/steuer\/autoren\/udo-reuss\/"]}]}},"acf":[],"wps_subtitle":"Wann Besitzer zur Kasse gebeten werden","_links":{"self":[{"href":"https:\/\/www.buhl.de\/steuer\/wp-json\/wp\/v2\/posts\/54794","targetHints":{"allow":["GET"]}}],"collection":[{"href":"https:\/\/www.buhl.de\/steuer\/wp-json\/wp\/v2\/posts"}],"about":[{"href":"https:\/\/www.buhl.de\/steuer\/wp-json\/wp\/v2\/types\/post"}],"author":[{"embeddable":true,"href":"https:\/\/www.buhl.de\/steuer\/wp-json\/wp\/v2\/users\/220"}],"replies":[{"embeddable":true,"href":"https:\/\/www.buhl.de\/steuer\/wp-json\/wp\/v2\/comments?post=54794"}],"version-history":[{"count":13,"href":"https:\/\/www.buhl.de\/steuer\/wp-json\/wp\/v2\/posts\/54794\/revisions"}],"predecessor-version":[{"id":65192,"href":"https:\/\/www.buhl.de\/steuer\/wp-json\/wp\/v2\/posts\/54794\/revisions\/65192"}],"wp:featuredmedia":[{"embeddable":true,"href":"https:\/\/www.buhl.de\/steuer\/wp-json\/wp\/v2\/media\/55409"}],"wp:attachment":[{"href":"https:\/\/www.buhl.de\/steuer\/wp-json\/wp\/v2\/media?parent=54794"}],"wp:term":[{"taxonomy":"category","embeddable":true,"href":"https:\/\/www.buhl.de\/steuer\/wp-json\/wp\/v2\/categories?post=54794"},{"taxonomy":"post_tag","embeddable":true,"href":"https:\/\/www.buhl.de\/steuer\/wp-json\/wp\/v2\/tags?post=54794"}],"curies":[{"name":"wp","href":"https:\/\/api.w.org\/{rel}","templated":true}]}}