{"id":55647,"date":"2022-11-18T09:07:46","date_gmt":"2022-11-18T08:07:46","guid":{"rendered":"https:\/\/www.buhl.de\/steuer\/?p=55647"},"modified":"2024-12-18T09:04:18","modified_gmt":"2024-12-18T08:04:18","slug":"fuehrerschein-steuerlich-absetzbar","status":"publish","type":"post","link":"https:\/\/www.buhl.de\/steuer\/ratgeber\/fuehrerschein-steuerlich-absetzbar\/","title":{"rendered":"Ist der F\u00fchrerschein steuerlich absetzbar?"},"content":{"rendered":"<p>Bei den F\u00fchrerscheinkosten in der Steuererkl\u00e4rung ist das Finanzamt nicht sehr gro\u00dfz\u00fcgig und akzeptiert sie in der Regel nicht. Doch in einigen F\u00e4llen ist das m\u00f6glich. Wann der <strong>F\u00fchrerschein steuerlich absetzbar<\/strong> ist, zeigen wir in diesem Beitrag.<\/p>\n<p><!--more--><\/p>\n<h2>Kurz &amp; knapp<\/h2>\n<ul>\n<li>Der F\u00fchrerschein ist nur teilweise steuerlich absetzbar<\/li>\n<li>Als Pkw-Fahrer mit F\u00fchrerscheinklasse B bekommst du keinen Steuervorteil<\/li>\n<li>Hast du eine Behinderung oder brauchst den F\u00fchrerschein unbedingt f\u00fcr den Beruf, kannst du die Kosten absetzen<\/li>\n<\/ul>\n<h2>Ist der F\u00fchrerschein steuerlich absetzbar?<\/h2>\n<p>Sehtest, Erste-Hilfe-Kurs, Geb\u00fchren f\u00fcr Lehrmaterial, Fahrstunden und Pr\u00fcfung \u2013 von der Anmeldung bis hin zum Zweitversuch kommen einige Kosten f\u00fcr den F\u00fchrerschein zusammen. Es w\u00e4re gro\u00dfartig, wenn man wenigstens einen Teil der Kosten wieder zur\u00fcckbekommt? Leider teilt das Finanzamt diese Ansicht nicht. Die M\u00f6glichkeiten sind hier beschr\u00e4nkt.<\/p>\n\r\n        <div class=\"spacing-modul  \">\r\n            <div class=\"container spacing-modul\">\r\n               <div class=\"row\">\r\n                   <div id=\"\" class=\"anchor\"><\/div>\r\n                   <div class=\"col-12 modul-spacing-blog-c\"><\/div>\r\n                   <div class=\"col-12 modul-spacing-blog-c\"><\/div>\r\n               <\/div>\r\n            <\/div>\r\n        <\/div>\r\n    \r\n        <div class=\"white-background d-none d-lg-block\">\r\n            <div class=\"container blog-image\">\r\n            \t<div class=\"row\">\r\n       <p class=\"col-12 font-source-sans-pro-1 blue-font\">\n<\/p>\r\n                <div class=\"d-flex col-12 align-items-center justify-content-center\">\r\n                         \r\n                            <a id=\"\" target=\"_self\" title=\"\" href=\"\">\r\n                         \r\n                      <picture class=\"img-fluid\">\r\n                             <img decoding=\"async\" loading=\"lazy\"\r\n                              alt=\"Infografik \u00fcber die Absetzbarkeit von F\u00fchrerscheinkosten\" \r\n                              title=\"\"\r\n                              src=\"https:\/\/www.buhl.de\/steuer\/wp-content\/uploads\/sites\/31\/2022\/11\/fuehrerschein-steuerlich-absetzbar-infografik.png\" >\r\n                      <\/picture>     \r\n                      \t\r\n                        \t<\/a>\r\n                    \t                      \r\n\t\t\t\t\t<\/div>  \r\n\t\t\t\t<\/div>                       \r\n            <\/div>\r\n        <\/div>                  \r\n    \n\r\n        <div class=\"white-background  d-lg-none\">\r\n            <div class=\"container blog-image\">\r\n            \t<div class=\"row\">\r\n       <p class=\"col-12 font-source-sans-pro-1 blue-font\">\n<\/p>\r\n                <div class=\"d-flex col-12 align-items-center justify-content-center\">\r\n                         \r\n                            <a id=\"\" target=\"_self\" title=\"\" href=\"\">\r\n                         \r\n                      <picture class=\"img-fluid\">\r\n                             <img decoding=\"async\" loading=\"lazy\"\r\n                              alt=\"Infografik \u00fcber absetzbare F\u00fchrerscheinkosten\" \r\n                              title=\"\"\r\n                              src=\"https:\/\/www.buhl.de\/steuer\/wp-content\/uploads\/sites\/31\/2022\/11\/fuehrerschein-steuerlich-absetzbar-infografik.png\" >\r\n                      <\/picture>     \r\n                      \t\r\n                        \t<\/a>\r\n                    \t                      \r\n\t\t\t\t\t<\/div>  \r\n\t\t\t\t<\/div>                       \r\n            <\/div>\r\n        <\/div>                  \r\n    \r\n        <div class=\"spacing-modul  \">\r\n            <div class=\"container spacing-modul\">\r\n               <div class=\"row\">\r\n                   <div id=\"\" class=\"anchor\"><\/div>\r\n                   <div class=\"col-12 modul-spacing-default-b\"><\/div>\r\n                   <div class=\"col-12 modul-spacing-default-b\"><\/div>\r\n               <\/div>\r\n            <\/div>\r\n        <\/div>\r\n    \n<h3>Nur in Ausnahmef\u00e4llen m\u00f6glich<\/h3>\n<p>In der Regel kannst du die Kosten f\u00fcr den F\u00fchrerschein nicht absetzen. Auch dann nicht, wenn du als Arbeitnehmer t\u00e4glich mit dem Auto zur Arbeit f\u00e4hrst. In diesem Fall z\u00e4hlt das Finanzamt die finanzielle Aufwendung f\u00fcr den F\u00fchrerschein zu deinen privaten Kosten (= Kosten der privaten Lebensf\u00fchrung). Einen Vorteil bei der Steuer bekommst du daf\u00fcr nicht.<\/p>\n<p>Aber: In einigen F\u00e4llen lassen sich die F\u00fchrerscheinkosten doch absetzen. Diese M\u00f6glichkeit haben:<\/p>\n<ul class=\"sw-blog-icon sw-blog-icon-1\">\n<li><strong>Berufsfahrer<\/strong>: Wenn der F\u00fchrerschein zwingende Voraussetzung f\u00fcr den Beruf ist.<\/li>\n<li><strong>Menschen mit einer Behinderung<\/strong>: Wenn der F\u00fchrerschein zwingend ben\u00f6tigt wird, um mobil zu sein.<\/li>\n<\/ul>\n<h3>Welche Kosten f\u00fcr mein Auto kann ich absetzen?<\/h3>\n<ul class=\"sw-blog-icon sw-blog-icon-1\">\n<li><a title=\"Welche Versicherungen kann man von der Steuer absetzen?\" href=\"https:\/\/www.buhl.de\/steuer\/ratgeber\/welche-versicherungen-kann-man-von-der-steuer-absetzen\/\">Versicherungsbeitr\u00e4ge<\/a><\/li>\n<li><a title=\"Pendlerpauschale: Fahrtkosten berechnen\" href=\"https:\/\/www.buhl.de\/steuer\/ratgeber\/pendlerpauschale\/\">Pendlerpauschale<\/a><\/li>\n<\/ul>\n<h2>F\u00fchrerschein ist Voraussetzung f\u00fcr den Beruf<\/h2>\n<p>Einige Berufe k\u00f6nnen ohne einen F\u00fchrerschein nicht ausgef\u00fchrt werden. Deshalb geh\u00f6ren diese Kosten nicht zu den privaten, sondern zu den beruflichen Ausgaben \u2013 den sogenannten <a title=\"Was geh\u00f6rt zu den Werbungskosten?\" href=\"https:\/\/www.buhl.de\/steuer\/ratgeber\/werbungskosten\/\">Werbungskosten<\/a>. Damit bekommst du das Geld f\u00fcr deinen F\u00fchrerschein \u00fcber die Steuererkl\u00e4rung wieder zur\u00fcck.<\/p>\n<p>Dass der F\u00fchrerschein auch privat mitbenutzt wird, spielt in diesem Fall f\u00fcr das Finanzamt eine untergeordnete Rolle (14 K 46\/06).<\/p>\n<p>Denkbar ist diese M\u00f6glichkeit bei folgenden Berufsgruppen:<\/p>\n<ul class=\"sw-blog-icon sw-blog-icon-1\">\n<li>Lkw-Fahrer<\/li>\n<li>Taxifahrer<\/li>\n<li>Busfahrer<\/li>\n<\/ul>\n<h3>Was ist, wenn der Arbeitgeber die Kosten \u00fcbernimmt?<\/h3>\n<p>\u00dcbernimmt dein Arbeitgeber die Kosten ganz oder teilweise, musst du diesen Betrag von deinen gezahlten Kosten abziehen. F\u00fcr den Restbetrag bekommst du dann einen Steuervorteil.<\/p>\n<h2>F\u00fchrerschein bei Menschen mit einer Behinderung<\/h2>\n<p>Wer aufgrund einer Behinderung in seiner Bewegungsfreiheit stark eingeschr\u00e4nkt ist, kann \u00f6ffentliche Verkehrsmittel h\u00e4ufig gar nicht nutzen. Ein eigenes Auto sorgt in diesem Fall f\u00fcr die ben\u00f6tigte Mobilit\u00e4t.<\/p>\n<p>Vom Finanzamt gibt es daher Unterst\u00fctzung: Menschen, die <strong>geh- und stehbehindert<\/strong> sind, k\u00f6nnen die Kosten f\u00fcr den F\u00fchrerschein von der Steuer absetzen \u2013 und zwar als <a title=\"Au\u00dfergew\u00f6hliche Belastungen absetzen\" href=\"https:\/\/www.buhl.de\/steuer\/ratgeber\/aussergewoehnliche-belastungen\/\">au\u00dfergew\u00f6hnliche Belastungen<\/a>. Das gilt auch f\u00fcr Eltern, die die F\u00fchrerscheinkosten f\u00fcr ihr behindertes Kind \u00fcbernehmen.<\/p>\n<h2>F\u00fchrerscheinkosten in die Steuererkl\u00e4rung eintragen<\/h2>\n<p>Je nachdem welche Voraussetzungen du erf\u00fcllst, geh\u00f6ren die Angaben an eine von zwei Stellen in der <a title=\"Steuererkl\u00e4rung: Schritt-f\u00fcr-Schritt Anleitung\" href=\"https:\/\/www.buhl.de\/steuer\/ratgeber\/steuererklaerung-machen\/\">Steuererkl\u00e4rung<\/a>:<\/p>\n<h3>1. Anlage N<\/h3>\n<p>Ist der F\u00fchrerschein zwingende Voraussetzung f\u00fcr die eigentliche Berufsaus\u00fcbung, akzeptiert das Finanzamt die Ausgaben daf\u00fcr als Werbungskosten.<\/p>\n<p>Hier machst du Angaben zu den F\u00fchrerscheinkosten bei WISO Steuer: <em>Arbeitnehmer, Betriebsrentner und Pension\u00e4re &gt; Werbungskosten &gt; Sonstige Ausgaben<\/em>.<\/p>\n\r\n        <div class=\"spacing-modul  \">\r\n            <div class=\"container spacing-modul\">\r\n               <div class=\"row\">\r\n                   <div id=\"\" class=\"anchor\"><\/div>\r\n                   <div class=\"col-12 modul-spacing-blog-c\"><\/div>\r\n                   <div class=\"col-12 modul-spacing-blog-c\"><\/div>\r\n               <\/div>\r\n            <\/div>\r\n        <\/div>\r\n    \r\n        <div class=\"white-background d-none d-lg-block\">\r\n            <div class=\"container blog-image\">\r\n            \t<div class=\"row\">\r\n       \r\n                <div class=\"d-flex col-12 align-items-center justify-content-center\">\r\n                         \r\n                            <a id=\"\" target=\"_self\" title=\"\" href=\"\">\r\n                         \r\n                      <picture class=\"img-fluid\">\r\n                             <img decoding=\"async\" loading=\"lazy\"\r\n                              alt=\"Eingabemaske f\u00fcr berufsbedingte F\u00fchrerscheinkosten in WISO Steuer\" \r\n                              title=\"\"\r\n                              src=\"https:\/\/www.buhl.de\/steuer\/wp-content\/uploads\/sites\/31\/2024\/12\/fuehrerscheinkosten-beruflich-eintragen-steuererklaerung.png\" >\r\n                      <\/picture>     \r\n                      \t\r\n                        \t<\/a>\r\n                    \t                      \r\n\t\t\t\t\t<\/div>  \r\n\t\t\t\t<\/div>                       \r\n            <\/div>\r\n        <\/div>                  \r\n    \n\r\n        <div class=\"white-background  d-lg-none\">\r\n            <div class=\"container blog-image\">\r\n            \t<div class=\"row\">\r\n       <p class=\"col-12 font-source-sans-pro-1 blue-font\"> <\/p>\r\n                <div class=\"d-flex col-12 align-items-center justify-content-center\">\r\n                         \r\n                            <a id=\"\" target=\"_self\" title=\"\" href=\"\">\r\n                         \r\n                      <picture class=\"img-fluid\">\r\n                             <img decoding=\"async\" loading=\"lazy\"\r\n                              alt=\"Eingabemaske f\u00fcr berufsbedingte F\u00fchrerscheinkosten in der App WISO Steuer\" \r\n                              title=\"\"\r\n                              src=\"https:\/\/www.buhl.de\/steuer\/wp-content\/uploads\/sites\/31\/2024\/12\/fuehrerscheinkosten-beruflich-eintragen-steuer-app.png\" >\r\n                      <\/picture>     \r\n                      \t\r\n                        \t<\/a>\r\n                    \t                      \r\n\t\t\t\t\t<\/div>  \r\n\t\t\t\t<\/div>                       \r\n            <\/div>\r\n        <\/div>                  \r\n    \n\r\n        <div role=\"region\" aria-label=\"\" class=\"white-background\">\r\n            <div class=\"container\">\r\n                <div class=\"row\">\r\n                    <div class=\"col-12 d-flex justify-content-center align-items-center flex-column flex-lg-row\">\r\n                    \r\n\r\n                    \r\n                        <a class=\"secondary w-230 d-none d-md-flex justify-content-center align-items-center font-cairo-2 fw700 action-anonymous\"\r\n                            role=\"button\"\r\n                            href=\"https:\/\/www.buhl.de\/mein-buhlkonto\/?buhlparam=2100101\"\r\n                            title=\"Kostenlos testen\"\r\n                            target=\"_self\"\r\n                            id=\"f\u00fchrerschein-werbungskosten-eintragen\"\r\n                            onclick=\"dataLayer.push({'event': 'ButtonClick SW','sw-button': 'click-testen'});\">\r\n                            Kostenlos testen\r\n                        <\/a>\r\n\r\n                        <a class=\"secondary w-230 d-flex d-md-none justify-content-center align-items-center font-cairo-2 fw700 action-anonymous\"\r\n                            role=\"button\"\r\n                            href=\"https:\/\/www.buhl.de\/mein-buhlkonto\/?buhlparam=2100101\"\r\n                            title=\"Kostenlos testen\"\r\n                            target=\"_self\"\r\n                            id=\"f\u00fchrerschein-werbungskosten-eintragen-m\"\r\n                            onclick=\"dataLayer.push({'event': 'ButtonClick SW','sw-button': 'click-mobile-starten'});\">\r\n                            Kostenlos testen\r\n                        <\/a>\r\n                    \r\n                    <\/div>\r\n                <\/div>\r\n            <\/div>\r\n        <\/div>\r\n    \r\n        <div class=\"spacing-modul  \">\r\n            <div class=\"container spacing-modul\">\r\n               <div class=\"row\">\r\n                   <div id=\"\" class=\"anchor\"><\/div>\r\n                   <div class=\"col-12 modul-spacing-blog-c\"><\/div>\r\n                   <div class=\"col-12 modul-spacing-blog-c\"><\/div>\r\n               <\/div>\r\n            <\/div>\r\n        <\/div>\r\n    \n<h3>2. Anlage Au\u00dfergew\u00f6hnliche Belastungen<\/h3>\n<p>Menschen mit einer Behinderung tragen die Kosten f\u00fcr den F\u00fchrerschein bei den au\u00dfergew\u00f6hnlichen Belastungen an. Hier gibst du deine Daten in WISO Steuer an: <em>Allgemeine Ausgaben &gt; Krankheitskosten und andere Besonderheiten &gt; Weitere au\u00dfergew\u00f6hnliche Kosten<\/em><\/p>\n\r\n        <div class=\"spacing-modul  \">\r\n            <div class=\"container spacing-modul\">\r\n               <div class=\"row\">\r\n                   <div id=\"\" class=\"anchor\"><\/div>\r\n                   <div class=\"col-12 modul-spacing-blog-c\"><\/div>\r\n                   <div class=\"col-12 modul-spacing-blog-c\"><\/div>\r\n               <\/div>\r\n            <\/div>\r\n        <\/div>\r\n    \r\n        <div class=\"white-background d-none d-lg-block\">\r\n            <div class=\"container blog-image\">\r\n            \t<div class=\"row\">\r\n       \r\n                <div class=\"d-flex col-12 align-items-center justify-content-center\">\r\n                         \r\n                            <a id=\"\" target=\"_self\" title=\"\" href=\"\">\r\n                         \r\n                      <picture class=\"img-fluid\">\r\n                             <img decoding=\"async\" loading=\"lazy\"\r\n                              alt=\"Eingabemaske f\u00fcr behinderungsbedingte F\u00fchrerscheinkosten in WISO Steuer\" \r\n                              title=\"\"\r\n                              src=\"https:\/\/www.buhl.de\/steuer\/wp-content\/uploads\/sites\/31\/2024\/12\/fuehrerscheinkosten-behinderung-eintragen-steuererklaerung.png\" >\r\n                      <\/picture>     \r\n                      \t\r\n                        \t<\/a>\r\n                    \t                      \r\n\t\t\t\t\t<\/div>  \r\n\t\t\t\t<\/div>                       \r\n            <\/div>\r\n        <\/div>                  \r\n    \n\r\n        <div class=\"white-background  d-lg-none\">\r\n            <div class=\"container blog-image\">\r\n            \t<div class=\"row\">\r\n       \r\n                <div class=\"d-flex col-12 align-items-center justify-content-center\">\r\n                         \r\n                            <a id=\"\" target=\"_self\" title=\"\" href=\"\">\r\n                         \r\n                      <picture class=\"img-fluid\">\r\n                             <img decoding=\"async\" loading=\"lazy\"\r\n                              alt=\"Eingabemaske f\u00fcr behinderungsbedingte F\u00fchrerscheinkosten in der App WISO Steuer\" \r\n                              title=\"\"\r\n                              src=\"https:\/\/www.buhl.de\/steuer\/wp-content\/uploads\/sites\/31\/2024\/12\/fuehrerscheinkosten-behinderung-eintragen-steuer-app.png\" >\r\n                      <\/picture>     \r\n                      \t\r\n                        \t<\/a>\r\n                    \t                      \r\n\t\t\t\t\t<\/div>  \r\n\t\t\t\t<\/div>                       \r\n            <\/div>\r\n        <\/div>                  \r\n    \n\r\n        <div role=\"region\" aria-label=\"\" class=\"white-background\">\r\n            <div class=\"container\">\r\n                <div class=\"row\">\r\n                    <div class=\"col-12 d-flex justify-content-center align-items-center flex-column flex-lg-row\">\r\n                    \r\n\r\n                    \r\n                        <a class=\"secondary w-230 d-none d-md-flex justify-content-center align-items-center font-cairo-2 fw700 action-anonymous\"\r\n                            role=\"button\"\r\n                            href=\"https:\/\/www.buhl.de\/mein-buhlkonto\/?buhlparam=2100101\"\r\n                            title=\"Kostenlos testen\"\r\n                            target=\"_self\"\r\n                            id=\"f\u00fchrerschein-behinderung-eintragen\"\r\n                            onclick=\"dataLayer.push({'event': 'ButtonClick SW','sw-button': 'click-testen'});\">\r\n                            Kostenlos testen\r\n                        <\/a>\r\n\r\n                        <a class=\"secondary w-230 d-flex d-md-none justify-content-center align-items-center font-cairo-2 fw700 action-anonymous\"\r\n                            role=\"button\"\r\n                            href=\"https:\/\/www.buhl.de\/mein-buhlkonto\/?buhlparam=2100101\"\r\n                            title=\"Kostenlos testen\"\r\n                            target=\"_self\"\r\n                            id=\"f\u00fchrerschein-behinderung-eintragen-m\"\r\n                            onclick=\"dataLayer.push({'event': 'ButtonClick SW','sw-button': 'click-mobile-starten'});\">\r\n                            Kostenlos testen\r\n                        <\/a>\r\n                    \r\n                    <\/div>\r\n                <\/div>\r\n            <\/div>\r\n        <\/div>\r\n    \r\n        <div class=\"spacing-modul  \">\r\n            <div class=\"container spacing-modul\">\r\n               <div class=\"row\">\r\n                   <div id=\"\" class=\"anchor\"><\/div>\r\n                   <div class=\"col-12 modul-spacing-default-b\"><\/div>\r\n                   <div class=\"col-12 modul-spacing-default-b\"><\/div>\r\n               <\/div>\r\n            <\/div>\r\n        <\/div>\r\n    \n<h2>FAQ: F\u00fchrerschein von der Steuer absetzen<\/h2>\n\r\n        <div class=\"white-background\">\r\n            <div class=\"container faq-module blog-download buhl-ap\">\r\n                <div class=\"row\">\r\n                <div class=\"col-12 p-lg-0\">\r\n                \r\n                    <div class=\"accordion accordionFaq\" id=\"accordionFaq\">\n<div class=\"card\">\n<div class=\"d-flex card-header border-0 collapsed\" id=\"heading1\" data-toggle=\"collapse\" data-target=\"#collapse1\"\r\n                    aria-expanded=\"false\" aria-controls=\"collapse1\">                                            \r\n                    <h3 class=\"font-source-sans-pro-1 blue-font no-margin\">Ist der Lkw-F\u00fchrerschein steuerlich absetzbar?<\/h3>\r\n                <\/div>\r\n\n\r\n        <div id=\"collapse1\" class=\"collapse\" aria-labelledby=\"heading1\" data-parent=\"#accordionFaq\">\r\n            <div class=\"card-body\">\r\n                Wenn ein F\u00fchrerschein f\u00fcr deinen Beruf zwingend erforderlich ist, kannst du mithilfe der Steuererkl\u00e4rung Geld zur\u00fcckbekommen. Das ist vor allem bei Lkw- oder Busfahrern der Fall. In der Steuererkl\u00e4rung gibst du die Kosten dann bei den Werbungskosten an.                \r\n            <\/div>\r\n        <\/div>\r\n\n<\/div>\n<div class=\"card\">\n<div class=\"d-flex card-header border-0 collapsed\" id=\"heading2\" data-toggle=\"collapse\" data-target=\"#collapse2\"\r\n                    aria-expanded=\"false\" aria-controls=\"collapse2\">                                            \r\n                    <h3 class=\"font-source-sans-pro-1 blue-font no-margin\">Sind Kosten f\u00fcr MPU steuerlich absetzbar?<\/h3>\r\n                <\/div>\r\n\n\r\n        <div id=\"collapse2\" class=\"collapse\" aria-labelledby=\"heading2\" data-parent=\"#accordionFaq\">\r\n            <div class=\"card-body\">\r\n                Die Kosten f\u00fcr die MPU (Medizinisch-Psychologische Untersuchung) sind nicht steuerlich absetzbar. Denn schon die Kosten f\u00fcr den Erwerb der Fahrerlaubnis sind bis auf einige Ausnahmen nicht absetzbar, weilt sie privat veranlasst sind.                \r\n            <\/div>\r\n        <\/div>\r\n\n<\/div>\n<div class=\"card\">\n<div class=\"d-flex card-header border-0 collapsed\" id=\"heading3\" data-toggle=\"collapse\" data-target=\"#collapse3\"\r\n                    aria-expanded=\"false\" aria-controls=\"collapse3\">                                            \r\n                    <h3 class=\"font-source-sans-pro-1 blue-font no-margin\">Ist der Motorradf\u00fchrerschein steuerlich absetzbar?<\/h3>\r\n                <\/div>\r\n\n\r\n        <div id=\"collapse3\" class=\"collapse\" aria-labelledby=\"heading3\" data-parent=\"#accordionFaq\">\r\n            <div class=\"card-body\">\r\n                Bei dem Motorradf\u00fchrerschein gilt das Gleiche wie bei dem Pkw-F\u00fchrerschein: In der Regel sind die Kosten nicht absetzbar, da sie privat veranlasst sind. Ist aber der F\u00fchrerschein zwingende Voraussetzung f\u00fcr den Beruf, etwa Lkw- oder Busfahrer, sind sie als Werbungskosten absetzbar.                \r\n            <\/div>\r\n        <\/div>\r\n\n<\/div>\n<div class=\"card\">\n<div class=\"d-flex card-header border-0 collapsed\" id=\"heading4\" data-toggle=\"collapse\" data-target=\"#collapse4\"\r\n                    aria-expanded=\"false\" aria-controls=\"collapse4\">                                            \r\n                    <h3 class=\"font-source-sans-pro-1 blue-font no-margin\">Kann ich den Anh\u00e4ngerf\u00fchrerschein steuerlich absetzen?<\/h3>\r\n                <\/div>\r\n\n\r\n        <div id=\"collapse4\" class=\"collapse\" aria-labelledby=\"heading4\" data-parent=\"#accordionFaq\">\r\n            <div class=\"card-body\">\r\n                Bei dem Anh\u00e4ngerf\u00fchrerschein gilt das Gleiche wie bei dem Pkw-F\u00fchrerschein: In der Regel sind die Kosten nicht absetzbar, da sie privat veranlasst sind. Ist aber der F\u00fchrerschein zwingende Voraussetzung f\u00fcr den Beruf, etwa Lkw- oder Busfahrer, sind sie als <a title=\"Werbungskosten absetzen\" href=\"https:\/\/www.buhl.de\/steuer\/ratgeber\/werbungskosten\/\">Werbungskosten<\/a> absetzbar.                 \r\n            <\/div>\r\n        <\/div>\r\n\n<\/div>\n<div class=\"card\">\n<div class=\"d-flex card-header border-0 collapsed\" id=\"heading5\" data-toggle=\"collapse\" data-target=\"#collapse5\"\r\n                    aria-expanded=\"false\" aria-controls=\"collapse5\">                                            \r\n                    <h3 class=\"font-source-sans-pro-1 blue-font no-margin\">Kann ich den F\u00fchrerschein f\u00fcr mein Kind absetzen?<\/h3>\r\n                <\/div>\r\n\n\r\n        <div id=\"collapse5\" class=\"collapse\" aria-labelledby=\"heading5\" data-parent=\"#accordionFaq\">\r\n            <div class=\"card-body\">\r\n                Hat dein Kind eine schwere Geh- oder Stehbehinderung (Merkzeichen aG), darfst du die Kosten, die du f\u00fcr dessen F\u00fchrerschein getragen hast, von der Steuer als <a title=\"Au\u00dfergew\u00f6hliche Belastungen absetzen\" href=\"https:\/\/www.buhl.de\/steuer\/ratgeber\/aussergewoehnliche-belastungen\/\">au\u00dfergew\u00f6hnliche Belastung<\/a> absetzen.                \r\n            <\/div>\r\n        <\/div>\r\n\n<\/div>\n<\/div>\r\n                 <\/div>\r\n              <\/div>\r\n            <\/div>\r\n        <\/div>\n\r\n        <div class=\"spacing-modul  \">\r\n            <div class=\"container spacing-modul\">\r\n               <div class=\"row\">\r\n                   <div id=\"\" class=\"anchor\"><\/div>\r\n                   <div class=\"col-12 modul-spacing-default-b\"><\/div>\r\n                   <div class=\"col-12 modul-spacing-default-b\"><\/div>\r\n               <\/div>\r\n            <\/div>\r\n        <\/div>\r\n    \r\n        <div class=\"white-background\">\r\n            <div class=\"full-width-text\">\r\n                <div class=\"inner-spacing blog-ad1-wrapper yellow-background\">\r\n                    <div class=\"container blog-ad1\">\r\n                        <div class=\"row\">\r\n                        \r\n                            \r\n                            <div class=\"col-12\">\r\n                                \r\n                                    <div class=\"d-flex headline-spacing-30 justify-content-center\">\r\n                                        \r\n                                            <img decoding=\"async\" loading=\"lazy\" height=\"auto\" style=\"max-width:100%;\" alt=\"WISO&nbsp;Steuer\" title=\"WISO&nbsp;Steuer\" \r\n                                                class=\"d-none d-md-block \" src=\"https:\/\/www.buhl.de\/steuer\/wp-content\/themes\/steuer-web\/buhl-steuer\/assets\/full-width-text\/ad1\/logo-wiso-steuer.svg\" \/>\r\n                                        \r\n                                        \r\n                                                \r\n                                        \r\n                                            <img decoding=\"async\" loading=\"lazy\" alt=\"WISO&nbsp;Steuer\" title=\"WISO&nbsp;Steuer\" \r\n                                                class=\"mx-auto d-md-none mobile \" src=\"https:\/\/www.buhl.de\/steuer\/wp-content\/themes\/steuer-web\/buhl-steuer\/assets\/full-width-text\/ad1\/logo-wiso-steuer.svg\" \/>\r\n                                        \r\n                                    <\/div>\r\n                                \r\n                            \r\n                                \r\n                                    <p class=\"font-cairo-10 fw700 blue-font headline-spacing-30 text-center justify-content-center\">Hol dir dein Geld zur\u00fcck<\/p>\r\n                                \r\n                    \r\n                                <div class=\"font-source-sans-pro-1 mt-30 mb-30 blue-font subline-width text-center 1\">Lass deine Steuererkl\u00e4rung automatisch ausf\u00fcllen, gib sie digital ab und hol dir im Schnitt 1.674 \u20ac R\u00fcckerstattung vom Finanzamt.<br\/>Ganz einfach mit WISO&nbsp;Steuer.<\/div>\r\n                                \r\n                                \r\n\r\n                                <div class=\"d-flex flex-column flex-md-row align-items-center align-items-md-start justify-content-center\">\r\n                                    \r\n                                    <a class=\"font-cairo-2 fw700 intro-button primary w-230 d-none d-md-flex mr-md-25 justify-content-center align-items-center\"\r\n                                       role=\"button\"\r\n                                       href=\"https:\/\/www.buhl.de\/shop\/wisosteuer\/auswahl?2025=agv&wkz=STWEBMARKETINGSEITE&src=WEB\"\r\n                                       target=\"_self\"\r\n                                       title=\"WISO&nbsp;Steuer Lizenz kaufen\"\r\n                                       id=\"ad-1-testencta\"\r\n                                       onclick=\"dataLayer.push({'event': 'ButtonClick SW','sw-button': 'click-preise'});\">\r\n                                       Jetzt kaufen\r\n                                    <\/a>\r\n                                    \r\n                                    \r\n                                    \r\n                                    <a class=\"d-flex justify-content-center align-items-center d-md-none font-cairo-2 fw700 intro-button primary w-230\"\r\n                                       role=\"button\"\r\n                                       href=\"https:\/\/www.buhl.de\/shop\/wisosteuer\/auswahl?2025=agv&wkz=STWEBMARKETINGSEITE&src=WEB\"\r\n                                       target=\"_self\"\r\n                                       title=\"WISO&nbsp;Steuer Lizenz kaufen\"\r\n                                       id=\"adpapierkramkauf\"\r\n                                       onclick=\"dataLayer.push({'event': 'ButtonClick SW','sw-button': 'click-preise'});\">\r\n                                       Jetzt kaufen\r\n                                    <\/a>\r\n                                    \r\n                                    \r\n                                    \r\n                                    <a class=\"font-cairo-2 fw700 intro-button secondary w-230 d-none d-md-flex  justify-content-center align-items-center\"\r\n                                       role=\"button\"\r\n                                       href=\"https:\/\/www.buhl.de\/mein-buhlkonto\/?buhlparam=2100101\"\r\n                                       target=\"_self\"\r\n                                       title=\"Hier unverbindlich ausprobieren\"\r\n                                       id=\"ad1-testen\"\r\n                                       onclick=\"dataLayer.push({'event': 'ButtonClick SW','sw-button': 'click-testen'});\">\r\n                                       Kostenlos testen\r\n                                    <\/a>\r\n                                    \r\n                                    \r\n                                    \r\n                                    <a class=\"font-cairo-2 fw700 intro-button secondary w-230 d-flex d-md-none justify-content-center align-items-center mt-30\"\r\n                                       role=\"button\"\r\n                                       href=\"https:\/\/www.buhl.de\/mein-buhlkonto\/?buhlparam=2100101\"\r\n                                       target=\"_self\"\r\n                                       title=\"Hier unverbindlich ausprobieren\"\r\n                                       id=\"ad1-testen\"\r\n                                       onclick=\"dataLayer.push({'event': 'ButtonClick SW','sw-button': 'click-mobile-starten'});\">\r\n                                       Kostenlos testen\r\n                                    <\/a>\r\n                                    \r\n                                <\/div>\r\n                                \r\n                                \r\n                            <\/div>\r\n                        <\/div>\r\n                    <\/div>\r\n                <\/div>\r\n            <\/div>\r\n        <\/div>\r\n    \n","protected":false},"excerpt":{"rendered":"<p>Bei den F\u00fchrerscheinkosten in der Steuererkl\u00e4rung ist das Finanzamt nicht sehr gro\u00dfz\u00fcgig und akzeptiert sie in der Regel nicht. Doch in einigen F\u00e4llen ist das m\u00f6glich. Wann der F\u00fchrerschein steuerlich absetzbar ist, zeigen wir in diesem Beitrag.<\/p>\n","protected":false},"author":104,"featured_media":55653,"comment_status":"closed","ping_status":"open","sticky":false,"template":"","format":"standard","meta":{"_acf_changed":false,"footnotes":""},"categories":[2841,2812,2808],"tags":[],"class_list":["post-55647","post","type-post","status-publish","format-standard","has-post-thumbnail","hentry","category-alle","category-gesund","category-arbeit"],"yoast_head":"<!-- This site is optimized with the Yoast SEO Premium plugin v27.4 (Yoast SEO v27.5) - https:\/\/yoast.com\/product\/yoast-seo-premium-wordpress\/ -->\n<title>F\u00fchrerschein von der Steuer absetzen \u2013 das musst du wissen<\/title>\n<meta name=\"description\" content=\"Ist mein F\u00fchrerschein steuerlich absetzbar? \u261d\ufe0f Das geht nicht immer \u2728 Jetzt lesen, wann und wie du einen Steuerbonus bekommst\" \/>\n<meta name=\"robots\" content=\"index, follow, max-snippet:-1, max-image-preview:large, max-video-preview:-1\" \/>\n<link rel=\"canonical\" href=\"https:\/\/www.buhl.de\/steuer\/ratgeber\/fuehrerschein-steuerlich-absetzbar\/\" \/>\n<meta property=\"og:locale\" content=\"de_DE\" \/>\n<meta property=\"og:type\" content=\"article\" \/>\n<meta property=\"og:title\" content=\"Ist der F\u00fchrerschein steuerlich absetzbar?\" \/>\n<meta property=\"og:description\" content=\"Ist mein F\u00fchrerschein steuerlich absetzbar? \u261d\ufe0f Das geht nicht immer \u2728 Jetzt lesen, wann und wie du einen Steuerbonus bekommst\" \/>\n<meta property=\"og:url\" content=\"https:\/\/www.buhl.de\/steuer\/ratgeber\/fuehrerschein-steuerlich-absetzbar\/\" \/>\n<meta property=\"og:site_name\" content=\"WISO Steuer: Nr.1 App f\u00fcr die Steuererkl\u00e4rung\" \/>\n<meta property=\"article:published_time\" content=\"2022-11-18T08:07:46+00:00\" \/>\n<meta property=\"article:modified_time\" content=\"2024-12-18T08:04:18+00:00\" \/>\n<meta property=\"og:image\" content=\"https:\/\/www.buhl.de\/steuer\/wp-content\/uploads\/sites\/31\/2022\/11\/fuehrerschein-steuerlich-absetzbar-title.jpg\" \/>\n\t<meta property=\"og:image:width\" content=\"976\" \/>\n\t<meta property=\"og:image:height\" content=\"400\" \/>\n\t<meta property=\"og:image:type\" content=\"image\/jpeg\" \/>\n<meta name=\"author\" content=\"Olesja Hess\" \/>\n<meta name=\"twitter:card\" content=\"summary_large_image\" \/>\n<meta name=\"twitter:label1\" content=\"Verfasst von\" \/>\n\t<meta name=\"twitter:data1\" content=\"Olesja Hess\" \/>\n\t<meta name=\"twitter:label2\" content=\"Gesch\u00e4tzte Lesezeit\" \/>\n\t<meta name=\"twitter:data2\" content=\"5\u00a0Minuten\" \/>\n<script type=\"application\/ld+json\" class=\"yoast-schema-graph\">{\"@context\":\"https:\\\/\\\/schema.org\",\"@graph\":[{\"@type\":\"Article\",\"@id\":\"https:\\\/\\\/www.buhl.de\\\/steuer\\\/ratgeber\\\/fuehrerschein-steuerlich-absetzbar\\\/#article\",\"isPartOf\":{\"@id\":\"https:\\\/\\\/www.buhl.de\\\/steuer\\\/ratgeber\\\/fuehrerschein-steuerlich-absetzbar\\\/\"},\"author\":{\"name\":\"Olesja Hess\",\"@id\":\"https:\\\/\\\/www.buhl.de\\\/steuer\\\/#\\\/schema\\\/person\\\/e25d76546852380c601f99020b73fcf6\"},\"headline\":\"Ist der F\u00fchrerschein steuerlich absetzbar?\",\"datePublished\":\"2022-11-18T08:07:46+00:00\",\"dateModified\":\"2024-12-18T08:04:18+00:00\",\"mainEntityOfPage\":{\"@id\":\"https:\\\/\\\/www.buhl.de\\\/steuer\\\/ratgeber\\\/fuehrerschein-steuerlich-absetzbar\\\/\"},\"wordCount\":1067,\"publisher\":{\"@id\":\"https:\\\/\\\/www.buhl.de\\\/steuer\\\/#organization\"},\"image\":{\"@id\":\"https:\\\/\\\/www.buhl.de\\\/steuer\\\/ratgeber\\\/fuehrerschein-steuerlich-absetzbar\\\/#primaryimage\"},\"thumbnailUrl\":\"https:\\\/\\\/www.buhl.de\\\/steuer\\\/wp-content\\\/uploads\\\/sites\\\/31\\\/2022\\\/11\\\/fuehrerschein-steuerlich-absetzbar-title.jpg\",\"articleSection\":[\"Neueste Beitr\u00e4ge\",\"Ratgeber: Gesundheit &amp; Steuern\",\"Ratgeber: Steuern &amp; Gehalt\"],\"inLanguage\":\"de\"},{\"@type\":\"WebPage\",\"@id\":\"https:\\\/\\\/www.buhl.de\\\/steuer\\\/ratgeber\\\/fuehrerschein-steuerlich-absetzbar\\\/\",\"url\":\"https:\\\/\\\/www.buhl.de\\\/steuer\\\/ratgeber\\\/fuehrerschein-steuerlich-absetzbar\\\/\",\"name\":\"F\u00fchrerschein von der Steuer absetzen \u2013 das musst du wissen\",\"isPartOf\":{\"@id\":\"https:\\\/\\\/www.buhl.de\\\/steuer\\\/#website\"},\"primaryImageOfPage\":{\"@id\":\"https:\\\/\\\/www.buhl.de\\\/steuer\\\/ratgeber\\\/fuehrerschein-steuerlich-absetzbar\\\/#primaryimage\"},\"image\":{\"@id\":\"https:\\\/\\\/www.buhl.de\\\/steuer\\\/ratgeber\\\/fuehrerschein-steuerlich-absetzbar\\\/#primaryimage\"},\"thumbnailUrl\":\"https:\\\/\\\/www.buhl.de\\\/steuer\\\/wp-content\\\/uploads\\\/sites\\\/31\\\/2022\\\/11\\\/fuehrerschein-steuerlich-absetzbar-title.jpg\",\"datePublished\":\"2022-11-18T08:07:46+00:00\",\"dateModified\":\"2024-12-18T08:04:18+00:00\",\"description\":\"Ist mein F\u00fchrerschein steuerlich absetzbar? \u261d\ufe0f Das geht nicht immer \u2728 Jetzt lesen, wann und wie du einen Steuerbonus bekommst\",\"breadcrumb\":{\"@id\":\"https:\\\/\\\/www.buhl.de\\\/steuer\\\/ratgeber\\\/fuehrerschein-steuerlich-absetzbar\\\/#breadcrumb\"},\"inLanguage\":\"de\",\"potentialAction\":[{\"@type\":\"ReadAction\",\"target\":[\"https:\\\/\\\/www.buhl.de\\\/steuer\\\/ratgeber\\\/fuehrerschein-steuerlich-absetzbar\\\/\"]}]},{\"@type\":\"ImageObject\",\"inLanguage\":\"de\",\"@id\":\"https:\\\/\\\/www.buhl.de\\\/steuer\\\/ratgeber\\\/fuehrerschein-steuerlich-absetzbar\\\/#primaryimage\",\"url\":\"https:\\\/\\\/www.buhl.de\\\/steuer\\\/wp-content\\\/uploads\\\/sites\\\/31\\\/2022\\\/11\\\/fuehrerschein-steuerlich-absetzbar-title.jpg\",\"contentUrl\":\"https:\\\/\\\/www.buhl.de\\\/steuer\\\/wp-content\\\/uploads\\\/sites\\\/31\\\/2022\\\/11\\\/fuehrerschein-steuerlich-absetzbar-title.jpg\",\"width\":976,\"height\":400},{\"@type\":\"BreadcrumbList\",\"@id\":\"https:\\\/\\\/www.buhl.de\\\/steuer\\\/ratgeber\\\/fuehrerschein-steuerlich-absetzbar\\\/#breadcrumb\",\"itemListElement\":[{\"@type\":\"ListItem\",\"position\":1,\"name\":\"Steuererkl\u00e4rung\",\"item\":\"https:\\\/\\\/www.buhl.de\\\/steuer\\\/\"},{\"@type\":\"ListItem\",\"position\":2,\"name\":\"Ist der F\u00fchrerschein steuerlich absetzbar?\"}]},{\"@type\":\"WebSite\",\"@id\":\"https:\\\/\\\/www.buhl.de\\\/steuer\\\/#website\",\"url\":\"https:\\\/\\\/www.buhl.de\\\/steuer\\\/\",\"name\":\"WISO Steuer: Nr. 1 Steuer-App\",\"description\":\"\",\"publisher\":{\"@id\":\"https:\\\/\\\/www.buhl.de\\\/steuer\\\/#organization\"},\"potentialAction\":[{\"@type\":\"SearchAction\",\"target\":{\"@type\":\"EntryPoint\",\"urlTemplate\":\"https:\\\/\\\/www.buhl.de\\\/steuer\\\/?s={search_term_string}\"},\"query-input\":{\"@type\":\"PropertyValueSpecification\",\"valueRequired\":true,\"valueName\":\"search_term_string\"}}],\"inLanguage\":\"de\"},{\"@type\":\"Organization\",\"@id\":\"https:\\\/\\\/www.buhl.de\\\/steuer\\\/#organization\",\"name\":\"WISO Steuer | Buhl Data Service GmbH\",\"url\":\"https:\\\/\\\/www.buhl.de\\\/steuer\\\/\",\"logo\":{\"@type\":\"ImageObject\",\"inLanguage\":\"de\",\"@id\":\"https:\\\/\\\/www.buhl.de\\\/steuer\\\/#\\\/schema\\\/logo\\\/image\\\/\",\"url\":\"https:\\\/\\\/www.buhl.de\\\/steuer\\\/wp-content\\\/uploads\\\/sites\\\/31\\\/2026\\\/02\\\/logo-wiso-steuer-app.svg\",\"contentUrl\":\"https:\\\/\\\/www.buhl.de\\\/steuer\\\/wp-content\\\/uploads\\\/sites\\\/31\\\/2026\\\/02\\\/logo-wiso-steuer-app.svg\",\"width\":375,\"height\":72,\"caption\":\"WISO Steuer | Buhl Data Service GmbH\"},\"image\":{\"@id\":\"https:\\\/\\\/www.buhl.de\\\/steuer\\\/#\\\/schema\\\/logo\\\/image\\\/\"}},{\"@type\":\"Person\",\"@id\":\"https:\\\/\\\/www.buhl.de\\\/steuer\\\/#\\\/schema\\\/person\\\/e25d76546852380c601f99020b73fcf6\",\"name\":\"Olesja Hess\",\"image\":{\"@type\":\"ImageObject\",\"inLanguage\":\"de\",\"@id\":\"https:\\\/\\\/www.buhl.de\\\/steuer\\\/wp-content\\\/uploads\\\/sites\\\/31\\\/2024\\\/07\\\/olesja.png\",\"url\":\"https:\\\/\\\/www.buhl.de\\\/steuer\\\/wp-content\\\/uploads\\\/sites\\\/31\\\/2024\\\/07\\\/olesja.png\",\"contentUrl\":\"https:\\\/\\\/www.buhl.de\\\/steuer\\\/wp-content\\\/uploads\\\/sites\\\/31\\\/2024\\\/07\\\/olesja.png\",\"caption\":\"Olesja Hess\"},\"sameAs\":[\"https:\\\/\\\/www.buhl.de\\\/steuer\\\/autoren\\\/olesja-hess\\\/\"]}]}<\/script>\n<!-- \/ Yoast SEO Premium plugin. -->","yoast_head_json":{"title":"F\u00fchrerschein von der Steuer absetzen \u2013 das musst du wissen","description":"Ist mein F\u00fchrerschein steuerlich absetzbar? \u261d\ufe0f Das geht nicht immer \u2728 Jetzt lesen, wann und wie du einen Steuerbonus bekommst","robots":{"index":"index","follow":"follow","max-snippet":"max-snippet:-1","max-image-preview":"max-image-preview:large","max-video-preview":"max-video-preview:-1"},"canonical":"https:\/\/www.buhl.de\/steuer\/ratgeber\/fuehrerschein-steuerlich-absetzbar\/","og_locale":"de_DE","og_type":"article","og_title":"Ist der F\u00fchrerschein steuerlich absetzbar?","og_description":"Ist mein F\u00fchrerschein steuerlich absetzbar? \u261d\ufe0f Das geht nicht immer \u2728 Jetzt lesen, wann und wie du einen Steuerbonus bekommst","og_url":"https:\/\/www.buhl.de\/steuer\/ratgeber\/fuehrerschein-steuerlich-absetzbar\/","og_site_name":"WISO Steuer: Nr.1 App f\u00fcr die Steuererkl\u00e4rung","article_published_time":"2022-11-18T08:07:46+00:00","article_modified_time":"2024-12-18T08:04:18+00:00","og_image":[{"width":976,"height":400,"url":"https:\/\/www.buhl.de\/steuer\/wp-content\/uploads\/sites\/31\/2022\/11\/fuehrerschein-steuerlich-absetzbar-title.jpg","type":"image\/jpeg"}],"author":"Olesja Hess","twitter_card":"summary_large_image","twitter_misc":{"Verfasst von":"Olesja Hess","Gesch\u00e4tzte Lesezeit":"5\u00a0Minuten"},"schema":{"@context":"https:\/\/schema.org","@graph":[{"@type":"Article","@id":"https:\/\/www.buhl.de\/steuer\/ratgeber\/fuehrerschein-steuerlich-absetzbar\/#article","isPartOf":{"@id":"https:\/\/www.buhl.de\/steuer\/ratgeber\/fuehrerschein-steuerlich-absetzbar\/"},"author":{"name":"Olesja Hess","@id":"https:\/\/www.buhl.de\/steuer\/#\/schema\/person\/e25d76546852380c601f99020b73fcf6"},"headline":"Ist der F\u00fchrerschein steuerlich absetzbar?","datePublished":"2022-11-18T08:07:46+00:00","dateModified":"2024-12-18T08:04:18+00:00","mainEntityOfPage":{"@id":"https:\/\/www.buhl.de\/steuer\/ratgeber\/fuehrerschein-steuerlich-absetzbar\/"},"wordCount":1067,"publisher":{"@id":"https:\/\/www.buhl.de\/steuer\/#organization"},"image":{"@id":"https:\/\/www.buhl.de\/steuer\/ratgeber\/fuehrerschein-steuerlich-absetzbar\/#primaryimage"},"thumbnailUrl":"https:\/\/www.buhl.de\/steuer\/wp-content\/uploads\/sites\/31\/2022\/11\/fuehrerschein-steuerlich-absetzbar-title.jpg","articleSection":["Neueste Beitr\u00e4ge","Ratgeber: Gesundheit &amp; Steuern","Ratgeber: Steuern &amp; Gehalt"],"inLanguage":"de"},{"@type":"WebPage","@id":"https:\/\/www.buhl.de\/steuer\/ratgeber\/fuehrerschein-steuerlich-absetzbar\/","url":"https:\/\/www.buhl.de\/steuer\/ratgeber\/fuehrerschein-steuerlich-absetzbar\/","name":"F\u00fchrerschein von der Steuer absetzen \u2013 das musst du wissen","isPartOf":{"@id":"https:\/\/www.buhl.de\/steuer\/#website"},"primaryImageOfPage":{"@id":"https:\/\/www.buhl.de\/steuer\/ratgeber\/fuehrerschein-steuerlich-absetzbar\/#primaryimage"},"image":{"@id":"https:\/\/www.buhl.de\/steuer\/ratgeber\/fuehrerschein-steuerlich-absetzbar\/#primaryimage"},"thumbnailUrl":"https:\/\/www.buhl.de\/steuer\/wp-content\/uploads\/sites\/31\/2022\/11\/fuehrerschein-steuerlich-absetzbar-title.jpg","datePublished":"2022-11-18T08:07:46+00:00","dateModified":"2024-12-18T08:04:18+00:00","description":"Ist mein F\u00fchrerschein steuerlich absetzbar? \u261d\ufe0f Das geht nicht immer \u2728 Jetzt lesen, wann und wie du einen Steuerbonus bekommst","breadcrumb":{"@id":"https:\/\/www.buhl.de\/steuer\/ratgeber\/fuehrerschein-steuerlich-absetzbar\/#breadcrumb"},"inLanguage":"de","potentialAction":[{"@type":"ReadAction","target":["https:\/\/www.buhl.de\/steuer\/ratgeber\/fuehrerschein-steuerlich-absetzbar\/"]}]},{"@type":"ImageObject","inLanguage":"de","@id":"https:\/\/www.buhl.de\/steuer\/ratgeber\/fuehrerschein-steuerlich-absetzbar\/#primaryimage","url":"https:\/\/www.buhl.de\/steuer\/wp-content\/uploads\/sites\/31\/2022\/11\/fuehrerschein-steuerlich-absetzbar-title.jpg","contentUrl":"https:\/\/www.buhl.de\/steuer\/wp-content\/uploads\/sites\/31\/2022\/11\/fuehrerschein-steuerlich-absetzbar-title.jpg","width":976,"height":400},{"@type":"BreadcrumbList","@id":"https:\/\/www.buhl.de\/steuer\/ratgeber\/fuehrerschein-steuerlich-absetzbar\/#breadcrumb","itemListElement":[{"@type":"ListItem","position":1,"name":"Steuererkl\u00e4rung","item":"https:\/\/www.buhl.de\/steuer\/"},{"@type":"ListItem","position":2,"name":"Ist der F\u00fchrerschein steuerlich absetzbar?"}]},{"@type":"WebSite","@id":"https:\/\/www.buhl.de\/steuer\/#website","url":"https:\/\/www.buhl.de\/steuer\/","name":"WISO Steuer: Nr. 1 Steuer-App","description":"","publisher":{"@id":"https:\/\/www.buhl.de\/steuer\/#organization"},"potentialAction":[{"@type":"SearchAction","target":{"@type":"EntryPoint","urlTemplate":"https:\/\/www.buhl.de\/steuer\/?s={search_term_string}"},"query-input":{"@type":"PropertyValueSpecification","valueRequired":true,"valueName":"search_term_string"}}],"inLanguage":"de"},{"@type":"Organization","@id":"https:\/\/www.buhl.de\/steuer\/#organization","name":"WISO Steuer | Buhl Data Service GmbH","url":"https:\/\/www.buhl.de\/steuer\/","logo":{"@type":"ImageObject","inLanguage":"de","@id":"https:\/\/www.buhl.de\/steuer\/#\/schema\/logo\/image\/","url":"https:\/\/www.buhl.de\/steuer\/wp-content\/uploads\/sites\/31\/2026\/02\/logo-wiso-steuer-app.svg","contentUrl":"https:\/\/www.buhl.de\/steuer\/wp-content\/uploads\/sites\/31\/2026\/02\/logo-wiso-steuer-app.svg","width":375,"height":72,"caption":"WISO Steuer | Buhl Data Service GmbH"},"image":{"@id":"https:\/\/www.buhl.de\/steuer\/#\/schema\/logo\/image\/"}},{"@type":"Person","@id":"https:\/\/www.buhl.de\/steuer\/#\/schema\/person\/e25d76546852380c601f99020b73fcf6","name":"Olesja Hess","image":{"@type":"ImageObject","inLanguage":"de","@id":"https:\/\/www.buhl.de\/steuer\/wp-content\/uploads\/sites\/31\/2024\/07\/olesja.png","url":"https:\/\/www.buhl.de\/steuer\/wp-content\/uploads\/sites\/31\/2024\/07\/olesja.png","contentUrl":"https:\/\/www.buhl.de\/steuer\/wp-content\/uploads\/sites\/31\/2024\/07\/olesja.png","caption":"Olesja Hess"},"sameAs":["https:\/\/www.buhl.de\/steuer\/autoren\/olesja-hess\/"]}]}},"acf":[],"wps_subtitle":"So gibt\u2019s den Steuervorteil ","_links":{"self":[{"href":"https:\/\/www.buhl.de\/steuer\/wp-json\/wp\/v2\/posts\/55647","targetHints":{"allow":["GET"]}}],"collection":[{"href":"https:\/\/www.buhl.de\/steuer\/wp-json\/wp\/v2\/posts"}],"about":[{"href":"https:\/\/www.buhl.de\/steuer\/wp-json\/wp\/v2\/types\/post"}],"author":[{"embeddable":true,"href":"https:\/\/www.buhl.de\/steuer\/wp-json\/wp\/v2\/users\/104"}],"replies":[{"embeddable":true,"href":"https:\/\/www.buhl.de\/steuer\/wp-json\/wp\/v2\/comments?post=55647"}],"version-history":[{"count":23,"href":"https:\/\/www.buhl.de\/steuer\/wp-json\/wp\/v2\/posts\/55647\/revisions"}],"predecessor-version":[{"id":69050,"href":"https:\/\/www.buhl.de\/steuer\/wp-json\/wp\/v2\/posts\/55647\/revisions\/69050"}],"wp:featuredmedia":[{"embeddable":true,"href":"https:\/\/www.buhl.de\/steuer\/wp-json\/wp\/v2\/media\/55653"}],"wp:attachment":[{"href":"https:\/\/www.buhl.de\/steuer\/wp-json\/wp\/v2\/media?parent=55647"}],"wp:term":[{"taxonomy":"category","embeddable":true,"href":"https:\/\/www.buhl.de\/steuer\/wp-json\/wp\/v2\/categories?post=55647"},{"taxonomy":"post_tag","embeddable":true,"href":"https:\/\/www.buhl.de\/steuer\/wp-json\/wp\/v2\/tags?post=55647"}],"curies":[{"name":"wp","href":"https:\/\/api.w.org\/{rel}","templated":true}]}}