{"id":55670,"date":"2022-11-22T09:03:51","date_gmt":"2022-11-22T08:03:51","guid":{"rendered":"https:\/\/www.buhl.de\/steuer\/?p=55670"},"modified":"2024-09-09T08:34:34","modified_gmt":"2024-09-09T06:34:34","slug":"vorsteuer-vorsteuerabzug","status":"publish","type":"post","link":"https:\/\/www.buhl.de\/steuer\/ratgeber\/vorsteuer-vorsteuerabzug\/","title":{"rendered":"Vorsteuer &amp; Vorsteuerabzug"},"content":{"rendered":"<p>Unternehmer, die Umsatzsteuer in Rechnung gestellt bekommen, k\u00f6nnen diese als <strong>Vorsteuer<\/strong> vom Finanzamt erstatten lassen. Doch welche Voraussetzungen gelten f\u00fcr den <strong>Vorsteuerabzug<\/strong>?<\/p>\n<p><!--more--><\/p>\n<h2>Kurz &amp; knapp<\/h2>\n<ul>\n<li>Mehrwertsteuer und Vorsteuer geh\u00f6ren zusammen<\/li>\n<li>Unternehmer erhalten gezahlte Mehrwertsteuer als Vorsteuer vom Finanzamt erstattet<\/li>\n<li>Wichtig f\u00fcr den Vorsteuerabzug: die ordnungsgem\u00e4\u00dfe Rechnung<\/li>\n<li>WISO Steuer unterst\u00fctzt dich bei der Erstellung deiner Erkl\u00e4rungen<\/li>\n<\/ul>\n<h2>Was ist die Vorsteuer?<\/h2>\n<p>Egal, wer etwas kauft oder wer eine Dienstleistung in Anspruch nimmt \u2013 auf nahezu jeden Kauf f\u00e4llt die Mehrwertsteuer \u2013 steuerrechtlich Umsatzsteuer genannt \u2013 mit einem Steuersatz von entweder 19 Prozent oder 7 Prozent an. Die Mehrwertsteuer ist daher neben der Einkommensteuer die wichtigste Quelle f\u00fcr Steuereinnahmen des Staates.<\/p>\n<p>Allerdings muss nicht jeder die Mehrwertsteuer endg\u00fcltig bezahlen. Belastet werden soll n\u00e4mlich nur der sogenannte private Endverbraucher. Am einfachsten stellt man sich das mit einer Produktionskette eines Gegenstands vor. Ein Hersteller verkauft den Gegenstand an einen H\u00e4ndler, der H\u00e4ndler verkauft an einen privaten Endverbraucher. Sowohl beim Verkauf vom Hersteller an den H\u00e4ndler als auch beim zweiten Gesch\u00e4ft vom H\u00e4ndler an den Endverbraucher kommt die Mehrwertsteuer, on top.<\/p>\n<p>Alle in der Produktions- oder H\u00e4ndlerkette, die nicht private Endverbraucher sind, d\u00fcrfen sich allerdings die Mehrwertsteuer auf ihren eigenen Einkauf f\u00fcr ihr Unternehmen vom Finanzamt erstatten lassen. Und das ist die sogenannte Vorsteuer.<\/p>\n\r\n        <div class=\"white-background\">\r\n            <div class=\"container\">\r\n                <div class=\"blog-example\">\r\n                    <div class=\"row\">\r\n                        <div class=\"col-12 offset-lg-2 col-lg-8 text-center text-lg-left\">\r\n                            <div class=\"d-flex flex-column align-items-center\">\r\n                                <img decoding=\"async\" loading=\"lazy\" class=\"img-fluid circle-image\" src=\"https:\/\/www.buhl.de\/steuer\/wp-content\/themes\/steuer-web\/buhl-steuer\/assets\/blog\/blog-example\/selbststaendige.svg\" alt=\"Beispiel Selbstst\u00e4ndige\" title=\"Beispiel\" \/>\r\n                                <h3 class=\"font-source-sans-pro-10 fw700 blue-font headline\">Beispiel: Vorsteuer<\/h3>\r\n                            <\/div><div class=\"font-source-sans-pro-1 blue-font\">\nStefan ist Unternehmer und hat einen M\u00f6belhandel. Er kauft zu Beginn des Monats Januar von einem Tischler M\u00f6bel im Wert von 10.000 Euro ein. Auf die 10.000 Euro (netto) kommen noch 19 Prozent Mehrwertsteuer. Er zahlt an den Tischler also insgesamt 11.900 Euro (brutto).<\/p>\n<p>Da Stefan die M\u00f6bel aber weiterverkauft und nicht Endverbraucher ist, darf er sich die 1.900 Euro gezahlte Mehrwertsteuer vom Finanzamt als Vorsteuer erstatten lassen.<br \/>\n<\/div><\/div>\r\n                    <\/div>\r\n                <\/div>\r\n            <\/div>\r\n        <\/div>\r\n    \r\n        <div class=\"spacing-modul  \">\r\n            <div class=\"container spacing-modul\">\r\n               <div class=\"row\">\r\n                   <div id=\"\" class=\"anchor\"><\/div>\r\n                   <div class=\"col-12 modul-spacing-default-b\"><\/div>\r\n                   <div class=\"col-12 modul-spacing-default-b\"><\/div>\r\n               <\/div>\r\n            <\/div>\r\n        <\/div>\r\n    \n<h3>Infografik: Vorsteuer &amp; Vorsteuerabzug<\/h3>\n<p><img loading=\"lazy\" decoding=\"async\" class=\"aligncenter\" title=\"\u00dcbersicht: Vorsteuer &amp;amp; Vorsteuerabzug\" src=\"https:\/\/www.buhl.de\/steuer\/wp-content\/uploads\/sites\/31\/2022\/11\/vorsteuer-vorsteuerabzug-infografik.png\" alt=\"Vorsteuer Vorsteuerabzug Infografik\" width=\"976\" height=\"684\" \/><\/p>\n<h3>Wie funktioniert der Vorsteuerabzug?<\/h3>\n<p>Kauft ein Unternehmer Waren, Dienstleistungen oder beispielsweise B\u00fcroausstattung f\u00fcr sein Unternehmen, wird ihm also die Mehrwertsteuer in Rechnung gestellt. Diese gezahlten Betr\u00e4ge darf er dann vom Finanzamt erstatten lassen. Allerdings m\u00fcssen Unternehmer auch die eingenommene Mehrwertsteuer, beispielsweise aus Verk\u00e4ufen oder Dienstleistungen, immer an das Finanzamt weiterleiten, also zahlen.<\/p>\n<p>Vorsteuerabzug bedeutet auch, dass ein Unternehmer die von ihm vereinnahmte Mehrwertsteuer aus Verk\u00e4ufen mit der von ihm gezahlten Mehrwertsteuer aus Eink\u00e4ufen verrechnen darf. Das wird in der Regel mit der monatlichen oder viertelj\u00e4hrlichen Umsatzsteuer-Voranmeldung erledigt. Darin erkl\u00e4rt ein Unternehmer seine Einnahmen, die darauf entfallende Mehrwertsteuer und auch die Vorsteuer aus seinen betrieblichen Eink\u00e4ufen.<\/p>\n\r\n        <div class=\"white-background\">\r\n            <div class=\"container\">\r\n                <div class=\"blog-example\">\r\n                    <div class=\"row\">\r\n                        <div class=\"col-12 offset-lg-2 col-lg-8 text-center text-lg-left\">\r\n                            <div class=\"d-flex flex-column align-items-center\">\r\n                                <img decoding=\"async\" loading=\"lazy\" class=\"img-fluid circle-image\" src=\"https:\/\/www.buhl.de\/steuer\/wp-content\/themes\/steuer-web\/buhl-steuer\/assets\/blog\/blog-example\/selbststaendige.svg\" alt=\"Beispiel Selbstst\u00e4ndige\" title=\"Beispiel\" \/>\r\n                                <h3 class=\"font-source-sans-pro-10 fw700 blue-font headline\">Beispiel: Vorsteuerabzug<\/h3>\r\n                            <\/div><div class=\"font-source-sans-pro-1 blue-font\">\nStefan konnte die M\u00f6bel alle im Januar noch verkaufen, f\u00fcr insgesamt 15.000 Euro (netto). Bei jedem Verkauf musste er aber die Mehrwertsteuer zus\u00e4tzlich berechnen. Bei 15.000 Euro sind das also 2.850 Euro zus\u00e4tzlich, die er von seinen Kunden eingenommen hat.<\/p>\n<p>Er muss die 2.850 Euro nun mit der gleichen Umsatzsteuer-Voranmeldung f\u00fcr Januar dem Finanzamt mitteilen und auch bezahlen. Allerdings darf er diesen Betrag mit seinem eigenen Vorsteueranspruch verrechnen.<\/p>\n<p>Er teilt dem Finanzamt also die 2.850 Euro Mehrwertsteuer und die 1.900 Euro Vorsteuer mit der monatlichen Voranmeldung mit. Zahlen muss er jedoch nur die Differenz von:<\/p>\n<ul>\n<li>2.850 Euro \u2013 1.900 Euro = 950 Euro.<\/li>\n<\/ul>\n<\/div><\/div>\r\n                    <\/div>\r\n                <\/div>\r\n            <\/div>\r\n        <\/div>\r\n    \r\n        <div class=\"spacing-modul  \">\r\n            <div class=\"container spacing-modul\">\r\n               <div class=\"row\">\r\n                   <div id=\"\" class=\"anchor\"><\/div>\r\n                   <div class=\"col-12 modul-spacing-default-b\"><\/div>\r\n                   <div class=\"col-12 modul-spacing-default-b\"><\/div>\r\n               <\/div>\r\n            <\/div>\r\n        <\/div>\r\n    \n\r\n        <div class=\"white-background\">\r\n            <div class=\"container\">\r\n                <div class=\"content info-blog-modul blog-wrapper\">\r\n                    <div class=\"row\">\r\n                        <div class=\"d-flex align-items-center text-center text-lg-left align-items-xl-start flex-column flex-xl-row col-12 offset-lg-2 col-lg-8 offset-xl-1 col-xl-9\">\r\n                            <img decoding=\"async\" loading=\"lazy\" class=\"img-fluid\" src=\"https:\/\/www.buhl.de\/steuer\/wp-content\/themes\/steuer-web\/buhl-steuer\/assets\/blog\/blog-module\/info-icon.svg\" alt=\"Information zum Thema\" title=\"Information zum Thema\" \/>\r\n                            <div class=\"d-flex flex-column\">\r\n                                <h3 class=\"font-source-sans-pro-10 fw700 blue-font headline\">Vorsteuer-\u00dcberhang: mehr Vorsteuer als Mehrwertsteuer?<\/h3><div class=\"font-source-sans-pro-1 blue-font\">\n<p>Hast du in einem Voranmeldungszeitraum mehr Vorsteuer aus K\u00e4ufen als Mehrwertsteuer aus Verk\u00e4ufen, hast du einen Vorsteuer-\u00dcberschuss. Dieser wird dann vom Finanzamt auf dein Konto ausbezahlt.<\/p>\n<p>&nbsp;<\/p>\n<p>Das kann h\u00e4ufig vorkommen, wenn man mit einer Selbstst\u00e4ndigkeit neu beginnt und ist in aller Regel kein Problem. Es kann aber auch sein, dass das Finanzamt die Rechnungen deiner Firma sehen m\u00f6chte. Warum das wichtig ist, erf\u00e4hrst du weiter unten.<\/p>\n<\/div><\/div>\r\n                        <\/div>\r\n                    <\/div>\r\n                <\/div>\r\n            <\/div>\r\n        <\/div>\r\n    \r\n        <div class=\"spacing-modul  \">\r\n            <div class=\"container spacing-modul\">\r\n               <div class=\"row\">\r\n                   <div id=\"\" class=\"anchor\"><\/div>\r\n                   <div class=\"col-12 modul-spacing-default-b\"><\/div>\r\n                   <div class=\"col-12 modul-spacing-default-b\"><\/div>\r\n               <\/div>\r\n            <\/div>\r\n        <\/div>\r\n    \n\r\n        <div class=\"white-background\">\r\n                <div class=\"video-d\">\r\n                    <div class=\"white-background\">\r\n                        <div class=\"container\">                       \r\n                            <div class=\"row justify-content-center\">\r\n                                <div class=\"text-center text-lg-left col-12 col-lg-6 col-xl-4 col-xl-offset-1 d-flex flex-column justify-content-center align-items-center align-items-lg-start\">\r\n                            <p class=\"font-cairo-10 blue-font headline-spacing-30 fw700\">Video: Die j\u00e4hrliche Umsatzsteuererkl\u00e4rung<\/p>                     <p class=\"font-source-sans-pro-1 blue-font mobile-text-spacing-blog-30\">Wer Einnahmen aus Land- und Forstwirtschaft, Gewerbe oder einer Selbst\u00e4ndigkeit hat, muss auch eine Umsatzsteuererkl\u00e4rung abgeben. Welche Rolle die Vorsteuer dabei spielt, zeigen wir im Video.<\/p>                               \r\n                                <\/div>\r\n                                \r\n                                <div class=\"col-12 col-lg-6 col-xl-4 col-xl-offset-1 d-flex justify-content-center align-items-center\">\r\n                                    <div class=\"d-flex justify-content-center\">\r\n                                        <a role=\"button\"\r\n                                           class=\"blue-font position-relative font-cairo-2 fw700\" href=\"#\" data-toggle=\"modal\"\r\n                                           data-target=\"#xDRmnIGAbKIM\">\r\n                                             <div class=\"video-player-button\">\r\n                                                    <span class=\"video-player-button-icon\"><\/span>                                             \r\n                                             <\/div>\r\n                                            <img decoding=\"async\" loading=\"lazy\" class=\"img-fluid\"\r\n                                                title=\"Video ansehen\" \r\n                                                alt=\"Video ansehen Vorschaubild\"\r\n                                                src=\"https:\/\/www.buhl.de\/steuer\/wp-content\/themes\/steuer-web\/buhl-steuer\/assets\/video\/steuer-web\/video-blog.webp\">\r\n                                        <\/a>\r\n                                        <div class=\"modal fade videoModal\" id=\"xDRmnIGAbKIM\">\r\n                                            <div class=\"modal-dialog modal-xl modal-dialog-centered\">\r\n                                                <div class=\"modal-content\">\r\n                                                    <!-- Modal Header -->\r\n                                                    <div class=\"modal-header\">\r\n                                                        <button type=\"button\" class=\"close\" data-dismiss=\"modal\">\r\n                                                             <span class=\"navbar-toggler-icon\"><\/span>\r\n                                                        <\/button>\r\n                                                    <\/div>\r\n                                                    <!-- Modal body -->                                                                                                    \r\n                                                <div class=\"modal-body\" id=\"yt-player\">\r\n                                                      <div class=\"lyte-wrapper\" style=\"width:1280px;max-width:100%;margin:5px;\"><div class=\"lyMe hidef\" id=\"WYL_DRmnIGAbKIM\"><div id=\"lyte_DRmnIGAbKIM\" data-src=\"https:\/\/www.buhl.de\/steuer\/wp-content\/plugins\/wp-youtube-lyte\/lyteCache.php?origThumbUrl=%2F%2Fi.ytimg.com%2Fvi%2FDRmnIGAbKIM%2Fmaxresdefault.jpg\" class=\"pL\"><div class=\"tC\"><div class=\"tT\"><\/div><\/div><div class=\"play\"><\/div><div class=\"ctrl\"><div class=\"Lctrl\"><\/div><div class=\"Rctrl\"><\/div><\/div><\/div><noscript><a href=\"https:\/\/youtu.be\/DRmnIGAbKIM\" rel=\"nofollow\"><img loading=\"lazy\" decoding=\"async\" src=\"https:\/\/www.buhl.de\/steuer\/wp-content\/plugins\/wp-youtube-lyte\/lyteCache.php?origThumbUrl=https%3A%2F%2Fi.ytimg.com%2Fvi%2FDRmnIGAbKIM%2F0.jpg\" alt=\"YouTube-Video-Vorschaubild\" width=\"1280\" height=\"700\" \/><br \/>Dieses Video auf YouTube ansehen<\/a><\/noscript><\/div><\/div><div class=\"lL\" style=\"max-width:100%;width:1280px;margin:5px;\"><\/div>                                                                            \r\n                                                 <\/div>                                                              \r\n                                                <\/div>\r\n                                            <\/div>\r\n                                        <\/div>\r\n                                    <\/div>\r\n                                <\/div>                  \r\n                            <\/div>\r\n                        <\/div>                       \r\n                    <\/div>\r\n                <\/div>\r\n            <\/div>\r\n    \r\n        <div class=\"spacing-modul  \">\r\n            <div class=\"container spacing-modul\">\r\n               <div class=\"row\">\r\n                   <div id=\"\" class=\"anchor\"><\/div>\r\n                   <div class=\"col-12 modul-spacing-default-b\"><\/div>\r\n                   <div class=\"col-12 modul-spacing-default-b\"><\/div>\r\n               <\/div>\r\n            <\/div>\r\n        <\/div>\r\n    \n<h3>Vorsteuerabzug bei Nutzung im Betrieb<\/h3>\n<p>Unternehmer d\u00fcrfen nicht nur bei Waren f\u00fcr den Betrieb die Vorsteuer abziehen. Das Recht auf den Vorsteuerabzug haben sie auch dann, wenn Gegenst\u00e4nde f\u00fcr den Betriebsablauf ben\u00f6tigt werden. Zusammengefasst kann man also sagen, dass ein Unternehmer einen Vorsteuerabzug f\u00fcr alle Waren, betriebliche Gegenst\u00e4nde und Dienstleistungen hat, die er f\u00fcr die Aufrechterhaltung seines Betriebs ben\u00f6tigt.<\/p>\n<p>Das gilt f\u00fcr alle Sachen, die als Betriebsverm\u00f6gen z\u00e4hlen, also beispielsweise<\/p>\n<ul>\n<li>Maschinen<\/li>\n<li>Pkw oder Lkw<\/li>\n<li>Hard- und Software<\/li>\n<li>B\u00fcroausstattung<\/li>\n<\/ul>\n<p>Aber auch Verbrauchsmaterialien wie<\/p>\n<ul>\n<li>Papier<\/li>\n<li>Druckerpatronen<\/li>\n<li>B\u00fcroklammern<\/li>\n<\/ul>\n<p>Und kommt ein Handwerker, um eine Maschine oder den PC zu reparieren, gibt es f\u00fcr dessen Rechnung auch einen Vorsteuerabzug.<\/p>\n\r\n        <div class=\"white-background\">\r\n            <div class=\"full-width-text\">\r\n                <div class=\"inner-spacing blog-ad1-wrapper silver-background\">\r\n                    <div class=\"container blog-ad1\">\r\n                        <div class=\"row\">\r\n                        \r\n                            <div class=\"col-12 col-md-6 d-none d-md-flex align-content-center\">\r\n                                \r\n                                    <img decoding=\"async\" loading=\"lazy\" height=\"auto\" style=\"max-width:100%;\" alt=\"Steuer-Abruf Logo\" title=\"\" \r\n                                        class=\"mx-auto d-none d-md-block \" src=\"https:\/\/www.buhl.de\/steuer\/wp-content\/themes\/steuer-web\/buhl-steuer\/assets\/blog\/blog-ad1\/bankkonto\/blog-bankkonto-verbinden.svg\" \/>\r\n                                \r\n                            <\/div>\r\n                        \r\n                            \r\n                            <div class=\"col-12 col-md-6\">\r\n                                \r\n                                    <div class=\"d-flex headline-spacing-30 justify-content-start\">\r\n                                        \r\n                                            <img decoding=\"async\" loading=\"lazy\" height=\"auto\" style=\"max-width:100%;\" alt=\"WISO&nbsp;Steuer Vorteile\" title=\"WISO&nbsp;Steuer Buhl Logo\" \r\n                                                class=\"d-none d-md-block \" src=\"https:\/\/www.buhl.de\/steuer\/wp-content\/themes\/steuer-web\/buhl-steuer\/assets\/full-width-text\/ad1\/logo-wiso-steuer.svg\" \/>\r\n                                        \r\n                                        \r\n                                                \r\n                                        \r\n                                            <img decoding=\"async\" loading=\"lazy\" alt=\"WISO&nbsp;Steuer Vorteile\" title=\"WISO&nbsp;Steuer Buhl Logo\" \r\n                                                class=\"mx-auto d-md-none mobile \" src=\"https:\/\/www.buhl.de\/steuer\/wp-content\/themes\/steuer-web\/buhl-steuer\/assets\/full-width-text\/ad1\/logo-wiso-steuer.svg\" \/>\r\n                                        \r\n                                    <\/div>\r\n                                \r\n                            \r\n                                \r\n                                    <p class=\"font-cairo-10 fw700 blue-font headline-spacing-30 text-center justify-content-start text-md-left\">Bankkonto verbinden und keine Ausgabe mehr vergessen<\/p>\r\n                                \r\n                    \r\n                                <div class=\"font-source-sans-pro-1 mt-30 mb-30 blue-font subline-width text-center text-md-left\">Verbinde dein Bankkonto und WISO&nbsp;Steuer findet alle Ausgaben, die du von der Steuer absetzen kannst automatisch. Ganz ohne Abtippen!<\/div>\r\n                                \r\n                                \r\n\r\n                                <div class=\"d-flex flex-column flex-md-row align-items-center align-items-md-start justify-content-start\">\r\n                                    \r\n                                    <a class=\"font-cairo-2 fw700 intro-button secondary w-230 d-none d-md-flex mr-md-25 justify-content-center align-items-center\"\r\n                                       role=\"button\"\r\n                                       href=\"https:\/\/www.buhl.de\/steuer\/bankkonto-verbinden\/\"\r\n                                       target=\"_self\"\r\n                                       title=\"Bankkonto mit der Steuererkl\u00e4rung verbinden\"\r\n                                       id=\"adfinanzblick\"\r\n                                       onclick=\"dataLayer.push({'event': 'ButtonClick SW','sw-button': 'adfinanzblickklick'});\">\r\n                                       Mehr erfahren\r\n                                    <\/a>\r\n                                    \r\n                                    \r\n                                    \r\n                                    <a class=\"d-flex justify-content-center align-items-center d-md-none font-cairo-2 fw700 intro-button secondary w-230\"\r\n                                       role=\"button\"\r\n                                       href=\"https:\/\/www.buhl.de\/steuer\/bankkonto-verbinden\/\"\r\n                                       target=\"_self\"\r\n                                       title=\"Bankkonto mit der Steuererkl\u00e4rung verbinden\"\r\n                                       id=\"adfinanzblick\"\r\n                                       onclick=\"dataLayer.push({'event': 'ButtonClick SW','sw-button': 'adfinanzblickklick'});\">\r\n                                       Mehr erfahren\r\n                                    <\/a>\r\n                                    \r\n                                    \r\n                                    \r\n                                    \r\n                                    \r\n                                <\/div>\r\n                                \r\n                                \r\n                                    <div class=\"d-flex d-md-none align-content-center mobile-image-spacing\">\r\n                                        \r\n                                            <img decoding=\"async\" loading=\"lazy\" height=\"auto\" style=\"max-width:100%;\" alt=\"Steuer-Abruf Logo\" title=\"\" \r\n                                                class=\"\" src=\"https:\/\/www.buhl.de\/steuer\/wp-content\/themes\/steuer-web\/buhl-steuer\/assets\/blog\/blog-ad1\/bankkonto\/blog-bankkonto-verbinden.svg\" \/>\r\n                                        \r\n                                    <\/div>\r\n                                \r\n                            <\/div>\r\n                        <\/div>\r\n                    <\/div>\r\n                <\/div>\r\n            <\/div>\r\n        <\/div>\r\n    \r\n        <div class=\"spacing-modul  \">\r\n            <div class=\"container spacing-modul\">\r\n               <div class=\"row\">\r\n                   <div id=\"\" class=\"anchor\"><\/div>\r\n                   <div class=\"col-12 modul-spacing-default-b\"><\/div>\r\n                   <div class=\"col-12 modul-spacing-default-b\"><\/div>\r\n               <\/div>\r\n            <\/div>\r\n        <\/div>\r\n    \n<h2>Wer ist vorsteuerabzugsberechtigt?<\/h2>\n<p>Mit Umsatz- bzw. Mehrwertsteuer und Vorsteuer haben alle Selbstst\u00e4ndigen zu tun. Das Umsatzsteuergesetz spricht dabei von Gewerbetreibenden und Freiberuflern als \u201eder Unternehmer\u201c. Vorsteuerabzugsberechtigt sind damit alle Unternehmen, die selbst Umsatzsteuer in Rechnung stellen und diese ans Finanzamt weiterleiten. Im Gegenzug k\u00f6nnen sie sich die Vorsteuer erstatten lassen.<\/p>\n<p>Doch: Egal ob Gewerbetreibende oder Freiberufler \u2013 einen Vorsteuerabzug gibt es nur, wenn auf die Ums\u00e4tze Mehrwertsteuer anf\u00e4llt und die Gegenst\u00e4nde oder Dienstleistungen nicht f\u00fcr den privaten Bereich dienen.<\/p>\n\r\n        <div class=\"white-background\">\r\n            <div class=\"container\">\r\n                <div class=\"blog-example\">\r\n                    <div class=\"row\">\r\n                        <div class=\"col-12 offset-lg-2 col-lg-8 text-center text-lg-left\">\r\n                            <div class=\"d-flex flex-column align-items-center\">\r\n                                <img decoding=\"async\" loading=\"lazy\" class=\"img-fluid circle-image\" src=\"https:\/\/www.buhl.de\/steuer\/wp-content\/themes\/steuer-web\/buhl-steuer\/assets\/blog\/blog-example\/selbststaendige.svg\" alt=\"Beispiel Selbstst\u00e4ndige\" title=\"Beispiel\" \/>\r\n                                <h3 class=\"font-source-sans-pro-10 fw700 blue-font headline\">Beispiel: Vorsteuerabzugsberechtigung<\/h3>\r\n                            <\/div><div class=\"font-source-sans-pro-1 blue-font\">\n<p>Stefan kauft 2 PCs, einen f\u00fcr sein M\u00f6belgesch\u00e4ft, einen f\u00fcr sich privat zu Hause.<\/p>\n<p>Die Vorsteuer f\u00fcr den Gesch\u00e4fts-PC kann er sich vom Finanzamt erstatten lassen, weil er den Gegenstand f\u00fcr seinen Betrieb nutzt. Den anderen PC nutzt er ausschlie\u00dflich privat. Daher z\u00e4hlt er bei dem Kauf als Endverbraucher und hat daf\u00fcr keinen Vorsteuerabzug.\u00a0 <\/div><\/div>\r\n                    <\/div>\r\n                <\/div>\r\n            <\/div>\r\n        <\/div>\r\n    \r\n        <div class=\"spacing-modul  \">\r\n            <div class=\"container spacing-modul\">\r\n               <div class=\"row\">\r\n                   <div id=\"\" class=\"anchor\"><\/div>\r\n                   <div class=\"col-12 modul-spacing-default-b\"><\/div>\r\n                   <div class=\"col-12 modul-spacing-default-b\"><\/div>\r\n               <\/div>\r\n            <\/div>\r\n        <\/div>\r\n    \n\r\n        <div class=\"white-background\">\r\n            <div class=\"container\">\r\n                <div class=\"content expert-blog-module blog-wrapper\">\r\n                    <div class=\"row\">\r\n                        <div class=\"d-flex align-items-center text-center text-lg-left align-items-xl-start flex-column flex-xl-row col-12 offset-lg-2 col-lg-8 offset-xl-1 col-xl-9\">\r\n                            <img decoding=\"async\" loading=\"lazy\" class=\"img-fluid\" src=\"https:\/\/www.buhl.de\/steuer\/wp-content\/themes\/steuer-web\/buhl-steuer\/assets\/blog\/blog-module\/experten-tipp-icon.svg\" alt=\"Experten Tipp\" title=\"Experten Tipp\" \/>\r\n                            <div class=\"d-flex flex-column\">\r\n                                <h3 class=\"font-source-sans-pro-10 fw700 blue-font headline\"><\/h3><div class=\"font-source-sans-pro-1 blue-font\">Wer als Angestellter im Homeoffice arbeitet und sich zum Beispiel einen Monitor f\u00fcr den Laptop vom Arbeitgeber kauft, kann die Mehrwertsteuer nicht als Vorsteuer erstatten lassen. Dieses Recht ist nur Selbstst\u00e4ndigen vorbehalten. Allerdings k\u00f6nnen Endverbraucher den gesamten Kaufpreis als <a title=\"Was z\u00e4hlt zu den Werbungskosten?\" href=\"https:\/\/www.buhl.de\/steuer\/ratgeber\/werbungskosten\/\">Werbungskosten<\/a> f\u00fcr den Beruf in der Steuererkl\u00e4rung angeben. <\/div><\/div>\r\n                        <\/div>\r\n                    <\/div>\r\n                <\/div>\r\n            <\/div>\r\n        <\/div>\r\n    \r\n        <div class=\"spacing-modul  \">\r\n            <div class=\"container spacing-modul\">\r\n               <div class=\"row\">\r\n                   <div id=\"\" class=\"anchor\"><\/div>\r\n                   <div class=\"col-12 modul-spacing-default-b\"><\/div>\r\n                   <div class=\"col-12 modul-spacing-default-b\"><\/div>\r\n               <\/div>\r\n            <\/div>\r\n        <\/div>\r\n    \n<h3>Von der Mehrwertsteuer befreit<\/h3>\n<p>Es gibt Ums\u00e4tze, die sind komplett von der Mehrwertsteuer befreit. Beispielsweise z\u00e4hlen dazu Heilbehandlungen bei \u00c4rzten oder bestimmte Lehrt\u00e4tigkeiten bei freiberuflichen Dozenten. Das hat Folgen f\u00fcr den Vorsteuerabzug. Denn nur, wenn auf die eigene T\u00e4tigkeit Mehrwertsteuer anf\u00e4llt, besteht auch ein Anspruch auf den Vorsteuerabzug.<\/p>\n<h3>Was bedeutet die Kleinunternehmer-Regelung f\u00fcr die Vorsteuer?<\/h3>\n<p>Wer ein Unternehmen neu gr\u00fcndet oder nur nebenberuflich selbstst\u00e4ndig ist, kann dabei auch ein Kleinunternehmer sein. Und zwar dann, wenn der Umsatz nicht h\u00f6her als 22.000 Euro im Vorjahr ist und voraussichtlich nicht auf 50.000 Euro in den Jahren danach steigt. Die Folge ist, dass man auf seine Ums\u00e4tze, also verkaufte Waren oder Dienstleistungen, keine zus\u00e4tzliche Mehrwertsteuer erheben muss. Das Gute: Die monatlichen oder viertelj\u00e4hrlichen Umsatzsteuer-Voranmeldungen m\u00fcssen dann auch nicht eingereicht werden.<\/p>\n<p>Diese steuerliche Erleichterung dient nicht nur dir, sondern auch dem Finanzamt. Werden die Grenzen von 22.000 Euro bzw. 50.000 Euro \u00fcberschritten, wird dir in der Regel vom Finanzamt mitgeteilt, dass du zuk\u00fcnftig nicht mehr als Kleinunternehmer giltst.<\/p>\n<p>Nachteil dieser <a title=\"Kleinunternehmer-Regelung: Was ist das?\" href=\"https:\/\/www.buhl.de\/steuer\/ratgeber\/kleinunternehmer-regelung\/\">Kleinunternehmer-Regelung<\/a>: Als Kleinunternehmer hast du keinen Vorsteuerabzug mehr f\u00fcr alle Dinge, die du f\u00fcr dein Unternehmen kaufst. Allerdings hast du die Wahl: Du kannst dich auch von der Kleinunternehmer-Regelung befreien lassen. Dann unterliegst du mit deinem Unternehmen der sogenannten Regelbesteuerung, mit allen Pflichten aber auch Rechten bei der Mehrwertsteuer.<\/p>\n<h3>Vorsteuer bei der Photovoltaik-Anlage<\/h3>\n<p>Mit der PV-Anlage auf dem Dach und Stromeinspeisung ins \u00f6ffentliche Netz z\u00e4hlst du beim Finanzamt als Unternehmer. Du kannst dir also die gezahlte Mehrwertsteuer auf den Kauf und der Installation der Anlage vom Finanzamt erstatten lassen.<\/p>\n<p>Allerdings geht das nur, wenn du nicht als Kleinunternehmer giltst bzw. auf die sogenannte Kleinunternehmer-Regelung verzichtest. Die Folge ist dann, dass du in der Regel viertelj\u00e4hrlich Umsatzsteuer-Voranmeldungen abgeben musst und auch die eingenommene Mehrwertsteuer aus dem Stromverkauf ans Finanzamt zahlen musst.<\/p>\n<p>Ein weiterer Wermutstropfen ist die Versteuerung des Eigenverbrauchs. Auf den privat verbrauchten Strom deiner Anlage kommt auch die Mehrwertsteuer on top und muss per Voranmeldung erkl\u00e4rt und rechtzeitig ans Finanzamt bezahlt werden. Dies zu umgehen, macht wiederum die Kleinunternehmer-Regelung m\u00f6glich. Als Kleinunternehmer hast du mit der Mehrwertsteuer nichts mehr am Hut und musst keine Abgaben ans Finanzamt zahlen. Steuer-Voranmeldungen sind damit also pass\u00e9 \u2013 leider auch der Vorsteuerabzug.<\/p>\n\r\n        <div class=\"white-background\">\r\n            <div class=\"container\">\r\n                <div class=\"content blog-wrapper\">\r\n                    <div class=\"row\">\r\n                        <div class=\"d-flex align-items-center text-center text-lg-left align-items-xl-start flex-column flex-xl-row col-12 offset-lg-2 col-lg-8 offset-xl-1 col-xl-9\">\r\n                            <img decoding=\"async\" loading=\"lazy\" class=\"img-fluid\" src=\"https:\/\/www.buhl.de\/steuer\/wp-content\/themes\/steuer-web\/buhl-steuer\/assets\/blog\/blog-module\/achtung-icon.svg\" alt=\"Achtung Icon\" title=\"Achtung\" \/>\r\n                            <div class=\"d-flex flex-column\">\r\n                                <h3 class=\"font-source-sans-pro-10 fw700 blue-font headline\">\u00c4nderungen bei Photovoltaik-Anlagen ab 2023<\/h3><div class=\"font-source-sans-pro-1 blue-font\">Ab 2023 will der Gesetzgeber eine \u00c4nderung f\u00fcr Photovoltaik-Anlagen einf\u00fchren. Die H\u00f6he der Mehrwertsteuer soll dann bei 0 Prozent liegen. Der Erwerb ist so quasi steuerfrei. Als Folge gibt es dann aber auch keinen Vorsteuerabzug mehr f\u00fcr Photovoltaik-Anlagen. <\/div><\/div>\r\n                        <\/div>\r\n                    <\/div>\r\n                <\/div>\r\n            <\/div>\r\n        <\/div>\r\n    \r\n        <div class=\"spacing-modul  \">\r\n            <div class=\"container spacing-modul\">\r\n               <div class=\"row\">\r\n                   <div id=\"\" class=\"anchor\"><\/div>\r\n                   <div class=\"col-12 modul-spacing-default-b\"><\/div>\r\n                   <div class=\"col-12 modul-spacing-default-b\"><\/div>\r\n               <\/div>\r\n            <\/div>\r\n        <\/div>\r\n    \n<h2>Die Rechnung \u2013 Voraussetzung f\u00fcr den Vorsteuerabzug<\/h2>\n<p>An den Vorsteuerabzug hat der Gesetzgeber noch eine wichtige Voraussetzung gekn\u00fcpft &#8211; die ordnungsgem\u00e4\u00dfe Rechnung. Nur mit einer korrekten Rechnung darfst du dir als Unternehmer die ausgewiesene Mehrwertsteuer als Vorsteuer erstatten lassen.<\/p>\n<p>Was in einer ordnungsgem\u00e4\u00dfen Rechnung alles enthalten sein muss, ist im Umsatzsteuergesetz geregelt (\u00a714, \u00a714a UStG). Folgende Angaben geh\u00f6ren dazu:<\/p>\n<ul class=\"sw-blog-icon sw-blog-icon-1\">\n<li>Vollst\u00e4ndiger Name und Anschrift des leistenden<\/li>\n<li>Unternehmers und des Empf\u00e4ngers<\/li>\n<li><a title=\"Wo finde ich meine Steuernummer?\" href=\"https:\/\/www.buhl.de\/steuer\/ratgeber\/wo-steuernummer-finden\/\">Steuernummer<\/a> oder Umsatzsteuer-Identifikationsnummer<\/li>\n<li>Ausstellungsdatum der Rechnung<\/li>\n<li>Fortlaufende Rechnungsnummer<\/li>\n<li>Menge und Bezeichnung der gelieferten Gegenst\u00e4nde oder der Dienstleistung<\/li>\n<li>Zeitpunkt der Lieferung \/ Dienstleistung<\/li>\n<li>Entgelt (netto) und darauf entfallende Mehrwertsteuer<\/li>\n<li>Einen Hinweis auf m\u00f6gliche Steuerbefreiung<\/li>\n<\/ul>\n<h4>Erleichterung f\u00fcr Rechnungen bis 250 Euro<\/h4>\n\r\n        <div class=\"white-background small-module\">\r\n            <div class=\"container\">\r\n                <div class=\"row\">\r\n                    <div class=\"col-12\">\r\n                        <div class=\"content blog-read-more\">\r\n                <a role=\"button\" onclick=\"dataLayer.push({'event': 'ButtonClick SW','sw-button': 'read-more-click-intext'});\" class=\"d-flex flex-column flex-md-row\" href=\"https:\/\/www.buhl.de\/steuer\/ratgeber\/kleinbetragsrechnung\/\">\r\n                    <div class=\"img-size\">\r\n                        <img decoding=\"async\" loading=\"lazy\" alt=\"Kleinbetragsrechnung - die wichtigsten Infos\" title=\"Die Kleinbetragsrechnung\u00a0\" src=\"https:\/\/www.buhl.de\/steuer\/wp-content\/uploads\/sites\/31\/2022\/02\/kleinbetragsrechnung-die-wichtigesten-infos.jpg\" \/>\r\n                    <\/div>\r\n                    <div class=\"w-100 d-flex flex-column justify-content-center\">\r\n                        <div class=\"font-cairo-7 fw700 ellipsis-two-row blue-font\">Die Kleinbetragsrechnung\u00a0<\/div>\r\n                        <div class=\"font-source-sans-pro-1 ellipsis-two-row blue-font headline-spacing-10\"><p>Welche Angaben brauchen Rechnungen bis 250 Euro?\u00a0\u00a0<\/div>\r\n                        <div class=\"font-source-sans-pro-1 position-relative orange-font\">weiterlesen <span class=\"arrow-right-orange\"><\/span><\/div>\r\n                    <\/div>\r\n                <\/a>\r\n                        <\/div>\r\n                    <\/div>\r\n                <\/div>\r\n            <\/div>\r\n        <\/div>\r\n    \r\n        <div class=\"spacing-modul  \">\r\n            <div class=\"container spacing-modul\">\r\n               <div class=\"row\">\r\n                   <div id=\"\" class=\"anchor\"><\/div>\r\n                   <div class=\"col-12 modul-spacing-blog-c\"><\/div>\r\n                   <div class=\"col-12 modul-spacing-blog-c\"><\/div>\r\n               <\/div>\r\n            <\/div>\r\n        <\/div>\r\n    \n<h2>Was ist die Vorsteuerkorrektur?<\/h2>\n<p>Der Begriff Vorsteuerkorrektur bedeutet, dass ein einmal erhaltener Vorsteuerabzug wieder ans Finanzamt zur\u00fcckgezahlt wird. Dabei gelten folgende Fristen:<\/p>\n<ul>\n<li>5 Jahre bei allen Gegenst\u00e4nden, die zum Betriebsverm\u00f6gen geh\u00f6ren<\/li>\n<li>10 Jahre bei Grundst\u00fccken, die zum Betriebsverm\u00f6gen geh\u00f6ren<\/li>\n<\/ul>\n\r\n        <div class=\"white-background\">\r\n            <div class=\"container\">\r\n                <div class=\"blog-example\">\r\n                    <div class=\"row\">\r\n                        <div class=\"col-12 offset-lg-2 col-lg-8 text-center text-lg-left\">\r\n                            <div class=\"d-flex flex-column align-items-center\">\r\n                                <img decoding=\"async\" loading=\"lazy\" class=\"img-fluid circle-image\" src=\"https:\/\/www.buhl.de\/steuer\/wp-content\/themes\/steuer-web\/buhl-steuer\/assets\/blog\/blog-example\/selbststaendige.svg\" alt=\"Beispiel Selbstst\u00e4ndige\" title=\"Beispiel\" \/>\r\n                                <h3 class=\"font-source-sans-pro-10 fw700 blue-font headline\">Beispiel: Vorsteuerkorrektur<\/h3>\r\n                            <\/div><div class=\"font-source-sans-pro-1 blue-font\">Stefan ist Unternehmer. F\u00fcr seinen Betrieb hat er einen Laptop gekauft. Die beim Kauf bezahlte Mehrwertsteuer hat er sich korrekt als Vorsteuer vom Finanzamt erstatten lassen. Nach 3 Jahren will Stefan den Laptop allerdings nur noch privat nutzen. Hier kommt die Vorsteuerkorrektur ins Spiel. Denn offiziell musst er einen Gegenstand 5 Jahre f\u00fcr deinen Betrieb nutzen, um die volle Vorsteuer behalten zu d\u00fcrfen.<\/p>\n<p>F\u00fcr 2 Jahre m\u00fcsste Stefan also eine Vorsteuerkorrektur machen, also 2\/5 der ehemaligen Mehrwertsteuer wieder an das Finanzamt zur\u00fcckzahlen. Denn weil er den Laptop nur noch privat benutzt, z\u00e4hlt er wieder als Endverbraucher. Nach Ablauf der 5 Jahre muss er keine Vorsteuerkorrektur mehr vornehmen.<\/div><\/div>\r\n                    <\/div>\r\n                <\/div>\r\n            <\/div>\r\n        <\/div>\r\n    \r\n        <div class=\"spacing-modul  \">\r\n            <div class=\"container spacing-modul\">\r\n               <div class=\"row\">\r\n                   <div id=\"\" class=\"anchor\"><\/div>\r\n                   <div class=\"col-12 modul-spacing-default-b\"><\/div>\r\n                   <div class=\"col-12 modul-spacing-default-b\"><\/div>\r\n               <\/div>\r\n            <\/div>\r\n        <\/div>\r\n    \n\r\n        <div class=\"spacing-modul  \">\r\n            <div class=\"container spacing-modul\">\r\n               <div class=\"row\">\r\n                   <div id=\"\" class=\"anchor\"><\/div>\r\n                   <div class=\"col-12 modul-spacing-blog-c\"><\/div>\r\n                   <div class=\"col-12 modul-spacing-blog-c\"><\/div>\r\n               <\/div>\r\n            <\/div>\r\n        <\/div>\r\n    \r\n        <div class=\"white-background\">\r\n            <div class=\"container\">\r\n                <div class=\"content expert-blog-module blog-wrapper\">\r\n                    <div class=\"row\">\r\n                        <div class=\"d-flex align-items-center text-center text-lg-left align-items-xl-start flex-column flex-xl-row col-12 offset-lg-2 col-lg-8 offset-xl-1 col-xl-9\">\r\n                            <img decoding=\"async\" loading=\"lazy\" class=\"img-fluid\" src=\"https:\/\/www.buhl.de\/steuer\/wp-content\/themes\/steuer-web\/buhl-steuer\/assets\/blog\/blog-module\/experten-tipp-icon.svg\" alt=\"Experten Tipp\" title=\"Experten Tipp\" \/>\r\n                            <div class=\"d-flex flex-column\">\r\n                                <h3 class=\"font-source-sans-pro-10 fw700 blue-font headline\">Alle Erkl\u00e4rungen in einer Software<\/h3><div class=\"font-source-sans-pro-1 blue-font\">Ganz praktisch f\u00fcr Selbstst\u00e4ndige: Erstellst du mit <a title=\"WISO Steuer: Steuerprogramm von Buhl\" href=\"https:\/\/www.buhl.de\/steuer\/\">WISO Steuer<\/a> die <a title=\"Einnahmen-\u00dcberschuss-Rechnung: So f\u00fcllst du die E\u00dcR aus\" href=\"https:\/\/www.buhl.de\/steuer\/kaufen\/euer\/\">Einnahmen-\u00dcberschuss-Rechnung<\/a>, fertigt das Programm daraus automatisch sowohl die Voranmeldungen als auch die <a title=\"Umsatzsteuererkl\u00e4rung auf den Punkt\" href=\"https:\/\/www.buhl.de\/steuer\/ratgeber\/umsatzsteuer\/\">Umsatzsteuererkl\u00e4rung<\/a>! Mit einem Klick sendest du diese dann ans Finanzamt.<\/p>\n<p>\u00dcbrigens: Mit einer Lizenz kannst du 5 Erkl\u00e4rungen pro Jahr ohne zus\u00e4tzliche Kosten abgeben. Wenn du zum Beispiel zwei verschiedene Gewerbebetriebe f\u00fchrst, kannst du f\u00fcr beide Betriebe jeweils die Umsatz- und <a title=\"Gewerbesteuer einfach erkl\u00e4rt\" href=\"https:\/\/www.buhl.de\/steuer\/ratgeber\/gewerbesteuer\/\">Gewerbesteuer<\/a>-Jahreserkl\u00e4rung und zus\u00e4tzlich die pers\u00f6nliche <a title=\"So machst du die Steuererkl\u00e4rung selbst\" href=\"https:\/\/www.buhl.de\/steuer\/ratgeber\/steuererklaerung-machen\/\">Steuererkl\u00e4rung<\/a>.<\/div><\/div>\r\n                        <\/div>\r\n                    <\/div>\r\n                <\/div>\r\n            <\/div>\r\n        <\/div>\r\n    \r\n        <div class=\"spacing-modul  \">\r\n            <div class=\"container spacing-modul\">\r\n               <div class=\"row\">\r\n                   <div id=\"\" class=\"anchor\"><\/div>\r\n                   <div class=\"col-12 modul-spacing-blog-c\"><\/div>\r\n                   <div class=\"col-12 modul-spacing-blog-c\"><\/div>\r\n               <\/div>\r\n            <\/div>\r\n        <\/div>\r\n    \n<h2>FAQ: Vorsteuer &amp; Vorsteuerabzug<\/h2>\n\r\n        <div class=\"white-background\">\r\n            <div class=\"container faq-module blog-download buhl-ap\">\r\n                <div class=\"row\">\r\n                <div class=\"col-12 p-lg-0\">\r\n                \r\n                    <div class=\"accordion accordionFaq\" id=\"accordionFaq\">\n<div class=\"card\">\n<div class=\"d-flex card-header border-0 collapsed\" id=\"heading1\" data-toggle=\"collapse\" data-target=\"#collapse1\"\r\n                    aria-expanded=\"false\" aria-controls=\"collapse1\">                                            \r\n                    <h3 class=\"font-source-sans-pro-1 blue-font no-margin\">Wie bekomme ich die Vorsteuer zur\u00fcck?<\/h3>\r\n                <\/div>\r\n\n\r\n        <div id=\"collapse1\" class=\"collapse\" aria-labelledby=\"heading1\" data-parent=\"#accordionFaq\">\r\n            <div class=\"card-body\">\r\n                Die Vorsteuer kannst du dir vom Finanzamt zur\u00fcckholen, wenn du einen sogenannten Vorsteuer-\u00dcberschuss hast \u2013 also, wenn du mehr Eink\u00e4ufe als Verk\u00e4ufe hast. Diese erkl\u00e4rst du dem Finanzamt in deiner monatlichen bzw. viertelj\u00e4hrlichen Umsatzsteuer-Voranmeldung. Nachdem die Betr\u00e4ge verrechnet wurden, bekommst du eine Steuererstattung.                \r\n            <\/div>\r\n        <\/div>\r\n\n<\/div>\n<div class=\"card\">\n<div class=\"d-flex card-header border-0 collapsed\" id=\"heading2\" data-toggle=\"collapse\" data-target=\"#collapse2\"\r\n                    aria-expanded=\"false\" aria-controls=\"collapse2\">                                            \r\n                    <h3 class=\"font-source-sans-pro-1 blue-font no-margin\">Sind Privatpersonen und Angestellte vorsteuerabzugsberechtigt?<\/h3>\r\n                <\/div>\r\n\n\r\n        <div id=\"collapse2\" class=\"collapse\" aria-labelledby=\"heading2\" data-parent=\"#accordionFaq\">\r\n            <div class=\"card-body\">\r\n                Als Privatperson und Angestellter hast du mit dem Vorsteuerabzug generell nichts zu tun. Mit der Mehrwertsteuer und damit auch mit der Vorsteuer haben nur Unternehmer zu tun, die Gegenst\u00e4nde oder Dienstleistungen verkaufen, anbieten oder sie f\u00fcr den Gebrauch in ihrem Unternehmen beziehen.<\/p>\n<p>Kaufst du dir f\u00fcr deinen Beruf als Angestellter oder f\u00fcr den privaten Gebrauch beispielsweise einen neuen Laptop, kannst du dir die im Kaufpreis enthaltende Mehrwertsteuer nicht vom Finanzamt wiederholen. Du bist dann der Endverbraucher.<\/p>\n<p>Nur, wenn du ein Gewerbe anmeldest oder als Freiberufler t\u00e4tig bist, w\u00e4re ein Abzug der Vorsteuer f\u00fcr dich drin.                \r\n            <\/div>\r\n        <\/div>\r\n\n<\/div>\n<\/div>\r\n                 <\/div>\r\n              <\/div>\r\n            <\/div>\r\n        <\/div>\r\n        <div class=\"spacing-modul  \">\r\n            <div class=\"container spacing-modul\">\r\n               <div class=\"row\">\r\n                   <div id=\"\" class=\"anchor\"><\/div>\r\n                   <div class=\"col-12 modul-spacing-blog-c\"><\/div>\r\n                   <div class=\"col-12 modul-spacing-blog-c\"><\/div>\r\n               <\/div>\r\n            <\/div>\r\n        <\/div>\r\n    \n\r\n        <div class=\"white-background\">\r\n            <div class=\"one-product\">\r\n                <div class=\"container\">\r\n                    <div class=\"row\">\r\n                        <div class=\"d-none d-lg-flex col-12 col-lg-6\">\r\n                             \r\n                                <img decoding=\"async\" loading=\"lazy\" class=\" img-fluid\"\r\n                                        alt=\"\" \r\n                                        title=\"\"\r\n                                        src=\"https:\/\/www.buhl.de\/steuer\/wp-content\/themes\/steuer-web\/buhl-steuer\/assets\/product-portfolio\/images\/steuererklaerung-machen-alle-geraete.svg\" \/>\r\n                            \r\n                        <\/div>\r\n\r\n                        <div class=\"col-12 offset-lg-1 col-lg-5 d-flex justify-content-center flex-column\">\r\n                            <h3 class=\"font-cairo-1 fw700 blue-font headline-spacing-20 text-center text-lg-left\">\u00dcberall f\u00fcr dich da<\/h3>\r\n                            <p class=\"font-source-sans-pro-1 blue-font headline-spacing-50 text-center text-lg-left\">Nutze WISO&nbsp;Steuer auf deinem Smartphone, Tablet oder im Browser.<\/p>\r\n                            \r\n                            \r\n                                <img decoding=\"async\" loading=\"lazy\"\r\n                                     class=\"d-flex d-lg-none image-spacing img-fluid\"\r\n                                     alt=\"\" \r\n                                     title=\"\"\r\n                                     src=\"https:\/\/www.buhl.de\/steuer\/wp-content\/themes\/steuer-web\/buhl-steuer\/assets\/product-portfolio\/images\/steuererklaerung-machen-alle-geraete.svg\" >\r\n                            \r\n                            \r\n                            <div class=\"d-none d-lg-flex flex-lg-column flex-xl-row align-items-center align-items-lg-start\">\r\n                                <a class=\"primary w-230 font-cairo-2 fw700 intro-button button-spacing d-flex justify-content-center align-items-center\"\r\n                                   role=\"button\"\r\n                                   href=\"https:\/\/www.buhl.de\/shop\/wisosteuer\/auswahl?2025=agv&wkz=STWEBMARKETINGSEITE&src=WEB\"\r\n                                   target=\"_self\"\r\n                                   title=\"WISO&nbsp;Steuer Lizenz kaufen\"\r\n                                   id=\"oneproduct-kaufen-d\"\r\n                                   onclick=\"dataLayer.push({'event': 'ButtonClick SW','sw-button': 'click-preise'});\">\r\n                                   Jetzt kaufen\r\n                                <\/a>\r\n                                \r\n                                <a class=\"secondary w-230 font-cairo-2 fw700 intro-button d-flex justify-content-center align-items-center\"\r\n                                   role=\"button\"\r\n                                   href=\"https:\/\/www.buhl.de\/mein-buhlkonto\/?buhlparam=2100101\"\r\n                                   target=\"_self\"\r\n                                   title=\"Kostenlos & unverbindlich testen\"\r\n                                   id=\"oneproduct-webtesten-d\"\r\n                                   onclick=\"dataLayer.push({'event': 'ButtonClick SW','sw-button': 'click-testen'});\">\r\n                                   Kostenlos testen\r\n                                <\/a>\r\n                            <\/div>\r\n                            \r\n                            <div class=\"d-flex d-lg-none text-center flex-column flex-md-row justify-content-center\">\r\n                                <a class=\"primary w-270 font-cairo-2 fw700 intro-button d-flex justify-content-center align-items-center button-spacing\"\r\n                                   role=\"button\"\r\n                                   href=\"https:\/\/www.buhl.de\/shop\/wisosteuer\/auswahl?2025=agv&wkz=STWEBMARKETINGSEITE&src=WEB\"\r\n                                   target=\"_self\"\r\n                                   title=\"WISO&nbsp;Steuer Lizenz kaufen\"\r\n                                   id=\"oneproduct-kaufen-m\"\r\n                                   onclick=\"dataLayer.push({'event': 'ButtonClick SW','sw-button': 'click-preise'});\">\r\n                                   Jetzt kaufen\r\n                                <\/a>\r\n                                        \r\n                                <a class=\"secondary w-270 font-cairo-2 fw700 intro-button d-flex justify-content-center align-items-center\"\r\n                                   role=\"button\"\r\n                                   href=\"https:\/\/www.buhl.de\/mein-buhlkonto\/?buhlparam=2100101\"\r\n                                   target=\"_self\"\r\n                                   title=\"Kostenlos & unverbindlich testen\"\r\n                                   id=\"oneproduct-webtesten-m\"\r\n                                   onclick=\"dataLayer.push({'event': 'ButtonClick SW','sw-button': 'click-mobile-starten'});\">\r\n                                   Kostenlos testen\r\n                                <\/a>\r\n                            <\/div>\r\n                        <\/div>\r\n                    <\/div>\r\n                <\/div>\r\n            <\/div>\r\n        <\/div>\n","protected":false},"excerpt":{"rendered":"<p>Unternehmer, die Umsatzsteuer in Rechnung gestellt bekommen, k\u00f6nnen diese als Vorsteuer vom Finanzamt erstatten lassen. Doch welche Voraussetzungen gelten f\u00fcr den Vorsteuerabzug?<\/p>\n","protected":false},"author":220,"featured_media":57356,"comment_status":"closed","ping_status":"open","sticky":false,"template":"","format":"standard","meta":{"_acf_changed":false,"footnotes":""},"categories":[2841,2818],"tags":[],"class_list":["post-55670","post","type-post","status-publish","format-standard","has-post-thumbnail","hentry","category-alle","category-selbst"],"yoast_head":"<!-- This site is optimized with the Yoast SEO Premium plugin v27.4 (Yoast SEO v27.5) - https:\/\/yoast.com\/product\/yoast-seo-premium-wordpress\/ -->\n<title>Vorsteuer &amp; Vorsteuerabzug<\/title>\n<meta name=\"description\" content=\"Was ist die Vorsteuer und wie funktioniert der Vorsteuerabzug? \ud83e\udd13 Hast auch du eine Vorsteuerabzugsberechtigung? \u27a1\ufe0f Alle Infos hier lesen.\" \/>\n<meta name=\"robots\" content=\"index, follow, max-snippet:-1, max-image-preview:large, max-video-preview:-1\" \/>\n<link rel=\"canonical\" href=\"https:\/\/www.buhl.de\/steuer\/ratgeber\/vorsteuer-vorsteuerabzug\/\" \/>\n<meta property=\"og:locale\" content=\"de_DE\" \/>\n<meta property=\"og:type\" content=\"article\" \/>\n<meta property=\"og:title\" content=\"Vorsteuer &amp; Vorsteuerabzug\" \/>\n<meta property=\"og:description\" content=\"Was ist die Vorsteuer und wie funktioniert der Vorsteuerabzug? \ud83e\udd13 Hast auch du eine Vorsteuerabzugsberechtigung? \u27a1\ufe0f Alle Infos hier lesen.\" \/>\n<meta property=\"og:url\" content=\"https:\/\/www.buhl.de\/steuer\/ratgeber\/vorsteuer-vorsteuerabzug\/\" \/>\n<meta property=\"og:site_name\" content=\"WISO Steuer: Nr.1 App f\u00fcr die Steuererkl\u00e4rung\" \/>\n<meta property=\"article:published_time\" content=\"2022-11-22T08:03:51+00:00\" \/>\n<meta property=\"article:modified_time\" content=\"2024-09-09T06:34:34+00:00\" \/>\n<meta property=\"og:image\" content=\"https:\/\/www.buhl.de\/steuer\/wp-content\/uploads\/sites\/31\/2023\/02\/vorsteuer-vorsteuerabzug-titelbild.jpg\" \/>\n\t<meta property=\"og:image:width\" content=\"976\" \/>\n\t<meta property=\"og:image:height\" content=\"400\" \/>\n\t<meta property=\"og:image:type\" content=\"image\/jpeg\" \/>\n<meta name=\"author\" content=\"Udo Reu\u00df\" \/>\n<meta name=\"twitter:card\" content=\"summary_large_image\" \/>\n<meta name=\"twitter:label1\" content=\"Verfasst von\" \/>\n\t<meta name=\"twitter:data1\" content=\"Udo Reu\u00df\" \/>\n\t<meta name=\"twitter:label2\" content=\"Gesch\u00e4tzte Lesezeit\" \/>\n\t<meta name=\"twitter:data2\" content=\"11\u00a0Minuten\" \/>\n<script type=\"application\/ld+json\" class=\"yoast-schema-graph\">{\"@context\":\"https:\\\/\\\/schema.org\",\"@graph\":[{\"@type\":\"Article\",\"@id\":\"https:\\\/\\\/www.buhl.de\\\/steuer\\\/ratgeber\\\/vorsteuer-vorsteuerabzug\\\/#article\",\"isPartOf\":{\"@id\":\"https:\\\/\\\/www.buhl.de\\\/steuer\\\/ratgeber\\\/vorsteuer-vorsteuerabzug\\\/\"},\"author\":{\"name\":\"Udo Reu\u00df\",\"@id\":\"https:\\\/\\\/www.buhl.de\\\/steuer\\\/#\\\/schema\\\/person\\\/03b5508d4c85dc193be95cb4e2d78423\"},\"headline\":\"Vorsteuer &amp; Vorsteuerabzug\",\"datePublished\":\"2022-11-22T08:03:51+00:00\",\"dateModified\":\"2024-09-09T06:34:34+00:00\",\"mainEntityOfPage\":{\"@id\":\"https:\\\/\\\/www.buhl.de\\\/steuer\\\/ratgeber\\\/vorsteuer-vorsteuerabzug\\\/\"},\"wordCount\":1960,\"publisher\":{\"@id\":\"https:\\\/\\\/www.buhl.de\\\/steuer\\\/#organization\"},\"image\":{\"@id\":\"https:\\\/\\\/www.buhl.de\\\/steuer\\\/ratgeber\\\/vorsteuer-vorsteuerabzug\\\/#primaryimage\"},\"thumbnailUrl\":\"https:\\\/\\\/www.buhl.de\\\/steuer\\\/wp-content\\\/uploads\\\/sites\\\/31\\\/2023\\\/02\\\/vorsteuer-vorsteuerabzug-titelbild.jpg\",\"articleSection\":[\"Neueste Beitr\u00e4ge\",\"Ratgeber:\u00a0Selbstst\u00e4ndigkeit &amp; Steuern\"],\"inLanguage\":\"de\"},{\"@type\":\"WebPage\",\"@id\":\"https:\\\/\\\/www.buhl.de\\\/steuer\\\/ratgeber\\\/vorsteuer-vorsteuerabzug\\\/\",\"url\":\"https:\\\/\\\/www.buhl.de\\\/steuer\\\/ratgeber\\\/vorsteuer-vorsteuerabzug\\\/\",\"name\":\"Vorsteuer & Vorsteuerabzug\",\"isPartOf\":{\"@id\":\"https:\\\/\\\/www.buhl.de\\\/steuer\\\/#website\"},\"primaryImageOfPage\":{\"@id\":\"https:\\\/\\\/www.buhl.de\\\/steuer\\\/ratgeber\\\/vorsteuer-vorsteuerabzug\\\/#primaryimage\"},\"image\":{\"@id\":\"https:\\\/\\\/www.buhl.de\\\/steuer\\\/ratgeber\\\/vorsteuer-vorsteuerabzug\\\/#primaryimage\"},\"thumbnailUrl\":\"https:\\\/\\\/www.buhl.de\\\/steuer\\\/wp-content\\\/uploads\\\/sites\\\/31\\\/2023\\\/02\\\/vorsteuer-vorsteuerabzug-titelbild.jpg\",\"datePublished\":\"2022-11-22T08:03:51+00:00\",\"dateModified\":\"2024-09-09T06:34:34+00:00\",\"description\":\"Was ist die Vorsteuer und wie funktioniert der Vorsteuerabzug? \ud83e\udd13 Hast auch du eine Vorsteuerabzugsberechtigung? \u27a1\ufe0f Alle Infos hier lesen.\",\"breadcrumb\":{\"@id\":\"https:\\\/\\\/www.buhl.de\\\/steuer\\\/ratgeber\\\/vorsteuer-vorsteuerabzug\\\/#breadcrumb\"},\"inLanguage\":\"de\",\"potentialAction\":[{\"@type\":\"ReadAction\",\"target\":[\"https:\\\/\\\/www.buhl.de\\\/steuer\\\/ratgeber\\\/vorsteuer-vorsteuerabzug\\\/\"]}]},{\"@type\":\"ImageObject\",\"inLanguage\":\"de\",\"@id\":\"https:\\\/\\\/www.buhl.de\\\/steuer\\\/ratgeber\\\/vorsteuer-vorsteuerabzug\\\/#primaryimage\",\"url\":\"https:\\\/\\\/www.buhl.de\\\/steuer\\\/wp-content\\\/uploads\\\/sites\\\/31\\\/2023\\\/02\\\/vorsteuer-vorsteuerabzug-titelbild.jpg\",\"contentUrl\":\"https:\\\/\\\/www.buhl.de\\\/steuer\\\/wp-content\\\/uploads\\\/sites\\\/31\\\/2023\\\/02\\\/vorsteuer-vorsteuerabzug-titelbild.jpg\",\"width\":976,\"height\":400},{\"@type\":\"BreadcrumbList\",\"@id\":\"https:\\\/\\\/www.buhl.de\\\/steuer\\\/ratgeber\\\/vorsteuer-vorsteuerabzug\\\/#breadcrumb\",\"itemListElement\":[{\"@type\":\"ListItem\",\"position\":1,\"name\":\"Steuererkl\u00e4rung\",\"item\":\"https:\\\/\\\/www.buhl.de\\\/steuer\\\/\"},{\"@type\":\"ListItem\",\"position\":2,\"name\":\"Vorsteuer &amp; Vorsteuerabzug\"}]},{\"@type\":\"WebSite\",\"@id\":\"https:\\\/\\\/www.buhl.de\\\/steuer\\\/#website\",\"url\":\"https:\\\/\\\/www.buhl.de\\\/steuer\\\/\",\"name\":\"WISO Steuer: Nr. 1 Steuer-App\",\"description\":\"\",\"publisher\":{\"@id\":\"https:\\\/\\\/www.buhl.de\\\/steuer\\\/#organization\"},\"potentialAction\":[{\"@type\":\"SearchAction\",\"target\":{\"@type\":\"EntryPoint\",\"urlTemplate\":\"https:\\\/\\\/www.buhl.de\\\/steuer\\\/?s={search_term_string}\"},\"query-input\":{\"@type\":\"PropertyValueSpecification\",\"valueRequired\":true,\"valueName\":\"search_term_string\"}}],\"inLanguage\":\"de\"},{\"@type\":\"Organization\",\"@id\":\"https:\\\/\\\/www.buhl.de\\\/steuer\\\/#organization\",\"name\":\"WISO Steuer | Buhl Data Service GmbH\",\"url\":\"https:\\\/\\\/www.buhl.de\\\/steuer\\\/\",\"logo\":{\"@type\":\"ImageObject\",\"inLanguage\":\"de\",\"@id\":\"https:\\\/\\\/www.buhl.de\\\/steuer\\\/#\\\/schema\\\/logo\\\/image\\\/\",\"url\":\"https:\\\/\\\/www.buhl.de\\\/steuer\\\/wp-content\\\/uploads\\\/sites\\\/31\\\/2026\\\/02\\\/logo-wiso-steuer-app.svg\",\"contentUrl\":\"https:\\\/\\\/www.buhl.de\\\/steuer\\\/wp-content\\\/uploads\\\/sites\\\/31\\\/2026\\\/02\\\/logo-wiso-steuer-app.svg\",\"width\":375,\"height\":72,\"caption\":\"WISO Steuer | Buhl Data Service GmbH\"},\"image\":{\"@id\":\"https:\\\/\\\/www.buhl.de\\\/steuer\\\/#\\\/schema\\\/logo\\\/image\\\/\"}},{\"@type\":\"Person\",\"@id\":\"https:\\\/\\\/www.buhl.de\\\/steuer\\\/#\\\/schema\\\/person\\\/03b5508d4c85dc193be95cb4e2d78423\",\"name\":\"Udo Reu\u00df\",\"image\":{\"@type\":\"ImageObject\",\"inLanguage\":\"de\",\"@id\":\"https:\\\/\\\/www.buhl.de\\\/steuer\\\/wp-content\\\/uploads\\\/sites\\\/31\\\/2024\\\/07\\\/udo.png\",\"url\":\"https:\\\/\\\/www.buhl.de\\\/steuer\\\/wp-content\\\/uploads\\\/sites\\\/31\\\/2024\\\/07\\\/udo.png\",\"contentUrl\":\"https:\\\/\\\/www.buhl.de\\\/steuer\\\/wp-content\\\/uploads\\\/sites\\\/31\\\/2024\\\/07\\\/udo.png\",\"caption\":\"Udo Reu\u00df\"},\"sameAs\":[\"https:\\\/\\\/www.buhl.de\\\/steuer\\\/autoren\\\/udo-reuss\\\/\"]}]}<\/script>\n<!-- \/ Yoast SEO Premium plugin. -->","yoast_head_json":{"title":"Vorsteuer & Vorsteuerabzug","description":"Was ist die Vorsteuer und wie funktioniert der Vorsteuerabzug? \ud83e\udd13 Hast auch du eine Vorsteuerabzugsberechtigung? \u27a1\ufe0f Alle Infos hier lesen.","robots":{"index":"index","follow":"follow","max-snippet":"max-snippet:-1","max-image-preview":"max-image-preview:large","max-video-preview":"max-video-preview:-1"},"canonical":"https:\/\/www.buhl.de\/steuer\/ratgeber\/vorsteuer-vorsteuerabzug\/","og_locale":"de_DE","og_type":"article","og_title":"Vorsteuer &amp; Vorsteuerabzug","og_description":"Was ist die Vorsteuer und wie funktioniert der Vorsteuerabzug? \ud83e\udd13 Hast auch du eine Vorsteuerabzugsberechtigung? \u27a1\ufe0f Alle Infos hier lesen.","og_url":"https:\/\/www.buhl.de\/steuer\/ratgeber\/vorsteuer-vorsteuerabzug\/","og_site_name":"WISO Steuer: Nr.1 App f\u00fcr die Steuererkl\u00e4rung","article_published_time":"2022-11-22T08:03:51+00:00","article_modified_time":"2024-09-09T06:34:34+00:00","og_image":[{"width":976,"height":400,"url":"https:\/\/www.buhl.de\/steuer\/wp-content\/uploads\/sites\/31\/2023\/02\/vorsteuer-vorsteuerabzug-titelbild.jpg","type":"image\/jpeg"}],"author":"Udo Reu\u00df","twitter_card":"summary_large_image","twitter_misc":{"Verfasst von":"Udo Reu\u00df","Gesch\u00e4tzte Lesezeit":"11\u00a0Minuten"},"schema":{"@context":"https:\/\/schema.org","@graph":[{"@type":"Article","@id":"https:\/\/www.buhl.de\/steuer\/ratgeber\/vorsteuer-vorsteuerabzug\/#article","isPartOf":{"@id":"https:\/\/www.buhl.de\/steuer\/ratgeber\/vorsteuer-vorsteuerabzug\/"},"author":{"name":"Udo Reu\u00df","@id":"https:\/\/www.buhl.de\/steuer\/#\/schema\/person\/03b5508d4c85dc193be95cb4e2d78423"},"headline":"Vorsteuer &amp; Vorsteuerabzug","datePublished":"2022-11-22T08:03:51+00:00","dateModified":"2024-09-09T06:34:34+00:00","mainEntityOfPage":{"@id":"https:\/\/www.buhl.de\/steuer\/ratgeber\/vorsteuer-vorsteuerabzug\/"},"wordCount":1960,"publisher":{"@id":"https:\/\/www.buhl.de\/steuer\/#organization"},"image":{"@id":"https:\/\/www.buhl.de\/steuer\/ratgeber\/vorsteuer-vorsteuerabzug\/#primaryimage"},"thumbnailUrl":"https:\/\/www.buhl.de\/steuer\/wp-content\/uploads\/sites\/31\/2023\/02\/vorsteuer-vorsteuerabzug-titelbild.jpg","articleSection":["Neueste Beitr\u00e4ge","Ratgeber:\u00a0Selbstst\u00e4ndigkeit &amp; Steuern"],"inLanguage":"de"},{"@type":"WebPage","@id":"https:\/\/www.buhl.de\/steuer\/ratgeber\/vorsteuer-vorsteuerabzug\/","url":"https:\/\/www.buhl.de\/steuer\/ratgeber\/vorsteuer-vorsteuerabzug\/","name":"Vorsteuer & Vorsteuerabzug","isPartOf":{"@id":"https:\/\/www.buhl.de\/steuer\/#website"},"primaryImageOfPage":{"@id":"https:\/\/www.buhl.de\/steuer\/ratgeber\/vorsteuer-vorsteuerabzug\/#primaryimage"},"image":{"@id":"https:\/\/www.buhl.de\/steuer\/ratgeber\/vorsteuer-vorsteuerabzug\/#primaryimage"},"thumbnailUrl":"https:\/\/www.buhl.de\/steuer\/wp-content\/uploads\/sites\/31\/2023\/02\/vorsteuer-vorsteuerabzug-titelbild.jpg","datePublished":"2022-11-22T08:03:51+00:00","dateModified":"2024-09-09T06:34:34+00:00","description":"Was ist die Vorsteuer und wie funktioniert der Vorsteuerabzug? \ud83e\udd13 Hast auch du eine Vorsteuerabzugsberechtigung? \u27a1\ufe0f Alle Infos hier lesen.","breadcrumb":{"@id":"https:\/\/www.buhl.de\/steuer\/ratgeber\/vorsteuer-vorsteuerabzug\/#breadcrumb"},"inLanguage":"de","potentialAction":[{"@type":"ReadAction","target":["https:\/\/www.buhl.de\/steuer\/ratgeber\/vorsteuer-vorsteuerabzug\/"]}]},{"@type":"ImageObject","inLanguage":"de","@id":"https:\/\/www.buhl.de\/steuer\/ratgeber\/vorsteuer-vorsteuerabzug\/#primaryimage","url":"https:\/\/www.buhl.de\/steuer\/wp-content\/uploads\/sites\/31\/2023\/02\/vorsteuer-vorsteuerabzug-titelbild.jpg","contentUrl":"https:\/\/www.buhl.de\/steuer\/wp-content\/uploads\/sites\/31\/2023\/02\/vorsteuer-vorsteuerabzug-titelbild.jpg","width":976,"height":400},{"@type":"BreadcrumbList","@id":"https:\/\/www.buhl.de\/steuer\/ratgeber\/vorsteuer-vorsteuerabzug\/#breadcrumb","itemListElement":[{"@type":"ListItem","position":1,"name":"Steuererkl\u00e4rung","item":"https:\/\/www.buhl.de\/steuer\/"},{"@type":"ListItem","position":2,"name":"Vorsteuer &amp; Vorsteuerabzug"}]},{"@type":"WebSite","@id":"https:\/\/www.buhl.de\/steuer\/#website","url":"https:\/\/www.buhl.de\/steuer\/","name":"WISO Steuer: Nr. 1 Steuer-App","description":"","publisher":{"@id":"https:\/\/www.buhl.de\/steuer\/#organization"},"potentialAction":[{"@type":"SearchAction","target":{"@type":"EntryPoint","urlTemplate":"https:\/\/www.buhl.de\/steuer\/?s={search_term_string}"},"query-input":{"@type":"PropertyValueSpecification","valueRequired":true,"valueName":"search_term_string"}}],"inLanguage":"de"},{"@type":"Organization","@id":"https:\/\/www.buhl.de\/steuer\/#organization","name":"WISO Steuer | Buhl Data Service GmbH","url":"https:\/\/www.buhl.de\/steuer\/","logo":{"@type":"ImageObject","inLanguage":"de","@id":"https:\/\/www.buhl.de\/steuer\/#\/schema\/logo\/image\/","url":"https:\/\/www.buhl.de\/steuer\/wp-content\/uploads\/sites\/31\/2026\/02\/logo-wiso-steuer-app.svg","contentUrl":"https:\/\/www.buhl.de\/steuer\/wp-content\/uploads\/sites\/31\/2026\/02\/logo-wiso-steuer-app.svg","width":375,"height":72,"caption":"WISO Steuer | Buhl Data Service GmbH"},"image":{"@id":"https:\/\/www.buhl.de\/steuer\/#\/schema\/logo\/image\/"}},{"@type":"Person","@id":"https:\/\/www.buhl.de\/steuer\/#\/schema\/person\/03b5508d4c85dc193be95cb4e2d78423","name":"Udo Reu\u00df","image":{"@type":"ImageObject","inLanguage":"de","@id":"https:\/\/www.buhl.de\/steuer\/wp-content\/uploads\/sites\/31\/2024\/07\/udo.png","url":"https:\/\/www.buhl.de\/steuer\/wp-content\/uploads\/sites\/31\/2024\/07\/udo.png","contentUrl":"https:\/\/www.buhl.de\/steuer\/wp-content\/uploads\/sites\/31\/2024\/07\/udo.png","caption":"Udo Reu\u00df"},"sameAs":["https:\/\/www.buhl.de\/steuer\/autoren\/udo-reuss\/"]}]}},"acf":[],"wps_subtitle":"Mehrwert- und Vorsteuer: f\u00fcr Unternehmer Pflicht und K\u00fcr zugleich","_links":{"self":[{"href":"https:\/\/www.buhl.de\/steuer\/wp-json\/wp\/v2\/posts\/55670","targetHints":{"allow":["GET"]}}],"collection":[{"href":"https:\/\/www.buhl.de\/steuer\/wp-json\/wp\/v2\/posts"}],"about":[{"href":"https:\/\/www.buhl.de\/steuer\/wp-json\/wp\/v2\/types\/post"}],"author":[{"embeddable":true,"href":"https:\/\/www.buhl.de\/steuer\/wp-json\/wp\/v2\/users\/220"}],"replies":[{"embeddable":true,"href":"https:\/\/www.buhl.de\/steuer\/wp-json\/wp\/v2\/comments?post=55670"}],"version-history":[{"count":18,"href":"https:\/\/www.buhl.de\/steuer\/wp-json\/wp\/v2\/posts\/55670\/revisions"}],"predecessor-version":[{"id":66392,"href":"https:\/\/www.buhl.de\/steuer\/wp-json\/wp\/v2\/posts\/55670\/revisions\/66392"}],"wp:featuredmedia":[{"embeddable":true,"href":"https:\/\/www.buhl.de\/steuer\/wp-json\/wp\/v2\/media\/57356"}],"wp:attachment":[{"href":"https:\/\/www.buhl.de\/steuer\/wp-json\/wp\/v2\/media?parent=55670"}],"wp:term":[{"taxonomy":"category","embeddable":true,"href":"https:\/\/www.buhl.de\/steuer\/wp-json\/wp\/v2\/categories?post=55670"},{"taxonomy":"post_tag","embeddable":true,"href":"https:\/\/www.buhl.de\/steuer\/wp-json\/wp\/v2\/tags?post=55670"}],"curies":[{"name":"wp","href":"https:\/\/api.w.org\/{rel}","templated":true}]}}