{"id":55861,"date":"2023-01-10T10:00:29","date_gmt":"2023-01-10T09:00:29","guid":{"rendered":"https:\/\/www.buhl.de\/steuer\/?p=55861"},"modified":"2024-11-26T13:41:03","modified_gmt":"2024-11-26T12:41:03","slug":"rundfunkbeitrag-steuerlich-absetzbar","status":"publish","type":"post","link":"https:\/\/www.buhl.de\/steuer\/ratgeber\/rundfunkbeitrag-steuerlich-absetzbar\/","title":{"rendered":"GEZ von der Steuer absetzen: Geht das?"},"content":{"rendered":"<p>Der Beitrag von ARD, ZDF und dem Deutschlandradio wird nur ungern bezahlt. Umso interessanter ist die Frage, ob der Rundfunkbeitrag steuerlich absetzbar ist. Wir erkl\u00e4ren, wann das m\u00f6glich ist und was es zu beachten gilt.<\/p>\n<p><!--more--><\/p>\n<h2>Kurz &amp; knapp<\/h2>\n<ul>\n<li>Als Arbeitnehmer kannst du GEZ-Beitr\u00e4ge bei einem h\u00e4uslichen Arbeitszimmer oder einer Zweitwohnung absetzen<\/li>\n<li>Bei Selbstst\u00e4ndigen geh\u00f6ren die Kosten zu den Betriebsausgaben<\/li>\n<li>Mit <a title=\"WISO Steuer: Steuerprogramm von Buhl\" href=\"https:\/\/www.buhl.de\/steuer\/\">WISO Steuer<\/a> sind die Rundfunkgeb\u00fchren schnell eingetragen<\/li>\n<\/ul>\n<h2>Ist der Rundfunkbeitrag steuerlich absetzbar?<\/h2>\n<p>Mit dem Rundfunkbeitrag (ehemals GEZ) werden die \u00f6ffentlich-rechtlichen Programme finanziert. Jeder Haushalt muss daf\u00fcr <strong>18,36 Euro pro Monat<\/strong> zahlen. Leider lassen sich Rundfunkgeb\u00fchren nicht abbestellen. Daher stellt sich hier vor allem die Frage, ob man daf\u00fcr wenigstens bei der Steuererkl\u00e4rung einen Bonus bekommt. Hier gelten unterschiedliche Regelungen.<\/p>\n<p>Als Privatperson kannst du die Geb\u00fchren in der Regel nicht absetzen. Doch es gibt Ausnahmef\u00e4lle, in denen das Finanzamt die Geb\u00fchren bei Privatpersonen doch als <a title=\"Was z\u00e4hlt zu den Werbungskosten?\" href=\"https:\/\/www.buhl.de\/steuer\/ratgeber\/werbungskosten\/\">Werbungskosten<\/a> akzeptiert:<\/p>\n<h3>1. Arbeiten im h\u00e4uslichen Arbeitszimmer<\/h3>\n<p>Hast du ein <a title=\"Arbeitszimmer mit und ohne Homeoffice-Pauschale absetzen\" href=\"https:\/\/www.buhl.de\/steuer\/ratgeber\/homeoffice-arbeitszimmer\/\">Arbeitszimmer<\/a> zu Hause, kannst du die Rundfunkgeb\u00fchren anteilig absetzen. Du berechnest die Kosten <strong>anteilig, abh\u00e4ngig von der Gr\u00f6\u00dfe des Arbeitszimmers im Verh\u00e4ltnis zur Gesamtfl\u00e4che der Wohnung<\/strong> (inklusive des Arbeitszimmers).<\/p>\n<p>Beispiel: Du hast eine 120 m\u00b2 Wohnung mit einem Arbeitszimmer (15 m\u00b2). So rechnest du die anteiligen Rundfunkgeb\u00fchren f\u00fcr die Steuererkl\u00e4rung aus:<\/p>\n<ul>\n<li>12,5 Prozent von 220,32 Euro = 27,54 Euro<\/li>\n<\/ul>\n<h3>2. Berufliche Zweitwohnung<\/h3>\n<p>Auch an deinem Zweitwohnsitz wurde bis 2018 der Rundfunkbeitrag kassiert. Doch seit Juli 2018 ist das nicht mehr verpflichtend, wenn du ihn bereits an deinem Hauptwohnort bezahlst.<\/p>\n<p>Hast du die GEZ-Geb\u00fchr trotzdem \u00fcberwiesen, kannst sie im Rahmen der <a title=\"Doppelte Haushaltsf\u00fchrung: Zweitwohnung absetzen\" href=\"https:\/\/www.buhl.de\/steuer\/ratgeber\/doppelte-haushaltsfuehrung\/\">doppelten Haushaltsf\u00fchrung<\/a> von der Steuer abziehen. Es gilt f\u00fcr alle Unterkunftskosten (inklusive Rundfunkbeitrag) ein <strong>Maximalbetrag von 1.000 Euro monatlich<\/strong>.<\/p>\n<h2>Wo werden Runkfunkgeb\u00fchren in der Steuererkl\u00e4rung eingetragen?<\/h2>\n<p>In der <a title=\"Steuererkl\u00e4rung: Schritt-f\u00fcr-Schritt Anleitung\" href=\"https:\/\/www.buhl.de\/steuer\/ratgeber\/steuererklaerung-machen\/\">Steuererkl\u00e4rung<\/a> geh\u00f6ren die Kosten von Arbeitnehmern in die <a href=\"https:\/\/www.buhl.de\/steuer\/ratgeber\/anlage-n\/\">Anlage N<\/a>. In WISO Steuer ist das der Abschnitt:<\/p>\n<p><em>Arbeitnehmer, Betriebsrentner und Pension\u00e4re&gt; Ausgaben (Werbungskosten)<\/em><\/p>\n\r\n        <div class=\"spacing-modul  \">\r\n            <div class=\"container spacing-modul\">\r\n               <div class=\"row\">\r\n                   <div id=\"\" class=\"anchor\"><\/div>\r\n                   <div class=\"col-12 modul-spacing-blog-c\"><\/div>\r\n                   <div class=\"col-12 modul-spacing-blog-c\"><\/div>\r\n               <\/div>\r\n            <\/div>\r\n        <\/div>\r\n    \r\n        <div class=\"white-background d-none d-lg-block\">\r\n            <div class=\"container blog-image\">\r\n            \t<div class=\"row\">\r\n       \r\n                <div class=\"d-flex col-12 align-items-center justify-content-center\">\r\n                         \r\n                            <a id=\"\" target=\"_self\" title=\"\" href=\"\">\r\n                         \r\n                      <picture class=\"img-fluid\">\r\n                             <img decoding=\"async\" loading=\"lazy\"\r\n                              alt=\"Eingabemaske f\u00fcr Rundfunkbeitr\u00e4ge in WISO Steuer\" \r\n                              title=\"\"\r\n                              src=\"https:\/\/www.buhl.de\/steuer\/wp-content\/uploads\/sites\/31\/2024\/10\/gez-absetzen-steuererklaeung.png\" >\r\n                      <\/picture>     \r\n                      \t\r\n                        \t<\/a>\r\n                    \t                      \r\n\t\t\t\t\t<\/div>  \r\n\t\t\t\t<\/div>                       \r\n            <\/div>\r\n        <\/div>                  \r\n    \n\r\n        <div class=\"white-background  d-lg-none\">\r\n            <div class=\"container blog-image\">\r\n            \t<div class=\"row\">\r\n       \r\n                <div class=\"d-flex col-12 align-items-center justify-content-center\">\r\n                         \r\n                            <a id=\"\" target=\"_self\" title=\"\" href=\"\">\r\n                         \r\n                      <picture class=\"img-fluid\">\r\n                             <img decoding=\"async\" loading=\"lazy\"\r\n                              alt=\"Eingabemaske f\u00fcr Rundfunkbeitr\u00e4ge in der App WISO Steuer\" \r\n                              title=\"\"\r\n                              src=\"https:\/\/www.buhl.de\/steuer\/wp-content\/uploads\/sites\/31\/2024\/10\/gez-absetzen-steuer-app.png\" >\r\n                      <\/picture>     \r\n                      \t\r\n                        \t<\/a>\r\n                    \t                      \r\n\t\t\t\t\t<\/div>  \r\n\t\t\t\t<\/div>                       \r\n            <\/div>\r\n        <\/div>                  \r\n    \n\r\n        <div role=\"region\" aria-label=\"\" class=\"white-background\">\r\n            <div class=\"container\">\r\n                <div class=\"row\">\r\n                    <div class=\"col-12 d-flex justify-content-center align-items-center flex-column flex-lg-row\">\r\n                    \r\n\r\n                    \r\n                        <a class=\"secondary w-230 d-none d-md-flex justify-content-center align-items-center font-cairo-2 fw700 action-anonymous\"\r\n                            role=\"button\"\r\n                            href=\"https:\/\/www.buhl.de\/mein-buhlkonto\/?buhlparam=2100101\"\r\n                            title=\"Kostenlos testen\"\r\n                            target=\"_self\"\r\n                            id=\"rundfunk-eintragen\"\r\n                            onclick=\"dataLayer.push({'event': 'ButtonClick SW','sw-button': 'click-testen'});\">\r\n                            Kostenlos testen\r\n                        <\/a>\r\n\r\n                        <a class=\"secondary w-230 d-flex d-md-none justify-content-center align-items-center font-cairo-2 fw700 action-anonymous\"\r\n                            role=\"button\"\r\n                            href=\"https:\/\/www.buhl.de\/mein-buhlkonto\/?buhlparam=2100101\"\r\n                            title=\"Kostenlos testen\"\r\n                            target=\"_self\"\r\n                            id=\"rundfunk-eintragen-m\"\r\n                            onclick=\"dataLayer.push({'event': 'ButtonClick SW','sw-button': 'click-mobile-starten'});\">\r\n                            Kostenlos testen\r\n                        <\/a>\r\n                    \r\n                    <\/div>\r\n                <\/div>\r\n            <\/div>\r\n        <\/div>\r\n    \r\n        <div class=\"spacing-modul  \">\r\n            <div class=\"container spacing-modul\">\r\n               <div class=\"row\">\r\n                   <div id=\"\" class=\"anchor\"><\/div>\r\n                   <div class=\"col-12 modul-spacing-default-b\"><\/div>\r\n                   <div class=\"col-12 modul-spacing-default-b\"><\/div>\r\n               <\/div>\r\n            <\/div>\r\n        <\/div>\r\n    \n<h2>GEZ absetzen als Selbstst\u00e4ndiger: Das gilt<\/h2>\n<p>Einfacher hast du es als Unternehmer (selbstst\u00e4ndig oder gewerblich). Die Rundfunkbeitr\u00e4ge geh\u00f6ren zu deinen Betriebsausgaben. Sie werden komplett von deinem Umsatz abgezogen, sodass du unterm Strich weniger Steuern zahlen musst. Voraussetzung ist, dass du die Kosten ausschlie\u00dflich aufgrund deines Betriebs hattest (zum Beispiel durch Radio oder Fernseher in deinem B\u00fcro).<\/p>\n\r\n        <div class=\"spacing-modul  \">\r\n            <div class=\"container spacing-modul\">\r\n               <div class=\"row\">\r\n                   <div id=\"\" class=\"anchor\"><\/div>\r\n                   <div class=\"col-12 modul-spacing-default-b\"><\/div>\r\n                   <div class=\"col-12 modul-spacing-default-b\"><\/div>\r\n               <\/div>\r\n            <\/div>\r\n        <\/div>\r\n    \r\n    <div class=\"white-background store-notification \">\r\n        <div class=\"yellow-background\">\r\n            <div class=\"container\">\r\n                <div class=\"row justify-content-center justify-content-md-start justify-content-lg-center\">\r\n                    <div class=\"col-12 inner-modul-spacing-default\"><\/div>\r\n\r\n                    <div class=\"col-12\">\r\n                        <div class=\"row\">\r\n                            <div class=\"offset-lg-1 col-12 col-md-5 col-lg-4 text-center text-md-right d-flex flex-column justify-content-center align-items-center align-items-lg-end mb-0  \">\r\n                                <p class=\"font-cairo-1 fw700 blue-font headline-spacing-50 blue-font headline-spacing-30 sm-only\">Du m\u00f6chtest WISO&nbsp;Steuer ausprobieren?<\/p>\r\n                                <p class=\"font-source-sans-pro-1 blue-font headline-spacing-50\">Starte jetzt einfach deinen kostenlosen Test. Anonym, ohne Verpflichtungen und so lange du m\u00f6chtest. Erst bei der Abgabe an das Finanzamt fallen Geb\u00fchren an.<br\/>Das hei\u00dft: Null Risiko f\u00fcr dich.<\/p>\r\n                                \r\n                                \r\n                                    <a class=\"d-none d-lg-flex font-cairo-2 fw700 justify-content-center align-items-center w-230 headline-spacing-50 secondary \"\r\n                                        role=\"button\"\r\n                                        id=\"testen-ausprobieren\"\r\n                                        href=\"https:\/\/www.buhl.de\/mein-buhlkonto\/?buhlparam=2100101\"\r\n                                        target=\"_self\"\r\n                                        title=\"Kostenlos & unverbindlich testen\"\r\n                                        onclick=\"dataLayer.push({'event': 'ButtonClick SW','sw-button': 'click-testen'});\">\r\n                                        Kostenlos testen\r\n                                    <\/a>                                    \r\n                                \r\n                                \r\n                                \r\n                                    <a class=\"d-flex d-lg-none font-cairo-2 fw700 justify-content-center align-items-center w-230 headline-spacing-50 secondary \"\r\n                                        role=\"button\"\r\n                                        id=\"testen-ausprobieren\"\r\n                                        href=\"https:\/\/www.buhl.de\/mein-buhlkonto\/?buhlparam=2100101\"\r\n                                        target=\"_self\"\r\n                                        title=\"Kostenlos & unverbindlich testen\"\r\n                                        onclick=\"dataLayer.push({'event': 'ButtonClick SW','sw-button': 'click-mobile-starten'});\">\r\n                                        Kostenlos testen\r\n                                    <\/a>         \r\n                                \r\n                                \r\n                                \r\n                            <\/div>\r\n                            \r\n                            \r\n\r\n\r\n\t\t   \t\t\t\t\t \r\n\t\t\t\t\t\t\t<div class=\"d-flex offset-md-1 col-12 col-md-5 justify-content-center justify-content-lg-start align-items-center \"> \r\n\t\t\t\t\t\t\t\t<picture class=\"picture-spacing  \">\r\n\t\t\t\t\t\t\t\t\t<source media=\"(min-width: 992px)\" srcset=\"https:\/\/www.buhl.de\/steuer\/wp-content\/themes\/steuer-web\/buhl-steuer\/assets\/store-notification\/test-it\/wiso-steuer-abruf-kostenlos-testen.svg\">\r\n\t\t\t\t\t\t\t\t\t<source media=\"(min-width: 768px)\" srcset=\"https:\/\/www.buhl.de\/steuer\/wp-content\/themes\/steuer-web\/buhl-steuer\/assets\/store-notification\/test-it\/wiso-steuer-abruf-kostenlos-testen.svg\">\r\n\t\t\t\t\t\t\t\t\t<source media=\"(min-width: 1px)\" srcset=\"https:\/\/www.buhl.de\/steuer\/wp-content\/themes\/steuer-web\/buhl-steuer\/assets\/store-notification\/test-it\/wiso-steuer-abruf-kostenlos-testen.svg\">\r\n\t\t\t\t\t\t\t\t\t<img loading=\"lazy\" class=\" img-fluid\"\r\n\t\t\t\t\t\t\t\t\t\t\talt=\"Steuer-App Beispiel\" \r\n\t\t\t\t\t\t\t\t\t\t\ttitle=\"Steuer-App herunterladen\"\r\n\t\t\t\t\t\t\t\t\t\t\tsrc=\"https:\/\/www.buhl.de\/steuer\/wp-content\/themes\/steuer-web\/buhl-steuer\/assets\/store-notification\/test-it\/wiso-steuer-abruf-kostenlos-testen.svg\" >\r\n\t\t\t\t\t\t\t\t<\/picture>\r\n                            <\/div>\r\n                            \r\n                        <\/div>\r\n                    <\/div>\r\n                <\/div>\r\n            <\/div>\r\n        <\/div>\r\n    <\/div>\r\n\n","protected":false},"excerpt":{"rendered":"<p>Der Beitrag von ARD, ZDF und dem Deutschlandradio wird nur ungern bezahlt. Umso interessanter ist die Frage, ob der Rundfunkbeitrag steuerlich absetzbar ist. Wir erkl\u00e4ren, wann das m\u00f6glich ist und was es zu beachten gilt.<\/p>\n","protected":false},"author":104,"featured_media":55862,"comment_status":"closed","ping_status":"open","sticky":false,"template":"","format":"standard","meta":{"_acf_changed":false,"footnotes":""},"categories":[2841,2808],"tags":[],"class_list":["post-55861","post","type-post","status-publish","format-standard","has-post-thumbnail","hentry","category-alle","category-arbeit"],"yoast_head":"<!-- This site is optimized with the Yoast SEO Premium plugin v27.0 (Yoast SEO v27.0) - https:\/\/yoast.com\/product\/yoast-seo-premium-wordpress\/ -->\n<title>Ist der Rundfunkbeitrag steuerlich absetzbar?<\/title>\n<meta name=\"description\" content=\"GEZ bzw. Rundfunkbeitrag von der Steuer absetzen? \ud83d\udda5\ufe0f Hier erf\u00e4hrst du, wie du die Rundfunkgeb\u00fchren \u00fcber die Steuererkl\u00e4rung zur\u00fcckholst. \ud83e\udd11\" \/>\n<meta name=\"robots\" content=\"index, follow, max-snippet:-1, max-image-preview:large, max-video-preview:-1\" \/>\n<link rel=\"canonical\" href=\"https:\/\/www.buhl.de\/steuer\/ratgeber\/rundfunkbeitrag-steuerlich-absetzbar\/\" \/>\n<meta property=\"og:locale\" content=\"de_DE\" \/>\n<meta property=\"og:type\" content=\"article\" \/>\n<meta property=\"og:title\" content=\"GEZ von der Steuer absetzen: Geht das?\" \/>\n<meta property=\"og:description\" content=\"GEZ bzw. Rundfunkbeitrag von der Steuer absetzen? \ud83d\udda5\ufe0f Hier erf\u00e4hrst du, wie du die Rundfunkgeb\u00fchren \u00fcber die Steuererkl\u00e4rung zur\u00fcckholst. \ud83e\udd11\" \/>\n<meta property=\"og:url\" content=\"https:\/\/www.buhl.de\/steuer\/ratgeber\/rundfunkbeitrag-steuerlich-absetzbar\/\" \/>\n<meta property=\"og:site_name\" content=\"WISO Steuer: Nr.1 App f\u00fcr die Steuererkl\u00e4rung\" \/>\n<meta property=\"article:published_time\" content=\"2023-01-10T09:00:29+00:00\" \/>\n<meta property=\"article:modified_time\" content=\"2024-11-26T12:41:03+00:00\" \/>\n<meta property=\"og:image\" content=\"https:\/\/www.buhl.de\/steuer\/wp-content\/uploads\/sites\/31\/2022\/11\/rundfunkgebuehren-steuerlich-absetzbar-title.jpg\" \/>\n\t<meta property=\"og:image:width\" content=\"976\" \/>\n\t<meta property=\"og:image:height\" content=\"400\" \/>\n\t<meta property=\"og:image:type\" content=\"image\/jpeg\" \/>\n<meta name=\"author\" content=\"Olesja Hess\" \/>\n<meta name=\"twitter:card\" content=\"summary_large_image\" \/>\n<meta name=\"twitter:label1\" content=\"Verfasst von\" \/>\n\t<meta name=\"twitter:data1\" content=\"Olesja Hess\" \/>\n\t<meta name=\"twitter:label2\" content=\"Gesch\u00e4tzte Lesezeit\" \/>\n\t<meta name=\"twitter:data2\" content=\"3\u00a0Minuten\" \/>\n<script type=\"application\/ld+json\" class=\"yoast-schema-graph\">{\"@context\":\"https:\/\/schema.org\",\"@graph\":[{\"@type\":\"Article\",\"@id\":\"https:\/\/www.buhl.de\/steuer\/ratgeber\/rundfunkbeitrag-steuerlich-absetzbar\/#article\",\"isPartOf\":{\"@id\":\"https:\/\/www.buhl.de\/steuer\/ratgeber\/rundfunkbeitrag-steuerlich-absetzbar\/\"},\"author\":{\"name\":\"Olesja Hess\",\"@id\":\"https:\/\/www.buhl.de\/steuer\/#\/schema\/person\/e25d76546852380c601f99020b73fcf6\"},\"headline\":\"GEZ von der Steuer absetzen: Geht das?\",\"datePublished\":\"2023-01-10T09:00:29+00:00\",\"dateModified\":\"2024-11-26T12:41:03+00:00\",\"mainEntityOfPage\":{\"@id\":\"https:\/\/www.buhl.de\/steuer\/ratgeber\/rundfunkbeitrag-steuerlich-absetzbar\/\"},\"wordCount\":455,\"publisher\":{\"@id\":\"https:\/\/www.buhl.de\/steuer\/#organization\"},\"image\":{\"@id\":\"https:\/\/www.buhl.de\/steuer\/ratgeber\/rundfunkbeitrag-steuerlich-absetzbar\/#primaryimage\"},\"thumbnailUrl\":\"https:\/\/www.buhl.de\/steuer\/wp-content\/uploads\/sites\/31\/2022\/11\/rundfunkgebuehren-steuerlich-absetzbar-title.jpg\",\"articleSection\":[\"Neueste Beitr\u00e4ge\",\"Ratgeber: Steuern &amp; Gehalt\"],\"inLanguage\":\"de\"},{\"@type\":\"WebPage\",\"@id\":\"https:\/\/www.buhl.de\/steuer\/ratgeber\/rundfunkbeitrag-steuerlich-absetzbar\/\",\"url\":\"https:\/\/www.buhl.de\/steuer\/ratgeber\/rundfunkbeitrag-steuerlich-absetzbar\/\",\"name\":\"Ist der Rundfunkbeitrag steuerlich absetzbar?\",\"isPartOf\":{\"@id\":\"https:\/\/www.buhl.de\/steuer\/#website\"},\"primaryImageOfPage\":{\"@id\":\"https:\/\/www.buhl.de\/steuer\/ratgeber\/rundfunkbeitrag-steuerlich-absetzbar\/#primaryimage\"},\"image\":{\"@id\":\"https:\/\/www.buhl.de\/steuer\/ratgeber\/rundfunkbeitrag-steuerlich-absetzbar\/#primaryimage\"},\"thumbnailUrl\":\"https:\/\/www.buhl.de\/steuer\/wp-content\/uploads\/sites\/31\/2022\/11\/rundfunkgebuehren-steuerlich-absetzbar-title.jpg\",\"datePublished\":\"2023-01-10T09:00:29+00:00\",\"dateModified\":\"2024-11-26T12:41:03+00:00\",\"description\":\"GEZ bzw. Rundfunkbeitrag von der Steuer absetzen? \ud83d\udda5\ufe0f Hier erf\u00e4hrst du, wie du die Rundfunkgeb\u00fchren \u00fcber die Steuererkl\u00e4rung zur\u00fcckholst. \ud83e\udd11\",\"breadcrumb\":{\"@id\":\"https:\/\/www.buhl.de\/steuer\/ratgeber\/rundfunkbeitrag-steuerlich-absetzbar\/#breadcrumb\"},\"inLanguage\":\"de\",\"potentialAction\":[{\"@type\":\"ReadAction\",\"target\":[\"https:\/\/www.buhl.de\/steuer\/ratgeber\/rundfunkbeitrag-steuerlich-absetzbar\/\"]}]},{\"@type\":\"ImageObject\",\"inLanguage\":\"de\",\"@id\":\"https:\/\/www.buhl.de\/steuer\/ratgeber\/rundfunkbeitrag-steuerlich-absetzbar\/#primaryimage\",\"url\":\"https:\/\/www.buhl.de\/steuer\/wp-content\/uploads\/sites\/31\/2022\/11\/rundfunkgebuehren-steuerlich-absetzbar-title.jpg\",\"contentUrl\":\"https:\/\/www.buhl.de\/steuer\/wp-content\/uploads\/sites\/31\/2022\/11\/rundfunkgebuehren-steuerlich-absetzbar-title.jpg\",\"width\":976,\"height\":400},{\"@type\":\"BreadcrumbList\",\"@id\":\"https:\/\/www.buhl.de\/steuer\/ratgeber\/rundfunkbeitrag-steuerlich-absetzbar\/#breadcrumb\",\"itemListElement\":[{\"@type\":\"ListItem\",\"position\":1,\"name\":\"Steuererkl\u00e4rung\",\"item\":\"https:\/\/www.buhl.de\/steuer\/\"},{\"@type\":\"ListItem\",\"position\":2,\"name\":\"GEZ von der Steuer absetzen: Geht das?\"}]},{\"@type\":\"WebSite\",\"@id\":\"https:\/\/www.buhl.de\/steuer\/#website\",\"url\":\"https:\/\/www.buhl.de\/steuer\/\",\"name\":\"WISO Steuer: Nr. 1 Steuer-App\",\"description\":\"\",\"publisher\":{\"@id\":\"https:\/\/www.buhl.de\/steuer\/#organization\"},\"potentialAction\":[{\"@type\":\"SearchAction\",\"target\":{\"@type\":\"EntryPoint\",\"urlTemplate\":\"https:\/\/www.buhl.de\/steuer\/?s={search_term_string}\"},\"query-input\":{\"@type\":\"PropertyValueSpecification\",\"valueRequired\":true,\"valueName\":\"search_term_string\"}}],\"inLanguage\":\"de\"},{\"@type\":\"Organization\",\"@id\":\"https:\/\/www.buhl.de\/steuer\/#organization\",\"name\":\"WISO Steuer | Buhl Data Service GmbH\",\"url\":\"https:\/\/www.buhl.de\/steuer\/\",\"logo\":{\"@type\":\"ImageObject\",\"inLanguage\":\"de\",\"@id\":\"https:\/\/www.buhl.de\/steuer\/#\/schema\/logo\/image\/\",\"url\":\"https:\/\/www.buhl.de\/steuer\/wp-content\/uploads\/sites\/31\/2026\/02\/logo-wiso-steuer-app.svg\",\"contentUrl\":\"https:\/\/www.buhl.de\/steuer\/wp-content\/uploads\/sites\/31\/2026\/02\/logo-wiso-steuer-app.svg\",\"width\":375,\"height\":72,\"caption\":\"WISO Steuer | Buhl Data Service GmbH\"},\"image\":{\"@id\":\"https:\/\/www.buhl.de\/steuer\/#\/schema\/logo\/image\/\"}},{\"@type\":\"Person\",\"@id\":\"https:\/\/www.buhl.de\/steuer\/#\/schema\/person\/e25d76546852380c601f99020b73fcf6\",\"name\":\"Olesja Hess\",\"image\":{\"@type\":\"ImageObject\",\"inLanguage\":\"de\",\"@id\":\"https:\/\/www.buhl.de\/steuer\/#\/schema\/person\/image\/\",\"url\":\"https:\/\/www.buhl.de\/steuer\/wp-content\/uploads\/sites\/31\/2024\/07\/olesja.png\",\"contentUrl\":\"https:\/\/www.buhl.de\/steuer\/wp-content\/uploads\/sites\/31\/2024\/07\/olesja.png\",\"caption\":\"Olesja Hess\"},\"sameAs\":[\"https:\/\/www.buhl.de\/steuer\/autoren\/olesja-hess\/\"]}]}<\/script>\n<!-- \/ Yoast SEO Premium plugin. -->","yoast_head_json":{"title":"Ist der Rundfunkbeitrag steuerlich absetzbar?","description":"GEZ bzw. Rundfunkbeitrag von der Steuer absetzen? \ud83d\udda5\ufe0f Hier erf\u00e4hrst du, wie du die Rundfunkgeb\u00fchren \u00fcber die Steuererkl\u00e4rung zur\u00fcckholst. \ud83e\udd11","robots":{"index":"index","follow":"follow","max-snippet":"max-snippet:-1","max-image-preview":"max-image-preview:large","max-video-preview":"max-video-preview:-1"},"canonical":"https:\/\/www.buhl.de\/steuer\/ratgeber\/rundfunkbeitrag-steuerlich-absetzbar\/","og_locale":"de_DE","og_type":"article","og_title":"GEZ von der Steuer absetzen: Geht das?","og_description":"GEZ bzw. Rundfunkbeitrag von der Steuer absetzen? \ud83d\udda5\ufe0f Hier erf\u00e4hrst du, wie du die Rundfunkgeb\u00fchren \u00fcber die Steuererkl\u00e4rung zur\u00fcckholst. \ud83e\udd11","og_url":"https:\/\/www.buhl.de\/steuer\/ratgeber\/rundfunkbeitrag-steuerlich-absetzbar\/","og_site_name":"WISO Steuer: Nr.1 App f\u00fcr die Steuererkl\u00e4rung","article_published_time":"2023-01-10T09:00:29+00:00","article_modified_time":"2024-11-26T12:41:03+00:00","og_image":[{"width":976,"height":400,"url":"https:\/\/www.buhl.de\/steuer\/wp-content\/uploads\/sites\/31\/2022\/11\/rundfunkgebuehren-steuerlich-absetzbar-title.jpg","type":"image\/jpeg"}],"author":"Olesja Hess","twitter_card":"summary_large_image","twitter_misc":{"Verfasst von":"Olesja Hess","Gesch\u00e4tzte Lesezeit":"3\u00a0Minuten"},"schema":{"@context":"https:\/\/schema.org","@graph":[{"@type":"Article","@id":"https:\/\/www.buhl.de\/steuer\/ratgeber\/rundfunkbeitrag-steuerlich-absetzbar\/#article","isPartOf":{"@id":"https:\/\/www.buhl.de\/steuer\/ratgeber\/rundfunkbeitrag-steuerlich-absetzbar\/"},"author":{"name":"Olesja Hess","@id":"https:\/\/www.buhl.de\/steuer\/#\/schema\/person\/e25d76546852380c601f99020b73fcf6"},"headline":"GEZ von der Steuer absetzen: Geht das?","datePublished":"2023-01-10T09:00:29+00:00","dateModified":"2024-11-26T12:41:03+00:00","mainEntityOfPage":{"@id":"https:\/\/www.buhl.de\/steuer\/ratgeber\/rundfunkbeitrag-steuerlich-absetzbar\/"},"wordCount":455,"publisher":{"@id":"https:\/\/www.buhl.de\/steuer\/#organization"},"image":{"@id":"https:\/\/www.buhl.de\/steuer\/ratgeber\/rundfunkbeitrag-steuerlich-absetzbar\/#primaryimage"},"thumbnailUrl":"https:\/\/www.buhl.de\/steuer\/wp-content\/uploads\/sites\/31\/2022\/11\/rundfunkgebuehren-steuerlich-absetzbar-title.jpg","articleSection":["Neueste Beitr\u00e4ge","Ratgeber: Steuern &amp; Gehalt"],"inLanguage":"de"},{"@type":"WebPage","@id":"https:\/\/www.buhl.de\/steuer\/ratgeber\/rundfunkbeitrag-steuerlich-absetzbar\/","url":"https:\/\/www.buhl.de\/steuer\/ratgeber\/rundfunkbeitrag-steuerlich-absetzbar\/","name":"Ist der Rundfunkbeitrag steuerlich absetzbar?","isPartOf":{"@id":"https:\/\/www.buhl.de\/steuer\/#website"},"primaryImageOfPage":{"@id":"https:\/\/www.buhl.de\/steuer\/ratgeber\/rundfunkbeitrag-steuerlich-absetzbar\/#primaryimage"},"image":{"@id":"https:\/\/www.buhl.de\/steuer\/ratgeber\/rundfunkbeitrag-steuerlich-absetzbar\/#primaryimage"},"thumbnailUrl":"https:\/\/www.buhl.de\/steuer\/wp-content\/uploads\/sites\/31\/2022\/11\/rundfunkgebuehren-steuerlich-absetzbar-title.jpg","datePublished":"2023-01-10T09:00:29+00:00","dateModified":"2024-11-26T12:41:03+00:00","description":"GEZ bzw. Rundfunkbeitrag von der Steuer absetzen? \ud83d\udda5\ufe0f Hier erf\u00e4hrst du, wie du die Rundfunkgeb\u00fchren \u00fcber die Steuererkl\u00e4rung zur\u00fcckholst. \ud83e\udd11","breadcrumb":{"@id":"https:\/\/www.buhl.de\/steuer\/ratgeber\/rundfunkbeitrag-steuerlich-absetzbar\/#breadcrumb"},"inLanguage":"de","potentialAction":[{"@type":"ReadAction","target":["https:\/\/www.buhl.de\/steuer\/ratgeber\/rundfunkbeitrag-steuerlich-absetzbar\/"]}]},{"@type":"ImageObject","inLanguage":"de","@id":"https:\/\/www.buhl.de\/steuer\/ratgeber\/rundfunkbeitrag-steuerlich-absetzbar\/#primaryimage","url":"https:\/\/www.buhl.de\/steuer\/wp-content\/uploads\/sites\/31\/2022\/11\/rundfunkgebuehren-steuerlich-absetzbar-title.jpg","contentUrl":"https:\/\/www.buhl.de\/steuer\/wp-content\/uploads\/sites\/31\/2022\/11\/rundfunkgebuehren-steuerlich-absetzbar-title.jpg","width":976,"height":400},{"@type":"BreadcrumbList","@id":"https:\/\/www.buhl.de\/steuer\/ratgeber\/rundfunkbeitrag-steuerlich-absetzbar\/#breadcrumb","itemListElement":[{"@type":"ListItem","position":1,"name":"Steuererkl\u00e4rung","item":"https:\/\/www.buhl.de\/steuer\/"},{"@type":"ListItem","position":2,"name":"GEZ von der Steuer absetzen: Geht das?"}]},{"@type":"WebSite","@id":"https:\/\/www.buhl.de\/steuer\/#website","url":"https:\/\/www.buhl.de\/steuer\/","name":"WISO Steuer: Nr. 1 Steuer-App","description":"","publisher":{"@id":"https:\/\/www.buhl.de\/steuer\/#organization"},"potentialAction":[{"@type":"SearchAction","target":{"@type":"EntryPoint","urlTemplate":"https:\/\/www.buhl.de\/steuer\/?s={search_term_string}"},"query-input":{"@type":"PropertyValueSpecification","valueRequired":true,"valueName":"search_term_string"}}],"inLanguage":"de"},{"@type":"Organization","@id":"https:\/\/www.buhl.de\/steuer\/#organization","name":"WISO Steuer | Buhl Data Service GmbH","url":"https:\/\/www.buhl.de\/steuer\/","logo":{"@type":"ImageObject","inLanguage":"de","@id":"https:\/\/www.buhl.de\/steuer\/#\/schema\/logo\/image\/","url":"https:\/\/www.buhl.de\/steuer\/wp-content\/uploads\/sites\/31\/2026\/02\/logo-wiso-steuer-app.svg","contentUrl":"https:\/\/www.buhl.de\/steuer\/wp-content\/uploads\/sites\/31\/2026\/02\/logo-wiso-steuer-app.svg","width":375,"height":72,"caption":"WISO Steuer | Buhl Data Service GmbH"},"image":{"@id":"https:\/\/www.buhl.de\/steuer\/#\/schema\/logo\/image\/"}},{"@type":"Person","@id":"https:\/\/www.buhl.de\/steuer\/#\/schema\/person\/e25d76546852380c601f99020b73fcf6","name":"Olesja Hess","image":{"@type":"ImageObject","inLanguage":"de","@id":"https:\/\/www.buhl.de\/steuer\/#\/schema\/person\/image\/","url":"https:\/\/www.buhl.de\/steuer\/wp-content\/uploads\/sites\/31\/2024\/07\/olesja.png","contentUrl":"https:\/\/www.buhl.de\/steuer\/wp-content\/uploads\/sites\/31\/2024\/07\/olesja.png","caption":"Olesja Hess"},"sameAs":["https:\/\/www.buhl.de\/steuer\/autoren\/olesja-hess\/"]}]}},"acf":[],"wps_subtitle":"So gibt's Rundfunkbeitr\u00e4ge vom Finanzamt zur\u00fcck","_links":{"self":[{"href":"https:\/\/www.buhl.de\/steuer\/wp-json\/wp\/v2\/posts\/55861","targetHints":{"allow":["GET"]}}],"collection":[{"href":"https:\/\/www.buhl.de\/steuer\/wp-json\/wp\/v2\/posts"}],"about":[{"href":"https:\/\/www.buhl.de\/steuer\/wp-json\/wp\/v2\/types\/post"}],"author":[{"embeddable":true,"href":"https:\/\/www.buhl.de\/steuer\/wp-json\/wp\/v2\/users\/104"}],"replies":[{"embeddable":true,"href":"https:\/\/www.buhl.de\/steuer\/wp-json\/wp\/v2\/comments?post=55861"}],"version-history":[{"count":14,"href":"https:\/\/www.buhl.de\/steuer\/wp-json\/wp\/v2\/posts\/55861\/revisions"}],"predecessor-version":[{"id":68905,"href":"https:\/\/www.buhl.de\/steuer\/wp-json\/wp\/v2\/posts\/55861\/revisions\/68905"}],"wp:featuredmedia":[{"embeddable":true,"href":"https:\/\/www.buhl.de\/steuer\/wp-json\/wp\/v2\/media\/55862"}],"wp:attachment":[{"href":"https:\/\/www.buhl.de\/steuer\/wp-json\/wp\/v2\/media?parent=55861"}],"wp:term":[{"taxonomy":"category","embeddable":true,"href":"https:\/\/www.buhl.de\/steuer\/wp-json\/wp\/v2\/categories?post=55861"},{"taxonomy":"post_tag","embeddable":true,"href":"https:\/\/www.buhl.de\/steuer\/wp-json\/wp\/v2\/tags?post=55861"}],"curies":[{"name":"wp","href":"https:\/\/api.w.org\/{rel}","templated":true}]}}