{"id":56322,"date":"2022-12-15T10:11:42","date_gmt":"2022-12-15T09:11:42","guid":{"rendered":"https:\/\/www.buhl.de\/steuer\/?p=56322"},"modified":"2024-09-09T08:34:13","modified_gmt":"2024-09-09T06:34:13","slug":"feiertagszuschlag-steuerfrei","status":"publish","type":"post","link":"https:\/\/www.buhl.de\/steuer\/ratgeber\/feiertagszuschlag-steuerfrei\/","title":{"rendered":"So bleibt der Feiertagszuschlag steuerfrei"},"content":{"rendered":"<p>Ein Lohn-Bonus ohne Steuern \u2013 das klingt gut. Und tats\u00e4chlich k\u00f6nnen Sonntags-, Nacht- oder Feiertagszuschlag steuerfrei flie\u00dfen. Doch aufgepasst: Ist der Lohn zu hoch, verpufft der Vorteil bei der Steuer. Welche Regeln gelten, haben wir in diesem Beitrag zusammengefasst.<\/p>\n<p><!--more--><\/p>\n<h2>Kurz &amp; knapp<\/h2>\n<ul>\n<li>F\u00fcr die Arbeit an Sonn- und Feiertagen sowie Nachtarbeit gew\u00e4hrt das Finanzamt einen Steuerbonus<\/li>\n<li>Wird ein bestimmter Prozentanteil des Grundlohns nicht \u00fcberschritten, bleiben die SFN-Zuschl\u00e4ge steuerfrei<\/li>\n<li>Mit WISO Steuer erhalten Arbeitnehmer Tipps f\u00fcr die Steuererkl\u00e4rung, um die maximale Steuerr\u00fcckerstattung zu erhalten<\/li>\n<\/ul>\n<h2>Wann sind Lohnzuschl\u00e4ge steuerfrei?<\/h2>\n<p>Du arbeitest, w\u00e4hrend andere feiern? Arbeit an Sonn- und Feiertagen sowie Nachtarbeit (SFN) z\u00e4hlt zu den <strong>besonderen Leistungen<\/strong>. Daf\u00fcr zahlt der Arbeitgeber in der Regel Lohnzuschl\u00e4ge. Und auch das Finanzamt honoriert diese Leistung: Zuschl\u00e4ge zum Lohn k\u00f6nnen <strong>zum Teil steuerfrei und sozialversicherungsfrei<\/strong> sein.<\/p>\n<h3>Infografik: Grenzen f\u00fcr SFN-Zuschl\u00e4ge im \u00dcberblick<em><br \/>\n<\/em><\/h3>\n<p><img loading=\"lazy\" decoding=\"async\" class=\"aligncenter\" title=\"Lohnzuschlag steuerfrei erhalten: \u00dcberblick \u00fcber steuerfreie SFN-Zuschl\u00e4ge\" src=\"https:\/\/www.buhl.de\/steuer\/wp-content\/uploads\/sites\/31\/2022\/12\/feiertagszuschalg-steuerfrei-infografik.png\" alt=\"Feiertagszuschlag steuerfrei SFN Infografik\" width=\"976\" height=\"697\" \/><\/p>\n<h3>Voraussetzung f\u00fcr die Steuerfreiheit<\/h3>\n<p>F\u00fcr die Steuerfreiheit m\u00fcssen aber bestimmte Grenzen eingehalten werden. Dabei bleibt die Sonntags-, Feiertags- und Nachtzulage steuerfrei, wenn sie einen bestimmten Prozentsatz des Grundlohns nicht \u00fcbersteigt.<\/p>\n<p>Wichtig: Steuerfrei bleiben nur die Zuschl\u00e4ge f\u00fcr Sonntags-, Feiertags- und Nachtarbeit, die zum Grundlohn gezahlt werden. Der normale Lohn wird wie \u00fcblich besteuert.<\/p>\n<p>Maximal darf ein <strong>Grundlohn von 50 Euro bei der Berechnung<\/strong> der steuerfreien Zuschl\u00e4ge angesetzt werden. Verdienst du mehr pro Stunde, sind 50 Euro die Obergrenze.<\/p>\n<h4>So bleibt der Feiertagszuschlag steuerfrei:<\/h4>\n<p>Gesetzliche Feiertage und Silvester: Der <strong>Feiertagszuschlag<\/strong> f\u00fcr gesetzliche Feiertage flie\u00dft steuerfrei, solange er <strong>125 Prozent des Grundlohns<\/strong> nicht \u00fcbersteigt. Das gilt auch f\u00fcr die Arbeit an Silvester ab 14 Uhr.<\/p>\n<p>Weihnachten, Tag der Arbeit: Hier fallen keine Steuern an, wenn der Zuschlag 150 Prozent des Grundlohns nicht \u00fcbersteigt. Diese Regel gilt auch f\u00fcr die Arbeit an Heiligabend ab 14 Uhr.<\/p>\n<h4>So bleibt der Nachtzuschlag steuerfrei:<span data-ccp-props=\"{&quot;201341983&quot;:0,&quot;335559738&quot;:40,&quot;335559739&quot;:0,&quot;335559740&quot;:259}\">\u00a0<\/span><\/h4>\n<p><span data-contrast=\"auto\">Die <strong>Nachtzulage<\/strong> ist von der Lohnsteuer befreit, solange sie den Grundlohn von<\/span><\/p>\n<ul class=\"sw-blog-icon sw-blog-icon-1\">\n<li><strong>25 Prozent<\/strong> nicht \u00fcbersteigt \u2013 bei einer Arbeitszeit von <strong>20 bis 6 Uhr<\/strong><\/li>\n<li><strong>40 Prozent<\/strong> nicht \u00fcbersteigt \u2013 bei einer Arbeitszeit von <strong>0 bis 4 Uhr<\/strong>, wenn vor 0 Uhr begonnen wurde<\/li>\n<\/ul>\n<h4><span data-contrast=\"none\">So bleibt der Sonntagszuschlag steuerfrei:<\/span><span data-ccp-props=\"{&quot;201341983&quot;:0,&quot;335559738&quot;:40,&quot;335559739&quot;:0,&quot;335559740&quot;:259}\">\u00a0<\/span><\/h4>\n<p><span data-contrast=\"auto\">Der <strong>Sonntagszuschlag<\/strong> bleibt steuerfrei, wenn er <strong>50 Prozent des Grundlohns<\/strong> nicht \u00fcbersteigt.<\/span><span data-ccp-props=\"{&quot;201341983&quot;:0,&quot;335559739&quot;:160,&quot;335559740&quot;:257}\">\u00a0<\/span><\/p>\n\r\n        <div class=\"white-background\">\r\n            <div class=\"container\">\r\n                <div class=\"content info-blog-modul blog-wrapper\">\r\n                    <div class=\"row\">\r\n                        <div class=\"d-flex align-items-center text-center text-lg-left align-items-xl-start flex-column flex-xl-row col-12 offset-lg-2 col-lg-8 offset-xl-1 col-xl-9\">\r\n                            <img decoding=\"async\" loading=\"lazy\" class=\"img-fluid\" src=\"https:\/\/www.buhl.de\/steuer\/wp-content\/themes\/steuer-web\/buhl-steuer\/assets\/blog\/blog-module\/info-icon.svg\" alt=\"Information zum Thema\" title=\"Information zum Thema\" \/>\r\n                            <div class=\"d-flex flex-column\">\r\n                                <h3 class=\"font-source-sans-pro-10 fw700 blue-font headline\">In Kombination noch mehr<\/h3><div class=\"font-source-sans-pro-1 blue-font\">\n<p>Sonntag ist gleichzeitig Feiertag: Statt 50 Prozent gibt es dann 125 Prozent steuerfrei.<\/p>\n<p>Und: Arbeitest du nachts, an einem Sonntag oder Feiertag \u2013 gibt es die 25 Prozent bzw. 40 Prozent zus\u00e4tzlich steuerfrei. So sind bis zu 175 Prozent bzw. 190 Prozent m\u00f6glich.<\/p>\n<\/div><\/div>\r\n                        <\/div>\r\n                    <\/div>\r\n                <\/div>\r\n            <\/div>\r\n        <\/div>\r\n    \r\n        <div class=\"spacing-modul  \">\r\n            <div class=\"container spacing-modul\">\r\n               <div class=\"row\">\r\n                   <div id=\"\" class=\"anchor\"><\/div>\r\n                   <div class=\"col-12 modul-spacing-blog-c\"><\/div>\r\n                   <div class=\"col-12 modul-spacing-blog-c\"><\/div>\r\n               <\/div>\r\n            <\/div>\r\n        <\/div>\r\n    \n\r\n        <div class=\"white-background\">\r\n            <div class=\"container\">\r\n                <div class=\"blog-example\">\r\n                    <div class=\"row\">\r\n                        <div class=\"col-12 offset-lg-2 col-lg-8 text-center text-lg-left\">\r\n                            <div class=\"d-flex flex-column align-items-center\">\r\n                                <img decoding=\"async\" loading=\"lazy\" class=\"img-fluid circle-image\" src=\"https:\/\/www.buhl.de\/steuer\/wp-content\/themes\/steuer-web\/buhl-steuer\/assets\/blog\/blog-example\/arbeitnehmer-beispiel.svg\" alt=\"Beispiel Arbeitnehmer\" title=\"Beispiel\" \/>\r\n                                <h3 class=\"font-source-sans-pro-10 fw700 blue-font headline\">Berechnung der steuerfreien Zuschl\u00e4ge<\/h3>\r\n                            <\/div><div class=\"font-source-sans-pro-1 blue-font\">\n<p>Stefanie hat einen Grundlohn von 20 Euro pro Stunde. Als Krankenschwester muss sie auch Nachtschichten leisten. Gem\u00e4\u00df ihrem Tarifvertrag zahlt der Arbeitgeber pro Stunde Nachtarbeit 10 Euro zus\u00e4tzlich zum Grundlohn.<\/p>\n<p>Grundlohn: Die 20 Euro pro Stunde sind Stefanies normales Gehalt. Darauf fallen immer Steuern und Sozialabgaben an.<\/p>\n<p>Nachtzuschlag: Steuerfrei bleibt bei Nachtarbeit von 20 bis 6 Uhr zu 25 Prozent bezogen auf den Grundlohn.<\/p>\n<ul>\n<li>20 Euro x 25 Prozent = 5 Euro. Von dem Zuschlag bleiben also 5 Euro steuerfrei.<\/li>\n<\/ul>\n<p>Liegt die Schicht am Sonntag, sind 50 Prozent bezogen auf den Grundlohn steuerfrei.<\/p>\n<ul>\n<li>20 Euro x 50 Prozent = 10 Euro. In diesem Fall bleibt der gesamte Zuschlag steuerfrei.<\/li>\n<\/ul>\n<\/div><\/div>\r\n                    <\/div>\r\n                <\/div>\r\n            <\/div>\r\n        <\/div>\r\n    \r\n        <div class=\"spacing-modul  \">\r\n            <div class=\"container spacing-modul\">\r\n               <div class=\"row\">\r\n                   <div id=\"\" class=\"anchor\"><\/div>\r\n                   <div class=\"col-12 modul-spacing-blog-c\"><\/div>\r\n                   <div class=\"col-12 modul-spacing-blog-c\"><\/div>\r\n               <\/div>\r\n            <\/div>\r\n        <\/div>\r\n    \n<h2>Ist der Arbeitgeber verpflichtet, Feiertagszulagen &amp; Co. zu zahlen?<\/h2>\n<p>Nein, der Arbeitgeber ist nicht per Gesetz verpflichtet, die Lohnzuschl\u00e4ge zu bezahlen. Nur wenn sie im Arbeitsvertrag, einer <strong>Betriebsvereinbarung<\/strong> oder per <strong>Tarifvertrag<\/strong> festgelegt sind, hast du darauf einen Anspruch. Ausnahme: F\u00fcr regelm\u00e4\u00dfige Nachtarbeit ist ein Ausgleich gesetzlich vorgeschrieben. Das k\u00f6nnen aber auch freie Tage sein, anstatt einer steuerfreien Nachtzulage zum Gehalt.<\/p>\n<h2>Zuschlag vs. Zulage: Was ist der Unterschied?<\/h2>\n<p>Die Steuerfreiheit gilt nur f\u00fcr extra gezahlte Zuschl\u00e4ge f\u00fcr die tats\u00e4chlich geleistete Arbeit f\u00fcr Sonntags-, Feiertags- oder Nachtarbeit. Der normale Grundlohn z\u00e4hlt nicht dazu.<\/p>\n<p>Dar\u00fcber hinaus gibt es noch <strong>Zulagen<\/strong>, die der Arbeitgeber regelm\u00e4\u00dfig zum Grundlohn zahlt. Im Gegensatz zu den SFN-Zuschl\u00e4gen sind Zulagen <strong>nicht steuerfrei<\/strong>. Dazu z\u00e4hlen beispielsweise:<\/p>\n<ul>\n<li>Kinderzulage<\/li>\n<li>Ortszulage<\/li>\n<li>Gefahrenzulage<\/li>\n<li>Erschwerniszulage bei anspruchsvollen Jobs<\/li>\n<\/ul>\n<h3>Extra-Regel f\u00fcr Sozialabgaben<\/h3>\n<p>Zu den Sozialabgaben z\u00e4hlt die Renten-, Kranken-, Pflege-, Arbeitslosen- und Unfallversicherung. Bist du angestellt, zahlst du die Beitr\u00e4ge automatisch monatlich, weil der Arbeitgeber sie f\u00fcr dich einbeh\u00e4lt und weiterleitet.<\/p>\n<p>Die steuerfreien Zuschl\u00e4ge zu Nacht-, Sonntags- und Feiertagsarbeit sind aber nur bis zu einem <strong>Grundlohn von 25 Euro<\/strong> auch <strong>frei von Sozialabgaben<\/strong>.<br \/>\nLiegt der Grundlohn \u00fcber 25 Euro, werden die Zuschl\u00e4ge teilweise beitragspflichtig bei den Sozialversicherungen. Das gilt nur f\u00fcr den Teil des Zuschlags, der die 25 Euro \u00fcbersteigt. Auch die steuerfreien Zuschl\u00e4ge spielen eine Rolle. Es wird nicht der gesamte Feiertagszuschlag beitragspflichtig.<\/p>\n\r\n        <div class=\"white-background\">\r\n            <div class=\"container\">\r\n                <div class=\"blog-example\">\r\n                    <div class=\"row\">\r\n                        <div class=\"col-12 offset-lg-2 col-lg-8 text-center text-lg-left\">\r\n                            <div class=\"d-flex flex-column align-items-center\">\r\n                                <img decoding=\"async\" loading=\"lazy\" class=\"img-fluid circle-image\" src=\"https:\/\/www.buhl.de\/steuer\/wp-content\/themes\/steuer-web\/buhl-steuer\/assets\/blog\/blog-example\/arbeitnehmer-beispiel.svg\" alt=\"Beispiel Arbeitnehmer\" title=\"Beispiel\" \/>\r\n                                <h3 class=\"font-source-sans-pro-10 fw700 blue-font headline\">Beispiel: Sozialabgaben bei den Lohnzuschl\u00e4gen<\/h3>\r\n                            <\/div><div class=\"font-source-sans-pro-1 blue-font\">Stefan arbeitet am Sonntag und erh\u00e4lt daf\u00fcr einen Sonntagszuschlag von 15 Euro pro Stunde. Sein Grundlohn betr\u00e4gt 30 Euro pro Stunde. Bezogen auf seinen Grundlohn k\u00f6nnen f\u00fcr die Sonntagsarbeit 50 Prozent als Zuschlag steuerfrei bleiben.<\/p>\n<ul>\n<li>30 Euro x 50 Prozent = 15 Euro. Der Zuschlag von 15 Euro ist komplett steuerfrei.<\/li>\n<\/ul>\n<p>Da sein Grundlohn aber \u00fcber 25 Euro liegt, fallen f\u00fcr den Zuschlag zum Teil Sozialabgaben an.<\/p>\n<ul>\n<li>Maximal 25 Euro + 50 Prozent Sonntagszuschlag = 37,50 Euro.<\/li>\n<li>Dieser Betrag bleibt auch frei von Sozialabgaben.<\/li>\n<\/ul>\n<\/div><\/div>\r\n                    <\/div>\r\n                <\/div>\r\n            <\/div>\r\n        <\/div>\r\n    \r\n        <div class=\"spacing-modul  \">\r\n            <div class=\"container spacing-modul\">\r\n               <div class=\"row\">\r\n                   <div id=\"\" class=\"anchor\"><\/div>\r\n                   <div class=\"col-12 modul-spacing-blog-c\"><\/div>\r\n                   <div class=\"col-12 modul-spacing-blog-c\"><\/div>\r\n               <\/div>\r\n            <\/div>\r\n        <\/div>\r\n    \n<h2>Muss ich die Feiertagszulage in der Steuererkl\u00e4rung angeben?<\/h2>\n<p>Die gute Nachricht ist, dass diese steuerfreien Zuschl\u00e4ge auch nicht in deiner <a title=\"So machst du die Steuererkl\u00e4rung selbst\" href=\"https:\/\/www.buhl.de\/steuer\/ratgeber\/steuererklaerung-machen\/\">Steuererkl\u00e4rung<\/a> angegeben werden m\u00fcssen. Sie erh\u00f6hen auch nicht deinen Steuersatz, wie bei Arbeitslosen-, Kurzarbeiter- oder Krankengeld.<\/p>\n<p>Aber grunds\u00e4tzlich kann das Finanzamt bei einer steuerlichen Pr\u00fcfung des Arbeitgebers die steuerfrei gezahlten Zuschl\u00e4ge \u00fcberpr\u00fcfen. Dann sind gute Aufzeichnungen und getrennt vom \u00fcbrigen Lohn gezahlte steuerfreie Zuschl\u00e4ge hilfreich. Pauschal d\u00fcrfen Zuschl\u00e4ge zu Sonntags-, Feiertags- oder Nachtarbeit nicht bezahlt werden. Das hei\u00dft, liegen keine Einzelnachweise vor, k\u00f6nnen die Zuschl\u00e4ge nicht steuerfrei gezahlt werden.<\/p>\n<p>Um die Lohnabrechnung k\u00fcmmert sich dein Arbeitgeber. Mit unseren Tipps kannst du aber die Stundenzettel oder monatliche Lohnabrechnung \u00fcberpr\u00fcfen und nachrechnen.<\/p>\n\r\n        <div class=\"white-background small-module\">\r\n            <div class=\"container\">\r\n                <div class=\"row\">\r\n                    <div class=\"col-12\">\r\n                        <div class=\"content blog-read-more\">\r\n                <a role=\"button\" onclick=\"dataLayer.push({'event': 'ButtonClick SW','sw-button': 'read-more-click-intext'});\" class=\"d-flex flex-column flex-md-row\" href=\"https:\/\/www.buhl.de\/steuer\/ratgeber\/arbeitskleidung-absetzen\/\">\r\n                    <div class=\"img-size\">\r\n                        <img decoding=\"async\" loading=\"lazy\" alt=\"Arbeitskleidung Steuer absetzen title\" title=\"Arbeitskleidung von der Steuer absetzen\" src=\"https:\/\/www.buhl.de\/steuer\/wp-content\/uploads\/sites\/31\/2021\/12\/arbeitskleidung-absetzen-steuer-title.jpg\" \/>\r\n                    <\/div>\r\n                    <div class=\"w-100 d-flex flex-column justify-content-center\">\r\n                        <div class=\"font-cairo-7 fw700 ellipsis-two-row blue-font\">Arbeitskleidung von der Steuer absetzen<\/div>\r\n                        <div class=\"font-source-sans-pro-1 ellipsis-two-row blue-font headline-spacing-10\"><p>Alles rund um Kauf, Reparatur und Waschen<\/div>\r\n                        <div class=\"font-source-sans-pro-1 position-relative orange-font\">weiterlesen <span class=\"arrow-right-orange\"><\/span><\/div>\r\n                    <\/div>\r\n                <\/a>\r\n                        <\/div>\r\n                    <\/div>\r\n                <\/div>\r\n            <\/div>\r\n        <\/div>\r\n    \r\n        <div class=\"spacing-modul  \">\r\n            <div class=\"container spacing-modul\">\r\n               <div class=\"row\">\r\n                   <div id=\"\" class=\"anchor\"><\/div>\r\n                   <div class=\"col-12 modul-spacing-blog-c\"><\/div>\r\n                   <div class=\"col-12 modul-spacing-blog-c\"><\/div>\r\n               <\/div>\r\n            <\/div>\r\n        <\/div>\r\n    \n\r\n        <div class=\"white-background small-module\">\r\n            <div class=\"container\">\r\n                <div class=\"row\">\r\n                    <div class=\"col-12\">\r\n                        <div class=\"content blog-read-more\">\r\n                <a role=\"button\" onclick=\"dataLayer.push({'event': 'ButtonClick SW','sw-button': 'read-more-click-intext'});\" class=\"d-flex flex-column flex-md-row\" href=\"https:\/\/www.buhl.de\/steuer\/ratgeber\/pendlerpauschale\/\">\r\n                    <div class=\"img-size\">\r\n                        <img decoding=\"async\" loading=\"lazy\" alt=\"\" title=\"Pendlerpauschale und andere berufliche Fahrtkosten\" src=\"https:\/\/www.buhl.de\/steuer\/wp-content\/uploads\/sites\/31\/2024\/01\/pendlerpauschale-fahrtkosten-title.jpg\" \/>\r\n                    <\/div>\r\n                    <div class=\"w-100 d-flex flex-column justify-content-center\">\r\n                        <div class=\"font-cairo-7 fw700 ellipsis-two-row blue-font\">Pendlerpauschale und andere berufliche Fahrtkosten<\/div>\r\n                        <div class=\"font-source-sans-pro-1 ellipsis-two-row blue-font headline-spacing-10\"><p>Mit jedem Kilometer Steuern sparen<\/div>\r\n                        <div class=\"font-source-sans-pro-1 position-relative orange-font\">weiterlesen <span class=\"arrow-right-orange\"><\/span><\/div>\r\n                    <\/div>\r\n                <\/a>\r\n                        <\/div>\r\n                    <\/div>\r\n                <\/div>\r\n            <\/div>\r\n        <\/div>\r\n    \r\n        <div class=\"spacing-modul  \">\r\n            <div class=\"container spacing-modul\">\r\n               <div class=\"row\">\r\n                   <div id=\"\" class=\"anchor\"><\/div>\r\n                   <div class=\"col-12 modul-spacing-blog-c\"><\/div>\r\n                   <div class=\"col-12 modul-spacing-blog-c\"><\/div>\r\n               <\/div>\r\n            <\/div>\r\n        <\/div>\r\n    \n\r\n        <div class=\"white-background\">\r\n            <div class=\"container headlines \">\r\n                <div class=\"row\">              \r\n                    <div class=\"col-12 d-flex justify-content-start  justify-content-lg-center\">\r\n                    \t<div id=\"\" class=\"anchor\"><\/div>\r\n                        <div class=\"\">\r\n                           <h2 class=\"font-cairo-1 fw700 text-left text-lg-center blue-font \">FAQ: Steuerfreie SFN-Zuschl\u00e4ge<\/h2>                   \r\n                        <\/div>\r\n                    <\/div>\r\n                <\/div>\r\n            <\/div>\r\n        <\/div>\r\n    \n\r\n        <div class=\"white-background\">\r\n            <div class=\"container faq-module blog-download buhl-ap\">\r\n                <div class=\"row\">\r\n                <div class=\"col-12 p-lg-0\">\r\n                \r\n                    <div class=\"accordion accordionFaq\" id=\"accordionFaq\">\n<div class=\"card\">\n<div class=\"d-flex card-header border-0 collapsed\" id=\"heading1\" data-toggle=\"collapse\" data-target=\"#collapse1\"\r\n                    aria-expanded=\"false\" aria-controls=\"collapse1\">                                            \r\n                    <h3 class=\"font-source-sans-pro-1 blue-font no-margin\">Wann wird ein Nachtzuschlag steuerpflichtig?<\/h3>\r\n                <\/div>\r\n\n\r\n        <div id=\"collapse1\" class=\"collapse\" aria-labelledby=\"heading1\" data-parent=\"#accordionFaq\">\r\n            <div class=\"card-body\">\r\n                Grunds\u00e4tzlich f\u00e4llt f\u00fcr Nachtzuschl\u00e4ge bis 25 Prozent keine <a title=\"Lohnsteuerbescheinigung: \u00dcbersicht deiner Lohnsteuer\" href=\"https:\/\/www.buhl.de\/steuer\/ratgeber\/lohnsteuerbescheinigung-elstam\/\">Lohnsteuer<\/a> an. Dies gilt f\u00fcr Arbeitsstunden zwischen 20 und 6 Uhr. Beginnst du deine Nachtschicht vor 0 Uhr, erh\u00f6ht sich der steuerfreie Nachtzuschlag f\u00fcr die Zeit von 0 bis 4 Uhr auf 40 Prozent.                \r\n            <\/div>\r\n        <\/div>\r\n\n<\/div>\n<div class=\"card\">\n<div class=\"d-flex card-header border-0 collapsed\" id=\"heading2\" data-toggle=\"collapse\" data-target=\"#collapse2\"\r\n                    aria-expanded=\"false\" aria-controls=\"collapse2\">                                            \r\n                    <h3 class=\"font-source-sans-pro-1 blue-font no-margin\">Welche Zulagen sind steuerpflichtig?\u00a0<\/h3>\r\n                <\/div>\r\n\n\r\n        <div id=\"collapse2\" class=\"collapse\" aria-labelledby=\"heading2\" data-parent=\"#accordionFaq\">\r\n            <div class=\"card-body\">\r\n                \n<p>Steuern fallen f\u00fcr diese regelm\u00e4\u00dfigen Zulagen vom Arbeitgeber an:<\/p>\n<ul>\n<li>Kinderzulage<\/li>\n<li>Ortszulage<\/li>\n<li>Gefahrenzulage<\/li>\n<li>Erschwerniszulage bei anspruchsvollen Jobs<\/li>\n<\/ul>\n<p>Zulagen sind aber nicht das Gleiche wie Zuschl\u00e4ge. Diese bleiben f\u00fcr die Arbeit an Sonn- und Feiertagen sowie Nachtarbeit steuerfrei.<\/p>\n                \r\n            <\/div>\r\n        <\/div>\r\n\n<\/div>\n<div class=\"card\">\n<div class=\"d-flex card-header border-0 collapsed\" id=\"heading3\" data-toggle=\"collapse\" data-target=\"#collapse3\"\r\n                    aria-expanded=\"false\" aria-controls=\"collapse3\">                                            \r\n                    <h3 class=\"font-source-sans-pro-1 blue-font no-margin\">Welche Zulagen sind steuerfrei?<\/h3>\r\n                <\/div>\r\n\n\r\n        <div id=\"collapse3\" class=\"collapse\" aria-labelledby=\"heading3\" data-parent=\"#accordionFaq\">\r\n            <div class=\"card-body\">\r\n                Steuerfrei sind nur Zuschl\u00e4ge, die f\u00fcr tats\u00e4chlich geleistete Sonntags-, Feiertags- oder Nachtarbeit gezahlt werden.                \r\n            <\/div>\r\n        <\/div>\r\n\n<\/div>\n<div class=\"card\">\n<div class=\"d-flex card-header border-0 collapsed\" id=\"heading4\" data-toggle=\"collapse\" data-target=\"#collapse4\"\r\n                    aria-expanded=\"false\" aria-controls=\"collapse4\">                                            \r\n                    <h3 class=\"font-source-sans-pro-1 blue-font no-margin\">Habe ich einen gesetzlichen Anspruch auf steuerfreie Zuschl\u00e4ge?\u00a0<\/h3>\r\n                <\/div>\r\n\n\r\n        <div id=\"collapse4\" class=\"collapse\" aria-labelledby=\"heading4\" data-parent=\"#accordionFaq\">\r\n            <div class=\"card-body\">\r\n                Grunds\u00e4tzlich gibt es keinen Rechtsanspruch auf steuerfreie Zuschl\u00e4ge bei Sonn-, Feiertags- oder Nachtarbeit. Nur, wenn es im Arbeitsvertrag oder Tarifvereinbarung so festlegt ist, muss der Arbeitgeber zahlen.                 \r\n            <\/div>\r\n        <\/div>\r\n\n<\/div>\n<div class=\"card\">\n<div class=\"d-flex card-header border-0 collapsed\" id=\"heading5\" data-toggle=\"collapse\" data-target=\"#collapse5\"\r\n                    aria-expanded=\"false\" aria-controls=\"collapse5\">                                            \r\n                    <h3 class=\"font-source-sans-pro-1 blue-font no-margin\">Wo gebe ich das Mutterschaftsgeld in der Steuererkl\u00e4rung an?<\/h3>\r\n                <\/div>\r\n\n\r\n        <div id=\"collapse5\" class=\"collapse\" aria-labelledby=\"heading5\" data-parent=\"#accordionFaq\">\r\n            <div class=\"card-body\">\r\n                Im Mantelbogen in Zeile 2. Einfacher geht es aber mit WISO Steuer, denn das Programm tr\u00e4gt dank <a title=\"Daten vom Finanzamt abrufen mit Steuer-Abruf\" href=\"https:\/\/www.buhl.de\/steuer\/steuer-abruf\/\">Steuer-Abruf<\/a> alles automatisch f\u00fcr dich ein \u2013 egal ob Elterngeld, Renten oder Mutterschaftsgeld. Spar dir l\u00e4stiges Abtippen und stundenlanges W\u00e4lzen von unverst\u00e4ndlichen Formularen                \r\n            <\/div>\r\n        <\/div>\r\n\n<\/div>\n<div class=\"card\">\n<div class=\"d-flex card-header border-0 collapsed\" id=\"heading6\" data-toggle=\"collapse\" data-target=\"#collapse6\"\r\n                    aria-expanded=\"false\" aria-controls=\"collapse6\">                                            \r\n                    <h3 class=\"font-source-sans-pro-1 blue-font no-margin\">Muss ich Zuschl\u00e4ge f\u00fcr Sonntagsarbeit bei der Steuererkl\u00e4rung angeben?<\/h3>\r\n                <\/div>\r\n\n\r\n        <div id=\"collapse6\" class=\"collapse\" aria-labelledby=\"heading6\" data-parent=\"#accordionFaq\">\r\n            <div class=\"card-body\">\r\n                Die gute Nachricht ist, dass diese steuerfreien Zuschl\u00e4ge nicht in deiner Steuererkl\u00e4rung angegeben werden m\u00fcssen. F\u00fcr sie gilt auch kein Progressionsvorbehalt, wie bei Arbeitslosen-, Kurzarbeiter-, oder Krankengeld. Das regelt f\u00fcr gew\u00f6hnlich der Arbeitgeber im Rahmen der Gehaltsabrechnung.                 \r\n            <\/div>\r\n        <\/div>\r\n\n<\/div>\n<\/div>\r\n                 <\/div>\r\n              <\/div>\r\n            <\/div>\r\n        <\/div>\r\n        <div class=\"spacing-modul  \">\r\n            <div class=\"container spacing-modul\">\r\n               <div class=\"row\">\r\n                   <div id=\"\" class=\"anchor\"><\/div>\r\n                   <div class=\"col-12 modul-spacing-blog-c\"><\/div>\r\n                   <div class=\"col-12 modul-spacing-blog-c\"><\/div>\r\n               <\/div>\r\n            <\/div>\r\n        <\/div>\r\n    \n\r\n    <div class=\"white-background store-notification \">\r\n        <div class=\"yellow-background\">\r\n            <div class=\"container\">\r\n                <div class=\"row justify-content-center justify-content-md-start justify-content-lg-center\">\r\n                    <div class=\"col-12 inner-modul-spacing-default\"><\/div>\r\n\r\n                    <div class=\"col-12\">\r\n                        <div class=\"row\">\r\n                            <div class=\"offset-lg-1 col-12 col-md-5 col-lg-4 text-center text-md-right d-flex flex-column justify-content-center align-items-center align-items-lg-end mb-0  \">\r\n                                <p class=\"font-cairo-1 fw700 blue-font headline-spacing-50 blue-font headline-spacing-30 sm-only\">Du m\u00f6chtest WISO&nbsp;Steuer ausprobieren?<\/p>\r\n                                <p class=\"font-source-sans-pro-1 blue-font headline-spacing-50\">Starte jetzt einfach deinen kostenlosen Test. Anonym, ohne Verpflichtungen und so lange du m\u00f6chtest. Erst bei der Abgabe an das Finanzamt fallen Geb\u00fchren an.<br\/>Das hei\u00dft: Null Risiko f\u00fcr dich.<\/p>\r\n                                \r\n                                \r\n                                    <a class=\"d-none d-lg-flex font-cairo-2 fw700 justify-content-center align-items-center w-230 headline-spacing-50 secondary \"\r\n                                        role=\"button\"\r\n                                        id=\"testen-ausprobieren\"\r\n                                        href=\"https:\/\/www.buhl.de\/mein-buhlkonto\/?buhlparam=2100101\"\r\n                                        target=\"_self\"\r\n                                        title=\"Kostenlos & unverbindlich testen\"\r\n                                        onclick=\"dataLayer.push({'event': 'ButtonClick SW','sw-button': 'click-testen'});\">\r\n                                        Kostenlos testen\r\n                                    <\/a>                                    \r\n                                \r\n                                \r\n                                \r\n                                    <a class=\"d-flex d-lg-none font-cairo-2 fw700 justify-content-center align-items-center w-230 headline-spacing-50 secondary \"\r\n                                        role=\"button\"\r\n                                        id=\"testen-ausprobieren\"\r\n                                        href=\"https:\/\/www.buhl.de\/mein-buhlkonto\/?buhlparam=2100101\"\r\n                                        target=\"_self\"\r\n                                        title=\"Kostenlos & unverbindlich testen\"\r\n                                        onclick=\"dataLayer.push({'event': 'ButtonClick SW','sw-button': 'click-mobile-starten'});\">\r\n                                        Kostenlos testen\r\n                                    <\/a>         \r\n                                \r\n                                \r\n                                \r\n                            <\/div>\r\n                            \r\n                            \r\n\r\n\r\n\t\t   \t\t\t\t\t \r\n\t\t\t\t\t\t\t<div class=\"d-flex offset-md-1 col-12 col-md-5 justify-content-center justify-content-lg-start align-items-center \"> \r\n\t\t\t\t\t\t\t\t<picture class=\"picture-spacing  \">\r\n\t\t\t\t\t\t\t\t\t<source media=\"(min-width: 992px)\" srcset=\"https:\/\/www.buhl.de\/steuer\/wp-content\/themes\/steuer-web\/buhl-steuer\/assets\/store-notification\/test-it\/wiso-steuer-abruf-kostenlos-testen.svg\">\r\n\t\t\t\t\t\t\t\t\t<source media=\"(min-width: 768px)\" srcset=\"https:\/\/www.buhl.de\/steuer\/wp-content\/themes\/steuer-web\/buhl-steuer\/assets\/store-notification\/test-it\/wiso-steuer-abruf-kostenlos-testen.svg\">\r\n\t\t\t\t\t\t\t\t\t<source media=\"(min-width: 1px)\" srcset=\"https:\/\/www.buhl.de\/steuer\/wp-content\/themes\/steuer-web\/buhl-steuer\/assets\/store-notification\/test-it\/wiso-steuer-abruf-kostenlos-testen.svg\">\r\n\t\t\t\t\t\t\t\t\t<img loading=\"lazy\" class=\" img-fluid\"\r\n\t\t\t\t\t\t\t\t\t\t\talt=\"Steuer-App Beispiel\" \r\n\t\t\t\t\t\t\t\t\t\t\ttitle=\"Steuer-App herunterladen\"\r\n\t\t\t\t\t\t\t\t\t\t\tsrc=\"https:\/\/www.buhl.de\/steuer\/wp-content\/themes\/steuer-web\/buhl-steuer\/assets\/store-notification\/test-it\/wiso-steuer-abruf-kostenlos-testen.svg\" >\r\n\t\t\t\t\t\t\t\t<\/picture>\r\n                            <\/div>\r\n                            \r\n                        <\/div>\r\n                    <\/div>\r\n                <\/div>\r\n            <\/div>\r\n        <\/div>\r\n    <\/div>\r\n\r\n        <div class=\"spacing-modul  \">\r\n            <div class=\"container spacing-modul\">\r\n               <div class=\"row\">\r\n                   <div id=\"\" class=\"anchor\"><\/div>\r\n                   <div class=\"col-12 modul-spacing-default-b\"><\/div>\r\n                   <div class=\"col-12 modul-spacing-default-b\"><\/div>\r\n               <\/div>\r\n            <\/div>\r\n        <\/div>\r\n    \n","protected":false},"excerpt":{"rendered":"<p>Ein Lohn-Bonus ohne Steuern \u2013 das klingt gut. Und tats\u00e4chlich k\u00f6nnen Sonntags-, Nacht- oder Feiertagszuschlag steuerfrei flie\u00dfen. Doch aufgepasst: Ist der Lohn zu hoch, verpufft der Vorteil bei der Steuer. Welche Regeln gelten, haben wir in diesem Beitrag zusammengefasst.<\/p>\n","protected":false},"author":220,"featured_media":56329,"comment_status":"closed","ping_status":"open","sticky":false,"template":"","format":"standard","meta":{"_acf_changed":false,"footnotes":""},"categories":[2841,2808],"tags":[],"class_list":["post-56322","post","type-post","status-publish","format-standard","has-post-thumbnail","hentry","category-alle","category-arbeit"],"yoast_head":"<!-- This site is optimized with the Yoast SEO Premium plugin v27.0 (Yoast SEO v27.0) - https:\/\/yoast.com\/product\/yoast-seo-premium-wordpress\/ -->\n<title>Bekomme ich den Feiertagszuschlag steuerfrei?<\/title>\n<meta name=\"description\" content=\"Wann es den Feiertagszuschlag steuerfrei gibt \u2728 und was beim Sonntagszuschlag, Nachtzuschlag &amp; Co. gilt \u27a1\ufe0f Hier lesen\" \/>\n<meta name=\"robots\" content=\"index, follow, max-snippet:-1, max-image-preview:large, max-video-preview:-1\" \/>\n<link rel=\"canonical\" href=\"https:\/\/www.buhl.de\/steuer\/ratgeber\/feiertagszuschlag-steuerfrei\/\" \/>\n<meta property=\"og:locale\" content=\"de_DE\" \/>\n<meta property=\"og:type\" content=\"article\" \/>\n<meta property=\"og:title\" content=\"So bleibt der Feiertagszuschlag steuerfrei\" \/>\n<meta property=\"og:description\" content=\"Wann es den Feiertagszuschlag steuerfrei gibt \u2728 und was beim Sonntagszuschlag, Nachtzuschlag &amp; Co. gilt \u27a1\ufe0f Hier lesen\" \/>\n<meta property=\"og:url\" content=\"https:\/\/www.buhl.de\/steuer\/ratgeber\/feiertagszuschlag-steuerfrei\/\" \/>\n<meta property=\"og:site_name\" content=\"WISO Steuer: Nr.1 App f\u00fcr die Steuererkl\u00e4rung\" \/>\n<meta property=\"article:published_time\" content=\"2022-12-15T09:11:42+00:00\" \/>\n<meta property=\"article:modified_time\" content=\"2024-09-09T06:34:13+00:00\" \/>\n<meta property=\"og:image\" content=\"https:\/\/www.buhl.de\/steuer\/wp-content\/uploads\/sites\/31\/2022\/12\/feiertagszuschlag-steuerfrei-title.jpg\" \/>\n\t<meta property=\"og:image:width\" content=\"976\" \/>\n\t<meta property=\"og:image:height\" content=\"400\" \/>\n\t<meta property=\"og:image:type\" content=\"image\/jpeg\" \/>\n<meta name=\"author\" content=\"Udo Reu\u00df\" \/>\n<meta name=\"twitter:card\" content=\"summary_large_image\" \/>\n<meta name=\"twitter:label1\" content=\"Verfasst von\" \/>\n\t<meta name=\"twitter:data1\" content=\"Udo Reu\u00df\" \/>\n\t<meta name=\"twitter:label2\" content=\"Gesch\u00e4tzte Lesezeit\" \/>\n\t<meta name=\"twitter:data2\" content=\"8\u00a0Minuten\" \/>\n<script type=\"application\/ld+json\" class=\"yoast-schema-graph\">{\"@context\":\"https:\/\/schema.org\",\"@graph\":[{\"@type\":\"Article\",\"@id\":\"https:\/\/www.buhl.de\/steuer\/ratgeber\/feiertagszuschlag-steuerfrei\/#article\",\"isPartOf\":{\"@id\":\"https:\/\/www.buhl.de\/steuer\/ratgeber\/feiertagszuschlag-steuerfrei\/\"},\"author\":{\"name\":\"Udo Reu\u00df\",\"@id\":\"https:\/\/www.buhl.de\/steuer\/#\/schema\/person\/03b5508d4c85dc193be95cb4e2d78423\"},\"headline\":\"So bleibt der Feiertagszuschlag steuerfrei\",\"datePublished\":\"2022-12-15T09:11:42+00:00\",\"dateModified\":\"2024-09-09T06:34:13+00:00\",\"mainEntityOfPage\":{\"@id\":\"https:\/\/www.buhl.de\/steuer\/ratgeber\/feiertagszuschlag-steuerfrei\/\"},\"wordCount\":1284,\"publisher\":{\"@id\":\"https:\/\/www.buhl.de\/steuer\/#organization\"},\"image\":{\"@id\":\"https:\/\/www.buhl.de\/steuer\/ratgeber\/feiertagszuschlag-steuerfrei\/#primaryimage\"},\"thumbnailUrl\":\"https:\/\/www.buhl.de\/steuer\/wp-content\/uploads\/sites\/31\/2022\/12\/feiertagszuschlag-steuerfrei-title.jpg\",\"articleSection\":[\"Neueste Beitr\u00e4ge\",\"Ratgeber: Steuern &amp; Gehalt\"],\"inLanguage\":\"de\"},{\"@type\":\"WebPage\",\"@id\":\"https:\/\/www.buhl.de\/steuer\/ratgeber\/feiertagszuschlag-steuerfrei\/\",\"url\":\"https:\/\/www.buhl.de\/steuer\/ratgeber\/feiertagszuschlag-steuerfrei\/\",\"name\":\"Bekomme ich den Feiertagszuschlag steuerfrei?\",\"isPartOf\":{\"@id\":\"https:\/\/www.buhl.de\/steuer\/#website\"},\"primaryImageOfPage\":{\"@id\":\"https:\/\/www.buhl.de\/steuer\/ratgeber\/feiertagszuschlag-steuerfrei\/#primaryimage\"},\"image\":{\"@id\":\"https:\/\/www.buhl.de\/steuer\/ratgeber\/feiertagszuschlag-steuerfrei\/#primaryimage\"},\"thumbnailUrl\":\"https:\/\/www.buhl.de\/steuer\/wp-content\/uploads\/sites\/31\/2022\/12\/feiertagszuschlag-steuerfrei-title.jpg\",\"datePublished\":\"2022-12-15T09:11:42+00:00\",\"dateModified\":\"2024-09-09T06:34:13+00:00\",\"description\":\"Wann es den Feiertagszuschlag steuerfrei gibt \u2728 und was beim Sonntagszuschlag, Nachtzuschlag & Co. gilt \u27a1\ufe0f Hier lesen\",\"breadcrumb\":{\"@id\":\"https:\/\/www.buhl.de\/steuer\/ratgeber\/feiertagszuschlag-steuerfrei\/#breadcrumb\"},\"inLanguage\":\"de\",\"potentialAction\":[{\"@type\":\"ReadAction\",\"target\":[\"https:\/\/www.buhl.de\/steuer\/ratgeber\/feiertagszuschlag-steuerfrei\/\"]}]},{\"@type\":\"ImageObject\",\"inLanguage\":\"de\",\"@id\":\"https:\/\/www.buhl.de\/steuer\/ratgeber\/feiertagszuschlag-steuerfrei\/#primaryimage\",\"url\":\"https:\/\/www.buhl.de\/steuer\/wp-content\/uploads\/sites\/31\/2022\/12\/feiertagszuschlag-steuerfrei-title.jpg\",\"contentUrl\":\"https:\/\/www.buhl.de\/steuer\/wp-content\/uploads\/sites\/31\/2022\/12\/feiertagszuschlag-steuerfrei-title.jpg\",\"width\":976,\"height\":400},{\"@type\":\"BreadcrumbList\",\"@id\":\"https:\/\/www.buhl.de\/steuer\/ratgeber\/feiertagszuschlag-steuerfrei\/#breadcrumb\",\"itemListElement\":[{\"@type\":\"ListItem\",\"position\":1,\"name\":\"Steuererkl\u00e4rung\",\"item\":\"https:\/\/www.buhl.de\/steuer\/\"},{\"@type\":\"ListItem\",\"position\":2,\"name\":\"So bleibt der Feiertagszuschlag steuerfrei\"}]},{\"@type\":\"WebSite\",\"@id\":\"https:\/\/www.buhl.de\/steuer\/#website\",\"url\":\"https:\/\/www.buhl.de\/steuer\/\",\"name\":\"WISO Steuer: Nr. 1 Steuer-App\",\"description\":\"\",\"publisher\":{\"@id\":\"https:\/\/www.buhl.de\/steuer\/#organization\"},\"potentialAction\":[{\"@type\":\"SearchAction\",\"target\":{\"@type\":\"EntryPoint\",\"urlTemplate\":\"https:\/\/www.buhl.de\/steuer\/?s={search_term_string}\"},\"query-input\":{\"@type\":\"PropertyValueSpecification\",\"valueRequired\":true,\"valueName\":\"search_term_string\"}}],\"inLanguage\":\"de\"},{\"@type\":\"Organization\",\"@id\":\"https:\/\/www.buhl.de\/steuer\/#organization\",\"name\":\"WISO Steuer | Buhl Data Service GmbH\",\"url\":\"https:\/\/www.buhl.de\/steuer\/\",\"logo\":{\"@type\":\"ImageObject\",\"inLanguage\":\"de\",\"@id\":\"https:\/\/www.buhl.de\/steuer\/#\/schema\/logo\/image\/\",\"url\":\"https:\/\/www.buhl.de\/steuer\/wp-content\/uploads\/sites\/31\/2026\/02\/logo-wiso-steuer-app.svg\",\"contentUrl\":\"https:\/\/www.buhl.de\/steuer\/wp-content\/uploads\/sites\/31\/2026\/02\/logo-wiso-steuer-app.svg\",\"width\":375,\"height\":72,\"caption\":\"WISO Steuer | Buhl Data Service GmbH\"},\"image\":{\"@id\":\"https:\/\/www.buhl.de\/steuer\/#\/schema\/logo\/image\/\"}},{\"@type\":\"Person\",\"@id\":\"https:\/\/www.buhl.de\/steuer\/#\/schema\/person\/03b5508d4c85dc193be95cb4e2d78423\",\"name\":\"Udo Reu\u00df\",\"image\":{\"@type\":\"ImageObject\",\"inLanguage\":\"de\",\"@id\":\"https:\/\/www.buhl.de\/steuer\/#\/schema\/person\/image\/\",\"url\":\"https:\/\/www.buhl.de\/steuer\/wp-content\/uploads\/sites\/31\/2024\/07\/udo.png\",\"contentUrl\":\"https:\/\/www.buhl.de\/steuer\/wp-content\/uploads\/sites\/31\/2024\/07\/udo.png\",\"caption\":\"Udo Reu\u00df\"},\"sameAs\":[\"https:\/\/www.buhl.de\/steuer\/autoren\/udo-reuss\/\"]}]}<\/script>\n<!-- \/ Yoast SEO Premium plugin. -->","yoast_head_json":{"title":"Bekomme ich den Feiertagszuschlag steuerfrei?","description":"Wann es den Feiertagszuschlag steuerfrei gibt \u2728 und was beim Sonntagszuschlag, Nachtzuschlag & Co. gilt \u27a1\ufe0f Hier lesen","robots":{"index":"index","follow":"follow","max-snippet":"max-snippet:-1","max-image-preview":"max-image-preview:large","max-video-preview":"max-video-preview:-1"},"canonical":"https:\/\/www.buhl.de\/steuer\/ratgeber\/feiertagszuschlag-steuerfrei\/","og_locale":"de_DE","og_type":"article","og_title":"So bleibt der Feiertagszuschlag steuerfrei","og_description":"Wann es den Feiertagszuschlag steuerfrei gibt \u2728 und was beim Sonntagszuschlag, Nachtzuschlag & Co. gilt \u27a1\ufe0f Hier lesen","og_url":"https:\/\/www.buhl.de\/steuer\/ratgeber\/feiertagszuschlag-steuerfrei\/","og_site_name":"WISO Steuer: Nr.1 App f\u00fcr die Steuererkl\u00e4rung","article_published_time":"2022-12-15T09:11:42+00:00","article_modified_time":"2024-09-09T06:34:13+00:00","og_image":[{"width":976,"height":400,"url":"https:\/\/www.buhl.de\/steuer\/wp-content\/uploads\/sites\/31\/2022\/12\/feiertagszuschlag-steuerfrei-title.jpg","type":"image\/jpeg"}],"author":"Udo Reu\u00df","twitter_card":"summary_large_image","twitter_misc":{"Verfasst von":"Udo Reu\u00df","Gesch\u00e4tzte Lesezeit":"8\u00a0Minuten"},"schema":{"@context":"https:\/\/schema.org","@graph":[{"@type":"Article","@id":"https:\/\/www.buhl.de\/steuer\/ratgeber\/feiertagszuschlag-steuerfrei\/#article","isPartOf":{"@id":"https:\/\/www.buhl.de\/steuer\/ratgeber\/feiertagszuschlag-steuerfrei\/"},"author":{"name":"Udo Reu\u00df","@id":"https:\/\/www.buhl.de\/steuer\/#\/schema\/person\/03b5508d4c85dc193be95cb4e2d78423"},"headline":"So bleibt der Feiertagszuschlag steuerfrei","datePublished":"2022-12-15T09:11:42+00:00","dateModified":"2024-09-09T06:34:13+00:00","mainEntityOfPage":{"@id":"https:\/\/www.buhl.de\/steuer\/ratgeber\/feiertagszuschlag-steuerfrei\/"},"wordCount":1284,"publisher":{"@id":"https:\/\/www.buhl.de\/steuer\/#organization"},"image":{"@id":"https:\/\/www.buhl.de\/steuer\/ratgeber\/feiertagszuschlag-steuerfrei\/#primaryimage"},"thumbnailUrl":"https:\/\/www.buhl.de\/steuer\/wp-content\/uploads\/sites\/31\/2022\/12\/feiertagszuschlag-steuerfrei-title.jpg","articleSection":["Neueste Beitr\u00e4ge","Ratgeber: Steuern &amp; Gehalt"],"inLanguage":"de"},{"@type":"WebPage","@id":"https:\/\/www.buhl.de\/steuer\/ratgeber\/feiertagszuschlag-steuerfrei\/","url":"https:\/\/www.buhl.de\/steuer\/ratgeber\/feiertagszuschlag-steuerfrei\/","name":"Bekomme ich den Feiertagszuschlag steuerfrei?","isPartOf":{"@id":"https:\/\/www.buhl.de\/steuer\/#website"},"primaryImageOfPage":{"@id":"https:\/\/www.buhl.de\/steuer\/ratgeber\/feiertagszuschlag-steuerfrei\/#primaryimage"},"image":{"@id":"https:\/\/www.buhl.de\/steuer\/ratgeber\/feiertagszuschlag-steuerfrei\/#primaryimage"},"thumbnailUrl":"https:\/\/www.buhl.de\/steuer\/wp-content\/uploads\/sites\/31\/2022\/12\/feiertagszuschlag-steuerfrei-title.jpg","datePublished":"2022-12-15T09:11:42+00:00","dateModified":"2024-09-09T06:34:13+00:00","description":"Wann es den Feiertagszuschlag steuerfrei gibt \u2728 und was beim Sonntagszuschlag, Nachtzuschlag & Co. gilt \u27a1\ufe0f Hier lesen","breadcrumb":{"@id":"https:\/\/www.buhl.de\/steuer\/ratgeber\/feiertagszuschlag-steuerfrei\/#breadcrumb"},"inLanguage":"de","potentialAction":[{"@type":"ReadAction","target":["https:\/\/www.buhl.de\/steuer\/ratgeber\/feiertagszuschlag-steuerfrei\/"]}]},{"@type":"ImageObject","inLanguage":"de","@id":"https:\/\/www.buhl.de\/steuer\/ratgeber\/feiertagszuschlag-steuerfrei\/#primaryimage","url":"https:\/\/www.buhl.de\/steuer\/wp-content\/uploads\/sites\/31\/2022\/12\/feiertagszuschlag-steuerfrei-title.jpg","contentUrl":"https:\/\/www.buhl.de\/steuer\/wp-content\/uploads\/sites\/31\/2022\/12\/feiertagszuschlag-steuerfrei-title.jpg","width":976,"height":400},{"@type":"BreadcrumbList","@id":"https:\/\/www.buhl.de\/steuer\/ratgeber\/feiertagszuschlag-steuerfrei\/#breadcrumb","itemListElement":[{"@type":"ListItem","position":1,"name":"Steuererkl\u00e4rung","item":"https:\/\/www.buhl.de\/steuer\/"},{"@type":"ListItem","position":2,"name":"So bleibt der Feiertagszuschlag steuerfrei"}]},{"@type":"WebSite","@id":"https:\/\/www.buhl.de\/steuer\/#website","url":"https:\/\/www.buhl.de\/steuer\/","name":"WISO Steuer: Nr. 1 Steuer-App","description":"","publisher":{"@id":"https:\/\/www.buhl.de\/steuer\/#organization"},"potentialAction":[{"@type":"SearchAction","target":{"@type":"EntryPoint","urlTemplate":"https:\/\/www.buhl.de\/steuer\/?s={search_term_string}"},"query-input":{"@type":"PropertyValueSpecification","valueRequired":true,"valueName":"search_term_string"}}],"inLanguage":"de"},{"@type":"Organization","@id":"https:\/\/www.buhl.de\/steuer\/#organization","name":"WISO Steuer | Buhl Data Service GmbH","url":"https:\/\/www.buhl.de\/steuer\/","logo":{"@type":"ImageObject","inLanguage":"de","@id":"https:\/\/www.buhl.de\/steuer\/#\/schema\/logo\/image\/","url":"https:\/\/www.buhl.de\/steuer\/wp-content\/uploads\/sites\/31\/2026\/02\/logo-wiso-steuer-app.svg","contentUrl":"https:\/\/www.buhl.de\/steuer\/wp-content\/uploads\/sites\/31\/2026\/02\/logo-wiso-steuer-app.svg","width":375,"height":72,"caption":"WISO Steuer | Buhl Data Service GmbH"},"image":{"@id":"https:\/\/www.buhl.de\/steuer\/#\/schema\/logo\/image\/"}},{"@type":"Person","@id":"https:\/\/www.buhl.de\/steuer\/#\/schema\/person\/03b5508d4c85dc193be95cb4e2d78423","name":"Udo Reu\u00df","image":{"@type":"ImageObject","inLanguage":"de","@id":"https:\/\/www.buhl.de\/steuer\/#\/schema\/person\/image\/","url":"https:\/\/www.buhl.de\/steuer\/wp-content\/uploads\/sites\/31\/2024\/07\/udo.png","contentUrl":"https:\/\/www.buhl.de\/steuer\/wp-content\/uploads\/sites\/31\/2024\/07\/udo.png","caption":"Udo Reu\u00df"},"sameAs":["https:\/\/www.buhl.de\/steuer\/autoren\/udo-reuss\/"]}]}},"acf":[],"wps_subtitle":"Steuer-Regeln f\u00fcr Sonntags-, Feiertags- und Nachtarbeit im \u00dcberblick","_links":{"self":[{"href":"https:\/\/www.buhl.de\/steuer\/wp-json\/wp\/v2\/posts\/56322","targetHints":{"allow":["GET"]}}],"collection":[{"href":"https:\/\/www.buhl.de\/steuer\/wp-json\/wp\/v2\/posts"}],"about":[{"href":"https:\/\/www.buhl.de\/steuer\/wp-json\/wp\/v2\/types\/post"}],"author":[{"embeddable":true,"href":"https:\/\/www.buhl.de\/steuer\/wp-json\/wp\/v2\/users\/220"}],"replies":[{"embeddable":true,"href":"https:\/\/www.buhl.de\/steuer\/wp-json\/wp\/v2\/comments?post=56322"}],"version-history":[{"count":16,"href":"https:\/\/www.buhl.de\/steuer\/wp-json\/wp\/v2\/posts\/56322\/revisions"}],"predecessor-version":[{"id":66312,"href":"https:\/\/www.buhl.de\/steuer\/wp-json\/wp\/v2\/posts\/56322\/revisions\/66312"}],"wp:featuredmedia":[{"embeddable":true,"href":"https:\/\/www.buhl.de\/steuer\/wp-json\/wp\/v2\/media\/56329"}],"wp:attachment":[{"href":"https:\/\/www.buhl.de\/steuer\/wp-json\/wp\/v2\/media?parent=56322"}],"wp:term":[{"taxonomy":"category","embeddable":true,"href":"https:\/\/www.buhl.de\/steuer\/wp-json\/wp\/v2\/categories?post=56322"},{"taxonomy":"post_tag","embeddable":true,"href":"https:\/\/www.buhl.de\/steuer\/wp-json\/wp\/v2\/tags?post=56322"}],"curies":[{"name":"wp","href":"https:\/\/api.w.org\/{rel}","templated":true}]}}