{"id":56560,"date":"2020-03-30T11:45:13","date_gmt":"2020-03-30T09:45:13","guid":{"rendered":"https:\/\/www.buhl.de\/steuer\/?p=56560"},"modified":"2025-04-03T17:04:32","modified_gmt":"2025-04-03T15:04:32","slug":"corona-krise","status":"publish","type":"post","link":"https:\/\/www.buhl.de\/steuer\/ratgeber\/corona-krise\/","title":{"rendered":"Corona &amp; Steuern"},"content":{"rendered":"<p>2020 bis 2023 herrschte in vielen Bereichen Ausnahmezustand: Einrichtungen schlie\u00dfen aus Sicherheitsgr\u00fcnden, Arbeitnehmer weichen ins Homeoffice aus. In der Steuerwelt wirkt sich die Corona-Pandemie noch bis heute aus. Wir fassen alle steuerlichen \u00c4nderungen zusammen.<\/p>\n<p><!--more--><\/p>\n<h2>Kurz &amp; knapp<\/h2>\n<ul>\n<li>Wegen der Corona-Krise hast du f\u00fcr die Steuererkl\u00e4rungen 2019 bis 2024 mehr Zeit<\/li>\n<li>F\u00fcr Arbeitnehmer im Homeoffice wurde 2020 eine Pauschale als Ausgleich f\u00fcr die Kosten eingef\u00fchrt<\/li>\n<li>Coronapr\u00e4mien an Arbeitnehmer m\u00fcssen nicht versteuert werden, Soforthilfen an Selbstst\u00e4ndige aber schon<\/li>\n<li>Corona-Tests kannst du nur unter bestimmten Voraussetzungen absetzen<\/li>\n<\/ul>\n<h2>Mehr Zeit zur Abgabe der Steuererkl\u00e4rung<\/h2>\n<p>F\u00fcr die Jahre 2019 bis 2024 wurden die <a title=\"Alle Fristen f\u00fcr die Steuer auf einen Blick\" href=\"https:\/\/www.buhl.de\/steuer\/fristen\/\">Abgabefristen<\/a> aufgrund der Corona-Pandemie verl\u00e4ngert. Du bekommst also mehr Zeit, deine <a title=\"Steuererkl\u00e4rung: Schritt-f\u00fcr-Schritt Anleitung\" href=\"https:\/\/www.buhl.de\/steuer\/ratgeber\/steuererklaerung-machen\/\">Steuererkl\u00e4rung<\/a> einzureichen.<\/p>\n<div class=\"tablepress-wrapper\"> \n<table id=\"tablepress-180\" class=\"tablepress tablepress-id-180\">\n<thead>\n<tr class=\"row-1\">\n\t<th class=\"column-1\">Steuerjahr<\/th><th class=\"column-2\">Fristende (ohne Steuerberater)<\/th><th class=\"column-3\">Fristende (mit Steuerberater)<\/th>\n<\/tr>\n<\/thead>\n<tbody class=\"row-striping row-hover\">\n<tr class=\"row-2\">\n\t<td class=\"column-1\">2024<\/td><td class=\"column-2\">31. Juli 2025<\/td><td class=\"column-3\">30. April 2026<\/td>\n<\/tr>\n<tr class=\"row-3\">\n\t<td class=\"column-1\">2023<\/td><td class=\"column-2\">2. September 2024<\/td><td class=\"column-3\">2. Juni 2025<\/td>\n<\/tr>\n<tr class=\"row-4\">\n\t<td class=\"column-1\">2022<\/td><td class=\"column-2\">2. Oktober 2023<\/td><td class=\"column-3\">31. Juli 2024<\/td>\n<\/tr>\n<tr class=\"row-5\">\n\t<td class=\"column-1\">2021<\/td><td class=\"column-2\">1. November 2022<\/td><td class=\"column-3\">31. August 2023<\/td>\n<\/tr>\n<tr class=\"row-6\">\n\t<td class=\"column-1\">2020<\/td><td class=\"column-2\">2. November 2021<\/td><td class=\"column-3\">31. August 2022<\/td>\n<\/tr>\n<tr class=\"row-7\">\n\t<td class=\"column-1\">2019<\/td><td class=\"column-2\">31. Juli 2020<\/td><td class=\"column-3\">31. August 2021<\/td>\n<\/tr>\n<\/tbody>\n<\/table>\n <\/div><!-- #tablepress-180 from cache -->\r\n        <div class=\"spacing-modul  \">\r\n            <div class=\"container spacing-modul\">\r\n               <div class=\"row\">\r\n                   <div id=\"\" class=\"anchor\"><\/div>\r\n                   <div class=\"col-12 modul-spacing-blog-c\"><\/div>\r\n                   <div class=\"col-12 modul-spacing-blog-c\"><\/div>\r\n               <\/div>\r\n            <\/div>\r\n        <\/div>\r\n    \n<h2>Einf\u00fchrung der Homeoffice-Pauschale<\/h2>\n<p>Im Rahmen der Corona-Pandemie wurde es einfacher gemacht, das Arbeiten von zu Hause abzusetzen. <strong>Seit 2020<\/strong> kannst du die <strong><a title=\"Homeoffice-Pauschale: So setzt du dein Arbeitszimmer ab\" href=\"https:\/\/www.buhl.de\/steuer\/ratgeber\/homeoffice-arbeitszimmer\/\">Homeoffice-Pauschale<\/a><\/strong> nutzen:<\/p>\n<ul class=\"sw-blog-icon sw-blog-icon-3\">\n<li>2020-2022: 5 Euro pro Tag im Homeoffice (maximal 600 Euro)<\/li>\n<li>ab 2023: 6 Euro pro Tag im Homeoffice (maximal 1.260 Euro)<\/li>\n<\/ul>\n<h2>Anlage Corona-Hilfen f\u00fcr Sofort- und \u00dcberbr\u00fcckungshilfen ausf\u00fcllen<\/h2>\n<p>Die <strong>Anlage Corona-Hilfen<\/strong> muss nicht jeder ausf\u00fcllen. Sie betrifft nur Gewerbetreibende und Selbstst\u00e4ndige \u2013 dementsprechend dient sie als Erg\u00e4nzung der <a title=\"Anlage G richtig ausf\u00fcllen\" href=\"https:\/\/www.buhl.de\/steuer\/ratgeber\/anlage-g\/\">Anlagen G,<\/a> <a title=\"Anlage S richtig ausf\u00fcllen\" href=\"https:\/\/www.buhl.de\/steuer\/ratgeber\/anlage-s\/\">Anlage S<\/a> und Anlage L.<\/p>\n<p>Durch das neue Formular soll sichergestellt werden, dass Corona-Soforthilfen und andere steuerpflichtige Zusch\u00fcsse rund um die Corona-Krise auch versteuert werden. Dazu geh\u00f6ren:<\/p>\n<ul class=\"sw-blog-icon sw-blog-icon-1\">\n<li>Soforthilfen zur Existenzsicherung von Solo-Selbstst\u00e4ndigen, kleinen Unternehmen, Freiberuflern und Landwirten mit wirtschaftlichen Schwierigkeiten in der Corona-Krise<\/li>\n<li>\u00dcberbr\u00fcckungshilfen f\u00fcr Solo-Selbstst\u00e4ndige, kleine und mittelst\u00e4ndische Unternehmen und Freiberufler, die ihren Gesch\u00e4ftsbetrieb im Zuge der Corona-Krise ganz oder zu wesentlichen Teilen einstellen m\u00fcssen oder mussten<\/li>\n<li>Andere Soforthilfen, \u00dcberbr\u00fcckungshilfen oder vergleichbare Billigkeitsleistungen des Bundes oder des jeweiligen Landes f\u00fcr Unternehmen, Solo-Selbstst\u00e4ndige und Angeh\u00f6rige der Freien Berufe anl\u00e4sslich der Corona-Krise<\/li>\n<\/ul>\n<p>Die erhaltenen Zusch\u00fcsse musst du als steuerpflichtige Betriebseinnahmen zudem in der Gewinnermittlung eintragen. Wurden dir Hilfen ohne Grund oder unter falschen Voraussetzungen gezahlt, bist du unter Umst\u00e4nden verpflichtet eine R\u00fcckzahlung zu leisten. Diese R\u00fcckzahlung stellt eine Betriebsausgabe dar.<\/p>\n<p>Mit WISO Steuer kannst du auf den Papierkram komplett verzichten: Das Programm bef\u00fcllt die Anlage automatisch, wenn die Corona-Soforthilfen und -Zusch\u00fcsse als steuerpflichtige Betriebseinnahmen beziehungsweise zur\u00fcckgezahlte Corona-Zusch\u00fcsse als Betriebsausgaben eingetragen wurden.<\/p>\n<p>Unter <em>Selbst\u00e4ndige &gt; Freiberufliche und selbst\u00e4ndige Arbeit &gt; Eink\u00fcnfte (Einnahmen-\u00dcberschuss-Rechnung) &gt; Betriebseinnahmen &gt; Corona-Soforthilfen, \u00dcberbr\u00fcckungshilfen und vergleichbare Zusch\u00fcsse<\/em> tr\u00e4gst du alle Hilfen ein, die du im Rahmen eines Unterst\u00fctzungsprogramms erhalten hast.<\/p>\n\r\n        <div class=\"spacing-modul  \">\r\n            <div class=\"container spacing-modul\">\r\n               <div class=\"row\">\r\n                   <div id=\"\" class=\"anchor\"><\/div>\r\n                   <div class=\"col-12 modul-spacing-blog-c\"><\/div>\r\n                   <div class=\"col-12 modul-spacing-blog-c\"><\/div>\r\n               <\/div>\r\n            <\/div>\r\n        <\/div>\r\n    \r\n        <div class=\"white-background d-none d-lg-block\">\r\n            <div class=\"container blog-image\">\r\n            \t<div class=\"row\">\r\n       <p class=\"col-12 font-source-sans-pro-1 blue-font\">\n<\/p>\r\n                <div class=\"d-flex col-12 align-items-center justify-content-center\">\r\n                         \r\n                            <a id=\"\" target=\"_self\" title=\"\" href=\"\">\r\n                         \r\n                      <picture class=\"img-fluid\">\r\n                             <img decoding=\"async\" loading=\"lazy\"\r\n                              alt=\"Anlage Corona mit WISO Steuer ausf\u00fcllen\" \r\n                              title=\"\"\r\n                              src=\"https:\/\/www.buhl.de\/steuer\/wp-content\/uploads\/sites\/31\/2024\/11\/anlage-corona-steuererklaerung.png\" >\r\n                      <\/picture>     \r\n                      \t\r\n                        \t<\/a>\r\n                    \t                      \r\n\t\t\t\t\t<\/div>  \r\n\t\t\t\t<\/div>                       \r\n            <\/div>\r\n        <\/div>                  \r\n    \n\r\n        <div class=\"white-background  d-lg-none\">\r\n            <div class=\"container blog-image\">\r\n            \t<div class=\"row\">\r\n       <p class=\"col-12 font-source-sans-pro-1 blue-font\">\n<\/p>\r\n                <div class=\"d-flex col-12 align-items-center justify-content-center\">\r\n                         \r\n                            <a id=\"\" target=\"_self\" title=\"\" href=\"\">\r\n                         \r\n                      <picture class=\"img-fluid\">\r\n                             <img decoding=\"async\" loading=\"lazy\"\r\n                              alt=\"Anlage Corona mit der App WISO Steuer ausf\u00fcllen\" \r\n                              title=\"\"\r\n                              src=\"https:\/\/www.buhl.de\/steuer\/wp-content\/uploads\/sites\/31\/2024\/11\/anlage-corona-steuer-app.png\" >\r\n                      <\/picture>     \r\n                      \t\r\n                        \t<\/a>\r\n                    \t                      \r\n\t\t\t\t\t<\/div>  \r\n\t\t\t\t<\/div>                       \r\n            <\/div>\r\n        <\/div>                  \r\n    \n\r\n        <div role=\"region\" aria-label=\"\" class=\"white-background\">\r\n            <div class=\"container\">\r\n                <div class=\"row\">\r\n                    <div class=\"col-12 d-flex justify-content-center align-items-center flex-column flex-lg-row\">\r\n                    \r\n\r\n                    \r\n                        <a class=\"secondary w-230 d-none d-md-flex justify-content-center align-items-center font-cairo-2 fw700 action-anonymous\"\r\n                            role=\"button\"\r\n                            href=\"https:\/\/www.buhl.de\/mein-buhlkonto\/?buhlparam=2100101\"\r\n                            title=\"Kostenlos testen\"\r\n                            target=\"_self\"\r\n                            id=\"anlage-corona-eintragen\"\r\n                            onclick=\"dataLayer.push({'event': 'ButtonClick SW','sw-button': 'click-testen'});\">\r\n                            Kostenlos testen\r\n                        <\/a>\r\n\r\n                        <a class=\"secondary w-230 d-flex d-md-none justify-content-center align-items-center font-cairo-2 fw700 action-anonymous\"\r\n                            role=\"button\"\r\n                            href=\"https:\/\/www.buhl.de\/mein-buhlkonto\/?buhlparam=2100101\"\r\n                            title=\"Kostenlos testen\"\r\n                            target=\"_self\"\r\n                            id=\"anlage-corona-eintragen-m\"\r\n                            onclick=\"dataLayer.push({'event': 'ButtonClick SW','sw-button': 'click-mobile-starten'});\">\r\n                            Kostenlos testen\r\n                        <\/a>\r\n                    \r\n                    <\/div>\r\n                <\/div>\r\n            <\/div>\r\n        <\/div>\r\n    \r\n        <div class=\"spacing-modul  \">\r\n            <div class=\"container spacing-modul\">\r\n               <div class=\"row\">\r\n                   <div id=\"\" class=\"anchor\"><\/div>\r\n                   <div class=\"col-12 modul-spacing-default-b\"><\/div>\r\n                   <div class=\"col-12 modul-spacing-default-b\"><\/div>\r\n               <\/div>\r\n            <\/div>\r\n        <\/div>\r\n    \n<h3>Wie werden die finanziellen Hilfen versteuert?<\/h3>\n<p>Die Corona-Soforthilfe f\u00fcr Unternehmen ist <strong>kein steuerfreier Zuschuss<\/strong>. \u00c4hnliches wird voraussichtlich f\u00fcr die Nothilfe gelten. Die Hilfen unterliegen auch nicht dem <a title=\"Was ist der Progressionsvorbehalt?\" href=\"https:\/\/www.buhl.de\/steuer\/ratgeber\/progressionsvorbehalt\/\">Progressionsvorbehalt<\/a>. Das bedeutet: F\u00fcr die Einkommensteuer muss der Zuschuss als Betriebseinnahme erfasst und mit dem Gewinn versteuert werden. Umsatzsteuerlich ist anzunehmen, dass es sich um einen \u201eechten\u201c Zuschuss handelt.<\/p>\n<p>Dabei spricht man von Zusch\u00fcssen, die ohne Leistungsvereinbarung gew\u00e4hrt werden. Du musst also keine Gegenleistung f\u00fcr den Zuschuss erbringen. Ist das der Fall, unterliegen die Zusch\u00fcsse nicht der <a title=\"Umsatzsteuer: Alles zu Voranmeldungen und Jahreserkl\u00e4rung\" href=\"https:\/\/www.buhl.de\/steuer\/ratgeber\/umsatzsteuer\/\">Umsatzsteuer<\/a>.<\/p>\n<p>In F\u00e4llen, in denen die Soforthilfe ganz oder teilweise zur\u00fcckgefordert wird, muss das auch gewinnwirksam verbucht werden. Entsprechend zur Erfassung der Auszahlung als Betriebseinnahme, kann eine R\u00fcckzahlung des Zuschusses als Betriebsausgabe verbucht werden.<\/p>\n<h3>Wie hoch war die Soforthilfe?<\/h3>\n<p>Die H\u00f6he des Zuschusses h\u00e4ngt von der Anzahl der Vollzeit-Besch\u00e4ftigten des Unternehmens ab und gilt f\u00fcr 3 Monate:<\/p>\n<ul class=\"sw-blog-icon sw-blog-icon-3\">\n<li>Anzahl der Vollzeit-Mitarbeiter bis 5: bis zu 9.000 Euro Zuschuss f\u00fcr 3 Monate<\/li>\n<li>Anzahl der Vollzeit-Mitarbeiter bis 10: bis zu 15.000 Euro Zuschuss f\u00fcr 3 Monate<\/li>\n<li>Anzahl der Vollzeit-Mitarbeiter bis 50: bis zu 30.000 Euro Zuschuss f\u00fcr 3 Monate<\/li>\n<\/ul>\n<p>Dabei handelt es sich jedoch um Maximalbetr\u00e4ge. Denn es wird im Einzelfall gepr\u00fcft, wie hoch der Liquidit\u00e4tsengpass in den 3 Monaten nach Antragstellung ist. Der Zuschuss wird dann entsprechend nur in dieser H\u00f6he gew\u00e4hrt.<\/p>\n<h2>Corona-Test von der Steuer absetzen<\/h2>\n<p>Bei den Ausgaben f\u00fcr Corona-Tests handelt es sich um private medizinische Kosten. Hast du dich beispielsweise \u201enur so\u201c testen lassen, weil du wissen wolltest, ob du an Corona erkrankt bist, wird das Finanzamt den Abzug nicht zulassen.<\/p>\n<p>Je nachdem, aus welchem Grund du den Test gemacht hast, ist dennoch ein Steuervorteil f\u00fcr dich m\u00f6glich:<\/p>\n<ol>\n<li><a title=\"Was sind au\u00dfergew\u00f6hnliche Belastungen?\" href=\"https:\/\/www.buhl.de\/steuer\/ratgeber\/aussergewoehnliche-belastungen\/\"><strong>Au\u00dfergew\u00f6hnliche Belastung<\/strong><\/a>: Die Kosten m\u00fcssen zwangsl\u00e4ufig aufgetreten sein (z. B. aufgrund einer beh\u00f6rdlichen oder \u00e4rztlichen Anordnung) und die Krankenkasse hat dir keine Erstattung gegeben<\/li>\n<li><a title=\"Was z\u00e4hlt zu den Werbungskosten?\" href=\"https:\/\/www.buhl.de\/steuer\/ratgeber\/werbungskosten\/\"><strong>Werbungskosten<\/strong><\/a>: Es muss ein direkter Zusammenhang mit deinem Beruf bestehen (z. B. dein Chef hat den Test verlangt) und dein Arbeitgeber hat dir die Kosten nicht erstattet<\/li>\n<li><strong>Betriebsausgabe<\/strong>: Bist du Unternehmer und hast f\u00fcr deine Angestellten Corona-Tests bezahlt, kannst du die Kosten als Betriebsausgabe angeben<\/li>\n<\/ol>\n<h2>Maske von der Steuer absetzen<\/h2>\n<p>Geht es um die Kosten f\u00fcr den Mund-Nasen-Schutz, sind die Finanz\u00e4mter leider nicht sehr gro\u00dfz\u00fcgig. Es ist also sehr wahrscheinlich, dass diese Angaben aus der Steuererkl\u00e4rung gestrichen werden. Aber gib nicht auf! Lege unbedingt Einspruch ein \u2013 denn mit der richtigen Argumentation kannst du den Steuervorteil vielleicht doch noch retten.<\/p>\n<h3>1. Mundschutz als Werbungskosten<\/h3>\n<p>Du warst verpflichtet, am Arbeitsplatz eine Mund-Nasen-Schutzmaske zu tragen? Und dein Arbeitgeber stellte dir den Mundschutz nicht kostenfrei zur Verf\u00fcgung? Dann solltest du die Ausgaben als <a title=\"Was z\u00e4hlt alles zu den Werbungskosten?\" href=\"https:\/\/www.buhl.de\/steuer\/ratgeber\/werbungskosten\/\">Werbungskosten<\/a> absetzen.<\/p>\n<p>Als Nachweis sind deine Rechnungen \u00fcber die Mund- und Nasen-Bedeckungen und Schreiben deines Arbeitgebers \u00fcber die Maskenpflicht am Arbeitsplatz hilfreich.<\/p>\n<p>Gleiches k\u00e4me f\u00fcr Masken in Betracht, die du auf deinem Arbeitsweg tragen musstest. Da \u00f6ffentliche Verkehrsmittel ohne diese nicht mehr genutzt werden durften, k\u00f6nnten die Masken ebenfalls als Werbungskosten absetzbar sein. Auch als Mitglied einer Fahrgemeinschaft k\u00f6nntest du den Mundschutz dann steuerlich absetzen.<\/p>\n<p>Vermutlich wird das Finanzamt die Kosten streichen \u2013 mit der Begr\u00fcndung, dass du die Masken auch privat tragen konntest. Aber: Der Bundesfinanzhof (BFH) hat schon F\u00e4lle zugelassen, in denen die Kosten aufgeteilt werden k\u00f6nnen (BFH-Urteil GrS 1\/06 und BFH-Urteil <a title=\"Urteil lesen\" href=\"https:\/\/www.bundesfinanzhof.de\/de\/entscheidung\/entscheidungen-online\/detail\/STRE202110047\/\" target=\"_blank\" rel=\"noopener\">VI R 15\/19<\/a>).<\/p>\n<p>Darauf kannst du dich in einem <a title=\"Einspruch gegen den Einkommensteuerbescheid einlegen\" href=\"https:\/\/www.buhl.de\/steuer\/ratgeber\/einkommen-steuerbescheid\/\">Einspruch<\/a> beziehen. Zus\u00e4tzlich kannst du argumentieren, dass das Tragen einer Maske sowohl am Arbeitsplatz, als auch auf dem Arbeitsweg in \u00f6ffentlichen Verkehrsmitteln verpflichtend war.<\/p>\n<h3>2. Maske als au\u00dfergew\u00f6hnliche Belastung<\/h3>\n<p>m Steuerrecht gilt: Alle Ausgaben, die nicht im Zusammenhang mit Eink\u00fcnften stehen, z\u00e4hlen zu den Kosten der privaten Lebensf\u00fchrung. Damit sind sie steuerlich grunds\u00e4tzlich irrelevant \u2013 also nicht abzugsf\u00e4hig. M\u00f6glich w\u00e4re es theoretisch dennoch, die Masken als <a title=\"Was sind au\u00dfergew\u00f6hnliche Belastungen?\" href=\"https:\/\/www.buhl.de\/steuer\/ratgeber\/aussergewoehnliche-belastungen\/\">au\u00dfergew\u00f6hnliche Belastungen<\/a> abzusetzen.<\/p>\n<p>Eine Steuerersparnis als au\u00dfergew\u00f6hnliche Belastung ist laut Gesetz nur m\u00f6glich, wenn die Kosten nicht bei der Mehrzahl der Steuerzahler anfallen \u2013 eben \u201eau\u00dfergew\u00f6hnlich\u201c sind. Da die Maskenpflicht momentan jedoch f\u00fcr alle in vielen Bereichen der \u00d6ffentlichkeit gilt, wird das Finanzamt die Kosten vermutlich mit dieser Begr\u00fcndung streichen.<\/p>\n<p>Leg trotzdem Einspruch ein. Beziehe dich dabei am besten darauf, dass sogar Krankenh\u00e4user f\u00fcr Masken und Desinfektionsmittel einen \u201eZuschlag f\u00fcr besondere Hygienema\u00dfnahmen\u201c erhoben. Diese Kosten sollten dann auch f\u00fcr die Steuerzahler \u201ebesonders\u201c oder eben \u201eau\u00dfergew\u00f6hnlich\u201c sein.<\/p>\n<p>Zudem hat auch die Bundesregierung berichtet, dass Kosten f\u00fcr Masken einzelfallbezogen sind. Im Umkehrschluss hie\u00dfe das, dass man eben nicht von einer gleichen Belastung f\u00fcr alle Steuerzahler ausgehen kann (<a title=\"Dokument lesen\" href=\"https:\/\/dserver.bundestag.de\/btd\/19\/276\/1927632.pdf\" target=\"_blank\" rel=\"noopener\">Bundestags-Drucksache 19\/27632<\/a>, Seite 120). Einen Versuch ist es also allemal wert!<\/p>\n<h2>Corona-Pr\u00e4mie &amp; Pflegebonus<\/h2>\n<p>Beihilfen und Unterst\u00fctzungen bis 1.500 Euro, die der Arbeitgeber zahlt, sind steuerfrei. Vorausgesetzt, sie sind zur Abmilderung der coronabedingten zus\u00e4tzlichen Aufwendungen und Leistungen, sowie des Zusatzbedarfs bestimmt. Die Pr\u00e4mien k\u00f6nnen in Form von Geldleistungen, aber auch als Sachbez\u00fcge erfolgen. Zun\u00e4chst war die Regelung f\u00fcr Zahlungen vom 1. M\u00e4rz 2020 bis zum 31. Dezember 2020 befristet, wurde dann bis zum 31. M\u00e4rz 2022 verl\u00e4ngert.<\/p>\n<p>Der Steuerfreibetrag bis 1.500 Euro gilt f\u00fcr alle Arbeitnehmer. Egal, in welcher Branche du arbeitest. Es kommt auch nicht darauf an, ob es sich um eine Vollzeitbesch\u00e4ftigung, Teilzeitbesch\u00e4ftigung oder einen Minijob handelt.<\/p>\n<p>Pflegekr\u00e4fte im Krankenhaus und Besch\u00e4ftigte in der Altenpflege konnten von ihrem Arbeitgeber einen Pflegebonus erhalten \u2013 bis zu einer H\u00f6he von 4.500 Euro (sozialversicherungs- und steuerfrei). Neben festangestellten Pflegekr\u00e4ften konnten sich auch Auszubildende, Helfer im freiwilligen sozialen Jahr, Mitarbeiter im Freiwilligendienst und Leiharbeiter \u00fcber den Bonus freuen. Er musste bis zum 31. Dezember 2022 ausgezahlt werden.<\/p>\n<p>Die steuerfreien Corona-Pr\u00e4mien unterliegen nicht dem\u202f<a title=\"Was ist der Progressionsvorbehalt?\" href=\"https:\/\/www.buhl.de\/steuer\/ratgeber\/progressionsvorbehalt\/\">Progressionsvorbehalt<\/a>\u202fund sind zudem sozialversicherungsfrei. In deiner Steuererkl\u00e4rung\u202fmusst du diese also nicht eintragen. Das hei\u00dft nat\u00fcrlich auch, dass f\u00fcr dich dadurch keine Verpflichtung entsteht, eine Steuererkl\u00e4rung abzugeben.<\/p>\n<p>Wir empfehlen dir aber trotzdem eine abzugeben. Denn in den meisten F\u00e4llen lohnt sich die Steuererkl\u00e4rung \u2013 mit\u202fWISO Steuer\u202fholst du im Durchschnitt sogar 1.674 Euro zur\u00fcck. Das solltest du dir nicht entgehen lassen!<\/p>\n<h2>R\u00fcckholaktion steuerlich absetzen<\/h2>\n<p>Kurz nach Ausbruch des Corona-Virus veranlasste die Bundesregierung eine R\u00fcckholaktion. Im Fr\u00fchjahr 2020 holte sie rund 240.000 Urlauber aus aller Welt nach Deutschland zur\u00fcck.<\/p>\n<p>Doch die Aktion war teuer \u2013 und so erhielt ein Gro\u00dfteil der Urlauber kurze Zeit sp\u00e4ter auch die Rechnung daf\u00fcr. Eigentlich sind Kosten rund um den Urlaub reines Privatvergn\u00fcgen.<\/p>\n<p>Bei der R\u00fcckholaktion 2020 lag aber eine besondere Situation vor. Immerhin war bei Reiseantritt nicht abzusehen, dass das Virus sich weltweit so schnell ausbreitet. Deshalb sollten Betroffene die Kosten als <a title=\"Was sind au\u00dfergew\u00f6hnliche Belastungen?\" href=\"https:\/\/www.buhl.de\/steuer\/ratgeber\/aussergewoehnliche-belastungen\/\">au\u00dfergew\u00f6hnliche Belastung<\/a> in ihrer Steuererkl\u00e4rung angeben. Ob das Finanzamt diese allerdings anerkennt, ist fraglich.<\/p>\n<p>Aktuell lehnt die Finanzverwaltung den Kostenabzug mit der Begr\u00fcndung ab, eine Urlaubsreise sei nicht notwendig entstanden. Und eben diese Notwendigkeit ist aber Voraussetzung f\u00fcr den Abzug von au\u00dfergew\u00f6hnlichen Belastungen.<\/p>\n","protected":false},"excerpt":{"rendered":"<p>2020 bis 2023 herrschte in vielen Bereichen Ausnahmezustand: Einrichtungen schlie\u00dfen aus Sicherheitsgr\u00fcnden, Arbeitnehmer weichen ins Homeoffice aus. In der Steuerwelt wirkt sich die Corona-Pandemie noch bis heute aus. Wir fassen alle steuerlichen \u00c4nderungen zusammen.<\/p>\n","protected":false},"author":220,"featured_media":56472,"comment_status":"closed","ping_status":"open","sticky":false,"template":"","format":"standard","meta":{"_acf_changed":false,"footnotes":""},"categories":[2813,2808],"tags":[],"class_list":["post-56560","post","type-post","status-publish","format-standard","has-post-thumbnail","hentry","category-corona","category-arbeit"],"yoast_head":"<!-- This site is optimized with the Yoast SEO Premium plugin v27.4 (Yoast SEO v27.5) - https:\/\/yoast.com\/product\/yoast-seo-premium-wordpress\/ -->\n<title>Corona: Das ist wichtig bei der Steuererkl\u00e4rung<\/title>\n<meta name=\"description\" content=\"Welche \u00c4nderungen gelten bei der Steuererkl\u00e4rung wegen Corona? \ud83d\ude37 Alle Infos im \u00dcberblick \u27a1\ufe0f Hier informieren.\" \/>\n<meta name=\"robots\" content=\"index, follow, max-snippet:-1, max-image-preview:large, max-video-preview:-1\" \/>\n<link rel=\"canonical\" href=\"https:\/\/www.buhl.de\/steuer\/ratgeber\/corona-krise\/\" \/>\n<meta property=\"og:locale\" content=\"de_DE\" \/>\n<meta property=\"og:type\" content=\"article\" \/>\n<meta property=\"og:title\" content=\"Corona &amp; Steuern\" \/>\n<meta property=\"og:description\" content=\"Welche \u00c4nderungen gelten bei der Steuererkl\u00e4rung wegen Corona? \ud83d\ude37 Alle Infos im \u00dcberblick \u27a1\ufe0f Hier informieren.\" \/>\n<meta property=\"og:url\" content=\"https:\/\/www.buhl.de\/steuer\/ratgeber\/corona-krise\/\" \/>\n<meta property=\"og:site_name\" content=\"WISO Steuer: Nr.1 App f\u00fcr die Steuererkl\u00e4rung\" \/>\n<meta property=\"article:published_time\" content=\"2020-03-30T09:45:13+00:00\" \/>\n<meta property=\"article:modified_time\" content=\"2025-04-03T15:04:32+00:00\" \/>\n<meta property=\"og:image\" content=\"https:\/\/www.buhl.de\/steuer\/wp-content\/uploads\/sites\/31\/2022\/12\/anlage-corona-hilfen.jpg\" \/>\n\t<meta property=\"og:image:width\" content=\"976\" \/>\n\t<meta property=\"og:image:height\" content=\"400\" \/>\n\t<meta property=\"og:image:type\" content=\"image\/jpeg\" \/>\n<meta name=\"author\" content=\"Udo Reu\u00df\" \/>\n<meta name=\"twitter:card\" content=\"summary_large_image\" \/>\n<meta name=\"twitter:label1\" content=\"Verfasst von\" \/>\n\t<meta name=\"twitter:data1\" content=\"Udo Reu\u00df\" \/>\n\t<meta name=\"twitter:label2\" content=\"Gesch\u00e4tzte Lesezeit\" \/>\n\t<meta name=\"twitter:data2\" content=\"9\u00a0Minuten\" \/>\n<script type=\"application\/ld+json\" class=\"yoast-schema-graph\">{\"@context\":\"https:\\\/\\\/schema.org\",\"@graph\":[{\"@type\":\"Article\",\"@id\":\"https:\\\/\\\/www.buhl.de\\\/steuer\\\/ratgeber\\\/corona-krise\\\/#article\",\"isPartOf\":{\"@id\":\"https:\\\/\\\/www.buhl.de\\\/steuer\\\/ratgeber\\\/corona-krise\\\/\"},\"author\":{\"name\":\"Udo Reu\u00df\",\"@id\":\"https:\\\/\\\/www.buhl.de\\\/steuer\\\/#\\\/schema\\\/person\\\/03b5508d4c85dc193be95cb4e2d78423\"},\"headline\":\"Corona &amp; Steuern\",\"datePublished\":\"2020-03-30T09:45:13+00:00\",\"dateModified\":\"2025-04-03T15:04:32+00:00\",\"mainEntityOfPage\":{\"@id\":\"https:\\\/\\\/www.buhl.de\\\/steuer\\\/ratgeber\\\/corona-krise\\\/\"},\"wordCount\":1637,\"publisher\":{\"@id\":\"https:\\\/\\\/www.buhl.de\\\/steuer\\\/#organization\"},\"image\":{\"@id\":\"https:\\\/\\\/www.buhl.de\\\/steuer\\\/ratgeber\\\/corona-krise\\\/#primaryimage\"},\"thumbnailUrl\":\"https:\\\/\\\/www.buhl.de\\\/steuer\\\/wp-content\\\/uploads\\\/sites\\\/31\\\/2022\\\/12\\\/anlage-corona-hilfen.jpg\",\"articleSection\":[\"Ratgeber: Coronavirus &amp; Steuern\",\"Ratgeber: Steuern &amp; Gehalt\"],\"inLanguage\":\"de\"},{\"@type\":\"WebPage\",\"@id\":\"https:\\\/\\\/www.buhl.de\\\/steuer\\\/ratgeber\\\/corona-krise\\\/\",\"url\":\"https:\\\/\\\/www.buhl.de\\\/steuer\\\/ratgeber\\\/corona-krise\\\/\",\"name\":\"Corona: Das ist wichtig bei der Steuererkl\u00e4rung\",\"isPartOf\":{\"@id\":\"https:\\\/\\\/www.buhl.de\\\/steuer\\\/#website\"},\"primaryImageOfPage\":{\"@id\":\"https:\\\/\\\/www.buhl.de\\\/steuer\\\/ratgeber\\\/corona-krise\\\/#primaryimage\"},\"image\":{\"@id\":\"https:\\\/\\\/www.buhl.de\\\/steuer\\\/ratgeber\\\/corona-krise\\\/#primaryimage\"},\"thumbnailUrl\":\"https:\\\/\\\/www.buhl.de\\\/steuer\\\/wp-content\\\/uploads\\\/sites\\\/31\\\/2022\\\/12\\\/anlage-corona-hilfen.jpg\",\"datePublished\":\"2020-03-30T09:45:13+00:00\",\"dateModified\":\"2025-04-03T15:04:32+00:00\",\"description\":\"Welche \u00c4nderungen gelten bei der Steuererkl\u00e4rung wegen Corona? \ud83d\ude37 Alle Infos im \u00dcberblick \u27a1\ufe0f Hier informieren.\",\"breadcrumb\":{\"@id\":\"https:\\\/\\\/www.buhl.de\\\/steuer\\\/ratgeber\\\/corona-krise\\\/#breadcrumb\"},\"inLanguage\":\"de\",\"potentialAction\":[{\"@type\":\"ReadAction\",\"target\":[\"https:\\\/\\\/www.buhl.de\\\/steuer\\\/ratgeber\\\/corona-krise\\\/\"]}]},{\"@type\":\"ImageObject\",\"inLanguage\":\"de\",\"@id\":\"https:\\\/\\\/www.buhl.de\\\/steuer\\\/ratgeber\\\/corona-krise\\\/#primaryimage\",\"url\":\"https:\\\/\\\/www.buhl.de\\\/steuer\\\/wp-content\\\/uploads\\\/sites\\\/31\\\/2022\\\/12\\\/anlage-corona-hilfen.jpg\",\"contentUrl\":\"https:\\\/\\\/www.buhl.de\\\/steuer\\\/wp-content\\\/uploads\\\/sites\\\/31\\\/2022\\\/12\\\/anlage-corona-hilfen.jpg\",\"width\":976,\"height\":400},{\"@type\":\"BreadcrumbList\",\"@id\":\"https:\\\/\\\/www.buhl.de\\\/steuer\\\/ratgeber\\\/corona-krise\\\/#breadcrumb\",\"itemListElement\":[{\"@type\":\"ListItem\",\"position\":1,\"name\":\"Steuererkl\u00e4rung\",\"item\":\"https:\\\/\\\/www.buhl.de\\\/steuer\\\/\"},{\"@type\":\"ListItem\",\"position\":2,\"name\":\"Corona &amp; Steuern\"}]},{\"@type\":\"WebSite\",\"@id\":\"https:\\\/\\\/www.buhl.de\\\/steuer\\\/#website\",\"url\":\"https:\\\/\\\/www.buhl.de\\\/steuer\\\/\",\"name\":\"WISO Steuer: Nr. 1 Steuer-App\",\"description\":\"\",\"publisher\":{\"@id\":\"https:\\\/\\\/www.buhl.de\\\/steuer\\\/#organization\"},\"potentialAction\":[{\"@type\":\"SearchAction\",\"target\":{\"@type\":\"EntryPoint\",\"urlTemplate\":\"https:\\\/\\\/www.buhl.de\\\/steuer\\\/?s={search_term_string}\"},\"query-input\":{\"@type\":\"PropertyValueSpecification\",\"valueRequired\":true,\"valueName\":\"search_term_string\"}}],\"inLanguage\":\"de\"},{\"@type\":\"Organization\",\"@id\":\"https:\\\/\\\/www.buhl.de\\\/steuer\\\/#organization\",\"name\":\"WISO Steuer | Buhl Data Service GmbH\",\"url\":\"https:\\\/\\\/www.buhl.de\\\/steuer\\\/\",\"logo\":{\"@type\":\"ImageObject\",\"inLanguage\":\"de\",\"@id\":\"https:\\\/\\\/www.buhl.de\\\/steuer\\\/#\\\/schema\\\/logo\\\/image\\\/\",\"url\":\"https:\\\/\\\/www.buhl.de\\\/steuer\\\/wp-content\\\/uploads\\\/sites\\\/31\\\/2026\\\/02\\\/logo-wiso-steuer-app.svg\",\"contentUrl\":\"https:\\\/\\\/www.buhl.de\\\/steuer\\\/wp-content\\\/uploads\\\/sites\\\/31\\\/2026\\\/02\\\/logo-wiso-steuer-app.svg\",\"width\":375,\"height\":72,\"caption\":\"WISO Steuer | Buhl Data Service GmbH\"},\"image\":{\"@id\":\"https:\\\/\\\/www.buhl.de\\\/steuer\\\/#\\\/schema\\\/logo\\\/image\\\/\"}},{\"@type\":\"Person\",\"@id\":\"https:\\\/\\\/www.buhl.de\\\/steuer\\\/#\\\/schema\\\/person\\\/03b5508d4c85dc193be95cb4e2d78423\",\"name\":\"Udo Reu\u00df\",\"image\":{\"@type\":\"ImageObject\",\"inLanguage\":\"de\",\"@id\":\"https:\\\/\\\/www.buhl.de\\\/steuer\\\/wp-content\\\/uploads\\\/sites\\\/31\\\/2024\\\/07\\\/udo.png\",\"url\":\"https:\\\/\\\/www.buhl.de\\\/steuer\\\/wp-content\\\/uploads\\\/sites\\\/31\\\/2024\\\/07\\\/udo.png\",\"contentUrl\":\"https:\\\/\\\/www.buhl.de\\\/steuer\\\/wp-content\\\/uploads\\\/sites\\\/31\\\/2024\\\/07\\\/udo.png\",\"caption\":\"Udo Reu\u00df\"},\"sameAs\":[\"https:\\\/\\\/www.buhl.de\\\/steuer\\\/autoren\\\/udo-reuss\\\/\"]}]}<\/script>\n<!-- \/ Yoast SEO Premium plugin. -->","yoast_head_json":{"title":"Corona: Das ist wichtig bei der Steuererkl\u00e4rung","description":"Welche \u00c4nderungen gelten bei der Steuererkl\u00e4rung wegen Corona? \ud83d\ude37 Alle Infos im \u00dcberblick \u27a1\ufe0f Hier informieren.","robots":{"index":"index","follow":"follow","max-snippet":"max-snippet:-1","max-image-preview":"max-image-preview:large","max-video-preview":"max-video-preview:-1"},"canonical":"https:\/\/www.buhl.de\/steuer\/ratgeber\/corona-krise\/","og_locale":"de_DE","og_type":"article","og_title":"Corona &amp; Steuern","og_description":"Welche \u00c4nderungen gelten bei der Steuererkl\u00e4rung wegen Corona? \ud83d\ude37 Alle Infos im \u00dcberblick \u27a1\ufe0f Hier informieren.","og_url":"https:\/\/www.buhl.de\/steuer\/ratgeber\/corona-krise\/","og_site_name":"WISO Steuer: Nr.1 App f\u00fcr die Steuererkl\u00e4rung","article_published_time":"2020-03-30T09:45:13+00:00","article_modified_time":"2025-04-03T15:04:32+00:00","og_image":[{"width":976,"height":400,"url":"https:\/\/www.buhl.de\/steuer\/wp-content\/uploads\/sites\/31\/2022\/12\/anlage-corona-hilfen.jpg","type":"image\/jpeg"}],"author":"Udo Reu\u00df","twitter_card":"summary_large_image","twitter_misc":{"Verfasst von":"Udo Reu\u00df","Gesch\u00e4tzte Lesezeit":"9\u00a0Minuten"},"schema":{"@context":"https:\/\/schema.org","@graph":[{"@type":"Article","@id":"https:\/\/www.buhl.de\/steuer\/ratgeber\/corona-krise\/#article","isPartOf":{"@id":"https:\/\/www.buhl.de\/steuer\/ratgeber\/corona-krise\/"},"author":{"name":"Udo Reu\u00df","@id":"https:\/\/www.buhl.de\/steuer\/#\/schema\/person\/03b5508d4c85dc193be95cb4e2d78423"},"headline":"Corona &amp; Steuern","datePublished":"2020-03-30T09:45:13+00:00","dateModified":"2025-04-03T15:04:32+00:00","mainEntityOfPage":{"@id":"https:\/\/www.buhl.de\/steuer\/ratgeber\/corona-krise\/"},"wordCount":1637,"publisher":{"@id":"https:\/\/www.buhl.de\/steuer\/#organization"},"image":{"@id":"https:\/\/www.buhl.de\/steuer\/ratgeber\/corona-krise\/#primaryimage"},"thumbnailUrl":"https:\/\/www.buhl.de\/steuer\/wp-content\/uploads\/sites\/31\/2022\/12\/anlage-corona-hilfen.jpg","articleSection":["Ratgeber: Coronavirus &amp; Steuern","Ratgeber: Steuern &amp; Gehalt"],"inLanguage":"de"},{"@type":"WebPage","@id":"https:\/\/www.buhl.de\/steuer\/ratgeber\/corona-krise\/","url":"https:\/\/www.buhl.de\/steuer\/ratgeber\/corona-krise\/","name":"Corona: Das ist wichtig bei der Steuererkl\u00e4rung","isPartOf":{"@id":"https:\/\/www.buhl.de\/steuer\/#website"},"primaryImageOfPage":{"@id":"https:\/\/www.buhl.de\/steuer\/ratgeber\/corona-krise\/#primaryimage"},"image":{"@id":"https:\/\/www.buhl.de\/steuer\/ratgeber\/corona-krise\/#primaryimage"},"thumbnailUrl":"https:\/\/www.buhl.de\/steuer\/wp-content\/uploads\/sites\/31\/2022\/12\/anlage-corona-hilfen.jpg","datePublished":"2020-03-30T09:45:13+00:00","dateModified":"2025-04-03T15:04:32+00:00","description":"Welche \u00c4nderungen gelten bei der Steuererkl\u00e4rung wegen Corona? \ud83d\ude37 Alle Infos im \u00dcberblick \u27a1\ufe0f Hier informieren.","breadcrumb":{"@id":"https:\/\/www.buhl.de\/steuer\/ratgeber\/corona-krise\/#breadcrumb"},"inLanguage":"de","potentialAction":[{"@type":"ReadAction","target":["https:\/\/www.buhl.de\/steuer\/ratgeber\/corona-krise\/"]}]},{"@type":"ImageObject","inLanguage":"de","@id":"https:\/\/www.buhl.de\/steuer\/ratgeber\/corona-krise\/#primaryimage","url":"https:\/\/www.buhl.de\/steuer\/wp-content\/uploads\/sites\/31\/2022\/12\/anlage-corona-hilfen.jpg","contentUrl":"https:\/\/www.buhl.de\/steuer\/wp-content\/uploads\/sites\/31\/2022\/12\/anlage-corona-hilfen.jpg","width":976,"height":400},{"@type":"BreadcrumbList","@id":"https:\/\/www.buhl.de\/steuer\/ratgeber\/corona-krise\/#breadcrumb","itemListElement":[{"@type":"ListItem","position":1,"name":"Steuererkl\u00e4rung","item":"https:\/\/www.buhl.de\/steuer\/"},{"@type":"ListItem","position":2,"name":"Corona &amp; Steuern"}]},{"@type":"WebSite","@id":"https:\/\/www.buhl.de\/steuer\/#website","url":"https:\/\/www.buhl.de\/steuer\/","name":"WISO Steuer: Nr. 1 Steuer-App","description":"","publisher":{"@id":"https:\/\/www.buhl.de\/steuer\/#organization"},"potentialAction":[{"@type":"SearchAction","target":{"@type":"EntryPoint","urlTemplate":"https:\/\/www.buhl.de\/steuer\/?s={search_term_string}"},"query-input":{"@type":"PropertyValueSpecification","valueRequired":true,"valueName":"search_term_string"}}],"inLanguage":"de"},{"@type":"Organization","@id":"https:\/\/www.buhl.de\/steuer\/#organization","name":"WISO Steuer | Buhl Data Service GmbH","url":"https:\/\/www.buhl.de\/steuer\/","logo":{"@type":"ImageObject","inLanguage":"de","@id":"https:\/\/www.buhl.de\/steuer\/#\/schema\/logo\/image\/","url":"https:\/\/www.buhl.de\/steuer\/wp-content\/uploads\/sites\/31\/2026\/02\/logo-wiso-steuer-app.svg","contentUrl":"https:\/\/www.buhl.de\/steuer\/wp-content\/uploads\/sites\/31\/2026\/02\/logo-wiso-steuer-app.svg","width":375,"height":72,"caption":"WISO Steuer | Buhl Data Service GmbH"},"image":{"@id":"https:\/\/www.buhl.de\/steuer\/#\/schema\/logo\/image\/"}},{"@type":"Person","@id":"https:\/\/www.buhl.de\/steuer\/#\/schema\/person\/03b5508d4c85dc193be95cb4e2d78423","name":"Udo Reu\u00df","image":{"@type":"ImageObject","inLanguage":"de","@id":"https:\/\/www.buhl.de\/steuer\/wp-content\/uploads\/sites\/31\/2024\/07\/udo.png","url":"https:\/\/www.buhl.de\/steuer\/wp-content\/uploads\/sites\/31\/2024\/07\/udo.png","contentUrl":"https:\/\/www.buhl.de\/steuer\/wp-content\/uploads\/sites\/31\/2024\/07\/udo.png","caption":"Udo Reu\u00df"},"sameAs":["https:\/\/www.buhl.de\/steuer\/autoren\/udo-reuss\/"]}]}},"acf":[],"wps_subtitle":"Ausnahmezustand auch bei der Steuererkl\u00e4rung","_links":{"self":[{"href":"https:\/\/www.buhl.de\/steuer\/wp-json\/wp\/v2\/posts\/56560","targetHints":{"allow":["GET"]}}],"collection":[{"href":"https:\/\/www.buhl.de\/steuer\/wp-json\/wp\/v2\/posts"}],"about":[{"href":"https:\/\/www.buhl.de\/steuer\/wp-json\/wp\/v2\/types\/post"}],"author":[{"embeddable":true,"href":"https:\/\/www.buhl.de\/steuer\/wp-json\/wp\/v2\/users\/220"}],"replies":[{"embeddable":true,"href":"https:\/\/www.buhl.de\/steuer\/wp-json\/wp\/v2\/comments?post=56560"}],"version-history":[{"count":20,"href":"https:\/\/www.buhl.de\/steuer\/wp-json\/wp\/v2\/posts\/56560\/revisions"}],"predecessor-version":[{"id":68804,"href":"https:\/\/www.buhl.de\/steuer\/wp-json\/wp\/v2\/posts\/56560\/revisions\/68804"}],"wp:featuredmedia":[{"embeddable":true,"href":"https:\/\/www.buhl.de\/steuer\/wp-json\/wp\/v2\/media\/56472"}],"wp:attachment":[{"href":"https:\/\/www.buhl.de\/steuer\/wp-json\/wp\/v2\/media?parent=56560"}],"wp:term":[{"taxonomy":"category","embeddable":true,"href":"https:\/\/www.buhl.de\/steuer\/wp-json\/wp\/v2\/categories?post=56560"},{"taxonomy":"post_tag","embeddable":true,"href":"https:\/\/www.buhl.de\/steuer\/wp-json\/wp\/v2\/tags?post=56560"}],"curies":[{"name":"wp","href":"https:\/\/api.w.org\/{rel}","templated":true}]}}