{"id":57278,"date":"2024-04-18T14:40:37","date_gmt":"2024-04-18T12:40:37","guid":{"rendered":"https:\/\/www.buhl.de\/steuer\/?p=57278"},"modified":"2025-11-19T13:16:18","modified_gmt":"2025-11-19T12:16:18","slug":"dienstfahrrad","status":"publish","type":"post","link":"https:\/\/www.buhl.de\/steuer\/ratgeber\/dienstfahrrad\/","title":{"rendered":"Jobrad &amp; Steuererkl\u00e4rung"},"content":{"rendered":"<p>Immer mehr Arbeitnehmer haben die Chance, ein Dienstfahrrad vom Chef zu erhalten. Der Arbeitgeber least das Firmenrad (oft ein E-Bike), das der Mitarbeiter auch privat nutzen darf. Nach Ende der Leasinglaufzeit ist dann der Kauf des Dienstrads m\u00f6glich. Wir zeigen, was dabei zu beachten ist. <!--more--><\/p>\n<h2>Kurz &amp; knapp<\/h2>\n<ul>\n<li>Du bekommst ein geleastes Dienstrad vom Chef aufgrund einer Gehaltsumwandlung oder eines Gehaltsextras<\/li>\n<li>Bei einer Gehaltsumwandlung muss die Privatnutzung als geldwerter Vorteil versteuert werden<\/li>\n<li>Zu versteuern ist pro Monat 0,25 Prozent des Bruttolistenpreises, au\u00dferdem sparst du bei einer Gehaltsumwandlung Sozialabgaben<\/li>\n<li>Beim Kauf des Dienstfahrrads nach Leasingende sind Steuern f\u00e4llig, die in der Regel der Leasinganbieter \u00fcbernimmt<\/li>\n<\/ul>\n<h2>Jobrad versteuern: Diese Regeln gelten<\/h2>\n<p>Statt dir ein Bike komplett selbst zu finanzieren, kannst du es auch \u00fcber deinen Arbeitgeber anschaffen. Meist wird das Fahrrad \u00fcber 3 Jahre geleast und dein Arbeitgeber zahlt Leasingraten, Versicherung und Wartung f\u00fcr das Rad. F\u00fcr dich gibt es 2 M\u00f6glichkeiten zur finanziellen Abwicklung:<\/p>\n<ul class=\"sw-blog-icon sw-blog-icon-3\">\n<li><strong>Gehaltsumwandlung<\/strong>: Ein Teil deines Lohns wird dir als Sachzuwendung statt als Geld gew\u00e4hrt. Dir steht das Dienstfahrrad zur freien Verf\u00fcgung. In der Praxis ist das die \u00fcblichere Variante.<\/li>\n<li><strong>Gehaltsextra<\/strong>: Zus\u00e4tzlich zu deinem Gehalt bekommst du das Dienstrad und der Arbeitgeber \u00fcbernimmt die gesamten Kosten.<\/li>\n<\/ul>\n<p>Wird dir das Dienstfahrrad als Gehaltsextra zur Verf\u00fcgung gestellt, bleibt die Privatnutzung <strong>steuerfrei<\/strong>. Diese Regel gilt seit 2019. Anders sieht es bei der Gehaltsumwandlung aus.<\/p>\n<h3>Privatnutzung eines E-Bikes als geldwerter Vorteil<\/h3>\n<p>Bekommst du \u00fcber deinen Arbeitgeber ein Fahrrad, nutzt du das in der Regel nicht nur f\u00fcr den Weg zum B\u00fcro, sondern auch privat. Das stellt aber einen steuerpflichtigen <strong>geldwerten Vorteil<\/strong> dar.<\/p>\n<p>Handelt es sich um eine Gehaltsumwandlung, fallen f\u00fcr die Privatnutzung Steuern an. Daf\u00fcr gibt es eine pauschale Berechnung: Der Bruttolistenpreis (unverbindliche Preisempfehlung) wird geviertelt und dann auf volle 100 Euro abgerundet. 1 Prozent davon wird als <a title=\"Geldwerter Vorteil: So werden Benefits versteuert\" href=\"https:\/\/www.buhl.de\/steuer\/ratgeber\/geldwerter-vorteil\/\">geldwerter Vorteil<\/a> angesetzt. Unterm Strich sind das jeden Monat <strong>0,25 Prozent vom Bruttolistenpreis<\/strong>.<\/p>\n<p>\u00dcbrigens: Bis 2019 galt noch die 1-Prozent-Regelung f\u00fcr die Privatnutzung von Dienstfahrr\u00e4dern, \u00e4hnlich wie bei Firmenwagen. Seit 2020 wird aber mit 0,25 Prozent gerechnet.<\/p>\n<p>Die Steuern werden von deinem Arbeitgeber berechnet und an das Finanzamt weitergegeben. Das passiert automatisch. Du brauchst daf\u00fcr nichts extra zu tun.<\/p>\n<p>Beispiel: Ein E-Bike kostet 2.500 Euro (unverbindliche Preisempfehlung). Ein Viertel davon sind 625 Euro. Abgerundet ergibt dies 600 Euro. 1 Prozent davon sind 6 Euro als monatlicher geldwerter Vorteil.<\/p>\n<p>Bei der Gehaltsumwandlung tr\u00e4gst du als Arbeitnehmer die Kosten. Oft beteiligt sich der Arbeitgeber mit einem Zuschuss; in der Regel \u00fcbernimmt er mindestens den Versicherungsbeitrag an die Leasinggesellschaft.<\/p>\n<h3>Lohnt sich das?<\/h3>\n<p>Um eine Entscheidung f\u00fcr oder gegen ein Dienstfahrrad zu treffen, solltest du ermitteln, wie viel du jeden Monat selbst zahlen musst. Viele Anbieter haben f\u00fcr diesen Zweck auf ihrer Homepage einen <strong>Dienstfahrradrechner<\/strong> integriert. Als Beispiel haben wir bei Jobrad folgende Konstellation f\u00fcr einen Arbeitnehmer mit folgenden Daten berechnet (Stand: 15. M\u00e4rz 2024):<\/p>\n<p>Bruttogehalt 4.000 \u20ac, Steuerklasse 1, gesetzlich krankenversichert mit Zusatzbeitrag von 1,7 Prozent, kirchensteuerpflichtig, ohne Kind.<\/p>\n<p>Dienstfahrrad f\u00fcr 2.500 \u20ac (unverbindliche Preisempfehlung), monatliche Leasing-Rate von 72,69 \u20ac und 5 \u20ac f\u00fcr Inspektion = 77,69 \u20ac, die der Arbeitnehmer faktisch \u00fcber die Gehaltsumwandlung zahlt.<\/p>\n<p>Der Arbeitgeber tr\u00e4gt eine monatliche Fahrradversicherung von 7,35 Euro.<\/p>\n<div class=\"tablepress-wrapper\"> \n<table id=\"tablepress-172\" class=\"tablepress tablepress-id-172\">\n<thead>\n<tr class=\"row-1\">\n\t<td class=\"column-1\"><\/td><th class=\"column-2\">Ohne Rad<\/th><th class=\"column-3\">Mit Rad<\/th>\n<\/tr>\n<\/thead>\n<tbody class=\"row-striping row-hover\">\n<tr class=\"row-2\">\n\t<td class=\"column-1\">Bruttogehalt<\/td><td class=\"column-2\">  4.000,00 \u20ac<\/td><td class=\"column-3\">  4.000,00 \u20ac<\/td>\n<\/tr>\n<tr class=\"row-3\">\n\t<td class=\"column-1\">Leasingrate als Gehaltsumwandlung<\/td><td class=\"column-2\"><\/td><td class=\"column-3\">- 77,69 \u20ac<\/td>\n<\/tr>\n<tr class=\"row-4\">\n\t<td class=\"column-1\">Geldwerter Vorteil<\/td><td class=\"column-2\"><\/td><td class=\"column-3\">+ 6,00 \u20ac<\/td>\n<\/tr>\n<tr class=\"row-5\">\n\t<td class=\"column-1\">Berechnungsgrundlage<\/td><td class=\"column-2\">  4.000,00 \u20ac<\/td><td class=\"column-3\">  3.928,31 \u20ac<\/td>\n<\/tr>\n<tr class=\"row-6\">\n\t<td class=\"column-1\">Lohnsteuer<\/td><td class=\"column-2\">- 581,41 \u20ac<\/td><td class=\"column-3\">- 562,91 \u20ac<\/td>\n<\/tr>\n<tr class=\"row-7\">\n\t<td class=\"column-1\">Kirchensteuer<\/td><td class=\"column-2\">- 46,51 \u20ac<\/td><td class=\"column-3\">- 45,03 \u20ac<\/td>\n<\/tr>\n<tr class=\"row-8\">\n\t<td class=\"column-1\">Rentenversicherung<\/td><td class=\"column-2\">- 372,00 \u20ac<\/td><td class=\"column-3\">- 365,33 \u20ac<\/td>\n<\/tr>\n<tr class=\"row-9\">\n\t<td class=\"column-1\">Krankenversicherung<\/td><td class=\"column-2\">- 326,00 \u20ac<\/td><td class=\"column-3\">- 320,16 \u20ac<\/td>\n<\/tr>\n<tr class=\"row-10\">\n\t<td class=\"column-1\">Pflegeversicherung<\/td><td class=\"column-2\">- 92,00 \u20ac<\/td><td class=\"column-3\">- 90,35 \u20ac<\/td>\n<\/tr>\n<tr class=\"row-11\">\n\t<td class=\"column-1\">Arbeitslosenversicherung<\/td><td class=\"column-2\">- 52,00 \u20ac<\/td><td class=\"column-3\">- 51,07 \u20ac<\/td>\n<\/tr>\n<tr class=\"row-12\">\n\t<td class=\"column-1\">Versteuerter geldwerter Vorteil<\/td><td class=\"column-2\"><\/td><td class=\"column-3\">- 6,00 \u20ac<\/td>\n<\/tr>\n<tr class=\"row-13\">\n\t<td class=\"column-1\">Nettogehalt<\/td><td class=\"column-2\">  2.530,80 \u20ac<\/td><td class=\"column-3\">  2.487,46 \u20ac<\/td>\n<\/tr>\n<tr class=\"row-14\">\n\t<td class=\"column-1\">Tats\u00e4chliche Nettobelastung<\/td><td class=\"column-2\"><\/td><td class=\"column-3\">  42,62 \u20ac<\/td>\n<\/tr>\n<\/tbody>\n<\/table>\n <\/div><!-- #tablepress-172 from cache -->\n<p>Effektiv zahlst du in diesem Beispiel f\u00fcr die Dienstradnutzung jeden Monat 42,62 \u20ac aus eigener Tasche. Dein Arbeitgeber spart etwas Sozialabgaben. F\u00fcr beide Seiten gibt es also Vorteile.<\/p>\n<h3>Bike Leasing muss in der Steuererkl\u00e4rung nicht eingetragen werden<\/h3>\n<p>Du musst die Privatnutzung deines Zweirads nicht in die <a title=\"Steuererkl\u00e4rung: Alles, was du wissen musst\" href=\"https:\/\/www.buhl.de\/steuer\/ratgeber\/steuererklaerung-machen\/\">Steuererkl\u00e4rung<\/a> eintragen. Das liegt daran, dass dein Arbeitgeber die Versteuerung bereits bei der monatlichen Gehaltsabrechnung ber\u00fccksichtigt hat. Der geldwerte Vorteil und die Steuern sind <strong>in deiner Lohnsteuerbescheinigung bereits enthalten<\/strong>. Das macht es umso einfacher f\u00fcr dich.<\/p>\n<p>In WISO Steuer wird deine <a title=\"\u00dcbersicht deiner Lohnsteuer in der Lohnsteuerbescheingung\" href=\"https:\/\/www.buhl.de\/steuer\/ratgeber\/lohnsteuerbescheinigung-elstam\/\">Lohnsteuerbescheinigung<\/a> sogar automatisch \u00fcbernommen. Dadurch sparst du dir viel Zeit.<\/p>\n<h2>Kauf des Dienstfahrrads nach Leasingende<\/h2>\n<p>Ein typischer Leasing-Vertrag l\u00e4uft 36 Monate. Anbieter von Dienstr\u00e4dern werben damit, dass du nach Ablauf der Leasing-Laufzeit das Firmenrad zu g\u00fcnstigen Konditionen erwerben kannst. Oft sogar f\u00fcr nur circa 15 Prozent des Neupreises. In der Regel ist es aber deutlich mehr wert. Und deshalb entsteht dadurch ein weiterer steuerpflichtiger geldwerter Vorteil.<\/p>\n<p>Die Finanzverwaltung hat aus Vereinfachungsgr\u00fcnden folgende Regel festgesetzt: Das Dienstfahrrad hat beim Kauf noch einen Restwert von 40 Prozent des Neukaufpreises (einschlie\u00dflich Umsatzsteuer). Hast du <strong>weniger als 40 Prozent des Neukaufpreises<\/strong> bezahlt, musst du den Differenzbetrag versteuern \u2013 und zwar als zus\u00e4tzlichen Arbeitslohn. In vielen F\u00e4llen \u00fcbernimmt der Leasinganbieter die <strong>30 Prozent Pauschalsteuer<\/strong>. Wenn das so erfolgt, dann kannst du das Rad ohne weitere Steuerzahlung privat \u00fcbernehmen.<\/p>\n<p>F\u00fcr das oben genannte Beispiel k\u00f6nnte dann folgendes Gesamtergebnis resultieren:<\/p>\n<p>42,62 \u20ac monatliche Nettobelastung x 36 Monate = 1.534,32 \u20ac<\/p>\n<p>+ 2.500 \u20ac (unverbindliche Preisempfehlung) x 15 % = 375 \u20ac<\/p>\n<p>Somit h\u00e4ttest du insgesamt 1.534,32 \u20ac + 375 \u20ac = 1.909,32 \u20ac f\u00fcr das Fahrrad mit einer unverbindlichen Preisempfehlung von 2.500 \u20ac bezahlt und rund ein knappes Viertel gespart.<\/p>\n<h2>Weitere Steuervorteile f\u00fcr ein Jobrad<\/h2>\n<p>Komplett steuerfrei ist das Dienstfahrrad, wenn du es zus\u00e4tzlich zum Arbeitslohn erh\u00e4ltst. Die <strong>Steuerbefreiung<\/strong> erstreckt sich auch auf fest am Rad verbaute Zubeh\u00f6rteile wie zum Beispiel Fahrradst\u00e4nder, Gep\u00e4cktr\u00e4ger, Klingel, Schutzbleche, Schl\u00f6sser, R\u00fcckspiegel und festverbaute Navigationsger\u00e4te (Verf\u00fcgung der Oberfinanzdirektion (OFD) Frankfurt am Main vom 2. Januar 2023).<\/p>\n<p>Kein \u201efahrradtypisches Zubeh\u00f6r\u201c ist hingegen ein mobiles Navigationsger\u00e4t oder ein Helm. Kosten hierf\u00fcr erh\u00f6hen den steuerpflichtigen geldwerten Vorteil.<\/p>\n<h3>Steuererm\u00e4\u00dfigtes Zweitrad f\u00fcr Angeh\u00f6rige<\/h3>\n<p>Der Verwaltungserlass der OFD stellt zudem fest, dass der Arbeitnehmer f\u00fcr seinen Ehepartner oder sein Kind sogar ein zweites Dienstfahrrad bekommen darf. Obwohl der Ehepartner nicht am Arbeitsverh\u00e4ltnis beteiligt ist, gilt die <strong>erm\u00e4\u00dfigte Besteuerung bei einer Gehaltsumwandlung<\/strong> auch f\u00fcr das Zweitrad.<\/p>\n<p>\u00dcbrigens: Das <strong>Aufladen<\/strong> eines dienstlichen E-Bikes im Unternehmen ist <strong>steuerfrei<\/strong>.<\/p>\n<h3>Fahrt mit dem Fahrrad zur Arbeit absetzen<\/h3>\n<p>Du nutzt das Rad f\u00fcr den Weg zur Arbeit? Auch mit dem E-Bike steht dir die sogenannte <a title=\"Pendlerpauschale: Fahrtskosten zur Arbeit\" href=\"https:\/\/www.buhl.de\/steuer\/ratgeber\/pendlerpauschale\/\">Pendlerpauschale<\/a> zu. Damit wird dir f\u00fcr die einfache Strecke zur Arbeit <strong>0,30 Euro pro Kilometer<\/strong> in der Steuererkl\u00e4rung angerechnet. Ab dem 21. Kilometer deines Arbeitswegs gibt es sogar 0,38 Euro. Die Entfernungspauschale ist verkehrsmittelunabh\u00e4ngig. Du kannst sie auch f\u00fcr Fahrten mit dem Auto oder \u00f6ffentlichen Verkehrsmitteln nutzen. Entscheidend ist immer nur die einfache Entfernung, nicht Hin- und R\u00fcckweg.<br \/>\nNutzt du ein vom Arbeitgeber gestelltes Dienstfahrrad, kannst du die Entfernungspauschale f\u00fcr deinen Arbeitsweg trotzdem ganz normal geltend machen \u2013 so senkst du mit jedem Kilometer dein zu versteuerndes Einkommen.<\/p>\n\r\n        <div class=\"spacing-modul  \">\r\n            <div class=\"container spacing-modul\">\r\n               <div class=\"row\">\r\n                   <div id=\"\" class=\"anchor\"><\/div>\r\n                   <div class=\"col-12 modul-spacing-blog-c\"><\/div>\r\n                   <div class=\"col-12 modul-spacing-blog-c\"><\/div>\r\n               <\/div>\r\n            <\/div>\r\n        <\/div>\r\n    \r\n        <div class=\"white-background\">\r\n            <div class=\"container headlines \">\r\n                <div class=\"row\">              \r\n                    <div class=\"col-12 d-flex justify-content-start  justify-content-lg-center\">\r\n                    \t<div id=\"\" class=\"anchor\"><\/div>\r\n                        <div class=\"\">\r\n                           <h2 class=\"font-cairo-1 fw700 text-left text-lg-center blue-font \">FAQ: Jobrad &amp; Steuern<\/h2>                   \r\n                        <\/div>\r\n                    <\/div>\r\n                <\/div>\r\n            <\/div>\r\n        <\/div>\r\n    \n\r\n        <div class=\"white-background\">\r\n            <div class=\"container faq-module blog-download buhl-ap\">\r\n                <div class=\"row\">\r\n                <div class=\"col-12 p-lg-0\">\r\n                \r\n                    <div class=\"accordion accordionFaq\" id=\"accordionFaq\">\n<div class=\"card\">\n<div class=\"d-flex card-header border-0 collapsed\" id=\"heading1\" data-toggle=\"collapse\" data-target=\"#collapse1\"\r\n                    aria-expanded=\"false\" aria-controls=\"collapse1\">                                            \r\n                    <h3 class=\"font-source-sans-pro-1 blue-font no-margin\">Wann ist das Dienstfahrrad steuerfrei?<\/h3>\r\n                <\/div>\r\n\n\r\n        <div id=\"collapse1\" class=\"collapse\" aria-labelledby=\"heading1\" data-parent=\"#accordionFaq\">\r\n            <div class=\"card-body\">\r\n                Wenn du das Dienstrad als Gehaltsextra zus\u00e4tzlich zum Lohn bekommst, musst du keinen geldwerten Vorteil versteuern.                \r\n            <\/div>\r\n        <\/div>\r\n\n<\/div>\n<div class=\"card\">\n<div class=\"d-flex card-header border-0 collapsed\" id=\"heading2\" data-toggle=\"collapse\" data-target=\"#collapse2\"\r\n                    aria-expanded=\"false\" aria-controls=\"collapse2\">                                            \r\n                    <h3 class=\"font-source-sans-pro-1 blue-font no-margin\">Wie wird ein Jobrad versteuert?<\/h3>\r\n                <\/div>\r\n\n\r\n        <div id=\"collapse2\" class=\"collapse\" aria-labelledby=\"heading2\" data-parent=\"#accordionFaq\">\r\n            <div class=\"card-body\">\r\n                F\u00fcr die private Nutzung eines Dienstrads ist ein geldwerter Vorteil zu versteuern, wenn du es per Gehaltsumwandlung finanzierst. Dieser betr\u00e4gt monatlich 0,25 Prozent des Neukaufpreises.                \r\n            <\/div>\r\n        <\/div>\r\n\n<\/div>\n<div class=\"card\">\n<div class=\"d-flex card-header border-0 collapsed\" id=\"heading3\" data-toggle=\"collapse\" data-target=\"#collapse3\"\r\n                    aria-expanded=\"false\" aria-controls=\"collapse3\">                                            \r\n                    <h3 class=\"font-source-sans-pro-1 blue-font no-margin\">Kann ich Fahrtkosten mit dem Fahrrad absetzen?<\/h3>\r\n                <\/div>\r\n\n\r\n        <div id=\"collapse3\" class=\"collapse\" aria-labelledby=\"heading3\" data-parent=\"#accordionFaq\">\r\n            <div class=\"card-body\">\r\n                Ja. Wenn du mit dem Dienstrad zur Arbeit f\u00e4hrst, kannst du 30 Cent pro Kilometer der einfachen Strecke als Entfernungspauschale absetzen. Ab dem 21. Kilometer sind es sogar 38 Cent.                \r\n            <\/div>\r\n        <\/div>\r\n\n<\/div>\n<div class=\"card\">\n<div class=\"d-flex card-header border-0 collapsed\" id=\"heading4\" data-toggle=\"collapse\" data-target=\"#collapse4\"\r\n                    aria-expanded=\"false\" aria-controls=\"collapse4\">                                            \r\n                    <h3 class=\"font-source-sans-pro-1 blue-font no-margin\">Was passiert nach Ablauf des Leasingvertrags?<\/h3>\r\n                <\/div>\r\n\n\r\n        <div id=\"collapse4\" class=\"collapse\" aria-labelledby=\"heading4\" data-parent=\"#accordionFaq\">\r\n            <div class=\"card-body\">\r\n                Nach 3 Jahren endet typischerweise ein Leasingvertrag. Du kannst dann das Dienstrad zur\u00fcckgeben und gegebenenfalls \u00fcber den Arbeitgeber ein neues leasen.<\/p>\n<p>Oft ist es m\u00f6glich, das Rad f\u00fcr circa 15 Prozent des Bruttolistenpreises zu kaufen. Die Finanzverwaltung geht davon aus, dass der Restwert bei 40 Prozent liegt. Hast du weniger bezahlt, stellt die Differenz einen geldwerten Vorteil dar, den in der Regel der Leasinganbieter pauschal mit 30 Prozent versteuert. Wenn das so erfolgt, kannst du das Rad ohne weitere Steuerzahlung privat \u00fcbernehmen.                \r\n            <\/div>\r\n        <\/div>\r\n\n<\/div>\n<div class=\"card\">\n<div class=\"d-flex card-header border-0 collapsed\" id=\"heading5\" data-toggle=\"collapse\" data-target=\"#collapse5\"\r\n                    aria-expanded=\"false\" aria-controls=\"collapse5\">                                            \r\n                    <h3 class=\"font-source-sans-pro-1 blue-font no-margin\">Wie wird ein schnelles Pedelec versteuert?<\/h3>\r\n                <\/div>\r\n\n\r\n        <div id=\"collapse5\" class=\"collapse\" aria-labelledby=\"heading5\" data-parent=\"#accordionFaq\">\r\n            <div class=\"card-body\">\r\n                Ein S-Pedelec kann bis zu 45 Stundenkilometer erreichen, ist versicherungspflichtig und gilt daher als Kraftfahrzeug. Es wird steuerlich wie ein Elektro-Dienstwagen behandelt. Der monatliche geldwerte Vorteil betr\u00e4gt 0,25 Prozent des Bruttolistenpreises. F\u00fcr die Fahrten zum Arbeitsplatz sind zus\u00e4tzlich 0,03 Prozent pro Kilometer der einfachen Arbeitswegstrecke zu versteuern.                \r\n            <\/div>\r\n        <\/div>\r\n\n<\/div>\n<div class=\"card\">\n<div class=\"d-flex card-header border-0 collapsed\" id=\"heading6\" data-toggle=\"collapse\" data-target=\"#collapse6\"\r\n                    aria-expanded=\"false\" aria-controls=\"collapse6\">                                            \r\n                    <h3 class=\"font-source-sans-pro-1 blue-font no-margin\">Wie gebe ich das Jobrad in der Steuererkl\u00e4rung an?<\/h3>\r\n                <\/div>\r\n\n\r\n        <div id=\"collapse6\" class=\"collapse\" aria-labelledby=\"heading6\" data-parent=\"#accordionFaq\">\r\n            <div class=\"card-body\">\r\n                Das Dienstrad wird bereits bei der monatlichen Gehaltsabrechnung versteuert. Es muss in der Steuererkl\u00e4rung nicht eingetragen werden.                \r\n            <\/div>\r\n        <\/div>\r\n\n<\/div>\n<div class=\"card\">\n<div class=\"d-flex card-header border-0 collapsed\" id=\"heading7\" data-toggle=\"collapse\" data-target=\"#collapse7\"\r\n                    aria-expanded=\"false\" aria-controls=\"collapse7\">                                            \r\n                    <h3 class=\"font-source-sans-pro-1 blue-font no-margin\">Wie berechne ich die Privatnutzung eines E-Bikes?<\/h3>\r\n                <\/div>\r\n\n\r\n        <div id=\"collapse7\" class=\"collapse\" aria-labelledby=\"heading7\" data-parent=\"#accordionFaq\">\r\n            <div class=\"card-body\">\r\n                Zu versteuern ist jeden Monat 1 Prozent des auf 100 Euro abgerundeten geviertelten Bruttolistenpreises, unterm Strich sind das 0,25 Prozent als geldwerter Vorteil.                \r\n            <\/div>\r\n        <\/div>\r\n\n<\/div>\n<div class=\"card\">\n<div class=\"d-flex card-header border-0 collapsed\" id=\"heading8\" data-toggle=\"collapse\" data-target=\"#collapse8\"\r\n                    aria-expanded=\"false\" aria-controls=\"collapse8\">                                            \r\n                    <h3 class=\"font-source-sans-pro-1 blue-font no-margin\">Kann ich das Jobrad von der Steuer absetzen?<\/h3>\r\n                <\/div>\r\n\n\r\n        <div id=\"collapse8\" class=\"collapse\" aria-labelledby=\"heading8\" data-parent=\"#accordionFaq\">\r\n            <div class=\"card-body\">\r\n                Selbst wenn du die Kosten im Rahmen einer Gehaltsumwandlung selbst tr\u00e4gst, kannst du sie nicht absetzen. F\u00fcr die Fahrten zur Arbeit kannst du aber die Entfernungspauschale von 30 Cent pro Kilometer der einfachen Wegstrecke als Werbungskosten absetzen.                \r\n            <\/div>\r\n        <\/div>\r\n\n<\/div>\n<div class=\"card\">\n<div class=\"d-flex card-header border-0 collapsed\" id=\"heading9\" data-toggle=\"collapse\" data-target=\"#collapse9\"\r\n                    aria-expanded=\"false\" aria-controls=\"collapse9\">                                            \r\n                    <h3 class=\"font-source-sans-pro-1 blue-font no-margin\">Gibt es auch f\u00fcr das Zweitrad Steuervorteile?<\/h3>\r\n                <\/div>\r\n\n\r\n        <div id=\"collapse9\" class=\"collapse\" aria-labelledby=\"heading9\" data-parent=\"#accordionFaq\">\r\n            <div class=\"card-body\">\r\n                Ja. Du kannst auch f\u00fcr deinen Ehepartner oder dein Kind ein Dienstfahrrad bekommen \u2013 zu denselben g\u00fcnstigen steuerlichen Bedingungen.                \r\n            <\/div>\r\n        <\/div>\r\n\n<\/div>\n<div class=\"card\">\n<div class=\"d-flex card-header border-0 collapsed\" id=\"heading10\" data-toggle=\"collapse\" data-target=\"#collapse10\"\r\n                    aria-expanded=\"false\" aria-controls=\"collapse10\">                                            \r\n                    <h3 class=\"font-source-sans-pro-1 blue-font no-margin\">Wie funktioniert die Gehaltsumwandlung beim Dienstfahrrad?<\/h3>\r\n                <\/div>\r\n\n\r\n        <div id=\"collapse10\" class=\"collapse\" aria-labelledby=\"heading10\" data-parent=\"#accordionFaq\">\r\n            <div class=\"card-body\">\r\n                Ein Teil des Lohns gew\u00e4hrt der Arbeitgeber als Sachzuwendung statt als Geld. Der Arbeitgeber stellt das Dienstrad zur freien Verf\u00fcgung. F\u00fcr die private Nutzung musst du einen geldwerten Vorteil versteuern. Das erledigt der Arbeitgeber \u00fcber die monatliche Lohnabrechnung.                \r\n            <\/div>\r\n        <\/div>\r\n\n<\/div>\n<div class=\"card\">\n<div class=\"d-flex card-header border-0 collapsed\" id=\"heading11\" data-toggle=\"collapse\" data-target=\"#collapse11\"\r\n                    aria-expanded=\"false\" aria-controls=\"collapse11\">                                            \r\n                    <h3 class=\"font-source-sans-pro-1 blue-font no-margin\">Weitere fragen<\/h3>\r\n                <\/div>\r\n\n\r\n        <div id=\"collapse11\" class=\"collapse\" aria-labelledby=\"heading11\" data-parent=\"#accordionFaq\">\r\n            <div class=\"card-body\">\r\n                Deine Frage war nicht dabei? Unser SteuerGPT hilft dir direkt weiter. Einfach rechts unten auf die Sprechblase klicken und loslegen \u2013 der KI-Chat beantwortet all deine Fragen.                \r\n            <\/div>\r\n        <\/div>\r\n\n<\/div>\n<\/div>\r\n                 <\/div>\r\n              <\/div>\r\n            <\/div>\r\n        <\/div>\r\n        <div class=\"spacing-modul  \">\r\n            <div class=\"container spacing-modul\">\r\n               <div class=\"row\">\r\n                   <div id=\"\" class=\"anchor\"><\/div>\r\n                   <div class=\"col-12 modul-spacing-blog-c\"><\/div>\r\n                   <div class=\"col-12 modul-spacing-blog-c\"><\/div>\r\n               <\/div>\r\n            <\/div>\r\n        <\/div>\r\n    \n\r\n    <div class=\"white-background store-notification \">\r\n        <div class=\"yellow-background\">\r\n            <div class=\"container\">\r\n                <div class=\"row justify-content-center justify-content-md-start justify-content-lg-center\">\r\n                    <div class=\"col-12 inner-modul-spacing-default\"><\/div>\r\n\r\n                    <div class=\"col-12\">\r\n                        <div class=\"row\">\r\n                            <div class=\"offset-lg-1 col-12 col-md-5 col-lg-4 text-center text-md-right d-flex flex-column justify-content-center align-items-center align-items-lg-end mb-0  \">\r\n                                <p class=\"font-cairo-1 fw700 blue-font headline-spacing-50 blue-font headline-spacing-30 sm-only\">Du m\u00f6chtest WISO&nbsp;Steuer ausprobieren?<\/p>\r\n                                <p class=\"font-source-sans-pro-1 blue-font headline-spacing-50\">Starte jetzt einfach deinen kostenlosen Test. Anonym, ohne Verpflichtungen und so lange du m\u00f6chtest. Erst bei der Abgabe an das Finanzamt fallen Geb\u00fchren an.<br\/>Das hei\u00dft: Null Risiko f\u00fcr dich.<\/p>\r\n                                \r\n                                \r\n                                    <a class=\"d-none d-lg-flex font-cairo-2 fw700 justify-content-center align-items-center w-230 headline-spacing-50 secondary \"\r\n                                        role=\"button\"\r\n                                        id=\"testen-ausprobieren\"\r\n                                        href=\"https:\/\/www.buhl.de\/mein-buhlkonto\/?buhlparam=2100101\"\r\n                                        target=\"_self\"\r\n                                        title=\"Kostenlos & unverbindlich testen\"\r\n                                        onclick=\"dataLayer.push({'event': 'ButtonClick SW','sw-button': 'click-testen'});\">\r\n                                        Kostenlos testen\r\n                                    <\/a>                                    \r\n                                \r\n                                \r\n                                \r\n                                    <a class=\"d-flex d-lg-none font-cairo-2 fw700 justify-content-center align-items-center w-230 headline-spacing-50 secondary \"\r\n                                        role=\"button\"\r\n                                        id=\"testen-ausprobieren\"\r\n                                        href=\"https:\/\/www.buhl.de\/mein-buhlkonto\/?buhlparam=2100101\"\r\n                                        target=\"_self\"\r\n                                        title=\"Kostenlos & unverbindlich testen\"\r\n                                        onclick=\"dataLayer.push({'event': 'ButtonClick SW','sw-button': 'click-mobile-starten'});\">\r\n                                        Kostenlos testen\r\n                                    <\/a>         \r\n                                \r\n                                \r\n                                \r\n                            <\/div>\r\n                            \r\n                            \r\n\r\n\r\n\t\t   \t\t\t\t\t \r\n\t\t\t\t\t\t\t<div class=\"d-flex offset-md-1 col-12 col-md-5 justify-content-center justify-content-lg-start align-items-center \"> \r\n\t\t\t\t\t\t\t\t<picture class=\"picture-spacing  \">\r\n\t\t\t\t\t\t\t\t\t<source media=\"(min-width: 992px)\" srcset=\"https:\/\/www.buhl.de\/steuer\/wp-content\/themes\/steuer-web\/buhl-steuer\/assets\/store-notification\/test-it\/wiso-steuer-abruf-kostenlos-testen.svg\">\r\n\t\t\t\t\t\t\t\t\t<source media=\"(min-width: 768px)\" srcset=\"https:\/\/www.buhl.de\/steuer\/wp-content\/themes\/steuer-web\/buhl-steuer\/assets\/store-notification\/test-it\/wiso-steuer-abruf-kostenlos-testen.svg\">\r\n\t\t\t\t\t\t\t\t\t<source media=\"(min-width: 1px)\" srcset=\"https:\/\/www.buhl.de\/steuer\/wp-content\/themes\/steuer-web\/buhl-steuer\/assets\/store-notification\/test-it\/wiso-steuer-abruf-kostenlos-testen.svg\">\r\n\t\t\t\t\t\t\t\t\t<img loading=\"lazy\" class=\" img-fluid\"\r\n\t\t\t\t\t\t\t\t\t\t\talt=\"Steuer-App Beispiel\" \r\n\t\t\t\t\t\t\t\t\t\t\ttitle=\"Steuer-App herunterladen\"\r\n\t\t\t\t\t\t\t\t\t\t\tsrc=\"https:\/\/www.buhl.de\/steuer\/wp-content\/themes\/steuer-web\/buhl-steuer\/assets\/store-notification\/test-it\/wiso-steuer-abruf-kostenlos-testen.svg\" >\r\n\t\t\t\t\t\t\t\t<\/picture>\r\n                            <\/div>\r\n                            \r\n                        <\/div>\r\n                    <\/div>\r\n                <\/div>\r\n            <\/div>\r\n        <\/div>\r\n    <\/div>\r\n\n","protected":false},"excerpt":{"rendered":"<p>Immer mehr Arbeitnehmer haben die Chance, ein Dienstfahrrad vom Chef zu erhalten. Der Arbeitgeber least das Firmenrad (oft ein E-Bike), das der Mitarbeiter auch privat nutzen darf. Nach Ende der Leasinglaufzeit ist dann der Kauf des Dienstrads m\u00f6glich. Wir zeigen, was dabei zu beachten ist.<\/p>\n","protected":false},"author":220,"featured_media":57284,"comment_status":"closed","ping_status":"open","sticky":false,"template":"","format":"standard","meta":{"_acf_changed":false,"footnotes":""},"categories":[2841,2808],"tags":[],"class_list":["post-57278","post","type-post","status-publish","format-standard","has-post-thumbnail","hentry","category-alle","category-arbeit"],"yoast_head":"<!-- This site is optimized with the Yoast SEO Premium plugin v27.4 (Yoast SEO v27.5) - https:\/\/yoast.com\/product\/yoast-seo-premium-wordpress\/ -->\n<title>Geh\u00f6rt das Jobrad in die Steuererkl\u00e4rung?<\/title>\n<meta name=\"description\" content=\"Was hat das Jobrad mit der Steuererkl\u00e4rung zu tun? \ud83e\udd13 In diesen F\u00e4llen zahlst du Steuern \u261d\ufe0f Hier Steuer-Tipps f\u00fcrs Fahrrad bekommen.\" \/>\n<meta name=\"robots\" content=\"index, follow, max-snippet:-1, max-image-preview:large, max-video-preview:-1\" \/>\n<link rel=\"canonical\" href=\"https:\/\/www.buhl.de\/steuer\/ratgeber\/dienstfahrrad\/\" \/>\n<meta property=\"og:locale\" content=\"de_DE\" \/>\n<meta property=\"og:type\" content=\"article\" \/>\n<meta property=\"og:title\" content=\"Jobrad &amp; Steuererkl\u00e4rung\" \/>\n<meta property=\"og:description\" content=\"Was hat das Jobrad mit der Steuererkl\u00e4rung zu tun? \ud83e\udd13 In diesen F\u00e4llen zahlst du Steuern \u261d\ufe0f Hier Steuer-Tipps f\u00fcrs Fahrrad bekommen.\" \/>\n<meta property=\"og:url\" content=\"https:\/\/www.buhl.de\/steuer\/ratgeber\/dienstfahrrad\/\" \/>\n<meta property=\"og:site_name\" content=\"WISO Steuer: Nr.1 App f\u00fcr die Steuererkl\u00e4rung\" \/>\n<meta property=\"article:published_time\" content=\"2024-04-18T12:40:37+00:00\" \/>\n<meta property=\"article:modified_time\" content=\"2025-11-19T12:16:18+00:00\" \/>\n<meta property=\"og:image\" content=\"https:\/\/www.buhl.de\/steuer\/wp-content\/uploads\/sites\/31\/2023\/02\/dienstfahrrad-steuer-titelbild.jpg\" \/>\n\t<meta property=\"og:image:width\" content=\"976\" \/>\n\t<meta property=\"og:image:height\" content=\"400\" \/>\n\t<meta property=\"og:image:type\" content=\"image\/jpeg\" \/>\n<meta name=\"author\" content=\"Udo Reu\u00df\" \/>\n<meta name=\"twitter:card\" content=\"summary_large_image\" \/>\n<meta name=\"twitter:label1\" content=\"Verfasst von\" \/>\n\t<meta name=\"twitter:data1\" content=\"Udo Reu\u00df\" \/>\n\t<meta name=\"twitter:label2\" content=\"Gesch\u00e4tzte Lesezeit\" \/>\n\t<meta name=\"twitter:data2\" content=\"9\u00a0Minuten\" \/>\n<script type=\"application\/ld+json\" class=\"yoast-schema-graph\">{\"@context\":\"https:\\\/\\\/schema.org\",\"@graph\":[{\"@type\":\"Article\",\"@id\":\"https:\\\/\\\/www.buhl.de\\\/steuer\\\/ratgeber\\\/dienstfahrrad\\\/#article\",\"isPartOf\":{\"@id\":\"https:\\\/\\\/www.buhl.de\\\/steuer\\\/ratgeber\\\/dienstfahrrad\\\/\"},\"author\":{\"name\":\"Udo Reu\u00df\",\"@id\":\"https:\\\/\\\/www.buhl.de\\\/steuer\\\/#\\\/schema\\\/person\\\/03b5508d4c85dc193be95cb4e2d78423\"},\"headline\":\"Jobrad &amp; Steuererkl\u00e4rung\",\"datePublished\":\"2024-04-18T12:40:37+00:00\",\"dateModified\":\"2025-11-19T12:16:18+00:00\",\"mainEntityOfPage\":{\"@id\":\"https:\\\/\\\/www.buhl.de\\\/steuer\\\/ratgeber\\\/dienstfahrrad\\\/\"},\"wordCount\":1573,\"publisher\":{\"@id\":\"https:\\\/\\\/www.buhl.de\\\/steuer\\\/#organization\"},\"image\":{\"@id\":\"https:\\\/\\\/www.buhl.de\\\/steuer\\\/ratgeber\\\/dienstfahrrad\\\/#primaryimage\"},\"thumbnailUrl\":\"https:\\\/\\\/www.buhl.de\\\/steuer\\\/wp-content\\\/uploads\\\/sites\\\/31\\\/2023\\\/02\\\/dienstfahrrad-steuer-titelbild.jpg\",\"articleSection\":[\"Neueste Beitr\u00e4ge\",\"Ratgeber: Steuern &amp; Gehalt\"],\"inLanguage\":\"de\"},{\"@type\":\"WebPage\",\"@id\":\"https:\\\/\\\/www.buhl.de\\\/steuer\\\/ratgeber\\\/dienstfahrrad\\\/\",\"url\":\"https:\\\/\\\/www.buhl.de\\\/steuer\\\/ratgeber\\\/dienstfahrrad\\\/\",\"name\":\"Geh\u00f6rt das Jobrad in die Steuererkl\u00e4rung?\",\"isPartOf\":{\"@id\":\"https:\\\/\\\/www.buhl.de\\\/steuer\\\/#website\"},\"primaryImageOfPage\":{\"@id\":\"https:\\\/\\\/www.buhl.de\\\/steuer\\\/ratgeber\\\/dienstfahrrad\\\/#primaryimage\"},\"image\":{\"@id\":\"https:\\\/\\\/www.buhl.de\\\/steuer\\\/ratgeber\\\/dienstfahrrad\\\/#primaryimage\"},\"thumbnailUrl\":\"https:\\\/\\\/www.buhl.de\\\/steuer\\\/wp-content\\\/uploads\\\/sites\\\/31\\\/2023\\\/02\\\/dienstfahrrad-steuer-titelbild.jpg\",\"datePublished\":\"2024-04-18T12:40:37+00:00\",\"dateModified\":\"2025-11-19T12:16:18+00:00\",\"description\":\"Was hat das Jobrad mit der Steuererkl\u00e4rung zu tun? \ud83e\udd13 In diesen F\u00e4llen zahlst du Steuern \u261d\ufe0f Hier Steuer-Tipps f\u00fcrs Fahrrad bekommen.\",\"breadcrumb\":{\"@id\":\"https:\\\/\\\/www.buhl.de\\\/steuer\\\/ratgeber\\\/dienstfahrrad\\\/#breadcrumb\"},\"inLanguage\":\"de\",\"potentialAction\":[{\"@type\":\"ReadAction\",\"target\":[\"https:\\\/\\\/www.buhl.de\\\/steuer\\\/ratgeber\\\/dienstfahrrad\\\/\"]}]},{\"@type\":\"ImageObject\",\"inLanguage\":\"de\",\"@id\":\"https:\\\/\\\/www.buhl.de\\\/steuer\\\/ratgeber\\\/dienstfahrrad\\\/#primaryimage\",\"url\":\"https:\\\/\\\/www.buhl.de\\\/steuer\\\/wp-content\\\/uploads\\\/sites\\\/31\\\/2023\\\/02\\\/dienstfahrrad-steuer-titelbild.jpg\",\"contentUrl\":\"https:\\\/\\\/www.buhl.de\\\/steuer\\\/wp-content\\\/uploads\\\/sites\\\/31\\\/2023\\\/02\\\/dienstfahrrad-steuer-titelbild.jpg\",\"width\":976,\"height\":400},{\"@type\":\"BreadcrumbList\",\"@id\":\"https:\\\/\\\/www.buhl.de\\\/steuer\\\/ratgeber\\\/dienstfahrrad\\\/#breadcrumb\",\"itemListElement\":[{\"@type\":\"ListItem\",\"position\":1,\"name\":\"Steuererkl\u00e4rung\",\"item\":\"https:\\\/\\\/www.buhl.de\\\/steuer\\\/\"},{\"@type\":\"ListItem\",\"position\":2,\"name\":\"Jobrad &amp; Steuererkl\u00e4rung\"}]},{\"@type\":\"WebSite\",\"@id\":\"https:\\\/\\\/www.buhl.de\\\/steuer\\\/#website\",\"url\":\"https:\\\/\\\/www.buhl.de\\\/steuer\\\/\",\"name\":\"WISO Steuer: Nr. 1 Steuer-App\",\"description\":\"\",\"publisher\":{\"@id\":\"https:\\\/\\\/www.buhl.de\\\/steuer\\\/#organization\"},\"potentialAction\":[{\"@type\":\"SearchAction\",\"target\":{\"@type\":\"EntryPoint\",\"urlTemplate\":\"https:\\\/\\\/www.buhl.de\\\/steuer\\\/?s={search_term_string}\"},\"query-input\":{\"@type\":\"PropertyValueSpecification\",\"valueRequired\":true,\"valueName\":\"search_term_string\"}}],\"inLanguage\":\"de\"},{\"@type\":\"Organization\",\"@id\":\"https:\\\/\\\/www.buhl.de\\\/steuer\\\/#organization\",\"name\":\"WISO Steuer | Buhl Data Service GmbH\",\"url\":\"https:\\\/\\\/www.buhl.de\\\/steuer\\\/\",\"logo\":{\"@type\":\"ImageObject\",\"inLanguage\":\"de\",\"@id\":\"https:\\\/\\\/www.buhl.de\\\/steuer\\\/#\\\/schema\\\/logo\\\/image\\\/\",\"url\":\"https:\\\/\\\/www.buhl.de\\\/steuer\\\/wp-content\\\/uploads\\\/sites\\\/31\\\/2026\\\/02\\\/logo-wiso-steuer-app.svg\",\"contentUrl\":\"https:\\\/\\\/www.buhl.de\\\/steuer\\\/wp-content\\\/uploads\\\/sites\\\/31\\\/2026\\\/02\\\/logo-wiso-steuer-app.svg\",\"width\":375,\"height\":72,\"caption\":\"WISO Steuer | Buhl Data Service GmbH\"},\"image\":{\"@id\":\"https:\\\/\\\/www.buhl.de\\\/steuer\\\/#\\\/schema\\\/logo\\\/image\\\/\"}},{\"@type\":\"Person\",\"@id\":\"https:\\\/\\\/www.buhl.de\\\/steuer\\\/#\\\/schema\\\/person\\\/03b5508d4c85dc193be95cb4e2d78423\",\"name\":\"Udo Reu\u00df\",\"image\":{\"@type\":\"ImageObject\",\"inLanguage\":\"de\",\"@id\":\"https:\\\/\\\/www.buhl.de\\\/steuer\\\/wp-content\\\/uploads\\\/sites\\\/31\\\/2024\\\/07\\\/udo.png\",\"url\":\"https:\\\/\\\/www.buhl.de\\\/steuer\\\/wp-content\\\/uploads\\\/sites\\\/31\\\/2024\\\/07\\\/udo.png\",\"contentUrl\":\"https:\\\/\\\/www.buhl.de\\\/steuer\\\/wp-content\\\/uploads\\\/sites\\\/31\\\/2024\\\/07\\\/udo.png\",\"caption\":\"Udo Reu\u00df\"},\"sameAs\":[\"https:\\\/\\\/www.buhl.de\\\/steuer\\\/autoren\\\/udo-reuss\\\/\"]}]}<\/script>\n<!-- \/ Yoast SEO Premium plugin. -->","yoast_head_json":{"title":"Geh\u00f6rt das Jobrad in die Steuererkl\u00e4rung?","description":"Was hat das Jobrad mit der Steuererkl\u00e4rung zu tun? \ud83e\udd13 In diesen F\u00e4llen zahlst du Steuern \u261d\ufe0f Hier Steuer-Tipps f\u00fcrs Fahrrad bekommen.","robots":{"index":"index","follow":"follow","max-snippet":"max-snippet:-1","max-image-preview":"max-image-preview:large","max-video-preview":"max-video-preview:-1"},"canonical":"https:\/\/www.buhl.de\/steuer\/ratgeber\/dienstfahrrad\/","og_locale":"de_DE","og_type":"article","og_title":"Jobrad &amp; Steuererkl\u00e4rung","og_description":"Was hat das Jobrad mit der Steuererkl\u00e4rung zu tun? \ud83e\udd13 In diesen F\u00e4llen zahlst du Steuern \u261d\ufe0f Hier Steuer-Tipps f\u00fcrs Fahrrad bekommen.","og_url":"https:\/\/www.buhl.de\/steuer\/ratgeber\/dienstfahrrad\/","og_site_name":"WISO Steuer: Nr.1 App f\u00fcr die Steuererkl\u00e4rung","article_published_time":"2024-04-18T12:40:37+00:00","article_modified_time":"2025-11-19T12:16:18+00:00","og_image":[{"width":976,"height":400,"url":"https:\/\/www.buhl.de\/steuer\/wp-content\/uploads\/sites\/31\/2023\/02\/dienstfahrrad-steuer-titelbild.jpg","type":"image\/jpeg"}],"author":"Udo Reu\u00df","twitter_card":"summary_large_image","twitter_misc":{"Verfasst von":"Udo Reu\u00df","Gesch\u00e4tzte Lesezeit":"9\u00a0Minuten"},"schema":{"@context":"https:\/\/schema.org","@graph":[{"@type":"Article","@id":"https:\/\/www.buhl.de\/steuer\/ratgeber\/dienstfahrrad\/#article","isPartOf":{"@id":"https:\/\/www.buhl.de\/steuer\/ratgeber\/dienstfahrrad\/"},"author":{"name":"Udo Reu\u00df","@id":"https:\/\/www.buhl.de\/steuer\/#\/schema\/person\/03b5508d4c85dc193be95cb4e2d78423"},"headline":"Jobrad &amp; Steuererkl\u00e4rung","datePublished":"2024-04-18T12:40:37+00:00","dateModified":"2025-11-19T12:16:18+00:00","mainEntityOfPage":{"@id":"https:\/\/www.buhl.de\/steuer\/ratgeber\/dienstfahrrad\/"},"wordCount":1573,"publisher":{"@id":"https:\/\/www.buhl.de\/steuer\/#organization"},"image":{"@id":"https:\/\/www.buhl.de\/steuer\/ratgeber\/dienstfahrrad\/#primaryimage"},"thumbnailUrl":"https:\/\/www.buhl.de\/steuer\/wp-content\/uploads\/sites\/31\/2023\/02\/dienstfahrrad-steuer-titelbild.jpg","articleSection":["Neueste Beitr\u00e4ge","Ratgeber: Steuern &amp; Gehalt"],"inLanguage":"de"},{"@type":"WebPage","@id":"https:\/\/www.buhl.de\/steuer\/ratgeber\/dienstfahrrad\/","url":"https:\/\/www.buhl.de\/steuer\/ratgeber\/dienstfahrrad\/","name":"Geh\u00f6rt das Jobrad in die Steuererkl\u00e4rung?","isPartOf":{"@id":"https:\/\/www.buhl.de\/steuer\/#website"},"primaryImageOfPage":{"@id":"https:\/\/www.buhl.de\/steuer\/ratgeber\/dienstfahrrad\/#primaryimage"},"image":{"@id":"https:\/\/www.buhl.de\/steuer\/ratgeber\/dienstfahrrad\/#primaryimage"},"thumbnailUrl":"https:\/\/www.buhl.de\/steuer\/wp-content\/uploads\/sites\/31\/2023\/02\/dienstfahrrad-steuer-titelbild.jpg","datePublished":"2024-04-18T12:40:37+00:00","dateModified":"2025-11-19T12:16:18+00:00","description":"Was hat das Jobrad mit der Steuererkl\u00e4rung zu tun? \ud83e\udd13 In diesen F\u00e4llen zahlst du Steuern \u261d\ufe0f Hier Steuer-Tipps f\u00fcrs Fahrrad bekommen.","breadcrumb":{"@id":"https:\/\/www.buhl.de\/steuer\/ratgeber\/dienstfahrrad\/#breadcrumb"},"inLanguage":"de","potentialAction":[{"@type":"ReadAction","target":["https:\/\/www.buhl.de\/steuer\/ratgeber\/dienstfahrrad\/"]}]},{"@type":"ImageObject","inLanguage":"de","@id":"https:\/\/www.buhl.de\/steuer\/ratgeber\/dienstfahrrad\/#primaryimage","url":"https:\/\/www.buhl.de\/steuer\/wp-content\/uploads\/sites\/31\/2023\/02\/dienstfahrrad-steuer-titelbild.jpg","contentUrl":"https:\/\/www.buhl.de\/steuer\/wp-content\/uploads\/sites\/31\/2023\/02\/dienstfahrrad-steuer-titelbild.jpg","width":976,"height":400},{"@type":"BreadcrumbList","@id":"https:\/\/www.buhl.de\/steuer\/ratgeber\/dienstfahrrad\/#breadcrumb","itemListElement":[{"@type":"ListItem","position":1,"name":"Steuererkl\u00e4rung","item":"https:\/\/www.buhl.de\/steuer\/"},{"@type":"ListItem","position":2,"name":"Jobrad &amp; Steuererkl\u00e4rung"}]},{"@type":"WebSite","@id":"https:\/\/www.buhl.de\/steuer\/#website","url":"https:\/\/www.buhl.de\/steuer\/","name":"WISO Steuer: Nr. 1 Steuer-App","description":"","publisher":{"@id":"https:\/\/www.buhl.de\/steuer\/#organization"},"potentialAction":[{"@type":"SearchAction","target":{"@type":"EntryPoint","urlTemplate":"https:\/\/www.buhl.de\/steuer\/?s={search_term_string}"},"query-input":{"@type":"PropertyValueSpecification","valueRequired":true,"valueName":"search_term_string"}}],"inLanguage":"de"},{"@type":"Organization","@id":"https:\/\/www.buhl.de\/steuer\/#organization","name":"WISO Steuer | Buhl Data Service GmbH","url":"https:\/\/www.buhl.de\/steuer\/","logo":{"@type":"ImageObject","inLanguage":"de","@id":"https:\/\/www.buhl.de\/steuer\/#\/schema\/logo\/image\/","url":"https:\/\/www.buhl.de\/steuer\/wp-content\/uploads\/sites\/31\/2026\/02\/logo-wiso-steuer-app.svg","contentUrl":"https:\/\/www.buhl.de\/steuer\/wp-content\/uploads\/sites\/31\/2026\/02\/logo-wiso-steuer-app.svg","width":375,"height":72,"caption":"WISO Steuer | Buhl Data Service GmbH"},"image":{"@id":"https:\/\/www.buhl.de\/steuer\/#\/schema\/logo\/image\/"}},{"@type":"Person","@id":"https:\/\/www.buhl.de\/steuer\/#\/schema\/person\/03b5508d4c85dc193be95cb4e2d78423","name":"Udo Reu\u00df","image":{"@type":"ImageObject","inLanguage":"de","@id":"https:\/\/www.buhl.de\/steuer\/wp-content\/uploads\/sites\/31\/2024\/07\/udo.png","url":"https:\/\/www.buhl.de\/steuer\/wp-content\/uploads\/sites\/31\/2024\/07\/udo.png","contentUrl":"https:\/\/www.buhl.de\/steuer\/wp-content\/uploads\/sites\/31\/2024\/07\/udo.png","caption":"Udo Reu\u00df"},"sameAs":["https:\/\/www.buhl.de\/steuer\/autoren\/udo-reuss\/"]}]}},"acf":[],"wps_subtitle":"Diese Vorteile winken f\u00fcr das Zweirad","_links":{"self":[{"href":"https:\/\/www.buhl.de\/steuer\/wp-json\/wp\/v2\/posts\/57278","targetHints":{"allow":["GET"]}}],"collection":[{"href":"https:\/\/www.buhl.de\/steuer\/wp-json\/wp\/v2\/posts"}],"about":[{"href":"https:\/\/www.buhl.de\/steuer\/wp-json\/wp\/v2\/types\/post"}],"author":[{"embeddable":true,"href":"https:\/\/www.buhl.de\/steuer\/wp-json\/wp\/v2\/users\/220"}],"replies":[{"embeddable":true,"href":"https:\/\/www.buhl.de\/steuer\/wp-json\/wp\/v2\/comments?post=57278"}],"version-history":[{"count":31,"href":"https:\/\/www.buhl.de\/steuer\/wp-json\/wp\/v2\/posts\/57278\/revisions"}],"predecessor-version":[{"id":74317,"href":"https:\/\/www.buhl.de\/steuer\/wp-json\/wp\/v2\/posts\/57278\/revisions\/74317"}],"wp:featuredmedia":[{"embeddable":true,"href":"https:\/\/www.buhl.de\/steuer\/wp-json\/wp\/v2\/media\/57284"}],"wp:attachment":[{"href":"https:\/\/www.buhl.de\/steuer\/wp-json\/wp\/v2\/media?parent=57278"}],"wp:term":[{"taxonomy":"category","embeddable":true,"href":"https:\/\/www.buhl.de\/steuer\/wp-json\/wp\/v2\/categories?post=57278"},{"taxonomy":"post_tag","embeddable":true,"href":"https:\/\/www.buhl.de\/steuer\/wp-json\/wp\/v2\/tags?post=57278"}],"curies":[{"name":"wp","href":"https:\/\/api.w.org\/{rel}","templated":true}]}}