{"id":57751,"date":"2023-06-01T08:30:41","date_gmt":"2023-06-01T06:30:41","guid":{"rendered":"https:\/\/www.buhl.de\/steuer\/?p=57751"},"modified":"2024-07-31T10:39:43","modified_gmt":"2024-07-31T08:39:43","slug":"zuschuss-zur-kindergartenbetreuung","status":"publish","type":"post","link":"https:\/\/www.buhl.de\/steuer\/ratgeber\/zuschuss-zur-kindergartenbetreuung\/","title":{"rendered":"So bleibt der Kindergartenzuschuss steuerfrei"},"content":{"rendered":"<p>Eine Kinderbetreuung ist oft nicht nur schwer zu kriegen, sondern auch sehr kostspielig. Beteiligt sich der Arbeitgeber mit einem <strong>Kindergartenzuschuss<\/strong>, ist das nat\u00fcrlich ein sch\u00f6nes Extra f\u00fcr die Eltern. Manche k\u00f6nnen dadurch nach der Elternzeit schneller an ihren Arbeitsplatz zur\u00fcck. Was gilt aber f\u00fcr die Steuer?<\/p>\n<p><!--more--><\/p>\n<h2>Kurz &amp; knapp<\/h2>\n<ul>\n<li>Kindergartenzusch\u00fcsse sind grunds\u00e4tzlich steuerfrei<\/li>\n<li>Unter Umst\u00e4nden k\u00f6nnen aber doch Steuern anfallen<\/li>\n<li>Den Zuschuss musst du nicht in der Steuererkl\u00e4rung eintragen<\/li>\n<li>Kindergartenzuschuss: vorsicht bei der Umwandlung!<\/li>\n<\/ul>\n<h2>Kindergartenzuschuss \u2013 muss ich Steuern zahlen?<\/h2>\n<p>Zahlt der Chef einen Zuschuss zum Kindergarten, kannst du dich doppelt freuen \u2013 denn der Bonus bleibt steuerfrei! Wichtig daf\u00fcr ist aber, dass du den Zuschuss zus\u00e4tzlich zu deinem normalen Lohn bekommst.<\/p>\n\r\n        <div class=\"white-background\">\r\n            <div class=\"container\">\r\n                <div class=\"content info-blog-modul blog-wrapper\">\r\n                    <div class=\"row\">\r\n                        <div class=\"d-flex align-items-center text-center text-lg-left align-items-xl-start flex-column flex-xl-row col-12 offset-lg-2 col-lg-8 offset-xl-1 col-xl-9\">\r\n                            <img decoding=\"async\" loading=\"lazy\" class=\"img-fluid\" src=\"https:\/\/www.buhl.de\/steuer\/wp-content\/themes\/steuer-web\/buhl-steuer\/assets\/blog\/blog-module\/info-icon.svg\" alt=\"Information zum Thema\" title=\"Information zum Thema\" \/>\r\n                            <div class=\"d-flex flex-column\">\r\n                                <h3 class=\"font-source-sans-pro-10 fw700 blue-font headline\">Wer zahlt die Kinderbetreuung?<\/h3><div class=\"font-source-sans-pro-1 blue-font\">Zahlt dein Partner den Kindergarten und du bekommst den Zuschuss von deinem Arbeitgeber? Dann bleibt der Kindergartenzuschuss trotzdem steuerfrei.<\/div><\/div>\r\n                        <\/div>\r\n                    <\/div>\r\n                <\/div>\r\n            <\/div>\r\n        <\/div>\r\n    \r\n        <div class=\"spacing-modul  \">\r\n            <div class=\"container spacing-modul\">\r\n               <div class=\"row\">\r\n                   <div id=\"\" class=\"anchor\"><\/div>\r\n                   <div class=\"col-12 modul-spacing-default-b\"><\/div>\r\n                   <div class=\"col-12 modul-spacing-default-b\"><\/div>\r\n               <\/div>\r\n            <\/div>\r\n        <\/div>\r\n    \n<h3>Gibt es einen H\u00f6chstbetrag f\u00fcr den steuerfreien Kindergartenzuschuss?<\/h3>\n<p>Grunds\u00e4tzlich spielt es auch keine Rolle, wie hoch dein Kindergartenzuschuss ist. Das Finanzamt gibt hier keine fixen H\u00f6chstbetr\u00e4ge vor. Aber: Der Zuschuss darf deine tats\u00e4chlichen Kinderbetreuungskosten nicht \u00fcbersteigen. Bekommst du mehr als du zahlst, werden doch Steuern f\u00e4llig.<\/p>\n<p>\u00dcbrigens: Es ist auch egal, ob der Zuschuss mit dem Gehalt an dich ausgezahlt oder direkt an die Einrichtung \u00fcberwiesen wird.<\/p>\n<h2>Welche Betreuungseinrichtung darf ich w\u00e4hlen?<\/h2>\n<p>Kindergarten, Krippe, Tagesmutter, Wochenmutter, Ganztagespflege &#8230; Die Auswahl ist \u2013 zumindest in der Theorie \u2013 relativ gro\u00df. Bei der Wahl musst du aber keine R\u00fccksicht auf das Finanzamt nehmen, den steuerfreien Zuschuss gibt es f\u00fcr jeder dieser Einrichtungen.<\/p>\n<p>Wichtig ist nur, dass die Einrichtung sowohl f\u00fcr die Betreuung als auch die Unterbringung von Kindern geeignet ist. Dazu geh\u00f6rt auch die Unterkunft und Verpflegung w\u00e4hrend der Betreuungszeit.<\/p>\n<h2>Kindergartenzuschuss \u2013 wann wird er steuerpflichtig?<\/h2>\n<p>Auch wenn der Kindergartenzuschuss grunds\u00e4tzlich steuerfrei ist \u2013 unter Umst\u00e4nden k\u00f6nnen doch noch Steuern anfallen. M\u00f6chtest du das verhindern, solltest du auf Folgendes achten:<\/p>\n<h3>Vorsicht bei Gehaltsumwandlung<\/h3>\n<p>Bei der Gehaltsumwandlung wird der urspr\u00fcngliche Lohn um einen bestimmten Betrag reduziert. Dieser Betrag wird dann \u2013 zum Beispiel als Kindergartenzuschuss \u2013 ausgezahlt.<\/p>\n\r\n        <div class=\"white-background\">\r\n            <div class=\"container\">\r\n                <div class=\"blog-example\">\r\n                    <div class=\"row\">\r\n                        <div class=\"col-12 offset-lg-2 col-lg-8 text-center text-lg-left\">\r\n                            <div class=\"d-flex flex-column align-items-center\">\r\n                                <img decoding=\"async\" loading=\"lazy\" class=\"img-fluid circle-image\" src=\"https:\/\/www.buhl.de\/steuer\/wp-content\/themes\/steuer-web\/buhl-steuer\/assets\/blog\/blog-example\/arbeitnehmer-beispiel.svg\" alt=\"Beispiel Arbeitnehmer\" title=\"Beispiel\" \/>\r\n                                <h3 class=\"font-source-sans-pro-10 fw700 blue-font headline\">Beispiel: Gehaltsumwandlung<\/h3>\r\n                            <\/div><div class=\"font-source-sans-pro-1 blue-font\">\n<p>Stefanie bekommt einen monatlichen Lohn von 2.000 Euro. Sie vereinbart mit ihrem Chef, dass er ihr ab dem n\u00e4chsten Monat nur noch einen Lohn von 1.900 Euro auszahlt. Daf\u00fcr erh\u00e4lt sich ab dem Monat einen Kindergartenzuschuss von 100 Euro.<\/p>\n<p>Die Folge: Auf diese Weise wird der Zuschuss steuerpflichtig. Denn er ist nicht zus\u00e4tzlich zum eigentlichen Arbeitslohn gezahlt worden.<\/p>\n<p>Aber auch hier k\u00f6nnen in manchen F\u00e4llen doch noch Steuern vermieden werden. N\u00e4mlich dann, wenn nicht das monatliche Gehalt umgewandelt wird, sondern freiwillige Sonderzahlungen des Arbeitgebers wie das Weihnachtsgeld.<\/div><\/div>\r\n                    <\/div>\r\n                <\/div>\r\n            <\/div>\r\n        <\/div>\r\n    \r\n        <div class=\"spacing-modul  \">\r\n            <div class=\"container spacing-modul\">\r\n               <div class=\"row\">\r\n                   <div id=\"\" class=\"anchor\"><\/div>\r\n                   <div class=\"col-12 modul-spacing-default-b\"><\/div>\r\n                   <div class=\"col-12 modul-spacing-default-b\"><\/div>\r\n               <\/div>\r\n            <\/div>\r\n        <\/div>\r\n    \n<h3>Diese Leistungen sind nicht steuerfrei<\/h3>\n<p>Nicht nur die Umwandlung kann dich den Steuervorteil kosten. Auch die Leistung, f\u00fcr die der Zuschuss gezahlt wird, ist wichtig. Denn wird durch den Zuschuss nicht nur die Betreuung, sondern auch Unterricht f\u00fcr das Kind bezahlt, fallen doch Steuern an.<\/p>\n<p>Dar\u00fcber hinaus gilt grunds\u00e4tzlich, dass Betreuungszusch\u00fcsse nur steuerfrei sind, wenn das betreute Kind noch nicht schulpflichtig ist.<\/p>\n<h2>Muss ich den Kindergartenzuschuss in der Steuererkl\u00e4rung eintragen?<\/h2>\n<p>Den Kindergartenzuschuss musst du nicht in der <a title=\"Steuererkl\u00e4rung mit dem Testsieger WISO Steuer erstellen\" href=\"https:\/\/www.buhl.de\/steuer\/ratgeber\/steuererklaerung-machen\/\">Steuererkl\u00e4rung<\/a> eintragen. Hast du aber h\u00f6her Betreuungskosten, als dein Arbeitgeber bezuschusst? Dann tr\u00e4gst du die Differenz als Kinderbetreuungskosten in deine Steuererkl\u00e4rung \u2013 und sparst am Ende sogar noch mehr Steuern! Wie genau das geht, erf\u00e4hrst du hier:<\/p>\n\r\n        <div class=\"white-background small-module\">\r\n            <div class=\"container\">\r\n                <div class=\"row\">\r\n                    <div class=\"col-12\">\r\n                        <div class=\"content blog-read-more\">\r\n                <a role=\"button\" onclick=\"dataLayer.push({'event': 'ButtonClick SW','sw-button': 'read-more-click-intext'});\" class=\"d-flex flex-column flex-md-row\" href=\"https:\/\/www.buhl.de\/steuer\/ratgeber\/kinderbetreuung-kosten-absetzen\/\">\r\n                    <div class=\"img-size\">\r\n                        <img decoding=\"async\" loading=\"lazy\" alt=\"Kind Betreuung Steuer absetzen Title\" title=\"Kinderbetreuung: Kosten einfach von der Steuer absetzen\" src=\"https:\/\/www.buhl.de\/steuer\/wp-content\/uploads\/sites\/31\/2022\/01\/kind-betreuung-steuer-absetzen-title.jpg\" \/>\r\n                    <\/div>\r\n                    <div class=\"w-100 d-flex flex-column justify-content-center\">\r\n                        <div class=\"font-cairo-7 fw700 ellipsis-two-row blue-font\">Kinderbetreuung: Kosten einfach von der Steuer absetzen<\/div>\r\n                        <div class=\"font-source-sans-pro-1 ellipsis-two-row blue-font headline-spacing-10\"><p>Was Eltern f\u00fcr ihre Steuererkl\u00e4rung wissen m\u00fcssen<\/div>\r\n                        <div class=\"font-source-sans-pro-1 position-relative orange-font\">weiterlesen <span class=\"arrow-right-orange\"><\/span><\/div>\r\n                    <\/div>\r\n                <\/a>\r\n                        <\/div>\r\n                    <\/div>\r\n                <\/div>\r\n            <\/div>\r\n        <\/div>\r\n    \r\n        <div class=\"spacing-modul  \">\r\n            <div class=\"container spacing-modul\">\r\n               <div class=\"row\">\r\n                   <div id=\"\" class=\"anchor\"><\/div>\r\n                   <div class=\"col-12 modul-spacing-default-b\"><\/div>\r\n                   <div class=\"col-12 modul-spacing-default-b\"><\/div>\r\n               <\/div>\r\n            <\/div>\r\n        <\/div>\r\n    \n\r\n        <div class=\"white-background\">\r\n            <div class=\"container headlines \">\r\n                <div class=\"row\">              \r\n                    <div class=\"col-12 d-flex justify-content-start  justify-content-lg-center\">\r\n                    \t<div id=\"\" class=\"anchor\"><\/div>\r\n                        <div class=\"\">\r\n                           <h2 class=\"font-cairo-1 fw700 text-left text-lg-center blue-font \">FAQ: Kindergartenzuschuss<\/h2>                   \r\n                        <\/div>\r\n                    <\/div>\r\n                <\/div>\r\n            <\/div>\r\n        <\/div>\r\n    \n\r\n        <div class=\"white-background\">\r\n            <div class=\"container faq-module blog-download buhl-ap\">\r\n                <div class=\"row\">\r\n                <div class=\"col-12 p-lg-0\">\r\n                \r\n                    <div class=\"accordion accordionFaq\" id=\"accordionFaq\">\n<div class=\"card\">\n<div class=\"d-flex card-header border-0 collapsed\" id=\"heading1\" data-toggle=\"collapse\" data-target=\"#collapse1\"\r\n                    aria-expanded=\"false\" aria-controls=\"collapse1\">                                            \r\n                    <h3 class=\"font-source-sans-pro-1 blue-font no-margin\">Muss ich den Kindergartenzuschuss versteuern? <\/h3>\r\n                <\/div>\r\n\n\r\n        <div id=\"collapse1\" class=\"collapse\" aria-labelledby=\"heading1\" data-parent=\"#accordionFaq\">\r\n            <div class=\"card-body\">\r\n                Nein. Bekommst du ihn zus\u00e4tzlich zu deinem \u00fcblichen Lohn f\u00fcr dein nicht schulpflichtiges Kind, bleibt der Zuschuss steuerfrei.                 \r\n            <\/div>\r\n        <\/div>\r\n\n<\/div>\n<div class=\"card\">\n<div class=\"d-flex card-header border-0 collapsed\" id=\"heading2\" data-toggle=\"collapse\" data-target=\"#collapse2\"\r\n                    aria-expanded=\"false\" aria-controls=\"collapse2\">                                            \r\n                    <h3 class=\"font-source-sans-pro-1 blue-font no-margin\">Wo trage ich den Kindergartenzuschuss in der Steuererkl\u00e4rung ein? <\/h3>\r\n                <\/div>\r\n\n\r\n        <div id=\"collapse2\" class=\"collapse\" aria-labelledby=\"heading2\" data-parent=\"#accordionFaq\">\r\n            <div class=\"card-body\">\r\n                Da der Kindergartenzuschuss steuerfrei ist, musst du ihn nicht in deiner Steuererkl\u00e4rung angeben.                 \r\n            <\/div>\r\n        <\/div>\r\n\n<\/div>\n<div class=\"card\">\n<div class=\"d-flex card-header border-0 collapsed\" id=\"heading3\" data-toggle=\"collapse\" data-target=\"#collapse3\"\r\n                    aria-expanded=\"false\" aria-controls=\"collapse3\">                                            \r\n                    <h3 class=\"font-source-sans-pro-1 blue-font no-margin\">Kann ich den Kindergartenbeitrag von der Steuer absetzen? <\/h3>\r\n                <\/div>\r\n\n\r\n        <div id=\"collapse3\" class=\"collapse\" aria-labelledby=\"heading3\" data-parent=\"#accordionFaq\">\r\n            <div class=\"card-body\">\r\n                Ja, wenn du ihn tats\u00e4chlich selbst gezahlt hast oder der Zuschuss vom Arbeitgeber geringer ist, als die tats\u00e4chlichen Beitr\u00e4ge.                \r\n            <\/div>\r\n        <\/div>\r\n\n<\/div>\n<div class=\"card\">\n<div class=\"d-flex card-header border-0 collapsed\" id=\"heading4\" data-toggle=\"collapse\" data-target=\"#collapse4\"\r\n                    aria-expanded=\"false\" aria-controls=\"collapse4\">                                            \r\n                    <h3 class=\"font-source-sans-pro-1 blue-font no-margin\">K\u00f6nnen beide Elternteile einen Kindergartenzuschuss erhalten? <\/h3>\r\n                <\/div>\r\n\n\r\n        <div id=\"collapse4\" class=\"collapse\" aria-labelledby=\"heading4\" data-parent=\"#accordionFaq\">\r\n            <div class=\"card-body\">\r\n                Ja, wenn die Eltern nicht beim gleichen Arbeitgeber besch\u00e4ftigt sind und die Zusch\u00fcsse insgesamt nicht h\u00f6her sind als die tats\u00e4chlichen Betreuungskosten.                 \r\n            <\/div>\r\n        <\/div>\r\n\n<\/div>\n<\/div>\r\n                 <\/div>\r\n              <\/div>\r\n            <\/div>\r\n        <\/div>\r\n        <div class=\"spacing-modul  \">\r\n            <div class=\"container spacing-modul\">\r\n               <div class=\"row\">\r\n                   <div id=\"\" class=\"anchor\"><\/div>\r\n                   <div class=\"col-12 modul-spacing-default-b\"><\/div>\r\n                   <div class=\"col-12 modul-spacing-default-b\"><\/div>\r\n               <\/div>\r\n            <\/div>\r\n        <\/div>\r\n    \n\r\n        <div class=\"white-background\">\r\n            <div class=\"full-width-text\">\r\n                <div class=\"inner-spacing blog-ad1-wrapper silver-background\">\r\n                    <div class=\"container blog-ad1\">\r\n                        <div class=\"row\">\r\n                        \r\n                            <div class=\"col-12 col-md-6 d-none d-md-flex align-content-center\">\r\n                                \r\n                                    <img decoding=\"async\" loading=\"lazy\" height=\"auto\" style=\"max-width:100%;\" alt=\"Steuer-Abruf Logo\" title=\"\" \r\n                                        class=\"mx-auto d-none d-md-block \" src=\"https:\/\/www.buhl.de\/steuer\/wp-content\/themes\/steuer-web\/buhl-steuer\/assets\/blog\/blog-ad1\/abruf\/blog-automatisch_ausfuellen.svg\" \/>\r\n                                \r\n                            <\/div>\r\n                        \r\n                            \r\n                            <div class=\"col-12 col-md-6\">\r\n                                \r\n                                    <div class=\"d-flex headline-spacing-30 justify-content-start\">\r\n                                        \r\n                                            <img decoding=\"async\" loading=\"lazy\" height=\"auto\" style=\"max-width:100%;\" alt=\"Steuer-Abruf Logo\" title=\"Steuer-Abruf\" \r\n                                                class=\"d-none d-md-block \" src=\"https:\/\/www.buhl.de\/steuer\/wp-content\/themes\/steuer-web\/buhl-steuer\/assets\/blog\/blog-ad1\/abruf\/steuer-abruf-logo-icon.svg\" \/>\r\n                                        \r\n                                        \r\n                                                \r\n                                        \r\n                                            <img decoding=\"async\" loading=\"lazy\" alt=\"Steuer-Abruf Logo\" title=\"Steuer-Abruf\" \r\n                                                class=\"mx-auto d-md-none mobile \" src=\"https:\/\/www.buhl.de\/steuer\/wp-content\/themes\/steuer-web\/buhl-steuer\/assets\/blog\/blog-ad1\/abruf\/steuer-abruf-logo-icon.svg\" \/>\r\n                                        \r\n                                    <\/div>\r\n                                \r\n                            \r\n                                \r\n                                    <p class=\"font-cairo-10 fw700 blue-font headline-spacing-30 text-center justify-content-start text-md-left\">Lass deine Steuer automatisch ausf\u00fcllen<\/p>\r\n                                \r\n                    \r\n                                <div class=\"font-source-sans-pro-1 mt-30 mb-30 blue-font subline-width text-center text-md-left\">Spar dir Zeit und l\u00e4stiges Abtippen: WISO&nbsp;Steuer f\u00fcllt deine Erkl\u00e4rung automatisch aus. Und das Beste: Du kannst den Service kostenlos nutzen. Probiere es gleich heute aus!<\/div>\r\n                                \r\n                                \r\n\r\n                                <div class=\"d-flex flex-column flex-md-row align-items-center align-items-md-start justify-content-start\">\r\n                                    \r\n                                    <a class=\"font-cairo-2 fw700 intro-button primary w-230 d-none d-md-flex mr-md-25 justify-content-center align-items-center\"\r\n                                       role=\"button\"\r\n                                       href=\"https:\/\/www.buhl.de\/shop\/wisosteuer\/auswahl?2025=agv&wkz=STWEBMARKETINGSEITE&src=WEB\"\r\n                                       target=\"_self\"\r\n                                       title=\"WISO&nbsp;Steuer Lizenz kaufen\"\r\n                                       id=\"steuerabrufad\"\r\n                                       onclick=\"dataLayer.push({'event': 'ButtonClick SW','sw-button': 'click-preise'});\">\r\n                                       Jetzt kaufen\r\n                                    <\/a>\r\n                                    \r\n                                    \r\n                                    \r\n                                    <a class=\"d-flex justify-content-center align-items-center d-md-none font-cairo-2 fw700 intro-button primary w-230\"\r\n                                       role=\"button\"\r\n                                       href=\"https:\/\/www.buhl.de\/shop\/wisosteuer\/auswahl?2025=agv&wkz=STWEBMARKETINGSEITE&src=WEB\"\r\n                                       target=\"_self\"\r\n                                       title=\"WISO&nbsp;Steuer Lizenz kaufen\"\r\n                                       id=\"steuerabrufad\"\r\n                                       onclick=\"dataLayer.push({'event': 'ButtonClick SW','sw-button': 'click-preise'});\">\r\n                                       Jetzt kaufen\r\n                                    <\/a>\r\n                                    \r\n                                    \r\n                                    \r\n                                    \r\n                                    \r\n                                <\/div>\r\n                                \r\n                                \r\n                                    <div class=\"d-flex d-md-none align-content-center mobile-image-spacing\">\r\n                                        \r\n                                            <img decoding=\"async\" loading=\"lazy\" height=\"auto\" style=\"max-width:100%;\" alt=\"Steuer-Abruf Logo\" title=\"\" \r\n                                                class=\"\" src=\"https:\/\/www.buhl.de\/steuer\/wp-content\/themes\/steuer-web\/buhl-steuer\/assets\/blog\/blog-ad1\/abruf\/blog-automatisch_ausfuellen.svg\" \/>\r\n                                        \r\n                                    <\/div>\r\n                                \r\n                            <\/div>\r\n                        <\/div>\r\n                    <\/div>\r\n                <\/div>\r\n            <\/div>\r\n        <\/div>\r\n    \r\n        <div class=\"spacing-modul  \">\r\n            <div class=\"container spacing-modul\">\r\n               <div class=\"row\">\r\n                   <div id=\"\" class=\"anchor\"><\/div>\r\n                   <div class=\"col-12 modul-spacing-default-b\"><\/div>\r\n                   <div class=\"col-12 modul-spacing-default-b\"><\/div>\r\n               <\/div>\r\n            <\/div>\r\n        <\/div>\r\n    \n","protected":false},"excerpt":{"rendered":"<p>Eine Kinderbetreuung ist oft nicht nur schwer zu kriegen, sondern auch sehr kostspielig. Beteiligt sich der Arbeitgeber mit einem Kindergartenzuschuss, ist das nat\u00fcrlich ein sch\u00f6nes Extra f\u00fcr die Eltern. Manche k\u00f6nnen dadurch nach der Elternzeit schneller an ihren Arbeitsplatz zur\u00fcck. Was gilt aber f\u00fcr die Steuer?<\/p>\n","protected":false},"author":158,"featured_media":57761,"comment_status":"closed","ping_status":"open","sticky":false,"template":"","format":"standard","meta":{"_acf_changed":false,"footnotes":""},"categories":[2841,2815,2808],"tags":[],"class_list":["post-57751","post","type-post","status-publish","format-standard","has-post-thumbnail","hentry","category-alle","category-familie","category-arbeit"],"yoast_head":"<!-- This site is optimized with the Yoast SEO Premium plugin v27.4 (Yoast SEO v27.5) - https:\/\/yoast.com\/product\/yoast-seo-premium-wordpress\/ -->\n<title>Kindergartenzuschuss \u2714\ufe0f So bleibt er steuerfrei<\/title>\n<meta name=\"description\" content=\"Ein Kindergartenzuschuss vom Arbeitgeber ist ein sch\u00f6nes Extra f\u00fcr Eltern \u2705 Achtung: Das Finanzamt pr\u00fcft streng \ud83d\udc49 Hier mehr lesen!\" \/>\n<meta name=\"robots\" content=\"index, follow, max-snippet:-1, max-image-preview:large, max-video-preview:-1\" \/>\n<link rel=\"canonical\" href=\"https:\/\/www.buhl.de\/steuer\/ratgeber\/zuschuss-zur-kindergartenbetreuung\/\" \/>\n<meta property=\"og:locale\" content=\"de_DE\" \/>\n<meta property=\"og:type\" content=\"article\" \/>\n<meta property=\"og:title\" content=\"So bleibt der Kindergartenzuschuss steuerfrei\" \/>\n<meta property=\"og:description\" content=\"Ein Kindergartenzuschuss vom Arbeitgeber ist ein sch\u00f6nes Extra f\u00fcr Eltern \u2705 Achtung: Das Finanzamt pr\u00fcft streng \ud83d\udc49 Hier mehr lesen!\" \/>\n<meta property=\"og:url\" content=\"https:\/\/www.buhl.de\/steuer\/ratgeber\/zuschuss-zur-kindergartenbetreuung\/\" \/>\n<meta property=\"og:site_name\" content=\"WISO Steuer: Nr.1 App f\u00fcr die Steuererkl\u00e4rung\" \/>\n<meta property=\"article:published_time\" content=\"2023-06-01T06:30:41+00:00\" \/>\n<meta property=\"article:modified_time\" content=\"2024-07-31T08:39:43+00:00\" \/>\n<meta property=\"og:image\" content=\"https:\/\/www.buhl.de\/steuer\/wp-content\/uploads\/sites\/31\/2023\/04\/kindergartenzuschuss-titelbild.jpg\" \/>\n\t<meta property=\"og:image:width\" content=\"976\" \/>\n\t<meta property=\"og:image:height\" content=\"400\" \/>\n\t<meta property=\"og:image:type\" content=\"image\/jpeg\" \/>\n<meta name=\"author\" content=\"Melanie Holz\" \/>\n<meta name=\"twitter:card\" content=\"summary_large_image\" \/>\n<meta name=\"twitter:label1\" content=\"Verfasst von\" \/>\n\t<meta name=\"twitter:data1\" content=\"Melanie Holz\" \/>\n\t<meta name=\"twitter:label2\" content=\"Gesch\u00e4tzte Lesezeit\" \/>\n\t<meta name=\"twitter:data2\" content=\"4\u00a0Minuten\" \/>\n<script type=\"application\/ld+json\" class=\"yoast-schema-graph\">{\"@context\":\"https:\\\/\\\/schema.org\",\"@graph\":[{\"@type\":\"Article\",\"@id\":\"https:\\\/\\\/www.buhl.de\\\/steuer\\\/ratgeber\\\/zuschuss-zur-kindergartenbetreuung\\\/#article\",\"isPartOf\":{\"@id\":\"https:\\\/\\\/www.buhl.de\\\/steuer\\\/ratgeber\\\/zuschuss-zur-kindergartenbetreuung\\\/\"},\"author\":{\"name\":\"Melanie Holz\",\"@id\":\"https:\\\/\\\/www.buhl.de\\\/steuer\\\/#\\\/schema\\\/person\\\/bdc3546e32ec6fea6ff8e85e9a87fd47\"},\"headline\":\"So bleibt der Kindergartenzuschuss steuerfrei\",\"datePublished\":\"2023-06-01T06:30:41+00:00\",\"dateModified\":\"2024-07-31T08:39:43+00:00\",\"mainEntityOfPage\":{\"@id\":\"https:\\\/\\\/www.buhl.de\\\/steuer\\\/ratgeber\\\/zuschuss-zur-kindergartenbetreuung\\\/\"},\"wordCount\":740,\"publisher\":{\"@id\":\"https:\\\/\\\/www.buhl.de\\\/steuer\\\/#organization\"},\"image\":{\"@id\":\"https:\\\/\\\/www.buhl.de\\\/steuer\\\/ratgeber\\\/zuschuss-zur-kindergartenbetreuung\\\/#primaryimage\"},\"thumbnailUrl\":\"https:\\\/\\\/www.buhl.de\\\/steuer\\\/wp-content\\\/uploads\\\/sites\\\/31\\\/2023\\\/04\\\/kindergartenzuschuss-titelbild.jpg\",\"articleSection\":[\"Neueste Beitr\u00e4ge\",\"Ratgeber: Familie &amp; Steuer\",\"Ratgeber: Steuern &amp; Gehalt\"],\"inLanguage\":\"de\"},{\"@type\":\"WebPage\",\"@id\":\"https:\\\/\\\/www.buhl.de\\\/steuer\\\/ratgeber\\\/zuschuss-zur-kindergartenbetreuung\\\/\",\"url\":\"https:\\\/\\\/www.buhl.de\\\/steuer\\\/ratgeber\\\/zuschuss-zur-kindergartenbetreuung\\\/\",\"name\":\"Kindergartenzuschuss \u2714\ufe0f So bleibt er steuerfrei\",\"isPartOf\":{\"@id\":\"https:\\\/\\\/www.buhl.de\\\/steuer\\\/#website\"},\"primaryImageOfPage\":{\"@id\":\"https:\\\/\\\/www.buhl.de\\\/steuer\\\/ratgeber\\\/zuschuss-zur-kindergartenbetreuung\\\/#primaryimage\"},\"image\":{\"@id\":\"https:\\\/\\\/www.buhl.de\\\/steuer\\\/ratgeber\\\/zuschuss-zur-kindergartenbetreuung\\\/#primaryimage\"},\"thumbnailUrl\":\"https:\\\/\\\/www.buhl.de\\\/steuer\\\/wp-content\\\/uploads\\\/sites\\\/31\\\/2023\\\/04\\\/kindergartenzuschuss-titelbild.jpg\",\"datePublished\":\"2023-06-01T06:30:41+00:00\",\"dateModified\":\"2024-07-31T08:39:43+00:00\",\"description\":\"Ein Kindergartenzuschuss vom Arbeitgeber ist ein sch\u00f6nes Extra f\u00fcr Eltern \u2705 Achtung: Das Finanzamt pr\u00fcft streng \ud83d\udc49 Hier mehr lesen!\",\"breadcrumb\":{\"@id\":\"https:\\\/\\\/www.buhl.de\\\/steuer\\\/ratgeber\\\/zuschuss-zur-kindergartenbetreuung\\\/#breadcrumb\"},\"inLanguage\":\"de\",\"potentialAction\":[{\"@type\":\"ReadAction\",\"target\":[\"https:\\\/\\\/www.buhl.de\\\/steuer\\\/ratgeber\\\/zuschuss-zur-kindergartenbetreuung\\\/\"]}]},{\"@type\":\"ImageObject\",\"inLanguage\":\"de\",\"@id\":\"https:\\\/\\\/www.buhl.de\\\/steuer\\\/ratgeber\\\/zuschuss-zur-kindergartenbetreuung\\\/#primaryimage\",\"url\":\"https:\\\/\\\/www.buhl.de\\\/steuer\\\/wp-content\\\/uploads\\\/sites\\\/31\\\/2023\\\/04\\\/kindergartenzuschuss-titelbild.jpg\",\"contentUrl\":\"https:\\\/\\\/www.buhl.de\\\/steuer\\\/wp-content\\\/uploads\\\/sites\\\/31\\\/2023\\\/04\\\/kindergartenzuschuss-titelbild.jpg\",\"width\":976,\"height\":400},{\"@type\":\"BreadcrumbList\",\"@id\":\"https:\\\/\\\/www.buhl.de\\\/steuer\\\/ratgeber\\\/zuschuss-zur-kindergartenbetreuung\\\/#breadcrumb\",\"itemListElement\":[{\"@type\":\"ListItem\",\"position\":1,\"name\":\"Steuererkl\u00e4rung\",\"item\":\"https:\\\/\\\/www.buhl.de\\\/steuer\\\/\"},{\"@type\":\"ListItem\",\"position\":2,\"name\":\"So bleibt der Kindergartenzuschuss steuerfrei\"}]},{\"@type\":\"WebSite\",\"@id\":\"https:\\\/\\\/www.buhl.de\\\/steuer\\\/#website\",\"url\":\"https:\\\/\\\/www.buhl.de\\\/steuer\\\/\",\"name\":\"WISO Steuer: Nr. 1 Steuer-App\",\"description\":\"\",\"publisher\":{\"@id\":\"https:\\\/\\\/www.buhl.de\\\/steuer\\\/#organization\"},\"potentialAction\":[{\"@type\":\"SearchAction\",\"target\":{\"@type\":\"EntryPoint\",\"urlTemplate\":\"https:\\\/\\\/www.buhl.de\\\/steuer\\\/?s={search_term_string}\"},\"query-input\":{\"@type\":\"PropertyValueSpecification\",\"valueRequired\":true,\"valueName\":\"search_term_string\"}}],\"inLanguage\":\"de\"},{\"@type\":\"Organization\",\"@id\":\"https:\\\/\\\/www.buhl.de\\\/steuer\\\/#organization\",\"name\":\"WISO Steuer | Buhl Data Service GmbH\",\"url\":\"https:\\\/\\\/www.buhl.de\\\/steuer\\\/\",\"logo\":{\"@type\":\"ImageObject\",\"inLanguage\":\"de\",\"@id\":\"https:\\\/\\\/www.buhl.de\\\/steuer\\\/#\\\/schema\\\/logo\\\/image\\\/\",\"url\":\"https:\\\/\\\/www.buhl.de\\\/steuer\\\/wp-content\\\/uploads\\\/sites\\\/31\\\/2026\\\/02\\\/logo-wiso-steuer-app.svg\",\"contentUrl\":\"https:\\\/\\\/www.buhl.de\\\/steuer\\\/wp-content\\\/uploads\\\/sites\\\/31\\\/2026\\\/02\\\/logo-wiso-steuer-app.svg\",\"width\":375,\"height\":72,\"caption\":\"WISO Steuer | Buhl Data Service GmbH\"},\"image\":{\"@id\":\"https:\\\/\\\/www.buhl.de\\\/steuer\\\/#\\\/schema\\\/logo\\\/image\\\/\"}},{\"@type\":\"Person\",\"@id\":\"https:\\\/\\\/www.buhl.de\\\/steuer\\\/#\\\/schema\\\/person\\\/bdc3546e32ec6fea6ff8e85e9a87fd47\",\"name\":\"Melanie Holz\",\"image\":{\"@type\":\"ImageObject\",\"inLanguage\":\"de\",\"@id\":\"https:\\\/\\\/www.buhl.de\\\/steuer\\\/wp-content\\\/uploads\\\/sites\\\/31\\\/2024\\\/07\\\/melanie.png\",\"url\":\"https:\\\/\\\/www.buhl.de\\\/steuer\\\/wp-content\\\/uploads\\\/sites\\\/31\\\/2024\\\/07\\\/melanie.png\",\"contentUrl\":\"https:\\\/\\\/www.buhl.de\\\/steuer\\\/wp-content\\\/uploads\\\/sites\\\/31\\\/2024\\\/07\\\/melanie.png\",\"caption\":\"Melanie Holz\"},\"sameAs\":[\"https:\\\/\\\/www.buhl.de\\\/steuer\\\/autoren\\\/melanie-holz\\\/\"]}]}<\/script>\n<!-- \/ Yoast SEO Premium plugin. -->","yoast_head_json":{"title":"Kindergartenzuschuss \u2714\ufe0f So bleibt er steuerfrei","description":"Ein Kindergartenzuschuss vom Arbeitgeber ist ein sch\u00f6nes Extra f\u00fcr Eltern \u2705 Achtung: Das Finanzamt pr\u00fcft streng \ud83d\udc49 Hier mehr lesen!","robots":{"index":"index","follow":"follow","max-snippet":"max-snippet:-1","max-image-preview":"max-image-preview:large","max-video-preview":"max-video-preview:-1"},"canonical":"https:\/\/www.buhl.de\/steuer\/ratgeber\/zuschuss-zur-kindergartenbetreuung\/","og_locale":"de_DE","og_type":"article","og_title":"So bleibt der Kindergartenzuschuss steuerfrei","og_description":"Ein Kindergartenzuschuss vom Arbeitgeber ist ein sch\u00f6nes Extra f\u00fcr Eltern \u2705 Achtung: Das Finanzamt pr\u00fcft streng \ud83d\udc49 Hier mehr lesen!","og_url":"https:\/\/www.buhl.de\/steuer\/ratgeber\/zuschuss-zur-kindergartenbetreuung\/","og_site_name":"WISO Steuer: Nr.1 App f\u00fcr die Steuererkl\u00e4rung","article_published_time":"2023-06-01T06:30:41+00:00","article_modified_time":"2024-07-31T08:39:43+00:00","og_image":[{"width":976,"height":400,"url":"https:\/\/www.buhl.de\/steuer\/wp-content\/uploads\/sites\/31\/2023\/04\/kindergartenzuschuss-titelbild.jpg","type":"image\/jpeg"}],"author":"Melanie Holz","twitter_card":"summary_large_image","twitter_misc":{"Verfasst von":"Melanie Holz","Gesch\u00e4tzte Lesezeit":"4\u00a0Minuten"},"schema":{"@context":"https:\/\/schema.org","@graph":[{"@type":"Article","@id":"https:\/\/www.buhl.de\/steuer\/ratgeber\/zuschuss-zur-kindergartenbetreuung\/#article","isPartOf":{"@id":"https:\/\/www.buhl.de\/steuer\/ratgeber\/zuschuss-zur-kindergartenbetreuung\/"},"author":{"name":"Melanie Holz","@id":"https:\/\/www.buhl.de\/steuer\/#\/schema\/person\/bdc3546e32ec6fea6ff8e85e9a87fd47"},"headline":"So bleibt der Kindergartenzuschuss steuerfrei","datePublished":"2023-06-01T06:30:41+00:00","dateModified":"2024-07-31T08:39:43+00:00","mainEntityOfPage":{"@id":"https:\/\/www.buhl.de\/steuer\/ratgeber\/zuschuss-zur-kindergartenbetreuung\/"},"wordCount":740,"publisher":{"@id":"https:\/\/www.buhl.de\/steuer\/#organization"},"image":{"@id":"https:\/\/www.buhl.de\/steuer\/ratgeber\/zuschuss-zur-kindergartenbetreuung\/#primaryimage"},"thumbnailUrl":"https:\/\/www.buhl.de\/steuer\/wp-content\/uploads\/sites\/31\/2023\/04\/kindergartenzuschuss-titelbild.jpg","articleSection":["Neueste Beitr\u00e4ge","Ratgeber: Familie &amp; Steuer","Ratgeber: Steuern &amp; Gehalt"],"inLanguage":"de"},{"@type":"WebPage","@id":"https:\/\/www.buhl.de\/steuer\/ratgeber\/zuschuss-zur-kindergartenbetreuung\/","url":"https:\/\/www.buhl.de\/steuer\/ratgeber\/zuschuss-zur-kindergartenbetreuung\/","name":"Kindergartenzuschuss \u2714\ufe0f So bleibt er steuerfrei","isPartOf":{"@id":"https:\/\/www.buhl.de\/steuer\/#website"},"primaryImageOfPage":{"@id":"https:\/\/www.buhl.de\/steuer\/ratgeber\/zuschuss-zur-kindergartenbetreuung\/#primaryimage"},"image":{"@id":"https:\/\/www.buhl.de\/steuer\/ratgeber\/zuschuss-zur-kindergartenbetreuung\/#primaryimage"},"thumbnailUrl":"https:\/\/www.buhl.de\/steuer\/wp-content\/uploads\/sites\/31\/2023\/04\/kindergartenzuschuss-titelbild.jpg","datePublished":"2023-06-01T06:30:41+00:00","dateModified":"2024-07-31T08:39:43+00:00","description":"Ein Kindergartenzuschuss vom Arbeitgeber ist ein sch\u00f6nes Extra f\u00fcr Eltern \u2705 Achtung: Das Finanzamt pr\u00fcft streng \ud83d\udc49 Hier mehr lesen!","breadcrumb":{"@id":"https:\/\/www.buhl.de\/steuer\/ratgeber\/zuschuss-zur-kindergartenbetreuung\/#breadcrumb"},"inLanguage":"de","potentialAction":[{"@type":"ReadAction","target":["https:\/\/www.buhl.de\/steuer\/ratgeber\/zuschuss-zur-kindergartenbetreuung\/"]}]},{"@type":"ImageObject","inLanguage":"de","@id":"https:\/\/www.buhl.de\/steuer\/ratgeber\/zuschuss-zur-kindergartenbetreuung\/#primaryimage","url":"https:\/\/www.buhl.de\/steuer\/wp-content\/uploads\/sites\/31\/2023\/04\/kindergartenzuschuss-titelbild.jpg","contentUrl":"https:\/\/www.buhl.de\/steuer\/wp-content\/uploads\/sites\/31\/2023\/04\/kindergartenzuschuss-titelbild.jpg","width":976,"height":400},{"@type":"BreadcrumbList","@id":"https:\/\/www.buhl.de\/steuer\/ratgeber\/zuschuss-zur-kindergartenbetreuung\/#breadcrumb","itemListElement":[{"@type":"ListItem","position":1,"name":"Steuererkl\u00e4rung","item":"https:\/\/www.buhl.de\/steuer\/"},{"@type":"ListItem","position":2,"name":"So bleibt der Kindergartenzuschuss steuerfrei"}]},{"@type":"WebSite","@id":"https:\/\/www.buhl.de\/steuer\/#website","url":"https:\/\/www.buhl.de\/steuer\/","name":"WISO Steuer: Nr. 1 Steuer-App","description":"","publisher":{"@id":"https:\/\/www.buhl.de\/steuer\/#organization"},"potentialAction":[{"@type":"SearchAction","target":{"@type":"EntryPoint","urlTemplate":"https:\/\/www.buhl.de\/steuer\/?s={search_term_string}"},"query-input":{"@type":"PropertyValueSpecification","valueRequired":true,"valueName":"search_term_string"}}],"inLanguage":"de"},{"@type":"Organization","@id":"https:\/\/www.buhl.de\/steuer\/#organization","name":"WISO Steuer | Buhl Data Service GmbH","url":"https:\/\/www.buhl.de\/steuer\/","logo":{"@type":"ImageObject","inLanguage":"de","@id":"https:\/\/www.buhl.de\/steuer\/#\/schema\/logo\/image\/","url":"https:\/\/www.buhl.de\/steuer\/wp-content\/uploads\/sites\/31\/2026\/02\/logo-wiso-steuer-app.svg","contentUrl":"https:\/\/www.buhl.de\/steuer\/wp-content\/uploads\/sites\/31\/2026\/02\/logo-wiso-steuer-app.svg","width":375,"height":72,"caption":"WISO Steuer | Buhl Data Service GmbH"},"image":{"@id":"https:\/\/www.buhl.de\/steuer\/#\/schema\/logo\/image\/"}},{"@type":"Person","@id":"https:\/\/www.buhl.de\/steuer\/#\/schema\/person\/bdc3546e32ec6fea6ff8e85e9a87fd47","name":"Melanie Holz","image":{"@type":"ImageObject","inLanguage":"de","@id":"https:\/\/www.buhl.de\/steuer\/wp-content\/uploads\/sites\/31\/2024\/07\/melanie.png","url":"https:\/\/www.buhl.de\/steuer\/wp-content\/uploads\/sites\/31\/2024\/07\/melanie.png","contentUrl":"https:\/\/www.buhl.de\/steuer\/wp-content\/uploads\/sites\/31\/2024\/07\/melanie.png","caption":"Melanie Holz"},"sameAs":["https:\/\/www.buhl.de\/steuer\/autoren\/melanie-holz\/"]}]}},"acf":[],"wps_subtitle":"Worauf Eltern achten m\u00fcssen","_links":{"self":[{"href":"https:\/\/www.buhl.de\/steuer\/wp-json\/wp\/v2\/posts\/57751","targetHints":{"allow":["GET"]}}],"collection":[{"href":"https:\/\/www.buhl.de\/steuer\/wp-json\/wp\/v2\/posts"}],"about":[{"href":"https:\/\/www.buhl.de\/steuer\/wp-json\/wp\/v2\/types\/post"}],"author":[{"embeddable":true,"href":"https:\/\/www.buhl.de\/steuer\/wp-json\/wp\/v2\/users\/158"}],"replies":[{"embeddable":true,"href":"https:\/\/www.buhl.de\/steuer\/wp-json\/wp\/v2\/comments?post=57751"}],"version-history":[{"count":10,"href":"https:\/\/www.buhl.de\/steuer\/wp-json\/wp\/v2\/posts\/57751\/revisions"}],"predecessor-version":[{"id":59630,"href":"https:\/\/www.buhl.de\/steuer\/wp-json\/wp\/v2\/posts\/57751\/revisions\/59630"}],"wp:featuredmedia":[{"embeddable":true,"href":"https:\/\/www.buhl.de\/steuer\/wp-json\/wp\/v2\/media\/57761"}],"wp:attachment":[{"href":"https:\/\/www.buhl.de\/steuer\/wp-json\/wp\/v2\/media?parent=57751"}],"wp:term":[{"taxonomy":"category","embeddable":true,"href":"https:\/\/www.buhl.de\/steuer\/wp-json\/wp\/v2\/categories?post=57751"},{"taxonomy":"post_tag","embeddable":true,"href":"https:\/\/www.buhl.de\/steuer\/wp-json\/wp\/v2\/tags?post=57751"}],"curies":[{"name":"wp","href":"https:\/\/api.w.org\/{rel}","templated":true}]}}