{"id":58567,"date":"2025-10-22T08:37:54","date_gmt":"2025-10-22T06:37:54","guid":{"rendered":"https:\/\/www.buhl.de\/steuer\/?p=58567"},"modified":"2026-01-12T11:27:47","modified_gmt":"2026-01-12T10:27:47","slug":"firmenfeier","status":"publish","type":"post","link":"https:\/\/www.buhl.de\/steuer\/ratgeber\/firmenfeier\/","title":{"rendered":"Feier absetzen: Was gilt bei der Steuer?"},"content":{"rendered":"<p>Ob Weihnachtsfeier, Jubil\u00e4um oder runder Geburtstag \u2013 Feiern geh\u00f6ren zum Arbeitsleben dazu. Doch welche Kosten lassen sich von der Steuer absetzen? F\u00fcr Arbeitgeber gelten besondere Regeln bei Betriebsveranstaltungen, f\u00fcr Arbeitnehmer kann in Einzelf\u00e4llen sogar eine Geburtstagsfeier absetzbar sein. Und rein private Feste? Hier zieht das Finanzamt klare Grenzen.<\/p>\n<p><!--more--><\/p>\n<h2>Kurz &amp; knapp<\/h2>\n<ul>\n<li>Arbeitgeber k\u00f6nnen bis zu zwei Betriebsfeiern pro Jahr steuerfrei ausrichten<\/li>\n<li>Pro Person sind Kosten bis zu 110 Euro steuer- und abgabenfrei<\/li>\n<li>Arbeitnehmer k\u00f6nnen Kosten f\u00fcr Feiern nur absetzen, wenn diese eindeutig beruflich veranlasst sind<\/li>\n<\/ul>\n<p>Mit <a title=\"WISO Steuer: Steuerprogramm von Buhl\" href=\"https:\/\/www.buhl.de\/steuer\/\">WISO Steuer<\/a> tr\u00e4gst du deine Bewirtungskosten einfach in der Steuererkl\u00e4rung ein. Das Programm sorgt daf\u00fcr, dass du keine Steuervorteile verpasst \u2013 und berechnet deine Steuererstattung sofort. <strong>Jetzt ausprobieren:<\/strong><\/p>\n\r\n        <div role=\"region\" aria-label=\"\" class=\"white-background\">\r\n            <div class=\"container\">\r\n                <div class=\"row\">\r\n                    <div class=\"col-12 d-flex justify-content-center align-items-center flex-column flex-lg-row\">\r\n                    \r\n\r\n                    \r\n                        <a class=\"secondary w-230 d-none d-md-flex justify-content-center align-items-center font-cairo-2 fw700 action-anonymous\"\r\n                            role=\"button\"\r\n                            href=\"https:\/\/www.buhl.de\/mein-buhlkonto\/?buhlparam=2100101\"\r\n                            title=\"Kostenlos testen\"\r\n                            target=\"_self\"\r\n                            id=\"firmenfeier-einstieg\"\r\n                            onclick=\"dataLayer.push({'event': 'ButtonClick SW','sw-button': 'click-testen'});\">\r\n                            Kostenlos testen\r\n                        <\/a>\r\n\r\n                        <a class=\"secondary w-230 d-flex d-md-none justify-content-center align-items-center font-cairo-2 fw700 action-anonymous\"\r\n                            role=\"button\"\r\n                            href=\"https:\/\/www.buhl.de\/mein-buhlkonto\/?buhlparam=2100101\"\r\n                            title=\"Kostenlos testen\"\r\n                            target=\"_self\"\r\n                            id=\"firmenfeier-einstieg-m\"\r\n                            onclick=\"dataLayer.push({'event': 'ButtonClick SW','sw-button': 'click-mobile-starten'});\">\r\n                            Kostenlos testen\r\n                        <\/a>\r\n                    \r\n                    <\/div>\r\n                <\/div>\r\n            <\/div>\r\n        <\/div>\r\n    \r\n        <div class=\"spacing-modul  \">\r\n            <div class=\"container spacing-modul\">\r\n               <div class=\"row\">\r\n                   <div id=\"\" class=\"anchor\"><\/div>\r\n                   <div class=\"col-12 modul-spacing-default-b\"><\/div>\r\n                   <div class=\"col-12 modul-spacing-default-b\"><\/div>\r\n               <\/div>\r\n            <\/div>\r\n        <\/div>\r\n    \n<h2>Arbeitgeber zahlt die Feier \u2013 was gilt?<\/h2>\n<p>Typische Firmenfeste wie Weihnachtsfeiern oder Sommerfeste gelten steuerlich als sogenannte Betriebsveranstaltungen. Voraussetzung: Alle Mitarbeitenden oder eine klar abgrenzbare Abteilung sind eingeladen. Nur dann profitieren Arbeitgeber und Arbeitnehmer von steuerlichen Verg\u00fcnstigungen.<\/p>\n<h3>Steuerfreie Zuwendung bis 110 Euro<\/h3>\n<p>Arbeitgeber d\u00fcrfen bis zu 110 Euro brutto je Teilnehmer steuer- und sozialversicherungsfrei ausgeben. Wird diese Grenze \u00fcberschritten, bleibt der Betrag bis 110 Euro steuerfrei. Nur der \u00fcbersteigende Teil gilt als Arbeitslohn und kann individuell oder pauschal (25 Prozent Lohnsteuer) versteuert werden. Der <a title=\"Die wichtigsten Steuerfreibetr\u00e4ge im \u00dcberblick\" href=\"https:\/\/www.buhl.de\/steuer\/ratgeber\/steuerfreibetrag\/\">Freibetrag<\/a> gilt f\u00fcr maximal zwei Betriebsveranstaltungen pro Jahr.<\/p>\n<p><strong>Wichtig<\/strong>: Ab 2026 ist die Pauschalversteuerung mit 25 Prozent nur noch zul\u00e4ssig, wenn die Veranstaltung allen Mitarbeitenden oder einem gesamten Betriebsteil offensteht. Feiern f\u00fcr ausgew\u00e4hlte Personengruppen \u2013 etwa nur f\u00fcr F\u00fchrungskr\u00e4fte \u2013 k\u00f6nnen dann nicht mehr pauschal versteuert werden.<\/p>\n\r\n        <div class=\"spacing-modul  \">\r\n            <div class=\"container spacing-modul\">\r\n               <div class=\"row\">\r\n                   <div id=\"\" class=\"anchor\"><\/div>\r\n                   <div class=\"col-12 modul-spacing-blog-c\"><\/div>\r\n                   <div class=\"col-12 modul-spacing-blog-c\"><\/div>\r\n               <\/div>\r\n            <\/div>\r\n        <\/div>\r\n    \r\n        <div class=\"white-background\">\r\n            <div class=\"container\">\r\n                <div class=\"content info-blog-modul blog-wrapper\">\r\n                    <div class=\"row\">\r\n                        <div class=\"d-flex align-items-center text-center text-lg-left align-items-xl-start flex-column flex-xl-row col-12 offset-lg-2 col-lg-8 offset-xl-1 col-xl-9\">\r\n                            <img decoding=\"async\" loading=\"lazy\" class=\"img-fluid\" src=\"https:\/\/www.buhl.de\/steuer\/wp-content\/themes\/steuer-web\/buhl-steuer\/assets\/blog\/blog-module\/info-icon.svg\" alt=\"Information zum Thema\" title=\"Information zum Thema\" \/>\r\n                            <div class=\"d-flex flex-column\">\r\n                                <h3 class=\"font-source-sans-pro-10 fw700 blue-font headline\">Was z\u00e4hlt zur 110-Euro-Grenze?<\/h3><div class=\"font-source-sans-pro-1 blue-font\"> Seit 2015 gilt ein Freibetrag von 110 Euro brutto pro teilnehmender Person. Innerhalb dieses Rahmens bleiben Zuwendungen steuer- und sozialversicherungsfrei. Dazu z\u00e4hlen:<\/p>\n<ul>\n<li>Raummiete<\/li>\n<li>Getr\u00e4nke und Catering<\/li>\n<li>Musik, K\u00fcnstler und Rahmenprogramm<\/li>\n<li>Dekoration und Service<\/li>\n<li>Fahrtkosten<\/li>\n<li>Eintrittsgelder <\/div><\/div>\r\n                        <\/div>\r\n                    <\/div>\r\n                <\/div>\r\n            <\/div>\r\n        <\/div>\r\n    \r\n        <div class=\"spacing-modul  \">\r\n            <div class=\"container spacing-modul\">\r\n               <div class=\"row\">\r\n                   <div id=\"\" class=\"anchor\"><\/div>\r\n                   <div class=\"col-12 modul-spacing-default-b\"><\/div>\r\n                   <div class=\"col-12 modul-spacing-default-b\"><\/div>\r\n               <\/div>\r\n            <\/div>\r\n        <\/div>\r\n    <\/li>\n<\/ul>\n<h2>Arbeitnehmer l\u00e4dt ein \u2013 was ist absetzbar?<\/h2>\n<p>Manchmal richtet nicht der Arbeitgeber, sondern der Arbeitnehmer selbst eine Feier aus. Auch hier kann es steuerliche Auswirkungen geben \u2013 allerdings nur, wenn ein klarer beruflicher Bezug erkennbar ist. Klassische Beispiele sind eine Bef\u00f6rderung, ein Dienstjubil\u00e4um oder auch ein runder Geburtstag, wenn ausschlie\u00dflich Kolleginnen und Kollegen eingeladen werden und die Feier im betrieblichen Rahmen stattfindet. In solchen F\u00e4llen kannst du die Aufwendungen in deiner Steuererkl\u00e4rung als <a title=\"Was z\u00e4hlt zu den Werbungskosten?\" href=\"https:\/\/www.buhl.de\/steuer\/ratgeber\/werbungskosten\/\">Werbungskosten<\/a> ansetzen.<\/p>\n<p>Damit die Anerkennung durch das Finanzamt gelingt, sind zwei Punkte besonders wichtig:<\/p>\n<ul class=\"sw-blog-icon sw-blog-icon-1\">\n<li><strong>Teilnehmerkreis<\/strong>: Eingeladen sollten nur Personen aus dem beruflichen Umfeld sein (Kollegen, Vorgesetzte, Gesch\u00e4ftspartner). Nimmst du zus\u00e4tzlich Familie oder Freunde dazu, musst du deren Kostenanteil streng herausrechnen.<\/li>\n<li><strong>Rahmen der Feier<\/strong>: Je betrieblicher die Umgebung, desto besser \u2013 etwa eine Feier in den Betriebsr\u00e4umen oder w\u00e4hrend der Arbeitszeit. Ein gemeinsames Mittagessen oder eine schlichte Kaffeerunde im B\u00fcro wirken glaubw\u00fcrdiger als ein gro\u00dfes Fest im Restaurant.<\/li>\n<\/ul>\n<p>Auch die H\u00f6he der Ausgaben spielt eine Rolle. Liegt der Aufwand pro Person im \u00fcblichen Rahmen, akzeptiert das Finanzamt eher, dass es sich nicht um private Repr\u00e4sentation handelt.<\/p>\n<p>Beispiele:<\/p>\n<ul>\n<li><strong> Runder Geburtstag im Betrieb<\/strong>: Ein Gesch\u00e4ftsf\u00fchrer feiert seinen 60. Geburtstag nicht privat, sondern nur mit den Mitarbeitenden in den Betriebsr\u00e4umen. Der Bundesfinanzhof hat die Kosten von rund 70 Euro pro Person als Werbungskosten anerkannt, weil der private Charakter vollst\u00e4ndig zur\u00fccktrat (BFH, Urteil vom 10.11.2016, VI R 7\/16).<\/li>\n<li><strong>Dienstjubil\u00e4um oder Bef\u00f6rderung<\/strong>: Wird der Anlass klar beruflich gepr\u00e4gt (zum Beispiel 25 Jahre Betriebszugeh\u00f6rigkeit oder Bef\u00f6rderung) und die Feier im Kollegenkreis ausgerichtet, k\u00f6nnen die Kosten als Werbungskosten ber\u00fccksichtigt werden.<\/li>\n<li><strong>Gemischte Anl\u00e4sse<\/strong>: Treffen private und berufliche Gr\u00fcnde zusammen (etwa ein 50. Geburtstag und ein 20-j\u00e4hriges Dienstjubil\u00e4um), erlaubt das Finanzamt eine Aufteilung der Kosten (BFH, Urteil vom 8.7.2015, VI R 46\/14). Wichtig ist eine nachvollziehbare Dokumentation, etwa durch getrennte G\u00e4stelisten.<\/li>\n<li><strong>Schlichte, betriebsinterne Feiern<\/strong>: Eine Kaffeetafel in der Kantine w\u00e4hrend der Arbeitszeit kann steuerlich anerkannt werden, wenn die Gestaltung klar beruflich gepr\u00e4gt ist.<\/li>\n<\/ul>\n<h2>Private Feiern mit Kollegen<\/h2>\n<p>Rein private Feiern \u2013 etwa Geburtstag oder Hochzeit im Familienkreis \u2013 sind nicht absetzbar. Auch wenn Kollegen eingeladen werden, dominiert der private Anlass. Nur wenn sich ein eindeutig beruflicher Bezug nachweisen l\u00e4sst, kommt eine steuerliche Anerkennung in Betracht.<\/p>\n\r\n        <div class=\"spacing-modul  \">\r\n            <div class=\"container spacing-modul\">\r\n               <div class=\"row\">\r\n                   <div id=\"\" class=\"anchor\"><\/div>\r\n                   <div class=\"col-12 modul-spacing-blog-c\"><\/div>\r\n                   <div class=\"col-12 modul-spacing-blog-c\"><\/div>\r\n               <\/div>\r\n            <\/div>\r\n        <\/div>\r\n    \r\n        <div class=\"white-background small-module\">\r\n            <div class=\"container\">\r\n                <div class=\"row\">\r\n                    <div class=\"col-12\">\r\n                        <div class=\"content blog-read-more\">\r\n                <a role=\"button\" onclick=\"dataLayer.push({'event': 'ButtonClick SW','sw-button': 'read-more-click-intext'});\" class=\"d-flex flex-column flex-md-row\" href=\"https:\/\/www.buhl.de\/steuer\/ratgeber\/bewirtungskosten-absetzen\/\">\r\n                    <div class=\"img-size\">\r\n                        <img decoding=\"async\" loading=\"lazy\" alt=\"Bewirtungskosten absetzen Titelbild\" title=\"Gesch\u00e4ftsessen und weitere Bewirtungskosten absetzen\" src=\"https:\/\/www.buhl.de\/steuer\/wp-content\/uploads\/sites\/31\/2023\/03\/bewirtungskosten-absetzen-titelbild.jpg\" \/>\r\n                    <\/div>\r\n                    <div class=\"w-100 d-flex flex-column justify-content-center\">\r\n                        <div class=\"font-cairo-7 fw700 ellipsis-two-row blue-font\">Gesch\u00e4ftsessen und weitere Bewirtungskosten absetzen<\/div>\r\n                        <div class=\"font-source-sans-pro-1 ellipsis-two-row blue-font headline-spacing-10\"><p>So sparst du mit dem Bewirtungsbeleg bei der Steuer<\/div>\r\n                        <div class=\"font-source-sans-pro-1 position-relative orange-font\">weiterlesen <span class=\"arrow-right-orange\"><\/span><\/div>\r\n                    <\/div>\r\n                <\/a>\r\n                        <\/div>\r\n                    <\/div>\r\n                <\/div>\r\n            <\/div>\r\n        <\/div>\r\n    \r\n        <div class=\"spacing-modul  \">\r\n            <div class=\"container spacing-modul\">\r\n               <div class=\"row\">\r\n                   <div id=\"\" class=\"anchor\"><\/div>\r\n                   <div class=\"col-12 modul-spacing-default-b\"><\/div>\r\n                   <div class=\"col-12 modul-spacing-default-b\"><\/div>\r\n               <\/div>\r\n            <\/div>\r\n        <\/div>\r\n    \n<h2>Kosten der Firmenfeier in die Steuererkl\u00e4rung eintragen<\/h2>\n<p>Wie du die Kosten einer Feier in die <a title=\"Anleitung: Steuererkl\u00e4rung Schritt-f\u00fcr-Schritt\" href=\"https:\/\/www.buhl.de\/steuer\/ratgeber\/steuererklaerung-machen\/\">Steuererkl\u00e4rung<\/a> eintr\u00e4gst, h\u00e4ngt davon ab, in welcher Rolle du auftrittst.<\/p>\n<p><strong>Arbeitgeber, Selbstst\u00e4ndige &amp; Freiberufler:\u00a0<\/strong><\/p>\n<p>Bist du Arbeitgeber, z\u00e4hlen Ausgaben f\u00fcr Betriebsveranstaltungen zu den Betriebsausgaben deiner Firma. Die Kosten buchst du in deiner Finanzbuchhaltung.<\/p>\n<p>Wenn du selbstst\u00e4ndig oder freiberuflich t\u00e4tig bist, kannst du deine Aufwendungen f\u00fcr beruflich veranlasste Feiern als Betriebsausgaben abrechnen, beispielsweise im Rahmen der <a title=\"So funktioniert die E\u00dcR\" href=\"https:\/\/www.buhl.de\/steuer\/kaufen\/euer\/\">Einnahmen-\u00dcberschuss-Rechnung<\/a>.<\/p>\n<p><strong>Arbeitnehmer<\/strong>:<\/p>\n<p>Anders sieht es aus, wenn du als Arbeitnehmer eine Feier mit eindeutig beruflichem Anlass \u2013 zum Beispiel eine Bef\u00f6rderungsfeier oder ein Dienstjubil\u00e4um \u2013 selbst bezahlt hast. In deiner Einkommensteuererkl\u00e4rung kannst du diese Kosten in der <a title=\"Anlage N ausf\u00fcllen - das steht drin\" href=\"https:\/\/www.buhl.de\/steuer\/ratgeber\/anlage-n\/\">Anlage N<\/a> als Werbungskosten angeben.<\/p>\n<p>Mit WISO Steuer geht das besonders einfach. Die Kosten tr\u00e4gst du im Bereich \u201e<em>Arbeitnehmer, Betriebsrentner und Pension\u00e4re<\/em>\u201c unter \u201e<em>Berufliche Ausgaben<\/em>\u201c ein. Trage dort unter \u201e<em>Bewirtung<\/em>\u201c die Kosten f\u00fcr die beruflich veranlasste Feier ein und beschreibe kurz den Anlass (zum Beispiel \u201e<em>Dienstjubil\u00e4um<\/em>\u201c).<\/p>\n\r\n        <div class=\"spacing-modul  \">\r\n            <div class=\"container spacing-modul\">\r\n               <div class=\"row\">\r\n                   <div id=\"\" class=\"anchor\"><\/div>\r\n                   <div class=\"col-12 modul-spacing-blog-c\"><\/div>\r\n                   <div class=\"col-12 modul-spacing-blog-c\"><\/div>\r\n               <\/div>\r\n            <\/div>\r\n        <\/div>\r\n    \r\n        <div class=\"white-background d-none d-lg-block\">\r\n            <div class=\"container blog-image\">\r\n            \t<div class=\"row\">\r\n       <p class=\"col-12 font-source-sans-pro-1 blue-font\">\n<\/p>\r\n                <div class=\"d-flex col-12 align-items-center justify-content-center\">\r\n                         \r\n                            <a id=\"\" target=\"_self\" title=\"\" href=\"\">\r\n                         \r\n                      <picture class=\"img-fluid\">\r\n                             <img decoding=\"async\" loading=\"lazy\"\r\n                              alt=\"Eingabemaske f\u00fcr Firmenfeier in WISO Steuer\" \r\n                              title=\"\"\r\n                              src=\"https:\/\/www.buhl.de\/steuer\/wp-content\/uploads\/sites\/31\/2025\/10\/firmenfeier-desktop.png\" >\r\n                      <\/picture>     \r\n                      \t\r\n                        \t<\/a>\r\n                    \t                      \r\n\t\t\t\t\t<\/div>  \r\n\t\t\t\t<\/div>                       \r\n            <\/div>\r\n        <\/div>                  \r\n    \n\r\n        <div class=\"white-background  d-lg-none\">\r\n            <div class=\"container blog-image\">\r\n            \t<div class=\"row\">\r\n       <p class=\"col-12 font-source-sans-pro-1 blue-font\">\n<\/p>\r\n                <div class=\"d-flex col-12 align-items-center justify-content-center\">\r\n                         \r\n                            <a id=\"\" target=\"_self\" title=\"\" href=\"\">\r\n                         \r\n                      <picture class=\"img-fluid\">\r\n                             <img decoding=\"async\" loading=\"lazy\"\r\n                              alt=\"Eingabemaske f\u00fcr Firmenfeier in der App WISO Steuer\" \r\n                              title=\"\"\r\n                              src=\"https:\/\/www.buhl.de\/steuer\/wp-content\/uploads\/sites\/31\/2025\/10\/firmenfeier-phone.png\" >\r\n                      <\/picture>     \r\n                      \t\r\n                        \t<\/a>\r\n                    \t                      \r\n\t\t\t\t\t<\/div>  \r\n\t\t\t\t<\/div>                       \r\n            <\/div>\r\n        <\/div>                  \r\n    \n\r\n        <div role=\"region\" aria-label=\"\" class=\"white-background\">\r\n            <div class=\"container\">\r\n                <div class=\"row\">\r\n                    <div class=\"col-12 d-flex justify-content-center align-items-center flex-column flex-lg-row\">\r\n                    \r\n\r\n                    \r\n                        <a class=\"secondary w-230 d-none d-md-flex justify-content-center align-items-center font-cairo-2 fw700 action-anonymous\"\r\n                            role=\"button\"\r\n                            href=\"https:\/\/www.buhl.de\/mein-buhlkonto\/?buhlparam=2100101\"\r\n                            title=\"Kostenlos testen\"\r\n                            target=\"_self\"\r\n                            id=\"firmenfeier-eintragen\"\r\n                            onclick=\"dataLayer.push({'event': 'ButtonClick SW','sw-button': 'click-testen'});\">\r\n                            Kostenlos testen\r\n                        <\/a>\r\n\r\n                        <a class=\"secondary w-230 d-flex d-md-none justify-content-center align-items-center font-cairo-2 fw700 action-anonymous\"\r\n                            role=\"button\"\r\n                            href=\"https:\/\/www.buhl.de\/mein-buhlkonto\/?buhlparam=2100101\"\r\n                            title=\"Kostenlos testen\"\r\n                            target=\"_self\"\r\n                            id=\"firmenfeier-eintragen-m\"\r\n                            onclick=\"dataLayer.push({'event': 'ButtonClick SW','sw-button': 'click-mobile-starten'});\">\r\n                            Kostenlos testen\r\n                        <\/a>\r\n                    \r\n                    <\/div>\r\n                <\/div>\r\n            <\/div>\r\n        <\/div>\r\n    \r\n        <div class=\"spacing-modul  \">\r\n            <div class=\"container spacing-modul\">\r\n               <div class=\"row\">\r\n                   <div id=\"\" class=\"anchor\"><\/div>\r\n                   <div class=\"col-12 modul-spacing-default-b\"><\/div>\r\n                   <div class=\"col-12 modul-spacing-default-b\"><\/div>\r\n               <\/div>\r\n            <\/div>\r\n        <\/div>\r\n    \n<h3>Tipp: Belege f\u00fcr die Firmenfeier digital organisieren<\/h3>\n<p>Mit der WISO Steuer-App sparst du dir das l\u00e4stige Sammeln von Papierbelegen. Einfach Rechnungen und Quittungen Einladungen oder G\u00e4stelisten mit dem Smartphone fotografieren \u2013 die App l\u00e4dt alles automatisch in deine Steuererkl\u00e4rung. Alle Belege findest du dann in deiner Steuerbox. So sind deine Nachweise jederzeit griffbereit, falls das Finanzamt sie verlangt.<\/p>\n<h2>FAQ: Feiern &amp; Steuern<\/h2>\n\r\n        <div class=\"white-background\">\r\n            <div class=\"container faq-module blog-download buhl-ap\">\r\n                <div class=\"row\">\r\n                <div class=\"col-12 p-lg-0\">\r\n                \r\n                    <div class=\"accordion accordionFaq\" id=\"accordionFaq\">\n<div class=\"card\">\n<div class=\"d-flex card-header border-0 collapsed\" id=\"heading1\" data-toggle=\"collapse\" data-target=\"#collapse1\"\r\n                    aria-expanded=\"false\" aria-controls=\"collapse1\">                                            \r\n                    <h3 class=\"font-source-sans-pro-1 blue-font no-margin\">Was muss ich als Arbeitgeber beachten, wenn ich eine Firmenfeier ausrichte?<\/h3>\r\n                <\/div>\r\n\n\r\n        <div id=\"collapse1\" class=\"collapse\" aria-labelledby=\"heading1\" data-parent=\"#accordionFaq\">\r\n            <div class=\"card-body\">\r\n                Die Feier muss allen Mitarbeitenden oder einer ganzen Abteilung offenstehen. Nur dann gelten die steuerlichen Beg\u00fcnstigungen f\u00fcr Betriebsveranstaltungen.                \r\n            <\/div>\r\n        <\/div>\r\n\n<\/div>\n<div class=\"card\">\n<div class=\"d-flex card-header border-0 collapsed\" id=\"heading2\" data-toggle=\"collapse\" data-target=\"#collapse2\"\r\n                    aria-expanded=\"false\" aria-controls=\"collapse2\">                                            \r\n                    <h3 class=\"font-source-sans-pro-1 blue-font no-margin\">Muss ich als Arbeitnehmer eine Feier versteuern, die der Chef bezahlt?<\/h3>\r\n                <\/div>\r\n\n\r\n        <div id=\"collapse2\" class=\"collapse\" aria-labelledby=\"heading2\" data-parent=\"#accordionFaq\">\r\n            <div class=\"card-body\">\r\n                Bis zu 110 Euro pro Kopf sind steuerfrei. Nur der \u00fcbersteigende Betrag gilt als steuerpflichtiger Arbeitslohn. Der Arbeitgeber kann diesen Mehrbetrag pauschal mit 25 Prozent versteuern.                \r\n            <\/div>\r\n        <\/div>\r\n\n<\/div>\n<div class=\"card\">\n<div class=\"d-flex card-header border-0 collapsed\" id=\"heading3\" data-toggle=\"collapse\" data-target=\"#collapse3\"\r\n                    aria-expanded=\"false\" aria-controls=\"collapse3\">                                            \r\n                    <h3 class=\"font-source-sans-pro-1 blue-font no-margin\">Welche Rolle spielt die 110-Euro-Grenze?<\/h3>\r\n                <\/div>\r\n\n\r\n        <div id=\"collapse3\" class=\"collapse\" aria-labelledby=\"heading3\" data-parent=\"#accordionFaq\">\r\n            <div class=\"card-body\">\r\n                Sie ist ein Freibetrag: Bis 110 Euro pro Arbeitnehmer und Veranstaltung sind die Zuwendungen steuerfrei, nur der \u00fcbersteigende Betrag ist steuerpflichtig. Die Grenze gilt f\u00fcr maximal zwei Betriebsveranstaltungen pro Jahr.                \r\n            <\/div>\r\n        <\/div>\r\n\n<\/div>\n<div class=\"card\">\n<div class=\"d-flex card-header border-0 collapsed\" id=\"heading4\" data-toggle=\"collapse\" data-target=\"#collapse4\"\r\n                    aria-expanded=\"false\" aria-controls=\"collapse4\">                                            \r\n                    <h3 class=\"font-source-sans-pro-1 blue-font no-margin\">Kann ich als Arbeitnehmer von mir ausgerichtete Feiern von der Steuer absetzen?<\/h3>\r\n                <\/div>\r\n\n\r\n        <div id=\"collapse4\" class=\"collapse\" aria-labelledby=\"heading4\" data-parent=\"#accordionFaq\">\r\n            <div class=\"card-body\">\r\n                Ja, wenn der berufliche Anlass klar \u00fcberwiegt. Beispiel: Bef\u00f6rderungsfeier oder Dienstjubil\u00e4um ausschlie\u00dflich mit Kolleginnen und Kollegen.                \r\n            <\/div>\r\n        <\/div>\r\n\n<\/div>\n<div class=\"card\">\n<div class=\"d-flex card-header border-0 collapsed\" id=\"heading5\" data-toggle=\"collapse\" data-target=\"#collapse5\"\r\n                    aria-expanded=\"false\" aria-controls=\"collapse5\">                                            \r\n                    <h3 class=\"font-source-sans-pro-1 blue-font no-margin\">Welche Belege sollte ich aufbewahren?<\/h3>\r\n                <\/div>\r\n\n\r\n        <div id=\"collapse5\" class=\"collapse\" aria-labelledby=\"heading5\" data-parent=\"#accordionFaq\">\r\n            <div class=\"card-body\">\r\n                Einladungen, G\u00e4stelisten und Rechnungen sind wichtig, um den beruflichen Bezug und die Kosten nachzuweisen. Auch deine Belege kannst du direkt mit WISO Steuer digital ablegen. Einfach Rechnungen etc. mit dem Smartphone fotografieren. Die Dokumente werden automatisch in die Steuererkl\u00e4rung \u00fcbernommen und sind jederzeit abrufbar.                \r\n            <\/div>\r\n        <\/div>\r\n\n<\/div>\n<div class=\"card\">\n<div class=\"d-flex card-header border-0 collapsed\" id=\"heading6\" data-toggle=\"collapse\" data-target=\"#collapse6\"\r\n                    aria-expanded=\"false\" aria-controls=\"collapse6\">                                            \r\n                    <h3 class=\"font-source-sans-pro-1 blue-font no-margin\">Weitere Fragen<\/h3>\r\n                <\/div>\r\n\n\r\n        <div id=\"collapse6\" class=\"collapse\" aria-labelledby=\"heading6\" data-parent=\"#accordionFaq\">\r\n            <div class=\"card-body\">\r\n                Deine Frage war nicht dabei? Probiere unsere KI SteuerGPT aus: Klicke auf das Chat-Symbol unten rechts in der Ecke und tippe deine Frage zur Steuererkl\u00e4rung ein. Binnen Sekunden bekommst du die passende Antwort.                \r\n            <\/div>\r\n        <\/div>\r\n\n<\/div>\n<\/div>\r\n                 <\/div>\r\n              <\/div>\r\n            <\/div>\r\n        <\/div>\r\n        <div class=\"spacing-modul  \">\r\n            <div class=\"container spacing-modul\">\r\n               <div class=\"row\">\r\n                   <div id=\"\" class=\"anchor\"><\/div>\r\n                   <div class=\"col-12 modul-spacing-default-b\"><\/div>\r\n                   <div class=\"col-12 modul-spacing-default-b\"><\/div>\r\n               <\/div>\r\n            <\/div>\r\n        <\/div>\r\n    \n\r\n        <div class=\"white-background\">\r\n            <div class=\"full-width-text\">\r\n                <div class=\"inner-spacing blog-ad1-wrapper silver-background\">\r\n                    <div class=\"container blog-ad1\">\r\n                        <div class=\"row\">\r\n                        \r\n                            \r\n                            <div class=\"col-12\">\r\n                                \r\n                                    <div class=\"d-flex headline-spacing-30 justify-content-center\">\r\n                                        \r\n                                            <img decoding=\"async\" loading=\"lazy\" height=\"auto\" style=\"max-width:100%;\" alt=\"WISO&nbsp;Steuer\" title=\"WISO&nbsp;Steuer\" \r\n                                                class=\"d-none d-md-block \" src=\"https:\/\/www.buhl.de\/steuer\/wp-content\/themes\/steuer-web\/buhl-steuer\/assets\/full-width-text\/ad1\/logo-wiso-steuer.svg\" \/>\r\n                                        \r\n                                        \r\n                                                \r\n                                        \r\n                                            <img decoding=\"async\" loading=\"lazy\" alt=\"WISO&nbsp;Steuer\" title=\"WISO&nbsp;Steuer\" \r\n                                                class=\"mx-auto d-md-none mobile \" src=\"https:\/\/www.buhl.de\/steuer\/wp-content\/themes\/steuer-web\/buhl-steuer\/assets\/full-width-text\/ad1\/logo-wiso-steuer.svg\" \/>\r\n                                        \r\n                                    <\/div>\r\n                                \r\n                            \r\n                                \r\n                                    <p class=\"font-cairo-10 fw700 blue-font headline-spacing-30 text-center justify-content-center\">Hol dir dein Geld zur\u00fcck<\/p>\r\n                                \r\n                    \r\n                                <div class=\"font-source-sans-pro-1 mt-30 mb-30 blue-font subline-width text-center 1\">Lass deine Steuererkl\u00e4rung automatisch ausf\u00fcllen, gib sie digital ab und hol dir im Schnitt 1.674 \u20ac R\u00fcckerstattung vom Finanzamt.<br\/>Ganz einfach mit WISO&nbsp;Steuer.<\/div>\r\n                                \r\n                                \r\n\r\n                                <div class=\"d-flex flex-column flex-md-row align-items-center align-items-md-start justify-content-center\">\r\n                                    \r\n                                    <a class=\"font-cairo-2 fw700 intro-button primary w-230 d-none d-md-flex mr-md-25 justify-content-center align-items-center\"\r\n                                       role=\"button\"\r\n                                       href=\"https:\/\/www.buhl.de\/shop\/wisosteuer\/auswahl?2025=agv&wkz=STWEBMARKETINGSEITE&src=WEB\"\r\n                                       target=\"_self\"\r\n                                       title=\"WISO&nbsp;Steuer Lizenz kaufen\"\r\n                                       id=\"ad-1-testencta\"\r\n                                       onclick=\"dataLayer.push({'event': 'ButtonClick SW','sw-button': 'click-preise'});\">\r\n                                       Jetzt kaufen\r\n                                    <\/a>\r\n                                    \r\n                                    \r\n                                    \r\n                                    <a class=\"d-flex justify-content-center align-items-center d-md-none font-cairo-2 fw700 intro-button primary w-230\"\r\n                                       role=\"button\"\r\n                                       href=\"https:\/\/www.buhl.de\/shop\/wisosteuer\/auswahl?2025=agv&wkz=STWEBMARKETINGSEITE&src=WEB\"\r\n                                       target=\"_self\"\r\n                                       title=\"WISO&nbsp;Steuer Lizenz kaufen\"\r\n                                       id=\"adpapierkramkauf\"\r\n                                       onclick=\"dataLayer.push({'event': 'ButtonClick SW','sw-button': 'click-preise'});\">\r\n                                       Jetzt kaufen\r\n                                    <\/a>\r\n                                    \r\n                                    \r\n                                    \r\n                                    <a class=\"font-cairo-2 fw700 intro-button secondary w-230 d-none d-md-flex  justify-content-center align-items-center\"\r\n                                       role=\"button\"\r\n                                       href=\"https:\/\/www.buhl.de\/mein-buhlkonto\/?buhlparam=2100101\"\r\n                                       target=\"_self\"\r\n                                       title=\"Hier unverbindlich ausprobieren\"\r\n                                       id=\"ad1-testen\"\r\n                                       onclick=\"dataLayer.push({'event': 'ButtonClick SW','sw-button': 'click-testen'});\">\r\n                                       Kostenlos testen\r\n                                    <\/a>\r\n                                    \r\n                                    \r\n                                    \r\n                                    <a class=\"font-cairo-2 fw700 intro-button secondary w-230 d-flex d-md-none justify-content-center align-items-center mt-30\"\r\n                                       role=\"button\"\r\n                                       href=\"https:\/\/www.buhl.de\/mein-buhlkonto\/?buhlparam=2100101\"\r\n                                       target=\"_self\"\r\n                                       title=\"Hier unverbindlich ausprobieren\"\r\n                                       id=\"ad1-testen\"\r\n                                       onclick=\"dataLayer.push({'event': 'ButtonClick SW','sw-button': 'click-mobile-starten'});\">\r\n                                       Kostenlos testen\r\n                                    <\/a>\r\n                                    \r\n                                <\/div>\r\n                                \r\n                                \r\n                            <\/div>\r\n                        <\/div>\r\n                    <\/div>\r\n                <\/div>\r\n            <\/div>\r\n        <\/div>\r\n    \n<p>Quellen: BFH-Urteil <a title=\"Urteil lesen\" href=\"https:\/\/datenbank.nwb.de\/Dokument\/554969\/\" target=\"_blank\" rel=\"noopener\">VI R 46\/14<\/a>; BFH-Urteil <a title=\"Urteil lesen\" href=\"https:\/\/datenbank.nwb.de\/Dokument\/639429\/\" target=\"_blank\" rel=\"noopener\">VI R 7\/16<\/a><\/p>\n","protected":false},"excerpt":{"rendered":"<p>Ob Weihnachtsfeier, Jubil\u00e4um oder runder Geburtstag \u2013 Feiern geh\u00f6ren zum Arbeitsleben dazu. Doch welche Kosten lassen sich von der Steuer absetzen? F\u00fcr Arbeitgeber gelten besondere Regeln bei Betriebsveranstaltungen, f\u00fcr Arbeitnehmer kann in Einzelf\u00e4llen sogar eine Geburtstagsfeier absetzbar sein. Und rein private Feste? Hier zieht das Finanzamt klare Grenzen.<\/p>\n","protected":false},"author":104,"featured_media":73293,"comment_status":"closed","ping_status":"open","sticky":false,"template":"","format":"standard","meta":{"_acf_changed":false,"footnotes":""},"categories":[2841,2818,2808],"tags":[],"class_list":["post-58567","post","type-post","status-publish","format-standard","has-post-thumbnail","hentry","category-alle","category-selbst","category-arbeit"],"yoast_head":"<!-- This site is optimized with the Yoast SEO Premium plugin v27.0 (Yoast SEO v27.0) - https:\/\/yoast.com\/product\/yoast-seo-premium-wordpress\/ -->\n<title>Firmenfeier, Geburtstagsfeier, private Feier: Was ist steuerlich absetzbar?<\/title>\n<meta name=\"description\" content=\"Jubil\u00e4um, Bef\u00f6rderung, Sommerfest: Welche Kosten bei einer Feier steuerlich absetzbar sind \u2013 f\u00fcr Arbeitgeber &amp; Arbeitnehmer. Jetzt lesen!\" \/>\n<meta name=\"robots\" content=\"index, follow, max-snippet:-1, max-image-preview:large, max-video-preview:-1\" \/>\n<link rel=\"canonical\" href=\"https:\/\/www.buhl.de\/steuer\/ratgeber\/firmenfeier\/\" \/>\n<meta property=\"og:locale\" content=\"de_DE\" \/>\n<meta property=\"og:type\" content=\"article\" \/>\n<meta property=\"og:title\" content=\"Feier absetzen: Was gilt bei der Steuer?\" \/>\n<meta property=\"og:description\" content=\"Jubil\u00e4um, Bef\u00f6rderung, Sommerfest: Welche Kosten bei einer Feier steuerlich absetzbar sind \u2013 f\u00fcr Arbeitgeber &amp; Arbeitnehmer. Jetzt lesen!\" \/>\n<meta property=\"og:url\" content=\"https:\/\/www.buhl.de\/steuer\/ratgeber\/firmenfeier\/\" \/>\n<meta property=\"og:site_name\" content=\"WISO Steuer: Nr.1 App f\u00fcr die Steuererkl\u00e4rung\" \/>\n<meta property=\"article:published_time\" content=\"2025-10-22T06:37:54+00:00\" \/>\n<meta property=\"article:modified_time\" content=\"2026-01-12T10:27:47+00:00\" \/>\n<meta property=\"og:image\" content=\"https:\/\/www.buhl.de\/steuer\/wp-content\/uploads\/sites\/31\/2025\/10\/firmenfeier-steuer-title.jpg\" \/>\n\t<meta property=\"og:image:width\" content=\"976\" \/>\n\t<meta property=\"og:image:height\" content=\"400\" \/>\n\t<meta property=\"og:image:type\" content=\"image\/jpeg\" \/>\n<meta name=\"author\" content=\"Olesja Hess\" \/>\n<meta name=\"twitter:card\" content=\"summary_large_image\" \/>\n<meta name=\"twitter:label1\" content=\"Verfasst von\" \/>\n\t<meta name=\"twitter:data1\" content=\"Olesja Hess\" \/>\n\t<meta name=\"twitter:label2\" content=\"Gesch\u00e4tzte Lesezeit\" \/>\n\t<meta name=\"twitter:data2\" content=\"7\u00a0Minuten\" \/>\n<script type=\"application\/ld+json\" class=\"yoast-schema-graph\">{\"@context\":\"https:\/\/schema.org\",\"@graph\":[{\"@type\":\"Article\",\"@id\":\"https:\/\/www.buhl.de\/steuer\/ratgeber\/firmenfeier\/#article\",\"isPartOf\":{\"@id\":\"https:\/\/www.buhl.de\/steuer\/ratgeber\/firmenfeier\/\"},\"author\":{\"name\":\"Olesja Hess\",\"@id\":\"https:\/\/www.buhl.de\/steuer\/#\/schema\/person\/e25d76546852380c601f99020b73fcf6\"},\"headline\":\"Feier absetzen: Was gilt bei der Steuer?\",\"datePublished\":\"2025-10-22T06:37:54+00:00\",\"dateModified\":\"2026-01-12T10:27:47+00:00\",\"mainEntityOfPage\":{\"@id\":\"https:\/\/www.buhl.de\/steuer\/ratgeber\/firmenfeier\/\"},\"wordCount\":1273,\"publisher\":{\"@id\":\"https:\/\/www.buhl.de\/steuer\/#organization\"},\"image\":{\"@id\":\"https:\/\/www.buhl.de\/steuer\/ratgeber\/firmenfeier\/#primaryimage\"},\"thumbnailUrl\":\"https:\/\/www.buhl.de\/steuer\/wp-content\/uploads\/sites\/31\/2025\/10\/firmenfeier-steuer-title.jpg\",\"articleSection\":[\"Neueste Beitr\u00e4ge\",\"Ratgeber:\u00a0Selbstst\u00e4ndigkeit &amp; Steuern\",\"Ratgeber: Steuern &amp; Gehalt\"],\"inLanguage\":\"de\"},{\"@type\":\"WebPage\",\"@id\":\"https:\/\/www.buhl.de\/steuer\/ratgeber\/firmenfeier\/\",\"url\":\"https:\/\/www.buhl.de\/steuer\/ratgeber\/firmenfeier\/\",\"name\":\"Firmenfeier, Geburtstagsfeier, private Feier: Was ist steuerlich absetzbar?\",\"isPartOf\":{\"@id\":\"https:\/\/www.buhl.de\/steuer\/#website\"},\"primaryImageOfPage\":{\"@id\":\"https:\/\/www.buhl.de\/steuer\/ratgeber\/firmenfeier\/#primaryimage\"},\"image\":{\"@id\":\"https:\/\/www.buhl.de\/steuer\/ratgeber\/firmenfeier\/#primaryimage\"},\"thumbnailUrl\":\"https:\/\/www.buhl.de\/steuer\/wp-content\/uploads\/sites\/31\/2025\/10\/firmenfeier-steuer-title.jpg\",\"datePublished\":\"2025-10-22T06:37:54+00:00\",\"dateModified\":\"2026-01-12T10:27:47+00:00\",\"description\":\"Jubil\u00e4um, Bef\u00f6rderung, Sommerfest: Welche Kosten bei einer Feier steuerlich absetzbar sind \u2013 f\u00fcr Arbeitgeber & Arbeitnehmer. Jetzt lesen!\",\"breadcrumb\":{\"@id\":\"https:\/\/www.buhl.de\/steuer\/ratgeber\/firmenfeier\/#breadcrumb\"},\"inLanguage\":\"de\",\"potentialAction\":[{\"@type\":\"ReadAction\",\"target\":[\"https:\/\/www.buhl.de\/steuer\/ratgeber\/firmenfeier\/\"]}]},{\"@type\":\"ImageObject\",\"inLanguage\":\"de\",\"@id\":\"https:\/\/www.buhl.de\/steuer\/ratgeber\/firmenfeier\/#primaryimage\",\"url\":\"https:\/\/www.buhl.de\/steuer\/wp-content\/uploads\/sites\/31\/2025\/10\/firmenfeier-steuer-title.jpg\",\"contentUrl\":\"https:\/\/www.buhl.de\/steuer\/wp-content\/uploads\/sites\/31\/2025\/10\/firmenfeier-steuer-title.jpg\",\"width\":976,\"height\":400},{\"@type\":\"BreadcrumbList\",\"@id\":\"https:\/\/www.buhl.de\/steuer\/ratgeber\/firmenfeier\/#breadcrumb\",\"itemListElement\":[{\"@type\":\"ListItem\",\"position\":1,\"name\":\"Steuererkl\u00e4rung\",\"item\":\"https:\/\/www.buhl.de\/steuer\/\"},{\"@type\":\"ListItem\",\"position\":2,\"name\":\"Feier absetzen: Was gilt bei der Steuer?\"}]},{\"@type\":\"WebSite\",\"@id\":\"https:\/\/www.buhl.de\/steuer\/#website\",\"url\":\"https:\/\/www.buhl.de\/steuer\/\",\"name\":\"WISO Steuer: Nr. 1 Steuer-App\",\"description\":\"\",\"publisher\":{\"@id\":\"https:\/\/www.buhl.de\/steuer\/#organization\"},\"potentialAction\":[{\"@type\":\"SearchAction\",\"target\":{\"@type\":\"EntryPoint\",\"urlTemplate\":\"https:\/\/www.buhl.de\/steuer\/?s={search_term_string}\"},\"query-input\":{\"@type\":\"PropertyValueSpecification\",\"valueRequired\":true,\"valueName\":\"search_term_string\"}}],\"inLanguage\":\"de\"},{\"@type\":\"Organization\",\"@id\":\"https:\/\/www.buhl.de\/steuer\/#organization\",\"name\":\"WISO Steuer | Buhl Data Service GmbH\",\"url\":\"https:\/\/www.buhl.de\/steuer\/\",\"logo\":{\"@type\":\"ImageObject\",\"inLanguage\":\"de\",\"@id\":\"https:\/\/www.buhl.de\/steuer\/#\/schema\/logo\/image\/\",\"url\":\"https:\/\/www.buhl.de\/steuer\/wp-content\/uploads\/sites\/31\/2026\/02\/logo-wiso-steuer-app.svg\",\"contentUrl\":\"https:\/\/www.buhl.de\/steuer\/wp-content\/uploads\/sites\/31\/2026\/02\/logo-wiso-steuer-app.svg\",\"width\":375,\"height\":72,\"caption\":\"WISO Steuer | Buhl Data Service GmbH\"},\"image\":{\"@id\":\"https:\/\/www.buhl.de\/steuer\/#\/schema\/logo\/image\/\"}},{\"@type\":\"Person\",\"@id\":\"https:\/\/www.buhl.de\/steuer\/#\/schema\/person\/e25d76546852380c601f99020b73fcf6\",\"name\":\"Olesja Hess\",\"image\":{\"@type\":\"ImageObject\",\"inLanguage\":\"de\",\"@id\":\"https:\/\/www.buhl.de\/steuer\/#\/schema\/person\/image\/\",\"url\":\"https:\/\/www.buhl.de\/steuer\/wp-content\/uploads\/sites\/31\/2024\/07\/olesja.png\",\"contentUrl\":\"https:\/\/www.buhl.de\/steuer\/wp-content\/uploads\/sites\/31\/2024\/07\/olesja.png\",\"caption\":\"Olesja Hess\"},\"sameAs\":[\"https:\/\/www.buhl.de\/steuer\/autoren\/olesja-hess\/\"]}]}<\/script>\n<!-- \/ Yoast SEO Premium plugin. -->","yoast_head_json":{"title":"Firmenfeier, Geburtstagsfeier, private Feier: Was ist steuerlich absetzbar?","description":"Jubil\u00e4um, Bef\u00f6rderung, Sommerfest: Welche Kosten bei einer Feier steuerlich absetzbar sind \u2013 f\u00fcr Arbeitgeber & Arbeitnehmer. Jetzt lesen!","robots":{"index":"index","follow":"follow","max-snippet":"max-snippet:-1","max-image-preview":"max-image-preview:large","max-video-preview":"max-video-preview:-1"},"canonical":"https:\/\/www.buhl.de\/steuer\/ratgeber\/firmenfeier\/","og_locale":"de_DE","og_type":"article","og_title":"Feier absetzen: Was gilt bei der Steuer?","og_description":"Jubil\u00e4um, Bef\u00f6rderung, Sommerfest: Welche Kosten bei einer Feier steuerlich absetzbar sind \u2013 f\u00fcr Arbeitgeber & Arbeitnehmer. Jetzt lesen!","og_url":"https:\/\/www.buhl.de\/steuer\/ratgeber\/firmenfeier\/","og_site_name":"WISO Steuer: Nr.1 App f\u00fcr die Steuererkl\u00e4rung","article_published_time":"2025-10-22T06:37:54+00:00","article_modified_time":"2026-01-12T10:27:47+00:00","og_image":[{"width":976,"height":400,"url":"https:\/\/www.buhl.de\/steuer\/wp-content\/uploads\/sites\/31\/2025\/10\/firmenfeier-steuer-title.jpg","type":"image\/jpeg"}],"author":"Olesja Hess","twitter_card":"summary_large_image","twitter_misc":{"Verfasst von":"Olesja Hess","Gesch\u00e4tzte Lesezeit":"7\u00a0Minuten"},"schema":{"@context":"https:\/\/schema.org","@graph":[{"@type":"Article","@id":"https:\/\/www.buhl.de\/steuer\/ratgeber\/firmenfeier\/#article","isPartOf":{"@id":"https:\/\/www.buhl.de\/steuer\/ratgeber\/firmenfeier\/"},"author":{"name":"Olesja Hess","@id":"https:\/\/www.buhl.de\/steuer\/#\/schema\/person\/e25d76546852380c601f99020b73fcf6"},"headline":"Feier absetzen: Was gilt bei der Steuer?","datePublished":"2025-10-22T06:37:54+00:00","dateModified":"2026-01-12T10:27:47+00:00","mainEntityOfPage":{"@id":"https:\/\/www.buhl.de\/steuer\/ratgeber\/firmenfeier\/"},"wordCount":1273,"publisher":{"@id":"https:\/\/www.buhl.de\/steuer\/#organization"},"image":{"@id":"https:\/\/www.buhl.de\/steuer\/ratgeber\/firmenfeier\/#primaryimage"},"thumbnailUrl":"https:\/\/www.buhl.de\/steuer\/wp-content\/uploads\/sites\/31\/2025\/10\/firmenfeier-steuer-title.jpg","articleSection":["Neueste Beitr\u00e4ge","Ratgeber:\u00a0Selbstst\u00e4ndigkeit &amp; Steuern","Ratgeber: Steuern &amp; Gehalt"],"inLanguage":"de"},{"@type":"WebPage","@id":"https:\/\/www.buhl.de\/steuer\/ratgeber\/firmenfeier\/","url":"https:\/\/www.buhl.de\/steuer\/ratgeber\/firmenfeier\/","name":"Firmenfeier, Geburtstagsfeier, private Feier: Was ist steuerlich absetzbar?","isPartOf":{"@id":"https:\/\/www.buhl.de\/steuer\/#website"},"primaryImageOfPage":{"@id":"https:\/\/www.buhl.de\/steuer\/ratgeber\/firmenfeier\/#primaryimage"},"image":{"@id":"https:\/\/www.buhl.de\/steuer\/ratgeber\/firmenfeier\/#primaryimage"},"thumbnailUrl":"https:\/\/www.buhl.de\/steuer\/wp-content\/uploads\/sites\/31\/2025\/10\/firmenfeier-steuer-title.jpg","datePublished":"2025-10-22T06:37:54+00:00","dateModified":"2026-01-12T10:27:47+00:00","description":"Jubil\u00e4um, Bef\u00f6rderung, Sommerfest: Welche Kosten bei einer Feier steuerlich absetzbar sind \u2013 f\u00fcr Arbeitgeber & Arbeitnehmer. Jetzt lesen!","breadcrumb":{"@id":"https:\/\/www.buhl.de\/steuer\/ratgeber\/firmenfeier\/#breadcrumb"},"inLanguage":"de","potentialAction":[{"@type":"ReadAction","target":["https:\/\/www.buhl.de\/steuer\/ratgeber\/firmenfeier\/"]}]},{"@type":"ImageObject","inLanguage":"de","@id":"https:\/\/www.buhl.de\/steuer\/ratgeber\/firmenfeier\/#primaryimage","url":"https:\/\/www.buhl.de\/steuer\/wp-content\/uploads\/sites\/31\/2025\/10\/firmenfeier-steuer-title.jpg","contentUrl":"https:\/\/www.buhl.de\/steuer\/wp-content\/uploads\/sites\/31\/2025\/10\/firmenfeier-steuer-title.jpg","width":976,"height":400},{"@type":"BreadcrumbList","@id":"https:\/\/www.buhl.de\/steuer\/ratgeber\/firmenfeier\/#breadcrumb","itemListElement":[{"@type":"ListItem","position":1,"name":"Steuererkl\u00e4rung","item":"https:\/\/www.buhl.de\/steuer\/"},{"@type":"ListItem","position":2,"name":"Feier absetzen: Was gilt bei der Steuer?"}]},{"@type":"WebSite","@id":"https:\/\/www.buhl.de\/steuer\/#website","url":"https:\/\/www.buhl.de\/steuer\/","name":"WISO Steuer: Nr. 1 Steuer-App","description":"","publisher":{"@id":"https:\/\/www.buhl.de\/steuer\/#organization"},"potentialAction":[{"@type":"SearchAction","target":{"@type":"EntryPoint","urlTemplate":"https:\/\/www.buhl.de\/steuer\/?s={search_term_string}"},"query-input":{"@type":"PropertyValueSpecification","valueRequired":true,"valueName":"search_term_string"}}],"inLanguage":"de"},{"@type":"Organization","@id":"https:\/\/www.buhl.de\/steuer\/#organization","name":"WISO Steuer | Buhl Data Service GmbH","url":"https:\/\/www.buhl.de\/steuer\/","logo":{"@type":"ImageObject","inLanguage":"de","@id":"https:\/\/www.buhl.de\/steuer\/#\/schema\/logo\/image\/","url":"https:\/\/www.buhl.de\/steuer\/wp-content\/uploads\/sites\/31\/2026\/02\/logo-wiso-steuer-app.svg","contentUrl":"https:\/\/www.buhl.de\/steuer\/wp-content\/uploads\/sites\/31\/2026\/02\/logo-wiso-steuer-app.svg","width":375,"height":72,"caption":"WISO Steuer | Buhl Data Service GmbH"},"image":{"@id":"https:\/\/www.buhl.de\/steuer\/#\/schema\/logo\/image\/"}},{"@type":"Person","@id":"https:\/\/www.buhl.de\/steuer\/#\/schema\/person\/e25d76546852380c601f99020b73fcf6","name":"Olesja Hess","image":{"@type":"ImageObject","inLanguage":"de","@id":"https:\/\/www.buhl.de\/steuer\/#\/schema\/person\/image\/","url":"https:\/\/www.buhl.de\/steuer\/wp-content\/uploads\/sites\/31\/2024\/07\/olesja.png","contentUrl":"https:\/\/www.buhl.de\/steuer\/wp-content\/uploads\/sites\/31\/2024\/07\/olesja.png","caption":"Olesja Hess"},"sameAs":["https:\/\/www.buhl.de\/steuer\/autoren\/olesja-hess\/"]}]}},"acf":[],"wps_subtitle":"Alles zu Firmenfest, Geburtstag, Bef\u00f6rderung &amp; Co.","_links":{"self":[{"href":"https:\/\/www.buhl.de\/steuer\/wp-json\/wp\/v2\/posts\/58567","targetHints":{"allow":["GET"]}}],"collection":[{"href":"https:\/\/www.buhl.de\/steuer\/wp-json\/wp\/v2\/posts"}],"about":[{"href":"https:\/\/www.buhl.de\/steuer\/wp-json\/wp\/v2\/types\/post"}],"author":[{"embeddable":true,"href":"https:\/\/www.buhl.de\/steuer\/wp-json\/wp\/v2\/users\/104"}],"replies":[{"embeddable":true,"href":"https:\/\/www.buhl.de\/steuer\/wp-json\/wp\/v2\/comments?post=58567"}],"version-history":[{"count":6,"href":"https:\/\/www.buhl.de\/steuer\/wp-json\/wp\/v2\/posts\/58567\/revisions"}],"predecessor-version":[{"id":76280,"href":"https:\/\/www.buhl.de\/steuer\/wp-json\/wp\/v2\/posts\/58567\/revisions\/76280"}],"wp:featuredmedia":[{"embeddable":true,"href":"https:\/\/www.buhl.de\/steuer\/wp-json\/wp\/v2\/media\/73293"}],"wp:attachment":[{"href":"https:\/\/www.buhl.de\/steuer\/wp-json\/wp\/v2\/media?parent=58567"}],"wp:term":[{"taxonomy":"category","embeddable":true,"href":"https:\/\/www.buhl.de\/steuer\/wp-json\/wp\/v2\/categories?post=58567"},{"taxonomy":"post_tag","embeddable":true,"href":"https:\/\/www.buhl.de\/steuer\/wp-json\/wp\/v2\/tags?post=58567"}],"curies":[{"name":"wp","href":"https:\/\/api.w.org\/{rel}","templated":true}]}}