{"id":58580,"date":"2021-06-22T18:03:44","date_gmt":"2021-06-22T16:03:44","guid":{"rendered":"https:\/\/www.buhl.de\/steuer\/?p=58580"},"modified":"2025-11-17T17:18:44","modified_gmt":"2025-11-17T16:18:44","slug":"doppelbesteuerung-rente","status":"publish","type":"post","link":"https:\/\/www.buhl.de\/steuer\/ratgeber\/doppelbesteuerung-rente\/","title":{"rendered":"Doppelbesteuerung von Renten"},"content":{"rendered":"<p>Der Bundesfinanzhof hat 2 Klagen gegen die doppelte Besteuerung von Renten abgewiesen. Es liege in beiden F\u00e4llen keine Doppelbesteuerung vor \u2013 und die Regelung sei somit verfassungsgem\u00e4\u00df. Dennoch verlangten die Richter \u00c4nderungen, die vor allem k\u00fcnftigen Rentnern zugutekommen. Was die Urteile bedeuten, zeigen wir in diesem Beitrag.<\/p>\n<p><!--more--><\/p>\n<h2>Doppelt besteuerte Rente: Worum geht es?<\/h2>\n<p>Eine Frage, die die Gem\u00fcter bewegt, lag zuletzt auf dem Tisch des Bundesfinanzhofs (BFH): Werden Renten versteuert, die aus zuvor bereits versteuertem Einkommen gezahlt wurden? Dann l\u00e4ge eine doppelte Besteuerung vor \u2013 und diese ist gem\u00e4\u00df Bundesverfassungsgericht nicht erlaubt.<\/p>\n<p>Stein des Ansto\u00dfes waren Klagen zweier Rentner gegen ihre Steuerbescheide (X R 20\/19 und\u00a0X R 33\/19). Sie klagten gegen die Handhabe bei der Umstellung der Rentenbesteuerung, die im Jahr 2005 begonnen hat und bis zum Jahr 2040 abgeschlossen sein wird.<\/p>\n<h3>Klagen abgewiesen<\/h3>\n<p>Diese Klagen wies der BFH nun zur\u00fcck. In beiden F\u00e4llen sei die Regelung verfassungsgem\u00e4\u00df und eine verbotene Doppelbesteuerung liege nicht vor. Somit schlossen die Richter sich den Vorinstanzen an, die die Klagen bereits abgewiesen hatten.<\/p>\n<p>Ein Aber gibt es aber dennoch:<\/p>\n<h4>Hoffnung f\u00fcr Millionen Rentner<\/h4>\n<p>Die Richter verlangten eine \u00c4nderung der Rentenbesteuerung. Denn durch die aktuellen \u00dcbergangsregelungen droht vor allem k\u00fcnftigen Rentnern eine doppelte Besteuerung ihrer Rente.<\/p>\n<p>Hier liegt die Gefahr der Doppelbesteuerung: Der f\u00fcr jeden neuen Rentnerjahrgang geltende Rentenfreibetrag wird mit jedem Jahr kleiner. Dieser w\u00fcrde k\u00fcnftig nicht mehr ausreichen, um die aus dem versteuerten Einkommen geleisteten Teile der Rentenversicherungsbeitr\u00e4ge zu kompensieren.<\/p>\n<p>Somit k\u00f6nnen Millionen jetzige und auch zuk\u00fcnftige Rentner auf eine Entlastung hoffen!<\/p>\n<h4>Richter forderten neue Berechnung<\/h4>\n<p>Bei den 2 Einzelverfahren ging es um eine ganze Reihe komplizierter Einzelfragen. Beispielsweise darum, ob Grundfreibetr\u00e4ge, Sonderausgabenabz\u00fcge f\u00fcr die aus der Rente zu zahlenden Kranken- und Pflegeversicherungsbeitr\u00e4ge sowie steuerfreie Zusch\u00fcsse der Rentenversicherungstr\u00e4ger zur Krankenversicherung angerechnet werden m\u00fcssen oder nicht.<\/p>\n<ul>\n<li>Vor allem der Grundfreibetrag m\u00fcsse zuk\u00fcnftig bei der Besteuerung der Rente ausgeklammert werden.<\/li>\n<li>Auch Kranken- und Rentenversicherungsbeitr\u00e4ge d\u00fcrfen in die Berechnung nicht mit einbezogen werden.<\/li>\n<\/ul>\n<h3>Die beiden F\u00e4lle im \u00dcberblick<\/h3>\n<h4>Die erste Klage<\/h4>\n<p>Geklagt hatte ein ehemaliger Zahnarzt, der seine Rente doppelt besteuert sah. Und tats\u00e4chlich: Das Finanzamt best\u00e4tigte dies! Doch der Unterschiedsbetrag von lediglich 100 Euro fiel im Vergleich zur Einkommensteuerzahlung von knapp 100.000 Euro so gering aus, dass die Finanzbeh\u00f6rde den Differenzbetrag als Bagatelle ansah \u2014 und nicht erstattete.<\/p>\n<h4>Die zweite Klage<\/h4>\n<p>Geklagt hatte ein Steuerberater. Zuerst gesetzlich versichert, wechselte er sp\u00e4ter in die freiwillige Rentenversicherung. Um eben diese ging es in der Klage. Die Beitr\u00e4ge daraus zahlte er aus seinem Nettoeinkommen. Die Rente wurde sp\u00e4ter zu 54 Prozent versteuert \u2014 f\u00fcr ihn eine klare Doppelbesteuerung. Auch wurde in diesem Fall bem\u00e4ngelt, dass Grundfreibetrag, Kranken- und Pflegeversicherungsbeitr\u00e4ge etc. mit einberechnet wurden.<\/p>\n<h2>Was \u00e4ndert sich jetzt f\u00fcr Rentner?<\/h2>\n<p>In der kommenden Legislaturperiode soll die eindringlich geforderte \u00c4nderung der Rentenbesteuerung zusammen mit einer Reform der Einkommensteuer durchgesetzt werden. Daher k\u00f6nnen Arbeitnehmer nach der Bundestagswahl im September auf niedrigere Steuern hoffen.<\/p>\n<p>M\u00f6glich w\u00e4re dies durch eine fr\u00fchere Umsetzung der f\u00fcr 2025 vorgesehenen vollen Steuerbefreiung der Rentenbeitr\u00e4ge.<\/p>\n<h3>Steuerbescheide von Rentnern ab sofort vorl\u00e4ufig<\/h3>\n<p>Einkommensteuerbescheide f\u00fcr Veranlagungszeitr\u00e4ume ab dem Jahr 2005 erhalten jetzt einen Vorl\u00e4ufigkeitsvermerk f\u00fcr die Rentenbesteuerung (<a title=\"Weitere Informationen bekommen\" href=\"https:\/\/www.bundesfinanzministerium.de\/Content\/DE\/Downloads\/BMF_Schreiben\/Weitere_Steuerthemen\/Abgabenordnung\/2021-08-30-verfassungsmaessigkeit-der-besteuerung-von-leibrenten-und-anderen-leistungen-aus-der-basisversorgung.pdf?__blob=publicationFile&amp;v=1\" target=\"_blank\" rel=\"noopener\">Schreiben<\/a> vom 30.08.2021). Denn ein Einspruch ist nun nicht mehr n\u00f6tig.<\/p>\n<h3>Was ist ein Vorl\u00e4ufigkeitsvermerk?<\/h3>\n<p>Den Vermerk findest du zu Beginn deines Steuerbescheides. Er lautet \u201eDer Bescheid ist nach \u00a7 165 Abs. 1 AO teilweise vorl\u00e4ufig\u201c. Da er nicht den gesamten Steuerbescheid, sondern nur den Punkt der Rentenzahlungen betrifft, wird die Begr\u00fcndung nach der Steuerberechnung nochmals aufgelistet.<\/p>\n<p>Wurden keine anderen Punkte deiner Steuerberechnung vorl\u00e4ufig gestellt, f\u00e4llt nur die Rentenbesteuerung unter die Vorl\u00e4ufigkeit. In allen anderen Punkten hat der Bescheid nach Ablauf der Einspruchsfrist von 4 Wochen Bestandskraft.<\/p>\n<p>Die Vorl\u00e4ufigkeit wird erst beendet, wenn ein Urteil ergangen ist. Erst dann kann das Finanzamt den Punkt \u00fcberarbeiten \u2013 und einen endg\u00fcltigen Steuerbescheid ausstellen.<\/p>\n<h3>Was bedeutet der Vorl\u00e4ufigkeitsvermerk f\u00fcr mich?<\/h3>\n<ul>\n<li>Im Falle eines positiven Urteils der Verfassungsrichter k\u00f6nnen sich Rentner darauf berufen, ohne zuvor einen Einspruch gegen den Bescheid eingelegt zu haben. Achtung: Davon betroffen sind aber nur Bescheide, die ab dem 30.08.2021 ergehen und den Vorl\u00e4ufigkeitsvermerk enthalten. Alte Bescheide sind bestandkr\u00e4ftig und k\u00f6nnen nicht mehr angefochten werden.<\/li>\n<li>Aber auch: Ergeht eine Entscheidung des Bundesverfassungsgerichtes oder des Bundesfinanzhofes, m\u00fcssen sie dem Finanzamt eventuell weitere Unterlagen vorlegen, um die vermeintliche Doppelbesteuerung nachzuweisen. Dazu geh\u00f6ren etwa die j\u00e4hrlichen Rentenbezugsmitteilungen sowie alle Steuerbescheide, aus denen sich die eingezahlten Beitr\u00e4ge in die Rentenkasse ergeben.<\/li>\n<\/ul>\n<h3>Was muss ich tun?<\/h3>\n<p>\u00dcberpr\u00fcfe deinen Steuerbescheid genau, ob er auch wirklich den Vorl\u00e4ufigkeitsvermerk enth\u00e4lt. Sollte das nicht der Fall sein, wende dich umgehend an deinen zust\u00e4ndigen Bearbeiter im Finanzamt.<\/p>\n<h2>Umstellung des Besteuerungssystems schuld<\/h2>\n<p>Doch: Warum die Ungerechtigkeit bei der Besteuerung? Schuld ist eine langwierige Systemumstellung. Im Jahr 2002 klagte ein Pension\u00e4r wegen Ungleichbehandlung von Renten und Pensionen vor dem Bundesverfassungsgericht. Denn Pensionszahlungen wurden damals bereits in voller H\u00f6he besteuert.<\/p>\n<p>Die Richter pr\u00fcften, gaben schlie\u00dflich dem Mann recht und legten so die Weichen f\u00fcr einen kompletten Systemwechsel. Gleichzeitig betonten sie: Eine Doppelbesteuerung sei verfassungswidrig.<\/p>\n<h3>Bis 2005: Vorgelagerte Besteuerung<\/h3>\n<p>Bis 2005 galt das System der vorgelagerten Rentenbesteuerung, und dies war relativ simpel: Ein Arbeitnehmer zahlte die Rentenbeitr\u00e4ge aus bereits versteuertem Einkommen. Das hei\u00dft, die Zahlungen wurden nicht von der Steuer abgesetzt. Im Gegenzug dazu blieb die Rente weitgehend steuerfrei.<\/p>\n<p>Besteuerung des Ertragsanteils:<\/p>\n<p>Die Besteuerung beschr\u00e4nkte sich allein auf den sogenannten Ertragsanteil. Dies ist der hochgerechnete Anteil der Rente, der aus erhaltenen Zinsen der eingezahlten Beitr\u00e4ge bestand. Der Ertragsanteil betrug, abh\u00e4ngig vom Renteneintrittsalter, lediglich zwischen 27 und 35 Prozent. Dieses System war vor allem f\u00fcr Arbeitnehmer von Vorteil, da die H\u00e4lfte der Rentenbeitr\u00e4ge steuerfrei war. Denn der Arbeitgeberanteil z\u00e4hlt nicht zum Bruttoeinkommen.<\/p>\n<h3>Ab 2005: Nachgelagerte Besteuerung<\/h3>\n<p>Seit 2005 wird das Rentensystem Schritt f\u00fcr Schritt von der vorgelagerten auf die nachgelagerte Besteuerung umgestellt. Nachgelagerte Rentenbesteuerung bedeutet, dass Alterseink\u00fcnfte erst dann versteuert werden, wenn sie ausgezahlt werden \u2013 also im Ruhestand.<\/p>\n<p>Davor liegt die Erwerbsphase. Die Beitr\u00e4ge zur gesetzlichen Rente und ihr gleichstellten Versicherungen werden aus dem steuerpflichtigen Einkommen gezahlt. Diese werden bis zu einem j\u00e4hrlichen H\u00f6chstbetrag nicht versteuert. Du kannst deine Beitr\u00e4ge zur Altersvorsorge sogar teilweise als Sonderausgaben von der Steuer absetzen.<\/p>\n<h3>Umstellung bis 2058<\/h3>\n<p>Im Gegenzug m\u00fcssen nun die Renteneink\u00fcnfte im Alter besteuert werden. Die Umstellung erfolgt Schritt f\u00fcr Schritt \u2013 und endet im Jahr 2058. Wie hoch der steuerpflichtige Anteil ist, h\u00e4ngt von dem Jahr ab, in dem erstmalig Rente bezogen wird.<\/p>\n<ul>\n<li>Er liegt bei 50 Prozent f\u00fcr alle, die bis 2005 in Rente gegangen sind.<\/li>\n<li>2025 werden 83,5 Prozent versteuert.<\/li>\n<li>Ab 2058 werden Rentenzahlungen zu 100 Prozent versteuert.<\/li>\n<\/ul>\n<p>Hier gilt es den Grundfreibetrag zu beachten: Liegen die Eink\u00fcnfte darunter, f\u00e4llt keine Steuer an. Dieser betr\u00e4gt im Jahr 2025 12.096 Euro\u00a0 (Ehepartner 24.192 Euro).<\/p>\n<p>Das Bundesministerium der Finanzen ver\u00f6ffentlicht j\u00e4hrlich eine \u00dcbersicht, bis zu welcher Grenze bei Renten keine Steuer anf\u00e4llt. Die Betragsangaben gelten f\u00fcr alleinstehende Rentner, die keine anderen Eink\u00fcnfte beziehen. Die \u00dcbersicht f\u00fcr 2025 kannst du <a href=\"https:\/\/www.bundesfinanzministerium.de\/Content\/DE\/Standardartikel\/Themen\/Steuern\/Steuerliche_Themengebiete\/Rentenbesteuerung\/2025-06-16-Rentenbesteuerung-2025.pdf?__blob=publicationFile&amp;v=3\">hier<\/a> herunterladen.<\/p>\n<p>Der zu Rentenbeginn ermittelte steuerfreie Teil bleibt die gesamte Rente bis zum Lebensende gleich. Und zwar in Form eines feststehenden Betrags \u2013 dem j\u00e4hrlichen Rentenfreibetrag. Er \u00e4ndert sich nur bei au\u00dferordentlichen Rentenzahlungen, wie beispielsweise durch die Einf\u00fchrung der M\u00fctterrente im Jahr 2014.<\/p>\n<h3>Warum diese umst\u00e4ndliche \u00dcbergangsregel?<\/h3>\n<p>Ein sofortiger Systemwechsel h\u00e4tte die \u00f6ffentlichen Haushalte \u00fcberfordert. Arbeitnehmer h\u00e4tten pl\u00f6tzlich keiner Steuern mehr auf ihre Rentenbeitr\u00e4ge zahlen m\u00fcssen. Diese Zahlungen stellen jedoch eine feste Gr\u00f6\u00dfe in der Haushaltsplanung des Bundes dar.<\/p>\n<p>Zudem h\u00e4tten Rentner, die ab 2005 im Ruhestand gegangen sind, ohne die schrittweise Umstellung ihre Rente bereits voll versteuern m\u00fcssen. Und das, obwohl ihre Einzahlungen in die Rentenkasse stets versteuert wurden \u2013 ein klarer Versto\u00df gegen das Doppelbesteuerungsverbot!<\/p>\n<p>Nach wie vor gibt es Renten, die mit dem Erwerbsanteil besteuert werden. Welche das sind, erf\u00e4hrst du in unserem Beitrag <a title=\"Wie hoch ist der Ertragsanteil der Rente?\" href=\"https:\/\/www.buhl.de\/steuer\/ratgeber\/ertragsanteil-rente\/\">Ertragsanteil Rente<\/a>.<\/p>\n<h2>Wie hoch wird meine Rente versteuert?<\/h2>\n<p>Der steuerpflichtige Rentenanteil h\u00e4ngt vom Jahr des Renteneintritts ab. F\u00fcr das Jahr 2023 betr\u00e4gt dieser 83 Prozent f\u00fcr Neurentner. Der Prozentsatz steigt Jahr f\u00fcr Jahr bis auf 100 Prozent im Jahr 2040 an.<\/p>\n\r\n        <div class=\"spacing-modul  \">\r\n            <div class=\"container spacing-modul\">\r\n               <div class=\"row\">\r\n                   <div id=\"\" class=\"anchor\"><\/div>\r\n                   <div class=\"col-12 modul-spacing-blog-c\"><\/div>\r\n                   <div class=\"col-12 modul-spacing-blog-c\"><\/div>\r\n               <\/div>\r\n            <\/div>\r\n        <\/div>\r\n    \r\n    <div class=\"white-background store-notification \">\r\n        <div class=\"yellow-background\">\r\n            <div class=\"container\">\r\n                <div class=\"row justify-content-center justify-content-md-start justify-content-lg-center\">\r\n                    <div class=\"col-12 inner-modul-spacing-default\"><\/div>\r\n\r\n                    <div class=\"col-12\">\r\n                        <div class=\"row\">\r\n                            <div class=\"offset-lg-1 col-12 col-md-5 col-lg-4 text-center text-md-right d-flex flex-column justify-content-center align-items-center align-items-lg-end mb-0  \">\r\n                                <p class=\"font-cairo-1 fw700 blue-font headline-spacing-50 blue-font headline-spacing-30 sm-only\">Du m\u00f6chtest WISO&nbsp;Steuer ausprobieren?<\/p>\r\n                                <p class=\"font-source-sans-pro-1 blue-font headline-spacing-50\">Starte jetzt einfach deinen kostenlosen Test. Anonym, ohne Verpflichtungen und so lange du m\u00f6chtest. Erst bei der Abgabe an das Finanzamt fallen Geb\u00fchren an.<br\/>Das hei\u00dft: Null Risiko f\u00fcr dich.<\/p>\r\n                                \r\n                                \r\n                                    <a class=\"d-none d-lg-flex font-cairo-2 fw700 justify-content-center align-items-center w-230 headline-spacing-50 secondary \"\r\n                                        role=\"button\"\r\n                                        id=\"testen-ausprobieren\"\r\n                                        href=\"https:\/\/www.buhl.de\/mein-buhlkonto\/?buhlparam=2100101\"\r\n                                        target=\"_self\"\r\n                                        title=\"Kostenlos & unverbindlich testen\"\r\n                                        onclick=\"dataLayer.push({'event': 'ButtonClick SW','sw-button': 'click-testen'});\">\r\n                                        Kostenlos testen\r\n                                    <\/a>                                    \r\n                                \r\n                                \r\n                                \r\n                                    <a class=\"d-flex d-lg-none font-cairo-2 fw700 justify-content-center align-items-center w-230 headline-spacing-50 secondary \"\r\n                                        role=\"button\"\r\n                                        id=\"testen-ausprobieren\"\r\n                                        href=\"https:\/\/www.buhl.de\/mein-buhlkonto\/?buhlparam=2100101\"\r\n                                        target=\"_self\"\r\n                                        title=\"Kostenlos & unverbindlich testen\"\r\n                                        onclick=\"dataLayer.push({'event': 'ButtonClick SW','sw-button': 'click-mobile-starten'});\">\r\n                                        Kostenlos testen\r\n                                    <\/a>         \r\n                                \r\n                                \r\n                                \r\n                            <\/div>\r\n                            \r\n                            \r\n\r\n\r\n\t\t   \t\t\t\t\t \r\n\t\t\t\t\t\t\t<div class=\"d-flex offset-md-1 col-12 col-md-5 justify-content-center justify-content-lg-start align-items-center \"> \r\n\t\t\t\t\t\t\t\t<picture class=\"picture-spacing  \">\r\n\t\t\t\t\t\t\t\t\t<source media=\"(min-width: 992px)\" srcset=\"https:\/\/www.buhl.de\/steuer\/wp-content\/themes\/steuer-web\/buhl-steuer\/assets\/store-notification\/test-it\/wiso-steuer-abruf-kostenlos-testen.svg\">\r\n\t\t\t\t\t\t\t\t\t<source media=\"(min-width: 768px)\" srcset=\"https:\/\/www.buhl.de\/steuer\/wp-content\/themes\/steuer-web\/buhl-steuer\/assets\/store-notification\/test-it\/wiso-steuer-abruf-kostenlos-testen.svg\">\r\n\t\t\t\t\t\t\t\t\t<source media=\"(min-width: 1px)\" srcset=\"https:\/\/www.buhl.de\/steuer\/wp-content\/themes\/steuer-web\/buhl-steuer\/assets\/store-notification\/test-it\/wiso-steuer-abruf-kostenlos-testen.svg\">\r\n\t\t\t\t\t\t\t\t\t<img loading=\"lazy\" class=\" img-fluid\"\r\n\t\t\t\t\t\t\t\t\t\t\talt=\"Steuer-App Beispiel\" \r\n\t\t\t\t\t\t\t\t\t\t\ttitle=\"Steuer-App herunterladen\"\r\n\t\t\t\t\t\t\t\t\t\t\tsrc=\"https:\/\/www.buhl.de\/steuer\/wp-content\/themes\/steuer-web\/buhl-steuer\/assets\/store-notification\/test-it\/wiso-steuer-abruf-kostenlos-testen.svg\" >\r\n\t\t\t\t\t\t\t\t<\/picture>\r\n                            <\/div>\r\n                            \r\n                        <\/div>\r\n                    <\/div>\r\n                <\/div>\r\n            <\/div>\r\n        <\/div>\r\n    <\/div>\r\n\n","protected":false},"excerpt":{"rendered":"<p>Der Bundesfinanzhof hat 2 Klagen gegen die doppelte Besteuerung von Renten abgewiesen. Es liege in beiden F\u00e4llen keine Doppelbesteuerung vor \u2013 und die Regelung sei somit verfassungsgem\u00e4\u00df. Dennoch verlangten die Richter \u00c4nderungen, die vor allem k\u00fcnftigen Rentnern zugutekommen. Was die Urteile bedeuten, zeigen wir in diesem Beitrag.<\/p>\n","protected":false},"author":220,"featured_media":0,"comment_status":"closed","ping_status":"open","sticky":false,"template":"","format":"standard","meta":{"_acf_changed":false,"footnotes":""},"categories":[2809],"tags":[],"class_list":["post-58580","post","type-post","status-publish","format-standard","hentry","category-rente"],"yoast_head":"<!-- This site is optimized with the Yoast SEO Premium plugin v27.4 (Yoast SEO v27.5) - https:\/\/yoast.com\/product\/yoast-seo-premium-wordpress\/ -->\n<title>Doppelbesteuerung Rente: Millionen Steuerzahler k\u00f6nnen hoffen<\/title>\n<meta name=\"description\" content=\"Endlich! Die Besteuerung der Renten soll ge\u00e4ndert werden. \ud83e\udd11 Lies hier, was das wegweisende Urteil f\u00fcr dich bedeutet.\" \/>\n<meta name=\"robots\" content=\"index, follow, max-snippet:-1, max-image-preview:large, max-video-preview:-1\" \/>\n<link rel=\"canonical\" href=\"https:\/\/www.buhl.de\/steuer\/ratgeber\/doppelbesteuerung-rente\/\" \/>\n<meta property=\"og:locale\" content=\"de_DE\" \/>\n<meta property=\"og:type\" content=\"article\" \/>\n<meta property=\"og:title\" content=\"Doppelbesteuerung von Renten\" \/>\n<meta property=\"og:description\" content=\"Endlich! Die Besteuerung der Renten soll ge\u00e4ndert werden. \ud83e\udd11 Lies hier, was das wegweisende Urteil f\u00fcr dich bedeutet.\" \/>\n<meta property=\"og:url\" content=\"https:\/\/www.buhl.de\/steuer\/ratgeber\/doppelbesteuerung-rente\/\" \/>\n<meta property=\"og:site_name\" content=\"WISO Steuer: Nr.1 App f\u00fcr die Steuererkl\u00e4rung\" \/>\n<meta property=\"article:published_time\" content=\"2021-06-22T16:03:44+00:00\" \/>\n<meta property=\"article:modified_time\" content=\"2025-11-17T16:18:44+00:00\" \/>\n<meta name=\"author\" content=\"Udo Reu\u00df\" \/>\n<meta name=\"twitter:card\" content=\"summary_large_image\" \/>\n<meta name=\"twitter:label1\" content=\"Verfasst von\" \/>\n\t<meta name=\"twitter:data1\" content=\"Udo Reu\u00df\" \/>\n\t<meta name=\"twitter:label2\" content=\"Gesch\u00e4tzte Lesezeit\" \/>\n\t<meta name=\"twitter:data2\" content=\"8\u00a0Minuten\" \/>\n<script type=\"application\/ld+json\" class=\"yoast-schema-graph\">{\"@context\":\"https:\\\/\\\/schema.org\",\"@graph\":[{\"@type\":\"Article\",\"@id\":\"https:\\\/\\\/www.buhl.de\\\/steuer\\\/ratgeber\\\/doppelbesteuerung-rente\\\/#article\",\"isPartOf\":{\"@id\":\"https:\\\/\\\/www.buhl.de\\\/steuer\\\/ratgeber\\\/doppelbesteuerung-rente\\\/\"},\"author\":{\"name\":\"Udo Reu\u00df\",\"@id\":\"https:\\\/\\\/www.buhl.de\\\/steuer\\\/#\\\/schema\\\/person\\\/03b5508d4c85dc193be95cb4e2d78423\"},\"headline\":\"Doppelbesteuerung von Renten\",\"datePublished\":\"2021-06-22T16:03:44+00:00\",\"dateModified\":\"2025-11-17T16:18:44+00:00\",\"mainEntityOfPage\":{\"@id\":\"https:\\\/\\\/www.buhl.de\\\/steuer\\\/ratgeber\\\/doppelbesteuerung-rente\\\/\"},\"wordCount\":1379,\"publisher\":{\"@id\":\"https:\\\/\\\/www.buhl.de\\\/steuer\\\/#organization\"},\"articleSection\":[\"Ratgeber: Rentenbesteuerung\"],\"inLanguage\":\"de\"},{\"@type\":\"WebPage\",\"@id\":\"https:\\\/\\\/www.buhl.de\\\/steuer\\\/ratgeber\\\/doppelbesteuerung-rente\\\/\",\"url\":\"https:\\\/\\\/www.buhl.de\\\/steuer\\\/ratgeber\\\/doppelbesteuerung-rente\\\/\",\"name\":\"Doppelbesteuerung Rente: Millionen Steuerzahler k\u00f6nnen hoffen\",\"isPartOf\":{\"@id\":\"https:\\\/\\\/www.buhl.de\\\/steuer\\\/#website\"},\"datePublished\":\"2021-06-22T16:03:44+00:00\",\"dateModified\":\"2025-11-17T16:18:44+00:00\",\"description\":\"Endlich! Die Besteuerung der Renten soll ge\u00e4ndert werden. \ud83e\udd11 Lies hier, was das wegweisende Urteil f\u00fcr dich bedeutet.\",\"breadcrumb\":{\"@id\":\"https:\\\/\\\/www.buhl.de\\\/steuer\\\/ratgeber\\\/doppelbesteuerung-rente\\\/#breadcrumb\"},\"inLanguage\":\"de\",\"potentialAction\":[{\"@type\":\"ReadAction\",\"target\":[\"https:\\\/\\\/www.buhl.de\\\/steuer\\\/ratgeber\\\/doppelbesteuerung-rente\\\/\"]}]},{\"@type\":\"BreadcrumbList\",\"@id\":\"https:\\\/\\\/www.buhl.de\\\/steuer\\\/ratgeber\\\/doppelbesteuerung-rente\\\/#breadcrumb\",\"itemListElement\":[{\"@type\":\"ListItem\",\"position\":1,\"name\":\"Steuererkl\u00e4rung\",\"item\":\"https:\\\/\\\/www.buhl.de\\\/steuer\\\/\"},{\"@type\":\"ListItem\",\"position\":2,\"name\":\"Doppelbesteuerung von Renten\"}]},{\"@type\":\"WebSite\",\"@id\":\"https:\\\/\\\/www.buhl.de\\\/steuer\\\/#website\",\"url\":\"https:\\\/\\\/www.buhl.de\\\/steuer\\\/\",\"name\":\"WISO Steuer: Nr. 1 Steuer-App\",\"description\":\"\",\"publisher\":{\"@id\":\"https:\\\/\\\/www.buhl.de\\\/steuer\\\/#organization\"},\"potentialAction\":[{\"@type\":\"SearchAction\",\"target\":{\"@type\":\"EntryPoint\",\"urlTemplate\":\"https:\\\/\\\/www.buhl.de\\\/steuer\\\/?s={search_term_string}\"},\"query-input\":{\"@type\":\"PropertyValueSpecification\",\"valueRequired\":true,\"valueName\":\"search_term_string\"}}],\"inLanguage\":\"de\"},{\"@type\":\"Organization\",\"@id\":\"https:\\\/\\\/www.buhl.de\\\/steuer\\\/#organization\",\"name\":\"WISO Steuer | Buhl Data Service GmbH\",\"url\":\"https:\\\/\\\/www.buhl.de\\\/steuer\\\/\",\"logo\":{\"@type\":\"ImageObject\",\"inLanguage\":\"de\",\"@id\":\"https:\\\/\\\/www.buhl.de\\\/steuer\\\/#\\\/schema\\\/logo\\\/image\\\/\",\"url\":\"https:\\\/\\\/www.buhl.de\\\/steuer\\\/wp-content\\\/uploads\\\/sites\\\/31\\\/2026\\\/02\\\/logo-wiso-steuer-app.svg\",\"contentUrl\":\"https:\\\/\\\/www.buhl.de\\\/steuer\\\/wp-content\\\/uploads\\\/sites\\\/31\\\/2026\\\/02\\\/logo-wiso-steuer-app.svg\",\"width\":375,\"height\":72,\"caption\":\"WISO Steuer | Buhl Data Service GmbH\"},\"image\":{\"@id\":\"https:\\\/\\\/www.buhl.de\\\/steuer\\\/#\\\/schema\\\/logo\\\/image\\\/\"}},{\"@type\":\"Person\",\"@id\":\"https:\\\/\\\/www.buhl.de\\\/steuer\\\/#\\\/schema\\\/person\\\/03b5508d4c85dc193be95cb4e2d78423\",\"name\":\"Udo Reu\u00df\",\"image\":{\"@type\":\"ImageObject\",\"inLanguage\":\"de\",\"@id\":\"https:\\\/\\\/www.buhl.de\\\/steuer\\\/wp-content\\\/uploads\\\/sites\\\/31\\\/2024\\\/07\\\/udo.png\",\"url\":\"https:\\\/\\\/www.buhl.de\\\/steuer\\\/wp-content\\\/uploads\\\/sites\\\/31\\\/2024\\\/07\\\/udo.png\",\"contentUrl\":\"https:\\\/\\\/www.buhl.de\\\/steuer\\\/wp-content\\\/uploads\\\/sites\\\/31\\\/2024\\\/07\\\/udo.png\",\"caption\":\"Udo Reu\u00df\"},\"sameAs\":[\"https:\\\/\\\/www.buhl.de\\\/steuer\\\/autoren\\\/udo-reuss\\\/\"]}]}<\/script>\n<!-- \/ Yoast SEO Premium plugin. -->","yoast_head_json":{"title":"Doppelbesteuerung Rente: Millionen Steuerzahler k\u00f6nnen hoffen","description":"Endlich! Die Besteuerung der Renten soll ge\u00e4ndert werden. \ud83e\udd11 Lies hier, was das wegweisende Urteil f\u00fcr dich bedeutet.","robots":{"index":"index","follow":"follow","max-snippet":"max-snippet:-1","max-image-preview":"max-image-preview:large","max-video-preview":"max-video-preview:-1"},"canonical":"https:\/\/www.buhl.de\/steuer\/ratgeber\/doppelbesteuerung-rente\/","og_locale":"de_DE","og_type":"article","og_title":"Doppelbesteuerung von Renten","og_description":"Endlich! Die Besteuerung der Renten soll ge\u00e4ndert werden. \ud83e\udd11 Lies hier, was das wegweisende Urteil f\u00fcr dich bedeutet.","og_url":"https:\/\/www.buhl.de\/steuer\/ratgeber\/doppelbesteuerung-rente\/","og_site_name":"WISO Steuer: Nr.1 App f\u00fcr die Steuererkl\u00e4rung","article_published_time":"2021-06-22T16:03:44+00:00","article_modified_time":"2025-11-17T16:18:44+00:00","author":"Udo Reu\u00df","twitter_card":"summary_large_image","twitter_misc":{"Verfasst von":"Udo Reu\u00df","Gesch\u00e4tzte Lesezeit":"8\u00a0Minuten"},"schema":{"@context":"https:\/\/schema.org","@graph":[{"@type":"Article","@id":"https:\/\/www.buhl.de\/steuer\/ratgeber\/doppelbesteuerung-rente\/#article","isPartOf":{"@id":"https:\/\/www.buhl.de\/steuer\/ratgeber\/doppelbesteuerung-rente\/"},"author":{"name":"Udo Reu\u00df","@id":"https:\/\/www.buhl.de\/steuer\/#\/schema\/person\/03b5508d4c85dc193be95cb4e2d78423"},"headline":"Doppelbesteuerung von Renten","datePublished":"2021-06-22T16:03:44+00:00","dateModified":"2025-11-17T16:18:44+00:00","mainEntityOfPage":{"@id":"https:\/\/www.buhl.de\/steuer\/ratgeber\/doppelbesteuerung-rente\/"},"wordCount":1379,"publisher":{"@id":"https:\/\/www.buhl.de\/steuer\/#organization"},"articleSection":["Ratgeber: Rentenbesteuerung"],"inLanguage":"de"},{"@type":"WebPage","@id":"https:\/\/www.buhl.de\/steuer\/ratgeber\/doppelbesteuerung-rente\/","url":"https:\/\/www.buhl.de\/steuer\/ratgeber\/doppelbesteuerung-rente\/","name":"Doppelbesteuerung Rente: Millionen Steuerzahler k\u00f6nnen hoffen","isPartOf":{"@id":"https:\/\/www.buhl.de\/steuer\/#website"},"datePublished":"2021-06-22T16:03:44+00:00","dateModified":"2025-11-17T16:18:44+00:00","description":"Endlich! Die Besteuerung der Renten soll ge\u00e4ndert werden. \ud83e\udd11 Lies hier, was das wegweisende Urteil f\u00fcr dich bedeutet.","breadcrumb":{"@id":"https:\/\/www.buhl.de\/steuer\/ratgeber\/doppelbesteuerung-rente\/#breadcrumb"},"inLanguage":"de","potentialAction":[{"@type":"ReadAction","target":["https:\/\/www.buhl.de\/steuer\/ratgeber\/doppelbesteuerung-rente\/"]}]},{"@type":"BreadcrumbList","@id":"https:\/\/www.buhl.de\/steuer\/ratgeber\/doppelbesteuerung-rente\/#breadcrumb","itemListElement":[{"@type":"ListItem","position":1,"name":"Steuererkl\u00e4rung","item":"https:\/\/www.buhl.de\/steuer\/"},{"@type":"ListItem","position":2,"name":"Doppelbesteuerung von Renten"}]},{"@type":"WebSite","@id":"https:\/\/www.buhl.de\/steuer\/#website","url":"https:\/\/www.buhl.de\/steuer\/","name":"WISO Steuer: Nr. 1 Steuer-App","description":"","publisher":{"@id":"https:\/\/www.buhl.de\/steuer\/#organization"},"potentialAction":[{"@type":"SearchAction","target":{"@type":"EntryPoint","urlTemplate":"https:\/\/www.buhl.de\/steuer\/?s={search_term_string}"},"query-input":{"@type":"PropertyValueSpecification","valueRequired":true,"valueName":"search_term_string"}}],"inLanguage":"de"},{"@type":"Organization","@id":"https:\/\/www.buhl.de\/steuer\/#organization","name":"WISO Steuer | Buhl Data Service GmbH","url":"https:\/\/www.buhl.de\/steuer\/","logo":{"@type":"ImageObject","inLanguage":"de","@id":"https:\/\/www.buhl.de\/steuer\/#\/schema\/logo\/image\/","url":"https:\/\/www.buhl.de\/steuer\/wp-content\/uploads\/sites\/31\/2026\/02\/logo-wiso-steuer-app.svg","contentUrl":"https:\/\/www.buhl.de\/steuer\/wp-content\/uploads\/sites\/31\/2026\/02\/logo-wiso-steuer-app.svg","width":375,"height":72,"caption":"WISO Steuer | Buhl Data Service GmbH"},"image":{"@id":"https:\/\/www.buhl.de\/steuer\/#\/schema\/logo\/image\/"}},{"@type":"Person","@id":"https:\/\/www.buhl.de\/steuer\/#\/schema\/person\/03b5508d4c85dc193be95cb4e2d78423","name":"Udo Reu\u00df","image":{"@type":"ImageObject","inLanguage":"de","@id":"https:\/\/www.buhl.de\/steuer\/wp-content\/uploads\/sites\/31\/2024\/07\/udo.png","url":"https:\/\/www.buhl.de\/steuer\/wp-content\/uploads\/sites\/31\/2024\/07\/udo.png","contentUrl":"https:\/\/www.buhl.de\/steuer\/wp-content\/uploads\/sites\/31\/2024\/07\/udo.png","caption":"Udo Reu\u00df"},"sameAs":["https:\/\/www.buhl.de\/steuer\/autoren\/udo-reuss\/"]}]}},"acf":[],"wps_subtitle":"Hoffnung f\u00fcr zuk\u00fcnftige Rentner","_links":{"self":[{"href":"https:\/\/www.buhl.de\/steuer\/wp-json\/wp\/v2\/posts\/58580","targetHints":{"allow":["GET"]}}],"collection":[{"href":"https:\/\/www.buhl.de\/steuer\/wp-json\/wp\/v2\/posts"}],"about":[{"href":"https:\/\/www.buhl.de\/steuer\/wp-json\/wp\/v2\/types\/post"}],"author":[{"embeddable":true,"href":"https:\/\/www.buhl.de\/steuer\/wp-json\/wp\/v2\/users\/220"}],"replies":[{"embeddable":true,"href":"https:\/\/www.buhl.de\/steuer\/wp-json\/wp\/v2\/comments?post=58580"}],"version-history":[{"count":9,"href":"https:\/\/www.buhl.de\/steuer\/wp-json\/wp\/v2\/posts\/58580\/revisions"}],"predecessor-version":[{"id":74204,"href":"https:\/\/www.buhl.de\/steuer\/wp-json\/wp\/v2\/posts\/58580\/revisions\/74204"}],"wp:attachment":[{"href":"https:\/\/www.buhl.de\/steuer\/wp-json\/wp\/v2\/media?parent=58580"}],"wp:term":[{"taxonomy":"category","embeddable":true,"href":"https:\/\/www.buhl.de\/steuer\/wp-json\/wp\/v2\/categories?post=58580"},{"taxonomy":"post_tag","embeddable":true,"href":"https:\/\/www.buhl.de\/steuer\/wp-json\/wp\/v2\/tags?post=58580"}],"curies":[{"name":"wp","href":"https:\/\/api.w.org\/{rel}","templated":true}]}}