{"id":58651,"date":"2023-11-21T09:44:30","date_gmt":"2023-11-21T08:44:30","guid":{"rendered":"https:\/\/www.buhl.de\/steuer\/?p=58651"},"modified":"2025-03-12T09:33:28","modified_gmt":"2025-03-12T08:33:28","slug":"schoenheitsop-absetzen","status":"publish","type":"post","link":"https:\/\/www.buhl.de\/steuer\/ratgeber\/schoenheitsop-absetzen\/","title":{"rendered":"Sch\u00f6nheits-OP steuerlich absetzen: So geht&#8217;s"},"content":{"rendered":"<p>Es wird kaum jemanden geben, der keinen sichtbaren k\u00f6rperlichen Makel bei sich findet. Immer mehr Menschen greifen deshalb tief in die Tasche. Doch kann man die Ausgaben auch steuerlich absetzen?<\/p>\n<p><!--more--><\/p>\n<h2>Kurz &amp; knapp<\/h2>\n<ul>\n<li>Absetzbarkeit von Sch\u00f6nheits-OPs bei medizinischer Notwendigkeit m\u00f6glich<\/li>\n<li>Trage die Kosten unter au\u00dfergew\u00f6hnliche Belastungen in deiner Steuererkl\u00e4rung ein<\/li>\n<li>Notwendige Unterlagen: \u00e4rztliche Atteste und Rechnungen<\/li>\n<\/ul>\n<h2>Welche Sch\u00f6nheits-OPs kann ich absetzen?<\/h2>\n<p>Du denkst \u00fcber eine Botox-Behandlung, Nasenkorrektur oder Facelifting nach oder hast bereits etwas davon machen lassen? Je nachdem, welcher Eingriff vorgenommen wurde, k\u00f6nnen die Kosten sehr hoch ausfallen. Dann fragst du dich sicher: Kann ich das steuerlich absetzen?<\/p>\n<p>Das betrifft eine Reihe an Sch\u00f6nheitsoperationen. Hier eine kleine Auswahl:<\/p>\n<ul>\n<li>Brustvergr\u00f6\u00dferung\/-verkleinerung<\/li>\n<li>Liposuktion (Fettabsaugung)<\/li>\n<li>Rhinoplastik (Nasenkorrektur)<\/li>\n<li>Blepharoplastik (Augenlidstraffung)<\/li>\n<li>Abdominoplastik (Bauchdeckenstraffung)<\/li>\n<li>Facelifting (Gesichtsstraffung)<\/li>\n<li>Botox-Injektionen<\/li>\n<li>Filler-Injektionen<\/li>\n<li>Otoplastik (Ohrenkorrektur)<\/li>\n<li>Haartransplantation<\/li>\n<\/ul>\n<h2 class=\"aktenzeichen\">Voraussetzungen f\u00fcr die Absetzbarkeit von Sch\u00f6nheits-OPs<\/h2>\n<p>Eine Sch\u00f6nheitsoperation kann mehrere tausend Euro kosten. Bist du richtig informiert, kannst du daf\u00fcr die Steuern vom Finanzamt zur\u00fcckbekommen. Das k\u00f6nnen im besten Fall bis zu 45 Prozent der Kosten sein, also fast die H\u00e4lfte. Soll dir das Finanzamt deine Kosten anerkennen, ist die entscheidende Frage: War der Eingriff <strong>medizinisch notwendig<\/strong> oder ging es in erster Linie um das Aussehen? Im Zweifelsfall brauchst du immer eine <strong>Rechnung<\/strong> und ein <strong>medizinisches Attest<\/strong>.<\/p>\n<h3>Medizinische Notwendigkeit vs. \u00e4sthetische Verbesserung<\/h3>\n<p>Die Falten sind weg, das Gesicht strahlt \u2013 doch das Finanzamt bleibt unbeeindruckt. \u00c4sthetische Eingriffe wie Botox-Behandlungen gegen Falten sind steuerlich nicht absetzbar.<\/p>\n<p>Anders sieht es aus, wenn du aus medizinischen Gr\u00fcnden zum Botox greifst, etwa bei Hyperhidrose (\u00dcberproduktion an Schwei\u00df). Immer wenn es also um deine Gesundheit geht, stehen deine Chancen sehr gut, dass du Geld vom Finanzamt zur\u00fcckbekommst.<\/p>\n<p>Besonders kontrovers wird es zum Beispiel bei Schauspielern, die mit einer glatteren Haut neue Engagements bekommen und so mehr Geld verdienen. Dann k\u00f6nnen die Ausgaben f\u00fcr die Sch\u00f6nheitsoperation sogar <a title=\"Was sind Werbungskosten?\" href=\"https:\/\/www.buhl.de\/steuer\/ratgeber\/werbungskosten\/\">Werbungskosten<\/a> oder Betriebsausgaben sein.<\/p>\n<h3>Atteste und \u00e4rztliche Empfehlung notwendig<\/h3>\n<p>Bevor du den Steuervorteil ins Auge fasst, mach deine Hausaufgaben und besorge die notwendigen Unterlagen. \u00c4rztliche Atteste und Empfehlungen sind hier das A und O. Sie m\u00fcssen klarstellen, dass der Eingriff medizinisch notwendig war und nicht nur der Versch\u00f6nerung diente.<\/p>\n<h2>Steuertipps zum Absetzen der Sch\u00f6nheits-OP<\/h2>\n<p>Bewahre alle Rechnungen, Belege und \u00e4rztliche Bescheinigungen auf. Sie sind dein Schl\u00fcssel, um die Kosten der OP von der Steuer abzuziehen. Sprich auch mit deinem Arzt vor der OP, ob er eine Bescheinigung \u00fcber die medizinische Notwendigkeit ausstellen w\u00fcrde.<\/p>\n<h2>Sch\u00f6nheits-OP in die Steuererkl\u00e4rung eintragen<\/h2>\n<p>Du hast alle wichtigen Unterlagen besorgt? Dann kannst du die Kosten deiner OP als <a title=\"Au\u00dfergew\u00f6hnliche Belastung: Was ist das?\" href=\"https:\/\/www.buhl.de\/steuer\/ratgeber\/aussergewoehnliche-belastungen\/\">au\u00dfergew\u00f6hnliche Belastungen<\/a> in der Steuererkl\u00e4rung eintragen. Au\u00dfergew\u00f6hnliche Belastungen sind Kosten, die du aufgrund von besonderen Umst\u00e4nden absetzen und die du nicht vermeiden kannst. Dazu geh\u00f6ren zum Beispiel Krankheits- oder Beerdigungskosten f\u00fcr nahe Angeh\u00f6rige. Au\u00dfergew\u00f6hnliche Belastungen k\u00f6nnen steuerlich ber\u00fccksichtigt werden, wenn sie \u00fcber die sogenannte zumutbare Belastung hinausgehen. Die zumutbare Belastung h\u00e4ngt von deinen Eink\u00fcnften und der Anzahl der Kinder ab.<\/p>\n\r\n        <div class=\"white-background\">\r\n            <div class=\"container\">\r\n                <div class=\"content expert-blog-module blog-wrapper\">\r\n                    <div class=\"row\">\r\n                        <div class=\"d-flex align-items-center text-center text-lg-left align-items-xl-start flex-column flex-xl-row col-12 offset-lg-2 col-lg-8 offset-xl-1 col-xl-9\">\r\n                            <img decoding=\"async\" loading=\"lazy\" class=\"img-fluid\" src=\"https:\/\/www.buhl.de\/steuer\/wp-content\/themes\/steuer-web\/buhl-steuer\/assets\/blog\/blog-module\/experten-tipp-icon.svg\" alt=\"Experten Tipp\" title=\"Experten Tipp\" \/>\r\n                            <div class=\"d-flex flex-column\">\r\n                                <h3 class=\"font-source-sans-pro-10 fw700 blue-font headline\"><\/h3><div class=\"font-source-sans-pro-1 blue-font\">Trage in WISO Steuer au\u00dfergew\u00f6hnliche Belastungen ein und du findest unter <em>vollst\u00e4ndige Berechnung<\/em>\u00a0deine individuelle zumutbare Belastung. Deine Angaben machst du unter <em>Allgemeine Ausgaben &gt; Krankheitskosten und andere Besonderheiten<\/em>.<\/div><\/div>\r\n                        <\/div>\r\n                    <\/div>\r\n                <\/div>\r\n            <\/div>\r\n        <\/div>\r\n    \r\n        <div class=\"spacing-modul  \">\r\n            <div class=\"container spacing-modul\">\r\n               <div class=\"row\">\r\n                   <div id=\"\" class=\"anchor\"><\/div>\r\n                   <div class=\"col-12 modul-spacing-default-b\"><\/div>\r\n                   <div class=\"col-12 modul-spacing-default-b\"><\/div>\r\n               <\/div>\r\n            <\/div>\r\n        <\/div>\r\n    \n\r\n        <div class=\"white-background\">\r\n            <div class=\"container headlines \">\r\n                <div class=\"row\">              \r\n                    <div class=\"col-12 d-flex justify-content-start  justify-content-lg-center\">\r\n                    \t<div id=\"\" class=\"anchor\"><\/div>\r\n                        <div class=\"\">\r\n                           <h2 class=\"font-cairo-1 fw700 text-left text-lg-center blue-font \">FAQ: Sch\u00f6nheits-OP absetzen<\/h2>                   \r\n                        <\/div>\r\n                    <\/div>\r\n                <\/div>\r\n            <\/div>\r\n        <\/div>\r\n    \n\r\n        <div class=\"white-background\">\r\n            <div class=\"container faq-module blog-download buhl-ap\">\r\n                <div class=\"row\">\r\n                <div class=\"col-12 p-lg-0\">\r\n                \r\n                    <div class=\"accordion accordionFaq\" id=\"accordionFaq\">\n<div class=\"card\">\n<div class=\"d-flex card-header border-0 collapsed\" id=\"heading1\" data-toggle=\"collapse\" data-target=\"#collapse1\"\r\n                    aria-expanded=\"false\" aria-controls=\"collapse1\">                                            \r\n                    <h3 class=\"font-source-sans-pro-1 blue-font no-margin\">Kann ich eine Sch\u00f6nheits-OP steuerlich absetzen?<\/h3>\r\n                <\/div>\r\n\n\r\n        <div id=\"collapse1\" class=\"collapse\" aria-labelledby=\"heading1\" data-parent=\"#accordionFaq\">\r\n            <div class=\"card-body\">\r\n                Grunds\u00e4tzlich kannst du \u00e4sthetische Eingriffe nicht von der Steuer absetzen. War dein Eingriff medizinisch notwendig? Durch \u00e4rztliche Atteste besteht die M\u00f6glichkeit, die Kosten als <a title=\"Au\u00dfergew\u00f6hnliche Belastung: Was ist das?\" href=\"https:\/\/www.buhl.de\/steuer\/ratgeber\/aussergewoehnliche-belastungen\/\">au\u00dfergew\u00f6hnliche Belastung<\/a> in der Steuererkl\u00e4rung anzusetzen.                 \r\n            <\/div>\r\n        <\/div>\r\n\n<\/div>\n<div class=\"card\">\n<div class=\"d-flex card-header border-0 collapsed\" id=\"heading2\" data-toggle=\"collapse\" data-target=\"#collapse2\"\r\n                    aria-expanded=\"false\" aria-controls=\"collapse2\">                                            \r\n                    <h3 class=\"font-source-sans-pro-1 blue-font no-margin\">Welche Sch\u00f6nheitsbehandlungen sind steuerlich absetzbar?<\/h3>\r\n                <\/div>\r\n\n\r\n        <div id=\"collapse2\" class=\"collapse\" aria-labelledby=\"heading2\" data-parent=\"#accordionFaq\">\r\n            <div class=\"card-body\">\r\n                In der Regel kannst du die Sch\u00f6nheitsbehandlungen absetzen, die aus medizinischen Gr\u00fcnden durchgef\u00fchrt werden. Ein Beispiel hierf\u00fcr ist die Botox-Behandlung bei Hyperhidrose, also \u00fcberm\u00e4\u00dfigem Schwitzen. Auch Korrekturen nach Unf\u00e4llen oder aus gesundheitlichen Gr\u00fcnden durchgef\u00fchrte Eingriffe k\u00f6nnen unter Umst\u00e4nden abgesetzt werden. Reine Sch\u00f6nheitsbehandlungen ohne medizinische Indikation kannst du leider nicht von der Steuer absetzen.                 \r\n            <\/div>\r\n        <\/div>\r\n\n<\/div>\n<div class=\"card\">\n<div class=\"d-flex card-header border-0 collapsed\" id=\"heading3\" data-toggle=\"collapse\" data-target=\"#collapse3\"\r\n                    aria-expanded=\"false\" aria-controls=\"collapse3\">                                            \r\n                    <h3 class=\"font-source-sans-pro-1 blue-font no-margin\">Welche Unterlagen brauche ich, um eine Sch\u00f6nheits-OP abzusetzen?<\/h3>\r\n                <\/div>\r\n\n\r\n        <div id=\"collapse3\" class=\"collapse\" aria-labelledby=\"heading3\" data-parent=\"#accordionFaq\">\r\n            <div class=\"card-body\">\r\n                Um eine Sch\u00f6nheits-OP steuerlich abzusetzen, ben\u00f6tigst du in erster Linie \u00e4rztliche Atteste, die die medizinische Notwendigkeit des Eingriffs belegen. Sammle auch alle Rechnungen und Belege \u00fcber die durchgef\u00fchrte Operation und die entstandenen Kosten. Dazu z\u00e4hlen auch notwendige Fahrtkosten. Diese Unterlagen musst du dem Finanzamt auf Nachfrage vorlegen, um die Kosten als au\u00dfergew\u00f6hnliche Belastung absetzen zu k\u00f6nnen.                 \r\n            <\/div>\r\n        <\/div>\r\n\n<\/div>\n<div class=\"card\">\n<div class=\"d-flex card-header border-0 collapsed\" id=\"heading4\" data-toggle=\"collapse\" data-target=\"#collapse4\"\r\n                    aria-expanded=\"false\" aria-controls=\"collapse4\">                                            \r\n                    <h3 class=\"font-source-sans-pro-1 blue-font no-margin\">Kann ich eine Botox-Behandlung absetzen?<\/h3>\r\n                <\/div>\r\n\n\r\n        <div id=\"collapse4\" class=\"collapse\" aria-labelledby=\"heading4\" data-parent=\"#accordionFaq\">\r\n            <div class=\"card-body\">\r\n                Ob eine Botox-Behandlung steuerlich absetzbar ist, h\u00e4ngt vom Grund der Behandlung ab. Ist die Behandlung medizinisch notwendig, wie beispielsweise bei Hyperhidrose, und wurde dies \u00e4rztlich verordnet, kannst du die Kosten als <a title=\"Au\u00dfergew\u00f6hnliche Belastung: Was ist das?\" href=\"https:\/\/www.buhl.de\/steuer\/ratgeber\/aussergewoehnliche-belastungen\/\">au\u00dfergew\u00f6hnliche Belastungen<\/a> absetzen. F\u00fcr rein kosmetische Eingriffe, wie ein Lifting, kannst du im Normalfall keine Steuer erstattet bekommen.                \r\n            <\/div>\r\n        <\/div>\r\n\n<\/div>\n<\/div>\r\n                 <\/div>\r\n              <\/div>\r\n            <\/div>\r\n        <\/div>\r\n        <div class=\"spacing-modul  \">\r\n            <div class=\"container spacing-modul\">\r\n               <div class=\"row\">\r\n                   <div id=\"\" class=\"anchor\"><\/div>\r\n                   <div class=\"col-12 modul-spacing-default\"><\/div>\r\n                   <div class=\"col-12 modul-spacing-default-bottom\"><\/div>\r\n               <\/div>\r\n            <\/div>\r\n        <\/div>\r\n    \n\r\n        <div class=\"white-background\">\r\n            <div class=\"full-width-text\">\r\n                <div class=\"inner-spacing blog-ad1-wrapper silver-background\">\r\n                    <div class=\"container blog-ad1\">\r\n                        <div class=\"row\">\r\n                        \r\n                            \r\n                            <div class=\"col-12\">\r\n                                \r\n                                    <div class=\"d-flex headline-spacing-30 justify-content-center\">\r\n                                        \r\n                                            <img decoding=\"async\" loading=\"lazy\" height=\"auto\" style=\"max-width:100%;\" alt=\"WISO&nbsp;Steuer\" title=\"WISO&nbsp;Steuer\" \r\n                                                class=\"d-none d-md-block \" src=\"https:\/\/www.buhl.de\/steuer\/wp-content\/themes\/steuer-web\/buhl-steuer\/assets\/full-width-text\/ad1\/logo-wiso-steuer.svg\" \/>\r\n                                        \r\n                                        \r\n                                                \r\n                                        \r\n                                            <img decoding=\"async\" loading=\"lazy\" alt=\"WISO&nbsp;Steuer\" title=\"WISO&nbsp;Steuer\" \r\n                                                class=\"mx-auto d-md-none mobile \" src=\"https:\/\/www.buhl.de\/steuer\/wp-content\/themes\/steuer-web\/buhl-steuer\/assets\/full-width-text\/ad1\/logo-wiso-steuer.svg\" \/>\r\n                                        \r\n                                    <\/div>\r\n                                \r\n                            \r\n                                \r\n                                    <p class=\"font-cairo-10 fw700 blue-font headline-spacing-30 text-center justify-content-center\">Hol dir dein Geld zur\u00fcck<\/p>\r\n                                \r\n                    \r\n                                <div class=\"font-source-sans-pro-1 mt-30 mb-30 blue-font subline-width text-center 1\">Lass deine Steuererkl\u00e4rung automatisch ausf\u00fcllen, gib sie digital ab und hol dir im Schnitt 1.674 \u20ac R\u00fcckerstattung vom Finanzamt.<br\/>Ganz einfach mit WISO&nbsp;Steuer.<\/div>\r\n                                \r\n                                \r\n\r\n                                <div class=\"d-flex flex-column flex-md-row align-items-center align-items-md-start justify-content-center\">\r\n                                    \r\n                                    <a class=\"font-cairo-2 fw700 intro-button primary w-230 d-none d-md-flex mr-md-25 justify-content-center align-items-center\"\r\n                                       role=\"button\"\r\n                                       href=\"https:\/\/www.buhl.de\/shop\/wisosteuer\/auswahl?2025=agv&wkz=STWEBMARKETINGSEITE&src=WEB\"\r\n                                       target=\"_self\"\r\n                                       title=\"WISO&nbsp;Steuer Lizenz kaufen\"\r\n                                       id=\"ad-1-testencta\"\r\n                                       onclick=\"dataLayer.push({'event': 'ButtonClick SW','sw-button': 'click-preise'});\">\r\n                                       Jetzt kaufen\r\n                                    <\/a>\r\n                                    \r\n                                    \r\n                                    \r\n                                    <a class=\"d-flex justify-content-center align-items-center d-md-none font-cairo-2 fw700 intro-button primary w-230\"\r\n                                       role=\"button\"\r\n                                       href=\"https:\/\/www.buhl.de\/shop\/wisosteuer\/auswahl?2025=agv&wkz=STWEBMARKETINGSEITE&src=WEB\"\r\n                                       target=\"_self\"\r\n                                       title=\"WISO&nbsp;Steuer Lizenz kaufen\"\r\n                                       id=\"adpapierkramkauf\"\r\n                                       onclick=\"dataLayer.push({'event': 'ButtonClick SW','sw-button': 'click-preise'});\">\r\n                                       Jetzt kaufen\r\n                                    <\/a>\r\n                                    \r\n                                    \r\n                                    \r\n                                    <a class=\"font-cairo-2 fw700 intro-button secondary w-230 d-none d-md-flex  justify-content-center align-items-center\"\r\n                                       role=\"button\"\r\n                                       href=\"https:\/\/www.buhl.de\/mein-buhlkonto\/?buhlparam=2100101\"\r\n                                       target=\"_self\"\r\n                                       title=\"Hier unverbindlich ausprobieren\"\r\n                                       id=\"ad1-testen\"\r\n                                       onclick=\"dataLayer.push({'event': 'ButtonClick SW','sw-button': 'click-testen'});\">\r\n                                       Kostenlos testen\r\n                                    <\/a>\r\n                                    \r\n                                    \r\n                                    \r\n                                    <a class=\"font-cairo-2 fw700 intro-button secondary w-230 d-flex d-md-none justify-content-center align-items-center mt-30\"\r\n                                       role=\"button\"\r\n                                       href=\"https:\/\/www.buhl.de\/mein-buhlkonto\/?buhlparam=2100101\"\r\n                                       target=\"_self\"\r\n                                       title=\"Hier unverbindlich ausprobieren\"\r\n                                       id=\"ad1-testen\"\r\n                                       onclick=\"dataLayer.push({'event': 'ButtonClick SW','sw-button': 'click-mobile-starten'});\">\r\n                                       Kostenlos testen\r\n                                    <\/a>\r\n                                    \r\n                                <\/div>\r\n                                \r\n                                \r\n                            <\/div>\r\n                        <\/div>\r\n                    <\/div>\r\n                <\/div>\r\n            <\/div>\r\n        <\/div>\r\n    \r\n        <div class=\"spacing-modul  \">\r\n            <div class=\"container spacing-modul\">\r\n               <div class=\"row\">\r\n                   <div id=\"\" class=\"anchor\"><\/div>\r\n                   <div class=\"col-12 modul-spacing-default-b\"><\/div>\r\n                   <div class=\"col-12 modul-spacing-default-b\"><\/div>\r\n               <\/div>\r\n            <\/div>\r\n        <\/div>\r\n    \n","protected":false},"excerpt":{"rendered":"<p>Es wird kaum jemanden geben, der keinen sichtbaren k\u00f6rperlichen Makel bei sich findet. Immer mehr Menschen greifen deshalb tief in die Tasche. Doch kann man die Ausgaben auch steuerlich absetzen?<\/p>\n","protected":false},"author":220,"featured_media":62910,"comment_status":"closed","ping_status":"open","sticky":false,"template":"","format":"standard","meta":{"_acf_changed":false,"footnotes":""},"categories":[2841,2812],"tags":[],"class_list":["post-58651","post","type-post","status-publish","format-standard","has-post-thumbnail","hentry","category-alle","category-gesund"],"yoast_head":"<!-- This site is optimized with the Yoast SEO Premium plugin v27.0 (Yoast SEO v27.0) - https:\/\/yoast.com\/product\/yoast-seo-premium-wordpress\/ -->\n<title>Bauch, Beine, Po: Ist die Sch\u00f6nheits-OP steuerlich absetzbar?<\/title>\n<meta name=\"description\" content=\"Kann ich meine Sch\u00f6nheits-OP von der Steuer absetzen? Wir haben alle Infos gesammelt \ud83d\udca5 Hier lesen.\" \/>\n<meta name=\"robots\" content=\"index, follow, max-snippet:-1, max-image-preview:large, max-video-preview:-1\" \/>\n<link rel=\"canonical\" href=\"https:\/\/www.buhl.de\/steuer\/ratgeber\/schoenheitsop-absetzen\/\" \/>\n<meta property=\"og:locale\" content=\"de_DE\" \/>\n<meta property=\"og:type\" content=\"article\" \/>\n<meta property=\"og:title\" content=\"Sch\u00f6nheits-OP steuerlich absetzen: So geht&#039;s\" \/>\n<meta property=\"og:description\" content=\"Kann ich meine Sch\u00f6nheits-OP von der Steuer absetzen? Wir haben alle Infos gesammelt \ud83d\udca5 Hier lesen.\" \/>\n<meta property=\"og:url\" content=\"https:\/\/www.buhl.de\/steuer\/ratgeber\/schoenheitsop-absetzen\/\" \/>\n<meta property=\"og:site_name\" content=\"WISO Steuer: Nr.1 App f\u00fcr die Steuererkl\u00e4rung\" \/>\n<meta property=\"article:published_time\" content=\"2023-11-21T08:44:30+00:00\" \/>\n<meta property=\"article:modified_time\" content=\"2025-03-12T08:33:28+00:00\" \/>\n<meta property=\"og:image\" content=\"https:\/\/www.buhl.de\/steuer\/wp-content\/uploads\/sites\/31\/2023\/11\/schoenheits-op-absetzen-title.jpg\" \/>\n\t<meta property=\"og:image:width\" content=\"976\" \/>\n\t<meta property=\"og:image:height\" content=\"400\" \/>\n\t<meta property=\"og:image:type\" content=\"image\/jpeg\" \/>\n<meta name=\"author\" content=\"Udo Reu\u00df\" \/>\n<meta name=\"twitter:card\" content=\"summary_large_image\" \/>\n<meta name=\"twitter:label1\" content=\"Verfasst von\" \/>\n\t<meta name=\"twitter:data1\" content=\"Udo Reu\u00df\" \/>\n\t<meta name=\"twitter:label2\" content=\"Gesch\u00e4tzte Lesezeit\" \/>\n\t<meta name=\"twitter:data2\" content=\"5\u00a0Minuten\" \/>\n<script type=\"application\/ld+json\" class=\"yoast-schema-graph\">{\"@context\":\"https:\/\/schema.org\",\"@graph\":[{\"@type\":\"Article\",\"@id\":\"https:\/\/www.buhl.de\/steuer\/ratgeber\/schoenheitsop-absetzen\/#article\",\"isPartOf\":{\"@id\":\"https:\/\/www.buhl.de\/steuer\/ratgeber\/schoenheitsop-absetzen\/\"},\"author\":{\"name\":\"Udo Reu\u00df\",\"@id\":\"https:\/\/www.buhl.de\/steuer\/#\/schema\/person\/03b5508d4c85dc193be95cb4e2d78423\"},\"headline\":\"Sch\u00f6nheits-OP steuerlich absetzen: So geht&#8217;s\",\"datePublished\":\"2023-11-21T08:44:30+00:00\",\"dateModified\":\"2025-03-12T08:33:28+00:00\",\"mainEntityOfPage\":{\"@id\":\"https:\/\/www.buhl.de\/steuer\/ratgeber\/schoenheitsop-absetzen\/\"},\"wordCount\":843,\"publisher\":{\"@id\":\"https:\/\/www.buhl.de\/steuer\/#organization\"},\"image\":{\"@id\":\"https:\/\/www.buhl.de\/steuer\/ratgeber\/schoenheitsop-absetzen\/#primaryimage\"},\"thumbnailUrl\":\"https:\/\/www.buhl.de\/steuer\/wp-content\/uploads\/sites\/31\/2023\/11\/schoenheits-op-absetzen-title.jpg\",\"articleSection\":[\"Neueste Beitr\u00e4ge\",\"Ratgeber: Gesundheit &amp; Steuern\"],\"inLanguage\":\"de\"},{\"@type\":\"WebPage\",\"@id\":\"https:\/\/www.buhl.de\/steuer\/ratgeber\/schoenheitsop-absetzen\/\",\"url\":\"https:\/\/www.buhl.de\/steuer\/ratgeber\/schoenheitsop-absetzen\/\",\"name\":\"Bauch, Beine, Po: Ist die Sch\u00f6nheits-OP steuerlich absetzbar?\",\"isPartOf\":{\"@id\":\"https:\/\/www.buhl.de\/steuer\/#website\"},\"primaryImageOfPage\":{\"@id\":\"https:\/\/www.buhl.de\/steuer\/ratgeber\/schoenheitsop-absetzen\/#primaryimage\"},\"image\":{\"@id\":\"https:\/\/www.buhl.de\/steuer\/ratgeber\/schoenheitsop-absetzen\/#primaryimage\"},\"thumbnailUrl\":\"https:\/\/www.buhl.de\/steuer\/wp-content\/uploads\/sites\/31\/2023\/11\/schoenheits-op-absetzen-title.jpg\",\"datePublished\":\"2023-11-21T08:44:30+00:00\",\"dateModified\":\"2025-03-12T08:33:28+00:00\",\"description\":\"Kann ich meine Sch\u00f6nheits-OP von der Steuer absetzen? Wir haben alle Infos gesammelt \ud83d\udca5 Hier lesen.\",\"breadcrumb\":{\"@id\":\"https:\/\/www.buhl.de\/steuer\/ratgeber\/schoenheitsop-absetzen\/#breadcrumb\"},\"inLanguage\":\"de\",\"potentialAction\":[{\"@type\":\"ReadAction\",\"target\":[\"https:\/\/www.buhl.de\/steuer\/ratgeber\/schoenheitsop-absetzen\/\"]}]},{\"@type\":\"ImageObject\",\"inLanguage\":\"de\",\"@id\":\"https:\/\/www.buhl.de\/steuer\/ratgeber\/schoenheitsop-absetzen\/#primaryimage\",\"url\":\"https:\/\/www.buhl.de\/steuer\/wp-content\/uploads\/sites\/31\/2023\/11\/schoenheits-op-absetzen-title.jpg\",\"contentUrl\":\"https:\/\/www.buhl.de\/steuer\/wp-content\/uploads\/sites\/31\/2023\/11\/schoenheits-op-absetzen-title.jpg\",\"width\":976,\"height\":400},{\"@type\":\"BreadcrumbList\",\"@id\":\"https:\/\/www.buhl.de\/steuer\/ratgeber\/schoenheitsop-absetzen\/#breadcrumb\",\"itemListElement\":[{\"@type\":\"ListItem\",\"position\":1,\"name\":\"Steuererkl\u00e4rung\",\"item\":\"https:\/\/www.buhl.de\/steuer\/\"},{\"@type\":\"ListItem\",\"position\":2,\"name\":\"Sch\u00f6nheits-OP steuerlich absetzen: So geht's\"}]},{\"@type\":\"WebSite\",\"@id\":\"https:\/\/www.buhl.de\/steuer\/#website\",\"url\":\"https:\/\/www.buhl.de\/steuer\/\",\"name\":\"WISO Steuer: Nr. 1 Steuer-App\",\"description\":\"\",\"publisher\":{\"@id\":\"https:\/\/www.buhl.de\/steuer\/#organization\"},\"potentialAction\":[{\"@type\":\"SearchAction\",\"target\":{\"@type\":\"EntryPoint\",\"urlTemplate\":\"https:\/\/www.buhl.de\/steuer\/?s={search_term_string}\"},\"query-input\":{\"@type\":\"PropertyValueSpecification\",\"valueRequired\":true,\"valueName\":\"search_term_string\"}}],\"inLanguage\":\"de\"},{\"@type\":\"Organization\",\"@id\":\"https:\/\/www.buhl.de\/steuer\/#organization\",\"name\":\"WISO Steuer | Buhl Data Service GmbH\",\"url\":\"https:\/\/www.buhl.de\/steuer\/\",\"logo\":{\"@type\":\"ImageObject\",\"inLanguage\":\"de\",\"@id\":\"https:\/\/www.buhl.de\/steuer\/#\/schema\/logo\/image\/\",\"url\":\"https:\/\/www.buhl.de\/steuer\/wp-content\/uploads\/sites\/31\/2026\/02\/logo-wiso-steuer-app.svg\",\"contentUrl\":\"https:\/\/www.buhl.de\/steuer\/wp-content\/uploads\/sites\/31\/2026\/02\/logo-wiso-steuer-app.svg\",\"width\":375,\"height\":72,\"caption\":\"WISO Steuer | Buhl Data Service GmbH\"},\"image\":{\"@id\":\"https:\/\/www.buhl.de\/steuer\/#\/schema\/logo\/image\/\"}},{\"@type\":\"Person\",\"@id\":\"https:\/\/www.buhl.de\/steuer\/#\/schema\/person\/03b5508d4c85dc193be95cb4e2d78423\",\"name\":\"Udo Reu\u00df\",\"image\":{\"@type\":\"ImageObject\",\"inLanguage\":\"de\",\"@id\":\"https:\/\/www.buhl.de\/steuer\/#\/schema\/person\/image\/\",\"url\":\"https:\/\/www.buhl.de\/steuer\/wp-content\/uploads\/sites\/31\/2024\/07\/udo.png\",\"contentUrl\":\"https:\/\/www.buhl.de\/steuer\/wp-content\/uploads\/sites\/31\/2024\/07\/udo.png\",\"caption\":\"Udo Reu\u00df\"},\"sameAs\":[\"https:\/\/www.buhl.de\/steuer\/autoren\/udo-reuss\/\"]}]}<\/script>\n<!-- \/ Yoast SEO Premium plugin. -->","yoast_head_json":{"title":"Bauch, Beine, Po: Ist die Sch\u00f6nheits-OP steuerlich absetzbar?","description":"Kann ich meine Sch\u00f6nheits-OP von der Steuer absetzen? Wir haben alle Infos gesammelt \ud83d\udca5 Hier lesen.","robots":{"index":"index","follow":"follow","max-snippet":"max-snippet:-1","max-image-preview":"max-image-preview:large","max-video-preview":"max-video-preview:-1"},"canonical":"https:\/\/www.buhl.de\/steuer\/ratgeber\/schoenheitsop-absetzen\/","og_locale":"de_DE","og_type":"article","og_title":"Sch\u00f6nheits-OP steuerlich absetzen: So geht's","og_description":"Kann ich meine Sch\u00f6nheits-OP von der Steuer absetzen? Wir haben alle Infos gesammelt \ud83d\udca5 Hier lesen.","og_url":"https:\/\/www.buhl.de\/steuer\/ratgeber\/schoenheitsop-absetzen\/","og_site_name":"WISO Steuer: Nr.1 App f\u00fcr die Steuererkl\u00e4rung","article_published_time":"2023-11-21T08:44:30+00:00","article_modified_time":"2025-03-12T08:33:28+00:00","og_image":[{"width":976,"height":400,"url":"https:\/\/www.buhl.de\/steuer\/wp-content\/uploads\/sites\/31\/2023\/11\/schoenheits-op-absetzen-title.jpg","type":"image\/jpeg"}],"author":"Udo Reu\u00df","twitter_card":"summary_large_image","twitter_misc":{"Verfasst von":"Udo Reu\u00df","Gesch\u00e4tzte Lesezeit":"5\u00a0Minuten"},"schema":{"@context":"https:\/\/schema.org","@graph":[{"@type":"Article","@id":"https:\/\/www.buhl.de\/steuer\/ratgeber\/schoenheitsop-absetzen\/#article","isPartOf":{"@id":"https:\/\/www.buhl.de\/steuer\/ratgeber\/schoenheitsop-absetzen\/"},"author":{"name":"Udo Reu\u00df","@id":"https:\/\/www.buhl.de\/steuer\/#\/schema\/person\/03b5508d4c85dc193be95cb4e2d78423"},"headline":"Sch\u00f6nheits-OP steuerlich absetzen: So geht&#8217;s","datePublished":"2023-11-21T08:44:30+00:00","dateModified":"2025-03-12T08:33:28+00:00","mainEntityOfPage":{"@id":"https:\/\/www.buhl.de\/steuer\/ratgeber\/schoenheitsop-absetzen\/"},"wordCount":843,"publisher":{"@id":"https:\/\/www.buhl.de\/steuer\/#organization"},"image":{"@id":"https:\/\/www.buhl.de\/steuer\/ratgeber\/schoenheitsop-absetzen\/#primaryimage"},"thumbnailUrl":"https:\/\/www.buhl.de\/steuer\/wp-content\/uploads\/sites\/31\/2023\/11\/schoenheits-op-absetzen-title.jpg","articleSection":["Neueste Beitr\u00e4ge","Ratgeber: Gesundheit &amp; Steuern"],"inLanguage":"de"},{"@type":"WebPage","@id":"https:\/\/www.buhl.de\/steuer\/ratgeber\/schoenheitsop-absetzen\/","url":"https:\/\/www.buhl.de\/steuer\/ratgeber\/schoenheitsop-absetzen\/","name":"Bauch, Beine, Po: Ist die Sch\u00f6nheits-OP steuerlich absetzbar?","isPartOf":{"@id":"https:\/\/www.buhl.de\/steuer\/#website"},"primaryImageOfPage":{"@id":"https:\/\/www.buhl.de\/steuer\/ratgeber\/schoenheitsop-absetzen\/#primaryimage"},"image":{"@id":"https:\/\/www.buhl.de\/steuer\/ratgeber\/schoenheitsop-absetzen\/#primaryimage"},"thumbnailUrl":"https:\/\/www.buhl.de\/steuer\/wp-content\/uploads\/sites\/31\/2023\/11\/schoenheits-op-absetzen-title.jpg","datePublished":"2023-11-21T08:44:30+00:00","dateModified":"2025-03-12T08:33:28+00:00","description":"Kann ich meine Sch\u00f6nheits-OP von der Steuer absetzen? Wir haben alle Infos gesammelt \ud83d\udca5 Hier lesen.","breadcrumb":{"@id":"https:\/\/www.buhl.de\/steuer\/ratgeber\/schoenheitsop-absetzen\/#breadcrumb"},"inLanguage":"de","potentialAction":[{"@type":"ReadAction","target":["https:\/\/www.buhl.de\/steuer\/ratgeber\/schoenheitsop-absetzen\/"]}]},{"@type":"ImageObject","inLanguage":"de","@id":"https:\/\/www.buhl.de\/steuer\/ratgeber\/schoenheitsop-absetzen\/#primaryimage","url":"https:\/\/www.buhl.de\/steuer\/wp-content\/uploads\/sites\/31\/2023\/11\/schoenheits-op-absetzen-title.jpg","contentUrl":"https:\/\/www.buhl.de\/steuer\/wp-content\/uploads\/sites\/31\/2023\/11\/schoenheits-op-absetzen-title.jpg","width":976,"height":400},{"@type":"BreadcrumbList","@id":"https:\/\/www.buhl.de\/steuer\/ratgeber\/schoenheitsop-absetzen\/#breadcrumb","itemListElement":[{"@type":"ListItem","position":1,"name":"Steuererkl\u00e4rung","item":"https:\/\/www.buhl.de\/steuer\/"},{"@type":"ListItem","position":2,"name":"Sch\u00f6nheits-OP steuerlich absetzen: So geht's"}]},{"@type":"WebSite","@id":"https:\/\/www.buhl.de\/steuer\/#website","url":"https:\/\/www.buhl.de\/steuer\/","name":"WISO Steuer: Nr. 1 Steuer-App","description":"","publisher":{"@id":"https:\/\/www.buhl.de\/steuer\/#organization"},"potentialAction":[{"@type":"SearchAction","target":{"@type":"EntryPoint","urlTemplate":"https:\/\/www.buhl.de\/steuer\/?s={search_term_string}"},"query-input":{"@type":"PropertyValueSpecification","valueRequired":true,"valueName":"search_term_string"}}],"inLanguage":"de"},{"@type":"Organization","@id":"https:\/\/www.buhl.de\/steuer\/#organization","name":"WISO Steuer | Buhl Data Service GmbH","url":"https:\/\/www.buhl.de\/steuer\/","logo":{"@type":"ImageObject","inLanguage":"de","@id":"https:\/\/www.buhl.de\/steuer\/#\/schema\/logo\/image\/","url":"https:\/\/www.buhl.de\/steuer\/wp-content\/uploads\/sites\/31\/2026\/02\/logo-wiso-steuer-app.svg","contentUrl":"https:\/\/www.buhl.de\/steuer\/wp-content\/uploads\/sites\/31\/2026\/02\/logo-wiso-steuer-app.svg","width":375,"height":72,"caption":"WISO Steuer | Buhl Data Service GmbH"},"image":{"@id":"https:\/\/www.buhl.de\/steuer\/#\/schema\/logo\/image\/"}},{"@type":"Person","@id":"https:\/\/www.buhl.de\/steuer\/#\/schema\/person\/03b5508d4c85dc193be95cb4e2d78423","name":"Udo Reu\u00df","image":{"@type":"ImageObject","inLanguage":"de","@id":"https:\/\/www.buhl.de\/steuer\/#\/schema\/person\/image\/","url":"https:\/\/www.buhl.de\/steuer\/wp-content\/uploads\/sites\/31\/2024\/07\/udo.png","contentUrl":"https:\/\/www.buhl.de\/steuer\/wp-content\/uploads\/sites\/31\/2024\/07\/udo.png","caption":"Udo Reu\u00df"},"sameAs":["https:\/\/www.buhl.de\/steuer\/autoren\/udo-reuss\/"]}]}},"acf":[],"wps_subtitle":"Sch\u00f6nheits-OPs als au\u00dfergew\u00f6hnliche Belastung","_links":{"self":[{"href":"https:\/\/www.buhl.de\/steuer\/wp-json\/wp\/v2\/posts\/58651","targetHints":{"allow":["GET"]}}],"collection":[{"href":"https:\/\/www.buhl.de\/steuer\/wp-json\/wp\/v2\/posts"}],"about":[{"href":"https:\/\/www.buhl.de\/steuer\/wp-json\/wp\/v2\/types\/post"}],"author":[{"embeddable":true,"href":"https:\/\/www.buhl.de\/steuer\/wp-json\/wp\/v2\/users\/220"}],"replies":[{"embeddable":true,"href":"https:\/\/www.buhl.de\/steuer\/wp-json\/wp\/v2\/comments?post=58651"}],"version-history":[{"count":5,"href":"https:\/\/www.buhl.de\/steuer\/wp-json\/wp\/v2\/posts\/58651\/revisions"}],"predecessor-version":[{"id":62912,"href":"https:\/\/www.buhl.de\/steuer\/wp-json\/wp\/v2\/posts\/58651\/revisions\/62912"}],"wp:featuredmedia":[{"embeddable":true,"href":"https:\/\/www.buhl.de\/steuer\/wp-json\/wp\/v2\/media\/62910"}],"wp:attachment":[{"href":"https:\/\/www.buhl.de\/steuer\/wp-json\/wp\/v2\/media?parent=58651"}],"wp:term":[{"taxonomy":"category","embeddable":true,"href":"https:\/\/www.buhl.de\/steuer\/wp-json\/wp\/v2\/categories?post=58651"},{"taxonomy":"post_tag","embeddable":true,"href":"https:\/\/www.buhl.de\/steuer\/wp-json\/wp\/v2\/tags?post=58651"}],"curies":[{"name":"wp","href":"https:\/\/api.w.org\/{rel}","templated":true}]}}