{"id":58706,"date":"2025-06-12T07:07:12","date_gmt":"2025-06-12T05:07:12","guid":{"rendered":"https:\/\/www.buhl.de\/steuer\/?p=58706"},"modified":"2026-04-29T12:20:49","modified_gmt":"2026-04-29T10:20:49","slug":"rentenerhoehung-steuererklaerung","status":"publish","type":"post","link":"https:\/\/www.buhl.de\/steuer\/ratgeber\/rentenerhoehung-steuererklaerung\/","title":{"rendered":"Rentenerh\u00f6hung bekommen: Was hei\u00dft das steuerlich?"},"content":{"rendered":"<p>Zum 1. Juli 2026 steigen die Renten um rund\u202f 4,24 Prozent \u2013 Millionen Rentner d\u00fcrfen sich auf mehr Geld freuen. Doch was bedeutet das f\u00fcr die Steuer?<\/p>\n<p><!--more--><\/p>\n<h2>Kurz &amp; knapp<\/h2>\n<ul>\n<li>Ab 1. Juli 2026 steigen die Renten um rund 4,24 Prozent<\/li>\n<li>Jede Rentenerh\u00f6hung ist voll steuerpflichtig, der Freibetrag bleibt gleich<\/li>\n<li>Eine Steuererkl\u00e4rung ist n\u00f6tig, wenn der steuerpflichtige Teil der Rente den Grundfreibetrag \u00fcbersteigt (2026: 12.348 Euro)<\/li>\n<li><a title=\"WISO Steuer: Steuerprogramm von Buhl\" href=\"https:\/\/www.buhl.de\/steuer\/\">WISO Steuer<\/a> pr\u00fcft automatisch f\u00fcr dich, ob du eine Steuererkl\u00e4rung abgeben musst<\/li>\n<\/ul>\n<h2>Warum Rentenerh\u00f6hungen steuerpflichtig sind<\/h2>\n<p>Viele <a title=\"Rentner: Alle wichtigen Infos zur Steuererkl\u00e4rung\" href=\"https:\/\/www.buhl.de\/steuer\/steuererklaerung-rentner\/\">Rentner<\/a> wundern sich: Warum muss ich auf meine Rentenerh\u00f6hung \u00fcberhaupt Steuern zahlen? Die Antwort ist einfach \u2013 und hat mit dem sogenannten <strong>Kohortenprinzip<\/strong> zu tun.<\/p>\n<p>Wenn du in Rente gehst, wird einmalig berechnet, wie hoch dein steuerfreier Anteil an der Rente \u2013 auch Rentenfreibetrag genannt \u2013 ist. Dieser h\u00e4ngt davon ab, wann du erstmals Rente bekommst. Der <strong>Rentenfreibetrag bleibt dauerhaft gleich<\/strong>. Das bedeutet: Nur dieser urspr\u00fcngliche Teil deiner Rente bleibt steuerfrei.<\/p>\n<p><strong>Alle sp\u00e4teren Erh\u00f6hungen<\/strong>, also alles, was nach Rentenbeginn hinzukommt, <strong>z\u00e4hlt voll zum steuerpflichtigen Einkommen<\/strong>. Das ist gesetzlich so geregelt. Ob sich die Rente durch eine j\u00e4hrliche Anpassung erh\u00f6ht oder ob eine Einmalzahlung dazukommt \u2013 alles, was \u00fcber den festgelegten Freibetrag hinausgeht, muss grunds\u00e4tzlich versteuert werden.<\/p>\n<p>Kurz gesagt: Wenn deine Rente steigt, steigt dein Freibetrag nicht mit. Und genau deshalb kann eine Rentenerh\u00f6hung dazu f\u00fchren, dass du pl\u00f6tzlich eine Steuererkl\u00e4rung abgeben musst \u2013 oder sogar Einkommensteuer zahlen musst.<\/p>\n<h2>Muss ich nach der Rentenerh\u00f6hung eine Steuererkl\u00e4rung abgeben?<\/h2>\n<p>Das kommt ganz darauf an, wie hoch deine gesamten steuerpflichtigen Eink\u00fcnfte einschlie\u00dflich des steuerpflichtigen Anteils deiner Rente nach der Erh\u00f6hung ist. <strong>Entscheidend ist, ob du insgesamt den <a title=\"Wie hoch ist der Grundfreibetrag?\" href=\"https:\/\/www.buhl.de\/steuer\/ratgeber\/grundfreibetrag\/\">Grundfreibetrag<\/a> \u00fcberschreitest<\/strong>. Dieser liegt 2026 bei 12.348 Euro pro Person \u2013 oder 24.696 Euro bei zusammen veranlagten Ehepaaren.<\/p>\n<p>Wenn deine steuerpflichtigen Eink\u00fcnfte durch die Rentenerh\u00f6hung erstmals \u00fcber diesen Betrag steigen, bist du verpflichtet, eine Steuererkl\u00e4rung abzugeben. Und auch, wenn du bisher schon knapp \u00fcber dem <a title=\"Diese Steuerfreibetr\u00e4ge solltest du kennen\" href=\"https:\/\/www.buhl.de\/steuer\/ratgeber\/steuerfreibetrag\/\">Freibetrag<\/a> lagst, kann die Erh\u00f6hung bedeuten, dass du nun erstmals Steuern zahlen musst.<\/p>\n<p>Neben der Rentenerh\u00f6hung k\u00f6nnen auch andere Gr\u00fcnde dazu f\u00fchren, dass du wegen h\u00f6herer Renteneink\u00fcnfte eine Steuererkl\u00e4rung abgeben musst:<\/p>\n<ul>\n<li><a title=\"Hinterbliebenenrente: So profitierst du vom Hinterbliebenen-Pauschbetrag\" href=\"https:\/\/www.buhl.de\/steuer\/ratgeber\/hinterbliebenen-pauschbetrag\/\">Hinterbliebenenrente<\/a>: Dein Ehepartner stirbt und du bekommst jetzt eine Witwen- oder Witwerrente.<\/li>\n<li>Private Rente: Du bekommst eine Rente aus privater Vorsorge, zum Beispiel eine <a title=\"Riester in der Steuererkl\u00e4rung\" href=\"https:\/\/www.buhl.de\/steuer\/ratgeber\/riester-steuererklaerung\/\">Riester-Rente<\/a> oder eine <a title=\"R\u00fcrup-Rente &amp; Steuern\" href=\"https:\/\/www.buhl.de\/steuer\/ratgeber\/ruerup-rente\/\">R\u00fcrup-Rente<\/a>.<\/li>\n<\/ul>\n\r\n        <div class=\"spacing-modul  \">\r\n            <div class=\"container spacing-modul\">\r\n               <div class=\"row\">\r\n                   <div id=\"\" class=\"anchor\"><\/div>\r\n                   <div class=\"col-12 modul-spacing-blog-c\"><\/div>\r\n                   <div class=\"col-12 modul-spacing-blog-c\"><\/div>\r\n               <\/div>\r\n            <\/div>\r\n        <\/div>\r\n    \r\n        <div class=\"white-background\">\r\n            <div class=\"full-width-text\">\r\n                <div class=\"blog-wrapper silver-background\">\r\n                    <div class=\"container blog-ad1\">\r\n                        <div class=\"row\">\r\n                            <div class=\"col-12 col-lg-6 d-flex justify-content-center flex-column\">\r\n                                <!--<div class=\"\">-->\r\n                                    \r\n                                        <h3 class=\"font-cairo-10 fw700 blue-font headline-spacing-30 text-left\">So hilft dir WISO Steuer<\/h3>\r\n                                    \r\n                                    \r\n                                    \r\n                                        <div class=\"font-source-sans-pro-1 mt-30 mb-30 blue-font subline-width text-left\">Du musst das aber nicht selbst ausrechnen: Mit WISO Steuer kannst du pr\u00fcfen, ob du betroffen bist. Die Software holt automatisch deine Rentendaten ab und zeigt dir sofort, ob eine Steuererkl\u00e4rung n\u00f6tig ist \u2013 ganz ohne komplizierte Formulare.<\/div>\r\n                                    \r\n                                    \r\n                                    \r\n                                    <div class=\"d-flex flex-column flex-md-row align-items-start\">\r\n                                        \r\n                                        <a class=\"font-cairo-2 fw700 intro-button secondary w-230 d-none d-md-flex mr-md-25 justify-content-center align-items-center\"\r\n                                           role=\"button\"\r\n                                           href=\"https:\/\/www.buhl.de\/mein-buhlkonto\/?buhlparam=2100101\"\r\n                                           target=\"_self\"\r\n                                           title=\"Hier kostenlos starten\"\r\n                                           id=\"ad-custom\"\r\n                                           onclick=\"dataLayer.push({'event': 'ButtonClick SW','sw-button': 'click-testen'});\">\r\n                                           Kostenlos testen\r\n                                        <\/a>\r\n                                        \r\n                                        \r\n                                        \r\n                                        <a class=\"d-flex justify-content-center align-items-center d-md-none font-cairo-2 fw700 intro-button secondary w-230\"\r\n                                           role=\"button\"\r\n                                           href=\"https:\/\/www.buhl.de\/mein-buhlkonto\/?buhlparam=2100101\"\r\n                                           target=\"_self\"\r\n                                           title=\"Hier kostenlos starten\"\r\n                                           id=\"ad-custom-m\"\r\n                                           onclick=\"dataLayer.push({'event': 'ButtonClick SW','sw-button': 'click-mobile-starten'});\">\r\n                                           Kostenlos testen\r\n                                        <\/a>\r\n                                        \r\n                                        \r\n                                        \r\n                                        \r\n                                        \r\n                                    <\/div>\r\n                                    \r\n                                <!--<\/div>-->\r\n                            <\/div>\r\n\r\n                            <div class=\"col-12 col-lg-6 tablet-image-spacing d-flex align-content-center\">\r\n                                <div class=\"d-flex justify-content-start tablet-no-spacing\">\r\n                                    \r\n                                        <img decoding=\"async\" loading=\"lazy\" height=\"40\" alt=\"WISO&nbsp;Steuer Vorteile\" title=\"WISO&nbsp;Steuer Buhl Logo\" \r\n                                            class=\"d-none d-md-block \" src=\"https:\/\/www.buhl.de\/steuer\/wp-content\/themes\/steuer-web\/buhl-steuer\/assets\/blog\/blog-custom-ad\/wiso-steuer-werbung.svg\" \/>\r\n                                    \r\n                                    \r\n                                            \r\n                                    \r\n                                        <img decoding=\"async\" loading=\"lazy\" alt=\"WISO&nbsp;Steuer Vorteile\" title=\"WISO&nbsp;Steuer Buhl Logo\" \r\n                                            class=\"mx-auto d-md-none mobile \" src=\"https:\/\/www.buhl.de\/steuer\/wp-content\/themes\/steuer-web\/buhl-steuer\/assets\/blog\/blog-custom-ad\/wiso-steuer-werbung.svg\" \/>\r\n                                    \r\n                                <\/div>\r\n                            <\/div>\r\n                        <\/div>\r\n                    <\/div>\r\n                <\/div>\r\n            <\/div>\r\n        <\/div>\r\n    \r\n        <div class=\"spacing-modul  \">\r\n            <div class=\"container spacing-modul\">\r\n               <div class=\"row\">\r\n                   <div id=\"\" class=\"anchor\"><\/div>\r\n                   <div class=\"col-12 modul-spacing-default-b\"><\/div>\r\n                   <div class=\"col-12 modul-spacing-default-b\"><\/div>\r\n               <\/div>\r\n            <\/div>\r\n        <\/div>\r\n    \n<h3>Beispiel: Besteuerung der Rentenerh\u00f6hung<\/h3>\n<p>Stell dir vor, du erh\u00e4ltst seit Januar 2019 eine gesetzliche Rente. Damals lag deine monatliche Rente bei 1.200\u202fEuro. F\u00fcr den steuerfreien Teil wurde bei Rentenbeginn ein pers\u00f6nlicher Rentenfreibetrag berechnet \u2013 zum Beispiel 264\u202fEuro pro Monat. Dieser Freibetrag bleibt dir dauerhaft erhalten.<\/p>\n<p>Durch die j\u00e4hrlichen Rentenerh\u00f6hungen liegt deine Rente im Jahr 2026 inzwischen bei 1.407\u202fEuro pro Monat. Der Freibetrag bleibt aber weiterhin bei 264\u202fEuro \u2013 die Differenz von 1.143\u202fEuro ist steuerpflichtig.<\/p>\n<p>Das bedeutet konkret: Die Rentenerh\u00f6hungen der letzten Jahre \u2013 also alles, was \u00fcber den urspr\u00fcnglichen 1.200\u202fEuro liegt \u2013 z\u00e4hlen voll zum steuerpflichtigen Einkommen. F\u00fcr die Steuer z\u00e4hlt also nicht, wie viel du insgesamt bekommst, sondern wie viel davon \u00fcber dem dauerhaft festgelegten Freibetrag liegt.<\/p>\n<p>Je nachdem, ob du mit diesem Betrag \u00fcber dem Grundfreibetrag liegst, musst du dann eine Steuererkl\u00e4rung abgeben \u2013 und eventuell sogar Steuern zahlen.<\/p>\n<h2>Wie wird die Rentenerh\u00f6hung bestimmt?<\/h2>\n<p>In der Regel wird die Rente <strong>einmal im Jahr zum 1. Juli angepasst<\/strong>. Aber wie wird eigentlich bestimmt, um wie viel die Rente steigt? Die Rentenanpassung <strong>richtet sich vor allem danach, wie sich die L\u00f6hne und Geh\u00e4lter in Deutschland entwickeln<\/strong>. Wenn die Menschen im Land im Schnitt mehr verdienen, steigen auch die Renten. Die Grundlage daf\u00fcr ist der sogenannte <strong>Rentenwert<\/strong>. Er gibt an, wie viel ein sogenannter Entgeltpunkt wert ist \u2013 und wird regelm\u00e4\u00dfig angepasst.<\/p>\n<p>Die Rentenanpassung erfolgt nach einer gesetzlich festgelegten Formel. Dabei werden folgende Faktoren ber\u00fccksichtigt:<\/p>\n<ul class=\"sw-blog-icon sw-blog-icon-1\">\n<li>Die Entwicklung der Bruttol\u00f6hne und -geh\u00e4lter,<\/li>\n<li>der Nachhaltigkeitsfaktor (Verh\u00e4ltnis von Rentnern zu Beitragszahlern),<\/li>\n<li>der Altersvorsorgeanteil (Belastung der Arbeitnehmer durch die Altersvorsorge),<\/li>\n<li>sowie die Einnahmen und Ausgaben der gesetzlichen Rentenversicherung.<\/li>\n<\/ul>\n<p>Wichtig: Die Rentenerh\u00f6hung ist nicht gesetzlich festgelegt oder garantiert. Sie wird jedes Jahr aufs Neue berechnet \u2013 auf Basis der aktuellen Zahlen. Seit 2023 gilt dabei ein einheitlicher Rentenwert f\u00fcr ganz Deutschland.<\/p>\n<p>Der Rentenwert betr\u00e4gt ab dem 1. Juli 2025 40,79 Euro, ab dem 1. Juli 2026 steigt er auf 42,52 Euro.<\/p>\n<h3>Anpassungen in Ost und West<\/h3>\n<p>\u00dcber 30 Jahre nach der Wiedervereinigung ist es endlich geschafft: <strong>Seit Juli 2023 gilt ein einheitlicher Rentenwert in ganz Deutschland<\/strong> \u2013 egal, ob du in Ost oder West gearbeitet hast. Das war lange das Ziel der Politik. Bereits 2017 wurde gesetzlich festgelegt, dass die Rentenwerte im Osten schrittweise ans Westniveau angepasst werden. Seit Juli 2018 erfolgte diese Angleichung Jahr f\u00fcr Jahr \u2013 und ist jetzt abgeschlossen.<\/p>\n<p>Bis dahin galten f\u00fcr die Rentenberechnung in Ostdeutschland eigene Werte. Um die niedrigeren L\u00f6hne im Osten auszugleichen, wurden sie mit einem Umrechnungsfaktor hochgerechnet. Au\u00dferdem war ein Entgeltpunkt im Osten weniger wert als im Westen \u2013 was sich direkt auf die Rentenh\u00f6he ausgewirkt hat.<\/p>\n<p>Seit der Angleichung 2023 ist der Rentenwert bundesweit gleich. Auch wichtige Gr\u00f6\u00dfen wie das Durchschnittsentgelt, die Bezugsgr\u00f6\u00dfe und die Beitragsbemessungsgrenze gelten nun einheitlich. Der Umrechnungsfaktor f\u00fcr Ostl\u00f6hne entf\u00e4llt. Wer heute oder in Zukunft in Rente geht, erh\u00e4lt seine Rente also nach denselben Regeln \u2013 ganz egal, in welchem Teil Deutschlands er gearbeitet hat.<\/p>\n<h3>Auszahlung erfolgt nicht f\u00fcr alle gleichzeitig<\/h3>\n<p>Die Rentenerh\u00f6hung wird automatisch ber\u00fccksichtigt \u2013 du musst nichts beantragen. <strong>Wann das zus\u00e4tzliche Geld tats\u00e4chlich auf dem Konto ankommt, h\u00e4ngt jedoch vom Rentenbeginn ab<\/strong>.<\/p>\n<p>Wer ab April 2004 in Rente gegangen ist, erh\u00e4lt seine Zahlungen nachsch\u00fcssig, also am letzten Bankarbeitstag eines Monats f\u00fcr den laufenden Monat. Die erh\u00f6hte Rente f\u00fcr Juli wird daher erst Ende Juli ausgezahlt.<\/p>\n<p>Anders ist es bei Personen, die bis M\u00e4rz 2004 in den Ruhestand getreten sind. F\u00fcr sie gilt die Vorauszahlung: Die Rente f\u00fcr Juli wird bereits Ende Juni \u00fcberwiesen \u2013 und enth\u00e4lt damit auch schon das Rentenplus.<\/p>\n<h2>So tr\u00e4gst du deine Rente in die Steuererkl\u00e4rung ein<\/h2>\n<p>Egal ob Altersrente, Witwenrente oder Erwerbsminderungsrente \u2013 alle Renteneink\u00fcnfte geh\u00f6ren in die <a title=\"Steuererkl\u00e4rung: Schritt-f\u00fcr-Schritt Anleitung\" href=\"https:\/\/www.buhl.de\/steuer\/ratgeber\/steuererklaerung-machen\/\">Steuererkl\u00e4rung<\/a>, und zwar <strong>in die <a title=\"Anlage R richtig ausf\u00fcllen\" href=\"https:\/\/www.buhl.de\/steuer\/ratgeber\/anlage-r\/\">Anlage R<\/a><\/strong>. In WISO Steuer findest du den passenden Bereich unter <em>Rentner &gt; Renten (Bezugsmitteilungen und Bescheide)<\/em>.<\/p>\n\r\n        <div class=\"spacing-modul  \">\r\n            <div class=\"container spacing-modul\">\r\n               <div class=\"row\">\r\n                   <div id=\"\" class=\"anchor\"><\/div>\r\n                   <div class=\"col-12 modul-spacing-blog-c\"><\/div>\r\n                   <div class=\"col-12 modul-spacing-blog-c\"><\/div>\r\n               <\/div>\r\n            <\/div>\r\n        <\/div>\r\n    \n\r\n        <div class=\"white-background d-none d-lg-block\">\r\n            <div class=\"container blog-image\">\r\n            \t<div class=\"row\">\r\n       <p class=\"col-12 font-source-sans-pro-1 blue-font\">\n<\/p>\r\n                <div class=\"d-flex col-12 align-items-center justify-content-center\">\r\n                         \r\n                            <a id=\"\" target=\"_self\" title=\"\" href=\"\">\r\n                         \r\n                      <picture class=\"img-fluid\">\r\n                             <img decoding=\"async\" loading=\"lazy\"\r\n                              alt=\"Vorschau aus WISO Steuer f\u00fcr die Eingabemaske von Rentenerh\u00f6hungen\" \r\n                              title=\"\"\r\n                              src=\"https:\/\/www.buhl.de\/steuer\/wp-content\/uploads\/sites\/31\/2025\/06\/rentenerhoehung-eintragen-steuererklaerung.png\" >\r\n                      <\/picture>     \r\n                      \t\r\n                        \t<\/a>\r\n                    \t                      \r\n\t\t\t\t\t<\/div>  \r\n\t\t\t\t<\/div>                       \r\n            <\/div>\r\n        <\/div>                  \r\n    \n\r\n        <div class=\"white-background  d-lg-none\">\r\n            <div class=\"container blog-image\">\r\n            \t<div class=\"row\">\r\n       <p class=\"col-12 font-source-sans-pro-1 blue-font\">\n<\/p>\r\n                <div class=\"d-flex col-12 align-items-center justify-content-center\">\r\n                         \r\n                            <a id=\"\" target=\"_self\" title=\"\" href=\"\">\r\n                         \r\n                      <picture class=\"img-fluid\">\r\n                             <img decoding=\"async\" loading=\"lazy\"\r\n                              alt=\"Vorschau aus der App WISO Steuer f\u00fcr die Eingabemaske von Rentenerh\u00f6hungen\" \r\n                              title=\"\"\r\n                              src=\"https:\/\/www.buhl.de\/steuer\/wp-content\/uploads\/sites\/31\/2025\/06\/rentenerhoehung-eintragen-steuer-app.png\" >\r\n                      <\/picture>     \r\n                      \t\r\n                        \t<\/a>\r\n                    \t                      \r\n\t\t\t\t\t<\/div>  \r\n\t\t\t\t<\/div>                       \r\n            <\/div>\r\n        <\/div>                  \r\n    \n\r\n        <div role=\"region\" aria-label=\"\" class=\"white-background\">\r\n            <div class=\"container\">\r\n                <div class=\"row\">\r\n                    <div class=\"col-12 d-flex justify-content-center align-items-center flex-column flex-lg-row\">\r\n                    \r\n\r\n                    \r\n                        <a class=\"secondary w-230 d-none d-md-flex justify-content-center align-items-center font-cairo-2 fw700 action-anonymous\"\r\n                            role=\"button\"\r\n                            href=\"https:\/\/www.buhl.de\/mein-buhlkonto\/?buhlparam=2100101\"\r\n                            title=\"Kostenlos testen\"\r\n                            target=\"_self\"\r\n                            id=\"rentenerhoehung-eintragen\"\r\n                            onclick=\"dataLayer.push({'event': 'ButtonClick SW','sw-button': 'click-testen'});\">\r\n                            Kostenlos testen\r\n                        <\/a>\r\n\r\n                        <a class=\"secondary w-230 d-flex d-md-none justify-content-center align-items-center font-cairo-2 fw700 action-anonymous\"\r\n                            role=\"button\"\r\n                            href=\"https:\/\/www.buhl.de\/mein-buhlkonto\/?buhlparam=2100101\"\r\n                            title=\"Kostenlos testen\"\r\n                            target=\"_self\"\r\n                            id=\"rentenerhoehung-eintragen-m\"\r\n                            onclick=\"dataLayer.push({'event': 'ButtonClick SW','sw-button': 'click-mobile-starten'});\">\r\n                            Kostenlos testen\r\n                        <\/a>\r\n                    \r\n                    <\/div>\r\n                <\/div>\r\n            <\/div>\r\n        <\/div>\r\n    \r\n        <div class=\"spacing-modul  \">\r\n            <div class=\"container spacing-modul\">\r\n               <div class=\"row\">\r\n                   <div id=\"\" class=\"anchor\"><\/div>\r\n                   <div class=\"col-12 modul-spacing-blog-c\"><\/div>\r\n                   <div class=\"col-12 modul-spacing-blog-c\"><\/div>\r\n               <\/div>\r\n            <\/div>\r\n        <\/div>\r\n    \n<p>Dort tr\u00e4gst du einfach die Daten aus deinem Rentenbescheid oder der elektronischen Mitteilung ein \u2013 Schritt f\u00fcr Schritt und ganz ohne Fachchinesisch. Noch besser: Lass sie automatisch eintragen mit dem <a title=\"Steuer-Abruf: Automatisch ausf\u00fcllen lassen\" href=\"https:\/\/www.buhl.de\/steuer\/steuer-abruf\/\">Steuer-Abruf<\/a>.<\/p>\n<h2>FAQ: Rentenerh\u00f6hung &amp; Steuer<\/h2>\n\r\n        <div class=\"white-background\">\r\n            <div class=\"container faq-module blog-download buhl-ap\">\r\n                <div class=\"row\">\r\n                <div class=\"col-12 p-lg-0\">\r\n                \r\n                    <div class=\"accordion accordionFaq\" id=\"accordionFaq\">\n<div class=\"card\">\n<div class=\"d-flex card-header border-0 collapsed\" id=\"heading1\" data-toggle=\"collapse\" data-target=\"#collapse1\"\r\n                    aria-expanded=\"false\" aria-controls=\"collapse1\">                                            \r\n                    <h3 class=\"font-source-sans-pro-1 blue-font no-margin\">Ist die Rentenerh\u00f6hung steuerpflichtig?<\/h3>\r\n                <\/div>\r\n\n\r\n        <div id=\"collapse1\" class=\"collapse\" aria-labelledby=\"heading1\" data-parent=\"#accordionFaq\">\r\n            <div class=\"card-body\">\r\n                Ja \u2013 zumindest ein Teil davon. Wenn du schon eine Rente bekommst, wurde dein steuerfreier Anteil einmal zu Beginn festgelegt. Alles, was danach dazukommt \u2013 also jede Erh\u00f6hung \u2013 muss voll versteuert werden. Der urspr\u00fcngliche Freibetrag bleibt, alles dar\u00fcber hinaus z\u00e4hlt zum steuerpflichtigen Teil.                \r\n            <\/div>\r\n        <\/div>\r\n\n<\/div>\n<div class=\"card\">\n<div class=\"d-flex card-header border-0 collapsed\" id=\"heading2\" data-toggle=\"collapse\" data-target=\"#collapse2\"\r\n                    aria-expanded=\"false\" aria-controls=\"collapse2\">                                            \r\n                    <h3 class=\"font-source-sans-pro-1 blue-font no-margin\">Muss ich wegen einer Rentenerh\u00f6hung eine Steuererkl\u00e4rung abgeben?<\/h3>\r\n                <\/div>\r\n\n\r\n        <div id=\"collapse2\" class=\"collapse\" aria-labelledby=\"heading2\" data-parent=\"#accordionFaq\">\r\n            <div class=\"card-body\">\r\n                Nicht unbedingt \u2013 es kommt auf die H\u00f6he deiner gesamten steuerpflichtigen Eink\u00fcnfte inklusive des steuerpflichtigen Anteils der Rente an. Wenn sie den sogenannten Grundfreibetrag \u00fcbersteigen, musst du eine Steuererkl\u00e4rung machen. F\u00fcr das Jahr 2026 liegt dieser Freibetrag bei 12.348 Euro pro Person. Wenn du zusammen mit deinem Partner veranlagt wirst, sind es 24.696 Euro.                \r\n            <\/div>\r\n        <\/div>\r\n\n<\/div>\n<div class=\"card\">\n<div class=\"d-flex card-header border-0 collapsed\" id=\"heading3\" data-toggle=\"collapse\" data-target=\"#collapse3\"\r\n                    aria-expanded=\"false\" aria-controls=\"collapse3\">                                            \r\n                    <h3 class=\"font-source-sans-pro-1 blue-font no-margin\">Wie erfahre ich, ob ich steuerpflichtig bin?<\/h3>\r\n                <\/div>\r\n\n\r\n        <div id=\"collapse3\" class=\"collapse\" aria-labelledby=\"heading3\" data-parent=\"#accordionFaq\">\r\n            <div class=\"card-body\">\r\n                Du musst das nicht selbst ausrechnen. Mit WISO Steuer kannst du deinen Rentenbescheid eingeben \u2013 oder du l\u00e4sst ihn automatisch eintragen. Du siehst sofort, ob du eine Steuererkl\u00e4rung machen musst \u2013 oder nicht.                \r\n            <\/div>\r\n        <\/div>\r\n\n<\/div>\n<div class=\"card\">\n<div class=\"d-flex card-header border-0 collapsed\" id=\"heading4\" data-toggle=\"collapse\" data-target=\"#collapse4\"\r\n                    aria-expanded=\"false\" aria-controls=\"collapse4\">                                            \r\n                    <h3 class=\"font-source-sans-pro-1 blue-font no-margin\">Wird die Rente jedes Jahr angepasst?<\/h3>\r\n                <\/div>\r\n\n\r\n        <div id=\"collapse4\" class=\"collapse\" aria-labelledby=\"heading4\" data-parent=\"#accordionFaq\">\r\n            <div class=\"card-body\">\r\n                Meistens ja \u2013 und zwar immer zum 1. Juli. Die H\u00f6he h\u00e4ngt unter anderem davon ab, wie sich die L\u00f6hne in Deutschland entwickeln. F\u00fcr Juli 2026 ist eine bundeseinheitliche Erh\u00f6hung um rund 4,24 Prozent geplant. Das hei\u00dft: Ost und West bekommen gleich viel mehr.                \r\n            <\/div>\r\n        <\/div>\r\n\n<\/div>\n<div class=\"card\">\n<div class=\"d-flex card-header border-0 collapsed\" id=\"heading5\" data-toggle=\"collapse\" data-target=\"#collapse5\"\r\n                    aria-expanded=\"false\" aria-controls=\"collapse5\">                                            \r\n                    <h3 class=\"font-source-sans-pro-1 blue-font no-margin\">Weitere Fragen<\/h3>\r\n                <\/div>\r\n\n\r\n        <div id=\"collapse5\" class=\"collapse\" aria-labelledby=\"heading5\" data-parent=\"#accordionFaq\">\r\n            <div class=\"card-body\">\r\n                Deine Frage war nicht dabei? Stell sie einfach an SteuerGPT, unserer Steuer-KI. Tippe daf\u00fcr unten rechts in der Ecke auf die Sprechblase \u2013 schon kann\u2019s losgehen!                \r\n            <\/div>\r\n        <\/div>\r\n\n<\/div>\n<\/div>\r\n                 <\/div>\r\n              <\/div>\r\n            <\/div>\r\n        <\/div>\r\n        <div class=\"spacing-modul  \">\r\n            <div class=\"container spacing-modul\">\r\n               <div class=\"row\">\r\n                   <div id=\"\" class=\"anchor\"><\/div>\r\n                   <div class=\"col-12 modul-spacing-default-b\"><\/div>\r\n                   <div class=\"col-12 modul-spacing-default-b\"><\/div>\r\n               <\/div>\r\n            <\/div>\r\n        <\/div>\r\n    \n\r\n        <div class=\"white-background\">\r\n            <div class=\"full-width-text\">\r\n                <div class=\"inner-spacing blog-ad1-wrapper silver-background\">\r\n                    <div class=\"container blog-ad1\">\r\n                        <div class=\"row\">\r\n                        \r\n                            \r\n                            <div class=\"col-12\">\r\n                                \r\n                                    <div class=\"d-flex headline-spacing-30 justify-content-center\">\r\n                                        \r\n                                            <img decoding=\"async\" loading=\"lazy\" height=\"auto\" style=\"max-width:100%;\" alt=\"WISO&nbsp;Steuer\" title=\"WISO&nbsp;Steuer\" \r\n                                                class=\"d-none d-md-block \" src=\"https:\/\/www.buhl.de\/steuer\/wp-content\/themes\/steuer-web\/buhl-steuer\/assets\/full-width-text\/ad1\/logo-wiso-steuer.svg\" \/>\r\n                                        \r\n                                        \r\n                                                \r\n                                        \r\n                                            <img decoding=\"async\" loading=\"lazy\" alt=\"WISO&nbsp;Steuer\" title=\"WISO&nbsp;Steuer\" \r\n                                                class=\"mx-auto d-md-none mobile \" src=\"https:\/\/www.buhl.de\/steuer\/wp-content\/themes\/steuer-web\/buhl-steuer\/assets\/full-width-text\/ad1\/logo-wiso-steuer.svg\" \/>\r\n                                        \r\n                                    <\/div>\r\n                                \r\n                            \r\n                                \r\n                                    <p class=\"font-cairo-10 fw700 blue-font headline-spacing-30 text-center justify-content-center\">Hol dir dein Geld zur\u00fcck<\/p>\r\n                                \r\n                    \r\n                                <div class=\"font-source-sans-pro-1 mt-30 mb-30 blue-font subline-width text-center 1\">Lass deine Steuererkl\u00e4rung automatisch ausf\u00fcllen, gib sie digital ab und hol dir im Schnitt 1.674 \u20ac R\u00fcckerstattung vom Finanzamt.<br\/>Ganz einfach mit WISO&nbsp;Steuer.<\/div>\r\n                                \r\n                                \r\n\r\n                                <div class=\"d-flex flex-column flex-md-row align-items-center align-items-md-start justify-content-center\">\r\n                                    \r\n                                    <a class=\"font-cairo-2 fw700 intro-button primary w-230 d-none d-md-flex mr-md-25 justify-content-center align-items-center\"\r\n                                       role=\"button\"\r\n                                       href=\"https:\/\/www.buhl.de\/shop\/wisosteuer\/auswahl?2025=agv&wkz=STWEBMARKETINGSEITE&src=WEB\"\r\n                                       target=\"_self\"\r\n                                       title=\"WISO&nbsp;Steuer Lizenz kaufen\"\r\n                                       id=\"ad-1-testencta\"\r\n                                       onclick=\"dataLayer.push({'event': 'ButtonClick SW','sw-button': 'click-preise'});\">\r\n                                       Jetzt kaufen\r\n                                    <\/a>\r\n                                    \r\n                                    \r\n                                    \r\n                                    <a class=\"d-flex justify-content-center align-items-center d-md-none font-cairo-2 fw700 intro-button primary w-230\"\r\n                                       role=\"button\"\r\n                                       href=\"https:\/\/www.buhl.de\/shop\/wisosteuer\/auswahl?2025=agv&wkz=STWEBMARKETINGSEITE&src=WEB\"\r\n                                       target=\"_self\"\r\n                                       title=\"WISO&nbsp;Steuer Lizenz kaufen\"\r\n                                       id=\"adpapierkramkauf\"\r\n                                       onclick=\"dataLayer.push({'event': 'ButtonClick SW','sw-button': 'click-preise'});\">\r\n                                       Jetzt kaufen\r\n                                    <\/a>\r\n                                    \r\n                                    \r\n                                    \r\n                                    <a class=\"font-cairo-2 fw700 intro-button secondary w-230 d-none d-md-flex  justify-content-center align-items-center\"\r\n                                       role=\"button\"\r\n                                       href=\"https:\/\/www.buhl.de\/mein-buhlkonto\/?buhlparam=2100101\"\r\n                                       target=\"_self\"\r\n                                       title=\"Hier unverbindlich ausprobieren\"\r\n                                       id=\"ad1-testen\"\r\n                                       onclick=\"dataLayer.push({'event': 'ButtonClick SW','sw-button': 'click-testen'});\">\r\n                                       Kostenlos testen\r\n                                    <\/a>\r\n                                    \r\n                                    \r\n                                    \r\n                                    <a class=\"font-cairo-2 fw700 intro-button secondary w-230 d-flex d-md-none justify-content-center align-items-center mt-30\"\r\n                                       role=\"button\"\r\n                                       href=\"https:\/\/www.buhl.de\/mein-buhlkonto\/?buhlparam=2100101\"\r\n                                       target=\"_self\"\r\n                                       title=\"Hier unverbindlich ausprobieren\"\r\n                                       id=\"ad1-testen\"\r\n                                       onclick=\"dataLayer.push({'event': 'ButtonClick SW','sw-button': 'click-mobile-starten'});\">\r\n                                       Kostenlos testen\r\n                                    <\/a>\r\n                                    \r\n                                <\/div>\r\n                                \r\n                                \r\n                            <\/div>\r\n                        <\/div>\r\n                    <\/div>\r\n                <\/div>\r\n            <\/div>\r\n        <\/div>\r\n    \n","protected":false},"excerpt":{"rendered":"<p>Zum 1. Juli 2026 steigen die Renten um rund\u202f 4,24 Prozent \u2013 Millionen Rentner d\u00fcrfen sich auf mehr Geld freuen. Doch was bedeutet das f\u00fcr die Steuer?<\/p>\n","protected":false},"author":158,"featured_media":60599,"comment_status":"closed","ping_status":"open","sticky":false,"template":"","format":"standard","meta":{"_acf_changed":false,"footnotes":""},"categories":[2841,2809],"tags":[],"class_list":["post-58706","post","type-post","status-publish","format-standard","has-post-thumbnail","hentry","category-alle","category-rente"],"yoast_head":"<!-- This site is optimized with the Yoast SEO Premium plugin v27.0 (Yoast SEO v27.0) - https:\/\/yoast.com\/product\/yoast-seo-premium-wordpress\/ -->\n<title>Rentenerh\u00f6hung: Was bedeutet das f\u00fcr die Steuererkl\u00e4rung?<\/title>\n<meta name=\"description\" content=\"Mehr Rente! \ud83e\udd11 Das hat nicht nur Vorteile. Denn pl\u00f6tzlich m\u00fcssen viele Rentner eine Steuererkl\u00e4rung abgeben. \ud83d\ude32 Was du jetzt beachten musst.\" \/>\n<meta name=\"robots\" content=\"index, follow, max-snippet:-1, max-image-preview:large, max-video-preview:-1\" \/>\n<link rel=\"canonical\" href=\"https:\/\/www.buhl.de\/steuer\/ratgeber\/rentenerhoehung-steuererklaerung\/\" \/>\n<meta property=\"og:locale\" content=\"de_DE\" \/>\n<meta property=\"og:type\" content=\"article\" \/>\n<meta property=\"og:title\" content=\"Rentenerh\u00f6hung bekommen: Was hei\u00dft das steuerlich?\" \/>\n<meta property=\"og:description\" content=\"Mehr Rente! \ud83e\udd11 Das hat nicht nur Vorteile. Denn pl\u00f6tzlich m\u00fcssen viele Rentner eine Steuererkl\u00e4rung abgeben. \ud83d\ude32 Was du jetzt beachten musst.\" \/>\n<meta property=\"og:url\" content=\"https:\/\/www.buhl.de\/steuer\/ratgeber\/rentenerhoehung-steuererklaerung\/\" \/>\n<meta property=\"og:site_name\" content=\"WISO Steuer: Nr.1 App f\u00fcr die Steuererkl\u00e4rung\" \/>\n<meta property=\"article:published_time\" content=\"2025-06-12T05:07:12+00:00\" \/>\n<meta property=\"article:modified_time\" content=\"2026-04-29T10:20:49+00:00\" \/>\n<meta property=\"og:image\" content=\"https:\/\/www.buhl.de\/steuer\/wp-content\/uploads\/sites\/31\/2023\/07\/steuererhoehung_title.jpg\" \/>\n\t<meta property=\"og:image:width\" content=\"976\" \/>\n\t<meta property=\"og:image:height\" content=\"400\" \/>\n\t<meta property=\"og:image:type\" content=\"image\/jpeg\" \/>\n<meta name=\"author\" content=\"Melanie Holz\" \/>\n<meta name=\"twitter:card\" content=\"summary_large_image\" \/>\n<meta name=\"twitter:label1\" content=\"Verfasst von\" \/>\n\t<meta name=\"twitter:data1\" content=\"Melanie Holz\" \/>\n\t<meta name=\"twitter:label2\" content=\"Gesch\u00e4tzte Lesezeit\" \/>\n\t<meta name=\"twitter:data2\" content=\"8\u00a0Minuten\" \/>\n<script type=\"application\/ld+json\" class=\"yoast-schema-graph\">{\"@context\":\"https:\/\/schema.org\",\"@graph\":[{\"@type\":\"Article\",\"@id\":\"https:\/\/www.buhl.de\/steuer\/ratgeber\/rentenerhoehung-steuererklaerung\/#article\",\"isPartOf\":{\"@id\":\"https:\/\/www.buhl.de\/steuer\/ratgeber\/rentenerhoehung-steuererklaerung\/\"},\"author\":{\"name\":\"Melanie Holz\",\"@id\":\"https:\/\/www.buhl.de\/steuer\/#\/schema\/person\/bdc3546e32ec6fea6ff8e85e9a87fd47\"},\"headline\":\"Rentenerh\u00f6hung bekommen: Was hei\u00dft das steuerlich?\",\"datePublished\":\"2025-06-12T05:07:12+00:00\",\"dateModified\":\"2026-04-29T10:20:49+00:00\",\"mainEntityOfPage\":{\"@id\":\"https:\/\/www.buhl.de\/steuer\/ratgeber\/rentenerhoehung-steuererklaerung\/\"},\"wordCount\":1488,\"publisher\":{\"@id\":\"https:\/\/www.buhl.de\/steuer\/#organization\"},\"image\":{\"@id\":\"https:\/\/www.buhl.de\/steuer\/ratgeber\/rentenerhoehung-steuererklaerung\/#primaryimage\"},\"thumbnailUrl\":\"https:\/\/www.buhl.de\/steuer\/wp-content\/uploads\/sites\/31\/2023\/07\/steuererhoehung_title.jpg\",\"articleSection\":[\"Neueste Beitr\u00e4ge\",\"Ratgeber: Rentenbesteuerung\"],\"inLanguage\":\"de\"},{\"@type\":\"WebPage\",\"@id\":\"https:\/\/www.buhl.de\/steuer\/ratgeber\/rentenerhoehung-steuererklaerung\/\",\"url\":\"https:\/\/www.buhl.de\/steuer\/ratgeber\/rentenerhoehung-steuererklaerung\/\",\"name\":\"Rentenerh\u00f6hung: Was bedeutet das f\u00fcr die Steuererkl\u00e4rung?\",\"isPartOf\":{\"@id\":\"https:\/\/www.buhl.de\/steuer\/#website\"},\"primaryImageOfPage\":{\"@id\":\"https:\/\/www.buhl.de\/steuer\/ratgeber\/rentenerhoehung-steuererklaerung\/#primaryimage\"},\"image\":{\"@id\":\"https:\/\/www.buhl.de\/steuer\/ratgeber\/rentenerhoehung-steuererklaerung\/#primaryimage\"},\"thumbnailUrl\":\"https:\/\/www.buhl.de\/steuer\/wp-content\/uploads\/sites\/31\/2023\/07\/steuererhoehung_title.jpg\",\"datePublished\":\"2025-06-12T05:07:12+00:00\",\"dateModified\":\"2026-04-29T10:20:49+00:00\",\"description\":\"Mehr Rente! \ud83e\udd11 Das hat nicht nur Vorteile. Denn pl\u00f6tzlich m\u00fcssen viele Rentner eine Steuererkl\u00e4rung abgeben. \ud83d\ude32 Was du jetzt beachten musst.\",\"breadcrumb\":{\"@id\":\"https:\/\/www.buhl.de\/steuer\/ratgeber\/rentenerhoehung-steuererklaerung\/#breadcrumb\"},\"inLanguage\":\"de\",\"potentialAction\":[{\"@type\":\"ReadAction\",\"target\":[\"https:\/\/www.buhl.de\/steuer\/ratgeber\/rentenerhoehung-steuererklaerung\/\"]}]},{\"@type\":\"ImageObject\",\"inLanguage\":\"de\",\"@id\":\"https:\/\/www.buhl.de\/steuer\/ratgeber\/rentenerhoehung-steuererklaerung\/#primaryimage\",\"url\":\"https:\/\/www.buhl.de\/steuer\/wp-content\/uploads\/sites\/31\/2023\/07\/steuererhoehung_title.jpg\",\"contentUrl\":\"https:\/\/www.buhl.de\/steuer\/wp-content\/uploads\/sites\/31\/2023\/07\/steuererhoehung_title.jpg\",\"width\":976,\"height\":400},{\"@type\":\"BreadcrumbList\",\"@id\":\"https:\/\/www.buhl.de\/steuer\/ratgeber\/rentenerhoehung-steuererklaerung\/#breadcrumb\",\"itemListElement\":[{\"@type\":\"ListItem\",\"position\":1,\"name\":\"Steuererkl\u00e4rung\",\"item\":\"https:\/\/www.buhl.de\/steuer\/\"},{\"@type\":\"ListItem\",\"position\":2,\"name\":\"Rentenerh\u00f6hung bekommen: Was hei\u00dft das steuerlich?\"}]},{\"@type\":\"WebSite\",\"@id\":\"https:\/\/www.buhl.de\/steuer\/#website\",\"url\":\"https:\/\/www.buhl.de\/steuer\/\",\"name\":\"WISO Steuer: Nr. 1 Steuer-App\",\"description\":\"\",\"publisher\":{\"@id\":\"https:\/\/www.buhl.de\/steuer\/#organization\"},\"potentialAction\":[{\"@type\":\"SearchAction\",\"target\":{\"@type\":\"EntryPoint\",\"urlTemplate\":\"https:\/\/www.buhl.de\/steuer\/?s={search_term_string}\"},\"query-input\":{\"@type\":\"PropertyValueSpecification\",\"valueRequired\":true,\"valueName\":\"search_term_string\"}}],\"inLanguage\":\"de\"},{\"@type\":\"Organization\",\"@id\":\"https:\/\/www.buhl.de\/steuer\/#organization\",\"name\":\"WISO Steuer | Buhl Data Service GmbH\",\"url\":\"https:\/\/www.buhl.de\/steuer\/\",\"logo\":{\"@type\":\"ImageObject\",\"inLanguage\":\"de\",\"@id\":\"https:\/\/www.buhl.de\/steuer\/#\/schema\/logo\/image\/\",\"url\":\"https:\/\/www.buhl.de\/steuer\/wp-content\/uploads\/sites\/31\/2026\/02\/logo-wiso-steuer-app.svg\",\"contentUrl\":\"https:\/\/www.buhl.de\/steuer\/wp-content\/uploads\/sites\/31\/2026\/02\/logo-wiso-steuer-app.svg\",\"width\":375,\"height\":72,\"caption\":\"WISO Steuer | Buhl Data Service GmbH\"},\"image\":{\"@id\":\"https:\/\/www.buhl.de\/steuer\/#\/schema\/logo\/image\/\"}},{\"@type\":\"Person\",\"@id\":\"https:\/\/www.buhl.de\/steuer\/#\/schema\/person\/bdc3546e32ec6fea6ff8e85e9a87fd47\",\"name\":\"Melanie Holz\",\"image\":{\"@type\":\"ImageObject\",\"inLanguage\":\"de\",\"@id\":\"https:\/\/www.buhl.de\/steuer\/#\/schema\/person\/image\/\",\"url\":\"https:\/\/www.buhl.de\/steuer\/wp-content\/uploads\/sites\/31\/2024\/07\/melanie.png\",\"contentUrl\":\"https:\/\/www.buhl.de\/steuer\/wp-content\/uploads\/sites\/31\/2024\/07\/melanie.png\",\"caption\":\"Melanie Holz\"},\"sameAs\":[\"https:\/\/www.buhl.de\/steuer\/autoren\/melanie-holz\/\"]}]}<\/script>\n<!-- \/ Yoast SEO Premium plugin. -->","yoast_head_json":{"title":"Rentenerh\u00f6hung: Was bedeutet das f\u00fcr die Steuererkl\u00e4rung?","description":"Mehr Rente! \ud83e\udd11 Das hat nicht nur Vorteile. Denn pl\u00f6tzlich m\u00fcssen viele Rentner eine Steuererkl\u00e4rung abgeben. \ud83d\ude32 Was du jetzt beachten musst.","robots":{"index":"index","follow":"follow","max-snippet":"max-snippet:-1","max-image-preview":"max-image-preview:large","max-video-preview":"max-video-preview:-1"},"canonical":"https:\/\/www.buhl.de\/steuer\/ratgeber\/rentenerhoehung-steuererklaerung\/","og_locale":"de_DE","og_type":"article","og_title":"Rentenerh\u00f6hung bekommen: Was hei\u00dft das steuerlich?","og_description":"Mehr Rente! \ud83e\udd11 Das hat nicht nur Vorteile. Denn pl\u00f6tzlich m\u00fcssen viele Rentner eine Steuererkl\u00e4rung abgeben. \ud83d\ude32 Was du jetzt beachten musst.","og_url":"https:\/\/www.buhl.de\/steuer\/ratgeber\/rentenerhoehung-steuererklaerung\/","og_site_name":"WISO Steuer: Nr.1 App f\u00fcr die Steuererkl\u00e4rung","article_published_time":"2025-06-12T05:07:12+00:00","article_modified_time":"2026-04-29T10:20:49+00:00","og_image":[{"width":976,"height":400,"url":"https:\/\/www.buhl.de\/steuer\/wp-content\/uploads\/sites\/31\/2023\/07\/steuererhoehung_title.jpg","type":"image\/jpeg"}],"author":"Melanie Holz","twitter_card":"summary_large_image","twitter_misc":{"Verfasst von":"Melanie Holz","Gesch\u00e4tzte Lesezeit":"8\u00a0Minuten"},"schema":{"@context":"https:\/\/schema.org","@graph":[{"@type":"Article","@id":"https:\/\/www.buhl.de\/steuer\/ratgeber\/rentenerhoehung-steuererklaerung\/#article","isPartOf":{"@id":"https:\/\/www.buhl.de\/steuer\/ratgeber\/rentenerhoehung-steuererklaerung\/"},"author":{"name":"Melanie Holz","@id":"https:\/\/www.buhl.de\/steuer\/#\/schema\/person\/bdc3546e32ec6fea6ff8e85e9a87fd47"},"headline":"Rentenerh\u00f6hung bekommen: Was hei\u00dft das steuerlich?","datePublished":"2025-06-12T05:07:12+00:00","dateModified":"2026-04-29T10:20:49+00:00","mainEntityOfPage":{"@id":"https:\/\/www.buhl.de\/steuer\/ratgeber\/rentenerhoehung-steuererklaerung\/"},"wordCount":1488,"publisher":{"@id":"https:\/\/www.buhl.de\/steuer\/#organization"},"image":{"@id":"https:\/\/www.buhl.de\/steuer\/ratgeber\/rentenerhoehung-steuererklaerung\/#primaryimage"},"thumbnailUrl":"https:\/\/www.buhl.de\/steuer\/wp-content\/uploads\/sites\/31\/2023\/07\/steuererhoehung_title.jpg","articleSection":["Neueste Beitr\u00e4ge","Ratgeber: Rentenbesteuerung"],"inLanguage":"de"},{"@type":"WebPage","@id":"https:\/\/www.buhl.de\/steuer\/ratgeber\/rentenerhoehung-steuererklaerung\/","url":"https:\/\/www.buhl.de\/steuer\/ratgeber\/rentenerhoehung-steuererklaerung\/","name":"Rentenerh\u00f6hung: Was bedeutet das f\u00fcr die Steuererkl\u00e4rung?","isPartOf":{"@id":"https:\/\/www.buhl.de\/steuer\/#website"},"primaryImageOfPage":{"@id":"https:\/\/www.buhl.de\/steuer\/ratgeber\/rentenerhoehung-steuererklaerung\/#primaryimage"},"image":{"@id":"https:\/\/www.buhl.de\/steuer\/ratgeber\/rentenerhoehung-steuererklaerung\/#primaryimage"},"thumbnailUrl":"https:\/\/www.buhl.de\/steuer\/wp-content\/uploads\/sites\/31\/2023\/07\/steuererhoehung_title.jpg","datePublished":"2025-06-12T05:07:12+00:00","dateModified":"2026-04-29T10:20:49+00:00","description":"Mehr Rente! \ud83e\udd11 Das hat nicht nur Vorteile. Denn pl\u00f6tzlich m\u00fcssen viele Rentner eine Steuererkl\u00e4rung abgeben. \ud83d\ude32 Was du jetzt beachten musst.","breadcrumb":{"@id":"https:\/\/www.buhl.de\/steuer\/ratgeber\/rentenerhoehung-steuererklaerung\/#breadcrumb"},"inLanguage":"de","potentialAction":[{"@type":"ReadAction","target":["https:\/\/www.buhl.de\/steuer\/ratgeber\/rentenerhoehung-steuererklaerung\/"]}]},{"@type":"ImageObject","inLanguage":"de","@id":"https:\/\/www.buhl.de\/steuer\/ratgeber\/rentenerhoehung-steuererklaerung\/#primaryimage","url":"https:\/\/www.buhl.de\/steuer\/wp-content\/uploads\/sites\/31\/2023\/07\/steuererhoehung_title.jpg","contentUrl":"https:\/\/www.buhl.de\/steuer\/wp-content\/uploads\/sites\/31\/2023\/07\/steuererhoehung_title.jpg","width":976,"height":400},{"@type":"BreadcrumbList","@id":"https:\/\/www.buhl.de\/steuer\/ratgeber\/rentenerhoehung-steuererklaerung\/#breadcrumb","itemListElement":[{"@type":"ListItem","position":1,"name":"Steuererkl\u00e4rung","item":"https:\/\/www.buhl.de\/steuer\/"},{"@type":"ListItem","position":2,"name":"Rentenerh\u00f6hung bekommen: Was hei\u00dft das steuerlich?"}]},{"@type":"WebSite","@id":"https:\/\/www.buhl.de\/steuer\/#website","url":"https:\/\/www.buhl.de\/steuer\/","name":"WISO Steuer: Nr. 1 Steuer-App","description":"","publisher":{"@id":"https:\/\/www.buhl.de\/steuer\/#organization"},"potentialAction":[{"@type":"SearchAction","target":{"@type":"EntryPoint","urlTemplate":"https:\/\/www.buhl.de\/steuer\/?s={search_term_string}"},"query-input":{"@type":"PropertyValueSpecification","valueRequired":true,"valueName":"search_term_string"}}],"inLanguage":"de"},{"@type":"Organization","@id":"https:\/\/www.buhl.de\/steuer\/#organization","name":"WISO Steuer | Buhl Data Service GmbH","url":"https:\/\/www.buhl.de\/steuer\/","logo":{"@type":"ImageObject","inLanguage":"de","@id":"https:\/\/www.buhl.de\/steuer\/#\/schema\/logo\/image\/","url":"https:\/\/www.buhl.de\/steuer\/wp-content\/uploads\/sites\/31\/2026\/02\/logo-wiso-steuer-app.svg","contentUrl":"https:\/\/www.buhl.de\/steuer\/wp-content\/uploads\/sites\/31\/2026\/02\/logo-wiso-steuer-app.svg","width":375,"height":72,"caption":"WISO Steuer | Buhl Data Service GmbH"},"image":{"@id":"https:\/\/www.buhl.de\/steuer\/#\/schema\/logo\/image\/"}},{"@type":"Person","@id":"https:\/\/www.buhl.de\/steuer\/#\/schema\/person\/bdc3546e32ec6fea6ff8e85e9a87fd47","name":"Melanie Holz","image":{"@type":"ImageObject","inLanguage":"de","@id":"https:\/\/www.buhl.de\/steuer\/#\/schema\/person\/image\/","url":"https:\/\/www.buhl.de\/steuer\/wp-content\/uploads\/sites\/31\/2024\/07\/melanie.png","contentUrl":"https:\/\/www.buhl.de\/steuer\/wp-content\/uploads\/sites\/31\/2024\/07\/melanie.png","caption":"Melanie Holz"},"sameAs":["https:\/\/www.buhl.de\/steuer\/autoren\/melanie-holz\/"]}]}},"acf":[],"wps_subtitle":"Das hat deine Rentenerh\u00f6hung mit der Steuer zu tun","_links":{"self":[{"href":"https:\/\/www.buhl.de\/steuer\/wp-json\/wp\/v2\/posts\/58706","targetHints":{"allow":["GET"]}}],"collection":[{"href":"https:\/\/www.buhl.de\/steuer\/wp-json\/wp\/v2\/posts"}],"about":[{"href":"https:\/\/www.buhl.de\/steuer\/wp-json\/wp\/v2\/types\/post"}],"author":[{"embeddable":true,"href":"https:\/\/www.buhl.de\/steuer\/wp-json\/wp\/v2\/users\/158"}],"replies":[{"embeddable":true,"href":"https:\/\/www.buhl.de\/steuer\/wp-json\/wp\/v2\/comments?post=58706"}],"version-history":[{"count":22,"href":"https:\/\/www.buhl.de\/steuer\/wp-json\/wp\/v2\/posts\/58706\/revisions"}],"predecessor-version":[{"id":84120,"href":"https:\/\/www.buhl.de\/steuer\/wp-json\/wp\/v2\/posts\/58706\/revisions\/84120"}],"wp:featuredmedia":[{"embeddable":true,"href":"https:\/\/www.buhl.de\/steuer\/wp-json\/wp\/v2\/media\/60599"}],"wp:attachment":[{"href":"https:\/\/www.buhl.de\/steuer\/wp-json\/wp\/v2\/media?parent=58706"}],"wp:term":[{"taxonomy":"category","embeddable":true,"href":"https:\/\/www.buhl.de\/steuer\/wp-json\/wp\/v2\/categories?post=58706"},{"taxonomy":"post_tag","embeddable":true,"href":"https:\/\/www.buhl.de\/steuer\/wp-json\/wp\/v2\/tags?post=58706"}],"curies":[{"name":"wp","href":"https:\/\/api.w.org\/{rel}","templated":true}]}}