{"id":59041,"date":"2023-05-22T08:28:11","date_gmt":"2023-05-22T06:28:11","guid":{"rendered":"https:\/\/www.buhl.de\/steuer\/?p=59041"},"modified":"2026-08-24T11:35:07","modified_gmt":"2026-08-24T09:35:07","slug":"sst","status":"publish","type":"post","link":"https:\/\/www.buhl.de\/steuer\/ratgeber\/sst\/","title":{"rendered":"Steuern sparen mit Steuer-Blick"},"content":{"rendered":"<p>Liebe Leserin, lieber Leser,<\/p>\n<p>das monatliche Magazin Steuer-Blick informiert dich \u00fcber wichtige Gesetzes\u00e4nderungen, Neuerungen und Urteile aus der Steuerwelt. Damit bist du f\u00fcr deine Steuererkl\u00e4rung optimal vorbereitet. Alle Ausgaben des Steuer-Blick stehen dir als PDF zur Verf\u00fcgung. Einfach herunterladen und lossparen!<\/p>\n\r\n        <div class=\"spacing-modul  \">\r\n            <div class=\"container spacing-modul\">\r\n               <div class=\"row\">\r\n                   <div id=\"\" class=\"anchor\"><\/div>\r\n                   <div class=\"col-12 modul-spacing-blog-c\"><\/div>\r\n                   <div class=\"col-12 modul-spacing-blog-c\"><\/div>\r\n               <\/div>\r\n            <\/div>\r\n        <\/div>\r\n    \r\n        <div class=\"white-background\">\r\n            <div class=\"container text-and-image blog-download\">\r\n                <div class=\"border-radius-10\">\r\n                    <div class=\"row\">\r\n                        <div class=\"col-12 col-lg-6 pl-lg-0\">\r\n                            <div class=\"d-flex flex-column h-100 justify-content-center\">\r\n                                <div class=\"d-flex flex-column justify-content-start align-items-start justify-content-sm-center align-items-sm-center justify-content-lg-start align-items-lg-start\">\r\n                                    <p class=\"headline-text-image-steuerblick font-cairo-blog-2 fw700\">Themen in dieser Ausgabe:<\/p>\r\n                                    \n<ul>\n<li><strong>AUSLANDSZINSEN<\/strong><br \/>\nRichtig versteuern und Quellensteuer anrechnen<\/li>\n<li><strong>ERBSCHAFTSTEUER<\/strong><br \/>\nWann sp\u00e4ter Einzug ins Familienheim teuer wird<\/li>\n<li><strong>VERSP\u00c4TUNGSZUSCHLAG<\/strong><br \/>\nF\u00e4llig auch ohne Steuernachzahlung<\/li>\n<li><strong>ALT-FONDS<\/strong><br \/>\nVerlustberechnung vom BFH gekippt<\/li>\n<\/ul>\n\r\n                                <\/div>\r\n                                <div class=\"d-flex flex-column flex-xl-row justify-content-center align-items-center justify-content-lg-start align-items-lg-start\">\r\n                                    <div class=\"d-flex justify-content-center flex-column flex-md-row\">\r\n                                        <a class=\"font-cairo-2 fw700 d-none d-lg-flex justify-content-center align-items-center w-230 mt-30 primary\"\r\n                                            role=\"button\"\r\n                                            id=\"lesen\"\r\n                                            href=\"https:\/\/www.buhl.de\/steuer\/wp-content\/uploads\/sites\/31\/2026\/08\/buhl_SteuerBlick_2026_09.pdf\"\r\n                                            target=\"_self\"\r\n                                            title=\"Steuerblick lesen\"\r\n                                            onclick=\"dataLayer.push({'event': 'ButtonClick SW','sw-button': 'click-lesen'});\">\r\n                                            Jetzt lesen\r\n                                        <\/a>\r\n\r\n                                        <a class=\"font-cairo-2 fw700 d-flex d-lg-none justify-content-center align-items-center w-230 mt-30 primary\"\r\n                                            role=\"button\"\r\n                                            id=\"lesen\"\r\n                                            href=\"https:\/\/www.buhl.de\/steuer\/wp-content\/uploads\/sites\/31\/2026\/08\/buhl_SteuerBlick_2026_09.pdf\"\r\n                                            target=\"_self\"\r\n                                            title=\"Steuerblick lesen\"\r\n                                            onclick=\"dataLayer.push({'event': 'ButtonClick SW','sw-button': 'click-lesen'});\">\r\n                                            Jetzt lesen\r\n                                        <\/a>\r\n\r\n                                        \r\n                                        \r\n                                         \r\n                                    <\/div>                             \r\n                                <\/div>\r\n                            <\/div>\r\n                        <\/div>\r\n\r\n\t\t\t\t\t\t<div class=\"order-first order-lg-last col-12 col-lg-6 d-flex pr-lg-0 justify-content-center align-items-end align-items-lg-center mobile-only-spacing\">\r\n\t\t\t\t\t\t\t<div class=\"d-flex align-items-center\">\r\n\t\t\t\t\t\t\t   \r\n                                    <picture class=\"\">\r\n                                        <source media=\"(min-width: 992px)\" srcset=\"https:\/\/www.buhl.de\/steuer\/wp-content\/uploads\/sites\/31\/2026\/08\/steuerblick-cover-0926-1.webp\">\r\n                                        <source media=\"(min-width: 768px)\" srcset=\"https:\/\/www.buhl.de\/steuer\/wp-content\/uploads\/sites\/31\/2026\/08\/steuerblick-cover-0926-1.webp\">\r\n                                        <source media=\"(min-width: 1px)\" srcset=\"https:\/\/www.buhl.de\/steuer\/wp-content\/uploads\/sites\/31\/2026\/08\/steuerblick-cover-0926-1.webp\">\r\n                                        <img decoding=\"async\" loading=\"lazy\"\r\n                                              alt=\"Steuer-Blick Vorschau 09-2026\" \r\n                                              title=\"Steuer-Blick 09-2026\"\r\n                                              src=\"https:\/\/www.buhl.de\/steuer\/wp-content\/uploads\/sites\/31\/2026\/08\/steuerblick-cover-0926-1.webp\" >\r\n                                    <\/picture>\r\n                              \r\n\t\t\t\t\t\t\t<\/div>\r\n\t\t\t\t\t\t<\/div>    \r\n                    <\/div>\r\n                <\/div>\r\n            <\/div>\r\n        <\/div>\r\n    \n\r\n        <div class=\"spacing-modul  \">\r\n            <div class=\"container spacing-modul\">\r\n               <div class=\"row\">\r\n                   <div id=\"\" class=\"anchor\"><\/div>\r\n                   <div class=\"col-12 modul-spacing-blog-c\"><\/div>\r\n                   <div class=\"col-12 modul-spacing-blog-c\"><\/div>\r\n               <\/div>\r\n            <\/div>\r\n        <\/div>\r\n    \n<details style=\"max-width: 1120px;margin: 24px auto 0;border-top: 1px solid #e5e9f0;font-family: &#039;Segoe UI&#039;,Arial,sans-serif\" open=\"\">\n<summary style=\"display: block;cursor: pointer;padding: 18px 0 6px\"><span style=\"font-size: 12px;font-weight: bold;letter-spacing: .16em;color: #5b6b7a;text-transform: uppercase\"><span style=\"display: inline-block;width: 34px;height: 5px;border-radius: 3px;background: #FA7D19;vertical-align: middle;margin-right: 10px;font-size: 0;line-height: 0\">\u00a0<\/span>Zum Nachlesen<\/span><br \/>\n<span style=\"display: block;font-size: 30px;font-weight: 800;color: #023e84;letter-spacing: -.01em;margin-top: 8px\">Alle Ausgaben 2026 <span style=\"font-size: 17px;color: #fa7d19;font-weight: 800\">\u25be<\/span><\/span><\/summary>\n<div style=\"max-width: 1120px;margin: 0 auto;font-family: &#039;Segoe UI&#039;,Arial,sans-serif;font-size: 0;padding-top: 14px\">\n<div style=\"display: inline-block;width: 18%;min-width: 165px;vertical-align: top;margin: 0 0.9% 18px;font-size: 14px\">\n<details style=\"border: 1px solid #e5e9f0;border-radius: 12px;background: #ffffff;overflow: hidden\">\n<summary style=\"display: block;cursor: pointer\"><img decoding=\"async\" style=\"display: block;width: 100%;height: auto\" src=\"https:\/\/www.buhl.de\/steuer\/wp-content\/uploads\/sites\/31\/2026\/07\/steuerblick_26-08_grafik.webp\" alt=\"Steuer-Blick 08\/26\" \/><\/summary>\n<div style=\"padding: 11px 12px 12px\"><span style=\"color: #fa7d19;font-weight: 800;font-size: 12px;letter-spacing: .02em\">08\/26<\/span><br \/>\n<span style=\"display: block;min-height: 34px;color: #023e84;font-weight: bold;font-size: 13.5px;line-height: 1.25;margin-top: 3px\">Fristen, Minijob &amp; Erbschaftsteuer<\/span><br \/>\n<span style=\"display: block;color: #023e84;font-weight: bold;font-size: 11.5px;margin-top: 4px\">Themen ansehen \u25be<\/span><\/div>\n<div style=\"background: #F6F7FB;padding: 4px 16px 16px\">\n<ul style=\"margin: 0;padding: 8px 4px 0 6px\">\n<li style=\"font-size: 12px;line-height: 1.3;padding: 6px 0 6px 2px;border-bottom: 1px solid #e5e9f0;color: #023e84\"><b>Steuererkl\u00e4rung<\/b> \u2013 Wie lange das Finanzamt sie einfordern kann<\/li>\n<li style=\"font-size: 12px;line-height: 1.3;padding: 6px 0 6px 2px;border-bottom: 1px solid #e5e9f0;color: #023e84\"><b>Minijobber<\/b> \u2013 Zur\u00fcck in die Rentenversicherung<\/li>\n<li style=\"font-size: 12px;line-height: 1.3;padding: 6px 0 6px 2px;border-bottom: 1px solid #e5e9f0;color: #023e84\"><b>Erbschaftsteuer<\/b> \u2013 Wann Anwaltskosten absetzbar sind<\/li>\n<li style=\"font-size: 12px;line-height: 1.3;padding: 6px 0 6px 2px;color: #023e84\"><b>Immobilienverkauf in Raten<\/b> \u2013 Keine fiktiven Zinsen mehr<\/li>\n<\/ul>\n<div style=\"text-align: center;margin-top: 14px\"><a style=\"display: inline-block;text-decoration: none;background: #023E84;color: #ffffff;font-weight: 800;font-size: 12px;padding: 9px 20px;border-radius: 8px\" href=\"https:\/\/www.buhl.de\/steuer\/wp-content\/uploads\/sites\/31\/2026\/07\/Buhl_Tax-7872-26_SteuerBlick_2026_08-1.pdf\" target=\"_blank\" rel=\"noopener\">Jetzt herunterladen<\/a><\/div>\n<\/div>\n<\/details>\n<\/div>\n<div style=\"display: inline-block;width: 18%;min-width: 165px;vertical-align: top;margin: 0 0.9% 18px;font-size: 14px\">\n<details style=\"border: 1px solid #e5e9f0;border-radius: 12px;background: #ffffff;overflow: hidden\">\n<summary style=\"display: block;cursor: pointer\"><img decoding=\"async\" style=\"display: block;width: 100%;height: auto\" src=\"https:\/\/www.buhl.de\/steuer\/wp-content\/uploads\/sites\/31\/2026\/06\/steuerblick_26-07_grafik.webp\" alt=\"Steuer-Blick 07\/26\" \/><\/summary>\n<div style=\"padding: 11px 12px 12px\"><span style=\"color: #fa7d19;font-weight: 800;font-size: 12px;letter-spacing: .02em\">07\/26<\/span><br \/>\n<span style=\"display: block;min-height: 34px;color: #023e84;font-weight: bold;font-size: 13.5px;line-height: 1.25;margin-top: 3px\">Autofahrer, Altersvorsorge &amp; Abfindung<\/span><br \/>\n<span style=\"display: block;color: #023e84;font-weight: bold;font-size: 11.5px;margin-top: 4px\">Themen ansehen \u25be<\/span><\/div>\n<div style=\"background: #F6F7FB;padding: 4px 16px 16px\">\n<ul style=\"margin: 0;padding: 8px 4px 0 6px\">\n<li style=\"font-size: 12px;line-height: 1.3;padding: 6px 0 6px 2px;border-bottom: 1px solid #e5e9f0;color: #023e84\"><b>E-Auto-F\u00f6rderung<\/b> \u2013 Bis zu 6.000 Euro sichern<\/li>\n<li style=\"font-size: 12px;line-height: 1.3;padding: 6px 0 6px 2px;border-bottom: 1px solid #e5e9f0;color: #023e84\"><b>Arbeitszimmer<\/b> \u2013 Warum schnelles Handeln z\u00e4hlt<\/li>\n<li style=\"font-size: 12px;line-height: 1.3;padding: 6px 0 6px 2px;border-bottom: 1px solid #e5e9f0;color: #023e84\"><b>Dienstreisen<\/b> \u2013 Privatwagen oder Firmenwagen?<\/li>\n<li style=\"font-size: 12px;line-height: 1.3;padding: 6px 0 6px 2px;color: #023e84\"><b>Abfindung<\/b> \u2013 Steuerbonus nur per Erkl\u00e4rung<\/li>\n<\/ul>\n<div style=\"text-align: center;margin-top: 14px\"><a style=\"display: inline-block;text-decoration: none;background: #023E84;color: #ffffff;font-weight: 800;font-size: 12px;padding: 9px 20px;border-radius: 8px\" href=\"https:\/\/www.buhl.de\/steuer\/wp-content\/uploads\/sites\/31\/2026\/06\/buhl_SteuerBlick_07_2026.pdf\" target=\"_blank\" rel=\"noopener\">Jetzt herunterladen<\/a><\/div>\n<\/div>\n<\/details>\n<\/div>\n<div style=\"display: inline-block;width: 18%;min-width: 165px;vertical-align: top;margin: 0 0.9% 18px;font-size: 14px\">\n<details style=\"border: 1px solid #e5e9f0;border-radius: 12px;background: #ffffff;overflow: hidden\">\n<summary style=\"display: block;cursor: pointer\"><img decoding=\"async\" style=\"display: block;width: 100%;height: auto\" src=\"https:\/\/www.buhl.de\/steuer\/wp-content\/uploads\/sites\/31\/2026\/04\/steuerblick_26-05_grafik.webp\" alt=\"Steuer-Blick 05\/26\" \/><\/summary>\n<div style=\"padding: 11px 12px 12px\"><span style=\"color: #fa7d19;font-weight: 800;font-size: 12px;letter-spacing: .02em\">05\/26<\/span><br \/>\n<span style=\"display: block;min-height: 34px;color: #023e84;font-weight: bold;font-size: 13.5px;line-height: 1.25;margin-top: 3px\">Ehegattensplitting &amp; Kindergeld<\/span><br \/>\n<span style=\"display: block;color: #023e84;font-weight: bold;font-size: 11.5px;margin-top: 4px\">Themen ansehen \u25be<\/span><\/div>\n<div style=\"background: #F6F7FB;padding: 4px 16px 16px\">\n<ul style=\"margin: 0;padding: 8px 4px 0 6px\">\n<li style=\"font-size: 12px;line-height: 1.3;padding: 6px 0 6px 2px;border-bottom: 1px solid #e5e9f0;color: #023e84\"><b>Splitting vs. Steuerklassen<\/b> \u2013 Was deine Steuerlast bestimmt<\/li>\n<li style=\"font-size: 12px;line-height: 1.3;padding: 6px 0 6px 2px;border-bottom: 1px solid #e5e9f0;color: #023e84\"><b>Kindergeld<\/b> \u2013 Wann ist der Job zu viel?<\/li>\n<li style=\"font-size: 12px;line-height: 1.3;padding: 6px 0 6px 2px;border-bottom: 1px solid #e5e9f0;color: #023e84\"><b>Einspruchsfrist<\/b> \u2013 Wenn der Briefumschlag entscheidet<\/li>\n<li style=\"font-size: 12px;line-height: 1.3;padding: 6px 0 6px 2px;color: #023e84\"><b>Mitarbeiterbeteiligung<\/b> \u2013 Gehalt oder Kapitalertrag?<\/li>\n<\/ul>\n<div style=\"text-align: center;margin-top: 14px\"><a style=\"display: inline-block;text-decoration: none;background: #023E84;color: #ffffff;font-weight: 800;font-size: 12px;padding: 9px 20px;border-radius: 8px\" href=\"https:\/\/www.buhl.de\/steuer\/wp-content\/uploads\/sites\/31\/2026\/04\/buhl_SteuerBlick_2026_05.pdf\" target=\"_blank\" rel=\"noopener\">Jetzt herunterladen<\/a><\/div>\n<\/div>\n<\/details>\n<\/div>\n<div style=\"display: inline-block;width: 18%;min-width: 165px;vertical-align: top;margin: 0 0.9% 18px;font-size: 14px\">\n<details style=\"border: 1px solid #e5e9f0;border-radius: 12px;background: #ffffff;overflow: hidden\">\n<summary style=\"display: block;cursor: pointer\"><img decoding=\"async\" style=\"display: block;width: 100%;height: auto\" src=\"https:\/\/www.buhl.de\/steuer\/wp-content\/uploads\/sites\/31\/2026\/03\/steuerblick_26-04_grafik.png\" alt=\"Steuer-Blick 04\/26\" \/><\/summary>\n<div style=\"padding: 11px 12px 12px\"><span style=\"color: #fa7d19;font-weight: 800;font-size: 12px;letter-spacing: .02em\">04\/26<\/span><br \/>\n<span style=\"display: block;min-height: 34px;color: #023e84;font-weight: bold;font-size: 13.5px;line-height: 1.25;margin-top: 3px\">Immobilien &amp; Spekulationssteuer<\/span><br \/>\n<span style=\"display: block;color: #023e84;font-weight: bold;font-size: 11.5px;margin-top: 4px\">Themen ansehen \u25be<\/span><\/div>\n<div style=\"background: #F6F7FB;padding: 4px 16px 16px\">\n<ul style=\"margin: 0;padding: 8px 4px 0 6px\">\n<li style=\"font-size: 12px;line-height: 1.3;padding: 6px 0 6px 2px;border-bottom: 1px solid #e5e9f0;color: #023e84\"><b>Immobilien<\/b> \u2013 Reparaturen sofort absetzen oder abschreiben?<\/li>\n<li style=\"font-size: 12px;line-height: 1.3;padding: 6px 0 6px 2px;border-bottom: 1px solid #e5e9f0;color: #023e84\"><b>Grunderwerbsteuer<\/b> \u2013 Wohnungsrecht &amp; Nie\u00dfbrauch z\u00e4hlen mit<\/li>\n<li style=\"font-size: 12px;line-height: 1.3;padding: 6px 0 6px 2px;border-bottom: 1px solid #e5e9f0;color: #023e84\"><b>Spekulationssteuer<\/b> \u2013 Was gilt bei Wohnmobilverkauf?<\/li>\n<li style=\"font-size: 12px;line-height: 1.3;padding: 6px 0 6px 2px;color: #023e84\"><b>Ruhestand<\/b> \u2013 Abschied steuerfrei feiern<\/li>\n<\/ul>\n<div style=\"text-align: center;margin-top: 14px\"><a style=\"display: inline-block;text-decoration: none;background: #023E84;color: #ffffff;font-weight: 800;font-size: 12px;padding: 9px 20px;border-radius: 8px\" href=\"https:\/\/www.buhl.de\/steuer\/wp-content\/uploads\/sites\/31\/2026\/03\/buhl_SteuerBlick_2026_04.pdf\" target=\"_blank\" rel=\"noopener\">Jetzt herunterladen<\/a><\/div>\n<\/div>\n<\/details>\n<\/div>\n<div style=\"display: inline-block;width: 18%;min-width: 165px;vertical-align: top;margin: 0 0.9% 18px;font-size: 14px\">\n<details style=\"border: 1px solid #e5e9f0;border-radius: 12px;background: #ffffff;overflow: hidden\">\n<summary style=\"display: block;cursor: pointer\"><img decoding=\"async\" style=\"display: block;width: 100%;height: auto\" src=\"https:\/\/www.buhl.de\/steuer\/wp-content\/uploads\/sites\/31\/2026\/02\/steuerblick_26-03_grafik.webp\" alt=\"Steuer-Blick 03\/26\" \/><\/summary>\n<div style=\"padding: 11px 12px 12px\"><span style=\"color: #fa7d19;font-weight: 800;font-size: 12px;letter-spacing: .02em\">03\/26<\/span><br \/>\n<span style=\"display: block;min-height: 34px;color: #023e84;font-weight: bold;font-size: 13.5px;line-height: 1.25;margin-top: 3px\">Neue Steuer-Saison im Interview<\/span><br \/>\n<span style=\"display: block;color: #023e84;font-weight: bold;font-size: 11.5px;margin-top: 4px\">Themen ansehen \u25be<\/span><\/div>\n<div style=\"background: #F6F7FB;padding: 4px 16px 16px\">\n<ul style=\"margin: 0;padding: 8px 4px 0 6px\">\n<li style=\"font-size: 12px;line-height: 1.3;padding: 6px 0 6px 2px;border-bottom: 1px solid #e5e9f0;color: #023e84\"><b>Steuererkl\u00e4rung 2026<\/b> \u2013 Interview: Neues von WISO Steuer<\/li>\n<li style=\"font-size: 12px;line-height: 1.3;padding: 6px 0 6px 2px;border-bottom: 1px solid #e5e9f0;color: #023e84\"><b>Zweitwohnung<\/b> \u2013 Stellplatz zus\u00e4tzlich absetzen<\/li>\n<li style=\"font-size: 12px;line-height: 1.3;padding: 6px 0 6px 2px;border-bottom: 1px solid #e5e9f0;color: #023e84\"><b>Pflege-Pauschbetrag<\/b> \u2013 R\u00fcckwirkend Steuern sparen<\/li>\n<li style=\"font-size: 12px;line-height: 1.3;padding: 6px 0 6px 2px;color: #023e84\"><b>Nie\u00dfbrauch<\/b> \u2013 Abl\u00f6sung kann steuerpflichtig werden<\/li>\n<\/ul>\n<div style=\"text-align: center;margin-top: 14px\"><a style=\"display: inline-block;text-decoration: none;background: #023E84;color: #ffffff;font-weight: 800;font-size: 12px;padding: 9px 20px;border-radius: 8px\" href=\"https:\/\/www.buhl.de\/steuer\/wp-content\/uploads\/sites\/31\/2026\/02\/buhl_SteuerBlick_2026_03.pdf\" target=\"_blank\" rel=\"noopener\">Jetzt herunterladen<\/a><\/div>\n<\/div>\n<\/details>\n<\/div>\n<div style=\"display: inline-block;width: 18%;min-width: 165px;vertical-align: top;margin: 0 0.9% 18px;font-size: 14px\">\n<details style=\"border: 1px solid #e5e9f0;border-radius: 12px;background: #ffffff;overflow: hidden\">\n<summary style=\"display: block;cursor: pointer\"><img decoding=\"async\" style=\"display: block;width: 100%;height: auto\" src=\"https:\/\/www.buhl.de\/steuer\/wp-content\/uploads\/sites\/31\/2026\/01\/steuerblick_26-02_grafik.webp\" alt=\"Steuer-Blick 02\/26\" \/><\/summary>\n<div style=\"padding: 11px 12px 12px\"><span style=\"color: #fa7d19;font-weight: 800;font-size: 12px;letter-spacing: .02em\">02\/26<\/span><span style=\"background: #FFE620;color: #023e84;font-size: 9px;font-weight: 800;letter-spacing: .06em;padding: 2px 6px;border-radius: 4px;margin-left: 7px\">SPEZIAL<\/span><br \/>\n<span style=\"display: block;min-height: 34px;color: #023e84;font-weight: bold;font-size: 13.5px;line-height: 1.25;margin-top: 3px\">Steuer\u00e4nderungen 2026<\/span><br \/>\n<span style=\"display: block;color: #023e84;font-weight: bold;font-size: 11.5px;margin-top: 4px\">Themen ansehen \u25be<\/span><\/div>\n<div style=\"background: #F6F7FB;padding: 4px 16px 16px\">\n<ul style=\"margin: 0;padding: 8px 4px 0 6px\">\n<li style=\"font-size: 12px;line-height: 1.3;padding: 6px 0 6px 2px;color: #023e84\"><b>Steuer\u00e4nderungen<\/b> \u2013 Das bringt das neue Steuerjahr 2026<\/li>\n<\/ul>\n<div style=\"text-align: center;margin-top: 14px\"><a style=\"display: inline-block;text-decoration: none;background: #023E84;color: #ffffff;font-weight: 800;font-size: 12px;padding: 9px 20px;border-radius: 8px\" href=\"https:\/\/www.buhl.de\/steuer\/wp-content\/uploads\/sites\/31\/2026\/01\/buhl_SteuerBlick_2026_02.pdf\" target=\"_blank\" rel=\"noopener\">Jetzt herunterladen<\/a><\/div>\n<\/div>\n<\/details>\n<\/div>\n<div style=\"display: inline-block;width: 18%;min-width: 165px;vertical-align: top;margin: 0 0.9% 18px;font-size: 14px\">\n<details style=\"border: 1px solid #e5e9f0;border-radius: 12px;background: #ffffff;overflow: hidden\">\n<summary style=\"display: block;cursor: pointer\"><img decoding=\"async\" style=\"display: block;width: 100%;height: auto\" src=\"https:\/\/www.buhl.de\/steuer\/wp-content\/uploads\/sites\/31\/2025\/12\/steuerblick_26-01_grafik.png\" alt=\"Steuer-Blick 01\/26\" \/><\/summary>\n<div style=\"padding: 11px 12px 12px\"><span style=\"color: #fa7d19;font-weight: 800;font-size: 12px;letter-spacing: .02em\">01\/26<\/span><br \/>\n<span style=\"display: block;min-height: 34px;color: #023e84;font-weight: bold;font-size: 13.5px;line-height: 1.25;margin-top: 3px\">Dienstwagen, Umsatzsteuer &amp; Grundsteuer<\/span><br \/>\n<span style=\"display: block;color: #023e84;font-weight: bold;font-size: 11.5px;margin-top: 4px\">Themen ansehen \u25be<\/span><\/div>\n<div style=\"background: #F6F7FB;padding: 4px 16px 16px\">\n<ul style=\"margin: 0;padding: 8px 4px 0 6px\">\n<li style=\"font-size: 12px;line-height: 1.3;padding: 6px 0 6px 2px;border-bottom: 1px solid #e5e9f0;color: #023e84\"><b>Elektro-Dienstwagen<\/b> \u2013 Neue Regeln f\u00fcrs Laden zu Hause<\/li>\n<li style=\"font-size: 12px;line-height: 1.3;padding: 6px 0 6px 2px;border-bottom: 1px solid #e5e9f0;color: #023e84\"><b>Umsatzsteuer<\/b> \u2013 E-Rechnung pr\u00fcfen ist jetzt Pflicht<\/li>\n<li style=\"font-size: 12px;line-height: 1.3;padding: 6px 0 6px 2px;border-bottom: 1px solid #e5e9f0;color: #023e84\"><b>Sonderabschreibung<\/b> \u2013 Nur bei neuen Wohnungen<\/li>\n<li style=\"font-size: 12px;line-height: 1.3;padding: 6px 0 6px 2px;color: #023e84\"><b>Grundsteuer<\/b> \u2013 Bleibt, wie sie ist<\/li>\n<\/ul>\n<div style=\"text-align: center;margin-top: 14px\"><a style=\"display: inline-block;text-decoration: none;background: #023E84;color: #ffffff;font-weight: 800;font-size: 12px;padding: 9px 20px;border-radius: 8px\" href=\"https:\/\/www.buhl.de\/steuer\/wp-content\/uploads\/sites\/31\/2025\/12\/buhl_SteuerBlick_2026_01.pdf\" target=\"_blank\" rel=\"noopener\">Jetzt herunterladen<\/a><\/div>\n<\/div>\n<\/details>\n<\/div>\n<\/div>\n<\/details>\n<details style=\"max-width: 1120px;margin: 24px auto 0;border-top: 1px solid #e5e9f0;font-family: &#039;Segoe UI&#039;,Arial,sans-serif\">\n<summary style=\"display: block;cursor: pointer;padding: 18px 0 6px\"><span style=\"font-size: 12px;font-weight: bold;letter-spacing: .16em;color: #5b6b7a;text-transform: uppercase\"><span style=\"display: inline-block;width: 34px;height: 5px;border-radius: 3px;background: #FA7D19;vertical-align: middle;margin-right: 10px;font-size: 0;line-height: 0\">\u00a0<\/span>Archiv<\/span><br \/>\n<span style=\"display: block;font-size: 30px;font-weight: 800;color: #023e84;letter-spacing: -.01em;margin-top: 8px\">Alle Ausgaben 2025 <span style=\"font-size: 17px;color: #fa7d19;font-weight: 800\">\u25be<\/span><\/span><\/summary>\n<div style=\"max-width: 1120px;margin: 0 auto;font-family: &#039;Segoe UI&#039;,Arial,sans-serif;font-size: 0;padding-top: 14px\">\n<div style=\"display: inline-block;width: 18%;min-width: 165px;vertical-align: top;margin: 0 0.9% 18px;font-size: 14px\">\n<details style=\"border: 1px solid #e5e9f0;border-radius: 12px;background: #ffffff;overflow: hidden\">\n<summary style=\"display: block;cursor: pointer\"><img decoding=\"async\" style=\"display: block;width: 100%;height: auto\" src=\"https:\/\/www.buhl.de\/steuer\/wp-content\/uploads\/sites\/31\/2025\/11\/steuerblick_25-12_grafik.webp\" alt=\"Steuer-Blick 12\/25\" \/><\/summary>\n<div style=\"padding: 11px 12px 12px\"><span style=\"color: #fa7d19;font-weight: 800;font-size: 12px;letter-spacing: .02em\">12\/25<\/span><br \/>\n<span style=\"display: block;min-height: 34px;color: #023e84;font-weight: bold;font-size: 13.5px;line-height: 1.25;margin-top: 3px\">Zweitwohnung &amp; Umsatzsteuerfalle<\/span><br \/>\n<span style=\"display: block;color: #023e84;font-weight: bold;font-size: 11.5px;margin-top: 4px\">Themen ansehen \u25be<\/span><\/div>\n<div style=\"background: #F6F7FB;padding: 4px 16px 16px\">\n<ul style=\"margin: 0;padding: 8px 4px 0 6px\">\n<li style=\"font-size: 12px;line-height: 1.3;padding: 6px 0 6px 2px;border-bottom: 1px solid #e5e9f0;color: #023e84\"><b>Zweitwohnung<\/b> \u2013 Sensationsurteil f\u00fcr Singles<\/li>\n<li style=\"font-size: 12px;line-height: 1.3;padding: 6px 0 6px 2px;border-bottom: 1px solid #e5e9f0;color: #023e84\"><b>Platz 1 f\u00fcr WISO Steuer<\/b> \u2013 Deutschlands beliebteste Software<\/li>\n<li style=\"font-size: 12px;line-height: 1.3;padding: 6px 0 6px 2px;border-bottom: 1px solid #e5e9f0;color: #023e84\"><b>Lebensversicherung<\/b> \u2013 Streit geht in die n\u00e4chste Runde<\/li>\n<li style=\"font-size: 12px;line-height: 1.3;padding: 6px 0 6px 2px;color: #023e84\"><b>Gutschriften<\/b> \u2013 Vorsicht: Umsatzsteuerfalle!<\/li>\n<\/ul>\n<div style=\"text-align: center;margin-top: 14px\"><a style=\"display: inline-block;text-decoration: none;background: #023E84;color: #ffffff;font-weight: 800;font-size: 12px;padding: 9px 20px;border-radius: 8px\" href=\"https:\/\/www.buhl.de\/steuer\/wp-content\/uploads\/sites\/31\/2025\/11\/buhl_SteuerBlick_2025_12.pdf\" target=\"_blank\" rel=\"noopener\">Jetzt herunterladen<\/a><\/div>\n<\/div>\n<\/details>\n<\/div>\n<div style=\"display: inline-block;width: 18%;min-width: 165px;vertical-align: top;margin: 0 0.9% 18px;font-size: 14px\">\n<details style=\"border: 1px solid #e5e9f0;border-radius: 12px;background: #ffffff;overflow: hidden\">\n<summary style=\"display: block;cursor: pointer\"><img decoding=\"async\" style=\"display: block;width: 100%;height: auto\" src=\"https:\/\/www.buhl.de\/steuer\/wp-content\/uploads\/sites\/31\/2025\/10\/steuerblick_25-11_grafik.webp\" alt=\"Steuer-Blick 11\/25\" \/><\/summary>\n<div style=\"padding: 11px 12px 12px\"><span style=\"color: #fa7d19;font-weight: 800;font-size: 12px;letter-spacing: .02em\">11\/25<\/span><br \/>\n<span style=\"display: block;min-height: 34px;color: #023e84;font-weight: bold;font-size: 13.5px;line-height: 1.25;margin-top: 3px\">Steuerplanung zum Jahresende<\/span><br \/>\n<span style=\"display: block;color: #023e84;font-weight: bold;font-size: 11.5px;margin-top: 4px\">Themen ansehen \u25be<\/span><\/div>\n<div style=\"background: #F6F7FB;padding: 4px 16px 16px\">\n<ul style=\"margin: 0;padding: 8px 4px 0 6px\">\n<li style=\"font-size: 12px;line-height: 1.3;padding: 6px 0 6px 2px;border-bottom: 1px solid #e5e9f0;color: #023e84\"><b>Jahresende<\/b> \u2013 Alle Sparhebel richtig einsetzen<\/li>\n<li style=\"font-size: 12px;line-height: 1.3;padding: 6px 0 6px 2px;border-bottom: 1px solid #e5e9f0;color: #023e84\"><b>Gebrauchte E-Autos<\/b> \u2013 75 Prozent Abschreibung<\/li>\n<li style=\"font-size: 12px;line-height: 1.3;padding: 6px 0 6px 2px;border-bottom: 1px solid #e5e9f0;color: #023e84\"><b>Vertr\u00e4ge mit Verwandten<\/b> \u2013 Schriftform oder nicht?<\/li>\n<li style=\"font-size: 12px;line-height: 1.3;padding: 6px 0 6px 2px;color: #023e84\"><b>Energetische Sanierung<\/b> \u2013 Jetzt F\u00f6rderung sichern<\/li>\n<\/ul>\n<div style=\"text-align: center;margin-top: 14px\"><a style=\"display: inline-block;text-decoration: none;background: #023E84;color: #ffffff;font-weight: 800;font-size: 12px;padding: 9px 20px;border-radius: 8px\" href=\"https:\/\/www.buhl.de\/steuer\/wp-content\/uploads\/sites\/31\/2025\/10\/buhl_SteuerBlick_2025_11.pdf\" target=\"_blank\" rel=\"noopener\">Jetzt herunterladen<\/a><\/div>\n<\/div>\n<\/details>\n<\/div>\n<div style=\"display: inline-block;width: 18%;min-width: 165px;vertical-align: top;margin: 0 0.9% 18px;font-size: 14px\">\n<details style=\"border: 1px solid #e5e9f0;border-radius: 12px;background: #ffffff;overflow: hidden\">\n<summary style=\"display: block;cursor: pointer\"><img decoding=\"async\" style=\"display: block;width: 100%;height: auto\" src=\"https:\/\/www.buhl.de\/steuer\/wp-content\/uploads\/sites\/31\/2025\/09\/steuerblick_25-10_grafik.webp\" alt=\"Steuer-Blick 10\/25\" \/><\/summary>\n<div style=\"padding: 11px 12px 12px\"><span style=\"color: #fa7d19;font-weight: 800;font-size: 12px;letter-spacing: .02em\">10\/25<\/span><br \/>\n<span style=\"display: block;min-height: 34px;color: #023e84;font-weight: bold;font-size: 13.5px;line-height: 1.25;margin-top: 3px\">Zweitwohnung &amp; Steuerbescheid<\/span><br \/>\n<span style=\"display: block;color: #023e84;font-weight: bold;font-size: 11.5px;margin-top: 4px\">Themen ansehen \u25be<\/span><\/div>\n<div style=\"background: #F6F7FB;padding: 4px 16px 16px\">\n<ul style=\"margin: 0;padding: 8px 4px 0 6px\">\n<li style=\"font-size: 12px;line-height: 1.3;padding: 6px 0 6px 2px;border-bottom: 1px solid #e5e9f0;color: #023e84\"><b>Zweitwohnung<\/b> \u2013 Sensationsurteil f\u00fcr Singles<\/li>\n<li style=\"font-size: 12px;line-height: 1.3;padding: 6px 0 6px 2px;border-bottom: 1px solid #e5e9f0;color: #023e84\"><b>Lebensversicherung<\/b> \u2013 Streit geht in die n\u00e4chste Runde<\/li>\n<li style=\"font-size: 12px;line-height: 1.3;padding: 6px 0 6px 2px;border-bottom: 1px solid #e5e9f0;color: #023e84\"><b>Gutschriften<\/b> \u2013 Vorsicht: Umsatzsteuerfalle!<\/li>\n<li style=\"font-size: 12px;line-height: 1.3;padding: 6px 0 6px 2px;color: #023e84\"><b>Steuerbescheide<\/b> \u2013 Einfache Korrektur bei E-Daten<\/li>\n<\/ul>\n<div style=\"text-align: center;margin-top: 14px\"><a style=\"display: inline-block;text-decoration: none;background: #023E84;color: #ffffff;font-weight: 800;font-size: 12px;padding: 9px 20px;border-radius: 8px\" href=\"https:\/\/www.buhl.de\/steuer\/wp-content\/uploads\/sites\/31\/2025\/09\/buhl_SteuerBlick_2025_10.pdf\" target=\"_blank\" rel=\"noopener\">Jetzt herunterladen<\/a><\/div>\n<\/div>\n<\/details>\n<\/div>\n<div style=\"display: inline-block;width: 18%;min-width: 165px;vertical-align: top;margin: 0 0.9% 18px;font-size: 14px\">\n<details style=\"border: 1px solid #e5e9f0;border-radius: 12px;background: #ffffff;overflow: hidden\">\n<summary style=\"display: block;cursor: pointer\"><img decoding=\"async\" style=\"display: block;width: 100%;height: auto\" src=\"https:\/\/www.buhl.de\/steuer\/wp-content\/uploads\/sites\/31\/2025\/08\/steuerblick_25-09_grafik.webp\" alt=\"Steuer-Blick 09\/25\" \/><\/summary>\n<div style=\"padding: 11px 12px 12px\"><span style=\"color: #fa7d19;font-weight: 800;font-size: 12px;letter-spacing: .02em\">09\/25<\/span><br \/>\n<span style=\"display: block;min-height: 34px;color: #023e84;font-weight: bold;font-size: 13.5px;line-height: 1.25;margin-top: 3px\">Immobilien &amp; Betriebswagen<\/span><br \/>\n<span style=\"display: block;color: #023e84;font-weight: bold;font-size: 11.5px;margin-top: 4px\">Themen ansehen \u25be<\/span><\/div>\n<div style=\"background: #F6F7FB;padding: 4px 16px 16px\">\n<ul style=\"margin: 0;padding: 8px 4px 0 6px\">\n<li style=\"font-size: 12px;line-height: 1.3;padding: 6px 0 6px 2px;border-bottom: 1px solid #e5e9f0;color: #023e84\"><b>Immobilien<\/b> \u2013 Neuer Wohnraum, neue Steuervorteile<\/li>\n<li style=\"font-size: 12px;line-height: 1.3;padding: 6px 0 6px 2px;border-bottom: 1px solid #e5e9f0;color: #023e84\"><b>Kapitalanleger<\/b> \u2013 NV-Bescheinigung bei Verlusten<\/li>\n<li style=\"font-size: 12px;line-height: 1.3;padding: 6px 0 6px 2px;border-bottom: 1px solid #e5e9f0;color: #023e84\"><b>Betriebswagen<\/b> \u2013 Verkauf ohne Umsatzsteuer, geht das?<\/li>\n<li style=\"font-size: 12px;line-height: 1.3;padding: 6px 0 6px 2px;color: #023e84\"><b>Steuerbescheid<\/b> \u2013 Jetzt pr\u00fcfen!<\/li>\n<\/ul>\n<div style=\"text-align: center;margin-top: 14px\"><a style=\"display: inline-block;text-decoration: none;background: #023E84;color: #ffffff;font-weight: 800;font-size: 12px;padding: 9px 20px;border-radius: 8px\" href=\"https:\/\/www.buhl.de\/steuer\/wp-content\/uploads\/sites\/31\/2025\/08\/buhl_SteuerBlick_2025_09.pdf\" target=\"_blank\" rel=\"noopener\">Jetzt herunterladen<\/a><\/div>\n<\/div>\n<\/details>\n<\/div>\n<div style=\"display: inline-block;width: 18%;min-width: 165px;vertical-align: top;margin: 0 0.9% 18px;font-size: 14px\">\n<details style=\"border: 1px solid #e5e9f0;border-radius: 12px;background: #ffffff;overflow: hidden\">\n<summary style=\"display: block;cursor: pointer\"><img decoding=\"async\" style=\"display: block;width: 100%;height: auto\" src=\"https:\/\/www.buhl.de\/steuer\/wp-content\/uploads\/sites\/31\/2025\/07\/steuerblick_25-08_grafik.webp\" alt=\"Steuer-Blick 08\/25\" \/><\/summary>\n<div style=\"padding: 11px 12px 12px\"><span style=\"color: #fa7d19;font-weight: 800;font-size: 12px;letter-spacing: .02em\">08\/25<\/span><br \/>\n<span style=\"display: block;min-height: 34px;color: #023e84;font-weight: bold;font-size: 13.5px;line-height: 1.25;margin-top: 3px\">Investitionsbooster &amp; Bauabzugsteuer<\/span><br \/>\n<span style=\"display: block;color: #023e84;font-weight: bold;font-size: 11.5px;margin-top: 4px\">Themen ansehen \u25be<\/span><\/div>\n<div style=\"background: #F6F7FB;padding: 4px 16px 16px\">\n<ul style=\"margin: 0;padding: 8px 4px 0 6px\">\n<li style=\"font-size: 12px;line-height: 1.3;padding: 6px 0 6px 2px;border-bottom: 1px solid #e5e9f0;color: #023e84\"><b>Investitionsbooster<\/b> \u2013 Mehr Spielraum f\u00fcr Selbstst\u00e4ndige<\/li>\n<li style=\"font-size: 12px;line-height: 1.3;padding: 6px 0 6px 2px;border-bottom: 1px solid #e5e9f0;color: #023e84\"><b>Aussetzungszinsen<\/b> \u2013 Streit bei Steueraufschub<\/li>\n<li style=\"font-size: 12px;line-height: 1.3;padding: 6px 0 6px 2px;border-bottom: 1px solid #e5e9f0;color: #023e84\"><b>Bauabzugsteuer<\/b> \u2013 Das sollten Vermieter wissen<\/li>\n<li style=\"font-size: 12px;line-height: 1.3;padding: 6px 0 6px 2px;color: #023e84\"><b>Versicherungen<\/b> \u2013 Unfall &amp; Co. als Werbungskosten<\/li>\n<\/ul>\n<div style=\"text-align: center;margin-top: 14px\"><a style=\"display: inline-block;text-decoration: none;background: #023E84;color: #ffffff;font-weight: 800;font-size: 12px;padding: 9px 20px;border-radius: 8px\" href=\"https:\/\/www.buhl.de\/steuer\/wp-content\/uploads\/sites\/31\/2025\/07\/buhl_SteuerBlick_2025_08.pdf\" target=\"_blank\" rel=\"noopener\">Jetzt herunterladen<\/a><\/div>\n<\/div>\n<\/details>\n<\/div>\n<div style=\"display: inline-block;width: 18%;min-width: 165px;vertical-align: top;margin: 0 0.9% 18px;font-size: 14px\">\n<details style=\"border: 1px solid #e5e9f0;border-radius: 12px;background: #ffffff;overflow: hidden\">\n<summary style=\"display: block;cursor: pointer\"><img decoding=\"async\" style=\"display: block;width: 100%;height: auto\" src=\"https:\/\/www.buhl.de\/steuer\/wp-content\/uploads\/sites\/31\/2025\/06\/steuerblick_25-07_grafik.webp\" alt=\"Steuer-Blick 07\/25\" \/><\/summary>\n<div style=\"padding: 11px 12px 12px\"><span style=\"color: #fa7d19;font-weight: 800;font-size: 12px;letter-spacing: .02em\">07\/25<\/span><br \/>\n<span style=\"display: block;min-height: 34px;color: #023e84;font-weight: bold;font-size: 13.5px;line-height: 1.25;margin-top: 3px\">Pflege, Wehrdienst &amp; Soldaten<\/span><br \/>\n<span style=\"display: block;color: #023e84;font-weight: bold;font-size: 11.5px;margin-top: 4px\">Themen ansehen \u25be<\/span><\/div>\n<div style=\"background: #F6F7FB;padding: 4px 16px 16px\">\n<ul style=\"margin: 0;padding: 8px 4px 0 6px\">\n<li style=\"font-size: 12px;line-height: 1.3;padding: 6px 0 6px 2px;border-bottom: 1px solid #e5e9f0;color: #023e84\"><b>Serie Pflege \u2013 Teil 3<\/b> \u2013 Pauschbetr\u00e4ge richtig nutzen<\/li>\n<li style=\"font-size: 12px;line-height: 1.3;padding: 6px 0 6px 2px;border-bottom: 1px solid #e5e9f0;color: #023e84\"><b>Freiwilliger Wehrdienst<\/b> \u2013 Kindergeld in Gefahr?<\/li>\n<li style=\"font-size: 12px;line-height: 1.3;padding: 6px 0 6px 2px;border-bottom: 1px solid #e5e9f0;color: #023e84\"><b>Immobilienverkauf<\/b> \u2013 Achtung, Steuerfalle!<\/li>\n<li style=\"font-size: 12px;line-height: 1.3;padding: 6px 0 6px 2px;color: #023e84\"><b>Soldaten<\/b> \u2013 Wo ist die erste T\u00e4tigkeitsst\u00e4tte?<\/li>\n<\/ul>\n<div style=\"text-align: center;margin-top: 14px\"><a style=\"display: inline-block;text-decoration: none;background: #023E84;color: #ffffff;font-weight: 800;font-size: 12px;padding: 9px 20px;border-radius: 8px\" href=\"https:\/\/www.buhl.de\/steuer\/wp-content\/uploads\/sites\/31\/2025\/06\/buhl_SteuerBlick_2025_07.pdf\" target=\"_blank\" rel=\"noopener\">Jetzt herunterladen<\/a><\/div>\n<\/div>\n<\/details>\n<\/div>\n<div style=\"display: inline-block;width: 18%;min-width: 165px;vertical-align: top;margin: 0 0.9% 18px;font-size: 14px\">\n<details style=\"border: 1px solid #e5e9f0;border-radius: 12px;background: #ffffff;overflow: hidden\">\n<summary style=\"display: block;cursor: pointer\"><img decoding=\"async\" style=\"display: block;width: 100%;height: auto\" src=\"https:\/\/www.buhl.de\/steuer\/wp-content\/uploads\/sites\/31\/2025\/05\/steuerblick_25-06_grafik.webp\" alt=\"Steuer-Blick 06\/25\" \/><\/summary>\n<div style=\"padding: 11px 12px 12px\"><span style=\"color: #fa7d19;font-weight: 800;font-size: 12px;letter-spacing: .02em\">06\/25<\/span><br \/>\n<span style=\"display: block;min-height: 34px;color: #023e84;font-weight: bold;font-size: 13.5px;line-height: 1.25;margin-top: 3px\">Pflege &amp; Kryptowerte<\/span><br \/>\n<span style=\"display: block;color: #023e84;font-weight: bold;font-size: 11.5px;margin-top: 4px\">Themen ansehen \u25be<\/span><\/div>\n<div style=\"background: #F6F7FB;padding: 4px 16px 16px\">\n<ul style=\"margin: 0;padding: 8px 4px 0 6px\">\n<li style=\"font-size: 12px;line-height: 1.3;padding: 6px 0 6px 2px;border-bottom: 1px solid #e5e9f0;color: #023e84\"><b>Serie Pflege \u2013 Teil 2<\/b> \u2013 Familie pflegen, Vorteile sichern<\/li>\n<li style=\"font-size: 12px;line-height: 1.3;padding: 6px 0 6px 2px;border-bottom: 1px solid #e5e9f0;color: #023e84\"><b>Abgabepflicht<\/b> \u2013 Wer muss \u2013 und wer nicht?<\/li>\n<li style=\"font-size: 12px;line-height: 1.3;padding: 6px 0 6px 2px;border-bottom: 1px solid #e5e9f0;color: #023e84\"><b>Kryptowerte<\/b> \u2013 Sch\u00e4rfere Pflichten ab 2025<\/li>\n<li style=\"font-size: 12px;line-height: 1.3;padding: 6px 0 6px 2px;color: #023e84\"><b>Lebensversicherung<\/b> \u2013 Vorsicht bei Altvertr\u00e4gen<\/li>\n<\/ul>\n<div style=\"text-align: center;margin-top: 14px\"><a style=\"display: inline-block;text-decoration: none;background: #023E84;color: #ffffff;font-weight: 800;font-size: 12px;padding: 9px 20px;border-radius: 8px\" href=\"https:\/\/www.buhl.de\/steuer\/wp-content\/uploads\/sites\/31\/2025\/05\/buhl_SteuerBlick_2025_06.pdf\" target=\"_blank\" rel=\"noopener\">Jetzt herunterladen<\/a><\/div>\n<\/div>\n<\/details>\n<\/div>\n<div style=\"display: inline-block;width: 18%;min-width: 165px;vertical-align: top;margin: 0 0.9% 18px;font-size: 14px\">\n<details style=\"border: 1px solid #e5e9f0;border-radius: 12px;background: #ffffff;overflow: hidden\">\n<summary style=\"display: block;cursor: pointer\"><img decoding=\"async\" style=\"display: block;width: 100%;height: auto\" src=\"https:\/\/www.buhl.de\/steuer\/wp-content\/uploads\/sites\/31\/2025\/04\/steuerblick_25-05_grafik.png\" alt=\"Steuer-Blick 05\/25\" \/><\/summary>\n<div style=\"padding: 11px 12px 12px\"><span style=\"color: #fa7d19;font-weight: 800;font-size: 12px;letter-spacing: .02em\">05\/25<\/span><br \/>\n<span style=\"display: block;min-height: 34px;color: #023e84;font-weight: bold;font-size: 13.5px;line-height: 1.25;margin-top: 3px\">Pflege &amp; Doppelbesteuerung der Rente<\/span><br \/>\n<span style=\"display: block;color: #023e84;font-weight: bold;font-size: 11.5px;margin-top: 4px\">Themen ansehen \u25be<\/span><\/div>\n<div style=\"background: #F6F7FB;padding: 4px 16px 16px\">\n<ul style=\"margin: 0;padding: 8px 4px 0 6px\">\n<li style=\"font-size: 12px;line-height: 1.3;padding: 6px 0 6px 2px;border-bottom: 1px solid #e5e9f0;color: #023e84\"><b>Serie Pflege \u2013 Teil 1<\/b> \u2013 Eigene Kosten absetzen<\/li>\n<li style=\"font-size: 12px;line-height: 1.3;padding: 6px 0 6px 2px;border-bottom: 1px solid #e5e9f0;color: #023e84\"><b>Erstattungszinsen<\/b> \u2013 Nicht zu fr\u00fch freuen!<\/li>\n<li style=\"font-size: 12px;line-height: 1.3;padding: 6px 0 6px 2px;border-bottom: 1px solid #e5e9f0;color: #023e84\"><b>Doppelbesteuerung Rente<\/b> \u2013 Kein Vorl\u00e4ufigkeitsvermerk mehr<\/li>\n<li style=\"font-size: 12px;line-height: 1.3;padding: 6px 0 6px 2px;color: #023e84\"><b>In eigener Sache<\/b> \u2013 WISO Steuer ist Testsieger<\/li>\n<\/ul>\n<div style=\"text-align: center;margin-top: 14px\"><a style=\"display: inline-block;text-decoration: none;background: #023E84;color: #ffffff;font-weight: 800;font-size: 12px;padding: 9px 20px;border-radius: 8px\" href=\"https:\/\/www.buhl.de\/steuer\/wp-content\/uploads\/sites\/31\/2025\/04\/buhl_SteuerBlick_2025_05.pdf\" target=\"_blank\" rel=\"noopener\">Jetzt herunterladen<\/a><\/div>\n<\/div>\n<\/details>\n<\/div>\n<div style=\"display: inline-block;width: 18%;min-width: 165px;vertical-align: top;margin: 0 0.9% 18px;font-size: 14px\">\n<details style=\"border: 1px solid #e5e9f0;border-radius: 12px;background: #ffffff;overflow: hidden\">\n<summary style=\"display: block;cursor: pointer\"><img decoding=\"async\" style=\"display: block;width: 100%;height: auto\" src=\"https:\/\/www.buhl.de\/steuer\/wp-content\/uploads\/sites\/31\/2025\/03\/steuerblick_25-04_grafik.webp\" alt=\"Steuer-Blick 04\/25\" \/><\/summary>\n<div style=\"padding: 11px 12px 12px\"><span style=\"color: #fa7d19;font-weight: 800;font-size: 12px;letter-spacing: .02em\">04\/25<\/span><br \/>\n<span style=\"display: block;min-height: 34px;color: #023e84;font-weight: bold;font-size: 13.5px;line-height: 1.25;margin-top: 3px\">Altersteilzeit &amp; Teilzeitstudium<\/span><br \/>\n<span style=\"display: block;color: #023e84;font-weight: bold;font-size: 11.5px;margin-top: 4px\">Themen ansehen \u25be<\/span><\/div>\n<div style=\"background: #F6F7FB;padding: 4px 16px 16px\">\n<ul style=\"margin: 0;padding: 8px 4px 0 6px\">\n<li style=\"font-size: 12px;line-height: 1.3;padding: 6px 0 6px 2px;border-bottom: 1px solid #e5e9f0;color: #023e84\"><b>Altersteilzeit<\/b> \u2013 Steuerfreie Zuschl\u00e4ge im Ruhestand<\/li>\n<li style=\"font-size: 12px;line-height: 1.3;padding: 6px 0 6px 2px;border-bottom: 1px solid #e5e9f0;color: #023e84\"><b>Teilzeitstudium<\/b> \u2013 Mehr Fahrtkosten absetzen<\/li>\n<li style=\"font-size: 12px;line-height: 1.3;padding: 6px 0 6px 2px;border-bottom: 1px solid #e5e9f0;color: #023e84\"><b>Reha im Fitnessstudio<\/b> \u2013 Vorsicht bei Mitgliedschaft<\/li>\n<li style=\"font-size: 12px;line-height: 1.3;padding: 6px 0 6px 2px;color: #023e84\"><b>Gutschrift mit USt.<\/b> \u2013 Zahlen oder widersprechen!<\/li>\n<\/ul>\n<div style=\"text-align: center;margin-top: 14px\"><a style=\"display: inline-block;text-decoration: none;background: #023E84;color: #ffffff;font-weight: 800;font-size: 12px;padding: 9px 20px;border-radius: 8px\" href=\"https:\/\/www.buhl.de\/steuer\/wp-content\/uploads\/sites\/31\/2025\/03\/buhl_SteuerBlick_2025_04.pdf\" target=\"_blank\" rel=\"noopener\">Jetzt herunterladen<\/a><\/div>\n<\/div>\n<\/details>\n<\/div>\n<div style=\"display: inline-block;width: 18%;min-width: 165px;vertical-align: top;margin: 0 0.9% 18px;font-size: 14px\">\n<details style=\"border: 1px solid #e5e9f0;border-radius: 12px;background: #ffffff;overflow: hidden\">\n<summary style=\"display: block;cursor: pointer\"><img decoding=\"async\" style=\"display: block;width: 100%;height: auto\" src=\"https:\/\/www.buhl.de\/steuer\/wp-content\/uploads\/sites\/31\/2025\/02\/steuerblick_25-03_grafik.png\" alt=\"Steuer-Blick 03\/25\" \/><\/summary>\n<div style=\"padding: 11px 12px 12px\"><span style=\"color: #fa7d19;font-weight: 800;font-size: 12px;letter-spacing: .02em\">03\/25<\/span><span style=\"background: #FFE620;color: #023e84;font-size: 9px;font-weight: 800;letter-spacing: .06em;padding: 2px 6px;border-radius: 4px;margin-left: 7px\">SPEZIAL<\/span><br \/>\n<span style=\"display: block;min-height: 34px;color: #023e84;font-weight: bold;font-size: 13.5px;line-height: 1.25;margin-top: 3px\">Steuer\u00e4nderungen &amp; KI<\/span><br \/>\n<span style=\"display: block;color: #023e84;font-weight: bold;font-size: 11.5px;margin-top: 4px\">Themen ansehen \u25be<\/span><\/div>\n<div style=\"background: #F6F7FB;padding: 4px 16px 16px\">\n<ul style=\"margin: 0;padding: 8px 4px 0 6px\">\n<li style=\"font-size: 12px;line-height: 1.3;padding: 6px 0 6px 2px;border-bottom: 1px solid #e5e9f0;color: #023e84\"><b>\u00dcberblick<\/b> \u2013 Wichtige \u00c4nderungen f\u00fcrs Steuerjahr 2024<\/li>\n<li style=\"font-size: 12px;line-height: 1.3;padding: 6px 0 6px 2px;border-bottom: 1px solid #e5e9f0;color: #023e84\"><b>WISO Steuer &amp; KI<\/b> \u2013 Das perfekte Duo im Interview<\/li>\n<li style=\"font-size: 12px;line-height: 1.3;padding: 6px 0 6px 2px;border-bottom: 1px solid #e5e9f0;color: #023e84\"><b>Job &amp; Familie<\/b> \u2013 Clever Steuern sparen<\/li>\n<li style=\"font-size: 12px;line-height: 1.3;padding: 6px 0 6px 2px;color: #023e84\"><b>Anleger &amp; Immobilien<\/b> \u2013 Was zu beachten ist<\/li>\n<\/ul>\n<div style=\"text-align: center;margin-top: 14px\"><a style=\"display: inline-block;text-decoration: none;background: #023E84;color: #ffffff;font-weight: 800;font-size: 12px;padding: 9px 20px;border-radius: 8px\" href=\"https:\/\/www.buhl.de\/steuer\/wp-content\/uploads\/sites\/31\/2025\/02\/buhl_SteuerBlick_2025_03_Spezial.pdf\" target=\"_blank\" rel=\"noopener\">Jetzt herunterladen<\/a><\/div>\n<\/div>\n<\/details>\n<\/div>\n<div style=\"display: inline-block;width: 18%;min-width: 165px;vertical-align: top;margin: 0 0.9% 18px;font-size: 14px\">\n<details style=\"border: 1px solid #e5e9f0;border-radius: 12px;background: #ffffff;overflow: hidden\">\n<summary style=\"display: block;cursor: pointer\"><img decoding=\"async\" style=\"display: block;width: 100%;height: auto\" src=\"https:\/\/www.buhl.de\/steuer\/wp-content\/uploads\/sites\/31\/2025\/01\/steuerblick_25-02_grafik.webp\" alt=\"Steuer-Blick 02\/25\" \/><\/summary>\n<div style=\"padding: 11px 12px 12px\"><span style=\"color: #fa7d19;font-weight: 800;font-size: 12px;letter-spacing: .02em\">02\/25<\/span><br \/>\n<span style=\"display: block;min-height: 34px;color: #023e84;font-weight: bold;font-size: 13.5px;line-height: 1.25;margin-top: 3px\">Steuerreform &amp; Datenschutz<\/span><br \/>\n<span style=\"display: block;color: #023e84;font-weight: bold;font-size: 11.5px;margin-top: 4px\">Themen ansehen \u25be<\/span><\/div>\n<div style=\"background: #F6F7FB;padding: 4px 16px 16px\">\n<ul style=\"margin: 0;padding: 8px 4px 0 6px\">\n<li style=\"font-size: 12px;line-height: 1.3;padding: 6px 0 6px 2px;border-bottom: 1px solid #e5e9f0;color: #023e84\"><b>Steuerreform light<\/b> \u2013 Wer jetzt mehr im Portemonnaie hat<\/li>\n<li style=\"font-size: 12px;line-height: 1.3;padding: 6px 0 6px 2px;border-bottom: 1px solid #e5e9f0;color: #023e84\"><b>Datenschutz &amp; Finanzamt<\/b> \u2013 Ihre Daten, Ihre Rechte<\/li>\n<li style=\"font-size: 12px;line-height: 1.3;padding: 6px 0 6px 2px;border-bottom: 1px solid #e5e9f0;color: #023e84\"><b>Umsatzsteuer<\/b> \u2013 Neue Regeln f\u00fcr Privatlehrer<\/li>\n<li style=\"font-size: 12px;line-height: 1.3;padding: 6px 0 6px 2px;color: #023e84\"><b>Betriebliche Altersvorsorge<\/b> \u2013 Der Freibetrag steigt<\/li>\n<\/ul>\n<div style=\"text-align: center;margin-top: 14px\"><a style=\"display: inline-block;text-decoration: none;background: #023E84;color: #ffffff;font-weight: 800;font-size: 12px;padding: 9px 20px;border-radius: 8px\" href=\"https:\/\/www.buhl.de\/steuer\/wp-content\/uploads\/sites\/31\/2025\/01\/buhl_SteuerBlick_2025_02.pdf\" target=\"_blank\" rel=\"noopener\">Jetzt herunterladen<\/a><\/div>\n<\/div>\n<\/details>\n<\/div>\n<div style=\"display: inline-block;width: 18%;min-width: 165px;vertical-align: top;margin: 0 0.9% 18px;font-size: 14px\">\n<details style=\"border: 1px solid #e5e9f0;border-radius: 12px;background: #ffffff;overflow: hidden\">\n<summary style=\"display: block;cursor: pointer\"><img decoding=\"async\" style=\"display: block;width: 100%;height: auto\" src=\"https:\/\/www.buhl.de\/steuer\/wp-content\/uploads\/sites\/31\/2024\/12\/steuerblick_25-01_grafik.webp\" alt=\"Steuer-Blick 01\/25\" \/><\/summary>\n<div style=\"padding: 11px 12px 12px\"><span style=\"color: #fa7d19;font-weight: 800;font-size: 12px;letter-spacing: .02em\">01\/25<\/span><br \/>\n<span style=\"display: block;min-height: 34px;color: #023e84;font-weight: bold;font-size: 13.5px;line-height: 1.25;margin-top: 3px\">Mehr Netto &amp; neue Freibetr\u00e4ge<\/span><br \/>\n<span style=\"display: block;color: #023e84;font-weight: bold;font-size: 11.5px;margin-top: 4px\">Themen ansehen \u25be<\/span><\/div>\n<div style=\"background: #F6F7FB;padding: 4px 16px 16px\">\n<ul style=\"margin: 0;padding: 8px 4px 0 6px\">\n<li style=\"font-size: 12px;line-height: 1.3;padding: 6px 0 6px 2px;border-bottom: 1px solid #e5e9f0;color: #023e84\"><b>Mehr Netto<\/b> \u2013 Dank neuer Steuerfreibetr\u00e4ge<\/li>\n<li style=\"font-size: 12px;line-height: 1.3;padding: 6px 0 6px 2px;border-bottom: 1px solid #e5e9f0;color: #023e84\"><b>Mindestlohn<\/b> \u2013 H\u00f6her \u2013 und steigende Renten<\/li>\n<li style=\"font-size: 12px;line-height: 1.3;padding: 6px 0 6px 2px;border-bottom: 1px solid #e5e9f0;color: #023e84\"><b>Familien im Fokus<\/b> \u2013 Entlastungen, die wirklich helfen<\/li>\n<li style=\"font-size: 12px;line-height: 1.3;padding: 6px 0 6px 2px;color: #023e84\"><b>Erben &amp; Investieren<\/b> \u2013 Das ist neu in 2025<\/li>\n<\/ul>\n<div style=\"text-align: center;margin-top: 14px\"><a style=\"display: inline-block;text-decoration: none;background: #023E84;color: #ffffff;font-weight: 800;font-size: 12px;padding: 9px 20px;border-radius: 8px\" href=\"https:\/\/www.buhl.de\/steuer\/wp-content\/uploads\/sites\/31\/2024\/12\/buhl_SteuerBlick_2025_01.pdf\" target=\"_blank\" rel=\"noopener\">Jetzt herunterladen<\/a><\/div>\n<\/div>\n<\/details>\n<\/div>\n<\/div>\n<\/details>\n<p><!-- ANFANG BLOCK --><\/p>\n<div style=\"max-width: 1120px;margin: 40px auto 0;font-family: &#039;Segoe UI&#039;,Arial,sans-serif\">\n<div style=\"background: #F6F7FB;border: 1px solid #e5e9f0;border-radius: 16px;padding: 26px 28px\">\n<div style=\"font-size: 0\">\n<div style=\"display: inline-block;width: 66%;min-width: 300px;vertical-align: bottom;font-size: 14px\">\n<div style=\"font-size: 12px;font-weight: bold;letter-spacing: .16em;color: #5b6b7a;text-transform: uppercase\"><span style=\"display: inline-block;width: 34px;height: 5px;border-radius: 3px;background: #FA7D19;vertical-align: middle;margin-right: 10px;font-size: 0;line-height: 0\">\u00a0<\/span>Mehr aus der Redaktion<\/div>\n<div style=\"font-size: 26px;font-weight: 800;color: #023e84;letter-spacing: -.01em;margin-top: 12px\">Das Steuer-Magazin<\/div>\n<div style=\"font-size: 14px;line-height: 1.55;color: #33465e;margin-top: 10px\">Die wichtigsten Themen der Steuersaison, einmal im Jahr ausf\u00fchrlich erkl\u00e4rt \u2013 von den besten Spartipps bis zum richtigen Umgang mit dem Bescheid. Kostenlos f\u00fcr dich in deinem Buhl-Konto.<\/div>\n<\/div>\n<div style=\"display: inline-block;width: 34%;min-width: 200px;vertical-align: bottom;text-align: right;font-size: 14px;margin-top: 18px\"><a style=\"display: inline-block;text-decoration: none;background: #023E84;color: #ffffff;font-weight: 800;font-size: 14px;padding: 9px 26px;border-radius: 9px\" href=\"https:\/\/www.buhl.de\/steuer\/ratgeber\/steuer-magazin\/\">Zum Steuer-Magazin<\/a><\/div>\n<\/div>\n<\/div>\n<\/div>\n<p><!-- ENDE BLOCK --><\/p>\n","protected":false},"excerpt":{"rendered":"<p>Liebe Leserin, lieber Leser, das monatliche Magazin Steuer-Blick informiert dich \u00fcber wichtige Gesetzes\u00e4nderungen, Neuerungen und Urteile aus der Steuerwelt. Damit bist du f\u00fcr deine Steuererkl\u00e4rung optimal vorbereitet. Alle Ausgaben des Steuer-Blick stehen dir als PDF zur Verf\u00fcgung. Einfach herunterladen und lossparen! \u00a0Zum Nachlesen Alle Ausgaben 2026 \u25be 08\/26 Fristen, Minijob &amp; Erbschaftsteuer Themen ansehen \u25be [&hellip;]<\/p>\n","protected":false},"author":104,"featured_media":0,"comment_status":"closed","ping_status":"open","sticky":false,"template":"","format":"standard","meta":{"_acf_changed":false,"footnotes":""},"categories":[2844,2854],"tags":[],"class_list":["post-59041","post","type-post","status-publish","format-standard","hentry","category-nosearch","category-steuer-blick"],"yoast_head":"<!-- This site is optimized with the Yoast SEO Premium plugin v27.7 (Yoast SEO v27.7) - https:\/\/yoast.com\/product\/yoast-seo-premium-wordpress\/ -->\n<title>Steuern sparen mit Steuer-Blick | WISO Steuer: Nr.1 App f\u00fcr die Steuererkl\u00e4rung<\/title>\n<meta name=\"robots\" content=\"noindex, nofollow\" \/>\n<meta property=\"og:locale\" content=\"de_DE\" \/>\n<meta property=\"og:type\" content=\"article\" \/>\n<meta property=\"og:title\" content=\"Steuern sparen mit Steuer-Blick\" \/>\n<meta property=\"og:description\" content=\"Liebe Leserin, lieber Leser, das monatliche Magazin Steuer-Blick informiert dich \u00fcber wichtige Gesetzes\u00e4nderungen, Neuerungen und Urteile aus der Steuerwelt. Damit bist du f\u00fcr deine Steuererkl\u00e4rung optimal vorbereitet. Alle Ausgaben des Steuer-Blick stehen dir als PDF zur Verf\u00fcgung. Einfach herunterladen und lossparen! \u00a0Zum Nachlesen Alle Ausgaben 2026 \u25be 08\/26 Fristen, Minijob &amp; Erbschaftsteuer Themen ansehen \u25be [&hellip;]\" \/>\n<meta property=\"og:url\" content=\"https:\/\/www.buhl.de\/steuer\/ratgeber\/sst\/\" \/>\n<meta property=\"og:site_name\" content=\"WISO Steuer: Nr.1 App f\u00fcr die Steuererkl\u00e4rung\" \/>\n<meta property=\"article:published_time\" content=\"2023-05-22T06:28:11+00:00\" \/>\n<meta property=\"article:modified_time\" content=\"2026-08-24T09:35:07+00:00\" \/>\n<meta property=\"og:image\" content=\"https:\/\/www.buhl.de\/steuer\/wp-content\/uploads\/sites\/31\/2026\/07\/steuerblick_26-08_grafik.webp\" \/>\n<meta name=\"author\" content=\"Olesja Hess\" \/>\n<meta name=\"twitter:card\" content=\"summary_large_image\" \/>\n<meta name=\"twitter:label1\" content=\"Verfasst von\" \/>\n\t<meta name=\"twitter:data1\" content=\"Olesja Hess\" \/>\n\t<meta name=\"twitter:label2\" content=\"Gesch\u00e4tzte Lesezeit\" \/>\n\t<meta name=\"twitter:data2\" content=\"8\u00a0Minuten\" \/>\n<script type=\"application\/ld+json\" class=\"yoast-schema-graph\">{\"@context\":\"https:\\\/\\\/schema.org\",\"@graph\":[{\"@type\":\"Article\",\"@id\":\"https:\\\/\\\/www.buhl.de\\\/steuer\\\/ratgeber\\\/sst\\\/#article\",\"isPartOf\":{\"@id\":\"https:\\\/\\\/www.buhl.de\\\/steuer\\\/ratgeber\\\/sst\\\/\"},\"author\":{\"name\":\"Olesja Hess\",\"@id\":\"https:\\\/\\\/www.buhl.de\\\/steuer\\\/#\\\/schema\\\/person\\\/e25d76546852380c601f99020b73fcf6\"},\"headline\":\"Steuern sparen mit Steuer-Blick\",\"datePublished\":\"2023-05-22T06:28:11+00:00\",\"dateModified\":\"2026-08-24T09:35:07+00:00\",\"mainEntityOfPage\":{\"@id\":\"https:\\\/\\\/www.buhl.de\\\/steuer\\\/ratgeber\\\/sst\\\/\"},\"wordCount\":785,\"publisher\":{\"@id\":\"https:\\\/\\\/www.buhl.de\\\/steuer\\\/#organization\"},\"image\":{\"@id\":\"https:\\\/\\\/www.buhl.de\\\/steuer\\\/ratgeber\\\/sst\\\/#primaryimage\"},\"thumbnailUrl\":\"https:\\\/\\\/www.buhl.de\\\/steuer\\\/wp-content\\\/uploads\\\/sites\\\/31\\\/2026\\\/07\\\/steuerblick_26-08_grafik.webp\",\"articleSection\":[\"nosearch\",\"Steuer-Blick\"],\"inLanguage\":\"de\"},{\"@type\":\"WebPage\",\"@id\":\"https:\\\/\\\/www.buhl.de\\\/steuer\\\/ratgeber\\\/sst\\\/\",\"url\":\"https:\\\/\\\/www.buhl.de\\\/steuer\\\/ratgeber\\\/sst\\\/\",\"name\":\"Steuern sparen mit Steuer-Blick | WISO Steuer: Nr.1 App f\u00fcr die Steuererkl\u00e4rung\",\"isPartOf\":{\"@id\":\"https:\\\/\\\/www.buhl.de\\\/steuer\\\/#website\"},\"primaryImageOfPage\":{\"@id\":\"https:\\\/\\\/www.buhl.de\\\/steuer\\\/ratgeber\\\/sst\\\/#primaryimage\"},\"image\":{\"@id\":\"https:\\\/\\\/www.buhl.de\\\/steuer\\\/ratgeber\\\/sst\\\/#primaryimage\"},\"thumbnailUrl\":\"https:\\\/\\\/www.buhl.de\\\/steuer\\\/wp-content\\\/uploads\\\/sites\\\/31\\\/2026\\\/07\\\/steuerblick_26-08_grafik.webp\",\"datePublished\":\"2023-05-22T06:28:11+00:00\",\"dateModified\":\"2026-08-24T09:35:07+00:00\",\"breadcrumb\":{\"@id\":\"https:\\\/\\\/www.buhl.de\\\/steuer\\\/ratgeber\\\/sst\\\/#breadcrumb\"},\"inLanguage\":\"de\",\"potentialAction\":[{\"@type\":\"ReadAction\",\"target\":[\"https:\\\/\\\/www.buhl.de\\\/steuer\\\/ratgeber\\\/sst\\\/\"]}]},{\"@type\":\"ImageObject\",\"inLanguage\":\"de\",\"@id\":\"https:\\\/\\\/www.buhl.de\\\/steuer\\\/ratgeber\\\/sst\\\/#primaryimage\",\"url\":\"https:\\\/\\\/www.buhl.de\\\/steuer\\\/wp-content\\\/uploads\\\/sites\\\/31\\\/2026\\\/07\\\/steuerblick_26-08_grafik.webp\",\"contentUrl\":\"https:\\\/\\\/www.buhl.de\\\/steuer\\\/wp-content\\\/uploads\\\/sites\\\/31\\\/2026\\\/07\\\/steuerblick_26-08_grafik.webp\",\"width\":468,\"height\":487},{\"@type\":\"BreadcrumbList\",\"@id\":\"https:\\\/\\\/www.buhl.de\\\/steuer\\\/ratgeber\\\/sst\\\/#breadcrumb\",\"itemListElement\":[{\"@type\":\"ListItem\",\"position\":1,\"name\":\"Steuererkl\u00e4rung\",\"item\":\"https:\\\/\\\/www.buhl.de\\\/steuer\\\/\"},{\"@type\":\"ListItem\",\"position\":2,\"name\":\"Steuern sparen mit Steuer-Blick\"}]},{\"@type\":\"WebSite\",\"@id\":\"https:\\\/\\\/www.buhl.de\\\/steuer\\\/#website\",\"url\":\"https:\\\/\\\/www.buhl.de\\\/steuer\\\/\",\"name\":\"WISO Steuer: Das Original f\u00fcr deine Steuererkl\u00e4rung\",\"description\":\"\",\"publisher\":{\"@id\":\"https:\\\/\\\/www.buhl.de\\\/steuer\\\/#organization\"},\"potentialAction\":[{\"@type\":\"SearchAction\",\"target\":{\"@type\":\"EntryPoint\",\"urlTemplate\":\"https:\\\/\\\/www.buhl.de\\\/steuer\\\/?s={search_term_string}\"},\"query-input\":{\"@type\":\"PropertyValueSpecification\",\"valueRequired\":true,\"valueName\":\"search_term_string\"}}],\"inLanguage\":\"de\"},{\"@type\":\"Organization\",\"@id\":\"https:\\\/\\\/www.buhl.de\\\/steuer\\\/#organization\",\"name\":\"WISO Steuer | Buhl Data Service GmbH\",\"url\":\"https:\\\/\\\/www.buhl.de\\\/steuer\\\/\",\"logo\":{\"@type\":\"ImageObject\",\"inLanguage\":\"de\",\"@id\":\"https:\\\/\\\/www.buhl.de\\\/steuer\\\/#\\\/schema\\\/logo\\\/image\\\/\",\"url\":\"https:\\\/\\\/www.buhl.de\\\/steuer\\\/wp-content\\\/uploads\\\/sites\\\/31\\\/2026\\\/02\\\/logo-wiso-steuer-app.svg\",\"contentUrl\":\"https:\\\/\\\/www.buhl.de\\\/steuer\\\/wp-content\\\/uploads\\\/sites\\\/31\\\/2026\\\/02\\\/logo-wiso-steuer-app.svg\",\"width\":375,\"height\":72,\"caption\":\"WISO Steuer | Buhl Data Service GmbH\"},\"image\":{\"@id\":\"https:\\\/\\\/www.buhl.de\\\/steuer\\\/#\\\/schema\\\/logo\\\/image\\\/\"}},{\"@type\":\"Person\",\"@id\":\"https:\\\/\\\/www.buhl.de\\\/steuer\\\/#\\\/schema\\\/person\\\/e25d76546852380c601f99020b73fcf6\",\"name\":\"Olesja Hess\",\"image\":{\"@type\":\"ImageObject\",\"inLanguage\":\"de\",\"@id\":\"https:\\\/\\\/www.buhl.de\\\/steuer\\\/wp-content\\\/uploads\\\/sites\\\/31\\\/2024\\\/07\\\/olesja.png\",\"url\":\"https:\\\/\\\/www.buhl.de\\\/steuer\\\/wp-content\\\/uploads\\\/sites\\\/31\\\/2024\\\/07\\\/olesja.png\",\"contentUrl\":\"https:\\\/\\\/www.buhl.de\\\/steuer\\\/wp-content\\\/uploads\\\/sites\\\/31\\\/2024\\\/07\\\/olesja.png\",\"caption\":\"Olesja Hess\"},\"sameAs\":[\"https:\\\/\\\/www.buhl.de\\\/steuer\\\/autoren\\\/olesja-hess\\\/\"]}]}<\/script>\n<!-- \/ Yoast SEO Premium plugin. -->","yoast_head_json":{"title":"Steuern sparen mit Steuer-Blick | WISO Steuer: Nr.1 App f\u00fcr die Steuererkl\u00e4rung","robots":{"index":"noindex","follow":"nofollow"},"og_locale":"de_DE","og_type":"article","og_title":"Steuern sparen mit Steuer-Blick","og_description":"Liebe Leserin, lieber Leser, das monatliche Magazin Steuer-Blick informiert dich \u00fcber wichtige Gesetzes\u00e4nderungen, Neuerungen und Urteile aus der Steuerwelt. Damit bist du f\u00fcr deine Steuererkl\u00e4rung optimal vorbereitet. Alle Ausgaben des Steuer-Blick stehen dir als PDF zur Verf\u00fcgung. Einfach herunterladen und lossparen! \u00a0Zum Nachlesen Alle Ausgaben 2026 \u25be 08\/26 Fristen, Minijob &amp; Erbschaftsteuer Themen ansehen \u25be [&hellip;]","og_url":"https:\/\/www.buhl.de\/steuer\/ratgeber\/sst\/","og_site_name":"WISO Steuer: Nr.1 App f\u00fcr die Steuererkl\u00e4rung","article_published_time":"2023-05-22T06:28:11+00:00","article_modified_time":"2026-08-24T09:35:07+00:00","og_image":[{"url":"https:\/\/www.buhl.de\/steuer\/wp-content\/uploads\/sites\/31\/2026\/07\/steuerblick_26-08_grafik.webp","type":"","width":"","height":""}],"author":"Olesja Hess","twitter_card":"summary_large_image","twitter_misc":{"Verfasst von":"Olesja Hess","Gesch\u00e4tzte Lesezeit":"8\u00a0Minuten"},"schema":{"@context":"https:\/\/schema.org","@graph":[{"@type":"Article","@id":"https:\/\/www.buhl.de\/steuer\/ratgeber\/sst\/#article","isPartOf":{"@id":"https:\/\/www.buhl.de\/steuer\/ratgeber\/sst\/"},"author":{"name":"Olesja Hess","@id":"https:\/\/www.buhl.de\/steuer\/#\/schema\/person\/e25d76546852380c601f99020b73fcf6"},"headline":"Steuern sparen mit Steuer-Blick","datePublished":"2023-05-22T06:28:11+00:00","dateModified":"2026-08-24T09:35:07+00:00","mainEntityOfPage":{"@id":"https:\/\/www.buhl.de\/steuer\/ratgeber\/sst\/"},"wordCount":785,"publisher":{"@id":"https:\/\/www.buhl.de\/steuer\/#organization"},"image":{"@id":"https:\/\/www.buhl.de\/steuer\/ratgeber\/sst\/#primaryimage"},"thumbnailUrl":"https:\/\/www.buhl.de\/steuer\/wp-content\/uploads\/sites\/31\/2026\/07\/steuerblick_26-08_grafik.webp","articleSection":["nosearch","Steuer-Blick"],"inLanguage":"de"},{"@type":"WebPage","@id":"https:\/\/www.buhl.de\/steuer\/ratgeber\/sst\/","url":"https:\/\/www.buhl.de\/steuer\/ratgeber\/sst\/","name":"Steuern sparen mit Steuer-Blick | WISO Steuer: Nr.1 App f\u00fcr die Steuererkl\u00e4rung","isPartOf":{"@id":"https:\/\/www.buhl.de\/steuer\/#website"},"primaryImageOfPage":{"@id":"https:\/\/www.buhl.de\/steuer\/ratgeber\/sst\/#primaryimage"},"image":{"@id":"https:\/\/www.buhl.de\/steuer\/ratgeber\/sst\/#primaryimage"},"thumbnailUrl":"https:\/\/www.buhl.de\/steuer\/wp-content\/uploads\/sites\/31\/2026\/07\/steuerblick_26-08_grafik.webp","datePublished":"2023-05-22T06:28:11+00:00","dateModified":"2026-08-24T09:35:07+00:00","breadcrumb":{"@id":"https:\/\/www.buhl.de\/steuer\/ratgeber\/sst\/#breadcrumb"},"inLanguage":"de","potentialAction":[{"@type":"ReadAction","target":["https:\/\/www.buhl.de\/steuer\/ratgeber\/sst\/"]}]},{"@type":"ImageObject","inLanguage":"de","@id":"https:\/\/www.buhl.de\/steuer\/ratgeber\/sst\/#primaryimage","url":"https:\/\/www.buhl.de\/steuer\/wp-content\/uploads\/sites\/31\/2026\/07\/steuerblick_26-08_grafik.webp","contentUrl":"https:\/\/www.buhl.de\/steuer\/wp-content\/uploads\/sites\/31\/2026\/07\/steuerblick_26-08_grafik.webp","width":468,"height":487},{"@type":"BreadcrumbList","@id":"https:\/\/www.buhl.de\/steuer\/ratgeber\/sst\/#breadcrumb","itemListElement":[{"@type":"ListItem","position":1,"name":"Steuererkl\u00e4rung","item":"https:\/\/www.buhl.de\/steuer\/"},{"@type":"ListItem","position":2,"name":"Steuern sparen mit Steuer-Blick"}]},{"@type":"WebSite","@id":"https:\/\/www.buhl.de\/steuer\/#website","url":"https:\/\/www.buhl.de\/steuer\/","name":"WISO Steuer: Das Original f\u00fcr deine Steuererkl\u00e4rung","description":"","publisher":{"@id":"https:\/\/www.buhl.de\/steuer\/#organization"},"potentialAction":[{"@type":"SearchAction","target":{"@type":"EntryPoint","urlTemplate":"https:\/\/www.buhl.de\/steuer\/?s={search_term_string}"},"query-input":{"@type":"PropertyValueSpecification","valueRequired":true,"valueName":"search_term_string"}}],"inLanguage":"de"},{"@type":"Organization","@id":"https:\/\/www.buhl.de\/steuer\/#organization","name":"WISO Steuer | Buhl Data Service GmbH","url":"https:\/\/www.buhl.de\/steuer\/","logo":{"@type":"ImageObject","inLanguage":"de","@id":"https:\/\/www.buhl.de\/steuer\/#\/schema\/logo\/image\/","url":"https:\/\/www.buhl.de\/steuer\/wp-content\/uploads\/sites\/31\/2026\/02\/logo-wiso-steuer-app.svg","contentUrl":"https:\/\/www.buhl.de\/steuer\/wp-content\/uploads\/sites\/31\/2026\/02\/logo-wiso-steuer-app.svg","width":375,"height":72,"caption":"WISO Steuer | Buhl Data Service GmbH"},"image":{"@id":"https:\/\/www.buhl.de\/steuer\/#\/schema\/logo\/image\/"}},{"@type":"Person","@id":"https:\/\/www.buhl.de\/steuer\/#\/schema\/person\/e25d76546852380c601f99020b73fcf6","name":"Olesja Hess","image":{"@type":"ImageObject","inLanguage":"de","@id":"https:\/\/www.buhl.de\/steuer\/wp-content\/uploads\/sites\/31\/2024\/07\/olesja.png","url":"https:\/\/www.buhl.de\/steuer\/wp-content\/uploads\/sites\/31\/2024\/07\/olesja.png","contentUrl":"https:\/\/www.buhl.de\/steuer\/wp-content\/uploads\/sites\/31\/2024\/07\/olesja.png","caption":"Olesja Hess"},"sameAs":["https:\/\/www.buhl.de\/steuer\/autoren\/olesja-hess\/"]}]}},"acf":[],"wps_subtitle":"","_links":{"self":[{"href":"https:\/\/www.buhl.de\/steuer\/wp-json\/wp\/v2\/posts\/59041","targetHints":{"allow":["GET"]}}],"collection":[{"href":"https:\/\/www.buhl.de\/steuer\/wp-json\/wp\/v2\/posts"}],"about":[{"href":"https:\/\/www.buhl.de\/steuer\/wp-json\/wp\/v2\/types\/post"}],"author":[{"embeddable":true,"href":"https:\/\/www.buhl.de\/steuer\/wp-json\/wp\/v2\/users\/104"}],"replies":[{"embeddable":true,"href":"https:\/\/www.buhl.de\/steuer\/wp-json\/wp\/v2\/comments?post=59041"}],"version-history":[{"count":280,"href":"https:\/\/www.buhl.de\/steuer\/wp-json\/wp\/v2\/posts\/59041\/revisions"}],"predecessor-version":[{"id":87132,"href":"https:\/\/www.buhl.de\/steuer\/wp-json\/wp\/v2\/posts\/59041\/revisions\/87132"}],"wp:attachment":[{"href":"https:\/\/www.buhl.de\/steuer\/wp-json\/wp\/v2\/media?parent=59041"}],"wp:term":[{"taxonomy":"category","embeddable":true,"href":"https:\/\/www.buhl.de\/steuer\/wp-json\/wp\/v2\/categories?post=59041"},{"taxonomy":"post_tag","embeddable":true,"href":"https:\/\/www.buhl.de\/steuer\/wp-json\/wp\/v2\/tags?post=59041"}],"curies":[{"name":"wp","href":"https:\/\/api.w.org\/{rel}","templated":true}]}}