{"id":59093,"date":"2023-05-20T09:54:40","date_gmt":"2023-05-20T07:54:40","guid":{"rendered":"https:\/\/www.buhl.de\/steuer\/?p=59093"},"modified":"2024-07-31T10:39:55","modified_gmt":"2024-07-31T08:39:55","slug":"baukindergeld","status":"publish","type":"post","link":"https:\/\/www.buhl.de\/steuer\/ratgeber\/baukindergeld\/","title":{"rendered":"Neues zum Baukindergeld"},"content":{"rendered":"<p>Schaffe, schaffe, H\u00e4usle bauen. Bei den aktuellen Immobilienpreisen ist das allerdings kaum noch m\u00f6glich. Doch hier m\u00f6chte der Staat aushelfen. Denn: Wer ein Eigenheim kauft oder baut, kann von staatlichen F\u00f6rderungen profitieren. Zum Ende 2022 ist das Programm <strong>Baukindergeld<\/strong> ausgelaufen. Ab Juni 2023 erhalten Familien eine neue F\u00f6rderung. Welche das ist und wie man den Zuschuss optimal nutzt, zeigen wir hier.<\/p>\n<p><!--more--><\/p>\n<h2>Kurz &amp; knapp<\/h2>\n<ul>\n<li>Ein Antrag auf Baukindergeld ist nicht mehr m\u00f6glich<\/li>\n<li>Voraussichtlich ab Juni 2023 k\u00f6nnen Familien die neue Wohneigentumsf\u00f6rderung erhalten<\/li>\n<li>Zus\u00e4tzlich bieten auch viele Bundesl\u00e4nder verg\u00fcnstigte Immobilien-Kredite<\/li>\n<\/ul>\n<h2>Was ist das Baukindergeld?<\/h2>\n<p>Das Baukindergeld ist ein Zuschuss der staatlichen KfW-F\u00f6rderbank. Damit unterst\u00fctzt der Staat Familien mit Kindern, die das erste Eigenheim kaufen m\u00f6chten. Familien erhalten den Zuschuss j\u00e4hrlich \u00fcber einen Zeitraum von insgesamt 10 Jahren. Das Beste daran: Du musst den Zuschuss nicht zur\u00fcckzahlen und er ist auch nicht steuerpflichtig.<\/p>\n<h3>Wie hoch ist das Baukindergeld?<\/h3>\n<p>Wie hoch dein Baukindergeld ist, h\u00e4ngt von der Anzahl deiner Kinder ab. Denn der Zuschuss wird pro Kind ausgezahlt. Hei\u00dft: F\u00fcr jedes eigene Kind bekommst du 10 Jahre lang 1.200 Euro pro Jahr. Insgesamt ist das eine F\u00f6rderung von 12.000 Euro pro Kind. Je mehr Kinder du hast, desto h\u00f6her f\u00e4llt das Baukindergeld aus:<\/p>\n<div class=\"tablepress-wrapper\"> \n<table id=\"tablepress-138\" class=\"tablepress tablepress-id-138\">\n<thead>\n<tr class=\"row-1\">\n\t<th class=\"column-1\">Anzahl der Kinder<br \/>\n(unter 18)<\/th><th class=\"column-2\">Haushaltseinkommen (pro Jahr)<\/th><th class=\"column-3\">Baukindergeld (pro Jahr)<\/th><th class=\"column-4\">Baukindergeld<\/th>\n<\/tr>\n<\/thead>\n<tbody class=\"row-striping row-hover\">\n<tr class=\"row-2\">\n\t<td class=\"column-1\">1<\/td><td class=\"column-2\">90.000 \u20ac<\/td><td class=\"column-3\">1.200 \u20ac<\/td><td class=\"column-4\">12.000 \u20ac<\/td>\n<\/tr>\n<tr class=\"row-3\">\n\t<td class=\"column-1\">2<\/td><td class=\"column-2\">105.000 \u20ac<\/td><td class=\"column-3\">2.400 \u20ac<\/td><td class=\"column-4\">24.000 \u20ac<\/td>\n<\/tr>\n<tr class=\"row-4\">\n\t<td class=\"column-1\">3<\/td><td class=\"column-2\">120.000 \u20ac<\/td><td class=\"column-3\">3.600 \u20ac<\/td><td class=\"column-4\">36.000 \u20ac<\/td>\n<\/tr>\n<tr class=\"row-5\">\n\t<td class=\"column-1\">4<\/td><td class=\"column-2\">135.000 \u20ac<\/td><td class=\"column-3\">4.800 \u20ac<\/td><td class=\"column-4\">48.000 \u20ac<\/td>\n<\/tr>\n<tr class=\"row-6\">\n\t<td class=\"column-1\">5<\/td><td class=\"column-2\">150.000 \u20ac<\/td><td class=\"column-3\">6.000 \u20ac<\/td><td class=\"column-4\">60.000 \u20ac<\/td>\n<\/tr>\n<\/tbody>\n<\/table>\n <\/div><!-- #tablepress-138 from cache -->\r\n        <div class=\"spacing-modul  \">\r\n            <div class=\"container spacing-modul\">\r\n               <div class=\"row\">\r\n                   <div id=\"\" class=\"anchor\"><\/div>\r\n                   <div class=\"col-12 modul-spacing-default-b\"><\/div>\r\n                   <div class=\"col-12 modul-spacing-default-b\"><\/div>\r\n               <\/div>\r\n            <\/div>\r\n        <\/div>\r\n    \n<h3>Kann ich noch Baukindergeld bekommen?<\/h3>\n<p>Hast du noch keinen Antrag abgegeben, kannst du leider kein Baukindergeld mehr bekommen. Denn der F\u00f6rdertopf ist ausgesch\u00f6pft. Du konntest den Antrag noch rechtzeitig stellen? Dann hattest du noch bis zum 31.03.2023 Zeit, um alle Nachweise bei der KfW-Bank einzureichen.<\/p>\n<p>Erf\u00fcllst du alle Voraussetzungen und hast alle Nachweise fristgerecht eingereicht, bekommst du eine Auszahlungsbest\u00e4tigung. Darin steht, wann das Baukindergeld das 1. Mal ausgezahlt wird. Die n\u00e4chsten 9 Auszahlungen erfolgen dann auch immer im gleichen Monat wie die Erstauszahlung.<\/p>\n\r\n        <div class=\"white-background\">\r\n            <div class=\"container\">\r\n                <div class=\"content info-blog-modul blog-wrapper\">\r\n                    <div class=\"row\">\r\n                        <div class=\"d-flex align-items-center text-center text-lg-left align-items-xl-start flex-column flex-xl-row col-12 offset-lg-2 col-lg-8 offset-xl-1 col-xl-9\">\r\n                            <img decoding=\"async\" loading=\"lazy\" class=\"img-fluid\" src=\"https:\/\/www.buhl.de\/steuer\/wp-content\/themes\/steuer-web\/buhl-steuer\/assets\/blog\/blog-module\/info-icon.svg\" alt=\"Information zum Thema\" title=\"Information zum Thema\" \/>\r\n                            <div class=\"d-flex flex-column\">\r\n                                <h3 class=\"font-source-sans-pro-10 fw700 blue-font headline\">Muss ich das Baukindergeld zur\u00fcckzahlen?<\/h3><div class=\"font-source-sans-pro-1 blue-font\">Nein, das Baukindergeld ist ein steuerfreier Zuschuss \u2013 kein Darlehen. Ihr m\u00fcsst es also nicht zur\u00fcckzahlen.<\/div><\/div>\r\n                        <\/div>\r\n                    <\/div>\r\n                <\/div>\r\n            <\/div>\r\n        <\/div>\r\n    \r\n        <div class=\"spacing-modul  \">\r\n            <div class=\"container spacing-modul\">\r\n               <div class=\"row\">\r\n                   <div id=\"\" class=\"anchor\"><\/div>\r\n                   <div class=\"col-12 modul-spacing-default-b\"><\/div>\r\n                   <div class=\"col-12 modul-spacing-default-b\"><\/div>\r\n               <\/div>\r\n            <\/div>\r\n        <\/div>\r\n    \n<h3>Baukindergeld: M\u00fcssen alle Voraussetzungen erf\u00fcllt bleiben?<\/h3>\n<p>Um das Baukindergeld zu bekommen, mussten einige Voraussetzungen erf\u00fcllt sein. Und zwar:<\/p>\n<ul>\n<li>die Immobilie wurde sp\u00e4testens am 31.03.2021 gekauft oder die Baugenehmigung erteilt;<\/li>\n<li>das Haus oder die Wohnung ist eure einzige eigene Immobilie;<\/li>\n<li>ihr habt mindestens ein minderj\u00e4hriges Kind;<\/li>\n<li>euer j\u00e4hrliches <a href=\"https:\/\/www.buhl.de\/steuer\/ratgeber\/zu-versteuerndes-einkommen\/\">zu versteuerndes Einkommen<\/a> ist nicht h\u00f6her als 75.000 Euro + 15.000 Euro f\u00fcr jedes Kind;<\/li>\n<li>ihr wohnt mindestens 10 Jahre in der gef\u00f6rderten Immobilie.<\/li>\n<\/ul>\n<p>Mit der Zeit \u00e4ndern sich aber auch die Umst\u00e4nde. So kann die ein oder andere Gehaltserh\u00f6hung das Einkommen wachsen lassen. Und auch die Kinder werden \u00e4lter \u2013 und irgendwann auch vollj\u00e4hrig. Doch keine Sorge, passiert das w\u00e4hrend des Auszahlungszeitraums von 10 Jahren, bleibt euch das Baukindergeld erhalten. Diese Voraussetzungen m\u00fcssen n\u00e4mlich nur zum Zeitpunkt der Antragstellung erf\u00fcllt sein.<\/p>\n<h4>Kann ich den Anspruch auf Baukindergeld verlieren?<\/h4>\n<p>Es gibt aber auch Umst\u00e4nde, die euch die F\u00f6rderung kosten k\u00f6nnen. Um die volle F\u00f6rdersumme zu bekommen, d\u00fcrft ihr die gef\u00f6rderte Immobilie 10 Jahre lang nicht verkaufen. Und ihr m\u00fcssten auch im gesamten F\u00f6rderzeitraum selbst in der Wohnung oder dem Haus leben.<\/p>\n<p>Wenn ihr also innerhalb der 10 Jahre auszieht und die Immobilie vermietet oder verkauft, verliert ihr den Anspruch auf das Baukindergeld. Das hei\u00dft, sobald ihr nicht mehr in der Immobilie wohnt, wird euch kein Baukindergeld mehr ausgezahlt. Immerhin: Ihr m\u00fcsst das Geld, das ihr bisher bekommen habt, nicht zur\u00fcckzahlen.<\/p>\n<p>Aber: Kauft oder erbt ihr sp\u00e4ter eine weitere Immobilie, bleibt euer Anspruch erhalten.<\/p>\n\r\n        <div class=\"white-background\">\r\n            <div class=\"full-width-text\">\r\n                <div class=\"inner-spacing blog-ad1-wrapper silver-background\">\r\n                    <div class=\"container blog-ad1\">\r\n                        <div class=\"row\">\r\n                        \r\n                            \r\n                            <div class=\"col-12\">\r\n                                \r\n                                    <div class=\"d-flex headline-spacing-30 justify-content-center\">\r\n                                        \r\n                                            <img decoding=\"async\" loading=\"lazy\" height=\"auto\" style=\"max-width:100%;\" alt=\"WISO&nbsp;Steuer Vorteile\" title=\"WISO&nbsp;Steuer Buhl Logo\" \r\n                                                class=\"d-none d-md-block \" src=\"https:\/\/www.buhl.de\/steuer\/wp-content\/themes\/steuer-web\/buhl-steuer\/assets\/full-width-text\/ad1\/logo-wiso-steuer.svg\" \/>\r\n                                        \r\n                                        \r\n                                                \r\n                                        \r\n                                            <img decoding=\"async\" loading=\"lazy\" alt=\"WISO&nbsp;Steuer Vorteile\" title=\"WISO&nbsp;Steuer Buhl Logo\" \r\n                                                class=\"mx-auto d-md-none mobile \" src=\"https:\/\/www.buhl.de\/steuer\/wp-content\/themes\/steuer-web\/buhl-steuer\/assets\/full-width-text\/ad1\/logo-wiso-steuer.svg\" \/>\r\n                                        \r\n                                    <\/div>\r\n                                \r\n                            \r\n                                \r\n                    \r\n                                <div class=\"font-source-sans-pro-1 mt-30 mb-30 blue-font subline-width text-center 1\"><\/div>\r\n                                \r\n                                \r\n\r\n                                <div class=\"d-flex flex-column flex-md-row align-items-center align-items-md-start justify-content-center\">\r\n                                    \r\n                                    <a class=\"font-cairo-2 fw700 intro-button primary w-230 d-none d-md-flex mr-md-25 justify-content-center align-items-center\"\r\n                                       role=\"button\"\r\n                                       href=\"https:\/\/www.buhl.de\/shop\/wisosteuer\/auswahl?2025=agv&wkz=STWEBMARKETINGSEITE&src=WEB\"\r\n                                       target=\"_self\"\r\n                                       title=\"WISO&nbsp;Steuer Lizenz kaufen\"\r\n                                       id=\"adplainkauf\"\r\n                                       onclick=\"dataLayer.push({'event': 'ButtonClick SW','sw-button': 'click-preise'});\">\r\n                                       Jetzt kaufen\r\n                                    <\/a>\r\n                                    \r\n                                    \r\n                                    \r\n                                    <a class=\"d-flex justify-content-center align-items-center d-md-none font-cairo-2 fw700 intro-button primary w-230\"\r\n                                       role=\"button\"\r\n                                       href=\"https:\/\/www.buhl.de\/shop\/wisosteuer\/auswahl?2025=agv&wkz=STWEBMARKETINGSEITE&src=WEB\"\r\n                                       target=\"_self\"\r\n                                       title=\"WISO&nbsp;Steuer Lizenz kaufen\"\r\n                                       id=\"adplainkauf\"\r\n                                       onclick=\"dataLayer.push({'event': 'ButtonClick SW','sw-button': 'click-mobile-starten'});\">\r\n                                       Jetzt kaufen\r\n                                    <\/a>\r\n                                    \r\n                                    \r\n                                    \r\n                                    <a class=\"font-cairo-2 fw700 intro-button secondary w-230 d-none d-md-flex  justify-content-center align-items-center\"\r\n                                       role=\"button\"\r\n                                       href=\"https:\/\/www.buhl.de\/mein-buhlkonto\/?buhlparam=2100101\"\r\n                                       target=\"_self\"\r\n                                       title=\"Hier kostenlos starten\"\r\n                                       id=\"adplaintest\"\r\n                                       onclick=\"dataLayer.push({'event': 'ButtonClick SW','sw-button': 'click-testen'});\">\r\n                                       Kostenlos testen\r\n                                    <\/a>\r\n                                    \r\n                                    \r\n                                    \r\n                                    <a class=\"font-cairo-2 fw700 intro-button secondary w-230 d-flex d-md-none justify-content-center align-items-center mt-30\"\r\n                                       role=\"button\"\r\n                                       href=\"https:\/\/www.buhl.de\/mein-buhlkonto\/?buhlparam=2100101\"\r\n                                       target=\"_self\"\r\n                                       title=\"Hier kostenlos starten\"\r\n                                       id=\"adplaintest\"\r\n                                       onclick=\"dataLayer.push({'event': 'ButtonClick SW','sw-button': 'click-mobile-starten'});\">\r\n                                       Kostenlos testen\r\n                                    <\/a>\r\n                                    \r\n                                <\/div>\r\n                                \r\n                                \r\n                            <\/div>\r\n                        <\/div>\r\n                    <\/div>\r\n                <\/div>\r\n            <\/div>\r\n        <\/div>\r\n    \r\n        <div class=\"spacing-modul  \">\r\n            <div class=\"container spacing-modul\">\r\n               <div class=\"row\">\r\n                   <div id=\"\" class=\"anchor\"><\/div>\r\n                   <div class=\"col-12 modul-spacing-default-b\"><\/div>\r\n                   <div class=\"col-12 modul-spacing-default-b\"><\/div>\r\n               <\/div>\r\n            <\/div>\r\n        <\/div>\r\n    \n<h2>Ab Juni 2023 kommt die neue Wohneigentumsf\u00f6rderung<\/h2>\n<p>Der F\u00f6rdertopf f\u00fcr das Baukindergeld ist zwar leer \u2013 Familien sollen aber auch weiterhin beim Kauf des Eigenheims unterst\u00fctzt werden. Geplant ist daf\u00fcr die Wohneigentumsf\u00f6rderung (WEF). Die F\u00f6rderung gibt es voraussichtlich ab dem 01.06.2023.<\/p>\n<h3>Was ist der Unterschied zum Baukindergeld?<\/h3>\n<p>Im Gegensatz zum Baukindergeld, ist die WEF kein Zuschuss, sondern ein verg\u00fcnstigter Kredit der KfW-Bank. Nach aktuellem Stand sollen Kredite von 140.000 Euro bis maximal 240.000 Euro gef\u00f6rdert werden. Wie hoch die Zinsen dabei ausfallen, ist noch nicht bekannt.<\/p>\n<p>Ein weiterer \u2013 und sehr entscheidender \u2013 Unterschied zum Baukindergeld ist, dass nur noch klimafreundliche Neubauten gef\u00f6rdert werden. Eine F\u00f6rderung f\u00fcr Bestandsimmobilien gibt es also nicht mehr.<\/p>\n<h3>Wer kann die F\u00f6rderung bekommen?<\/h3>\n<p>Um den verg\u00fcnstigten Kredit zu bekommen, musst du folgende Voraussetzungen erf\u00fcllen:<\/p>\n<ul>\n<li>du hast mindestens ein minderj\u00e4hriges Kind;<\/li>\n<li>euer zu versteuerndes Einkommen betr\u00e4gt 60.000 Euro + 10.000 Euro f\u00fcr jedes weitere Kind;<\/li>\n<li>ihr kauft einen Neubau, der bestimmte Klimastandards erf\u00fcllt.<\/li>\n<\/ul>\n<h4>So hoch darf euer zu versteuerndes Einkommen sein<\/h4>\n<div class=\"tablepress-wrapper\"> \n<table id=\"tablepress-139\" class=\"tablepress tablepress-id-139\">\n<thead>\n<tr class=\"row-1\">\n\t<th class=\"column-1\">Anzahl der Kinder (unter 18)<\/th><th class=\"column-2\">Haushaltseinkommen (pro Jahr)<\/th>\n<\/tr>\n<\/thead>\n<tbody class=\"row-striping row-hover\">\n<tr class=\"row-2\">\n\t<td class=\"column-1\">1<\/td><td class=\"column-2\">60.000 \u20ac<\/td>\n<\/tr>\n<tr class=\"row-3\">\n\t<td class=\"column-1\">2<\/td><td class=\"column-2\">70.000 \u20ac<\/td>\n<\/tr>\n<tr class=\"row-4\">\n\t<td class=\"column-1\">3<\/td><td class=\"column-2\">80.000 \u20ac<\/td>\n<\/tr>\n<tr class=\"row-5\">\n\t<td class=\"column-1\">4<\/td><td class=\"column-2\">90.000 \u20ac<\/td>\n<\/tr>\n<tr class=\"row-6\">\n\t<td class=\"column-1\">5<\/td><td class=\"column-2\">100.000 \u20ac<\/td>\n<\/tr>\n<\/tbody>\n<\/table>\n <\/div><!-- #tablepress-139 from cache -->\r\n        <div class=\"spacing-modul  \">\r\n            <div class=\"container spacing-modul\">\r\n               <div class=\"row\">\r\n                   <div id=\"\" class=\"anchor\"><\/div>\r\n                   <div class=\"col-12 modul-spacing-default-b\"><\/div>\r\n                   <div class=\"col-12 modul-spacing-default-b\"><\/div>\r\n               <\/div>\r\n            <\/div>\r\n        <\/div>\r\n    \n\r\n        <div class=\"white-background\">\r\n            <div class=\"container\">\r\n                <div class=\"content info-blog-modul blog-wrapper\">\r\n                    <div class=\"row\">\r\n                        <div class=\"d-flex align-items-center text-center text-lg-left align-items-xl-start flex-column flex-xl-row col-12 offset-lg-2 col-lg-8 offset-xl-1 col-xl-9\">\r\n                            <img decoding=\"async\" loading=\"lazy\" class=\"img-fluid\" src=\"https:\/\/www.buhl.de\/steuer\/wp-content\/themes\/steuer-web\/buhl-steuer\/assets\/blog\/blog-module\/info-icon.svg\" alt=\"Information zum Thema\" title=\"Information zum Thema\" \/>\r\n                            <div class=\"d-flex flex-column\">\r\n                                <h3 class=\"font-source-sans-pro-10 fw700 blue-font headline\">F\u00f6rderung f\u00fcr h\u00f6here Einkommen<\/h3><div class=\"font-source-sans-pro-1 blue-font\">Ist euer zu versteuerndes Einkommen zu hoch? Dann f\u00e4llt die WEF f\u00fcr euch leider weg. Aber: Die Bundesregierung plant noch 2023 ein weiteres F\u00f6rderprogramm f\u00fcr Familien mit h\u00f6herem Einkommen auf den Weg zu bringen. Details sind noch nicht bekannt \u2013 wir halten euch aber auf dem Laufenden.<\/div><\/div>\r\n                        <\/div>\r\n                    <\/div>\r\n                <\/div>\r\n            <\/div>\r\n        <\/div>\r\n    \r\n        <div class=\"spacing-modul  \">\r\n            <div class=\"container spacing-modul\">\r\n               <div class=\"row\">\r\n                   <div id=\"\" class=\"anchor\"><\/div>\r\n                   <div class=\"col-12 modul-spacing-default-b\"><\/div>\r\n                   <div class=\"col-12 modul-spacing-default-b\"><\/div>\r\n               <\/div>\r\n            <\/div>\r\n        <\/div>\r\n    \n<h3>Wie hoch ist die F\u00f6rderung?<\/h3>\n<p>\u00dcber die H\u00f6he der Zinsen beim F\u00f6rderkredit ist leider noch nichts bekannt.<\/p>\n<h2>Gibt es zus\u00e4tzliche F\u00f6rderungen?<\/h2>\n<p>Neben der WEF k\u00f6nnt ihr auch F\u00f6rderungen von den jeweiligen Bundesl\u00e4ndern bekommen. Viele Bundesl\u00e4nder bieten f\u00fcr den Kauf, Bau oder die Sanierung verg\u00fcnstigte Kredite an. Pr\u00fcft am besten, ob auch euer Bundesland euch unterst\u00fctzt.<\/p>\n<p>Wenn ja, k\u00f6nnt ihr beide F\u00f6rderungen \u2013 also von Bund und Land \u2013 gleichzeitig in Anspruch nehmen. \r\n        <div class=\"spacing-modul  \">\r\n            <div class=\"container spacing-modul\">\r\n               <div class=\"row\">\r\n                   <div id=\"\" class=\"anchor\"><\/div>\r\n                   <div class=\"col-12 modul-spacing-default\"><\/div>\r\n                   <div class=\"col-12 modul-spacing-default-bottom\"><\/div>\r\n               <\/div>\r\n            <\/div>\r\n        <\/div>\r\n    \n<h3>Das k\u00f6nnte doch auch interessieren:<\/h3>\n\r\n        <div class=\"white-background small-module\">\r\n            <div class=\"container\">\r\n                <div class=\"row\">\r\n                    <div class=\"col-12\">\r\n                        <div class=\"content blog-read-more\">\r\n                <a role=\"button\" onclick=\"dataLayer.push({'event': 'ButtonClick SW','sw-button': 'read-more-click-intext'});\" class=\"d-flex flex-column flex-md-row\" href=\"https:\/\/www.buhl.de\/steuer\/ratgeber\/energetische-sanierung-steuern\/\">\r\n                    <div class=\"img-size\">\r\n                        <img decoding=\"async\" loading=\"lazy\" alt=\"\" title=\"Energetische Sanierung: Steuerbonus bis 40.000 Euro smart nutzen\" src=\"https:\/\/www.buhl.de\/steuer\/wp-content\/uploads\/sites\/31\/2023\/04\/energetische-sanierung-steuern-titelbild.jpg\" \/>\r\n                    <\/div>\r\n                    <div class=\"w-100 d-flex flex-column justify-content-center\">\r\n                        <div class=\"font-cairo-7 fw700 ellipsis-two-row blue-font\">Energetische Sanierung: Steuerbonus bis 40.000 Euro smart nutzen<\/div>\r\n                        <div class=\"font-source-sans-pro-1 ellipsis-two-row blue-font headline-spacing-10\"><p>So setzt du Sanierungskosten von der Steuer ab<\/div>\r\n                        <div class=\"font-source-sans-pro-1 position-relative orange-font\">weiterlesen <span class=\"arrow-right-orange\"><\/span><\/div>\r\n                    <\/div>\r\n                <\/a>\r\n                        <\/div>\r\n                    <\/div>\r\n                <\/div>\r\n            <\/div>\r\n        <\/div>\r\n    \r\n        <div class=\"spacing-modul  \">\r\n            <div class=\"container spacing-modul\">\r\n               <div class=\"row\">\r\n                   <div id=\"\" class=\"anchor\"><\/div>\r\n                   <div class=\"col-12 modul-spacing-default-b\"><\/div>\r\n                   <div class=\"col-12 modul-spacing-default-b\"><\/div>\r\n               <\/div>\r\n            <\/div>\r\n        <\/div>\r\n    \n\r\n        <div class=\"white-background small-module\">\r\n            <div class=\"container\">\r\n                <div class=\"row\">\r\n                    <div class=\"col-12\">\r\n                        <div class=\"content blog-read-more\">\r\n                <a role=\"button\" onclick=\"dataLayer.push({'event': 'ButtonClick SW','sw-button': 'read-more-click-intext'});\" class=\"d-flex flex-column flex-md-row\" href=\"https:\/\/www.buhl.de\/steuer\/ratgeber\/immobilie-an-kinder-verkaufen\/\">\r\n                    <div class=\"img-size\">\r\n                        <img decoding=\"async\" loading=\"lazy\" alt=\"Immobilien Verkauf Kinder Steuer Titelbild\" title=\"Immobilienverkauf an die eigenen Kinder\" src=\"https:\/\/www.buhl.de\/steuer\/wp-content\/uploads\/sites\/31\/2023\/02\/immobilien-verkauf-kinder-steuer-titelbild.jpg\" \/>\r\n                    <\/div>\r\n                    <div class=\"w-100 d-flex flex-column justify-content-center\">\r\n                        <div class=\"font-cairo-7 fw700 ellipsis-two-row blue-font\">Immobilienverkauf an die eigenen Kinder<\/div>\r\n                        <div class=\"font-source-sans-pro-1 ellipsis-two-row blue-font headline-spacing-10\"><p>Alternative zu Erbe und Schenkung<\/div>\r\n                        <div class=\"font-source-sans-pro-1 position-relative orange-font\">weiterlesen <span class=\"arrow-right-orange\"><\/span><\/div>\r\n                    <\/div>\r\n                <\/a>\r\n                        <\/div>\r\n                    <\/div>\r\n                <\/div>\r\n            <\/div>\r\n        <\/div>\r\n    \r\n        <div class=\"spacing-modul  \">\r\n            <div class=\"container spacing-modul\">\r\n               <div class=\"row\">\r\n                   <div id=\"\" class=\"anchor\"><\/div>\r\n                   <div class=\"col-12 modul-spacing-default-b\"><\/div>\r\n                   <div class=\"col-12 modul-spacing-default-b\"><\/div>\r\n               <\/div>\r\n            <\/div>\r\n        <\/div>\r\n    \n\r\n        <div class=\"white-background\">\r\n            <div class=\"container headlines \">\r\n                <div class=\"row\">              \r\n                    <div class=\"col-12 d-flex justify-content-start  justify-content-lg-center\">\r\n                    \t<div id=\"\" class=\"anchor\"><\/div>\r\n                        <div class=\"\">\r\n                           <h2 class=\"font-cairo-1 fw700 text-left text-lg-center blue-font \">FAQ: Baukindergeld<\/h2>                   \r\n                        <\/div>\r\n                    <\/div>\r\n                <\/div>\r\n            <\/div>\r\n        <\/div>\r\n    \n\r\n        <div class=\"white-background\">\r\n            <div class=\"container faq-module blog-download buhl-ap\">\r\n                <div class=\"row\">\r\n                <div class=\"col-12 p-lg-0\">\r\n                \r\n                    <div class=\"accordion accordionFaq\" id=\"accordionFaq\">\n<div class=\"card\">\n<div class=\"d-flex card-header border-0 collapsed\" id=\"heading1\" data-toggle=\"collapse\" data-target=\"#collapse1\"\r\n                    aria-expanded=\"false\" aria-controls=\"collapse1\">                                            \r\n                    <h3 class=\"font-source-sans-pro-1 blue-font no-margin\">Kann ich noch Baukindergeld beantragen? <\/h3>\r\n                <\/div>\r\n\n\r\n        <div id=\"collapse1\" class=\"collapse\" aria-labelledby=\"heading1\" data-parent=\"#accordionFaq\">\r\n            <div class=\"card-body\">\r\n                Zum 31.12.2022 ist das bisherige Baukindergeld ausgelaufen. Hast du bis dahin keinen Antrag gestellt, ist das leider nicht mehr m\u00f6glich. Ab Juni 2023 soll es alternativ aber die Wohneigentumsf\u00f6rderung geben. Mehr dazu erf\u00e4hrst du im Beitrag.                 \r\n            <\/div>\r\n        <\/div>\r\n\n<\/div>\n<div class=\"card\">\n<div class=\"d-flex card-header border-0 collapsed\" id=\"heading2\" data-toggle=\"collapse\" data-target=\"#collapse2\"\r\n                    aria-expanded=\"false\" aria-controls=\"collapse2\">                                            \r\n                    <h3 class=\"font-source-sans-pro-1 blue-font no-margin\">Wo muss ich Baukindergeld in der Steuererkl\u00e4rung angeben?<\/h3>\r\n                <\/div>\r\n\n\r\n        <div id=\"collapse2\" class=\"collapse\" aria-labelledby=\"heading2\" data-parent=\"#accordionFaq\">\r\n            <div class=\"card-body\">\r\n                Das Baukindergeld musst du nicht in der Steuererkl\u00e4rung angeben, denn es ist komplett steuerfrei.                 \r\n            <\/div>\r\n        <\/div>\r\n\n<\/div>\n<div class=\"card\">\n<div class=\"d-flex card-header border-0 collapsed\" id=\"heading3\" data-toggle=\"collapse\" data-target=\"#collapse3\"\r\n                    aria-expanded=\"false\" aria-controls=\"collapse3\">                                            \r\n                    <h3 class=\"font-source-sans-pro-1 blue-font no-margin\">Wie lange gibt es das Baukindergeld noch? <\/h3>\r\n                <\/div>\r\n\n\r\n        <div id=\"collapse3\" class=\"collapse\" aria-labelledby=\"heading3\" data-parent=\"#accordionFaq\">\r\n            <div class=\"card-body\">\r\n                Die Antragstellung war nur noch bis zum 31.12.2022 m\u00f6glich. Ab Juni 2023 soll es stattdessen dazu die Wohneigentumsf\u00f6rderung geben. Hast du rechtzeitig Baukindergeld beantragt und genehmigt bekommen, wird dir der Zuschuss 10 Jahre lang ausgezahlt.                \r\n            <\/div>\r\n        <\/div>\r\n\n<\/div>\n<div class=\"card\">\n<div class=\"d-flex card-header border-0 collapsed\" id=\"heading4\" data-toggle=\"collapse\" data-target=\"#collapse4\"\r\n                    aria-expanded=\"false\" aria-controls=\"collapse4\">                                            \r\n                    <h3 class=\"font-source-sans-pro-1 blue-font no-margin\">Verliere ich den Anspruch auf Baukindergeld, wenn ich sp\u00e4ter eine zweite Immobilie kaufe oder erbe? <\/h3>\r\n                <\/div>\r\n\n\r\n        <div id=\"collapse4\" class=\"collapse\" aria-labelledby=\"heading4\" data-parent=\"#accordionFaq\">\r\n            <div class=\"card-body\">\r\n                Nein. Wichtig ist nur, dass du zum Zeitpunkt der Antragstellung noch keine anderen Immobilien besitzt. Den Anspruch verlierst du aber, wenn ihr euer Eigenheim, f\u00fcr das ihr Baukindergeld bekommt, innerhalb der ersten 10 Jahre verkauft oder vermietet.                \r\n            <\/div>\r\n        <\/div>\r\n\n<\/div>\n<\/div>\r\n                 <\/div>\r\n              <\/div>\r\n            <\/div>\r\n        <\/div>\r\n        <div class=\"spacing-modul  \">\r\n            <div class=\"container spacing-modul\">\r\n               <div class=\"row\">\r\n                   <div id=\"\" class=\"anchor\"><\/div>\r\n                   <div class=\"col-12 modul-spacing-default-b\"><\/div>\r\n                   <div class=\"col-12 modul-spacing-default-b\"><\/div>\r\n               <\/div>\r\n            <\/div>\r\n        <\/div>\r\n    \n\r\n        <div class=\"white-background\">\r\n            <div class=\"full-width-text\">\r\n                <div class=\"inner-spacing blog-ad1-wrapper silver-background\">\r\n                    <div class=\"container blog-ad1\">\r\n                        <div class=\"row\">\r\n                        \r\n                            \r\n                            <div class=\"col-12\">\r\n                                \r\n                                    <div class=\"d-flex headline-spacing-30 justify-content-center\">\r\n                                        \r\n                                            <img decoding=\"async\" loading=\"lazy\" height=\"auto\" style=\"max-width:100%;\" alt=\"WISO&nbsp;Steuer Vorteile\" title=\"WISO&nbsp;Steuer Buhl Logo\" \r\n                                                class=\"d-none d-md-block \" src=\"https:\/\/www.buhl.de\/steuer\/wp-content\/themes\/steuer-web\/buhl-steuer\/assets\/full-width-text\/ad1\/logo-wiso-steuer.svg\" \/>\r\n                                        \r\n                                        \r\n                                                \r\n                                        \r\n                                            <img decoding=\"async\" loading=\"lazy\" alt=\"WISO&nbsp;Steuer Vorteile\" title=\"WISO&nbsp;Steuer Buhl Logo\" \r\n                                                class=\"mx-auto d-md-none mobile \" src=\"https:\/\/www.buhl.de\/steuer\/wp-content\/themes\/steuer-web\/buhl-steuer\/assets\/full-width-text\/ad1\/logo-wiso-steuer.svg\" \/>\r\n                                        \r\n                                    <\/div>\r\n                                \r\n                            \r\n                                \r\n                                    <p class=\"font-cairo-10 fw700 blue-font headline-spacing-30 text-center justify-content-center\">Hier schafft jeder die Steuer<\/p>\r\n                                \r\n                    \r\n                                <div class=\"font-source-sans-pro-1 mt-30 mb-30 blue-font subline-width text-center text-md-left\"><\/div>\r\n                                \r\n                                \r\n\r\n                                <div class=\"d-flex flex-column flex-md-row align-items-center align-items-md-start justify-content-center\">\r\n                                    \r\n                                    <a class=\"font-cairo-2 fw700 intro-button primary w-230 d-none d-md-flex mr-md-25 justify-content-center align-items-center\"\r\n                                       role=\"button\"\r\n                                       href=\"https:\/\/www.buhl.de\/shop\/wisosteuer\/auswahl?2025=agv&wkz=STWEBMARKETINGSEITE&src=WEB\"\r\n                                       target=\"_self\"\r\n                                       title=\"WISO&nbsp;Steuer Lizenz kaufen\"\r\n                                       id=\"adsiegelkauf\"\r\n                                       onclick=\"dataLayer.push({'event': 'ButtonClick SW','sw-button': 'click-preise'});\">\r\n                                       Jetzt kaufen\r\n                                    <\/a>\r\n                                    \r\n                                    \r\n                                    \r\n                                    <a class=\"d-flex justify-content-center align-items-center d-md-none font-cairo-2 fw700 intro-button primary w-230\"\r\n                                       role=\"button\"\r\n                                       href=\"https:\/\/www.buhl.de\/shop\/wisosteuer\/auswahl?2025=agv&wkz=STWEBMARKETINGSEITE&src=WEB\"\r\n                                       target=\"_self\"\r\n                                       title=\"WISO&nbsp;Steuer Lizenz kaufen\"\r\n                                       id=\"adsiegelkauf\"\r\n                                       onclick=\"dataLayer.push({'event': 'ButtonClick SW','sw-button': 'click-preise'});\">\r\n                                       Jetzt kaufen\r\n                                    <\/a>\r\n                                    \r\n                                    \r\n                                    \r\n                                    <a class=\"font-cairo-2 fw700 intro-button secondary w-230 d-none d-md-flex  justify-content-center align-items-center\"\r\n                                       role=\"button\"\r\n                                       href=\"https:\/\/www.buhl.de\/mein-buhlkonto\/?buhlparam=2100101\"\r\n                                       target=\"_self\"\r\n                                       title=\"Kostenlos & unverbindlich testen\"\r\n                                       id=\"adsiegeltest\"\r\n                                       onclick=\"dataLayer.push({'event': 'ButtonClick SW','sw-button': 'click-preise'});\">\r\n                                       Kostenlos testen\r\n                                    <\/a>\r\n                                    \r\n                                    \r\n                                    \r\n                                    <a class=\"font-cairo-2 fw700 intro-button secondary w-230 d-flex d-md-none justify-content-center align-items-center mt-30\"\r\n                                       role=\"button\"\r\n                                       href=\"https:\/\/www.buhl.de\/mein-buhlkonto\/?buhlparam=2100101\"\r\n                                       target=\"_self\"\r\n                                       title=\"Kostenlos & unverbindlich testen\"\r\n                                       id=\"adsiegeltest\"\r\n                                       onclick=\"dataLayer.push({'event': 'ButtonClick SW','sw-button': 'click-mobile-starten'});\">\r\n                                       Kostenlos testen\r\n                                    <\/a>\r\n                                    \r\n                                <\/div>\r\n                                \r\n                                \r\n                            <\/div>\r\n                        <\/div>\r\n                    <\/div>\r\n                <\/div>\r\n            <\/div>\r\n        <\/div>\r\n    \r\n        <div class=\"spacing-modul  \">\r\n            <div class=\"container spacing-modul\">\r\n               <div class=\"row\">\r\n                   <div id=\"\" class=\"anchor\"><\/div>\r\n                   <div class=\"col-12 modul-spacing-default-b\"><\/div>\r\n                   <div class=\"col-12 modul-spacing-default-b\"><\/div>\r\n               <\/div>\r\n            <\/div>\r\n        <\/div>\r\n    \n","protected":false},"excerpt":{"rendered":"<p>Schaffe, schaffe, H\u00e4usle bauen. Bei den aktuellen Immobilienpreisen ist das allerdings kaum noch m\u00f6glich. Doch hier m\u00f6chte der Staat aushelfen. Denn: Wer ein Eigenheim kauft oder baut, kann von staatlichen F\u00f6rderungen profitieren. Zum Ende 2022 ist das Programm Baukindergeld ausgelaufen. Ab Juni 2023 erhalten Familien eine neue F\u00f6rderung. Welche das ist und wie man den [&hellip;]<\/p>\n","protected":false},"author":158,"featured_media":59513,"comment_status":"closed","ping_status":"open","sticky":false,"template":"","format":"standard","meta":{"_acf_changed":false,"footnotes":""},"categories":[2815,2810],"tags":[],"class_list":["post-59093","post","type-post","status-publish","format-standard","has-post-thumbnail","hentry","category-familie","category-haus"],"yoast_head":"<!-- This site is optimized with the Yoast SEO Premium plugin v27.4 (Yoast SEO v27.5) - https:\/\/yoast.com\/product\/yoast-seo-premium-wordpress\/ -->\n<title>Baukindergeld: So bekommst du Geld vom Staat<\/title>\n<meta name=\"description\" content=\"Sichere dir bis zu 12.000 Euro \u2705 Mit dem Baukindergeld erh\u00e4ltst du Geld f\u00fcr dein Eigentum \ud83d\udc49 Hier lesen, wie das geht.\" \/>\n<meta name=\"robots\" content=\"index, follow, max-snippet:-1, max-image-preview:large, max-video-preview:-1\" \/>\n<link rel=\"canonical\" href=\"https:\/\/www.buhl.de\/steuer\/ratgeber\/baukindergeld\/\" \/>\n<meta property=\"og:locale\" content=\"de_DE\" \/>\n<meta property=\"og:type\" content=\"article\" \/>\n<meta property=\"og:title\" content=\"Neues zum Baukindergeld\" \/>\n<meta property=\"og:description\" content=\"Sichere dir bis zu 12.000 Euro \u2705 Mit dem Baukindergeld erh\u00e4ltst du Geld f\u00fcr dein Eigentum \ud83d\udc49 Hier lesen, wie das geht.\" \/>\n<meta property=\"og:url\" content=\"https:\/\/www.buhl.de\/steuer\/ratgeber\/baukindergeld\/\" \/>\n<meta property=\"og:site_name\" content=\"WISO Steuer: Nr.1 App f\u00fcr die Steuererkl\u00e4rung\" \/>\n<meta property=\"article:published_time\" content=\"2023-05-20T07:54:40+00:00\" \/>\n<meta property=\"article:modified_time\" content=\"2024-07-31T08:39:55+00:00\" \/>\n<meta property=\"og:image\" content=\"https:\/\/www.buhl.de\/steuer\/wp-content\/uploads\/sites\/31\/2021\/04\/baukindergeld-titelbild.jpg\" \/>\n\t<meta property=\"og:image:width\" content=\"976\" \/>\n\t<meta property=\"og:image:height\" content=\"400\" \/>\n\t<meta property=\"og:image:type\" content=\"image\/jpeg\" \/>\n<meta name=\"author\" content=\"Melanie Holz\" \/>\n<meta name=\"twitter:card\" content=\"summary_large_image\" \/>\n<meta name=\"twitter:label1\" content=\"Verfasst von\" \/>\n\t<meta name=\"twitter:data1\" content=\"Melanie Holz\" \/>\n\t<meta name=\"twitter:label2\" content=\"Gesch\u00e4tzte Lesezeit\" \/>\n\t<meta name=\"twitter:data2\" content=\"6\u00a0Minuten\" \/>\n<script type=\"application\/ld+json\" class=\"yoast-schema-graph\">{\"@context\":\"https:\\\/\\\/schema.org\",\"@graph\":[{\"@type\":\"Article\",\"@id\":\"https:\\\/\\\/www.buhl.de\\\/steuer\\\/ratgeber\\\/baukindergeld\\\/#article\",\"isPartOf\":{\"@id\":\"https:\\\/\\\/www.buhl.de\\\/steuer\\\/ratgeber\\\/baukindergeld\\\/\"},\"author\":{\"name\":\"Melanie Holz\",\"@id\":\"https:\\\/\\\/www.buhl.de\\\/steuer\\\/#\\\/schema\\\/person\\\/bdc3546e32ec6fea6ff8e85e9a87fd47\"},\"headline\":\"Neues zum Baukindergeld\",\"datePublished\":\"2023-05-20T07:54:40+00:00\",\"dateModified\":\"2024-07-31T08:39:55+00:00\",\"mainEntityOfPage\":{\"@id\":\"https:\\\/\\\/www.buhl.de\\\/steuer\\\/ratgeber\\\/baukindergeld\\\/\"},\"wordCount\":1139,\"publisher\":{\"@id\":\"https:\\\/\\\/www.buhl.de\\\/steuer\\\/#organization\"},\"image\":{\"@id\":\"https:\\\/\\\/www.buhl.de\\\/steuer\\\/ratgeber\\\/baukindergeld\\\/#primaryimage\"},\"thumbnailUrl\":\"https:\\\/\\\/www.buhl.de\\\/steuer\\\/wp-content\\\/uploads\\\/sites\\\/31\\\/2021\\\/04\\\/baukindergeld-titelbild.jpg\",\"articleSection\":[\"Ratgeber: Familie &amp; Steuer\",\"Ratgeber: Immobilien &amp; Steuern\"],\"inLanguage\":\"de\"},{\"@type\":\"WebPage\",\"@id\":\"https:\\\/\\\/www.buhl.de\\\/steuer\\\/ratgeber\\\/baukindergeld\\\/\",\"url\":\"https:\\\/\\\/www.buhl.de\\\/steuer\\\/ratgeber\\\/baukindergeld\\\/\",\"name\":\"Baukindergeld: So bekommst du Geld vom Staat\",\"isPartOf\":{\"@id\":\"https:\\\/\\\/www.buhl.de\\\/steuer\\\/#website\"},\"primaryImageOfPage\":{\"@id\":\"https:\\\/\\\/www.buhl.de\\\/steuer\\\/ratgeber\\\/baukindergeld\\\/#primaryimage\"},\"image\":{\"@id\":\"https:\\\/\\\/www.buhl.de\\\/steuer\\\/ratgeber\\\/baukindergeld\\\/#primaryimage\"},\"thumbnailUrl\":\"https:\\\/\\\/www.buhl.de\\\/steuer\\\/wp-content\\\/uploads\\\/sites\\\/31\\\/2021\\\/04\\\/baukindergeld-titelbild.jpg\",\"datePublished\":\"2023-05-20T07:54:40+00:00\",\"dateModified\":\"2024-07-31T08:39:55+00:00\",\"description\":\"Sichere dir bis zu 12.000 Euro \u2705 Mit dem Baukindergeld erh\u00e4ltst du Geld f\u00fcr dein Eigentum \ud83d\udc49 Hier lesen, wie das geht.\",\"breadcrumb\":{\"@id\":\"https:\\\/\\\/www.buhl.de\\\/steuer\\\/ratgeber\\\/baukindergeld\\\/#breadcrumb\"},\"inLanguage\":\"de\",\"potentialAction\":[{\"@type\":\"ReadAction\",\"target\":[\"https:\\\/\\\/www.buhl.de\\\/steuer\\\/ratgeber\\\/baukindergeld\\\/\"]}]},{\"@type\":\"ImageObject\",\"inLanguage\":\"de\",\"@id\":\"https:\\\/\\\/www.buhl.de\\\/steuer\\\/ratgeber\\\/baukindergeld\\\/#primaryimage\",\"url\":\"https:\\\/\\\/www.buhl.de\\\/steuer\\\/wp-content\\\/uploads\\\/sites\\\/31\\\/2021\\\/04\\\/baukindergeld-titelbild.jpg\",\"contentUrl\":\"https:\\\/\\\/www.buhl.de\\\/steuer\\\/wp-content\\\/uploads\\\/sites\\\/31\\\/2021\\\/04\\\/baukindergeld-titelbild.jpg\",\"width\":976,\"height\":400,\"caption\":\"Baukindergeld Wohneigentumsf\u00f6rderung Titelbild\"},{\"@type\":\"BreadcrumbList\",\"@id\":\"https:\\\/\\\/www.buhl.de\\\/steuer\\\/ratgeber\\\/baukindergeld\\\/#breadcrumb\",\"itemListElement\":[{\"@type\":\"ListItem\",\"position\":1,\"name\":\"Steuererkl\u00e4rung\",\"item\":\"https:\\\/\\\/www.buhl.de\\\/steuer\\\/\"},{\"@type\":\"ListItem\",\"position\":2,\"name\":\"Neues zum Baukindergeld\"}]},{\"@type\":\"WebSite\",\"@id\":\"https:\\\/\\\/www.buhl.de\\\/steuer\\\/#website\",\"url\":\"https:\\\/\\\/www.buhl.de\\\/steuer\\\/\",\"name\":\"WISO Steuer: Nr. 1 Steuer-App\",\"description\":\"\",\"publisher\":{\"@id\":\"https:\\\/\\\/www.buhl.de\\\/steuer\\\/#organization\"},\"potentialAction\":[{\"@type\":\"SearchAction\",\"target\":{\"@type\":\"EntryPoint\",\"urlTemplate\":\"https:\\\/\\\/www.buhl.de\\\/steuer\\\/?s={search_term_string}\"},\"query-input\":{\"@type\":\"PropertyValueSpecification\",\"valueRequired\":true,\"valueName\":\"search_term_string\"}}],\"inLanguage\":\"de\"},{\"@type\":\"Organization\",\"@id\":\"https:\\\/\\\/www.buhl.de\\\/steuer\\\/#organization\",\"name\":\"WISO Steuer | Buhl Data Service GmbH\",\"url\":\"https:\\\/\\\/www.buhl.de\\\/steuer\\\/\",\"logo\":{\"@type\":\"ImageObject\",\"inLanguage\":\"de\",\"@id\":\"https:\\\/\\\/www.buhl.de\\\/steuer\\\/#\\\/schema\\\/logo\\\/image\\\/\",\"url\":\"https:\\\/\\\/www.buhl.de\\\/steuer\\\/wp-content\\\/uploads\\\/sites\\\/31\\\/2026\\\/02\\\/logo-wiso-steuer-app.svg\",\"contentUrl\":\"https:\\\/\\\/www.buhl.de\\\/steuer\\\/wp-content\\\/uploads\\\/sites\\\/31\\\/2026\\\/02\\\/logo-wiso-steuer-app.svg\",\"width\":375,\"height\":72,\"caption\":\"WISO Steuer | Buhl Data Service GmbH\"},\"image\":{\"@id\":\"https:\\\/\\\/www.buhl.de\\\/steuer\\\/#\\\/schema\\\/logo\\\/image\\\/\"}},{\"@type\":\"Person\",\"@id\":\"https:\\\/\\\/www.buhl.de\\\/steuer\\\/#\\\/schema\\\/person\\\/bdc3546e32ec6fea6ff8e85e9a87fd47\",\"name\":\"Melanie Holz\",\"image\":{\"@type\":\"ImageObject\",\"inLanguage\":\"de\",\"@id\":\"https:\\\/\\\/www.buhl.de\\\/steuer\\\/wp-content\\\/uploads\\\/sites\\\/31\\\/2024\\\/07\\\/melanie.png\",\"url\":\"https:\\\/\\\/www.buhl.de\\\/steuer\\\/wp-content\\\/uploads\\\/sites\\\/31\\\/2024\\\/07\\\/melanie.png\",\"contentUrl\":\"https:\\\/\\\/www.buhl.de\\\/steuer\\\/wp-content\\\/uploads\\\/sites\\\/31\\\/2024\\\/07\\\/melanie.png\",\"caption\":\"Melanie Holz\"},\"sameAs\":[\"https:\\\/\\\/www.buhl.de\\\/steuer\\\/autoren\\\/melanie-holz\\\/\"]}]}<\/script>\n<!-- \/ Yoast SEO Premium plugin. -->","yoast_head_json":{"title":"Baukindergeld: So bekommst du Geld vom Staat","description":"Sichere dir bis zu 12.000 Euro \u2705 Mit dem Baukindergeld erh\u00e4ltst du Geld f\u00fcr dein Eigentum \ud83d\udc49 Hier lesen, wie das geht.","robots":{"index":"index","follow":"follow","max-snippet":"max-snippet:-1","max-image-preview":"max-image-preview:large","max-video-preview":"max-video-preview:-1"},"canonical":"https:\/\/www.buhl.de\/steuer\/ratgeber\/baukindergeld\/","og_locale":"de_DE","og_type":"article","og_title":"Neues zum Baukindergeld","og_description":"Sichere dir bis zu 12.000 Euro \u2705 Mit dem Baukindergeld erh\u00e4ltst du Geld f\u00fcr dein Eigentum \ud83d\udc49 Hier lesen, wie das geht.","og_url":"https:\/\/www.buhl.de\/steuer\/ratgeber\/baukindergeld\/","og_site_name":"WISO Steuer: Nr.1 App f\u00fcr die Steuererkl\u00e4rung","article_published_time":"2023-05-20T07:54:40+00:00","article_modified_time":"2024-07-31T08:39:55+00:00","og_image":[{"width":976,"height":400,"url":"https:\/\/www.buhl.de\/steuer\/wp-content\/uploads\/sites\/31\/2021\/04\/baukindergeld-titelbild.jpg","type":"image\/jpeg"}],"author":"Melanie Holz","twitter_card":"summary_large_image","twitter_misc":{"Verfasst von":"Melanie Holz","Gesch\u00e4tzte Lesezeit":"6\u00a0Minuten"},"schema":{"@context":"https:\/\/schema.org","@graph":[{"@type":"Article","@id":"https:\/\/www.buhl.de\/steuer\/ratgeber\/baukindergeld\/#article","isPartOf":{"@id":"https:\/\/www.buhl.de\/steuer\/ratgeber\/baukindergeld\/"},"author":{"name":"Melanie Holz","@id":"https:\/\/www.buhl.de\/steuer\/#\/schema\/person\/bdc3546e32ec6fea6ff8e85e9a87fd47"},"headline":"Neues zum Baukindergeld","datePublished":"2023-05-20T07:54:40+00:00","dateModified":"2024-07-31T08:39:55+00:00","mainEntityOfPage":{"@id":"https:\/\/www.buhl.de\/steuer\/ratgeber\/baukindergeld\/"},"wordCount":1139,"publisher":{"@id":"https:\/\/www.buhl.de\/steuer\/#organization"},"image":{"@id":"https:\/\/www.buhl.de\/steuer\/ratgeber\/baukindergeld\/#primaryimage"},"thumbnailUrl":"https:\/\/www.buhl.de\/steuer\/wp-content\/uploads\/sites\/31\/2021\/04\/baukindergeld-titelbild.jpg","articleSection":["Ratgeber: Familie &amp; Steuer","Ratgeber: Immobilien &amp; Steuern"],"inLanguage":"de"},{"@type":"WebPage","@id":"https:\/\/www.buhl.de\/steuer\/ratgeber\/baukindergeld\/","url":"https:\/\/www.buhl.de\/steuer\/ratgeber\/baukindergeld\/","name":"Baukindergeld: So bekommst du Geld vom Staat","isPartOf":{"@id":"https:\/\/www.buhl.de\/steuer\/#website"},"primaryImageOfPage":{"@id":"https:\/\/www.buhl.de\/steuer\/ratgeber\/baukindergeld\/#primaryimage"},"image":{"@id":"https:\/\/www.buhl.de\/steuer\/ratgeber\/baukindergeld\/#primaryimage"},"thumbnailUrl":"https:\/\/www.buhl.de\/steuer\/wp-content\/uploads\/sites\/31\/2021\/04\/baukindergeld-titelbild.jpg","datePublished":"2023-05-20T07:54:40+00:00","dateModified":"2024-07-31T08:39:55+00:00","description":"Sichere dir bis zu 12.000 Euro \u2705 Mit dem Baukindergeld erh\u00e4ltst du Geld f\u00fcr dein Eigentum \ud83d\udc49 Hier lesen, wie das geht.","breadcrumb":{"@id":"https:\/\/www.buhl.de\/steuer\/ratgeber\/baukindergeld\/#breadcrumb"},"inLanguage":"de","potentialAction":[{"@type":"ReadAction","target":["https:\/\/www.buhl.de\/steuer\/ratgeber\/baukindergeld\/"]}]},{"@type":"ImageObject","inLanguage":"de","@id":"https:\/\/www.buhl.de\/steuer\/ratgeber\/baukindergeld\/#primaryimage","url":"https:\/\/www.buhl.de\/steuer\/wp-content\/uploads\/sites\/31\/2021\/04\/baukindergeld-titelbild.jpg","contentUrl":"https:\/\/www.buhl.de\/steuer\/wp-content\/uploads\/sites\/31\/2021\/04\/baukindergeld-titelbild.jpg","width":976,"height":400,"caption":"Baukindergeld Wohneigentumsf\u00f6rderung Titelbild"},{"@type":"BreadcrumbList","@id":"https:\/\/www.buhl.de\/steuer\/ratgeber\/baukindergeld\/#breadcrumb","itemListElement":[{"@type":"ListItem","position":1,"name":"Steuererkl\u00e4rung","item":"https:\/\/www.buhl.de\/steuer\/"},{"@type":"ListItem","position":2,"name":"Neues zum Baukindergeld"}]},{"@type":"WebSite","@id":"https:\/\/www.buhl.de\/steuer\/#website","url":"https:\/\/www.buhl.de\/steuer\/","name":"WISO Steuer: Nr. 1 Steuer-App","description":"","publisher":{"@id":"https:\/\/www.buhl.de\/steuer\/#organization"},"potentialAction":[{"@type":"SearchAction","target":{"@type":"EntryPoint","urlTemplate":"https:\/\/www.buhl.de\/steuer\/?s={search_term_string}"},"query-input":{"@type":"PropertyValueSpecification","valueRequired":true,"valueName":"search_term_string"}}],"inLanguage":"de"},{"@type":"Organization","@id":"https:\/\/www.buhl.de\/steuer\/#organization","name":"WISO Steuer | Buhl Data Service GmbH","url":"https:\/\/www.buhl.de\/steuer\/","logo":{"@type":"ImageObject","inLanguage":"de","@id":"https:\/\/www.buhl.de\/steuer\/#\/schema\/logo\/image\/","url":"https:\/\/www.buhl.de\/steuer\/wp-content\/uploads\/sites\/31\/2026\/02\/logo-wiso-steuer-app.svg","contentUrl":"https:\/\/www.buhl.de\/steuer\/wp-content\/uploads\/sites\/31\/2026\/02\/logo-wiso-steuer-app.svg","width":375,"height":72,"caption":"WISO Steuer | Buhl Data Service GmbH"},"image":{"@id":"https:\/\/www.buhl.de\/steuer\/#\/schema\/logo\/image\/"}},{"@type":"Person","@id":"https:\/\/www.buhl.de\/steuer\/#\/schema\/person\/bdc3546e32ec6fea6ff8e85e9a87fd47","name":"Melanie Holz","image":{"@type":"ImageObject","inLanguage":"de","@id":"https:\/\/www.buhl.de\/steuer\/wp-content\/uploads\/sites\/31\/2024\/07\/melanie.png","url":"https:\/\/www.buhl.de\/steuer\/wp-content\/uploads\/sites\/31\/2024\/07\/melanie.png","contentUrl":"https:\/\/www.buhl.de\/steuer\/wp-content\/uploads\/sites\/31\/2024\/07\/melanie.png","caption":"Melanie Holz"},"sameAs":["https:\/\/www.buhl.de\/steuer\/autoren\/melanie-holz\/"]}]}},"acf":[],"wps_subtitle":"Was Familien wissen m\u00fcssen","_links":{"self":[{"href":"https:\/\/www.buhl.de\/steuer\/wp-json\/wp\/v2\/posts\/59093","targetHints":{"allow":["GET"]}}],"collection":[{"href":"https:\/\/www.buhl.de\/steuer\/wp-json\/wp\/v2\/posts"}],"about":[{"href":"https:\/\/www.buhl.de\/steuer\/wp-json\/wp\/v2\/types\/post"}],"author":[{"embeddable":true,"href":"https:\/\/www.buhl.de\/steuer\/wp-json\/wp\/v2\/users\/158"}],"replies":[{"embeddable":true,"href":"https:\/\/www.buhl.de\/steuer\/wp-json\/wp\/v2\/comments?post=59093"}],"version-history":[{"count":14,"href":"https:\/\/www.buhl.de\/steuer\/wp-json\/wp\/v2\/posts\/59093\/revisions"}],"predecessor-version":[{"id":59798,"href":"https:\/\/www.buhl.de\/steuer\/wp-json\/wp\/v2\/posts\/59093\/revisions\/59798"}],"wp:featuredmedia":[{"embeddable":true,"href":"https:\/\/www.buhl.de\/steuer\/wp-json\/wp\/v2\/media\/59513"}],"wp:attachment":[{"href":"https:\/\/www.buhl.de\/steuer\/wp-json\/wp\/v2\/media?parent=59093"}],"wp:term":[{"taxonomy":"category","embeddable":true,"href":"https:\/\/www.buhl.de\/steuer\/wp-json\/wp\/v2\/categories?post=59093"},{"taxonomy":"post_tag","embeddable":true,"href":"https:\/\/www.buhl.de\/steuer\/wp-json\/wp\/v2\/tags?post=59093"}],"curies":[{"name":"wp","href":"https:\/\/api.w.org\/{rel}","templated":true}]}}