{"id":59261,"date":"2023-01-05T09:09:40","date_gmt":"2023-01-05T08:09:40","guid":{"rendered":"https:\/\/www.buhl.de\/steuer\/?p=59261"},"modified":"2025-03-12T09:18:53","modified_gmt":"2025-03-12T08:18:53","slug":"inflationsausgleichspraemie","status":"publish","type":"post","link":"https:\/\/www.buhl.de\/steuer\/ratgeber\/inflationsausgleichspraemie\/","title":{"rendered":"Inflationsausgleichspr\u00e4mie"},"content":{"rendered":"<p>Steigende Kosten f\u00fcr Nebenkosten, Lebensmittel &amp; Co. sorgen \u00fcberall f\u00fcr leere Hosentaschen. Um dagegen zu steuern, hat die Regierung eine weitere Finanzspritze abgesegnet: die <strong>Inflationsausgleichspr\u00e4mie<\/strong>. Wie gibt\u2019s die 3.000 Euro?<\/p>\n<p><!--more--><\/p>\n<h2>Kurz &amp; knapp<\/h2>\n<ul>\n<li>Du kannst bis zu 3.000 Euro von deinem Arbeitgeber bekommen, ohne Steuern und Sozialabgaben zahlen zu m\u00fcssen<\/li>\n<li>Die Steuerfreiheit gilt noch bis zum 31.12.2024<\/li>\n<li>Mit der Steuererkl\u00e4rung bekommst du noch mehr Geld im Kampf gegen die Inflation<\/li>\n<\/ul>\n<h2>Was ist die Inflationsausgleichspr\u00e4mie?<\/h2>\n<p>Durch steigende Lebenshaltungskosten bleibt am Ende des Monats weniger Geld \u00fcbrig. Manchmal reicht es nur gerade eben so, um \u00fcber die Runden zu kommen. Der Staat griff unter die Arme: Erst wurden die Steuern auf Sprit gesenkt, dann gab es die <a title=\"Energiepreispauschale und Steuer\" href=\"https:\/\/www.buhl.de\/steuer\/ratgeber\/energiepreispauschale\/\">Energiepreispauschale<\/a>. Diese Ma\u00dfnahmen geh\u00f6ren mittlerweile der Vergangenheit an. Was nun?<\/p>\n<p>Bis <strong>Ende 2024<\/strong> hast du die M\u00f6glichkeit, von deinem Arbeitgeber eine Zusatzzahlung von <strong>bis zu 3.000 Euro<\/strong> zu bekommen \u2013 und das ganz ohne Steuer- und Sozialabgaben. Einen Haken gibt es aber an der Sache: Die Inflationspr\u00e4mie ist eine freiwillige Leistung deines Chefs.<\/p>\n<h2>Welche Voraussetzungen gelten f\u00fcr die Steuerfreiheit?<\/h2>\n<p>Nat\u00fcrlich gibt es einige Voraussetzungen f\u00fcr die Inflationsausgleichspr\u00e4mie. Und zwar sind das folgende:<\/p>\n<h3>Zeitpunkt der Zahlung<\/h3>\n<p>Nur, wenn die Inflationspr\u00e4mie zwischen dem 26.10.2022 und 31.12.2024 ausgezahlt wird, musst du darauf keine Steuern zahlen.<\/p>\n<h3>H\u00f6he der Zahlung<\/h3>\n<p>Die Regierung hat einen <strong>Freibetrag<\/strong> in H\u00f6he von 3.000 Euro f\u00fcr diese Finanzspritze festgelegt. Das hei\u00dft, bei mehr Geld werden Steuern f\u00e4llig.<\/p>\n<p>Dein Arbeitgeber kann entscheiden, wie viel er dir auszahlt. Auch mehrere Teilzahlungen sind m\u00f6glich.<\/p>\n<h3>Zahlung kommt zus\u00e4tzlich zum Lohn<\/h3>\n<p>Wichtig ist, dass dein Arbeitgeber dir die Inflationsausgleichspr\u00e4mie zus\u00e4tzlich zu deinem Arbeitslohn auszahlt. Ansonsten f\u00e4llt die Steuerfreiheit weg.<\/p>\n<h3>Zahlung ist zum Zweck des Inflationsausgleichs<\/h3>\n<p>Dein Chef muss kennzeichnen, dass die Zusatzzahlung einen Zusammenhang mit der Inflation hat. Daf\u00fcr reicht es, wenn auf der Lohnabrechnung ein entsprechender Vermerk vorhanden ist (zum Beispiel in der Bezeichnung des Postens).<\/p>\n\r\n        <div class=\"white-background\">\r\n            <div class=\"full-width-text\">\r\n                <div class=\"inner-spacing blog-ad1-wrapper silver-background\">\r\n                    <div class=\"container blog-ad1\">\r\n                        <div class=\"row\">\r\n                        \r\n                            \r\n                            <div class=\"col-12\">\r\n                                \r\n                                    <div class=\"d-flex headline-spacing-30 justify-content-center\">\r\n                                        \r\n                                            <img decoding=\"async\" loading=\"lazy\" height=\"auto\" style=\"max-width:100%;\" alt=\"WISO&nbsp;Steuer\" title=\"WISO&nbsp;Steuer\" \r\n                                                class=\"d-none d-md-block \" src=\"https:\/\/www.buhl.de\/steuer\/wp-content\/themes\/steuer-web\/buhl-steuer\/assets\/full-width-text\/ad1\/logo-wiso-steuer.svg\" \/>\r\n                                        \r\n                                        \r\n                                                \r\n                                        \r\n                                            <img decoding=\"async\" loading=\"lazy\" alt=\"WISO&nbsp;Steuer\" title=\"WISO&nbsp;Steuer\" \r\n                                                class=\"mx-auto d-md-none mobile \" src=\"https:\/\/www.buhl.de\/steuer\/wp-content\/themes\/steuer-web\/buhl-steuer\/assets\/full-width-text\/ad1\/logo-wiso-steuer.svg\" \/>\r\n                                        \r\n                                    <\/div>\r\n                                \r\n                            \r\n                                \r\n                                    <p class=\"font-cairo-10 fw700 blue-font headline-spacing-30 text-center justify-content-center\">Hol dir dein Geld zur\u00fcck<\/p>\r\n                                \r\n                    \r\n                                <div class=\"font-source-sans-pro-1 mt-30 mb-30 blue-font subline-width text-center 1\">Lass deine Steuererkl\u00e4rung automatisch ausf\u00fcllen, gib sie digital ab und hol dir im Schnitt 1.674 \u20ac R\u00fcckerstattung vom Finanzamt.<br\/>Ganz einfach mit WISO&nbsp;Steuer.<\/div>\r\n                                \r\n                                \r\n\r\n                                <div class=\"d-flex flex-column flex-md-row align-items-center align-items-md-start justify-content-center\">\r\n                                    \r\n                                    <a class=\"font-cairo-2 fw700 intro-button primary w-230 d-none d-md-flex mr-md-25 justify-content-center align-items-center\"\r\n                                       role=\"button\"\r\n                                       href=\"https:\/\/www.buhl.de\/shop\/wisosteuer\/auswahl?2025=agv&wkz=STWEBMARKETINGSEITE&src=WEB\"\r\n                                       target=\"_self\"\r\n                                       title=\"WISO&nbsp;Steuer Lizenz kaufen\"\r\n                                       id=\"ad-1-testencta\"\r\n                                       onclick=\"dataLayer.push({'event': 'ButtonClick SW','sw-button': 'click-preise'});\">\r\n                                       Jetzt kaufen\r\n                                    <\/a>\r\n                                    \r\n                                    \r\n                                    \r\n                                    <a class=\"d-flex justify-content-center align-items-center d-md-none font-cairo-2 fw700 intro-button primary w-230\"\r\n                                       role=\"button\"\r\n                                       href=\"https:\/\/www.buhl.de\/shop\/wisosteuer\/auswahl?2025=agv&wkz=STWEBMARKETINGSEITE&src=WEB\"\r\n                                       target=\"_self\"\r\n                                       title=\"WISO&nbsp;Steuer Lizenz kaufen\"\r\n                                       id=\"adpapierkramkauf\"\r\n                                       onclick=\"dataLayer.push({'event': 'ButtonClick SW','sw-button': 'click-preise'});\">\r\n                                       Jetzt kaufen\r\n                                    <\/a>\r\n                                    \r\n                                    \r\n                                    \r\n                                    <a class=\"font-cairo-2 fw700 intro-button secondary w-230 d-none d-md-flex  justify-content-center align-items-center\"\r\n                                       role=\"button\"\r\n                                       href=\"https:\/\/www.buhl.de\/mein-buhlkonto\/?buhlparam=2100101\"\r\n                                       target=\"_self\"\r\n                                       title=\"Hier unverbindlich ausprobieren\"\r\n                                       id=\"ad1-testen\"\r\n                                       onclick=\"dataLayer.push({'event': 'ButtonClick SW','sw-button': 'click-testen'});\">\r\n                                       Kostenlos testen\r\n                                    <\/a>\r\n                                    \r\n                                    \r\n                                    \r\n                                    <a class=\"font-cairo-2 fw700 intro-button secondary w-230 d-flex d-md-none justify-content-center align-items-center mt-30\"\r\n                                       role=\"button\"\r\n                                       href=\"https:\/\/www.buhl.de\/mein-buhlkonto\/?buhlparam=2100101\"\r\n                                       target=\"_self\"\r\n                                       title=\"Hier unverbindlich ausprobieren\"\r\n                                       id=\"ad1-testen\"\r\n                                       onclick=\"dataLayer.push({'event': 'ButtonClick SW','sw-button': 'click-mobile-starten'});\">\r\n                                       Kostenlos testen\r\n                                    <\/a>\r\n                                    \r\n                                <\/div>\r\n                                \r\n                                \r\n                            <\/div>\r\n                        <\/div>\r\n                    <\/div>\r\n                <\/div>\r\n            <\/div>\r\n        <\/div>\r\n    \r\n        <div class=\"spacing-modul  \">\r\n            <div class=\"container spacing-modul\">\r\n               <div class=\"row\">\r\n                   <div id=\"\" class=\"anchor\"><\/div>\r\n                   <div class=\"col-12 modul-spacing-default-b\"><\/div>\r\n                   <div class=\"col-12 modul-spacing-default-b\"><\/div>\r\n               <\/div>\r\n            <\/div>\r\n        <\/div>\r\n    \n<h2>Wie bekomme ich die Inflationsausgleichspr\u00e4mie?<\/h2>\n<p>Die Inflationspr\u00e4mie ist eine freiwillige Zahlung deines Arbeitgebers. Er entscheidet, ob und wann du sie bekommst. Das bedeutet f\u00fcr dich: Du hast keinen Anspruch darauf. Wenn dein Chef sich dazu entscheidet, den steuerfreien Bonus zu geben, erh\u00e4ltst du ihn zusammen mit deinem normalen Gehalt.<\/p>\n<h2>Keine Inflationsausgleichspr\u00e4mie bekommen \u2013 was jetzt?<\/h2>\n<p>Dein Chef hat sich gegen die Pr\u00e4mie entschieden? Es gibt noch eine M\u00f6glichkeit, wie du dir ein bisschen Geld dazu verdienen kannst: Gib deine <a title=\"Wie mache ich die Steuererkl\u00e4rung?\" href=\"https:\/\/www.buhl.de\/steuer\/ratgeber\/steuererklaerung-machen\/\">Steuererkl\u00e4rung<\/a> ab! Mit WISO Steuer bekommst du im Durchschnitt 1.674 Euro.<\/p>\n<h2>Inflationsausgleichspr\u00e4mie in die Steuererkl\u00e4rung eintragen<\/h2>\n<p>Die Zahlung zum Inflationsausgleich tr\u00e4gst du nicht extra in die Steuererkl\u00e4rung ein. WISO Steuer erledigt das ganz automatisch f\u00fcr dich. Daf\u00fcr nutzt du den <a title=\"Steuer-Abruf Daten vom Finanzamt\" href=\"https:\/\/www.buhl.de\/steuer\/steuer-abruf\/\">Steuer-Abruf<\/a>. So landet alles an der richtigen Stelle \u2013 inklusive der Inflationsausgleichspr\u00e4mie.<\/p>\n\r\n        <div class=\"spacing-modul  \">\r\n            <div class=\"container spacing-modul\">\r\n               <div class=\"row\">\r\n                   <div id=\"\" class=\"anchor\"><\/div>\r\n                   <div class=\"col-12 modul-spacing-default-b\"><\/div>\r\n                   <div class=\"col-12 modul-spacing-default-b\"><\/div>\r\n               <\/div>\r\n            <\/div>\r\n        <\/div>\r\n    \r\n        <div class=\"white-background\">\r\n            <div class=\"container headlines \">\r\n                <div class=\"row\">              \r\n                    <div class=\"col-12 d-flex justify-content-start  justify-content-lg-center\">\r\n                    \t<div id=\"\" class=\"anchor\"><\/div>\r\n                        <div class=\"\">\r\n                           <h2 class=\"font-cairo-1 fw700 text-left text-lg-center blue-font \">FAQ: Inflationsausgleichspr\u00e4mie<\/h2>                   \r\n                        <\/div>\r\n                    <\/div>\r\n                <\/div>\r\n            <\/div>\r\n        <\/div>\r\n    \n\r\n        <div class=\"white-background\">\r\n            <div class=\"container faq-module blog-download buhl-ap\">\r\n                <div class=\"row\">\r\n                <div class=\"col-12 p-lg-0\">\r\n                \r\n                    <div class=\"accordion accordionFaq\" id=\"accordionFaq\">\n<div class=\"card\">\n<div class=\"d-flex card-header border-0 collapsed\" id=\"heading1\" data-toggle=\"collapse\" data-target=\"#collapse1\"\r\n                    aria-expanded=\"false\" aria-controls=\"collapse1\">                                            \r\n                    <h3 class=\"font-source-sans-pro-1 blue-font no-margin\">Wer hat Anspruch auf die Inflationsausgleichspr\u00e4mie?<\/h3>\r\n                <\/div>\r\n\n\r\n        <div id=\"collapse1\" class=\"collapse\" aria-labelledby=\"heading1\" data-parent=\"#accordionFaq\">\r\n            <div class=\"card-body\">\r\n                Es gibt keinen Anspruch auf die Zusatzzahlung, denn es ist eine freiwillige Leistung deines Arbeitgebers.                \r\n            <\/div>\r\n        <\/div>\r\n\n<\/div>\n<div class=\"card\">\n<div class=\"d-flex card-header border-0 collapsed\" id=\"heading2\" data-toggle=\"collapse\" data-target=\"#collapse2\"\r\n                    aria-expanded=\"false\" aria-controls=\"collapse2\">                                            \r\n                    <h3 class=\"font-source-sans-pro-1 blue-font no-margin\">Wer bekommt die Inflationsausgleichspr\u00e4mie?<\/h3>\r\n                <\/div>\r\n\n\r\n        <div id=\"collapse2\" class=\"collapse\" aria-labelledby=\"heading2\" data-parent=\"#accordionFaq\">\r\n            <div class=\"card-body\">\r\n                Die Inflationspr\u00e4mie gilt nur f\u00fcr Arbeitnehmer. Aber: Der Chef entscheidet dar\u00fcber, ob es die Zahlung gibt.                \r\n            <\/div>\r\n        <\/div>\r\n\n<\/div>\n<div class=\"card\">\n<div class=\"d-flex card-header border-0 collapsed\" id=\"heading3\" data-toggle=\"collapse\" data-target=\"#collapse3\"\r\n                    aria-expanded=\"false\" aria-controls=\"collapse3\">                                            \r\n                    <h3 class=\"font-source-sans-pro-1 blue-font no-margin\">Wann gibt es die 3.000 Euro Inflationsausgleich?<\/h3>\r\n                <\/div>\r\n\n\r\n        <div id=\"collapse3\" class=\"collapse\" aria-labelledby=\"heading3\" data-parent=\"#accordionFaq\">\r\n            <div class=\"card-body\">\r\n                Damit die Zahlung steuerfrei ist, musst du sie zwischen dem 26.10.2022 und 31.12.2024 bekommen.                \r\n            <\/div>\r\n        <\/div>\r\n\n<\/div>\n<div class=\"card\">\n<div class=\"d-flex card-header border-0 collapsed\" id=\"heading4\" data-toggle=\"collapse\" data-target=\"#collapse4\"\r\n                    aria-expanded=\"false\" aria-controls=\"collapse4\">                                            \r\n                    <h3 class=\"font-source-sans-pro-1 blue-font no-margin\">Ist mein Arbeitgeber verpflichtet, mir die Inflationsausgleichspr\u00e4mie zu zahlen?<\/h3>\r\n                <\/div>\r\n\n\r\n        <div id=\"collapse4\" class=\"collapse\" aria-labelledby=\"heading4\" data-parent=\"#accordionFaq\">\r\n            <div class=\"card-body\">\r\n                Nein, eine Pflicht gibt es nicht.<br \/>\n                \r\n            <\/div>\r\n        <\/div>\r\n\n<\/div>\n<div class=\"card\">\n<div class=\"d-flex card-header border-0 collapsed\" id=\"heading5\" data-toggle=\"collapse\" data-target=\"#collapse5\"\r\n                    aria-expanded=\"false\" aria-controls=\"collapse5\">                                            \r\n                    <h3 class=\"font-source-sans-pro-1 blue-font no-margin\">Muss ich die Inflationsausgleichspr\u00e4mie in die Steuererkl\u00e4rung eintragen?<\/h3>\r\n                <\/div>\r\n\n\r\n        <div id=\"collapse5\" class=\"collapse\" aria-labelledby=\"heading5\" data-parent=\"#accordionFaq\">\r\n            <div class=\"card-body\">\r\n                WISO Steuer macht das automatisch f\u00fcr dich. Mit dem <a title=\"Steuer-Abruf: Daten vom Finanzamt\" href=\"https:\/\/www.buhl.de\/steuer\/steuer-abruf\/\">Steuer-Abruf<\/a> werden alle Daten vom Finanzamt abgerufen, die dein Arbeitgeber gemeldet hat. Dazu z\u00e4hlt auch die Pr\u00e4mie.                \r\n            <\/div>\r\n        <\/div>\r\n\n<\/div>\n<div class=\"card\">\n<div class=\"d-flex card-header border-0 collapsed\" id=\"heading6\" data-toggle=\"collapse\" data-target=\"#collapse6\"\r\n                    aria-expanded=\"false\" aria-controls=\"collapse6\">                                            \r\n                    <h3 class=\"font-source-sans-pro-1 blue-font no-margin\">Wo trage ich die Inflationsausgleichspr\u00e4mie in die Steuererkl\u00e4rung ein?<\/h3>\r\n                <\/div>\r\n\n\r\n        <div id=\"collapse6\" class=\"collapse\" aria-labelledby=\"heading6\" data-parent=\"#accordionFaq\">\r\n            <div class=\"card-body\">\r\n                Mit dem <a title=\"Steuer-Abruf: Daten vom Finanzamt\" href=\"https:\/\/www.buhl.de\/steuer\/steuer-abruf\/\">Steuer-Abruf<\/a> von WISO Steuer landet die Inflationspr\u00e4mie an der richtigen Stelle in deiner Steuererkl\u00e4rung. So musst du dir keine Sorgen mehr machen, was wohin geh\u00f6rt.                \r\n            <\/div>\r\n        <\/div>\r\n\n<\/div>\n<\/div>\r\n                 <\/div>\r\n              <\/div>\r\n            <\/div>\r\n        <\/div>\r\n        <div class=\"spacing-modul  \">\r\n            <div class=\"container spacing-modul\">\r\n               <div class=\"row\">\r\n                   <div id=\"\" class=\"anchor\"><\/div>\r\n                   <div class=\"col-12 modul-spacing-default\"><\/div>\r\n                   <div class=\"col-12 modul-spacing-default-bottom\"><\/div>\r\n               <\/div>\r\n            <\/div>\r\n        <\/div>\r\n    \n\r\n        <div class=\"white-background\">\r\n            <div class=\"full-width-text\">\r\n                <div class=\"inner-spacing blog-ad1-wrapper silver-background\">\r\n                    <div class=\"container blog-ad1\">\r\n                        <div class=\"row\">\r\n                        \r\n                            <div class=\"col-12 col-md-6 d-none d-md-flex align-content-center\">\r\n                                \r\n                                    <img decoding=\"async\" loading=\"lazy\" height=\"auto\" style=\"max-width:100%;\" alt=\"Steuer-Abruf Logo\" title=\"\" \r\n                                        class=\"mx-auto d-none d-md-block \" src=\"https:\/\/www.buhl.de\/steuer\/wp-content\/themes\/steuer-web\/buhl-steuer\/assets\/blog\/blog-ad1\/abruf\/blog-automatisch_ausfuellen.svg\" \/>\r\n                                \r\n                            <\/div>\r\n                        \r\n                            \r\n                            <div class=\"col-12 col-md-6\">\r\n                                \r\n                                    <div class=\"d-flex headline-spacing-30 justify-content-start\">\r\n                                        \r\n                                            <img decoding=\"async\" loading=\"lazy\" height=\"auto\" style=\"max-width:100%;\" alt=\"Steuer-Abruf Logo\" title=\"Steuer-Abruf\" \r\n                                                class=\"d-none d-md-block \" src=\"https:\/\/www.buhl.de\/steuer\/wp-content\/themes\/steuer-web\/buhl-steuer\/assets\/blog\/blog-ad1\/abruf\/steuer-abruf-logo-icon.svg\" \/>\r\n                                        \r\n                                        \r\n                                                \r\n                                        \r\n                                            <img decoding=\"async\" loading=\"lazy\" alt=\"Steuer-Abruf Logo\" title=\"Steuer-Abruf\" \r\n                                                class=\"mx-auto d-md-none mobile \" src=\"https:\/\/www.buhl.de\/steuer\/wp-content\/themes\/steuer-web\/buhl-steuer\/assets\/blog\/blog-ad1\/abruf\/steuer-abruf-logo-icon.svg\" \/>\r\n                                        \r\n                                    <\/div>\r\n                                \r\n                            \r\n                                \r\n                                    <p class=\"font-cairo-10 fw700 blue-font headline-spacing-30 text-center justify-content-start text-md-left\">Lass deine Steuer automatisch ausf\u00fcllen<\/p>\r\n                                \r\n                    \r\n                                <div class=\"font-source-sans-pro-1 mt-30 mb-30 blue-font subline-width text-center text-md-left\">Spar dir Zeit und l\u00e4stiges Abtippen: WISO&nbsp;Steuer f\u00fcllt deine Erkl\u00e4rung automatisch aus. Und das Beste: Du kannst den Service kostenlos nutzen. Probiere es gleich heute aus!<\/div>\r\n                                \r\n                                \r\n\r\n                                <div class=\"d-flex flex-column flex-md-row align-items-center align-items-md-start justify-content-start\">\r\n                                    \r\n                                    <a class=\"font-cairo-2 fw700 intro-button primary w-230 d-none d-md-flex mr-md-25 justify-content-center align-items-center\"\r\n                                       role=\"button\"\r\n                                       href=\"https:\/\/www.buhl.de\/shop\/wisosteuer\/auswahl?2025=agv&wkz=STWEBMARKETINGSEITE&src=WEB\"\r\n                                       target=\"_self\"\r\n                                       title=\"WISO&nbsp;Steuer Lizenz kaufen\"\r\n                                       id=\"steuerabrufad\"\r\n                                       onclick=\"dataLayer.push({'event': 'ButtonClick SW','sw-button': 'click-preise'});\">\r\n                                       Jetzt kaufen\r\n                                    <\/a>\r\n                                    \r\n                                    \r\n                                    \r\n                                    <a class=\"d-flex justify-content-center align-items-center d-md-none font-cairo-2 fw700 intro-button primary w-230\"\r\n                                       role=\"button\"\r\n                                       href=\"https:\/\/www.buhl.de\/shop\/wisosteuer\/auswahl?2025=agv&wkz=STWEBMARKETINGSEITE&src=WEB\"\r\n                                       target=\"_self\"\r\n                                       title=\"WISO&nbsp;Steuer Lizenz kaufen\"\r\n                                       id=\"steuerabrufad\"\r\n                                       onclick=\"dataLayer.push({'event': 'ButtonClick SW','sw-button': 'click-preise'});\">\r\n                                       Jetzt kaufen\r\n                                    <\/a>\r\n                                    \r\n                                    \r\n                                    \r\n                                    \r\n                                    \r\n                                <\/div>\r\n                                \r\n                                \r\n                                    <div class=\"d-flex d-md-none align-content-center mobile-image-spacing\">\r\n                                        \r\n                                            <img decoding=\"async\" loading=\"lazy\" height=\"auto\" style=\"max-width:100%;\" alt=\"Steuer-Abruf Logo\" title=\"\" \r\n                                                class=\"\" src=\"https:\/\/www.buhl.de\/steuer\/wp-content\/themes\/steuer-web\/buhl-steuer\/assets\/blog\/blog-ad1\/abruf\/blog-automatisch_ausfuellen.svg\" \/>\r\n                                        \r\n                                    <\/div>\r\n                                \r\n                            <\/div>\r\n                        <\/div>\r\n                    <\/div>\r\n                <\/div>\r\n            <\/div>\r\n        <\/div>\r\n    \r\n        <div class=\"spacing-modul  \">\r\n            <div class=\"container spacing-modul\">\r\n               <div class=\"row\">\r\n                   <div id=\"\" class=\"anchor\"><\/div>\r\n                   <div class=\"col-12 modul-spacing-default-b\"><\/div>\r\n                   <div class=\"col-12 modul-spacing-default-b\"><\/div>\r\n               <\/div>\r\n            <\/div>\r\n        <\/div>\r\n    \n","protected":false},"excerpt":{"rendered":"<p>Steigende Kosten f\u00fcr Nebenkosten, Lebensmittel &amp; Co. sorgen \u00fcberall f\u00fcr leere Hosentaschen. Um dagegen zu steuern, hat die Regierung eine weitere Finanzspritze abgesegnet: die Inflationsausgleichspr\u00e4mie. Wie gibt\u2019s die 3.000 Euro?<\/p>\n","protected":false},"author":220,"featured_media":59262,"comment_status":"closed","ping_status":"open","sticky":false,"template":"","format":"standard","meta":{"_acf_changed":false,"footnotes":""},"categories":[2817,2810,2808],"tags":[],"class_list":["post-59261","post","type-post","status-publish","format-standard","has-post-thumbnail","hentry","category-finanzen","category-haus","category-arbeit"],"yoast_head":"<!-- This site is optimized with the Yoast SEO Premium plugin v27.0 (Yoast SEO v27.0) - https:\/\/yoast.com\/product\/yoast-seo-premium-wordpress\/ -->\n<title>Inflationsausgleichspr\u00e4mie: Das steuerfreie Extra vom Chef<\/title>\n<meta name=\"description\" content=\"Alles wird teurer. Deswegen gibt es die Inflationsausgleichspr\u00e4mie \u2728 Was ist zu beachten? Was ist mit der Steuer? \ud83e\udd13 Hier lesen.\" \/>\n<meta name=\"robots\" content=\"index, follow, max-snippet:-1, max-image-preview:large, max-video-preview:-1\" \/>\n<link rel=\"canonical\" href=\"https:\/\/www.buhl.de\/steuer\/ratgeber\/inflationsausgleichspraemie\/\" \/>\n<meta property=\"og:locale\" content=\"de_DE\" \/>\n<meta property=\"og:type\" content=\"article\" \/>\n<meta property=\"og:title\" content=\"Inflationsausgleichspr\u00e4mie\" \/>\n<meta property=\"og:description\" content=\"Alles wird teurer. Deswegen gibt es die Inflationsausgleichspr\u00e4mie \u2728 Was ist zu beachten? Was ist mit der Steuer? \ud83e\udd13 Hier lesen.\" \/>\n<meta property=\"og:url\" content=\"https:\/\/www.buhl.de\/steuer\/ratgeber\/inflationsausgleichspraemie\/\" \/>\n<meta property=\"og:site_name\" content=\"WISO Steuer: Nr.1 App f\u00fcr die Steuererkl\u00e4rung\" \/>\n<meta property=\"article:published_time\" content=\"2023-01-05T08:09:40+00:00\" \/>\n<meta property=\"article:modified_time\" content=\"2025-03-12T08:18:53+00:00\" \/>\n<meta property=\"og:image\" content=\"https:\/\/www.buhl.de\/steuer\/wp-content\/uploads\/sites\/31\/2023\/05\/inflationsausgleichspraemie-steuer-titelbild.jpg\" \/>\n\t<meta property=\"og:image:width\" content=\"976\" \/>\n\t<meta property=\"og:image:height\" content=\"400\" \/>\n\t<meta property=\"og:image:type\" content=\"image\/jpeg\" \/>\n<meta name=\"author\" content=\"Udo Reu\u00df\" \/>\n<meta name=\"twitter:card\" content=\"summary_large_image\" \/>\n<meta name=\"twitter:label1\" content=\"Verfasst von\" \/>\n\t<meta name=\"twitter:data1\" content=\"Udo Reu\u00df\" \/>\n\t<meta name=\"twitter:label2\" content=\"Gesch\u00e4tzte Lesezeit\" \/>\n\t<meta name=\"twitter:data2\" content=\"4\u00a0Minuten\" \/>\n<script type=\"application\/ld+json\" class=\"yoast-schema-graph\">{\"@context\":\"https:\/\/schema.org\",\"@graph\":[{\"@type\":\"Article\",\"@id\":\"https:\/\/www.buhl.de\/steuer\/ratgeber\/inflationsausgleichspraemie\/#article\",\"isPartOf\":{\"@id\":\"https:\/\/www.buhl.de\/steuer\/ratgeber\/inflationsausgleichspraemie\/\"},\"author\":{\"name\":\"Udo Reu\u00df\",\"@id\":\"https:\/\/www.buhl.de\/steuer\/#\/schema\/person\/03b5508d4c85dc193be95cb4e2d78423\"},\"headline\":\"Inflationsausgleichspr\u00e4mie\",\"datePublished\":\"2023-01-05T08:09:40+00:00\",\"dateModified\":\"2025-03-12T08:18:53+00:00\",\"mainEntityOfPage\":{\"@id\":\"https:\/\/www.buhl.de\/steuer\/ratgeber\/inflationsausgleichspraemie\/\"},\"wordCount\":699,\"publisher\":{\"@id\":\"https:\/\/www.buhl.de\/steuer\/#organization\"},\"image\":{\"@id\":\"https:\/\/www.buhl.de\/steuer\/ratgeber\/inflationsausgleichspraemie\/#primaryimage\"},\"thumbnailUrl\":\"https:\/\/www.buhl.de\/steuer\/wp-content\/uploads\/sites\/31\/2023\/05\/inflationsausgleichspraemie-steuer-titelbild.jpg\",\"articleSection\":[\"Ratgeber: Finanzen &amp; Steuern\",\"Ratgeber: Immobilien &amp; Steuern\",\"Ratgeber: Steuern &amp; Gehalt\"],\"inLanguage\":\"de\"},{\"@type\":\"WebPage\",\"@id\":\"https:\/\/www.buhl.de\/steuer\/ratgeber\/inflationsausgleichspraemie\/\",\"url\":\"https:\/\/www.buhl.de\/steuer\/ratgeber\/inflationsausgleichspraemie\/\",\"name\":\"Inflationsausgleichspr\u00e4mie: Das steuerfreie Extra vom Chef\",\"isPartOf\":{\"@id\":\"https:\/\/www.buhl.de\/steuer\/#website\"},\"primaryImageOfPage\":{\"@id\":\"https:\/\/www.buhl.de\/steuer\/ratgeber\/inflationsausgleichspraemie\/#primaryimage\"},\"image\":{\"@id\":\"https:\/\/www.buhl.de\/steuer\/ratgeber\/inflationsausgleichspraemie\/#primaryimage\"},\"thumbnailUrl\":\"https:\/\/www.buhl.de\/steuer\/wp-content\/uploads\/sites\/31\/2023\/05\/inflationsausgleichspraemie-steuer-titelbild.jpg\",\"datePublished\":\"2023-01-05T08:09:40+00:00\",\"dateModified\":\"2025-03-12T08:18:53+00:00\",\"description\":\"Alles wird teurer. Deswegen gibt es die Inflationsausgleichspr\u00e4mie \u2728 Was ist zu beachten? Was ist mit der Steuer? \ud83e\udd13 Hier lesen.\",\"breadcrumb\":{\"@id\":\"https:\/\/www.buhl.de\/steuer\/ratgeber\/inflationsausgleichspraemie\/#breadcrumb\"},\"inLanguage\":\"de\",\"potentialAction\":[{\"@type\":\"ReadAction\",\"target\":[\"https:\/\/www.buhl.de\/steuer\/ratgeber\/inflationsausgleichspraemie\/\"]}]},{\"@type\":\"ImageObject\",\"inLanguage\":\"de\",\"@id\":\"https:\/\/www.buhl.de\/steuer\/ratgeber\/inflationsausgleichspraemie\/#primaryimage\",\"url\":\"https:\/\/www.buhl.de\/steuer\/wp-content\/uploads\/sites\/31\/2023\/05\/inflationsausgleichspraemie-steuer-titelbild.jpg\",\"contentUrl\":\"https:\/\/www.buhl.de\/steuer\/wp-content\/uploads\/sites\/31\/2023\/05\/inflationsausgleichspraemie-steuer-titelbild.jpg\",\"width\":976,\"height\":400},{\"@type\":\"BreadcrumbList\",\"@id\":\"https:\/\/www.buhl.de\/steuer\/ratgeber\/inflationsausgleichspraemie\/#breadcrumb\",\"itemListElement\":[{\"@type\":\"ListItem\",\"position\":1,\"name\":\"Steuererkl\u00e4rung\",\"item\":\"https:\/\/www.buhl.de\/steuer\/\"},{\"@type\":\"ListItem\",\"position\":2,\"name\":\"Inflationsausgleichspr\u00e4mie\"}]},{\"@type\":\"WebSite\",\"@id\":\"https:\/\/www.buhl.de\/steuer\/#website\",\"url\":\"https:\/\/www.buhl.de\/steuer\/\",\"name\":\"WISO Steuer: Nr. 1 Steuer-App\",\"description\":\"\",\"publisher\":{\"@id\":\"https:\/\/www.buhl.de\/steuer\/#organization\"},\"potentialAction\":[{\"@type\":\"SearchAction\",\"target\":{\"@type\":\"EntryPoint\",\"urlTemplate\":\"https:\/\/www.buhl.de\/steuer\/?s={search_term_string}\"},\"query-input\":{\"@type\":\"PropertyValueSpecification\",\"valueRequired\":true,\"valueName\":\"search_term_string\"}}],\"inLanguage\":\"de\"},{\"@type\":\"Organization\",\"@id\":\"https:\/\/www.buhl.de\/steuer\/#organization\",\"name\":\"WISO Steuer | Buhl Data Service GmbH\",\"url\":\"https:\/\/www.buhl.de\/steuer\/\",\"logo\":{\"@type\":\"ImageObject\",\"inLanguage\":\"de\",\"@id\":\"https:\/\/www.buhl.de\/steuer\/#\/schema\/logo\/image\/\",\"url\":\"https:\/\/www.buhl.de\/steuer\/wp-content\/uploads\/sites\/31\/2026\/02\/logo-wiso-steuer-app.svg\",\"contentUrl\":\"https:\/\/www.buhl.de\/steuer\/wp-content\/uploads\/sites\/31\/2026\/02\/logo-wiso-steuer-app.svg\",\"width\":375,\"height\":72,\"caption\":\"WISO Steuer | Buhl Data Service GmbH\"},\"image\":{\"@id\":\"https:\/\/www.buhl.de\/steuer\/#\/schema\/logo\/image\/\"}},{\"@type\":\"Person\",\"@id\":\"https:\/\/www.buhl.de\/steuer\/#\/schema\/person\/03b5508d4c85dc193be95cb4e2d78423\",\"name\":\"Udo Reu\u00df\",\"image\":{\"@type\":\"ImageObject\",\"inLanguage\":\"de\",\"@id\":\"https:\/\/www.buhl.de\/steuer\/#\/schema\/person\/image\/\",\"url\":\"https:\/\/www.buhl.de\/steuer\/wp-content\/uploads\/sites\/31\/2024\/07\/udo.png\",\"contentUrl\":\"https:\/\/www.buhl.de\/steuer\/wp-content\/uploads\/sites\/31\/2024\/07\/udo.png\",\"caption\":\"Udo Reu\u00df\"},\"sameAs\":[\"https:\/\/www.buhl.de\/steuer\/autoren\/udo-reuss\/\"]}]}<\/script>\n<!-- \/ Yoast SEO Premium plugin. -->","yoast_head_json":{"title":"Inflationsausgleichspr\u00e4mie: Das steuerfreie Extra vom Chef","description":"Alles wird teurer. Deswegen gibt es die Inflationsausgleichspr\u00e4mie \u2728 Was ist zu beachten? Was ist mit der Steuer? \ud83e\udd13 Hier lesen.","robots":{"index":"index","follow":"follow","max-snippet":"max-snippet:-1","max-image-preview":"max-image-preview:large","max-video-preview":"max-video-preview:-1"},"canonical":"https:\/\/www.buhl.de\/steuer\/ratgeber\/inflationsausgleichspraemie\/","og_locale":"de_DE","og_type":"article","og_title":"Inflationsausgleichspr\u00e4mie","og_description":"Alles wird teurer. Deswegen gibt es die Inflationsausgleichspr\u00e4mie \u2728 Was ist zu beachten? Was ist mit der Steuer? \ud83e\udd13 Hier lesen.","og_url":"https:\/\/www.buhl.de\/steuer\/ratgeber\/inflationsausgleichspraemie\/","og_site_name":"WISO Steuer: Nr.1 App f\u00fcr die Steuererkl\u00e4rung","article_published_time":"2023-01-05T08:09:40+00:00","article_modified_time":"2025-03-12T08:18:53+00:00","og_image":[{"width":976,"height":400,"url":"https:\/\/www.buhl.de\/steuer\/wp-content\/uploads\/sites\/31\/2023\/05\/inflationsausgleichspraemie-steuer-titelbild.jpg","type":"image\/jpeg"}],"author":"Udo Reu\u00df","twitter_card":"summary_large_image","twitter_misc":{"Verfasst von":"Udo Reu\u00df","Gesch\u00e4tzte Lesezeit":"4\u00a0Minuten"},"schema":{"@context":"https:\/\/schema.org","@graph":[{"@type":"Article","@id":"https:\/\/www.buhl.de\/steuer\/ratgeber\/inflationsausgleichspraemie\/#article","isPartOf":{"@id":"https:\/\/www.buhl.de\/steuer\/ratgeber\/inflationsausgleichspraemie\/"},"author":{"name":"Udo Reu\u00df","@id":"https:\/\/www.buhl.de\/steuer\/#\/schema\/person\/03b5508d4c85dc193be95cb4e2d78423"},"headline":"Inflationsausgleichspr\u00e4mie","datePublished":"2023-01-05T08:09:40+00:00","dateModified":"2025-03-12T08:18:53+00:00","mainEntityOfPage":{"@id":"https:\/\/www.buhl.de\/steuer\/ratgeber\/inflationsausgleichspraemie\/"},"wordCount":699,"publisher":{"@id":"https:\/\/www.buhl.de\/steuer\/#organization"},"image":{"@id":"https:\/\/www.buhl.de\/steuer\/ratgeber\/inflationsausgleichspraemie\/#primaryimage"},"thumbnailUrl":"https:\/\/www.buhl.de\/steuer\/wp-content\/uploads\/sites\/31\/2023\/05\/inflationsausgleichspraemie-steuer-titelbild.jpg","articleSection":["Ratgeber: Finanzen &amp; Steuern","Ratgeber: Immobilien &amp; Steuern","Ratgeber: Steuern &amp; Gehalt"],"inLanguage":"de"},{"@type":"WebPage","@id":"https:\/\/www.buhl.de\/steuer\/ratgeber\/inflationsausgleichspraemie\/","url":"https:\/\/www.buhl.de\/steuer\/ratgeber\/inflationsausgleichspraemie\/","name":"Inflationsausgleichspr\u00e4mie: Das steuerfreie Extra vom Chef","isPartOf":{"@id":"https:\/\/www.buhl.de\/steuer\/#website"},"primaryImageOfPage":{"@id":"https:\/\/www.buhl.de\/steuer\/ratgeber\/inflationsausgleichspraemie\/#primaryimage"},"image":{"@id":"https:\/\/www.buhl.de\/steuer\/ratgeber\/inflationsausgleichspraemie\/#primaryimage"},"thumbnailUrl":"https:\/\/www.buhl.de\/steuer\/wp-content\/uploads\/sites\/31\/2023\/05\/inflationsausgleichspraemie-steuer-titelbild.jpg","datePublished":"2023-01-05T08:09:40+00:00","dateModified":"2025-03-12T08:18:53+00:00","description":"Alles wird teurer. Deswegen gibt es die Inflationsausgleichspr\u00e4mie \u2728 Was ist zu beachten? Was ist mit der Steuer? \ud83e\udd13 Hier lesen.","breadcrumb":{"@id":"https:\/\/www.buhl.de\/steuer\/ratgeber\/inflationsausgleichspraemie\/#breadcrumb"},"inLanguage":"de","potentialAction":[{"@type":"ReadAction","target":["https:\/\/www.buhl.de\/steuer\/ratgeber\/inflationsausgleichspraemie\/"]}]},{"@type":"ImageObject","inLanguage":"de","@id":"https:\/\/www.buhl.de\/steuer\/ratgeber\/inflationsausgleichspraemie\/#primaryimage","url":"https:\/\/www.buhl.de\/steuer\/wp-content\/uploads\/sites\/31\/2023\/05\/inflationsausgleichspraemie-steuer-titelbild.jpg","contentUrl":"https:\/\/www.buhl.de\/steuer\/wp-content\/uploads\/sites\/31\/2023\/05\/inflationsausgleichspraemie-steuer-titelbild.jpg","width":976,"height":400},{"@type":"BreadcrumbList","@id":"https:\/\/www.buhl.de\/steuer\/ratgeber\/inflationsausgleichspraemie\/#breadcrumb","itemListElement":[{"@type":"ListItem","position":1,"name":"Steuererkl\u00e4rung","item":"https:\/\/www.buhl.de\/steuer\/"},{"@type":"ListItem","position":2,"name":"Inflationsausgleichspr\u00e4mie"}]},{"@type":"WebSite","@id":"https:\/\/www.buhl.de\/steuer\/#website","url":"https:\/\/www.buhl.de\/steuer\/","name":"WISO Steuer: Nr. 1 Steuer-App","description":"","publisher":{"@id":"https:\/\/www.buhl.de\/steuer\/#organization"},"potentialAction":[{"@type":"SearchAction","target":{"@type":"EntryPoint","urlTemplate":"https:\/\/www.buhl.de\/steuer\/?s={search_term_string}"},"query-input":{"@type":"PropertyValueSpecification","valueRequired":true,"valueName":"search_term_string"}}],"inLanguage":"de"},{"@type":"Organization","@id":"https:\/\/www.buhl.de\/steuer\/#organization","name":"WISO Steuer | Buhl Data Service GmbH","url":"https:\/\/www.buhl.de\/steuer\/","logo":{"@type":"ImageObject","inLanguage":"de","@id":"https:\/\/www.buhl.de\/steuer\/#\/schema\/logo\/image\/","url":"https:\/\/www.buhl.de\/steuer\/wp-content\/uploads\/sites\/31\/2026\/02\/logo-wiso-steuer-app.svg","contentUrl":"https:\/\/www.buhl.de\/steuer\/wp-content\/uploads\/sites\/31\/2026\/02\/logo-wiso-steuer-app.svg","width":375,"height":72,"caption":"WISO Steuer | Buhl Data Service GmbH"},"image":{"@id":"https:\/\/www.buhl.de\/steuer\/#\/schema\/logo\/image\/"}},{"@type":"Person","@id":"https:\/\/www.buhl.de\/steuer\/#\/schema\/person\/03b5508d4c85dc193be95cb4e2d78423","name":"Udo Reu\u00df","image":{"@type":"ImageObject","inLanguage":"de","@id":"https:\/\/www.buhl.de\/steuer\/#\/schema\/person\/image\/","url":"https:\/\/www.buhl.de\/steuer\/wp-content\/uploads\/sites\/31\/2024\/07\/udo.png","contentUrl":"https:\/\/www.buhl.de\/steuer\/wp-content\/uploads\/sites\/31\/2024\/07\/udo.png","caption":"Udo Reu\u00df"},"sameAs":["https:\/\/www.buhl.de\/steuer\/autoren\/udo-reuss\/"]}]}},"acf":[],"wps_subtitle":"3.000 Euro steuerfrei vom Chef","_links":{"self":[{"href":"https:\/\/www.buhl.de\/steuer\/wp-json\/wp\/v2\/posts\/59261","targetHints":{"allow":["GET"]}}],"collection":[{"href":"https:\/\/www.buhl.de\/steuer\/wp-json\/wp\/v2\/posts"}],"about":[{"href":"https:\/\/www.buhl.de\/steuer\/wp-json\/wp\/v2\/types\/post"}],"author":[{"embeddable":true,"href":"https:\/\/www.buhl.de\/steuer\/wp-json\/wp\/v2\/users\/220"}],"replies":[{"embeddable":true,"href":"https:\/\/www.buhl.de\/steuer\/wp-json\/wp\/v2\/comments?post=59261"}],"version-history":[{"count":17,"href":"https:\/\/www.buhl.de\/steuer\/wp-json\/wp\/v2\/posts\/59261\/revisions"}],"predecessor-version":[{"id":60231,"href":"https:\/\/www.buhl.de\/steuer\/wp-json\/wp\/v2\/posts\/59261\/revisions\/60231"}],"wp:featuredmedia":[{"embeddable":true,"href":"https:\/\/www.buhl.de\/steuer\/wp-json\/wp\/v2\/media\/59262"}],"wp:attachment":[{"href":"https:\/\/www.buhl.de\/steuer\/wp-json\/wp\/v2\/media?parent=59261"}],"wp:term":[{"taxonomy":"category","embeddable":true,"href":"https:\/\/www.buhl.de\/steuer\/wp-json\/wp\/v2\/categories?post=59261"},{"taxonomy":"post_tag","embeddable":true,"href":"https:\/\/www.buhl.de\/steuer\/wp-json\/wp\/v2\/tags?post=59261"}],"curies":[{"name":"wp","href":"https:\/\/api.w.org\/{rel}","templated":true}]}}