{"id":59595,"date":"2023-05-30T08:29:16","date_gmt":"2023-05-30T06:29:16","guid":{"rendered":"https:\/\/www.buhl.de\/steuer\/?p=59595"},"modified":"2025-06-16T14:55:46","modified_gmt":"2025-06-16T12:55:46","slug":"workation","status":"publish","type":"post","link":"https:\/\/www.buhl.de\/steuer\/ratgeber\/workation\/","title":{"rendered":"Strand statt B\u00fcro: Was gilt f\u00fcr Workation bei der Steuer?"},"content":{"rendered":"<p>Blauer Himmel, wei\u00dfer Strand, kristallklares Wasser \u2013 an solchen Orten macht sogar Arbeiten Spa\u00df! Und warum auch nicht? Seit der Corona-Pandemie ist das mobile Arbeiten in vielen Unternehmen zum Standard geworden. Spielt es dann noch eine Rolle, wo genau man arbeitet? Was f\u00fcr Workation und Steuer gilt, erkl\u00e4ren wir hier.<br \/>\n<!--more--><\/p>\n<h2>Kurz &amp; knapp<\/h2>\n<ul>\n<li>Workation kombiniert Arbeiten und Urlaub im Ausland<\/li>\n<li>Je nach L\u00e4nge des Aufenthalts k\u00f6nnen unterschiedliche Regelung bei der Steuer gelten<\/li>\n<li>Aufgepasst auch beim Thema Sozialversicherung und Arbeitserlaubnis im Zielland<\/li>\n<\/ul>\n<p>Mit <a href=\"https:\/\/www.buhl.de\/steuer\/\">WISO Steuer<\/a> machst du alles richtig und bist dabei flexibel: Du kannst bis zu 5 Steuererkl\u00e4rungen pro Jahr abgeben \u2013 ohne extra Kosten. Einfach anmelden und ausprobieren \u2013 ganz ohne Risiko.<\/p>\n\r\n        <div role=\"region\" aria-label=\"\" class=\"white-background\">\r\n            <div class=\"container\">\r\n                <div class=\"row\">\r\n                    <div class=\"col-12 d-flex justify-content-center align-items-center flex-column flex-lg-row\">\r\n                    \r\n\r\n                    \r\n                        <a class=\"secondary w-230 d-none d-md-flex justify-content-center align-items-center font-cairo-2 fw700 action-anonymous\"\r\n                            role=\"button\"\r\n                            href=\"https:\/\/www.buhl.de\/mein-buhlkonto\/?buhlparam=2100101\"\r\n                            title=\"Kostenlos testen\"\r\n                            target=\"_self\"\r\n                            id=\"workation-einstieg\"\r\n                            onclick=\"dataLayer.push({'event': 'ButtonClick SW','sw-button': 'click-testen'});\">\r\n                            Kostenlos testen\r\n                        <\/a>\r\n\r\n                        <a class=\"secondary w-230 d-flex d-md-none justify-content-center align-items-center font-cairo-2 fw700 action-anonymous\"\r\n                            role=\"button\"\r\n                            href=\"https:\/\/www.buhl.de\/mein-buhlkonto\/?buhlparam=2100101\"\r\n                            title=\"Kostenlos testen\"\r\n                            target=\"_self\"\r\n                            id=\"workation-einstieg-m\"\r\n                            onclick=\"dataLayer.push({'event': 'ButtonClick SW','sw-button': 'click-mobile-starten'});\">\r\n                            Kostenlos testen\r\n                        <\/a>\r\n                    \r\n                    <\/div>\r\n                <\/div>\r\n            <\/div>\r\n        <\/div>\r\n    \r\n        <div class=\"spacing-modul  \">\r\n            <div class=\"container spacing-modul\">\r\n               <div class=\"row\">\r\n                   <div id=\"\" class=\"anchor\"><\/div>\r\n                   <div class=\"col-12 modul-spacing-default-b\"><\/div>\r\n                   <div class=\"col-12 modul-spacing-default-b\"><\/div>\r\n               <\/div>\r\n            <\/div>\r\n        <\/div>\r\n    \n<h2>Workation \u2013 was ist das?<\/h2>\n<p>Hinter dem Wort verstecken sich die englischen Begriffe: \u201ework\u201c und \u201evacation\u201c. Gemeint ist eine Kombination aus Arbeiten und Urlaub \u2013 bevorzugt im Ausland. Die Idealvorstellung: tags\u00fcber konzentriert im Homeoffice arbeiten, am Nachmittag Sehensw\u00fcrdigkeiten entdecken oder am Strand entspannen. So l\u00e4sst sich die Welt bereisen, ohne daf\u00fcr wertvolle Urlaubstage einsetzen zu m\u00fcssen.<\/p>\n<p>Na dann \u2013 auf die Koffer, fertig, los?! Besser nicht. Das Arbeiten im Ausland sollte gut geplant sein. Denn je nachdem, wie lange du dich im Ausland aufhalten m\u00f6chtest, gelten unterschiedliche Regeln f\u00fcr die Besteuerung.<\/p>\n<h2>Workation &amp; Steuern: Darauf kommt es an<\/h2>\n<h3>Doppelbesteuerungsabkommen<\/h3>\n<p>Grunds\u00e4tzlich gilt: Du bist dort steuerpflichtig, wo sich dein gew\u00f6hnlicher Aufenthaltsort befindet. Wichtig dabei ist, dass du an diesem Ort mindestens 6 Monate lebst. Dann werden alle deine in- und ausl\u00e4ndischen Eink\u00fcnfte nach dem Recht dieses Landes besteuert.<\/p>\n<p>Kompliziert wird es, wenn du in einem Land lebst und in einem anderen Land dein Geld verdienst. F\u00fcr diesen Fall hat Deutschland mit vielen Staaten sogenannte <a title=\"Was ist das Doppelbesteuerungsabkommen?\" href=\"https:\/\/www.buhl.de\/steuer\/ratgeber\/doppelbesteuerungsabkommen\/\">Doppelbesteuerungsabkommen<\/a> geschlossen. Darin wird genau geregelt, in welchem Land dein Einkommen versteuert wird. In der Regel ist es das Land, in dem gearbeitet wird. So soll verhindert werden, dass auf dein Gehalt mehrfach Steuern anfallen.<\/p>\n<p>Planst du einen l\u00e4ngeren Aufenthalt im Ausland, solltest du pr\u00fcfen, ob es solche Abkommen zwischen den L\u00e4ndern gibt und was darin geregelt ist.<\/p>\n<h3>Die 183-Tage-Regel<\/h3>\n<p>Wie der Name schon sagt, liegt hier die entscheidende Grenze bei 183 Tagen im Ausland. \u00dcberschreitest du diese Grenze nicht, \u00e4ndert sich aus steuerlicher Sicht nichts. Dein Lohn wird also wie gewohnt weiterhin in Deutschland besteuert. Doch so einfach das auch klingt, bei der Regel gibt es ein paar wichtige Dinge zu beachten:<\/p>\n<ul>\n<li>Die 183-Tage-Regel gilt nur f\u00fcr Angestellte, Selbstst\u00e4ndige sind davon ausgenommen<\/li>\n<li>Die Regel greift nur, wenn das Zielland ein Doppelbesteuerungsabkommen mit Deutschland hat und das darin verankert wird, ansonsten gilt ab dem 1. Tag die Besteuerung im Zielland<\/li>\n<\/ul>\n\r\n        <div class=\"white-background\">\r\n            <div class=\"container\">\r\n                <div class=\"content blog-wrapper\">\r\n                    <div class=\"row\">\r\n                        <div class=\"d-flex align-items-center text-center text-lg-left align-items-xl-start flex-column flex-xl-row col-12 offset-lg-2 col-lg-8 offset-xl-1 col-xl-9\">\r\n                            <img decoding=\"async\" loading=\"lazy\" class=\"img-fluid\" src=\"https:\/\/www.buhl.de\/steuer\/wp-content\/themes\/steuer-web\/buhl-steuer\/assets\/blog\/blog-module\/achtung-icon.svg\" alt=\"Achtung Icon\" title=\"Achtung\" \/>\r\n                            <div class=\"d-flex flex-column\">\r\n                                <h3 class=\"font-source-sans-pro-10 fw700 blue-font headline\">Individuell pr\u00fcfen!<\/h3><div class=\"font-source-sans-pro-1 blue-font\">Damit dir b\u00f6se \u00dcberraschungen erspart bleiben, solltest du vor deiner Reise genau pr\u00fcfen, ob die 183-Tage-Regel auch f\u00fcr dein Zielland greift.<\/div><\/div>\r\n                        <\/div>\r\n                    <\/div>\r\n                <\/div>\r\n            <\/div>\r\n        <\/div>\r\n    \r\n        <div class=\"spacing-modul  \">\r\n            <div class=\"container spacing-modul\">\r\n               <div class=\"row\">\r\n                   <div id=\"\" class=\"anchor\"><\/div>\r\n                   <div class=\"col-12 modul-spacing-blog-c\"><\/div>\r\n                   <div class=\"col-12 modul-spacing-blog-c\"><\/div>\r\n               <\/div>\r\n            <\/div>\r\n        <\/div>\r\n    \n<h4>Diese Voraussetzungen gelten<\/h4>\n<ul>\n<li>Du arbeitest pro Steuerjahr an weniger als 183 Tagen im Ausland<\/li>\n<li>Du arbeitest weiterhin bei deinem deutschen Arbeitgeber oder bei einem in Deutschland ans\u00e4ssigen Unternehmen<\/li>\n<\/ul>\n<h4>So berechnest du die 183 Tage<\/h4>\n<p>Achtung: Bei der 183-Tage-Regel gelten nicht nur die reinen Arbeitstage. Auch die An- und Abreisetage sowie Feiertage und Wochenenden werden mitgez\u00e4hlt. In manchen F\u00e4llen musst du besonders aufpassen, wenn du zus\u00e4tzlich auch noch \u201eechten\u201c Urlaub planst.<\/p>\n<p>Denn in manchen Doppelbesteuerungsabkommen gilt auch: H\u00e4ngst du deinen Urlaub unmittelbar vor oder nach der Arbeitst\u00e4tigkeit im gleichen Land an, z\u00e4hlen auch diese Tage zu den 183 Tagen dazu.<\/p>\n\r\n        <div class=\"spacing-modul  \">\r\n            <div class=\"container spacing-modul\">\r\n               <div class=\"row\">\r\n                   <div id=\"\" class=\"anchor\"><\/div>\r\n                   <div class=\"col-12 modul-spacing-blog-c\"><\/div>\r\n                   <div class=\"col-12 modul-spacing-blog-c\"><\/div>\r\n               <\/div>\r\n            <\/div>\r\n        <\/div>\r\n    \r\n        <div class=\"white-background\">\r\n            <div class=\"full-width-text\">\r\n                <div class=\"blog-wrapper silver-background\">\r\n                    <div class=\"container blog-ad1\">\r\n                        <div class=\"row\">\r\n                            <div class=\"col-12 col-lg-6 d-flex justify-content-center flex-column\">\r\n                                <!--<div class=\"\">-->\r\n                                    \r\n                                        <h3 class=\"font-cairo-10 fw700 blue-font headline-spacing-30 text-left\">Hol das Maximum f\u00fcr dich raus<\/h3>\r\n                                    \r\n                                    \r\n                                    \r\n                                        <div class=\"font-source-sans-pro-1 mt-30 mb-30 blue-font subline-width text-left\">Sicher dir jetzt das extra Urlaubsgeld \u2013 mit  deiner Steuererstattung. Dank deinem pers\u00f6nlichen Berater SteuerGPT bleibt keine Frage offen und kein Cent auf der Strecke.<\/div>\r\n                                    \r\n                                    \r\n                                    \r\n                                    <div class=\"d-flex flex-column flex-md-row align-items-start\">\r\n                                        \r\n                                        <a class=\"font-cairo-2 fw700 intro-button secondary w-230 d-none d-md-flex mr-md-25 justify-content-center align-items-center\"\r\n                                           role=\"button\"\r\n                                           href=\"https:\/\/www.buhl.de\/mein-buhlkonto\/?buhlparam=2100101\"\r\n                                           target=\"_self\"\r\n                                           title=\"Hier kostenlos starten\"\r\n                                           id=\"ad-custom\"\r\n                                           onclick=\"dataLayer.push({'event': 'ButtonClick SW','sw-button': 'click-testen'});\">\r\n                                           Kostenlos testen\r\n                                        <\/a>\r\n                                        \r\n                                        \r\n                                        \r\n                                        <a class=\"d-flex justify-content-center align-items-center d-md-none font-cairo-2 fw700 intro-button secondary w-230\"\r\n                                           role=\"button\"\r\n                                           href=\"https:\/\/www.buhl.de\/mein-buhlkonto\/?buhlparam=2100101\"\r\n                                           target=\"_self\"\r\n                                           title=\"Hier kostenlos starten\"\r\n                                           id=\"ad-custom-m\"\r\n                                           onclick=\"dataLayer.push({'event': 'ButtonClick SW','sw-button': 'click-mobile-starten'});\">\r\n                                           Kostenlos testen\r\n                                        <\/a>\r\n                                        \r\n                                        \r\n                                        \r\n                                        \r\n                                        \r\n                                    <\/div>\r\n                                    \r\n                                <!--<\/div>-->\r\n                            <\/div>\r\n\r\n                            <div class=\"col-12 col-lg-6 tablet-image-spacing d-flex align-content-center\">\r\n                                <div class=\"d-flex justify-content-start tablet-no-spacing\">\r\n                                    \r\n                                        <img decoding=\"async\" loading=\"lazy\" height=\"40\" alt=\"WISO&nbsp;Steuer Vorteile\" title=\"WISO&nbsp;Steuer Buhl Logo\" \r\n                                            class=\"d-none d-md-block \" src=\"https:\/\/www.buhl.de\/steuer\/wp-content\/themes\/steuer-web\/buhl-steuer\/assets\/blog\/blog-custom-ad\/wiso-steuer-werbung.svg\" \/>\r\n                                    \r\n                                    \r\n                                            \r\n                                    \r\n                                        <img decoding=\"async\" loading=\"lazy\" alt=\"WISO&nbsp;Steuer Vorteile\" title=\"WISO&nbsp;Steuer Buhl Logo\" \r\n                                            class=\"mx-auto d-md-none mobile \" src=\"https:\/\/www.buhl.de\/steuer\/wp-content\/themes\/steuer-web\/buhl-steuer\/assets\/blog\/blog-custom-ad\/wiso-steuer-werbung.svg\" \/>\r\n                                    \r\n                                <\/div>\r\n                            <\/div>\r\n                        <\/div>\r\n                    <\/div>\r\n                <\/div>\r\n            <\/div>\r\n        <\/div>\r\n    \r\n        <div class=\"spacing-modul  \">\r\n            <div class=\"container spacing-modul\">\r\n               <div class=\"row\">\r\n                   <div id=\"\" class=\"anchor\"><\/div>\r\n                   <div class=\"col-12 modul-spacing-default-b\"><\/div>\r\n                   <div class=\"col-12 modul-spacing-default-b\"><\/div>\r\n               <\/div>\r\n            <\/div>\r\n        <\/div>\r\n    \n<h2>Workation \u2013 bin ich im Ausland sozialversichert?<\/h2>\n<p>Planst du einen Aufenthalt im Ausland \u2013 aber innerhalb der EU? Durch das Freiz\u00fcgigkeitsgesetz musst du grunds\u00e4tzlich nicht t\u00e4tig werden und bleibst weiterhin sozialversichert. Anders sieht es aus, wenn du au\u00dferhalb der EU arbeiten m\u00f6chtest. In diesem Fall solltest du dich vorher unbedingt bei deinem Versicherungstr\u00e4ger \u00fcber die Regelungen f\u00fcr dein Zielland informieren.<\/p>\n<p>Grunds\u00e4tzlich gibt es in diesem Bereich inzwischen aber Vereinfachungen. Denn seit 2021 werten Versicherungstr\u00e4ger das Homeoffice im Ausland als Entsendungen durch deinen Arbeitgeber \u2013 du bleibst also 24 Monate im Ausland sozialversichert. Es kommt dann auch nicht darauf an, ob die Initiative f\u00fcr die Reise von dir oder deinem Arbeitgeber ausging.<\/p>\n<h2>Workation \u2013 bin ich im Ausland krankenversichert?<\/h2>\n<p>Innerhalb der EU greift deine Krankenversicherung genauso wie in Deutschland. Reist du au\u00dferhalb der EU, kommt es darauf an, ob das Land mit Deutschland ein Sozialversicherungsabkommen hat. In diesem Fall bekommst du in der Regel die Kosten erstattet, die die Krankenversicherungen im Zielland abdecken w\u00fcrden.<\/p>\n<p>Unser Tipp: Eine Auslandskrankenversicherung ist immer eine gute Idee. Sie erspart dir nicht nur b\u00fcrokratischen Aufwand bei der Kostenerstattung, sondern sch\u00fctzt dich auch in komplizierteren F\u00e4llen \u2013 etwa, wenn ein medizinisch notwendiger R\u00fccktransport nach Deutschland erforderlich.<\/p>\n<h2>Was m\u00fcssen Arbeitgeber bei Workation beachten?<\/h2>\n<p>Nicht nur Arbeitnehmer, auch Arbeitgeber sollten sich gut informieren, bevor sie dem Homeoffice im Ausland zustimmen.<\/p>\n<p>So solltest du als Arbeitgeber wissen, welche arbeitsrechtlichen Punkte im Wunsch-Zielland deines Angestellten zu beachten sind. Also: Wie sind da die vorgeschriebenen Arbeits- und Pausenzeiten? Gibt es besondere Verg\u00fctungsvorschriften? Was gilt f\u00fcr die Sozialversicherung? Dar\u00fcber hinaus sollte dein Angestellter pr\u00fcfen, ob er im Zielland vielleicht sogar eine Arbeitserlaubnis ben\u00f6tigt. Denn sonst kann er sich im schlimmsten Fall strafbar machen.<\/p>\n<h3>Tipp: Zusatzvereinbarung abschlie\u00dfen<\/h3>\n<p>M\u00f6chte dein Mitarbeiter l\u00e4nger als 4 Wochen im Ausland bleiben, solltest du mit ihm eine Zusatzvereinbarung abschlie\u00dfen. So k\u00f6nnt ihr \u2013 unter Ber\u00fccksichtigung der Rechte im Zielland \u2013 Rahmenbedingungen f\u00fcr die Workation-Zeit festlegen.<\/p>\n<p>Achtung: Entscheidet sich dein Mitarbeiter, dauerhaft im Ausland zu bleiben, reicht eine Zusatzvereinbarung nicht mehr aus.\r\n        <div class=\"spacing-modul  \">\r\n            <div class=\"container spacing-modul\">\r\n               <div class=\"row\">\r\n                   <div id=\"\" class=\"anchor\"><\/div>\r\n                   <div class=\"col-12 modul-spacing-blog-c\"><\/div>\r\n                   <div class=\"col-12 modul-spacing-blog-c\"><\/div>\r\n               <\/div>\r\n            <\/div>\r\n        <\/div>\r\n    \n\r\n        <div class=\"white-background\">\r\n            <div class=\"container headlines \">\r\n                <div class=\"row\">              \r\n                    <div class=\"col-12 d-flex justify-content-start  justify-content-lg-center\">\r\n                    \t<div id=\"\" class=\"anchor\"><\/div>\r\n                        <div class=\"\">\r\n                           <h2 class=\"font-cairo-1 fw700 text-left text-lg-center blue-font \">FAQ: Workation und Steuern<\/h2>                   \r\n                        <\/div>\r\n                    <\/div>\r\n                <\/div>\r\n            <\/div>\r\n        <\/div>\r\n    \n\r\n        <div class=\"white-background\">\r\n            <div class=\"container faq-module blog-download buhl-ap\">\r\n                <div class=\"row\">\r\n                <div class=\"col-12 p-lg-0\">\r\n                \r\n                    <div class=\"accordion accordionFaq\" id=\"accordionFaq\">\n<div class=\"card\">\n<div class=\"d-flex card-header border-0 collapsed\" id=\"heading1\" data-toggle=\"collapse\" data-target=\"#collapse1\"\r\n                    aria-expanded=\"false\" aria-controls=\"collapse1\">                                            \r\n                    <h3 class=\"font-source-sans-pro-1 blue-font no-margin\"><span class=\"TextRun SCXW267890857 BCX0\" lang=\"DE-DE\" xml:lang=\"DE-DE\" data-contrast=\"auto\"><span class=\"NormalTextRun SCXW267890857 BCX0\">Was versteht man unter <\/span><span class=\"NormalTextRun SCXW267890857 BCX0\">Workation<\/span><span class=\"NormalTextRun SCXW267890857 BCX0\">?<\/span><\/span><span class=\"EOP SCXW267890857 BCX0\" data-ccp-props=\"{&quot;201341983&quot;:0,&quot;335559739&quot;:160,&quot;335559740&quot;:259}\">\u00a0<\/span> <\/h3>\r\n                <\/div>\r\n\n\r\n        <div id=\"collapse1\" class=\"collapse\" aria-labelledby=\"heading1\" data-parent=\"#accordionFaq\">\r\n            <div class=\"card-body\">\r\n                Workation verbindet das Arbeiten und Urlauben (\u201ework and vacation\u201c). Es geht also darum, in seinem Urlaubsland remote arbeiten zu k\u00f6nnen.                 \r\n            <\/div>\r\n        <\/div>\r\n\n<\/div>\n<div class=\"card\">\n<div class=\"d-flex card-header border-0 collapsed\" id=\"heading2\" data-toggle=\"collapse\" data-target=\"#collapse2\"\r\n                    aria-expanded=\"false\" aria-controls=\"collapse2\">                                            \r\n                    <h3 class=\"font-source-sans-pro-1 blue-font no-margin\">Ist Workation grunds\u00e4tzlich erlaubt? <\/h3>\r\n                <\/div>\r\n\n\r\n        <div id=\"collapse2\" class=\"collapse\" aria-labelledby=\"heading2\" data-parent=\"#accordionFaq\">\r\n            <div class=\"card-body\">\r\n                Workation \u2013 also das Arbeiten im Ausland \u2013 ist grunds\u00e4tzlich nicht verboten. Du musst es aber mit deinem Arbeitgeber besprechen \u2013 und er muss dem nicht unbedingt zustimmten. Du hast also keinen gesetzlichen Anspruch auf das Arbeiten im Ausland.                 \r\n            <\/div>\r\n        <\/div>\r\n\n<\/div>\n<div class=\"card\">\n<div class=\"d-flex card-header border-0 collapsed\" id=\"heading3\" data-toggle=\"collapse\" data-target=\"#collapse3\"\r\n                    aria-expanded=\"false\" aria-controls=\"collapse3\">                                            \r\n                    <h3 class=\"font-source-sans-pro-1 blue-font no-margin\">Wo muss ich Steuern zahlen, wenn ich im Ausland arbeite? <\/h3>\r\n                <\/div>\r\n\n\r\n        <div id=\"collapse3\" class=\"collapse\" aria-labelledby=\"heading3\" data-parent=\"#accordionFaq\">\r\n            <div class=\"card-body\">\r\n                Bist du im Steuerjahr weniger als 183 Tage, bleibst du in Deutschland steuerpflichtig. Bist du l\u00e4nger weg, liegt die Steuerpflicht in dem Zielland. Hier kommt es dann auf die einzelnen Abkommen zwischen Deutschland und deinem Zielland an.                 \r\n            <\/div>\r\n        <\/div>\r\n\n<\/div>\n<div class=\"card\">\n<div class=\"d-flex card-header border-0 collapsed\" id=\"heading4\" data-toggle=\"collapse\" data-target=\"#collapse4\"\r\n                    aria-expanded=\"false\" aria-controls=\"collapse4\">                                            \r\n                    <h3 class=\"font-source-sans-pro-1 blue-font no-margin\">Was muss ich bei Workation beachten? <\/h3>\r\n                <\/div>\r\n\n\r\n        <div id=\"collapse4\" class=\"collapse\" aria-labelledby=\"heading4\" data-parent=\"#accordionFaq\">\r\n            <div class=\"card-body\">\r\n                Das kommt ganz darauf an, wo genau und wie lange du im Ausland bist. Bleibst du in der EU und bist nicht l\u00e4nger als 4 Wochen weg, reicht es, nur den Arbeitgeber zu informieren. Bei l\u00e4ngeren Aufenthalten und Reisen au\u00dferhalb der EU, musst du dich mit Themen wie Sozialversicherung, Arbeitsrecht und Besteuerung deines Lohns befassen.                \r\n            <\/div>\r\n        <\/div>\r\n\n<\/div>\n<\/div>\r\n                 <\/div>\r\n              <\/div>\r\n            <\/div>\r\n        <\/div>\r\n        <div class=\"spacing-modul  \">\r\n            <div class=\"container spacing-modul\">\r\n               <div class=\"row\">\r\n                   <div id=\"\" class=\"anchor\"><\/div>\r\n                   <div class=\"col-12 modul-spacing-blog-c\"><\/div>\r\n                   <div class=\"col-12 modul-spacing-blog-c\"><\/div>\r\n               <\/div>\r\n            <\/div>\r\n        <\/div>\r\n    \n\r\n        <div class=\"white-background\">\r\n            <div class=\"full-width-text\">\r\n                <div class=\"inner-spacing blog-ad1-wrapper silver-background\">\r\n                    <div class=\"container blog-ad1\">\r\n                        <div class=\"row\">\r\n                        \r\n                            \r\n                            <div class=\"col-12\">\r\n                                \r\n                                    <div class=\"d-flex headline-spacing-30 justify-content-center\">\r\n                                        \r\n                                            <img decoding=\"async\" loading=\"lazy\" height=\"auto\" style=\"max-width:100%;\" alt=\"WISO&nbsp;Steuer\" title=\"WISO&nbsp;Steuer\" \r\n                                                class=\"d-none d-md-block \" src=\"https:\/\/www.buhl.de\/steuer\/wp-content\/themes\/steuer-web\/buhl-steuer\/assets\/full-width-text\/ad1\/logo-wiso-steuer.svg\" \/>\r\n                                        \r\n                                        \r\n                                                \r\n                                        \r\n                                            <img decoding=\"async\" loading=\"lazy\" alt=\"WISO&nbsp;Steuer\" title=\"WISO&nbsp;Steuer\" \r\n                                                class=\"mx-auto d-md-none mobile \" src=\"https:\/\/www.buhl.de\/steuer\/wp-content\/themes\/steuer-web\/buhl-steuer\/assets\/full-width-text\/ad1\/logo-wiso-steuer.svg\" \/>\r\n                                        \r\n                                    <\/div>\r\n                                \r\n                            \r\n                                \r\n                                    <p class=\"font-cairo-10 fw700 blue-font headline-spacing-30 text-center justify-content-center\">Hol dir dein Geld zur\u00fcck<\/p>\r\n                                \r\n                    \r\n                                <div class=\"font-source-sans-pro-1 mt-30 mb-30 blue-font subline-width text-center 1\">Lass deine Steuererkl\u00e4rung automatisch ausf\u00fcllen, gib sie digital ab und hol dir im Schnitt 1.674 \u20ac R\u00fcckerstattung vom Finanzamt.<br\/>Ganz einfach mit WISO&nbsp;Steuer.<\/div>\r\n                                \r\n                                \r\n\r\n                                <div class=\"d-flex flex-column flex-md-row align-items-center align-items-md-start justify-content-center\">\r\n                                    \r\n                                    <a class=\"font-cairo-2 fw700 intro-button primary w-230 d-none d-md-flex mr-md-25 justify-content-center align-items-center\"\r\n                                       role=\"button\"\r\n                                       href=\"https:\/\/www.buhl.de\/shop\/wisosteuer\/auswahl?2025=agv&wkz=STWEBMARKETINGSEITE&src=WEB\"\r\n                                       target=\"_self\"\r\n                                       title=\"WISO&nbsp;Steuer Lizenz kaufen\"\r\n                                       id=\"ad-1-testencta\"\r\n                                       onclick=\"dataLayer.push({'event': 'ButtonClick SW','sw-button': 'click-preise'});\">\r\n                                       Jetzt kaufen\r\n                                    <\/a>\r\n                                    \r\n                                    \r\n                                    \r\n                                    <a class=\"d-flex justify-content-center align-items-center d-md-none font-cairo-2 fw700 intro-button primary w-230\"\r\n                                       role=\"button\"\r\n                                       href=\"https:\/\/www.buhl.de\/shop\/wisosteuer\/auswahl?2025=agv&wkz=STWEBMARKETINGSEITE&src=WEB\"\r\n                                       target=\"_self\"\r\n                                       title=\"WISO&nbsp;Steuer Lizenz kaufen\"\r\n                                       id=\"adpapierkramkauf\"\r\n                                       onclick=\"dataLayer.push({'event': 'ButtonClick SW','sw-button': 'click-preise'});\">\r\n                                       Jetzt kaufen\r\n                                    <\/a>\r\n                                    \r\n                                    \r\n                                    \r\n                                    <a class=\"font-cairo-2 fw700 intro-button secondary w-230 d-none d-md-flex  justify-content-center align-items-center\"\r\n                                       role=\"button\"\r\n                                       href=\"https:\/\/www.buhl.de\/mein-buhlkonto\/?buhlparam=2100101\"\r\n                                       target=\"_self\"\r\n                                       title=\"Hier unverbindlich ausprobieren\"\r\n                                       id=\"ad1-testen\"\r\n                                       onclick=\"dataLayer.push({'event': 'ButtonClick SW','sw-button': 'click-testen'});\">\r\n                                       Kostenlos testen\r\n                                    <\/a>\r\n                                    \r\n                                    \r\n                                    \r\n                                    <a class=\"font-cairo-2 fw700 intro-button secondary w-230 d-flex d-md-none justify-content-center align-items-center mt-30\"\r\n                                       role=\"button\"\r\n                                       href=\"https:\/\/www.buhl.de\/mein-buhlkonto\/?buhlparam=2100101\"\r\n                                       target=\"_self\"\r\n                                       title=\"Hier unverbindlich ausprobieren\"\r\n                                       id=\"ad1-testen\"\r\n                                       onclick=\"dataLayer.push({'event': 'ButtonClick SW','sw-button': 'click-mobile-starten'});\">\r\n                                       Kostenlos testen\r\n                                    <\/a>\r\n                                    \r\n                                <\/div>\r\n                                \r\n                                \r\n                            <\/div>\r\n                        <\/div>\r\n                    <\/div>\r\n                <\/div>\r\n            <\/div>\r\n        <\/div>\r\n    \r\n        <div class=\"spacing-modul  \">\r\n            <div class=\"container spacing-modul\">\r\n               <div class=\"row\">\r\n                   <div id=\"\" class=\"anchor\"><\/div>\r\n                   <div class=\"col-12 modul-spacing-blog-c\"><\/div>\r\n                   <div class=\"col-12 modul-spacing-blog-c\"><\/div>\r\n               <\/div>\r\n            <\/div>\r\n        <\/div>\r\n    \n<p>Quelle: <a href=\"https:\/\/www.bundesfinanzministerium.de\/Content\/DE\/Standardartikel\/Themen\/Steuern\/Internationales_Steuerrecht\/Staatenbezogene_Informationen\/Laender_A_Z\/Frankreich\/2021-12-28-DBA-Frankreich-zweifelsfragen-bei-der-steuerlichen-behandlung-der-einkuenfte.html\" target=\"_blank\" rel=\"noopener\">BMF<\/a><\/p>\n","protected":false},"excerpt":{"rendered":"<p>Blauer Himmel, wei\u00dfer Strand, kristallklares Wasser \u2013 an solchen Orten macht sogar Arbeiten Spa\u00df! Und warum auch nicht? Seit der Corona-Pandemie ist das mobile Arbeiten in vielen Unternehmen zum Standard geworden. Spielt es dann noch eine Rolle, wo genau man arbeitet? Was f\u00fcr Workation und Steuer gilt, erkl\u00e4ren wir hier.<\/p>\n","protected":false},"author":104,"featured_media":59605,"comment_status":"closed","ping_status":"open","sticky":false,"template":"","format":"standard","meta":{"_acf_changed":false,"footnotes":""},"categories":[2841,2808],"tags":[],"class_list":["post-59595","post","type-post","status-publish","format-standard","has-post-thumbnail","hentry","category-alle","category-arbeit"],"yoast_head":"<!-- This site is optimized with the Yoast SEO Premium plugin v27.4 (Yoast SEO v27.5) - https:\/\/yoast.com\/product\/yoast-seo-premium-wordpress\/ -->\n<title>Workation &amp; Steuern: Das ist wichtig f\u00fcrs Arbeiten am Strand \u2600\ufe0f<\/title>\n<meta name=\"description\" content=\"Arbeiten im Urlaub? \u2708\ufe0f Allerdings! Was du \u00fcber \ud83c\udfd6\ufe0f Workation und Steuern wissen musst, erf\u00e4hrst du hier. \u27a1\ufe0f Klicken und mehr erfahren\" \/>\n<meta name=\"robots\" content=\"index, follow, max-snippet:-1, max-image-preview:large, max-video-preview:-1\" \/>\n<link rel=\"canonical\" href=\"https:\/\/www.buhl.de\/steuer\/ratgeber\/workation\/\" \/>\n<meta property=\"og:locale\" content=\"de_DE\" \/>\n<meta property=\"og:type\" content=\"article\" \/>\n<meta property=\"og:title\" content=\"Strand statt B\u00fcro: Was gilt f\u00fcr Workation bei der Steuer?\" \/>\n<meta property=\"og:description\" content=\"Arbeiten im Urlaub? \u2708\ufe0f Allerdings! Was du \u00fcber \ud83c\udfd6\ufe0f Workation und Steuern wissen musst, erf\u00e4hrst du hier. \u27a1\ufe0f Klicken und mehr erfahren\" \/>\n<meta property=\"og:url\" content=\"https:\/\/www.buhl.de\/steuer\/ratgeber\/workation\/\" \/>\n<meta property=\"og:site_name\" content=\"WISO Steuer: Nr.1 App f\u00fcr die Steuererkl\u00e4rung\" \/>\n<meta property=\"article:published_time\" content=\"2023-05-30T06:29:16+00:00\" \/>\n<meta property=\"article:modified_time\" content=\"2025-06-16T12:55:46+00:00\" \/>\n<meta property=\"og:image\" content=\"https:\/\/www.buhl.de\/steuer\/wp-content\/uploads\/sites\/31\/2023\/05\/workation-steuern-titelbild.jpg\" \/>\n\t<meta property=\"og:image:width\" content=\"976\" \/>\n\t<meta property=\"og:image:height\" content=\"400\" \/>\n\t<meta property=\"og:image:type\" content=\"image\/jpeg\" \/>\n<meta name=\"author\" content=\"Olesja Hess\" \/>\n<meta name=\"twitter:card\" content=\"summary_large_image\" \/>\n<meta name=\"twitter:label1\" content=\"Verfasst von\" \/>\n\t<meta name=\"twitter:data1\" content=\"Olesja Hess\" \/>\n\t<meta name=\"twitter:label2\" content=\"Gesch\u00e4tzte Lesezeit\" \/>\n\t<meta name=\"twitter:data2\" content=\"7\u00a0Minuten\" \/>\n<script type=\"application\/ld+json\" class=\"yoast-schema-graph\">{\"@context\":\"https:\\\/\\\/schema.org\",\"@graph\":[{\"@type\":\"Article\",\"@id\":\"https:\\\/\\\/www.buhl.de\\\/steuer\\\/ratgeber\\\/workation\\\/#article\",\"isPartOf\":{\"@id\":\"https:\\\/\\\/www.buhl.de\\\/steuer\\\/ratgeber\\\/workation\\\/\"},\"author\":{\"name\":\"Olesja Hess\",\"@id\":\"https:\\\/\\\/www.buhl.de\\\/steuer\\\/#\\\/schema\\\/person\\\/e25d76546852380c601f99020b73fcf6\"},\"headline\":\"Strand statt B\u00fcro: Was gilt f\u00fcr Workation bei der Steuer?\",\"datePublished\":\"2023-05-30T06:29:16+00:00\",\"dateModified\":\"2025-06-16T12:55:46+00:00\",\"mainEntityOfPage\":{\"@id\":\"https:\\\/\\\/www.buhl.de\\\/steuer\\\/ratgeber\\\/workation\\\/\"},\"wordCount\":1215,\"publisher\":{\"@id\":\"https:\\\/\\\/www.buhl.de\\\/steuer\\\/#organization\"},\"image\":{\"@id\":\"https:\\\/\\\/www.buhl.de\\\/steuer\\\/ratgeber\\\/workation\\\/#primaryimage\"},\"thumbnailUrl\":\"https:\\\/\\\/www.buhl.de\\\/steuer\\\/wp-content\\\/uploads\\\/sites\\\/31\\\/2023\\\/05\\\/workation-steuern-titelbild.jpg\",\"articleSection\":[\"Neueste Beitr\u00e4ge\",\"Ratgeber: Steuern &amp; Gehalt\"],\"inLanguage\":\"de\"},{\"@type\":\"WebPage\",\"@id\":\"https:\\\/\\\/www.buhl.de\\\/steuer\\\/ratgeber\\\/workation\\\/\",\"url\":\"https:\\\/\\\/www.buhl.de\\\/steuer\\\/ratgeber\\\/workation\\\/\",\"name\":\"Workation & Steuern: Das ist wichtig f\u00fcrs Arbeiten am Strand \u2600\ufe0f\",\"isPartOf\":{\"@id\":\"https:\\\/\\\/www.buhl.de\\\/steuer\\\/#website\"},\"primaryImageOfPage\":{\"@id\":\"https:\\\/\\\/www.buhl.de\\\/steuer\\\/ratgeber\\\/workation\\\/#primaryimage\"},\"image\":{\"@id\":\"https:\\\/\\\/www.buhl.de\\\/steuer\\\/ratgeber\\\/workation\\\/#primaryimage\"},\"thumbnailUrl\":\"https:\\\/\\\/www.buhl.de\\\/steuer\\\/wp-content\\\/uploads\\\/sites\\\/31\\\/2023\\\/05\\\/workation-steuern-titelbild.jpg\",\"datePublished\":\"2023-05-30T06:29:16+00:00\",\"dateModified\":\"2025-06-16T12:55:46+00:00\",\"description\":\"Arbeiten im Urlaub? \u2708\ufe0f Allerdings! Was du \u00fcber \ud83c\udfd6\ufe0f Workation und Steuern wissen musst, erf\u00e4hrst du hier. \u27a1\ufe0f Klicken und mehr erfahren\",\"breadcrumb\":{\"@id\":\"https:\\\/\\\/www.buhl.de\\\/steuer\\\/ratgeber\\\/workation\\\/#breadcrumb\"},\"inLanguage\":\"de\",\"potentialAction\":[{\"@type\":\"ReadAction\",\"target\":[\"https:\\\/\\\/www.buhl.de\\\/steuer\\\/ratgeber\\\/workation\\\/\"]}]},{\"@type\":\"ImageObject\",\"inLanguage\":\"de\",\"@id\":\"https:\\\/\\\/www.buhl.de\\\/steuer\\\/ratgeber\\\/workation\\\/#primaryimage\",\"url\":\"https:\\\/\\\/www.buhl.de\\\/steuer\\\/wp-content\\\/uploads\\\/sites\\\/31\\\/2023\\\/05\\\/workation-steuern-titelbild.jpg\",\"contentUrl\":\"https:\\\/\\\/www.buhl.de\\\/steuer\\\/wp-content\\\/uploads\\\/sites\\\/31\\\/2023\\\/05\\\/workation-steuern-titelbild.jpg\",\"width\":976,\"height\":400},{\"@type\":\"BreadcrumbList\",\"@id\":\"https:\\\/\\\/www.buhl.de\\\/steuer\\\/ratgeber\\\/workation\\\/#breadcrumb\",\"itemListElement\":[{\"@type\":\"ListItem\",\"position\":1,\"name\":\"Steuererkl\u00e4rung\",\"item\":\"https:\\\/\\\/www.buhl.de\\\/steuer\\\/\"},{\"@type\":\"ListItem\",\"position\":2,\"name\":\"Strand statt B\u00fcro: Was gilt f\u00fcr Workation bei der Steuer?\"}]},{\"@type\":\"WebSite\",\"@id\":\"https:\\\/\\\/www.buhl.de\\\/steuer\\\/#website\",\"url\":\"https:\\\/\\\/www.buhl.de\\\/steuer\\\/\",\"name\":\"WISO Steuer: Nr. 1 Steuer-App\",\"description\":\"\",\"publisher\":{\"@id\":\"https:\\\/\\\/www.buhl.de\\\/steuer\\\/#organization\"},\"potentialAction\":[{\"@type\":\"SearchAction\",\"target\":{\"@type\":\"EntryPoint\",\"urlTemplate\":\"https:\\\/\\\/www.buhl.de\\\/steuer\\\/?s={search_term_string}\"},\"query-input\":{\"@type\":\"PropertyValueSpecification\",\"valueRequired\":true,\"valueName\":\"search_term_string\"}}],\"inLanguage\":\"de\"},{\"@type\":\"Organization\",\"@id\":\"https:\\\/\\\/www.buhl.de\\\/steuer\\\/#organization\",\"name\":\"WISO Steuer | Buhl Data Service GmbH\",\"url\":\"https:\\\/\\\/www.buhl.de\\\/steuer\\\/\",\"logo\":{\"@type\":\"ImageObject\",\"inLanguage\":\"de\",\"@id\":\"https:\\\/\\\/www.buhl.de\\\/steuer\\\/#\\\/schema\\\/logo\\\/image\\\/\",\"url\":\"https:\\\/\\\/www.buhl.de\\\/steuer\\\/wp-content\\\/uploads\\\/sites\\\/31\\\/2026\\\/02\\\/logo-wiso-steuer-app.svg\",\"contentUrl\":\"https:\\\/\\\/www.buhl.de\\\/steuer\\\/wp-content\\\/uploads\\\/sites\\\/31\\\/2026\\\/02\\\/logo-wiso-steuer-app.svg\",\"width\":375,\"height\":72,\"caption\":\"WISO Steuer | Buhl Data Service GmbH\"},\"image\":{\"@id\":\"https:\\\/\\\/www.buhl.de\\\/steuer\\\/#\\\/schema\\\/logo\\\/image\\\/\"}},{\"@type\":\"Person\",\"@id\":\"https:\\\/\\\/www.buhl.de\\\/steuer\\\/#\\\/schema\\\/person\\\/e25d76546852380c601f99020b73fcf6\",\"name\":\"Olesja Hess\",\"image\":{\"@type\":\"ImageObject\",\"inLanguage\":\"de\",\"@id\":\"https:\\\/\\\/www.buhl.de\\\/steuer\\\/wp-content\\\/uploads\\\/sites\\\/31\\\/2024\\\/07\\\/olesja.png\",\"url\":\"https:\\\/\\\/www.buhl.de\\\/steuer\\\/wp-content\\\/uploads\\\/sites\\\/31\\\/2024\\\/07\\\/olesja.png\",\"contentUrl\":\"https:\\\/\\\/www.buhl.de\\\/steuer\\\/wp-content\\\/uploads\\\/sites\\\/31\\\/2024\\\/07\\\/olesja.png\",\"caption\":\"Olesja Hess\"},\"sameAs\":[\"https:\\\/\\\/www.buhl.de\\\/steuer\\\/autoren\\\/olesja-hess\\\/\"]}]}<\/script>\n<!-- \/ Yoast SEO Premium plugin. -->","yoast_head_json":{"title":"Workation & Steuern: Das ist wichtig f\u00fcrs Arbeiten am Strand \u2600\ufe0f","description":"Arbeiten im Urlaub? \u2708\ufe0f Allerdings! Was du \u00fcber \ud83c\udfd6\ufe0f Workation und Steuern wissen musst, erf\u00e4hrst du hier. \u27a1\ufe0f Klicken und mehr erfahren","robots":{"index":"index","follow":"follow","max-snippet":"max-snippet:-1","max-image-preview":"max-image-preview:large","max-video-preview":"max-video-preview:-1"},"canonical":"https:\/\/www.buhl.de\/steuer\/ratgeber\/workation\/","og_locale":"de_DE","og_type":"article","og_title":"Strand statt B\u00fcro: Was gilt f\u00fcr Workation bei der Steuer?","og_description":"Arbeiten im Urlaub? \u2708\ufe0f Allerdings! Was du \u00fcber \ud83c\udfd6\ufe0f Workation und Steuern wissen musst, erf\u00e4hrst du hier. \u27a1\ufe0f Klicken und mehr erfahren","og_url":"https:\/\/www.buhl.de\/steuer\/ratgeber\/workation\/","og_site_name":"WISO Steuer: Nr.1 App f\u00fcr die Steuererkl\u00e4rung","article_published_time":"2023-05-30T06:29:16+00:00","article_modified_time":"2025-06-16T12:55:46+00:00","og_image":[{"width":976,"height":400,"url":"https:\/\/www.buhl.de\/steuer\/wp-content\/uploads\/sites\/31\/2023\/05\/workation-steuern-titelbild.jpg","type":"image\/jpeg"}],"author":"Olesja Hess","twitter_card":"summary_large_image","twitter_misc":{"Verfasst von":"Olesja Hess","Gesch\u00e4tzte Lesezeit":"7\u00a0Minuten"},"schema":{"@context":"https:\/\/schema.org","@graph":[{"@type":"Article","@id":"https:\/\/www.buhl.de\/steuer\/ratgeber\/workation\/#article","isPartOf":{"@id":"https:\/\/www.buhl.de\/steuer\/ratgeber\/workation\/"},"author":{"name":"Olesja Hess","@id":"https:\/\/www.buhl.de\/steuer\/#\/schema\/person\/e25d76546852380c601f99020b73fcf6"},"headline":"Strand statt B\u00fcro: Was gilt f\u00fcr Workation bei der Steuer?","datePublished":"2023-05-30T06:29:16+00:00","dateModified":"2025-06-16T12:55:46+00:00","mainEntityOfPage":{"@id":"https:\/\/www.buhl.de\/steuer\/ratgeber\/workation\/"},"wordCount":1215,"publisher":{"@id":"https:\/\/www.buhl.de\/steuer\/#organization"},"image":{"@id":"https:\/\/www.buhl.de\/steuer\/ratgeber\/workation\/#primaryimage"},"thumbnailUrl":"https:\/\/www.buhl.de\/steuer\/wp-content\/uploads\/sites\/31\/2023\/05\/workation-steuern-titelbild.jpg","articleSection":["Neueste Beitr\u00e4ge","Ratgeber: Steuern &amp; Gehalt"],"inLanguage":"de"},{"@type":"WebPage","@id":"https:\/\/www.buhl.de\/steuer\/ratgeber\/workation\/","url":"https:\/\/www.buhl.de\/steuer\/ratgeber\/workation\/","name":"Workation & Steuern: Das ist wichtig f\u00fcrs Arbeiten am Strand \u2600\ufe0f","isPartOf":{"@id":"https:\/\/www.buhl.de\/steuer\/#website"},"primaryImageOfPage":{"@id":"https:\/\/www.buhl.de\/steuer\/ratgeber\/workation\/#primaryimage"},"image":{"@id":"https:\/\/www.buhl.de\/steuer\/ratgeber\/workation\/#primaryimage"},"thumbnailUrl":"https:\/\/www.buhl.de\/steuer\/wp-content\/uploads\/sites\/31\/2023\/05\/workation-steuern-titelbild.jpg","datePublished":"2023-05-30T06:29:16+00:00","dateModified":"2025-06-16T12:55:46+00:00","description":"Arbeiten im Urlaub? \u2708\ufe0f Allerdings! Was du \u00fcber \ud83c\udfd6\ufe0f Workation und Steuern wissen musst, erf\u00e4hrst du hier. \u27a1\ufe0f Klicken und mehr erfahren","breadcrumb":{"@id":"https:\/\/www.buhl.de\/steuer\/ratgeber\/workation\/#breadcrumb"},"inLanguage":"de","potentialAction":[{"@type":"ReadAction","target":["https:\/\/www.buhl.de\/steuer\/ratgeber\/workation\/"]}]},{"@type":"ImageObject","inLanguage":"de","@id":"https:\/\/www.buhl.de\/steuer\/ratgeber\/workation\/#primaryimage","url":"https:\/\/www.buhl.de\/steuer\/wp-content\/uploads\/sites\/31\/2023\/05\/workation-steuern-titelbild.jpg","contentUrl":"https:\/\/www.buhl.de\/steuer\/wp-content\/uploads\/sites\/31\/2023\/05\/workation-steuern-titelbild.jpg","width":976,"height":400},{"@type":"BreadcrumbList","@id":"https:\/\/www.buhl.de\/steuer\/ratgeber\/workation\/#breadcrumb","itemListElement":[{"@type":"ListItem","position":1,"name":"Steuererkl\u00e4rung","item":"https:\/\/www.buhl.de\/steuer\/"},{"@type":"ListItem","position":2,"name":"Strand statt B\u00fcro: Was gilt f\u00fcr Workation bei der Steuer?"}]},{"@type":"WebSite","@id":"https:\/\/www.buhl.de\/steuer\/#website","url":"https:\/\/www.buhl.de\/steuer\/","name":"WISO Steuer: Nr. 1 Steuer-App","description":"","publisher":{"@id":"https:\/\/www.buhl.de\/steuer\/#organization"},"potentialAction":[{"@type":"SearchAction","target":{"@type":"EntryPoint","urlTemplate":"https:\/\/www.buhl.de\/steuer\/?s={search_term_string}"},"query-input":{"@type":"PropertyValueSpecification","valueRequired":true,"valueName":"search_term_string"}}],"inLanguage":"de"},{"@type":"Organization","@id":"https:\/\/www.buhl.de\/steuer\/#organization","name":"WISO Steuer | Buhl Data Service GmbH","url":"https:\/\/www.buhl.de\/steuer\/","logo":{"@type":"ImageObject","inLanguage":"de","@id":"https:\/\/www.buhl.de\/steuer\/#\/schema\/logo\/image\/","url":"https:\/\/www.buhl.de\/steuer\/wp-content\/uploads\/sites\/31\/2026\/02\/logo-wiso-steuer-app.svg","contentUrl":"https:\/\/www.buhl.de\/steuer\/wp-content\/uploads\/sites\/31\/2026\/02\/logo-wiso-steuer-app.svg","width":375,"height":72,"caption":"WISO Steuer | Buhl Data Service GmbH"},"image":{"@id":"https:\/\/www.buhl.de\/steuer\/#\/schema\/logo\/image\/"}},{"@type":"Person","@id":"https:\/\/www.buhl.de\/steuer\/#\/schema\/person\/e25d76546852380c601f99020b73fcf6","name":"Olesja Hess","image":{"@type":"ImageObject","inLanguage":"de","@id":"https:\/\/www.buhl.de\/steuer\/wp-content\/uploads\/sites\/31\/2024\/07\/olesja.png","url":"https:\/\/www.buhl.de\/steuer\/wp-content\/uploads\/sites\/31\/2024\/07\/olesja.png","contentUrl":"https:\/\/www.buhl.de\/steuer\/wp-content\/uploads\/sites\/31\/2024\/07\/olesja.png","caption":"Olesja Hess"},"sameAs":["https:\/\/www.buhl.de\/steuer\/autoren\/olesja-hess\/"]}]}},"acf":[],"wps_subtitle":"Steuer-Tipps f\u00fcrs Arbeiten im Ausland","_links":{"self":[{"href":"https:\/\/www.buhl.de\/steuer\/wp-json\/wp\/v2\/posts\/59595","targetHints":{"allow":["GET"]}}],"collection":[{"href":"https:\/\/www.buhl.de\/steuer\/wp-json\/wp\/v2\/posts"}],"about":[{"href":"https:\/\/www.buhl.de\/steuer\/wp-json\/wp\/v2\/types\/post"}],"author":[{"embeddable":true,"href":"https:\/\/www.buhl.de\/steuer\/wp-json\/wp\/v2\/users\/104"}],"replies":[{"embeddable":true,"href":"https:\/\/www.buhl.de\/steuer\/wp-json\/wp\/v2\/comments?post=59595"}],"version-history":[{"count":18,"href":"https:\/\/www.buhl.de\/steuer\/wp-json\/wp\/v2\/posts\/59595\/revisions"}],"predecessor-version":[{"id":59617,"href":"https:\/\/www.buhl.de\/steuer\/wp-json\/wp\/v2\/posts\/59595\/revisions\/59617"}],"wp:featuredmedia":[{"embeddable":true,"href":"https:\/\/www.buhl.de\/steuer\/wp-json\/wp\/v2\/media\/59605"}],"wp:attachment":[{"href":"https:\/\/www.buhl.de\/steuer\/wp-json\/wp\/v2\/media?parent=59595"}],"wp:term":[{"taxonomy":"category","embeddable":true,"href":"https:\/\/www.buhl.de\/steuer\/wp-json\/wp\/v2\/categories?post=59595"},{"taxonomy":"post_tag","embeddable":true,"href":"https:\/\/www.buhl.de\/steuer\/wp-json\/wp\/v2\/tags?post=59595"}],"curies":[{"name":"wp","href":"https:\/\/api.w.org\/{rel}","templated":true}]}}