{"id":61682,"date":"2024-03-25T09:06:50","date_gmt":"2024-03-25T08:06:50","guid":{"rendered":"https:\/\/www.buhl.de\/steuer\/?p=61682"},"modified":"2025-02-21T13:54:47","modified_gmt":"2025-02-21T12:54:47","slug":"wachstumschancengesetz","status":"publish","type":"post","link":"https:\/\/www.buhl.de\/steuer\/ratgeber\/wachstumschancengesetz\/","title":{"rendered":"Was bringt das Wachstumschancengesetz?"},"content":{"rendered":"<p>Der Bundesrat hat am 22. M\u00e4rz 2024 das Wachstumschancengesetz beschlossen. Einige der Ma\u00dfnahmen treten sogar r\u00fcckwirkend f\u00fcr das Jahr 2023 in Kraft. Was genau gilt ab wann? Ein \u00dcberblick.<\/p>\n<p><!--more--><\/p>\n<h2>Kurz &amp; knapp<\/h2>\n<ul>\n<li>Das Wachstumschancengesetz bringt steuerliche Erleichterungen von insgesamt 3,2 Milliarden Euro<\/li>\n<li>Einige Ma\u00dfnahmen gelten schon f\u00fcr das Jahr 2023, w\u00e4hrend die meisten ab 2024 und sp\u00e4ter in Kraft treten<\/li>\n<li>Rentner, die seit 2023 erstmals Rente beziehen, m\u00fcssen etwas weniger Steuern zahlen als bisher vorgesehen<\/li>\n<li>Unternehmen und Vermieter profitieren von verbesserten Abschreibungsm\u00f6glichkeiten<\/li>\n<\/ul>\n<h2>Wachstumschancengesetz: Was ist das?<\/h2>\n<p>Es war ein langwieriges Ringen, doch am 22. M\u00e4rz 2024 hat der Bundesrat dem \u201e<strong>Gesetz zur St\u00e4rkung von Wachstumschancen, Investitionen und Innovation sowie Steuervereinfachung und Steuerfairness<\/strong>\u201c (kurz: <strong>Wachstumschancengesetz<\/strong>) zugestimmt. Viele Ma\u00dfnahmen betreffen Unternehmen.<\/p>\n<p>Die urspr\u00fcnglichen Gesetzespl\u00e4ne wurden deutlich reduziert. So ist zum Beispiel die vorgesehene Klimaschutz-Investitionspr\u00e4mie genauso gestrichen worden wie die Erh\u00f6hung der Pauschalen f\u00fcr den Verpflegungsmehraufwand. Die Grenze f\u00fcr geringwertige Wirtschaftsg\u00fcter bleibt auch unver\u00e4ndert.<\/p>\n<p>Doch wie sehen die konkreten Ma\u00dfnahmen aus? Das Gesetz enth\u00e4lt eine Reihe von Steuer\u00e4nderungen, die auf Arbeitnehmer, Rentner, Vermieter und Unternehmer in den kommenden Jahren zukommen. Einige davon gelten bereits f\u00fcr das Jahr 2023.<\/p>\n\r\n        <div class=\"spacing-modul  \">\r\n            <div class=\"container spacing-modul\">\r\n               <div class=\"row\">\r\n                   <div id=\"\" class=\"anchor\"><\/div>\r\n                   <div class=\"col-12 modul-spacing-blog-c\"><\/div>\r\n                   <div class=\"col-12 modul-spacing-blog-c\"><\/div>\r\n               <\/div>\r\n            <\/div>\r\n        <\/div>\r\n    \r\n        <div class=\"white-background\">\r\n            <div class=\"container\">\r\n                <div class=\"content expert-blog-module blog-wrapper\">\r\n                    <div class=\"row\">\r\n                        <div class=\"d-flex align-items-center text-center text-lg-left align-items-xl-start flex-column flex-xl-row col-12 offset-lg-2 col-lg-8 offset-xl-1 col-xl-9\">\r\n                            <img decoding=\"async\" loading=\"lazy\" class=\"img-fluid\" src=\"https:\/\/www.buhl.de\/steuer\/wp-content\/themes\/steuer-web\/buhl-steuer\/assets\/blog\/blog-module\/experten-tipp-icon.svg\" alt=\"Experten Tipp\" title=\"Experten Tipp\" \/>\r\n                            <div class=\"d-flex flex-column\">\r\n                                <h3 class=\"font-source-sans-pro-10 fw700 blue-font headline\">WISO Steuer ist immer aktuell<\/h3><div class=\"font-source-sans-pro-1 blue-font\"><a title=\"WISO Steuer: Steuerprogramm von Buhl\" href=\"https:\/\/www.buhl.de\/steuer\/\">WISO Steuer<\/a> wird regelm\u00e4\u00dfig aktualisiert. Du kannst also sicher sein, dass bei deiner <a title=\"Steuererkl\u00e4rung: Schritt-f\u00fcr-Schritt Anleitung\" href=\"https:\/\/www.buhl.de\/steuer\/ratgeber\/steuererklaerung-machen\/\">Steuerererkl\u00e4rung<\/a> stets die neuesten Steuerregelungen ber\u00fccksichtigt werden.<\/div><\/div>\r\n                        <\/div>\r\n                    <\/div>\r\n                <\/div>\r\n            <\/div>\r\n        <\/div>\r\n    \r\n        <div class=\"spacing-modul  \">\r\n            <div class=\"container spacing-modul\">\r\n               <div class=\"row\">\r\n                   <div id=\"\" class=\"anchor\"><\/div>\r\n                   <div class=\"col-12 modul-spacing-default-b\"><\/div>\r\n                   <div class=\"col-12 modul-spacing-default-b\"><\/div>\r\n               <\/div>\r\n            <\/div>\r\n        <\/div>\r\n    \n<h2>Ma\u00dfnahmen mit G\u00fcltigkeit ab 2025<\/h2>\n<h3>1. F\u00fcnftel-Regelung f\u00fcr Abfindungen bei der Lohnsteuer<\/h3>\n<p>F\u00fcr Entsch\u00e4digungen und Verg\u00fctungen f\u00fcr mehrj\u00e4hrige T\u00e4tigkeiten kann zurzeit der Arbeitgeber bei der Berechnung der Lohnsteuer eine Tariferm\u00e4\u00dfigung nach der <a title=\"Abfindung mit der F\u00fcnftel-Regelung versteuern\" href=\"https:\/\/www.buhl.de\/steuer\/ratgeber\/abfindung-versteuern\/\">F\u00fcnftel-Regelung<\/a> ber\u00fccksichtigen. Weil das Verfahren f\u00fcr Arbeitgeber kompliziert ist, wird diese M\u00f6glichkeit k\u00fcnftig gestrichen. Arbeitnehmern bleibt dann nur der Weg, die beg\u00fcnstigte Besteuerung in ihrer eigenen <a title=\"Steuererkl\u00e4rung 2025: Alle Infos\" href=\"https:\/\/www.buhl.de\/steuer\/jahr\/steuer-2025\/\">Steuererkl\u00e4rung 2025<\/a> zu beantragen.<\/p>\n<h3>2. Keine Umsatzsteuer-Voranmeldung bei geringer Steuer<\/h3>\n<p>Unternehmer, deren <a title=\"Umsatzsteuer: Voranmeldungen und Jahreserkl\u00e4rung im \u00dcberblick\" href=\"https:\/\/www.buhl.de\/steuer\/ratgeber\/umsatzsteuer\/\">Umsatzsteuer<\/a> f\u00fcr das Vorjahr nicht mehr als 2.000 Euro betragen hat, m\u00fcssen k\u00fcnftig keine viertelj\u00e4hrlichen Umsatzsteuer-Voranmeldungen mehr abgeben. Bisher lag die Grenze bei 1.000 Euro.<\/p>\n<h2>Ma\u00dfnahmen mit G\u00fcltigkeit ab 2024<\/h2>\n<h3>1. Befristete Wiedereinf\u00fchrung der degressiven Abschreibung<\/h3>\n<p>Unternehmer k\u00f6nnen bewegliche Wirtschaftsg\u00fcter des Anlageverm\u00f6gens, beispielsweise Maschinen oder Fahrzeuge, die sie zwischen dem 1. April 2024 und dem 31. Dezember 2024 anschaffen oder herstellen, degressiv abschreiben. Der anzuwendende Prozentsatz darf h\u00f6chstens das Doppelte des linearen Abschreibungssatzes betragen und ist auf 20 Prozent gedeckelt.<\/p>\n<p>F\u00fcr Wohngeb\u00e4ude, die zwischen dem 1. Oktober 2023 und dem 30. September 2029 gebaut oder gekauft werden, wird eine degressive <a title=\"Abschreibung: AfA &amp; GWG erkl\u00e4rt\" href=\"https:\/\/www.buhl.de\/steuer\/ratgeber\/afa-gwg\/\">Abschreibung<\/a> eingef\u00fchrt. Im Jahr der Fertigstellung k\u00f6nnen Vermieter so 5 Prozent der Kosten anteilig abschreiben, in den folgenden Jahren dann jeweils weitere 5 Prozent des Restwerts. Der Wechsel zur linearen Abschreibung ist jederzeit m\u00f6glich.<\/p>\n<h3>2. Verbesserung bei der Sonderabschreibung<\/h3>\n<p>Unternehmen, die im Vorjahr einen Gewinn von maximal 200.000 Euro im Jahr erzielten, durften f\u00fcr Investitionen bisher neben der planm\u00e4\u00dfigen Jahresabschreibung eine Sonderabschreibung bis zu 20 Prozent der Investitionskosten vornehmen. Ab 2024 steigt der maximale Satz auf 40 Prozent. Er gilt f\u00fcr bewegliche Wirtschaftsg\u00fcter, also beispielsweise Maschinen.<\/p>\n<h3>3. H\u00f6here Freigrenze f\u00fcr Geschenke<\/h3>\n<p>Bei Geschenken an Gesch\u00e4ftspartner k\u00f6nnen Unternehmer k\u00fcnftig h\u00f6here Betr\u00e4ge ausgeben und damit steuerlich profitieren: Ab 2024 k\u00f6nnen <a title=\"Schenkungssteuer: Das gilt bei Geschenken\" href=\"https:\/\/www.buhl.de\/steuer\/ratgeber\/schenkungssteuer\/\">Geschenke<\/a> bis zur Freigrenze von 50 Euro netto im Jahr als Betriebsausgaben abgesetzt werden. Bislang lag diese Grenze bei 35 Euro.<\/p>\n<h3>4. Anhebung der Freigrenze f\u00fcr private Ver\u00e4u\u00dferungsgesch\u00e4fte<\/h3>\n<p>Gewinne aus <a title=\"Spekulationssteuer auf private Ver\u00e4u\u00dferungsgesch\u00e4fte\" href=\"https:\/\/www.buhl.de\/steuer\/ratgeber\/spekulationssteuer-immobilienverkauf\/\">privaten Ver\u00e4u\u00dferungsgesch\u00e4ften<\/a> unter 600 Euro im Jahr sind steuerfrei. Ab 2024 wird die Freigrenze auf 1.000 Euro erh\u00f6ht. Die gilt zum Beispiel auch f\u00fcr einen Gewinn aus dem Verkauf von Bitcoins oder anderen Kryptow\u00e4hrungen innerhalb eines Jahres.<\/p>\n<h3>5. Pauschbetrag f\u00fcr Berufskraftfahrer wird erh\u00f6ht<\/h3>\n<p>Die <a title=\"\u00dcbernachtungspauschale f\u00fcr Lkw-Fahrer: 9 \u20ac pro Tag\" href=\"https:\/\/www.buhl.de\/steuer\/ratgeber\/uebernachtungspauschale-lkw-fahrer\/\">\u00dcbernachtungspauschale<\/a> f\u00fcr Lkw-Fahrer wird von 8 Euro auf 9 Euro erh\u00f6ht. Diesen steuerfreien Betrag f\u00fcr \u00dcbernachtungen im Fahrzeug gibt es zus\u00e4tzlich neben den normalen Verpflegungsmehraufwendungen von 14 Euro bzw. 28 Euro.<\/p>\n<h3>6. Grenzen f\u00fcr die Einnahmen-\u00dcberschuss-Rechnung steigen<\/h3>\n<p>Bestimmte Unternehmer (Gewerbebetriebe sowie Land- und Forstwirte) m\u00fcssen f\u00fcr die <a title=\"Steuererkl\u00e4rung 2024: Alle Infos\" href=\"https:\/\/www.buhl.de\/steuer\/jahr\/steuer-2024\/\">Steuererkl\u00e4rung 2024<\/a> Bilanzen erstellen, wenn ihr Umsatz \u00fcber 600.000 Euro oder der Gewinn \u00fcber 60.000 Euro liegt. Diese Betragsgrenzen werden ab 2024 auf 800.000 Euro Umsatz und 80.000 Euro Gewinn angehoben. Das bedeutet, dass die Eink\u00fcnfte dann mit der einfacheren <a title=\"E\u00dcR: Einnahmen-\u00dcberschuss-Rechnung\" href=\"https:\/\/www.buhl.de\/steuer\/kaufen\/euer\/\">Einnahmen-\u00dcberschuss-Rechnung<\/a> (E\u00dcR) ermittelt werden d\u00fcrfen. Freiberufler, wie \u00c4rzte und Rechtsanw\u00e4lte, d\u00fcrfen nach wie vor immer die E\u00dcR anwenden.<\/p>\n<h3>7. Erweiterter Verlustvortrag<\/h3>\n<p><a title=\"Verlustvortrag &amp; Verlustr\u00fccktrag\" href=\"https:\/\/www.buhl.de\/steuer\/ratgeber\/verlustvortrag\/\">Verluste<\/a>, beispielweise von Unternehmern, d\u00fcrfen nach den Regelungen der Steuergesetze in Vorjahre zur\u00fcck- bzw. in Folgejahre vorgetragen werden, um dort mit Gewinnen verrechnet zu werden.<\/p>\n<p>Hohe Verluste m\u00fcssen jedoch \u00fcber mehrere Jahre verteilt werden.<br \/>\nBeim Verlustvortrag gilt: Verluste aus Vorjahren d\u00fcrfen im Folgejahr jeweils nur bis zu 1 Million Euro (2 Millionen Euro bei Ehepartnern) mit dem aktuellen Gesamtbetrag der Eink\u00fcnfte verrechnet werden.<\/p>\n<p>Sind die Verluste noch h\u00f6her, ist eine zus\u00e4tzliche Verrechnung pro Jahr begrenzt auf 60 Prozent des aktuellen Gesamtbetrags der Eink\u00fcnfte.<br \/>\nF\u00fcr die Steuerjahre 2024 bis 2027 wird diese Begrenzung auf 70 Prozent erh\u00f6ht.<\/p>\n<h3>8. Umsatzsteuer bei Kleinunternehmern<\/h3>\n<p><a title=\"Kleinunternehmer: Das gilt bei der Steuer\" href=\"https:\/\/www.buhl.de\/steuer\/steuererklaerung-kleinunternehmer\/\">Kleinunternehmer<\/a> werden ab 2024 davon befreit, eine Umsatzsteuer-Jahreserkl\u00e4rung abzugeben. Dies gilt nicht f\u00fcr die F\u00e4lle des \u00a7 18 Abs. 4a UStG, beispielsweise Gewerbetreibende, die Waren innerhalb der EU erwerben. Die Abgabepflicht gilt weiterhin, wenn das Finanzamt die Erkl\u00e4rung einfordert.<\/p>\n<h2>Ma\u00dfnahmen mit r\u00fcckwirkender G\u00fcltigkeit ab 2023<\/h2>\n<h3>1. Rentenbesteuerung: \u00dcbergangszeitraum f\u00fcr nachgelagerte Besteuerung verl\u00e4ngert<\/h3>\n<p>Rentner, die 2023 erstmals eine Rente bekommen haben, m\u00fcssen nur noch 82,5 Prozent (statt 83 Prozent) ihrer Rente versteuern. Durch die nachgelagerte Besteuerung steigt der Anteil der steuerpflichtigen Renten stetig an. Ab 2023 wird der Besteuerungsanteil f\u00fcr jeden neuen Rentnerjahrgang um einen halben Prozentpunkt j\u00e4hrlich reduziert. Auf Grund dieser Gesetzes\u00e4nderung werden die Renten erst ab 2058 zu 100 Prozent besteuert werden.<\/p>\n<h3>2. \u00c4nderung beim Altersentlastungsbetrag<\/h3>\n<p>Mit der Anpassung des <a title=\"Altersentlastungsbetrag bekommen\" href=\"https:\/\/www.buhl.de\/steuer\/ratgeber\/altersentlastungsbetrag\/\">Altersentlastungsbetrags<\/a> wird ab dem Jahr 2023 der anzuwendende Prozentsatz nicht mehr in j\u00e4hrlichen Schritten von 0,8 Prozentpunkten, sondern nur noch in j\u00e4hrlichen Schritten von 0,4 Prozentpunkten verringert. Der H\u00f6chstbetrag sinkt ab 2023 um j\u00e4hrlich 19 Euro anstatt bisher 38 Euro.<\/p>\n<h3>3. \u00c4nderung beim Versorgungsfreibetrag<\/h3>\n<p>Der <a title=\"Versorungsfreibetrag f\u00fcr Versorgungsbez\u00fcge\" href=\"https:\/\/www.buhl.de\/steuer\/ratgeber\/versorgungsbezuege\/\">Versorgungsfreibetrag<\/a>, beispielsweise bei Beamtenpensionen, wird etwas anders berechnet. Der Prozentsatz, der zur Ermittlung des Freibetrags verwendet wird, sinkt nun langsamer: J\u00e4hrlich verringert er sich ab dem Jahr 2023 um 0,4 Prozent, statt bisher 0,8 Prozent.<br \/>\nDer H\u00f6chstbetrag sinkt ab 2023 um j\u00e4hrlich 30 Euro (statt 60 Euro) und der Zuschlag zum Versorgungsfreibetrag um j\u00e4hrlich 9 Euro (statt 18 Euro).<\/p>\n<h3>4. Degressive Abschreibung f\u00fcr Mietwohnungsneubau<\/h3>\n<p>Um den Bau neuer Wohnungen zu f\u00f6rdern, hat der Staat die Abschreibungsbedingungen f\u00fcr Vermieter deutlich verbessert. Neu ist eine degressive Abschreibung (AfA) von 5 Prozent bez\u00fcglich des Restwerts. Sie gilt f\u00fcr neu gebaute oder im Jahr der Fertigstellung gekaufte Wohnungen. Der Baubeginn muss zwischen dem 1. Oktober 2023 und dem 30. September 2029 liegen. Vorausgesetzt wird mindestens der Effizienzstandard 55.<\/p>\n<p>Im ersten Jahr k\u00f6nnen 5 Prozent der Investitionskosten abgeschrieben werden, in den Folgejahren jeweils 5 Prozent des nach der Abschreibung verbleibenden Restwerts. Vorteil: Der Eigent\u00fcmer kann jederzeit von der degressiven AfA zur linearen AfA wechseln.<\/p>\n<h3>5. Sonderabschreibung f\u00fcr Mietwohnungsneubau<\/h3>\n<p>F\u00fcr neu gebaute Mietwohnungen gibt es unter bestimmten Voraussetzungen eine Sonderabschreibung. Nicht gef\u00f6rdert werden sollen aber sehr teure Wohnungen. Das Wachstumschancengesetz erh\u00f6ht die bisherige Baukostengrenze von 4.800 Euro auf 5.200 Euro je Quadratmeter Wohnfl\u00e4che. Au\u00dferdem steigt die Bemessungsgrundlage f\u00fcr die Sonderabschreibung von bisher h\u00f6chstens 2.500 Euro auf 4.000 Euro je Quadratmeter Wohnfl\u00e4che deutlich.<\/p>\n<p>Die Sonderabschreibung funktioniert so: In den ersten 4 Jahren kannst du zus\u00e4tzlich zur normalen Abschreibung (lineare AfA von 3 Prozent oder degressive AfA) weitere 5 Prozent sonderabschreiben. Die Sonderabschreibung kannst du erstmals in dem Jahr nutzen, in dem die neue Wohnung fertiggestellt wurde. Im Anschaffungsjahr kannst du immer den kompletten Sonderabschreibungsbetrag f\u00fcrs Gesamtjahr absetzen. Bei der regul\u00e4ren Abschreibung (lineare oder degressive AfA) musst du hingegen monatsgenau abschreiben.<\/p>\n<h3>6. \u201eDezemberhilfe 2022\u201c bleibt steuerfrei<\/h3>\n<p>Die als Entlastung f\u00fcr die hohen Gas- und Fernw\u00e4rmekosten an Verbraucher gezahlte sogenannte \u201eDezemberhilfe 2022\u201c wird doch nicht besteuert. Die Regelungen dazu wurden bereits mit dem Kreditzweitmarktf\u00f6rderungsgesetz Ende Dezember 2023 komplett gestrichen.<\/p>\n<h2>FAQ: Wachstumschancengesetz<\/h2>\n\r\n        <div class=\"white-background\">\r\n            <div class=\"container faq-module blog-download buhl-ap\">\r\n                <div class=\"row\">\r\n                <div class=\"col-12 p-lg-0\">\r\n                \r\n                    <div class=\"accordion accordionFaq\" id=\"accordionFaq\">\n<div class=\"card\"><div class=\"d-flex card-header border-0 collapsed\" id=\"heading1\" data-toggle=\"collapse\" data-target=\"#collapse1\"\r\n                    aria-expanded=\"false\" aria-controls=\"collapse1\">                                            \r\n                    <h3 class=\"font-source-sans-pro-1 blue-font no-margin\">Ab wann gilt das Wachstumschancengesetz?<\/h3>\r\n                <\/div>\r\n\n\r\n        <div id=\"collapse1\" class=\"collapse\" aria-labelledby=\"heading1\" data-parent=\"#accordionFaq\">\r\n            <div class=\"card-body\">\r\n                Einige Regelungen gelten sogar r\u00fcckwirkend f\u00fcr das Jahr 2023. Die meisten treten ab dem Steuerjahr 2024 oder sp\u00e4ter in Kraft.                \r\n            <\/div>\r\n        <\/div>\r\n\n<\/div>\n<div class=\"card\">\n<div class=\"d-flex card-header border-0 collapsed\" id=\"heading2\" data-toggle=\"collapse\" data-target=\"#collapse2\"\r\n                    aria-expanded=\"false\" aria-controls=\"collapse2\">                                            \r\n                    <h3 class=\"font-source-sans-pro-1 blue-font no-margin\">F\u00fcr wen ist das Wachstumschancengesetz wichtig? <\/h3>\r\n                <\/div>\r\n\n\r\n        <div id=\"collapse2\" class=\"collapse\" aria-labelledby=\"heading2\" data-parent=\"#accordionFaq\">\r\n            <div class=\"card-body\">\r\n                Viele \u00c4nderungen betreffen Unternehmen. Doch auch f\u00fcr Vermieter, Rentner und Arbeitnehmer gibt es Neues.                 \r\n            <\/div>\r\n        <\/div>\r\n\n<\/div>\n<div class=\"card\">\n<div class=\"d-flex card-header border-0 collapsed\" id=\"heading3\" data-toggle=\"collapse\" data-target=\"#collapse3\"\r\n                    aria-expanded=\"false\" aria-controls=\"collapse3\">                                            \r\n                    <h3 class=\"font-source-sans-pro-1 blue-font no-margin\">Was \u00e4ndert sich bei der Besteuerung von Renten?<\/h3>\r\n                <\/div>\r\n\n\r\n        <div id=\"collapse3\" class=\"collapse\" aria-labelledby=\"heading3\" data-parent=\"#accordionFaq\">\r\n            <div class=\"card-body\">\r\n                Die Besteuerung der Renten wird auch weiterhin f\u00fcr Neurentner stufenweise erh\u00f6ht \u2013 allerdings in kleineren Schritten. Ab 2023 wird der Anstieg des steuerpflichtigen Anteils der Rente j\u00e4hrlich um 0,5 Prozentpunkte statt um einen Prozentpunkt steigen. Das betrifft alle, die ab 2023 erstmals Rente beziehen.                \r\n            <\/div>\r\n        <\/div>\r\n\n<\/div>\n<div class=\"card\">\n<div class=\"d-flex card-header border-0 collapsed\" id=\"heading4\" data-toggle=\"collapse\" data-target=\"#collapse4\"\r\n                    aria-expanded=\"false\" aria-controls=\"collapse4\">                                            \r\n                    <h3 class=\"font-source-sans-pro-1 blue-font no-margin\">Gibt es \u00c4nderungen f\u00fcr Kleinunternehmer beim Wachstumschancengesetz?<\/h3>\r\n                <\/div>\r\n\n\r\n        <div id=\"collapse4\" class=\"collapse\" aria-labelledby=\"heading4\" data-parent=\"#accordionFaq\">\r\n            <div class=\"card-body\">\r\n                Ja, Kleinunternehmer werden ab 2024 von der Pflicht befreit, eine Umsatzsteuer-Jahreserkl\u00e4rung abzugeben. Es gelten bestimmte Ausnahmen.                \r\n            <\/div>\r\n        <\/div>\r\n\n<\/div>\n<div class=\"card\">\n<div class=\"d-flex card-header border-0 collapsed\" id=\"heading5\" data-toggle=\"collapse\" data-target=\"#collapse5\"\r\n                    aria-expanded=\"false\" aria-controls=\"collapse5\">                                            \r\n                    <h3 class=\"font-source-sans-pro-1 blue-font no-margin\">Welche steuerlichen Erleichterungen sind im Wachstumschancengesetz f\u00fcr Unternehmer vorgesehen?<\/h3>\r\n                <\/div>\r\n\n\r\n        <div id=\"collapse5\" class=\"collapse\" aria-labelledby=\"heading5\" data-parent=\"#accordionFaq\">\r\n            <div class=\"card-body\">\r\n                Es gibt verbesserte Abschreibungsm\u00f6glichkeiten. Beispiel: Die befristete Wiedereinf\u00fchrung der degressiven Abschreibung f\u00fcr bewegliche Wirtschaftsg\u00fcter, die zwischen dem 1. April 2024 und 31. Dezember 2024 gekauft werden. Beispielsweise Maschinen oder Fahrzeuge.                \r\n            <\/div>\r\n        <\/div>\r\n\n<\/div>\n<div class=\"card\">\n<div class=\"d-flex card-header border-0 collapsed\" id=\"heading6\" data-toggle=\"collapse\" data-target=\"#collapse6\"\r\n                    aria-expanded=\"false\" aria-controls=\"collapse6\">                                            \r\n                    <h3 class=\"font-source-sans-pro-1 blue-font no-margin\">Was ist mit der &#8222;Dezemberhilfe 2022&#8220;?<\/h3>\r\n                <\/div>\r\n\n\r\n        <div id=\"collapse6\" class=\"collapse\" aria-labelledby=\"heading6\" data-parent=\"#accordionFaq\">\r\n            <div class=\"card-body\">\r\n                Die Besteuerung der im Jahr 2022 gezahlten &#8222;Dezemberhilfe&#8220; wird ersatzlos gestrichen und ist damit steuerfrei. Das wurde bereits Ende 2023 durch das Kreditzweitmarktf\u00f6rderungsgesetz umgesetzt.                \r\n            <\/div>\r\n        <\/div>\r\n\n<\/div>\n<\/div>\r\n                 <\/div>\r\n              <\/div>\r\n            <\/div>\r\n        <\/div>\r\n        <div class=\"spacing-modul  \">\r\n            <div class=\"container spacing-modul\">\r\n               <div class=\"row\">\r\n                   <div id=\"\" class=\"anchor\"><\/div>\r\n                   <div class=\"col-12 modul-spacing-default-b\"><\/div>\r\n                   <div class=\"col-12 modul-spacing-default-b\"><\/div>\r\n               <\/div>\r\n            <\/div>\r\n        <\/div>\r\n    \n\r\n        <div class=\"white-background\">\r\n            <div class=\"full-width-text\">\r\n                <div class=\"inner-spacing blog-ad1-wrapper silver-background\">\r\n                    <div class=\"container blog-ad1\">\r\n                        <div class=\"row\">\r\n                        \r\n                            <div class=\"col-12 col-md-6 d-none d-md-flex align-content-center\">\r\n                                \r\n                                    <img decoding=\"async\" loading=\"lazy\" height=\"auto\" style=\"max-width:100%;\" alt=\"Steuer-Abruf Logo\" title=\"\" \r\n                                        class=\"mx-auto d-none d-md-block \" src=\"https:\/\/www.buhl.de\/steuer\/wp-content\/themes\/steuer-web\/buhl-steuer\/assets\/blog\/blog-ad1\/jeder-steuer\/blog-jeder-steuer.svg\" \/>\r\n                                \r\n                            <\/div>\r\n                        \r\n                            \r\n                            <div class=\"col-12 col-md-6\">\r\n                                \r\n                                    <div class=\"d-flex headline-spacing-30 justify-content-start\">\r\n                                        \r\n                                            <img decoding=\"async\" loading=\"lazy\" height=\"auto\" style=\"max-width:100%;\" alt=\"WISO&nbsp;Steuer Vorteile\" title=\"WISO&nbsp;Steuer Buhl Logo\" \r\n                                                class=\"d-none d-md-block \" src=\"https:\/\/www.buhl.de\/steuer\/wp-content\/themes\/steuer-web\/buhl-steuer\/assets\/full-width-text\/ad1\/logo-wiso-steuer.svg\" \/>\r\n                                        \r\n                                        \r\n                                                \r\n                                        \r\n                                            <img decoding=\"async\" loading=\"lazy\" alt=\"WISO&nbsp;Steuer Vorteile\" title=\"WISO&nbsp;Steuer Buhl Logo\" \r\n                                                class=\"mx-auto d-md-none mobile \" src=\"https:\/\/www.buhl.de\/steuer\/wp-content\/themes\/steuer-web\/buhl-steuer\/assets\/full-width-text\/ad1\/logo-wiso-steuer.svg\" \/>\r\n                                        \r\n                                    <\/div>\r\n                                \r\n                            \r\n                                \r\n                                    <p class=\"font-cairo-10 fw700 blue-font headline-spacing-30 text-center justify-content-start text-md-left\">Hier schafft jeder die Steuer<\/p>\r\n                                \r\n                    \r\n                                <div class=\"font-source-sans-pro-1 mt-30 mb-30 blue-font subline-width text-center text-md-left\">Mit WISO&nbsp;Steuer holst du das Maximum aus deiner Steuererkl\u00e4rung heraus. Lass dich Schritt f\u00fcr Schritt durch die Steuererkl\u00e4rung f\u00fchren und hol dir alle Tipps f\u00fcr noch mehr Steuerr\u00fcckerstattung.<\/div>\r\n                                \r\n                                \r\n\r\n                                <div class=\"d-flex flex-column flex-md-row align-items-center align-items-md-start justify-content-start\">\r\n                                    \r\n                                    <a class=\"font-cairo-2 fw700 intro-button primary w-230 d-none d-md-flex mr-md-25 justify-content-center align-items-center\"\r\n                                       role=\"button\"\r\n                                       href=\"https:\/\/www.buhl.de\/shop\/wisosteuer\/auswahl?2025=agv&wkz=STWEBMARKETINGSEITE&src=WEB\"\r\n                                       target=\"_self\"\r\n                                       title=\"WISO&nbsp;Steuer Lizenz kaufen\"\r\n                                       id=\"adsiegelkauf\"\r\n                                       onclick=\"dataLayer.push({'event': 'ButtonClick SW','sw-button': 'click-preise'});\">\r\n                                       Jetzt kaufen\r\n                                    <\/a>\r\n                                    \r\n                                    \r\n                                    \r\n                                    <a class=\"d-flex justify-content-center align-items-center d-md-none font-cairo-2 fw700 intro-button primary w-230\"\r\n                                       role=\"button\"\r\n                                       href=\"https:\/\/www.buhl.de\/shop\/wisosteuer\/auswahl?2025=agv&wkz=STWEBMARKETINGSEITE&src=WEB\"\r\n                                       target=\"_self\"\r\n                                       title=\"WISO&nbsp;Steuer Lizenz kaufen\"\r\n                                       id=\"adsiegelkauf\"\r\n                                       onclick=\"dataLayer.push({'event': 'ButtonClick SW','sw-button': 'click-mobile-starten'});\">\r\n                                       Jetzt kaufen\r\n                                    <\/a>\r\n                                    \r\n                                    \r\n                                    \r\n                                    <a class=\"font-cairo-2 fw700 intro-button secondary w-230 d-none d-md-flex  justify-content-center align-items-center\"\r\n                                       role=\"button\"\r\n                                       href=\"https:\/\/www.buhl.de\/mein-buhlkonto\/?buhlparam=2100101\"\r\n                                       target=\"_self\"\r\n                                       title=\"Hier kostenlos starten\"\r\n                                       id=\"adsiegeltest\"\r\n                                       onclick=\"dataLayer.push({'event': 'ButtonClick SW','sw-button': 'click-testen'});\">\r\n                                       Kostenlos testen\r\n                                    <\/a>\r\n                                    \r\n                                    \r\n                                    \r\n                                    <a class=\"font-cairo-2 fw700 intro-button secondary w-230 d-flex d-md-none justify-content-center align-items-center mt-30\"\r\n                                       role=\"button\"\r\n                                       href=\"https:\/\/www.buhl.de\/mein-buhlkonto\/?buhlparam=2100101\"\r\n                                       target=\"_self\"\r\n                                       title=\"Hier kostenlos starten\"\r\n                                       id=\"adsiegeltest\"\r\n                                       onclick=\"dataLayer.push({'event': 'ButtonClick SW','sw-button': 'click-mobile-starten'});\">\r\n                                       Kostenlos testen\r\n                                    <\/a>\r\n                                    \r\n                                <\/div>\r\n                                \r\n                                \r\n                                    <div class=\"d-flex d-md-none align-content-center mobile-image-spacing\">\r\n                                        \r\n                                            <img decoding=\"async\" loading=\"lazy\" height=\"auto\" style=\"max-width:100%;\" alt=\"Steuer-Abruf Logo\" title=\"\" \r\n                                                class=\"\" src=\"https:\/\/www.buhl.de\/steuer\/wp-content\/themes\/steuer-web\/buhl-steuer\/assets\/blog\/blog-ad1\/jeder-steuer\/blog-jeder-steuer.svg\" \/>\r\n                                        \r\n                                    <\/div>\r\n                                \r\n                            <\/div>\r\n                        <\/div>\r\n                    <\/div>\r\n                <\/div>\r\n            <\/div>\r\n        <\/div>\r\n    \n","protected":false},"excerpt":{"rendered":"<p>Der Bundesrat hat am 22. M\u00e4rz 2024 das Wachstumschancengesetz beschlossen. Einige der Ma\u00dfnahmen treten sogar r\u00fcckwirkend f\u00fcr das Jahr 2023 in Kraft. Was genau gilt ab wann? Ein \u00dcberblick.<\/p>\n","protected":false},"author":220,"featured_media":61764,"comment_status":"closed","ping_status":"open","sticky":false,"template":"","format":"standard","meta":{"_acf_changed":false,"footnotes":""},"categories":[2841,2816,2817,2810,2809,2818,2808],"tags":[],"class_list":["post-61682","post","type-post","status-publish","format-standard","has-post-thumbnail","hentry","category-alle","category-finanzamt","category-finanzen","category-haus","category-rente","category-selbst","category-arbeit"],"yoast_head":"<!-- This site is optimized with the Yoast SEO Premium plugin v27.0 (Yoast SEO v27.0) - https:\/\/yoast.com\/product\/yoast-seo-premium-wordpress\/ -->\n<title>Wachstumschancengesetz \u2013 neue Regeln bei der Steuer<\/title>\n<meta name=\"description\" content=\"\ud83d\udce2 Das Wachstumschancengesetz ist da: Welche \u00c4nderungen erwarten uns? Ein \u00dcberblick \u00fcber Steueranpassungen f\u00fcr 2023 und dar\u00fcber hinaus. \ud83d\udcbc\ud83d\udcc5\" \/>\n<meta name=\"robots\" content=\"index, follow, max-snippet:-1, max-image-preview:large, max-video-preview:-1\" \/>\n<link rel=\"canonical\" href=\"https:\/\/www.buhl.de\/steuer\/ratgeber\/wachstumschancengesetz\/\" \/>\n<meta property=\"og:locale\" content=\"de_DE\" \/>\n<meta property=\"og:type\" content=\"article\" \/>\n<meta property=\"og:title\" content=\"Was bringt das Wachstumschancengesetz?\" \/>\n<meta property=\"og:description\" content=\"\ud83d\udce2 Das Wachstumschancengesetz ist da: Welche \u00c4nderungen erwarten uns? Ein \u00dcberblick \u00fcber Steueranpassungen f\u00fcr 2023 und dar\u00fcber hinaus. \ud83d\udcbc\ud83d\udcc5\" \/>\n<meta property=\"og:url\" content=\"https:\/\/www.buhl.de\/steuer\/ratgeber\/wachstumschancengesetz\/\" \/>\n<meta property=\"og:site_name\" content=\"WISO Steuer: Nr.1 App f\u00fcr die Steuererkl\u00e4rung\" \/>\n<meta property=\"article:published_time\" content=\"2024-03-25T08:06:50+00:00\" \/>\n<meta property=\"article:modified_time\" content=\"2025-02-21T12:54:47+00:00\" \/>\n<meta property=\"og:image\" content=\"https:\/\/www.buhl.de\/steuer\/wp-content\/uploads\/sites\/31\/2023\/09\/wachstumschancengesetz-title.jpg\" \/>\n\t<meta property=\"og:image:width\" content=\"976\" \/>\n\t<meta property=\"og:image:height\" content=\"400\" \/>\n\t<meta property=\"og:image:type\" content=\"image\/jpeg\" \/>\n<meta name=\"author\" content=\"Udo Reu\u00df\" \/>\n<meta name=\"twitter:card\" content=\"summary_large_image\" \/>\n<meta name=\"twitter:label1\" content=\"Verfasst von\" \/>\n\t<meta name=\"twitter:data1\" content=\"Udo Reu\u00df\" \/>\n\t<meta name=\"twitter:label2\" content=\"Gesch\u00e4tzte Lesezeit\" \/>\n\t<meta name=\"twitter:data2\" content=\"9\u00a0Minuten\" \/>\n<script type=\"application\/ld+json\" class=\"yoast-schema-graph\">{\"@context\":\"https:\/\/schema.org\",\"@graph\":[{\"@type\":\"Article\",\"@id\":\"https:\/\/www.buhl.de\/steuer\/ratgeber\/wachstumschancengesetz\/#article\",\"isPartOf\":{\"@id\":\"https:\/\/www.buhl.de\/steuer\/ratgeber\/wachstumschancengesetz\/\"},\"author\":{\"name\":\"Udo Reu\u00df\",\"@id\":\"https:\/\/www.buhl.de\/steuer\/#\/schema\/person\/03b5508d4c85dc193be95cb4e2d78423\"},\"headline\":\"Was bringt das Wachstumschancengesetz?\",\"datePublished\":\"2024-03-25T08:06:50+00:00\",\"dateModified\":\"2025-02-21T12:54:47+00:00\",\"mainEntityOfPage\":{\"@id\":\"https:\/\/www.buhl.de\/steuer\/ratgeber\/wachstumschancengesetz\/\"},\"wordCount\":1559,\"publisher\":{\"@id\":\"https:\/\/www.buhl.de\/steuer\/#organization\"},\"image\":{\"@id\":\"https:\/\/www.buhl.de\/steuer\/ratgeber\/wachstumschancengesetz\/#primaryimage\"},\"thumbnailUrl\":\"https:\/\/www.buhl.de\/steuer\/wp-content\/uploads\/sites\/31\/2023\/09\/wachstumschancengesetz-title.jpg\",\"articleSection\":[\"Neueste Beitr\u00e4ge\",\"Ratgeber: Finanzamt &amp; Steuern\",\"Ratgeber: Finanzen &amp; Steuern\",\"Ratgeber: Immobilien &amp; Steuern\",\"Ratgeber: Rentenbesteuerung\",\"Ratgeber:\u00a0Selbstst\u00e4ndigkeit &amp; Steuern\",\"Ratgeber: Steuern &amp; Gehalt\"],\"inLanguage\":\"de\"},{\"@type\":\"WebPage\",\"@id\":\"https:\/\/www.buhl.de\/steuer\/ratgeber\/wachstumschancengesetz\/\",\"url\":\"https:\/\/www.buhl.de\/steuer\/ratgeber\/wachstumschancengesetz\/\",\"name\":\"Wachstumschancengesetz \u2013 neue Regeln bei der Steuer\",\"isPartOf\":{\"@id\":\"https:\/\/www.buhl.de\/steuer\/#website\"},\"primaryImageOfPage\":{\"@id\":\"https:\/\/www.buhl.de\/steuer\/ratgeber\/wachstumschancengesetz\/#primaryimage\"},\"image\":{\"@id\":\"https:\/\/www.buhl.de\/steuer\/ratgeber\/wachstumschancengesetz\/#primaryimage\"},\"thumbnailUrl\":\"https:\/\/www.buhl.de\/steuer\/wp-content\/uploads\/sites\/31\/2023\/09\/wachstumschancengesetz-title.jpg\",\"datePublished\":\"2024-03-25T08:06:50+00:00\",\"dateModified\":\"2025-02-21T12:54:47+00:00\",\"description\":\"\ud83d\udce2 Das Wachstumschancengesetz ist da: Welche \u00c4nderungen erwarten uns? Ein \u00dcberblick \u00fcber Steueranpassungen f\u00fcr 2023 und dar\u00fcber hinaus. \ud83d\udcbc\ud83d\udcc5\",\"breadcrumb\":{\"@id\":\"https:\/\/www.buhl.de\/steuer\/ratgeber\/wachstumschancengesetz\/#breadcrumb\"},\"inLanguage\":\"de\",\"potentialAction\":[{\"@type\":\"ReadAction\",\"target\":[\"https:\/\/www.buhl.de\/steuer\/ratgeber\/wachstumschancengesetz\/\"]}]},{\"@type\":\"ImageObject\",\"inLanguage\":\"de\",\"@id\":\"https:\/\/www.buhl.de\/steuer\/ratgeber\/wachstumschancengesetz\/#primaryimage\",\"url\":\"https:\/\/www.buhl.de\/steuer\/wp-content\/uploads\/sites\/31\/2023\/09\/wachstumschancengesetz-title.jpg\",\"contentUrl\":\"https:\/\/www.buhl.de\/steuer\/wp-content\/uploads\/sites\/31\/2023\/09\/wachstumschancengesetz-title.jpg\",\"width\":976,\"height\":400},{\"@type\":\"BreadcrumbList\",\"@id\":\"https:\/\/www.buhl.de\/steuer\/ratgeber\/wachstumschancengesetz\/#breadcrumb\",\"itemListElement\":[{\"@type\":\"ListItem\",\"position\":1,\"name\":\"Steuererkl\u00e4rung\",\"item\":\"https:\/\/www.buhl.de\/steuer\/\"},{\"@type\":\"ListItem\",\"position\":2,\"name\":\"Was bringt das Wachstumschancengesetz?\"}]},{\"@type\":\"WebSite\",\"@id\":\"https:\/\/www.buhl.de\/steuer\/#website\",\"url\":\"https:\/\/www.buhl.de\/steuer\/\",\"name\":\"WISO Steuer: Nr. 1 Steuer-App\",\"description\":\"\",\"publisher\":{\"@id\":\"https:\/\/www.buhl.de\/steuer\/#organization\"},\"potentialAction\":[{\"@type\":\"SearchAction\",\"target\":{\"@type\":\"EntryPoint\",\"urlTemplate\":\"https:\/\/www.buhl.de\/steuer\/?s={search_term_string}\"},\"query-input\":{\"@type\":\"PropertyValueSpecification\",\"valueRequired\":true,\"valueName\":\"search_term_string\"}}],\"inLanguage\":\"de\"},{\"@type\":\"Organization\",\"@id\":\"https:\/\/www.buhl.de\/steuer\/#organization\",\"name\":\"WISO Steuer | Buhl Data Service GmbH\",\"url\":\"https:\/\/www.buhl.de\/steuer\/\",\"logo\":{\"@type\":\"ImageObject\",\"inLanguage\":\"de\",\"@id\":\"https:\/\/www.buhl.de\/steuer\/#\/schema\/logo\/image\/\",\"url\":\"https:\/\/www.buhl.de\/steuer\/wp-content\/uploads\/sites\/31\/2026\/02\/logo-wiso-steuer-app.svg\",\"contentUrl\":\"https:\/\/www.buhl.de\/steuer\/wp-content\/uploads\/sites\/31\/2026\/02\/logo-wiso-steuer-app.svg\",\"width\":375,\"height\":72,\"caption\":\"WISO Steuer | Buhl Data Service GmbH\"},\"image\":{\"@id\":\"https:\/\/www.buhl.de\/steuer\/#\/schema\/logo\/image\/\"}},{\"@type\":\"Person\",\"@id\":\"https:\/\/www.buhl.de\/steuer\/#\/schema\/person\/03b5508d4c85dc193be95cb4e2d78423\",\"name\":\"Udo Reu\u00df\",\"image\":{\"@type\":\"ImageObject\",\"inLanguage\":\"de\",\"@id\":\"https:\/\/www.buhl.de\/steuer\/#\/schema\/person\/image\/\",\"url\":\"https:\/\/www.buhl.de\/steuer\/wp-content\/uploads\/sites\/31\/2024\/07\/udo.png\",\"contentUrl\":\"https:\/\/www.buhl.de\/steuer\/wp-content\/uploads\/sites\/31\/2024\/07\/udo.png\",\"caption\":\"Udo Reu\u00df\"},\"sameAs\":[\"https:\/\/www.buhl.de\/steuer\/autoren\/udo-reuss\/\"]}]}<\/script>\n<!-- \/ Yoast SEO Premium plugin. -->","yoast_head_json":{"title":"Wachstumschancengesetz \u2013 neue Regeln bei der Steuer","description":"\ud83d\udce2 Das Wachstumschancengesetz ist da: Welche \u00c4nderungen erwarten uns? Ein \u00dcberblick \u00fcber Steueranpassungen f\u00fcr 2023 und dar\u00fcber hinaus. \ud83d\udcbc\ud83d\udcc5","robots":{"index":"index","follow":"follow","max-snippet":"max-snippet:-1","max-image-preview":"max-image-preview:large","max-video-preview":"max-video-preview:-1"},"canonical":"https:\/\/www.buhl.de\/steuer\/ratgeber\/wachstumschancengesetz\/","og_locale":"de_DE","og_type":"article","og_title":"Was bringt das Wachstumschancengesetz?","og_description":"\ud83d\udce2 Das Wachstumschancengesetz ist da: Welche \u00c4nderungen erwarten uns? Ein \u00dcberblick \u00fcber Steueranpassungen f\u00fcr 2023 und dar\u00fcber hinaus. \ud83d\udcbc\ud83d\udcc5","og_url":"https:\/\/www.buhl.de\/steuer\/ratgeber\/wachstumschancengesetz\/","og_site_name":"WISO Steuer: Nr.1 App f\u00fcr die Steuererkl\u00e4rung","article_published_time":"2024-03-25T08:06:50+00:00","article_modified_time":"2025-02-21T12:54:47+00:00","og_image":[{"width":976,"height":400,"url":"https:\/\/www.buhl.de\/steuer\/wp-content\/uploads\/sites\/31\/2023\/09\/wachstumschancengesetz-title.jpg","type":"image\/jpeg"}],"author":"Udo Reu\u00df","twitter_card":"summary_large_image","twitter_misc":{"Verfasst von":"Udo Reu\u00df","Gesch\u00e4tzte Lesezeit":"9\u00a0Minuten"},"schema":{"@context":"https:\/\/schema.org","@graph":[{"@type":"Article","@id":"https:\/\/www.buhl.de\/steuer\/ratgeber\/wachstumschancengesetz\/#article","isPartOf":{"@id":"https:\/\/www.buhl.de\/steuer\/ratgeber\/wachstumschancengesetz\/"},"author":{"name":"Udo Reu\u00df","@id":"https:\/\/www.buhl.de\/steuer\/#\/schema\/person\/03b5508d4c85dc193be95cb4e2d78423"},"headline":"Was bringt das Wachstumschancengesetz?","datePublished":"2024-03-25T08:06:50+00:00","dateModified":"2025-02-21T12:54:47+00:00","mainEntityOfPage":{"@id":"https:\/\/www.buhl.de\/steuer\/ratgeber\/wachstumschancengesetz\/"},"wordCount":1559,"publisher":{"@id":"https:\/\/www.buhl.de\/steuer\/#organization"},"image":{"@id":"https:\/\/www.buhl.de\/steuer\/ratgeber\/wachstumschancengesetz\/#primaryimage"},"thumbnailUrl":"https:\/\/www.buhl.de\/steuer\/wp-content\/uploads\/sites\/31\/2023\/09\/wachstumschancengesetz-title.jpg","articleSection":["Neueste Beitr\u00e4ge","Ratgeber: Finanzamt &amp; Steuern","Ratgeber: Finanzen &amp; Steuern","Ratgeber: Immobilien &amp; Steuern","Ratgeber: Rentenbesteuerung","Ratgeber:\u00a0Selbstst\u00e4ndigkeit &amp; Steuern","Ratgeber: Steuern &amp; Gehalt"],"inLanguage":"de"},{"@type":"WebPage","@id":"https:\/\/www.buhl.de\/steuer\/ratgeber\/wachstumschancengesetz\/","url":"https:\/\/www.buhl.de\/steuer\/ratgeber\/wachstumschancengesetz\/","name":"Wachstumschancengesetz \u2013 neue Regeln bei der Steuer","isPartOf":{"@id":"https:\/\/www.buhl.de\/steuer\/#website"},"primaryImageOfPage":{"@id":"https:\/\/www.buhl.de\/steuer\/ratgeber\/wachstumschancengesetz\/#primaryimage"},"image":{"@id":"https:\/\/www.buhl.de\/steuer\/ratgeber\/wachstumschancengesetz\/#primaryimage"},"thumbnailUrl":"https:\/\/www.buhl.de\/steuer\/wp-content\/uploads\/sites\/31\/2023\/09\/wachstumschancengesetz-title.jpg","datePublished":"2024-03-25T08:06:50+00:00","dateModified":"2025-02-21T12:54:47+00:00","description":"\ud83d\udce2 Das Wachstumschancengesetz ist da: Welche \u00c4nderungen erwarten uns? Ein \u00dcberblick \u00fcber Steueranpassungen f\u00fcr 2023 und dar\u00fcber hinaus. \ud83d\udcbc\ud83d\udcc5","breadcrumb":{"@id":"https:\/\/www.buhl.de\/steuer\/ratgeber\/wachstumschancengesetz\/#breadcrumb"},"inLanguage":"de","potentialAction":[{"@type":"ReadAction","target":["https:\/\/www.buhl.de\/steuer\/ratgeber\/wachstumschancengesetz\/"]}]},{"@type":"ImageObject","inLanguage":"de","@id":"https:\/\/www.buhl.de\/steuer\/ratgeber\/wachstumschancengesetz\/#primaryimage","url":"https:\/\/www.buhl.de\/steuer\/wp-content\/uploads\/sites\/31\/2023\/09\/wachstumschancengesetz-title.jpg","contentUrl":"https:\/\/www.buhl.de\/steuer\/wp-content\/uploads\/sites\/31\/2023\/09\/wachstumschancengesetz-title.jpg","width":976,"height":400},{"@type":"BreadcrumbList","@id":"https:\/\/www.buhl.de\/steuer\/ratgeber\/wachstumschancengesetz\/#breadcrumb","itemListElement":[{"@type":"ListItem","position":1,"name":"Steuererkl\u00e4rung","item":"https:\/\/www.buhl.de\/steuer\/"},{"@type":"ListItem","position":2,"name":"Was bringt das Wachstumschancengesetz?"}]},{"@type":"WebSite","@id":"https:\/\/www.buhl.de\/steuer\/#website","url":"https:\/\/www.buhl.de\/steuer\/","name":"WISO Steuer: Nr. 1 Steuer-App","description":"","publisher":{"@id":"https:\/\/www.buhl.de\/steuer\/#organization"},"potentialAction":[{"@type":"SearchAction","target":{"@type":"EntryPoint","urlTemplate":"https:\/\/www.buhl.de\/steuer\/?s={search_term_string}"},"query-input":{"@type":"PropertyValueSpecification","valueRequired":true,"valueName":"search_term_string"}}],"inLanguage":"de"},{"@type":"Organization","@id":"https:\/\/www.buhl.de\/steuer\/#organization","name":"WISO Steuer | Buhl Data Service GmbH","url":"https:\/\/www.buhl.de\/steuer\/","logo":{"@type":"ImageObject","inLanguage":"de","@id":"https:\/\/www.buhl.de\/steuer\/#\/schema\/logo\/image\/","url":"https:\/\/www.buhl.de\/steuer\/wp-content\/uploads\/sites\/31\/2026\/02\/logo-wiso-steuer-app.svg","contentUrl":"https:\/\/www.buhl.de\/steuer\/wp-content\/uploads\/sites\/31\/2026\/02\/logo-wiso-steuer-app.svg","width":375,"height":72,"caption":"WISO Steuer | Buhl Data Service GmbH"},"image":{"@id":"https:\/\/www.buhl.de\/steuer\/#\/schema\/logo\/image\/"}},{"@type":"Person","@id":"https:\/\/www.buhl.de\/steuer\/#\/schema\/person\/03b5508d4c85dc193be95cb4e2d78423","name":"Udo Reu\u00df","image":{"@type":"ImageObject","inLanguage":"de","@id":"https:\/\/www.buhl.de\/steuer\/#\/schema\/person\/image\/","url":"https:\/\/www.buhl.de\/steuer\/wp-content\/uploads\/sites\/31\/2024\/07\/udo.png","contentUrl":"https:\/\/www.buhl.de\/steuer\/wp-content\/uploads\/sites\/31\/2024\/07\/udo.png","caption":"Udo Reu\u00df"},"sameAs":["https:\/\/www.buhl.de\/steuer\/autoren\/udo-reuss\/"]}]}},"acf":[],"wps_subtitle":"Neues Steuergesetz verabschiedet ","_links":{"self":[{"href":"https:\/\/www.buhl.de\/steuer\/wp-json\/wp\/v2\/posts\/61682","targetHints":{"allow":["GET"]}}],"collection":[{"href":"https:\/\/www.buhl.de\/steuer\/wp-json\/wp\/v2\/posts"}],"about":[{"href":"https:\/\/www.buhl.de\/steuer\/wp-json\/wp\/v2\/types\/post"}],"author":[{"embeddable":true,"href":"https:\/\/www.buhl.de\/steuer\/wp-json\/wp\/v2\/users\/220"}],"replies":[{"embeddable":true,"href":"https:\/\/www.buhl.de\/steuer\/wp-json\/wp\/v2\/comments?post=61682"}],"version-history":[{"count":44,"href":"https:\/\/www.buhl.de\/steuer\/wp-json\/wp\/v2\/posts\/61682\/revisions"}],"predecessor-version":[{"id":70124,"href":"https:\/\/www.buhl.de\/steuer\/wp-json\/wp\/v2\/posts\/61682\/revisions\/70124"}],"wp:featuredmedia":[{"embeddable":true,"href":"https:\/\/www.buhl.de\/steuer\/wp-json\/wp\/v2\/media\/61764"}],"wp:attachment":[{"href":"https:\/\/www.buhl.de\/steuer\/wp-json\/wp\/v2\/media?parent=61682"}],"wp:term":[{"taxonomy":"category","embeddable":true,"href":"https:\/\/www.buhl.de\/steuer\/wp-json\/wp\/v2\/categories?post=61682"},{"taxonomy":"post_tag","embeddable":true,"href":"https:\/\/www.buhl.de\/steuer\/wp-json\/wp\/v2\/tags?post=61682"}],"curies":[{"name":"wp","href":"https:\/\/api.w.org\/{rel}","templated":true}]}}