{"id":10057,"date":"2020-01-23T10:53:53","date_gmt":"2020-01-23T09:53:53","guid":{"rendered":"http:\/\/www.buhl.de\/vermieter-web\/?p=10057"},"modified":"2020-01-23T10:55:40","modified_gmt":"2020-01-23T09:55:40","slug":"weg-abstimmung-in-der-waschkueche","status":"publish","type":"post","link":"https:\/\/www.buhl.de\/vermieter-web\/weg-abstimmung-in-der-waschkueche\/","title":{"rendered":"WEG: Abstimmung in der Waschk\u00fcche"},"content":{"rendered":"<p><b>Normalerweise finden Wohneigent\u00fcmerversammlungen in Tagungsr\u00e4umen statt, die der Bedeutung der Versammlung angemessen ist. Doch wenn die Tagesordnung nur zwei Punkte umfasst und die Abhandlung der Fragen nur kurze Zeit in Anspruch nimmt, kann dies sogar in einer Waschk\u00fcche geschehen. Die dabei getroffenen Beschl\u00fcsse sind dann nicht wegen der R\u00e4umlichkeiten anfechtbar. Zu diesem Ergebnis kam zumindest das Landgericht Dortmund in einem Urteil vom 23.11.2018 (Aktenzeichen: 17 S 83\/18).<\/b><\/p>\n<p>Es ging in dem Verfahren tats\u00e4chlich um eine Wohneigent\u00fcmerversammlung, die im August 2017 in einer Waschk\u00fcche stattfand. Besprochen wurden lediglich zwei Tagesordnungspunkte, die an sich unstrittig waren. Die Versammlung war so kurz, dass die Teilnehmer nicht einmal angebotene Sitzgelegenheiten in Anspruch nahmen. Nach sieben Minuten war die Versammlung beendet.<\/p>\n<p>Dennoch klagte ein Wohneigent\u00fcmer, der w\u00e4hrend der sich w\u00e4hrend der Versammlung vertreten lie\u00df, gegen die Versammlung. Er r\u00fcgte den seiner Meinung nach den unpassenden Ort und verwies darauf, dass sein Vertreter Schwierigkeiten hatte, den Versammlungsort zu finden.<\/p>\n<p>Mit seiner Klage hatte der Wohnungseigent\u00fcmer bei zust\u00e4ndigen Amtsgericht Erfolg. Das Gericht hielt den Versammlungsort ebenfalls f\u00fcr ungeeignet und erkl\u00e4rte deshalb die gefassten Beschl\u00fcsse f\u00fcr unwirksam. Die Waschk\u00fcche sei ein unzul\u00e4ssiger Versammlungsort, weil \u00fcber strittige Punkte entschieden werden sollte und der Weg hierhin einem Labyrinth \u00e4hnlich sei. Die \u00fcbrigen Mitglieder der Wohnungseigent\u00fcmergemeinschaft akzeptierten den Richterspruch jedoch nicht und gingen vor dem Landgericht Dortmund in Berufung.<\/p>\n<p>Dort sah man die Sache anders, als das Amtsgericht und hob das Urteil auf. Grunds\u00e4tzlich, so stellte das Landgericht fest, kann ein ungeeigneter Versammlungsort durchaus dazu f\u00fchren, dass die gefassten Beschl\u00fcsse anfechtbar machen. Im vorliegenden Fall hielt das Gericht aber die Waschk\u00fcche f\u00fcr einen zumutbaren Versammlungsort. Hier sei die kurze Tagesordnung und der geringe Zeitaufwand f\u00fcr die Versammlung zu ber\u00fccksichtigen. Da die Versammlung sehr zeitlich sehr kurz war, sei auch nicht zu beanstanden, dass man die Besprechung im Stehen durchf\u00fchrte.<\/p>\n<p>Das Gericht stellte au\u00dferdem fest, dass man den \u201eVersammlungsort\u201c durchaus einfach finden konnte. Man habe nur die Kellertreppe hinab durch einen Flur gehen m\u00fcssen. Au\u00dferdem hatte sich w\u00e4hrend der Verhandlung herausgestellt, dass sowohl der Kl\u00e4ger als auch von ihm beauftragte Vertreter bereits vorher an Versammlungen in der Waschk\u00fcche teilgenommen hatten.<\/p>\n<p><em><strong>Das k\u00f6nnte Sie auch interessieren:<br \/>\n<img loading=\"lazy\" decoding=\"async\" class=\"wp-image-9793 alignleft\" src=\"https:\/\/www.buhl.de\/vermieter-web\/wp-content\/uploads\/sites\/33\/2019\/09\/Verlinkung.jpg\" alt=\"\" width=\"90\" height=\"87\" \/><\/strong><\/em><a href=\"\/vermieter-web\/rederecht-bei-der-wohneigentuemerversammlung\/\">Rederecht bei der Wohneigent\u00fcmerversammlung<\/a><br \/>\n<a href=\"https:\/\/www.buhl.de\/vermieter-web\/klimatische-verstimmung-in-einer-weg\/\">Klimatische Verstimmung in einer WEG<\/a><br \/>\n<a href=\"https:\/\/www.buhl.de\/vermieter-web\/weg-wahl-des-verwalters-bei-mehreren-kandidaten\/\">WEG: Wahl des Verwalters bei mehreren Kandidaten<\/a><\/p>\n","protected":false},"excerpt":{"rendered":"<p>Normalerweise finden Wohneigent\u00fcmerversammlungen in Tagungsr\u00e4umen statt, die der Bedeutung der Versammlung angemessen ist. Doch wenn die Tagesordnung nur zwei Punkte umfasst und die Abhandlung der Fragen nur kurze Zeit in Anspruch nimmt, kann dies sogar in einer Waschk\u00fcche geschehen. Die dabei getroffenen Beschl\u00fcsse sind dann nicht wegen der R\u00e4umlichkeiten anfechtbar. Zu diesem Ergebnis kam zumindest &hellip; <\/p>\n<p class=\"link-more\"><a href=\"https:\/\/www.buhl.de\/vermieter-web\/weg-abstimmung-in-der-waschkueche\/\" class=\"more-link\"><span class=\"screen-reader-text\">\u201eWEG: Abstimmung in der Waschk\u00fcche\u201c<\/span> weiterlesen<\/a><\/p>\n","protected":false},"author":15,"featured_media":10059,"comment_status":"open","ping_status":"open","sticky":false,"template":"","format":"standard","meta":{"footnotes":""},"categories":[1],"tags":[392,2557],"class_list":["post-10057","post","type-post","status-publish","format-standard","has-post-thumbnail","hentry","category-allgemein","tag-weg","tag-wohneigentuemerversammlung"],"yoast_head":"<!-- This site is optimized with the Yoast SEO Premium plugin v27.4 (Yoast SEO v27.5) - https:\/\/yoast.com\/product\/yoast-seo-premium-wordpress\/ -->\n<title>WEG-Versammlung auch in der Waschk\u00fcche m\u00f6glich<\/title>\n<meta name=\"description\" content=\"Sind bei einer WEG-Versammlung nur zwei Tagesordnungspunkte zu besprechen und ist absehbar, dass diese in kurzer Zeit abgehandelt werden, kann die Versammlung auch in einer Waschk\u00fcche und im Stehen durchgef\u00fchrt werden.\" \/>\n<meta name=\"robots\" content=\"noindex, nofollow\" \/>\n<meta property=\"og:locale\" content=\"de_DE\" \/>\n<meta property=\"og:type\" content=\"article\" \/>\n<meta property=\"og:title\" content=\"WEG: Abstimmung in der Waschk\u00fcche\" \/>\n<meta property=\"og:description\" content=\"Sind bei einer WEG-Versammlung nur zwei Tagesordnungspunkte zu besprechen und ist absehbar, dass diese in kurzer Zeit abgehandelt werden, kann die Versammlung auch in einer Waschk\u00fcche und im Stehen durchgef\u00fchrt werden.\" \/>\n<meta property=\"og:url\" content=\"https:\/\/www.buhl.de\/vermieter-web\/weg-abstimmung-in-der-waschkueche\/\" \/>\n<meta property=\"og:site_name\" content=\"Online-Nebenkostenabrechnung mit WISO Vermieter-Web\" \/>\n<meta property=\"article:published_time\" content=\"2020-01-23T09:53:53+00:00\" \/>\n<meta property=\"article:modified_time\" content=\"2020-01-23T09:55:40+00:00\" \/>\n<meta property=\"og:image\" content=\"https:\/\/www.buhl.de\/vermieter-web\/wp-content\/uploads\/sites\/33\/2020\/01\/1622935492.png\" \/>\n\t<meta property=\"og:image:width\" content=\"840\" \/>\n\t<meta property=\"og:image:height\" content=\"420\" \/>\n\t<meta property=\"og:image:type\" content=\"image\/png\" \/>\n<meta name=\"author\" content=\"Hartmut Fischer\" \/>\n<meta name=\"twitter:card\" content=\"summary_large_image\" \/>\n<meta name=\"twitter:label1\" content=\"Verfasst von\" \/>\n\t<meta name=\"twitter:data1\" content=\"Hartmut Fischer\" \/>\n\t<meta name=\"twitter:label2\" content=\"Gesch\u00e4tzte Lesezeit\" \/>\n\t<meta name=\"twitter:data2\" content=\"2\u00a0Minuten\" \/>\n<script type=\"application\/ld+json\" class=\"yoast-schema-graph\">{\"@context\":\"https:\\\/\\\/schema.org\",\"@graph\":[{\"@type\":\"Article\",\"@id\":\"https:\\\/\\\/www.buhl.de\\\/vermieter-web\\\/weg-abstimmung-in-der-waschkueche\\\/#article\",\"isPartOf\":{\"@id\":\"https:\\\/\\\/www.buhl.de\\\/vermieter-web\\\/weg-abstimmung-in-der-waschkueche\\\/\"},\"author\":{\"name\":\"Hartmut Fischer\",\"@id\":\"https:\\\/\\\/www.buhl.de\\\/vermieter-web\\\/#\\\/schema\\\/person\\\/82903e1cb04eb553382702d503991b4f\"},\"headline\":\"WEG: Abstimmung in der Waschk\u00fcche\",\"datePublished\":\"2020-01-23T09:53:53+00:00\",\"dateModified\":\"2020-01-23T09:55:40+00:00\",\"mainEntityOfPage\":{\"@id\":\"https:\\\/\\\/www.buhl.de\\\/vermieter-web\\\/weg-abstimmung-in-der-waschkueche\\\/\"},\"wordCount\":408,\"commentCount\":0,\"image\":{\"@id\":\"https:\\\/\\\/www.buhl.de\\\/vermieter-web\\\/weg-abstimmung-in-der-waschkueche\\\/#primaryimage\"},\"thumbnailUrl\":\"https:\\\/\\\/www.buhl.de\\\/vermieter-web\\\/wp-content\\\/uploads\\\/sites\\\/33\\\/2020\\\/01\\\/1622935492.png\",\"keywords\":[\"WEG\",\"Wohneigent\u00fcmerversammlung\"],\"inLanguage\":\"de\",\"potentialAction\":[{\"@type\":\"CommentAction\",\"name\":\"Comment\",\"target\":[\"https:\\\/\\\/www.buhl.de\\\/vermieter-web\\\/weg-abstimmung-in-der-waschkueche\\\/#respond\"]}]},{\"@type\":\"WebPage\",\"@id\":\"https:\\\/\\\/www.buhl.de\\\/vermieter-web\\\/weg-abstimmung-in-der-waschkueche\\\/\",\"url\":\"https:\\\/\\\/www.buhl.de\\\/vermieter-web\\\/weg-abstimmung-in-der-waschkueche\\\/\",\"name\":\"WEG-Versammlung auch in der Waschk\u00fcche m\u00f6glich\",\"isPartOf\":{\"@id\":\"https:\\\/\\\/www.buhl.de\\\/vermieter-web\\\/#website\"},\"primaryImageOfPage\":{\"@id\":\"https:\\\/\\\/www.buhl.de\\\/vermieter-web\\\/weg-abstimmung-in-der-waschkueche\\\/#primaryimage\"},\"image\":{\"@id\":\"https:\\\/\\\/www.buhl.de\\\/vermieter-web\\\/weg-abstimmung-in-der-waschkueche\\\/#primaryimage\"},\"thumbnailUrl\":\"https:\\\/\\\/www.buhl.de\\\/vermieter-web\\\/wp-content\\\/uploads\\\/sites\\\/33\\\/2020\\\/01\\\/1622935492.png\",\"datePublished\":\"2020-01-23T09:53:53+00:00\",\"dateModified\":\"2020-01-23T09:55:40+00:00\",\"author\":{\"@id\":\"https:\\\/\\\/www.buhl.de\\\/vermieter-web\\\/#\\\/schema\\\/person\\\/82903e1cb04eb553382702d503991b4f\"},\"description\":\"Sind bei einer WEG-Versammlung nur zwei Tagesordnungspunkte zu besprechen und ist absehbar, dass diese in kurzer Zeit abgehandelt werden, kann die Versammlung auch in einer Waschk\u00fcche und im Stehen durchgef\u00fchrt werden.\",\"breadcrumb\":{\"@id\":\"https:\\\/\\\/www.buhl.de\\\/vermieter-web\\\/weg-abstimmung-in-der-waschkueche\\\/#breadcrumb\"},\"inLanguage\":\"de\",\"potentialAction\":[{\"@type\":\"ReadAction\",\"target\":[\"https:\\\/\\\/www.buhl.de\\\/vermieter-web\\\/weg-abstimmung-in-der-waschkueche\\\/\"]}]},{\"@type\":\"ImageObject\",\"inLanguage\":\"de\",\"@id\":\"https:\\\/\\\/www.buhl.de\\\/vermieter-web\\\/weg-abstimmung-in-der-waschkueche\\\/#primaryimage\",\"url\":\"https:\\\/\\\/www.buhl.de\\\/vermieter-web\\\/wp-content\\\/uploads\\\/sites\\\/33\\\/2020\\\/01\\\/1622935492.png\",\"contentUrl\":\"https:\\\/\\\/www.buhl.de\\\/vermieter-web\\\/wp-content\\\/uploads\\\/sites\\\/33\\\/2020\\\/01\\\/1622935492.png\",\"width\":840,\"height\":420,\"caption\":\"WEG-Versammlung kann auch in einer Waschk\u00fcche stattfinden.\"},{\"@type\":\"BreadcrumbList\",\"@id\":\"https:\\\/\\\/www.buhl.de\\\/vermieter-web\\\/weg-abstimmung-in-der-waschkueche\\\/#breadcrumb\",\"itemListElement\":[{\"@type\":\"ListItem\",\"position\":1,\"name\":\"Startseite\",\"item\":\"https:\\\/\\\/www.buhl.de\\\/vermieter-web\\\/\"},{\"@type\":\"ListItem\",\"position\":2,\"name\":\"WEG: Abstimmung in der Waschk\u00fcche\"}]},{\"@type\":\"WebSite\",\"@id\":\"https:\\\/\\\/www.buhl.de\\\/vermieter-web\\\/#website\",\"url\":\"https:\\\/\\\/www.buhl.de\\\/vermieter-web\\\/\",\"name\":\"Online-Nebenkostenabrechnung mit WISO Vermieter-Web\",\"description\":\"\",\"potentialAction\":[{\"@type\":\"SearchAction\",\"target\":{\"@type\":\"EntryPoint\",\"urlTemplate\":\"https:\\\/\\\/www.buhl.de\\\/vermieter-web\\\/?s={search_term_string}\"},\"query-input\":{\"@type\":\"PropertyValueSpecification\",\"valueRequired\":true,\"valueName\":\"search_term_string\"}}],\"inLanguage\":\"de\"},{\"@type\":\"Person\",\"@id\":\"https:\\\/\\\/www.buhl.de\\\/vermieter-web\\\/#\\\/schema\\\/person\\\/82903e1cb04eb553382702d503991b4f\",\"name\":\"Hartmut Fischer\"}]}<\/script>\n<!-- \/ Yoast SEO Premium plugin. -->","yoast_head_json":{"title":"WEG-Versammlung auch in der Waschk\u00fcche m\u00f6glich","description":"Sind bei einer WEG-Versammlung nur zwei Tagesordnungspunkte zu besprechen und ist absehbar, dass diese in kurzer Zeit abgehandelt werden, kann die Versammlung auch in einer Waschk\u00fcche und im Stehen durchgef\u00fchrt werden.","robots":{"index":"noindex","follow":"nofollow"},"og_locale":"de_DE","og_type":"article","og_title":"WEG: Abstimmung in der Waschk\u00fcche","og_description":"Sind bei einer WEG-Versammlung nur zwei Tagesordnungspunkte zu besprechen und ist absehbar, dass diese in kurzer Zeit abgehandelt werden, kann die Versammlung auch in einer Waschk\u00fcche und im Stehen durchgef\u00fchrt werden.","og_url":"https:\/\/www.buhl.de\/vermieter-web\/weg-abstimmung-in-der-waschkueche\/","og_site_name":"Online-Nebenkostenabrechnung mit WISO Vermieter-Web","article_published_time":"2020-01-23T09:53:53+00:00","article_modified_time":"2020-01-23T09:55:40+00:00","og_image":[{"width":840,"height":420,"url":"https:\/\/www.buhl.de\/vermieter-web\/wp-content\/uploads\/sites\/33\/2020\/01\/1622935492.png","type":"image\/png"}],"author":"Hartmut Fischer","twitter_card":"summary_large_image","twitter_misc":{"Verfasst von":"Hartmut Fischer","Gesch\u00e4tzte Lesezeit":"2\u00a0Minuten"},"schema":{"@context":"https:\/\/schema.org","@graph":[{"@type":"Article","@id":"https:\/\/www.buhl.de\/vermieter-web\/weg-abstimmung-in-der-waschkueche\/#article","isPartOf":{"@id":"https:\/\/www.buhl.de\/vermieter-web\/weg-abstimmung-in-der-waschkueche\/"},"author":{"name":"Hartmut Fischer","@id":"https:\/\/www.buhl.de\/vermieter-web\/#\/schema\/person\/82903e1cb04eb553382702d503991b4f"},"headline":"WEG: Abstimmung in der Waschk\u00fcche","datePublished":"2020-01-23T09:53:53+00:00","dateModified":"2020-01-23T09:55:40+00:00","mainEntityOfPage":{"@id":"https:\/\/www.buhl.de\/vermieter-web\/weg-abstimmung-in-der-waschkueche\/"},"wordCount":408,"commentCount":0,"image":{"@id":"https:\/\/www.buhl.de\/vermieter-web\/weg-abstimmung-in-der-waschkueche\/#primaryimage"},"thumbnailUrl":"https:\/\/www.buhl.de\/vermieter-web\/wp-content\/uploads\/sites\/33\/2020\/01\/1622935492.png","keywords":["WEG","Wohneigent\u00fcmerversammlung"],"inLanguage":"de","potentialAction":[{"@type":"CommentAction","name":"Comment","target":["https:\/\/www.buhl.de\/vermieter-web\/weg-abstimmung-in-der-waschkueche\/#respond"]}]},{"@type":"WebPage","@id":"https:\/\/www.buhl.de\/vermieter-web\/weg-abstimmung-in-der-waschkueche\/","url":"https:\/\/www.buhl.de\/vermieter-web\/weg-abstimmung-in-der-waschkueche\/","name":"WEG-Versammlung auch in der Waschk\u00fcche m\u00f6glich","isPartOf":{"@id":"https:\/\/www.buhl.de\/vermieter-web\/#website"},"primaryImageOfPage":{"@id":"https:\/\/www.buhl.de\/vermieter-web\/weg-abstimmung-in-der-waschkueche\/#primaryimage"},"image":{"@id":"https:\/\/www.buhl.de\/vermieter-web\/weg-abstimmung-in-der-waschkueche\/#primaryimage"},"thumbnailUrl":"https:\/\/www.buhl.de\/vermieter-web\/wp-content\/uploads\/sites\/33\/2020\/01\/1622935492.png","datePublished":"2020-01-23T09:53:53+00:00","dateModified":"2020-01-23T09:55:40+00:00","author":{"@id":"https:\/\/www.buhl.de\/vermieter-web\/#\/schema\/person\/82903e1cb04eb553382702d503991b4f"},"description":"Sind bei einer WEG-Versammlung nur zwei Tagesordnungspunkte zu besprechen und ist absehbar, dass diese in kurzer Zeit abgehandelt werden, kann die Versammlung auch in einer Waschk\u00fcche und im Stehen durchgef\u00fchrt werden.","breadcrumb":{"@id":"https:\/\/www.buhl.de\/vermieter-web\/weg-abstimmung-in-der-waschkueche\/#breadcrumb"},"inLanguage":"de","potentialAction":[{"@type":"ReadAction","target":["https:\/\/www.buhl.de\/vermieter-web\/weg-abstimmung-in-der-waschkueche\/"]}]},{"@type":"ImageObject","inLanguage":"de","@id":"https:\/\/www.buhl.de\/vermieter-web\/weg-abstimmung-in-der-waschkueche\/#primaryimage","url":"https:\/\/www.buhl.de\/vermieter-web\/wp-content\/uploads\/sites\/33\/2020\/01\/1622935492.png","contentUrl":"https:\/\/www.buhl.de\/vermieter-web\/wp-content\/uploads\/sites\/33\/2020\/01\/1622935492.png","width":840,"height":420,"caption":"WEG-Versammlung kann auch in einer Waschk\u00fcche stattfinden."},{"@type":"BreadcrumbList","@id":"https:\/\/www.buhl.de\/vermieter-web\/weg-abstimmung-in-der-waschkueche\/#breadcrumb","itemListElement":[{"@type":"ListItem","position":1,"name":"Startseite","item":"https:\/\/www.buhl.de\/vermieter-web\/"},{"@type":"ListItem","position":2,"name":"WEG: Abstimmung in der Waschk\u00fcche"}]},{"@type":"WebSite","@id":"https:\/\/www.buhl.de\/vermieter-web\/#website","url":"https:\/\/www.buhl.de\/vermieter-web\/","name":"Online-Nebenkostenabrechnung mit WISO Vermieter-Web","description":"","potentialAction":[{"@type":"SearchAction","target":{"@type":"EntryPoint","urlTemplate":"https:\/\/www.buhl.de\/vermieter-web\/?s={search_term_string}"},"query-input":{"@type":"PropertyValueSpecification","valueRequired":true,"valueName":"search_term_string"}}],"inLanguage":"de"},{"@type":"Person","@id":"https:\/\/www.buhl.de\/vermieter-web\/#\/schema\/person\/82903e1cb04eb553382702d503991b4f","name":"Hartmut Fischer"}]}},"_links":{"self":[{"href":"https:\/\/www.buhl.de\/vermieter-web\/wp-json\/wp\/v2\/posts\/10057","targetHints":{"allow":["GET"]}}],"collection":[{"href":"https:\/\/www.buhl.de\/vermieter-web\/wp-json\/wp\/v2\/posts"}],"about":[{"href":"https:\/\/www.buhl.de\/vermieter-web\/wp-json\/wp\/v2\/types\/post"}],"author":[{"embeddable":true,"href":"https:\/\/www.buhl.de\/vermieter-web\/wp-json\/wp\/v2\/users\/15"}],"replies":[{"embeddable":true,"href":"https:\/\/www.buhl.de\/vermieter-web\/wp-json\/wp\/v2\/comments?post=10057"}],"version-history":[{"count":2,"href":"https:\/\/www.buhl.de\/vermieter-web\/wp-json\/wp\/v2\/posts\/10057\/revisions"}],"predecessor-version":[{"id":10061,"href":"https:\/\/www.buhl.de\/vermieter-web\/wp-json\/wp\/v2\/posts\/10057\/revisions\/10061"}],"wp:featuredmedia":[{"embeddable":true,"href":"https:\/\/www.buhl.de\/vermieter-web\/wp-json\/wp\/v2\/media\/10059"}],"wp:attachment":[{"href":"https:\/\/www.buhl.de\/vermieter-web\/wp-json\/wp\/v2\/media?parent=10057"}],"wp:term":[{"taxonomy":"category","embeddable":true,"href":"https:\/\/www.buhl.de\/vermieter-web\/wp-json\/wp\/v2\/categories?post=10057"},{"taxonomy":"post_tag","embeddable":true,"href":"https:\/\/www.buhl.de\/vermieter-web\/wp-json\/wp\/v2\/tags?post=10057"}],"curies":[{"name":"wp","href":"https:\/\/api.w.org\/{rel}","templated":true}]}}