{"id":10089,"date":"2020-02-01T11:38:01","date_gmt":"2020-02-01T10:38:01","guid":{"rendered":"http:\/\/www.buhl.de\/vermieter-web\/?p=10089"},"modified":"2020-02-01T11:38:01","modified_gmt":"2020-02-01T10:38:01","slug":"eigenbedarf-strenge-massstaebe-bei-haertefaellen","status":"publish","type":"post","link":"https:\/\/www.buhl.de\/vermieter-web\/eigenbedarf-strenge-massstaebe-bei-haertefaellen\/","title":{"rendered":"Eigenbedarf: Strenge Ma\u00dfst\u00e4be bei H\u00e4rtef\u00e4llen"},"content":{"rendered":"<p><strong>In der Vergangenheit sind Eigenbedarfsk\u00fcndigungen h\u00e4ufig an sogenannten \u201eH\u00e4rtef\u00e4llen\u201c gescheitert. Hier scheint auf h\u00f6chstrichterlicher Ebene ein Umdenken stattzufinden. Erneut hat der Bundesgerichtshof in einem Urteil klargestellt, dass strenge Ma\u00dfst\u00e4be anzulegen sind, wenn es um die Frage geht, ob die Interessen des Vermieters (Eigenbedarf) oder des Mieters (H\u00e4rtefall) \u00fcberwiegen. (Urteil vom 11.122019 \u2013 Aktenzeichen VIII ZR 144\/19)<\/strong><\/p>\n<hr \/>\n<p><img loading=\"lazy\" decoding=\"async\" class=\" wp-image-9789 alignleft\" src=\"https:\/\/www.buhl.de\/vermieter-web\/wp-content\/uploads\/sites\/33\/2019\/09\/Link-1.jpg\" alt=\"\" width=\"90\" height=\"87\" \/><\/p>\n<p><a href=\"http:\/\/juris.bundesgerichtshof.de\/cgi-bin\/rechtsprechung\/document.py?Gericht=bgh&amp;Art=en&amp;az=VIII%20ZR%20144\/19&amp;nr=103289\">Den Originaltext des Urteils k\u00f6nnen Sie auch auf der Seite des Bundesgerichtshofs abrufen.<\/a><\/p>\n<hr \/>\n<p>In dem Streitfall, der nun an das Landgericht Frankfurt zur\u00fcck \u00fcberwiesen wurde, ging es um die Eigenbedarfsk\u00fcndigung eines Hauseigent\u00fcmers, der die Immobilie im Jahre 2016 gekauft hatte. Nun wollte er selbst in die im Haus befindliche Vierzimmerwohnung einziehen. Die Wohnung sollte mit einer Dachgeschosswohnung verbunden werden. Der Eigent\u00fcmer wollte dann mit seinen drei Kindern und seiner Gro\u00dfmutter die neu geschaffene Wohnung bewohnen.<\/p>\n<p>Der Mieter wollte jedoch nicht ausziehen und verwies darauf, dass zu seinem Haushalt noch f\u00fcnf teilweise minderj\u00e4hrige Kinder geh\u00f6rten und machte deswegen einen H\u00e4rtefall geltend. Da man sich nicht einigen konnte, landete der Fall schlie\u00dflich vor dem Landgericht Frankfurt.<\/p>\n<p><strong>Landgericht: Kein Auszug wegen unzumutbarer H\u00e4rte<\/strong><\/p>\n<p>Die Richter am Landgericht gaben dem Mieter Recht. Auch sie hielten die K\u00fcndigung f\u00fcr eine dem Mieter nicht zumutbare H\u00e4rte. Der Mieter hatte in dem Verfahren auch dargelegt, dass er wegen der vielen Kinder und seiner ausl\u00e4ndischen Herkunft gro\u00dfe Probleme h\u00e4tte, angemessenen neuen Wohnraum zu finden. Deshalb entschied das Landgericht, dass das Mietverh\u00e4ltnis zun\u00e4chst auf unbestimmte Zeit fortgesetzt werden m\u00fcsse.<\/p>\n<p><strong>BGH: Genauere Pr\u00fcfung durch das Gericht notwendig<\/strong><\/p>\n<p>Der Vermieter ging in Revision vor den Bundesgerichtshof (BGH). Dort wurde das Urteil des Landgerichts aufgehoben und zur Neuverhandlung zur\u00fcck verwiesen. Der BGH sah bei der Entscheidung des Landgerichts die Interessen des Vermieters nicht ausreichend gew\u00fcrdigt. So hatte das Landgericht statt der Wohnungserweiterung ins Feld gef\u00fchrt, dass der Vermieter auf eine der ebenfalls auf dem Grundst\u00fcck befindlichen Ferienwohnungen ausweichen k\u00f6nne. Damit \u2013 so der BGH \u2013 w\u00fcrde aber die vom Vermieter beabsichtigte Lebensplanung nicht ausreichend gew\u00fcrdigt.<\/p>\n<p><em><strong><img loading=\"lazy\" decoding=\"async\" class=\" wp-image-9793 alignleft\" src=\"https:\/\/www.buhl.de\/vermieter-web\/wp-content\/uploads\/sites\/33\/2019\/09\/Verlinkung.jpg\" alt=\"\" width=\"88\" height=\"85\" \/>Das d\u00fcrfte Sie auch interessieren:<br \/>\n<\/strong><\/em>\u00a0<a href=\"\/vermieter-web\/urteil-schadenersatz-bei-vorgetaeuschtem-eigenbedarf\/\">Urteil: Schadenersatz bei vorget\u00e4uschtem Eigenbedarf<\/a><br \/>\n<a href=\"\/vermieter-web\/10012-2\/\">Anspruch auf Eigenbedarf<\/a><br \/>\n<a href=\"\/vermieter-web\/anforderungen-an-eine-eigenbedarfskuendigung\/\">Anforderungen an eine Eigenbedarfsk\u00fcndigung<\/a><\/p>\n","protected":false},"excerpt":{"rendered":"<p>In der Vergangenheit sind Eigenbedarfsk\u00fcndigungen h\u00e4ufig an sogenannten \u201eH\u00e4rtef\u00e4llen\u201c gescheitert. Hier scheint auf h\u00f6chstrichterlicher Ebene ein Umdenken stattzufinden. Erneut hat der Bundesgerichtshof in einem Urteil klargestellt, dass strenge Ma\u00dfst\u00e4be anzulegen sind, wenn es um die Frage geht, ob die Interessen des Vermieters (Eigenbedarf) oder des Mieters (H\u00e4rtefall) \u00fcberwiegen. (Urteil vom 11.122019 \u2013 Aktenzeichen VIII ZR &hellip; <\/p>\n<p class=\"link-more\"><a href=\"https:\/\/www.buhl.de\/vermieter-web\/eigenbedarf-strenge-massstaebe-bei-haertefaellen\/\" class=\"more-link\"><span class=\"screen-reader-text\">\u201eEigenbedarf: Strenge Ma\u00dfst\u00e4be bei H\u00e4rtef\u00e4llen\u201c<\/span> weiterlesen<\/a><\/p>\n","protected":false},"author":15,"featured_media":10091,"comment_status":"open","ping_status":"open","sticky":false,"template":"","format":"standard","meta":{"footnotes":""},"categories":[1],"tags":[648,431],"class_list":["post-10089","post","type-post","status-publish","format-standard","has-post-thumbnail","hentry","category-allgemein","tag-eigenbedarf","tag-eigenbedarfskuendigung"],"yoast_head":"<!-- This site is optimized with the Yoast SEO Premium plugin v27.4 (Yoast SEO v27.5) - https:\/\/yoast.com\/product\/yoast-seo-premium-wordpress\/ -->\n<title>Auch Interessen des Vermieters bei Eigenbedarfsk\u00fcndigung w\u00fcrdigen<\/title>\n<meta name=\"description\" content=\"Ein sogenannter H\u00e4rtefall kann eine Eigenbedarfsk\u00fcndigung zunichte machen. Bei der Feststellung, ob ein solcher H\u00e4rtefall vorliegt, verlangt der Bundesgerichtshof jedoch, dass auch die Interessen des Vermieters ausreichend ber\u00fccksichtigt werden.\" \/>\n<meta name=\"robots\" content=\"noindex, nofollow\" \/>\n<meta property=\"og:locale\" content=\"de_DE\" \/>\n<meta property=\"og:type\" content=\"article\" \/>\n<meta property=\"og:title\" content=\"Eigenbedarf: Strenge Ma\u00dfst\u00e4be bei H\u00e4rtef\u00e4llen\" \/>\n<meta property=\"og:description\" content=\"Ein sogenannter H\u00e4rtefall kann eine Eigenbedarfsk\u00fcndigung zunichte machen. Bei der Feststellung, ob ein solcher H\u00e4rtefall vorliegt, verlangt der Bundesgerichtshof jedoch, dass auch die Interessen des Vermieters ausreichend ber\u00fccksichtigt werden.\" \/>\n<meta property=\"og:url\" content=\"https:\/\/www.buhl.de\/vermieter-web\/eigenbedarf-strenge-massstaebe-bei-haertefaellen\/\" \/>\n<meta property=\"og:site_name\" content=\"Online-Nebenkostenabrechnung mit WISO Vermieter-Web\" \/>\n<meta property=\"article:published_time\" content=\"2020-02-01T10:38:01+00:00\" \/>\n<meta property=\"og:image\" content=\"https:\/\/www.buhl.de\/vermieter-web\/wp-content\/uploads\/sites\/33\/2020\/02\/Unbenannt-4.jpg\" \/>\n\t<meta property=\"og:image:width\" content=\"838\" \/>\n\t<meta property=\"og:image:height\" content=\"411\" \/>\n\t<meta property=\"og:image:type\" content=\"image\/jpeg\" \/>\n<meta name=\"author\" content=\"Hartmut Fischer\" \/>\n<meta name=\"twitter:card\" content=\"summary_large_image\" \/>\n<meta name=\"twitter:label1\" content=\"Verfasst von\" \/>\n\t<meta name=\"twitter:data1\" content=\"Hartmut Fischer\" \/>\n\t<meta name=\"twitter:label2\" content=\"Gesch\u00e4tzte Lesezeit\" \/>\n\t<meta name=\"twitter:data2\" content=\"2\u00a0Minuten\" \/>\n<script type=\"application\/ld+json\" class=\"yoast-schema-graph\">{\"@context\":\"https:\\\/\\\/schema.org\",\"@graph\":[{\"@type\":\"Article\",\"@id\":\"https:\\\/\\\/www.buhl.de\\\/vermieter-web\\\/eigenbedarf-strenge-massstaebe-bei-haertefaellen\\\/#article\",\"isPartOf\":{\"@id\":\"https:\\\/\\\/www.buhl.de\\\/vermieter-web\\\/eigenbedarf-strenge-massstaebe-bei-haertefaellen\\\/\"},\"author\":{\"name\":\"Hartmut Fischer\",\"@id\":\"https:\\\/\\\/www.buhl.de\\\/vermieter-web\\\/#\\\/schema\\\/person\\\/82903e1cb04eb553382702d503991b4f\"},\"headline\":\"Eigenbedarf: Strenge Ma\u00dfst\u00e4be bei H\u00e4rtef\u00e4llen\",\"datePublished\":\"2020-02-01T10:38:01+00:00\",\"mainEntityOfPage\":{\"@id\":\"https:\\\/\\\/www.buhl.de\\\/vermieter-web\\\/eigenbedarf-strenge-massstaebe-bei-haertefaellen\\\/\"},\"wordCount\":379,\"commentCount\":0,\"image\":{\"@id\":\"https:\\\/\\\/www.buhl.de\\\/vermieter-web\\\/eigenbedarf-strenge-massstaebe-bei-haertefaellen\\\/#primaryimage\"},\"thumbnailUrl\":\"https:\\\/\\\/www.buhl.de\\\/vermieter-web\\\/wp-content\\\/uploads\\\/sites\\\/33\\\/2020\\\/02\\\/Unbenannt-4.jpg\",\"keywords\":[\"Eigenbedarf\",\"Eigenbedarfsk\u00fcndigung\"],\"inLanguage\":\"de\",\"potentialAction\":[{\"@type\":\"CommentAction\",\"name\":\"Comment\",\"target\":[\"https:\\\/\\\/www.buhl.de\\\/vermieter-web\\\/eigenbedarf-strenge-massstaebe-bei-haertefaellen\\\/#respond\"]}]},{\"@type\":\"WebPage\",\"@id\":\"https:\\\/\\\/www.buhl.de\\\/vermieter-web\\\/eigenbedarf-strenge-massstaebe-bei-haertefaellen\\\/\",\"url\":\"https:\\\/\\\/www.buhl.de\\\/vermieter-web\\\/eigenbedarf-strenge-massstaebe-bei-haertefaellen\\\/\",\"name\":\"Auch Interessen des Vermieters bei Eigenbedarfsk\u00fcndigung w\u00fcrdigen\",\"isPartOf\":{\"@id\":\"https:\\\/\\\/www.buhl.de\\\/vermieter-web\\\/#website\"},\"primaryImageOfPage\":{\"@id\":\"https:\\\/\\\/www.buhl.de\\\/vermieter-web\\\/eigenbedarf-strenge-massstaebe-bei-haertefaellen\\\/#primaryimage\"},\"image\":{\"@id\":\"https:\\\/\\\/www.buhl.de\\\/vermieter-web\\\/eigenbedarf-strenge-massstaebe-bei-haertefaellen\\\/#primaryimage\"},\"thumbnailUrl\":\"https:\\\/\\\/www.buhl.de\\\/vermieter-web\\\/wp-content\\\/uploads\\\/sites\\\/33\\\/2020\\\/02\\\/Unbenannt-4.jpg\",\"datePublished\":\"2020-02-01T10:38:01+00:00\",\"author\":{\"@id\":\"https:\\\/\\\/www.buhl.de\\\/vermieter-web\\\/#\\\/schema\\\/person\\\/82903e1cb04eb553382702d503991b4f\"},\"description\":\"Ein sogenannter H\u00e4rtefall kann eine Eigenbedarfsk\u00fcndigung zunichte machen. Bei der Feststellung, ob ein solcher H\u00e4rtefall vorliegt, verlangt der Bundesgerichtshof jedoch, dass auch die Interessen des Vermieters ausreichend ber\u00fccksichtigt werden.\",\"breadcrumb\":{\"@id\":\"https:\\\/\\\/www.buhl.de\\\/vermieter-web\\\/eigenbedarf-strenge-massstaebe-bei-haertefaellen\\\/#breadcrumb\"},\"inLanguage\":\"de\",\"potentialAction\":[{\"@type\":\"ReadAction\",\"target\":[\"https:\\\/\\\/www.buhl.de\\\/vermieter-web\\\/eigenbedarf-strenge-massstaebe-bei-haertefaellen\\\/\"]}]},{\"@type\":\"ImageObject\",\"inLanguage\":\"de\",\"@id\":\"https:\\\/\\\/www.buhl.de\\\/vermieter-web\\\/eigenbedarf-strenge-massstaebe-bei-haertefaellen\\\/#primaryimage\",\"url\":\"https:\\\/\\\/www.buhl.de\\\/vermieter-web\\\/wp-content\\\/uploads\\\/sites\\\/33\\\/2020\\\/02\\\/Unbenannt-4.jpg\",\"contentUrl\":\"https:\\\/\\\/www.buhl.de\\\/vermieter-web\\\/wp-content\\\/uploads\\\/sites\\\/33\\\/2020\\\/02\\\/Unbenannt-4.jpg\",\"width\":838,\"height\":411,\"caption\":\"BGH fordert Ber\u00fccksichtigung der Vermieterrechte bei H\u00e4rtefallentscheidung\"},{\"@type\":\"BreadcrumbList\",\"@id\":\"https:\\\/\\\/www.buhl.de\\\/vermieter-web\\\/eigenbedarf-strenge-massstaebe-bei-haertefaellen\\\/#breadcrumb\",\"itemListElement\":[{\"@type\":\"ListItem\",\"position\":1,\"name\":\"Startseite\",\"item\":\"https:\\\/\\\/www.buhl.de\\\/vermieter-web\\\/\"},{\"@type\":\"ListItem\",\"position\":2,\"name\":\"Eigenbedarf: Strenge Ma\u00dfst\u00e4be bei H\u00e4rtef\u00e4llen\"}]},{\"@type\":\"WebSite\",\"@id\":\"https:\\\/\\\/www.buhl.de\\\/vermieter-web\\\/#website\",\"url\":\"https:\\\/\\\/www.buhl.de\\\/vermieter-web\\\/\",\"name\":\"Online-Nebenkostenabrechnung mit WISO Vermieter-Web\",\"description\":\"\",\"potentialAction\":[{\"@type\":\"SearchAction\",\"target\":{\"@type\":\"EntryPoint\",\"urlTemplate\":\"https:\\\/\\\/www.buhl.de\\\/vermieter-web\\\/?s={search_term_string}\"},\"query-input\":{\"@type\":\"PropertyValueSpecification\",\"valueRequired\":true,\"valueName\":\"search_term_string\"}}],\"inLanguage\":\"de\"},{\"@type\":\"Person\",\"@id\":\"https:\\\/\\\/www.buhl.de\\\/vermieter-web\\\/#\\\/schema\\\/person\\\/82903e1cb04eb553382702d503991b4f\",\"name\":\"Hartmut Fischer\"}]}<\/script>\n<!-- \/ Yoast SEO Premium plugin. -->","yoast_head_json":{"title":"Auch Interessen des Vermieters bei Eigenbedarfsk\u00fcndigung w\u00fcrdigen","description":"Ein sogenannter H\u00e4rtefall kann eine Eigenbedarfsk\u00fcndigung zunichte machen. Bei der Feststellung, ob ein solcher H\u00e4rtefall vorliegt, verlangt der Bundesgerichtshof jedoch, dass auch die Interessen des Vermieters ausreichend ber\u00fccksichtigt werden.","robots":{"index":"noindex","follow":"nofollow"},"og_locale":"de_DE","og_type":"article","og_title":"Eigenbedarf: Strenge Ma\u00dfst\u00e4be bei H\u00e4rtef\u00e4llen","og_description":"Ein sogenannter H\u00e4rtefall kann eine Eigenbedarfsk\u00fcndigung zunichte machen. Bei der Feststellung, ob ein solcher H\u00e4rtefall vorliegt, verlangt der Bundesgerichtshof jedoch, dass auch die Interessen des Vermieters ausreichend ber\u00fccksichtigt werden.","og_url":"https:\/\/www.buhl.de\/vermieter-web\/eigenbedarf-strenge-massstaebe-bei-haertefaellen\/","og_site_name":"Online-Nebenkostenabrechnung mit WISO Vermieter-Web","article_published_time":"2020-02-01T10:38:01+00:00","og_image":[{"width":838,"height":411,"url":"https:\/\/www.buhl.de\/vermieter-web\/wp-content\/uploads\/sites\/33\/2020\/02\/Unbenannt-4.jpg","type":"image\/jpeg"}],"author":"Hartmut Fischer","twitter_card":"summary_large_image","twitter_misc":{"Verfasst von":"Hartmut Fischer","Gesch\u00e4tzte Lesezeit":"2\u00a0Minuten"},"schema":{"@context":"https:\/\/schema.org","@graph":[{"@type":"Article","@id":"https:\/\/www.buhl.de\/vermieter-web\/eigenbedarf-strenge-massstaebe-bei-haertefaellen\/#article","isPartOf":{"@id":"https:\/\/www.buhl.de\/vermieter-web\/eigenbedarf-strenge-massstaebe-bei-haertefaellen\/"},"author":{"name":"Hartmut Fischer","@id":"https:\/\/www.buhl.de\/vermieter-web\/#\/schema\/person\/82903e1cb04eb553382702d503991b4f"},"headline":"Eigenbedarf: Strenge Ma\u00dfst\u00e4be bei H\u00e4rtef\u00e4llen","datePublished":"2020-02-01T10:38:01+00:00","mainEntityOfPage":{"@id":"https:\/\/www.buhl.de\/vermieter-web\/eigenbedarf-strenge-massstaebe-bei-haertefaellen\/"},"wordCount":379,"commentCount":0,"image":{"@id":"https:\/\/www.buhl.de\/vermieter-web\/eigenbedarf-strenge-massstaebe-bei-haertefaellen\/#primaryimage"},"thumbnailUrl":"https:\/\/www.buhl.de\/vermieter-web\/wp-content\/uploads\/sites\/33\/2020\/02\/Unbenannt-4.jpg","keywords":["Eigenbedarf","Eigenbedarfsk\u00fcndigung"],"inLanguage":"de","potentialAction":[{"@type":"CommentAction","name":"Comment","target":["https:\/\/www.buhl.de\/vermieter-web\/eigenbedarf-strenge-massstaebe-bei-haertefaellen\/#respond"]}]},{"@type":"WebPage","@id":"https:\/\/www.buhl.de\/vermieter-web\/eigenbedarf-strenge-massstaebe-bei-haertefaellen\/","url":"https:\/\/www.buhl.de\/vermieter-web\/eigenbedarf-strenge-massstaebe-bei-haertefaellen\/","name":"Auch Interessen des Vermieters bei Eigenbedarfsk\u00fcndigung w\u00fcrdigen","isPartOf":{"@id":"https:\/\/www.buhl.de\/vermieter-web\/#website"},"primaryImageOfPage":{"@id":"https:\/\/www.buhl.de\/vermieter-web\/eigenbedarf-strenge-massstaebe-bei-haertefaellen\/#primaryimage"},"image":{"@id":"https:\/\/www.buhl.de\/vermieter-web\/eigenbedarf-strenge-massstaebe-bei-haertefaellen\/#primaryimage"},"thumbnailUrl":"https:\/\/www.buhl.de\/vermieter-web\/wp-content\/uploads\/sites\/33\/2020\/02\/Unbenannt-4.jpg","datePublished":"2020-02-01T10:38:01+00:00","author":{"@id":"https:\/\/www.buhl.de\/vermieter-web\/#\/schema\/person\/82903e1cb04eb553382702d503991b4f"},"description":"Ein sogenannter H\u00e4rtefall kann eine Eigenbedarfsk\u00fcndigung zunichte machen. Bei der Feststellung, ob ein solcher H\u00e4rtefall vorliegt, verlangt der Bundesgerichtshof jedoch, dass auch die Interessen des Vermieters ausreichend ber\u00fccksichtigt werden.","breadcrumb":{"@id":"https:\/\/www.buhl.de\/vermieter-web\/eigenbedarf-strenge-massstaebe-bei-haertefaellen\/#breadcrumb"},"inLanguage":"de","potentialAction":[{"@type":"ReadAction","target":["https:\/\/www.buhl.de\/vermieter-web\/eigenbedarf-strenge-massstaebe-bei-haertefaellen\/"]}]},{"@type":"ImageObject","inLanguage":"de","@id":"https:\/\/www.buhl.de\/vermieter-web\/eigenbedarf-strenge-massstaebe-bei-haertefaellen\/#primaryimage","url":"https:\/\/www.buhl.de\/vermieter-web\/wp-content\/uploads\/sites\/33\/2020\/02\/Unbenannt-4.jpg","contentUrl":"https:\/\/www.buhl.de\/vermieter-web\/wp-content\/uploads\/sites\/33\/2020\/02\/Unbenannt-4.jpg","width":838,"height":411,"caption":"BGH fordert Ber\u00fccksichtigung der Vermieterrechte bei H\u00e4rtefallentscheidung"},{"@type":"BreadcrumbList","@id":"https:\/\/www.buhl.de\/vermieter-web\/eigenbedarf-strenge-massstaebe-bei-haertefaellen\/#breadcrumb","itemListElement":[{"@type":"ListItem","position":1,"name":"Startseite","item":"https:\/\/www.buhl.de\/vermieter-web\/"},{"@type":"ListItem","position":2,"name":"Eigenbedarf: Strenge Ma\u00dfst\u00e4be bei H\u00e4rtef\u00e4llen"}]},{"@type":"WebSite","@id":"https:\/\/www.buhl.de\/vermieter-web\/#website","url":"https:\/\/www.buhl.de\/vermieter-web\/","name":"Online-Nebenkostenabrechnung mit WISO Vermieter-Web","description":"","potentialAction":[{"@type":"SearchAction","target":{"@type":"EntryPoint","urlTemplate":"https:\/\/www.buhl.de\/vermieter-web\/?s={search_term_string}"},"query-input":{"@type":"PropertyValueSpecification","valueRequired":true,"valueName":"search_term_string"}}],"inLanguage":"de"},{"@type":"Person","@id":"https:\/\/www.buhl.de\/vermieter-web\/#\/schema\/person\/82903e1cb04eb553382702d503991b4f","name":"Hartmut Fischer"}]}},"_links":{"self":[{"href":"https:\/\/www.buhl.de\/vermieter-web\/wp-json\/wp\/v2\/posts\/10089","targetHints":{"allow":["GET"]}}],"collection":[{"href":"https:\/\/www.buhl.de\/vermieter-web\/wp-json\/wp\/v2\/posts"}],"about":[{"href":"https:\/\/www.buhl.de\/vermieter-web\/wp-json\/wp\/v2\/types\/post"}],"author":[{"embeddable":true,"href":"https:\/\/www.buhl.de\/vermieter-web\/wp-json\/wp\/v2\/users\/15"}],"replies":[{"embeddable":true,"href":"https:\/\/www.buhl.de\/vermieter-web\/wp-json\/wp\/v2\/comments?post=10089"}],"version-history":[{"count":1,"href":"https:\/\/www.buhl.de\/vermieter-web\/wp-json\/wp\/v2\/posts\/10089\/revisions"}],"predecessor-version":[{"id":10092,"href":"https:\/\/www.buhl.de\/vermieter-web\/wp-json\/wp\/v2\/posts\/10089\/revisions\/10092"}],"wp:featuredmedia":[{"embeddable":true,"href":"https:\/\/www.buhl.de\/vermieter-web\/wp-json\/wp\/v2\/media\/10091"}],"wp:attachment":[{"href":"https:\/\/www.buhl.de\/vermieter-web\/wp-json\/wp\/v2\/media?parent=10089"}],"wp:term":[{"taxonomy":"category","embeddable":true,"href":"https:\/\/www.buhl.de\/vermieter-web\/wp-json\/wp\/v2\/categories?post=10089"},{"taxonomy":"post_tag","embeddable":true,"href":"https:\/\/www.buhl.de\/vermieter-web\/wp-json\/wp\/v2\/tags?post=10089"}],"curies":[{"name":"wp","href":"https:\/\/api.w.org\/{rel}","templated":true}]}}