{"id":12345,"date":"2020-02-18T16:06:34","date_gmt":"2020-02-18T15:06:34","guid":{"rendered":"http:\/\/www.buhl.de\/vermieter-web\/?p=12345"},"modified":"2020-02-18T16:06:34","modified_gmt":"2020-02-18T15:06:34","slug":"weg-eigentumsentzug-ohne-abmahnung","status":"publish","type":"post","link":"https:\/\/www.buhl.de\/vermieter-web\/weg-eigentumsentzug-ohne-abmahnung\/","title":{"rendered":"WEG: Eigentumsentzug ohne Abmahnung"},"content":{"rendered":"<p><strong>Will die Eigent\u00fcmergemeinschaft gegen ein Mitglied eine Klage zur Entziehung des Eigentums einreichen, muss nach \u00a7 18 Abs. 1 WEG zuvor eine Abmahnung erfolgen. Ist dem Beschuldigten jedoch bekannt, dass bereits eine Klage beantragt wurde, kann unter Umst\u00e4nden auf die Abmahnung verzichtet werden. Dies ergibt sich aus einem Beschluss des Bundesgerichtshofs (BGH) vom 25.01.2018 (Aktenzeichen V ZR 141\/17).<\/strong><\/p>\n<p>In dem Verfahren ging es um den Entzug des Wohneigentums-Eigentums, das die Wohneigent\u00fcmerversammlung beschlossen hatte. Dem betroffenen Eigent\u00fcmer wurden diverse \u00dcbergriffe \u2013 sowohl gegen andere Eigent\u00fcmer, als auch gegen die Hausverwaltung \u2013 vorgeworfen. Aufgrund der Vorkommnisse und des Beschlusses wurde eine entsprechende Klage erhoben.<\/p>\n<p>Allerdings konnte man sich weder beim zust\u00e4ndigen Amtsgericht noch beim Landgericht Frankfurt\/Main durchsetzen. Das Verfahren wurde in beiden Instanzen abgelehnt, da keine Abmahnung gegen den betroffenen Wohneigent\u00fcmer ausgesprochen wurde. Die sei aber erforderlich, um ein Entzugsverfahren durchzuf\u00fchren.<\/p>\n<p>Die Wohneigent\u00fcmergemeinschaft wollte sich mit diesen Entscheidungen nicht abfinden und legte eine Nichtzulassungsbeschwerde beim Bundesgerichtshof ein. Hier wiesen die Kl\u00e4ger darauf hin, dass der betroffene Beklagte auch nach der Klagerhebung sein Verhalten nicht ge\u00e4ndert habe. Als Beispiel f\u00fchrte man an, dass der beschuldigte Wohneigent\u00fcmer den Hausmeister Gewalt angedroht und gezwungen habe, den Hof zu verlassen. Au\u00dferdem habe er einen M\u00fcllsack ausgesch\u00fcttet und vom Hausmeister verlangt, den M\u00fcll wegzur\u00e4umen. Dabei habe er den Hausmeister geschubst und dar\u00fcber hinaus sogar versucht, ihn zu w\u00fcrgen. Zu diesem Zeitpunkt h\u00e4tte dem Wohnungseigent\u00fcmer aber klar sein m\u00fcssen, dass die anderen Eigent\u00fcmer sein Verhalten nicht weiter tolerieren w\u00fcrden.<\/p>\n<p>Der BGH stellte sich nach den Ausf\u00fchrungen der Kl\u00e4ger auf deren Seite. Die Vorinstanzen h\u00e4tten die Hinweise auf die weiteren Vorf\u00e4lle w\u00e4hrend des Klagverfahrens nicht ber\u00fccksichtigt. Der Gerichtshof r\u00e4umte zwar ein, dass nach <a href=\"https:\/\/www.gesetze-im-internet.de\/woeigg\/__18.html\">\u00a7 18 Abs. 1 WEG <\/a>vor einer Wohneigentumsentziehung zun\u00e4chst eine Abmahnung erfolgen m\u00fcsse. Im vorliegenden Fall sei diese aber entbehrlich, da der beschuldigte Wohneigent\u00fcmer sein Verhalten auch nach Beginn des Klageverfahrens fortgesetzt habe.<\/p>\n<p>Ziel einer Abmahnung w\u00e4re es jedoch gewesen, dem Beschuldigten klar zu machen, dass er sein Verhalten \u00e4ndern m\u00fcsse. Da er aber auch nach der Klage dieses ger\u00fcgte Verhalten fortgesetzt habe, h\u00e4tte man auch nach einer Abmahnung von keiner Verhaltens\u00e4nderung ausgehen k\u00f6nnen. Da eine Abmahnung den Beschuldigten also nicht zu einer Abkehr von seinem Verhalten bewegt h\u00e4tte, sei diese im vorliegenden Fall entbehrlich.<\/p>\n<p><img loading=\"lazy\" decoding=\"async\" class=\" wp-image-9793\" src=\"https:\/\/www.buhl.de\/vermieter-web\/wp-content\/uploads\/sites\/33\/2019\/09\/Verlinkung.jpg\" alt=\"\" width=\"90\" height=\"87\" \/><\/p>\n<p><em><strong>Das k\u00f6nnte Sie auch interessieren:<br \/>\n<\/strong><\/em><a href=\"https:\/\/www.buhl.de\/vermieter-web\/10093-2\/\">WEG: Eisdiele ist kein Laden<\/a><br \/>\n<a href=\"\/vermieter-web\/weg-abstimmung-in-der-waschkueche\/\">WEG: Abstimmung in der Waschk\u00fcche<\/a><br \/>\n<a href=\"\/vermieter-web\/weg-was-die-versammlung-bei-verwalterbestellung-festlegen-muss\/\">WEG: Was die Versammlung bei Verwalterbestellung festlegen muss<\/a><\/p>\n","protected":false},"excerpt":{"rendered":"<p>Will die Eigent\u00fcmergemeinschaft gegen ein Mitglied eine Klage zur Entziehung des Eigentums einreichen, muss nach \u00a7 18 Abs. 1 WEG zuvor eine Abmahnung erfolgen. Ist dem Beschuldigten jedoch bekannt, dass bereits eine Klage beantragt wurde, kann unter Umst\u00e4nden auf die Abmahnung verzichtet werden. Dies ergibt sich aus einem Beschluss des Bundesgerichtshofs (BGH) vom 25.01.2018 (Aktenzeichen &hellip; <\/p>\n<p class=\"link-more\"><a href=\"https:\/\/www.buhl.de\/vermieter-web\/weg-eigentumsentzug-ohne-abmahnung\/\" class=\"more-link\"><span class=\"screen-reader-text\">\u201eWEG: Eigentumsentzug ohne Abmahnung\u201c<\/span> weiterlesen<\/a><\/p>\n","protected":false},"author":15,"featured_media":12347,"comment_status":"open","ping_status":"open","sticky":false,"template":"","format":"standard","meta":{"footnotes":""},"categories":[1],"tags":[1900,581,392,2557],"class_list":["post-12345","post","type-post","status-publish","format-standard","has-post-thumbnail","hentry","category-allgemein","tag-eigentumsentzug","tag-eigentumswohnung","tag-weg","tag-wohneigentuemerversammlung"],"yoast_head":"<!-- This site is optimized with the Yoast SEO Premium plugin v27.4 (Yoast SEO v27.5) - https:\/\/yoast.com\/product\/yoast-seo-premium-wordpress\/ -->\n<title>Klage auf Eigentumsentzug ohne Abmahnung m\u00f6glich<\/title>\n<meta name=\"description\" content=\"Setzt ein Wohnungseigent\u00fcmer sein Verhalten nach einer Klage auf Eigentumsentzug unver\u00e4ndert fort, kann der Entzug auch ohne Abmahnung gerichtlich angeordnet werden.\" \/>\n<meta name=\"robots\" content=\"noindex, nofollow\" \/>\n<meta property=\"og:locale\" content=\"de_DE\" \/>\n<meta property=\"og:type\" content=\"article\" \/>\n<meta property=\"og:title\" content=\"WEG: Eigentumsentzug ohne Abmahnung\" \/>\n<meta property=\"og:description\" content=\"Setzt ein Wohnungseigent\u00fcmer sein Verhalten nach einer Klage auf Eigentumsentzug unver\u00e4ndert fort, kann der Entzug auch ohne Abmahnung gerichtlich angeordnet werden.\" \/>\n<meta property=\"og:url\" content=\"https:\/\/www.buhl.de\/vermieter-web\/weg-eigentumsentzug-ohne-abmahnung\/\" \/>\n<meta property=\"og:site_name\" content=\"Online-Nebenkostenabrechnung mit WISO Vermieter-Web\" \/>\n<meta property=\"article:published_time\" content=\"2020-02-18T15:06:34+00:00\" \/>\n<meta property=\"og:image\" content=\"https:\/\/www.buhl.de\/vermieter-web\/wp-content\/uploads\/sites\/33\/2020\/02\/Unbenannt-4-1.jpg\" \/>\n\t<meta property=\"og:image:width\" content=\"838\" \/>\n\t<meta property=\"og:image:height\" content=\"411\" \/>\n\t<meta property=\"og:image:type\" content=\"image\/jpeg\" \/>\n<meta name=\"author\" content=\"Hartmut Fischer\" \/>\n<meta name=\"twitter:card\" content=\"summary_large_image\" \/>\n<meta name=\"twitter:label1\" content=\"Verfasst von\" \/>\n\t<meta name=\"twitter:data1\" content=\"Hartmut Fischer\" \/>\n\t<meta name=\"twitter:label2\" content=\"Gesch\u00e4tzte Lesezeit\" \/>\n\t<meta name=\"twitter:data2\" content=\"2\u00a0Minuten\" \/>\n<script type=\"application\/ld+json\" class=\"yoast-schema-graph\">{\"@context\":\"https:\\\/\\\/schema.org\",\"@graph\":[{\"@type\":\"Article\",\"@id\":\"https:\\\/\\\/www.buhl.de\\\/vermieter-web\\\/weg-eigentumsentzug-ohne-abmahnung\\\/#article\",\"isPartOf\":{\"@id\":\"https:\\\/\\\/www.buhl.de\\\/vermieter-web\\\/weg-eigentumsentzug-ohne-abmahnung\\\/\"},\"author\":{\"name\":\"Hartmut Fischer\",\"@id\":\"https:\\\/\\\/www.buhl.de\\\/vermieter-web\\\/#\\\/schema\\\/person\\\/82903e1cb04eb553382702d503991b4f\"},\"headline\":\"WEG: Eigentumsentzug ohne Abmahnung\",\"datePublished\":\"2020-02-18T15:06:34+00:00\",\"mainEntityOfPage\":{\"@id\":\"https:\\\/\\\/www.buhl.de\\\/vermieter-web\\\/weg-eigentumsentzug-ohne-abmahnung\\\/\"},\"wordCount\":431,\"commentCount\":0,\"image\":{\"@id\":\"https:\\\/\\\/www.buhl.de\\\/vermieter-web\\\/weg-eigentumsentzug-ohne-abmahnung\\\/#primaryimage\"},\"thumbnailUrl\":\"https:\\\/\\\/www.buhl.de\\\/vermieter-web\\\/wp-content\\\/uploads\\\/sites\\\/33\\\/2020\\\/02\\\/Unbenannt-4-1.jpg\",\"keywords\":[\"Eigentumsentzug\",\"Eigentumswohnung\",\"WEG\",\"Wohneigent\u00fcmerversammlung\"],\"inLanguage\":\"de\",\"potentialAction\":[{\"@type\":\"CommentAction\",\"name\":\"Comment\",\"target\":[\"https:\\\/\\\/www.buhl.de\\\/vermieter-web\\\/weg-eigentumsentzug-ohne-abmahnung\\\/#respond\"]}]},{\"@type\":\"WebPage\",\"@id\":\"https:\\\/\\\/www.buhl.de\\\/vermieter-web\\\/weg-eigentumsentzug-ohne-abmahnung\\\/\",\"url\":\"https:\\\/\\\/www.buhl.de\\\/vermieter-web\\\/weg-eigentumsentzug-ohne-abmahnung\\\/\",\"name\":\"Klage auf Eigentumsentzug ohne Abmahnung m\u00f6glich\",\"isPartOf\":{\"@id\":\"https:\\\/\\\/www.buhl.de\\\/vermieter-web\\\/#website\"},\"primaryImageOfPage\":{\"@id\":\"https:\\\/\\\/www.buhl.de\\\/vermieter-web\\\/weg-eigentumsentzug-ohne-abmahnung\\\/#primaryimage\"},\"image\":{\"@id\":\"https:\\\/\\\/www.buhl.de\\\/vermieter-web\\\/weg-eigentumsentzug-ohne-abmahnung\\\/#primaryimage\"},\"thumbnailUrl\":\"https:\\\/\\\/www.buhl.de\\\/vermieter-web\\\/wp-content\\\/uploads\\\/sites\\\/33\\\/2020\\\/02\\\/Unbenannt-4-1.jpg\",\"datePublished\":\"2020-02-18T15:06:34+00:00\",\"author\":{\"@id\":\"https:\\\/\\\/www.buhl.de\\\/vermieter-web\\\/#\\\/schema\\\/person\\\/82903e1cb04eb553382702d503991b4f\"},\"description\":\"Setzt ein Wohnungseigent\u00fcmer sein Verhalten nach einer Klage auf Eigentumsentzug unver\u00e4ndert fort, kann der Entzug auch ohne Abmahnung gerichtlich angeordnet werden.\",\"breadcrumb\":{\"@id\":\"https:\\\/\\\/www.buhl.de\\\/vermieter-web\\\/weg-eigentumsentzug-ohne-abmahnung\\\/#breadcrumb\"},\"inLanguage\":\"de\",\"potentialAction\":[{\"@type\":\"ReadAction\",\"target\":[\"https:\\\/\\\/www.buhl.de\\\/vermieter-web\\\/weg-eigentumsentzug-ohne-abmahnung\\\/\"]}]},{\"@type\":\"ImageObject\",\"inLanguage\":\"de\",\"@id\":\"https:\\\/\\\/www.buhl.de\\\/vermieter-web\\\/weg-eigentumsentzug-ohne-abmahnung\\\/#primaryimage\",\"url\":\"https:\\\/\\\/www.buhl.de\\\/vermieter-web\\\/wp-content\\\/uploads\\\/sites\\\/33\\\/2020\\\/02\\\/Unbenannt-4-1.jpg\",\"contentUrl\":\"https:\\\/\\\/www.buhl.de\\\/vermieter-web\\\/wp-content\\\/uploads\\\/sites\\\/33\\\/2020\\\/02\\\/Unbenannt-4-1.jpg\",\"width\":838,\"height\":411,\"caption\":\"Entzug von Wohneigentum ohne Abmahnung m\u00f6glich.\"},{\"@type\":\"BreadcrumbList\",\"@id\":\"https:\\\/\\\/www.buhl.de\\\/vermieter-web\\\/weg-eigentumsentzug-ohne-abmahnung\\\/#breadcrumb\",\"itemListElement\":[{\"@type\":\"ListItem\",\"position\":1,\"name\":\"Startseite\",\"item\":\"https:\\\/\\\/www.buhl.de\\\/vermieter-web\\\/\"},{\"@type\":\"ListItem\",\"position\":2,\"name\":\"WEG: Eigentumsentzug ohne Abmahnung\"}]},{\"@type\":\"WebSite\",\"@id\":\"https:\\\/\\\/www.buhl.de\\\/vermieter-web\\\/#website\",\"url\":\"https:\\\/\\\/www.buhl.de\\\/vermieter-web\\\/\",\"name\":\"Online-Nebenkostenabrechnung mit WISO Vermieter-Web\",\"description\":\"\",\"potentialAction\":[{\"@type\":\"SearchAction\",\"target\":{\"@type\":\"EntryPoint\",\"urlTemplate\":\"https:\\\/\\\/www.buhl.de\\\/vermieter-web\\\/?s={search_term_string}\"},\"query-input\":{\"@type\":\"PropertyValueSpecification\",\"valueRequired\":true,\"valueName\":\"search_term_string\"}}],\"inLanguage\":\"de\"},{\"@type\":\"Person\",\"@id\":\"https:\\\/\\\/www.buhl.de\\\/vermieter-web\\\/#\\\/schema\\\/person\\\/82903e1cb04eb553382702d503991b4f\",\"name\":\"Hartmut Fischer\"}]}<\/script>\n<!-- \/ Yoast SEO Premium plugin. -->","yoast_head_json":{"title":"Klage auf Eigentumsentzug ohne Abmahnung m\u00f6glich","description":"Setzt ein Wohnungseigent\u00fcmer sein Verhalten nach einer Klage auf Eigentumsentzug unver\u00e4ndert fort, kann der Entzug auch ohne Abmahnung gerichtlich angeordnet werden.","robots":{"index":"noindex","follow":"nofollow"},"og_locale":"de_DE","og_type":"article","og_title":"WEG: Eigentumsentzug ohne Abmahnung","og_description":"Setzt ein Wohnungseigent\u00fcmer sein Verhalten nach einer Klage auf Eigentumsentzug unver\u00e4ndert fort, kann der Entzug auch ohne Abmahnung gerichtlich angeordnet werden.","og_url":"https:\/\/www.buhl.de\/vermieter-web\/weg-eigentumsentzug-ohne-abmahnung\/","og_site_name":"Online-Nebenkostenabrechnung mit WISO Vermieter-Web","article_published_time":"2020-02-18T15:06:34+00:00","og_image":[{"width":838,"height":411,"url":"https:\/\/www.buhl.de\/vermieter-web\/wp-content\/uploads\/sites\/33\/2020\/02\/Unbenannt-4-1.jpg","type":"image\/jpeg"}],"author":"Hartmut Fischer","twitter_card":"summary_large_image","twitter_misc":{"Verfasst von":"Hartmut Fischer","Gesch\u00e4tzte Lesezeit":"2\u00a0Minuten"},"schema":{"@context":"https:\/\/schema.org","@graph":[{"@type":"Article","@id":"https:\/\/www.buhl.de\/vermieter-web\/weg-eigentumsentzug-ohne-abmahnung\/#article","isPartOf":{"@id":"https:\/\/www.buhl.de\/vermieter-web\/weg-eigentumsentzug-ohne-abmahnung\/"},"author":{"name":"Hartmut Fischer","@id":"https:\/\/www.buhl.de\/vermieter-web\/#\/schema\/person\/82903e1cb04eb553382702d503991b4f"},"headline":"WEG: Eigentumsentzug ohne Abmahnung","datePublished":"2020-02-18T15:06:34+00:00","mainEntityOfPage":{"@id":"https:\/\/www.buhl.de\/vermieter-web\/weg-eigentumsentzug-ohne-abmahnung\/"},"wordCount":431,"commentCount":0,"image":{"@id":"https:\/\/www.buhl.de\/vermieter-web\/weg-eigentumsentzug-ohne-abmahnung\/#primaryimage"},"thumbnailUrl":"https:\/\/www.buhl.de\/vermieter-web\/wp-content\/uploads\/sites\/33\/2020\/02\/Unbenannt-4-1.jpg","keywords":["Eigentumsentzug","Eigentumswohnung","WEG","Wohneigent\u00fcmerversammlung"],"inLanguage":"de","potentialAction":[{"@type":"CommentAction","name":"Comment","target":["https:\/\/www.buhl.de\/vermieter-web\/weg-eigentumsentzug-ohne-abmahnung\/#respond"]}]},{"@type":"WebPage","@id":"https:\/\/www.buhl.de\/vermieter-web\/weg-eigentumsentzug-ohne-abmahnung\/","url":"https:\/\/www.buhl.de\/vermieter-web\/weg-eigentumsentzug-ohne-abmahnung\/","name":"Klage auf Eigentumsentzug ohne Abmahnung m\u00f6glich","isPartOf":{"@id":"https:\/\/www.buhl.de\/vermieter-web\/#website"},"primaryImageOfPage":{"@id":"https:\/\/www.buhl.de\/vermieter-web\/weg-eigentumsentzug-ohne-abmahnung\/#primaryimage"},"image":{"@id":"https:\/\/www.buhl.de\/vermieter-web\/weg-eigentumsentzug-ohne-abmahnung\/#primaryimage"},"thumbnailUrl":"https:\/\/www.buhl.de\/vermieter-web\/wp-content\/uploads\/sites\/33\/2020\/02\/Unbenannt-4-1.jpg","datePublished":"2020-02-18T15:06:34+00:00","author":{"@id":"https:\/\/www.buhl.de\/vermieter-web\/#\/schema\/person\/82903e1cb04eb553382702d503991b4f"},"description":"Setzt ein Wohnungseigent\u00fcmer sein Verhalten nach einer Klage auf Eigentumsentzug unver\u00e4ndert fort, kann der Entzug auch ohne Abmahnung gerichtlich angeordnet werden.","breadcrumb":{"@id":"https:\/\/www.buhl.de\/vermieter-web\/weg-eigentumsentzug-ohne-abmahnung\/#breadcrumb"},"inLanguage":"de","potentialAction":[{"@type":"ReadAction","target":["https:\/\/www.buhl.de\/vermieter-web\/weg-eigentumsentzug-ohne-abmahnung\/"]}]},{"@type":"ImageObject","inLanguage":"de","@id":"https:\/\/www.buhl.de\/vermieter-web\/weg-eigentumsentzug-ohne-abmahnung\/#primaryimage","url":"https:\/\/www.buhl.de\/vermieter-web\/wp-content\/uploads\/sites\/33\/2020\/02\/Unbenannt-4-1.jpg","contentUrl":"https:\/\/www.buhl.de\/vermieter-web\/wp-content\/uploads\/sites\/33\/2020\/02\/Unbenannt-4-1.jpg","width":838,"height":411,"caption":"Entzug von Wohneigentum ohne Abmahnung m\u00f6glich."},{"@type":"BreadcrumbList","@id":"https:\/\/www.buhl.de\/vermieter-web\/weg-eigentumsentzug-ohne-abmahnung\/#breadcrumb","itemListElement":[{"@type":"ListItem","position":1,"name":"Startseite","item":"https:\/\/www.buhl.de\/vermieter-web\/"},{"@type":"ListItem","position":2,"name":"WEG: Eigentumsentzug ohne Abmahnung"}]},{"@type":"WebSite","@id":"https:\/\/www.buhl.de\/vermieter-web\/#website","url":"https:\/\/www.buhl.de\/vermieter-web\/","name":"Online-Nebenkostenabrechnung mit WISO Vermieter-Web","description":"","potentialAction":[{"@type":"SearchAction","target":{"@type":"EntryPoint","urlTemplate":"https:\/\/www.buhl.de\/vermieter-web\/?s={search_term_string}"},"query-input":{"@type":"PropertyValueSpecification","valueRequired":true,"valueName":"search_term_string"}}],"inLanguage":"de"},{"@type":"Person","@id":"https:\/\/www.buhl.de\/vermieter-web\/#\/schema\/person\/82903e1cb04eb553382702d503991b4f","name":"Hartmut Fischer"}]}},"_links":{"self":[{"href":"https:\/\/www.buhl.de\/vermieter-web\/wp-json\/wp\/v2\/posts\/12345","targetHints":{"allow":["GET"]}}],"collection":[{"href":"https:\/\/www.buhl.de\/vermieter-web\/wp-json\/wp\/v2\/posts"}],"about":[{"href":"https:\/\/www.buhl.de\/vermieter-web\/wp-json\/wp\/v2\/types\/post"}],"author":[{"embeddable":true,"href":"https:\/\/www.buhl.de\/vermieter-web\/wp-json\/wp\/v2\/users\/15"}],"replies":[{"embeddable":true,"href":"https:\/\/www.buhl.de\/vermieter-web\/wp-json\/wp\/v2\/comments?post=12345"}],"version-history":[{"count":1,"href":"https:\/\/www.buhl.de\/vermieter-web\/wp-json\/wp\/v2\/posts\/12345\/revisions"}],"predecessor-version":[{"id":12348,"href":"https:\/\/www.buhl.de\/vermieter-web\/wp-json\/wp\/v2\/posts\/12345\/revisions\/12348"}],"wp:featuredmedia":[{"embeddable":true,"href":"https:\/\/www.buhl.de\/vermieter-web\/wp-json\/wp\/v2\/media\/12347"}],"wp:attachment":[{"href":"https:\/\/www.buhl.de\/vermieter-web\/wp-json\/wp\/v2\/media?parent=12345"}],"wp:term":[{"taxonomy":"category","embeddable":true,"href":"https:\/\/www.buhl.de\/vermieter-web\/wp-json\/wp\/v2\/categories?post=12345"},{"taxonomy":"post_tag","embeddable":true,"href":"https:\/\/www.buhl.de\/vermieter-web\/wp-json\/wp\/v2\/tags?post=12345"}],"curies":[{"name":"wp","href":"https:\/\/api.w.org\/{rel}","templated":true}]}}